{"id":994,"date":"2010-11-23T09:01:00","date_gmt":"2010-11-23T11:01:00","guid":{"rendered":"http:\/\/oueleouela.wordpress.com\/2010\/11\/23\/conferencia-combatendo-a-desigualdade-social-o-mst-e-a-reforma-agraria-no-brasil"},"modified":"2010-11-23T09:01:00","modified_gmt":"2010-11-23T11:01:00","slug":"conferencia-combatendo-a-desigualdade-social-o-mst-e-a-reforma-agraria-no-brasil","status":"publish","type":"post","link":"https:\/\/crentassos.com.br\/blog\/2010\/11\/conferencia-combatendo-a-desigualdade-social-o-mst-e-a-reforma-agraria-no-brasil.html","title":{"rendered":"Confer\u00eancia Combatendo a desigualdade social \u2013 o MST e a reforma agr\u00e1ria no Brasil"},"content":{"rendered":"<table border=\"0\" cellpadding=\"1\" cellspacing=\"1\">\n<tbody>\n<tr>\n<td><b><span style=\"font-size:medium;\"><br \/>                    <\/span><\/b><\/td>\n<\/tr>\n<tr>\n<td style=\"text-align:center;\">\n<table align=\"center\" cellpadding=\"0\" cellspacing=\"0\" class=\"tr-caption-container\" style=\"margin-left:auto;margin-right:auto;text-align:center;\">\n<tbody>\n<tr>\n<td style=\"text-align:center;\"><img loading=\"lazy\" decoding=\"async\" alt=\"\" height=\"400\" src=\"https:\/\/sys.jaiminho.com.br\/system\/data\/user_uploads\/29\/image\/relan%C3%A7amentoPR.jpg\" width=\"400\" \/><\/td>\n<\/tr>\n<tr>\n<td class=\"tr-caption\" style=\"text-align:center;\">Clique na imagem para ver ampliada<\/td>\n<\/tr>\n<\/tbody>\n<\/table>\n<\/td>\n<\/tr>\n<tr>\n<td>\n<div style=\"text-align:justify;\"><i>O evento, aberto ao p\u00fablico, acontece na pr\u00f3xima quarta-feira (<\/i><i>24) na UFPR<\/i><\/p>\n<p>A Universidade Federal do Paran\u00e1 (UFPR) recebe, no dia 24 de novembro,o professor da School of International Service da American University(Washington, DC \u2013 Estados Unidos) e pesquisador sobre movimentossociais do campo no Brasil, Miguel Carter, para confer\u00eancia sobre aluta pela reforma agr\u00e1ria e lan\u00e7amento da segunda edi\u00e7\u00e3o do livroCombatendo a desigualdade social \u2013 o MST e a reforma agr\u00e1ria no Brasil,publicado pela Editora Unesp e pelo N\u00facleo de Estudos Agr\u00e1rios eDesenvolvimento Rural (NEAD).<\/p>\n<p>O pol\u00eamico tema \u00e9 debatido por Miguel Carter, pelo professor da UFPRJorge Montenegro, por Mauro Michelotto Braga, pesquisador daOrganiza\u00e7\u00e3o Terra de Direitos, e por Isabel Geein, representante do MST.<\/p>\n<p>Um dos documentos mais completos sobre a luta pela reforma agr\u00e1ria emterrit\u00f3rio nacional, o livro Combatendo a desigualdade social \u2013 o MST ea reforma agr\u00e1ria no Brasil, organizado por Miguel Carter, \u00e9 umapesquisa de propor\u00e7\u00f5es grandiosas, uma vez que foi elaborada por umaequipe de 19 especialistas brasileiros e estrangeiros, entre elescientistas pol\u00edticos, soci\u00f3logos, engenheiros agr\u00f4nomos, jornalistas eat\u00e9 um poeta.<\/p>\n<p>A obra tem como foco o trabalho desenvolvido para \u201ccombater os padr\u00f5eshist\u00f3ricos de desigualdade no Brasil rural\u201d. Ao longo de suas quase 600p\u00e1ginas, os autores investigam os motivos que provocaram a abissaldesigualdade da estrutura fundi\u00e1ria brasileira e as poss\u00edveisconsequ\u00eancias desse flagelo social, assim como as rea\u00e7\u00f5es populares aessa situa\u00e7\u00e3o. O gancho para este estudo \u00e9 justamente o MST, movimentoque, de acordo com estimativas de Carter, conta com 1,14 milh\u00e3o demembros \u2013 sendo, portanto, refer\u00eancia mundial no que se refere aocombate de pol\u00edticas neoliberais e disparidade social.<br \/><b><br \/>                    Confer\u00eancia Combatendo a desigualdade social \u2013 o MST e a reforma agr\u00e1ria no Brasil<\/b><br \/><b>Data:<\/b> 24\/11\/2010<br \/><b>Hor\u00e1rio:<\/b> 18h30<br \/><b>Local:<\/b> Sala de Reuni\u00f5es \u2013 2\u00ba. andar | Pr\u00f3-Reitoria de Pesquisa e P\u00f3s-Gradua\u00e7\u00e3o (PRPPG) | Edif\u00edcio D. Pedro II (Campus Reitoria) | <i>Rua Dr. Faivre, 405<\/i><br \/><i>Os livros da Funda\u00e7\u00e3o Editora da Unesp podem ser adquiridos pelo telefone (11) 3107-2623 e pelos sites: <\/i><a href=\"https:\/\/sys.jaiminho.com.br\/link.php?URL=aHR0cDovL3d3dy5lZGl0b3JhdW5lc3AuY29tLmJy&amp;Name=&amp;EncryptedMemberID=MjI3ODc4NjIyNA%3D%3D&amp;CampaignID=1911&amp;CampaignStatisticsID=1411&amp;Demo=0&amp;Email=ZG91Z2xhc3dnckB5YWhvby5jb20uYnI=\" target=\"_blank\"><i>www.editoraunesp.com.br<\/i><\/a><i> ou <\/i><a href=\"https:\/\/sys.jaiminho.com.br\/link.php?URL=aHR0cDovL3d3dy5saXZyYXJpYXVuZXNwLmNvbS5icg==&amp;Name=&amp;EncryptedMemberID=MjI3ODc4NjIyNA%3D%3D&amp;CampaignID=1911&amp;CampaignStatisticsID=1411&amp;Demo=0&amp;Email=ZG91Z2xhc3dnckB5YWhvby5jb20uYnI=\" target=\"_blank\"><i>www.livrariaunesp.com.br<\/i><\/a><\/p>\n<p>ps.: Algumas pessoas me perguntaram: Oq isso tem de relevante para a igreja? Resp: Na frase &#8220;Confer\u00eancia <span style=\"font-size:large;\"><b><span style=\"color:red;\">Combatendo a desigualdade social<\/span><\/b><\/span> \u2013 o MST e a reforma agr\u00e1ria no Brasil&#8221; est\u00e1 a resposta, se vc for bem observador, ver\u00e1 onde est\u00e1&#8230;<b> ;D<\/b><\/div>\n<\/td>\n<\/tr>\n<\/tbody>\n<\/table>\n","protected":false},"excerpt":{"rendered":"<p>Clique na imagem para ver ampliada O evento, aberto ao p\u00fablico, acontece na pr\u00f3xima quarta-feira (24) na UFPR A Universidade Federal do [&hellip;]<\/p>\n","protected":false},"author":1,"featured_media":0,"comment_status":"open","ping_status":"closed","sticky":false,"template":"","format":"standard","meta":{"_exactmetrics_skip_tracking":false,"_exactmetrics_sitenote_active":false,"_exactmetrics_sitenote_note":"","_exactmetrics_sitenote_category":0,"footnotes":"","_links_to":"","_links_to_target":""},"categories":[],"tags":[900,1009],"class_list":["post-994","post","type-post","status-publish","format-standard","hentry","tag-palestras","tag-reforma-agraria"],"yoast_head":"<!-- This site is optimized with the Yoast SEO plugin v27.1.1 - https:\/\/yoast.com\/product\/yoast-seo-wordpress\/ -->\n<title>Confer\u00eancia Combatendo a desigualdade social \u2013 o MST e a reforma agr\u00e1ria no Brasil - Crentassos Produ\u00e7\u00f5es Subversivas<\/title>\n<meta name=\"robots\" content=\"index, follow, max-snippet:-1, max-image-preview:large, max-video-preview:-1\" \/>\n<link rel=\"canonical\" href=\"https:\/\/crentassos.com.br\/blog\/2010\/11\/conferencia-combatendo-a-desigualdade-social-o-mst-e-a-reforma-agraria-no-brasil.html\" \/>\n<meta property=\"og:locale\" content=\"pt_BR\" \/>\n<meta property=\"og:type\" content=\"article\" \/>\n<meta property=\"og:title\" content=\"Confer\u00eancia Combatendo a desigualdade social \u2013 o MST e a reforma agr\u00e1ria no Brasil - Crentassos Produ\u00e7\u00f5es Subversivas\" \/>\n<meta property=\"og:description\" content=\"Clique na imagem para ver ampliada O evento, aberto ao p\u00fablico, acontece na pr\u00f3xima quarta-feira (24) na UFPR A Universidade Federal do [&hellip;]\" \/>\n<meta property=\"og:url\" content=\"https:\/\/crentassos.com.br\/blog\/2010\/11\/conferencia-combatendo-a-desigualdade-social-o-mst-e-a-reforma-agraria-no-brasil.html\" \/>\n<meta property=\"og:site_name\" content=\"Crentassos Produ\u00e7\u00f5es Subversivas\" \/>\n<meta property=\"article:publisher\" content=\"http:\/\/www.facebook.com\/crentassos\" \/>\n<meta property=\"article:published_time\" content=\"2010-11-23T11:01:00+00:00\" \/>\n<meta property=\"og:image\" content=\"https:\/\/sys.jaiminho.com.br\/system\/data\/user_uploads\/29\/image\/relan%C3%A7amentoPR.jpg\" \/>\n<meta name=\"author\" content=\"Crentassos\" \/>\n<meta name=\"twitter:card\" content=\"summary_large_image\" \/>\n<meta name=\"twitter:creator\" content=\"@crentassos\" \/>\n<meta name=\"twitter:site\" content=\"@crentassos\" \/>\n<meta name=\"twitter:label1\" content=\"Escrito por\" \/>\n\t<meta name=\"twitter:data1\" content=\"Crentassos\" \/>\n\t<meta name=\"twitter:label2\" content=\"Est. tempo de leitura\" \/>\n\t<meta name=\"twitter:data2\" content=\"2 minutos\" \/>\n<script type=\"application\/ld+json\" class=\"yoast-schema-graph\">{\"@context\":\"https:\/\/schema.org\",\"@graph\":[{\"@type\":\"Article\",\"@id\":\"https:\/\/crentassos.com.br\/blog\/2010\/11\/conferencia-combatendo-a-desigualdade-social-o-mst-e-a-reforma-agraria-no-brasil.html#article\",\"isPartOf\":{\"@id\":\"https:\/\/crentassos.com.br\/blog\/2010\/11\/conferencia-combatendo-a-desigualdade-social-o-mst-e-a-reforma-agraria-no-brasil.html\"},\"author\":{\"name\":\"Crentassos\",\"@id\":\"https:\/\/crentassos.com.br\/blog\/#\/schema\/person\/c143e75f920e3ad15d83540f47db500c\"},\"headline\":\"Confer\u00eancia Combatendo a desigualdade social \u2013 o MST e a reforma agr\u00e1ria no Brasil\",\"datePublished\":\"2010-11-23T11:01:00+00:00\",\"mainEntityOfPage\":{\"@id\":\"https:\/\/crentassos.com.br\/blog\/2010\/11\/conferencia-combatendo-a-desigualdade-social-o-mst-e-a-reforma-agraria-no-brasil.html\"},\"wordCount\":414,\"commentCount\":0,\"publisher\":{\"@id\":\"https:\/\/crentassos.com.br\/blog\/#organization\"},\"image\":{\"@id\":\"https:\/\/crentassos.com.br\/blog\/2010\/11\/conferencia-combatendo-a-desigualdade-social-o-mst-e-a-reforma-agraria-no-brasil.html#primaryimage\"},\"thumbnailUrl\":\"https:\/\/sys.jaiminho.com.br\/system\/data\/user_uploads\/29\/image\/relan%C3%A7amentoPR.jpg\",\"keywords\":[\"palestras\",\"reforma agraria\"],\"inLanguage\":\"pt-BR\",\"potentialAction\":[{\"@type\":\"CommentAction\",\"name\":\"Comment\",\"target\":[\"https:\/\/crentassos.com.br\/blog\/2010\/11\/conferencia-combatendo-a-desigualdade-social-o-mst-e-a-reforma-agraria-no-brasil.html#respond\"]}]},{\"@type\":\"WebPage\",\"@id\":\"https:\/\/crentassos.com.br\/blog\/2010\/11\/conferencia-combatendo-a-desigualdade-social-o-mst-e-a-reforma-agraria-no-brasil.html\",\"url\":\"https:\/\/crentassos.com.br\/blog\/2010\/11\/conferencia-combatendo-a-desigualdade-social-o-mst-e-a-reforma-agraria-no-brasil.html\",\"name\":\"Confer\u00eancia Combatendo a desigualdade social \u2013 o MST e a reforma agr\u00e1ria no Brasil - Crentassos Produ\u00e7\u00f5es Subversivas\",\"isPartOf\":{\"@id\":\"https:\/\/crentassos.com.br\/blog\/#website\"},\"primaryImageOfPage\":{\"@id\":\"https:\/\/crentassos.com.br\/blog\/2010\/11\/conferencia-combatendo-a-desigualdade-social-o-mst-e-a-reforma-agraria-no-brasil.html#primaryimage\"},\"image\":{\"@id\":\"https:\/\/crentassos.com.br\/blog\/2010\/11\/conferencia-combatendo-a-desigualdade-social-o-mst-e-a-reforma-agraria-no-brasil.html#primaryimage\"},\"thumbnailUrl\":\"https:\/\/sys.jaiminho.com.br\/system\/data\/user_uploads\/29\/image\/relan%C3%A7amentoPR.jpg\",\"datePublished\":\"2010-11-23T11:01:00+00:00\",\"breadcrumb\":{\"@id\":\"https:\/\/crentassos.com.br\/blog\/2010\/11\/conferencia-combatendo-a-desigualdade-social-o-mst-e-a-reforma-agraria-no-brasil.html#breadcrumb\"},\"inLanguage\":\"pt-BR\",\"potentialAction\":[{\"@type\":\"ReadAction\",\"target\":[\"https:\/\/crentassos.com.br\/blog\/2010\/11\/conferencia-combatendo-a-desigualdade-social-o-mst-e-a-reforma-agraria-no-brasil.html\"]}]},{\"@type\":\"ImageObject\",\"inLanguage\":\"pt-BR\",\"@id\":\"https:\/\/crentassos.com.br\/blog\/2010\/11\/conferencia-combatendo-a-desigualdade-social-o-mst-e-a-reforma-agraria-no-brasil.html#primaryimage\",\"url\":\"https:\/\/sys.jaiminho.com.br\/system\/data\/user_uploads\/29\/image\/relan%C3%A7amentoPR.jpg\",\"contentUrl\":\"https:\/\/sys.jaiminho.com.br\/system\/data\/user_uploads\/29\/image\/relan%C3%A7amentoPR.jpg\"},{\"@type\":\"BreadcrumbList\",\"@id\":\"https:\/\/crentassos.com.br\/blog\/2010\/11\/conferencia-combatendo-a-desigualdade-social-o-mst-e-a-reforma-agraria-no-brasil.html#breadcrumb\",\"itemListElement\":[{\"@type\":\"ListItem\",\"position\":1,\"name\":\"Home\",\"item\":\"https:\/\/crentassos.com.br\/blog\/\"},{\"@type\":\"ListItem\",\"position\":2,\"name\":\"Confer\u00eancia Combatendo a desigualdade social \u2013 o MST e a reforma agr\u00e1ria no Brasil\"}]},{\"@type\":\"WebSite\",\"@id\":\"https:\/\/crentassos.com.br\/blog\/#website\",\"url\":\"https:\/\/crentassos.com.br\/blog\/\",\"name\":\"Crentassos Produ\u00e7\u00f5es Subversivas\",\"description\":\"Podcast Crist\u00e3o, Podcrent, Da Prateleira, Artigos crist\u00e3os, Teologia, Estudos, Textos B\u00edblicos\",\"publisher\":{\"@id\":\"https:\/\/crentassos.com.br\/blog\/#organization\"},\"potentialAction\":[{\"@type\":\"SearchAction\",\"target\":{\"@type\":\"EntryPoint\",\"urlTemplate\":\"https:\/\/crentassos.com.br\/blog\/?s={search_term_string}\"},\"query-input\":{\"@type\":\"PropertyValueSpecification\",\"valueRequired\":true,\"valueName\":\"search_term_string\"}}],\"inLanguage\":\"pt-BR\"},{\"@type\":\"Organization\",\"@id\":\"https:\/\/crentassos.com.br\/blog\/#organization\",\"name\":\"Crentassos Produ\u00e7\u00f5es Subversivas\",\"url\":\"https:\/\/crentassos.com.br\/blog\/\",\"logo\":{\"@type\":\"ImageObject\",\"inLanguage\":\"pt-BR\",\"@id\":\"https:\/\/crentassos.com.br\/blog\/#\/schema\/logo\/image\/\",\"url\":\"https:\/\/crentassos.com.br\/blog\/wp-content\/uploads\/2020\/05\/cropped-crentassos1-300x300png.png\",\"contentUrl\":\"https:\/\/crentassos.com.br\/blog\/wp-content\/uploads\/2020\/05\/cropped-crentassos1-300x300png.png\",\"width\":300,\"height\":300,\"caption\":\"Crentassos Produ\u00e7\u00f5es Subversivas\"},\"image\":{\"@id\":\"https:\/\/crentassos.com.br\/blog\/#\/schema\/logo\/image\/\"},\"sameAs\":[\"http:\/\/www.facebook.com\/crentassos\",\"https:\/\/x.com\/crentassos\",\"https:\/\/www.instagram.com\/crentassos\",\"https:\/\/www.youtube.com\/crentassos\"]},{\"@type\":\"Person\",\"@id\":\"https:\/\/crentassos.com.br\/blog\/#\/schema\/person\/c143e75f920e3ad15d83540f47db500c\",\"name\":\"Crentassos\",\"image\":{\"@type\":\"ImageObject\",\"inLanguage\":\"pt-BR\",\"@id\":\"https:\/\/crentassos.com.br\/blog\/#\/schema\/person\/image\/\",\"url\":\"https:\/\/secure.gravatar.com\/avatar\/cb1b9c88bcd90ec2f909823639a352ece8d3a3cea59b9d08637fe057502fa227?s=96&d=retro&r=g\",\"contentUrl\":\"https:\/\/secure.gravatar.com\/avatar\/cb1b9c88bcd90ec2f909823639a352ece8d3a3cea59b9d08637fe057502fa227?s=96&d=retro&r=g\",\"caption\":\"Crentassos\"},\"description\":\"Perfil padr\u00e3o do blog dos Crentassos.\",\"sameAs\":[\"http:\/\/www.crentassos.com.br\"],\"url\":\"https:\/\/crentassos.com.br\/blog\/author\/crentassos\"}]}<\/script>\n<!-- \/ Yoast SEO plugin. -->","yoast_head_json":{"title":"Confer\u00eancia Combatendo a desigualdade social \u2013 o MST e a reforma agr\u00e1ria no Brasil - Crentassos Produ\u00e7\u00f5es Subversivas","robots":{"index":"index","follow":"follow","max-snippet":"max-snippet:-1","max-image-preview":"max-image-preview:large","max-video-preview":"max-video-preview:-1"},"canonical":"https:\/\/crentassos.com.br\/blog\/2010\/11\/conferencia-combatendo-a-desigualdade-social-o-mst-e-a-reforma-agraria-no-brasil.html","og_locale":"pt_BR","og_type":"article","og_title":"Confer\u00eancia Combatendo a desigualdade social \u2013 o MST e a reforma agr\u00e1ria no Brasil - Crentassos Produ\u00e7\u00f5es Subversivas","og_description":"Clique na imagem para ver ampliada O evento, aberto ao p\u00fablico, acontece na pr\u00f3xima quarta-feira (24) na UFPR A Universidade Federal do [&hellip;]","og_url":"https:\/\/crentassos.com.br\/blog\/2010\/11\/conferencia-combatendo-a-desigualdade-social-o-mst-e-a-reforma-agraria-no-brasil.html","og_site_name":"Crentassos Produ\u00e7\u00f5es Subversivas","article_publisher":"http:\/\/www.facebook.com\/crentassos","article_published_time":"2010-11-23T11:01:00+00:00","og_image":[{"url":"https:\/\/sys.jaiminho.com.br\/system\/data\/user_uploads\/29\/image\/relan%C3%A7amentoPR.jpg","type":"","width":"","height":""}],"author":"Crentassos","twitter_card":"summary_large_image","twitter_creator":"@crentassos","twitter_site":"@crentassos","twitter_misc":{"Escrito por":"Crentassos","Est. tempo de leitura":"2 minutos"},"schema":{"@context":"https:\/\/schema.org","@graph":[{"@type":"Article","@id":"https:\/\/crentassos.com.br\/blog\/2010\/11\/conferencia-combatendo-a-desigualdade-social-o-mst-e-a-reforma-agraria-no-brasil.html#article","isPartOf":{"@id":"https:\/\/crentassos.com.br\/blog\/2010\/11\/conferencia-combatendo-a-desigualdade-social-o-mst-e-a-reforma-agraria-no-brasil.html"},"author":{"name":"Crentassos","@id":"https:\/\/crentassos.com.br\/blog\/#\/schema\/person\/c143e75f920e3ad15d83540f47db500c"},"headline":"Confer\u00eancia Combatendo a desigualdade social \u2013 o MST e a reforma agr\u00e1ria no Brasil","datePublished":"2010-11-23T11:01:00+00:00","mainEntityOfPage":{"@id":"https:\/\/crentassos.com.br\/blog\/2010\/11\/conferencia-combatendo-a-desigualdade-social-o-mst-e-a-reforma-agraria-no-brasil.html"},"wordCount":414,"commentCount":0,"publisher":{"@id":"https:\/\/crentassos.com.br\/blog\/#organization"},"image":{"@id":"https:\/\/crentassos.com.br\/blog\/2010\/11\/conferencia-combatendo-a-desigualdade-social-o-mst-e-a-reforma-agraria-no-brasil.html#primaryimage"},"thumbnailUrl":"https:\/\/sys.jaiminho.com.br\/system\/data\/user_uploads\/29\/image\/relan%C3%A7amentoPR.jpg","keywords":["palestras","reforma agraria"],"inLanguage":"pt-BR","potentialAction":[{"@type":"CommentAction","name":"Comment","target":["https:\/\/crentassos.com.br\/blog\/2010\/11\/conferencia-combatendo-a-desigualdade-social-o-mst-e-a-reforma-agraria-no-brasil.html#respond"]}]},{"@type":"WebPage","@id":"https:\/\/crentassos.com.br\/blog\/2010\/11\/conferencia-combatendo-a-desigualdade-social-o-mst-e-a-reforma-agraria-no-brasil.html","url":"https:\/\/crentassos.com.br\/blog\/2010\/11\/conferencia-combatendo-a-desigualdade-social-o-mst-e-a-reforma-agraria-no-brasil.html","name":"Confer\u00eancia Combatendo a desigualdade social \u2013 o MST e a reforma agr\u00e1ria no Brasil - Crentassos Produ\u00e7\u00f5es Subversivas","isPartOf":{"@id":"https:\/\/crentassos.com.br\/blog\/#website"},"primaryImageOfPage":{"@id":"https:\/\/crentassos.com.br\/blog\/2010\/11\/conferencia-combatendo-a-desigualdade-social-o-mst-e-a-reforma-agraria-no-brasil.html#primaryimage"},"image":{"@id":"https:\/\/crentassos.com.br\/blog\/2010\/11\/conferencia-combatendo-a-desigualdade-social-o-mst-e-a-reforma-agraria-no-brasil.html#primaryimage"},"thumbnailUrl":"https:\/\/sys.jaiminho.com.br\/system\/data\/user_uploads\/29\/image\/relan%C3%A7amentoPR.jpg","datePublished":"2010-11-23T11:01:00+00:00","breadcrumb":{"@id":"https:\/\/crentassos.com.br\/blog\/2010\/11\/conferencia-combatendo-a-desigualdade-social-o-mst-e-a-reforma-agraria-no-brasil.html#breadcrumb"},"inLanguage":"pt-BR","potentialAction":[{"@type":"ReadAction","target":["https:\/\/crentassos.com.br\/blog\/2010\/11\/conferencia-combatendo-a-desigualdade-social-o-mst-e-a-reforma-agraria-no-brasil.html"]}]},{"@type":"ImageObject","inLanguage":"pt-BR","@id":"https:\/\/crentassos.com.br\/blog\/2010\/11\/conferencia-combatendo-a-desigualdade-social-o-mst-e-a-reforma-agraria-no-brasil.html#primaryimage","url":"https:\/\/sys.jaiminho.com.br\/system\/data\/user_uploads\/29\/image\/relan%C3%A7amentoPR.jpg","contentUrl":"https:\/\/sys.jaiminho.com.br\/system\/data\/user_uploads\/29\/image\/relan%C3%A7amentoPR.jpg"},{"@type":"BreadcrumbList","@id":"https:\/\/crentassos.com.br\/blog\/2010\/11\/conferencia-combatendo-a-desigualdade-social-o-mst-e-a-reforma-agraria-no-brasil.html#breadcrumb","itemListElement":[{"@type":"ListItem","position":1,"name":"Home","item":"https:\/\/crentassos.com.br\/blog\/"},{"@type":"ListItem","position":2,"name":"Confer\u00eancia Combatendo a desigualdade social \u2013 o MST e a reforma agr\u00e1ria no Brasil"}]},{"@type":"WebSite","@id":"https:\/\/crentassos.com.br\/blog\/#website","url":"https:\/\/crentassos.com.br\/blog\/","name":"Crentassos Produ\u00e7\u00f5es Subversivas","description":"Podcast Crist\u00e3o, Podcrent, Da Prateleira, Artigos crist\u00e3os, Teologia, Estudos, Textos B\u00edblicos","publisher":{"@id":"https:\/\/crentassos.com.br\/blog\/#organization"},"potentialAction":[{"@type":"SearchAction","target":{"@type":"EntryPoint","urlTemplate":"https:\/\/crentassos.com.br\/blog\/?s={search_term_string}"},"query-input":{"@type":"PropertyValueSpecification","valueRequired":true,"valueName":"search_term_string"}}],"inLanguage":"pt-BR"},{"@type":"Organization","@id":"https:\/\/crentassos.com.br\/blog\/#organization","name":"Crentassos Produ\u00e7\u00f5es Subversivas","url":"https:\/\/crentassos.com.br\/blog\/","logo":{"@type":"ImageObject","inLanguage":"pt-BR","@id":"https:\/\/crentassos.com.br\/blog\/#\/schema\/logo\/image\/","url":"https:\/\/crentassos.com.br\/blog\/wp-content\/uploads\/2020\/05\/cropped-crentassos1-300x300png.png","contentUrl":"https:\/\/crentassos.com.br\/blog\/wp-content\/uploads\/2020\/05\/cropped-crentassos1-300x300png.png","width":300,"height":300,"caption":"Crentassos Produ\u00e7\u00f5es Subversivas"},"image":{"@id":"https:\/\/crentassos.com.br\/blog\/#\/schema\/logo\/image\/"},"sameAs":["http:\/\/www.facebook.com\/crentassos","https:\/\/x.com\/crentassos","https:\/\/www.instagram.com\/crentassos","https:\/\/www.youtube.com\/crentassos"]},{"@type":"Person","@id":"https:\/\/crentassos.com.br\/blog\/#\/schema\/person\/c143e75f920e3ad15d83540f47db500c","name":"Crentassos","image":{"@type":"ImageObject","inLanguage":"pt-BR","@id":"https:\/\/crentassos.com.br\/blog\/#\/schema\/person\/image\/","url":"https:\/\/secure.gravatar.com\/avatar\/cb1b9c88bcd90ec2f909823639a352ece8d3a3cea59b9d08637fe057502fa227?s=96&d=retro&r=g","contentUrl":"https:\/\/secure.gravatar.com\/avatar\/cb1b9c88bcd90ec2f909823639a352ece8d3a3cea59b9d08637fe057502fa227?s=96&d=retro&r=g","caption":"Crentassos"},"description":"Perfil padr\u00e3o do blog dos Crentassos.","sameAs":["http:\/\/www.crentassos.com.br"],"url":"https:\/\/crentassos.com.br\/blog\/author\/crentassos"}]}},"_links":{"self":[{"href":"https:\/\/crentassos.com.br\/blog\/wp-json\/wp\/v2\/posts\/994","targetHints":{"allow":["GET"]}}],"collection":[{"href":"https:\/\/crentassos.com.br\/blog\/wp-json\/wp\/v2\/posts"}],"about":[{"href":"https:\/\/crentassos.com.br\/blog\/wp-json\/wp\/v2\/types\/post"}],"author":[{"embeddable":true,"href":"https:\/\/crentassos.com.br\/blog\/wp-json\/wp\/v2\/users\/1"}],"replies":[{"embeddable":true,"href":"https:\/\/crentassos.com.br\/blog\/wp-json\/wp\/v2\/comments?post=994"}],"version-history":[{"count":0,"href":"https:\/\/crentassos.com.br\/blog\/wp-json\/wp\/v2\/posts\/994\/revisions"}],"wp:attachment":[{"href":"https:\/\/crentassos.com.br\/blog\/wp-json\/wp\/v2\/media?parent=994"}],"wp:term":[{"taxonomy":"category","embeddable":true,"href":"https:\/\/crentassos.com.br\/blog\/wp-json\/wp\/v2\/categories?post=994"},{"taxonomy":"post_tag","embeddable":true,"href":"https:\/\/crentassos.com.br\/blog\/wp-json\/wp\/v2\/tags?post=994"}],"curies":[{"name":"wp","href":"https:\/\/api.w.org\/{rel}","templated":true}]}}