{"id":9801,"date":"2013-09-13T02:02:15","date_gmt":"2013-09-13T05:02:15","guid":{"rendered":"http:\/\/crentassos.com.br\/blog\/?p=9801"},"modified":"2013-09-13T02:02:15","modified_gmt":"2013-09-13T05:02:15","slug":"confissoes-de-um-pastor-de-41-anos-pastorais","status":"publish","type":"post","link":"https:\/\/crentassos.com.br\/blog\/2013\/09\/confissoes-de-um-pastor-de-41-anos-pastorais.html","title":{"rendered":"Confiss\u00f5es de um pastor de 41 anos.  #pastorais"},"content":{"rendered":"<p><a href=\"http:\/\/crentassos.com.br\/blog\/wp-content\/uploads\/minha-sauda\u00e7\u00e3o-41.jpg\"><img loading=\"lazy\" decoding=\"async\" class=\"wp-image-9803 alignnone\" alt=\"minha sauda\u00e7\u00e3o 41\" src=\"http:\/\/crentassos.com.br\/blog\/wp-content\/uploads\/minha-sauda\u00e7\u00e3o-41-300x181.jpg\" width=\"144\" height=\"87\" srcset=\"https:\/\/crentassos.com.br\/blog\/wp-content\/uploads\/minha-sauda\u00e7\u00e3o-41-300x181.jpg 300w, https:\/\/crentassos.com.br\/blog\/wp-content\/uploads\/minha-sauda\u00e7\u00e3o-41-620x375.jpg 620w\" sizes=\"auto, (max-width: 144px) 100vw, 144px\" \/><\/a><\/p>\n<p>&nbsp;<\/p>\n<p>Fiz 41 anos dia 10\/09.<\/p>\n<p><span style=\"font-size: medium;\">Algumas coisas que ao longo dos anos eu fui curado. Compartilho com voc\u00ea e espero que te ajude em alguma coisa.<\/span><\/p>\n<ol>\n<li><span style=\"font-size: medium;\">Fui curado da necessidade de impressionar as pessoas, por isso eu mentia muito. Fui curado h\u00e1 15 anos quando a LaL\u00fa \u2013 Ana \u00a0Lu\u00edsa nasceu. Eu prometi que nunca mentiria para ela. Acho que estou cumprindo isso a risca.<\/span><\/li>\n<li><span style=\"font-size: medium;\">\u00a0Fui curado da necessidade de ser algu\u00e9m importante. (curado no dia em que a LaL\u00e1 \u2013 Ana Laura &#8211; \u00a0nasceu) \u2013 eu j\u00e1 sei que sou importante. Tinha tr\u00eas mulheres me disputando em casa. Ela me faz me sentir importante porque ela valoriza tudo que eu fa\u00e7o e me enche a bola.<\/span><\/li>\n<li><span style=\"font-size: medium;\">Fui curado da solid\u00e3o masculina (curado h\u00e1 04 anos) o LuGui \u2013 Lu\u00eds Guilherme &#8211; nasceu e agora voltei a fazer xixi em p\u00e9. \u00c9 bom ter outro homem em casa para repartir o colo, o travesseiro e a paix\u00e3o pelo Vila Nova.<\/span><\/li>\n<li><span style=\"font-size: medium;\">Fui curado do medo (curado h\u00e1 07 anos). Deixei Deus conduzir a minha vida por inteiro no dia em que me assumi como pastor do rebanho Dele. N\u00e3o foi f\u00e1cil, mas l\u00e1 j\u00e1 se v\u00e3o alguns anos no minist\u00e9rio.<\/span><\/li>\n<li><span style=\"font-size: medium;\">Fui curado da solid\u00e3o ministerial (curado h\u00e1 10 anos) quando conheci homens nas fun\u00e7\u00f5es pastorais. Gente que sofre, ri e se sente realizada no que faz igualzinho a mim. Obrigado aos queridos Luiz Aur\u00e9lio, Fl\u00e1vio Alc\u00e2ntara, Paulo Jr, Marc\u00e3o, Gilbertinho, Pijama.<\/span><\/li>\n<li><span style=\"font-size: medium;\">Fui curado do Ran\u00e7o que tinha contra meu pai. (curado h\u00e1 05 anos fiz terapia), Obrigado Pr Loucivol, Pr S\u00e9rgio Grycuk e obrigado Freud. Tks mesmo.<\/span><\/li>\n<li><span style=\"font-size: medium;\">Fui curado da inveja maliciosa que sentia de gente que vivia perto de mim. (curado pela amizade sincera destas pessoas que me amaram incondicionalmente \u2013 curado h\u00e1 12 anos).<\/span><\/li>\n<li><span style=\"font-size: medium;\">Fui curado da solid\u00e3o e talvez aqui seja a grande cura da minha vida. A Trindade foi maravilhosa comigo, me concedeu a Ana Paula, minha esposa, respons\u00e1vel em grande parte pelas minhas vit\u00f3rias e por ter me ensinado que todos os homens devem lavar o p\u00eanis. Obrigado amor!<\/span><\/li>\n<\/ol>\n<p><span style=\"font-size: medium;\">\u00a0<\/span><\/p>\n<p><span style=\"font-size: medium;\">\u00a0<\/span><\/p>\n<p><span style=\"font-size: medium;\">\u00a0<\/span><\/p>\n","protected":false},"excerpt":{"rendered":"<p>&nbsp; Fiz 41 anos dia 10\/09. Algumas coisas que ao longo dos anos eu fui curado. Compartilho com voc\u00ea e espero que [&hellip;]<\/p>\n","protected":false},"author":26,"featured_media":0,"comment_status":"open","ping_status":"open","sticky":false,"template":"","format":"standard","meta":{"_exactmetrics_skip_tracking":false,"_exactmetrics_sitenote_active":false,"_exactmetrics_sitenote_note":"","_exactmetrics_sitenote_category":0,"footnotes":"","_links_to":"","_links_to_target":""},"categories":[2358],"tags":[2396,385,2394,2395],"class_list":["post-9801","post","type-post","status-publish","format-standard","hentry","category-pastoral","tag-confissoes-de-um-pastor","tag-cura","tag-lave-o-penis","tag-niver-de-41-anos"],"yoast_head":"<!-- This site is optimized with the Yoast SEO plugin v27.1.1 - https:\/\/yoast.com\/product\/yoast-seo-wordpress\/ -->\n<title>Confiss\u00f5es de um pastor de 41 anos. #pastorais - Crentassos Produ\u00e7\u00f5es Subversivas<\/title>\n<meta name=\"robots\" content=\"index, follow, max-snippet:-1, max-image-preview:large, max-video-preview:-1\" \/>\n<link rel=\"canonical\" href=\"https:\/\/crentassos.com.br\/blog\/2013\/09\/confissoes-de-um-pastor-de-41-anos-pastorais.html\" \/>\n<meta property=\"og:locale\" content=\"pt_BR\" \/>\n<meta property=\"og:type\" content=\"article\" \/>\n<meta property=\"og:title\" content=\"Confiss\u00f5es de um pastor de 41 anos. #pastorais - Crentassos Produ\u00e7\u00f5es Subversivas\" \/>\n<meta property=\"og:description\" content=\"&nbsp; Fiz 41 anos dia 10\/09. Algumas coisas que ao longo dos anos eu fui curado. Compartilho com voc\u00ea e espero que [&hellip;]\" \/>\n<meta property=\"og:url\" content=\"https:\/\/crentassos.com.br\/blog\/2013\/09\/confissoes-de-um-pastor-de-41-anos-pastorais.html\" \/>\n<meta property=\"og:site_name\" content=\"Crentassos Produ\u00e7\u00f5es Subversivas\" \/>\n<meta property=\"article:publisher\" content=\"http:\/\/www.facebook.com\/crentassos\" \/>\n<meta property=\"article:published_time\" content=\"2013-09-13T05:02:15+00:00\" \/>\n<meta property=\"og:image\" content=\"http:\/\/crentassos.com.br\/blog\/wp-content\/uploads\/minha-sauda\u00e7\u00e3o-41-300x181.jpg\" \/>\n<meta name=\"author\" content=\"Guilherme Burjack\" \/>\n<meta name=\"twitter:card\" content=\"summary_large_image\" \/>\n<meta name=\"twitter:creator\" content=\"@crentassos\" \/>\n<meta name=\"twitter:site\" content=\"@crentassos\" \/>\n<meta name=\"twitter:label1\" content=\"Escrito por\" \/>\n\t<meta name=\"twitter:data1\" content=\"Guilherme Burjack\" \/>\n\t<meta name=\"twitter:label2\" content=\"Est. tempo de leitura\" \/>\n\t<meta name=\"twitter:data2\" content=\"2 minutos\" \/>\n<script type=\"application\/ld+json\" class=\"yoast-schema-graph\">{\"@context\":\"https:\/\/schema.org\",\"@graph\":[{\"@type\":\"Article\",\"@id\":\"https:\/\/crentassos.com.br\/blog\/2013\/09\/confissoes-de-um-pastor-de-41-anos-pastorais.html#article\",\"isPartOf\":{\"@id\":\"https:\/\/crentassos.com.br\/blog\/2013\/09\/confissoes-de-um-pastor-de-41-anos-pastorais.html\"},\"author\":{\"name\":\"Guilherme Burjack\",\"@id\":\"https:\/\/crentassos.com.br\/blog\/#\/schema\/person\/42c4cecea212b079232e51cc2be316fe\"},\"headline\":\"Confiss\u00f5es de um pastor de 41 anos. #pastorais\",\"datePublished\":\"2013-09-13T05:02:15+00:00\",\"mainEntityOfPage\":{\"@id\":\"https:\/\/crentassos.com.br\/blog\/2013\/09\/confissoes-de-um-pastor-de-41-anos-pastorais.html\"},\"wordCount\":361,\"commentCount\":3,\"publisher\":{\"@id\":\"https:\/\/crentassos.com.br\/blog\/#organization\"},\"keywords\":[\"confiss\u00f5es de um pastor\",\"cura\",\"lave o p\u00eanis\",\"niver de 41 anos\"],\"articleSection\":[\"Pastoral\"],\"inLanguage\":\"pt-BR\",\"potentialAction\":[{\"@type\":\"CommentAction\",\"name\":\"Comment\",\"target\":[\"https:\/\/crentassos.com.br\/blog\/2013\/09\/confissoes-de-um-pastor-de-41-anos-pastorais.html#respond\"]}]},{\"@type\":\"WebPage\",\"@id\":\"https:\/\/crentassos.com.br\/blog\/2013\/09\/confissoes-de-um-pastor-de-41-anos-pastorais.html\",\"url\":\"https:\/\/crentassos.com.br\/blog\/2013\/09\/confissoes-de-um-pastor-de-41-anos-pastorais.html\",\"name\":\"Confiss\u00f5es de um pastor de 41 anos. #pastorais - Crentassos Produ\u00e7\u00f5es Subversivas\",\"isPartOf\":{\"@id\":\"https:\/\/crentassos.com.br\/blog\/#website\"},\"datePublished\":\"2013-09-13T05:02:15+00:00\",\"breadcrumb\":{\"@id\":\"https:\/\/crentassos.com.br\/blog\/2013\/09\/confissoes-de-um-pastor-de-41-anos-pastorais.html#breadcrumb\"},\"inLanguage\":\"pt-BR\",\"potentialAction\":[{\"@type\":\"ReadAction\",\"target\":[\"https:\/\/crentassos.com.br\/blog\/2013\/09\/confissoes-de-um-pastor-de-41-anos-pastorais.html\"]}]},{\"@type\":\"BreadcrumbList\",\"@id\":\"https:\/\/crentassos.com.br\/blog\/2013\/09\/confissoes-de-um-pastor-de-41-anos-pastorais.html#breadcrumb\",\"itemListElement\":[{\"@type\":\"ListItem\",\"position\":1,\"name\":\"Home\",\"item\":\"https:\/\/crentassos.com.br\/blog\/\"},{\"@type\":\"ListItem\",\"position\":2,\"name\":\"Confiss\u00f5es de um pastor de 41 anos. #pastorais\"}]},{\"@type\":\"WebSite\",\"@id\":\"https:\/\/crentassos.com.br\/blog\/#website\",\"url\":\"https:\/\/crentassos.com.br\/blog\/\",\"name\":\"Crentassos Produ\u00e7\u00f5es Subversivas\",\"description\":\"Podcast Crist\u00e3o, Podcrent, Da Prateleira, Artigos crist\u00e3os, Teologia, Estudos, Textos B\u00edblicos\",\"publisher\":{\"@id\":\"https:\/\/crentassos.com.br\/blog\/#organization\"},\"potentialAction\":[{\"@type\":\"SearchAction\",\"target\":{\"@type\":\"EntryPoint\",\"urlTemplate\":\"https:\/\/crentassos.com.br\/blog\/?s={search_term_string}\"},\"query-input\":{\"@type\":\"PropertyValueSpecification\",\"valueRequired\":true,\"valueName\":\"search_term_string\"}}],\"inLanguage\":\"pt-BR\"},{\"@type\":\"Organization\",\"@id\":\"https:\/\/crentassos.com.br\/blog\/#organization\",\"name\":\"Crentassos Produ\u00e7\u00f5es Subversivas\",\"url\":\"https:\/\/crentassos.com.br\/blog\/\",\"logo\":{\"@type\":\"ImageObject\",\"inLanguage\":\"pt-BR\",\"@id\":\"https:\/\/crentassos.com.br\/blog\/#\/schema\/logo\/image\/\",\"url\":\"https:\/\/crentassos.com.br\/blog\/wp-content\/uploads\/2020\/05\/cropped-crentassos1-300x300png.png\",\"contentUrl\":\"https:\/\/crentassos.com.br\/blog\/wp-content\/uploads\/2020\/05\/cropped-crentassos1-300x300png.png\",\"width\":300,\"height\":300,\"caption\":\"Crentassos Produ\u00e7\u00f5es Subversivas\"},\"image\":{\"@id\":\"https:\/\/crentassos.com.br\/blog\/#\/schema\/logo\/image\/\"},\"sameAs\":[\"http:\/\/www.facebook.com\/crentassos\",\"https:\/\/x.com\/crentassos\",\"https:\/\/www.instagram.com\/crentassos\",\"https:\/\/www.youtube.com\/crentassos\"]},{\"@type\":\"Person\",\"@id\":\"https:\/\/crentassos.com.br\/blog\/#\/schema\/person\/42c4cecea212b079232e51cc2be316fe\",\"name\":\"Guilherme Burjack\",\"image\":{\"@type\":\"ImageObject\",\"inLanguage\":\"pt-BR\",\"@id\":\"https:\/\/crentassos.com.br\/blog\/#\/schema\/person\/image\/\",\"url\":\"https:\/\/secure.gravatar.com\/avatar\/9ffba278a21f39739d753cbbfb0e3b02c04eef57eeec4bbc954a255a90910043?s=96&d=retro&r=g\",\"contentUrl\":\"https:\/\/secure.gravatar.com\/avatar\/9ffba278a21f39739d753cbbfb0e3b02c04eef57eeec4bbc954a255a90910043?s=96&d=retro&r=g\",\"caption\":\"Guilherme Burjack\"},\"description\":\"Esposo, pai, pastor e torcedor do glorioso vilanova futebol clube.\",\"sameAs\":[\"https:\/\/www.facebook.com\/PrBurjack\"],\"url\":\"https:\/\/crentassos.com.br\/blog\/author\/burjack\"}]}<\/script>\n<!-- \/ Yoast SEO plugin. -->","yoast_head_json":{"title":"Confiss\u00f5es de um pastor de 41 anos. #pastorais - Crentassos Produ\u00e7\u00f5es Subversivas","robots":{"index":"index","follow":"follow","max-snippet":"max-snippet:-1","max-image-preview":"max-image-preview:large","max-video-preview":"max-video-preview:-1"},"canonical":"https:\/\/crentassos.com.br\/blog\/2013\/09\/confissoes-de-um-pastor-de-41-anos-pastorais.html","og_locale":"pt_BR","og_type":"article","og_title":"Confiss\u00f5es de um pastor de 41 anos. #pastorais - Crentassos Produ\u00e7\u00f5es Subversivas","og_description":"&nbsp; Fiz 41 anos dia 10\/09. Algumas coisas que ao longo dos anos eu fui curado. Compartilho com voc\u00ea e espero que [&hellip;]","og_url":"https:\/\/crentassos.com.br\/blog\/2013\/09\/confissoes-de-um-pastor-de-41-anos-pastorais.html","og_site_name":"Crentassos Produ\u00e7\u00f5es Subversivas","article_publisher":"http:\/\/www.facebook.com\/crentassos","article_published_time":"2013-09-13T05:02:15+00:00","og_image":[{"url":"http:\/\/crentassos.com.br\/blog\/wp-content\/uploads\/minha-sauda\u00e7\u00e3o-41-300x181.jpg","type":"","width":"","height":""}],"author":"Guilherme Burjack","twitter_card":"summary_large_image","twitter_creator":"@crentassos","twitter_site":"@crentassos","twitter_misc":{"Escrito por":"Guilherme Burjack","Est. tempo de leitura":"2 minutos"},"schema":{"@context":"https:\/\/schema.org","@graph":[{"@type":"Article","@id":"https:\/\/crentassos.com.br\/blog\/2013\/09\/confissoes-de-um-pastor-de-41-anos-pastorais.html#article","isPartOf":{"@id":"https:\/\/crentassos.com.br\/blog\/2013\/09\/confissoes-de-um-pastor-de-41-anos-pastorais.html"},"author":{"name":"Guilherme Burjack","@id":"https:\/\/crentassos.com.br\/blog\/#\/schema\/person\/42c4cecea212b079232e51cc2be316fe"},"headline":"Confiss\u00f5es de um pastor de 41 anos. #pastorais","datePublished":"2013-09-13T05:02:15+00:00","mainEntityOfPage":{"@id":"https:\/\/crentassos.com.br\/blog\/2013\/09\/confissoes-de-um-pastor-de-41-anos-pastorais.html"},"wordCount":361,"commentCount":3,"publisher":{"@id":"https:\/\/crentassos.com.br\/blog\/#organization"},"keywords":["confiss\u00f5es de um pastor","cura","lave o p\u00eanis","niver de 41 anos"],"articleSection":["Pastoral"],"inLanguage":"pt-BR","potentialAction":[{"@type":"CommentAction","name":"Comment","target":["https:\/\/crentassos.com.br\/blog\/2013\/09\/confissoes-de-um-pastor-de-41-anos-pastorais.html#respond"]}]},{"@type":"WebPage","@id":"https:\/\/crentassos.com.br\/blog\/2013\/09\/confissoes-de-um-pastor-de-41-anos-pastorais.html","url":"https:\/\/crentassos.com.br\/blog\/2013\/09\/confissoes-de-um-pastor-de-41-anos-pastorais.html","name":"Confiss\u00f5es de um pastor de 41 anos. #pastorais - Crentassos Produ\u00e7\u00f5es Subversivas","isPartOf":{"@id":"https:\/\/crentassos.com.br\/blog\/#website"},"datePublished":"2013-09-13T05:02:15+00:00","breadcrumb":{"@id":"https:\/\/crentassos.com.br\/blog\/2013\/09\/confissoes-de-um-pastor-de-41-anos-pastorais.html#breadcrumb"},"inLanguage":"pt-BR","potentialAction":[{"@type":"ReadAction","target":["https:\/\/crentassos.com.br\/blog\/2013\/09\/confissoes-de-um-pastor-de-41-anos-pastorais.html"]}]},{"@type":"BreadcrumbList","@id":"https:\/\/crentassos.com.br\/blog\/2013\/09\/confissoes-de-um-pastor-de-41-anos-pastorais.html#breadcrumb","itemListElement":[{"@type":"ListItem","position":1,"name":"Home","item":"https:\/\/crentassos.com.br\/blog\/"},{"@type":"ListItem","position":2,"name":"Confiss\u00f5es de um pastor de 41 anos. #pastorais"}]},{"@type":"WebSite","@id":"https:\/\/crentassos.com.br\/blog\/#website","url":"https:\/\/crentassos.com.br\/blog\/","name":"Crentassos Produ\u00e7\u00f5es Subversivas","description":"Podcast Crist\u00e3o, Podcrent, Da Prateleira, Artigos crist\u00e3os, Teologia, Estudos, Textos B\u00edblicos","publisher":{"@id":"https:\/\/crentassos.com.br\/blog\/#organization"},"potentialAction":[{"@type":"SearchAction","target":{"@type":"EntryPoint","urlTemplate":"https:\/\/crentassos.com.br\/blog\/?s={search_term_string}"},"query-input":{"@type":"PropertyValueSpecification","valueRequired":true,"valueName":"search_term_string"}}],"inLanguage":"pt-BR"},{"@type":"Organization","@id":"https:\/\/crentassos.com.br\/blog\/#organization","name":"Crentassos Produ\u00e7\u00f5es Subversivas","url":"https:\/\/crentassos.com.br\/blog\/","logo":{"@type":"ImageObject","inLanguage":"pt-BR","@id":"https:\/\/crentassos.com.br\/blog\/#\/schema\/logo\/image\/","url":"https:\/\/crentassos.com.br\/blog\/wp-content\/uploads\/2020\/05\/cropped-crentassos1-300x300png.png","contentUrl":"https:\/\/crentassos.com.br\/blog\/wp-content\/uploads\/2020\/05\/cropped-crentassos1-300x300png.png","width":300,"height":300,"caption":"Crentassos Produ\u00e7\u00f5es Subversivas"},"image":{"@id":"https:\/\/crentassos.com.br\/blog\/#\/schema\/logo\/image\/"},"sameAs":["http:\/\/www.facebook.com\/crentassos","https:\/\/x.com\/crentassos","https:\/\/www.instagram.com\/crentassos","https:\/\/www.youtube.com\/crentassos"]},{"@type":"Person","@id":"https:\/\/crentassos.com.br\/blog\/#\/schema\/person\/42c4cecea212b079232e51cc2be316fe","name":"Guilherme Burjack","image":{"@type":"ImageObject","inLanguage":"pt-BR","@id":"https:\/\/crentassos.com.br\/blog\/#\/schema\/person\/image\/","url":"https:\/\/secure.gravatar.com\/avatar\/9ffba278a21f39739d753cbbfb0e3b02c04eef57eeec4bbc954a255a90910043?s=96&d=retro&r=g","contentUrl":"https:\/\/secure.gravatar.com\/avatar\/9ffba278a21f39739d753cbbfb0e3b02c04eef57eeec4bbc954a255a90910043?s=96&d=retro&r=g","caption":"Guilherme Burjack"},"description":"Esposo, pai, pastor e torcedor do glorioso vilanova futebol clube.","sameAs":["https:\/\/www.facebook.com\/PrBurjack"],"url":"https:\/\/crentassos.com.br\/blog\/author\/burjack"}]}},"_links":{"self":[{"href":"https:\/\/crentassos.com.br\/blog\/wp-json\/wp\/v2\/posts\/9801","targetHints":{"allow":["GET"]}}],"collection":[{"href":"https:\/\/crentassos.com.br\/blog\/wp-json\/wp\/v2\/posts"}],"about":[{"href":"https:\/\/crentassos.com.br\/blog\/wp-json\/wp\/v2\/types\/post"}],"author":[{"embeddable":true,"href":"https:\/\/crentassos.com.br\/blog\/wp-json\/wp\/v2\/users\/26"}],"replies":[{"embeddable":true,"href":"https:\/\/crentassos.com.br\/blog\/wp-json\/wp\/v2\/comments?post=9801"}],"version-history":[{"count":2,"href":"https:\/\/crentassos.com.br\/blog\/wp-json\/wp\/v2\/posts\/9801\/revisions"}],"predecessor-version":[{"id":9804,"href":"https:\/\/crentassos.com.br\/blog\/wp-json\/wp\/v2\/posts\/9801\/revisions\/9804"}],"wp:attachment":[{"href":"https:\/\/crentassos.com.br\/blog\/wp-json\/wp\/v2\/media?parent=9801"}],"wp:term":[{"taxonomy":"category","embeddable":true,"href":"https:\/\/crentassos.com.br\/blog\/wp-json\/wp\/v2\/categories?post=9801"},{"taxonomy":"post_tag","embeddable":true,"href":"https:\/\/crentassos.com.br\/blog\/wp-json\/wp\/v2\/tags?post=9801"}],"curies":[{"name":"wp","href":"https:\/\/api.w.org\/{rel}","templated":true}]}}