{"id":9789,"date":"2014-01-08T10:00:06","date_gmt":"2014-01-08T13:00:06","guid":{"rendered":"http:\/\/crentassos.com.br\/blog\/?p=9789"},"modified":"2013-12-27T14:13:25","modified_gmt":"2013-12-27T17:13:25","slug":"e-se-voce-morrer-amanha-esta-preparado","status":"publish","type":"post","link":"https:\/\/crentassos.com.br\/blog\/2014\/01\/e-se-voce-morrer-amanha-esta-preparado.html","title":{"rendered":"E se voc\u00ea morrer amanh\u00e3? Est\u00e1 preparado?"},"content":{"rendered":"<p><img loading=\"lazy\" decoding=\"async\" class=\"size-full wp-image-9798 alignleft\" alt=\"evangelizando\" src=\"http:\/\/crentassos.com.br\/blog\/wp-content\/uploads\/evangelizando.jpg\" width=\"157\" height=\"320\" srcset=\"https:\/\/crentassos.com.br\/blog\/wp-content\/uploads\/evangelizando.jpg 157w, https:\/\/crentassos.com.br\/blog\/wp-content\/uploads\/evangelizando-147x300.jpg 147w\" sizes=\"auto, (max-width: 157px) 100vw, 157px\" \/><\/p>\n<p style=\"text-align: justify;\">Haver\u00e1 aquele que em nenhum momento de sua vida, foi questionado por algum evangelista:<\/p>\n<p style=\"text-align: center;\" align=\"center\"><em><strong>E se voc\u00ea morrer amanh\u00e3? Est\u00e1 preparado?!<\/strong><\/em><\/p>\n<p style=\"text-align: justify;\">In\u00fameras religi\u00f5es se replicam em perguntar o \u00f3bvio, sem o m\u00ednimo de sensibilidade sobre o caos filos\u00f3fico que constitui a morte. Sabidamente, tudo (e quando digo tudo, \u00e9 aquele TUDO, nome do grupo pelo qual, qualquer coisa existente, est\u00e1 nele inclu\u00eddo, ou seja, fora do TUDO s\u00f3 est\u00e3o os entes, abstratos e concretos, que N\u00c3O EXISTEM) que fazemos na nossa vida, \u00e9 para impedir ou atrasar a morte, direta ou indiretamente&#8230; \u00a0Se voc\u00ea \u00e9 tal, como sou, deve ter para de pensar sobre o principal ponto deste texto, e come\u00e7ou a pensar se existe alguma atitude ou omiss\u00e3o, na sua vida, que N\u00c3O tenha o objetivo, direto ou indireto, de adiar ou evitar a morte, e acredite, \u00e9 uma \u00f3tima quest\u00e3o para pensar ao longo do dia, mas lhe pe\u00e7o, com a humildade de um aprendiz de escritor, que deixe essa quest\u00e3o um pouco de lado por enquanto e voltemos \u00e0 trama principal dessas mal tra\u00e7adas linhas, tome por VERDADE (temporariamente) essa informa\u00e7\u00e3o para que eu possa continuar. Grato: Continuando&#8230;<\/p>\n<p style=\"text-align: justify;\">Se tudo, portanto, que fazemos na vida \u00e9 para evitar ou retardar a morte, quando uma pergunta como a sugerida ao inicio deste post nos \u00e9 feita por um religioso, mais que simplesmente um SIM ou um N\u00c3O, para a resposta, rondam nossa cabe\u00e7a, e acabamos por ter um choque de realidade que por muitas vezes, nos faz negar completamente a possibilidade de morte ou nos sensibiliza e nos faz querer saber a resposta a todo custo, ambas as rea\u00e7\u00f5es sendo habituais e in\u00fateis ao mesmo tempo. \u00a0Assim, essa indaga\u00e7\u00e3o que nos \u00e9 feita, n\u00e3o nos leva a um real questionamento sobre estarmos ou n\u00e3o preparados para a morte, antes, ela nos infla de emo\u00e7\u00f5es (mesmo que n\u00e3o queira admitir, at\u00e9 mesmo quando ignoramos, estamos dando uma resposta), e mesmo sendo feita por crist\u00e3os sinceros e piedosos, tamb\u00e9m \u00e9 uma pergunta habitual e in\u00fatil.<\/p>\n<p style=\"text-align: justify;\">A cultura crist\u00e3 (todas elas) em paralelo a todas as outras religi\u00f5es do mundo (incluindo o ate\u00edsmo, n\u00e3o que seja uma religi\u00e3o, mas uma ANTI-religi\u00e3o) tenta explicar oq nos acontecer\u00e1 t\u00e3o logo venhamos a nos impirulitar dessa para melhor, oq acontece DEPOIS da morte [Sobe a trilha de terror].<\/p>\n<p style=\"text-align: justify;\">Para alguns talvez, essa seja a maior resposta que uma religi\u00e3o pode dar, ou ainda mais, a \u00fanica, resposta efetiva, que uma religi\u00e3o pode dar&#8230; \u201cUm amparo para vidas atormentadas, que por mais insignificantes que foram em vida, ter\u00e3o um repouso perp\u00e9tuo no al\u00e9m-vida, gozando os prazeres de que foram privados na terra, por esse ou aquele motivo\u201d, ou seja, l\u00e1 oq for que a sua religi\u00e3o prop\u00f5em lhe prop\u00f5em para esse per\u00edodo da vida (desculpe o trocadilho), n\u00e3o mudar\u00e1 o fato de que a pergunta, \u00e9 perturbadora ao extremo, pois numa mesma frase, constam as palavras MORRER e AMANH\u00c3&#8230; Tenso, n\u00e9!<\/p>\n<p style=\"text-align: justify;\">Assim, como n\u00e3o quero ser apenas o profeta do \u201cquem se importa\u201d, pregando contra alguma coisa sem propor a alternativa e sim, de maneira humilde, tentar apresentar uma nova proposta evangel\u00edstica, que talvez at\u00e9, v\u00e1 em dire\u00e7\u00e3o contr\u00e1ria a toda cultura crist\u00e3 contempor\u00e2nea, que julga ser o \u201cE se voc\u00ea morrer amanh\u00e3? Est\u00e1 preparado?\u201d a frase base para o pleno de evangelismo, alterando apenas uma palavrinha dessa frase, e deixando ela, assim:<\/p>\n<blockquote>\n<p align=\"center\"><i>E se voc\u00ea viver amanh\u00e3? Est\u00e1 preparado?<\/i><\/p>\n<\/blockquote>\n<p style=\"text-align: justify;\">Ou ainda melhor, pra intensificar ainda mais a proposta evangelizadora, perguntaria:<\/p>\n<blockquote>\n<p align=\"center\"><i>E se voc\u00ea <b>viver plenamente<\/b> amanh\u00e3? Est\u00e1 preparado?<\/i><\/p>\n<\/blockquote>\n<p style=\"text-align: justify;\">Assim, o evangelho que eu prego e acredito ser o evangelho de Cristo, n\u00e3o trata da MORTE, pelo contr\u00e1rio, trata da VIDA, e nos desafia a coragem e n\u00e3o o medo&#8230; N\u00e3o proponho a possibilidade de MORTE como argumento final de convencimento da minha estrutura moral em confronto com a da outra pessoa, mas proponho simplesmente a vida&#8230; <b><i>Oque voc\u00ea faria, se amanh\u00e3, voc\u00ea pudesse VIVER?<\/i><\/b> E vida, entenda-se muito mais que vida biol\u00f3gica (assim como a morte da outra proposta \u00e9 muito mais que a morte biol\u00f3gica), mas PLENITUDE DE VIDA!<\/p>\n<p style=\"text-align: justify;\">Se amanh\u00e3 pela manh\u00e3, voc\u00ea n\u00e3o precisasse ser homof\u00f3bico, e n\u00e3o tivesse mais raiva de pessoas que tem a orienta\u00e7\u00e3o sexual diferente da sua? \u00a0Se amanh\u00e3, voc\u00ea n\u00e3o tivesse que provar que voc\u00ea \u00e9 algo que de fato voc\u00ea n\u00e3o \u00e9, tendo que investir mais do que ganha pra isso? E se amanh\u00e3, voc\u00ea conseguisse ser voc\u00ea mesmo, e pudesse abrir m\u00e3o de todo tipo de preconceito, de todo tipo de discrimina\u00e7\u00e3o? E se&#8230; Meu, pensa s\u00f3&#8230; E se amanh\u00e3, quando voc\u00ea levantar, toda a humanidade, fosse sua irm\u00e3, e voc\u00ea pudesse respeitar as pessoas pelo que elas s\u00e3o e n\u00e3o pelo que elas t\u00eam&#8230; E se, mano, amanh\u00e3, voc\u00ea pudesse VIVER&#8230; Voc\u00ea estaria preparado?! Mais louco ainda&#8230; Se eu te perguntar:<\/p>\n<blockquote>\n<p align=\"center\">Se voc\u00ea puder come\u00e7ar a viver AGORA&#8230; NESSE MOMENTO&#8230; Voc\u00ea est\u00e1 preparado?<\/p>\n<\/blockquote>\n<p style=\"text-align: justify;\">A proposta do evangelho que prego, \u00e9 essa, n\u00e3o a resposta do ALEM-VIDA, mas a tentativa de instaurar uma mentalidade de VIDA e ponto, agora e al\u00e9m, uma vida ABUNDANTE, que inicia em mim (ao me converter, ou ainda, converter a minha vis\u00e3o de mundo a uma vis\u00e3o b\u00edblica) , e transborda de mim, inundando quem est\u00e1 ao meu lado, afetando a vida at\u00e9 das pessoas que n\u00e3o aceitaram a propostas evangel\u00edstica de mudar a cosmovis\u00e3o atual para uma nova e b\u00edblica, afetando a vida das pessoas que se op\u00f5em a essa proposta, afetando a vida, de qualquer um que n\u00e3o consiga viver.<\/p>\n<p style=\"text-align: justify;\">Sei como \u00e9, voc\u00ea esta pensando:<\/p>\n<p style=\"text-align: justify;\"><i>Mas Barba&#8230; \u00a0Isso \u00e9 ut\u00f3pico, e nunca vai dar certo&#8230; <\/i><\/p>\n<p style=\"text-align: justify;\">Bem, Utopia por utopia, dentre tantos deuses para eu acreditar e servir, prefiro Jesus Cristo, que pelo contr\u00e1rio, \u00e9 um Deus que acredita em mim at\u00e9 quando eu duvido dele&#8230; Ut\u00f3pico ou n\u00e3o, continuarei tentando amar tanto a todos, at\u00e9 que o amor seja indissoci\u00e1vel da minha personalidade e da minha proposta de vida, quando eu for apresenta-la a algu\u00e9m, at\u00e9 que o amor seja insepar\u00e1vel das minhas pr\u00e1ticas e palavras, a ponto que qualquer um que tenha sede de viver (mesmo que ainda sobreviva na vida) queira se achegar a mim, e at\u00e9 que a pergunta seja inevit\u00e1vel<\/p>\n<blockquote>\n<p style=\"text-align: justify;\" align=\"center\"><b><i>E se voc\u00ea puder viver amanh\u00e3? Est\u00e1 preparado?<\/i><\/b><\/p>\n<\/blockquote>\n","protected":false},"excerpt":{"rendered":"<p>Haver\u00e1 aquele que em nenhum momento de sua vida, foi questionado por algum evangelista: E se voc\u00ea morrer amanh\u00e3? Est\u00e1 preparado?! In\u00fameras [&hellip;]<\/p>\n","protected":false},"author":9,"featured_media":9798,"comment_status":"open","ping_status":"open","sticky":false,"template":"","format":"standard","meta":{"_exactmetrics_skip_tracking":false,"_exactmetrics_sitenote_active":false,"_exactmetrics_sitenote_note":"","_exactmetrics_sitenote_category":0,"footnotes":"","_links_to":"","_links_to_target":""},"categories":[112],"tags":[353,1367,821,1205],"class_list":{"0":"post-9789","1":"post","2":"type-post","3":"status-publish","4":"format-standard","5":"has-post-thumbnail","6":"hentry","7":"category-artigos","8":"tag-conversao","9":"tag-evangelismo","10":"tag-morrer","11":"tag-vida","13":"post-with-thumbnail","14":"post-with-thumbnail-large"},"yoast_head":"<!-- This site is optimized with the Yoast SEO plugin v27.1.1 - https:\/\/yoast.com\/product\/yoast-seo-wordpress\/ -->\n<title>E se voc\u00ea morrer amanh\u00e3? Est\u00e1 preparado? - Crentassos Produ\u00e7\u00f5es Subversivas<\/title>\n<meta name=\"robots\" content=\"index, follow, max-snippet:-1, max-image-preview:large, max-video-preview:-1\" \/>\n<link rel=\"canonical\" href=\"https:\/\/crentassos.com.br\/blog\/2014\/01\/e-se-voce-morrer-amanha-esta-preparado.html\" \/>\n<meta property=\"og:locale\" content=\"pt_BR\" \/>\n<meta property=\"og:type\" content=\"article\" \/>\n<meta property=\"og:title\" content=\"E se voc\u00ea morrer amanh\u00e3? Est\u00e1 preparado? - Crentassos Produ\u00e7\u00f5es Subversivas\" \/>\n<meta property=\"og:description\" content=\"Haver\u00e1 aquele que em nenhum momento de sua vida, foi questionado por algum evangelista: E se voc\u00ea morrer amanh\u00e3? Est\u00e1 preparado?! In\u00fameras [&hellip;]\" \/>\n<meta property=\"og:url\" content=\"https:\/\/crentassos.com.br\/blog\/2014\/01\/e-se-voce-morrer-amanha-esta-preparado.html\" \/>\n<meta property=\"og:site_name\" content=\"Crentassos Produ\u00e7\u00f5es Subversivas\" \/>\n<meta property=\"article:publisher\" content=\"http:\/\/www.facebook.com\/crentassos\" \/>\n<meta property=\"article:published_time\" content=\"2014-01-08T13:00:06+00:00\" \/>\n<meta property=\"og:image\" content=\"https:\/\/crentassos.com.br\/blog\/wp-content\/uploads\/evangelizando.jpg\" \/>\n\t<meta property=\"og:image:width\" content=\"157\" \/>\n\t<meta property=\"og:image:height\" content=\"320\" \/>\n\t<meta property=\"og:image:type\" content=\"image\/jpeg\" \/>\n<meta name=\"author\" content=\"Cristiano Machado\" \/>\n<meta name=\"twitter:card\" content=\"summary_large_image\" \/>\n<meta name=\"twitter:creator\" content=\"@crentassos\" \/>\n<meta name=\"twitter:site\" content=\"@crentassos\" \/>\n<meta name=\"twitter:label1\" content=\"Escrito por\" \/>\n\t<meta name=\"twitter:data1\" content=\"Cristiano Machado\" \/>\n\t<meta name=\"twitter:label2\" content=\"Est. tempo de leitura\" \/>\n\t<meta name=\"twitter:data2\" content=\"6 minutos\" \/>\n<script type=\"application\/ld+json\" class=\"yoast-schema-graph\">{\"@context\":\"https:\/\/schema.org\",\"@graph\":[{\"@type\":\"Article\",\"@id\":\"https:\/\/crentassos.com.br\/blog\/2014\/01\/e-se-voce-morrer-amanha-esta-preparado.html#article\",\"isPartOf\":{\"@id\":\"https:\/\/crentassos.com.br\/blog\/2014\/01\/e-se-voce-morrer-amanha-esta-preparado.html\"},\"author\":{\"name\":\"Cristiano Machado\",\"@id\":\"https:\/\/crentassos.com.br\/blog\/#\/schema\/person\/7ec3329a98c44e20ccd6cc2c9e18acbd\"},\"headline\":\"E se voc\u00ea morrer amanh\u00e3? Est\u00e1 preparado?\",\"datePublished\":\"2014-01-08T13:00:06+00:00\",\"mainEntityOfPage\":{\"@id\":\"https:\/\/crentassos.com.br\/blog\/2014\/01\/e-se-voce-morrer-amanha-esta-preparado.html\"},\"wordCount\":1111,\"commentCount\":8,\"publisher\":{\"@id\":\"https:\/\/crentassos.com.br\/blog\/#organization\"},\"image\":{\"@id\":\"https:\/\/crentassos.com.br\/blog\/2014\/01\/e-se-voce-morrer-amanha-esta-preparado.html#primaryimage\"},\"thumbnailUrl\":\"https:\/\/crentassos.com.br\/blog\/wp-content\/uploads\/evangelizando.jpg\",\"keywords\":[\"convers\u00e3o\",\"evangelismo\",\"morrer\",\"vida\"],\"articleSection\":[\"Artigos\"],\"inLanguage\":\"pt-BR\",\"potentialAction\":[{\"@type\":\"CommentAction\",\"name\":\"Comment\",\"target\":[\"https:\/\/crentassos.com.br\/blog\/2014\/01\/e-se-voce-morrer-amanha-esta-preparado.html#respond\"]}]},{\"@type\":\"WebPage\",\"@id\":\"https:\/\/crentassos.com.br\/blog\/2014\/01\/e-se-voce-morrer-amanha-esta-preparado.html\",\"url\":\"https:\/\/crentassos.com.br\/blog\/2014\/01\/e-se-voce-morrer-amanha-esta-preparado.html\",\"name\":\"E se voc\u00ea morrer amanh\u00e3? Est\u00e1 preparado? - Crentassos Produ\u00e7\u00f5es Subversivas\",\"isPartOf\":{\"@id\":\"https:\/\/crentassos.com.br\/blog\/#website\"},\"primaryImageOfPage\":{\"@id\":\"https:\/\/crentassos.com.br\/blog\/2014\/01\/e-se-voce-morrer-amanha-esta-preparado.html#primaryimage\"},\"image\":{\"@id\":\"https:\/\/crentassos.com.br\/blog\/2014\/01\/e-se-voce-morrer-amanha-esta-preparado.html#primaryimage\"},\"thumbnailUrl\":\"https:\/\/crentassos.com.br\/blog\/wp-content\/uploads\/evangelizando.jpg\",\"datePublished\":\"2014-01-08T13:00:06+00:00\",\"breadcrumb\":{\"@id\":\"https:\/\/crentassos.com.br\/blog\/2014\/01\/e-se-voce-morrer-amanha-esta-preparado.html#breadcrumb\"},\"inLanguage\":\"pt-BR\",\"potentialAction\":[{\"@type\":\"ReadAction\",\"target\":[\"https:\/\/crentassos.com.br\/blog\/2014\/01\/e-se-voce-morrer-amanha-esta-preparado.html\"]}]},{\"@type\":\"ImageObject\",\"inLanguage\":\"pt-BR\",\"@id\":\"https:\/\/crentassos.com.br\/blog\/2014\/01\/e-se-voce-morrer-amanha-esta-preparado.html#primaryimage\",\"url\":\"https:\/\/crentassos.com.br\/blog\/wp-content\/uploads\/evangelizando.jpg\",\"contentUrl\":\"https:\/\/crentassos.com.br\/blog\/wp-content\/uploads\/evangelizando.jpg\",\"width\":157,\"height\":320},{\"@type\":\"BreadcrumbList\",\"@id\":\"https:\/\/crentassos.com.br\/blog\/2014\/01\/e-se-voce-morrer-amanha-esta-preparado.html#breadcrumb\",\"itemListElement\":[{\"@type\":\"ListItem\",\"position\":1,\"name\":\"Home\",\"item\":\"https:\/\/crentassos.com.br\/blog\/\"},{\"@type\":\"ListItem\",\"position\":2,\"name\":\"E se voc\u00ea morrer amanh\u00e3? Est\u00e1 preparado?\"}]},{\"@type\":\"WebSite\",\"@id\":\"https:\/\/crentassos.com.br\/blog\/#website\",\"url\":\"https:\/\/crentassos.com.br\/blog\/\",\"name\":\"Crentassos Produ\u00e7\u00f5es Subversivas\",\"description\":\"Podcast Crist\u00e3o, Podcrent, Da Prateleira, Artigos crist\u00e3os, Teologia, Estudos, Textos B\u00edblicos\",\"publisher\":{\"@id\":\"https:\/\/crentassos.com.br\/blog\/#organization\"},\"potentialAction\":[{\"@type\":\"SearchAction\",\"target\":{\"@type\":\"EntryPoint\",\"urlTemplate\":\"https:\/\/crentassos.com.br\/blog\/?s={search_term_string}\"},\"query-input\":{\"@type\":\"PropertyValueSpecification\",\"valueRequired\":true,\"valueName\":\"search_term_string\"}}],\"inLanguage\":\"pt-BR\"},{\"@type\":\"Organization\",\"@id\":\"https:\/\/crentassos.com.br\/blog\/#organization\",\"name\":\"Crentassos Produ\u00e7\u00f5es Subversivas\",\"url\":\"https:\/\/crentassos.com.br\/blog\/\",\"logo\":{\"@type\":\"ImageObject\",\"inLanguage\":\"pt-BR\",\"@id\":\"https:\/\/crentassos.com.br\/blog\/#\/schema\/logo\/image\/\",\"url\":\"https:\/\/crentassos.com.br\/blog\/wp-content\/uploads\/2020\/05\/cropped-crentassos1-300x300png.png\",\"contentUrl\":\"https:\/\/crentassos.com.br\/blog\/wp-content\/uploads\/2020\/05\/cropped-crentassos1-300x300png.png\",\"width\":300,\"height\":300,\"caption\":\"Crentassos Produ\u00e7\u00f5es Subversivas\"},\"image\":{\"@id\":\"https:\/\/crentassos.com.br\/blog\/#\/schema\/logo\/image\/\"},\"sameAs\":[\"http:\/\/www.facebook.com\/crentassos\",\"https:\/\/x.com\/crentassos\",\"https:\/\/www.instagram.com\/crentassos\",\"https:\/\/www.youtube.com\/crentassos\"]},{\"@type\":\"Person\",\"@id\":\"https:\/\/crentassos.com.br\/blog\/#\/schema\/person\/7ec3329a98c44e20ccd6cc2c9e18acbd\",\"name\":\"Cristiano Machado\",\"image\":{\"@type\":\"ImageObject\",\"inLanguage\":\"pt-BR\",\"@id\":\"https:\/\/crentassos.com.br\/blog\/#\/schema\/person\/image\/\",\"url\":\"https:\/\/secure.gravatar.com\/avatar\/3e7427d384f99d15935b3008477c324124816869ceb70e362e586dcccdb265bf?s=96&d=retro&r=g\",\"contentUrl\":\"https:\/\/secure.gravatar.com\/avatar\/3e7427d384f99d15935b3008477c324124816869ceb70e362e586dcccdb265bf?s=96&d=retro&r=g\",\"caption\":\"Cristiano Machado\"},\"description\":\"Cristiano Machado \u00e9 o culpado pelo inicio do COLETIVO CRENTASSOS PRODU\u00c7\u00d5ES SUBVERSIVAS e atua como auxiliar de cirurgi\u00e3o barbeiro, tocando o bumbo, jogando malabares, preparando o elixir, costurando amputa\u00e7\u00f5es e demais atividades relacionadas \u00e0 sua ocupa\u00e7\u00e3o. Pensa n\u00e3o vida em forma de pergunta e nunca de resposta, e tem um profundo sentimento de gratid\u00e3o e amor por sua esposa e filha. Religi\u00e3o: Crist\u00e3o Protestante Reformando-se Estado Civil: Inteiramente apaixonado\",\"sameAs\":[\"http:\/\/crentassos.com.br\/blog\"],\"url\":\"https:\/\/crentassos.com.br\/blog\/author\/o_cristiano\"}]}<\/script>\n<!-- \/ Yoast SEO plugin. -->","yoast_head_json":{"title":"E se voc\u00ea morrer amanh\u00e3? Est\u00e1 preparado? - Crentassos Produ\u00e7\u00f5es Subversivas","robots":{"index":"index","follow":"follow","max-snippet":"max-snippet:-1","max-image-preview":"max-image-preview:large","max-video-preview":"max-video-preview:-1"},"canonical":"https:\/\/crentassos.com.br\/blog\/2014\/01\/e-se-voce-morrer-amanha-esta-preparado.html","og_locale":"pt_BR","og_type":"article","og_title":"E se voc\u00ea morrer amanh\u00e3? Est\u00e1 preparado? - Crentassos Produ\u00e7\u00f5es Subversivas","og_description":"Haver\u00e1 aquele que em nenhum momento de sua vida, foi questionado por algum evangelista: E se voc\u00ea morrer amanh\u00e3? Est\u00e1 preparado?! In\u00fameras [&hellip;]","og_url":"https:\/\/crentassos.com.br\/blog\/2014\/01\/e-se-voce-morrer-amanha-esta-preparado.html","og_site_name":"Crentassos Produ\u00e7\u00f5es Subversivas","article_publisher":"http:\/\/www.facebook.com\/crentassos","article_published_time":"2014-01-08T13:00:06+00:00","og_image":[{"width":157,"height":320,"url":"https:\/\/crentassos.com.br\/blog\/wp-content\/uploads\/evangelizando.jpg","type":"image\/jpeg"}],"author":"Cristiano Machado","twitter_card":"summary_large_image","twitter_creator":"@crentassos","twitter_site":"@crentassos","twitter_misc":{"Escrito por":"Cristiano Machado","Est. tempo de leitura":"6 minutos"},"schema":{"@context":"https:\/\/schema.org","@graph":[{"@type":"Article","@id":"https:\/\/crentassos.com.br\/blog\/2014\/01\/e-se-voce-morrer-amanha-esta-preparado.html#article","isPartOf":{"@id":"https:\/\/crentassos.com.br\/blog\/2014\/01\/e-se-voce-morrer-amanha-esta-preparado.html"},"author":{"name":"Cristiano Machado","@id":"https:\/\/crentassos.com.br\/blog\/#\/schema\/person\/7ec3329a98c44e20ccd6cc2c9e18acbd"},"headline":"E se voc\u00ea morrer amanh\u00e3? Est\u00e1 preparado?","datePublished":"2014-01-08T13:00:06+00:00","mainEntityOfPage":{"@id":"https:\/\/crentassos.com.br\/blog\/2014\/01\/e-se-voce-morrer-amanha-esta-preparado.html"},"wordCount":1111,"commentCount":8,"publisher":{"@id":"https:\/\/crentassos.com.br\/blog\/#organization"},"image":{"@id":"https:\/\/crentassos.com.br\/blog\/2014\/01\/e-se-voce-morrer-amanha-esta-preparado.html#primaryimage"},"thumbnailUrl":"https:\/\/crentassos.com.br\/blog\/wp-content\/uploads\/evangelizando.jpg","keywords":["convers\u00e3o","evangelismo","morrer","vida"],"articleSection":["Artigos"],"inLanguage":"pt-BR","potentialAction":[{"@type":"CommentAction","name":"Comment","target":["https:\/\/crentassos.com.br\/blog\/2014\/01\/e-se-voce-morrer-amanha-esta-preparado.html#respond"]}]},{"@type":"WebPage","@id":"https:\/\/crentassos.com.br\/blog\/2014\/01\/e-se-voce-morrer-amanha-esta-preparado.html","url":"https:\/\/crentassos.com.br\/blog\/2014\/01\/e-se-voce-morrer-amanha-esta-preparado.html","name":"E se voc\u00ea morrer amanh\u00e3? Est\u00e1 preparado? - Crentassos Produ\u00e7\u00f5es Subversivas","isPartOf":{"@id":"https:\/\/crentassos.com.br\/blog\/#website"},"primaryImageOfPage":{"@id":"https:\/\/crentassos.com.br\/blog\/2014\/01\/e-se-voce-morrer-amanha-esta-preparado.html#primaryimage"},"image":{"@id":"https:\/\/crentassos.com.br\/blog\/2014\/01\/e-se-voce-morrer-amanha-esta-preparado.html#primaryimage"},"thumbnailUrl":"https:\/\/crentassos.com.br\/blog\/wp-content\/uploads\/evangelizando.jpg","datePublished":"2014-01-08T13:00:06+00:00","breadcrumb":{"@id":"https:\/\/crentassos.com.br\/blog\/2014\/01\/e-se-voce-morrer-amanha-esta-preparado.html#breadcrumb"},"inLanguage":"pt-BR","potentialAction":[{"@type":"ReadAction","target":["https:\/\/crentassos.com.br\/blog\/2014\/01\/e-se-voce-morrer-amanha-esta-preparado.html"]}]},{"@type":"ImageObject","inLanguage":"pt-BR","@id":"https:\/\/crentassos.com.br\/blog\/2014\/01\/e-se-voce-morrer-amanha-esta-preparado.html#primaryimage","url":"https:\/\/crentassos.com.br\/blog\/wp-content\/uploads\/evangelizando.jpg","contentUrl":"https:\/\/crentassos.com.br\/blog\/wp-content\/uploads\/evangelizando.jpg","width":157,"height":320},{"@type":"BreadcrumbList","@id":"https:\/\/crentassos.com.br\/blog\/2014\/01\/e-se-voce-morrer-amanha-esta-preparado.html#breadcrumb","itemListElement":[{"@type":"ListItem","position":1,"name":"Home","item":"https:\/\/crentassos.com.br\/blog\/"},{"@type":"ListItem","position":2,"name":"E se voc\u00ea morrer amanh\u00e3? Est\u00e1 preparado?"}]},{"@type":"WebSite","@id":"https:\/\/crentassos.com.br\/blog\/#website","url":"https:\/\/crentassos.com.br\/blog\/","name":"Crentassos Produ\u00e7\u00f5es Subversivas","description":"Podcast Crist\u00e3o, Podcrent, Da Prateleira, Artigos crist\u00e3os, Teologia, Estudos, Textos B\u00edblicos","publisher":{"@id":"https:\/\/crentassos.com.br\/blog\/#organization"},"potentialAction":[{"@type":"SearchAction","target":{"@type":"EntryPoint","urlTemplate":"https:\/\/crentassos.com.br\/blog\/?s={search_term_string}"},"query-input":{"@type":"PropertyValueSpecification","valueRequired":true,"valueName":"search_term_string"}}],"inLanguage":"pt-BR"},{"@type":"Organization","@id":"https:\/\/crentassos.com.br\/blog\/#organization","name":"Crentassos Produ\u00e7\u00f5es Subversivas","url":"https:\/\/crentassos.com.br\/blog\/","logo":{"@type":"ImageObject","inLanguage":"pt-BR","@id":"https:\/\/crentassos.com.br\/blog\/#\/schema\/logo\/image\/","url":"https:\/\/crentassos.com.br\/blog\/wp-content\/uploads\/2020\/05\/cropped-crentassos1-300x300png.png","contentUrl":"https:\/\/crentassos.com.br\/blog\/wp-content\/uploads\/2020\/05\/cropped-crentassos1-300x300png.png","width":300,"height":300,"caption":"Crentassos Produ\u00e7\u00f5es Subversivas"},"image":{"@id":"https:\/\/crentassos.com.br\/blog\/#\/schema\/logo\/image\/"},"sameAs":["http:\/\/www.facebook.com\/crentassos","https:\/\/x.com\/crentassos","https:\/\/www.instagram.com\/crentassos","https:\/\/www.youtube.com\/crentassos"]},{"@type":"Person","@id":"https:\/\/crentassos.com.br\/blog\/#\/schema\/person\/7ec3329a98c44e20ccd6cc2c9e18acbd","name":"Cristiano Machado","image":{"@type":"ImageObject","inLanguage":"pt-BR","@id":"https:\/\/crentassos.com.br\/blog\/#\/schema\/person\/image\/","url":"https:\/\/secure.gravatar.com\/avatar\/3e7427d384f99d15935b3008477c324124816869ceb70e362e586dcccdb265bf?s=96&d=retro&r=g","contentUrl":"https:\/\/secure.gravatar.com\/avatar\/3e7427d384f99d15935b3008477c324124816869ceb70e362e586dcccdb265bf?s=96&d=retro&r=g","caption":"Cristiano Machado"},"description":"Cristiano Machado \u00e9 o culpado pelo inicio do COLETIVO CRENTASSOS PRODU\u00c7\u00d5ES SUBVERSIVAS e atua como auxiliar de cirurgi\u00e3o barbeiro, tocando o bumbo, jogando malabares, preparando o elixir, costurando amputa\u00e7\u00f5es e demais atividades relacionadas \u00e0 sua ocupa\u00e7\u00e3o. Pensa n\u00e3o vida em forma de pergunta e nunca de resposta, e tem um profundo sentimento de gratid\u00e3o e amor por sua esposa e filha. Religi\u00e3o: Crist\u00e3o Protestante Reformando-se Estado Civil: Inteiramente apaixonado","sameAs":["http:\/\/crentassos.com.br\/blog"],"url":"https:\/\/crentassos.com.br\/blog\/author\/o_cristiano"}]}},"_links":{"self":[{"href":"https:\/\/crentassos.com.br\/blog\/wp-json\/wp\/v2\/posts\/9789","targetHints":{"allow":["GET"]}}],"collection":[{"href":"https:\/\/crentassos.com.br\/blog\/wp-json\/wp\/v2\/posts"}],"about":[{"href":"https:\/\/crentassos.com.br\/blog\/wp-json\/wp\/v2\/types\/post"}],"author":[{"embeddable":true,"href":"https:\/\/crentassos.com.br\/blog\/wp-json\/wp\/v2\/users\/9"}],"replies":[{"embeddable":true,"href":"https:\/\/crentassos.com.br\/blog\/wp-json\/wp\/v2\/comments?post=9789"}],"version-history":[{"count":4,"href":"https:\/\/crentassos.com.br\/blog\/wp-json\/wp\/v2\/posts\/9789\/revisions"}],"predecessor-version":[{"id":9809,"href":"https:\/\/crentassos.com.br\/blog\/wp-json\/wp\/v2\/posts\/9789\/revisions\/9809"}],"wp:featuredmedia":[{"embeddable":true,"href":"https:\/\/crentassos.com.br\/blog\/wp-json\/wp\/v2\/media\/9798"}],"wp:attachment":[{"href":"https:\/\/crentassos.com.br\/blog\/wp-json\/wp\/v2\/media?parent=9789"}],"wp:term":[{"taxonomy":"category","embeddable":true,"href":"https:\/\/crentassos.com.br\/blog\/wp-json\/wp\/v2\/categories?post=9789"},{"taxonomy":"post_tag","embeddable":true,"href":"https:\/\/crentassos.com.br\/blog\/wp-json\/wp\/v2\/tags?post=9789"}],"curies":[{"name":"wp","href":"https:\/\/api.w.org\/{rel}","templated":true}]}}