{"id":9777,"date":"2013-09-22T15:00:33","date_gmt":"2013-09-22T18:00:33","guid":{"rendered":"http:\/\/crentassos.com.br\/blog\/?p=9777"},"modified":"2013-09-09T16:02:28","modified_gmt":"2013-09-09T19:02:28","slug":"mestre-teonomista","status":"publish","type":"post","link":"https:\/\/crentassos.com.br\/blog\/2013\/09\/mestre-teonomista.html","title":{"rendered":"Clive em: Meu mestre \u00e9 um teonomista"},"content":{"rendered":"<p style=\"text-align: justify;\"><img loading=\"lazy\" decoding=\"async\" class=\"aligncenter\" alt=\"\" src=\"http:\/\/bibotalk.com.br\/site\/wp-content\/uploads\/2013\/08\/clive-vitrine.jpg\" width=\"560\" height=\"213\" \/><\/p>\n<p style=\"text-align: justify;\">Ap\u00f3s um dia inteiro sentado ouvindo palestras teol\u00f3gicas, em um congresso ortodoxo at\u00e9 de mais, tive o prazer ou seria talvez um desprazer de reencontrar um ex-professor dos tempos de semin\u00e1rio teol\u00f3gico. Uma pessoa que me inspirou no passado e que hoje al\u00e7ou certa fama. N\u00e3o queria perder a chance de trocar uma palavra com ele, por isso me adiantei a frente da tribuna logo ao final de sua palestra.<\/p>\n<p style=\"text-align: justify;\">&#8211; Boa noite Rev. Oswaldo! Satisfa\u00e7\u00e3o em rev\u00ea-lo.<\/p>\n<p style=\"text-align: justify;\">&#8211; Ol\u00e1 Rev. Clive, como vai meu irm\u00e3o!<\/p>\n<p style=\"text-align: justify;\">&#8211; Bem, obrigado. N\u00e3o queria perder a oportunidade de vir falar com o senhor.<\/p>\n<p style=\"text-align: justify;\">&#8211; N\u00e3o precisa tanta rever\u00eancia, continuo sendo o Oswaldo.<\/p>\n<p style=\"text-align: justify;\">Deixamos a frente do palco, seguimos caminhando juntos para pegar um caf\u00e9.<\/p>\n<p style=\"text-align: justify;\">&#8211; E como vai o trabalho na congrega\u00e7\u00e3o, muitos desafios? &#8211; Prosseguiu meu antigo mestre, com curiosidade.<\/p>\n<p style=\"text-align: justify;\">&#8211; Um passo ap\u00f3s o outro irm\u00e3o, s\u00e3o tantos desafios que a cidade e a cultura imp\u00f5e \u00e0 prega\u00e7\u00e3o do Evangelho. Mas s\u00e3o desafios positivos, creio que temos muito a contribuir na socie<\/p>\n<p style=\"text-align: justify;\">dade! &#8211; Responde Clive com entusiasmo pela pergunta do seu mestre, sem saber o que viria logo a seguir.<\/p>\n<p style=\"text-align: justify;\">&#8211; \u00c9 verdade. Fundamental \u00e9 irmos avan\u00e7ando pouco-a-pouco at\u00e9 mostrarmos a for\u00e7a da Igreja. N\u00e3o falta muito para termos uma na\u00e7\u00e3o crist\u00e3. &#8211; Afirmou com toda convic\u00e7\u00e3o e o dedo em<\/p>\n<p style=\"text-align: justify;\">riste.<\/p>\n<p style=\"text-align: justify;\">&#8211; N\u00e3o sei Oswaldo. &#8211; Apertando os olhos de estranheza &#8211; N\u00e3o penso que esta seja uma meta crist\u00e3. A Escritura nos ensina que nossa p\u00e1tria est\u00e1 na cidade celestial.<\/p>\n<p style=\"text-align: justify;\">&#8211; Mas o Apocalipse diz que ela descer\u00e1 \u00e0 terra, isto \u00e9, ser\u00e1 o Reino de Cristo na terra com os seus eleitos.<\/p>\n<p style=\"text-align: justify;\">&#8211; Sim, certo &#8211; concorda receando o rumo da convers<\/p>\n<p style=\"text-align: justify;\">a &#8211; Mas isto \u00e9 a consuma\u00e7\u00e3o da hist\u00f3ria, n\u00e3o o resultado de nossos esfor\u00e7os. Al\u00e9m disto creio que para a pol\u00edtica, a condu\u00e7\u00e3o da vida neste mundo e at\u00e9 para o testemunho do crist\u00e3o, a via do di\u00e1logo e n\u00e3o a da imposi\u00e7\u00e3o de regras morais \u00e9 a que precisamos fomentar.<\/p>\n<p style=\"text-align: justify;\">&#8211; N\u00e3o caia nesta fal\u00e1cia irm\u00e3o Clive! Di\u00e1logo \u00e9 artimanha dos liberais para por em xeque as verdades centrais da f\u00e9 crist\u00e3. &#8211; Disse levantando as m\u00e3os.<\/p>\n<p style=\"text-align: justify;\">&#8211; Ser\u00e1 mesmo Oswaldo? Pense bem, s\u00e9culos de hist\u00f3ria do cristianismo, e sempre que a Igreja, de alguma forma, esteve no poder experimentamos tirania e intoler\u00e2ncia com quem pensa diferente. &#8211; Repliquei ainda como quem acredita que o rumo da conversa pode ser melhor.<\/p>\n<p style=\"text-align: justify;\">&#8211; Ah este papo de intolerancia. &#8211; Um tom jocoso ouve-se na voz de Oswaldo &#8211; Os descrentes \u00e9 que s\u00e3o intolerantes! Eles n\u00e3o toleram a verdade de Deus! N\u00e3o posso fazer nada se Jesus disse que era o \u00fanico caminho. A Palavra de Deus \u00e9 clara em Deuteronomio 29.29 ao dizer que a revela\u00e7\u00e3o de Deus atrav\u00e9s da lei deve ser obedecida eternamente. Al\u00e9m disto Jesus veio para cumprir a Lei, e Paulo tamb\u00e9m disse que a Lei \u00e9 boa e justa. Veja o Serm\u00e3o do Monte! Imagine um pa\u00eds governado com os princ\u00edpios de Jesus: leis contra o div\u00f3rcio, firmes contra o assassinato, contra o furto, \u00e9 o que precisamos. &#8211; Esbravejou Oswaldo.<\/p>\n<p style=\"text-align: justify;\"><img loading=\"lazy\" decoding=\"async\" class=\"aligncenter\" alt=\"\" src=\"http:\/\/bibotalk.com.br\/site\/wp-content\/uploads\/2013\/08\/clive-3-virgula.jpg\" width=\"560\" height=\"213\" \/><\/p>\n<p style=\"text-align: justify;\">&#8211; Tamb\u00e9m creio na suficiencia da Palavra de Deus e de Cristo para a salva\u00e7\u00e3o. Mas n\u00e3o creio que temos o direito de obrigar as pessoas a pensarem como n\u00f3s, agirem como n\u00f3s, ou que um pa\u00eds seja governando conforme nossa \u00e9tica. Mesmo que eu afirme o valor e a relev\u00e2ncia da \u00e9tica crist\u00e3 para o mundo de hoje. Por\u00e9m, misturamos as coisas quando n\u00e3o percebemos que Cristo fez diferen\u00e7a entre a \u00e9tica do discipulado que implica em um padr\u00e3o moral radical e a \u00e9tica do cuidado para com o pr\u00f3ximo, que implica em abandonar garantias para si mesmo em busca do bem do outro em amor. Acabamos nos tornando em justiceiros de n\u00f3s mesmos por causa dessa confus\u00e3o. &#8211; Se afastando dele um pouco para tr\u00e1s.<br \/>\n&#8211; Clive, olha o que voc\u00ea est\u00e1 falando! &#8211; olhando s\u00e9rio para Clive &#8211; Voc\u00ea deve ter lido muito liberalismo ultimamente. Vigia irm\u00e3o! A Lei de Deus \u00e9 A &#8211; T E M P O R A L! &#8211; falando pausadamente e com voz empostada &#8211; Os preceitos divinos j\u00e1 foram dados antes da funda\u00e7\u00e3o do mundo. Abra\u00e3o obedecia leis que nem estavam escritas ainda. O que mais preciso lhe dizer para provar?<\/p>\n<p style=\"text-align: justify;\">&#8211; Voc\u00ea confunde o car\u00e1ter das Escrituras enquanto revela\u00e7\u00e3o de Deus com a presci\u00eancia divina.<\/p>\n<p style=\"text-align: justify;\">&#8211; Outra fal\u00e1cia perigosa dos liberais. J\u00e1 te conquistaram Clive? Quando foi que voc\u00ea caiu?<\/p>\n<p style=\"text-align: justify;\">&#8211; Espere! N\u00e3o me trate como um moleque Oswaldo &#8211; Coloquei minha m\u00e3o em seu ombro, olhei em seus olhos e prossegui &#8211; Estamos falando de um assunto s\u00e9rio.<\/p>\n<p style=\"text-align: justify;\">&#8211; Eu mais ainda! &#8211; Afirma Oswaldo como quem d\u00e1 li\u00e7\u00e3o de moral a um garoto inexperiente &#8211; Para mim n\u00e3o h\u00e1 di\u00e1logo, ou se aceitam os dogmas ortodoxos protestantes, ou n\u00e3o posso chamar mais de irm\u00e3o. &#8211; Disse-me exaltado, em seguida aponta o dedo em minha dire\u00e7\u00e3o e prossegue &#8211; Voc\u00ea d\u00e1 ouvidos de mais \u00e0s ruas, e isto \u00e9 perigoso. Logo vai achar que a &#8220;voz do povo \u00e9 a voz de Deus&#8221; como os cat\u00f3licos.<\/p>\n<p style=\"text-align: justify;\">&#8211; N\u00e3o seja dram\u00e1tico. &#8211; Amenizando sua tentativa de me alertar &#8211; N\u00e3o posso me fazer surdo \u00e0s perguntas das pessoas. S\u00e3o as perguntas do povo, s\u00e3o suas ang\u00fastias, seus problemas, suas inquienta\u00e7\u00f5es e demandas que fazem a agenda teol\u00f3gica da atualidade. N\u00e3o podemos mais continuar produzindo teologia em castelos de cristais. Ela precisa refletir a revela\u00e7\u00e3o de Deus, sua gra\u00e7a, miseric\u00f3rdia, sua lei inclusive, para dentro dos contextos em que n\u00f3s nos articulamos. \u00c9 Palavra encarnada, como Jesus. -Enfatizei com calma e firmeza.<\/p>\n<p style=\"text-align: justify;\">&#8211; Tenho outro nome pra isto: Teologia da Liberta\u00e7\u00e3o. &#8211; Fala como se nomeasse o pr\u00f3prio Satan\u00e1s &#8211; Eu n\u00e3o preciso fazer as pessoas dessa gera\u00e7\u00e3o corrupta e depravada entenderem nossa f\u00e9. A Escritura n\u00e3o precisa de novas linguagens, nem de contextualiza\u00e7\u00f5es. As pessoas s\u00f3 precisam obedecer \u00e0 verdade.<\/p>\n<p style=\"text-align: justify;\">A esta altura Oswaldo tentava escapar da conversa, como quem j\u00e1 n\u00e3o suportava mais os questionamentos. Mas seu orgulho lhe impedia e sempre de novo o dedo em riste, a voz professoral e dogm\u00e1tica, as assertivas frias e cheias de convic\u00e7\u00e3o se voltavam contra mim. Me veio a mente um texto b\u00edblico.<\/p>\n<p style=\"text-align: justify;\">&#8211; Oswaldo, vou dar uma de Pilatos: &#8220;O que \u00e9 a verdade?&#8221; &#8211; Disse-lhe olhando fundo nos olhos, numa \u00faltima tentativa de lhe chamar \u00e0 raz\u00e3o.<\/p>\n<p style=\"text-align: justify;\">&#8211; Voc\u00ea est\u00e1 brincando Clive. Voc\u00ea sabe a resposta, e esta querendo brincar de gato e rato comigo. Mas vou lhe falar algo mais profundo, a verdade n\u00e3o muda, e est\u00e1 dada desde a eternidade. Esta mania de dizer que a teologia precisa se reinventar a cada nova gera\u00e7\u00e3o \u00e9 uma mentira. N\u00e3o podemos nos afastar da ortodoxia crist\u00e3!<\/p>\n<p style=\"text-align: justify;\">&#8211; N\u00e3o acho que os dogmas da Igreja Crist\u00e3 sejam simplesmente errados. Creio que devamos sim, reinterpret\u00e1-los sempre de novo \u00e0 luz da Escritura, da historia do seu surgimento e das quest\u00f5es postas pelo nosso dia-a-dia.<\/p>\n<p style=\"text-align: justify;\">&#8211; N\u00e3o meu irm\u00e3o! Devemos apenas ensinar a verdade, os eleitos crer\u00e3o nela, os demais j\u00e1 estavam perdidos &#8211; replicou-me de forma taxativa.<\/p>\n<p style=\"text-align: justify;\">&#8211; Como quiser Oswaldo. &#8211; encerrando a conversa e dando-lhe um tapinha de despedida nas costas &#8211; Espero que um dia que voc\u00ea me entenda, e mesmo que n\u00e3o concorde me ou\u00e7a e respeite. At\u00e9 a pr\u00f3xima irm\u00e3o, que Deus nos ajude.<\/p>\n<p style=\"text-align: justify;\">&#8212;&#8211;<\/p>\n<p style=\"text-align: justify;\">Os di\u00e1logos do Pastor Clive s\u00e3o publicados semanalmente em <a href=\"http:\/\/www.bibotalk.com.br\">www.bibotalk.com.br<\/a><\/p>\n","protected":false},"excerpt":{"rendered":"<p>Ap\u00f3s um dia inteiro sentado ouvindo palestras teol\u00f3gicas, em um congresso ortodoxo at\u00e9 de mais, tive o prazer ou seria talvez um [&hellip;]<\/p>\n","protected":false},"author":27,"featured_media":9782,"comment_status":"open","ping_status":"open","sticky":false,"template":"","format":"standard","meta":{"_exactmetrics_skip_tracking":false,"_exactmetrics_sitenote_active":false,"_exactmetrics_sitenote_note":"","_exactmetrics_sitenote_category":0,"footnotes":"","_links_to":"","_links_to_target":""},"categories":[112],"tags":[2390,368,2190,2392,2391],"class_list":{"0":"post-9777","1":"post","2":"type-post","3":"status-publish","4":"format-standard","5":"has-post-thumbnail","6":"hentry","7":"category-artigos","8":"tag-clive","9":"tag-cronica","10":"tag-dialogo","11":"tag-reconstrucionismo","12":"tag-teonomia","14":"post-with-thumbnail","15":"post-with-thumbnail-large"},"yoast_head":"<!-- This site is optimized with the Yoast SEO plugin v27.1.1 - https:\/\/yoast.com\/product\/yoast-seo-wordpress\/ -->\n<title>Clive em: Meu mestre \u00e9 um teonomista - Crentassos Produ\u00e7\u00f5es Subversivas<\/title>\n<meta name=\"robots\" content=\"index, follow, max-snippet:-1, max-image-preview:large, max-video-preview:-1\" \/>\n<link rel=\"canonical\" href=\"https:\/\/crentassos.com.br\/blog\/2013\/09\/mestre-teonomista.html\" \/>\n<meta property=\"og:locale\" content=\"pt_BR\" \/>\n<meta property=\"og:type\" content=\"article\" \/>\n<meta property=\"og:title\" content=\"Clive em: Meu mestre \u00e9 um teonomista - Crentassos Produ\u00e7\u00f5es Subversivas\" \/>\n<meta property=\"og:description\" content=\"Ap\u00f3s um dia inteiro sentado ouvindo palestras teol\u00f3gicas, em um congresso ortodoxo at\u00e9 de mais, tive o prazer ou seria talvez um [&hellip;]\" \/>\n<meta property=\"og:url\" content=\"https:\/\/crentassos.com.br\/blog\/2013\/09\/mestre-teonomista.html\" \/>\n<meta property=\"og:site_name\" content=\"Crentassos Produ\u00e7\u00f5es Subversivas\" \/>\n<meta property=\"article:publisher\" content=\"http:\/\/www.facebook.com\/crentassos\" \/>\n<meta property=\"article:published_time\" content=\"2013-09-22T18:00:33+00:00\" \/>\n<meta property=\"og:image\" content=\"https:\/\/crentassos.com.br\/blog\/wp-content\/uploads\/clive-vitrine1.jpg\" \/>\n\t<meta property=\"og:image:width\" content=\"560\" \/>\n\t<meta property=\"og:image:height\" content=\"213\" \/>\n\t<meta property=\"og:image:type\" content=\"image\/jpeg\" \/>\n<meta name=\"author\" content=\"Alex @stahlhoefer\" \/>\n<meta name=\"twitter:card\" content=\"summary_large_image\" \/>\n<meta name=\"twitter:creator\" content=\"@crentassos\" \/>\n<meta name=\"twitter:site\" content=\"@crentassos\" \/>\n<meta name=\"twitter:label1\" content=\"Escrito por\" \/>\n\t<meta name=\"twitter:data1\" content=\"Alex @stahlhoefer\" \/>\n\t<meta name=\"twitter:label2\" content=\"Est. tempo de leitura\" \/>\n\t<meta name=\"twitter:data2\" content=\"7 minutos\" \/>\n<script type=\"application\/ld+json\" class=\"yoast-schema-graph\">{\"@context\":\"https:\/\/schema.org\",\"@graph\":[{\"@type\":\"Article\",\"@id\":\"https:\/\/crentassos.com.br\/blog\/2013\/09\/mestre-teonomista.html#article\",\"isPartOf\":{\"@id\":\"https:\/\/crentassos.com.br\/blog\/2013\/09\/mestre-teonomista.html\"},\"author\":{\"name\":\"Alex @stahlhoefer\",\"@id\":\"https:\/\/crentassos.com.br\/blog\/#\/schema\/person\/6dd3caf0c63fc71d182633ea90ba7ea4\"},\"headline\":\"Clive em: Meu mestre \u00e9 um teonomista\",\"datePublished\":\"2013-09-22T18:00:33+00:00\",\"mainEntityOfPage\":{\"@id\":\"https:\/\/crentassos.com.br\/blog\/2013\/09\/mestre-teonomista.html\"},\"wordCount\":1359,\"commentCount\":3,\"publisher\":{\"@id\":\"https:\/\/crentassos.com.br\/blog\/#organization\"},\"image\":{\"@id\":\"https:\/\/crentassos.com.br\/blog\/2013\/09\/mestre-teonomista.html#primaryimage\"},\"thumbnailUrl\":\"https:\/\/crentassos.com.br\/blog\/wp-content\/uploads\/clive-vitrine1.jpg\",\"keywords\":[\"Clive\",\"cr\u00f4nica\",\"dialogo\",\"reconstrucionismo\",\"teonomia\"],\"articleSection\":[\"Artigos\"],\"inLanguage\":\"pt-BR\",\"potentialAction\":[{\"@type\":\"CommentAction\",\"name\":\"Comment\",\"target\":[\"https:\/\/crentassos.com.br\/blog\/2013\/09\/mestre-teonomista.html#respond\"]}]},{\"@type\":\"WebPage\",\"@id\":\"https:\/\/crentassos.com.br\/blog\/2013\/09\/mestre-teonomista.html\",\"url\":\"https:\/\/crentassos.com.br\/blog\/2013\/09\/mestre-teonomista.html\",\"name\":\"Clive em: Meu mestre \u00e9 um teonomista - Crentassos Produ\u00e7\u00f5es Subversivas\",\"isPartOf\":{\"@id\":\"https:\/\/crentassos.com.br\/blog\/#website\"},\"primaryImageOfPage\":{\"@id\":\"https:\/\/crentassos.com.br\/blog\/2013\/09\/mestre-teonomista.html#primaryimage\"},\"image\":{\"@id\":\"https:\/\/crentassos.com.br\/blog\/2013\/09\/mestre-teonomista.html#primaryimage\"},\"thumbnailUrl\":\"https:\/\/crentassos.com.br\/blog\/wp-content\/uploads\/clive-vitrine1.jpg\",\"datePublished\":\"2013-09-22T18:00:33+00:00\",\"breadcrumb\":{\"@id\":\"https:\/\/crentassos.com.br\/blog\/2013\/09\/mestre-teonomista.html#breadcrumb\"},\"inLanguage\":\"pt-BR\",\"potentialAction\":[{\"@type\":\"ReadAction\",\"target\":[\"https:\/\/crentassos.com.br\/blog\/2013\/09\/mestre-teonomista.html\"]}]},{\"@type\":\"ImageObject\",\"inLanguage\":\"pt-BR\",\"@id\":\"https:\/\/crentassos.com.br\/blog\/2013\/09\/mestre-teonomista.html#primaryimage\",\"url\":\"https:\/\/crentassos.com.br\/blog\/wp-content\/uploads\/clive-vitrine1.jpg\",\"contentUrl\":\"https:\/\/crentassos.com.br\/blog\/wp-content\/uploads\/clive-vitrine1.jpg\",\"width\":560,\"height\":213},{\"@type\":\"BreadcrumbList\",\"@id\":\"https:\/\/crentassos.com.br\/blog\/2013\/09\/mestre-teonomista.html#breadcrumb\",\"itemListElement\":[{\"@type\":\"ListItem\",\"position\":1,\"name\":\"Home\",\"item\":\"https:\/\/crentassos.com.br\/blog\/\"},{\"@type\":\"ListItem\",\"position\":2,\"name\":\"Clive em: Meu mestre \u00e9 um teonomista\"}]},{\"@type\":\"WebSite\",\"@id\":\"https:\/\/crentassos.com.br\/blog\/#website\",\"url\":\"https:\/\/crentassos.com.br\/blog\/\",\"name\":\"Crentassos Produ\u00e7\u00f5es Subversivas\",\"description\":\"Podcast Crist\u00e3o, Podcrent, Da Prateleira, Artigos crist\u00e3os, Teologia, Estudos, Textos B\u00edblicos\",\"publisher\":{\"@id\":\"https:\/\/crentassos.com.br\/blog\/#organization\"},\"potentialAction\":[{\"@type\":\"SearchAction\",\"target\":{\"@type\":\"EntryPoint\",\"urlTemplate\":\"https:\/\/crentassos.com.br\/blog\/?s={search_term_string}\"},\"query-input\":{\"@type\":\"PropertyValueSpecification\",\"valueRequired\":true,\"valueName\":\"search_term_string\"}}],\"inLanguage\":\"pt-BR\"},{\"@type\":\"Organization\",\"@id\":\"https:\/\/crentassos.com.br\/blog\/#organization\",\"name\":\"Crentassos Produ\u00e7\u00f5es Subversivas\",\"url\":\"https:\/\/crentassos.com.br\/blog\/\",\"logo\":{\"@type\":\"ImageObject\",\"inLanguage\":\"pt-BR\",\"@id\":\"https:\/\/crentassos.com.br\/blog\/#\/schema\/logo\/image\/\",\"url\":\"https:\/\/crentassos.com.br\/blog\/wp-content\/uploads\/2020\/05\/cropped-crentassos1-300x300png.png\",\"contentUrl\":\"https:\/\/crentassos.com.br\/blog\/wp-content\/uploads\/2020\/05\/cropped-crentassos1-300x300png.png\",\"width\":300,\"height\":300,\"caption\":\"Crentassos Produ\u00e7\u00f5es Subversivas\"},\"image\":{\"@id\":\"https:\/\/crentassos.com.br\/blog\/#\/schema\/logo\/image\/\"},\"sameAs\":[\"http:\/\/www.facebook.com\/crentassos\",\"https:\/\/x.com\/crentassos\",\"https:\/\/www.instagram.com\/crentassos\",\"https:\/\/www.youtube.com\/crentassos\"]},{\"@type\":\"Person\",\"@id\":\"https:\/\/crentassos.com.br\/blog\/#\/schema\/person\/6dd3caf0c63fc71d182633ea90ba7ea4\",\"name\":\"Alex @stahlhoefer\",\"image\":{\"@type\":\"ImageObject\",\"inLanguage\":\"pt-BR\",\"@id\":\"https:\/\/crentassos.com.br\/blog\/#\/schema\/person\/image\/\",\"url\":\"https:\/\/secure.gravatar.com\/avatar\/0816683e9aed7c1a889ef9f236c4fc2f048326af19d9c0b719a431a9c42687b7?s=96&d=retro&r=g\",\"contentUrl\":\"https:\/\/secure.gravatar.com\/avatar\/0816683e9aed7c1a889ef9f236c4fc2f048326af19d9c0b719a431a9c42687b7?s=96&d=retro&r=g\",\"caption\":\"Alex @stahlhoefer\"},\"description\":\"Alexander Stahlhoefer (Alex) \u00e9 formado em Teologia e ordenado ao minist\u00e9rio mission\u00e1rio. Faz doutorado em Teologia Sistem\u00e1tica. \u00c9 casado com Luciane e pai da Ana Luisa. Ama leituras teol\u00f3gicas e deseja contribuir para que a palavra de Deus seja pregada com relev\u00e2ncia em todos os contextos.\",\"sameAs\":[\"http:\/\/alexlueana.blogspot.com\"],\"url\":\"https:\/\/crentassos.com.br\/blog\/author\/stahlhoefer\"}]}<\/script>\n<!-- \/ Yoast SEO plugin. -->","yoast_head_json":{"title":"Clive em: Meu mestre \u00e9 um teonomista - Crentassos Produ\u00e7\u00f5es Subversivas","robots":{"index":"index","follow":"follow","max-snippet":"max-snippet:-1","max-image-preview":"max-image-preview:large","max-video-preview":"max-video-preview:-1"},"canonical":"https:\/\/crentassos.com.br\/blog\/2013\/09\/mestre-teonomista.html","og_locale":"pt_BR","og_type":"article","og_title":"Clive em: Meu mestre \u00e9 um teonomista - Crentassos Produ\u00e7\u00f5es Subversivas","og_description":"Ap\u00f3s um dia inteiro sentado ouvindo palestras teol\u00f3gicas, em um congresso ortodoxo at\u00e9 de mais, tive o prazer ou seria talvez um [&hellip;]","og_url":"https:\/\/crentassos.com.br\/blog\/2013\/09\/mestre-teonomista.html","og_site_name":"Crentassos Produ\u00e7\u00f5es Subversivas","article_publisher":"http:\/\/www.facebook.com\/crentassos","article_published_time":"2013-09-22T18:00:33+00:00","og_image":[{"width":560,"height":213,"url":"https:\/\/crentassos.com.br\/blog\/wp-content\/uploads\/clive-vitrine1.jpg","type":"image\/jpeg"}],"author":"Alex @stahlhoefer","twitter_card":"summary_large_image","twitter_creator":"@crentassos","twitter_site":"@crentassos","twitter_misc":{"Escrito por":"Alex @stahlhoefer","Est. tempo de leitura":"7 minutos"},"schema":{"@context":"https:\/\/schema.org","@graph":[{"@type":"Article","@id":"https:\/\/crentassos.com.br\/blog\/2013\/09\/mestre-teonomista.html#article","isPartOf":{"@id":"https:\/\/crentassos.com.br\/blog\/2013\/09\/mestre-teonomista.html"},"author":{"name":"Alex @stahlhoefer","@id":"https:\/\/crentassos.com.br\/blog\/#\/schema\/person\/6dd3caf0c63fc71d182633ea90ba7ea4"},"headline":"Clive em: Meu mestre \u00e9 um teonomista","datePublished":"2013-09-22T18:00:33+00:00","mainEntityOfPage":{"@id":"https:\/\/crentassos.com.br\/blog\/2013\/09\/mestre-teonomista.html"},"wordCount":1359,"commentCount":3,"publisher":{"@id":"https:\/\/crentassos.com.br\/blog\/#organization"},"image":{"@id":"https:\/\/crentassos.com.br\/blog\/2013\/09\/mestre-teonomista.html#primaryimage"},"thumbnailUrl":"https:\/\/crentassos.com.br\/blog\/wp-content\/uploads\/clive-vitrine1.jpg","keywords":["Clive","cr\u00f4nica","dialogo","reconstrucionismo","teonomia"],"articleSection":["Artigos"],"inLanguage":"pt-BR","potentialAction":[{"@type":"CommentAction","name":"Comment","target":["https:\/\/crentassos.com.br\/blog\/2013\/09\/mestre-teonomista.html#respond"]}]},{"@type":"WebPage","@id":"https:\/\/crentassos.com.br\/blog\/2013\/09\/mestre-teonomista.html","url":"https:\/\/crentassos.com.br\/blog\/2013\/09\/mestre-teonomista.html","name":"Clive em: Meu mestre \u00e9 um teonomista - Crentassos Produ\u00e7\u00f5es Subversivas","isPartOf":{"@id":"https:\/\/crentassos.com.br\/blog\/#website"},"primaryImageOfPage":{"@id":"https:\/\/crentassos.com.br\/blog\/2013\/09\/mestre-teonomista.html#primaryimage"},"image":{"@id":"https:\/\/crentassos.com.br\/blog\/2013\/09\/mestre-teonomista.html#primaryimage"},"thumbnailUrl":"https:\/\/crentassos.com.br\/blog\/wp-content\/uploads\/clive-vitrine1.jpg","datePublished":"2013-09-22T18:00:33+00:00","breadcrumb":{"@id":"https:\/\/crentassos.com.br\/blog\/2013\/09\/mestre-teonomista.html#breadcrumb"},"inLanguage":"pt-BR","potentialAction":[{"@type":"ReadAction","target":["https:\/\/crentassos.com.br\/blog\/2013\/09\/mestre-teonomista.html"]}]},{"@type":"ImageObject","inLanguage":"pt-BR","@id":"https:\/\/crentassos.com.br\/blog\/2013\/09\/mestre-teonomista.html#primaryimage","url":"https:\/\/crentassos.com.br\/blog\/wp-content\/uploads\/clive-vitrine1.jpg","contentUrl":"https:\/\/crentassos.com.br\/blog\/wp-content\/uploads\/clive-vitrine1.jpg","width":560,"height":213},{"@type":"BreadcrumbList","@id":"https:\/\/crentassos.com.br\/blog\/2013\/09\/mestre-teonomista.html#breadcrumb","itemListElement":[{"@type":"ListItem","position":1,"name":"Home","item":"https:\/\/crentassos.com.br\/blog\/"},{"@type":"ListItem","position":2,"name":"Clive em: Meu mestre \u00e9 um teonomista"}]},{"@type":"WebSite","@id":"https:\/\/crentassos.com.br\/blog\/#website","url":"https:\/\/crentassos.com.br\/blog\/","name":"Crentassos Produ\u00e7\u00f5es Subversivas","description":"Podcast Crist\u00e3o, Podcrent, Da Prateleira, Artigos crist\u00e3os, Teologia, Estudos, Textos B\u00edblicos","publisher":{"@id":"https:\/\/crentassos.com.br\/blog\/#organization"},"potentialAction":[{"@type":"SearchAction","target":{"@type":"EntryPoint","urlTemplate":"https:\/\/crentassos.com.br\/blog\/?s={search_term_string}"},"query-input":{"@type":"PropertyValueSpecification","valueRequired":true,"valueName":"search_term_string"}}],"inLanguage":"pt-BR"},{"@type":"Organization","@id":"https:\/\/crentassos.com.br\/blog\/#organization","name":"Crentassos Produ\u00e7\u00f5es Subversivas","url":"https:\/\/crentassos.com.br\/blog\/","logo":{"@type":"ImageObject","inLanguage":"pt-BR","@id":"https:\/\/crentassos.com.br\/blog\/#\/schema\/logo\/image\/","url":"https:\/\/crentassos.com.br\/blog\/wp-content\/uploads\/2020\/05\/cropped-crentassos1-300x300png.png","contentUrl":"https:\/\/crentassos.com.br\/blog\/wp-content\/uploads\/2020\/05\/cropped-crentassos1-300x300png.png","width":300,"height":300,"caption":"Crentassos Produ\u00e7\u00f5es Subversivas"},"image":{"@id":"https:\/\/crentassos.com.br\/blog\/#\/schema\/logo\/image\/"},"sameAs":["http:\/\/www.facebook.com\/crentassos","https:\/\/x.com\/crentassos","https:\/\/www.instagram.com\/crentassos","https:\/\/www.youtube.com\/crentassos"]},{"@type":"Person","@id":"https:\/\/crentassos.com.br\/blog\/#\/schema\/person\/6dd3caf0c63fc71d182633ea90ba7ea4","name":"Alex @stahlhoefer","image":{"@type":"ImageObject","inLanguage":"pt-BR","@id":"https:\/\/crentassos.com.br\/blog\/#\/schema\/person\/image\/","url":"https:\/\/secure.gravatar.com\/avatar\/0816683e9aed7c1a889ef9f236c4fc2f048326af19d9c0b719a431a9c42687b7?s=96&d=retro&r=g","contentUrl":"https:\/\/secure.gravatar.com\/avatar\/0816683e9aed7c1a889ef9f236c4fc2f048326af19d9c0b719a431a9c42687b7?s=96&d=retro&r=g","caption":"Alex @stahlhoefer"},"description":"Alexander Stahlhoefer (Alex) \u00e9 formado em Teologia e ordenado ao minist\u00e9rio mission\u00e1rio. Faz doutorado em Teologia Sistem\u00e1tica. \u00c9 casado com Luciane e pai da Ana Luisa. Ama leituras teol\u00f3gicas e deseja contribuir para que a palavra de Deus seja pregada com relev\u00e2ncia em todos os contextos.","sameAs":["http:\/\/alexlueana.blogspot.com"],"url":"https:\/\/crentassos.com.br\/blog\/author\/stahlhoefer"}]}},"_links":{"self":[{"href":"https:\/\/crentassos.com.br\/blog\/wp-json\/wp\/v2\/posts\/9777","targetHints":{"allow":["GET"]}}],"collection":[{"href":"https:\/\/crentassos.com.br\/blog\/wp-json\/wp\/v2\/posts"}],"about":[{"href":"https:\/\/crentassos.com.br\/blog\/wp-json\/wp\/v2\/types\/post"}],"author":[{"embeddable":true,"href":"https:\/\/crentassos.com.br\/blog\/wp-json\/wp\/v2\/users\/27"}],"replies":[{"embeddable":true,"href":"https:\/\/crentassos.com.br\/blog\/wp-json\/wp\/v2\/comments?post=9777"}],"version-history":[{"count":4,"href":"https:\/\/crentassos.com.br\/blog\/wp-json\/wp\/v2\/posts\/9777\/revisions"}],"predecessor-version":[{"id":9783,"href":"https:\/\/crentassos.com.br\/blog\/wp-json\/wp\/v2\/posts\/9777\/revisions\/9783"}],"wp:featuredmedia":[{"embeddable":true,"href":"https:\/\/crentassos.com.br\/blog\/wp-json\/wp\/v2\/media\/9782"}],"wp:attachment":[{"href":"https:\/\/crentassos.com.br\/blog\/wp-json\/wp\/v2\/media?parent=9777"}],"wp:term":[{"taxonomy":"category","embeddable":true,"href":"https:\/\/crentassos.com.br\/blog\/wp-json\/wp\/v2\/categories?post=9777"},{"taxonomy":"post_tag","embeddable":true,"href":"https:\/\/crentassos.com.br\/blog\/wp-json\/wp\/v2\/tags?post=9777"}],"curies":[{"name":"wp","href":"https:\/\/api.w.org\/{rel}","templated":true}]}}