{"id":9343,"date":"2013-06-12T08:56:24","date_gmt":"2013-06-12T11:56:24","guid":{"rendered":"http:\/\/crentassos.com.br\/blog\/?p=9343"},"modified":"2013-06-12T09:07:55","modified_gmt":"2013-06-12T12:07:55","slug":"video-na-marcha-para-jesus-em-curitiba-2013-mr3110","status":"publish","type":"post","link":"https:\/\/crentassos.com.br\/blog\/2013\/06\/video-na-marcha-para-jesus-em-curitiba-2013-mr3110.html","title":{"rendered":"Video na MARCHA PARA JESUS em Curitiba, 2013 &#8211; MR3110"},"content":{"rendered":"<p style=\"text-align: justify;\">No dia 18 de maio de 2013, alguns crist\u00e3os acordaram cedinhho para ir \u00e0s ruas de Curitiba e manifestar todo o seu amor pela menssagem do evangelho e todo o seu zelo pelo nome de Jesus&#8230; Sim, foi um dia de muita festa e de muita alegria para eles, pois puderam colocar suas &#8220;Armaduras espirituais&#8221; e adorar a seu deus, no meio da rua&#8230;<\/p>\n<p style=\"text-align: justify;\">Tratava-se de um grupo de roupas pretas, posicionado na escadaria da pre\u00e7a Tiradentes no centro da Cidade, quase em frente \u00e0 catedral, cerca de 30 pessoas trajando roupas predominantemente pretas, para simbolizar LUTO ao ver crist\u00e3os de todas as denomina\u00e7\u00f5es, tentando estrangular a igreja, corpo de Cristo, em troca de algumas moedas, poder politico e crescimento num\u00e9rico. Esse grupo, denominado MR3110, em referencia \u00e0 31 de outubro, dia em que DEVERIA ser comemorado pelos crist\u00e3os protestantes o inicio da reforma protestante com a revolta de um padre alem\u00e3o, que resolveu escrever uma lista de PROTESTOS na porta da igreja de que cuidava, Questionando as praticas de algumas pessoas dentro da igreja cat\u00f3lica e convocando os membros a debater sobre o assunto:<\/p>\n<p><em>&#8220;<span style=\"font-family: Bookman Old Style;\">Movido pelo amor e pelo empenho em prol do esclarecimento da verdade discutir-se-\u00e1 em Wittemberg, sob a presid\u00eancia do Rev. padre Martinho Lutero, o que segue. Aqueles que n\u00e3o puderem estar presentes para tratarem o assunto verbalmente conosco, o poder\u00e3o fazer por escrito.&#8221;<\/span><\/em><\/p>\n<p style=\"text-align: justify;\">Esse grupo, na Curitiba do Sec XXI, propos a mesma coisa que o icone da reforma, nada mais que isso, esclarecer a verdade sobre os MOTIVOS do que estava acontecendo&#8230; N\u00e3o foi uma manifesta\u00e7\u00e3o VIOLENTA ou CONTR\u00c1RIA \u00e0 f\u00e9 crist\u00e3, mas, com frases como &#8220;JESUS N\u00c3O \u00c9 JE$U$&#8221;, MENOS SHOW&#8230; MAIS CRUZ&#8221; e outras, tentou INICIAR UM DEBATE que deveria ter continuidade depois do evento, quando as pessoas que estavam marchando, correndo atr\u00e1s dos milhonarios carros de som, chegassem em casa e tivessem um tempo para pensar sobre o assunto&#8230; Esse \u00e9 o momento!<\/p>\n\n<p>Mais informa\u00e7\u00f5es em <a href=\"http:\/\/mr3110.blogspot.com.br\">MR3110<\/a><\/p>\n<p><a href=\"http:\/\/www.monergismo.com\/textos\/credos\/lutero_teses.htm\">95 teses de Lutero<\/a><\/p>\n","protected":false},"excerpt":{"rendered":"<p>No dia 18 de maio de 2013, alguns crist\u00e3os acordaram cedinhho para ir \u00e0s ruas de Curitiba e manifestar todo o seu [&hellip;]<\/p>\n","protected":false},"author":9,"featured_media":9346,"comment_status":"open","ping_status":"open","sticky":false,"template":"","format":"standard","meta":{"_exactmetrics_skip_tracking":false,"_exactmetrics_sitenote_active":false,"_exactmetrics_sitenote_note":"","_exactmetrics_sitenote_category":0,"footnotes":"","_links_to":"","_links_to_target":""},"categories":[112],"tags":[388,1774,2295],"class_list":{"0":"post-9343","1":"post","2":"type-post","3":"status-publish","4":"format-standard","5":"has-post-thumbnail","6":"hentry","7":"category-artigos","8":"tag-curitiba","9":"tag-marcha-pra-jesus","10":"tag-mr3110","12":"post-with-thumbnail","13":"post-with-thumbnail-large"},"yoast_head":"<!-- This site is optimized with the Yoast SEO plugin v27.1.1 - https:\/\/yoast.com\/product\/yoast-seo-wordpress\/ -->\n<title>Video na MARCHA PARA JESUS em Curitiba, 2013 - MR3110 - Crentassos Produ\u00e7\u00f5es Subversivas<\/title>\n<meta name=\"robots\" content=\"index, follow, max-snippet:-1, max-image-preview:large, max-video-preview:-1\" \/>\n<link rel=\"canonical\" href=\"https:\/\/crentassos.com.br\/blog\/2013\/06\/video-na-marcha-para-jesus-em-curitiba-2013-mr3110.html\" \/>\n<meta property=\"og:locale\" content=\"pt_BR\" \/>\n<meta property=\"og:type\" content=\"article\" \/>\n<meta property=\"og:title\" content=\"Video na MARCHA PARA JESUS em Curitiba, 2013 - MR3110 - Crentassos Produ\u00e7\u00f5es Subversivas\" \/>\n<meta property=\"og:description\" content=\"No dia 18 de maio de 2013, alguns crist\u00e3os acordaram cedinhho para ir \u00e0s ruas de Curitiba e manifestar todo o seu [&hellip;]\" \/>\n<meta property=\"og:url\" content=\"https:\/\/crentassos.com.br\/blog\/2013\/06\/video-na-marcha-para-jesus-em-curitiba-2013-mr3110.html\" \/>\n<meta property=\"og:site_name\" content=\"Crentassos Produ\u00e7\u00f5es Subversivas\" \/>\n<meta property=\"article:publisher\" content=\"http:\/\/www.facebook.com\/crentassos\" \/>\n<meta property=\"article:published_time\" content=\"2013-06-12T11:56:24+00:00\" \/>\n<meta property=\"article:modified_time\" content=\"2013-06-12T12:07:55+00:00\" \/>\n<meta property=\"og:image\" content=\"https:\/\/crentassos.com.br\/blog\/wp-content\/uploads\/marcha.jpg\" \/>\n\t<meta property=\"og:image:width\" content=\"662\" \/>\n\t<meta property=\"og:image:height\" content=\"1000\" \/>\n\t<meta property=\"og:image:type\" content=\"image\/jpeg\" \/>\n<meta name=\"author\" content=\"Cristiano Machado\" \/>\n<meta name=\"twitter:card\" content=\"summary_large_image\" \/>\n<meta name=\"twitter:creator\" content=\"@crentassos\" \/>\n<meta name=\"twitter:site\" content=\"@crentassos\" \/>\n<meta name=\"twitter:label1\" content=\"Escrito por\" \/>\n\t<meta name=\"twitter:data1\" content=\"Cristiano Machado\" \/>\n\t<meta name=\"twitter:label2\" content=\"Est. tempo de leitura\" \/>\n\t<meta name=\"twitter:data2\" content=\"2 minutos\" \/>\n<script type=\"application\/ld+json\" class=\"yoast-schema-graph\">{\"@context\":\"https:\/\/schema.org\",\"@graph\":[{\"@type\":\"Article\",\"@id\":\"https:\/\/crentassos.com.br\/blog\/2013\/06\/video-na-marcha-para-jesus-em-curitiba-2013-mr3110.html#article\",\"isPartOf\":{\"@id\":\"https:\/\/crentassos.com.br\/blog\/2013\/06\/video-na-marcha-para-jesus-em-curitiba-2013-mr3110.html\"},\"author\":{\"name\":\"Cristiano Machado\",\"@id\":\"https:\/\/crentassos.com.br\/blog\/#\/schema\/person\/7ec3329a98c44e20ccd6cc2c9e18acbd\"},\"headline\":\"Video na MARCHA PARA JESUS em Curitiba, 2013 &#8211; MR3110\",\"datePublished\":\"2013-06-12T11:56:24+00:00\",\"dateModified\":\"2013-06-12T12:07:55+00:00\",\"mainEntityOfPage\":{\"@id\":\"https:\/\/crentassos.com.br\/blog\/2013\/06\/video-na-marcha-para-jesus-em-curitiba-2013-mr3110.html\"},\"wordCount\":354,\"commentCount\":3,\"publisher\":{\"@id\":\"https:\/\/crentassos.com.br\/blog\/#organization\"},\"image\":{\"@id\":\"https:\/\/crentassos.com.br\/blog\/2013\/06\/video-na-marcha-para-jesus-em-curitiba-2013-mr3110.html#primaryimage\"},\"thumbnailUrl\":\"https:\/\/crentassos.com.br\/blog\/wp-content\/uploads\/marcha.jpg\",\"keywords\":[\"curitiba\",\"marcha pra Jesus\",\"mr3110\"],\"articleSection\":[\"Artigos\"],\"inLanguage\":\"pt-BR\",\"potentialAction\":[{\"@type\":\"CommentAction\",\"name\":\"Comment\",\"target\":[\"https:\/\/crentassos.com.br\/blog\/2013\/06\/video-na-marcha-para-jesus-em-curitiba-2013-mr3110.html#respond\"]}]},{\"@type\":\"WebPage\",\"@id\":\"https:\/\/crentassos.com.br\/blog\/2013\/06\/video-na-marcha-para-jesus-em-curitiba-2013-mr3110.html\",\"url\":\"https:\/\/crentassos.com.br\/blog\/2013\/06\/video-na-marcha-para-jesus-em-curitiba-2013-mr3110.html\",\"name\":\"Video na MARCHA PARA JESUS em Curitiba, 2013 - MR3110 - Crentassos Produ\u00e7\u00f5es Subversivas\",\"isPartOf\":{\"@id\":\"https:\/\/crentassos.com.br\/blog\/#website\"},\"primaryImageOfPage\":{\"@id\":\"https:\/\/crentassos.com.br\/blog\/2013\/06\/video-na-marcha-para-jesus-em-curitiba-2013-mr3110.html#primaryimage\"},\"image\":{\"@id\":\"https:\/\/crentassos.com.br\/blog\/2013\/06\/video-na-marcha-para-jesus-em-curitiba-2013-mr3110.html#primaryimage\"},\"thumbnailUrl\":\"https:\/\/crentassos.com.br\/blog\/wp-content\/uploads\/marcha.jpg\",\"datePublished\":\"2013-06-12T11:56:24+00:00\",\"dateModified\":\"2013-06-12T12:07:55+00:00\",\"breadcrumb\":{\"@id\":\"https:\/\/crentassos.com.br\/blog\/2013\/06\/video-na-marcha-para-jesus-em-curitiba-2013-mr3110.html#breadcrumb\"},\"inLanguage\":\"pt-BR\",\"potentialAction\":[{\"@type\":\"ReadAction\",\"target\":[\"https:\/\/crentassos.com.br\/blog\/2013\/06\/video-na-marcha-para-jesus-em-curitiba-2013-mr3110.html\"]}]},{\"@type\":\"ImageObject\",\"inLanguage\":\"pt-BR\",\"@id\":\"https:\/\/crentassos.com.br\/blog\/2013\/06\/video-na-marcha-para-jesus-em-curitiba-2013-mr3110.html#primaryimage\",\"url\":\"https:\/\/crentassos.com.br\/blog\/wp-content\/uploads\/marcha.jpg\",\"contentUrl\":\"https:\/\/crentassos.com.br\/blog\/wp-content\/uploads\/marcha.jpg\",\"width\":662,\"height\":1000},{\"@type\":\"BreadcrumbList\",\"@id\":\"https:\/\/crentassos.com.br\/blog\/2013\/06\/video-na-marcha-para-jesus-em-curitiba-2013-mr3110.html#breadcrumb\",\"itemListElement\":[{\"@type\":\"ListItem\",\"position\":1,\"name\":\"Home\",\"item\":\"https:\/\/crentassos.com.br\/blog\/\"},{\"@type\":\"ListItem\",\"position\":2,\"name\":\"Video na MARCHA PARA JESUS em Curitiba, 2013 &#8211; MR3110\"}]},{\"@type\":\"WebSite\",\"@id\":\"https:\/\/crentassos.com.br\/blog\/#website\",\"url\":\"https:\/\/crentassos.com.br\/blog\/\",\"name\":\"Crentassos Produ\u00e7\u00f5es Subversivas\",\"description\":\"Podcast Crist\u00e3o, Podcrent, Da Prateleira, Artigos crist\u00e3os, Teologia, Estudos, Textos B\u00edblicos\",\"publisher\":{\"@id\":\"https:\/\/crentassos.com.br\/blog\/#organization\"},\"potentialAction\":[{\"@type\":\"SearchAction\",\"target\":{\"@type\":\"EntryPoint\",\"urlTemplate\":\"https:\/\/crentassos.com.br\/blog\/?s={search_term_string}\"},\"query-input\":{\"@type\":\"PropertyValueSpecification\",\"valueRequired\":true,\"valueName\":\"search_term_string\"}}],\"inLanguage\":\"pt-BR\"},{\"@type\":\"Organization\",\"@id\":\"https:\/\/crentassos.com.br\/blog\/#organization\",\"name\":\"Crentassos Produ\u00e7\u00f5es Subversivas\",\"url\":\"https:\/\/crentassos.com.br\/blog\/\",\"logo\":{\"@type\":\"ImageObject\",\"inLanguage\":\"pt-BR\",\"@id\":\"https:\/\/crentassos.com.br\/blog\/#\/schema\/logo\/image\/\",\"url\":\"https:\/\/crentassos.com.br\/blog\/wp-content\/uploads\/2020\/05\/cropped-crentassos1-300x300png.png\",\"contentUrl\":\"https:\/\/crentassos.com.br\/blog\/wp-content\/uploads\/2020\/05\/cropped-crentassos1-300x300png.png\",\"width\":300,\"height\":300,\"caption\":\"Crentassos Produ\u00e7\u00f5es Subversivas\"},\"image\":{\"@id\":\"https:\/\/crentassos.com.br\/blog\/#\/schema\/logo\/image\/\"},\"sameAs\":[\"http:\/\/www.facebook.com\/crentassos\",\"https:\/\/x.com\/crentassos\",\"https:\/\/www.instagram.com\/crentassos\",\"https:\/\/www.youtube.com\/crentassos\"]},{\"@type\":\"Person\",\"@id\":\"https:\/\/crentassos.com.br\/blog\/#\/schema\/person\/7ec3329a98c44e20ccd6cc2c9e18acbd\",\"name\":\"Cristiano Machado\",\"image\":{\"@type\":\"ImageObject\",\"inLanguage\":\"pt-BR\",\"@id\":\"https:\/\/crentassos.com.br\/blog\/#\/schema\/person\/image\/\",\"url\":\"https:\/\/secure.gravatar.com\/avatar\/3e7427d384f99d15935b3008477c324124816869ceb70e362e586dcccdb265bf?s=96&d=retro&r=g\",\"contentUrl\":\"https:\/\/secure.gravatar.com\/avatar\/3e7427d384f99d15935b3008477c324124816869ceb70e362e586dcccdb265bf?s=96&d=retro&r=g\",\"caption\":\"Cristiano Machado\"},\"description\":\"Cristiano Machado \u00e9 o culpado pelo inicio do COLETIVO CRENTASSOS PRODU\u00c7\u00d5ES SUBVERSIVAS e atua como auxiliar de cirurgi\u00e3o barbeiro, tocando o bumbo, jogando malabares, preparando o elixir, costurando amputa\u00e7\u00f5es e demais atividades relacionadas \u00e0 sua ocupa\u00e7\u00e3o. Pensa n\u00e3o vida em forma de pergunta e nunca de resposta, e tem um profundo sentimento de gratid\u00e3o e amor por sua esposa e filha. Religi\u00e3o: Crist\u00e3o Protestante Reformando-se Estado Civil: Inteiramente apaixonado\",\"sameAs\":[\"http:\/\/crentassos.com.br\/blog\"],\"url\":\"https:\/\/crentassos.com.br\/blog\/author\/o_cristiano\"}]}<\/script>\n<!-- \/ Yoast SEO plugin. -->","yoast_head_json":{"title":"Video na MARCHA PARA JESUS em Curitiba, 2013 - MR3110 - Crentassos Produ\u00e7\u00f5es Subversivas","robots":{"index":"index","follow":"follow","max-snippet":"max-snippet:-1","max-image-preview":"max-image-preview:large","max-video-preview":"max-video-preview:-1"},"canonical":"https:\/\/crentassos.com.br\/blog\/2013\/06\/video-na-marcha-para-jesus-em-curitiba-2013-mr3110.html","og_locale":"pt_BR","og_type":"article","og_title":"Video na MARCHA PARA JESUS em Curitiba, 2013 - MR3110 - Crentassos Produ\u00e7\u00f5es Subversivas","og_description":"No dia 18 de maio de 2013, alguns crist\u00e3os acordaram cedinhho para ir \u00e0s ruas de Curitiba e manifestar todo o seu [&hellip;]","og_url":"https:\/\/crentassos.com.br\/blog\/2013\/06\/video-na-marcha-para-jesus-em-curitiba-2013-mr3110.html","og_site_name":"Crentassos Produ\u00e7\u00f5es Subversivas","article_publisher":"http:\/\/www.facebook.com\/crentassos","article_published_time":"2013-06-12T11:56:24+00:00","article_modified_time":"2013-06-12T12:07:55+00:00","og_image":[{"width":662,"height":1000,"url":"https:\/\/crentassos.com.br\/blog\/wp-content\/uploads\/marcha.jpg","type":"image\/jpeg"}],"author":"Cristiano Machado","twitter_card":"summary_large_image","twitter_creator":"@crentassos","twitter_site":"@crentassos","twitter_misc":{"Escrito por":"Cristiano Machado","Est. tempo de leitura":"2 minutos"},"schema":{"@context":"https:\/\/schema.org","@graph":[{"@type":"Article","@id":"https:\/\/crentassos.com.br\/blog\/2013\/06\/video-na-marcha-para-jesus-em-curitiba-2013-mr3110.html#article","isPartOf":{"@id":"https:\/\/crentassos.com.br\/blog\/2013\/06\/video-na-marcha-para-jesus-em-curitiba-2013-mr3110.html"},"author":{"name":"Cristiano Machado","@id":"https:\/\/crentassos.com.br\/blog\/#\/schema\/person\/7ec3329a98c44e20ccd6cc2c9e18acbd"},"headline":"Video na MARCHA PARA JESUS em Curitiba, 2013 &#8211; MR3110","datePublished":"2013-06-12T11:56:24+00:00","dateModified":"2013-06-12T12:07:55+00:00","mainEntityOfPage":{"@id":"https:\/\/crentassos.com.br\/blog\/2013\/06\/video-na-marcha-para-jesus-em-curitiba-2013-mr3110.html"},"wordCount":354,"commentCount":3,"publisher":{"@id":"https:\/\/crentassos.com.br\/blog\/#organization"},"image":{"@id":"https:\/\/crentassos.com.br\/blog\/2013\/06\/video-na-marcha-para-jesus-em-curitiba-2013-mr3110.html#primaryimage"},"thumbnailUrl":"https:\/\/crentassos.com.br\/blog\/wp-content\/uploads\/marcha.jpg","keywords":["curitiba","marcha pra Jesus","mr3110"],"articleSection":["Artigos"],"inLanguage":"pt-BR","potentialAction":[{"@type":"CommentAction","name":"Comment","target":["https:\/\/crentassos.com.br\/blog\/2013\/06\/video-na-marcha-para-jesus-em-curitiba-2013-mr3110.html#respond"]}]},{"@type":"WebPage","@id":"https:\/\/crentassos.com.br\/blog\/2013\/06\/video-na-marcha-para-jesus-em-curitiba-2013-mr3110.html","url":"https:\/\/crentassos.com.br\/blog\/2013\/06\/video-na-marcha-para-jesus-em-curitiba-2013-mr3110.html","name":"Video na MARCHA PARA JESUS em Curitiba, 2013 - MR3110 - Crentassos Produ\u00e7\u00f5es Subversivas","isPartOf":{"@id":"https:\/\/crentassos.com.br\/blog\/#website"},"primaryImageOfPage":{"@id":"https:\/\/crentassos.com.br\/blog\/2013\/06\/video-na-marcha-para-jesus-em-curitiba-2013-mr3110.html#primaryimage"},"image":{"@id":"https:\/\/crentassos.com.br\/blog\/2013\/06\/video-na-marcha-para-jesus-em-curitiba-2013-mr3110.html#primaryimage"},"thumbnailUrl":"https:\/\/crentassos.com.br\/blog\/wp-content\/uploads\/marcha.jpg","datePublished":"2013-06-12T11:56:24+00:00","dateModified":"2013-06-12T12:07:55+00:00","breadcrumb":{"@id":"https:\/\/crentassos.com.br\/blog\/2013\/06\/video-na-marcha-para-jesus-em-curitiba-2013-mr3110.html#breadcrumb"},"inLanguage":"pt-BR","potentialAction":[{"@type":"ReadAction","target":["https:\/\/crentassos.com.br\/blog\/2013\/06\/video-na-marcha-para-jesus-em-curitiba-2013-mr3110.html"]}]},{"@type":"ImageObject","inLanguage":"pt-BR","@id":"https:\/\/crentassos.com.br\/blog\/2013\/06\/video-na-marcha-para-jesus-em-curitiba-2013-mr3110.html#primaryimage","url":"https:\/\/crentassos.com.br\/blog\/wp-content\/uploads\/marcha.jpg","contentUrl":"https:\/\/crentassos.com.br\/blog\/wp-content\/uploads\/marcha.jpg","width":662,"height":1000},{"@type":"BreadcrumbList","@id":"https:\/\/crentassos.com.br\/blog\/2013\/06\/video-na-marcha-para-jesus-em-curitiba-2013-mr3110.html#breadcrumb","itemListElement":[{"@type":"ListItem","position":1,"name":"Home","item":"https:\/\/crentassos.com.br\/blog\/"},{"@type":"ListItem","position":2,"name":"Video na MARCHA PARA JESUS em Curitiba, 2013 &#8211; MR3110"}]},{"@type":"WebSite","@id":"https:\/\/crentassos.com.br\/blog\/#website","url":"https:\/\/crentassos.com.br\/blog\/","name":"Crentassos Produ\u00e7\u00f5es Subversivas","description":"Podcast Crist\u00e3o, Podcrent, Da Prateleira, Artigos crist\u00e3os, Teologia, Estudos, Textos B\u00edblicos","publisher":{"@id":"https:\/\/crentassos.com.br\/blog\/#organization"},"potentialAction":[{"@type":"SearchAction","target":{"@type":"EntryPoint","urlTemplate":"https:\/\/crentassos.com.br\/blog\/?s={search_term_string}"},"query-input":{"@type":"PropertyValueSpecification","valueRequired":true,"valueName":"search_term_string"}}],"inLanguage":"pt-BR"},{"@type":"Organization","@id":"https:\/\/crentassos.com.br\/blog\/#organization","name":"Crentassos Produ\u00e7\u00f5es Subversivas","url":"https:\/\/crentassos.com.br\/blog\/","logo":{"@type":"ImageObject","inLanguage":"pt-BR","@id":"https:\/\/crentassos.com.br\/blog\/#\/schema\/logo\/image\/","url":"https:\/\/crentassos.com.br\/blog\/wp-content\/uploads\/2020\/05\/cropped-crentassos1-300x300png.png","contentUrl":"https:\/\/crentassos.com.br\/blog\/wp-content\/uploads\/2020\/05\/cropped-crentassos1-300x300png.png","width":300,"height":300,"caption":"Crentassos Produ\u00e7\u00f5es Subversivas"},"image":{"@id":"https:\/\/crentassos.com.br\/blog\/#\/schema\/logo\/image\/"},"sameAs":["http:\/\/www.facebook.com\/crentassos","https:\/\/x.com\/crentassos","https:\/\/www.instagram.com\/crentassos","https:\/\/www.youtube.com\/crentassos"]},{"@type":"Person","@id":"https:\/\/crentassos.com.br\/blog\/#\/schema\/person\/7ec3329a98c44e20ccd6cc2c9e18acbd","name":"Cristiano Machado","image":{"@type":"ImageObject","inLanguage":"pt-BR","@id":"https:\/\/crentassos.com.br\/blog\/#\/schema\/person\/image\/","url":"https:\/\/secure.gravatar.com\/avatar\/3e7427d384f99d15935b3008477c324124816869ceb70e362e586dcccdb265bf?s=96&d=retro&r=g","contentUrl":"https:\/\/secure.gravatar.com\/avatar\/3e7427d384f99d15935b3008477c324124816869ceb70e362e586dcccdb265bf?s=96&d=retro&r=g","caption":"Cristiano Machado"},"description":"Cristiano Machado \u00e9 o culpado pelo inicio do COLETIVO CRENTASSOS PRODU\u00c7\u00d5ES SUBVERSIVAS e atua como auxiliar de cirurgi\u00e3o barbeiro, tocando o bumbo, jogando malabares, preparando o elixir, costurando amputa\u00e7\u00f5es e demais atividades relacionadas \u00e0 sua ocupa\u00e7\u00e3o. Pensa n\u00e3o vida em forma de pergunta e nunca de resposta, e tem um profundo sentimento de gratid\u00e3o e amor por sua esposa e filha. Religi\u00e3o: Crist\u00e3o Protestante Reformando-se Estado Civil: Inteiramente apaixonado","sameAs":["http:\/\/crentassos.com.br\/blog"],"url":"https:\/\/crentassos.com.br\/blog\/author\/o_cristiano"}]}},"_links":{"self":[{"href":"https:\/\/crentassos.com.br\/blog\/wp-json\/wp\/v2\/posts\/9343","targetHints":{"allow":["GET"]}}],"collection":[{"href":"https:\/\/crentassos.com.br\/blog\/wp-json\/wp\/v2\/posts"}],"about":[{"href":"https:\/\/crentassos.com.br\/blog\/wp-json\/wp\/v2\/types\/post"}],"author":[{"embeddable":true,"href":"https:\/\/crentassos.com.br\/blog\/wp-json\/wp\/v2\/users\/9"}],"replies":[{"embeddable":true,"href":"https:\/\/crentassos.com.br\/blog\/wp-json\/wp\/v2\/comments?post=9343"}],"version-history":[{"count":6,"href":"https:\/\/crentassos.com.br\/blog\/wp-json\/wp\/v2\/posts\/9343\/revisions"}],"predecessor-version":[{"id":9349,"href":"https:\/\/crentassos.com.br\/blog\/wp-json\/wp\/v2\/posts\/9343\/revisions\/9349"}],"wp:featuredmedia":[{"embeddable":true,"href":"https:\/\/crentassos.com.br\/blog\/wp-json\/wp\/v2\/media\/9346"}],"wp:attachment":[{"href":"https:\/\/crentassos.com.br\/blog\/wp-json\/wp\/v2\/media?parent=9343"}],"wp:term":[{"taxonomy":"category","embeddable":true,"href":"https:\/\/crentassos.com.br\/blog\/wp-json\/wp\/v2\/categories?post=9343"},{"taxonomy":"post_tag","embeddable":true,"href":"https:\/\/crentassos.com.br\/blog\/wp-json\/wp\/v2\/tags?post=9343"}],"curies":[{"name":"wp","href":"https:\/\/api.w.org\/{rel}","templated":true}]}}