{"id":8786,"date":"2013-03-19T14:39:33","date_gmt":"2013-03-19T17:39:33","guid":{"rendered":"http:\/\/crentassos.com.br\/blog\/?p=8786"},"modified":"2013-03-19T15:15:46","modified_gmt":"2013-03-19T18:15:46","slug":"redcomments-protesto-contra-deputado-feliciano-cancela-culto-evangelico-em-ribeirao","status":"publish","type":"post","link":"https:\/\/crentassos.com.br\/blog\/2013\/03\/redcomments-protesto-contra-deputado-feliciano-cancela-culto-evangelico-em-ribeirao.html","title":{"rendered":"#RedComments &#8211; Protesto contra deputado Feliciano cancela culto evang\u00e9lico em Ribeir\u00e3o"},"content":{"rendered":"<p style=\"text-align: justify;\">Protesto contra deputado Feliciano <strong><span style=\"color: #ff0000;\">(Sempre ele&#8230; O perigote das molheres!)<\/span><\/strong> cancela culto evang\u00e9lico em Ribeir\u00e3o <span style=\"color: #ff0000;\"><strong>(Pera\u00ea&#8230; oque o CULTO tem haver com o FELICIANO?)<\/strong><\/span>. Grupo realizou terceira manifesta\u00e7\u00e3o em frente \u00e0 Assembleia de Deus e a assessoria do parlamentar n\u00e3o descarta suspender cerim\u00f4nia semanal <span style=\"color: #ff0000;\"><strong>(Cancelar? Duvido muito&#8230;) <\/strong><\/span>.<\/p>\n<div style=\"text-align: justify;\"><a href=\"http:\/\/m.g1.globo.com\/sp\/ribeirao-preto-franca\/noticia\/2013\/03\/protesto-contra-deputado-feliciano-cancela-culto-evangelico-em-ribeirao.html?openGallery=true&amp;photoIndex=1\"> <img loading=\"lazy\" decoding=\"async\" class=\"alignright\" alt=\"\" src=\"http:\/\/s2.glbimg.com\/8YEQ20JKQ8zCPhL6YwvsYs38rHqSQl0BPg9XnTFzQElKubyC79v4Dlk-Q1ax1JOmqTxcvNLZErB76qLeqjozXeOop661hf3lF-llVE6zXza4QB86QefbJIukx3ONULcz\/s.glbimg.com\/jo\/g1\/f\/original\/2013\/03\/19\/protesto2_1.jpg\" width=\"290\" height=\"210\" \/><\/a>Cerca de 100 pessoas realizaram uma manifesta\u00e7\u00e3o na noite desta segunda-feira (18) em frente \u00e0 catederal\u00a0<span style=\"color: #ff0000;\"><strong>(CATEDRAL? Pqp!) <\/strong><\/span> da Assembleia de Deus Avivamento da F\u00e9, em Ribeir\u00e3o Preto (SP), contra a elei\u00e7\u00e3o do pastor e deputado federal Marco Feliciano\u00a0<span style=\"color: #ff0000;\"><strong>(Pergunto denovo&#8230; Oq a ADAF tem haver com a elei\u00e7\u00e3o do Feliciano?) <\/strong><\/span> ( PSC -SP) para presidir a Comiss\u00e3o dos Direitos Humanos e de Minorias da C\u00e2mara em Bras\u00edlia (DF). Esse foi o terceiro protesto organizado pelo grupo na cidade, durante o culto evang\u00e9lico semanal realizado por Feliciano <span style=\"color: #ff0000;\"><strong>(Hum&#8230; Pensei que ele nem estava l\u00e1 durante a manifesta\u00e7\u00e3o) <\/strong><\/span>.<\/div>\n<div style=\"text-align: justify;\">\n<p style=\"text-align: justify;\">Na \u00faltima sexta-feira (15), o deputado j\u00e1 havia cancelado a participa\u00e7\u00e3o no encontro por causa dos protestos. Na noite de segunda, a cerim\u00f4nia tamb\u00e9m foi suspensa. Um grupo de evang\u00e9licos que n\u00e3o havia sido avisado, encontrou o templo fechado. A assessoria de Feliciano informou que n\u00e3o descarta a hip\u00f3tese de cancelar os pr\u00f3ximos cultos, sempre \u00e0s segundas-feiras, quando o pastor grava seu programa de televis\u00e3o <span style=\"color: #ff0000;\"><strong>(Programa de TV? Como que eu nunca vi isso?) <\/strong><\/span>.<\/p>\n<p style=\"text-align: justify;\">&#8220;Eu consegui falar com eles [os manifestantes], mas ficou dif\u00edcil dialogar. Essa discuss\u00e3o n\u00e3o \u00e9 religiosa, \u00e9 pol\u00edtica <span style=\"color: #ff0000;\"><strong>(Com certeza&#8230; \u00e9 POLITICA, mesmo q a religi\u00e3o influencie, direta ou indiretamente) <\/strong><\/span>. Eles est\u00e3o ferindo o nosso direito religioso. Dessa vez, alguns vieram mascarados, pixaram as portas da igreja <span style=\"color: #ff0000;\"><strong>(CARACA&#8230; \u00e9 verdade isso?) <\/strong><\/span>, estamos com medo\u201d, disse o pastor e tamb\u00e9m assessor do deputado Feliciano, Wellington de Oliveira.<\/p>\n<p style=\"text-align: justify;\"><strong>Protesto<\/strong><br \/>\nUma das participantes do protesto, a estudante de psicologia Yasmin Alves Teixeira, confirmou que &#8220;pessoas com interesses religiosos&#8221; se reuniram ao grupo durante a manifesta\u00e7\u00e3o <span style=\"color: #ff0000;\"><strong>(Vish&#8230; isso vai dar \u00e9 merda, heim!) <\/strong><\/span>. Yasmin disse , por\u00e9m, que a maioria dos participantes s\u00e3o estudantes universit\u00e1rios, ativistas sociais, integrantes do movimento LGBT e simpatizantes.<\/p>\n<p style=\"text-align: justify;\">&#8220;A gente n\u00e3o \u00e9 contra nenhuma religi\u00e3o <span style=\"color: #ff0000;\"><strong>(Ent\u00e3o pq n\u00e3o v\u00e3o protestar onde ele atua como presidente&#8230; Pelo que sei, na igreja ele \u00e9 apenas pedinte e pregador)<\/strong><\/span>. Muito pelo contr\u00e1rio, defendemos um Estado laico para que todas as religi\u00f5es possam se manifestar. A gente pretende continuar, enquanto ele [Feliciano] estiver na presid\u00eancia <span style=\"color: #ff0000;\"><strong>(Mas s\u00e3o os crist\u00e3os da igreja que v\u00e3o decideir se ele fica ou n\u00e3o?) <\/strong><\/span>. Enquanto n\u00e3o escolherem algu\u00e9m que a gente considere apto para presidir a Comiss\u00e3o, vamos continuar protestando&#8221;, afirmou.<\/p>\n<div><strong><a href=\"http:\/\/m.g1.globo.com\/sp\/ribeirao-preto-franca\/noticia\/2013\/03\/protesto-contra-deputado-feliciano-cancela-culto-evangelico-em-ribeirao.html?openGallery=true&amp;photoIndex=2\"> <img loading=\"lazy\" decoding=\"async\" class=\"alignleft\" alt=\"\" src=\"http:\/\/s2.glbimg.com\/2VcU031UFgDj1NDRri2Fb838rHqSQl0BPg9XnTFzQElKubyC79v4Dlk-Q1ax1JOmKgdXXMXfxcCPvMxcYVaG2c6-_rTs662akoSQPj1DIf3RhQ5nXOgbZTTLD71Suu55\/s.glbimg.com\/jo\/g1\/f\/original\/2013\/03\/19\/protesto.jpg\" width=\"140\" height=\"105\" \/><\/a>Pol\u00eamica<\/strong><\/div>\n<p style=\"text-align: justify;\">Feliciano \u00e9 acusado de ser racista e homof\u00f3bico ap\u00f3s publicar declara\u00e7\u00f5es em seu Twitter <span style=\"color: #ff0000;\"><strong>(acusado? Alguem n\u00e3o viu aquilo ainda?) <\/strong><\/span>, em 2011, sobre africanos e homossexuais. &#8220;Sobre o continente africano repousa a maldi\u00e7\u00e3o do paganismo, ocultismo, mis\u00e9rias, doen\u00e7as oriundas de l\u00e1: ebola, Aids, fome&#8230; etc&#8221;, escreveu o deputado na ocasi\u00e3o. Ele tamb\u00e9m havia publicado na rede social que &#8220;a podrid\u00e3o dos sentimentos dos homoafetivos leva ao \u00f3dio, ao crime e \u00e0 rejei\u00e7\u00e3o&#8221;<span style=\"color: #ff0000;\"><strong>(Bem&#8230; quanto ao fato dele ser RACISTA e HOMOFOBICO, \u00e9 inegavel) <\/strong><\/span> .<\/p>\n<p>O novo presidente da Comiss\u00e3o dos Direitos Humanos \u00e9 alvo de dois processos no Supremo Tribunal Federal (STF): um inqu\u00e9rito por homofobia e uma a\u00e7\u00e3o penal por estelionato. A defesa do parlamentar nega as duas acusa\u00e7\u00f5es <span style=\"color: #ff0000;\"><strong>(Ah, v\u00e1&#8230;) <\/strong><\/span>.<\/p>\n<p>Ap\u00f3s os protestos que vem sofrendo durante as apari\u00e7\u00f5es p\u00fablicas, Feliciano divulgou em seu site uma nota em rep\u00fadio a qualquer ato de viol\u00eancia <span style=\"color: #ff0000;\"><strong>(Nisso ele t\u00e1 certo&#8230; Foi eleito, pelo que sei, democraticamente (supondo que a democracia fosse real) e n\u00e3o \u00e9 na porrada que ele vai abandonar a presidencia, \u00e9 mais fcil ele se tornar algum tipo de martir da causa anti-gay, antes!) <\/strong><\/span>. A assessoria do parlamentar afirmou ainda que a agenda dele, atualizada diariamente em sua p\u00e1gina na internet, n\u00e3o ser\u00e1 mais divulgada por precau\u00e7\u00e3o.<\/p>\n<p>&#8212;-<\/p>\n<p><span style=\"color: #ff0000;\">Cristiano Machado diz:<\/span><\/p>\n<p><span style=\"color: #ff0000;\">Cara&#8230; Na boa. Posso estar sendo ingenuo aqui, mas acredito, que alguma coisa muito errada esta acontecendo por aqui, vamos aos fatos:<\/span><\/p>\n<p><span style=\"color: #ff0000;\">1) Crist\u00e3os, deveriam seguir o exemplo de CRISTO e defender a vida, ser perdoadores, ser misericordioso e por ai vai&#8230; N\u00e3o \u00e9 a atitude que vemos neste sehor. Vemos sim, uma pessoa desorientada teologicamente, e com grandes chances de se dar muito mal na vida politica, pois se o cara tem as moral de dizer que NEGROS s\u00e3o amaldi\u00e7oados, numa rede social onde \u00e9 seguido por uma caralhada de gente, com certeza ele n\u00e3o tem capacidade para ser um &#8220;bom&#8221; politico. Se racista e presidente do conselho de direitos humanos \u00e9 piada, n\u00e9<\/span><\/p>\n<p><span style=\"color: #ff0000;\">2) Mas convenhamos&#8230; O Protesto \u00e9 contra o DEPUTADO Marcos e n\u00e3o contra o PASTOR Marcos Feliciano&#8230; Se o debate est\u00e1 na esfera politica, n\u00e3o podemos impedi-lo de praticar a sua outra profiss\u00e3o, que \u00e9 a de enganador de gente inocente. Sim, eu discordo dele com pastor tambem, pq de acordo com a teologia que eu tenho, oq ele prega \u00e9 heresia, mas militantes LGBTs, n\u00e3o est\u00e3o debatendo teologia com ele, logo, manifestar-se contra ele na igreja, \u00e9 no minimo incoerente.<\/span><\/p>\n<p><span style=\"color: #ff0000;\">3) Claro, que um militante LGBT dir\u00e1: &#8220;Mas as pessoas da igreja dele precisam saber da verdade&#8230; E temos que nos manifestar l\u00e1&#8221;. Sim, concordo, mas a quest\u00e3o \u00e9: Quando confundimos o debate politico e religioso, acabam, os militantes LGBTS po cometer o mesmo erro que o Feliciano comete, usa argumentos de um assunto para debater outro. O argumento de um crente que acredita do Feliciano, \u00e9 RELIGIOSO, e como tal, \u00e9 o mais importante de todos para eles. Temos q rever isso ae<\/span><\/p>\n<p><span style=\"color: #ff0000;\">4) Que os crentes s\u00e3o uma massa de manobra violenta dos pastores pilantras, todo mundo j\u00e1 est\u00e1 careca de saber, mas aqui surge uma nova classe de protenciais massas de manobra&#8230; Sim, os LGBTs, pois na sua grande maioria, os caras s\u00f3 querem viver sua vida em paz e n\u00e3o est\u00e3o muito interessados em politica e religi\u00e3o, quando estas n\u00e3o intereferem em seus direitos basicos&#8230; Mas pouco a pouco, vemos que surge uma massa disposta a fazer QUALQUER COISA que seus lideres mandarem fazer. Encher as midias sociais, sair nas ruas, colocar a mascara do vendetta e \u00e9 clar&#8230; VOTAR! E ai \u00e9 que mora o perigo&#8230; Se tem gente, USANDO outras pessoas, veja, eu sou OPOSI\u00c7\u00c3O, seja essa lideran\u00e7a EVANGELICA ou LGBT, seja quem for&#8230; Quando me converti, foi a CRISTO que tomei a decis\u00e3o, n\u00e3o foi nem aos LGBT e nem \u00e0 IGREJA EVANGELICA, ou seja, qualquer um que queira ser contra as liberdades individuais de cada cidad\u00e3o, que for um manipulador leviano, que seja favoravel a proibi\u00e7\u00e3o de qualquer religi\u00e3o&#8230; Tenha certeza, sou seu inimigo!<\/span><\/p>\n<p>fonte <a href=\"http:\/\/m.g1.globo.com\/sp\/ribeirao-preto-franca\/noticia\/2013\/03\/protesto-contra-deputado-feliciano-cancela-culto-evangelico-em-ribeirao.htmlhttp:\/\/\" target=\"_blank\">http:\/\/m.g1.globo.com\/sp\/ribeirao-preto-franca\/noticia\/2013\/03\/protesto-contra-deputado-feliciano-cancela-culto-evangelico-em-ribeirao.html<\/a><\/p>\n<\/div>\n","protected":false},"excerpt":{"rendered":"<p>Protesto contra deputado Feliciano (Sempre ele&#8230; O perigote das molheres!) cancela culto evang\u00e9lico em Ribeir\u00e3o (Pera\u00ea&#8230; oque o CULTO tem haver com [&hellip;]<\/p>\n","protected":false},"author":9,"featured_media":8698,"comment_status":"open","ping_status":"open","sticky":false,"template":"","format":"standard","meta":{"_exactmetrics_skip_tracking":false,"_exactmetrics_sitenote_active":false,"_exactmetrics_sitenote_note":"","_exactmetrics_sitenote_category":0,"footnotes":"","_links_to":"","_links_to_target":""},"categories":[112,1391],"tags":[430,672,2207,2201],"class_list":{"0":"post-8786","1":"post","2":"type-post","3":"status-publish","4":"format-standard","5":"has-post-thumbnail","6":"hentry","7":"category-artigos","8":"category-red-comments-sessoes","9":"tag-direitos-humanos","10":"tag-inimigo","11":"tag-lgbt","12":"tag-marcos-feliciano","14":"post-with-thumbnail","15":"post-with-thumbnail-large"},"yoast_head":"<!-- This site is optimized with the Yoast SEO plugin v27.1.1 - https:\/\/yoast.com\/product\/yoast-seo-wordpress\/ -->\n<title>#RedComments - Protesto contra deputado Feliciano cancela culto evang\u00e9lico em Ribeir\u00e3o - Crentassos Produ\u00e7\u00f5es Subversivas<\/title>\n<meta name=\"robots\" content=\"index, follow, max-snippet:-1, max-image-preview:large, max-video-preview:-1\" \/>\n<link rel=\"canonical\" href=\"https:\/\/crentassos.com.br\/blog\/2013\/03\/redcomments-protesto-contra-deputado-feliciano-cancela-culto-evangelico-em-ribeirao.html\" \/>\n<meta property=\"og:locale\" content=\"pt_BR\" \/>\n<meta property=\"og:type\" content=\"article\" \/>\n<meta property=\"og:title\" content=\"#RedComments - Protesto contra deputado Feliciano cancela culto evang\u00e9lico em Ribeir\u00e3o - Crentassos Produ\u00e7\u00f5es Subversivas\" \/>\n<meta property=\"og:description\" content=\"Protesto contra deputado Feliciano (Sempre ele&#8230; O perigote das molheres!) cancela culto evang\u00e9lico em Ribeir\u00e3o (Pera\u00ea&#8230; oque o CULTO tem haver com [&hellip;]\" \/>\n<meta property=\"og:url\" content=\"https:\/\/crentassos.com.br\/blog\/2013\/03\/redcomments-protesto-contra-deputado-feliciano-cancela-culto-evangelico-em-ribeirao.html\" \/>\n<meta property=\"og:site_name\" content=\"Crentassos Produ\u00e7\u00f5es Subversivas\" \/>\n<meta property=\"article:publisher\" content=\"http:\/\/www.facebook.com\/crentassos\" \/>\n<meta property=\"article:published_time\" content=\"2013-03-19T17:39:33+00:00\" \/>\n<meta property=\"article:modified_time\" content=\"2013-03-19T18:15:46+00:00\" \/>\n<meta property=\"og:image\" content=\"https:\/\/crentassos.com.br\/blog\/wp-content\/uploads\/pastor-marco-feliciano.jpg\" \/>\n\t<meta property=\"og:image:width\" content=\"300\" \/>\n\t<meta property=\"og:image:height\" content=\"257\" \/>\n\t<meta property=\"og:image:type\" content=\"image\/jpeg\" \/>\n<meta name=\"author\" content=\"Cristiano Machado\" \/>\n<meta name=\"twitter:card\" content=\"summary_large_image\" \/>\n<meta name=\"twitter:creator\" content=\"@crentassos\" \/>\n<meta name=\"twitter:site\" content=\"@crentassos\" \/>\n<meta name=\"twitter:label1\" content=\"Escrito por\" \/>\n\t<meta name=\"twitter:data1\" content=\"Cristiano Machado\" \/>\n\t<meta name=\"twitter:label2\" content=\"Est. tempo de leitura\" \/>\n\t<meta name=\"twitter:data2\" content=\"6 minutos\" \/>\n<script type=\"application\/ld+json\" class=\"yoast-schema-graph\">{\"@context\":\"https:\/\/schema.org\",\"@graph\":[{\"@type\":\"Article\",\"@id\":\"https:\/\/crentassos.com.br\/blog\/2013\/03\/redcomments-protesto-contra-deputado-feliciano-cancela-culto-evangelico-em-ribeirao.html#article\",\"isPartOf\":{\"@id\":\"https:\/\/crentassos.com.br\/blog\/2013\/03\/redcomments-protesto-contra-deputado-feliciano-cancela-culto-evangelico-em-ribeirao.html\"},\"author\":{\"name\":\"Cristiano Machado\",\"@id\":\"https:\/\/crentassos.com.br\/blog\/#\/schema\/person\/7ec3329a98c44e20ccd6cc2c9e18acbd\"},\"headline\":\"#RedComments &#8211; Protesto contra deputado Feliciano cancela culto evang\u00e9lico em Ribeir\u00e3o\",\"datePublished\":\"2013-03-19T17:39:33+00:00\",\"dateModified\":\"2013-03-19T18:15:46+00:00\",\"mainEntityOfPage\":{\"@id\":\"https:\/\/crentassos.com.br\/blog\/2013\/03\/redcomments-protesto-contra-deputado-feliciano-cancela-culto-evangelico-em-ribeirao.html\"},\"wordCount\":1176,\"commentCount\":17,\"publisher\":{\"@id\":\"https:\/\/crentassos.com.br\/blog\/#organization\"},\"image\":{\"@id\":\"https:\/\/crentassos.com.br\/blog\/2013\/03\/redcomments-protesto-contra-deputado-feliciano-cancela-culto-evangelico-em-ribeirao.html#primaryimage\"},\"thumbnailUrl\":\"https:\/\/crentassos.com.br\/blog\/wp-content\/uploads\/pastor-marco-feliciano.jpg\",\"keywords\":[\"direitos humanos\",\"inimigo\",\"lgbt\",\"marcos feliciano\"],\"articleSection\":[\"Artigos\",\"Red Comments\"],\"inLanguage\":\"pt-BR\",\"potentialAction\":[{\"@type\":\"CommentAction\",\"name\":\"Comment\",\"target\":[\"https:\/\/crentassos.com.br\/blog\/2013\/03\/redcomments-protesto-contra-deputado-feliciano-cancela-culto-evangelico-em-ribeirao.html#respond\"]}]},{\"@type\":\"WebPage\",\"@id\":\"https:\/\/crentassos.com.br\/blog\/2013\/03\/redcomments-protesto-contra-deputado-feliciano-cancela-culto-evangelico-em-ribeirao.html\",\"url\":\"https:\/\/crentassos.com.br\/blog\/2013\/03\/redcomments-protesto-contra-deputado-feliciano-cancela-culto-evangelico-em-ribeirao.html\",\"name\":\"#RedComments - Protesto contra deputado Feliciano cancela culto evang\u00e9lico em Ribeir\u00e3o - Crentassos Produ\u00e7\u00f5es Subversivas\",\"isPartOf\":{\"@id\":\"https:\/\/crentassos.com.br\/blog\/#website\"},\"primaryImageOfPage\":{\"@id\":\"https:\/\/crentassos.com.br\/blog\/2013\/03\/redcomments-protesto-contra-deputado-feliciano-cancela-culto-evangelico-em-ribeirao.html#primaryimage\"},\"image\":{\"@id\":\"https:\/\/crentassos.com.br\/blog\/2013\/03\/redcomments-protesto-contra-deputado-feliciano-cancela-culto-evangelico-em-ribeirao.html#primaryimage\"},\"thumbnailUrl\":\"https:\/\/crentassos.com.br\/blog\/wp-content\/uploads\/pastor-marco-feliciano.jpg\",\"datePublished\":\"2013-03-19T17:39:33+00:00\",\"dateModified\":\"2013-03-19T18:15:46+00:00\",\"breadcrumb\":{\"@id\":\"https:\/\/crentassos.com.br\/blog\/2013\/03\/redcomments-protesto-contra-deputado-feliciano-cancela-culto-evangelico-em-ribeirao.html#breadcrumb\"},\"inLanguage\":\"pt-BR\",\"potentialAction\":[{\"@type\":\"ReadAction\",\"target\":[\"https:\/\/crentassos.com.br\/blog\/2013\/03\/redcomments-protesto-contra-deputado-feliciano-cancela-culto-evangelico-em-ribeirao.html\"]}]},{\"@type\":\"ImageObject\",\"inLanguage\":\"pt-BR\",\"@id\":\"https:\/\/crentassos.com.br\/blog\/2013\/03\/redcomments-protesto-contra-deputado-feliciano-cancela-culto-evangelico-em-ribeirao.html#primaryimage\",\"url\":\"https:\/\/crentassos.com.br\/blog\/wp-content\/uploads\/pastor-marco-feliciano.jpg\",\"contentUrl\":\"https:\/\/crentassos.com.br\/blog\/wp-content\/uploads\/pastor-marco-feliciano.jpg\",\"width\":300,\"height\":257},{\"@type\":\"BreadcrumbList\",\"@id\":\"https:\/\/crentassos.com.br\/blog\/2013\/03\/redcomments-protesto-contra-deputado-feliciano-cancela-culto-evangelico-em-ribeirao.html#breadcrumb\",\"itemListElement\":[{\"@type\":\"ListItem\",\"position\":1,\"name\":\"Home\",\"item\":\"https:\/\/crentassos.com.br\/blog\/\"},{\"@type\":\"ListItem\",\"position\":2,\"name\":\"#RedComments &#8211; Protesto contra deputado Feliciano cancela culto evang\u00e9lico em Ribeir\u00e3o\"}]},{\"@type\":\"WebSite\",\"@id\":\"https:\/\/crentassos.com.br\/blog\/#website\",\"url\":\"https:\/\/crentassos.com.br\/blog\/\",\"name\":\"Crentassos Produ\u00e7\u00f5es Subversivas\",\"description\":\"Podcast Crist\u00e3o, Podcrent, Da Prateleira, Artigos crist\u00e3os, Teologia, Estudos, Textos B\u00edblicos\",\"publisher\":{\"@id\":\"https:\/\/crentassos.com.br\/blog\/#organization\"},\"potentialAction\":[{\"@type\":\"SearchAction\",\"target\":{\"@type\":\"EntryPoint\",\"urlTemplate\":\"https:\/\/crentassos.com.br\/blog\/?s={search_term_string}\"},\"query-input\":{\"@type\":\"PropertyValueSpecification\",\"valueRequired\":true,\"valueName\":\"search_term_string\"}}],\"inLanguage\":\"pt-BR\"},{\"@type\":\"Organization\",\"@id\":\"https:\/\/crentassos.com.br\/blog\/#organization\",\"name\":\"Crentassos Produ\u00e7\u00f5es Subversivas\",\"url\":\"https:\/\/crentassos.com.br\/blog\/\",\"logo\":{\"@type\":\"ImageObject\",\"inLanguage\":\"pt-BR\",\"@id\":\"https:\/\/crentassos.com.br\/blog\/#\/schema\/logo\/image\/\",\"url\":\"https:\/\/crentassos.com.br\/blog\/wp-content\/uploads\/2020\/05\/cropped-crentassos1-300x300png.png\",\"contentUrl\":\"https:\/\/crentassos.com.br\/blog\/wp-content\/uploads\/2020\/05\/cropped-crentassos1-300x300png.png\",\"width\":300,\"height\":300,\"caption\":\"Crentassos Produ\u00e7\u00f5es Subversivas\"},\"image\":{\"@id\":\"https:\/\/crentassos.com.br\/blog\/#\/schema\/logo\/image\/\"},\"sameAs\":[\"http:\/\/www.facebook.com\/crentassos\",\"https:\/\/x.com\/crentassos\",\"https:\/\/www.instagram.com\/crentassos\",\"https:\/\/www.youtube.com\/crentassos\"]},{\"@type\":\"Person\",\"@id\":\"https:\/\/crentassos.com.br\/blog\/#\/schema\/person\/7ec3329a98c44e20ccd6cc2c9e18acbd\",\"name\":\"Cristiano Machado\",\"image\":{\"@type\":\"ImageObject\",\"inLanguage\":\"pt-BR\",\"@id\":\"https:\/\/crentassos.com.br\/blog\/#\/schema\/person\/image\/\",\"url\":\"https:\/\/secure.gravatar.com\/avatar\/3e7427d384f99d15935b3008477c324124816869ceb70e362e586dcccdb265bf?s=96&d=retro&r=g\",\"contentUrl\":\"https:\/\/secure.gravatar.com\/avatar\/3e7427d384f99d15935b3008477c324124816869ceb70e362e586dcccdb265bf?s=96&d=retro&r=g\",\"caption\":\"Cristiano Machado\"},\"description\":\"Cristiano Machado \u00e9 o culpado pelo inicio do COLETIVO CRENTASSOS PRODU\u00c7\u00d5ES SUBVERSIVAS e atua como auxiliar de cirurgi\u00e3o barbeiro, tocando o bumbo, jogando malabares, preparando o elixir, costurando amputa\u00e7\u00f5es e demais atividades relacionadas \u00e0 sua ocupa\u00e7\u00e3o. Pensa n\u00e3o vida em forma de pergunta e nunca de resposta, e tem um profundo sentimento de gratid\u00e3o e amor por sua esposa e filha. Religi\u00e3o: Crist\u00e3o Protestante Reformando-se Estado Civil: Inteiramente apaixonado\",\"sameAs\":[\"http:\/\/crentassos.com.br\/blog\"],\"url\":\"https:\/\/crentassos.com.br\/blog\/author\/o_cristiano\"}]}<\/script>\n<!-- \/ Yoast SEO plugin. -->","yoast_head_json":{"title":"#RedComments - Protesto contra deputado Feliciano cancela culto evang\u00e9lico em Ribeir\u00e3o - Crentassos Produ\u00e7\u00f5es Subversivas","robots":{"index":"index","follow":"follow","max-snippet":"max-snippet:-1","max-image-preview":"max-image-preview:large","max-video-preview":"max-video-preview:-1"},"canonical":"https:\/\/crentassos.com.br\/blog\/2013\/03\/redcomments-protesto-contra-deputado-feliciano-cancela-culto-evangelico-em-ribeirao.html","og_locale":"pt_BR","og_type":"article","og_title":"#RedComments - Protesto contra deputado Feliciano cancela culto evang\u00e9lico em Ribeir\u00e3o - Crentassos Produ\u00e7\u00f5es Subversivas","og_description":"Protesto contra deputado Feliciano (Sempre ele&#8230; O perigote das molheres!) cancela culto evang\u00e9lico em Ribeir\u00e3o (Pera\u00ea&#8230; oque o CULTO tem haver com [&hellip;]","og_url":"https:\/\/crentassos.com.br\/blog\/2013\/03\/redcomments-protesto-contra-deputado-feliciano-cancela-culto-evangelico-em-ribeirao.html","og_site_name":"Crentassos Produ\u00e7\u00f5es Subversivas","article_publisher":"http:\/\/www.facebook.com\/crentassos","article_published_time":"2013-03-19T17:39:33+00:00","article_modified_time":"2013-03-19T18:15:46+00:00","og_image":[{"width":300,"height":257,"url":"https:\/\/crentassos.com.br\/blog\/wp-content\/uploads\/pastor-marco-feliciano.jpg","type":"image\/jpeg"}],"author":"Cristiano Machado","twitter_card":"summary_large_image","twitter_creator":"@crentassos","twitter_site":"@crentassos","twitter_misc":{"Escrito por":"Cristiano Machado","Est. tempo de leitura":"6 minutos"},"schema":{"@context":"https:\/\/schema.org","@graph":[{"@type":"Article","@id":"https:\/\/crentassos.com.br\/blog\/2013\/03\/redcomments-protesto-contra-deputado-feliciano-cancela-culto-evangelico-em-ribeirao.html#article","isPartOf":{"@id":"https:\/\/crentassos.com.br\/blog\/2013\/03\/redcomments-protesto-contra-deputado-feliciano-cancela-culto-evangelico-em-ribeirao.html"},"author":{"name":"Cristiano Machado","@id":"https:\/\/crentassos.com.br\/blog\/#\/schema\/person\/7ec3329a98c44e20ccd6cc2c9e18acbd"},"headline":"#RedComments &#8211; Protesto contra deputado Feliciano cancela culto evang\u00e9lico em Ribeir\u00e3o","datePublished":"2013-03-19T17:39:33+00:00","dateModified":"2013-03-19T18:15:46+00:00","mainEntityOfPage":{"@id":"https:\/\/crentassos.com.br\/blog\/2013\/03\/redcomments-protesto-contra-deputado-feliciano-cancela-culto-evangelico-em-ribeirao.html"},"wordCount":1176,"commentCount":17,"publisher":{"@id":"https:\/\/crentassos.com.br\/blog\/#organization"},"image":{"@id":"https:\/\/crentassos.com.br\/blog\/2013\/03\/redcomments-protesto-contra-deputado-feliciano-cancela-culto-evangelico-em-ribeirao.html#primaryimage"},"thumbnailUrl":"https:\/\/crentassos.com.br\/blog\/wp-content\/uploads\/pastor-marco-feliciano.jpg","keywords":["direitos humanos","inimigo","lgbt","marcos feliciano"],"articleSection":["Artigos","Red Comments"],"inLanguage":"pt-BR","potentialAction":[{"@type":"CommentAction","name":"Comment","target":["https:\/\/crentassos.com.br\/blog\/2013\/03\/redcomments-protesto-contra-deputado-feliciano-cancela-culto-evangelico-em-ribeirao.html#respond"]}]},{"@type":"WebPage","@id":"https:\/\/crentassos.com.br\/blog\/2013\/03\/redcomments-protesto-contra-deputado-feliciano-cancela-culto-evangelico-em-ribeirao.html","url":"https:\/\/crentassos.com.br\/blog\/2013\/03\/redcomments-protesto-contra-deputado-feliciano-cancela-culto-evangelico-em-ribeirao.html","name":"#RedComments - Protesto contra deputado Feliciano cancela culto evang\u00e9lico em Ribeir\u00e3o - Crentassos Produ\u00e7\u00f5es Subversivas","isPartOf":{"@id":"https:\/\/crentassos.com.br\/blog\/#website"},"primaryImageOfPage":{"@id":"https:\/\/crentassos.com.br\/blog\/2013\/03\/redcomments-protesto-contra-deputado-feliciano-cancela-culto-evangelico-em-ribeirao.html#primaryimage"},"image":{"@id":"https:\/\/crentassos.com.br\/blog\/2013\/03\/redcomments-protesto-contra-deputado-feliciano-cancela-culto-evangelico-em-ribeirao.html#primaryimage"},"thumbnailUrl":"https:\/\/crentassos.com.br\/blog\/wp-content\/uploads\/pastor-marco-feliciano.jpg","datePublished":"2013-03-19T17:39:33+00:00","dateModified":"2013-03-19T18:15:46+00:00","breadcrumb":{"@id":"https:\/\/crentassos.com.br\/blog\/2013\/03\/redcomments-protesto-contra-deputado-feliciano-cancela-culto-evangelico-em-ribeirao.html#breadcrumb"},"inLanguage":"pt-BR","potentialAction":[{"@type":"ReadAction","target":["https:\/\/crentassos.com.br\/blog\/2013\/03\/redcomments-protesto-contra-deputado-feliciano-cancela-culto-evangelico-em-ribeirao.html"]}]},{"@type":"ImageObject","inLanguage":"pt-BR","@id":"https:\/\/crentassos.com.br\/blog\/2013\/03\/redcomments-protesto-contra-deputado-feliciano-cancela-culto-evangelico-em-ribeirao.html#primaryimage","url":"https:\/\/crentassos.com.br\/blog\/wp-content\/uploads\/pastor-marco-feliciano.jpg","contentUrl":"https:\/\/crentassos.com.br\/blog\/wp-content\/uploads\/pastor-marco-feliciano.jpg","width":300,"height":257},{"@type":"BreadcrumbList","@id":"https:\/\/crentassos.com.br\/blog\/2013\/03\/redcomments-protesto-contra-deputado-feliciano-cancela-culto-evangelico-em-ribeirao.html#breadcrumb","itemListElement":[{"@type":"ListItem","position":1,"name":"Home","item":"https:\/\/crentassos.com.br\/blog\/"},{"@type":"ListItem","position":2,"name":"#RedComments &#8211; Protesto contra deputado Feliciano cancela culto evang\u00e9lico em Ribeir\u00e3o"}]},{"@type":"WebSite","@id":"https:\/\/crentassos.com.br\/blog\/#website","url":"https:\/\/crentassos.com.br\/blog\/","name":"Crentassos Produ\u00e7\u00f5es Subversivas","description":"Podcast Crist\u00e3o, Podcrent, Da Prateleira, Artigos crist\u00e3os, Teologia, Estudos, Textos B\u00edblicos","publisher":{"@id":"https:\/\/crentassos.com.br\/blog\/#organization"},"potentialAction":[{"@type":"SearchAction","target":{"@type":"EntryPoint","urlTemplate":"https:\/\/crentassos.com.br\/blog\/?s={search_term_string}"},"query-input":{"@type":"PropertyValueSpecification","valueRequired":true,"valueName":"search_term_string"}}],"inLanguage":"pt-BR"},{"@type":"Organization","@id":"https:\/\/crentassos.com.br\/blog\/#organization","name":"Crentassos Produ\u00e7\u00f5es Subversivas","url":"https:\/\/crentassos.com.br\/blog\/","logo":{"@type":"ImageObject","inLanguage":"pt-BR","@id":"https:\/\/crentassos.com.br\/blog\/#\/schema\/logo\/image\/","url":"https:\/\/crentassos.com.br\/blog\/wp-content\/uploads\/2020\/05\/cropped-crentassos1-300x300png.png","contentUrl":"https:\/\/crentassos.com.br\/blog\/wp-content\/uploads\/2020\/05\/cropped-crentassos1-300x300png.png","width":300,"height":300,"caption":"Crentassos Produ\u00e7\u00f5es Subversivas"},"image":{"@id":"https:\/\/crentassos.com.br\/blog\/#\/schema\/logo\/image\/"},"sameAs":["http:\/\/www.facebook.com\/crentassos","https:\/\/x.com\/crentassos","https:\/\/www.instagram.com\/crentassos","https:\/\/www.youtube.com\/crentassos"]},{"@type":"Person","@id":"https:\/\/crentassos.com.br\/blog\/#\/schema\/person\/7ec3329a98c44e20ccd6cc2c9e18acbd","name":"Cristiano Machado","image":{"@type":"ImageObject","inLanguage":"pt-BR","@id":"https:\/\/crentassos.com.br\/blog\/#\/schema\/person\/image\/","url":"https:\/\/secure.gravatar.com\/avatar\/3e7427d384f99d15935b3008477c324124816869ceb70e362e586dcccdb265bf?s=96&d=retro&r=g","contentUrl":"https:\/\/secure.gravatar.com\/avatar\/3e7427d384f99d15935b3008477c324124816869ceb70e362e586dcccdb265bf?s=96&d=retro&r=g","caption":"Cristiano Machado"},"description":"Cristiano Machado \u00e9 o culpado pelo inicio do COLETIVO CRENTASSOS PRODU\u00c7\u00d5ES SUBVERSIVAS e atua como auxiliar de cirurgi\u00e3o barbeiro, tocando o bumbo, jogando malabares, preparando o elixir, costurando amputa\u00e7\u00f5es e demais atividades relacionadas \u00e0 sua ocupa\u00e7\u00e3o. Pensa n\u00e3o vida em forma de pergunta e nunca de resposta, e tem um profundo sentimento de gratid\u00e3o e amor por sua esposa e filha. Religi\u00e3o: Crist\u00e3o Protestante Reformando-se Estado Civil: Inteiramente apaixonado","sameAs":["http:\/\/crentassos.com.br\/blog"],"url":"https:\/\/crentassos.com.br\/blog\/author\/o_cristiano"}]}},"_links":{"self":[{"href":"https:\/\/crentassos.com.br\/blog\/wp-json\/wp\/v2\/posts\/8786","targetHints":{"allow":["GET"]}}],"collection":[{"href":"https:\/\/crentassos.com.br\/blog\/wp-json\/wp\/v2\/posts"}],"about":[{"href":"https:\/\/crentassos.com.br\/blog\/wp-json\/wp\/v2\/types\/post"}],"author":[{"embeddable":true,"href":"https:\/\/crentassos.com.br\/blog\/wp-json\/wp\/v2\/users\/9"}],"replies":[{"embeddable":true,"href":"https:\/\/crentassos.com.br\/blog\/wp-json\/wp\/v2\/comments?post=8786"}],"version-history":[{"count":4,"href":"https:\/\/crentassos.com.br\/blog\/wp-json\/wp\/v2\/posts\/8786\/revisions"}],"predecessor-version":[{"id":8790,"href":"https:\/\/crentassos.com.br\/blog\/wp-json\/wp\/v2\/posts\/8786\/revisions\/8790"}],"wp:featuredmedia":[{"embeddable":true,"href":"https:\/\/crentassos.com.br\/blog\/wp-json\/wp\/v2\/media\/8698"}],"wp:attachment":[{"href":"https:\/\/crentassos.com.br\/blog\/wp-json\/wp\/v2\/media?parent=8786"}],"wp:term":[{"taxonomy":"category","embeddable":true,"href":"https:\/\/crentassos.com.br\/blog\/wp-json\/wp\/v2\/categories?post=8786"},{"taxonomy":"post_tag","embeddable":true,"href":"https:\/\/crentassos.com.br\/blog\/wp-json\/wp\/v2\/tags?post=8786"}],"curies":[{"name":"wp","href":"https:\/\/api.w.org\/{rel}","templated":true}]}}