{"id":873,"date":"2012-10-26T10:00:00","date_gmt":"2012-10-26T13:00:00","guid":{"rendered":"http:\/\/oueleouela.wordpress.com\/2011\/01\/04\/frases-pra-pensar-0043-pacto-de-lausane"},"modified":"2012-09-25T17:58:37","modified_gmt":"2012-09-25T20:58:37","slug":"frases-pra-pensar-0043-pacto-de-lausane","status":"publish","type":"post","link":"https:\/\/crentassos.com.br\/blog\/2012\/10\/frases-pra-pensar-0043-pacto-de-lausane.html","title":{"rendered":"Frases pra pensar &#8211; #0043 &#8211; Pacto de Lausane"},"content":{"rendered":"<blockquote><p><img loading=\"lazy\" decoding=\"async\" class=\"aligncenter size-full wp-image-7052\" title=\"photo(5)\" src=\"http:\/\/crentassos.com.br\/blog\/wp-content\/uploads\/photo5.jpg\" alt=\"\" width=\"398\" height=\"398\" srcset=\"https:\/\/crentassos.com.br\/blog\/wp-content\/uploads\/photo5.jpg 398w, https:\/\/crentassos.com.br\/blog\/wp-content\/uploads\/photo5-150x150.jpg 150w, https:\/\/crentassos.com.br\/blog\/wp-content\/uploads\/photo5-300x300.jpg 300w, https:\/\/crentassos.com.br\/blog\/wp-content\/uploads\/photo5-62x62.jpg 62w, https:\/\/crentassos.com.br\/blog\/wp-content\/uploads\/photo5-256x256.jpg 256w\" sizes=\"auto, (max-width: 398px) 100vw, 398px\" \/><\/p>\n<p>Extra\u00eddo do Pacto de Lausanne 1974<\/p><\/blockquote>\n","protected":false},"excerpt":{"rendered":"<p>Extra\u00eddo do Pacto de Lausanne 1974<\/p>\n","protected":false},"author":1,"featured_media":7052,"comment_status":"open","ping_status":"closed","sticky":false,"template":"","format":"standard","meta":{"_exactmetrics_skip_tracking":false,"_exactmetrics_sitenote_active":false,"_exactmetrics_sitenote_note":"","_exactmetrics_sitenote_category":0,"footnotes":"","_links_to":"","_links_to_target":""},"categories":[112],"tags":[4,13,726,894],"class_list":{"0":"post-873","1":"post","2":"type-post","3":"status-publish","4":"format-standard","5":"has-post-thumbnail","6":"hentry","7":"category-artigos","8":"tag-cristiano-machado","9":"tag-frases","10":"tag-lausane","11":"tag-pacto","13":"post-with-thumbnail","14":"post-with-thumbnail-large"},"yoast_head":"<!-- This site is optimized with the Yoast SEO plugin v27.1.1 - https:\/\/yoast.com\/product\/yoast-seo-wordpress\/ -->\n<title>Frases pra pensar - #0043 - Pacto de Lausane - Crentassos Produ\u00e7\u00f5es Subversivas<\/title>\n<meta name=\"robots\" content=\"index, follow, max-snippet:-1, max-image-preview:large, max-video-preview:-1\" \/>\n<link rel=\"canonical\" href=\"https:\/\/crentassos.com.br\/blog\/2012\/10\/frases-pra-pensar-0043-pacto-de-lausane.html\" \/>\n<meta property=\"og:locale\" content=\"pt_BR\" \/>\n<meta property=\"og:type\" content=\"article\" \/>\n<meta property=\"og:title\" content=\"Frases pra pensar - #0043 - Pacto de Lausane - Crentassos Produ\u00e7\u00f5es Subversivas\" \/>\n<meta property=\"og:description\" content=\"Extra\u00eddo do Pacto de Lausanne 1974\" \/>\n<meta property=\"og:url\" content=\"https:\/\/crentassos.com.br\/blog\/2012\/10\/frases-pra-pensar-0043-pacto-de-lausane.html\" \/>\n<meta property=\"og:site_name\" content=\"Crentassos Produ\u00e7\u00f5es Subversivas\" \/>\n<meta property=\"article:publisher\" content=\"http:\/\/www.facebook.com\/crentassos\" \/>\n<meta property=\"article:published_time\" content=\"2012-10-26T13:00:00+00:00\" \/>\n<meta property=\"og:image\" content=\"https:\/\/crentassos.com.br\/blog\/wp-content\/uploads\/photo5.jpg\" \/>\n\t<meta property=\"og:image:width\" content=\"398\" \/>\n\t<meta property=\"og:image:height\" content=\"398\" \/>\n\t<meta property=\"og:image:type\" content=\"image\/jpeg\" \/>\n<meta name=\"author\" content=\"Crentassos\" \/>\n<meta name=\"twitter:card\" content=\"summary_large_image\" \/>\n<meta name=\"twitter:creator\" content=\"@crentassos\" \/>\n<meta name=\"twitter:site\" content=\"@crentassos\" \/>\n<meta name=\"twitter:label1\" content=\"Escrito por\" \/>\n\t<meta name=\"twitter:data1\" content=\"Crentassos\" \/>\n<script type=\"application\/ld+json\" class=\"yoast-schema-graph\">{\"@context\":\"https:\/\/schema.org\",\"@graph\":[{\"@type\":\"Article\",\"@id\":\"https:\/\/crentassos.com.br\/blog\/2012\/10\/frases-pra-pensar-0043-pacto-de-lausane.html#article\",\"isPartOf\":{\"@id\":\"https:\/\/crentassos.com.br\/blog\/2012\/10\/frases-pra-pensar-0043-pacto-de-lausane.html\"},\"author\":{\"name\":\"Crentassos\",\"@id\":\"https:\/\/crentassos.com.br\/blog\/#\/schema\/person\/c143e75f920e3ad15d83540f47db500c\"},\"headline\":\"Frases pra pensar &#8211; #0043 &#8211; Pacto de Lausane\",\"datePublished\":\"2012-10-26T13:00:00+00:00\",\"mainEntityOfPage\":{\"@id\":\"https:\/\/crentassos.com.br\/blog\/2012\/10\/frases-pra-pensar-0043-pacto-de-lausane.html\"},\"wordCount\":14,\"commentCount\":0,\"publisher\":{\"@id\":\"https:\/\/crentassos.com.br\/blog\/#organization\"},\"image\":{\"@id\":\"https:\/\/crentassos.com.br\/blog\/2012\/10\/frases-pra-pensar-0043-pacto-de-lausane.html#primaryimage\"},\"thumbnailUrl\":\"https:\/\/crentassos.com.br\/blog\/wp-content\/uploads\/photo5.jpg\",\"keywords\":[\"cristiano machado\",\"frases\",\"lausane\",\"pacto\"],\"articleSection\":[\"Artigos\"],\"inLanguage\":\"pt-BR\",\"potentialAction\":[{\"@type\":\"CommentAction\",\"name\":\"Comment\",\"target\":[\"https:\/\/crentassos.com.br\/blog\/2012\/10\/frases-pra-pensar-0043-pacto-de-lausane.html#respond\"]}]},{\"@type\":\"WebPage\",\"@id\":\"https:\/\/crentassos.com.br\/blog\/2012\/10\/frases-pra-pensar-0043-pacto-de-lausane.html\",\"url\":\"https:\/\/crentassos.com.br\/blog\/2012\/10\/frases-pra-pensar-0043-pacto-de-lausane.html\",\"name\":\"Frases pra pensar - #0043 - Pacto de Lausane - Crentassos Produ\u00e7\u00f5es Subversivas\",\"isPartOf\":{\"@id\":\"https:\/\/crentassos.com.br\/blog\/#website\"},\"primaryImageOfPage\":{\"@id\":\"https:\/\/crentassos.com.br\/blog\/2012\/10\/frases-pra-pensar-0043-pacto-de-lausane.html#primaryimage\"},\"image\":{\"@id\":\"https:\/\/crentassos.com.br\/blog\/2012\/10\/frases-pra-pensar-0043-pacto-de-lausane.html#primaryimage\"},\"thumbnailUrl\":\"https:\/\/crentassos.com.br\/blog\/wp-content\/uploads\/photo5.jpg\",\"datePublished\":\"2012-10-26T13:00:00+00:00\",\"breadcrumb\":{\"@id\":\"https:\/\/crentassos.com.br\/blog\/2012\/10\/frases-pra-pensar-0043-pacto-de-lausane.html#breadcrumb\"},\"inLanguage\":\"pt-BR\",\"potentialAction\":[{\"@type\":\"ReadAction\",\"target\":[\"https:\/\/crentassos.com.br\/blog\/2012\/10\/frases-pra-pensar-0043-pacto-de-lausane.html\"]}]},{\"@type\":\"ImageObject\",\"inLanguage\":\"pt-BR\",\"@id\":\"https:\/\/crentassos.com.br\/blog\/2012\/10\/frases-pra-pensar-0043-pacto-de-lausane.html#primaryimage\",\"url\":\"https:\/\/crentassos.com.br\/blog\/wp-content\/uploads\/photo5.jpg\",\"contentUrl\":\"https:\/\/crentassos.com.br\/blog\/wp-content\/uploads\/photo5.jpg\",\"width\":\"398\",\"height\":\"398\"},{\"@type\":\"BreadcrumbList\",\"@id\":\"https:\/\/crentassos.com.br\/blog\/2012\/10\/frases-pra-pensar-0043-pacto-de-lausane.html#breadcrumb\",\"itemListElement\":[{\"@type\":\"ListItem\",\"position\":1,\"name\":\"Home\",\"item\":\"https:\/\/crentassos.com.br\/blog\/\"},{\"@type\":\"ListItem\",\"position\":2,\"name\":\"Frases pra pensar &#8211; #0043 &#8211; Pacto de Lausane\"}]},{\"@type\":\"WebSite\",\"@id\":\"https:\/\/crentassos.com.br\/blog\/#website\",\"url\":\"https:\/\/crentassos.com.br\/blog\/\",\"name\":\"Crentassos Produ\u00e7\u00f5es Subversivas\",\"description\":\"Podcast Crist\u00e3o, Podcrent, Da Prateleira, Artigos crist\u00e3os, Teologia, Estudos, Textos B\u00edblicos\",\"publisher\":{\"@id\":\"https:\/\/crentassos.com.br\/blog\/#organization\"},\"potentialAction\":[{\"@type\":\"SearchAction\",\"target\":{\"@type\":\"EntryPoint\",\"urlTemplate\":\"https:\/\/crentassos.com.br\/blog\/?s={search_term_string}\"},\"query-input\":{\"@type\":\"PropertyValueSpecification\",\"valueRequired\":true,\"valueName\":\"search_term_string\"}}],\"inLanguage\":\"pt-BR\"},{\"@type\":\"Organization\",\"@id\":\"https:\/\/crentassos.com.br\/blog\/#organization\",\"name\":\"Crentassos Produ\u00e7\u00f5es Subversivas\",\"url\":\"https:\/\/crentassos.com.br\/blog\/\",\"logo\":{\"@type\":\"ImageObject\",\"inLanguage\":\"pt-BR\",\"@id\":\"https:\/\/crentassos.com.br\/blog\/#\/schema\/logo\/image\/\",\"url\":\"https:\/\/crentassos.com.br\/blog\/wp-content\/uploads\/2020\/05\/cropped-crentassos1-300x300png.png\",\"contentUrl\":\"https:\/\/crentassos.com.br\/blog\/wp-content\/uploads\/2020\/05\/cropped-crentassos1-300x300png.png\",\"width\":300,\"height\":300,\"caption\":\"Crentassos Produ\u00e7\u00f5es Subversivas\"},\"image\":{\"@id\":\"https:\/\/crentassos.com.br\/blog\/#\/schema\/logo\/image\/\"},\"sameAs\":[\"http:\/\/www.facebook.com\/crentassos\",\"https:\/\/x.com\/crentassos\",\"https:\/\/www.instagram.com\/crentassos\",\"https:\/\/www.youtube.com\/crentassos\"]},{\"@type\":\"Person\",\"@id\":\"https:\/\/crentassos.com.br\/blog\/#\/schema\/person\/c143e75f920e3ad15d83540f47db500c\",\"name\":\"Crentassos\",\"image\":{\"@type\":\"ImageObject\",\"inLanguage\":\"pt-BR\",\"@id\":\"https:\/\/crentassos.com.br\/blog\/#\/schema\/person\/image\/\",\"url\":\"https:\/\/secure.gravatar.com\/avatar\/cb1b9c88bcd90ec2f909823639a352ece8d3a3cea59b9d08637fe057502fa227?s=96&d=retro&r=g\",\"contentUrl\":\"https:\/\/secure.gravatar.com\/avatar\/cb1b9c88bcd90ec2f909823639a352ece8d3a3cea59b9d08637fe057502fa227?s=96&d=retro&r=g\",\"caption\":\"Crentassos\"},\"description\":\"Perfil padr\u00e3o do blog dos Crentassos.\",\"sameAs\":[\"http:\/\/www.crentassos.com.br\"],\"url\":\"https:\/\/crentassos.com.br\/blog\/author\/crentassos\"}]}<\/script>\n<!-- \/ Yoast SEO plugin. -->","yoast_head_json":{"title":"Frases pra pensar - #0043 - Pacto de Lausane - Crentassos Produ\u00e7\u00f5es Subversivas","robots":{"index":"index","follow":"follow","max-snippet":"max-snippet:-1","max-image-preview":"max-image-preview:large","max-video-preview":"max-video-preview:-1"},"canonical":"https:\/\/crentassos.com.br\/blog\/2012\/10\/frases-pra-pensar-0043-pacto-de-lausane.html","og_locale":"pt_BR","og_type":"article","og_title":"Frases pra pensar - #0043 - Pacto de Lausane - Crentassos Produ\u00e7\u00f5es Subversivas","og_description":"Extra\u00eddo do Pacto de Lausanne 1974","og_url":"https:\/\/crentassos.com.br\/blog\/2012\/10\/frases-pra-pensar-0043-pacto-de-lausane.html","og_site_name":"Crentassos Produ\u00e7\u00f5es Subversivas","article_publisher":"http:\/\/www.facebook.com\/crentassos","article_published_time":"2012-10-26T13:00:00+00:00","og_image":[{"width":398,"height":398,"url":"https:\/\/crentassos.com.br\/blog\/wp-content\/uploads\/photo5.jpg","type":"image\/jpeg"}],"author":"Crentassos","twitter_card":"summary_large_image","twitter_creator":"@crentassos","twitter_site":"@crentassos","twitter_misc":{"Escrito por":"Crentassos"},"schema":{"@context":"https:\/\/schema.org","@graph":[{"@type":"Article","@id":"https:\/\/crentassos.com.br\/blog\/2012\/10\/frases-pra-pensar-0043-pacto-de-lausane.html#article","isPartOf":{"@id":"https:\/\/crentassos.com.br\/blog\/2012\/10\/frases-pra-pensar-0043-pacto-de-lausane.html"},"author":{"name":"Crentassos","@id":"https:\/\/crentassos.com.br\/blog\/#\/schema\/person\/c143e75f920e3ad15d83540f47db500c"},"headline":"Frases pra pensar &#8211; #0043 &#8211; Pacto de Lausane","datePublished":"2012-10-26T13:00:00+00:00","mainEntityOfPage":{"@id":"https:\/\/crentassos.com.br\/blog\/2012\/10\/frases-pra-pensar-0043-pacto-de-lausane.html"},"wordCount":14,"commentCount":0,"publisher":{"@id":"https:\/\/crentassos.com.br\/blog\/#organization"},"image":{"@id":"https:\/\/crentassos.com.br\/blog\/2012\/10\/frases-pra-pensar-0043-pacto-de-lausane.html#primaryimage"},"thumbnailUrl":"https:\/\/crentassos.com.br\/blog\/wp-content\/uploads\/photo5.jpg","keywords":["cristiano machado","frases","lausane","pacto"],"articleSection":["Artigos"],"inLanguage":"pt-BR","potentialAction":[{"@type":"CommentAction","name":"Comment","target":["https:\/\/crentassos.com.br\/blog\/2012\/10\/frases-pra-pensar-0043-pacto-de-lausane.html#respond"]}]},{"@type":"WebPage","@id":"https:\/\/crentassos.com.br\/blog\/2012\/10\/frases-pra-pensar-0043-pacto-de-lausane.html","url":"https:\/\/crentassos.com.br\/blog\/2012\/10\/frases-pra-pensar-0043-pacto-de-lausane.html","name":"Frases pra pensar - #0043 - Pacto de Lausane - Crentassos Produ\u00e7\u00f5es Subversivas","isPartOf":{"@id":"https:\/\/crentassos.com.br\/blog\/#website"},"primaryImageOfPage":{"@id":"https:\/\/crentassos.com.br\/blog\/2012\/10\/frases-pra-pensar-0043-pacto-de-lausane.html#primaryimage"},"image":{"@id":"https:\/\/crentassos.com.br\/blog\/2012\/10\/frases-pra-pensar-0043-pacto-de-lausane.html#primaryimage"},"thumbnailUrl":"https:\/\/crentassos.com.br\/blog\/wp-content\/uploads\/photo5.jpg","datePublished":"2012-10-26T13:00:00+00:00","breadcrumb":{"@id":"https:\/\/crentassos.com.br\/blog\/2012\/10\/frases-pra-pensar-0043-pacto-de-lausane.html#breadcrumb"},"inLanguage":"pt-BR","potentialAction":[{"@type":"ReadAction","target":["https:\/\/crentassos.com.br\/blog\/2012\/10\/frases-pra-pensar-0043-pacto-de-lausane.html"]}]},{"@type":"ImageObject","inLanguage":"pt-BR","@id":"https:\/\/crentassos.com.br\/blog\/2012\/10\/frases-pra-pensar-0043-pacto-de-lausane.html#primaryimage","url":"https:\/\/crentassos.com.br\/blog\/wp-content\/uploads\/photo5.jpg","contentUrl":"https:\/\/crentassos.com.br\/blog\/wp-content\/uploads\/photo5.jpg","width":"398","height":"398"},{"@type":"BreadcrumbList","@id":"https:\/\/crentassos.com.br\/blog\/2012\/10\/frases-pra-pensar-0043-pacto-de-lausane.html#breadcrumb","itemListElement":[{"@type":"ListItem","position":1,"name":"Home","item":"https:\/\/crentassos.com.br\/blog\/"},{"@type":"ListItem","position":2,"name":"Frases pra pensar &#8211; #0043 &#8211; Pacto de Lausane"}]},{"@type":"WebSite","@id":"https:\/\/crentassos.com.br\/blog\/#website","url":"https:\/\/crentassos.com.br\/blog\/","name":"Crentassos Produ\u00e7\u00f5es Subversivas","description":"Podcast Crist\u00e3o, Podcrent, Da Prateleira, Artigos crist\u00e3os, Teologia, Estudos, Textos B\u00edblicos","publisher":{"@id":"https:\/\/crentassos.com.br\/blog\/#organization"},"potentialAction":[{"@type":"SearchAction","target":{"@type":"EntryPoint","urlTemplate":"https:\/\/crentassos.com.br\/blog\/?s={search_term_string}"},"query-input":{"@type":"PropertyValueSpecification","valueRequired":true,"valueName":"search_term_string"}}],"inLanguage":"pt-BR"},{"@type":"Organization","@id":"https:\/\/crentassos.com.br\/blog\/#organization","name":"Crentassos Produ\u00e7\u00f5es Subversivas","url":"https:\/\/crentassos.com.br\/blog\/","logo":{"@type":"ImageObject","inLanguage":"pt-BR","@id":"https:\/\/crentassos.com.br\/blog\/#\/schema\/logo\/image\/","url":"https:\/\/crentassos.com.br\/blog\/wp-content\/uploads\/2020\/05\/cropped-crentassos1-300x300png.png","contentUrl":"https:\/\/crentassos.com.br\/blog\/wp-content\/uploads\/2020\/05\/cropped-crentassos1-300x300png.png","width":300,"height":300,"caption":"Crentassos Produ\u00e7\u00f5es Subversivas"},"image":{"@id":"https:\/\/crentassos.com.br\/blog\/#\/schema\/logo\/image\/"},"sameAs":["http:\/\/www.facebook.com\/crentassos","https:\/\/x.com\/crentassos","https:\/\/www.instagram.com\/crentassos","https:\/\/www.youtube.com\/crentassos"]},{"@type":"Person","@id":"https:\/\/crentassos.com.br\/blog\/#\/schema\/person\/c143e75f920e3ad15d83540f47db500c","name":"Crentassos","image":{"@type":"ImageObject","inLanguage":"pt-BR","@id":"https:\/\/crentassos.com.br\/blog\/#\/schema\/person\/image\/","url":"https:\/\/secure.gravatar.com\/avatar\/cb1b9c88bcd90ec2f909823639a352ece8d3a3cea59b9d08637fe057502fa227?s=96&d=retro&r=g","contentUrl":"https:\/\/secure.gravatar.com\/avatar\/cb1b9c88bcd90ec2f909823639a352ece8d3a3cea59b9d08637fe057502fa227?s=96&d=retro&r=g","caption":"Crentassos"},"description":"Perfil padr\u00e3o do blog dos Crentassos.","sameAs":["http:\/\/www.crentassos.com.br"],"url":"https:\/\/crentassos.com.br\/blog\/author\/crentassos"}]}},"_links":{"self":[{"href":"https:\/\/crentassos.com.br\/blog\/wp-json\/wp\/v2\/posts\/873","targetHints":{"allow":["GET"]}}],"collection":[{"href":"https:\/\/crentassos.com.br\/blog\/wp-json\/wp\/v2\/posts"}],"about":[{"href":"https:\/\/crentassos.com.br\/blog\/wp-json\/wp\/v2\/types\/post"}],"author":[{"embeddable":true,"href":"https:\/\/crentassos.com.br\/blog\/wp-json\/wp\/v2\/users\/1"}],"replies":[{"embeddable":true,"href":"https:\/\/crentassos.com.br\/blog\/wp-json\/wp\/v2\/comments?post=873"}],"version-history":[{"count":2,"href":"https:\/\/crentassos.com.br\/blog\/wp-json\/wp\/v2\/posts\/873\/revisions"}],"predecessor-version":[{"id":7050,"href":"https:\/\/crentassos.com.br\/blog\/wp-json\/wp\/v2\/posts\/873\/revisions\/7050"}],"wp:featuredmedia":[{"embeddable":true,"href":"https:\/\/crentassos.com.br\/blog\/wp-json\/wp\/v2\/media\/7052"}],"wp:attachment":[{"href":"https:\/\/crentassos.com.br\/blog\/wp-json\/wp\/v2\/media?parent=873"}],"wp:term":[{"taxonomy":"category","embeddable":true,"href":"https:\/\/crentassos.com.br\/blog\/wp-json\/wp\/v2\/categories?post=873"},{"taxonomy":"post_tag","embeddable":true,"href":"https:\/\/crentassos.com.br\/blog\/wp-json\/wp\/v2\/tags?post=873"}],"curies":[{"name":"wp","href":"https:\/\/api.w.org\/{rel}","templated":true}]}}