{"id":8681,"date":"2013-03-04T13:17:14","date_gmt":"2013-03-04T16:17:14","guid":{"rendered":"http:\/\/crentassos.com.br\/blog\/?p=8681"},"modified":"2013-03-04T13:17:14","modified_gmt":"2013-03-04T16:17:14","slug":"a-crise-do-dialogo-e-do-relacionamento-e-uma-mentira","status":"publish","type":"post","link":"https:\/\/crentassos.com.br\/blog\/2013\/03\/a-crise-do-dialogo-e-do-relacionamento-e-uma-mentira.html","title":{"rendered":"A crise do di\u00e1logo e do relacionamento \u00e9 uma mentira&#8230;"},"content":{"rendered":"<p style=\"text-align: justify;\"><span style=\"font-family: Trebuchet MS,sans-serif;\"><span style=\"font-size: small;\"><strong><img loading=\"lazy\" decoding=\"async\" class=\"alignright size-full wp-image-8682\" alt=\"dialogo\" src=\"http:\/\/crentassos.com.br\/blog\/wp-content\/uploads\/dialogo.jpg\" width=\"360\" height=\"302\" srcset=\"https:\/\/crentassos.com.br\/blog\/wp-content\/uploads\/dialogo.jpg 360w, https:\/\/crentassos.com.br\/blog\/wp-content\/uploads\/dialogo-300x251.jpg 300w\" sizes=\"auto, (max-width: 360px) 100vw, 360px\" \/>Poder\u00edamos definir, entre tantos outros problemas, a \u201ccrise do di\u00e1logo\u201d como um dos grandes problemas da sociedade contempor\u00e2nea<\/strong>. Conversamos muito, temos muitas ferramentas para tal, entre tanto, cada dia mais, no comunicamos de maneira deficit\u00e1ria<\/span><\/span><\/p>\n<p style=\"text-align: justify;\"><span style=\"font-family: Trebuchet MS,sans-serif;\"><span style=\"font-size: small;\"><strong>Esposas n\u00e3o se comunicam com seus maridos<\/strong>, mesmo que falem durante horas, pastores n\u00e3o se comunicam com seus liderados\u201d, mesmo que reservem duas horas semanais dedicadas apenas para isso, FALAR.<\/span><\/span><\/p>\n<p style=\"text-align: justify;\"><strong>\u00a0<\/strong><span style=\"font-family: Trebuchet MS,sans-serif;\"><span style=\"font-size: small;\"><strong>Mas se falamos tanto, e t\u00e3o bem, porque nos comunicamos t\u00e3o mal?<\/strong> Isso me leva a crer q nossa crise, na verdade, n\u00e3o \u00e9 do FALAR, mas uma crise de di\u00e1logo. <\/span><\/span><\/p>\n<blockquote><p>\u00a0<span style=\"font-family: Trebuchet MS,sans-serif;\"><span style=\"font-size: small;\"><b>Di\u00e1logo<\/b> (do grego di\u00e1logos [\u03b4\u03b9\u03ac = atrav\u00e9s e \u03bb\u03bf\u03b3\u03cc\u03b9 = palavra, conhecimento], pelo latim dialogus) \u2013 <\/span><\/span><\/p>\n<p><span style=\"font-family: Trebuchet MS,sans-serif;\"><span style=\"font-size: small;\"> 1. Entendimento atrav\u00e9s da palavra, conversa\u00e7\u00e3o, col\u00f3quio, comunica\u00e7\u00e3o.<\/span><\/span><\/p>\n<p><span style=\"font-family: Trebuchet MS,sans-serif;\"><span style=\"font-size: small;\"> 2. Discuss\u00e3o ou troca de ideias, conceitos, opini\u00f5es, objetivando a solu\u00e7\u00e3o de problemas e a harmonia.<\/span><\/span><\/p><\/blockquote>\n<p style=\"text-align: justify;\"><strong>\u00a0<\/strong><\/p>\n<p style=\"text-align: justify;\"><span style=\"font-family: Trebuchet MS,sans-serif;\"><span style=\"font-size: small;\"><strong>Dialogar \u00e9 comunicar e compreender<\/strong>, falar e ouvir, \u00e9 uma esp\u00e9cie de pr\u00f3to-relacionamento e quando esse embri\u00e3o de relacionamentos est\u00e1 deformado, n\u00e3o cresce de maneira a se desenvolver de maneira saud\u00e1vel, se algo n\u00e3o for feito o quanto antes.<\/span><\/span><\/p>\n<p style=\"text-align: justify;\">\n<p style=\"text-align: justify;\" align=\"CENTER\"><strong><span style=\"font-family: Trebuchet MS,sans-serif;\"><span style=\"font-size: small;\">Falamos muito &gt;&gt; N\u00e3o nos comunicamos &gt;&gt; P\u00e9ssimos relacionamentos<\/span><\/span><\/strong><\/p>\n<p style=\"text-align: justify;\">\n<p style=\"text-align: justify;\"><span style=\"font-family: Trebuchet MS,sans-serif;\"><span style=\"font-size: small;\"><strong>Fazendo uma an\u00e1lise reversa, percebo que para termos bons relacionamentos,<\/strong> precisamos nos comunicar de alguma maneira e o excesso de ferramentas e o respectivo muito falar n\u00e3o tem tido sucesso nessa tarefa.<\/span><\/span><\/p>\n<p style=\"text-align: justify;\">\n<p style=\"text-align: justify;\"><span style=\"font-family: Trebuchet MS,sans-serif;\"><span style=\"font-size: small;\"><strong>Temos muito para falar sobre nos mesmos,<\/strong> cada dia mais e temos cada vez menos tempo e vontade para ouvir oque cada um tem para dizer. Esse desejo intenso de falar de si, mostra, claramente que a cada dia estamos NOS considerando important\u00edssimo. N\u00e3o se trata de julgar que os outros ao nosso redor n\u00e3o sejam importantes, e claro que s\u00e3o&#8230; Apenas um desalmado, uma criatura sat\u00e2nica, desconsideraria a import\u00e2ncia de cada um ao nosso redor, a quest\u00e3o \u00e9 que EU tamb\u00e9m tenho que me valorizar e comunicar como coisas maravilhosas tem acontecido diariamente na minha vida. <\/span><\/span><\/p>\n<p style=\"text-align: justify;\"><strong>\u00a0<\/strong><\/p>\n<p style=\"text-align: justify;\"><span style=\"font-family: Trebuchet MS,sans-serif;\"><span style=\"font-size: small;\"><strong>Temos com isso a falsa impress\u00e3o de que n\u00e3o estamos pecando<\/strong>, e de que se valorizar a si mesmo, n\u00e3o \u00e9 um problema, pois ouve-se o tempo inteiro \u201cse eu n\u00e3o me valorizar, quem ir\u00e1?&#8217; ou coisas do tipo, que s\u00f3 vem a nos mostrar como cada novo dia somos mais e mais ego\u00edstas, mais e mais antropocentristas e dedicados cada dia mais \u00e0 nossa pr\u00f3pria satisfa\u00e7\u00e3o, alegria e prazer&#8230;<\/span><\/span><\/p>\n<p style=\"text-align: justify;\"><strong>\u00a0<\/strong><span style=\"font-family: Trebuchet MS,sans-serif;\"><span style=\"font-size: small;\"><strong>A mentira diab\u00f3lica de que SOU IMPORTANTE<\/strong>, \u00e9 a maneira mais f\u00e1cil de esconder que no final das contas, a \u00fanica coisa que importa, \u00e9 o EU e que posso at\u00e9 ser amigo, esposo, l\u00edder, etc, da melhor maneira poss\u00edvel, desde que para isso, o meu EU n\u00e3o seja NUNCA atingido, magoado ou mesmo incomodado. <\/span><\/span><\/p>\n<p style=\"text-align: justify;\">\u00a0<span style=\"font-family: Trebuchet MS,sans-serif;\"><span style=\"font-size: small;\"><strong>A crise do di\u00e1logo n\u00e3o \u00e9, portanto, o problema,<\/strong> mas um sintoma de algo muito mais grave, que \u00e9 a crise da consci\u00eancia de comunidade, que o evangelho de Cristo prop\u00f5em, quando afirma, no livro de Jo\u00e3o, no cap\u00edtulo 13, versos 34 e 35. A nossa crise n\u00e3o \u00e9 de di\u00e1logo e nem \u00e9 de relacionamentos, a nossa crise \u00e9 \u00fanica e exclusivamente a de n\u00e3o compreender, que dentro da l\u00f3gica crist\u00e3, o OUTRO \u00e9 sempre mais importante e merece ser respeitado, seja ele quem for, o EU \u00e9 desprez\u00edvel, pecador e precisa reconhecer seus erros, e o N\u00d3S \u00e9, de fato, o corpo de Cristo. Nossa crise, \u00e9 n\u00e3o termos compreendido o evangelho, \u00e9 n\u00e3o termos nos convertido ainda<\/span><\/span><\/p>\n<p style=\"text-align: justify;\">\n<p style=\"text-align: justify;\">\n","protected":false},"excerpt":{"rendered":"<p>Poder\u00edamos definir, entre tantos outros problemas, a \u201ccrise do di\u00e1logo\u201d como um dos grandes problemas da sociedade contempor\u00e2nea. Conversamos muito, temos muitas [&hellip;]<\/p>\n","protected":false},"author":9,"featured_media":8682,"comment_status":"open","ping_status":"open","sticky":false,"template":"","format":"standard","meta":{"_exactmetrics_skip_tracking":false,"_exactmetrics_sitenote_active":false,"_exactmetrics_sitenote_note":"","_exactmetrics_sitenote_category":0,"footnotes":"","_links_to":"","_links_to_target":""},"categories":[112],"tags":[68,2190,2191],"class_list":{"0":"post-8681","1":"post","2":"type-post","3":"status-publish","4":"format-standard","5":"has-post-thumbnail","6":"hentry","7":"category-artigos","8":"tag-cristianismo","9":"tag-dialogo","10":"tag-relacionamentos","12":"post-with-thumbnail","13":"post-with-thumbnail-large"},"yoast_head":"<!-- This site is optimized with the Yoast SEO plugin v27.1.1 - https:\/\/yoast.com\/product\/yoast-seo-wordpress\/ -->\n<title>A crise do di\u00e1logo e do relacionamento \u00e9 uma mentira... - Crentassos Produ\u00e7\u00f5es Subversivas<\/title>\n<meta name=\"robots\" content=\"index, follow, max-snippet:-1, max-image-preview:large, max-video-preview:-1\" \/>\n<link rel=\"canonical\" href=\"https:\/\/crentassos.com.br\/blog\/2013\/03\/a-crise-do-dialogo-e-do-relacionamento-e-uma-mentira.html\" \/>\n<meta property=\"og:locale\" content=\"pt_BR\" \/>\n<meta property=\"og:type\" content=\"article\" \/>\n<meta property=\"og:title\" content=\"A crise do di\u00e1logo e do relacionamento \u00e9 uma mentira... - Crentassos Produ\u00e7\u00f5es Subversivas\" \/>\n<meta property=\"og:description\" content=\"Poder\u00edamos definir, entre tantos outros problemas, a \u201ccrise do di\u00e1logo\u201d como um dos grandes problemas da sociedade contempor\u00e2nea. Conversamos muito, temos muitas [&hellip;]\" \/>\n<meta property=\"og:url\" content=\"https:\/\/crentassos.com.br\/blog\/2013\/03\/a-crise-do-dialogo-e-do-relacionamento-e-uma-mentira.html\" \/>\n<meta property=\"og:site_name\" content=\"Crentassos Produ\u00e7\u00f5es Subversivas\" \/>\n<meta property=\"article:publisher\" content=\"http:\/\/www.facebook.com\/crentassos\" \/>\n<meta property=\"article:published_time\" content=\"2013-03-04T16:17:14+00:00\" \/>\n<meta property=\"og:image\" content=\"https:\/\/crentassos.com.br\/blog\/wp-content\/uploads\/dialogo.jpg\" \/>\n\t<meta property=\"og:image:width\" content=\"360\" \/>\n\t<meta property=\"og:image:height\" content=\"302\" \/>\n\t<meta property=\"og:image:type\" content=\"image\/jpeg\" \/>\n<meta name=\"author\" content=\"Cristiano Machado\" \/>\n<meta name=\"twitter:card\" content=\"summary_large_image\" \/>\n<meta name=\"twitter:creator\" content=\"@crentassos\" \/>\n<meta name=\"twitter:site\" content=\"@crentassos\" \/>\n<meta name=\"twitter:label1\" content=\"Escrito por\" \/>\n\t<meta name=\"twitter:data1\" content=\"Cristiano Machado\" \/>\n\t<meta name=\"twitter:label2\" content=\"Est. tempo de leitura\" \/>\n\t<meta name=\"twitter:data2\" content=\"3 minutos\" \/>\n<script type=\"application\/ld+json\" class=\"yoast-schema-graph\">{\"@context\":\"https:\/\/schema.org\",\"@graph\":[{\"@type\":\"Article\",\"@id\":\"https:\/\/crentassos.com.br\/blog\/2013\/03\/a-crise-do-dialogo-e-do-relacionamento-e-uma-mentira.html#article\",\"isPartOf\":{\"@id\":\"https:\/\/crentassos.com.br\/blog\/2013\/03\/a-crise-do-dialogo-e-do-relacionamento-e-uma-mentira.html\"},\"author\":{\"name\":\"Cristiano Machado\",\"@id\":\"https:\/\/crentassos.com.br\/blog\/#\/schema\/person\/7ec3329a98c44e20ccd6cc2c9e18acbd\"},\"headline\":\"A crise do di\u00e1logo e do relacionamento \u00e9 uma mentira&#8230;\",\"datePublished\":\"2013-03-04T16:17:14+00:00\",\"mainEntityOfPage\":{\"@id\":\"https:\/\/crentassos.com.br\/blog\/2013\/03\/a-crise-do-dialogo-e-do-relacionamento-e-uma-mentira.html\"},\"wordCount\":607,\"commentCount\":7,\"publisher\":{\"@id\":\"https:\/\/crentassos.com.br\/blog\/#organization\"},\"image\":{\"@id\":\"https:\/\/crentassos.com.br\/blog\/2013\/03\/a-crise-do-dialogo-e-do-relacionamento-e-uma-mentira.html#primaryimage\"},\"thumbnailUrl\":\"https:\/\/crentassos.com.br\/blog\/wp-content\/uploads\/dialogo.jpg\",\"keywords\":[\"Cristianismo\",\"dialogo\",\"relacionamentos\"],\"articleSection\":[\"Artigos\"],\"inLanguage\":\"pt-BR\",\"potentialAction\":[{\"@type\":\"CommentAction\",\"name\":\"Comment\",\"target\":[\"https:\/\/crentassos.com.br\/blog\/2013\/03\/a-crise-do-dialogo-e-do-relacionamento-e-uma-mentira.html#respond\"]}]},{\"@type\":\"WebPage\",\"@id\":\"https:\/\/crentassos.com.br\/blog\/2013\/03\/a-crise-do-dialogo-e-do-relacionamento-e-uma-mentira.html\",\"url\":\"https:\/\/crentassos.com.br\/blog\/2013\/03\/a-crise-do-dialogo-e-do-relacionamento-e-uma-mentira.html\",\"name\":\"A crise do di\u00e1logo e do relacionamento \u00e9 uma mentira... - Crentassos Produ\u00e7\u00f5es Subversivas\",\"isPartOf\":{\"@id\":\"https:\/\/crentassos.com.br\/blog\/#website\"},\"primaryImageOfPage\":{\"@id\":\"https:\/\/crentassos.com.br\/blog\/2013\/03\/a-crise-do-dialogo-e-do-relacionamento-e-uma-mentira.html#primaryimage\"},\"image\":{\"@id\":\"https:\/\/crentassos.com.br\/blog\/2013\/03\/a-crise-do-dialogo-e-do-relacionamento-e-uma-mentira.html#primaryimage\"},\"thumbnailUrl\":\"https:\/\/crentassos.com.br\/blog\/wp-content\/uploads\/dialogo.jpg\",\"datePublished\":\"2013-03-04T16:17:14+00:00\",\"breadcrumb\":{\"@id\":\"https:\/\/crentassos.com.br\/blog\/2013\/03\/a-crise-do-dialogo-e-do-relacionamento-e-uma-mentira.html#breadcrumb\"},\"inLanguage\":\"pt-BR\",\"potentialAction\":[{\"@type\":\"ReadAction\",\"target\":[\"https:\/\/crentassos.com.br\/blog\/2013\/03\/a-crise-do-dialogo-e-do-relacionamento-e-uma-mentira.html\"]}]},{\"@type\":\"ImageObject\",\"inLanguage\":\"pt-BR\",\"@id\":\"https:\/\/crentassos.com.br\/blog\/2013\/03\/a-crise-do-dialogo-e-do-relacionamento-e-uma-mentira.html#primaryimage\",\"url\":\"https:\/\/crentassos.com.br\/blog\/wp-content\/uploads\/dialogo.jpg\",\"contentUrl\":\"https:\/\/crentassos.com.br\/blog\/wp-content\/uploads\/dialogo.jpg\",\"width\":360,\"height\":302},{\"@type\":\"BreadcrumbList\",\"@id\":\"https:\/\/crentassos.com.br\/blog\/2013\/03\/a-crise-do-dialogo-e-do-relacionamento-e-uma-mentira.html#breadcrumb\",\"itemListElement\":[{\"@type\":\"ListItem\",\"position\":1,\"name\":\"Home\",\"item\":\"https:\/\/crentassos.com.br\/blog\/\"},{\"@type\":\"ListItem\",\"position\":2,\"name\":\"A crise do di\u00e1logo e do relacionamento \u00e9 uma mentira&#8230;\"}]},{\"@type\":\"WebSite\",\"@id\":\"https:\/\/crentassos.com.br\/blog\/#website\",\"url\":\"https:\/\/crentassos.com.br\/blog\/\",\"name\":\"Crentassos Produ\u00e7\u00f5es Subversivas\",\"description\":\"Podcast Crist\u00e3o, Podcrent, Da Prateleira, Artigos crist\u00e3os, Teologia, Estudos, Textos B\u00edblicos\",\"publisher\":{\"@id\":\"https:\/\/crentassos.com.br\/blog\/#organization\"},\"potentialAction\":[{\"@type\":\"SearchAction\",\"target\":{\"@type\":\"EntryPoint\",\"urlTemplate\":\"https:\/\/crentassos.com.br\/blog\/?s={search_term_string}\"},\"query-input\":{\"@type\":\"PropertyValueSpecification\",\"valueRequired\":true,\"valueName\":\"search_term_string\"}}],\"inLanguage\":\"pt-BR\"},{\"@type\":\"Organization\",\"@id\":\"https:\/\/crentassos.com.br\/blog\/#organization\",\"name\":\"Crentassos Produ\u00e7\u00f5es Subversivas\",\"url\":\"https:\/\/crentassos.com.br\/blog\/\",\"logo\":{\"@type\":\"ImageObject\",\"inLanguage\":\"pt-BR\",\"@id\":\"https:\/\/crentassos.com.br\/blog\/#\/schema\/logo\/image\/\",\"url\":\"https:\/\/crentassos.com.br\/blog\/wp-content\/uploads\/2020\/05\/cropped-crentassos1-300x300png.png\",\"contentUrl\":\"https:\/\/crentassos.com.br\/blog\/wp-content\/uploads\/2020\/05\/cropped-crentassos1-300x300png.png\",\"width\":300,\"height\":300,\"caption\":\"Crentassos Produ\u00e7\u00f5es Subversivas\"},\"image\":{\"@id\":\"https:\/\/crentassos.com.br\/blog\/#\/schema\/logo\/image\/\"},\"sameAs\":[\"http:\/\/www.facebook.com\/crentassos\",\"https:\/\/x.com\/crentassos\",\"https:\/\/www.instagram.com\/crentassos\",\"https:\/\/www.youtube.com\/crentassos\"]},{\"@type\":\"Person\",\"@id\":\"https:\/\/crentassos.com.br\/blog\/#\/schema\/person\/7ec3329a98c44e20ccd6cc2c9e18acbd\",\"name\":\"Cristiano Machado\",\"image\":{\"@type\":\"ImageObject\",\"inLanguage\":\"pt-BR\",\"@id\":\"https:\/\/crentassos.com.br\/blog\/#\/schema\/person\/image\/\",\"url\":\"https:\/\/secure.gravatar.com\/avatar\/3e7427d384f99d15935b3008477c324124816869ceb70e362e586dcccdb265bf?s=96&d=retro&r=g\",\"contentUrl\":\"https:\/\/secure.gravatar.com\/avatar\/3e7427d384f99d15935b3008477c324124816869ceb70e362e586dcccdb265bf?s=96&d=retro&r=g\",\"caption\":\"Cristiano Machado\"},\"description\":\"Cristiano Machado \u00e9 o culpado pelo inicio do COLETIVO CRENTASSOS PRODU\u00c7\u00d5ES SUBVERSIVAS e atua como auxiliar de cirurgi\u00e3o barbeiro, tocando o bumbo, jogando malabares, preparando o elixir, costurando amputa\u00e7\u00f5es e demais atividades relacionadas \u00e0 sua ocupa\u00e7\u00e3o. Pensa n\u00e3o vida em forma de pergunta e nunca de resposta, e tem um profundo sentimento de gratid\u00e3o e amor por sua esposa e filha. Religi\u00e3o: Crist\u00e3o Protestante Reformando-se Estado Civil: Inteiramente apaixonado\",\"sameAs\":[\"http:\/\/crentassos.com.br\/blog\"],\"url\":\"https:\/\/crentassos.com.br\/blog\/author\/o_cristiano\"}]}<\/script>\n<!-- \/ Yoast SEO plugin. -->","yoast_head_json":{"title":"A crise do di\u00e1logo e do relacionamento \u00e9 uma mentira... - Crentassos Produ\u00e7\u00f5es Subversivas","robots":{"index":"index","follow":"follow","max-snippet":"max-snippet:-1","max-image-preview":"max-image-preview:large","max-video-preview":"max-video-preview:-1"},"canonical":"https:\/\/crentassos.com.br\/blog\/2013\/03\/a-crise-do-dialogo-e-do-relacionamento-e-uma-mentira.html","og_locale":"pt_BR","og_type":"article","og_title":"A crise do di\u00e1logo e do relacionamento \u00e9 uma mentira... - Crentassos Produ\u00e7\u00f5es Subversivas","og_description":"Poder\u00edamos definir, entre tantos outros problemas, a \u201ccrise do di\u00e1logo\u201d como um dos grandes problemas da sociedade contempor\u00e2nea. Conversamos muito, temos muitas [&hellip;]","og_url":"https:\/\/crentassos.com.br\/blog\/2013\/03\/a-crise-do-dialogo-e-do-relacionamento-e-uma-mentira.html","og_site_name":"Crentassos Produ\u00e7\u00f5es Subversivas","article_publisher":"http:\/\/www.facebook.com\/crentassos","article_published_time":"2013-03-04T16:17:14+00:00","og_image":[{"width":360,"height":302,"url":"https:\/\/crentassos.com.br\/blog\/wp-content\/uploads\/dialogo.jpg","type":"image\/jpeg"}],"author":"Cristiano Machado","twitter_card":"summary_large_image","twitter_creator":"@crentassos","twitter_site":"@crentassos","twitter_misc":{"Escrito por":"Cristiano Machado","Est. tempo de leitura":"3 minutos"},"schema":{"@context":"https:\/\/schema.org","@graph":[{"@type":"Article","@id":"https:\/\/crentassos.com.br\/blog\/2013\/03\/a-crise-do-dialogo-e-do-relacionamento-e-uma-mentira.html#article","isPartOf":{"@id":"https:\/\/crentassos.com.br\/blog\/2013\/03\/a-crise-do-dialogo-e-do-relacionamento-e-uma-mentira.html"},"author":{"name":"Cristiano Machado","@id":"https:\/\/crentassos.com.br\/blog\/#\/schema\/person\/7ec3329a98c44e20ccd6cc2c9e18acbd"},"headline":"A crise do di\u00e1logo e do relacionamento \u00e9 uma mentira&#8230;","datePublished":"2013-03-04T16:17:14+00:00","mainEntityOfPage":{"@id":"https:\/\/crentassos.com.br\/blog\/2013\/03\/a-crise-do-dialogo-e-do-relacionamento-e-uma-mentira.html"},"wordCount":607,"commentCount":7,"publisher":{"@id":"https:\/\/crentassos.com.br\/blog\/#organization"},"image":{"@id":"https:\/\/crentassos.com.br\/blog\/2013\/03\/a-crise-do-dialogo-e-do-relacionamento-e-uma-mentira.html#primaryimage"},"thumbnailUrl":"https:\/\/crentassos.com.br\/blog\/wp-content\/uploads\/dialogo.jpg","keywords":["Cristianismo","dialogo","relacionamentos"],"articleSection":["Artigos"],"inLanguage":"pt-BR","potentialAction":[{"@type":"CommentAction","name":"Comment","target":["https:\/\/crentassos.com.br\/blog\/2013\/03\/a-crise-do-dialogo-e-do-relacionamento-e-uma-mentira.html#respond"]}]},{"@type":"WebPage","@id":"https:\/\/crentassos.com.br\/blog\/2013\/03\/a-crise-do-dialogo-e-do-relacionamento-e-uma-mentira.html","url":"https:\/\/crentassos.com.br\/blog\/2013\/03\/a-crise-do-dialogo-e-do-relacionamento-e-uma-mentira.html","name":"A crise do di\u00e1logo e do relacionamento \u00e9 uma mentira... - Crentassos Produ\u00e7\u00f5es Subversivas","isPartOf":{"@id":"https:\/\/crentassos.com.br\/blog\/#website"},"primaryImageOfPage":{"@id":"https:\/\/crentassos.com.br\/blog\/2013\/03\/a-crise-do-dialogo-e-do-relacionamento-e-uma-mentira.html#primaryimage"},"image":{"@id":"https:\/\/crentassos.com.br\/blog\/2013\/03\/a-crise-do-dialogo-e-do-relacionamento-e-uma-mentira.html#primaryimage"},"thumbnailUrl":"https:\/\/crentassos.com.br\/blog\/wp-content\/uploads\/dialogo.jpg","datePublished":"2013-03-04T16:17:14+00:00","breadcrumb":{"@id":"https:\/\/crentassos.com.br\/blog\/2013\/03\/a-crise-do-dialogo-e-do-relacionamento-e-uma-mentira.html#breadcrumb"},"inLanguage":"pt-BR","potentialAction":[{"@type":"ReadAction","target":["https:\/\/crentassos.com.br\/blog\/2013\/03\/a-crise-do-dialogo-e-do-relacionamento-e-uma-mentira.html"]}]},{"@type":"ImageObject","inLanguage":"pt-BR","@id":"https:\/\/crentassos.com.br\/blog\/2013\/03\/a-crise-do-dialogo-e-do-relacionamento-e-uma-mentira.html#primaryimage","url":"https:\/\/crentassos.com.br\/blog\/wp-content\/uploads\/dialogo.jpg","contentUrl":"https:\/\/crentassos.com.br\/blog\/wp-content\/uploads\/dialogo.jpg","width":360,"height":302},{"@type":"BreadcrumbList","@id":"https:\/\/crentassos.com.br\/blog\/2013\/03\/a-crise-do-dialogo-e-do-relacionamento-e-uma-mentira.html#breadcrumb","itemListElement":[{"@type":"ListItem","position":1,"name":"Home","item":"https:\/\/crentassos.com.br\/blog\/"},{"@type":"ListItem","position":2,"name":"A crise do di\u00e1logo e do relacionamento \u00e9 uma mentira&#8230;"}]},{"@type":"WebSite","@id":"https:\/\/crentassos.com.br\/blog\/#website","url":"https:\/\/crentassos.com.br\/blog\/","name":"Crentassos Produ\u00e7\u00f5es Subversivas","description":"Podcast Crist\u00e3o, Podcrent, Da Prateleira, Artigos crist\u00e3os, Teologia, Estudos, Textos B\u00edblicos","publisher":{"@id":"https:\/\/crentassos.com.br\/blog\/#organization"},"potentialAction":[{"@type":"SearchAction","target":{"@type":"EntryPoint","urlTemplate":"https:\/\/crentassos.com.br\/blog\/?s={search_term_string}"},"query-input":{"@type":"PropertyValueSpecification","valueRequired":true,"valueName":"search_term_string"}}],"inLanguage":"pt-BR"},{"@type":"Organization","@id":"https:\/\/crentassos.com.br\/blog\/#organization","name":"Crentassos Produ\u00e7\u00f5es Subversivas","url":"https:\/\/crentassos.com.br\/blog\/","logo":{"@type":"ImageObject","inLanguage":"pt-BR","@id":"https:\/\/crentassos.com.br\/blog\/#\/schema\/logo\/image\/","url":"https:\/\/crentassos.com.br\/blog\/wp-content\/uploads\/2020\/05\/cropped-crentassos1-300x300png.png","contentUrl":"https:\/\/crentassos.com.br\/blog\/wp-content\/uploads\/2020\/05\/cropped-crentassos1-300x300png.png","width":300,"height":300,"caption":"Crentassos Produ\u00e7\u00f5es Subversivas"},"image":{"@id":"https:\/\/crentassos.com.br\/blog\/#\/schema\/logo\/image\/"},"sameAs":["http:\/\/www.facebook.com\/crentassos","https:\/\/x.com\/crentassos","https:\/\/www.instagram.com\/crentassos","https:\/\/www.youtube.com\/crentassos"]},{"@type":"Person","@id":"https:\/\/crentassos.com.br\/blog\/#\/schema\/person\/7ec3329a98c44e20ccd6cc2c9e18acbd","name":"Cristiano Machado","image":{"@type":"ImageObject","inLanguage":"pt-BR","@id":"https:\/\/crentassos.com.br\/blog\/#\/schema\/person\/image\/","url":"https:\/\/secure.gravatar.com\/avatar\/3e7427d384f99d15935b3008477c324124816869ceb70e362e586dcccdb265bf?s=96&d=retro&r=g","contentUrl":"https:\/\/secure.gravatar.com\/avatar\/3e7427d384f99d15935b3008477c324124816869ceb70e362e586dcccdb265bf?s=96&d=retro&r=g","caption":"Cristiano Machado"},"description":"Cristiano Machado \u00e9 o culpado pelo inicio do COLETIVO CRENTASSOS PRODU\u00c7\u00d5ES SUBVERSIVAS e atua como auxiliar de cirurgi\u00e3o barbeiro, tocando o bumbo, jogando malabares, preparando o elixir, costurando amputa\u00e7\u00f5es e demais atividades relacionadas \u00e0 sua ocupa\u00e7\u00e3o. Pensa n\u00e3o vida em forma de pergunta e nunca de resposta, e tem um profundo sentimento de gratid\u00e3o e amor por sua esposa e filha. Religi\u00e3o: Crist\u00e3o Protestante Reformando-se Estado Civil: Inteiramente apaixonado","sameAs":["http:\/\/crentassos.com.br\/blog"],"url":"https:\/\/crentassos.com.br\/blog\/author\/o_cristiano"}]}},"_links":{"self":[{"href":"https:\/\/crentassos.com.br\/blog\/wp-json\/wp\/v2\/posts\/8681","targetHints":{"allow":["GET"]}}],"collection":[{"href":"https:\/\/crentassos.com.br\/blog\/wp-json\/wp\/v2\/posts"}],"about":[{"href":"https:\/\/crentassos.com.br\/blog\/wp-json\/wp\/v2\/types\/post"}],"author":[{"embeddable":true,"href":"https:\/\/crentassos.com.br\/blog\/wp-json\/wp\/v2\/users\/9"}],"replies":[{"embeddable":true,"href":"https:\/\/crentassos.com.br\/blog\/wp-json\/wp\/v2\/comments?post=8681"}],"version-history":[{"count":2,"href":"https:\/\/crentassos.com.br\/blog\/wp-json\/wp\/v2\/posts\/8681\/revisions"}],"predecessor-version":[{"id":10180,"href":"https:\/\/crentassos.com.br\/blog\/wp-json\/wp\/v2\/posts\/8681\/revisions\/10180"}],"wp:featuredmedia":[{"embeddable":true,"href":"https:\/\/crentassos.com.br\/blog\/wp-json\/wp\/v2\/media\/8682"}],"wp:attachment":[{"href":"https:\/\/crentassos.com.br\/blog\/wp-json\/wp\/v2\/media?parent=8681"}],"wp:term":[{"taxonomy":"category","embeddable":true,"href":"https:\/\/crentassos.com.br\/blog\/wp-json\/wp\/v2\/categories?post=8681"},{"taxonomy":"post_tag","embeddable":true,"href":"https:\/\/crentassos.com.br\/blog\/wp-json\/wp\/v2\/tags?post=8681"}],"curies":[{"name":"wp","href":"https:\/\/api.w.org\/{rel}","templated":true}]}}