{"id":848,"date":"2011-01-12T01:10:00","date_gmt":"2011-01-12T03:10:00","guid":{"rendered":"http:\/\/oueleouela.wordpress.com\/2011\/01\/12\/lamentavel-e-voce-ainda-acredita-que-essas-coisas-nao-acontecem-002"},"modified":"2011-01-12T01:10:00","modified_gmt":"2011-01-12T03:10:00","slug":"lamentavel-e-voce-ainda-acredita-que-essas-coisas-nao-acontecem-002","status":"publish","type":"post","link":"https:\/\/crentassos.com.br\/blog\/2011\/01\/lamentavel-e-voce-ainda-acredita-que-essas-coisas-nao-acontecem-002.html","title":{"rendered":"Lament\u00e1vel&#8230; e voc\u00ea ainda acredita que essas coisas n\u00e3o acontecem! &#8211; #002"},"content":{"rendered":"<div class=\"separator\" style=\"clear:both;text-align:center;\"><a href=\"http:\/\/oueleouela.files.wordpress.com\/2011\/01\/blakejob_color13.jpg?w=200\" style=\"clear:left;float:left;margin-bottom:1em;margin-right:1em;text-align:justify;\"><img decoding=\"async\" border=\"0\" src=\"http:\/\/oueleouela.files.wordpress.com\/2011\/01\/blakejob_color13.jpg?w=200\" \/><\/a><\/div>\n<div style=\"text-align:justify;\"><span class=\"Apple-style-span\" style=\"font-family:Verdana,sans-serif;\"><b><i>Vemos in\u00fameros pastores hoje em dia amaldi\u00e7oando ovelhas e l\u00edderes<\/i><\/b> que se desligam de &#8220;seus minist\u00e9rios&#8221;; esses pastores dizem que essas pessoas est\u00e3o amaldi\u00e7oadas por que sa\u00edram de debaixo da b\u00ean\u00e7\u00e3o e se desligaram de determinada igreja&#8221;; alguns crist\u00e3os permanecem nessas igrejas que mais escravizam do que libertam, e outros saem, mas continuam com medo, achando que est\u00e3o amaldi\u00e7oados porque sa\u00edram. Mas, pode o homem amaldi\u00e7oar ou aben\u00e7oar a outr\u00e9m?<\/span><\/div>\n<div style=\"text-align:justify;\"><span class=\"Apple-style-span\" style=\"font-family:Verdana,sans-serif;\">Vejamos o que a B\u00edblia nos diz sobre isso:<\/span><\/div>\n<div style=\"text-align:justify;\"><span class=\"Apple-style-span\" style=\"font-family:Verdana,sans-serif;\">No livro de N\u00fameros, cap.23, temos os relatos que nos d\u00e3o a resposta. Balaque, rei dos moabitas pediu para que Bala\u00e3o amaldi\u00e7oasse a Israel, por\u00e9m veja o que aconteceu:<\/span><\/div>\n<div style=\"text-align:justify;\"><span class=\"Apple-style-span\" style=\"font-family:Verdana,sans-serif;\">&#8220;Ent\u00e3o proferiu a sua par\u00e1bola, e disse: De Ar\u00e3, me mandou trazer Balaque, rei dos moabitas, das montanhas do oriente, dizendo: Vem, amaldi\u00e7oa-me a Jac\u00f3; e vem, denuncia a Israel. Como amaldi\u00e7oarei o que Deus n\u00e3o amaldi\u00e7oa? E como denunciarei, quando o SENHOR n\u00e3o denuncia?&#8221; (N\u00fameros 23:7,8).<\/span><br \/><a name='more'><\/a><\/div>\n<div style=\"text-align:justify;\"><span class=\"Apple-style-span\" style=\"font-family:Verdana,sans-serif;\"><b>Quando Deus aben\u00e7oa o homem n\u00e3o pode amaldi\u00e7oar<\/b>, e quando Deus amaldi\u00e7oa o homem n\u00e3o tem poder para aben\u00e7oar, \u00e9 simples. Ent\u00e3o, esse neg\u00f3cio de ficar dizendo que pastor A ou pastor B est\u00e1 amaldi\u00e7oado porque deixou um determinado minist\u00e9rio n\u00e3o deixa de ser mais uma heresia e mais uma prova de falta de conhecimento das Escrituras, l\u00edderes que agem assim querem simplesmente manipular o povo colocando medo, ser\u00e1 que esses l\u00edderes nunca leram o cap.23 do livro de N\u00fameros?<\/span><\/div>\n<div style=\"text-align:justify;\"><span class=\"Apple-style-span\" style=\"font-family:Verdana,sans-serif;\">&#8221; 11: Ent\u00e3o disse Balaque a Bala\u00e3o: Que me fizeste? Chamei-te para amaldi\u00e7oar os meus inimigos, mas eis que inteiramente os aben\u00e7oaste.&#8221;<\/span><\/div>\n<div style=\"text-align:justify;\"><span class=\"Apple-style-span\" style=\"font-family:Verdana,sans-serif;\">&#8221; 19: Deus n\u00e3o \u00e9 homem, para que minta; nem filho do homem, para que se arrependa; porventura diria ele, e n\u00e3o o faria? Ou falaria, e n\u00e3o o confirmaria?&#8221;<\/span><\/div>\n<div style=\"text-align:justify;\"><span class=\"Apple-style-span\" style=\"font-family:Verdana,sans-serif;\">&#8221; 20: Eis que recebi mandado de aben\u00e7oar; pois ele tem aben\u00e7oado, e eu n\u00e3o o posso revogar.&#8221;<\/span><\/div>\n<div style=\"text-align:justify;\"><span class=\"Apple-style-span\" style=\"font-family:Verdana,sans-serif;\"><b>Esse tipo de maldi\u00e7\u00e3o, ou melhor, manipula\u00e7\u00e3o<\/b>, \u00e9 mais um sinal claro e evidente de que esses l\u00edderes est\u00e3o fazendo o que n\u00e3o agrada a Deus, seria talvez a s\u00edndrome de L\u00facifer? N\u00e3o sei, mas sei que esses pastores querem estar no controle, at\u00e9 mesmo de Deus, eles querem ditar as regras, decidir quem \u00e9 e quem n\u00e3o \u00e9 aben\u00e7oado. Querem carregar a igreja no bra\u00e7o, quando dever\u00edam estar pregando a Palavra de Deus sem misturas, ensinando o povo que \u00e9 Deus quem aben\u00e7oa ou amaldi\u00e7oa, mas \u00e9 claro, se eles fizerem isso o povo n\u00e3o cair\u00e1 mais na l\u00e1bia da manipula\u00e7\u00e3o. Maldi\u00e7\u00e3o Pastoral. C\u00e9us! A que ponto n\u00f3s chegamos.<\/span><\/div>\n<div style=\"text-align:justify;\"><span class=\"Apple-style-span\" style=\"font-family:Verdana,sans-serif;\"><b>Nenhuma pessoa deve se intimidar com esse tipo de maldi\u00e7\u00e3o <\/b>proferida por homens, ela n\u00e3o tem nenhum poder, se Deus aben\u00e7oa, quem \u00e9 o homem para revogar o que Deus faz? Por incr\u00edvel que pare\u00e7a, existem alguns pastores que pensam que podem revogar os decretos de Deus, esses est\u00e3o doentes.<\/span><\/div>\n<div style=\"text-align:justify;\"><span class=\"Apple-style-span\" style=\"font-family:Verdana,sans-serif;\">Seria rebeldia um membro ou um pastor se desligar de um minist\u00e9rio?<\/span><\/div>\n<div style=\"text-align:justify;\"><span class=\"Apple-style-span\" style=\"font-family:Verdana,sans-serif;\"><b>O crist\u00e3o \u00e9 livre, ele tem o direito de ficar em qual igreja ele escolher<\/b>, nenhuma maldi\u00e7\u00e3o pode ser atribu\u00edda a sua escolha (isso \u00e9 manipula\u00e7\u00e3o e abuso de autoridae dos pastores). Outra coisa, se um pastor se desliga e abre outro minist\u00e9rio, que mal h\u00e1 nisso? \u00c9 mais uma igreja na face da terra. N\u00e3o foi o pr\u00f3prio Jesus quem nos mandou ir e espalhar o evangelho? Pastores que querem ser donos de regi\u00e3o e ter todo o povo debaixo de sua tutela est\u00e3o atrasando a obra de Deus, esses querem ajuntar e n\u00e3o espalhar. Voc\u00ea j\u00e1 pensou se existisse somente um restaurante na cidade, ou um carro de pol\u00edcia, ou um posto de gasolina somente? Esses pastores querem ter a cidade para eles, por\u00e9m, eles n\u00e3o podem dar conta de suprir as necessidades de toda a cidade, mas mesmo assim quando aparece outra igreja, ou restaurante, ou carro de pol\u00edcia, ou posto de gasolina, eles dizem que n\u00e3o \u00e9 de Deus e quem for l\u00e1 estar\u00e1 amaldi\u00e7oado. Hereges!<\/span><\/div>\n<div style=\"text-align:justify;\"><span class=\"Apple-style-span\" style=\"font-family:Verdana,sans-serif;\"><b>Se disserem que um pastor que se desliga de um minist\u00e9rio<\/b> e abre outra igreja est\u00e1 em rebeldia e o povo amaldi\u00e7oado, ent\u00e3o todo o cristianismo protestante est\u00e1 amaldi\u00e7oado. Se for esse o caso teremos que fechar as nossas igrejas e voltar todos para a igreja cat\u00f3lica porque o cristianismo protestante surgiu atrav\u00e9s da Reforma Protestante, e um dos \u00edcones da reforma foi Martinho Lutero, que se desligou da igreja cat\u00f3lica, ele foi chamado de rebelde, amaldi\u00e7oado, herege e etc. Se aceitamos as atitudes de Lutero como podemos contrariar essas atitudes nos dias de hoje? Seria dois pesos e duas medidas; seria falta de racioc\u00ednio; seria burrice; porque, o que \u00e9 errado \u00e9 errado, independente da \u00e9poca e das circunst\u00e2ncias. Ent\u00e3o, se \u00e9 errado um pastor se desligar de um minist\u00e9rio e abrir uma outra igreja hoje, temos que considerar que foi errado o que Lutero fez, mas n\u00e3o podemos fazer isso, porque sabemos que n\u00e3o h\u00e1 nada de mal, pelo contr\u00e1rio, ser\u00e1 mais uma igreja que, se pregar a B\u00edblia como ela \u00e9, estar\u00e1 contribuindo para a obra de Deus na terra. Quem for contra isso estar\u00e1 sendo contra as palavras de Jesus, de que devemos espalhar o evangelho. Esses est\u00e3o lutando contra Deus, e ainda t\u00eam a pretens\u00e3o de querer ganhar. Est\u00e3o literalmente doentes! \u00c9 a torre de babel interna no homem.<\/span><\/div>\n<div style=\"text-align:justify;\"><span class=\"Apple-style-span\" style=\"font-family:Verdana,sans-serif;\"><b>Se me perguntam quem deve abrir e quem n\u00e3o deve abrir uma igreja<\/b>, n\u00e3o posso te responder, porque isso \u00e9 uma quest\u00e3o de chamado.<\/span><\/div>\n<div style=\"text-align:justify;\"><span class=\"Apple-style-span\" style=\"font-family:Verdana,sans-serif;\">Recomendo-lhes a leitura do cap.23 do livro de N\u00fameros, \u00e9 bem pequeno, s\u00e3o somente 30 vers\u00edculos, mas lhe servir\u00e3o para esclarecer algumas d\u00favidas.<\/span><\/div>\n<div style=\"text-align:justify;\"><span class=\"Apple-style-span\" style=\"font-family:Verdana,sans-serif;\">No demais irm\u00e3os, n\u00e3o temais o que o homem pode fazer, mas tema Aquele que deve ser temido, n\u00e3o intimidem-se com essas maldi\u00e7\u00f5es pastorais, isso \u00e9 macumba de pastor, com cara de profecia. Nem aquele que abre uma nova igreja, e nem aquele que l\u00e1 congrega est\u00e3o amaldi\u00e7oados, voc\u00eas n\u00e3o precisam temer, isso \u00e9 coisa de dogmas de igrejas, s\u00e3o regras que os homens inventam para segurar o povo. Quem n\u00e3o prega a Palavra de Deus tem que inventar moda para que o povo n\u00e3o desapare\u00e7a, seja fazendo festas ou colocando medo, esse \u00e9 o evangelho pregado por esses homens. Se Deus os aben\u00e7oa e voc\u00eas procuram obedecer a B\u00edblia, quem \u00e9 o homem para vos amaldi\u00e7oar?<\/span><\/div>\n<div style=\"text-align:justify;\"><span class=\"Apple-style-span\" style=\"font-family:Verdana,sans-serif;\"><br \/><\/span><\/div>\n<div style=\"text-align:justify;\"><span class=\"Apple-style-span\" style=\"font-family:Verdana,sans-serif;\">B. C. Delgado.<\/span><\/div>\n<div style=\"text-align:justify;\"><span class=\"Apple-style-span\" style=\"font-family:Verdana,sans-serif;\"><br \/><\/span><\/div>\n<div style=\"text-align:justify;\"><span class=\"Apple-style-span\" style=\"font-family:Verdana,sans-serif;\">vi no\u00a0<\/span><span class=\"Apple-style-span\" style=\"font-family:Verdana,sans-serif;\"><a href=\"http:\/\/ministrosdagraca.blogspot.com\/2010\/12\/pode-o-homem-amaldicoar-ou-abencoar.html\">Ministros da Gra\u00e7a<\/a><\/span><\/div>\n<div style=\"text-align:justify;\"><span class=\"Apple-style-span\" style=\"font-family:Verdana,sans-serif;\"><span class=\"Apple-style-span\" style=\"color:#134f5c;\">Que bom que isso \u00e9 apenas fic\u00e7\u00e3o e que n\u00e3o acontece por aqui.<\/span><\/span><\/div>\n<div style=\"text-align:justify;\"><span class=\"Apple-style-span\" style=\"color:#134f5c;font-family:Verdana,sans-serif;\">Faz parte do imagin\u00e1rio pa\u00eds distante de Ecclesioland e n\u00e3o tem nada a ver com nossos &#8220;ungidos&#8221; de plant\u00e3o&#8230;<\/span><\/div>\n<div style=\"text-align:justify;\"><span class=\"Apple-style-span\" style=\"color:#134f5c;font-family:Verdana,sans-serif;\">Jamais aconteceria de sair pastores da igreja e serem amaldi\u00e7oados ou &#8220;desungidos&#8221;&#8230; jamais&#8230; principalmente por quest\u00f5es teol\u00f3gicas.<\/span><\/div>\n<div style=\"text-align:justify;\"><span class=\"Apple-style-span\" style=\"color:#134f5c;font-family:Verdana,sans-serif;\">Quem, em s\u00e3 consci\u00eancia, pode conceber algo desse tipo?<\/span><\/div>\n<div style=\"text-align:justify;\"><span class=\"Apple-style-span\" style=\"color:#134f5c;font-family:Verdana,sans-serif;\">O velho jarg\u00e3o de &#8220;quem n\u00e3o est\u00e1 com n\u00f3s, est\u00e1 contra n\u00f3s!&#8221;&#8230; bem, n\u00e3o cabe aqui&#8230;<\/span><\/div>\n<div style=\"text-align:justify;\"><span class=\"Apple-style-span\" style=\"font-family:Verdana,sans-serif;\"><span class=\"Apple-style-span\" style=\"color:#134f5c;\">Soli Deo Gloria<\/span><\/span><\/div>\n","protected":false},"excerpt":{"rendered":"<p>Vemos in\u00fameros pastores hoje em dia amaldi\u00e7oando ovelhas e l\u00edderes que se desligam de &#8220;seus minist\u00e9rios&#8221;; esses pastores dizem que essas pessoas [&hellip;]<\/p>\n","protected":false},"author":1,"featured_media":0,"comment_status":"open","ping_status":"closed","sticky":false,"template":"","format":"standard","meta":{"_exactmetrics_skip_tracking":false,"_exactmetrics_sitenote_active":false,"_exactmetrics_sitenote_note":"","_exactmetrics_sitenote_category":0,"footnotes":"","_links_to":"","_links_to_target":""},"categories":[],"tags":[],"class_list":["post-848","post","type-post","status-publish","format-standard","hentry"],"yoast_head":"<!-- This site is optimized with the Yoast SEO plugin v27.1.1 - https:\/\/yoast.com\/product\/yoast-seo-wordpress\/ -->\n<title>Lament\u00e1vel... e voc\u00ea ainda acredita que essas coisas n\u00e3o acontecem! - #002 - Crentassos Produ\u00e7\u00f5es Subversivas<\/title>\n<meta name=\"robots\" content=\"index, follow, max-snippet:-1, max-image-preview:large, max-video-preview:-1\" \/>\n<link rel=\"canonical\" href=\"https:\/\/crentassos.com.br\/blog\/2011\/01\/lamentavel-e-voce-ainda-acredita-que-essas-coisas-nao-acontecem-002.html\" \/>\n<meta property=\"og:locale\" content=\"pt_BR\" \/>\n<meta property=\"og:type\" content=\"article\" \/>\n<meta property=\"og:title\" content=\"Lament\u00e1vel... e voc\u00ea ainda acredita que essas coisas n\u00e3o acontecem! - #002 - Crentassos Produ\u00e7\u00f5es Subversivas\" \/>\n<meta property=\"og:description\" content=\"Vemos in\u00fameros pastores hoje em dia amaldi\u00e7oando ovelhas e l\u00edderes que se desligam de &#8220;seus minist\u00e9rios&#8221;; esses pastores dizem que essas pessoas [&hellip;]\" \/>\n<meta property=\"og:url\" content=\"https:\/\/crentassos.com.br\/blog\/2011\/01\/lamentavel-e-voce-ainda-acredita-que-essas-coisas-nao-acontecem-002.html\" \/>\n<meta property=\"og:site_name\" content=\"Crentassos Produ\u00e7\u00f5es Subversivas\" \/>\n<meta property=\"article:publisher\" content=\"http:\/\/www.facebook.com\/crentassos\" \/>\n<meta property=\"article:published_time\" content=\"2011-01-12T03:10:00+00:00\" \/>\n<meta property=\"og:image\" content=\"http:\/\/oueleouela.files.wordpress.com\/2011\/01\/blakejob_color13.jpg?w=200\" \/>\n<meta name=\"author\" content=\"Crentassos\" \/>\n<meta name=\"twitter:card\" content=\"summary_large_image\" \/>\n<meta name=\"twitter:creator\" content=\"@crentassos\" \/>\n<meta name=\"twitter:site\" content=\"@crentassos\" \/>\n<meta name=\"twitter:label1\" content=\"Escrito por\" \/>\n\t<meta name=\"twitter:data1\" content=\"Crentassos\" \/>\n\t<meta name=\"twitter:label2\" content=\"Est. tempo de leitura\" \/>\n\t<meta name=\"twitter:data2\" content=\"6 minutos\" \/>\n<script type=\"application\/ld+json\" class=\"yoast-schema-graph\">{\"@context\":\"https:\/\/schema.org\",\"@graph\":[{\"@type\":\"Article\",\"@id\":\"https:\/\/crentassos.com.br\/blog\/2011\/01\/lamentavel-e-voce-ainda-acredita-que-essas-coisas-nao-acontecem-002.html#article\",\"isPartOf\":{\"@id\":\"https:\/\/crentassos.com.br\/blog\/2011\/01\/lamentavel-e-voce-ainda-acredita-que-essas-coisas-nao-acontecem-002.html\"},\"author\":{\"name\":\"Crentassos\",\"@id\":\"https:\/\/crentassos.com.br\/blog\/#\/schema\/person\/c143e75f920e3ad15d83540f47db500c\"},\"headline\":\"Lament\u00e1vel&#8230; e voc\u00ea ainda acredita que essas coisas n\u00e3o acontecem! &#8211; #002\",\"datePublished\":\"2011-01-12T03:10:00+00:00\",\"mainEntityOfPage\":{\"@id\":\"https:\/\/crentassos.com.br\/blog\/2011\/01\/lamentavel-e-voce-ainda-acredita-que-essas-coisas-nao-acontecem-002.html\"},\"wordCount\":1258,\"commentCount\":0,\"publisher\":{\"@id\":\"https:\/\/crentassos.com.br\/blog\/#organization\"},\"image\":{\"@id\":\"https:\/\/crentassos.com.br\/blog\/2011\/01\/lamentavel-e-voce-ainda-acredita-que-essas-coisas-nao-acontecem-002.html#primaryimage\"},\"thumbnailUrl\":\"http:\/\/oueleouela.files.wordpress.com\/2011\/01\/blakejob_color13.jpg?w=200\",\"inLanguage\":\"pt-BR\",\"potentialAction\":[{\"@type\":\"CommentAction\",\"name\":\"Comment\",\"target\":[\"https:\/\/crentassos.com.br\/blog\/2011\/01\/lamentavel-e-voce-ainda-acredita-que-essas-coisas-nao-acontecem-002.html#respond\"]}]},{\"@type\":\"WebPage\",\"@id\":\"https:\/\/crentassos.com.br\/blog\/2011\/01\/lamentavel-e-voce-ainda-acredita-que-essas-coisas-nao-acontecem-002.html\",\"url\":\"https:\/\/crentassos.com.br\/blog\/2011\/01\/lamentavel-e-voce-ainda-acredita-que-essas-coisas-nao-acontecem-002.html\",\"name\":\"Lament\u00e1vel... e voc\u00ea ainda acredita que essas coisas n\u00e3o acontecem! - #002 - Crentassos Produ\u00e7\u00f5es Subversivas\",\"isPartOf\":{\"@id\":\"https:\/\/crentassos.com.br\/blog\/#website\"},\"primaryImageOfPage\":{\"@id\":\"https:\/\/crentassos.com.br\/blog\/2011\/01\/lamentavel-e-voce-ainda-acredita-que-essas-coisas-nao-acontecem-002.html#primaryimage\"},\"image\":{\"@id\":\"https:\/\/crentassos.com.br\/blog\/2011\/01\/lamentavel-e-voce-ainda-acredita-que-essas-coisas-nao-acontecem-002.html#primaryimage\"},\"thumbnailUrl\":\"http:\/\/oueleouela.files.wordpress.com\/2011\/01\/blakejob_color13.jpg?w=200\",\"datePublished\":\"2011-01-12T03:10:00+00:00\",\"breadcrumb\":{\"@id\":\"https:\/\/crentassos.com.br\/blog\/2011\/01\/lamentavel-e-voce-ainda-acredita-que-essas-coisas-nao-acontecem-002.html#breadcrumb\"},\"inLanguage\":\"pt-BR\",\"potentialAction\":[{\"@type\":\"ReadAction\",\"target\":[\"https:\/\/crentassos.com.br\/blog\/2011\/01\/lamentavel-e-voce-ainda-acredita-que-essas-coisas-nao-acontecem-002.html\"]}]},{\"@type\":\"ImageObject\",\"inLanguage\":\"pt-BR\",\"@id\":\"https:\/\/crentassos.com.br\/blog\/2011\/01\/lamentavel-e-voce-ainda-acredita-que-essas-coisas-nao-acontecem-002.html#primaryimage\",\"url\":\"http:\/\/oueleouela.files.wordpress.com\/2011\/01\/blakejob_color13.jpg?w=200\",\"contentUrl\":\"http:\/\/oueleouela.files.wordpress.com\/2011\/01\/blakejob_color13.jpg?w=200\"},{\"@type\":\"BreadcrumbList\",\"@id\":\"https:\/\/crentassos.com.br\/blog\/2011\/01\/lamentavel-e-voce-ainda-acredita-que-essas-coisas-nao-acontecem-002.html#breadcrumb\",\"itemListElement\":[{\"@type\":\"ListItem\",\"position\":1,\"name\":\"Home\",\"item\":\"https:\/\/crentassos.com.br\/blog\/\"},{\"@type\":\"ListItem\",\"position\":2,\"name\":\"Lament\u00e1vel&#8230; e voc\u00ea ainda acredita que essas coisas n\u00e3o acontecem! &#8211; #002\"}]},{\"@type\":\"WebSite\",\"@id\":\"https:\/\/crentassos.com.br\/blog\/#website\",\"url\":\"https:\/\/crentassos.com.br\/blog\/\",\"name\":\"Crentassos Produ\u00e7\u00f5es Subversivas\",\"description\":\"Podcast Crist\u00e3o, Podcrent, Da Prateleira, Artigos crist\u00e3os, Teologia, Estudos, Textos B\u00edblicos\",\"publisher\":{\"@id\":\"https:\/\/crentassos.com.br\/blog\/#organization\"},\"potentialAction\":[{\"@type\":\"SearchAction\",\"target\":{\"@type\":\"EntryPoint\",\"urlTemplate\":\"https:\/\/crentassos.com.br\/blog\/?s={search_term_string}\"},\"query-input\":{\"@type\":\"PropertyValueSpecification\",\"valueRequired\":true,\"valueName\":\"search_term_string\"}}],\"inLanguage\":\"pt-BR\"},{\"@type\":\"Organization\",\"@id\":\"https:\/\/crentassos.com.br\/blog\/#organization\",\"name\":\"Crentassos Produ\u00e7\u00f5es Subversivas\",\"url\":\"https:\/\/crentassos.com.br\/blog\/\",\"logo\":{\"@type\":\"ImageObject\",\"inLanguage\":\"pt-BR\",\"@id\":\"https:\/\/crentassos.com.br\/blog\/#\/schema\/logo\/image\/\",\"url\":\"https:\/\/crentassos.com.br\/blog\/wp-content\/uploads\/2020\/05\/cropped-crentassos1-300x300png.png\",\"contentUrl\":\"https:\/\/crentassos.com.br\/blog\/wp-content\/uploads\/2020\/05\/cropped-crentassos1-300x300png.png\",\"width\":300,\"height\":300,\"caption\":\"Crentassos Produ\u00e7\u00f5es Subversivas\"},\"image\":{\"@id\":\"https:\/\/crentassos.com.br\/blog\/#\/schema\/logo\/image\/\"},\"sameAs\":[\"http:\/\/www.facebook.com\/crentassos\",\"https:\/\/x.com\/crentassos\",\"https:\/\/www.instagram.com\/crentassos\",\"https:\/\/www.youtube.com\/crentassos\"]},{\"@type\":\"Person\",\"@id\":\"https:\/\/crentassos.com.br\/blog\/#\/schema\/person\/c143e75f920e3ad15d83540f47db500c\",\"name\":\"Crentassos\",\"image\":{\"@type\":\"ImageObject\",\"inLanguage\":\"pt-BR\",\"@id\":\"https:\/\/crentassos.com.br\/blog\/#\/schema\/person\/image\/\",\"url\":\"https:\/\/secure.gravatar.com\/avatar\/cb1b9c88bcd90ec2f909823639a352ece8d3a3cea59b9d08637fe057502fa227?s=96&d=retro&r=g\",\"contentUrl\":\"https:\/\/secure.gravatar.com\/avatar\/cb1b9c88bcd90ec2f909823639a352ece8d3a3cea59b9d08637fe057502fa227?s=96&d=retro&r=g\",\"caption\":\"Crentassos\"},\"description\":\"Perfil padr\u00e3o do blog dos Crentassos.\",\"sameAs\":[\"http:\/\/www.crentassos.com.br\"],\"url\":\"https:\/\/crentassos.com.br\/blog\/author\/crentassos\"}]}<\/script>\n<!-- \/ Yoast SEO plugin. -->","yoast_head_json":{"title":"Lament\u00e1vel... e voc\u00ea ainda acredita que essas coisas n\u00e3o acontecem! - #002 - Crentassos Produ\u00e7\u00f5es Subversivas","robots":{"index":"index","follow":"follow","max-snippet":"max-snippet:-1","max-image-preview":"max-image-preview:large","max-video-preview":"max-video-preview:-1"},"canonical":"https:\/\/crentassos.com.br\/blog\/2011\/01\/lamentavel-e-voce-ainda-acredita-que-essas-coisas-nao-acontecem-002.html","og_locale":"pt_BR","og_type":"article","og_title":"Lament\u00e1vel... e voc\u00ea ainda acredita que essas coisas n\u00e3o acontecem! - #002 - Crentassos Produ\u00e7\u00f5es Subversivas","og_description":"Vemos in\u00fameros pastores hoje em dia amaldi\u00e7oando ovelhas e l\u00edderes que se desligam de &#8220;seus minist\u00e9rios&#8221;; esses pastores dizem que essas pessoas [&hellip;]","og_url":"https:\/\/crentassos.com.br\/blog\/2011\/01\/lamentavel-e-voce-ainda-acredita-que-essas-coisas-nao-acontecem-002.html","og_site_name":"Crentassos Produ\u00e7\u00f5es Subversivas","article_publisher":"http:\/\/www.facebook.com\/crentassos","article_published_time":"2011-01-12T03:10:00+00:00","og_image":[{"url":"http:\/\/oueleouela.files.wordpress.com\/2011\/01\/blakejob_color13.jpg?w=200","type":"","width":"","height":""}],"author":"Crentassos","twitter_card":"summary_large_image","twitter_creator":"@crentassos","twitter_site":"@crentassos","twitter_misc":{"Escrito por":"Crentassos","Est. tempo de leitura":"6 minutos"},"schema":{"@context":"https:\/\/schema.org","@graph":[{"@type":"Article","@id":"https:\/\/crentassos.com.br\/blog\/2011\/01\/lamentavel-e-voce-ainda-acredita-que-essas-coisas-nao-acontecem-002.html#article","isPartOf":{"@id":"https:\/\/crentassos.com.br\/blog\/2011\/01\/lamentavel-e-voce-ainda-acredita-que-essas-coisas-nao-acontecem-002.html"},"author":{"name":"Crentassos","@id":"https:\/\/crentassos.com.br\/blog\/#\/schema\/person\/c143e75f920e3ad15d83540f47db500c"},"headline":"Lament\u00e1vel&#8230; e voc\u00ea ainda acredita que essas coisas n\u00e3o acontecem! &#8211; #002","datePublished":"2011-01-12T03:10:00+00:00","mainEntityOfPage":{"@id":"https:\/\/crentassos.com.br\/blog\/2011\/01\/lamentavel-e-voce-ainda-acredita-que-essas-coisas-nao-acontecem-002.html"},"wordCount":1258,"commentCount":0,"publisher":{"@id":"https:\/\/crentassos.com.br\/blog\/#organization"},"image":{"@id":"https:\/\/crentassos.com.br\/blog\/2011\/01\/lamentavel-e-voce-ainda-acredita-que-essas-coisas-nao-acontecem-002.html#primaryimage"},"thumbnailUrl":"http:\/\/oueleouela.files.wordpress.com\/2011\/01\/blakejob_color13.jpg?w=200","inLanguage":"pt-BR","potentialAction":[{"@type":"CommentAction","name":"Comment","target":["https:\/\/crentassos.com.br\/blog\/2011\/01\/lamentavel-e-voce-ainda-acredita-que-essas-coisas-nao-acontecem-002.html#respond"]}]},{"@type":"WebPage","@id":"https:\/\/crentassos.com.br\/blog\/2011\/01\/lamentavel-e-voce-ainda-acredita-que-essas-coisas-nao-acontecem-002.html","url":"https:\/\/crentassos.com.br\/blog\/2011\/01\/lamentavel-e-voce-ainda-acredita-que-essas-coisas-nao-acontecem-002.html","name":"Lament\u00e1vel... e voc\u00ea ainda acredita que essas coisas n\u00e3o acontecem! - #002 - Crentassos Produ\u00e7\u00f5es Subversivas","isPartOf":{"@id":"https:\/\/crentassos.com.br\/blog\/#website"},"primaryImageOfPage":{"@id":"https:\/\/crentassos.com.br\/blog\/2011\/01\/lamentavel-e-voce-ainda-acredita-que-essas-coisas-nao-acontecem-002.html#primaryimage"},"image":{"@id":"https:\/\/crentassos.com.br\/blog\/2011\/01\/lamentavel-e-voce-ainda-acredita-que-essas-coisas-nao-acontecem-002.html#primaryimage"},"thumbnailUrl":"http:\/\/oueleouela.files.wordpress.com\/2011\/01\/blakejob_color13.jpg?w=200","datePublished":"2011-01-12T03:10:00+00:00","breadcrumb":{"@id":"https:\/\/crentassos.com.br\/blog\/2011\/01\/lamentavel-e-voce-ainda-acredita-que-essas-coisas-nao-acontecem-002.html#breadcrumb"},"inLanguage":"pt-BR","potentialAction":[{"@type":"ReadAction","target":["https:\/\/crentassos.com.br\/blog\/2011\/01\/lamentavel-e-voce-ainda-acredita-que-essas-coisas-nao-acontecem-002.html"]}]},{"@type":"ImageObject","inLanguage":"pt-BR","@id":"https:\/\/crentassos.com.br\/blog\/2011\/01\/lamentavel-e-voce-ainda-acredita-que-essas-coisas-nao-acontecem-002.html#primaryimage","url":"http:\/\/oueleouela.files.wordpress.com\/2011\/01\/blakejob_color13.jpg?w=200","contentUrl":"http:\/\/oueleouela.files.wordpress.com\/2011\/01\/blakejob_color13.jpg?w=200"},{"@type":"BreadcrumbList","@id":"https:\/\/crentassos.com.br\/blog\/2011\/01\/lamentavel-e-voce-ainda-acredita-que-essas-coisas-nao-acontecem-002.html#breadcrumb","itemListElement":[{"@type":"ListItem","position":1,"name":"Home","item":"https:\/\/crentassos.com.br\/blog\/"},{"@type":"ListItem","position":2,"name":"Lament\u00e1vel&#8230; e voc\u00ea ainda acredita que essas coisas n\u00e3o acontecem! &#8211; #002"}]},{"@type":"WebSite","@id":"https:\/\/crentassos.com.br\/blog\/#website","url":"https:\/\/crentassos.com.br\/blog\/","name":"Crentassos Produ\u00e7\u00f5es Subversivas","description":"Podcast Crist\u00e3o, Podcrent, Da Prateleira, Artigos crist\u00e3os, Teologia, Estudos, Textos B\u00edblicos","publisher":{"@id":"https:\/\/crentassos.com.br\/blog\/#organization"},"potentialAction":[{"@type":"SearchAction","target":{"@type":"EntryPoint","urlTemplate":"https:\/\/crentassos.com.br\/blog\/?s={search_term_string}"},"query-input":{"@type":"PropertyValueSpecification","valueRequired":true,"valueName":"search_term_string"}}],"inLanguage":"pt-BR"},{"@type":"Organization","@id":"https:\/\/crentassos.com.br\/blog\/#organization","name":"Crentassos Produ\u00e7\u00f5es Subversivas","url":"https:\/\/crentassos.com.br\/blog\/","logo":{"@type":"ImageObject","inLanguage":"pt-BR","@id":"https:\/\/crentassos.com.br\/blog\/#\/schema\/logo\/image\/","url":"https:\/\/crentassos.com.br\/blog\/wp-content\/uploads\/2020\/05\/cropped-crentassos1-300x300png.png","contentUrl":"https:\/\/crentassos.com.br\/blog\/wp-content\/uploads\/2020\/05\/cropped-crentassos1-300x300png.png","width":300,"height":300,"caption":"Crentassos Produ\u00e7\u00f5es Subversivas"},"image":{"@id":"https:\/\/crentassos.com.br\/blog\/#\/schema\/logo\/image\/"},"sameAs":["http:\/\/www.facebook.com\/crentassos","https:\/\/x.com\/crentassos","https:\/\/www.instagram.com\/crentassos","https:\/\/www.youtube.com\/crentassos"]},{"@type":"Person","@id":"https:\/\/crentassos.com.br\/blog\/#\/schema\/person\/c143e75f920e3ad15d83540f47db500c","name":"Crentassos","image":{"@type":"ImageObject","inLanguage":"pt-BR","@id":"https:\/\/crentassos.com.br\/blog\/#\/schema\/person\/image\/","url":"https:\/\/secure.gravatar.com\/avatar\/cb1b9c88bcd90ec2f909823639a352ece8d3a3cea59b9d08637fe057502fa227?s=96&d=retro&r=g","contentUrl":"https:\/\/secure.gravatar.com\/avatar\/cb1b9c88bcd90ec2f909823639a352ece8d3a3cea59b9d08637fe057502fa227?s=96&d=retro&r=g","caption":"Crentassos"},"description":"Perfil padr\u00e3o do blog dos Crentassos.","sameAs":["http:\/\/www.crentassos.com.br"],"url":"https:\/\/crentassos.com.br\/blog\/author\/crentassos"}]}},"_links":{"self":[{"href":"https:\/\/crentassos.com.br\/blog\/wp-json\/wp\/v2\/posts\/848","targetHints":{"allow":["GET"]}}],"collection":[{"href":"https:\/\/crentassos.com.br\/blog\/wp-json\/wp\/v2\/posts"}],"about":[{"href":"https:\/\/crentassos.com.br\/blog\/wp-json\/wp\/v2\/types\/post"}],"author":[{"embeddable":true,"href":"https:\/\/crentassos.com.br\/blog\/wp-json\/wp\/v2\/users\/1"}],"replies":[{"embeddable":true,"href":"https:\/\/crentassos.com.br\/blog\/wp-json\/wp\/v2\/comments?post=848"}],"version-history":[{"count":0,"href":"https:\/\/crentassos.com.br\/blog\/wp-json\/wp\/v2\/posts\/848\/revisions"}],"wp:attachment":[{"href":"https:\/\/crentassos.com.br\/blog\/wp-json\/wp\/v2\/media?parent=848"}],"wp:term":[{"taxonomy":"category","embeddable":true,"href":"https:\/\/crentassos.com.br\/blog\/wp-json\/wp\/v2\/categories?post=848"},{"taxonomy":"post_tag","embeddable":true,"href":"https:\/\/crentassos.com.br\/blog\/wp-json\/wp\/v2\/tags?post=848"}],"curies":[{"name":"wp","href":"https:\/\/api.w.org\/{rel}","templated":true}]}}