{"id":8243,"date":"2013-01-09T10:00:02","date_gmt":"2013-01-09T13:00:02","guid":{"rendered":"http:\/\/crentassos.com.br\/blog\/?p=8243"},"modified":"2013-01-09T10:00:02","modified_gmt":"2013-01-09T13:00:02","slug":"15-discos-memoraveis-de-2012","status":"publish","type":"post","link":"https:\/\/crentassos.com.br\/blog\/2013\/01\/15-discos-memoraveis-de-2012.html","title":{"rendered":"15 discos memor\u00e1veis de 2012"},"content":{"rendered":"<div style=\"font-family: cambria,georgia,serif;font-size: 16px;line-height: 20px;margin-top: 5px\">\n<p>Normalmente come\u00e7o meu ano descobrindo as m\u00fasicas que perdi no ano que passou; a diferen\u00e7a \u00e9 que nesse ano contribuo ao mundo de desinformados com minha pr\u00f3pria lista. Escolhi 10 brasileiros e 5 gringos. N\u00e3o tenho nenhum m\u00e9todo de escolha al\u00e9m do meu pr\u00f3prio gosto musical. Coment\u00e1rios e dicas s\u00e3o bem vindos!<\/p>\n<p>S\u00f3 pra esclarecer (\u00e0queles que se perguntam <em>como Deus ser\u00e1 louvado com esse seu texto<\/em>), nesse ano pretendo ampliar o alcance da minha produ\u00e7\u00e3o textual no Crentassos n\u00e3o limitando \u00e0quilo que comumente chamamos de \u201ccoisas de Deus\u201d; abro o leque (e pretendo escrever mais sobre essa abertura) e come\u00e7o o ano com boa m\u00fasica, afinal \u00e9 bem melhor encher a cabe\u00e7a com belas melodias e letras engenhosas do que a porcaria habitual que toca por a\u00ed. <\/p>\n<p>A\u00ed vai a lista (com links pra download quando o artista libera):<\/p>\n<h2>Brasil<\/h2>\n<p><strong>1. Madrid<\/strong><\/p>\n<p><img loading=\"lazy\" decoding=\"async\" class=\"aligncenter size-full wp-image-8255\" alt=\"madrid\" src=\"http:\/\/crentassos.com.br\/blog\/wp-content\/uploads\/madrid.jpg\" width=\"425\" height=\"425\" srcset=\"https:\/\/crentassos.com.br\/blog\/wp-content\/uploads\/madrid.jpg 425w, https:\/\/crentassos.com.br\/blog\/wp-content\/uploads\/madrid-150x150.jpg 150w, https:\/\/crentassos.com.br\/blog\/wp-content\/uploads\/madrid-300x300.jpg 300w, https:\/\/crentassos.com.br\/blog\/wp-content\/uploads\/madrid-62x62.jpg 62w, https:\/\/crentassos.com.br\/blog\/wp-content\/uploads\/madrid-256x256.jpg 256w\" sizes=\"auto, (max-width: 425px) 100vw, 425px\" \/><br \/>\nEle, Adriano Silva \u2014 ex-Cansei de Ser Sexy; ela, Marina Vello \u2014 ex-Bonde do Rol\u00ea. Do hype eletro-rock e funk carioca curitibano para as belas can\u00e7\u00f5es na base da voz e piano. Em tempos de aparatos eletr\u00f4nicos Madrid aparece com belas can\u00e7\u00f5es que soam pra l\u00e1 contempor\u00e2neas. Arranjos m\u00ednimos, punk, rock&#8217;n roll, beleza e sutileza, combina\u00e7\u00e3o complexa e inimagin\u00e1vel que soa bela e natural.<\/p>\n<p><a href=\"https:\/\/soundcloud.com\/madridmusic\/sets\/madrid\">Ou\u00e7a!<\/a><\/p>\n<p><strong>2. Bahia Fant\u00e1stica \u2014 Rodrigo Campos<\/strong><\/p>\n<p><img loading=\"lazy\" decoding=\"async\" alt=\"BahiaFantastica01\" src=\"http:\/\/crentassos.com.br\/blog\/wp-content\/uploads\/BahiaFantastica01.jpg\" width=\"610\" height=\"610\" \/><br \/>\nUm viol\u00e3ozinho sutil, surge o sax acompanhado do baixo, teclado e bateria batendo em compassos africanos e a doce voz Rodrigo Campos abre as portas da sua mitol\u00f3gica Bahia Fant\u00e1stica no belo interl\u00fadio da faixa que abre o disco: Cinco Doces. Depois disso est\u00e1 tudo ganho, o afrobeat, o samba, a Bahia, o groove brasileiro a la Baden &amp; Vin\u00edcius, Criolo, Ju\u00e7ara Mar\u00e7al, Kiko Dinucci, Thiago Fran\u00e7a, a mistureba sonora, tudo converge pra can\u00e7\u00f5es bem urbanas com arranjos bem cheios e macios que nos contam hist\u00f3rias da praia, da Bahia, da rua, de ladr\u00e3o, de amor\u2026 um disco delicioso de se ouvir.<\/p>\n<p><a href=\"https:\/\/anonfiles.com\/file\/53f64415095b4e749defe84bad3b086f\">Baixe!<\/a><\/p>\n<p><strong>3. Abra\u00e7a\u00e7o \u2014 Caetano Veloso<\/strong><\/p>\n<p><img loading=\"lazy\" decoding=\"async\" alt=\"caetano_abra\" src=\"http:\/\/crentassos.com.br\/blog\/wp-content\/uploads\/caetano_abra.jpg\" width=\"495\" height=\"446\" \/><br \/>\nComo n\u00e3o gostar, hein? Caetano vem a alguns discos caminhando por um rock mais moderninho, mas a seu pr\u00f3prio jeito, a seu pr\u00f3prio passo. \u00c9 interessante ouvir como a voz de Caetano caminha pela can\u00e7\u00e3o de m\u00e3os dadas com a guitarra s\u00fatil que passeia na m\u00fasica. As letras s\u00e3o um petardo a parte, Caetano vive no mesmo mundo que o nosso, por\u00e9m seu olhar \u00e9 diferente de nosso, e com a linguagem do nosso tempo nos lembra dos tempos passados: \u201cA bossa nova \u00e9 foda\u201d, a faixa que abre o disco, mistura belamente os fundadores do momento mais memor\u00e1vel da m\u00fasica brasileira com nomes do UFC, tudo isso sem soar for\u00e7ado. A melancolia est\u00e1 l\u00e1, o samba est\u00e1 l\u00e1, o rock est\u00e1 l\u00e1, at\u00e9 o comunista foi homenageado, mas quem vem puxando tudo isso com uma primasia invej\u00e1vel \u00e9 ele, um dos maiores cantores e compositores que nosso pa\u00eds aguenta, nosso Caetano.<\/p>\n<p><a href=\"http:\/\/youtu.be\/R3AlMZVGLuY\">Ou\u00e7a A Bossa Nova \u00e9 Foda!<\/a><\/p>\n<p><strong>4. Eti\u00f3pia \u2014 Sambanzo<\/strong><\/p>\n<p><img loading=\"lazy\" decoding=\"async\" alt=\"Sambanzo-etipia\" src=\"http:\/\/crentassos.com.br\/blog\/wp-content\/uploads\/Sambanzo-etipia.jpg\" width=\"600\" height=\"580\" \/><br \/>\nO saxofonista Thiago Fran\u00e7a junta um time de not\u00e1veis da m\u00fasica brasileira (Kiko Dinucci na guitarra, Marcelo Cabral no baixo, Samba Sam na percuss\u00e3o, Pimpa na bateria) pra um disco de jazz brasileiro que fazia tempo que n\u00e3o aparecia em terras tupiniquins. Com uma pegada meio Pharoah Sanders, Sambanzo caminha pela batida africana, pelo rock&#8217;n roll (principalmente o p\u00f3s-punk) e funk tudo isso sem tirar o p\u00e9 da nossa terra mostrando mais uma vez que n\u00e3o s\u00f3 de samba se faz um Brasil.<\/p>\n<p><a href=\"http:\/\/www.mediafire.com\/?pe5f16frq2jwhqf\">Baixe!<\/a><\/p>\n<p><strong>5. Arrocha \u2014 Curumin<\/strong><\/p>\n<p><img loading=\"lazy\" decoding=\"async\" alt=\"lamina-powergraph-63x31cm.indd\" src=\"http:\/\/crentassos.com.br\/blog\/wp-content\/uploads\/CuruminArrocha-620x620.jpg\" width=\"620\" height=\"620\" \/><br \/>\nEsse \u00e9 o terceiro disco do Curumin, o bateirista cheio de groove da voz macia que mais uma vez se mostra como um Jorge Ben do nosso tempo. Por\u00e9m, ao contr\u00e1rio das tantas c\u00f3pias do homem de Ben que est\u00e3o por a\u00ed, Curumin \u00e9 anos 2000, bebe do passado e do presente e, talvez sem querer, mostra uma MPB do futuro; um disco simples com arranjos bem cheios, batidas quebradas, baladinhas pra encantar as meninas, relatos urbanos e goles de esperan\u00e7a, tudo bem funk e esfuma\u00e7ado, s\u00f3 pra ficar melhor. Uma grande salada, saborosa e muito bem temperada.<br \/>\n<a href=\"http:\/\/www.sendspace.com\/file\/k6j2e4\"><br \/>\nBaixe!<\/a><\/p>\n<p><strong>6. Trabalhos Carn\u00edvoros \u2014 Gui Amabis<\/strong><\/p>\n<p><img loading=\"lazy\" decoding=\"async\" alt=\"Trabalhos_Carnivoros_Capa\" src=\"http:\/\/crentassos.com.br\/blog\/wp-content\/uploads\/Trabalhos_Carnivoros_Capa.png\" width=\"581\" height=\"576\" \/><br \/>\nNo primeiro disco, Amabis tinha lan\u00e7ado um conjunto de can\u00e7\u00f5es que tinham mais cara de coletivo do que o disco de um homem s\u00f3; <em>Trabalhos Carn\u00edvoros<\/em> traz can\u00e7\u00f5es que se unem numa guitarra baixo e bateria que tocam quase em un\u00edssino parecendo um \u00fanico instrumento. A pegada Clube da Esquina \u00e9 um tanto quanto ineg\u00e1vel, dado o macio das can\u00e7\u00f5es, por\u00e9m o clima n\u00e3o \u00e9 o buc\u00f3lico interior de Minas, mas a bagun\u00e7ada capital paulista que em meio aos problemas urbanos ainda respira ref\u00fagios de sil\u00eancio, beleza e esperan\u00e7a.<\/p>\n<p><a href=\"http:\/\/hifolio.com\/media\/18\/Trabalhos_Carnivoros.zip\">Baixe!<\/a><\/p>\n<p><strong>7. Clarid\u00e3o \u2014 Silva<\/strong><\/p>\n<p><img loading=\"lazy\" decoding=\"async\" alt=\"Silva - Clarida\u0303o\" src=\"http:\/\/crentassos.com.br\/blog\/wp-content\/uploads\/Silva-Clarida\u0303o-620x620.jpg\" width=\"620\" height=\"620\" \/><br \/>\nO primeiro disco do capixaba Silva (antes s\u00f3 tinha um EP) n\u00e3o surpreende, pois surge como uma continua\u00e7\u00e3o do seu EP, mas tamb\u00e9m n\u00e3o deixa a bola cair. Silva \u00e9 cancioneiro abstrato que brinca com figuras fant\u00e1sticas em meio a acontecimento cotidianos e, no Brasil, isso n\u00e3o podia ir muito longe do repente, do bai\u00e3o ou mesmo do samba, afinal temos diferentes magos que encantaram atrav\u00e9s da viola, da gaita ou do cavaquinho. O diferente de Silva \u00e9 que ao inv\u00e9s de um instrumento desplugado, Silva \u00e9 digital, sua magia \u00e9 regada pelos teclas ou do computador ou dos diferentes timbres de um teclado que combinados a sua voz macia surge um disco bem eletr\u00f4nicos, com batidas bem carregadas mas incrivelmente leve.<\/p>\n<p><a href=\"https:\/\/soundcloud.com\/silvasilva\/2012-1\">Ou\u00e7a a faixa 2012!<\/a><\/p>\n<p><strong>8. Metal Metal \u2014 Met\u00e1 Met\u00e1<\/strong><\/p>\n<p><img loading=\"lazy\" decoding=\"async\" alt=\"meta_metal_\" src=\"http:\/\/crentassos.com.br\/blog\/wp-content\/uploads\/meta_metal_.jpg\" width=\"500\" height=\"500\" \/><br \/>\nEsse disco talvez seja o mais perigoso de aparecer nessa lista em um site crist\u00e3o pois essa banda se utiliza de toda a mitologia de algumas religi\u00f5es africanas; antes trazer os pontos interessantes desse disco fa\u00e7o quest\u00e3o de frizar que encaro os s\u00edmbolos usados pela banda da mesma forma que encaro a mitologia grega ou eg\u00edpcia, ou seja, pra mim s\u00e3o personagens de hist\u00f3rias fict\u00edcias, n\u00e3o s\u00e3o seres sobrenaturais com algum poder sobre-humano. Se voc\u00ea tem problema, ou um passado com esse tipo de manifesta\u00e7\u00e3o (cultural e religiosa) simplesmente n\u00e3o ou\u00e7a, se afaste daquilo que te incomoda.<\/p>\n<p>Metal Metal \u00e9 o segundo disco do trio Ju\u00e7ara Mar\u00e7al, Kiko Dinucci e Thiago Fran\u00e7a que desce o morro mais el\u00e9trico e mais rock&#8217;n roll mas sem deixar de ser brasileiro. Dinucci ao se arma com a guitarra ao inv\u00e9s do viol\u00e3o do primeiro disco, as m\u00fasicas tem menos cara de terreiro por\u00e9m com a mesma for\u00e7a que a influ\u00eancia afro pode dar.Os instrumentos caminham juntos formando o mesmo conjunto contagiante com suas melodias maravilhosas e letras que v\u00e3o do Yerob\u00e1 (idioma africano, se n\u00e3o me engano, somente usado em \u00e2mbitos religiosos) \u00e0 realidade urbana de um cidad\u00e3o comum. A for\u00e7a da voz de Ju\u00e7ara Mar\u00e7al puxa o bloco que canta belas hist\u00f3rias e contagia com sua batida dan\u00e7ante.<\/p>\n<p><a href=\"http:\/\/kikodinucci.com.br\/downloads\/MetaL%20MetaL.zip\">Baixe!<\/a><\/p>\n<p><strong>9. Entre \u2014 Kamau<\/strong><\/p>\n<p><img loading=\"lazy\" decoding=\"async\" alt=\"Kamau-Entre1\" src=\"http:\/\/crentassos.com.br\/blog\/wp-content\/uploads\/Kamau-Entre1.jpg\" width=\"592\" height=\"533\" \/><br \/>\nKamau j\u00e1 \u00e9 bem conhecido pra quem escuta rap, na ativa desde o come\u00e7o dos anos 2000, Kamau foi um dos fundadores da antiga nova escola que trouxe pro Brasil uma nova cara do rap e por consequ\u00eancia (nome da falecida banda que tornou Kamau conhecido) abriu espa\u00e7o pra gente como Criolo, Emicida e outros que hoje at\u00e9 tocam nas r\u00e1dios (coisa inimagin\u00e1vel ao rap do come\u00e7o dos anos 2000). <em>Entre<\/em> mostra um lado meticuloso da rima de Kamau, com uma pegada <em>golden era<\/em> (uma das fases do rap americano do come\u00e7o dos anos 90), por\u00e9m contempor\u00e2nea, se derrama em diferentes rimas dando espa\u00e7o pra interl\u00fadios po\u00e9ticos e pra, como \u00e9 de praxe, questionar o cen\u00e1rio <em>hipttie hop<\/em> da atualidade. Um disco de rap, simplesmente rap.<\/p>\n<p>Veja o clipe de <a href=\"http:\/\/www.youtube.com\/watch?feature=player_embedded&amp;v=3FB3u4TMHJU\">Eu quero mais!<\/a><\/p>\n<p><strong>10. Mils Crian\u00e7as \u2014 Hurtmold<\/strong><\/p>\n<p><img loading=\"lazy\" decoding=\"async\" alt=\"hurtmold\" src=\"http:\/\/crentassos.com.br\/blog\/wp-content\/uploads\/hurtmold.jpg\" width=\"373\" height=\"342\" \/><br \/>\nDa cena paulistana, a banda que trouxe a m\u00fasica, e o rock&#8217;n roll, instrumental de volta aos ouvidos dos anos 2000 retorna em seu quinto disco depois de 5 anos de sil\u00eancio. Esse disco \u00e9 diferente dos anteriores, m\u00fasicas menores, temas mais curtos, menos repeti\u00e7\u00f5es, mas a mesma constru\u00e7\u00e3o musical com camadas e temas que v\u00e3o se entrela\u00e7ando e construindo um disco curto e mais simples de se ouvir.<\/p>\n<p><a href=\"http:\/\/soundcloud.com\/trabalhosujo\/hurtmold-chavera\">Ou\u00e7a a faixa Chavera!<\/a><\/p>\n<h2>Gringos<\/h2>\n<p><strong>1. Old ideas \u2014 Leonardo Cohen<\/strong><\/p>\n<p><img loading=\"lazy\" decoding=\"async\" alt=\"leonardcohenoldideascapa\" src=\"http:\/\/crentassos.com.br\/blog\/wp-content\/uploads\/leonardcohenoldideascapa-620x620.jpg\" width=\"620\" height=\"620\" \/><br \/>\nUm disco de can\u00e7\u00f5es, simplesmente can\u00e7\u00f5es pra voz grave de Cohen se derramar aos nossos ouvidos. Arranjos m\u00ednimos, tom de confiss\u00e3o, reflex\u00f5es da idade; Cohen reaparece com um disco diferente de quase tudo que se lan\u00e7a por a\u00ed, \u00e9 silencioso, tem a voz como protagonista, \u00e9 espiritual e \u00e9 belo.<\/p>\n<p><strong>2. Sweet Heart Sweet light \u2014 Spiritualized<\/strong><\/p>\n<p><img loading=\"lazy\" decoding=\"async\" alt=\"spiritualized_huh\" src=\"http:\/\/crentassos.com.br\/blog\/wp-content\/uploads\/spiritualized_huh.jpg\" width=\"600\" height=\"600\" \/><br \/>\nQuando a epopeia Jane foi lan\u00e7ada na forma de um curta que tinha um travesti como protagonista, a m\u00fasica j\u00e1 abria os ouvidos pra algo grande que vinha nesse disco. As tradicionais distor\u00e7\u00f5es do Spiritualized se misturam a violinos e formam um tecido de belas can\u00e7\u00f5es com a t\u00edpica busca espiritual que o nome da banda denuncia.<\/p>\n<p><strong>3. A Thing Called Divine Fits \u2014 Divine Fits<\/strong><\/p>\n<p><img loading=\"lazy\" decoding=\"async\" alt=\"divine fits - a thing called divine fits\" src=\"http:\/\/crentassos.com.br\/blog\/wp-content\/uploads\/divine-fits-a-thing-called-divine-fits.jpg\" width=\"420\" height=\"420\" \/><br \/>\nCom cara de eletr\u00f4nico, o Divine Fits cria batidas meio rob\u00f3ticas mas nunca deixa de ser uma banda de rock&#8217;n roll; quase como se fosse uma vers\u00e3o contempor\u00e2nea do <em>kraut rock<\/em> (rock repolho, movimento genial e fundamental do rock alem\u00e3o dos anos 70). Os arranjos criam camadas que v\u00e3o entrela\u00e7ando em loop que com a voz v\u00e3o criando can\u00e7\u00f5es as vezes barulhentas, as vezes dan\u00e7antes, normalmente anos 80.<\/p>\n<p><strong>4. Channel Orange \u2014 Frank Ocean<\/strong><\/p>\n<p><img loading=\"lazy\" decoding=\"async\" alt=\"Channel-Orange1\" src=\"http:\/\/crentassos.com.br\/blog\/wp-content\/uploads\/Channel-Orange1.jpg\" width=\"620\" height=\"620\" \/><br \/>\nCantores de R&amp;B n\u00e3o tem muito espa\u00e7o na minha cole\u00e7\u00e3o musical, mas Frank Ocean reinventa o R&amp;B se misturando ao nov\u00edssimo Chill Wave. Ao inv\u00e9s dos choros tristes e das intermin\u00e1veis firulas vocais um disco de voz em cima de batidas comedidas e simples.<\/p>\n<p><strong>5. Tempest \u2014 Bob Dylan<\/strong><\/p>\n<p><img loading=\"lazy\" decoding=\"async\" alt=\"Bob_Dylan-Tempest-Frontal\" src=\"http:\/\/crentassos.com.br\/blog\/wp-content\/uploads\/Bob_Dylan-Tempest-Frontal-620x620.jpg\" width=\"620\" height=\"620\" \/><br \/>\nDylan tem algo m\u00e1gico em seus discos que faz com que sempre soe antigo e novo ao mesmo tempo. Como sempre, esse disco explora o b\u00e1sico da m\u00fasica americana: blues, folk, bluegrass, rock e country; mas ao jeito Dylan, o contador de hist\u00f3rias empunhado de uma guitarra que facilmente podia estar cantando numa pra\u00e7a ou cal\u00e7ada n\u00e3o fosse um dos maiores g\u00eanios vivos da m\u00fasica.<\/p>\n<\/div>\n","protected":false},"excerpt":{"rendered":"<p>Normalmente come\u00e7o meu ano descobrindo as m\u00fasicas que perdi no ano que passou; a diferen\u00e7a \u00e9 que nesse ano contribuo ao mundo [&hellip;]<\/p>\n","protected":false},"author":5,"featured_media":8261,"comment_status":"open","ping_status":"open","sticky":false,"template":"","format":"standard","meta":{"_exactmetrics_skip_tracking":false,"_exactmetrics_sitenote_active":false,"_exactmetrics_sitenote_note":"","_exactmetrics_sitenote_category":0,"footnotes":"","_links_to":"","_links_to_target":""},"categories":[117],"tags":[131,2129,830],"class_list":{"0":"post-8243","1":"post","2":"type-post","3":"status-publish","4":"format-standard","5":"has-post-thumbnail","6":"hentry","7":"category-musicas-boa","8":"tag-131","9":"tag-lista","10":"tag-musica","12":"post-with-thumbnail","13":"post-with-thumbnail-large"},"yoast_head":"<!-- This site is optimized with the Yoast SEO plugin v27.1.1 - https:\/\/yoast.com\/product\/yoast-seo-wordpress\/ -->\n<title>15 discos memor\u00e1veis de 2012 - Crentassos Produ\u00e7\u00f5es Subversivas<\/title>\n<meta name=\"robots\" content=\"index, follow, max-snippet:-1, max-image-preview:large, max-video-preview:-1\" \/>\n<link rel=\"canonical\" href=\"https:\/\/crentassos.com.br\/blog\/2013\/01\/15-discos-memoraveis-de-2012.html\" \/>\n<meta property=\"og:locale\" content=\"pt_BR\" \/>\n<meta property=\"og:type\" content=\"article\" \/>\n<meta property=\"og:title\" content=\"15 discos memor\u00e1veis de 2012 - Crentassos Produ\u00e7\u00f5es Subversivas\" \/>\n<meta property=\"og:description\" content=\"Normalmente come\u00e7o meu ano descobrindo as m\u00fasicas que perdi no ano que passou; a diferen\u00e7a \u00e9 que nesse ano contribuo ao mundo [&hellip;]\" \/>\n<meta property=\"og:url\" content=\"https:\/\/crentassos.com.br\/blog\/2013\/01\/15-discos-memoraveis-de-2012.html\" \/>\n<meta property=\"og:site_name\" content=\"Crentassos Produ\u00e7\u00f5es Subversivas\" \/>\n<meta property=\"article:publisher\" content=\"http:\/\/www.facebook.com\/crentassos\" \/>\n<meta property=\"article:published_time\" content=\"2013-01-09T13:00:02+00:00\" \/>\n<meta property=\"og:image\" content=\"https:\/\/crentassos.com.br\/blog\/wp-content\/uploads\/discos.jpg\" \/>\n\t<meta property=\"og:image:width\" content=\"295\" \/>\n\t<meta property=\"og:image:height\" content=\"295\" \/>\n\t<meta property=\"og:image:type\" content=\"image\/jpeg\" \/>\n<meta name=\"author\" content=\"Gustavo Nering\" \/>\n<meta name=\"twitter:card\" content=\"summary_large_image\" \/>\n<meta name=\"twitter:creator\" content=\"@crentassos\" \/>\n<meta name=\"twitter:site\" content=\"@crentassos\" \/>\n<meta name=\"twitter:label1\" content=\"Escrito por\" \/>\n\t<meta name=\"twitter:data1\" content=\"Gustavo Nering\" \/>\n\t<meta name=\"twitter:label2\" content=\"Est. tempo de leitura\" \/>\n\t<meta name=\"twitter:data2\" content=\"9 minutos\" \/>\n<script type=\"application\/ld+json\" class=\"yoast-schema-graph\">{\"@context\":\"https:\/\/schema.org\",\"@graph\":[{\"@type\":\"Article\",\"@id\":\"https:\/\/crentassos.com.br\/blog\/2013\/01\/15-discos-memoraveis-de-2012.html#article\",\"isPartOf\":{\"@id\":\"https:\/\/crentassos.com.br\/blog\/2013\/01\/15-discos-memoraveis-de-2012.html\"},\"author\":{\"name\":\"Gustavo Nering\",\"@id\":\"https:\/\/crentassos.com.br\/blog\/#\/schema\/person\/20532e62fd6b7786a0001ac2429043b3\"},\"headline\":\"15 discos memor\u00e1veis de 2012\",\"datePublished\":\"2013-01-09T13:00:02+00:00\",\"mainEntityOfPage\":{\"@id\":\"https:\/\/crentassos.com.br\/blog\/2013\/01\/15-discos-memoraveis-de-2012.html\"},\"wordCount\":1780,\"commentCount\":3,\"publisher\":{\"@id\":\"https:\/\/crentassos.com.br\/blog\/#organization\"},\"image\":{\"@id\":\"https:\/\/crentassos.com.br\/blog\/2013\/01\/15-discos-memoraveis-de-2012.html#primaryimage\"},\"thumbnailUrl\":\"https:\/\/crentassos.com.br\/blog\/wp-content\/uploads\/discos.jpg\",\"keywords\":[\"2012\",\"lista\",\"musica\"],\"articleSection\":[\"M\u00fasicas do Mundo que Me Edificam\"],\"inLanguage\":\"pt-BR\",\"potentialAction\":[{\"@type\":\"CommentAction\",\"name\":\"Comment\",\"target\":[\"https:\/\/crentassos.com.br\/blog\/2013\/01\/15-discos-memoraveis-de-2012.html#respond\"]}]},{\"@type\":\"WebPage\",\"@id\":\"https:\/\/crentassos.com.br\/blog\/2013\/01\/15-discos-memoraveis-de-2012.html\",\"url\":\"https:\/\/crentassos.com.br\/blog\/2013\/01\/15-discos-memoraveis-de-2012.html\",\"name\":\"15 discos memor\u00e1veis de 2012 - Crentassos Produ\u00e7\u00f5es Subversivas\",\"isPartOf\":{\"@id\":\"https:\/\/crentassos.com.br\/blog\/#website\"},\"primaryImageOfPage\":{\"@id\":\"https:\/\/crentassos.com.br\/blog\/2013\/01\/15-discos-memoraveis-de-2012.html#primaryimage\"},\"image\":{\"@id\":\"https:\/\/crentassos.com.br\/blog\/2013\/01\/15-discos-memoraveis-de-2012.html#primaryimage\"},\"thumbnailUrl\":\"https:\/\/crentassos.com.br\/blog\/wp-content\/uploads\/discos.jpg\",\"datePublished\":\"2013-01-09T13:00:02+00:00\",\"breadcrumb\":{\"@id\":\"https:\/\/crentassos.com.br\/blog\/2013\/01\/15-discos-memoraveis-de-2012.html#breadcrumb\"},\"inLanguage\":\"pt-BR\",\"potentialAction\":[{\"@type\":\"ReadAction\",\"target\":[\"https:\/\/crentassos.com.br\/blog\/2013\/01\/15-discos-memoraveis-de-2012.html\"]}]},{\"@type\":\"ImageObject\",\"inLanguage\":\"pt-BR\",\"@id\":\"https:\/\/crentassos.com.br\/blog\/2013\/01\/15-discos-memoraveis-de-2012.html#primaryimage\",\"url\":\"https:\/\/crentassos.com.br\/blog\/wp-content\/uploads\/discos.jpg\",\"contentUrl\":\"https:\/\/crentassos.com.br\/blog\/wp-content\/uploads\/discos.jpg\",\"width\":295,\"height\":295},{\"@type\":\"BreadcrumbList\",\"@id\":\"https:\/\/crentassos.com.br\/blog\/2013\/01\/15-discos-memoraveis-de-2012.html#breadcrumb\",\"itemListElement\":[{\"@type\":\"ListItem\",\"position\":1,\"name\":\"Home\",\"item\":\"https:\/\/crentassos.com.br\/blog\/\"},{\"@type\":\"ListItem\",\"position\":2,\"name\":\"15 discos memor\u00e1veis de 2012\"}]},{\"@type\":\"WebSite\",\"@id\":\"https:\/\/crentassos.com.br\/blog\/#website\",\"url\":\"https:\/\/crentassos.com.br\/blog\/\",\"name\":\"Crentassos Produ\u00e7\u00f5es Subversivas\",\"description\":\"Podcast Crist\u00e3o, Podcrent, Da Prateleira, Artigos crist\u00e3os, Teologia, Estudos, Textos B\u00edblicos\",\"publisher\":{\"@id\":\"https:\/\/crentassos.com.br\/blog\/#organization\"},\"potentialAction\":[{\"@type\":\"SearchAction\",\"target\":{\"@type\":\"EntryPoint\",\"urlTemplate\":\"https:\/\/crentassos.com.br\/blog\/?s={search_term_string}\"},\"query-input\":{\"@type\":\"PropertyValueSpecification\",\"valueRequired\":true,\"valueName\":\"search_term_string\"}}],\"inLanguage\":\"pt-BR\"},{\"@type\":\"Organization\",\"@id\":\"https:\/\/crentassos.com.br\/blog\/#organization\",\"name\":\"Crentassos Produ\u00e7\u00f5es Subversivas\",\"url\":\"https:\/\/crentassos.com.br\/blog\/\",\"logo\":{\"@type\":\"ImageObject\",\"inLanguage\":\"pt-BR\",\"@id\":\"https:\/\/crentassos.com.br\/blog\/#\/schema\/logo\/image\/\",\"url\":\"https:\/\/crentassos.com.br\/blog\/wp-content\/uploads\/2020\/05\/cropped-crentassos1-300x300png.png\",\"contentUrl\":\"https:\/\/crentassos.com.br\/blog\/wp-content\/uploads\/2020\/05\/cropped-crentassos1-300x300png.png\",\"width\":300,\"height\":300,\"caption\":\"Crentassos Produ\u00e7\u00f5es Subversivas\"},\"image\":{\"@id\":\"https:\/\/crentassos.com.br\/blog\/#\/schema\/logo\/image\/\"},\"sameAs\":[\"http:\/\/www.facebook.com\/crentassos\",\"https:\/\/x.com\/crentassos\",\"https:\/\/www.instagram.com\/crentassos\",\"https:\/\/www.youtube.com\/crentassos\"]},{\"@type\":\"Person\",\"@id\":\"https:\/\/crentassos.com.br\/blog\/#\/schema\/person\/20532e62fd6b7786a0001ac2429043b3\",\"name\":\"Gustavo Nering\",\"image\":{\"@type\":\"ImageObject\",\"inLanguage\":\"pt-BR\",\"@id\":\"https:\/\/crentassos.com.br\/blog\/#\/schema\/person\/image\/\",\"url\":\"https:\/\/secure.gravatar.com\/avatar\/275047740af9744f273082d29b7f348afeb4b0a2a46651f3652cfdb1262d456f?s=96&d=retro&r=g\",\"contentUrl\":\"https:\/\/secure.gravatar.com\/avatar\/275047740af9744f273082d29b7f348afeb4b0a2a46651f3652cfdb1262d456f?s=96&d=retro&r=g\",\"caption\":\"Gustavo Nering\"},\"description\":\"Gosta de caf\u00e9. De filmes. E de escrever. Mas odeia escrever. \u00c9 pai. Tem dois filhos. Gosta dos filhos. Ama. Ama os filhos. Ama a esposa. \u00c9 casado. Tem uma esposa. Trabalha. Anda de bicicleta. Dorme. Come. Trabalha com neg\u00f3cios online. Com design. Com sites. Com logotipos. Com filhos. Com comida. Com a vassoura. Com caf\u00e9.\",\"sameAs\":[\"http:\/\/viverimpreciso.blogspot.com\"],\"url\":\"https:\/\/crentassos.com.br\/blog\/author\/gustavonering\"}]}<\/script>\n<!-- \/ Yoast SEO plugin. -->","yoast_head_json":{"title":"15 discos memor\u00e1veis de 2012 - Crentassos Produ\u00e7\u00f5es Subversivas","robots":{"index":"index","follow":"follow","max-snippet":"max-snippet:-1","max-image-preview":"max-image-preview:large","max-video-preview":"max-video-preview:-1"},"canonical":"https:\/\/crentassos.com.br\/blog\/2013\/01\/15-discos-memoraveis-de-2012.html","og_locale":"pt_BR","og_type":"article","og_title":"15 discos memor\u00e1veis de 2012 - Crentassos Produ\u00e7\u00f5es Subversivas","og_description":"Normalmente come\u00e7o meu ano descobrindo as m\u00fasicas que perdi no ano que passou; a diferen\u00e7a \u00e9 que nesse ano contribuo ao mundo [&hellip;]","og_url":"https:\/\/crentassos.com.br\/blog\/2013\/01\/15-discos-memoraveis-de-2012.html","og_site_name":"Crentassos Produ\u00e7\u00f5es Subversivas","article_publisher":"http:\/\/www.facebook.com\/crentassos","article_published_time":"2013-01-09T13:00:02+00:00","og_image":[{"width":295,"height":295,"url":"https:\/\/crentassos.com.br\/blog\/wp-content\/uploads\/discos.jpg","type":"image\/jpeg"}],"author":"Gustavo Nering","twitter_card":"summary_large_image","twitter_creator":"@crentassos","twitter_site":"@crentassos","twitter_misc":{"Escrito por":"Gustavo Nering","Est. tempo de leitura":"9 minutos"},"schema":{"@context":"https:\/\/schema.org","@graph":[{"@type":"Article","@id":"https:\/\/crentassos.com.br\/blog\/2013\/01\/15-discos-memoraveis-de-2012.html#article","isPartOf":{"@id":"https:\/\/crentassos.com.br\/blog\/2013\/01\/15-discos-memoraveis-de-2012.html"},"author":{"name":"Gustavo Nering","@id":"https:\/\/crentassos.com.br\/blog\/#\/schema\/person\/20532e62fd6b7786a0001ac2429043b3"},"headline":"15 discos memor\u00e1veis de 2012","datePublished":"2013-01-09T13:00:02+00:00","mainEntityOfPage":{"@id":"https:\/\/crentassos.com.br\/blog\/2013\/01\/15-discos-memoraveis-de-2012.html"},"wordCount":1780,"commentCount":3,"publisher":{"@id":"https:\/\/crentassos.com.br\/blog\/#organization"},"image":{"@id":"https:\/\/crentassos.com.br\/blog\/2013\/01\/15-discos-memoraveis-de-2012.html#primaryimage"},"thumbnailUrl":"https:\/\/crentassos.com.br\/blog\/wp-content\/uploads\/discos.jpg","keywords":["2012","lista","musica"],"articleSection":["M\u00fasicas do Mundo que Me Edificam"],"inLanguage":"pt-BR","potentialAction":[{"@type":"CommentAction","name":"Comment","target":["https:\/\/crentassos.com.br\/blog\/2013\/01\/15-discos-memoraveis-de-2012.html#respond"]}]},{"@type":"WebPage","@id":"https:\/\/crentassos.com.br\/blog\/2013\/01\/15-discos-memoraveis-de-2012.html","url":"https:\/\/crentassos.com.br\/blog\/2013\/01\/15-discos-memoraveis-de-2012.html","name":"15 discos memor\u00e1veis de 2012 - Crentassos Produ\u00e7\u00f5es Subversivas","isPartOf":{"@id":"https:\/\/crentassos.com.br\/blog\/#website"},"primaryImageOfPage":{"@id":"https:\/\/crentassos.com.br\/blog\/2013\/01\/15-discos-memoraveis-de-2012.html#primaryimage"},"image":{"@id":"https:\/\/crentassos.com.br\/blog\/2013\/01\/15-discos-memoraveis-de-2012.html#primaryimage"},"thumbnailUrl":"https:\/\/crentassos.com.br\/blog\/wp-content\/uploads\/discos.jpg","datePublished":"2013-01-09T13:00:02+00:00","breadcrumb":{"@id":"https:\/\/crentassos.com.br\/blog\/2013\/01\/15-discos-memoraveis-de-2012.html#breadcrumb"},"inLanguage":"pt-BR","potentialAction":[{"@type":"ReadAction","target":["https:\/\/crentassos.com.br\/blog\/2013\/01\/15-discos-memoraveis-de-2012.html"]}]},{"@type":"ImageObject","inLanguage":"pt-BR","@id":"https:\/\/crentassos.com.br\/blog\/2013\/01\/15-discos-memoraveis-de-2012.html#primaryimage","url":"https:\/\/crentassos.com.br\/blog\/wp-content\/uploads\/discos.jpg","contentUrl":"https:\/\/crentassos.com.br\/blog\/wp-content\/uploads\/discos.jpg","width":295,"height":295},{"@type":"BreadcrumbList","@id":"https:\/\/crentassos.com.br\/blog\/2013\/01\/15-discos-memoraveis-de-2012.html#breadcrumb","itemListElement":[{"@type":"ListItem","position":1,"name":"Home","item":"https:\/\/crentassos.com.br\/blog\/"},{"@type":"ListItem","position":2,"name":"15 discos memor\u00e1veis de 2012"}]},{"@type":"WebSite","@id":"https:\/\/crentassos.com.br\/blog\/#website","url":"https:\/\/crentassos.com.br\/blog\/","name":"Crentassos Produ\u00e7\u00f5es Subversivas","description":"Podcast Crist\u00e3o, Podcrent, Da Prateleira, Artigos crist\u00e3os, Teologia, Estudos, Textos B\u00edblicos","publisher":{"@id":"https:\/\/crentassos.com.br\/blog\/#organization"},"potentialAction":[{"@type":"SearchAction","target":{"@type":"EntryPoint","urlTemplate":"https:\/\/crentassos.com.br\/blog\/?s={search_term_string}"},"query-input":{"@type":"PropertyValueSpecification","valueRequired":true,"valueName":"search_term_string"}}],"inLanguage":"pt-BR"},{"@type":"Organization","@id":"https:\/\/crentassos.com.br\/blog\/#organization","name":"Crentassos Produ\u00e7\u00f5es Subversivas","url":"https:\/\/crentassos.com.br\/blog\/","logo":{"@type":"ImageObject","inLanguage":"pt-BR","@id":"https:\/\/crentassos.com.br\/blog\/#\/schema\/logo\/image\/","url":"https:\/\/crentassos.com.br\/blog\/wp-content\/uploads\/2020\/05\/cropped-crentassos1-300x300png.png","contentUrl":"https:\/\/crentassos.com.br\/blog\/wp-content\/uploads\/2020\/05\/cropped-crentassos1-300x300png.png","width":300,"height":300,"caption":"Crentassos Produ\u00e7\u00f5es Subversivas"},"image":{"@id":"https:\/\/crentassos.com.br\/blog\/#\/schema\/logo\/image\/"},"sameAs":["http:\/\/www.facebook.com\/crentassos","https:\/\/x.com\/crentassos","https:\/\/www.instagram.com\/crentassos","https:\/\/www.youtube.com\/crentassos"]},{"@type":"Person","@id":"https:\/\/crentassos.com.br\/blog\/#\/schema\/person\/20532e62fd6b7786a0001ac2429043b3","name":"Gustavo Nering","image":{"@type":"ImageObject","inLanguage":"pt-BR","@id":"https:\/\/crentassos.com.br\/blog\/#\/schema\/person\/image\/","url":"https:\/\/secure.gravatar.com\/avatar\/275047740af9744f273082d29b7f348afeb4b0a2a46651f3652cfdb1262d456f?s=96&d=retro&r=g","contentUrl":"https:\/\/secure.gravatar.com\/avatar\/275047740af9744f273082d29b7f348afeb4b0a2a46651f3652cfdb1262d456f?s=96&d=retro&r=g","caption":"Gustavo Nering"},"description":"Gosta de caf\u00e9. De filmes. E de escrever. Mas odeia escrever. \u00c9 pai. Tem dois filhos. Gosta dos filhos. Ama. Ama os filhos. Ama a esposa. \u00c9 casado. Tem uma esposa. Trabalha. Anda de bicicleta. Dorme. Come. Trabalha com neg\u00f3cios online. Com design. Com sites. Com logotipos. Com filhos. Com comida. Com a vassoura. Com caf\u00e9.","sameAs":["http:\/\/viverimpreciso.blogspot.com"],"url":"https:\/\/crentassos.com.br\/blog\/author\/gustavonering"}]}},"_links":{"self":[{"href":"https:\/\/crentassos.com.br\/blog\/wp-json\/wp\/v2\/posts\/8243","targetHints":{"allow":["GET"]}}],"collection":[{"href":"https:\/\/crentassos.com.br\/blog\/wp-json\/wp\/v2\/posts"}],"about":[{"href":"https:\/\/crentassos.com.br\/blog\/wp-json\/wp\/v2\/types\/post"}],"author":[{"embeddable":true,"href":"https:\/\/crentassos.com.br\/blog\/wp-json\/wp\/v2\/users\/5"}],"replies":[{"embeddable":true,"href":"https:\/\/crentassos.com.br\/blog\/wp-json\/wp\/v2\/comments?post=8243"}],"version-history":[{"count":10,"href":"https:\/\/crentassos.com.br\/blog\/wp-json\/wp\/v2\/posts\/8243\/revisions"}],"predecessor-version":[{"id":8260,"href":"https:\/\/crentassos.com.br\/blog\/wp-json\/wp\/v2\/posts\/8243\/revisions\/8260"}],"wp:featuredmedia":[{"embeddable":true,"href":"https:\/\/crentassos.com.br\/blog\/wp-json\/wp\/v2\/media\/8261"}],"wp:attachment":[{"href":"https:\/\/crentassos.com.br\/blog\/wp-json\/wp\/v2\/media?parent=8243"}],"wp:term":[{"taxonomy":"category","embeddable":true,"href":"https:\/\/crentassos.com.br\/blog\/wp-json\/wp\/v2\/categories?post=8243"},{"taxonomy":"post_tag","embeddable":true,"href":"https:\/\/crentassos.com.br\/blog\/wp-json\/wp\/v2\/tags?post=8243"}],"curies":[{"name":"wp","href":"https:\/\/api.w.org\/{rel}","templated":true}]}}