{"id":734,"date":"2011-02-23T16:02:00","date_gmt":"2011-02-23T18:02:00","guid":{"rendered":"http:\/\/oueleouela.wordpress.com\/2011\/02\/23\/redcomments-pastor-afirma-que-recentes-protestos-contra-ditadores-vao-contra-a-biblia-eles-sao-ordenados-por-deus"},"modified":"2011-02-23T16:02:00","modified_gmt":"2011-02-23T18:02:00","slug":"redcomments-pastor-afirma-que-recentes-protestos-contra-ditadores-vao-contra-a-biblia-eles-sao-ordenados-por-deus","status":"publish","type":"post","link":"https:\/\/crentassos.com.br\/blog\/2011\/02\/redcomments-pastor-afirma-que-recentes-protestos-contra-ditadores-vao-contra-a-biblia-eles-sao-ordenados-por-deus.html","title":{"rendered":"RedComments &#8211; Pastor afirma que recentes protestos contra ditadores v\u00e3o contra a B\u00edblia: \u201cEles s\u00e3o ordenados por Deus\u201d"},"content":{"rendered":"<div>GA_googleCreateDomIframe(&#8216;google_ads_div_Gmais_noticias_top_single_336x280&#8242; ,&#8217;Gmais_noticias_top_single_336x280&#8217;);  <\/div>\n<div> <!--  @page { margin: 2cm }  P { margin-bottom: 0.21cm } --> <\/p>\n<div align=\"JUSTIFY\" class=\"western\"><span style=\"font-family:Trebuchet MS,sans-serif;\">Bemamiguinhos&#8230; Saudades de escrever aqui no <span style=\"color:red;\"><b>RedComments<\/b><\/span>\u00a0pois depois do PodCrent, \u00e9 o momento onde eu consigo colocar a minhaindigna\u00e7\u00e3o de maneira mais clara poss\u00edvel&#8230;\u00a0<\/span><\/div>\n<div align=\"JUSTIFY\" class=\"western\"><span style=\"font-family:Trebuchet MS,sans-serif;\">Epis\u00f3diode hoje&#8230; Mu\u00e7ulmanos q n\u00e3o estudam a b\u00edblia deveriam aprender acalar a boca e incorporar o estado ap\u00e1tico da igreja contempor\u00e2nea,estrelando John MacArthur!\u00a0<\/span><\/div>\n<div align=\"JUSTIFY\" class=\"western\"><span style=\"font-family:Trebuchet MS,sans-serif;\">\u00a0<\/span><\/div>\n<p><a href=\"http:\/\/noticias.gospelmais.com.br\/pastor-protestos-contra-ditadores-biblia-ordenados-deus-16921.html\" rel=\"bookmark\" style=\"clear:left;float:left;margin-bottom:1em;margin-right:1em;\" title=\"Pastor afirma que recentes protestos contra ditadores v\u00e3o contra a B\u00edblia: \u201cEles s\u00e3o ordenados por Deus\u201d\"><img decoding=\"async\" alt=\"Pastor afirma que recentes protestos contra ditadores v\u00e3o contra a B\u00edblia: \u201cEles s\u00e3o ordenados por Deus\u201d\" class=\"left\" height=\"160px\" src=\"http:\/\/gospelmais.com.br\/img\/thumb.php?src=\/wp-content\/blogs.dir\/9\/files\/\/2011\/02\/john-macarthur.jpg&amp;w=160&amp;h=160&amp;zc=1&amp;q=100\" width=\"160px\" \/><\/a>\u00a0<span style=\"font-family:Trebuchet MS,sans-serif;\">Oevang\u00e9lico influente John MacArthur <\/span><span style=\"color:red;\"><span style=\"font-family:Trebuchet MS,sans-serif;\"><b>(Evang\u00e9licoinfluente? 2565 tipos de medos diferentes. Influente onde? Nacomunidade onde ele vive? Bem, comente ai quem souber ) <\/b><span style=\"color:black;\">n\u00e3o acreditaque os levantes que est\u00e3o se espalhando por todo o mundo \u00e1rabe v\u00e3olevar \u00e0 liberdade que centenas de milhares de manifestantes est\u00e3oexigindo<\/span><b>(Bom, pode ser q n\u00e3o&#8230; algum dos ditadores pode cometer umgenoc\u00eddio e passar fogo em geral, mas \u00e9 outro caso).<\/b><\/span><\/span><\/p>\n<div align=\"JUSTIFY\" class=\"western\"><\/div>\n<div align=\"JUSTIFY\" class=\"western\">\u201c<span style=\"font-family:Trebuchet MS,sans-serif;\">Eus\u00f3 acho <\/span><span style=\"color:red;\"><span style=\"font-family:Trebuchet MS,sans-serif;\"><b>(&#8220;Acho&#8221;?J\u00e1 come\u00e7ou errado) <\/b><\/span><\/span><span style=\"font-family:Trebuchet MS,sans-serif;\">queo resultado de tudo isso \u00e9 mais instabilidade, mais caos,\u201d disse opastor do sul da Calif\u00f3rnia ao The Christian Post. \u201cN\u00e3o acho<\/span><span style=\"color:red;\"><span style=\"font-family:Trebuchet MS,sans-serif;\"><b>(essesachismos me matam)<\/b><\/span><\/span><span style=\"font-family:Trebuchet MS,sans-serif;\">que o futuro parece ser bom.\u201d<\/span><\/div>\n<div align=\"JUSTIFY\" class=\"western\" style=\"margin-bottom:0;\"><span style=\"font-family:Trebuchet MS,sans-serif;\">Inspiradaspela revolu\u00e7\u00e3o <span style=\"color:red;\"><b>(REVOLU\u00c7\u00c3\u00c3\u00c3\u00c3\u00c3\u00c3\u00c3\u00c3\u00c3\u00c3OOOOOO)<\/b><\/span>de Dezembro, na Tun\u00edsia, que levou \u00e0 queda do seu ditador, aspopula\u00e7\u00f5es dos pa\u00edses vizinhos do Norte da \u00c1frica e no OrienteM\u00e9dio lan\u00e7aram protestos semelhantes contra o governo na esperan\u00e7ade conseguir mais liberdade, democracia e mais oportunidades <span style=\"color:red;\"><b>(Bandode Comunas Badernistas&#8230; Liberdade, democracia e oportunidade? Praque?!)<\/b><\/span>.<a name='more'><\/a><\/span><\/div>\n<hr \/>\n<div align=\"JUSTIFY\" class=\"western\"><span style=\"font-family:Trebuchet MS,sans-serif;\">OsEUA j\u00e1 se manifestaram, pedindo aos governos que respeitem o direitodo povo de se manifestar <span style=\"color:red;\"><b>(Deus SALVE aAm\u00e9rica&#8230; Os her\u00f3is do Mundo!)<\/b><\/span>.<\/span><\/div>\n<div align=\"JUSTIFY\" class=\"western\"><span style=\"font-family:Trebuchet MS,sans-serif;\">Masa partir de uma perspectiva b\u00edblica, MacArthur afirmou que osmanifestantes est\u00e3o em desacordo com o mandamento b\u00edblico de\u201csubmeter aos poderes, porque eles s\u00e3o ordenados por Deus<span style=\"color:red;\"><b>(o\u00d5Q? Os mu\u00e7ulmanos est\u00e3o em desconformidade com a B\u00edblia!? )<\/b><\/span>.\u201d<\/span><\/div>\n<div align=\"JUSTIFY\" class=\"western\">\u201c<span style=\"font-family:Trebuchet MS,sans-serif;\">Eupreferiria que o governo americano, que tem uma hist\u00f3ria doCristianismo,<\/span><span style=\"color:red;\"><span style=\"font-family:Trebuchet MS,sans-serif;\"><b>(Penseiq os EUA fosse um pais L\u00c1ICO)<\/b><\/span><\/span><span style=\"font-family:Trebuchet MS,sans-serif;\">tivesse se levantado e dito: \u2018est\u00e1 errado, \u00e9 proibido para aspessoas fazerem isso, isso \u00e9 intoler\u00e1vel,<\/span><span style=\"color:red;\"><span style=\"font-family:Trebuchet MS,sans-serif;\"><b>(o\u00d5\u00b2Como assim, \u00e9 proibido reclamar por justi\u00e7a? M\u00e1 q b\u00edblia \u00e9 essaq esse tio l\u00ea?)<\/b><\/span><\/span><span style=\"font-family:Trebuchet MS,sans-serif;\">\u201ddisse ele.<\/span><\/div>\n<div align=\"JUSTIFY\" class=\"western\">\u201c<span style=\"font-family:Trebuchet MS,sans-serif;\">Eun\u00e3o estou dizendo que Muamar Kadafi \u00e9 o melhor l\u00edder <\/span><span style=\"color:red;\"><span style=\"font-family:Trebuchet MS,sans-serif;\"><b>(Concordeicom alguma coisa!)<\/b><\/span><\/span><span style=\"font-family:Trebuchet MS,sans-serif;\">,eu n\u00e3o estou dizendo que Mubarak \u00e9 um grande l\u00edder benevolente ejusto <\/span><span style=\"color:red;\"><span style=\"font-family:Trebuchet MS,sans-serif;\"><b>(Duascoisas)<\/b><\/span><\/span><span style=\"font-family:Trebuchet MS,sans-serif;\">, n\u00e3oquando ele recebeu US $ 70 bilh\u00f5es em seus pr\u00f3prios bolsos \u00e0 custado povo,\u201d esclareceu.<\/span><\/div>\n<div align=\"JUSTIFY\" class=\"western\"><span style=\"font-family:Trebuchet MS,sans-serif;\">Mas,ressaltou que os crentes s\u00e3o ordenados a viverem uma vidapac\u00edfica,<span style=\"color:red;\"><b>(Ai, esse doeu)<\/b><\/span>sujeitando-se a qualquer que seja que o governo<span style=\"color:red;\"><b>(P\u00f4se a anterior doeu, essa aqui foi FATALITY)<\/b><\/span>.<\/span><\/div>\n<div align=\"JUSTIFY\" class=\"western\"><span style=\"font-family:Trebuchet MS,sans-serif;\">Elecontinuou: \u201cE a raz\u00e3o \u00e9, qualquer forma de governo \u00e9 melhor doque a anarquia.<span style=\"color:red;\"><b>(o\u00d5 Alguem me ajude, q euca\u00ed aqui da cadeira!)<\/b><\/span> Para ter uma ideia do que est\u00e1acontecendo agora \u2013 as pessoas est\u00e3o morrendo<span style=\"color:red;\"><b>(Bandode badernista, se tivessem baixado a cabe\u00e7a para um DITADOR isso n\u00e3oteria acontecido)<\/b><\/span>, a propriedade est\u00e1 sendo destru\u00edda<span style=\"color:red;\"><b>(M\u00e1eu t\u00f4 falando!)<\/b><\/span>. Isso n\u00e3o pode acontecer<span style=\"color:red;\"><b>(Aculpa \u00e9 dos mu\u00e7ulmanos q n\u00e3o leem a b\u00edblia!)<\/b><\/span>. E,inevitavelmente, o que vai sair disso, vai ser menos ordem, mais caos<span style=\"color:red;\"><b>(MEnos ordem e mais caos, \u00e9 como suba pracima para n\u00e3o descer para baixo!) <\/b><\/span>e, talvez<span style=\"color:red;\"><b>(atentea essa ultima palavra &#8220;TALVEZ&#8221;)<\/b><\/span>, o que vai sairde menos ordem e mais caos \u00e9 a pior esp\u00e9cie de controle, mais poderdominante<span style=\"color:red;\"><b>(Ou talvez eles consigam aliberdade, tirando o d\u00e9spota do reinado)<\/b><\/span>.\u201d<\/span><\/div>\n<div align=\"JUSTIFY\" class=\"western\"><span style=\"font-family:Trebuchet MS,sans-serif;\">Opastor de 71 anos de idade, que foi o autor do recente Laveden Wordthat Reveals the Riches of Your Salvation (Escravo: A palavra ocultaque revela as riquezas da sua salva\u00e7\u00e3o<span style=\"color:red;\"><b>(Alguemai j\u00e1 leu? \u00e9 bom?)<\/b><\/span>), sustentou que n\u00e3o \u00e9 prov\u00e1vel quea liberdade pudesse resultar dos protestos em massa<span style=\"color:red;\"><b>(Achoq a passividade e apatia s\u00e3o as melhores armas nesse tipo deproblema =S)<\/b><\/span>.<\/span><\/div>\n<div align=\"JUSTIFY\" class=\"western\">\u201c<span style=\"font-family:Trebuchet MS,sans-serif;\">Voc\u00eagostaria de pensar que nada, sen\u00e3o a liberdade iria sair disto. N\u00e3ofoi isso que aconteceu no Ir\u00e3<\/span><span style=\"color:red;\"><span style=\"font-family:Trebuchet MS,sans-serif;\"><b>(Umdos poucos pa\u00edses q n\u00e3o abaixam a cabe\u00e7a para o EUA? S\u00f3 prasaber!)<\/b><\/span><\/span><span style=\"font-family:Trebuchet MS,sans-serif;\">.\u201d<\/span><\/div>\n<div align=\"JUSTIFY\" class=\"western\"><span style=\"font-family:Trebuchet MS,sans-serif;\">Novamente,falando biblicamente, MacArthur disse que \u201ca ilus\u00e3o \u00e9 que essaspessoas v\u00e3o obter a liberdade<span style=\"color:red;\"><b>(Heim?! Livrodo profeta Herezias?!)<\/b><\/span>.\u201d<\/span><\/div>\n<div align=\"JUSTIFY\" class=\"western\">\u201c<span style=\"font-family:Trebuchet MS,sans-serif;\">Maso que temos que entender \u00e9 que voc\u00ea \u00e9 um escravo do pecado ou umservo de Cristo<\/span><span style=\"color:red;\"><span style=\"font-family:Trebuchet MS,sans-serif;\"><b>(Oqtem haver?)<\/b><\/span><\/span><span style=\"font-family:Trebuchet MS,sans-serif;\">,\u201dexplicou. \u201cNenhum pecador \u00e9 livre,<\/span><span style=\"color:red;\"><span style=\"font-family:Trebuchet MS,sans-serif;\"><b>(issoeu tamb\u00e9m concordo)<\/b><\/span><\/span><span style=\"font-family:Trebuchet MS,sans-serif;\">\u201d\u2026ele est\u00e1 apenas livre para escolher o curso de sua pr\u00f3priacondena\u00e7\u00e3o, mas n\u00e3o pode fazer nada sobre isso<\/span><span style=\"color:red;\"><span style=\"font-family:Trebuchet MS,sans-serif;\"><b>(S\u00f3n\u00e3o entendi oq isso tem haver com o resto do assunto! Estamosfalando de dois assuntos diferentes aqui&#8230;)<\/b><\/span><\/span><span style=\"font-family:Trebuchet MS,sans-serif;\">.<\/span><\/div>\n<div align=\"JUSTIFY\" class=\"western\">\u201c<span style=\"font-family:Trebuchet MS,sans-serif;\">Esta\u00e9 outra forma de escravid\u00e3o. Eles v\u00e3o acabar em outra forma deescravid\u00e3o, eles v\u00e3o acabar da mesma forma, pecaminosa, corrupta,insatisfeita, pessoas insatisfeitas levando suas mesmas ansiedades emuma dire\u00e7\u00e3o diferente<\/span><span style=\"color:red;\"><span style=\"font-family:Trebuchet MS,sans-serif;\"><b>(Ok,para isso temos os mission\u00e1rios trasnculturais&#8230;)<\/b><\/span><\/span><span style=\"font-family:Trebuchet MS,sans-serif;\">.Ent\u00e3o esta n\u00e3o \u00e9 uma solu\u00e7\u00e3o para nada<\/span><span style=\"color:red;\"><span style=\"font-family:Trebuchet MS,sans-serif;\"><b>(N\u00e3ot\u00f4 acreditando&#8230; ele t\u00e1 falando s\u00e9rio!? Pelo amor dos meusfilhinhos!)<\/b><\/span><\/span><span style=\"font-family:Trebuchet MS,sans-serif;\">.\u201d<\/span><\/div>\n<div align=\"JUSTIFY\" class=\"western\"><span style=\"font-family:Trebuchet MS,sans-serif;\">Seuscoment\u00e1rios foram feitos pouco antes da Organiza\u00e7\u00e3o dos DireitosHumanos ter informado que pelo menos 233 manifestantes foram mortospelas for\u00e7as de seguran\u00e7a na L\u00edbia<span style=\"color:red;\"><b>(Lideradaspelo d\u00e9spota)<\/b><\/span>. Enquanto isso, Saif al-Isl\u00e3 Kadhafi,filho do l\u00edder l\u00edbio, Muamar Kadafi, disse hoje cedo que se osprotestos anti-governo continuarem, podem levar a uma guerra civil<span style=\"color:red;\"><\/span><span style=\"color:red;\"><b>(Podem levar?)<\/b><\/span>. Ao mesmotempo, ele disse que se os protestos terminarem, eles poderiamcome\u00e7ar a instituir uma s\u00e9rie de reformas e at\u00e9 mesmo iniciar asdiscuss\u00f5es para a constitui\u00e7\u00e3o, que \u00e9 inexistente(Quem acreditanele levanta a m\u00e3o).<\/span><\/div>\n<div align=\"JUSTIFY\" class=\"western\"><span style=\"font-family:Trebuchet MS,sans-serif;\">Mesmoque isso possa significar a possibilidade de maior liberdadereligiosa para a pequena minoria crist\u00e3<span style=\"color:red;\"><b>(Ecoloque MINORIA nisso, os crist\u00e3os s\u00e3o pouqu\u00edssimos por l\u00e1)<\/b><\/span>,MacArthur n\u00e3o v\u00ea ganhos enormes, pelo menos para a Igreja<span style=\"color:red;\"><b>(Ganhospara a igreja&#8230; Ai Q medo!)<\/b><\/span>, a esse respeito.<\/span><\/div>\n<div align=\"JUSTIFY\" class=\"western\"><span style=\"font-family:Trebuchet MS,sans-serif;\">Eleapontou para pa\u00edses como Jap\u00e3o e aqueles na Europa Ocidental quegarantem a liberdade de religi\u00e3o, mas tem poucos Crist\u00e3os ou umaigreja morrendo<span style=\"color:red;\"><b>(Igrejas morrendo? De quem \u00e9a culpa!?)<\/b><\/span>.Em contraste, o Cristianismo na China, onde h\u00e1in\u00fameros relatos de persegui\u00e7\u00e3o religiosa e de liberdade limitada,est\u00e1 explodindo com dezenas de milh\u00f5es de crentes<span style=\"color:red;\"><b>(ASolu\u00e7\u00e3o pra igreja ent\u00e3o \u00e9 proibir? Meu Deus, diga q isso \u00e9 umapublica\u00e7\u00e3o da Desciclop\u00e9dia, por favor!)<\/b><\/span>.<\/span><\/div>\n<div align=\"JUSTIFY\" class=\"western\">\u201c<span style=\"font-family:Trebuchet MS,sans-serif;\">Eun\u00e3o acho que a liberdade religiosa \u00e9 ainda um problema para oavan\u00e7o da Igreja,\u201d disse MacArthur. \u201cA democracia, a liberdadede religi\u00e3o ou a persegui\u00e7\u00e3o \u2013 se voc\u00ea tivesse que escolher seuveneno e acho que voc\u00ea poderia querer escolher a persegui\u00e7\u00e3oporque voc\u00ea tem uma Igreja mais pura<\/span><span style=\"color:red;\"><span style=\"font-family:Trebuchet MS,sans-serif;\"><b>(o\u00d5!ca\u00ed novamente da cadeira&#8230;).\u201d<\/b><\/span><\/span><\/div>\n<div align=\"JUSTIFY\" class=\"western\"><span style=\"font-family:Trebuchet MS,sans-serif;\">Em\u00faltima an\u00e1lise, o Reino de Deus avan\u00e7a sem rela\u00e7\u00e3o com ogoverno,<span style=\"color:red;\"><b>(Heim? Ent\u00e3o em governos despotasDEUS concorda com isso?)<\/b><\/span> afirmou. Tudo que diz respeitoaos poderes que est\u00e3o no local acontece \u201cdentro dos prop\u00f3sitos deDeus e Deus ir\u00e1 governar por essas coisas e ignorar essas coisas<span style=\"color:red;\"><\/span><span style=\"color:red;\"><b>(Caraca&#8230; num to podendo)<\/b><\/span>.\u201d<\/span><\/div>\n<div align=\"JUSTIFY\" class=\"western\"><span style=\"font-family:Trebuchet MS,sans-serif;\">Assim,desejar liberdade \u201cn\u00e3o \u00e9 uma justifica\u00e7\u00e3o para este tipo derevolta popular e desobedi\u00eancia e de derrubar governos<span style=\"color:red;\"><b>(Agoraat\u00e9 o Douglas da Rede Fale sentiu uma pontada no f\u00edgado&#8230; )<\/b><\/span>.\u201d<\/span><\/div>\n<div align=\"JUSTIFY\" class=\"western\">\u201c<span style=\"font-family:Trebuchet MS,sans-serif;\">Afinal,quem disse que a democracia \u00e9 a melhor forma de governo?\u201d<\/span><span style=\"color:red;\"><span style=\"font-family:Trebuchet MS,sans-serif;\"><b>(Ningu\u00e9mdisse isso, mas a repress\u00e3o ditatorial com certeza N\u00c3O \u00c9 AMELHOR!)<\/b><\/span><\/span><span style=\"font-family:Trebuchet MS,sans-serif;\">disse ele. \u201cN\u00e3o importa qual a forma de governo \u00e9, a B\u00edblia n\u00e3odefende nada, mas uma teocracia<\/span><span style=\"color:red;\"><span style=\"font-family:Trebuchet MS,sans-serif;\"><b>(Alguemai me acorda quando esse texto terminar, sim, vou dar um cochilo, pqessa ultima frase me deixou meio zonzo!)<\/b><\/span><\/span><span style=\"font-family:Trebuchet MS,sans-serif;\">.Qualquerforma de governo vai se auto destruir porque voc\u00ea est\u00e1 lidando compessoas corruptas, pessoas pecadoras.\u201d<\/span><\/div>\n<div align=\"JUSTIFY\" class=\"western\">\n<\/div>\n<div align=\"JUSTIFY\" class=\"western\"><span style=\"font-family:Trebuchet MS,sans-serif;\">Fonte:<a href=\"http:\/\/portuguese.christianpost.com\/noticias\/20110221\/influencia-evangelica-levantes-no-oriente-medio-violam-mandamento-biblico\/print.html\" target=\"_blank\">ChristianPost<\/a><\/span><\/div>\n<div align=\"JUSTIFY\" class=\"western\"><span style=\"font-family:Trebuchet MS,sans-serif;\">Vino Gospel+ <a href=\"http:\/\/noticias.gospelmais.com.br\/pastor-protestos-contra-ditadores-biblia-ordenados-deus-16921.html\">aqui<\/a>\u00a0\u00a0<\/span><\/div>\n<div align=\"JUSTIFY\" class=\"western\"><\/div>\n<div align=\"JUSTIFY\" class=\"western\"><span style=\"font-family:Trebuchet MS,sans-serif;\">&#8212;<\/span><\/div>\n<div align=\"JUSTIFY\" class=\"western\"><span style=\"color:#134f5c;\"><span style=\"font-family:Trebuchet MS,sans-serif;\">CristianoMachado\u00a0 diz:<\/span><\/span><\/div>\n<div align=\"JUSTIFY\" class=\"western\"><span style=\"color:#134f5c;\"><span style=\"font-family:Trebuchet MS,sans-serif;\">Antesq alguem queira dizer &#8220;quem \u00e9 vc pra falar assim do cara&#8221;ou &#8221; vc n\u00e3o conhece o trabalho q ele tem&#8221; Gostaria dedeixar claro q n\u00e3o sou ningu\u00e9m e n\u00e3o me importo com que o caraseja, o fato \u00e9 q se realmente ele disse isso, como afirma a Gospel+,o cara est\u00e1 pra l\u00e1 de equivocado.<\/span><\/span><\/div>\n<div align=\"JUSTIFY\" class=\"western\"><span style=\"color:#134f5c;\"><span style=\"font-family:Trebuchet MS,sans-serif;\">Comoeu disse e reafirmo o Ir\u00e3 n\u00e3o \u00e9 a melhor na\u00e7\u00e3o do mundo, emuitas tragedias ocorreram por conta da revolu\u00e7\u00e3o e coisa e tal.<\/span><\/span><\/div>\n<div align=\"JUSTIFY\" class=\"western\"><span style=\"color:#134f5c;\"><span style=\"font-family:Trebuchet MS,sans-serif;\">Agoraafirmar claramente q a b\u00edblia mostra q devemos abaixar a cabe\u00e7apara as atrocidades q o estado comete? Agora me diga uma coisa, se alei da morda\u00e7a for aprovada, seu pastor vai casar homossexuais naigreja?! Se ele n\u00e3o fizer isso estar\u00e1 indo contra as leis, certo!?\u00a0<\/span><\/span><\/div>\n<div align=\"JUSTIFY\" class=\"western\"><span style=\"color:#134f5c;\"><span style=\"font-family:Trebuchet MS,sans-serif;\">MeuDeus do c\u00e9u, at\u00e9 quando esse bando de absurdos ser\u00e3o pregados paramanter o povo crist\u00e3o obediente e omisso, enquanto pessoas do outrolado do mundo clama por justi\u00e7a? Se a igreja se manifestasseintegralmente, muitos conflitos n\u00e3o seriam travados!<\/span><\/span><\/div>\n<\/div>\n","protected":false},"excerpt":{"rendered":"<p>GA_googleCreateDomIframe(&#8216;google_ads_div_Gmais_noticias_top_single_336x280&#8242; ,&#8217;Gmais_noticias_top_single_336x280&#8217;); Bemamiguinhos&#8230; Saudades de escrever aqui no RedComments\u00a0pois depois do PodCrent, \u00e9 o momento onde eu consigo colocar a minhaindigna\u00e7\u00e3o de [&hellip;]<\/p>\n","protected":false},"author":1,"featured_media":0,"comment_status":"open","ping_status":"closed","sticky":false,"template":"","format":"standard","meta":{"_exactmetrics_skip_tracking":false,"_exactmetrics_sitenote_active":false,"_exactmetrics_sitenote_note":"","_exactmetrics_sitenote_category":0,"footnotes":"","_links_to":"","_links_to_target":""},"categories":[],"tags":[702,1003,1039],"class_list":["post-734","post","type-post","status-publish","format-standard","hentry","tag-john-macarthur","tag-redcomments","tag-revolucao"],"yoast_head":"<!-- This site is optimized with the Yoast SEO plugin v27.1.1 - https:\/\/yoast.com\/product\/yoast-seo-wordpress\/ -->\n<title>RedComments - Pastor afirma que recentes protestos contra ditadores v\u00e3o contra a B\u00edblia: \u201cEles s\u00e3o ordenados por Deus\u201d - Crentassos Produ\u00e7\u00f5es Subversivas<\/title>\n<meta name=\"robots\" content=\"index, follow, max-snippet:-1, max-image-preview:large, max-video-preview:-1\" \/>\n<link rel=\"canonical\" href=\"https:\/\/crentassos.com.br\/blog\/2011\/02\/redcomments-pastor-afirma-que-recentes-protestos-contra-ditadores-vao-contra-a-biblia-eles-sao-ordenados-por-deus.html\" \/>\n<meta property=\"og:locale\" content=\"pt_BR\" \/>\n<meta property=\"og:type\" content=\"article\" \/>\n<meta property=\"og:title\" content=\"RedComments - Pastor afirma que recentes protestos contra ditadores v\u00e3o contra a B\u00edblia: \u201cEles s\u00e3o ordenados por Deus\u201d - Crentassos Produ\u00e7\u00f5es Subversivas\" \/>\n<meta property=\"og:description\" content=\"GA_googleCreateDomIframe(&#8216;google_ads_div_Gmais_noticias_top_single_336x280&#8242; ,&#8217;Gmais_noticias_top_single_336x280&#8217;); Bemamiguinhos&#8230; Saudades de escrever aqui no RedComments\u00a0pois depois do PodCrent, \u00e9 o momento onde eu consigo colocar a minhaindigna\u00e7\u00e3o de [&hellip;]\" \/>\n<meta property=\"og:url\" content=\"https:\/\/crentassos.com.br\/blog\/2011\/02\/redcomments-pastor-afirma-que-recentes-protestos-contra-ditadores-vao-contra-a-biblia-eles-sao-ordenados-por-deus.html\" \/>\n<meta property=\"og:site_name\" content=\"Crentassos Produ\u00e7\u00f5es Subversivas\" \/>\n<meta property=\"article:publisher\" content=\"http:\/\/www.facebook.com\/crentassos\" \/>\n<meta property=\"article:published_time\" content=\"2011-02-23T18:02:00+00:00\" \/>\n<meta property=\"og:image\" content=\"http:\/\/gospelmais.com.br\/img\/thumb.php?src=\/wp-content\/blogs.dir\/9\/files\/\/2011\/02\/john-macarthur.jpg&amp;w=160&amp;h=160&amp;zc=1&amp;q=100\" \/>\n<meta name=\"author\" content=\"Crentassos\" \/>\n<meta name=\"twitter:card\" content=\"summary_large_image\" \/>\n<meta name=\"twitter:creator\" content=\"@crentassos\" \/>\n<meta name=\"twitter:site\" content=\"@crentassos\" \/>\n<meta name=\"twitter:label1\" content=\"Escrito por\" \/>\n\t<meta name=\"twitter:data1\" content=\"Crentassos\" \/>\n\t<meta name=\"twitter:label2\" content=\"Est. tempo de leitura\" \/>\n\t<meta name=\"twitter:data2\" content=\"7 minutos\" \/>\n<script type=\"application\/ld+json\" class=\"yoast-schema-graph\">{\"@context\":\"https:\/\/schema.org\",\"@graph\":[{\"@type\":\"Article\",\"@id\":\"https:\/\/crentassos.com.br\/blog\/2011\/02\/redcomments-pastor-afirma-que-recentes-protestos-contra-ditadores-vao-contra-a-biblia-eles-sao-ordenados-por-deus.html#article\",\"isPartOf\":{\"@id\":\"https:\/\/crentassos.com.br\/blog\/2011\/02\/redcomments-pastor-afirma-que-recentes-protestos-contra-ditadores-vao-contra-a-biblia-eles-sao-ordenados-por-deus.html\"},\"author\":{\"name\":\"Crentassos\",\"@id\":\"https:\/\/crentassos.com.br\/blog\/#\/schema\/person\/c143e75f920e3ad15d83540f47db500c\"},\"headline\":\"RedComments &#8211; Pastor afirma que recentes protestos contra ditadores v\u00e3o contra a B\u00edblia: \u201cEles s\u00e3o ordenados por Deus\u201d\",\"datePublished\":\"2011-02-23T18:02:00+00:00\",\"mainEntityOfPage\":{\"@id\":\"https:\/\/crentassos.com.br\/blog\/2011\/02\/redcomments-pastor-afirma-que-recentes-protestos-contra-ditadores-vao-contra-a-biblia-eles-sao-ordenados-por-deus.html\"},\"wordCount\":1463,\"commentCount\":0,\"publisher\":{\"@id\":\"https:\/\/crentassos.com.br\/blog\/#organization\"},\"image\":{\"@id\":\"https:\/\/crentassos.com.br\/blog\/2011\/02\/redcomments-pastor-afirma-que-recentes-protestos-contra-ditadores-vao-contra-a-biblia-eles-sao-ordenados-por-deus.html#primaryimage\"},\"thumbnailUrl\":\"http:\/\/gospelmais.com.br\/img\/thumb.php?src=\/wp-content\/blogs.dir\/9\/files\/\/2011\/02\/john-macarthur.jpg&amp;w=160&amp;h=160&amp;zc=1&amp;q=100\",\"keywords\":[\"John MacArthur\",\"redcomments\",\"Revolu\u00e7\u00e3o\"],\"inLanguage\":\"pt-BR\",\"potentialAction\":[{\"@type\":\"CommentAction\",\"name\":\"Comment\",\"target\":[\"https:\/\/crentassos.com.br\/blog\/2011\/02\/redcomments-pastor-afirma-que-recentes-protestos-contra-ditadores-vao-contra-a-biblia-eles-sao-ordenados-por-deus.html#respond\"]}]},{\"@type\":\"WebPage\",\"@id\":\"https:\/\/crentassos.com.br\/blog\/2011\/02\/redcomments-pastor-afirma-que-recentes-protestos-contra-ditadores-vao-contra-a-biblia-eles-sao-ordenados-por-deus.html\",\"url\":\"https:\/\/crentassos.com.br\/blog\/2011\/02\/redcomments-pastor-afirma-que-recentes-protestos-contra-ditadores-vao-contra-a-biblia-eles-sao-ordenados-por-deus.html\",\"name\":\"RedComments - Pastor afirma que recentes protestos contra ditadores v\u00e3o contra a B\u00edblia: \u201cEles s\u00e3o ordenados por Deus\u201d - Crentassos Produ\u00e7\u00f5es Subversivas\",\"isPartOf\":{\"@id\":\"https:\/\/crentassos.com.br\/blog\/#website\"},\"primaryImageOfPage\":{\"@id\":\"https:\/\/crentassos.com.br\/blog\/2011\/02\/redcomments-pastor-afirma-que-recentes-protestos-contra-ditadores-vao-contra-a-biblia-eles-sao-ordenados-por-deus.html#primaryimage\"},\"image\":{\"@id\":\"https:\/\/crentassos.com.br\/blog\/2011\/02\/redcomments-pastor-afirma-que-recentes-protestos-contra-ditadores-vao-contra-a-biblia-eles-sao-ordenados-por-deus.html#primaryimage\"},\"thumbnailUrl\":\"http:\/\/gospelmais.com.br\/img\/thumb.php?src=\/wp-content\/blogs.dir\/9\/files\/\/2011\/02\/john-macarthur.jpg&amp;w=160&amp;h=160&amp;zc=1&amp;q=100\",\"datePublished\":\"2011-02-23T18:02:00+00:00\",\"breadcrumb\":{\"@id\":\"https:\/\/crentassos.com.br\/blog\/2011\/02\/redcomments-pastor-afirma-que-recentes-protestos-contra-ditadores-vao-contra-a-biblia-eles-sao-ordenados-por-deus.html#breadcrumb\"},\"inLanguage\":\"pt-BR\",\"potentialAction\":[{\"@type\":\"ReadAction\",\"target\":[\"https:\/\/crentassos.com.br\/blog\/2011\/02\/redcomments-pastor-afirma-que-recentes-protestos-contra-ditadores-vao-contra-a-biblia-eles-sao-ordenados-por-deus.html\"]}]},{\"@type\":\"ImageObject\",\"inLanguage\":\"pt-BR\",\"@id\":\"https:\/\/crentassos.com.br\/blog\/2011\/02\/redcomments-pastor-afirma-que-recentes-protestos-contra-ditadores-vao-contra-a-biblia-eles-sao-ordenados-por-deus.html#primaryimage\",\"url\":\"http:\/\/gospelmais.com.br\/img\/thumb.php?src=\/wp-content\/blogs.dir\/9\/files\/\/2011\/02\/john-macarthur.jpg&amp;w=160&amp;h=160&amp;zc=1&amp;q=100\",\"contentUrl\":\"http:\/\/gospelmais.com.br\/img\/thumb.php?src=\/wp-content\/blogs.dir\/9\/files\/\/2011\/02\/john-macarthur.jpg&amp;w=160&amp;h=160&amp;zc=1&amp;q=100\"},{\"@type\":\"BreadcrumbList\",\"@id\":\"https:\/\/crentassos.com.br\/blog\/2011\/02\/redcomments-pastor-afirma-que-recentes-protestos-contra-ditadores-vao-contra-a-biblia-eles-sao-ordenados-por-deus.html#breadcrumb\",\"itemListElement\":[{\"@type\":\"ListItem\",\"position\":1,\"name\":\"Home\",\"item\":\"https:\/\/crentassos.com.br\/blog\/\"},{\"@type\":\"ListItem\",\"position\":2,\"name\":\"RedComments &#8211; Pastor afirma que recentes protestos contra ditadores v\u00e3o contra a B\u00edblia: \u201cEles s\u00e3o ordenados por Deus\u201d\"}]},{\"@type\":\"WebSite\",\"@id\":\"https:\/\/crentassos.com.br\/blog\/#website\",\"url\":\"https:\/\/crentassos.com.br\/blog\/\",\"name\":\"Crentassos Produ\u00e7\u00f5es Subversivas\",\"description\":\"Podcast Crist\u00e3o, Podcrent, Da Prateleira, Artigos crist\u00e3os, Teologia, Estudos, Textos B\u00edblicos\",\"publisher\":{\"@id\":\"https:\/\/crentassos.com.br\/blog\/#organization\"},\"potentialAction\":[{\"@type\":\"SearchAction\",\"target\":{\"@type\":\"EntryPoint\",\"urlTemplate\":\"https:\/\/crentassos.com.br\/blog\/?s={search_term_string}\"},\"query-input\":{\"@type\":\"PropertyValueSpecification\",\"valueRequired\":true,\"valueName\":\"search_term_string\"}}],\"inLanguage\":\"pt-BR\"},{\"@type\":\"Organization\",\"@id\":\"https:\/\/crentassos.com.br\/blog\/#organization\",\"name\":\"Crentassos Produ\u00e7\u00f5es Subversivas\",\"url\":\"https:\/\/crentassos.com.br\/blog\/\",\"logo\":{\"@type\":\"ImageObject\",\"inLanguage\":\"pt-BR\",\"@id\":\"https:\/\/crentassos.com.br\/blog\/#\/schema\/logo\/image\/\",\"url\":\"https:\/\/crentassos.com.br\/blog\/wp-content\/uploads\/2020\/05\/cropped-crentassos1-300x300png.png\",\"contentUrl\":\"https:\/\/crentassos.com.br\/blog\/wp-content\/uploads\/2020\/05\/cropped-crentassos1-300x300png.png\",\"width\":300,\"height\":300,\"caption\":\"Crentassos Produ\u00e7\u00f5es Subversivas\"},\"image\":{\"@id\":\"https:\/\/crentassos.com.br\/blog\/#\/schema\/logo\/image\/\"},\"sameAs\":[\"http:\/\/www.facebook.com\/crentassos\",\"https:\/\/x.com\/crentassos\",\"https:\/\/www.instagram.com\/crentassos\",\"https:\/\/www.youtube.com\/crentassos\"]},{\"@type\":\"Person\",\"@id\":\"https:\/\/crentassos.com.br\/blog\/#\/schema\/person\/c143e75f920e3ad15d83540f47db500c\",\"name\":\"Crentassos\",\"image\":{\"@type\":\"ImageObject\",\"inLanguage\":\"pt-BR\",\"@id\":\"https:\/\/crentassos.com.br\/blog\/#\/schema\/person\/image\/\",\"url\":\"https:\/\/secure.gravatar.com\/avatar\/cb1b9c88bcd90ec2f909823639a352ece8d3a3cea59b9d08637fe057502fa227?s=96&d=retro&r=g\",\"contentUrl\":\"https:\/\/secure.gravatar.com\/avatar\/cb1b9c88bcd90ec2f909823639a352ece8d3a3cea59b9d08637fe057502fa227?s=96&d=retro&r=g\",\"caption\":\"Crentassos\"},\"description\":\"Perfil padr\u00e3o do blog dos Crentassos.\",\"sameAs\":[\"http:\/\/www.crentassos.com.br\"],\"url\":\"https:\/\/crentassos.com.br\/blog\/author\/crentassos\"}]}<\/script>\n<!-- \/ Yoast SEO plugin. -->","yoast_head_json":{"title":"RedComments - Pastor afirma que recentes protestos contra ditadores v\u00e3o contra a B\u00edblia: \u201cEles s\u00e3o ordenados por Deus\u201d - Crentassos Produ\u00e7\u00f5es Subversivas","robots":{"index":"index","follow":"follow","max-snippet":"max-snippet:-1","max-image-preview":"max-image-preview:large","max-video-preview":"max-video-preview:-1"},"canonical":"https:\/\/crentassos.com.br\/blog\/2011\/02\/redcomments-pastor-afirma-que-recentes-protestos-contra-ditadores-vao-contra-a-biblia-eles-sao-ordenados-por-deus.html","og_locale":"pt_BR","og_type":"article","og_title":"RedComments - Pastor afirma que recentes protestos contra ditadores v\u00e3o contra a B\u00edblia: \u201cEles s\u00e3o ordenados por Deus\u201d - Crentassos Produ\u00e7\u00f5es Subversivas","og_description":"GA_googleCreateDomIframe(&#8216;google_ads_div_Gmais_noticias_top_single_336x280&#8242; ,&#8217;Gmais_noticias_top_single_336x280&#8217;); Bemamiguinhos&#8230; Saudades de escrever aqui no RedComments\u00a0pois depois do PodCrent, \u00e9 o momento onde eu consigo colocar a minhaindigna\u00e7\u00e3o de [&hellip;]","og_url":"https:\/\/crentassos.com.br\/blog\/2011\/02\/redcomments-pastor-afirma-que-recentes-protestos-contra-ditadores-vao-contra-a-biblia-eles-sao-ordenados-por-deus.html","og_site_name":"Crentassos Produ\u00e7\u00f5es Subversivas","article_publisher":"http:\/\/www.facebook.com\/crentassos","article_published_time":"2011-02-23T18:02:00+00:00","og_image":[{"url":"http:\/\/gospelmais.com.br\/img\/thumb.php?src=\/wp-content\/blogs.dir\/9\/files\/\/2011\/02\/john-macarthur.jpg&amp;w=160&amp;h=160&amp;zc=1&amp;q=100","type":"","width":"","height":""}],"author":"Crentassos","twitter_card":"summary_large_image","twitter_creator":"@crentassos","twitter_site":"@crentassos","twitter_misc":{"Escrito por":"Crentassos","Est. tempo de leitura":"7 minutos"},"schema":{"@context":"https:\/\/schema.org","@graph":[{"@type":"Article","@id":"https:\/\/crentassos.com.br\/blog\/2011\/02\/redcomments-pastor-afirma-que-recentes-protestos-contra-ditadores-vao-contra-a-biblia-eles-sao-ordenados-por-deus.html#article","isPartOf":{"@id":"https:\/\/crentassos.com.br\/blog\/2011\/02\/redcomments-pastor-afirma-que-recentes-protestos-contra-ditadores-vao-contra-a-biblia-eles-sao-ordenados-por-deus.html"},"author":{"name":"Crentassos","@id":"https:\/\/crentassos.com.br\/blog\/#\/schema\/person\/c143e75f920e3ad15d83540f47db500c"},"headline":"RedComments &#8211; Pastor afirma que recentes protestos contra ditadores v\u00e3o contra a B\u00edblia: \u201cEles s\u00e3o ordenados por Deus\u201d","datePublished":"2011-02-23T18:02:00+00:00","mainEntityOfPage":{"@id":"https:\/\/crentassos.com.br\/blog\/2011\/02\/redcomments-pastor-afirma-que-recentes-protestos-contra-ditadores-vao-contra-a-biblia-eles-sao-ordenados-por-deus.html"},"wordCount":1463,"commentCount":0,"publisher":{"@id":"https:\/\/crentassos.com.br\/blog\/#organization"},"image":{"@id":"https:\/\/crentassos.com.br\/blog\/2011\/02\/redcomments-pastor-afirma-que-recentes-protestos-contra-ditadores-vao-contra-a-biblia-eles-sao-ordenados-por-deus.html#primaryimage"},"thumbnailUrl":"http:\/\/gospelmais.com.br\/img\/thumb.php?src=\/wp-content\/blogs.dir\/9\/files\/\/2011\/02\/john-macarthur.jpg&amp;w=160&amp;h=160&amp;zc=1&amp;q=100","keywords":["John MacArthur","redcomments","Revolu\u00e7\u00e3o"],"inLanguage":"pt-BR","potentialAction":[{"@type":"CommentAction","name":"Comment","target":["https:\/\/crentassos.com.br\/blog\/2011\/02\/redcomments-pastor-afirma-que-recentes-protestos-contra-ditadores-vao-contra-a-biblia-eles-sao-ordenados-por-deus.html#respond"]}]},{"@type":"WebPage","@id":"https:\/\/crentassos.com.br\/blog\/2011\/02\/redcomments-pastor-afirma-que-recentes-protestos-contra-ditadores-vao-contra-a-biblia-eles-sao-ordenados-por-deus.html","url":"https:\/\/crentassos.com.br\/blog\/2011\/02\/redcomments-pastor-afirma-que-recentes-protestos-contra-ditadores-vao-contra-a-biblia-eles-sao-ordenados-por-deus.html","name":"RedComments - Pastor afirma que recentes protestos contra ditadores v\u00e3o contra a B\u00edblia: \u201cEles s\u00e3o ordenados por Deus\u201d - Crentassos Produ\u00e7\u00f5es Subversivas","isPartOf":{"@id":"https:\/\/crentassos.com.br\/blog\/#website"},"primaryImageOfPage":{"@id":"https:\/\/crentassos.com.br\/blog\/2011\/02\/redcomments-pastor-afirma-que-recentes-protestos-contra-ditadores-vao-contra-a-biblia-eles-sao-ordenados-por-deus.html#primaryimage"},"image":{"@id":"https:\/\/crentassos.com.br\/blog\/2011\/02\/redcomments-pastor-afirma-que-recentes-protestos-contra-ditadores-vao-contra-a-biblia-eles-sao-ordenados-por-deus.html#primaryimage"},"thumbnailUrl":"http:\/\/gospelmais.com.br\/img\/thumb.php?src=\/wp-content\/blogs.dir\/9\/files\/\/2011\/02\/john-macarthur.jpg&amp;w=160&amp;h=160&amp;zc=1&amp;q=100","datePublished":"2011-02-23T18:02:00+00:00","breadcrumb":{"@id":"https:\/\/crentassos.com.br\/blog\/2011\/02\/redcomments-pastor-afirma-que-recentes-protestos-contra-ditadores-vao-contra-a-biblia-eles-sao-ordenados-por-deus.html#breadcrumb"},"inLanguage":"pt-BR","potentialAction":[{"@type":"ReadAction","target":["https:\/\/crentassos.com.br\/blog\/2011\/02\/redcomments-pastor-afirma-que-recentes-protestos-contra-ditadores-vao-contra-a-biblia-eles-sao-ordenados-por-deus.html"]}]},{"@type":"ImageObject","inLanguage":"pt-BR","@id":"https:\/\/crentassos.com.br\/blog\/2011\/02\/redcomments-pastor-afirma-que-recentes-protestos-contra-ditadores-vao-contra-a-biblia-eles-sao-ordenados-por-deus.html#primaryimage","url":"http:\/\/gospelmais.com.br\/img\/thumb.php?src=\/wp-content\/blogs.dir\/9\/files\/\/2011\/02\/john-macarthur.jpg&amp;w=160&amp;h=160&amp;zc=1&amp;q=100","contentUrl":"http:\/\/gospelmais.com.br\/img\/thumb.php?src=\/wp-content\/blogs.dir\/9\/files\/\/2011\/02\/john-macarthur.jpg&amp;w=160&amp;h=160&amp;zc=1&amp;q=100"},{"@type":"BreadcrumbList","@id":"https:\/\/crentassos.com.br\/blog\/2011\/02\/redcomments-pastor-afirma-que-recentes-protestos-contra-ditadores-vao-contra-a-biblia-eles-sao-ordenados-por-deus.html#breadcrumb","itemListElement":[{"@type":"ListItem","position":1,"name":"Home","item":"https:\/\/crentassos.com.br\/blog\/"},{"@type":"ListItem","position":2,"name":"RedComments &#8211; Pastor afirma que recentes protestos contra ditadores v\u00e3o contra a B\u00edblia: \u201cEles s\u00e3o ordenados por Deus\u201d"}]},{"@type":"WebSite","@id":"https:\/\/crentassos.com.br\/blog\/#website","url":"https:\/\/crentassos.com.br\/blog\/","name":"Crentassos Produ\u00e7\u00f5es Subversivas","description":"Podcast Crist\u00e3o, Podcrent, Da Prateleira, Artigos crist\u00e3os, Teologia, Estudos, Textos B\u00edblicos","publisher":{"@id":"https:\/\/crentassos.com.br\/blog\/#organization"},"potentialAction":[{"@type":"SearchAction","target":{"@type":"EntryPoint","urlTemplate":"https:\/\/crentassos.com.br\/blog\/?s={search_term_string}"},"query-input":{"@type":"PropertyValueSpecification","valueRequired":true,"valueName":"search_term_string"}}],"inLanguage":"pt-BR"},{"@type":"Organization","@id":"https:\/\/crentassos.com.br\/blog\/#organization","name":"Crentassos Produ\u00e7\u00f5es Subversivas","url":"https:\/\/crentassos.com.br\/blog\/","logo":{"@type":"ImageObject","inLanguage":"pt-BR","@id":"https:\/\/crentassos.com.br\/blog\/#\/schema\/logo\/image\/","url":"https:\/\/crentassos.com.br\/blog\/wp-content\/uploads\/2020\/05\/cropped-crentassos1-300x300png.png","contentUrl":"https:\/\/crentassos.com.br\/blog\/wp-content\/uploads\/2020\/05\/cropped-crentassos1-300x300png.png","width":300,"height":300,"caption":"Crentassos Produ\u00e7\u00f5es Subversivas"},"image":{"@id":"https:\/\/crentassos.com.br\/blog\/#\/schema\/logo\/image\/"},"sameAs":["http:\/\/www.facebook.com\/crentassos","https:\/\/x.com\/crentassos","https:\/\/www.instagram.com\/crentassos","https:\/\/www.youtube.com\/crentassos"]},{"@type":"Person","@id":"https:\/\/crentassos.com.br\/blog\/#\/schema\/person\/c143e75f920e3ad15d83540f47db500c","name":"Crentassos","image":{"@type":"ImageObject","inLanguage":"pt-BR","@id":"https:\/\/crentassos.com.br\/blog\/#\/schema\/person\/image\/","url":"https:\/\/secure.gravatar.com\/avatar\/cb1b9c88bcd90ec2f909823639a352ece8d3a3cea59b9d08637fe057502fa227?s=96&d=retro&r=g","contentUrl":"https:\/\/secure.gravatar.com\/avatar\/cb1b9c88bcd90ec2f909823639a352ece8d3a3cea59b9d08637fe057502fa227?s=96&d=retro&r=g","caption":"Crentassos"},"description":"Perfil padr\u00e3o do blog dos Crentassos.","sameAs":["http:\/\/www.crentassos.com.br"],"url":"https:\/\/crentassos.com.br\/blog\/author\/crentassos"}]}},"_links":{"self":[{"href":"https:\/\/crentassos.com.br\/blog\/wp-json\/wp\/v2\/posts\/734","targetHints":{"allow":["GET"]}}],"collection":[{"href":"https:\/\/crentassos.com.br\/blog\/wp-json\/wp\/v2\/posts"}],"about":[{"href":"https:\/\/crentassos.com.br\/blog\/wp-json\/wp\/v2\/types\/post"}],"author":[{"embeddable":true,"href":"https:\/\/crentassos.com.br\/blog\/wp-json\/wp\/v2\/users\/1"}],"replies":[{"embeddable":true,"href":"https:\/\/crentassos.com.br\/blog\/wp-json\/wp\/v2\/comments?post=734"}],"version-history":[{"count":0,"href":"https:\/\/crentassos.com.br\/blog\/wp-json\/wp\/v2\/posts\/734\/revisions"}],"wp:attachment":[{"href":"https:\/\/crentassos.com.br\/blog\/wp-json\/wp\/v2\/media?parent=734"}],"wp:term":[{"taxonomy":"category","embeddable":true,"href":"https:\/\/crentassos.com.br\/blog\/wp-json\/wp\/v2\/categories?post=734"},{"taxonomy":"post_tag","embeddable":true,"href":"https:\/\/crentassos.com.br\/blog\/wp-json\/wp\/v2\/tags?post=734"}],"curies":[{"name":"wp","href":"https:\/\/api.w.org\/{rel}","templated":true}]}}