{"id":730,"date":"2011-02-24T02:00:00","date_gmt":"2011-02-24T04:00:00","guid":{"rendered":"http:\/\/oueleouela.wordpress.com\/2011\/02\/24\/a-mentira-sobre-a-uncao"},"modified":"2012-12-11T14:56:10","modified_gmt":"2012-12-11T17:56:10","slug":"a-mentira-sobre-a-uncao","status":"publish","type":"post","link":"https:\/\/crentassos.com.br\/blog\/2011\/02\/a-mentira-sobre-a-uncao.html","title":{"rendered":"A mentira sobre a Un\u00e7\u00e3o"},"content":{"rendered":"<div class=\"MsoNormal\"><\/div>\n<div class=\"MsoNormal\">Al\u00e9m das f\u00e1bulas das <strong>Rosas e \u00e1guas ungidas do Monte Si\u00e3o<\/strong>, contadas por igrejas universalistas por a\u00ed, existe um outro perigo teol\u00f3gico que ronda a Igrej<span style=\"font-size: 100%;\">a bra<\/span>sileira.<\/div>\n<div class=\"MsoNormal\"><\/div>\n<div class=\"MsoNormal\">Este perigo est\u00e1 oculto, n\u00e3o \u00e9 dada a import\u00e2ncia devida a ele:<\/div>\n<div class=\"MsoNormal\"><strong>\u00c9 a banaliza\u00e7\u00e3o da UN\u00c7\u00c3O<\/strong>!<\/div>\n<div class=\"separator\"><a style=\"margin-left: 1em; margin-right: 1em;\" href=\"http:\/\/oueleouela.files.wordpress.com\/2011\/02\/1236781074268_f.jpg\"><img loading=\"lazy\" decoding=\"async\" src=\"http:\/\/oueleouela.files.wordpress.com\/2011\/02\/1236781074268_f.jpg?w=300\" alt=\"\" width=\"320\" height=\"300\" border=\"0\" \/><\/a><a name=\"more\"><\/a><\/div>\n<div class=\"MsoNormal\"><\/div>\n<div class=\"MsoNormal\"><\/div>\n<div class=\"MsoNormal\"><\/div>\n<div class=\"MsoNormal\">Estive conversando com v\u00e1rios Trolls Evangeliqu\u00eases, que me disseram v\u00e1rias respostas absurdas sobre o que \u00e9 un\u00e7\u00e3o:<\/div>\n<div class=\"MsoNormal\">&#8211; \u201c\u00c9 quando a pessoa est\u00e1 ministrando e as pessoas se derramam\u201d<\/div>\n<div class=\"MsoNormal\">&#8211; \u201c\u00c9 uma coisa que Deus d\u00e1 pras pessoas que vivem em Santidade\u201d<\/div>\n<div class=\"MsoNormal\">&#8211; \u201c\u00c9 aquela sensa\u00e7\u00e3o que voc\u00ea tem quando est\u00e1 louvando e adorando. Quando o var\u00e3o tem un\u00e7\u00e3o a gente sente a presen\u00e7a de Deus\u201d.<\/div>\n<div class=\"MsoNormal\"><\/div>\n<div class=\"MsoNormal\">Segue um breve (<strong>n\u00e3o t\u00e3o breve, mas edificante<\/strong>) estudo sobre o assunto. Espero que seja de grande proveito para Trolls de todos os tipos e para voc\u00ea que assim como eu, n\u00e3o sabia distinguir un\u00e7\u00e3o de emocionalismo:<\/div>\n<div class=\"MsoNormal\"><\/div>\n<div class=\"MsoNormal\"><span style=\"color: black; font-size: 100%;\"><span style=\"color: black; font-size: 100%;\">\u201cPortanto, o que desde o princ\u00edpio ouvistes permane\u00e7a em v\u00f3s. Se em v\u00f3s permanecer o que desde o princ\u00edpio ouvistes, tamb\u00e9m permanecereis no Filho e no Pai. E esta \u00e9 a promessa que ele nos fez: a vida eterna. Estas coisas vos escrevi acerca dos que vos enganam. <strong>E a un\u00e7\u00e3o que v\u00f3s recebestes dele, fica em v\u00f3s, e n\u00e3o tendes necessidade de que algu\u00e9m vos ensine; mas, como a sua un\u00e7\u00e3o vos ensina todas as coisas, e \u00e9 verdadeira, e n\u00e3o \u00e9 mentira, como ela vos ensinou, assim nele permanecereis<\/strong>. E agora, filhinhos, permanecei nele; para que, quando ele se manifestar, tenhamos confian\u00e7a, e n\u00e3o sejamos confundidos por ele na sua vinda. Se sabeis que ele \u00e9 justo, sabeis que todo aquele que pratica a justi\u00e7a \u00e9 nascido dele\u201d (1 Jo\u00e3o 2:24-29).<\/span><\/span>Nesta passagem Jo\u00e3o insiste em que os irm\u00e3os permane\u00e7am nas coisas que aprenderam, conforme lhes foram ensinadas, a fim de permanecerem em Cristo. O maior interesse desta passagem repousa numa express\u00e3o j\u00e1 antes usada por Jo\u00e3o. No verso 20, Jo\u00e3o lhes falou da un\u00e7\u00e3o que receberam do Santo, gra\u00e7as \u00e0 qual receberam o conhecimento: \u201cE v\u00f3s tendes a un\u00e7\u00e3o do Santo, e sabeis tudo\u201d. Ele diz que a un\u00e7\u00e3o recebida lhes ensinou todas as coisas. Qual \u00e9 o significado profundo desta palavra un\u00e7\u00e3o? O que Jo\u00e3o quer dizer com a mesma? Vamos retroceder ao pensamento hebraico, a fim de entender melhor o que h\u00e1 por tr\u00e1s desta passagem.<\/p>\n<p>No pensamento e na pr\u00e1tica do povo hebreu a un\u00e7\u00e3o estava associada a tr\u00eas classes de pessoas. 1) &#8211; Os sacerdotes eram ungidos. As disposi\u00e7\u00f5es rituais estabeleciam: \u201cE tomar\u00e1s o azeite da un\u00e7\u00e3o, e o derramar\u00e1s sobre a sua cabe\u00e7a; assim o ungir\u00e1s&#8230; E vestir\u00e1s a Ar\u00e3o as vestes santas, e o ungir\u00e1s, e o santificar\u00e1s, para que me administre o sacerd\u00f3cio\u201d. (\u00caxodo 29:7; 40:13). Tamb\u00e9m Lev\u00edtico 16:32: \u201cE o sacerdote, que for ungido, e que for sagrado, para administrar o sacerd\u00f3cio, no lugar de seu pai, far\u00e1 a expia\u00e7\u00e3o, havendo vestido as vestes de linho, as vestes santas\u201d. 2) &#8211; Os reis eram ungidos. Samuel ungiu Saul, o primeiro rei de Israel (1 Samuel 9:16; 10:1). Deus ordenou que Elias ungisse Hazael e Je\u00fa (1 Reis 19:15-16). O Senhor ungiu o profeta Isa\u00edas para que este levasse as boas novas \u00e0 na\u00e7\u00e3o (Isa\u00edas 61:1) [Passagem que tamb\u00e9m profetizava a obra de Jesus Cristo].<\/p>\n<p>Nos tempos antigos a un\u00e7\u00e3o era privil\u00e9gio de poucos eleitos: sacerdotes, reis e profetas, qualquer que fosse a sua dignidade.<\/p>\n<\/div>\n<div class=\"MsoNormal\"><span style=\"font-size: 100%;\"><br \/>\n<\/span><\/div>\n<div class=\"MsoNormal\"><span style=\"font-size: 100%;\"><strong><span style=\"color: black;\">Assim, em primeiro lugar a un\u00e7\u00e3o representa o privil\u00e9gio do crist\u00e3o em Jesus Cristo<\/span><\/strong><\/span><span style=\"color: black; font-size: 100%;\">. <\/span><\/div>\n<div class=\"MsoNormal\"><span style=\"font-size: 100%;\"><br \/>\n<\/span><\/div>\n<div class=\"MsoNormal\"><span style=\"color: black; font-size: 100%;\"><span style=\"color: black; font-size: 100%;\">O sacerdote era chamado \u201cO Ungido\u201d. Mas o Ungido Supremo seria o Messias, visto como o pr\u00f3prio voc\u00e1bulo \u201cMessias\u201d significa \u201cungido\u201d, sendo que a palavra Cristo tem o mesmo significado em Grego. Portanto, Cristo \u00e9 o Supremo Ungido. Agora surge a pergunta: Quando Jesus Cristo foi ungido? A resposta \u00e9 a mesma que tem sido sempre dada pela Igreja: Na ocasi\u00e3o do Seu batismo, quando Jesus foi ungido pelo Esp\u00edrito Santo (Atos 10:38).<\/span><\/span>Devemos esclarecer que o mundo grego tamb\u00e9m conhecia a un\u00e7\u00e3o. Ela fazia parte das cerim\u00f4nias de inicia\u00e7\u00e3o nas religi\u00f5es de mist\u00e9rios, nas quais supunha-se que o iniciado recebia um conhecimento especial de Deus e um contato especial com Ele. [Isso acontece hoje na Ma\u00e7onaria e no Mormonismo]. <strong>Sabemos que, pelo menos os falsos mestres afirmavam possuir essa un\u00e7\u00e3o especial, a qual os conduzia a um conhecimento especial de Deus.<br \/>\n<\/strong><br \/>\nHip\u00f3lito nos conta que esses falsos mestres costumavam dizer: <strong>\u201cSomente n\u00f3s \u00e9 que somos crist\u00e3os verdadeiros, os \u00fanicos a ter completado o terceiro portal, tendo sido ungidos com a inef\u00e1vel un\u00e7\u00e3o\u201d. Eles garantiam que essa un\u00e7\u00e3o especial lhes proporcionava um conhecimento especial de Deus. [Esse modismo tem penetrado na maioria das igrejas neopentecostais].<\/strong> A isso Jo\u00e3o responde que a \u00fanica un\u00e7\u00e3o verdadeira \u00e9 a que Cristo nos d\u00e1.<\/p>\n<p>Mas, quando essa un\u00e7\u00e3o chegava aos crist\u00e3os, em que consistia e o que proporcionava?<\/p>\n<p>Havia somente uma cerim\u00f4nia pela qual os crist\u00e3os passavam &#8211; o batismo. Em anos posteriores houve a pr\u00e1tica de ungir os crist\u00e3os com azeite consagrado, conforme nos conta Tertuliano.<\/p>\n<p>Quanto \u00e0 segunda pergunta, \u00e9 mais dif\u00edcil de ser respondida e temos para a mesma duas respostas:<\/p>\n<\/div>\n<div class=\"MsoNormal\"><span style=\"color: black; font-size: 100%;\">1. &#8211; Pode ser que a un\u00e7\u00e3o significasse a vinda do Esp\u00edrito Santo sobre os crist\u00e3os, na hora do batismo. Na Igreja Primitiva isso acontecia da maneira mais evidente poss\u00edvel: \u201cEnt\u00e3o lhes impuseram as m\u00e3os, e receberam o Esp\u00edrito Santo\u201d (Atos 8:17). [A Igreja Primitiva era constitu\u00edda em sua maior parte de judeus, os quais, como diz Paulo, sempre buscavam sinais e Deus lhes dava esses sinais]. Se neste verso as duas palavras \u201cEsp\u00edrito Santo\u201d fossem substitu\u00eddas pela palavra \u201cun\u00e7\u00e3o\u201d, a\u00ed ter\u00edamos um excelente sentido. Seria, ent\u00e3o, o Esp\u00edrito Santo por eles recebido que neles iria permanecer. Seria o Esp\u00edrito Santo enviado por Cristo que iria ensinar-lhes todas as coisas. (Jo\u00e3o 16:7-14).<\/span><\/div>\n<div class=\"MsoNormal\"><span style=\"font-size: 100%;\"><br \/>\n<\/span><\/div>\n<div class=\"MsoNormal\"><span style=\"color: black; font-size: 100%;\"> 2. &#8211; Outra possibilidade \u00e9 que os versos 24 e 27 s\u00e3o quase paralelos em sua express\u00e3o. Vamos ler o verso 24: \u201cPortanto, o que desde o princ\u00edpio ouvistes permane\u00e7a em v\u00f3s. Se em v\u00f3s permanecer o que desde o princ\u00edpio ouvistes, tamb\u00e9m permanecereis no Filho e no Pai\u201d Agora vamos ler o verso 27: \u201cE a un\u00e7\u00e3o que v\u00f3s recebestes dele, fica em v\u00f3s, e n\u00e3o tendes necessidade de que algu\u00e9m vos ensine; mas, como a sua un\u00e7\u00e3o vos ensina todas as coisas, e \u00e9 verdadeira, e n\u00e3o \u00e9 mentira, como ela vos ensinou, assim nele permanecereis\u201d. Aqui observamos que \u201co que desde o princ\u00edpio ouvistes\u201d e \u201cun\u00e7\u00e3o\u201d s\u00e3o exatamente paralelos. Desse modo, pode ser que a un\u00e7\u00e3o recebida pelos crist\u00e3os seja a instru\u00e7\u00e3o na f\u00e9 crist\u00e3, recebida na Palavra, quando ele \u00e9 ungido, na Igreja, com o verdadeiro conhecimento da f\u00e9 e da vida em Cristo. <\/span><\/div>\n<div class=\"MsoNormal\"><span style=\"color: black; font-size: 100%;\">Pode at\u00e9 ser que estas duas interpreta\u00e7\u00f5es possam ser combinadas, o que se tornaria algo mais valioso: que temos duas maneiras de provar qualquer novo ensino que nos seja oferecido: <\/span><\/div>\n<div class=\"MsoNormal\"><span style=\"color: black; font-size: 100%;\">a) &#8211; Ele confere com a tradi\u00e7\u00e3o crist\u00e3 na qual temos sido instru\u00eddos, devendo permanecer em nossas mentes e cora\u00e7\u00f5es? <\/span><\/div>\n<div class=\"MsoNormal\"><span style=\"color: black; font-size: 100%;\"><span style=\"color: black; font-size: 100%;\">b) &#8211; Ele confere com o testemunho que o Esp\u00edrito Santo d\u00e1 em nosso \u00edntimo? Estes s\u00e3o os crit\u00e9rios crist\u00e3os da verdade [Qualquer ensino que ultrapassa a doutrina entregue nas Sagradas Escrituras deve ser rejeitado]. Temos, ent\u00e3o, duas evid\u00eancias: a interna &#8211; que todos os ensinos devem submeter-se ao testemunho do Esp\u00edrito Santo em nossos cora\u00e7\u00f5es. <strong>O ap\u00f3stolo Jo\u00e3o diz que se um homem permanece na verdade que lhe foi ensinada atrav\u00e9s das Escrituras e se essa verdade \u00e9 evidenciada pelo Esp\u00edrito Santo, ent\u00e3o ele est\u00e1 capacitado a receber somente a verdade, podendo recha\u00e7ar a mentira e, portanto, permanecer em Cristo.<\/strong>[Infelizmente os crentes modernos ficam lendo livros de autores med\u00edocres e escutando CDs de m\u00e1 qualidade doutrin\u00e1ria, preparados por homens n\u00e3o estudiosos da Palavra (e muitas vezes nem sequer convertidos), em vez de estudar a B\u00edblia. Assim, podem ser levados facilmente por todo vento de doutrina].<\/span><\/span>No verso 28 Jo\u00e3o insta os leitores a permanecerem sempre em Cristo, de modo que quando Ele regressar em poder e gl\u00f3ria, n\u00e3o tenham do que se envergonhar. A melhor maneira de nos prepararmos para a vinda de Cristo \u00e9 viver com Ele todos os dias. Se assim fizermos, Sua chegada n\u00e3o nos surpreender\u00e1. Ser\u00e1 apenas a entrada numa presen\u00e7a mais pr\u00f3xima de Algu\u00e9m com quem temos vivido por muito tempo. A melhor maneira de nos prepararmos para a chegada de Cristo \u00e9 jamais esquecer a Sua presen\u00e7a. Mesmo que tenhamos d\u00favidas, dificuldades e interroga\u00e7\u00f5es sobre a Sua Segunda Vinda f\u00edsica, ela n\u00e3o vai deixar de acontecer. Para todos n\u00f3s a vida vai acabar algum dia. Todos os homens receber\u00e3o o chamado de Deus e ter\u00e3o de abandonar este mundo. Se jamais pensamos em Deus e se Jesus Cristo tem sido apenas uma remota e p\u00e1lida lembran\u00e7a, a qual vez por outra nos aflora \u00e0 mente, esse chamado ser\u00e1 o nosso encontro com um estranho, quando entrarmos no espantoso e incerto futuro. Contudo, se tivermos vivido conscientemente na presen\u00e7a de Cristo, se tivermos andado e conversado diariamente com Deus, haver\u00e1 um encontro familiar, quando chegarmos \u00e0 Sua presen\u00e7a santa, libertos para sempre do v\u00e9u que nos embota os sentidos. Simples e meridianamente verdadeiro \u00e9 que o homem deve permanecer em Cristo at\u00e9 o final de sua vida, para que possa encontrar-se com um Amigo e n\u00e3o com um estranho.<\/p>\n<p>No verso 29, Jo\u00e3o retoma um pensamento que jamais abandonou sua mente. A \u00fanica maneira de algu\u00e9m provar que est\u00e1 em Cristo, de provar que passou pelo novo nascimento, \u00e9 a sua retid\u00e3o de vida. O que os l\u00e1bios de um homem confessam jamais pode ser desmentido pelo seu modo de agir.<\/p>\n<p><strong>Extra\u00eddo do \u2013 \u201cComent\u00e1rio das Cartas de Jo\u00e3o e Judas\u201d de William Barclay<\/strong><\/p>\n<\/div>\n<div class=\"MsoNormal\"><span style=\"font-size: 100%;\"><strong><span style=\"color: black;\">PS:<\/span><\/strong><\/span><span style=\"color: black; font-size: 100%;\"> Que possamos buscar a Verdade somente nas Escrituras, pois s\u00e3o voz de Deus para n\u00f3s. Que tal dedicar mais tempo a leitura da Palavra do que a livros que falam sobre a Palavra?<\/span><\/div>\n","protected":false},"excerpt":{"rendered":"<p>Al\u00e9m das f\u00e1bulas das Rosas e \u00e1guas ungidas do Monte Si\u00e3o, contadas por igrejas universalistas por a\u00ed, existe um outro perigo teol\u00f3gico [&hellip;]<\/p>\n","protected":false},"author":1,"featured_media":0,"comment_status":"open","ping_status":"closed","sticky":false,"template":"","format":"standard","meta":{"_exactmetrics_skip_tracking":false,"_exactmetrics_sitenote_active":false,"_exactmetrics_sitenote_note":"","_exactmetrics_sitenote_category":0,"footnotes":"","_links_to":"","_links_to_target":""},"categories":[112],"tags":[397,2856],"class_list":["post-730","post","type-post","status-publish","format-standard","hentry","category-artigos","tag-dan-queirolo-uncao","tag-uncategorized"],"yoast_head":"<!-- This site is optimized with the Yoast SEO plugin v27.1.1 - https:\/\/yoast.com\/product\/yoast-seo-wordpress\/ -->\n<title>A mentira sobre a Un\u00e7\u00e3o - Crentassos Produ\u00e7\u00f5es Subversivas<\/title>\n<meta name=\"robots\" content=\"index, follow, max-snippet:-1, max-image-preview:large, max-video-preview:-1\" \/>\n<link rel=\"canonical\" href=\"https:\/\/crentassos.com.br\/blog\/2011\/02\/a-mentira-sobre-a-uncao.html\" \/>\n<meta property=\"og:locale\" content=\"pt_BR\" \/>\n<meta property=\"og:type\" content=\"article\" \/>\n<meta property=\"og:title\" content=\"A mentira sobre a Un\u00e7\u00e3o - Crentassos Produ\u00e7\u00f5es Subversivas\" \/>\n<meta property=\"og:description\" content=\"Al\u00e9m das f\u00e1bulas das Rosas e \u00e1guas ungidas do Monte Si\u00e3o, contadas por igrejas universalistas por a\u00ed, existe um outro perigo teol\u00f3gico [&hellip;]\" \/>\n<meta property=\"og:url\" content=\"https:\/\/crentassos.com.br\/blog\/2011\/02\/a-mentira-sobre-a-uncao.html\" \/>\n<meta property=\"og:site_name\" content=\"Crentassos Produ\u00e7\u00f5es Subversivas\" \/>\n<meta property=\"article:publisher\" content=\"http:\/\/www.facebook.com\/crentassos\" \/>\n<meta property=\"article:published_time\" content=\"2011-02-24T04:00:00+00:00\" \/>\n<meta property=\"article:modified_time\" content=\"2012-12-11T17:56:10+00:00\" \/>\n<meta property=\"og:image\" content=\"http:\/\/oueleouela.files.wordpress.com\/2011\/02\/1236781074268_f.jpg?w=300\" \/>\n<meta name=\"author\" content=\"Crentassos\" \/>\n<meta name=\"twitter:card\" content=\"summary_large_image\" \/>\n<meta name=\"twitter:creator\" content=\"@crentassos\" \/>\n<meta name=\"twitter:site\" content=\"@crentassos\" \/>\n<meta name=\"twitter:label1\" content=\"Escrito por\" \/>\n\t<meta name=\"twitter:data1\" content=\"Crentassos\" \/>\n\t<meta name=\"twitter:label2\" content=\"Est. tempo de leitura\" \/>\n\t<meta name=\"twitter:data2\" content=\"9 minutos\" \/>\n<script type=\"application\/ld+json\" class=\"yoast-schema-graph\">{\"@context\":\"https:\/\/schema.org\",\"@graph\":[{\"@type\":\"Article\",\"@id\":\"https:\/\/crentassos.com.br\/blog\/2011\/02\/a-mentira-sobre-a-uncao.html#article\",\"isPartOf\":{\"@id\":\"https:\/\/crentassos.com.br\/blog\/2011\/02\/a-mentira-sobre-a-uncao.html\"},\"author\":{\"name\":\"Crentassos\",\"@id\":\"https:\/\/crentassos.com.br\/blog\/#\/schema\/person\/c143e75f920e3ad15d83540f47db500c\"},\"headline\":\"A mentira sobre a Un\u00e7\u00e3o\",\"datePublished\":\"2011-02-24T04:00:00+00:00\",\"dateModified\":\"2012-12-11T17:56:10+00:00\",\"mainEntityOfPage\":{\"@id\":\"https:\/\/crentassos.com.br\/blog\/2011\/02\/a-mentira-sobre-a-uncao.html\"},\"wordCount\":1787,\"commentCount\":0,\"publisher\":{\"@id\":\"https:\/\/crentassos.com.br\/blog\/#organization\"},\"image\":{\"@id\":\"https:\/\/crentassos.com.br\/blog\/2011\/02\/a-mentira-sobre-a-uncao.html#primaryimage\"},\"thumbnailUrl\":\"http:\/\/oueleouela.files.wordpress.com\/2011\/02\/1236781074268_f.jpg?w=300\",\"keywords\":[\"Dan Queirolo Un\u00e7\u00e3o\",\"Uncategorized\"],\"articleSection\":[\"Artigos\"],\"inLanguage\":\"pt-BR\",\"potentialAction\":[{\"@type\":\"CommentAction\",\"name\":\"Comment\",\"target\":[\"https:\/\/crentassos.com.br\/blog\/2011\/02\/a-mentira-sobre-a-uncao.html#respond\"]}]},{\"@type\":\"WebPage\",\"@id\":\"https:\/\/crentassos.com.br\/blog\/2011\/02\/a-mentira-sobre-a-uncao.html\",\"url\":\"https:\/\/crentassos.com.br\/blog\/2011\/02\/a-mentira-sobre-a-uncao.html\",\"name\":\"A mentira sobre a Un\u00e7\u00e3o - Crentassos Produ\u00e7\u00f5es Subversivas\",\"isPartOf\":{\"@id\":\"https:\/\/crentassos.com.br\/blog\/#website\"},\"primaryImageOfPage\":{\"@id\":\"https:\/\/crentassos.com.br\/blog\/2011\/02\/a-mentira-sobre-a-uncao.html#primaryimage\"},\"image\":{\"@id\":\"https:\/\/crentassos.com.br\/blog\/2011\/02\/a-mentira-sobre-a-uncao.html#primaryimage\"},\"thumbnailUrl\":\"http:\/\/oueleouela.files.wordpress.com\/2011\/02\/1236781074268_f.jpg?w=300\",\"datePublished\":\"2011-02-24T04:00:00+00:00\",\"dateModified\":\"2012-12-11T17:56:10+00:00\",\"breadcrumb\":{\"@id\":\"https:\/\/crentassos.com.br\/blog\/2011\/02\/a-mentira-sobre-a-uncao.html#breadcrumb\"},\"inLanguage\":\"pt-BR\",\"potentialAction\":[{\"@type\":\"ReadAction\",\"target\":[\"https:\/\/crentassos.com.br\/blog\/2011\/02\/a-mentira-sobre-a-uncao.html\"]}]},{\"@type\":\"ImageObject\",\"inLanguage\":\"pt-BR\",\"@id\":\"https:\/\/crentassos.com.br\/blog\/2011\/02\/a-mentira-sobre-a-uncao.html#primaryimage\",\"url\":\"http:\/\/oueleouela.files.wordpress.com\/2011\/02\/1236781074268_f.jpg?w=300\",\"contentUrl\":\"http:\/\/oueleouela.files.wordpress.com\/2011\/02\/1236781074268_f.jpg?w=300\"},{\"@type\":\"BreadcrumbList\",\"@id\":\"https:\/\/crentassos.com.br\/blog\/2011\/02\/a-mentira-sobre-a-uncao.html#breadcrumb\",\"itemListElement\":[{\"@type\":\"ListItem\",\"position\":1,\"name\":\"Home\",\"item\":\"https:\/\/crentassos.com.br\/blog\/\"},{\"@type\":\"ListItem\",\"position\":2,\"name\":\"A mentira sobre a Un\u00e7\u00e3o\"}]},{\"@type\":\"WebSite\",\"@id\":\"https:\/\/crentassos.com.br\/blog\/#website\",\"url\":\"https:\/\/crentassos.com.br\/blog\/\",\"name\":\"Crentassos Produ\u00e7\u00f5es Subversivas\",\"description\":\"Podcast Crist\u00e3o, Podcrent, Da Prateleira, Artigos crist\u00e3os, Teologia, Estudos, Textos B\u00edblicos\",\"publisher\":{\"@id\":\"https:\/\/crentassos.com.br\/blog\/#organization\"},\"potentialAction\":[{\"@type\":\"SearchAction\",\"target\":{\"@type\":\"EntryPoint\",\"urlTemplate\":\"https:\/\/crentassos.com.br\/blog\/?s={search_term_string}\"},\"query-input\":{\"@type\":\"PropertyValueSpecification\",\"valueRequired\":true,\"valueName\":\"search_term_string\"}}],\"inLanguage\":\"pt-BR\"},{\"@type\":\"Organization\",\"@id\":\"https:\/\/crentassos.com.br\/blog\/#organization\",\"name\":\"Crentassos Produ\u00e7\u00f5es Subversivas\",\"url\":\"https:\/\/crentassos.com.br\/blog\/\",\"logo\":{\"@type\":\"ImageObject\",\"inLanguage\":\"pt-BR\",\"@id\":\"https:\/\/crentassos.com.br\/blog\/#\/schema\/logo\/image\/\",\"url\":\"https:\/\/crentassos.com.br\/blog\/wp-content\/uploads\/2020\/05\/cropped-crentassos1-300x300png.png\",\"contentUrl\":\"https:\/\/crentassos.com.br\/blog\/wp-content\/uploads\/2020\/05\/cropped-crentassos1-300x300png.png\",\"width\":300,\"height\":300,\"caption\":\"Crentassos Produ\u00e7\u00f5es Subversivas\"},\"image\":{\"@id\":\"https:\/\/crentassos.com.br\/blog\/#\/schema\/logo\/image\/\"},\"sameAs\":[\"http:\/\/www.facebook.com\/crentassos\",\"https:\/\/x.com\/crentassos\",\"https:\/\/www.instagram.com\/crentassos\",\"https:\/\/www.youtube.com\/crentassos\"]},{\"@type\":\"Person\",\"@id\":\"https:\/\/crentassos.com.br\/blog\/#\/schema\/person\/c143e75f920e3ad15d83540f47db500c\",\"name\":\"Crentassos\",\"image\":{\"@type\":\"ImageObject\",\"inLanguage\":\"pt-BR\",\"@id\":\"https:\/\/crentassos.com.br\/blog\/#\/schema\/person\/image\/\",\"url\":\"https:\/\/secure.gravatar.com\/avatar\/cb1b9c88bcd90ec2f909823639a352ece8d3a3cea59b9d08637fe057502fa227?s=96&d=retro&r=g\",\"contentUrl\":\"https:\/\/secure.gravatar.com\/avatar\/cb1b9c88bcd90ec2f909823639a352ece8d3a3cea59b9d08637fe057502fa227?s=96&d=retro&r=g\",\"caption\":\"Crentassos\"},\"description\":\"Perfil padr\u00e3o do blog dos Crentassos.\",\"sameAs\":[\"http:\/\/www.crentassos.com.br\"],\"url\":\"https:\/\/crentassos.com.br\/blog\/author\/crentassos\"}]}<\/script>\n<!-- \/ Yoast SEO plugin. -->","yoast_head_json":{"title":"A mentira sobre a Un\u00e7\u00e3o - Crentassos Produ\u00e7\u00f5es Subversivas","robots":{"index":"index","follow":"follow","max-snippet":"max-snippet:-1","max-image-preview":"max-image-preview:large","max-video-preview":"max-video-preview:-1"},"canonical":"https:\/\/crentassos.com.br\/blog\/2011\/02\/a-mentira-sobre-a-uncao.html","og_locale":"pt_BR","og_type":"article","og_title":"A mentira sobre a Un\u00e7\u00e3o - Crentassos Produ\u00e7\u00f5es Subversivas","og_description":"Al\u00e9m das f\u00e1bulas das Rosas e \u00e1guas ungidas do Monte Si\u00e3o, contadas por igrejas universalistas por a\u00ed, existe um outro perigo teol\u00f3gico [&hellip;]","og_url":"https:\/\/crentassos.com.br\/blog\/2011\/02\/a-mentira-sobre-a-uncao.html","og_site_name":"Crentassos Produ\u00e7\u00f5es Subversivas","article_publisher":"http:\/\/www.facebook.com\/crentassos","article_published_time":"2011-02-24T04:00:00+00:00","article_modified_time":"2012-12-11T17:56:10+00:00","og_image":[{"url":"http:\/\/oueleouela.files.wordpress.com\/2011\/02\/1236781074268_f.jpg?w=300","type":"","width":"","height":""}],"author":"Crentassos","twitter_card":"summary_large_image","twitter_creator":"@crentassos","twitter_site":"@crentassos","twitter_misc":{"Escrito por":"Crentassos","Est. tempo de leitura":"9 minutos"},"schema":{"@context":"https:\/\/schema.org","@graph":[{"@type":"Article","@id":"https:\/\/crentassos.com.br\/blog\/2011\/02\/a-mentira-sobre-a-uncao.html#article","isPartOf":{"@id":"https:\/\/crentassos.com.br\/blog\/2011\/02\/a-mentira-sobre-a-uncao.html"},"author":{"name":"Crentassos","@id":"https:\/\/crentassos.com.br\/blog\/#\/schema\/person\/c143e75f920e3ad15d83540f47db500c"},"headline":"A mentira sobre a Un\u00e7\u00e3o","datePublished":"2011-02-24T04:00:00+00:00","dateModified":"2012-12-11T17:56:10+00:00","mainEntityOfPage":{"@id":"https:\/\/crentassos.com.br\/blog\/2011\/02\/a-mentira-sobre-a-uncao.html"},"wordCount":1787,"commentCount":0,"publisher":{"@id":"https:\/\/crentassos.com.br\/blog\/#organization"},"image":{"@id":"https:\/\/crentassos.com.br\/blog\/2011\/02\/a-mentira-sobre-a-uncao.html#primaryimage"},"thumbnailUrl":"http:\/\/oueleouela.files.wordpress.com\/2011\/02\/1236781074268_f.jpg?w=300","keywords":["Dan Queirolo Un\u00e7\u00e3o","Uncategorized"],"articleSection":["Artigos"],"inLanguage":"pt-BR","potentialAction":[{"@type":"CommentAction","name":"Comment","target":["https:\/\/crentassos.com.br\/blog\/2011\/02\/a-mentira-sobre-a-uncao.html#respond"]}]},{"@type":"WebPage","@id":"https:\/\/crentassos.com.br\/blog\/2011\/02\/a-mentira-sobre-a-uncao.html","url":"https:\/\/crentassos.com.br\/blog\/2011\/02\/a-mentira-sobre-a-uncao.html","name":"A mentira sobre a Un\u00e7\u00e3o - Crentassos Produ\u00e7\u00f5es Subversivas","isPartOf":{"@id":"https:\/\/crentassos.com.br\/blog\/#website"},"primaryImageOfPage":{"@id":"https:\/\/crentassos.com.br\/blog\/2011\/02\/a-mentira-sobre-a-uncao.html#primaryimage"},"image":{"@id":"https:\/\/crentassos.com.br\/blog\/2011\/02\/a-mentira-sobre-a-uncao.html#primaryimage"},"thumbnailUrl":"http:\/\/oueleouela.files.wordpress.com\/2011\/02\/1236781074268_f.jpg?w=300","datePublished":"2011-02-24T04:00:00+00:00","dateModified":"2012-12-11T17:56:10+00:00","breadcrumb":{"@id":"https:\/\/crentassos.com.br\/blog\/2011\/02\/a-mentira-sobre-a-uncao.html#breadcrumb"},"inLanguage":"pt-BR","potentialAction":[{"@type":"ReadAction","target":["https:\/\/crentassos.com.br\/blog\/2011\/02\/a-mentira-sobre-a-uncao.html"]}]},{"@type":"ImageObject","inLanguage":"pt-BR","@id":"https:\/\/crentassos.com.br\/blog\/2011\/02\/a-mentira-sobre-a-uncao.html#primaryimage","url":"http:\/\/oueleouela.files.wordpress.com\/2011\/02\/1236781074268_f.jpg?w=300","contentUrl":"http:\/\/oueleouela.files.wordpress.com\/2011\/02\/1236781074268_f.jpg?w=300"},{"@type":"BreadcrumbList","@id":"https:\/\/crentassos.com.br\/blog\/2011\/02\/a-mentira-sobre-a-uncao.html#breadcrumb","itemListElement":[{"@type":"ListItem","position":1,"name":"Home","item":"https:\/\/crentassos.com.br\/blog\/"},{"@type":"ListItem","position":2,"name":"A mentira sobre a Un\u00e7\u00e3o"}]},{"@type":"WebSite","@id":"https:\/\/crentassos.com.br\/blog\/#website","url":"https:\/\/crentassos.com.br\/blog\/","name":"Crentassos Produ\u00e7\u00f5es Subversivas","description":"Podcast Crist\u00e3o, Podcrent, Da Prateleira, Artigos crist\u00e3os, Teologia, Estudos, Textos B\u00edblicos","publisher":{"@id":"https:\/\/crentassos.com.br\/blog\/#organization"},"potentialAction":[{"@type":"SearchAction","target":{"@type":"EntryPoint","urlTemplate":"https:\/\/crentassos.com.br\/blog\/?s={search_term_string}"},"query-input":{"@type":"PropertyValueSpecification","valueRequired":true,"valueName":"search_term_string"}}],"inLanguage":"pt-BR"},{"@type":"Organization","@id":"https:\/\/crentassos.com.br\/blog\/#organization","name":"Crentassos Produ\u00e7\u00f5es Subversivas","url":"https:\/\/crentassos.com.br\/blog\/","logo":{"@type":"ImageObject","inLanguage":"pt-BR","@id":"https:\/\/crentassos.com.br\/blog\/#\/schema\/logo\/image\/","url":"https:\/\/crentassos.com.br\/blog\/wp-content\/uploads\/2020\/05\/cropped-crentassos1-300x300png.png","contentUrl":"https:\/\/crentassos.com.br\/blog\/wp-content\/uploads\/2020\/05\/cropped-crentassos1-300x300png.png","width":300,"height":300,"caption":"Crentassos Produ\u00e7\u00f5es Subversivas"},"image":{"@id":"https:\/\/crentassos.com.br\/blog\/#\/schema\/logo\/image\/"},"sameAs":["http:\/\/www.facebook.com\/crentassos","https:\/\/x.com\/crentassos","https:\/\/www.instagram.com\/crentassos","https:\/\/www.youtube.com\/crentassos"]},{"@type":"Person","@id":"https:\/\/crentassos.com.br\/blog\/#\/schema\/person\/c143e75f920e3ad15d83540f47db500c","name":"Crentassos","image":{"@type":"ImageObject","inLanguage":"pt-BR","@id":"https:\/\/crentassos.com.br\/blog\/#\/schema\/person\/image\/","url":"https:\/\/secure.gravatar.com\/avatar\/cb1b9c88bcd90ec2f909823639a352ece8d3a3cea59b9d08637fe057502fa227?s=96&d=retro&r=g","contentUrl":"https:\/\/secure.gravatar.com\/avatar\/cb1b9c88bcd90ec2f909823639a352ece8d3a3cea59b9d08637fe057502fa227?s=96&d=retro&r=g","caption":"Crentassos"},"description":"Perfil padr\u00e3o do blog dos Crentassos.","sameAs":["http:\/\/www.crentassos.com.br"],"url":"https:\/\/crentassos.com.br\/blog\/author\/crentassos"}]}},"_links":{"self":[{"href":"https:\/\/crentassos.com.br\/blog\/wp-json\/wp\/v2\/posts\/730","targetHints":{"allow":["GET"]}}],"collection":[{"href":"https:\/\/crentassos.com.br\/blog\/wp-json\/wp\/v2\/posts"}],"about":[{"href":"https:\/\/crentassos.com.br\/blog\/wp-json\/wp\/v2\/types\/post"}],"author":[{"embeddable":true,"href":"https:\/\/crentassos.com.br\/blog\/wp-json\/wp\/v2\/users\/1"}],"replies":[{"embeddable":true,"href":"https:\/\/crentassos.com.br\/blog\/wp-json\/wp\/v2\/comments?post=730"}],"version-history":[{"count":1,"href":"https:\/\/crentassos.com.br\/blog\/wp-json\/wp\/v2\/posts\/730\/revisions"}],"predecessor-version":[{"id":7661,"href":"https:\/\/crentassos.com.br\/blog\/wp-json\/wp\/v2\/posts\/730\/revisions\/7661"}],"wp:attachment":[{"href":"https:\/\/crentassos.com.br\/blog\/wp-json\/wp\/v2\/media?parent=730"}],"wp:term":[{"taxonomy":"category","embeddable":true,"href":"https:\/\/crentassos.com.br\/blog\/wp-json\/wp\/v2\/categories?post=730"},{"taxonomy":"post_tag","embeddable":true,"href":"https:\/\/crentassos.com.br\/blog\/wp-json\/wp\/v2\/tags?post=730"}],"curies":[{"name":"wp","href":"https:\/\/api.w.org\/{rel}","templated":true}]}}