{"id":688,"date":"2011-03-11T01:01:00","date_gmt":"2011-03-11T03:01:00","guid":{"rendered":"http:\/\/oueleouela.wordpress.com\/2011\/03\/11\/supercrentes-o-complexo-de-superioridade-do-mundo-evangelico"},"modified":"2011-03-11T01:01:00","modified_gmt":"2011-03-11T03:01:00","slug":"supercrentes-o-complexo-de-superioridade-do-mundo-evangelico","status":"publish","type":"post","link":"https:\/\/crentassos.com.br\/blog\/2011\/03\/supercrentes-o-complexo-de-superioridade-do-mundo-evangelico.html","title":{"rendered":"Supercrentes &#8211; o complexo de superioridade do mundo evang\u00e9lico"},"content":{"rendered":"<div><a href=\"http:\/\/oueleouela.files.wordpress.com\/2011\/03\/supercrente.jpg\"><img decoding=\"async\" alt=\"\" border=\"0\" src=\"http:\/\/oueleouela.files.wordpress.com\/2011\/03\/supercrente.jpg?w=300\" \/><\/a><\/div>\n<div><\/div>\n<div><\/div>\n<div><b>   O fato \u00e9 que tem gente<\/b> que se acha muito crente. E se v\u00ea superior nessa condi\u00e7\u00e3o, tanto entre outros crist\u00e3os, como entre n\u00e3o crist\u00e3os. E sinceramente eu n\u00e3o entendo muito bem essa gente. Tenho observado tr\u00eas tipos de supercrentes que muitas vezes vem sofrendo esse complexo de superioridade de uma forma ou de outra. Analisando os tr\u00eas&#8230;      <\/div>\n<div><\/div>\n<div><span class=\"Apple-style-span\" style=\"font-size:small;\"><b><br \/><\/b><\/span><\/div>\n<div><span class=\"Apple-style-span\" style=\"font-size:small;\"><b>O super ungido<\/b><\/span><\/div>\n<div><\/div>\n<div><b>   Clive Staples Lewis, escreveu um livro,<\/b> entitulado &#8220;Cartas do diabo ao seu aprendiz&#8221;. Uma fic\u00e7\u00e3o que envolve um &#8220;Diabo&#8221; experiente, ensinando seu sobrinho a ser um &#8220;bom diabo&#8221;. Numa parte do livro, o diab\u00e3o aconselha o seguinte: &#8220;Mantenha a mente da v\u00edtima presa \u00e0 vida interior. Ele pensa que sua convers\u00e3o seja algo dentro dele mesmo e portanto sua aten\u00e7\u00e3o se volta presentemente para os est\u00e1gios da propria mente &#8211; ou melhor, para aquela vers\u00e3o expurgada dos referidos est\u00e1gios que \u00e9 tudo quanto voc\u00ea lhe deve conceder que contemple. Encoraje isto. Mantenha-lhe a mente abstra\u00edda relativamente aos deveres mais avan\u00e7ados e espirituais&#8230;&#8221;<\/div>\n<div><\/div>\n<div><\/div>\n<div><b>   Sempre questionei <\/b>o termo &#8220;un\u00e7\u00e3o&#8221;. Interpreto como algo que v\u00eam de fora, de Deus, sempre pra dentro do crente. At\u00e9 a\u00ed tudo bem. Mas me parece restrito s\u00f3 a isso: receber, receber, e receber. Receber poder, inspira\u00e7\u00e3o, palavra, enfim. Me pergunto, o superungido sabe que vida crist\u00e3 \u00e9 dar tamb\u00e9m? Ali\u00e1s, nunca ouvi uma m\u00fasica que fale de un\u00e7\u00e3o usando a palavra &#8220;d\u00ea&#8221; em vez de &#8220;receba&#8221;. A Biblia n\u00e3o fala que aquele que &#8220;perde&#8221; \u00e9 aquele que verdadeiramente &#8220;ganha&#8221;? (Mt 10.39, Mc 8.35, Lc 9.24) Quem \u00e9 o ser humano, esteja ele em que condi\u00e7\u00e3o for, para achar que pode estar mais perto de Deus do que as outras pessoas, porque \u00e9 &#8220;ungido&#8221; ? Jesus fala em Mateus 17:20:  &#8220;Porque em verdade vos digo que, se tiverdes f\u00e9 como um gr\u00e3o de mostarda, direis a este monte: Passa daqui para acol\u00e1, e h\u00e1 de passar; e nada vos ser\u00e1 imposs\u00edvel.&#8221; Voc\u00ea \u00e9 superungido? Ent\u00e3o corra para o mundo e mova montanhas. Ficar na igreja o tempo inteiro cantando e falando sobre un\u00e7\u00e3o est\u00e1 longe de te fazer mudar alguma coisa nesse planeta.<\/div>\n<div><\/div>\n<div><span class=\"Apple-style-span\" style=\"color:#000066;\">(vide texto do Dan Queirolo a respeito de un\u00e7\u00e3o -&gt; http:\/\/bit.ly\/epgM7O)<\/span><\/div>\n<div><span class=\"Apple-style-span\" style=\"font-size:small;\"><b><br \/><\/b><\/span><\/div>\n<div><span class=\"Apple-style-span\" style=\"font-size:small;\"><b>O super conhecedor<\/b><\/span><\/div>\n<div><span class=\"Apple-style-span\" style=\"font-size:small;\"><b><br \/><\/b><\/span><\/div>\n<div>O cara \u00e9 doutor. Mestre. Leu algumas bibliotecas inteiras. Bacana. Mas h\u00e1 uma tend\u00eancia em quem conhece demais. Normalmente essas pessoas ficam insens\u00edveis \u00e0 exorta\u00e7\u00e3o e aversivas \u00e0 corre\u00e7\u00e3o tamb\u00e9m. Pior ainda: n\u00e3o sentem mais nenhum temor e preocupa\u00e7\u00e3o em serem corrigidas. E a\u00ed nessa liberdade, a vaidade tamb\u00e9m toma conta, e na pr\u00e1tica, acontece um comportamento tendenciosamente babeliano: a pessoa normalmente n\u00e3o consegue mais se relacionar bem com as pessoas por conhecer tanto, e se considera numa posi\u00e7\u00e3o completamente desnivelada de altura entre si e as outras pessoas que sabem menos.S\u00e3o pessoas enfadonhas e normalmente sentem dor por n\u00e3o terem muitas pessoas por perto. Em Eclesiastes 1.18 est\u00e1 escrito seguinte: &#8220;Porque na muita sabedoria h\u00e1 muito enfado; e o que aumenta em conhecimento, aumenta em dor.&#8221; E a\u00ed fica o meu questionamento. Porque que muito crente sabido, nessas condi\u00e7\u00f5es, acaba se sentindo muitas vezes superior \u00e0 muita gente.<\/div>\n<div><\/div>\n<div><span class=\"Apple-style-span\" style=\"font-size:small;\"><b>O super trabalhador<\/b><\/span><\/div>\n<div><span class=\"Apple-style-span\" style=\"font-size:small;\"><b><br \/><\/b><\/span><\/div>\n<div>O cara \u00e9 lider de trocentos minist\u00e9rios. Mas vive mau humorado, cansado, correndo e urrando que nem um c\u00e3o. Se for conversar com o cara, capaz de levar uma mordida.  Existe a\u00ed tamb\u00e9m um problema: o cara tende a pensar que as pessoas impactadas pelo seu trabalho, n\u00e3o precisam mais da sua voz e do seu contato pessoal. O pensamento desse tipo de crente \u00e9: &#8220;j\u00e1 estou fazendo todo o trabalho para as pessoas serem aben\u00e7oadas por Deus. Me deixe na minha, e de prefer\u00eancia, arranje um escritorio s\u00f3 pra mim na secretaria da igreja.&#8221; \u00c9 claro que l\u00edderes n\u00e3o precisam de gente aos seus p\u00e9s atapalhando seu trabalho. Mas pera\u00ed, tem o outro lado, do relacionar-se com aqueles que est\u00e3o ao seu lado, e isso n\u00e3o pode ser esquecido. E fazer isso de cora\u00e7\u00e3o e n\u00e3o por cerim\u00f4nia! Eis a\u00ed novamente uma tend\u00eancia a um desn\u00edvel entre aquele que trabalha com decis\u00f5es complexas, e aquele que faz um trabalho de certa forma simples. H\u00e1 um outro texto em Eclesiastes que diz: &#8220;Tamb\u00e9m eu odiei todo o meu trabalho, que realizei debaixo do sol, visto que eu havia de deix\u00e1-lo ao homem que viesse depois de mim.&#8221; Infelizmente, tenho visto esse tipo de crente, que anda se sentindo mais superior do que grato pelas pessoas que o cercam.<\/div>\n<div><b><span class=\"Apple-style-span\" style=\"font-size:small;\"><br \/><\/span><\/b><\/div>\n<div><b><span class=\"Apple-style-span\" style=\"font-size:small;\">Concluindo&#8230;<\/span><\/b><\/div>\n<div><\/div>\n<div>N\u00e3o existe supercrente. Nem por un\u00e7\u00e3o, nem por conhecimento, nem por dedica\u00e7\u00e3o. A B\u00edblia fala de cabo a rabo que todos n\u00f3s somos iguais pelo espectro da realidade do pecado, somos destituidos da gl\u00f3ria de Deus, independente de quem somos e do que fa\u00e7amos. (Sl 14.3 , Rm 3.10, Rm3.11) Voc\u00ea n\u00e3o \u00e9 pior que eu e e nem ningu\u00e9m aqui. Nem tampouco melhor.<\/div>\n","protected":false},"excerpt":{"rendered":"<p>O fato \u00e9 que tem gente que se acha muito crente. E se v\u00ea superior nessa condi\u00e7\u00e3o, tanto entre outros crist\u00e3os, como [&hellip;]<\/p>\n","protected":false},"author":1,"featured_media":0,"comment_status":"open","ping_status":"closed","sticky":false,"template":"","format":"standard","meta":{"_exactmetrics_skip_tracking":false,"_exactmetrics_sitenote_active":false,"_exactmetrics_sitenote_note":"","_exactmetrics_sitenote_category":0,"footnotes":"","_links_to":"","_links_to_target":""},"categories":[],"tags":[],"class_list":["post-688","post","type-post","status-publish","format-standard","hentry"],"yoast_head":"<!-- This site is optimized with the Yoast SEO plugin v27.1.1 - https:\/\/yoast.com\/product\/yoast-seo-wordpress\/ -->\n<title>Supercrentes - o complexo de superioridade do mundo evang\u00e9lico - Crentassos Produ\u00e7\u00f5es Subversivas<\/title>\n<meta name=\"robots\" content=\"index, follow, max-snippet:-1, max-image-preview:large, max-video-preview:-1\" \/>\n<link rel=\"canonical\" href=\"https:\/\/crentassos.com.br\/blog\/2011\/03\/supercrentes-o-complexo-de-superioridade-do-mundo-evangelico.html\" \/>\n<meta property=\"og:locale\" content=\"pt_BR\" \/>\n<meta property=\"og:type\" content=\"article\" \/>\n<meta property=\"og:title\" content=\"Supercrentes - o complexo de superioridade do mundo evang\u00e9lico - Crentassos Produ\u00e7\u00f5es Subversivas\" \/>\n<meta property=\"og:description\" content=\"O fato \u00e9 que tem gente que se acha muito crente. E se v\u00ea superior nessa condi\u00e7\u00e3o, tanto entre outros crist\u00e3os, como [&hellip;]\" \/>\n<meta property=\"og:url\" content=\"https:\/\/crentassos.com.br\/blog\/2011\/03\/supercrentes-o-complexo-de-superioridade-do-mundo-evangelico.html\" \/>\n<meta property=\"og:site_name\" content=\"Crentassos Produ\u00e7\u00f5es Subversivas\" \/>\n<meta property=\"article:publisher\" content=\"http:\/\/www.facebook.com\/crentassos\" \/>\n<meta property=\"article:published_time\" content=\"2011-03-11T03:01:00+00:00\" \/>\n<meta property=\"og:image\" content=\"http:\/\/oueleouela.files.wordpress.com\/2011\/03\/supercrente.jpg?w=300\" \/>\n<meta name=\"author\" content=\"Crentassos\" \/>\n<meta name=\"twitter:card\" content=\"summary_large_image\" \/>\n<meta name=\"twitter:creator\" content=\"@crentassos\" \/>\n<meta name=\"twitter:site\" content=\"@crentassos\" \/>\n<meta name=\"twitter:label1\" content=\"Escrito por\" \/>\n\t<meta name=\"twitter:data1\" content=\"Crentassos\" \/>\n\t<meta name=\"twitter:label2\" content=\"Est. tempo de leitura\" \/>\n\t<meta name=\"twitter:data2\" content=\"4 minutos\" \/>\n<script type=\"application\/ld+json\" class=\"yoast-schema-graph\">{\"@context\":\"https:\/\/schema.org\",\"@graph\":[{\"@type\":\"Article\",\"@id\":\"https:\/\/crentassos.com.br\/blog\/2011\/03\/supercrentes-o-complexo-de-superioridade-do-mundo-evangelico.html#article\",\"isPartOf\":{\"@id\":\"https:\/\/crentassos.com.br\/blog\/2011\/03\/supercrentes-o-complexo-de-superioridade-do-mundo-evangelico.html\"},\"author\":{\"name\":\"Crentassos\",\"@id\":\"https:\/\/crentassos.com.br\/blog\/#\/schema\/person\/c143e75f920e3ad15d83540f47db500c\"},\"headline\":\"Supercrentes &#8211; o complexo de superioridade do mundo evang\u00e9lico\",\"datePublished\":\"2011-03-11T03:01:00+00:00\",\"mainEntityOfPage\":{\"@id\":\"https:\/\/crentassos.com.br\/blog\/2011\/03\/supercrentes-o-complexo-de-superioridade-do-mundo-evangelico.html\"},\"wordCount\":859,\"commentCount\":0,\"publisher\":{\"@id\":\"https:\/\/crentassos.com.br\/blog\/#organization\"},\"image\":{\"@id\":\"https:\/\/crentassos.com.br\/blog\/2011\/03\/supercrentes-o-complexo-de-superioridade-do-mundo-evangelico.html#primaryimage\"},\"thumbnailUrl\":\"http:\/\/oueleouela.files.wordpress.com\/2011\/03\/supercrente.jpg?w=300\",\"inLanguage\":\"pt-BR\",\"potentialAction\":[{\"@type\":\"CommentAction\",\"name\":\"Comment\",\"target\":[\"https:\/\/crentassos.com.br\/blog\/2011\/03\/supercrentes-o-complexo-de-superioridade-do-mundo-evangelico.html#respond\"]}]},{\"@type\":\"WebPage\",\"@id\":\"https:\/\/crentassos.com.br\/blog\/2011\/03\/supercrentes-o-complexo-de-superioridade-do-mundo-evangelico.html\",\"url\":\"https:\/\/crentassos.com.br\/blog\/2011\/03\/supercrentes-o-complexo-de-superioridade-do-mundo-evangelico.html\",\"name\":\"Supercrentes - o complexo de superioridade do mundo evang\u00e9lico - Crentassos Produ\u00e7\u00f5es Subversivas\",\"isPartOf\":{\"@id\":\"https:\/\/crentassos.com.br\/blog\/#website\"},\"primaryImageOfPage\":{\"@id\":\"https:\/\/crentassos.com.br\/blog\/2011\/03\/supercrentes-o-complexo-de-superioridade-do-mundo-evangelico.html#primaryimage\"},\"image\":{\"@id\":\"https:\/\/crentassos.com.br\/blog\/2011\/03\/supercrentes-o-complexo-de-superioridade-do-mundo-evangelico.html#primaryimage\"},\"thumbnailUrl\":\"http:\/\/oueleouela.files.wordpress.com\/2011\/03\/supercrente.jpg?w=300\",\"datePublished\":\"2011-03-11T03:01:00+00:00\",\"breadcrumb\":{\"@id\":\"https:\/\/crentassos.com.br\/blog\/2011\/03\/supercrentes-o-complexo-de-superioridade-do-mundo-evangelico.html#breadcrumb\"},\"inLanguage\":\"pt-BR\",\"potentialAction\":[{\"@type\":\"ReadAction\",\"target\":[\"https:\/\/crentassos.com.br\/blog\/2011\/03\/supercrentes-o-complexo-de-superioridade-do-mundo-evangelico.html\"]}]},{\"@type\":\"ImageObject\",\"inLanguage\":\"pt-BR\",\"@id\":\"https:\/\/crentassos.com.br\/blog\/2011\/03\/supercrentes-o-complexo-de-superioridade-do-mundo-evangelico.html#primaryimage\",\"url\":\"http:\/\/oueleouela.files.wordpress.com\/2011\/03\/supercrente.jpg?w=300\",\"contentUrl\":\"http:\/\/oueleouela.files.wordpress.com\/2011\/03\/supercrente.jpg?w=300\"},{\"@type\":\"BreadcrumbList\",\"@id\":\"https:\/\/crentassos.com.br\/blog\/2011\/03\/supercrentes-o-complexo-de-superioridade-do-mundo-evangelico.html#breadcrumb\",\"itemListElement\":[{\"@type\":\"ListItem\",\"position\":1,\"name\":\"Home\",\"item\":\"https:\/\/crentassos.com.br\/blog\/\"},{\"@type\":\"ListItem\",\"position\":2,\"name\":\"Supercrentes &#8211; o complexo de superioridade do mundo evang\u00e9lico\"}]},{\"@type\":\"WebSite\",\"@id\":\"https:\/\/crentassos.com.br\/blog\/#website\",\"url\":\"https:\/\/crentassos.com.br\/blog\/\",\"name\":\"Crentassos Produ\u00e7\u00f5es Subversivas\",\"description\":\"Podcast Crist\u00e3o, Podcrent, Da Prateleira, Artigos crist\u00e3os, Teologia, Estudos, Textos B\u00edblicos\",\"publisher\":{\"@id\":\"https:\/\/crentassos.com.br\/blog\/#organization\"},\"potentialAction\":[{\"@type\":\"SearchAction\",\"target\":{\"@type\":\"EntryPoint\",\"urlTemplate\":\"https:\/\/crentassos.com.br\/blog\/?s={search_term_string}\"},\"query-input\":{\"@type\":\"PropertyValueSpecification\",\"valueRequired\":true,\"valueName\":\"search_term_string\"}}],\"inLanguage\":\"pt-BR\"},{\"@type\":\"Organization\",\"@id\":\"https:\/\/crentassos.com.br\/blog\/#organization\",\"name\":\"Crentassos Produ\u00e7\u00f5es Subversivas\",\"url\":\"https:\/\/crentassos.com.br\/blog\/\",\"logo\":{\"@type\":\"ImageObject\",\"inLanguage\":\"pt-BR\",\"@id\":\"https:\/\/crentassos.com.br\/blog\/#\/schema\/logo\/image\/\",\"url\":\"https:\/\/crentassos.com.br\/blog\/wp-content\/uploads\/2020\/05\/cropped-crentassos1-300x300png.png\",\"contentUrl\":\"https:\/\/crentassos.com.br\/blog\/wp-content\/uploads\/2020\/05\/cropped-crentassos1-300x300png.png\",\"width\":300,\"height\":300,\"caption\":\"Crentassos Produ\u00e7\u00f5es Subversivas\"},\"image\":{\"@id\":\"https:\/\/crentassos.com.br\/blog\/#\/schema\/logo\/image\/\"},\"sameAs\":[\"http:\/\/www.facebook.com\/crentassos\",\"https:\/\/x.com\/crentassos\",\"https:\/\/www.instagram.com\/crentassos\",\"https:\/\/www.youtube.com\/crentassos\"]},{\"@type\":\"Person\",\"@id\":\"https:\/\/crentassos.com.br\/blog\/#\/schema\/person\/c143e75f920e3ad15d83540f47db500c\",\"name\":\"Crentassos\",\"image\":{\"@type\":\"ImageObject\",\"inLanguage\":\"pt-BR\",\"@id\":\"https:\/\/crentassos.com.br\/blog\/#\/schema\/person\/image\/\",\"url\":\"https:\/\/secure.gravatar.com\/avatar\/cb1b9c88bcd90ec2f909823639a352ece8d3a3cea59b9d08637fe057502fa227?s=96&d=retro&r=g\",\"contentUrl\":\"https:\/\/secure.gravatar.com\/avatar\/cb1b9c88bcd90ec2f909823639a352ece8d3a3cea59b9d08637fe057502fa227?s=96&d=retro&r=g\",\"caption\":\"Crentassos\"},\"description\":\"Perfil padr\u00e3o do blog dos Crentassos.\",\"sameAs\":[\"http:\/\/www.crentassos.com.br\"],\"url\":\"https:\/\/crentassos.com.br\/blog\/author\/crentassos\"}]}<\/script>\n<!-- \/ Yoast SEO plugin. -->","yoast_head_json":{"title":"Supercrentes - o complexo de superioridade do mundo evang\u00e9lico - Crentassos Produ\u00e7\u00f5es Subversivas","robots":{"index":"index","follow":"follow","max-snippet":"max-snippet:-1","max-image-preview":"max-image-preview:large","max-video-preview":"max-video-preview:-1"},"canonical":"https:\/\/crentassos.com.br\/blog\/2011\/03\/supercrentes-o-complexo-de-superioridade-do-mundo-evangelico.html","og_locale":"pt_BR","og_type":"article","og_title":"Supercrentes - o complexo de superioridade do mundo evang\u00e9lico - Crentassos Produ\u00e7\u00f5es Subversivas","og_description":"O fato \u00e9 que tem gente que se acha muito crente. E se v\u00ea superior nessa condi\u00e7\u00e3o, tanto entre outros crist\u00e3os, como [&hellip;]","og_url":"https:\/\/crentassos.com.br\/blog\/2011\/03\/supercrentes-o-complexo-de-superioridade-do-mundo-evangelico.html","og_site_name":"Crentassos Produ\u00e7\u00f5es Subversivas","article_publisher":"http:\/\/www.facebook.com\/crentassos","article_published_time":"2011-03-11T03:01:00+00:00","og_image":[{"url":"http:\/\/oueleouela.files.wordpress.com\/2011\/03\/supercrente.jpg?w=300","type":"","width":"","height":""}],"author":"Crentassos","twitter_card":"summary_large_image","twitter_creator":"@crentassos","twitter_site":"@crentassos","twitter_misc":{"Escrito por":"Crentassos","Est. tempo de leitura":"4 minutos"},"schema":{"@context":"https:\/\/schema.org","@graph":[{"@type":"Article","@id":"https:\/\/crentassos.com.br\/blog\/2011\/03\/supercrentes-o-complexo-de-superioridade-do-mundo-evangelico.html#article","isPartOf":{"@id":"https:\/\/crentassos.com.br\/blog\/2011\/03\/supercrentes-o-complexo-de-superioridade-do-mundo-evangelico.html"},"author":{"name":"Crentassos","@id":"https:\/\/crentassos.com.br\/blog\/#\/schema\/person\/c143e75f920e3ad15d83540f47db500c"},"headline":"Supercrentes &#8211; o complexo de superioridade do mundo evang\u00e9lico","datePublished":"2011-03-11T03:01:00+00:00","mainEntityOfPage":{"@id":"https:\/\/crentassos.com.br\/blog\/2011\/03\/supercrentes-o-complexo-de-superioridade-do-mundo-evangelico.html"},"wordCount":859,"commentCount":0,"publisher":{"@id":"https:\/\/crentassos.com.br\/blog\/#organization"},"image":{"@id":"https:\/\/crentassos.com.br\/blog\/2011\/03\/supercrentes-o-complexo-de-superioridade-do-mundo-evangelico.html#primaryimage"},"thumbnailUrl":"http:\/\/oueleouela.files.wordpress.com\/2011\/03\/supercrente.jpg?w=300","inLanguage":"pt-BR","potentialAction":[{"@type":"CommentAction","name":"Comment","target":["https:\/\/crentassos.com.br\/blog\/2011\/03\/supercrentes-o-complexo-de-superioridade-do-mundo-evangelico.html#respond"]}]},{"@type":"WebPage","@id":"https:\/\/crentassos.com.br\/blog\/2011\/03\/supercrentes-o-complexo-de-superioridade-do-mundo-evangelico.html","url":"https:\/\/crentassos.com.br\/blog\/2011\/03\/supercrentes-o-complexo-de-superioridade-do-mundo-evangelico.html","name":"Supercrentes - o complexo de superioridade do mundo evang\u00e9lico - Crentassos Produ\u00e7\u00f5es Subversivas","isPartOf":{"@id":"https:\/\/crentassos.com.br\/blog\/#website"},"primaryImageOfPage":{"@id":"https:\/\/crentassos.com.br\/blog\/2011\/03\/supercrentes-o-complexo-de-superioridade-do-mundo-evangelico.html#primaryimage"},"image":{"@id":"https:\/\/crentassos.com.br\/blog\/2011\/03\/supercrentes-o-complexo-de-superioridade-do-mundo-evangelico.html#primaryimage"},"thumbnailUrl":"http:\/\/oueleouela.files.wordpress.com\/2011\/03\/supercrente.jpg?w=300","datePublished":"2011-03-11T03:01:00+00:00","breadcrumb":{"@id":"https:\/\/crentassos.com.br\/blog\/2011\/03\/supercrentes-o-complexo-de-superioridade-do-mundo-evangelico.html#breadcrumb"},"inLanguage":"pt-BR","potentialAction":[{"@type":"ReadAction","target":["https:\/\/crentassos.com.br\/blog\/2011\/03\/supercrentes-o-complexo-de-superioridade-do-mundo-evangelico.html"]}]},{"@type":"ImageObject","inLanguage":"pt-BR","@id":"https:\/\/crentassos.com.br\/blog\/2011\/03\/supercrentes-o-complexo-de-superioridade-do-mundo-evangelico.html#primaryimage","url":"http:\/\/oueleouela.files.wordpress.com\/2011\/03\/supercrente.jpg?w=300","contentUrl":"http:\/\/oueleouela.files.wordpress.com\/2011\/03\/supercrente.jpg?w=300"},{"@type":"BreadcrumbList","@id":"https:\/\/crentassos.com.br\/blog\/2011\/03\/supercrentes-o-complexo-de-superioridade-do-mundo-evangelico.html#breadcrumb","itemListElement":[{"@type":"ListItem","position":1,"name":"Home","item":"https:\/\/crentassos.com.br\/blog\/"},{"@type":"ListItem","position":2,"name":"Supercrentes &#8211; o complexo de superioridade do mundo evang\u00e9lico"}]},{"@type":"WebSite","@id":"https:\/\/crentassos.com.br\/blog\/#website","url":"https:\/\/crentassos.com.br\/blog\/","name":"Crentassos Produ\u00e7\u00f5es Subversivas","description":"Podcast Crist\u00e3o, Podcrent, Da Prateleira, Artigos crist\u00e3os, Teologia, Estudos, Textos B\u00edblicos","publisher":{"@id":"https:\/\/crentassos.com.br\/blog\/#organization"},"potentialAction":[{"@type":"SearchAction","target":{"@type":"EntryPoint","urlTemplate":"https:\/\/crentassos.com.br\/blog\/?s={search_term_string}"},"query-input":{"@type":"PropertyValueSpecification","valueRequired":true,"valueName":"search_term_string"}}],"inLanguage":"pt-BR"},{"@type":"Organization","@id":"https:\/\/crentassos.com.br\/blog\/#organization","name":"Crentassos Produ\u00e7\u00f5es Subversivas","url":"https:\/\/crentassos.com.br\/blog\/","logo":{"@type":"ImageObject","inLanguage":"pt-BR","@id":"https:\/\/crentassos.com.br\/blog\/#\/schema\/logo\/image\/","url":"https:\/\/crentassos.com.br\/blog\/wp-content\/uploads\/2020\/05\/cropped-crentassos1-300x300png.png","contentUrl":"https:\/\/crentassos.com.br\/blog\/wp-content\/uploads\/2020\/05\/cropped-crentassos1-300x300png.png","width":300,"height":300,"caption":"Crentassos Produ\u00e7\u00f5es Subversivas"},"image":{"@id":"https:\/\/crentassos.com.br\/blog\/#\/schema\/logo\/image\/"},"sameAs":["http:\/\/www.facebook.com\/crentassos","https:\/\/x.com\/crentassos","https:\/\/www.instagram.com\/crentassos","https:\/\/www.youtube.com\/crentassos"]},{"@type":"Person","@id":"https:\/\/crentassos.com.br\/blog\/#\/schema\/person\/c143e75f920e3ad15d83540f47db500c","name":"Crentassos","image":{"@type":"ImageObject","inLanguage":"pt-BR","@id":"https:\/\/crentassos.com.br\/blog\/#\/schema\/person\/image\/","url":"https:\/\/secure.gravatar.com\/avatar\/cb1b9c88bcd90ec2f909823639a352ece8d3a3cea59b9d08637fe057502fa227?s=96&d=retro&r=g","contentUrl":"https:\/\/secure.gravatar.com\/avatar\/cb1b9c88bcd90ec2f909823639a352ece8d3a3cea59b9d08637fe057502fa227?s=96&d=retro&r=g","caption":"Crentassos"},"description":"Perfil padr\u00e3o do blog dos Crentassos.","sameAs":["http:\/\/www.crentassos.com.br"],"url":"https:\/\/crentassos.com.br\/blog\/author\/crentassos"}]}},"_links":{"self":[{"href":"https:\/\/crentassos.com.br\/blog\/wp-json\/wp\/v2\/posts\/688","targetHints":{"allow":["GET"]}}],"collection":[{"href":"https:\/\/crentassos.com.br\/blog\/wp-json\/wp\/v2\/posts"}],"about":[{"href":"https:\/\/crentassos.com.br\/blog\/wp-json\/wp\/v2\/types\/post"}],"author":[{"embeddable":true,"href":"https:\/\/crentassos.com.br\/blog\/wp-json\/wp\/v2\/users\/1"}],"replies":[{"embeddable":true,"href":"https:\/\/crentassos.com.br\/blog\/wp-json\/wp\/v2\/comments?post=688"}],"version-history":[{"count":0,"href":"https:\/\/crentassos.com.br\/blog\/wp-json\/wp\/v2\/posts\/688\/revisions"}],"wp:attachment":[{"href":"https:\/\/crentassos.com.br\/blog\/wp-json\/wp\/v2\/media?parent=688"}],"wp:term":[{"taxonomy":"category","embeddable":true,"href":"https:\/\/crentassos.com.br\/blog\/wp-json\/wp\/v2\/categories?post=688"},{"taxonomy":"post_tag","embeddable":true,"href":"https:\/\/crentassos.com.br\/blog\/wp-json\/wp\/v2\/tags?post=688"}],"curies":[{"name":"wp","href":"https:\/\/api.w.org\/{rel}","templated":true}]}}