{"id":687,"date":"2011-03-11T13:00:00","date_gmt":"2011-03-11T15:00:00","guid":{"rendered":"http:\/\/oueleouela.wordpress.com\/2011\/03\/11\/acordando-palavras-2011"},"modified":"2011-03-11T13:00:00","modified_gmt":"2011-03-11T15:00:00","slug":"acordando-palavras-2011","status":"publish","type":"post","link":"https:\/\/crentassos.com.br\/blog\/2011\/03\/acordando-palavras-2011.html","title":{"rendered":"Acordando Palavras 2011"},"content":{"rendered":"<p><\/p>\n<div align=\"JUSTIFY\" class=\"western\" style=\"margin-bottom:0;\"><span class=\"Apple-style-span\" style=\"color:#134f5c;font-family:'Trebuchet MS',sans-serif;\">Sauda\u00e7\u00f5es amigos crentes!<\/span><\/div>\n<div align=\"JUSTIFY\" class=\"western\" style=\"margin-bottom:0;\"><span class=\"Apple-style-span\" style=\"color:#134f5c;font-family:'Trebuchet MS',sans-serif;\">Mais um projeto Mission\u00e1rio ligado a comunidades carentes no Peru, de um cara q est\u00e1 lendo o blog desde o inicio, o Thiago&#8230;\u00a0<\/span><\/div>\n<div align=\"JUSTIFY\" class=\"western\" style=\"margin-bottom:0;\"><span class=\"Apple-style-span\" style=\"color:#134f5c;font-family:'Trebuchet MS',sans-serif;\">segue o texto<\/span><\/div>\n<div align=\"JUSTIFY\" class=\"western\" style=\"margin-bottom:0;\"><span class=\"Apple-style-span\" style=\"color:#134f5c;font-family:'Trebuchet MS',sans-serif;\">O Blog dos Crentassos apoia todas as iniciativas mission\u00e1rias q se compromentam a transformar a realidade da comunidade onde est\u00e1 inserida.<\/span><\/div>\n<div align=\"JUSTIFY\" class=\"western\" style=\"margin-bottom:0;\"><span class=\"Apple-style-span\" style=\"font-family:'Trebuchet MS',sans-serif;\">Falaegalera do Crentassos!<\/span><\/div>\n<div align=\"JUSTIFY\" class=\"western\" style=\"margin-bottom:0;\"><span class=\"Apple-style-span\" style=\"font-family:'Trebuchet MS',sans-serif;\">Tudo namais santa paz? Espero que sim!<\/span><\/div>\n<div align=\"JUSTIFY\" class=\"western\" style=\"margin-bottom:0;\"><span class=\"Apple-style-span\" style=\"font-family:'Trebuchet MS',sans-serif;\">Bom, oCristiano me fez um convite para eu escrever aqui no blog e divulgaro trabalho que irei realizar, ent\u00e3o, c\u00e1 estou eu!<\/span><\/div>\n<div align=\"JUSTIFY\" class=\"western\" style=\"margin-bottom:0;\">\n<div style=\"text-align:center;\"><span class=\"Apple-style-span\" style=\"font-family:'Trebuchet MS',sans-serif;\"><a href=\"https:\/\/picasaweb.google.com\/s\/c\/bin\/slideshow.swf\">https:\/\/picasaweb.google.com\/s\/c\/bin\/slideshow.swf<\/a><\/span><\/div>\n<\/div>\n<div align=\"JUSTIFY\" class=\"western\" style=\"margin-bottom:0;\"><span class=\"Apple-style-span\" style=\"font-family:'Trebuchet MS',sans-serif;\">Um poucode mim.<\/span><\/div>\n<div align=\"JUSTIFY\" class=\"western\" style=\"margin-bottom:0;\"><span class=\"Apple-style-span\" style=\"font-family:'Trebuchet MS',sans-serif;\">Meu nome\u00e9 Tiago C\u00e9sar de Siqueira, 24 anos, mineirim de BH, mas morandoatualmente em Mogi Mirim \u2013 SP. Fa\u00e7o faculdade de Geografia naUnesp de Rio Claro&#8230; ou melhor, praticamente j\u00e1 fiz, afinal s\u00f3falta o TCC pra eu me formar. Evang\u00e9lico desde sempre, nascido ecriado assim. Mas s\u00f3 fui ter mesmo um encontro real com Cristoquando comecei a frequentar o grupo da ABU de Rio Claro. Permanecinesse grupo desde o segundo semestre de 2008 at\u00e9 o comecinho de2010.<\/span><\/div>\n<div align=\"JUSTIFY\" class=\"western\" style=\"margin-bottom:0;\"><span class=\"Apple-style-span\" style=\"font-family:'Trebuchet MS',sans-serif;\"><br \/><\/span><\/div>\n<div align=\"JUSTIFY\" class=\"western\" style=\"margin-bottom:0;\"><span class=\"Apple-style-span\" style=\"font-family:'Trebuchet MS',sans-serif;\">Desdeminha entrada na ABU, Deus trabalhou muito em mim, em todas as \u00e1reasda minha vida, me amadurecendo bastante, principalmente na \u00e1reaespiritual. Eu comecei a sentir a necessidade e vontade de cumprir aobriga\u00e7\u00e3o para qual Ele nos chama, de ser sal e luz nesse mundo.Nesse per\u00edodo que estava em Rio Claro, nosso grupo da ABU era bemforte e as atividades eram frequentes.<\/span><\/div>\n<div align=\"JUSTIFY\" class=\"western\" style=\"margin-bottom:0;\"><span class=\"Apple-style-span\" style=\"font-family:'Trebuchet MS',sans-serif;\"><br \/><\/span><\/div>\n<div align=\"JUSTIFY\" class=\"western\" style=\"margin-bottom:0;\"><span class=\"Apple-style-span\" style=\"font-family:'Trebuchet MS',sans-serif;\">Quandosa\u00ed de Rio Claro, tive algumas ideias pra desenvolver trabalhoscrist\u00e3os aqui na minha cidade, mas, como comecei a trabalhar, n\u00e3otinha tempo pra isso e todo aquele fogo da \u00e9poca de faculdade foi seesfriando&#8230;<\/span><\/div>\n<div align=\"JUSTIFY\" class=\"western\" style=\"margin-bottom:0;\"><span class=\"Apple-style-span\" style=\"font-family:'Trebuchet MS',sans-serif;\">Isso at\u00e9o dia 01\/01\/2011!!!<\/span><\/div>\n<div align=\"JUSTIFY\" class=\"western\" style=\"margin-bottom:0;\"><span class=\"Apple-style-span\" style=\"font-family:'Trebuchet MS',sans-serif;\">Foi a\u00edque eu conheci a Carol Ferigolli e me interessei ainda mais sobre oprojeto dela.<\/span><\/div>\n<div align=\"JUSTIFY\" class=\"western\" style=\"margin-bottom:0;\"><span class=\"Apple-style-span\" style=\"font-family:'Trebuchet MS',sans-serif;\"><br \/><\/span><\/div>\n<div align=\"JUSTIFY\" class=\"western\" style=\"margin-bottom:0;\"><span class=\"Apple-style-span\" style=\"font-family:'Trebuchet MS',sans-serif;\">Algunsmeses antes uma amiga minha tinha me falado sobre a Carol e umprojeto numa comunidade carente no Peru. O projeto chama-se AcordandoPalavras. Eu comecei a ajud\u00e1-la financeiramente, mas s\u00f3 fuiconhecer e conversar com ela no Ano Novo. Nesse pequeno momento quetivemos juntos pude sentir despertar em mim novamente a vontade defazer algo, de participar de algum modo da implanta\u00e7\u00e3o do Reino deDeus aqui na Terra.<\/span><\/div>\n<div align=\"JUSTIFY\" class=\"western\" style=\"margin-bottom:0;\"><span class=\"Apple-style-span\" style=\"font-family:'Trebuchet MS',sans-serif;\"><br \/><\/span><\/div>\n<div align=\"JUSTIFY\" class=\"western\" style=\"margin-bottom:0;\"><span class=\"Apple-style-span\" style=\"font-family:'Trebuchet MS',sans-serif;\">O ProjetoAcordando Palavras &#8211; PERU surgiu de um programa de voluntariado doProjeto Kushis Winaykan &#8211; um minist\u00e9rio crist\u00e3o, com o objetivo deatender crian\u00e7as e adolescentes em situa\u00e7\u00e3o de pobreza extrema(<span style=\"color:blue;\"><u><a href=\"http:\/\/kushis-winaykan.blogspot.com\/\">http:\/\/kushis-winaykan.blogspot.com\/<\/a><\/u><\/span>).A Carol, que \u00e9 tamb\u00e9m ex-abuense e psicopedagoga, est\u00e1 trabalhandovoluntariamente no projeto de forma\u00e7\u00e3o de professores,desenvolvendo um trabalho de implanta\u00e7\u00e3o e consolida\u00e7\u00e3o de umprojeto s\u00f3cio-educacional numa comunidade bem pobre chamada FuturaGeneraci\u00f3n, que fica na cidade de Hu\u00e1nuco, na serra centralperuana. \u00c9 uma regi\u00e3o muito pobre mesmo. De acordo com osindicadores da ONU, Hu\u00e1nuco \u00e9 o segundo distrito mais pobre doPeru, com um alto \u00edndice de desnutri\u00e7\u00e3o cr\u00f4nica, falta desaneamento b\u00e1sico e servi\u00e7os efetivos de sa\u00fade, al\u00e9m doanalfabetismo e p\u00e9ssimas condi\u00e7\u00f5es de habita\u00e7\u00e3o. H\u00e1 tamb\u00e9mmuitos casos de crian\u00e7as violentadas sexualmente.<\/span><\/div>\n<div align=\"JUSTIFY\" class=\"western\" style=\"margin-bottom:0;\"><span class=\"Apple-style-span\" style=\"font-family:'Trebuchet MS',sans-serif;\"><\/span><br \/><a name='more'><\/a><\/div>\n<div align=\"JUSTIFY\" class=\"western\" style=\"margin-bottom:0;\"><span class=\"Apple-style-span\" style=\"font-family:'Trebuchet MS',sans-serif;\">Depois deficar sabendo de tudo isso, senti a vontade de participar maisefetivamente desse trabalho. Foi quando tudo se encaixou, pois aCarol falou da extrema import\u00e2ncia de fazer um mapeamento dessacomunidade, para que se pudesse conhecer melhor a popula\u00e7\u00e3o dali etra\u00e7ar melhor as estrat\u00e9gias a serem tomadas. E quem melhor que umge\u00f3grafo para fazer isso?!?!<\/span><\/div>\n<div align=\"JUSTIFY\" class=\"western\" style=\"margin-bottom:0;\"><span class=\"Apple-style-span\" style=\"font-family:'Trebuchet MS',sans-serif;\"><br \/><\/span><\/div>\n<div align=\"JUSTIFY\" class=\"western\" style=\"margin-bottom:0;\"><span class=\"Apple-style-span\" style=\"font-family:'Trebuchet MS',sans-serif;\">Ent\u00e3o,dia 12\/03\/2011 estarei embarcando para o Peru, para ajudar nesseprojeto. Minha parte ser\u00e1 fazer o levantamento de dados junto \u00e0sfam\u00edlias da comunidade, a fim de fazer um mapeamento s\u00f3cio-econ\u00f4micoda popula\u00e7\u00e3o, para que o Acordando Palavras tenha uma melhor no\u00e7\u00e3oda situa\u00e7\u00e3o e assim tra\u00e7ar da melhor forma poss\u00edvel asestrat\u00e9gias de a\u00e7\u00e3o mais adequadas.<\/span><\/div>\n<div align=\"JUSTIFY\" class=\"western\" style=\"margin-bottom:0;\"><span class=\"Apple-style-span\" style=\"font-family:'Trebuchet MS',sans-serif;\"><br \/><\/span><\/div>\n<div align=\"JUSTIFY\" class=\"western\" style=\"margin-bottom:0;\"><span class=\"Apple-style-span\" style=\"font-family:'Trebuchet MS',sans-serif;\">Mas n\u00e3opara por a\u00ed! Minha ideia \u00e9 fazer bem mais! Uma vez feito essemapeamento, \u00e9 poss\u00edvel pensar projetos que permitam umdesenvolvimento econ\u00f4mico do lugar, aproveitando as potencialidadese especificidades da regi\u00e3o. Trazendo melhorias na qualidade de vidade cada morador.<\/span><\/div>\n<div align=\"JUSTIFY\" class=\"western\" style=\"margin-bottom:0;\"><span class=\"Apple-style-span\" style=\"font-family:'Trebuchet MS',sans-serif;\"><br \/><\/span><\/div>\n<div align=\"JUSTIFY\" class=\"western\" style=\"margin-bottom:0;\"><span class=\"Apple-style-span\" style=\"font-family:'Trebuchet MS',sans-serif;\">Depois defalar tudo isso, algumas pessoas se decepcionaram por n\u00e3o serexatamente um trabalho mission\u00e1rio. Mas creio que Deus capacita acada um de diferentes maneiras, dando a cada um diferentes qualidadespara que todos tenham, no seu viver cotidiano, a possibilidade decumprir o chamado de ser luz em meio \u00e0s trevas, de trazer vida ondereina a morte, de ajudar crian\u00e7as sufocadas pela pobreza.<\/span><\/div>\n<div align=\"JUSTIFY\" class=\"western\" style=\"margin-bottom:0;\"><span class=\"Apple-style-span\" style=\"font-family:'Trebuchet MS',sans-serif;\"><br \/><\/span><\/div>\n<div align=\"JUSTIFY\" class=\"western\" style=\"margin-bottom:0;\"><span class=\"Apple-style-span\" style=\"font-family:'Trebuchet MS',sans-serif;\">Crendonisso \u00e9 que estou indo para l\u00e1 de maneira volunt\u00e1ria tamb\u00e9m. Aestimativa \u00e9 que eu fique por l\u00e1 5 meses, pois \u00e9 o que o dinheiroque eu tenho me permite. At\u00e9 por isso estou divulgando essetrabalho, pois, quem se interessar, tamb\u00e9m pode ajudarfinanceiramente, sendo um mantenedor desse nosso trabalho ali, sejal\u00e1 com a quantia que for.<\/span><\/div>\n<div align=\"JUSTIFY\" class=\"western\" style=\"margin-bottom:0;\"><span class=\"Apple-style-span\" style=\"font-family:'Trebuchet MS',sans-serif;\"><br \/><\/span><\/div>\n<div align=\"JUSTIFY\" class=\"western\" style=\"margin-bottom:0;\"><span class=\"Apple-style-span\" style=\"font-family:'Trebuchet MS',sans-serif;\">Pra quemquiser ajudar financeiramente, seguem os dados:<\/span><\/div>\n<div align=\"JUSTIFY\" class=\"western\" style=\"margin-bottom:0;\"><span class=\"Apple-style-span\" style=\"font-family:'Trebuchet MS',sans-serif;\">TiagoC\u00e9sar de Siqueira<\/span><\/div>\n<div align=\"JUSTIFY\" class=\"western\" style=\"margin-bottom:0;\"><span class=\"Apple-style-span\" style=\"font-family:'Trebuchet MS',sans-serif;\">BancoIta\u00fa<\/span><\/div>\n<div align=\"JUSTIFY\" class=\"western\" style=\"margin-bottom:0;\"><span class=\"Apple-style-span\" style=\"font-family:'Trebuchet MS',sans-serif;\">Ag 7793<\/span><\/div>\n<div align=\"JUSTIFY\" class=\"western\" style=\"margin-bottom:0;\"><span class=\"Apple-style-span\" style=\"font-family:'Trebuchet MS',sans-serif;\">CC04274-3<\/span><\/div>\n<div align=\"JUSTIFY\" class=\"western\" style=\"margin-bottom:0;\"><span class=\"Apple-style-span\" style=\"font-family:'Trebuchet MS',sans-serif;\"><br \/><\/span><\/div>\n<div align=\"JUSTIFY\" class=\"western\" style=\"margin-bottom:0;\"><span class=\"Apple-style-span\" style=\"font-family:'Trebuchet MS',sans-serif;\">Mas, maisimportante que a ajuda financeira, \u00e9 uma ajuda que TODOS podem dar:ora\u00e7\u00f5es!<\/span><\/div>\n<div align=\"JUSTIFY\" class=\"western\" style=\"margin-bottom:0;\"><span class=\"Apple-style-span\" style=\"font-family:'Trebuchet MS',sans-serif;\"><br \/><\/span><\/div>\n<div align=\"JUSTIFY\" class=\"western\" style=\"margin-bottom:0;\"><span class=\"Apple-style-span\" style=\"font-family:'Trebuchet MS',sans-serif;\">Quemquiser mais informa\u00e7\u00f5es, pode acessar o blog do Acordando Palavras:<span style=\"color:blue;\"><u><a href=\"http:\/\/www.acordandopalavras.org\/\">http:\/\/www.acordandopalavras.org\/<\/a><\/u><\/span><\/span><\/div>\n<div align=\"JUSTIFY\" class=\"western\" style=\"margin-bottom:0;\"><span class=\"Apple-style-span\" style=\"font-family:'Trebuchet MS',sans-serif;\">Ou meublog pessoal: <span style=\"color:blue;\"><u><a href=\"http:\/\/outrachance.blogspot.com\/\">http:\/\/outrachance.blogspot.com\/<\/a><\/u><\/span><\/span><\/div>\n<div align=\"JUSTIFY\" class=\"western\" style=\"margin-bottom:0;\"><span class=\"Apple-style-span\" style=\"font-family:'Trebuchet MS',sans-serif;\">Pretendosempre postar textos, fotos e v\u00eddeos dessa minha \u201caventura\u201d emterras incas.<\/span><\/div>\n<div align=\"JUSTIFY\" class=\"western\" style=\"margin-bottom:0;\"><span class=\"Apple-style-span\" style=\"font-family:'Trebuchet MS',sans-serif;\"><br \/><\/span><\/div>\n<div align=\"JUSTIFY\" class=\"western\" style=\"margin-bottom:0;\"><span class=\"Apple-style-span\" style=\"font-family:'Trebuchet MS',sans-serif;\">Um grandeobrigado ao blog Crentassos e a todos que est\u00e3o participando disso.<\/span><\/div>\n<div align=\"JUSTIFY\" class=\"western\" style=\"margin-bottom:0;\"><span class=\"Apple-style-span\" style=\"font-family:'Trebuchet MS',sans-serif;\">Deusaben\u00e7oe.<\/span><\/div>\n<div align=\"JUSTIFY\" class=\"western\" style=\"margin-bottom:0;\"><span class=\"Apple-style-span\" style=\"font-family:'Trebuchet MS',sans-serif;\">;D<\/span><\/div>\n<div align=\"JUSTIFY\" class=\"western\" style=\"margin-bottom:0;\"><span class=\"Apple-style-span\" style=\"font-family:'Trebuchet MS',sans-serif;\"><br \/><\/span><\/div>\n<div align=\"JUSTIFY\" class=\"western\" style=\"margin-bottom:0;\"><span class=\"Apple-style-span\" style=\"font-family:'Trebuchet MS',sans-serif;\">Abaixosegue algumas fotos:<\/span><\/div>\n","protected":false},"excerpt":{"rendered":"<p>Sauda\u00e7\u00f5es amigos crentes! Mais um projeto Mission\u00e1rio ligado a comunidades carentes no Peru, de um cara q est\u00e1 lendo o blog desde [&hellip;]<\/p>\n","protected":false},"author":1,"featured_media":0,"comment_status":"open","ping_status":"closed","sticky":false,"template":"","format":"standard","meta":{"_exactmetrics_skip_tracking":false,"_exactmetrics_sitenote_active":false,"_exactmetrics_sitenote_note":"","_exactmetrics_sitenote_category":0,"footnotes":"","_links_to":"","_links_to_target":""},"categories":[],"tags":[155,812,934],"class_list":["post-687","post","type-post","status-publish","format-standard","hentry","tag-acordando-palavras","tag-missionarios","tag-peru"],"yoast_head":"<!-- This site is optimized with the Yoast SEO plugin v27.1.1 - https:\/\/yoast.com\/product\/yoast-seo-wordpress\/ -->\n<title>Acordando Palavras 2011 - Crentassos Produ\u00e7\u00f5es Subversivas<\/title>\n<meta name=\"robots\" content=\"index, follow, max-snippet:-1, max-image-preview:large, max-video-preview:-1\" \/>\n<link rel=\"canonical\" href=\"https:\/\/crentassos.com.br\/blog\/2011\/03\/acordando-palavras-2011.html\" \/>\n<meta property=\"og:locale\" content=\"pt_BR\" \/>\n<meta property=\"og:type\" content=\"article\" \/>\n<meta property=\"og:title\" content=\"Acordando Palavras 2011 - Crentassos Produ\u00e7\u00f5es Subversivas\" \/>\n<meta property=\"og:description\" content=\"Sauda\u00e7\u00f5es amigos crentes! Mais um projeto Mission\u00e1rio ligado a comunidades carentes no Peru, de um cara q est\u00e1 lendo o blog desde [&hellip;]\" \/>\n<meta property=\"og:url\" content=\"https:\/\/crentassos.com.br\/blog\/2011\/03\/acordando-palavras-2011.html\" \/>\n<meta property=\"og:site_name\" content=\"Crentassos Produ\u00e7\u00f5es Subversivas\" \/>\n<meta property=\"article:publisher\" content=\"http:\/\/www.facebook.com\/crentassos\" \/>\n<meta property=\"article:published_time\" content=\"2011-03-11T15:00:00+00:00\" \/>\n<meta name=\"author\" content=\"Crentassos\" \/>\n<meta name=\"twitter:card\" content=\"summary_large_image\" \/>\n<meta name=\"twitter:creator\" content=\"@crentassos\" \/>\n<meta name=\"twitter:site\" content=\"@crentassos\" \/>\n<meta name=\"twitter:label1\" content=\"Escrito por\" \/>\n\t<meta name=\"twitter:data1\" content=\"Crentassos\" \/>\n\t<meta name=\"twitter:label2\" content=\"Est. tempo de leitura\" \/>\n\t<meta name=\"twitter:data2\" content=\"4 minutos\" \/>\n<script type=\"application\/ld+json\" class=\"yoast-schema-graph\">{\"@context\":\"https:\/\/schema.org\",\"@graph\":[{\"@type\":\"Article\",\"@id\":\"https:\/\/crentassos.com.br\/blog\/2011\/03\/acordando-palavras-2011.html#article\",\"isPartOf\":{\"@id\":\"https:\/\/crentassos.com.br\/blog\/2011\/03\/acordando-palavras-2011.html\"},\"author\":{\"name\":\"Crentassos\",\"@id\":\"https:\/\/crentassos.com.br\/blog\/#\/schema\/person\/c143e75f920e3ad15d83540f47db500c\"},\"headline\":\"Acordando Palavras 2011\",\"datePublished\":\"2011-03-11T15:00:00+00:00\",\"mainEntityOfPage\":{\"@id\":\"https:\/\/crentassos.com.br\/blog\/2011\/03\/acordando-palavras-2011.html\"},\"wordCount\":872,\"commentCount\":0,\"publisher\":{\"@id\":\"https:\/\/crentassos.com.br\/blog\/#organization\"},\"keywords\":[\"acordando palavras\",\"mission\u00e1rios\",\"peru\"],\"inLanguage\":\"pt-BR\",\"potentialAction\":[{\"@type\":\"CommentAction\",\"name\":\"Comment\",\"target\":[\"https:\/\/crentassos.com.br\/blog\/2011\/03\/acordando-palavras-2011.html#respond\"]}]},{\"@type\":\"WebPage\",\"@id\":\"https:\/\/crentassos.com.br\/blog\/2011\/03\/acordando-palavras-2011.html\",\"url\":\"https:\/\/crentassos.com.br\/blog\/2011\/03\/acordando-palavras-2011.html\",\"name\":\"Acordando Palavras 2011 - Crentassos Produ\u00e7\u00f5es Subversivas\",\"isPartOf\":{\"@id\":\"https:\/\/crentassos.com.br\/blog\/#website\"},\"datePublished\":\"2011-03-11T15:00:00+00:00\",\"breadcrumb\":{\"@id\":\"https:\/\/crentassos.com.br\/blog\/2011\/03\/acordando-palavras-2011.html#breadcrumb\"},\"inLanguage\":\"pt-BR\",\"potentialAction\":[{\"@type\":\"ReadAction\",\"target\":[\"https:\/\/crentassos.com.br\/blog\/2011\/03\/acordando-palavras-2011.html\"]}]},{\"@type\":\"BreadcrumbList\",\"@id\":\"https:\/\/crentassos.com.br\/blog\/2011\/03\/acordando-palavras-2011.html#breadcrumb\",\"itemListElement\":[{\"@type\":\"ListItem\",\"position\":1,\"name\":\"Home\",\"item\":\"https:\/\/crentassos.com.br\/blog\/\"},{\"@type\":\"ListItem\",\"position\":2,\"name\":\"Acordando Palavras 2011\"}]},{\"@type\":\"WebSite\",\"@id\":\"https:\/\/crentassos.com.br\/blog\/#website\",\"url\":\"https:\/\/crentassos.com.br\/blog\/\",\"name\":\"Crentassos Produ\u00e7\u00f5es Subversivas\",\"description\":\"Podcast Crist\u00e3o, Podcrent, Da Prateleira, Artigos crist\u00e3os, Teologia, Estudos, Textos B\u00edblicos\",\"publisher\":{\"@id\":\"https:\/\/crentassos.com.br\/blog\/#organization\"},\"potentialAction\":[{\"@type\":\"SearchAction\",\"target\":{\"@type\":\"EntryPoint\",\"urlTemplate\":\"https:\/\/crentassos.com.br\/blog\/?s={search_term_string}\"},\"query-input\":{\"@type\":\"PropertyValueSpecification\",\"valueRequired\":true,\"valueName\":\"search_term_string\"}}],\"inLanguage\":\"pt-BR\"},{\"@type\":\"Organization\",\"@id\":\"https:\/\/crentassos.com.br\/blog\/#organization\",\"name\":\"Crentassos Produ\u00e7\u00f5es Subversivas\",\"url\":\"https:\/\/crentassos.com.br\/blog\/\",\"logo\":{\"@type\":\"ImageObject\",\"inLanguage\":\"pt-BR\",\"@id\":\"https:\/\/crentassos.com.br\/blog\/#\/schema\/logo\/image\/\",\"url\":\"https:\/\/crentassos.com.br\/blog\/wp-content\/uploads\/2020\/05\/cropped-crentassos1-300x300png.png\",\"contentUrl\":\"https:\/\/crentassos.com.br\/blog\/wp-content\/uploads\/2020\/05\/cropped-crentassos1-300x300png.png\",\"width\":300,\"height\":300,\"caption\":\"Crentassos Produ\u00e7\u00f5es Subversivas\"},\"image\":{\"@id\":\"https:\/\/crentassos.com.br\/blog\/#\/schema\/logo\/image\/\"},\"sameAs\":[\"http:\/\/www.facebook.com\/crentassos\",\"https:\/\/x.com\/crentassos\",\"https:\/\/www.instagram.com\/crentassos\",\"https:\/\/www.youtube.com\/crentassos\"]},{\"@type\":\"Person\",\"@id\":\"https:\/\/crentassos.com.br\/blog\/#\/schema\/person\/c143e75f920e3ad15d83540f47db500c\",\"name\":\"Crentassos\",\"image\":{\"@type\":\"ImageObject\",\"inLanguage\":\"pt-BR\",\"@id\":\"https:\/\/crentassos.com.br\/blog\/#\/schema\/person\/image\/\",\"url\":\"https:\/\/secure.gravatar.com\/avatar\/cb1b9c88bcd90ec2f909823639a352ece8d3a3cea59b9d08637fe057502fa227?s=96&d=retro&r=g\",\"contentUrl\":\"https:\/\/secure.gravatar.com\/avatar\/cb1b9c88bcd90ec2f909823639a352ece8d3a3cea59b9d08637fe057502fa227?s=96&d=retro&r=g\",\"caption\":\"Crentassos\"},\"description\":\"Perfil padr\u00e3o do blog dos Crentassos.\",\"sameAs\":[\"http:\/\/www.crentassos.com.br\"],\"url\":\"https:\/\/crentassos.com.br\/blog\/author\/crentassos\"}]}<\/script>\n<!-- \/ Yoast SEO plugin. -->","yoast_head_json":{"title":"Acordando Palavras 2011 - Crentassos Produ\u00e7\u00f5es Subversivas","robots":{"index":"index","follow":"follow","max-snippet":"max-snippet:-1","max-image-preview":"max-image-preview:large","max-video-preview":"max-video-preview:-1"},"canonical":"https:\/\/crentassos.com.br\/blog\/2011\/03\/acordando-palavras-2011.html","og_locale":"pt_BR","og_type":"article","og_title":"Acordando Palavras 2011 - Crentassos Produ\u00e7\u00f5es Subversivas","og_description":"Sauda\u00e7\u00f5es amigos crentes! Mais um projeto Mission\u00e1rio ligado a comunidades carentes no Peru, de um cara q est\u00e1 lendo o blog desde [&hellip;]","og_url":"https:\/\/crentassos.com.br\/blog\/2011\/03\/acordando-palavras-2011.html","og_site_name":"Crentassos Produ\u00e7\u00f5es Subversivas","article_publisher":"http:\/\/www.facebook.com\/crentassos","article_published_time":"2011-03-11T15:00:00+00:00","author":"Crentassos","twitter_card":"summary_large_image","twitter_creator":"@crentassos","twitter_site":"@crentassos","twitter_misc":{"Escrito por":"Crentassos","Est. tempo de leitura":"4 minutos"},"schema":{"@context":"https:\/\/schema.org","@graph":[{"@type":"Article","@id":"https:\/\/crentassos.com.br\/blog\/2011\/03\/acordando-palavras-2011.html#article","isPartOf":{"@id":"https:\/\/crentassos.com.br\/blog\/2011\/03\/acordando-palavras-2011.html"},"author":{"name":"Crentassos","@id":"https:\/\/crentassos.com.br\/blog\/#\/schema\/person\/c143e75f920e3ad15d83540f47db500c"},"headline":"Acordando Palavras 2011","datePublished":"2011-03-11T15:00:00+00:00","mainEntityOfPage":{"@id":"https:\/\/crentassos.com.br\/blog\/2011\/03\/acordando-palavras-2011.html"},"wordCount":872,"commentCount":0,"publisher":{"@id":"https:\/\/crentassos.com.br\/blog\/#organization"},"keywords":["acordando palavras","mission\u00e1rios","peru"],"inLanguage":"pt-BR","potentialAction":[{"@type":"CommentAction","name":"Comment","target":["https:\/\/crentassos.com.br\/blog\/2011\/03\/acordando-palavras-2011.html#respond"]}]},{"@type":"WebPage","@id":"https:\/\/crentassos.com.br\/blog\/2011\/03\/acordando-palavras-2011.html","url":"https:\/\/crentassos.com.br\/blog\/2011\/03\/acordando-palavras-2011.html","name":"Acordando Palavras 2011 - Crentassos Produ\u00e7\u00f5es Subversivas","isPartOf":{"@id":"https:\/\/crentassos.com.br\/blog\/#website"},"datePublished":"2011-03-11T15:00:00+00:00","breadcrumb":{"@id":"https:\/\/crentassos.com.br\/blog\/2011\/03\/acordando-palavras-2011.html#breadcrumb"},"inLanguage":"pt-BR","potentialAction":[{"@type":"ReadAction","target":["https:\/\/crentassos.com.br\/blog\/2011\/03\/acordando-palavras-2011.html"]}]},{"@type":"BreadcrumbList","@id":"https:\/\/crentassos.com.br\/blog\/2011\/03\/acordando-palavras-2011.html#breadcrumb","itemListElement":[{"@type":"ListItem","position":1,"name":"Home","item":"https:\/\/crentassos.com.br\/blog\/"},{"@type":"ListItem","position":2,"name":"Acordando Palavras 2011"}]},{"@type":"WebSite","@id":"https:\/\/crentassos.com.br\/blog\/#website","url":"https:\/\/crentassos.com.br\/blog\/","name":"Crentassos Produ\u00e7\u00f5es Subversivas","description":"Podcast Crist\u00e3o, Podcrent, Da Prateleira, Artigos crist\u00e3os, Teologia, Estudos, Textos B\u00edblicos","publisher":{"@id":"https:\/\/crentassos.com.br\/blog\/#organization"},"potentialAction":[{"@type":"SearchAction","target":{"@type":"EntryPoint","urlTemplate":"https:\/\/crentassos.com.br\/blog\/?s={search_term_string}"},"query-input":{"@type":"PropertyValueSpecification","valueRequired":true,"valueName":"search_term_string"}}],"inLanguage":"pt-BR"},{"@type":"Organization","@id":"https:\/\/crentassos.com.br\/blog\/#organization","name":"Crentassos Produ\u00e7\u00f5es Subversivas","url":"https:\/\/crentassos.com.br\/blog\/","logo":{"@type":"ImageObject","inLanguage":"pt-BR","@id":"https:\/\/crentassos.com.br\/blog\/#\/schema\/logo\/image\/","url":"https:\/\/crentassos.com.br\/blog\/wp-content\/uploads\/2020\/05\/cropped-crentassos1-300x300png.png","contentUrl":"https:\/\/crentassos.com.br\/blog\/wp-content\/uploads\/2020\/05\/cropped-crentassos1-300x300png.png","width":300,"height":300,"caption":"Crentassos Produ\u00e7\u00f5es Subversivas"},"image":{"@id":"https:\/\/crentassos.com.br\/blog\/#\/schema\/logo\/image\/"},"sameAs":["http:\/\/www.facebook.com\/crentassos","https:\/\/x.com\/crentassos","https:\/\/www.instagram.com\/crentassos","https:\/\/www.youtube.com\/crentassos"]},{"@type":"Person","@id":"https:\/\/crentassos.com.br\/blog\/#\/schema\/person\/c143e75f920e3ad15d83540f47db500c","name":"Crentassos","image":{"@type":"ImageObject","inLanguage":"pt-BR","@id":"https:\/\/crentassos.com.br\/blog\/#\/schema\/person\/image\/","url":"https:\/\/secure.gravatar.com\/avatar\/cb1b9c88bcd90ec2f909823639a352ece8d3a3cea59b9d08637fe057502fa227?s=96&d=retro&r=g","contentUrl":"https:\/\/secure.gravatar.com\/avatar\/cb1b9c88bcd90ec2f909823639a352ece8d3a3cea59b9d08637fe057502fa227?s=96&d=retro&r=g","caption":"Crentassos"},"description":"Perfil padr\u00e3o do blog dos Crentassos.","sameAs":["http:\/\/www.crentassos.com.br"],"url":"https:\/\/crentassos.com.br\/blog\/author\/crentassos"}]}},"_links":{"self":[{"href":"https:\/\/crentassos.com.br\/blog\/wp-json\/wp\/v2\/posts\/687","targetHints":{"allow":["GET"]}}],"collection":[{"href":"https:\/\/crentassos.com.br\/blog\/wp-json\/wp\/v2\/posts"}],"about":[{"href":"https:\/\/crentassos.com.br\/blog\/wp-json\/wp\/v2\/types\/post"}],"author":[{"embeddable":true,"href":"https:\/\/crentassos.com.br\/blog\/wp-json\/wp\/v2\/users\/1"}],"replies":[{"embeddable":true,"href":"https:\/\/crentassos.com.br\/blog\/wp-json\/wp\/v2\/comments?post=687"}],"version-history":[{"count":0,"href":"https:\/\/crentassos.com.br\/blog\/wp-json\/wp\/v2\/posts\/687\/revisions"}],"wp:attachment":[{"href":"https:\/\/crentassos.com.br\/blog\/wp-json\/wp\/v2\/media?parent=687"}],"wp:term":[{"taxonomy":"category","embeddable":true,"href":"https:\/\/crentassos.com.br\/blog\/wp-json\/wp\/v2\/categories?post=687"},{"taxonomy":"post_tag","embeddable":true,"href":"https:\/\/crentassos.com.br\/blog\/wp-json\/wp\/v2\/tags?post=687"}],"curies":[{"name":"wp","href":"https:\/\/api.w.org\/{rel}","templated":true}]}}