{"id":6799,"date":"2012-08-30T10:00:41","date_gmt":"2012-08-30T13:00:41","guid":{"rendered":"http:\/\/crentassos.com.br\/blog\/?p=6799"},"modified":"2012-08-30T08:56:35","modified_gmt":"2012-08-30T11:56:35","slug":"igreja-credo","status":"publish","type":"post","link":"https:\/\/crentassos.com.br\/blog\/2012\/08\/igreja-credo.html","title":{"rendered":"Igreja? Credo!"},"content":{"rendered":"<p>Infelizmente para n\u00f3s crist\u00e3os, muito tem sido distorcido sobre os conceitos que impulsionaram o cristianismo at\u00e9 aqui. Em partes por ignor\u00e2ncia, em partes pela situa\u00e7\u00e3o social e em partes pelo desejo da igreja em manter o poder.<\/p>\n<p>Em ignor\u00e2ncia no sentidos de interpretar mal as escrituras. Ou mal ou tendenciosamente. Como \u00a0por exemplo a quest\u00e3o do termo \u201cvirgem\u201d no hebraico original ter o sentido de \u201cmulher jovem\u201d. \u00c9 claro que hoje esse termo perdeu seu valor, afinal, se naquele tempo poderia ser sin\u00f4mino de virgem, hoje n\u00e3o \u00e9. Mas essa compreens\u00e3o falha dos textos tem nos levado a reinventar o Evangelho, criando assim, regras e leis nem sempre coniventes com a mensagem de Jesus.<\/p>\n<p>Nesse caso, a situa\u00e7\u00e3o social \u00e9 outro fator de distor\u00e7\u00e3o. Num continente onde se pregou por muito tempo um Cristo morto na cruz e onde pais se tornaram ausente por morte, abandono ou apenas neglig\u00eancia afetiva, emocional e fisicamente, seria natural que a figura de um Cristo homem, pendurado na cruz n\u00e3o fosse t\u00e3o popular. Mas a figura de sua m\u00e3e Maria, se tornou refer\u00eancia exatamente como as m\u00e3es latinas se tornaram para esses \u201cfilhos orf\u00e3os\u201d. Ent\u00e3o temos a prolifera\u00e7\u00e3o n\u00e3o de um cristianismo baseado em Cristo mas sim em sua m\u00e3e. Evidentemente Maria teve um papel honrado na hist\u00f3ria crist\u00e3o e isso deve ser lembrado. Por\u00e9m elev\u00e1-la ao m\u00e9rito de ser \u201cm\u00e3e de Deus\u201d \u00e9 algo exagerado e sem sentido.<\/p>\n<p>O que nos leva a quest\u00e3o da igreja. Esse conceito da m\u00e3e de Deus nasceu no ber\u00e7o de um igreja que buscava, entre outras coisas, manter o controle, o poder. Muitas id\u00e9ias distorcidas como a idolatria aos ap\u00f3stolos ou demais santos da igrejas, da pr\u00f3pria Maria, tamb\u00e9m indulg\u00eancias e a designa\u00e7\u00e3o de um Papa na igreja, s\u00e3o reflexos de uma humanidade falha que abra\u00e7ou um cristianismo puro e o transformou em um m\u00e9todos de manipula\u00e7\u00e3o. A igreja que devia ser o lugar de ref\u00fagio para os cansados e oprimidos, se tornou o lugar onde estes mais penam por conta de tantas penit\u00eancias e abusos.<\/p>\n<p>Pode parecer que meu discurso \u00e9 uma inten\u00e7\u00e3o de falar mal da igreja cat\u00f3lica. Mas n\u00e3o \u00e9. Poderia ser, se esses abusos tivessem ficado num passado onde o catolicismo oprimia mais do que salvava. Por\u00e9m as distor\u00e7\u00f5es seguiram firmes na Reforma protestante e seguem at\u00e9 hoje, n\u00e3o mais apenas numa igreja cat\u00f3lica romana, mas sim numa cat\u00f3lica evang\u00e9lica (entendendo o termo cat\u00f3lico como universal). Se por um lado cat\u00f3licos romanos adoram Maria, Anjos, Santos e um Cristo morto na cruz, os cat\u00f3licos evang\u00e9licos adoram , pastores, bandas, ap\u00f3stolos e\u00a0 tiram Cristo da cruz para mat\u00e1-lo silenciosamente em seus cora\u00e7\u00f5es.<\/p>\n<p><a href=\"http:\/\/crentassos.com.br\/blog\/?attachment_id=6800\" rel=\"attachment wp-att-6800\"><img loading=\"lazy\" decoding=\"async\" class=\"alignleft size-full wp-image-6800\" title=\"images\" src=\"http:\/\/crentassos.com.br\/blog\/wp-content\/uploads\/images.jpg\" alt=\"\" width=\"200\" height=\"252\" \/><\/a>Precisamos relfetir. Voltarmos a fazer certas ora\u00e7\u00f5es e lev\u00e1-las a s\u00e9rio. Precisamos sempre ter algo nos relembrando quem \u00e9 Jesus Cristo e porque somos crist\u00e3os. Temos que fazer do credo apost\u00f3lico nossas palavras e de nossa a\u00e7\u00f5es, respostas para os cansados e sobrecarregados. Chega de auto ajude e auto piedade. \u00c9 hora de morrer para si e viver pelo pr\u00f3ximo.<\/p>\n<p>&nbsp;<\/p>\n<p>\u201cCremos em um Deus, Pai todo-poderoso, criador do c\u00e9u e da terra, de todas as coisas vis\u00edveis e invis\u00edveis; e em um Senhor Jesus Cristo, o unig\u00eanito Filho de Deus, gerado pelo Pai antes de todos os s\u00e9culos, Luz de Luz, verdadeiro Deus de verdadeiro Deus, gerado, n\u00e3o feito, de uma s\u00f3 subst\u00e2ncia com o Pai, pelo qual todas as coisas foram feitas; o qual, por n\u00f3s homens e por nossa salva\u00e7\u00e3o, desceu dos c\u00e9us, foi feito carne do Esp\u00edrito\u00a0Santo e da virgem Maria, e tornou-se homem, e foi crucificado por n\u00f3s sob o poder de P\u00f4ncio Pilatos, e padeceu, e foi sepultado, e ressuscitou ao terceiro dia conforme as Escrituras, e subiu aos c\u00e9us, e assentou-se \u00e0 direita do Pai, e de novo h\u00e1 de vir com gl\u00f3ria para julgar os vivos e os mortos, e seu reino n\u00e3o ter\u00e1 fim; e no Esp\u00edrito Santo, Senhor e Vivificador, que procede do Pai, que com o Pai e o Filho, conjuntamente \u00e9 adorado e glorificado, que falou atrav\u00e9s dos profetas; e na Igreja una, santa e apost\u00f3lica; confessamos um s\u00f3 batismo para remiss\u00e3o dos pecados. Esperamos a ressurrei\u00e7\u00e3o dos mortos e a vida do s\u00e9culo vindouro.\u201d -Credo de Nic\u00e9ia.<\/p>\n","protected":false},"excerpt":{"rendered":"<p>Infelizmente para n\u00f3s crist\u00e3os, muito tem sido distorcido sobre os conceitos que impulsionaram o cristianismo at\u00e9 aqui. Em partes por ignor\u00e2ncia, em [&hellip;]<\/p>\n","protected":false},"author":13,"featured_media":6800,"comment_status":"open","ping_status":"open","sticky":false,"template":"","format":"standard","meta":{"_exactmetrics_skip_tracking":false,"_exactmetrics_sitenote_active":false,"_exactmetrics_sitenote_note":"","_exactmetrics_sitenote_category":0,"footnotes":"","_links_to":"","_links_to_target":""},"categories":[112],"tags":[1887,400,697,1886,1888],"class_list":{"0":"post-6799","1":"post","2":"type-post","3":"status-publish","4":"format-standard","5":"has-post-thumbnail","6":"hentry","7":"category-artigos","8":"tag-artigo-igreja","9":"tag-danni-distler","10":"tag-jesus","11":"tag-maria","12":"tag-mentiras","14":"post-with-thumbnail","15":"post-with-thumbnail-large"},"yoast_head":"<!-- This site is optimized with the Yoast SEO plugin v27.1.1 - https:\/\/yoast.com\/product\/yoast-seo-wordpress\/ -->\n<title>Igreja? Credo! - Crentassos Produ\u00e7\u00f5es Subversivas<\/title>\n<meta name=\"robots\" content=\"index, follow, max-snippet:-1, max-image-preview:large, max-video-preview:-1\" \/>\n<link rel=\"canonical\" href=\"https:\/\/crentassos.com.br\/blog\/2012\/08\/igreja-credo.html\" \/>\n<meta property=\"og:locale\" content=\"pt_BR\" \/>\n<meta property=\"og:type\" content=\"article\" \/>\n<meta property=\"og:title\" content=\"Igreja? Credo! - Crentassos Produ\u00e7\u00f5es Subversivas\" \/>\n<meta property=\"og:description\" content=\"Infelizmente para n\u00f3s crist\u00e3os, muito tem sido distorcido sobre os conceitos que impulsionaram o cristianismo at\u00e9 aqui. Em partes por ignor\u00e2ncia, em [&hellip;]\" \/>\n<meta property=\"og:url\" content=\"https:\/\/crentassos.com.br\/blog\/2012\/08\/igreja-credo.html\" \/>\n<meta property=\"og:site_name\" content=\"Crentassos Produ\u00e7\u00f5es Subversivas\" \/>\n<meta property=\"article:publisher\" content=\"http:\/\/www.facebook.com\/crentassos\" \/>\n<meta property=\"article:published_time\" content=\"2012-08-30T13:00:41+00:00\" \/>\n<meta property=\"og:image\" content=\"https:\/\/crentassos.com.br\/blog\/wp-content\/uploads\/images.jpg\" \/>\n\t<meta property=\"og:image:width\" content=\"200\" \/>\n\t<meta property=\"og:image:height\" content=\"252\" \/>\n\t<meta property=\"og:image:type\" content=\"image\/jpeg\" \/>\n<meta name=\"author\" content=\"Danni Distler\" \/>\n<meta name=\"twitter:card\" content=\"summary_large_image\" \/>\n<meta name=\"twitter:creator\" content=\"@crentassos\" \/>\n<meta name=\"twitter:site\" content=\"@crentassos\" \/>\n<meta name=\"twitter:label1\" content=\"Escrito por\" \/>\n\t<meta name=\"twitter:data1\" content=\"Danni Distler\" \/>\n\t<meta name=\"twitter:label2\" content=\"Est. tempo de leitura\" \/>\n\t<meta name=\"twitter:data2\" content=\"4 minutos\" \/>\n<script type=\"application\/ld+json\" class=\"yoast-schema-graph\">{\"@context\":\"https:\/\/schema.org\",\"@graph\":[{\"@type\":\"Article\",\"@id\":\"https:\/\/crentassos.com.br\/blog\/2012\/08\/igreja-credo.html#article\",\"isPartOf\":{\"@id\":\"https:\/\/crentassos.com.br\/blog\/2012\/08\/igreja-credo.html\"},\"author\":{\"name\":\"Danni Distler\",\"@id\":\"https:\/\/crentassos.com.br\/blog\/#\/schema\/person\/f28a0d59813bb7ad4666178ea4c2cfd5\"},\"headline\":\"Igreja? Credo!\",\"datePublished\":\"2012-08-30T13:00:41+00:00\",\"mainEntityOfPage\":{\"@id\":\"https:\/\/crentassos.com.br\/blog\/2012\/08\/igreja-credo.html\"},\"wordCount\":779,\"commentCount\":14,\"publisher\":{\"@id\":\"https:\/\/crentassos.com.br\/blog\/#organization\"},\"image\":{\"@id\":\"https:\/\/crentassos.com.br\/blog\/2012\/08\/igreja-credo.html#primaryimage\"},\"thumbnailUrl\":\"https:\/\/crentassos.com.br\/blog\/wp-content\/uploads\/images.jpg\",\"keywords\":[\"Artigo Igreja\",\"danni distler\",\"jesus\",\"Maria\",\"mentiras\"],\"articleSection\":[\"Artigos\"],\"inLanguage\":\"pt-BR\",\"potentialAction\":[{\"@type\":\"CommentAction\",\"name\":\"Comment\",\"target\":[\"https:\/\/crentassos.com.br\/blog\/2012\/08\/igreja-credo.html#respond\"]}]},{\"@type\":\"WebPage\",\"@id\":\"https:\/\/crentassos.com.br\/blog\/2012\/08\/igreja-credo.html\",\"url\":\"https:\/\/crentassos.com.br\/blog\/2012\/08\/igreja-credo.html\",\"name\":\"Igreja? Credo! - Crentassos Produ\u00e7\u00f5es Subversivas\",\"isPartOf\":{\"@id\":\"https:\/\/crentassos.com.br\/blog\/#website\"},\"primaryImageOfPage\":{\"@id\":\"https:\/\/crentassos.com.br\/blog\/2012\/08\/igreja-credo.html#primaryimage\"},\"image\":{\"@id\":\"https:\/\/crentassos.com.br\/blog\/2012\/08\/igreja-credo.html#primaryimage\"},\"thumbnailUrl\":\"https:\/\/crentassos.com.br\/blog\/wp-content\/uploads\/images.jpg\",\"datePublished\":\"2012-08-30T13:00:41+00:00\",\"breadcrumb\":{\"@id\":\"https:\/\/crentassos.com.br\/blog\/2012\/08\/igreja-credo.html#breadcrumb\"},\"inLanguage\":\"pt-BR\",\"potentialAction\":[{\"@type\":\"ReadAction\",\"target\":[\"https:\/\/crentassos.com.br\/blog\/2012\/08\/igreja-credo.html\"]}]},{\"@type\":\"ImageObject\",\"inLanguage\":\"pt-BR\",\"@id\":\"https:\/\/crentassos.com.br\/blog\/2012\/08\/igreja-credo.html#primaryimage\",\"url\":\"https:\/\/crentassos.com.br\/blog\/wp-content\/uploads\/images.jpg\",\"contentUrl\":\"https:\/\/crentassos.com.br\/blog\/wp-content\/uploads\/images.jpg\",\"width\":\"200\",\"height\":\"252\"},{\"@type\":\"BreadcrumbList\",\"@id\":\"https:\/\/crentassos.com.br\/blog\/2012\/08\/igreja-credo.html#breadcrumb\",\"itemListElement\":[{\"@type\":\"ListItem\",\"position\":1,\"name\":\"Home\",\"item\":\"https:\/\/crentassos.com.br\/blog\/\"},{\"@type\":\"ListItem\",\"position\":2,\"name\":\"Igreja? Credo!\"}]},{\"@type\":\"WebSite\",\"@id\":\"https:\/\/crentassos.com.br\/blog\/#website\",\"url\":\"https:\/\/crentassos.com.br\/blog\/\",\"name\":\"Crentassos Produ\u00e7\u00f5es Subversivas\",\"description\":\"Podcast Crist\u00e3o, Podcrent, Da Prateleira, Artigos crist\u00e3os, Teologia, Estudos, Textos B\u00edblicos\",\"publisher\":{\"@id\":\"https:\/\/crentassos.com.br\/blog\/#organization\"},\"potentialAction\":[{\"@type\":\"SearchAction\",\"target\":{\"@type\":\"EntryPoint\",\"urlTemplate\":\"https:\/\/crentassos.com.br\/blog\/?s={search_term_string}\"},\"query-input\":{\"@type\":\"PropertyValueSpecification\",\"valueRequired\":true,\"valueName\":\"search_term_string\"}}],\"inLanguage\":\"pt-BR\"},{\"@type\":\"Organization\",\"@id\":\"https:\/\/crentassos.com.br\/blog\/#organization\",\"name\":\"Crentassos Produ\u00e7\u00f5es Subversivas\",\"url\":\"https:\/\/crentassos.com.br\/blog\/\",\"logo\":{\"@type\":\"ImageObject\",\"inLanguage\":\"pt-BR\",\"@id\":\"https:\/\/crentassos.com.br\/blog\/#\/schema\/logo\/image\/\",\"url\":\"https:\/\/crentassos.com.br\/blog\/wp-content\/uploads\/2020\/05\/cropped-crentassos1-300x300png.png\",\"contentUrl\":\"https:\/\/crentassos.com.br\/blog\/wp-content\/uploads\/2020\/05\/cropped-crentassos1-300x300png.png\",\"width\":300,\"height\":300,\"caption\":\"Crentassos Produ\u00e7\u00f5es Subversivas\"},\"image\":{\"@id\":\"https:\/\/crentassos.com.br\/blog\/#\/schema\/logo\/image\/\"},\"sameAs\":[\"http:\/\/www.facebook.com\/crentassos\",\"https:\/\/x.com\/crentassos\",\"https:\/\/www.instagram.com\/crentassos\",\"https:\/\/www.youtube.com\/crentassos\"]},{\"@type\":\"Person\",\"@id\":\"https:\/\/crentassos.com.br\/blog\/#\/schema\/person\/f28a0d59813bb7ad4666178ea4c2cfd5\",\"name\":\"Danni Distler\",\"image\":{\"@type\":\"ImageObject\",\"inLanguage\":\"pt-BR\",\"@id\":\"https:\/\/crentassos.com.br\/blog\/#\/schema\/person\/image\/\",\"url\":\"https:\/\/secure.gravatar.com\/avatar\/19f0efa0a4bbbe6d2b81b25c8aa112ade91c55ac3834001f3c0ac73e280de0cf?s=96&d=retro&r=g\",\"contentUrl\":\"https:\/\/secure.gravatar.com\/avatar\/19f0efa0a4bbbe6d2b81b25c8aa112ade91c55ac3834001f3c0ac73e280de0cf?s=96&d=retro&r=g\",\"caption\":\"Danni Distler\"},\"description\":\"M\u00fasico, cantor, compositor, produtor musical, mission\u00e1rio contemporr\u00e2neo. Atua no meio musical h\u00e1 mais de 10 anos, viajando pelo Brasil e fora dele, atendendo a igrejas, eventos e fazendo shows em casa noturnas e bares.\",\"sameAs\":[\"http:\/\/www.dannidistler.com\"],\"url\":\"https:\/\/crentassos.com.br\/blog\/author\/dannidistler\"}]}<\/script>\n<!-- \/ Yoast SEO plugin. -->","yoast_head_json":{"title":"Igreja? Credo! - Crentassos Produ\u00e7\u00f5es Subversivas","robots":{"index":"index","follow":"follow","max-snippet":"max-snippet:-1","max-image-preview":"max-image-preview:large","max-video-preview":"max-video-preview:-1"},"canonical":"https:\/\/crentassos.com.br\/blog\/2012\/08\/igreja-credo.html","og_locale":"pt_BR","og_type":"article","og_title":"Igreja? Credo! - Crentassos Produ\u00e7\u00f5es Subversivas","og_description":"Infelizmente para n\u00f3s crist\u00e3os, muito tem sido distorcido sobre os conceitos que impulsionaram o cristianismo at\u00e9 aqui. Em partes por ignor\u00e2ncia, em [&hellip;]","og_url":"https:\/\/crentassos.com.br\/blog\/2012\/08\/igreja-credo.html","og_site_name":"Crentassos Produ\u00e7\u00f5es Subversivas","article_publisher":"http:\/\/www.facebook.com\/crentassos","article_published_time":"2012-08-30T13:00:41+00:00","og_image":[{"width":200,"height":252,"url":"https:\/\/crentassos.com.br\/blog\/wp-content\/uploads\/images.jpg","type":"image\/jpeg"}],"author":"Danni Distler","twitter_card":"summary_large_image","twitter_creator":"@crentassos","twitter_site":"@crentassos","twitter_misc":{"Escrito por":"Danni Distler","Est. tempo de leitura":"4 minutos"},"schema":{"@context":"https:\/\/schema.org","@graph":[{"@type":"Article","@id":"https:\/\/crentassos.com.br\/blog\/2012\/08\/igreja-credo.html#article","isPartOf":{"@id":"https:\/\/crentassos.com.br\/blog\/2012\/08\/igreja-credo.html"},"author":{"name":"Danni Distler","@id":"https:\/\/crentassos.com.br\/blog\/#\/schema\/person\/f28a0d59813bb7ad4666178ea4c2cfd5"},"headline":"Igreja? Credo!","datePublished":"2012-08-30T13:00:41+00:00","mainEntityOfPage":{"@id":"https:\/\/crentassos.com.br\/blog\/2012\/08\/igreja-credo.html"},"wordCount":779,"commentCount":14,"publisher":{"@id":"https:\/\/crentassos.com.br\/blog\/#organization"},"image":{"@id":"https:\/\/crentassos.com.br\/blog\/2012\/08\/igreja-credo.html#primaryimage"},"thumbnailUrl":"https:\/\/crentassos.com.br\/blog\/wp-content\/uploads\/images.jpg","keywords":["Artigo Igreja","danni distler","jesus","Maria","mentiras"],"articleSection":["Artigos"],"inLanguage":"pt-BR","potentialAction":[{"@type":"CommentAction","name":"Comment","target":["https:\/\/crentassos.com.br\/blog\/2012\/08\/igreja-credo.html#respond"]}]},{"@type":"WebPage","@id":"https:\/\/crentassos.com.br\/blog\/2012\/08\/igreja-credo.html","url":"https:\/\/crentassos.com.br\/blog\/2012\/08\/igreja-credo.html","name":"Igreja? Credo! - Crentassos Produ\u00e7\u00f5es Subversivas","isPartOf":{"@id":"https:\/\/crentassos.com.br\/blog\/#website"},"primaryImageOfPage":{"@id":"https:\/\/crentassos.com.br\/blog\/2012\/08\/igreja-credo.html#primaryimage"},"image":{"@id":"https:\/\/crentassos.com.br\/blog\/2012\/08\/igreja-credo.html#primaryimage"},"thumbnailUrl":"https:\/\/crentassos.com.br\/blog\/wp-content\/uploads\/images.jpg","datePublished":"2012-08-30T13:00:41+00:00","breadcrumb":{"@id":"https:\/\/crentassos.com.br\/blog\/2012\/08\/igreja-credo.html#breadcrumb"},"inLanguage":"pt-BR","potentialAction":[{"@type":"ReadAction","target":["https:\/\/crentassos.com.br\/blog\/2012\/08\/igreja-credo.html"]}]},{"@type":"ImageObject","inLanguage":"pt-BR","@id":"https:\/\/crentassos.com.br\/blog\/2012\/08\/igreja-credo.html#primaryimage","url":"https:\/\/crentassos.com.br\/blog\/wp-content\/uploads\/images.jpg","contentUrl":"https:\/\/crentassos.com.br\/blog\/wp-content\/uploads\/images.jpg","width":"200","height":"252"},{"@type":"BreadcrumbList","@id":"https:\/\/crentassos.com.br\/blog\/2012\/08\/igreja-credo.html#breadcrumb","itemListElement":[{"@type":"ListItem","position":1,"name":"Home","item":"https:\/\/crentassos.com.br\/blog\/"},{"@type":"ListItem","position":2,"name":"Igreja? Credo!"}]},{"@type":"WebSite","@id":"https:\/\/crentassos.com.br\/blog\/#website","url":"https:\/\/crentassos.com.br\/blog\/","name":"Crentassos Produ\u00e7\u00f5es Subversivas","description":"Podcast Crist\u00e3o, Podcrent, Da Prateleira, Artigos crist\u00e3os, Teologia, Estudos, Textos B\u00edblicos","publisher":{"@id":"https:\/\/crentassos.com.br\/blog\/#organization"},"potentialAction":[{"@type":"SearchAction","target":{"@type":"EntryPoint","urlTemplate":"https:\/\/crentassos.com.br\/blog\/?s={search_term_string}"},"query-input":{"@type":"PropertyValueSpecification","valueRequired":true,"valueName":"search_term_string"}}],"inLanguage":"pt-BR"},{"@type":"Organization","@id":"https:\/\/crentassos.com.br\/blog\/#organization","name":"Crentassos Produ\u00e7\u00f5es Subversivas","url":"https:\/\/crentassos.com.br\/blog\/","logo":{"@type":"ImageObject","inLanguage":"pt-BR","@id":"https:\/\/crentassos.com.br\/blog\/#\/schema\/logo\/image\/","url":"https:\/\/crentassos.com.br\/blog\/wp-content\/uploads\/2020\/05\/cropped-crentassos1-300x300png.png","contentUrl":"https:\/\/crentassos.com.br\/blog\/wp-content\/uploads\/2020\/05\/cropped-crentassos1-300x300png.png","width":300,"height":300,"caption":"Crentassos Produ\u00e7\u00f5es Subversivas"},"image":{"@id":"https:\/\/crentassos.com.br\/blog\/#\/schema\/logo\/image\/"},"sameAs":["http:\/\/www.facebook.com\/crentassos","https:\/\/x.com\/crentassos","https:\/\/www.instagram.com\/crentassos","https:\/\/www.youtube.com\/crentassos"]},{"@type":"Person","@id":"https:\/\/crentassos.com.br\/blog\/#\/schema\/person\/f28a0d59813bb7ad4666178ea4c2cfd5","name":"Danni Distler","image":{"@type":"ImageObject","inLanguage":"pt-BR","@id":"https:\/\/crentassos.com.br\/blog\/#\/schema\/person\/image\/","url":"https:\/\/secure.gravatar.com\/avatar\/19f0efa0a4bbbe6d2b81b25c8aa112ade91c55ac3834001f3c0ac73e280de0cf?s=96&d=retro&r=g","contentUrl":"https:\/\/secure.gravatar.com\/avatar\/19f0efa0a4bbbe6d2b81b25c8aa112ade91c55ac3834001f3c0ac73e280de0cf?s=96&d=retro&r=g","caption":"Danni Distler"},"description":"M\u00fasico, cantor, compositor, produtor musical, mission\u00e1rio contemporr\u00e2neo. Atua no meio musical h\u00e1 mais de 10 anos, viajando pelo Brasil e fora dele, atendendo a igrejas, eventos e fazendo shows em casa noturnas e bares.","sameAs":["http:\/\/www.dannidistler.com"],"url":"https:\/\/crentassos.com.br\/blog\/author\/dannidistler"}]}},"_links":{"self":[{"href":"https:\/\/crentassos.com.br\/blog\/wp-json\/wp\/v2\/posts\/6799","targetHints":{"allow":["GET"]}}],"collection":[{"href":"https:\/\/crentassos.com.br\/blog\/wp-json\/wp\/v2\/posts"}],"about":[{"href":"https:\/\/crentassos.com.br\/blog\/wp-json\/wp\/v2\/types\/post"}],"author":[{"embeddable":true,"href":"https:\/\/crentassos.com.br\/blog\/wp-json\/wp\/v2\/users\/13"}],"replies":[{"embeddable":true,"href":"https:\/\/crentassos.com.br\/blog\/wp-json\/wp\/v2\/comments?post=6799"}],"version-history":[{"count":3,"href":"https:\/\/crentassos.com.br\/blog\/wp-json\/wp\/v2\/posts\/6799\/revisions"}],"predecessor-version":[{"id":6802,"href":"https:\/\/crentassos.com.br\/blog\/wp-json\/wp\/v2\/posts\/6799\/revisions\/6802"}],"wp:featuredmedia":[{"embeddable":true,"href":"https:\/\/crentassos.com.br\/blog\/wp-json\/wp\/v2\/media\/6800"}],"wp:attachment":[{"href":"https:\/\/crentassos.com.br\/blog\/wp-json\/wp\/v2\/media?parent=6799"}],"wp:term":[{"taxonomy":"category","embeddable":true,"href":"https:\/\/crentassos.com.br\/blog\/wp-json\/wp\/v2\/categories?post=6799"},{"taxonomy":"post_tag","embeddable":true,"href":"https:\/\/crentassos.com.br\/blog\/wp-json\/wp\/v2\/tags?post=6799"}],"curies":[{"name":"wp","href":"https:\/\/api.w.org\/{rel}","templated":true}]}}