{"id":6796,"date":"2012-08-29T18:11:10","date_gmt":"2012-08-29T21:11:10","guid":{"rendered":"http:\/\/crentassos.com.br\/blog\/?p=6796"},"modified":"2012-08-29T18:11:10","modified_gmt":"2012-08-29T21:11:10","slug":"musicasdomundoquemeedificam-os-cegos-do-castelo-nando-reis-0060","status":"publish","type":"post","link":"https:\/\/crentassos.com.br\/blog\/2012\/08\/musicasdomundoquemeedificam-os-cegos-do-castelo-nando-reis-0060.html","title":{"rendered":"#MusicasDoMundoQueMeEdificam &#8211; Os Cegos do Castelo &#8211; Nando Reis #0060"},"content":{"rendered":"<p style=\"text-align: justify;\">Voltando com o Musicas do Mundo q me Edificam&#8230; Yeahyeah&#8230; Uma das mais antigas e tradicionais categorias do blog dos crentassos q come\u00e7ou para sacanear os legalistas mesmo, e foi, lentamente se convertendo num lugar de analisar como, de uma maneira ou de outra, como a cria\u00e7\u00e3o est\u00e1 sedenta de valores do reino, e muitas vezes acabam por focar toda a sua angustia em N outros lugares, q n\u00e3o a igreja, justamente, pq n\u00f3s crist\u00e3os, n\u00e3o estamos nos preparando para ser um aprisco, antes, buscamos ser a palmat\u00f3ria do mundo, julgando pecados, tomando o lugar de Deus&#8230;<\/p>\n<p style=\"text-align: justify;\">Hoje, trouxe pra vcs uma musiquinha muito bacana, q facilmente, na minha fecal opini\u00e3o, poderia encontrar-se na boca dos ministros de louvor da igreja contempor\u00e2nea, trata-se de OS CEGOS DO CASTELO, dos Tit\u00e3s.<\/p>\n<p style=\"text-align: justify;\">Ainda ontem, eu de bobeira vindo para o trampo, esqueci de pegar o livro q estou lendo na outra mochila, e fiquei ouvindo podcast durante o trajeto de \u00f4nibus at\u00e9 l\u00e1. N\u00e3o \u00e9 surpresa pra ningu\u00e9m q eu sou f\u00e3 do trabalho do <a href=\"https:\/\/twitter.com\/lucianopires\" target=\"_blank\">LUCIANO PIRES<\/a> do <a href=\"http:\/\/www.lucianopires.com.br\/cafebrasil\/podcast\/\" target=\"_blank\">Caf\u00e9 Brasil<\/a>, sem nenhuma sombra de duvidas o podcast com o MELHOR CONTE\u00daDO do Brasil (na minha fecal opini\u00e3o, \u00e9 claro) e quando n\u00e3o minha surpresa ao saber, q o ancora tr\u00e1s a tona, como principal assunto, nada mais e nada menos q o Mito da caverna, de Plat\u00e3o&#8230; N\u00e3o vou perder seu tempo, caro leitor, explicando novamente o mito passo a passo, mas se vc n\u00e3o o conhece, sugiro q acesse ao link do Caf\u00e9 Brasil, e ou\u00e7a -o, assine o feed e seja feliz, o caso \u00e9 q a musica q utilizarei aqui, apareceu no bg deste programa&#8230;<\/p>\n<p style=\"text-align: justify;\">Aperte o Play e continue lendo \ud83d\ude42<\/p>\n<p align=\"center\"><\/p>\n<p style=\"text-align: justify;\">Prestando um pouco mais aten\u00e7\u00e3o na letra da musica comecei a refletir e fazer paralelos entre a caverna e a institui\u00e7\u00e3o, n\u00e3o a institui\u00e7\u00e3o q \u00e9 alavanca de atitudes crist\u00e3s e torna seus membros seres com autonomia de pensamento e dispostos a pagar o pre\u00e7o, contra essa eu n\u00e3o tenho critica nenhuma, to falando daquela outra institui\u00e7\u00e3o, que trata os membros como empregados\/consumidores e o evangelho como produto, promove a aliena\u00e7\u00e3o do processo e torna cada um dos crist\u00e3os, como pe\u00e7as substitu\u00edveis de uma engrenagem sat\u00e2nica q tem como objetivo, inchar e lucrar ou inchar para lucrar. Esta ultima, \u00e9, como vc j\u00e1 deve ter intu\u00eddo, a figura da Caverna que torna os membros tapados, incapazes de olhar pra realidade e cria um \u00f3dio nestes para com os q j\u00e1 sa\u00edram de l\u00e1 e passam a ver a vida com outras cores sons e sabores, afinal, a vida real&#8230;<\/p>\n<p align=\"center\"><span style=\"color: #3366ff;\"><em>Eu n\u00e3o quero mais mentir, usar espinhos que s\u00f3 causam dor<\/em><\/span><br \/>\n<span style=\"color: #3366ff;\"> <em>Eu n\u00e3o enxergo mais o inferno que me atraiu&#8230; Dos cegos do castelo me despe\u00e7o e vou a p\u00e9 at\u00e9 encontrar um caminho, um lugar para o que eu sou&#8230;<\/em><\/span><\/p>\n<p style=\"text-align: justify;\">Chega de hipocrisia, de fingir ser oq n\u00e3o \u00e9, apenas por um titulo, um m\u00e9rito, uma cadeira reservada escrito MINISTERIO para q eu possa me sentar durante o culto&#8230; Diferenciar-me dos demais s\u00f3 causa dor, disputa, conflitos&#8230;<\/p>\n<p align=\"center\"><span style=\"color: #3366ff;\"><em>E se voc\u00ea puder me olhar&#8230; Se voc\u00ea quiser me achar&#8230; E se voc\u00ea trouxer o seu lar&#8230;<\/em><\/span><\/p>\n<p>E se, nos ajoelharmos e pedirmos apenas o obvio, pedirmos apenas o necess\u00e1rio, se pedirmos para ser necess\u00e1rios, estar no lugar certo para ajudar as pessoas certas, falar as palavras certas, nas nossas casa e entre nossos amigos e parentes, nos tornarmos uma real comunidade de f\u00e9&#8230;<\/p>\n<p align=\"center\"><span style=\"color: #3366ff;\"><em>Eu cuidarei muito bem dele&#8230; Eu cuidarei do seu jantar, do c\u00e9u e do mar e de voc\u00ea e de mim\u00a0<\/em><\/span><\/p>\n<p style=\"text-align: justify;\">Vamos nos cuidar?! Cuidar de quem est\u00e1 aqui e de quem vir\u00e1? Cuidar de quem nunca vai estar conosco?! Cuidar de quem ainda n\u00e3o conseguiu se libertar da caverna ou ainda est\u00e1 com os olhos sens\u00edveis para ver o mundo real l\u00e1 fora?! VAMOS NOS CUIDAR?!<\/p>\n<p>&nbsp;<\/p>\n<p style=\"text-align: justify;\">ps.: N\u00e3o, n\u00e3o estou dizendo q o Nando Reis escreveu isso pensando em Jesus ou algo assim&#8230; Mas q com certeza ele escreveu essa musica enquanto buscava alguma coisa, n\u00e3o sei se achou \ud83d\ude42<\/p>\n<p>&nbsp;<\/p>\n","protected":false},"excerpt":{"rendered":"<p>Voltando com o Musicas do Mundo q me Edificam&#8230; Yeahyeah&#8230; Uma das mais antigas e tradicionais categorias do blog dos crentassos q [&hellip;]<\/p>\n","protected":false},"author":9,"featured_media":6804,"comment_status":"open","ping_status":"open","sticky":false,"template":"","format":"standard","meta":{"_exactmetrics_skip_tracking":false,"_exactmetrics_sitenote_active":false,"_exactmetrics_sitenote_note":"","_exactmetrics_sitenote_category":0,"footnotes":"","_links_to":"","_links_to_target":""},"categories":[117],"tags":[1889,1891,1890,1157],"class_list":{"0":"post-6796","1":"post","2":"type-post","3":"status-publish","4":"format-standard","5":"has-post-thumbnail","6":"hentry","7":"category-musicas-boa","8":"tag-cegos-do-castelo","9":"tag-mdqme","10":"tag-nando-reis","11":"tag-titas","13":"post-with-thumbnail","14":"post-with-thumbnail-large"},"yoast_head":"<!-- This site is optimized with the Yoast SEO plugin v27.1.1 - https:\/\/yoast.com\/product\/yoast-seo-wordpress\/ -->\n<title>#MusicasDoMundoQueMeEdificam - Os Cegos do Castelo - Nando Reis #0060 - Crentassos Produ\u00e7\u00f5es Subversivas<\/title>\n<meta name=\"robots\" content=\"index, follow, max-snippet:-1, max-image-preview:large, max-video-preview:-1\" \/>\n<link rel=\"canonical\" href=\"https:\/\/crentassos.com.br\/blog\/2012\/08\/musicasdomundoquemeedificam-os-cegos-do-castelo-nando-reis-0060.html\" \/>\n<meta property=\"og:locale\" content=\"pt_BR\" \/>\n<meta property=\"og:type\" content=\"article\" \/>\n<meta property=\"og:title\" content=\"#MusicasDoMundoQueMeEdificam - Os Cegos do Castelo - Nando Reis #0060 - Crentassos Produ\u00e7\u00f5es Subversivas\" \/>\n<meta property=\"og:description\" content=\"Voltando com o Musicas do Mundo q me Edificam&#8230; Yeahyeah&#8230; Uma das mais antigas e tradicionais categorias do blog dos crentassos q [&hellip;]\" \/>\n<meta property=\"og:url\" content=\"https:\/\/crentassos.com.br\/blog\/2012\/08\/musicasdomundoquemeedificam-os-cegos-do-castelo-nando-reis-0060.html\" \/>\n<meta property=\"og:site_name\" content=\"Crentassos Produ\u00e7\u00f5es Subversivas\" \/>\n<meta property=\"article:publisher\" content=\"http:\/\/www.facebook.com\/crentassos\" \/>\n<meta property=\"article:published_time\" content=\"2012-08-29T21:11:10+00:00\" \/>\n<meta property=\"og:image\" content=\"https:\/\/crentassos.com.br\/blog\/wp-content\/uploads\/nando-reis-no-ms-canta-brasil-campo-grande-29-07-2012-5.jpg\" \/>\n\t<meta property=\"og:image:width\" content=\"350\" \/>\n\t<meta property=\"og:image:height\" content=\"250\" \/>\n\t<meta property=\"og:image:type\" content=\"image\/jpeg\" \/>\n<meta name=\"author\" content=\"Cristiano Machado\" \/>\n<meta name=\"twitter:card\" content=\"summary_large_image\" \/>\n<meta name=\"twitter:creator\" content=\"@crentassos\" \/>\n<meta name=\"twitter:site\" content=\"@crentassos\" \/>\n<meta name=\"twitter:label1\" content=\"Escrito por\" \/>\n\t<meta name=\"twitter:data1\" content=\"Cristiano Machado\" \/>\n\t<meta name=\"twitter:label2\" content=\"Est. tempo de leitura\" \/>\n\t<meta name=\"twitter:data2\" content=\"4 minutos\" \/>\n<script type=\"application\/ld+json\" class=\"yoast-schema-graph\">{\"@context\":\"https:\/\/schema.org\",\"@graph\":[{\"@type\":\"Article\",\"@id\":\"https:\/\/crentassos.com.br\/blog\/2012\/08\/musicasdomundoquemeedificam-os-cegos-do-castelo-nando-reis-0060.html#article\",\"isPartOf\":{\"@id\":\"https:\/\/crentassos.com.br\/blog\/2012\/08\/musicasdomundoquemeedificam-os-cegos-do-castelo-nando-reis-0060.html\"},\"author\":{\"name\":\"Cristiano Machado\",\"@id\":\"https:\/\/crentassos.com.br\/blog\/#\/schema\/person\/7ec3329a98c44e20ccd6cc2c9e18acbd\"},\"headline\":\"#MusicasDoMundoQueMeEdificam &#8211; Os Cegos do Castelo &#8211; Nando Reis #0060\",\"datePublished\":\"2012-08-29T21:11:10+00:00\",\"mainEntityOfPage\":{\"@id\":\"https:\/\/crentassos.com.br\/blog\/2012\/08\/musicasdomundoquemeedificam-os-cegos-do-castelo-nando-reis-0060.html\"},\"wordCount\":735,\"commentCount\":11,\"publisher\":{\"@id\":\"https:\/\/crentassos.com.br\/blog\/#organization\"},\"image\":{\"@id\":\"https:\/\/crentassos.com.br\/blog\/2012\/08\/musicasdomundoquemeedificam-os-cegos-do-castelo-nando-reis-0060.html#primaryimage\"},\"thumbnailUrl\":\"https:\/\/crentassos.com.br\/blog\/wp-content\/uploads\/nando-reis-no-ms-canta-brasil-campo-grande-29-07-2012-5.jpg\",\"keywords\":[\"cegos do castelo\",\"MDQME\",\"nando reis\",\"tit\u00e3s\"],\"articleSection\":[\"M\u00fasicas do Mundo que Me Edificam\"],\"inLanguage\":\"pt-BR\",\"potentialAction\":[{\"@type\":\"CommentAction\",\"name\":\"Comment\",\"target\":[\"https:\/\/crentassos.com.br\/blog\/2012\/08\/musicasdomundoquemeedificam-os-cegos-do-castelo-nando-reis-0060.html#respond\"]}]},{\"@type\":\"WebPage\",\"@id\":\"https:\/\/crentassos.com.br\/blog\/2012\/08\/musicasdomundoquemeedificam-os-cegos-do-castelo-nando-reis-0060.html\",\"url\":\"https:\/\/crentassos.com.br\/blog\/2012\/08\/musicasdomundoquemeedificam-os-cegos-do-castelo-nando-reis-0060.html\",\"name\":\"#MusicasDoMundoQueMeEdificam - Os Cegos do Castelo - Nando Reis #0060 - Crentassos Produ\u00e7\u00f5es Subversivas\",\"isPartOf\":{\"@id\":\"https:\/\/crentassos.com.br\/blog\/#website\"},\"primaryImageOfPage\":{\"@id\":\"https:\/\/crentassos.com.br\/blog\/2012\/08\/musicasdomundoquemeedificam-os-cegos-do-castelo-nando-reis-0060.html#primaryimage\"},\"image\":{\"@id\":\"https:\/\/crentassos.com.br\/blog\/2012\/08\/musicasdomundoquemeedificam-os-cegos-do-castelo-nando-reis-0060.html#primaryimage\"},\"thumbnailUrl\":\"https:\/\/crentassos.com.br\/blog\/wp-content\/uploads\/nando-reis-no-ms-canta-brasil-campo-grande-29-07-2012-5.jpg\",\"datePublished\":\"2012-08-29T21:11:10+00:00\",\"breadcrumb\":{\"@id\":\"https:\/\/crentassos.com.br\/blog\/2012\/08\/musicasdomundoquemeedificam-os-cegos-do-castelo-nando-reis-0060.html#breadcrumb\"},\"inLanguage\":\"pt-BR\",\"potentialAction\":[{\"@type\":\"ReadAction\",\"target\":[\"https:\/\/crentassos.com.br\/blog\/2012\/08\/musicasdomundoquemeedificam-os-cegos-do-castelo-nando-reis-0060.html\"]}]},{\"@type\":\"ImageObject\",\"inLanguage\":\"pt-BR\",\"@id\":\"https:\/\/crentassos.com.br\/blog\/2012\/08\/musicasdomundoquemeedificam-os-cegos-do-castelo-nando-reis-0060.html#primaryimage\",\"url\":\"https:\/\/crentassos.com.br\/blog\/wp-content\/uploads\/nando-reis-no-ms-canta-brasil-campo-grande-29-07-2012-5.jpg\",\"contentUrl\":\"https:\/\/crentassos.com.br\/blog\/wp-content\/uploads\/nando-reis-no-ms-canta-brasil-campo-grande-29-07-2012-5.jpg\",\"width\":\"350\",\"height\":\"250\"},{\"@type\":\"BreadcrumbList\",\"@id\":\"https:\/\/crentassos.com.br\/blog\/2012\/08\/musicasdomundoquemeedificam-os-cegos-do-castelo-nando-reis-0060.html#breadcrumb\",\"itemListElement\":[{\"@type\":\"ListItem\",\"position\":1,\"name\":\"Home\",\"item\":\"https:\/\/crentassos.com.br\/blog\/\"},{\"@type\":\"ListItem\",\"position\":2,\"name\":\"#MusicasDoMundoQueMeEdificam &#8211; Os Cegos do Castelo &#8211; Nando Reis #0060\"}]},{\"@type\":\"WebSite\",\"@id\":\"https:\/\/crentassos.com.br\/blog\/#website\",\"url\":\"https:\/\/crentassos.com.br\/blog\/\",\"name\":\"Crentassos Produ\u00e7\u00f5es Subversivas\",\"description\":\"Podcast Crist\u00e3o, Podcrent, Da Prateleira, Artigos crist\u00e3os, Teologia, Estudos, Textos B\u00edblicos\",\"publisher\":{\"@id\":\"https:\/\/crentassos.com.br\/blog\/#organization\"},\"potentialAction\":[{\"@type\":\"SearchAction\",\"target\":{\"@type\":\"EntryPoint\",\"urlTemplate\":\"https:\/\/crentassos.com.br\/blog\/?s={search_term_string}\"},\"query-input\":{\"@type\":\"PropertyValueSpecification\",\"valueRequired\":true,\"valueName\":\"search_term_string\"}}],\"inLanguage\":\"pt-BR\"},{\"@type\":\"Organization\",\"@id\":\"https:\/\/crentassos.com.br\/blog\/#organization\",\"name\":\"Crentassos Produ\u00e7\u00f5es Subversivas\",\"url\":\"https:\/\/crentassos.com.br\/blog\/\",\"logo\":{\"@type\":\"ImageObject\",\"inLanguage\":\"pt-BR\",\"@id\":\"https:\/\/crentassos.com.br\/blog\/#\/schema\/logo\/image\/\",\"url\":\"https:\/\/crentassos.com.br\/blog\/wp-content\/uploads\/2020\/05\/cropped-crentassos1-300x300png.png\",\"contentUrl\":\"https:\/\/crentassos.com.br\/blog\/wp-content\/uploads\/2020\/05\/cropped-crentassos1-300x300png.png\",\"width\":300,\"height\":300,\"caption\":\"Crentassos Produ\u00e7\u00f5es Subversivas\"},\"image\":{\"@id\":\"https:\/\/crentassos.com.br\/blog\/#\/schema\/logo\/image\/\"},\"sameAs\":[\"http:\/\/www.facebook.com\/crentassos\",\"https:\/\/x.com\/crentassos\",\"https:\/\/www.instagram.com\/crentassos\",\"https:\/\/www.youtube.com\/crentassos\"]},{\"@type\":\"Person\",\"@id\":\"https:\/\/crentassos.com.br\/blog\/#\/schema\/person\/7ec3329a98c44e20ccd6cc2c9e18acbd\",\"name\":\"Cristiano Machado\",\"image\":{\"@type\":\"ImageObject\",\"inLanguage\":\"pt-BR\",\"@id\":\"https:\/\/crentassos.com.br\/blog\/#\/schema\/person\/image\/\",\"url\":\"https:\/\/secure.gravatar.com\/avatar\/3e7427d384f99d15935b3008477c324124816869ceb70e362e586dcccdb265bf?s=96&d=retro&r=g\",\"contentUrl\":\"https:\/\/secure.gravatar.com\/avatar\/3e7427d384f99d15935b3008477c324124816869ceb70e362e586dcccdb265bf?s=96&d=retro&r=g\",\"caption\":\"Cristiano Machado\"},\"description\":\"Cristiano Machado \u00e9 o culpado pelo inicio do COLETIVO CRENTASSOS PRODU\u00c7\u00d5ES SUBVERSIVAS e atua como auxiliar de cirurgi\u00e3o barbeiro, tocando o bumbo, jogando malabares, preparando o elixir, costurando amputa\u00e7\u00f5es e demais atividades relacionadas \u00e0 sua ocupa\u00e7\u00e3o. Pensa n\u00e3o vida em forma de pergunta e nunca de resposta, e tem um profundo sentimento de gratid\u00e3o e amor por sua esposa e filha. Religi\u00e3o: Crist\u00e3o Protestante Reformando-se Estado Civil: Inteiramente apaixonado\",\"sameAs\":[\"http:\/\/crentassos.com.br\/blog\"],\"url\":\"https:\/\/crentassos.com.br\/blog\/author\/o_cristiano\"}]}<\/script>\n<!-- \/ Yoast SEO plugin. -->","yoast_head_json":{"title":"#MusicasDoMundoQueMeEdificam - Os Cegos do Castelo - Nando Reis #0060 - Crentassos Produ\u00e7\u00f5es Subversivas","robots":{"index":"index","follow":"follow","max-snippet":"max-snippet:-1","max-image-preview":"max-image-preview:large","max-video-preview":"max-video-preview:-1"},"canonical":"https:\/\/crentassos.com.br\/blog\/2012\/08\/musicasdomundoquemeedificam-os-cegos-do-castelo-nando-reis-0060.html","og_locale":"pt_BR","og_type":"article","og_title":"#MusicasDoMundoQueMeEdificam - Os Cegos do Castelo - Nando Reis #0060 - Crentassos Produ\u00e7\u00f5es Subversivas","og_description":"Voltando com o Musicas do Mundo q me Edificam&#8230; Yeahyeah&#8230; Uma das mais antigas e tradicionais categorias do blog dos crentassos q [&hellip;]","og_url":"https:\/\/crentassos.com.br\/blog\/2012\/08\/musicasdomundoquemeedificam-os-cegos-do-castelo-nando-reis-0060.html","og_site_name":"Crentassos Produ\u00e7\u00f5es Subversivas","article_publisher":"http:\/\/www.facebook.com\/crentassos","article_published_time":"2012-08-29T21:11:10+00:00","og_image":[{"width":350,"height":250,"url":"https:\/\/crentassos.com.br\/blog\/wp-content\/uploads\/nando-reis-no-ms-canta-brasil-campo-grande-29-07-2012-5.jpg","type":"image\/jpeg"}],"author":"Cristiano Machado","twitter_card":"summary_large_image","twitter_creator":"@crentassos","twitter_site":"@crentassos","twitter_misc":{"Escrito por":"Cristiano Machado","Est. tempo de leitura":"4 minutos"},"schema":{"@context":"https:\/\/schema.org","@graph":[{"@type":"Article","@id":"https:\/\/crentassos.com.br\/blog\/2012\/08\/musicasdomundoquemeedificam-os-cegos-do-castelo-nando-reis-0060.html#article","isPartOf":{"@id":"https:\/\/crentassos.com.br\/blog\/2012\/08\/musicasdomundoquemeedificam-os-cegos-do-castelo-nando-reis-0060.html"},"author":{"name":"Cristiano Machado","@id":"https:\/\/crentassos.com.br\/blog\/#\/schema\/person\/7ec3329a98c44e20ccd6cc2c9e18acbd"},"headline":"#MusicasDoMundoQueMeEdificam &#8211; Os Cegos do Castelo &#8211; Nando Reis #0060","datePublished":"2012-08-29T21:11:10+00:00","mainEntityOfPage":{"@id":"https:\/\/crentassos.com.br\/blog\/2012\/08\/musicasdomundoquemeedificam-os-cegos-do-castelo-nando-reis-0060.html"},"wordCount":735,"commentCount":11,"publisher":{"@id":"https:\/\/crentassos.com.br\/blog\/#organization"},"image":{"@id":"https:\/\/crentassos.com.br\/blog\/2012\/08\/musicasdomundoquemeedificam-os-cegos-do-castelo-nando-reis-0060.html#primaryimage"},"thumbnailUrl":"https:\/\/crentassos.com.br\/blog\/wp-content\/uploads\/nando-reis-no-ms-canta-brasil-campo-grande-29-07-2012-5.jpg","keywords":["cegos do castelo","MDQME","nando reis","tit\u00e3s"],"articleSection":["M\u00fasicas do Mundo que Me Edificam"],"inLanguage":"pt-BR","potentialAction":[{"@type":"CommentAction","name":"Comment","target":["https:\/\/crentassos.com.br\/blog\/2012\/08\/musicasdomundoquemeedificam-os-cegos-do-castelo-nando-reis-0060.html#respond"]}]},{"@type":"WebPage","@id":"https:\/\/crentassos.com.br\/blog\/2012\/08\/musicasdomundoquemeedificam-os-cegos-do-castelo-nando-reis-0060.html","url":"https:\/\/crentassos.com.br\/blog\/2012\/08\/musicasdomundoquemeedificam-os-cegos-do-castelo-nando-reis-0060.html","name":"#MusicasDoMundoQueMeEdificam - Os Cegos do Castelo - Nando Reis #0060 - Crentassos Produ\u00e7\u00f5es Subversivas","isPartOf":{"@id":"https:\/\/crentassos.com.br\/blog\/#website"},"primaryImageOfPage":{"@id":"https:\/\/crentassos.com.br\/blog\/2012\/08\/musicasdomundoquemeedificam-os-cegos-do-castelo-nando-reis-0060.html#primaryimage"},"image":{"@id":"https:\/\/crentassos.com.br\/blog\/2012\/08\/musicasdomundoquemeedificam-os-cegos-do-castelo-nando-reis-0060.html#primaryimage"},"thumbnailUrl":"https:\/\/crentassos.com.br\/blog\/wp-content\/uploads\/nando-reis-no-ms-canta-brasil-campo-grande-29-07-2012-5.jpg","datePublished":"2012-08-29T21:11:10+00:00","breadcrumb":{"@id":"https:\/\/crentassos.com.br\/blog\/2012\/08\/musicasdomundoquemeedificam-os-cegos-do-castelo-nando-reis-0060.html#breadcrumb"},"inLanguage":"pt-BR","potentialAction":[{"@type":"ReadAction","target":["https:\/\/crentassos.com.br\/blog\/2012\/08\/musicasdomundoquemeedificam-os-cegos-do-castelo-nando-reis-0060.html"]}]},{"@type":"ImageObject","inLanguage":"pt-BR","@id":"https:\/\/crentassos.com.br\/blog\/2012\/08\/musicasdomundoquemeedificam-os-cegos-do-castelo-nando-reis-0060.html#primaryimage","url":"https:\/\/crentassos.com.br\/blog\/wp-content\/uploads\/nando-reis-no-ms-canta-brasil-campo-grande-29-07-2012-5.jpg","contentUrl":"https:\/\/crentassos.com.br\/blog\/wp-content\/uploads\/nando-reis-no-ms-canta-brasil-campo-grande-29-07-2012-5.jpg","width":"350","height":"250"},{"@type":"BreadcrumbList","@id":"https:\/\/crentassos.com.br\/blog\/2012\/08\/musicasdomundoquemeedificam-os-cegos-do-castelo-nando-reis-0060.html#breadcrumb","itemListElement":[{"@type":"ListItem","position":1,"name":"Home","item":"https:\/\/crentassos.com.br\/blog\/"},{"@type":"ListItem","position":2,"name":"#MusicasDoMundoQueMeEdificam &#8211; Os Cegos do Castelo &#8211; Nando Reis #0060"}]},{"@type":"WebSite","@id":"https:\/\/crentassos.com.br\/blog\/#website","url":"https:\/\/crentassos.com.br\/blog\/","name":"Crentassos Produ\u00e7\u00f5es Subversivas","description":"Podcast Crist\u00e3o, Podcrent, Da Prateleira, Artigos crist\u00e3os, Teologia, Estudos, Textos B\u00edblicos","publisher":{"@id":"https:\/\/crentassos.com.br\/blog\/#organization"},"potentialAction":[{"@type":"SearchAction","target":{"@type":"EntryPoint","urlTemplate":"https:\/\/crentassos.com.br\/blog\/?s={search_term_string}"},"query-input":{"@type":"PropertyValueSpecification","valueRequired":true,"valueName":"search_term_string"}}],"inLanguage":"pt-BR"},{"@type":"Organization","@id":"https:\/\/crentassos.com.br\/blog\/#organization","name":"Crentassos Produ\u00e7\u00f5es Subversivas","url":"https:\/\/crentassos.com.br\/blog\/","logo":{"@type":"ImageObject","inLanguage":"pt-BR","@id":"https:\/\/crentassos.com.br\/blog\/#\/schema\/logo\/image\/","url":"https:\/\/crentassos.com.br\/blog\/wp-content\/uploads\/2020\/05\/cropped-crentassos1-300x300png.png","contentUrl":"https:\/\/crentassos.com.br\/blog\/wp-content\/uploads\/2020\/05\/cropped-crentassos1-300x300png.png","width":300,"height":300,"caption":"Crentassos Produ\u00e7\u00f5es Subversivas"},"image":{"@id":"https:\/\/crentassos.com.br\/blog\/#\/schema\/logo\/image\/"},"sameAs":["http:\/\/www.facebook.com\/crentassos","https:\/\/x.com\/crentassos","https:\/\/www.instagram.com\/crentassos","https:\/\/www.youtube.com\/crentassos"]},{"@type":"Person","@id":"https:\/\/crentassos.com.br\/blog\/#\/schema\/person\/7ec3329a98c44e20ccd6cc2c9e18acbd","name":"Cristiano Machado","image":{"@type":"ImageObject","inLanguage":"pt-BR","@id":"https:\/\/crentassos.com.br\/blog\/#\/schema\/person\/image\/","url":"https:\/\/secure.gravatar.com\/avatar\/3e7427d384f99d15935b3008477c324124816869ceb70e362e586dcccdb265bf?s=96&d=retro&r=g","contentUrl":"https:\/\/secure.gravatar.com\/avatar\/3e7427d384f99d15935b3008477c324124816869ceb70e362e586dcccdb265bf?s=96&d=retro&r=g","caption":"Cristiano Machado"},"description":"Cristiano Machado \u00e9 o culpado pelo inicio do COLETIVO CRENTASSOS PRODU\u00c7\u00d5ES SUBVERSIVAS e atua como auxiliar de cirurgi\u00e3o barbeiro, tocando o bumbo, jogando malabares, preparando o elixir, costurando amputa\u00e7\u00f5es e demais atividades relacionadas \u00e0 sua ocupa\u00e7\u00e3o. Pensa n\u00e3o vida em forma de pergunta e nunca de resposta, e tem um profundo sentimento de gratid\u00e3o e amor por sua esposa e filha. Religi\u00e3o: Crist\u00e3o Protestante Reformando-se Estado Civil: Inteiramente apaixonado","sameAs":["http:\/\/crentassos.com.br\/blog"],"url":"https:\/\/crentassos.com.br\/blog\/author\/o_cristiano"}]}},"_links":{"self":[{"href":"https:\/\/crentassos.com.br\/blog\/wp-json\/wp\/v2\/posts\/6796","targetHints":{"allow":["GET"]}}],"collection":[{"href":"https:\/\/crentassos.com.br\/blog\/wp-json\/wp\/v2\/posts"}],"about":[{"href":"https:\/\/crentassos.com.br\/blog\/wp-json\/wp\/v2\/types\/post"}],"author":[{"embeddable":true,"href":"https:\/\/crentassos.com.br\/blog\/wp-json\/wp\/v2\/users\/9"}],"replies":[{"embeddable":true,"href":"https:\/\/crentassos.com.br\/blog\/wp-json\/wp\/v2\/comments?post=6796"}],"version-history":[{"count":5,"href":"https:\/\/crentassos.com.br\/blog\/wp-json\/wp\/v2\/posts\/6796\/revisions"}],"predecessor-version":[{"id":6807,"href":"https:\/\/crentassos.com.br\/blog\/wp-json\/wp\/v2\/posts\/6796\/revisions\/6807"}],"wp:featuredmedia":[{"embeddable":true,"href":"https:\/\/crentassos.com.br\/blog\/wp-json\/wp\/v2\/media\/6804"}],"wp:attachment":[{"href":"https:\/\/crentassos.com.br\/blog\/wp-json\/wp\/v2\/media?parent=6796"}],"wp:term":[{"taxonomy":"category","embeddable":true,"href":"https:\/\/crentassos.com.br\/blog\/wp-json\/wp\/v2\/categories?post=6796"},{"taxonomy":"post_tag","embeddable":true,"href":"https:\/\/crentassos.com.br\/blog\/wp-json\/wp\/v2\/tags?post=6796"}],"curies":[{"name":"wp","href":"https:\/\/api.w.org\/{rel}","templated":true}]}}