{"id":6237,"date":"2012-05-18T16:33:32","date_gmt":"2012-05-18T19:33:32","guid":{"rendered":"http:\/\/crentassos.com.br\/blog\/?p=6237"},"modified":"2012-05-22T14:01:38","modified_gmt":"2012-05-22T17:01:38","slug":"scholequee-introducao-ao-livro-de-reis-um-povo-duas-nacoes-011","status":"publish","type":"post","link":"https:\/\/crentassos.com.br\/blog\/2012\/05\/scholequee-introducao-ao-livro-de-reis-um-povo-duas-nacoes-011.html","title":{"rendered":"#ScholeQue\u00c9 \u2013 Introdu\u00e7\u00e3o ao livro de Reis \u2013 Um povo, duas na\u00e7\u00f5es #011"},"content":{"rendered":"<p><a href=\"http:\/\/crentassos.com.br\/blog\/2012\/05\/scholequee-introducao-ao-livro-de-reis-um-povo-duas-nacoes-011.html\/011-11\" rel=\"attachment wp-att-6238\"><img loading=\"lazy\" decoding=\"async\" class=\"aligncenter size-large wp-image-6238\" title=\"011.11\" src=\"http:\/\/crentassos.com.br\/blog\/wp-content\/uploads\/011.11-620x211.jpg\" alt=\"\" width=\"620\" height=\"211\" srcset=\"https:\/\/crentassos.com.br\/blog\/wp-content\/uploads\/011.11-620x211.jpg 620w, https:\/\/crentassos.com.br\/blog\/wp-content\/uploads\/011.11-300x102.jpg 300w, https:\/\/crentassos.com.br\/blog\/wp-content\/uploads\/011.11.jpg 1841w\" sizes=\"auto, (max-width: 620px) 100vw, 620px\" \/><\/a><\/p>\n<p>Na B\u00edblia hebraica, tal qual os livros de I e II Samuel, os livros de Reis formam um \u00fanico volume e se encontram na se\u00e7\u00e3o chamada &#8220;Profetas Menores&#8221; junto com Josu\u00e9, Ju\u00edzes e Samuel.<\/p>\n<p>&nbsp;<\/p>\n<p>O livro de Reis focaliza as b\u00ean\u00e7\u00e3os e maldi\u00e7\u00f5es da alian\u00e7a com Jav\u00e9 registrando os fatos desde a morte de Davi, o trono herdado por Salom\u00e3o at\u00e9 o esfacelamento dos reinos do Norte e do Sul, isto \u00e9, Israel e Jud\u00e1 respectivamente.<\/p>\n<p>[tabs style=&#8221;default&#8221; title=&#8221;&#8221;] [tab title=&#8221;Introdu\u00e7\u00e3o&#8221;]<\/p>\n<p>A divis\u00e3o entre os livros de Samuel e Reis n\u00e3o \u00e9 clara e a divis\u00e3o ocorreu na tradu\u00e7\u00e3o do Antigo Testamento em grego (Septuaginta) para que os registros n\u00e3o ficassem t\u00e3o grandes.<\/p>\n<p>&nbsp;<\/p>\n<p>Em Reis fica evidente a apostasia do povo hebreu com o consequente julgamento de Jav\u00e9.<\/p>\n<p>&nbsp;<\/p>\n<p>O livro dos Reis registra a hist\u00f3ria pol\u00edtica de Israel no per\u00edodo da monarquia unida (que come\u00e7a em torno de 970 a.C.), atravessa a deporta\u00e7\u00e3o do Reino do Norte, Israel, pela Ass\u00edria em 722 a.C., at\u00e9 o ex\u00edlio para a Babil\u00f4nia em 586 a.C.<\/p>\n<p>&nbsp;<\/p>\n<p>Na hist\u00f3ria do reino dividido o Reino do Norte, Israel, era politicamente mais inst\u00e1vel que o Reino do Sul, Jud\u00e1. Alguns fatores comprovam isso:<\/p>\n<p>&nbsp;<\/p>\n<ul>\n<li>Dura\u00e7\u00e3o mais curta que o Reino do Sul, apenas 209 anos.<\/li>\n<li>A viol\u00eancia sempre precedeu a sucess\u00e3o real.<\/li>\n<li>Todos os dezenove reis s\u00e3o considerados maus pelo autor de Reis, pois s\u00e3o acusados de prestarem culto ao bezerro de ouro de Jerobo\u00e3o.<\/li>\n<li>A dura\u00e7\u00e3o m\u00e9dia de um reinado era de 10 anos<\/li>\n<li>Nove fam\u00edlias diferentes reivindicaram o trono de Israel<\/li>\n<\/ul>\n<p>&nbsp;<\/p>\n<p>O Reino do Sul, Jud\u00e1, ainda sobreviveu por mais um s\u00e9culo e meio, chegando a 345 anos de exist\u00eancia, e abaixo est\u00e3o relacionadas suas principais caracter\u00edsticas:<\/p>\n<p>&nbsp;<\/p>\n<ul>\n<li>A m\u00e9dia de dura\u00e7\u00e3o do governo de um rei foi de dezessete anos.<\/li>\n<li>A fam\u00edlia de Davi foi a \u00fanica a reivindicar o trono de Jerusal\u00e9m, gerando estabilidade pol\u00edtica.<\/li>\n<li>O reinado da rainha Atalia (2 Reis 11) foi a \u00fanica interrup\u00e7\u00e3o da sucess\u00e3o dav\u00eddica no trono de Jud\u00e1.<\/li>\n<li>Dos dezenove reis de Jud\u00e1, oito s\u00e3o classificados como bons pelo autor de Reis.<\/li>\n<\/ul>\n<p>&nbsp;<\/p>\n<p>Dois fatos hist\u00f3ricos importantes est\u00e3o registrados no livro dos Reis:<\/p>\n<p>&nbsp;<\/p>\n<ul>\n<li>Nomea\u00e7\u00e3o por Nabucodonosor de Gedalias para o governo de Jud\u00e1 (596 a.C.), e seu assassinato (582 a.C.) &#8211; 2 Rs. 25:22-26<\/li>\n<li>Liberta\u00e7\u00e3o do rei Joaquim da Babil\u00f4nia ap\u00f3s a morte de Nabucodonosor (562 a.C. ou 561 a.C.) &#8211; 2 Rs. 25:27-30<\/li>\n<\/ul>\n<p>&nbsp;<\/p>\n<p>Em rela\u00e7\u00e3o \u00e0 autoria do livro dos Reis, a tradi\u00e7\u00e3o hebraica atribui ao profeta Jeremias devido \u00e0s semelhan\u00e7as entre os relatos de 2 Reis 24 e 25 e Jeremias 52. Al\u00e9m disso, o livro de Reis d\u00e1 bastante destaque ao papel dos profetas no Antigo Testamento, contudo, analisando-se o prop\u00f3sito, contexto e conte\u00fado teol\u00f3gico n\u00e3o h\u00e1 evid\u00eancia suficiente para comprovar esta tese.<\/p>\n<p>&nbsp;<\/p>\n<p>Para a produ\u00e7\u00e3o da <em>hist\u00f3ria da alian\u00e7a<\/em> no livro dos Reis, o autor utilizou ao menos 3 fontes prim\u00e1rias que est\u00e3o citadas por todo o livro:<\/p>\n<p>&nbsp;<\/p>\n<ul>\n<li>Registros hist\u00f3ricos de Salom\u00e3o (1 Rs. 11:41)<\/li>\n<li>Registros hist\u00f3ricos dos reis de Israel (1 Rs. 14:19)<\/li>\n<li>Registros hist\u00f3ricos dos reis de Jud\u00e1 (1 Rs. 15:23)<\/li>\n<\/ul>\n<p>&nbsp;<\/p>\n<p>Estes documentos provavelmente fazem parte do acervo produzido pelos escribas reais conforme descritos em 2 Sm. 8:16; 20:24-25.<\/p>\n<p>&nbsp;<\/p>\n<p>Alguns eruditos ainda acreditam que haja outras fontes para a compila\u00e7\u00e3o do livro dos Reis, tais como:<\/p>\n<p>&nbsp;<\/p>\n<ul>\n<li>As hist\u00f3rias da sucess\u00e3o de Davi (2 Sm. 9 a 20)<\/li>\n<li>A dinastia de Acabe (1 Rs. 16 a 2 Rs. 2)<\/li>\n<li>O desenvolvimento prof\u00e9tico na era Elias-Eliseu (1 Rs. 17 &#8211; 19:21 e 2 Rs. 1 a 13)<\/li>\n<li>O profeta Isa\u00edas (Isa\u00edas 36 a 39 \u00e9 praticamente id\u00eantico a 2 Rs. 18:13 a 20:19)<\/li>\n<li>Os profetas considerados &#8220;n\u00e3o liter\u00e1rios&#8221; (Ex: A\u00edas 1 Rs. 11:29-33; 14:1-16 e Mica\u00edas 1 Rs. 22:13-28)<\/li>\n<\/ul>\n<p>&nbsp;<\/p>\n<p>Dadas as evid\u00eancias hist\u00f3rico-sociais n\u00e3o \u00e9 errado supor que o livro de Reis tenha sido produzido por volta de 550 a.C. N\u00e3o \u00e9 poss\u00edvel ter certeza de que o autor tenha sido algum profeta, mas podemos aferir que ele tinha um amplo conhecimento sobre o teor da alian\u00e7a entre Jav\u00e9 e Israel, e suas consequ\u00eancias na hist\u00f3ria.<\/p>\n<p>[\/tab][tab title=&#8221;Estrutura&#8221;]<\/p>\n<p><strong>Estrutura de Reis<\/strong><\/p>\n<p><strong>\u00a0<\/strong><\/p>\n<p>O livro de Reis est\u00e1 organizado da seguinte maneira:<\/p>\n<p>&nbsp;<\/p>\n<ul>\n<li>Rei Salom\u00e3o (1 Reis 1 &#8211; 11)<\/li>\n<li>Rei Robo\u00e3o (1 Reis 12:1-22)<\/li>\n<li>Reis de Israel e Jud\u00e1 de 931 a.C. a 853 a.C. (1 Reis 12:22 &#8211; 16:34)\n<ul>\n<li>Jerobo\u00e3o I, Robo\u00e3o, Abias, Asa, Nadabe, Baasa, El\u00e1, Zinri, Onri, Acabe<\/li>\n<\/ul>\n<\/li>\n<li>Elias e Eliseu (1 Reis 17:1 &#8211; 2 Reis 8:15)\n<ul>\n<li>Rei Josaf\u00e1, rei Acazias, rei Jor\u00e3o<\/li>\n<\/ul>\n<\/li>\n<li>Reis de Israel e Jud\u00e1 de 852 a.C. a 722 a.C. (2 Reis 8:16 &#8211; 2 Reis 17:41)\n<ul>\n<li>Jeor\u00e3o, Acazias, Je\u00fa, Atalia e Jo\u00e1s, Jeoacaz, Jeo\u00e1s, Amazias, Jerobo\u00e3o II, Azarias, Zacarias, Salum, Mena\u00e9m, Peca\u00edas, Pecal, Jot\u00e3o, Acaz, Os\u00e9ias<\/li>\n<\/ul>\n<\/li>\n<li>Queda de Samaria (Israel) &#8211; 2 Reis 17:4-41<\/li>\n<li>Reino de Jud\u00e1 de 729 a.C. a 586 a.C. (2 Reis 18:1 &#8211; 24:17)\n<ul>\n<li>Ezequias (Ass\u00edria contra Jud\u00e1), Manass\u00e9s, Amon, Josias, Jeocaz, Jeoaquim (Primeira invas\u00e3o babil\u00f4nica), Joaquim (Segunda invas\u00e3o babil\u00f4nica)<\/li>\n<\/ul>\n<\/li>\n<li>Queda de Jerusal\u00e9m (Jud\u00e1) &#8211; 2 Reis 25:1-21<\/li>\n<li>Governador Gedalias (2 Reis 25:22-26)<\/li>\n<li>Joaquim no ex\u00edlio<\/li>\n<\/ul>\n<p>&nbsp;<\/p>\n<p>As narrativas do livro de Reis abrangem o per\u00edodo da ascens\u00e3o de Salom\u00e3o ao trono at\u00e9 a queda de Jerusal\u00e9m em 586 a.C. Estes fatos est\u00e3o organizados de forma cronol\u00f3gica de acordo com o interesse do autor em mostrar o que ocorrera devido \u00e0 desobedi\u00eancia do povo hebreu \u00e0 alian\u00e7a com Jav\u00e9.<\/p>\n<p>&nbsp;<\/p>\n<p>Os assuntos, organizados de acordo com a sele\u00e7\u00e3o do autor, envolvem:<\/p>\n<p>&nbsp;<\/p>\n<ul>\n<li>A sabedoria de Salom\u00e3o (1 Reis 3) e um resumo do seu governo (1 Reis 4)<\/li>\n<li>As obras de Salom\u00e3o antes do Templo de Jerusal\u00e9m (1 Reis 5:1 &#8211; 1 Reis 7:12)<\/li>\n<li>Alguns eventos do reinado de Jerobo\u00e3o I e Ezequias (1 Reis 13; 14:1-20 \/ 2 Reis 18:7 a 2 Reis 19:37 e 2 Reis 20)<\/li>\n<li>Resumo das atividades prof\u00e9ticas de Elias e Eliseu<\/li>\n<\/ul>\n<p>&nbsp;<\/p>\n<p>Estas narrativas s\u00e3o contadas simultaneamente de forma intercalada entre os reis do Norte (Israel) e do Sul (Jud\u00e1). As hist\u00f3rias dos reis s\u00e3o interrompidas apenas pelos relatos dos profetas Elias (reis Onri e Acabe) e Eliseu (rei Jor\u00e3o).<\/p>\n<p>&nbsp;<\/p>\n<p>As narrativas de Elias e Eliseu n\u00e3o s\u00e3o importantes somente como um registro do profetismo israelita n\u00e3o-liter\u00e1rio, mas tamb\u00e9m como um testemunho da fidelidade de Jav\u00e9 para com Israel, mesmo ap\u00f3s a adora\u00e7\u00e3o a baal ser institu\u00edda como religi\u00e3o oficial do Reino do Norte (Israel) pelo rei Acabe, quando se casou com a princesa fen\u00edcia Jezabel (1 Reis 21:25-26).<\/p>\n<p>&nbsp;<\/p>\n<p>A tabela abaixo representa o drama religioso vivido nessa \u00e9poca em Israel.<\/p>\n<p>&nbsp;<\/p>\n<table style=\"width: 100%;\" border=\"1\" cellspacing=\"0\" cellpadding=\"0\">\n<tbody>\n<tr>\n<td valign=\"top\"><strong>Baal (deus cananeu da tempestade)<\/strong><\/td>\n<td valign=\"top\"><strong>Jav\u00e9 (Deus de Elias e Eliseu)<\/strong><\/td>\n<\/tr>\n<tr>\n<td valign=\"top\">Baal, deus da tempestade, controla a chuva<\/td>\n<td valign=\"top\">Elias anuncia o per\u00edodo de seca (1 Rs. 17:1)<\/td>\n<\/tr>\n<tr>\n<td valign=\"top\">Baal garante a fertilidade nas colheitas<\/td>\n<td valign=\"top\">Israel padece fome e seca, mas Elias e Eliseu distribuem trigo e azeite de forma milagrosa (2 Rs. 4:1-7; 42-44)<\/td>\n<\/tr>\n<tr>\n<td valign=\"top\">Baal controla os rel\u00e2mpagos e o fogo<\/td>\n<td valign=\"top\">Elias pede fogo do c\u00e9u em nome de Jav\u00e9 (1 Rs. 18:38; 2 Rs. 1:10-12; 2:11).<\/td>\n<\/tr>\n<tr>\n<td valign=\"top\">Baal controla a vida e a morte<\/td>\n<td valign=\"top\">Elias e Eliseu curam doentes e ressucitam mortos em nome de Jav\u00e9 (1 Rs. 17:7-24; 2 Rs. 4:8-37; 5:1-20)<\/td>\n<\/tr>\n<\/tbody>\n<\/table>\n<p>Andrew Hill &amp; J. H. Walton, <em>Panorama do Antigo Testamento<\/em>. S\u00e3o Paulo: Vida, 2007.<\/p>\n<p>&nbsp;<\/p>\n<p>A narrativa da monarquia de Jud\u00e1 segue o seguinte padr\u00e3o de estrutura:<\/p>\n<p>&nbsp;<\/p>\n<ol start=\"1\">\n<li>Apresenta\u00e7\u00e3o do rei pelo nome, nome do pai e em que momento ocorreu sua ascens\u00e3o em rela\u00e7\u00e3o ao reinado correspondente em Israel (Reino do Norte).<\/li>\n<li>Dados biogr\u00e1ficos tais como: idade do rei, dura\u00e7\u00e3o do seu reinado, avalia\u00e7\u00e3o do seu reinado em termos morais e espirituais. Outras informa\u00e7\u00f5es como o nome da rainha-m\u00e3e e Jerusal\u00e9m como capital do reino s\u00e3o citadas.<\/li>\n<li>Apresenta\u00e7\u00e3o de fontes adicionais do seu reinado e informa\u00e7\u00f5es sobre sua morte e sepultamento.<\/li>\n<\/ol>\n<p>&nbsp;<\/p>\n<p>O relato da monarquia israelita seguia o mesmo padr\u00e3o, exceto pela omiss\u00e3o da capital, Samaria, e do nome da rainha-m\u00e3e.<\/p>\n<p>[\/tab][tab title=&#8221;Prop\u00f3sito e conte\u00fado&#8221;]<\/p>\n<p><strong>Prop\u00f3sito e conte\u00fado<\/strong><\/p>\n<p>O livro de Reis trata basicamente sobre os seguintes assuntos:<\/p>\n<p>&nbsp;<\/p>\n<ul>\n<li>A avalia\u00e7\u00e3o dos reis &#8211; mal como Jerobo\u00e3o e bom como Davi<\/li>\n<li>As ben\u00e7\u00e3os no arrependimento e restaura\u00e7\u00e3o e as maldi\u00e7\u00f5es no julgamento e ex\u00edlio<\/li>\n<li>O profetismo como voz de Deus para o rei<\/li>\n<li>A adora\u00e7\u00e3o de Jav\u00e9 X a adora\u00e7\u00e3o de baal<\/li>\n<\/ul>\n<p>&nbsp;<\/p>\n<p>O livro dos Reis narram o desenvolvimento da hist\u00f3ria do povo hebreu no per\u00edodo mon\u00e1rquico unido e posteriormente dividido. Este desenvolvimento \u00e9 narrado sob a \u00f3tica da obedi\u00eancia e desobedi\u00eancia em rela\u00e7\u00e3o \u00e0 alian\u00e7a de Jav\u00e9 com o povo hebreu.<\/p>\n<p>&nbsp;<\/p>\n<p>Os personagens principais s\u00e3o os reis e os profestas, que eram os respons\u00e1veis pelo cumprimento da alian\u00e7a por parte do povo. O rei era o representante do povo diante de Deus, e o profeta servia como consci\u00eancia divina para esse rei. O rei, quando falhava no cumprimento da alian\u00e7a, gerava tipicamente dois problemas: idolatria e injusti\u00e7a social. A consequ\u00eancia deste ato de rebeli\u00e3o \u00e0 alian\u00e7a inclu\u00eda a opress\u00e3o por povos vizinhos, a queda da familia real e, pro fim, o ex\u00edlio, a perda da terra da promessa.<\/p>\n<p>&nbsp;<\/p>\n<p>O prop\u00f3sito liter\u00e1rio do livro de Reis \u00e9 autenticar a dinastia dav\u00eddica como a herdeira oficial do trono de Jerusal\u00e9m, conforme profecia de Nat\u00e3 a Davi em 2 Samuel 7:12. O registro de Reis \u00e9 feito de forma complementar ao livro de Samuel, que mostra a soberania de Deus na hist\u00f3ria da alian\u00e7a mesmo em face do livre arb\u00edtrio do ser humano com suas responsabilidades e autonomia.<\/p>\n<p>&nbsp;<\/p>\n<p><em>Avalia\u00e7\u00e3o de Salom\u00e3o<\/em><\/p>\n<p>&nbsp;<\/p>\n<p>O livro de Reis fornece um relato favor\u00e1vel a cerca de Salom\u00e3o e seus primeiros anos de reinado:<\/p>\n<p>&nbsp;<\/p>\n<ul>\n<li>Foi amado de Jav\u00e9 &#8211; Siginificado de Jedidias em 2 Sm. 12:24-25<\/li>\n<li>Dom da sabedoria &#8211; 1 Rs. 3<\/li>\n<li>Inaugurou a era de ouro de Israel com prosperidade e gl\u00f3ria sem precedentes em Israel &#8211; 1 Rs. 10:14-29<\/li>\n<li>Construtor reconhecido internacionalmente &#8211; 1 Rs. 6:1 &#8211; 7:12<\/li>\n<li>Amante das artes e ci\u00eancias &#8211; 1 Rs. 4:29-34<\/li>\n<\/ul>\n<p>&nbsp;<\/p>\n<p>Entretanto, em seus \u00faltimos anos de reinado houve grande decl\u00ednio pol\u00edtico, religioso e moral, pois deixou-se seduzir por suas centenas de mulheres estrangeiras e pelo materialismo (1 Rs. 11:1-3).<\/p>\n<p>&nbsp;<\/p>\n<p>O autor de Reis atribui \u00e0 idolatria de Salom\u00e3o a divis\u00e3o de Israel em dois reinos: Norte (Israel) e Sul (Jud\u00e1), conforme 1 Rs. 11:31-35. Contudo, a derrocada do Imp\u00e9rio deveu-se aos anos de m\u00e1 administra\u00e7\u00e3o do Estado pelo rei. Confira na tabela abaixo algumas dessas pr\u00e1ticas que levaram \u00e0 fal\u00eancia a na\u00e7\u00e3o de Israel:<\/p>\n<p>&nbsp;<\/p>\n<p>&nbsp;<\/p>\n<table style=\"width: 100%;\" border=\"1\" cellspacing=\"0\" cellpadding=\"0\">\n<tbody>\n<tr>\n<td valign=\"top\"><strong>Evento<\/strong><\/td>\n<td valign=\"top\"><strong>Refer\u00eancia<\/strong><\/td>\n<\/tr>\n<tr>\n<td valign=\"top\">1. Alian\u00e7a pol\u00edtica com na\u00e7\u00f5es pag\u00e3s por meio do casamento<\/td>\n<td valign=\"top\">1 Rs. 3:1-2<\/td>\n<\/tr>\n<tr>\n<td valign=\"top\">2. Sincretismo religioso para agradar os novos parceiros pol\u00edtico-econ\u00f4micos<\/td>\n<td valign=\"top\">1 Rs. 11:1-8<\/td>\n<\/tr>\n<tr>\n<td valign=\"top\">3. Reorganiza\u00e7\u00e3o tribal, desconsiderando o pacto de divis\u00e3o das terras em N\u00fameros, para obter vantagem econ\u00f4mica<\/td>\n<td valign=\"top\">1 Rs. 4:7-19<\/td>\n<\/tr>\n<tr>\n<td valign=\"top\">4. Aumento da burocracia do Estado<\/td>\n<td valign=\"top\">1 Rs. 4:22-28<\/td>\n<\/tr>\n<tr>\n<td valign=\"top\">5. Obras monumentais que exigiam trabalhos escravo estrangeiro e hebreu<\/td>\n<td valign=\"top\">1 Rs. 5:13-18; 9:15-22; 12:9-11<\/td>\n<\/tr>\n<tr>\n<td valign=\"top\">6. Aceita\u00e7\u00e3o das ideias pol\u00edticas pag\u00e3s em consequ\u00eancia do com\u00e9rcio internacional<\/td>\n<td valign=\"top\">1 Rs. 9:26-28; 10:22-29 v. 11:1-11<\/td>\n<\/tr>\n<tr>\n<td valign=\"top\">7. Rebeli\u00f5es sucessivas minaram a for\u00e7a do poder militar de Salom\u00e3o. Perda de receia das na\u00e7\u00f5es estrangeiras<\/td>\n<td valign=\"top\">1 Rs. 11:9-25<\/td>\n<\/tr>\n<\/tbody>\n<\/table>\n<p>Andrew Hill &amp; J. H. Walton, <em>Panorama do Antigo Testamento<\/em>. S\u00e3o Paulo: Vida, 2007.<\/p>\n<p>&nbsp;<\/p>\n<p>Estes eventos trouxeram \u00e0 tona as antigas desaven\u00e7as tribais, quando Robo\u00e3o assume o trono de Jerusal\u00e9m (1 Rs. 12:16).<\/p>\n<p>&nbsp;<\/p>\n<p><em>Profecia n\u00e3o-liter\u00e1ria e liter\u00e1ria<\/em><\/p>\n<p>&nbsp;<\/p>\n<p>Durante o desenvolvimento da hist\u00f3ria de Israel houve intensa atividade prof\u00e9tica que pode ser dividida da seguinte forma:<\/p>\n<p>&nbsp;<\/p>\n<ul>\n<li>Per\u00edodo prof\u00e9tico n\u00e3o-escrito, ou pr\u00e9-cl\u00e1ssico<\/li>\n<li>Per\u00edodo prof\u00e9tico escrito, ou cl\u00e1ssico<\/li>\n<\/ul>\n<p>&nbsp;<\/p>\n<p>No movimento pr\u00e9-cl\u00e1ssico a tend\u00eancia \u00e9 descrever a atividade dos profetas por meio de milagres em forma de narrativas hist\u00f3ricas, isto \u00e9, eles tamb\u00e9m s\u00e3o personagens dos relatos em Reis. Seu campo de atividade se restringia basicamente \u00e0 fam\u00edlia real.<\/p>\n<p>&nbsp;<\/p>\n<p>O movimento cl\u00e1ssico, ou liter\u00e1rio, a\u00e7\u00f5es simb\u00f3licas s\u00e3o escritas em forma de or\u00e1culos ao inv\u00e9s de milagres. A mensagem dos profetas liter\u00e1rios (p. ex: Am\u00f3s, Isa\u00edas, Os\u00e9ias) atingiam os l\u00edderes pol\u00edticos e religiosos, a popula\u00e7\u00e3o, bem como outras na\u00e7\u00f5es.<\/p>\n<p>&nbsp;<\/p>\n<p><em>Dinastia mon\u00e1rquica e lideran\u00e7a carism\u00e1tica<\/em><\/p>\n<p>O sistema de governo do Reino de Jud\u00e1 \u00e9 considerado uma monarquia din\u00e1stica, ou seja, o trono passa de pai para filho. No caso de Jud\u00e1, esta dinastia era divinamente estabelecida (2 Sm. 7).<\/p>\n<p>&nbsp;<\/p>\n<p>No Reino do Norte, Israel, ao contr\u00e1rio de Jud\u00e1, a sucess\u00e3o ao trono n\u00e3o era realizada de maneira heredit\u00e1ria, mas o modelo de sucess\u00e3o seguia o padr\u00e3o carism\u00e1tico, semelhante ao per\u00edodo dos ju\u00edzes, quando Jav\u00e9 escolhia um l\u00edder dentre o povo e capacitava-o com o Esp\u00edrito Santo. Esta capacita\u00e7\u00e3o tempor\u00e1ria se manifestava externamente de diversas maneiras e tinha o objetivo de inspirar o povo hebreu a viver o padr\u00e3o de santidade de Jav\u00e9, o soberano absoluto de Israel.<\/p>\n<p>&nbsp;<\/p>\n<p>Ao contr\u00e1rio de Jud\u00e1, a sucess\u00e3o din\u00e1stica, ou de pai para filho, em Israel estava condicionada \u00e0 obedi\u00eancia do rei aos mandamentos de Jav\u00e9 (1 Rs. 11:37-38). Esta condi\u00e7\u00e3o n\u00e3o foi respeitada pelos reis do reino do Norte, ent\u00e3o houve o an\u00fancio da trag\u00e9dia que se abateria sobre Israel (1 Rs. 14:10-11).<\/p>\n<p>&nbsp;<\/p>\n<p>Ap\u00f3s a derrocada do rei desobediente, havia a ordem para o rei seguinte executar o anterior. Este procedimento, muitas vezes, terminava em um golpe pol\u00edtico de car\u00e1ter violento (1 Rs. 16:3-4; 11-12).<\/p>\n<p>&nbsp;<\/p>\n<p>&nbsp;<\/p>\n<p><em>O bezerro de ouro<\/em><\/p>\n<p>&nbsp;<\/p>\n<p>O bezerro era tido no Egito como s\u00edmbolo da fertilidade, e era mais conhecido como Boi \u00c1pis, o mesmo que Israel construiu no deserto (Ex. 32). \u00c1pis era adorado no Egito como s\u00edmbolo da fertilidade e vida. Provavelmente Jerobo\u00e3o recolocou \u00c1pis como s\u00edmbolo religioso de Israel por causa da influ\u00eancia que recebeu durante seu ex\u00edlio no Egito, onde permaneceu at\u00e9 a morte de Salom\u00e3o (1 Rs. 11:40).<\/p>\n<p>&nbsp;<\/p>\n<p>Quando Jerobo\u00e3o retornou a Israel, misturou pr\u00e1ticas religiosas dos cananeus no culto ao Boi \u00c1pis. Este procedimento de Jerobo\u00e3o foi premeditado para conquistar a lealdade dos israelitas e impedi-los de ir \u00e0s festas religiosas em Jerusal\u00e9m, que estava sob o controle do Reino do Sul, Jud\u00e1.<\/p>\n<p>&nbsp;<\/p>\n<p>Isto gerou uma pr\u00e1tica e ideologia bem diferente da adora\u00e7\u00e3o a Jav\u00e9, e serviu apenas para Jerobo\u00e3o consolidar seu poder no Reino do Norte. Mais tarde o profeta Os\u00e9ias referiu-se \u00e0s estas est\u00e1tuas como \u00eddolos, n\u00e3o Deus (Os. 8:4-5), que estavam tamb\u00e9m relacionadas aos rituais de fertilidade de baal (Os. 10:5; 11:1-2; 13:1-2).<\/p>\n<p>&nbsp;<\/p>\n<p>Esta atitude n\u00e3o apenas tirou a dinastia de Jerobo\u00e3o do trono, como acabou com o Reino do Norte, sendo consumido por Jav\u00e9 em sua ira (2 Rs. 17:18).<\/p>\n<p>[\/tab][\/tabs]<\/p>\n<p>[button size=&#8221;small&#8221; color=&#8221;blue&#8221; style=&#8221;download&#8221; new_window=&#8221;true&#8221; link=&#8221;http:\/\/crentassos.com.br\/blog\/wp-content\/uploads\/012-Introdu\u00e7\u00e3o-Reis-Crentassos.pdf&#8221;]Download (PDF)[\/button]<\/p>\n<p><strong><em>Para ler o post original no blog do autor, clique no banner<\/em><\/strong><\/p>\n<p><a href=\"http:\/\/wp.me\/pDkVr-e1\" target=\"_blank\"><img loading=\"lazy\" decoding=\"async\" title=\"Milhoranza\" src=\"http:\/\/alexandremilhoranza.files.wordpress.com\/2011\/10\/banner.gif\" alt=\"Milhoranza\" width=\"120\" height=\"60\" \/><\/a><\/p>\n","protected":false},"excerpt":{"rendered":"<p>Na B\u00edblia hebraica, tal qual os livros de I e II Samuel, os livros de Reis formam um \u00fanico volume e se [&hellip;]<\/p>\n","protected":false},"author":4,"featured_media":6238,"comment_status":"open","ping_status":"open","sticky":false,"template":"","format":"standard","meta":{"_exactmetrics_skip_tracking":false,"_exactmetrics_sitenote_active":false,"_exactmetrics_sitenote_note":"","_exactmetrics_sitenote_category":0,"footnotes":"","_links_to":"","_links_to_target":""},"categories":[1577],"tags":[1608,197,1756,975,1621],"class_list":{"0":"post-6237","1":"post","2":"type-post","3":"status-publish","4":"format-standard","5":"has-post-thumbnail","6":"hentry","7":"category-schole-que-e-crentassos","8":"tag-alianca","9":"tag-antigo-testamento","10":"tag-arca-da-alianca","11":"tag-promessa","12":"tag-teologia-antigo-testamento","14":"post-with-thumbnail","15":"post-with-thumbnail-large"},"yoast_head":"<!-- This site is optimized with the Yoast SEO plugin v27.1.1 - https:\/\/yoast.com\/product\/yoast-seo-wordpress\/ -->\n<title>#ScholeQue\u00c9 \u2013 Introdu\u00e7\u00e3o ao livro de Reis \u2013 Um povo, duas na\u00e7\u00f5es #011 - Crentassos Produ\u00e7\u00f5es Subversivas<\/title>\n<meta name=\"robots\" content=\"index, follow, max-snippet:-1, max-image-preview:large, max-video-preview:-1\" \/>\n<link rel=\"canonical\" href=\"https:\/\/crentassos.com.br\/blog\/2012\/05\/scholequee-introducao-ao-livro-de-reis-um-povo-duas-nacoes-011.html\" \/>\n<meta property=\"og:locale\" content=\"pt_BR\" \/>\n<meta property=\"og:type\" content=\"article\" \/>\n<meta property=\"og:title\" content=\"#ScholeQue\u00c9 \u2013 Introdu\u00e7\u00e3o ao livro de Reis \u2013 Um povo, duas na\u00e7\u00f5es #011 - Crentassos Produ\u00e7\u00f5es Subversivas\" \/>\n<meta property=\"og:description\" content=\"Na B\u00edblia hebraica, tal qual os livros de I e II Samuel, os livros de Reis formam um \u00fanico volume e se [&hellip;]\" \/>\n<meta property=\"og:url\" content=\"https:\/\/crentassos.com.br\/blog\/2012\/05\/scholequee-introducao-ao-livro-de-reis-um-povo-duas-nacoes-011.html\" \/>\n<meta property=\"og:site_name\" content=\"Crentassos Produ\u00e7\u00f5es Subversivas\" \/>\n<meta property=\"article:publisher\" content=\"http:\/\/www.facebook.com\/crentassos\" \/>\n<meta property=\"article:published_time\" content=\"2012-05-18T19:33:32+00:00\" \/>\n<meta property=\"article:modified_time\" content=\"2012-05-22T17:01:38+00:00\" \/>\n<meta property=\"og:image\" content=\"https:\/\/crentassos.com.br\/blog\/wp-content\/uploads\/011.11.jpg\" \/>\n\t<meta property=\"og:image:width\" content=\"1841\" \/>\n\t<meta property=\"og:image:height\" content=\"628\" \/>\n\t<meta property=\"og:image:type\" content=\"image\/jpeg\" \/>\n<meta name=\"author\" content=\"Alexandre Milhoranza\" \/>\n<meta name=\"twitter:card\" content=\"summary_large_image\" \/>\n<meta name=\"twitter:creator\" content=\"@crentassos\" \/>\n<meta name=\"twitter:site\" content=\"@crentassos\" \/>\n<meta name=\"twitter:label1\" content=\"Escrito por\" \/>\n\t<meta name=\"twitter:data1\" content=\"Alexandre Milhoranza\" \/>\n\t<meta name=\"twitter:label2\" content=\"Est. tempo de leitura\" \/>\n\t<meta name=\"twitter:data2\" content=\"13 minutos\" \/>\n<script type=\"application\/ld+json\" class=\"yoast-schema-graph\">{\"@context\":\"https:\/\/schema.org\",\"@graph\":[{\"@type\":\"Article\",\"@id\":\"https:\/\/crentassos.com.br\/blog\/2012\/05\/scholequee-introducao-ao-livro-de-reis-um-povo-duas-nacoes-011.html#article\",\"isPartOf\":{\"@id\":\"https:\/\/crentassos.com.br\/blog\/2012\/05\/scholequee-introducao-ao-livro-de-reis-um-povo-duas-nacoes-011.html\"},\"author\":{\"name\":\"Alexandre Milhoranza\",\"@id\":\"https:\/\/crentassos.com.br\/blog\/#\/schema\/person\/3a9be2a7c2c83a923f7ae8bd0489dc3f\"},\"headline\":\"#ScholeQue\u00c9 \u2013 Introdu\u00e7\u00e3o ao livro de Reis \u2013 Um povo, duas na\u00e7\u00f5es #011\",\"datePublished\":\"2012-05-18T19:33:32+00:00\",\"dateModified\":\"2012-05-22T17:01:38+00:00\",\"mainEntityOfPage\":{\"@id\":\"https:\/\/crentassos.com.br\/blog\/2012\/05\/scholequee-introducao-ao-livro-de-reis-um-povo-duas-nacoes-011.html\"},\"wordCount\":2636,\"commentCount\":1,\"publisher\":{\"@id\":\"https:\/\/crentassos.com.br\/blog\/#organization\"},\"image\":{\"@id\":\"https:\/\/crentassos.com.br\/blog\/2012\/05\/scholequee-introducao-ao-livro-de-reis-um-povo-duas-nacoes-011.html#primaryimage\"},\"thumbnailUrl\":\"https:\/\/crentassos.com.br\/blog\/wp-content\/uploads\/011.11.jpg\",\"keywords\":[\"alian\u00e7a\",\"Antigo Testamento\",\"Arca da Alian\u00e7a\",\"Promessa\",\"Teologia Antigo Testamento\"],\"articleSection\":[\"Schol\u00e9 que \u00e9 Crentassos?\"],\"inLanguage\":\"pt-BR\",\"potentialAction\":[{\"@type\":\"CommentAction\",\"name\":\"Comment\",\"target\":[\"https:\/\/crentassos.com.br\/blog\/2012\/05\/scholequee-introducao-ao-livro-de-reis-um-povo-duas-nacoes-011.html#respond\"]}]},{\"@type\":\"WebPage\",\"@id\":\"https:\/\/crentassos.com.br\/blog\/2012\/05\/scholequee-introducao-ao-livro-de-reis-um-povo-duas-nacoes-011.html\",\"url\":\"https:\/\/crentassos.com.br\/blog\/2012\/05\/scholequee-introducao-ao-livro-de-reis-um-povo-duas-nacoes-011.html\",\"name\":\"#ScholeQue\u00c9 \u2013 Introdu\u00e7\u00e3o ao livro de Reis \u2013 Um povo, duas na\u00e7\u00f5es #011 - Crentassos Produ\u00e7\u00f5es Subversivas\",\"isPartOf\":{\"@id\":\"https:\/\/crentassos.com.br\/blog\/#website\"},\"primaryImageOfPage\":{\"@id\":\"https:\/\/crentassos.com.br\/blog\/2012\/05\/scholequee-introducao-ao-livro-de-reis-um-povo-duas-nacoes-011.html#primaryimage\"},\"image\":{\"@id\":\"https:\/\/crentassos.com.br\/blog\/2012\/05\/scholequee-introducao-ao-livro-de-reis-um-povo-duas-nacoes-011.html#primaryimage\"},\"thumbnailUrl\":\"https:\/\/crentassos.com.br\/blog\/wp-content\/uploads\/011.11.jpg\",\"datePublished\":\"2012-05-18T19:33:32+00:00\",\"dateModified\":\"2012-05-22T17:01:38+00:00\",\"breadcrumb\":{\"@id\":\"https:\/\/crentassos.com.br\/blog\/2012\/05\/scholequee-introducao-ao-livro-de-reis-um-povo-duas-nacoes-011.html#breadcrumb\"},\"inLanguage\":\"pt-BR\",\"potentialAction\":[{\"@type\":\"ReadAction\",\"target\":[\"https:\/\/crentassos.com.br\/blog\/2012\/05\/scholequee-introducao-ao-livro-de-reis-um-povo-duas-nacoes-011.html\"]}]},{\"@type\":\"ImageObject\",\"inLanguage\":\"pt-BR\",\"@id\":\"https:\/\/crentassos.com.br\/blog\/2012\/05\/scholequee-introducao-ao-livro-de-reis-um-povo-duas-nacoes-011.html#primaryimage\",\"url\":\"https:\/\/crentassos.com.br\/blog\/wp-content\/uploads\/011.11.jpg\",\"contentUrl\":\"https:\/\/crentassos.com.br\/blog\/wp-content\/uploads\/011.11.jpg\",\"width\":\"1841\",\"height\":\"628\"},{\"@type\":\"BreadcrumbList\",\"@id\":\"https:\/\/crentassos.com.br\/blog\/2012\/05\/scholequee-introducao-ao-livro-de-reis-um-povo-duas-nacoes-011.html#breadcrumb\",\"itemListElement\":[{\"@type\":\"ListItem\",\"position\":1,\"name\":\"Home\",\"item\":\"https:\/\/crentassos.com.br\/blog\/\"},{\"@type\":\"ListItem\",\"position\":2,\"name\":\"#ScholeQue\u00c9 \u2013 Introdu\u00e7\u00e3o ao livro de Reis \u2013 Um povo, duas na\u00e7\u00f5es #011\"}]},{\"@type\":\"WebSite\",\"@id\":\"https:\/\/crentassos.com.br\/blog\/#website\",\"url\":\"https:\/\/crentassos.com.br\/blog\/\",\"name\":\"Crentassos Produ\u00e7\u00f5es Subversivas\",\"description\":\"Podcast Crist\u00e3o, Podcrent, Da Prateleira, Artigos crist\u00e3os, Teologia, Estudos, Textos B\u00edblicos\",\"publisher\":{\"@id\":\"https:\/\/crentassos.com.br\/blog\/#organization\"},\"potentialAction\":[{\"@type\":\"SearchAction\",\"target\":{\"@type\":\"EntryPoint\",\"urlTemplate\":\"https:\/\/crentassos.com.br\/blog\/?s={search_term_string}\"},\"query-input\":{\"@type\":\"PropertyValueSpecification\",\"valueRequired\":true,\"valueName\":\"search_term_string\"}}],\"inLanguage\":\"pt-BR\"},{\"@type\":\"Organization\",\"@id\":\"https:\/\/crentassos.com.br\/blog\/#organization\",\"name\":\"Crentassos Produ\u00e7\u00f5es Subversivas\",\"url\":\"https:\/\/crentassos.com.br\/blog\/\",\"logo\":{\"@type\":\"ImageObject\",\"inLanguage\":\"pt-BR\",\"@id\":\"https:\/\/crentassos.com.br\/blog\/#\/schema\/logo\/image\/\",\"url\":\"https:\/\/crentassos.com.br\/blog\/wp-content\/uploads\/2020\/05\/cropped-crentassos1-300x300png.png\",\"contentUrl\":\"https:\/\/crentassos.com.br\/blog\/wp-content\/uploads\/2020\/05\/cropped-crentassos1-300x300png.png\",\"width\":300,\"height\":300,\"caption\":\"Crentassos Produ\u00e7\u00f5es Subversivas\"},\"image\":{\"@id\":\"https:\/\/crentassos.com.br\/blog\/#\/schema\/logo\/image\/\"},\"sameAs\":[\"http:\/\/www.facebook.com\/crentassos\",\"https:\/\/x.com\/crentassos\",\"https:\/\/www.instagram.com\/crentassos\",\"https:\/\/www.youtube.com\/crentassos\"]},{\"@type\":\"Person\",\"@id\":\"https:\/\/crentassos.com.br\/blog\/#\/schema\/person\/3a9be2a7c2c83a923f7ae8bd0489dc3f\",\"name\":\"Alexandre Milhoranza\",\"image\":{\"@type\":\"ImageObject\",\"inLanguage\":\"pt-BR\",\"@id\":\"https:\/\/crentassos.com.br\/blog\/#\/schema\/person\/image\/\",\"url\":\"https:\/\/secure.gravatar.com\/avatar\/17f80a1c8a34962bececa293e2fb3de9b9a96197bc1cb7595d98fbb579662872?s=96&d=retro&r=g\",\"contentUrl\":\"https:\/\/secure.gravatar.com\/avatar\/17f80a1c8a34962bececa293e2fb3de9b9a96197bc1cb7595d98fbb579662872?s=96&d=retro&r=g\",\"caption\":\"Alexandre Milhoranza\"},\"description\":\"Alexandre Milhoranza \u00e9 analista de sistemas e bacharel em teologia pela Faculdade Teol\u00f3gica Batista de S\u00e3o Paulo, Mestre e doutorando em Teologia pelo Instituto Protestante de Teologia em Montpellier, Fran\u00e7a. Tamb\u00e9m \u00e9 pastor auxiliar na Igreja Evang\u00e9lica Batista em Montpellier, Fran\u00e7a. Sempre insiste em fugir das tarefas que Deus coloca em sua vida. Muito bem casado com a Ana Claudia e pai da B\u00e1rbara e do Eduardo, seus mini fil\u00f3sofos de plant\u00e3o.\",\"sameAs\":[\"http:\/\/www.alexandremilhoranza.com\"],\"url\":\"https:\/\/crentassos.com.br\/blog\/author\/milhoranza\"}]}<\/script>\n<!-- \/ Yoast SEO plugin. -->","yoast_head_json":{"title":"#ScholeQue\u00c9 \u2013 Introdu\u00e7\u00e3o ao livro de Reis \u2013 Um povo, duas na\u00e7\u00f5es #011 - Crentassos Produ\u00e7\u00f5es Subversivas","robots":{"index":"index","follow":"follow","max-snippet":"max-snippet:-1","max-image-preview":"max-image-preview:large","max-video-preview":"max-video-preview:-1"},"canonical":"https:\/\/crentassos.com.br\/blog\/2012\/05\/scholequee-introducao-ao-livro-de-reis-um-povo-duas-nacoes-011.html","og_locale":"pt_BR","og_type":"article","og_title":"#ScholeQue\u00c9 \u2013 Introdu\u00e7\u00e3o ao livro de Reis \u2013 Um povo, duas na\u00e7\u00f5es #011 - Crentassos Produ\u00e7\u00f5es Subversivas","og_description":"Na B\u00edblia hebraica, tal qual os livros de I e II Samuel, os livros de Reis formam um \u00fanico volume e se [&hellip;]","og_url":"https:\/\/crentassos.com.br\/blog\/2012\/05\/scholequee-introducao-ao-livro-de-reis-um-povo-duas-nacoes-011.html","og_site_name":"Crentassos Produ\u00e7\u00f5es Subversivas","article_publisher":"http:\/\/www.facebook.com\/crentassos","article_published_time":"2012-05-18T19:33:32+00:00","article_modified_time":"2012-05-22T17:01:38+00:00","og_image":[{"width":1841,"height":628,"url":"https:\/\/crentassos.com.br\/blog\/wp-content\/uploads\/011.11.jpg","type":"image\/jpeg"}],"author":"Alexandre Milhoranza","twitter_card":"summary_large_image","twitter_creator":"@crentassos","twitter_site":"@crentassos","twitter_misc":{"Escrito por":"Alexandre Milhoranza","Est. tempo de leitura":"13 minutos"},"schema":{"@context":"https:\/\/schema.org","@graph":[{"@type":"Article","@id":"https:\/\/crentassos.com.br\/blog\/2012\/05\/scholequee-introducao-ao-livro-de-reis-um-povo-duas-nacoes-011.html#article","isPartOf":{"@id":"https:\/\/crentassos.com.br\/blog\/2012\/05\/scholequee-introducao-ao-livro-de-reis-um-povo-duas-nacoes-011.html"},"author":{"name":"Alexandre Milhoranza","@id":"https:\/\/crentassos.com.br\/blog\/#\/schema\/person\/3a9be2a7c2c83a923f7ae8bd0489dc3f"},"headline":"#ScholeQue\u00c9 \u2013 Introdu\u00e7\u00e3o ao livro de Reis \u2013 Um povo, duas na\u00e7\u00f5es #011","datePublished":"2012-05-18T19:33:32+00:00","dateModified":"2012-05-22T17:01:38+00:00","mainEntityOfPage":{"@id":"https:\/\/crentassos.com.br\/blog\/2012\/05\/scholequee-introducao-ao-livro-de-reis-um-povo-duas-nacoes-011.html"},"wordCount":2636,"commentCount":1,"publisher":{"@id":"https:\/\/crentassos.com.br\/blog\/#organization"},"image":{"@id":"https:\/\/crentassos.com.br\/blog\/2012\/05\/scholequee-introducao-ao-livro-de-reis-um-povo-duas-nacoes-011.html#primaryimage"},"thumbnailUrl":"https:\/\/crentassos.com.br\/blog\/wp-content\/uploads\/011.11.jpg","keywords":["alian\u00e7a","Antigo Testamento","Arca da Alian\u00e7a","Promessa","Teologia Antigo Testamento"],"articleSection":["Schol\u00e9 que \u00e9 Crentassos?"],"inLanguage":"pt-BR","potentialAction":[{"@type":"CommentAction","name":"Comment","target":["https:\/\/crentassos.com.br\/blog\/2012\/05\/scholequee-introducao-ao-livro-de-reis-um-povo-duas-nacoes-011.html#respond"]}]},{"@type":"WebPage","@id":"https:\/\/crentassos.com.br\/blog\/2012\/05\/scholequee-introducao-ao-livro-de-reis-um-povo-duas-nacoes-011.html","url":"https:\/\/crentassos.com.br\/blog\/2012\/05\/scholequee-introducao-ao-livro-de-reis-um-povo-duas-nacoes-011.html","name":"#ScholeQue\u00c9 \u2013 Introdu\u00e7\u00e3o ao livro de Reis \u2013 Um povo, duas na\u00e7\u00f5es #011 - Crentassos Produ\u00e7\u00f5es Subversivas","isPartOf":{"@id":"https:\/\/crentassos.com.br\/blog\/#website"},"primaryImageOfPage":{"@id":"https:\/\/crentassos.com.br\/blog\/2012\/05\/scholequee-introducao-ao-livro-de-reis-um-povo-duas-nacoes-011.html#primaryimage"},"image":{"@id":"https:\/\/crentassos.com.br\/blog\/2012\/05\/scholequee-introducao-ao-livro-de-reis-um-povo-duas-nacoes-011.html#primaryimage"},"thumbnailUrl":"https:\/\/crentassos.com.br\/blog\/wp-content\/uploads\/011.11.jpg","datePublished":"2012-05-18T19:33:32+00:00","dateModified":"2012-05-22T17:01:38+00:00","breadcrumb":{"@id":"https:\/\/crentassos.com.br\/blog\/2012\/05\/scholequee-introducao-ao-livro-de-reis-um-povo-duas-nacoes-011.html#breadcrumb"},"inLanguage":"pt-BR","potentialAction":[{"@type":"ReadAction","target":["https:\/\/crentassos.com.br\/blog\/2012\/05\/scholequee-introducao-ao-livro-de-reis-um-povo-duas-nacoes-011.html"]}]},{"@type":"ImageObject","inLanguage":"pt-BR","@id":"https:\/\/crentassos.com.br\/blog\/2012\/05\/scholequee-introducao-ao-livro-de-reis-um-povo-duas-nacoes-011.html#primaryimage","url":"https:\/\/crentassos.com.br\/blog\/wp-content\/uploads\/011.11.jpg","contentUrl":"https:\/\/crentassos.com.br\/blog\/wp-content\/uploads\/011.11.jpg","width":"1841","height":"628"},{"@type":"BreadcrumbList","@id":"https:\/\/crentassos.com.br\/blog\/2012\/05\/scholequee-introducao-ao-livro-de-reis-um-povo-duas-nacoes-011.html#breadcrumb","itemListElement":[{"@type":"ListItem","position":1,"name":"Home","item":"https:\/\/crentassos.com.br\/blog\/"},{"@type":"ListItem","position":2,"name":"#ScholeQue\u00c9 \u2013 Introdu\u00e7\u00e3o ao livro de Reis \u2013 Um povo, duas na\u00e7\u00f5es #011"}]},{"@type":"WebSite","@id":"https:\/\/crentassos.com.br\/blog\/#website","url":"https:\/\/crentassos.com.br\/blog\/","name":"Crentassos Produ\u00e7\u00f5es Subversivas","description":"Podcast Crist\u00e3o, Podcrent, Da Prateleira, Artigos crist\u00e3os, Teologia, Estudos, Textos B\u00edblicos","publisher":{"@id":"https:\/\/crentassos.com.br\/blog\/#organization"},"potentialAction":[{"@type":"SearchAction","target":{"@type":"EntryPoint","urlTemplate":"https:\/\/crentassos.com.br\/blog\/?s={search_term_string}"},"query-input":{"@type":"PropertyValueSpecification","valueRequired":true,"valueName":"search_term_string"}}],"inLanguage":"pt-BR"},{"@type":"Organization","@id":"https:\/\/crentassos.com.br\/blog\/#organization","name":"Crentassos Produ\u00e7\u00f5es Subversivas","url":"https:\/\/crentassos.com.br\/blog\/","logo":{"@type":"ImageObject","inLanguage":"pt-BR","@id":"https:\/\/crentassos.com.br\/blog\/#\/schema\/logo\/image\/","url":"https:\/\/crentassos.com.br\/blog\/wp-content\/uploads\/2020\/05\/cropped-crentassos1-300x300png.png","contentUrl":"https:\/\/crentassos.com.br\/blog\/wp-content\/uploads\/2020\/05\/cropped-crentassos1-300x300png.png","width":300,"height":300,"caption":"Crentassos Produ\u00e7\u00f5es Subversivas"},"image":{"@id":"https:\/\/crentassos.com.br\/blog\/#\/schema\/logo\/image\/"},"sameAs":["http:\/\/www.facebook.com\/crentassos","https:\/\/x.com\/crentassos","https:\/\/www.instagram.com\/crentassos","https:\/\/www.youtube.com\/crentassos"]},{"@type":"Person","@id":"https:\/\/crentassos.com.br\/blog\/#\/schema\/person\/3a9be2a7c2c83a923f7ae8bd0489dc3f","name":"Alexandre Milhoranza","image":{"@type":"ImageObject","inLanguage":"pt-BR","@id":"https:\/\/crentassos.com.br\/blog\/#\/schema\/person\/image\/","url":"https:\/\/secure.gravatar.com\/avatar\/17f80a1c8a34962bececa293e2fb3de9b9a96197bc1cb7595d98fbb579662872?s=96&d=retro&r=g","contentUrl":"https:\/\/secure.gravatar.com\/avatar\/17f80a1c8a34962bececa293e2fb3de9b9a96197bc1cb7595d98fbb579662872?s=96&d=retro&r=g","caption":"Alexandre Milhoranza"},"description":"Alexandre Milhoranza \u00e9 analista de sistemas e bacharel em teologia pela Faculdade Teol\u00f3gica Batista de S\u00e3o Paulo, Mestre e doutorando em Teologia pelo Instituto Protestante de Teologia em Montpellier, Fran\u00e7a. Tamb\u00e9m \u00e9 pastor auxiliar na Igreja Evang\u00e9lica Batista em Montpellier, Fran\u00e7a. Sempre insiste em fugir das tarefas que Deus coloca em sua vida. Muito bem casado com a Ana Claudia e pai da B\u00e1rbara e do Eduardo, seus mini fil\u00f3sofos de plant\u00e3o.","sameAs":["http:\/\/www.alexandremilhoranza.com"],"url":"https:\/\/crentassos.com.br\/blog\/author\/milhoranza"}]}},"_links":{"self":[{"href":"https:\/\/crentassos.com.br\/blog\/wp-json\/wp\/v2\/posts\/6237","targetHints":{"allow":["GET"]}}],"collection":[{"href":"https:\/\/crentassos.com.br\/blog\/wp-json\/wp\/v2\/posts"}],"about":[{"href":"https:\/\/crentassos.com.br\/blog\/wp-json\/wp\/v2\/types\/post"}],"author":[{"embeddable":true,"href":"https:\/\/crentassos.com.br\/blog\/wp-json\/wp\/v2\/users\/4"}],"replies":[{"embeddable":true,"href":"https:\/\/crentassos.com.br\/blog\/wp-json\/wp\/v2\/comments?post=6237"}],"version-history":[{"count":13,"href":"https:\/\/crentassos.com.br\/blog\/wp-json\/wp\/v2\/posts\/6237\/revisions"}],"predecessor-version":[{"id":6246,"href":"https:\/\/crentassos.com.br\/blog\/wp-json\/wp\/v2\/posts\/6237\/revisions\/6246"}],"wp:featuredmedia":[{"embeddable":true,"href":"https:\/\/crentassos.com.br\/blog\/wp-json\/wp\/v2\/media\/6238"}],"wp:attachment":[{"href":"https:\/\/crentassos.com.br\/blog\/wp-json\/wp\/v2\/media?parent=6237"}],"wp:term":[{"taxonomy":"category","embeddable":true,"href":"https:\/\/crentassos.com.br\/blog\/wp-json\/wp\/v2\/categories?post=6237"},{"taxonomy":"post_tag","embeddable":true,"href":"https:\/\/crentassos.com.br\/blog\/wp-json\/wp\/v2\/tags?post=6237"}],"curies":[{"name":"wp","href":"https:\/\/api.w.org\/{rel}","templated":true}]}}