{"id":6211,"date":"2012-05-17T15:13:37","date_gmt":"2012-05-17T18:13:37","guid":{"rendered":"http:\/\/crentassos.com.br\/blog\/?p=6211"},"modified":"2012-05-17T15:26:23","modified_gmt":"2012-05-17T18:26:23","slug":"redcomments-universitaria-que-ofendeu-nordestinos-no-twitter-e-condenada","status":"publish","type":"post","link":"https:\/\/crentassos.com.br\/blog\/2012\/05\/redcomments-universitaria-que-ofendeu-nordestinos-no-twitter-e-condenada.html","title":{"rendered":"#RedComments &#8211; Universit\u00e1ria que ofendeu nordestinos no Twitter \u00e9 condenada"},"content":{"rendered":"<p style=\"text-align: justify;\"><strong><span style=\"color: #ff0000;\">Lembra desse texto<em> <a href=\"http:\/\/crentassos.com.br\/blog\/2010\/11\/orgulhodesernordestino.html\" target=\"_blank\"><span style=\"color: #ff0000;\">aqui<\/span><\/a>,<\/em> escrito pela Leticia Setsumi, vulgo Japa do Podcrent?<\/span><\/strong><\/p>\n<p style=\"text-align: justify;\"><strong><span style=\"color: #ff0000;\">Pois ent\u00e3o, hj, lendo a <em><a href=\"http:\/\/www.cartacapital.com.br\" target=\"_blank\"><span style=\"color: #ff0000;\">Carta Capital<\/span><\/a>,<\/em> mais especificamente neste link <em><a href=\"http:\/\/www.cartacapital.com.br\/sociedade\/universitaria-que-ofendeu-nordestinos-no-twitter-e-condenada\/\" target=\"_blank\"><span style=\"color: #ff0000;\">aqui<\/span><\/a>,<\/em> olha s\u00f3 oq eu vi, a garota foi condenada a TRABALHOS COMUNITARIOS e MULTA&#8230; <\/span><\/strong><\/p>\n<p style=\"text-align: justify;\"><strong><span style=\"color: #ff0000;\">Um abra\u00e7o para meus amigos (??) racistas q acham q o SUL sustenta o Brasil&#8230; Mais cuidado com as bobagens q andam dizendo heim <\/span><\/strong><\/p>\n<p style=\"text-align: justify;\"><strong><span style=\"color: #ff0000;\">Segue o TEXTO.<\/span><\/strong><\/p>\n<p style=\"text-align: justify;\">A estudante de Direito <span style=\"color: #ff0000;\"><strong>(Vei&#8230; De diretio, mano, deveria saber q isso daria merda!)<\/strong><\/span> Mayara Petruso, que publicou, em 2010 <strong><span style=\"color: #ff0000;\">(faz tempinha j\u00e1 heim!)<\/span><\/strong>, mensagens ofensivas contra nordestinos em seu perfil no Twitter foi condenada nesta quarta-feira 16 a 1 ano, 5 meses e 15 dias de reclus\u00e3o <span style=\"color: #ff0000;\"><strong>(t\u00e1 loko, manolo!)<\/strong><\/span>. A decis\u00e3o foi da ju\u00edza federal M\u00f4nica Aparecida Bonavina Camargo, da 9\u00aa Vara Federal Criminal em S\u00e3o Paulo, que julgou a mensagem preconceituosa <strong><span style=\"color: #ff0000;\">(BEEEEEM preconceituosa&#8230; P\u00f4 falar q os nordestinos N\u00c3O S\u00c3O GENTE?)<\/span><\/strong> e de incita\u00e7\u00e3o \u00e0 viol\u00eancia contra nordestinos <strong><span style=\"color: #ff0000;\">(NaziFacista tambem, pois esse tipo de coment\u00e1rio caberia certinho na boa de um EXTREMISTA de diretia tais qual os FACIST\u00d3IDES raspados aqui do Brasil q acreditam q por terem a pele um pouco mais clara q o da maioria da popula\u00e7\u00e3o, tem atributos morais para decidir oq \u00e9 melhor para todos, e tentam minimizar a NEGRITUDE do pa\u00eds&#8230; )<\/span><\/strong>. A pena, no entanto, foi convertida em presta\u00e7\u00e3o de servi\u00e7o comunit\u00e1rio <strong><span style=\"color: #ff0000;\">(serei apedrejado, mas acho justo, justissimo, ela n\u00e3o ir pra cadeia&#8230; Uma garotinha dessas na cadeia )<\/span><\/strong> e pagamento de multa e indeniza\u00e7\u00e3o no valor de 500 reais <span style=\"color: #ff0000;\"><strong>(Micharia, heim&#8230;. pensei q seria mais!)<\/strong><\/span>.<\/p>\n<p style=\"text-align: justify;\"><img decoding=\"async\" class=\"wp-image-6212 aligncenter\" title=\"mayara_4902\" src=\"http:\/\/crentassos.com.br\/blog\/wp-content\/uploads\/2012\/05\/mayara_4902.jpg\" alt=\"\" \/><\/p>\n<p style=\"text-align: justify;\">Segundo Petruzo, a mensagem \u201cNordestisto [sic] n\u00e3o \u00e9 gente. Fa\u00e7a um favor a SP: mate um nordestino afogado\u201d foi motivada pelo resultado das elei\u00e7\u00f5es \u00e0 presid\u00eancia da Rep\u00fablica em 2010, quando seu candidato \u2013 Jos\u00e9 Serra <span style=\"color: #ff0000;\"><strong>(Deixem os mortos descansar&#8230;)<\/strong><\/span> \u2013 perdeu para Dilma Rousseff devido \u00e0 expressiva vota\u00e7\u00e3o dos nordestinos <span style=\"color: #ff0000;\"><strong>(obrigado nordestinos&#8230;)<\/strong><\/span>. Contudo, a ju\u00edza rejeitou a alega\u00e7\u00e3o de que a mensagem foi a express\u00e3o de uma posi\u00e7\u00e3o pol\u00edtica<span style=\"color: #ff0000;\"><strong> (pq n\u00e3o fez como o Piragine, dizendo q o PT \u00e9 de Satan\u00e1s, ou como outros q disseram q a Dilma era l\u00e9sbica, ou ainda q era Iluminati, como qualquer ser humano normal&#8230;)<\/strong><\/span> .<\/p>\n<p style=\"text-align: justify;\">Na \u00e9poca, a estudante cursava o primeiro ano de Direito <span style=\"color: #ff0000;\"><strong>(Primeiro ano&#8230; atire a primeira pedra aquele q n\u00e3o foi calouro escroto!)<\/strong><\/span>, morava em S\u00e3o Paulo com duas amigas e estagiava em escrit\u00f3rio de advocacia. Depois da repercuss\u00e3o do fato, perdeu o emprego, abandonou a faculdade e mudou-se de cidade com medo de repres\u00e1lias <strong><span style=\"color: #ff0000;\">(Ai \u00e9 tenso, heim&#8230; )<\/span><\/strong>.<\/p>\n<p style=\"text-align: justify;\">Em sua defesa, Mayara disse que n\u00e3o tinha a inten\u00e7\u00e3o de ofender <span style=\"color: #ff0000;\"><strong>(boa inten\u00e7\u00e3o, j\u00e1 diriam os antigos, enche o inferno)<\/strong><\/span>, que n\u00e3o \u00e9 preconceituosa <span style=\"color: #ff0000;\"><strong>(Na minha fecal opini\u00e3o, todos somos preconceituosos, \u00e9 um fato, assim como o pecado, temos q tentar MORTIFICAR isso!)<\/strong><\/span> e n\u00e3o esperava que a postagem tivesse tanta repercuss\u00e3o. Confessou estar envergonhada e arrependida <strong><span style=\"color: #ff0000;\">(que bom!)<\/span><\/strong> pelo que fez.<\/p>\n<p style=\"text-align: justify;\">&#8212;<\/p>\n<p style=\"text-align: justify;\"><strong><span style=\"color: #ff0000;\">Cristiano diz:<\/span><\/strong><\/p>\n<p style=\"text-align: justify;\"><strong><span style=\"color: #ff0000;\">Vei, na moral, essa menininha ai, coitada, apesar de ser uma escrotinha, \u00e9 apenas o fruto de uma sociedade amplamente racista, preconceituosa, (sem falar machista e homof\u00f3bica) q o Brasil carrega desde sua funda\u00e7\u00e3o, e \u00e9 fato consumado, q CADEIA para essa garota, n\u00e3o resolveria nada. Alguns mais inflamados, podem achar q ela deveria ir pra cadeia e sofrer e bla bla bla, mas antes de qualquer coisa, temos q pensar: O Objetivo da pena n\u00e3o \u00e9 pura e simplesmente, reabilitar o infrator? Se sim, n\u00e3o seria muito melhor, a essa garota, q ela fosse colocada numa comunidade de risco ou atuando funto a uma comunidade empobrecida, para q um soco de realidade de vida encontrasse a boca do estomago dela?! \u00c9 apenas a minha opini\u00e3o, mas um REVANCHISMO por parte dos nordestinos nesse momento, faria apenas perpetuar essa guerra fria entre os polos do Brasil, evidenciando ainda mais o fato de que se n\u00e3o conseguimos nem mesmo ter identidade de na\u00e7\u00e3o, com nossas diferen\u00e7as culturais e &#8220;raciais&#8221;, como ent\u00e3o um dia poderemos ter a pretens\u00e3o de anunciar o Reino de Deus, como crist\u00e3os?<\/span><\/strong><\/p>\n<p style=\"text-align: justify;\">Vi na <a href=\"www.cartacapital.com.br\/\" target=\"_blank\">CARTA CAPITAL<\/a><\/p>\n","protected":false},"excerpt":{"rendered":"<p>Lembra desse texto aqui, escrito pela Leticia Setsumi, vulgo Japa do Podcrent? Pois ent\u00e3o, hj, lendo a Carta Capital, mais especificamente neste [&hellip;]<\/p>\n","protected":false},"author":9,"featured_media":0,"comment_status":"open","ping_status":"open","sticky":false,"template":"","format":"standard","meta":{"_exactmetrics_skip_tracking":false,"_exactmetrics_sitenote_active":false,"_exactmetrics_sitenote_note":"","_exactmetrics_sitenote_category":0,"footnotes":"","_links_to":"","_links_to_target":""},"categories":[1391],"tags":[1771,850,1769,1770],"class_list":["post-6211","post","type-post","status-publish","format-standard","hentry","category-red-comments-sessoes","tag-carta-capital","tag-nordestinos","tag-recasimo","tag-universitaria"],"yoast_head":"<!-- This site is optimized with the Yoast SEO plugin v27.1.1 - https:\/\/yoast.com\/product\/yoast-seo-wordpress\/ -->\n<title>#RedComments - Universit\u00e1ria que ofendeu nordestinos no Twitter \u00e9 condenada - Crentassos Produ\u00e7\u00f5es Subversivas<\/title>\n<meta name=\"robots\" content=\"index, follow, max-snippet:-1, max-image-preview:large, max-video-preview:-1\" \/>\n<link rel=\"canonical\" href=\"https:\/\/crentassos.com.br\/blog\/2012\/05\/redcomments-universitaria-que-ofendeu-nordestinos-no-twitter-e-condenada.html\" \/>\n<meta property=\"og:locale\" content=\"pt_BR\" \/>\n<meta property=\"og:type\" content=\"article\" \/>\n<meta property=\"og:title\" content=\"#RedComments - Universit\u00e1ria que ofendeu nordestinos no Twitter \u00e9 condenada - Crentassos Produ\u00e7\u00f5es Subversivas\" \/>\n<meta property=\"og:description\" content=\"Lembra desse texto aqui, escrito pela Leticia Setsumi, vulgo Japa do Podcrent? Pois ent\u00e3o, hj, lendo a Carta Capital, mais especificamente neste [&hellip;]\" \/>\n<meta property=\"og:url\" content=\"https:\/\/crentassos.com.br\/blog\/2012\/05\/redcomments-universitaria-que-ofendeu-nordestinos-no-twitter-e-condenada.html\" \/>\n<meta property=\"og:site_name\" content=\"Crentassos Produ\u00e7\u00f5es Subversivas\" \/>\n<meta property=\"article:publisher\" content=\"http:\/\/www.facebook.com\/crentassos\" \/>\n<meta property=\"article:published_time\" content=\"2012-05-17T18:13:37+00:00\" \/>\n<meta property=\"article:modified_time\" content=\"2012-05-17T18:26:23+00:00\" \/>\n<meta property=\"og:image\" content=\"http:\/\/crentassos.com.br\/blog\/wp-content\/uploads\/2012\/05\/mayara_4902.jpg\" \/>\n<meta name=\"author\" content=\"Cristiano Machado\" \/>\n<meta name=\"twitter:card\" content=\"summary_large_image\" \/>\n<meta name=\"twitter:creator\" content=\"@crentassos\" \/>\n<meta name=\"twitter:site\" content=\"@crentassos\" \/>\n<meta name=\"twitter:label1\" content=\"Escrito por\" \/>\n\t<meta name=\"twitter:data1\" content=\"Cristiano Machado\" \/>\n\t<meta name=\"twitter:label2\" content=\"Est. tempo de leitura\" \/>\n\t<meta name=\"twitter:data2\" content=\"4 minutos\" \/>\n<script type=\"application\/ld+json\" class=\"yoast-schema-graph\">{\"@context\":\"https:\/\/schema.org\",\"@graph\":[{\"@type\":\"Article\",\"@id\":\"https:\/\/crentassos.com.br\/blog\/2012\/05\/redcomments-universitaria-que-ofendeu-nordestinos-no-twitter-e-condenada.html#article\",\"isPartOf\":{\"@id\":\"https:\/\/crentassos.com.br\/blog\/2012\/05\/redcomments-universitaria-que-ofendeu-nordestinos-no-twitter-e-condenada.html\"},\"author\":{\"name\":\"Cristiano Machado\",\"@id\":\"https:\/\/crentassos.com.br\/blog\/#\/schema\/person\/7ec3329a98c44e20ccd6cc2c9e18acbd\"},\"headline\":\"#RedComments &#8211; Universit\u00e1ria que ofendeu nordestinos no Twitter \u00e9 condenada\",\"datePublished\":\"2012-05-17T18:13:37+00:00\",\"dateModified\":\"2012-05-17T18:26:23+00:00\",\"mainEntityOfPage\":{\"@id\":\"https:\/\/crentassos.com.br\/blog\/2012\/05\/redcomments-universitaria-que-ofendeu-nordestinos-no-twitter-e-condenada.html\"},\"wordCount\":717,\"commentCount\":12,\"publisher\":{\"@id\":\"https:\/\/crentassos.com.br\/blog\/#organization\"},\"image\":{\"@id\":\"https:\/\/crentassos.com.br\/blog\/2012\/05\/redcomments-universitaria-que-ofendeu-nordestinos-no-twitter-e-condenada.html#primaryimage\"},\"thumbnailUrl\":\"http:\/\/crentassos.com.br\/blog\/wp-content\/uploads\/2012\/05\/mayara_4902.jpg\",\"keywords\":[\"carta capital\",\"nordestinos\",\"recasimo\",\"universitaria\"],\"articleSection\":[\"Red Comments\"],\"inLanguage\":\"pt-BR\",\"potentialAction\":[{\"@type\":\"CommentAction\",\"name\":\"Comment\",\"target\":[\"https:\/\/crentassos.com.br\/blog\/2012\/05\/redcomments-universitaria-que-ofendeu-nordestinos-no-twitter-e-condenada.html#respond\"]}]},{\"@type\":\"WebPage\",\"@id\":\"https:\/\/crentassos.com.br\/blog\/2012\/05\/redcomments-universitaria-que-ofendeu-nordestinos-no-twitter-e-condenada.html\",\"url\":\"https:\/\/crentassos.com.br\/blog\/2012\/05\/redcomments-universitaria-que-ofendeu-nordestinos-no-twitter-e-condenada.html\",\"name\":\"#RedComments - Universit\u00e1ria que ofendeu nordestinos no Twitter \u00e9 condenada - Crentassos Produ\u00e7\u00f5es Subversivas\",\"isPartOf\":{\"@id\":\"https:\/\/crentassos.com.br\/blog\/#website\"},\"primaryImageOfPage\":{\"@id\":\"https:\/\/crentassos.com.br\/blog\/2012\/05\/redcomments-universitaria-que-ofendeu-nordestinos-no-twitter-e-condenada.html#primaryimage\"},\"image\":{\"@id\":\"https:\/\/crentassos.com.br\/blog\/2012\/05\/redcomments-universitaria-que-ofendeu-nordestinos-no-twitter-e-condenada.html#primaryimage\"},\"thumbnailUrl\":\"http:\/\/crentassos.com.br\/blog\/wp-content\/uploads\/2012\/05\/mayara_4902.jpg\",\"datePublished\":\"2012-05-17T18:13:37+00:00\",\"dateModified\":\"2012-05-17T18:26:23+00:00\",\"breadcrumb\":{\"@id\":\"https:\/\/crentassos.com.br\/blog\/2012\/05\/redcomments-universitaria-que-ofendeu-nordestinos-no-twitter-e-condenada.html#breadcrumb\"},\"inLanguage\":\"pt-BR\",\"potentialAction\":[{\"@type\":\"ReadAction\",\"target\":[\"https:\/\/crentassos.com.br\/blog\/2012\/05\/redcomments-universitaria-que-ofendeu-nordestinos-no-twitter-e-condenada.html\"]}]},{\"@type\":\"ImageObject\",\"inLanguage\":\"pt-BR\",\"@id\":\"https:\/\/crentassos.com.br\/blog\/2012\/05\/redcomments-universitaria-que-ofendeu-nordestinos-no-twitter-e-condenada.html#primaryimage\",\"url\":\"http:\/\/crentassos.com.br\/blog\/wp-content\/uploads\/2012\/05\/mayara_4902.jpg\",\"contentUrl\":\"http:\/\/crentassos.com.br\/blog\/wp-content\/uploads\/2012\/05\/mayara_4902.jpg\"},{\"@type\":\"BreadcrumbList\",\"@id\":\"https:\/\/crentassos.com.br\/blog\/2012\/05\/redcomments-universitaria-que-ofendeu-nordestinos-no-twitter-e-condenada.html#breadcrumb\",\"itemListElement\":[{\"@type\":\"ListItem\",\"position\":1,\"name\":\"Home\",\"item\":\"https:\/\/crentassos.com.br\/blog\/\"},{\"@type\":\"ListItem\",\"position\":2,\"name\":\"#RedComments &#8211; Universit\u00e1ria que ofendeu nordestinos no Twitter \u00e9 condenada\"}]},{\"@type\":\"WebSite\",\"@id\":\"https:\/\/crentassos.com.br\/blog\/#website\",\"url\":\"https:\/\/crentassos.com.br\/blog\/\",\"name\":\"Crentassos Produ\u00e7\u00f5es Subversivas\",\"description\":\"Podcast Crist\u00e3o, Podcrent, Da Prateleira, Artigos crist\u00e3os, Teologia, Estudos, Textos B\u00edblicos\",\"publisher\":{\"@id\":\"https:\/\/crentassos.com.br\/blog\/#organization\"},\"potentialAction\":[{\"@type\":\"SearchAction\",\"target\":{\"@type\":\"EntryPoint\",\"urlTemplate\":\"https:\/\/crentassos.com.br\/blog\/?s={search_term_string}\"},\"query-input\":{\"@type\":\"PropertyValueSpecification\",\"valueRequired\":true,\"valueName\":\"search_term_string\"}}],\"inLanguage\":\"pt-BR\"},{\"@type\":\"Organization\",\"@id\":\"https:\/\/crentassos.com.br\/blog\/#organization\",\"name\":\"Crentassos Produ\u00e7\u00f5es Subversivas\",\"url\":\"https:\/\/crentassos.com.br\/blog\/\",\"logo\":{\"@type\":\"ImageObject\",\"inLanguage\":\"pt-BR\",\"@id\":\"https:\/\/crentassos.com.br\/blog\/#\/schema\/logo\/image\/\",\"url\":\"https:\/\/crentassos.com.br\/blog\/wp-content\/uploads\/2020\/05\/cropped-crentassos1-300x300png.png\",\"contentUrl\":\"https:\/\/crentassos.com.br\/blog\/wp-content\/uploads\/2020\/05\/cropped-crentassos1-300x300png.png\",\"width\":300,\"height\":300,\"caption\":\"Crentassos Produ\u00e7\u00f5es Subversivas\"},\"image\":{\"@id\":\"https:\/\/crentassos.com.br\/blog\/#\/schema\/logo\/image\/\"},\"sameAs\":[\"http:\/\/www.facebook.com\/crentassos\",\"https:\/\/x.com\/crentassos\",\"https:\/\/www.instagram.com\/crentassos\",\"https:\/\/www.youtube.com\/crentassos\"]},{\"@type\":\"Person\",\"@id\":\"https:\/\/crentassos.com.br\/blog\/#\/schema\/person\/7ec3329a98c44e20ccd6cc2c9e18acbd\",\"name\":\"Cristiano Machado\",\"image\":{\"@type\":\"ImageObject\",\"inLanguage\":\"pt-BR\",\"@id\":\"https:\/\/crentassos.com.br\/blog\/#\/schema\/person\/image\/\",\"url\":\"https:\/\/secure.gravatar.com\/avatar\/3e7427d384f99d15935b3008477c324124816869ceb70e362e586dcccdb265bf?s=96&d=retro&r=g\",\"contentUrl\":\"https:\/\/secure.gravatar.com\/avatar\/3e7427d384f99d15935b3008477c324124816869ceb70e362e586dcccdb265bf?s=96&d=retro&r=g\",\"caption\":\"Cristiano Machado\"},\"description\":\"Cristiano Machado \u00e9 o culpado pelo inicio do COLETIVO CRENTASSOS PRODU\u00c7\u00d5ES SUBVERSIVAS e atua como auxiliar de cirurgi\u00e3o barbeiro, tocando o bumbo, jogando malabares, preparando o elixir, costurando amputa\u00e7\u00f5es e demais atividades relacionadas \u00e0 sua ocupa\u00e7\u00e3o. Pensa n\u00e3o vida em forma de pergunta e nunca de resposta, e tem um profundo sentimento de gratid\u00e3o e amor por sua esposa e filha. Religi\u00e3o: Crist\u00e3o Protestante Reformando-se Estado Civil: Inteiramente apaixonado\",\"sameAs\":[\"http:\/\/crentassos.com.br\/blog\"],\"url\":\"https:\/\/crentassos.com.br\/blog\/author\/o_cristiano\"}]}<\/script>\n<!-- \/ Yoast SEO plugin. -->","yoast_head_json":{"title":"#RedComments - Universit\u00e1ria que ofendeu nordestinos no Twitter \u00e9 condenada - Crentassos Produ\u00e7\u00f5es Subversivas","robots":{"index":"index","follow":"follow","max-snippet":"max-snippet:-1","max-image-preview":"max-image-preview:large","max-video-preview":"max-video-preview:-1"},"canonical":"https:\/\/crentassos.com.br\/blog\/2012\/05\/redcomments-universitaria-que-ofendeu-nordestinos-no-twitter-e-condenada.html","og_locale":"pt_BR","og_type":"article","og_title":"#RedComments - Universit\u00e1ria que ofendeu nordestinos no Twitter \u00e9 condenada - Crentassos Produ\u00e7\u00f5es Subversivas","og_description":"Lembra desse texto aqui, escrito pela Leticia Setsumi, vulgo Japa do Podcrent? Pois ent\u00e3o, hj, lendo a Carta Capital, mais especificamente neste [&hellip;]","og_url":"https:\/\/crentassos.com.br\/blog\/2012\/05\/redcomments-universitaria-que-ofendeu-nordestinos-no-twitter-e-condenada.html","og_site_name":"Crentassos Produ\u00e7\u00f5es Subversivas","article_publisher":"http:\/\/www.facebook.com\/crentassos","article_published_time":"2012-05-17T18:13:37+00:00","article_modified_time":"2012-05-17T18:26:23+00:00","og_image":[{"url":"http:\/\/crentassos.com.br\/blog\/wp-content\/uploads\/2012\/05\/mayara_4902.jpg","type":"","width":"","height":""}],"author":"Cristiano Machado","twitter_card":"summary_large_image","twitter_creator":"@crentassos","twitter_site":"@crentassos","twitter_misc":{"Escrito por":"Cristiano Machado","Est. tempo de leitura":"4 minutos"},"schema":{"@context":"https:\/\/schema.org","@graph":[{"@type":"Article","@id":"https:\/\/crentassos.com.br\/blog\/2012\/05\/redcomments-universitaria-que-ofendeu-nordestinos-no-twitter-e-condenada.html#article","isPartOf":{"@id":"https:\/\/crentassos.com.br\/blog\/2012\/05\/redcomments-universitaria-que-ofendeu-nordestinos-no-twitter-e-condenada.html"},"author":{"name":"Cristiano Machado","@id":"https:\/\/crentassos.com.br\/blog\/#\/schema\/person\/7ec3329a98c44e20ccd6cc2c9e18acbd"},"headline":"#RedComments &#8211; Universit\u00e1ria que ofendeu nordestinos no Twitter \u00e9 condenada","datePublished":"2012-05-17T18:13:37+00:00","dateModified":"2012-05-17T18:26:23+00:00","mainEntityOfPage":{"@id":"https:\/\/crentassos.com.br\/blog\/2012\/05\/redcomments-universitaria-que-ofendeu-nordestinos-no-twitter-e-condenada.html"},"wordCount":717,"commentCount":12,"publisher":{"@id":"https:\/\/crentassos.com.br\/blog\/#organization"},"image":{"@id":"https:\/\/crentassos.com.br\/blog\/2012\/05\/redcomments-universitaria-que-ofendeu-nordestinos-no-twitter-e-condenada.html#primaryimage"},"thumbnailUrl":"http:\/\/crentassos.com.br\/blog\/wp-content\/uploads\/2012\/05\/mayara_4902.jpg","keywords":["carta capital","nordestinos","recasimo","universitaria"],"articleSection":["Red Comments"],"inLanguage":"pt-BR","potentialAction":[{"@type":"CommentAction","name":"Comment","target":["https:\/\/crentassos.com.br\/blog\/2012\/05\/redcomments-universitaria-que-ofendeu-nordestinos-no-twitter-e-condenada.html#respond"]}]},{"@type":"WebPage","@id":"https:\/\/crentassos.com.br\/blog\/2012\/05\/redcomments-universitaria-que-ofendeu-nordestinos-no-twitter-e-condenada.html","url":"https:\/\/crentassos.com.br\/blog\/2012\/05\/redcomments-universitaria-que-ofendeu-nordestinos-no-twitter-e-condenada.html","name":"#RedComments - Universit\u00e1ria que ofendeu nordestinos no Twitter \u00e9 condenada - Crentassos Produ\u00e7\u00f5es Subversivas","isPartOf":{"@id":"https:\/\/crentassos.com.br\/blog\/#website"},"primaryImageOfPage":{"@id":"https:\/\/crentassos.com.br\/blog\/2012\/05\/redcomments-universitaria-que-ofendeu-nordestinos-no-twitter-e-condenada.html#primaryimage"},"image":{"@id":"https:\/\/crentassos.com.br\/blog\/2012\/05\/redcomments-universitaria-que-ofendeu-nordestinos-no-twitter-e-condenada.html#primaryimage"},"thumbnailUrl":"http:\/\/crentassos.com.br\/blog\/wp-content\/uploads\/2012\/05\/mayara_4902.jpg","datePublished":"2012-05-17T18:13:37+00:00","dateModified":"2012-05-17T18:26:23+00:00","breadcrumb":{"@id":"https:\/\/crentassos.com.br\/blog\/2012\/05\/redcomments-universitaria-que-ofendeu-nordestinos-no-twitter-e-condenada.html#breadcrumb"},"inLanguage":"pt-BR","potentialAction":[{"@type":"ReadAction","target":["https:\/\/crentassos.com.br\/blog\/2012\/05\/redcomments-universitaria-que-ofendeu-nordestinos-no-twitter-e-condenada.html"]}]},{"@type":"ImageObject","inLanguage":"pt-BR","@id":"https:\/\/crentassos.com.br\/blog\/2012\/05\/redcomments-universitaria-que-ofendeu-nordestinos-no-twitter-e-condenada.html#primaryimage","url":"http:\/\/crentassos.com.br\/blog\/wp-content\/uploads\/2012\/05\/mayara_4902.jpg","contentUrl":"http:\/\/crentassos.com.br\/blog\/wp-content\/uploads\/2012\/05\/mayara_4902.jpg"},{"@type":"BreadcrumbList","@id":"https:\/\/crentassos.com.br\/blog\/2012\/05\/redcomments-universitaria-que-ofendeu-nordestinos-no-twitter-e-condenada.html#breadcrumb","itemListElement":[{"@type":"ListItem","position":1,"name":"Home","item":"https:\/\/crentassos.com.br\/blog\/"},{"@type":"ListItem","position":2,"name":"#RedComments &#8211; Universit\u00e1ria que ofendeu nordestinos no Twitter \u00e9 condenada"}]},{"@type":"WebSite","@id":"https:\/\/crentassos.com.br\/blog\/#website","url":"https:\/\/crentassos.com.br\/blog\/","name":"Crentassos Produ\u00e7\u00f5es Subversivas","description":"Podcast Crist\u00e3o, Podcrent, Da Prateleira, Artigos crist\u00e3os, Teologia, Estudos, Textos B\u00edblicos","publisher":{"@id":"https:\/\/crentassos.com.br\/blog\/#organization"},"potentialAction":[{"@type":"SearchAction","target":{"@type":"EntryPoint","urlTemplate":"https:\/\/crentassos.com.br\/blog\/?s={search_term_string}"},"query-input":{"@type":"PropertyValueSpecification","valueRequired":true,"valueName":"search_term_string"}}],"inLanguage":"pt-BR"},{"@type":"Organization","@id":"https:\/\/crentassos.com.br\/blog\/#organization","name":"Crentassos Produ\u00e7\u00f5es Subversivas","url":"https:\/\/crentassos.com.br\/blog\/","logo":{"@type":"ImageObject","inLanguage":"pt-BR","@id":"https:\/\/crentassos.com.br\/blog\/#\/schema\/logo\/image\/","url":"https:\/\/crentassos.com.br\/blog\/wp-content\/uploads\/2020\/05\/cropped-crentassos1-300x300png.png","contentUrl":"https:\/\/crentassos.com.br\/blog\/wp-content\/uploads\/2020\/05\/cropped-crentassos1-300x300png.png","width":300,"height":300,"caption":"Crentassos Produ\u00e7\u00f5es Subversivas"},"image":{"@id":"https:\/\/crentassos.com.br\/blog\/#\/schema\/logo\/image\/"},"sameAs":["http:\/\/www.facebook.com\/crentassos","https:\/\/x.com\/crentassos","https:\/\/www.instagram.com\/crentassos","https:\/\/www.youtube.com\/crentassos"]},{"@type":"Person","@id":"https:\/\/crentassos.com.br\/blog\/#\/schema\/person\/7ec3329a98c44e20ccd6cc2c9e18acbd","name":"Cristiano Machado","image":{"@type":"ImageObject","inLanguage":"pt-BR","@id":"https:\/\/crentassos.com.br\/blog\/#\/schema\/person\/image\/","url":"https:\/\/secure.gravatar.com\/avatar\/3e7427d384f99d15935b3008477c324124816869ceb70e362e586dcccdb265bf?s=96&d=retro&r=g","contentUrl":"https:\/\/secure.gravatar.com\/avatar\/3e7427d384f99d15935b3008477c324124816869ceb70e362e586dcccdb265bf?s=96&d=retro&r=g","caption":"Cristiano Machado"},"description":"Cristiano Machado \u00e9 o culpado pelo inicio do COLETIVO CRENTASSOS PRODU\u00c7\u00d5ES SUBVERSIVAS e atua como auxiliar de cirurgi\u00e3o barbeiro, tocando o bumbo, jogando malabares, preparando o elixir, costurando amputa\u00e7\u00f5es e demais atividades relacionadas \u00e0 sua ocupa\u00e7\u00e3o. Pensa n\u00e3o vida em forma de pergunta e nunca de resposta, e tem um profundo sentimento de gratid\u00e3o e amor por sua esposa e filha. Religi\u00e3o: Crist\u00e3o Protestante Reformando-se Estado Civil: Inteiramente apaixonado","sameAs":["http:\/\/crentassos.com.br\/blog"],"url":"https:\/\/crentassos.com.br\/blog\/author\/o_cristiano"}]}},"_links":{"self":[{"href":"https:\/\/crentassos.com.br\/blog\/wp-json\/wp\/v2\/posts\/6211","targetHints":{"allow":["GET"]}}],"collection":[{"href":"https:\/\/crentassos.com.br\/blog\/wp-json\/wp\/v2\/posts"}],"about":[{"href":"https:\/\/crentassos.com.br\/blog\/wp-json\/wp\/v2\/types\/post"}],"author":[{"embeddable":true,"href":"https:\/\/crentassos.com.br\/blog\/wp-json\/wp\/v2\/users\/9"}],"replies":[{"embeddable":true,"href":"https:\/\/crentassos.com.br\/blog\/wp-json\/wp\/v2\/comments?post=6211"}],"version-history":[{"count":7,"href":"https:\/\/crentassos.com.br\/blog\/wp-json\/wp\/v2\/posts\/6211\/revisions"}],"predecessor-version":[{"id":6217,"href":"https:\/\/crentassos.com.br\/blog\/wp-json\/wp\/v2\/posts\/6211\/revisions\/6217"}],"wp:attachment":[{"href":"https:\/\/crentassos.com.br\/blog\/wp-json\/wp\/v2\/media?parent=6211"}],"wp:term":[{"taxonomy":"category","embeddable":true,"href":"https:\/\/crentassos.com.br\/blog\/wp-json\/wp\/v2\/categories?post=6211"},{"taxonomy":"post_tag","embeddable":true,"href":"https:\/\/crentassos.com.br\/blog\/wp-json\/wp\/v2\/tags?post=6211"}],"curies":[{"name":"wp","href":"https:\/\/api.w.org\/{rel}","templated":true}]}}