{"id":6089,"date":"2012-05-18T10:00:16","date_gmt":"2012-05-18T13:00:16","guid":{"rendered":"http:\/\/crentassos.com.br\/blog\/?p=6089"},"modified":"2012-05-17T11:52:32","modified_gmt":"2012-05-17T14:52:32","slug":"com-a-palavra-ricardo-bitun-a-crise-neo-pentecostal","status":"publish","type":"post","link":"https:\/\/crentassos.com.br\/blog\/2012\/05\/com-a-palavra-ricardo-bitun-a-crise-neo-pentecostal.html","title":{"rendered":"Com a Palavra, Ricardo Bitun &#8211; A Crise NEO-Pentecostal"},"content":{"rendered":"<p>Ricardo Bitun, tr\u00e1s uma palavra inteligentissima, sobre a CRISE NEO-PENTECOSTAL (???) ou da Crise dos N\u00e3o Neo Pentecostais&#8230; Quem \u00e9 que sabe oq \u00e9 NEO-Pentecostal? <\/p>\n","protected":false},"excerpt":{"rendered":"<p>Ricardo Bitun, tr\u00e1s uma palavra inteligentissima, sobre a CRISE NEO-PENTECOSTAL (???) ou da Crise dos N\u00e3o Neo Pentecostais&#8230; Quem \u00e9 que sabe [&hellip;]<\/p>\n","protected":false},"author":9,"featured_media":6092,"comment_status":"open","ping_status":"open","sticky":false,"template":"","format":"standard","meta":{"_exactmetrics_skip_tracking":false,"_exactmetrics_sitenote_active":false,"_exactmetrics_sitenote_note":"","_exactmetrics_sitenote_category":0,"footnotes":"","_links_to":"","_links_to_target":""},"categories":[328],"tags":[1752,1753,9,1754],"class_list":{"0":"post-6089","1":"post","2":"type-post","3":"status-publish","4":"format-standard","5":"has-post-thumbnail","6":"hentry","7":"category-com-a-palavra","8":"tag-crise","9":"tag-neo-pentecostal","10":"tag-pregacao","11":"tag-ricardo-bitun","13":"post-with-thumbnail","14":"post-with-thumbnail-large"},"yoast_head":"<!-- This site is optimized with the Yoast SEO plugin v27.1.1 - https:\/\/yoast.com\/product\/yoast-seo-wordpress\/ -->\n<title>Com a Palavra, Ricardo Bitun - A Crise NEO-Pentecostal - Crentassos Produ\u00e7\u00f5es Subversivas<\/title>\n<meta name=\"robots\" content=\"index, follow, max-snippet:-1, max-image-preview:large, max-video-preview:-1\" \/>\n<link rel=\"canonical\" href=\"https:\/\/crentassos.com.br\/blog\/2012\/05\/com-a-palavra-ricardo-bitun-a-crise-neo-pentecostal.html\" \/>\n<meta property=\"og:locale\" content=\"pt_BR\" \/>\n<meta property=\"og:type\" content=\"article\" \/>\n<meta property=\"og:title\" content=\"Com a Palavra, Ricardo Bitun - A Crise NEO-Pentecostal - Crentassos Produ\u00e7\u00f5es Subversivas\" \/>\n<meta property=\"og:description\" content=\"Ricardo Bitun, tr\u00e1s uma palavra inteligentissima, sobre a CRISE NEO-PENTECOSTAL (???) ou da Crise dos N\u00e3o Neo Pentecostais&#8230; Quem \u00e9 que sabe [&hellip;]\" \/>\n<meta property=\"og:url\" content=\"https:\/\/crentassos.com.br\/blog\/2012\/05\/com-a-palavra-ricardo-bitun-a-crise-neo-pentecostal.html\" \/>\n<meta property=\"og:site_name\" content=\"Crentassos Produ\u00e7\u00f5es Subversivas\" \/>\n<meta property=\"article:publisher\" content=\"http:\/\/www.facebook.com\/crentassos\" \/>\n<meta property=\"article:published_time\" content=\"2012-05-18T13:00:16+00:00\" \/>\n<meta property=\"og:image\" content=\"https:\/\/crentassos.com.br\/blog\/wp-content\/uploads\/2012\/05\/bitum.jpg\" \/>\n\t<meta property=\"og:image:width\" content=\"500\" \/>\n\t<meta property=\"og:image:height\" content=\"334\" \/>\n\t<meta property=\"og:image:type\" content=\"image\/jpeg\" \/>\n<meta name=\"author\" content=\"Cristiano Machado\" \/>\n<meta name=\"twitter:card\" content=\"summary_large_image\" \/>\n<meta name=\"twitter:creator\" content=\"@crentassos\" \/>\n<meta name=\"twitter:site\" content=\"@crentassos\" \/>\n<meta name=\"twitter:label1\" content=\"Escrito por\" \/>\n\t<meta name=\"twitter:data1\" content=\"Cristiano Machado\" \/>\n<script type=\"application\/ld+json\" class=\"yoast-schema-graph\">{\"@context\":\"https:\/\/schema.org\",\"@graph\":[{\"@type\":\"Article\",\"@id\":\"https:\/\/crentassos.com.br\/blog\/2012\/05\/com-a-palavra-ricardo-bitun-a-crise-neo-pentecostal.html#article\",\"isPartOf\":{\"@id\":\"https:\/\/crentassos.com.br\/blog\/2012\/05\/com-a-palavra-ricardo-bitun-a-crise-neo-pentecostal.html\"},\"author\":{\"name\":\"Cristiano Machado\",\"@id\":\"https:\/\/crentassos.com.br\/blog\/#\/schema\/person\/7ec3329a98c44e20ccd6cc2c9e18acbd\"},\"headline\":\"Com a Palavra, Ricardo Bitun &#8211; A Crise NEO-Pentecostal\",\"datePublished\":\"2012-05-18T13:00:16+00:00\",\"mainEntityOfPage\":{\"@id\":\"https:\/\/crentassos.com.br\/blog\/2012\/05\/com-a-palavra-ricardo-bitun-a-crise-neo-pentecostal.html\"},\"wordCount\":38,\"commentCount\":0,\"publisher\":{\"@id\":\"https:\/\/crentassos.com.br\/blog\/#organization\"},\"image\":{\"@id\":\"https:\/\/crentassos.com.br\/blog\/2012\/05\/com-a-palavra-ricardo-bitun-a-crise-neo-pentecostal.html#primaryimage\"},\"thumbnailUrl\":\"https:\/\/crentassos.com.br\/blog\/wp-content\/uploads\/2012\/05\/bitum.jpg\",\"keywords\":[\"crise\",\"neo-pentecostal\",\"prega\u00e7\u00e3o\",\"ricardo bitun\"],\"articleSection\":[\"Com a Palavra\"],\"inLanguage\":\"pt-BR\",\"potentialAction\":[{\"@type\":\"CommentAction\",\"name\":\"Comment\",\"target\":[\"https:\/\/crentassos.com.br\/blog\/2012\/05\/com-a-palavra-ricardo-bitun-a-crise-neo-pentecostal.html#respond\"]}]},{\"@type\":\"WebPage\",\"@id\":\"https:\/\/crentassos.com.br\/blog\/2012\/05\/com-a-palavra-ricardo-bitun-a-crise-neo-pentecostal.html\",\"url\":\"https:\/\/crentassos.com.br\/blog\/2012\/05\/com-a-palavra-ricardo-bitun-a-crise-neo-pentecostal.html\",\"name\":\"Com a Palavra, Ricardo Bitun - A Crise NEO-Pentecostal - Crentassos Produ\u00e7\u00f5es Subversivas\",\"isPartOf\":{\"@id\":\"https:\/\/crentassos.com.br\/blog\/#website\"},\"primaryImageOfPage\":{\"@id\":\"https:\/\/crentassos.com.br\/blog\/2012\/05\/com-a-palavra-ricardo-bitun-a-crise-neo-pentecostal.html#primaryimage\"},\"image\":{\"@id\":\"https:\/\/crentassos.com.br\/blog\/2012\/05\/com-a-palavra-ricardo-bitun-a-crise-neo-pentecostal.html#primaryimage\"},\"thumbnailUrl\":\"https:\/\/crentassos.com.br\/blog\/wp-content\/uploads\/2012\/05\/bitum.jpg\",\"datePublished\":\"2012-05-18T13:00:16+00:00\",\"breadcrumb\":{\"@id\":\"https:\/\/crentassos.com.br\/blog\/2012\/05\/com-a-palavra-ricardo-bitun-a-crise-neo-pentecostal.html#breadcrumb\"},\"inLanguage\":\"pt-BR\",\"potentialAction\":[{\"@type\":\"ReadAction\",\"target\":[\"https:\/\/crentassos.com.br\/blog\/2012\/05\/com-a-palavra-ricardo-bitun-a-crise-neo-pentecostal.html\"]}]},{\"@type\":\"ImageObject\",\"inLanguage\":\"pt-BR\",\"@id\":\"https:\/\/crentassos.com.br\/blog\/2012\/05\/com-a-palavra-ricardo-bitun-a-crise-neo-pentecostal.html#primaryimage\",\"url\":\"https:\/\/crentassos.com.br\/blog\/wp-content\/uploads\/2012\/05\/bitum.jpg\",\"contentUrl\":\"https:\/\/crentassos.com.br\/blog\/wp-content\/uploads\/2012\/05\/bitum.jpg\",\"width\":\"500\",\"height\":\"334\",\"caption\":\"Com a Palavra\"},{\"@type\":\"BreadcrumbList\",\"@id\":\"https:\/\/crentassos.com.br\/blog\/2012\/05\/com-a-palavra-ricardo-bitun-a-crise-neo-pentecostal.html#breadcrumb\",\"itemListElement\":[{\"@type\":\"ListItem\",\"position\":1,\"name\":\"Home\",\"item\":\"https:\/\/crentassos.com.br\/blog\/\"},{\"@type\":\"ListItem\",\"position\":2,\"name\":\"Com a Palavra, Ricardo Bitun &#8211; A Crise NEO-Pentecostal\"}]},{\"@type\":\"WebSite\",\"@id\":\"https:\/\/crentassos.com.br\/blog\/#website\",\"url\":\"https:\/\/crentassos.com.br\/blog\/\",\"name\":\"Crentassos Produ\u00e7\u00f5es Subversivas\",\"description\":\"Podcast Crist\u00e3o, Podcrent, Da Prateleira, Artigos crist\u00e3os, Teologia, Estudos, Textos B\u00edblicos\",\"publisher\":{\"@id\":\"https:\/\/crentassos.com.br\/blog\/#organization\"},\"potentialAction\":[{\"@type\":\"SearchAction\",\"target\":{\"@type\":\"EntryPoint\",\"urlTemplate\":\"https:\/\/crentassos.com.br\/blog\/?s={search_term_string}\"},\"query-input\":{\"@type\":\"PropertyValueSpecification\",\"valueRequired\":true,\"valueName\":\"search_term_string\"}}],\"inLanguage\":\"pt-BR\"},{\"@type\":\"Organization\",\"@id\":\"https:\/\/crentassos.com.br\/blog\/#organization\",\"name\":\"Crentassos Produ\u00e7\u00f5es Subversivas\",\"url\":\"https:\/\/crentassos.com.br\/blog\/\",\"logo\":{\"@type\":\"ImageObject\",\"inLanguage\":\"pt-BR\",\"@id\":\"https:\/\/crentassos.com.br\/blog\/#\/schema\/logo\/image\/\",\"url\":\"https:\/\/crentassos.com.br\/blog\/wp-content\/uploads\/2020\/05\/cropped-crentassos1-300x300png.png\",\"contentUrl\":\"https:\/\/crentassos.com.br\/blog\/wp-content\/uploads\/2020\/05\/cropped-crentassos1-300x300png.png\",\"width\":300,\"height\":300,\"caption\":\"Crentassos Produ\u00e7\u00f5es Subversivas\"},\"image\":{\"@id\":\"https:\/\/crentassos.com.br\/blog\/#\/schema\/logo\/image\/\"},\"sameAs\":[\"http:\/\/www.facebook.com\/crentassos\",\"https:\/\/x.com\/crentassos\",\"https:\/\/www.instagram.com\/crentassos\",\"https:\/\/www.youtube.com\/crentassos\"]},{\"@type\":\"Person\",\"@id\":\"https:\/\/crentassos.com.br\/blog\/#\/schema\/person\/7ec3329a98c44e20ccd6cc2c9e18acbd\",\"name\":\"Cristiano Machado\",\"image\":{\"@type\":\"ImageObject\",\"inLanguage\":\"pt-BR\",\"@id\":\"https:\/\/crentassos.com.br\/blog\/#\/schema\/person\/image\/\",\"url\":\"https:\/\/secure.gravatar.com\/avatar\/3e7427d384f99d15935b3008477c324124816869ceb70e362e586dcccdb265bf?s=96&d=retro&r=g\",\"contentUrl\":\"https:\/\/secure.gravatar.com\/avatar\/3e7427d384f99d15935b3008477c324124816869ceb70e362e586dcccdb265bf?s=96&d=retro&r=g\",\"caption\":\"Cristiano Machado\"},\"description\":\"Cristiano Machado \u00e9 o culpado pelo inicio do COLETIVO CRENTASSOS PRODU\u00c7\u00d5ES SUBVERSIVAS e atua como auxiliar de cirurgi\u00e3o barbeiro, tocando o bumbo, jogando malabares, preparando o elixir, costurando amputa\u00e7\u00f5es e demais atividades relacionadas \u00e0 sua ocupa\u00e7\u00e3o. Pensa n\u00e3o vida em forma de pergunta e nunca de resposta, e tem um profundo sentimento de gratid\u00e3o e amor por sua esposa e filha. Religi\u00e3o: Crist\u00e3o Protestante Reformando-se Estado Civil: Inteiramente apaixonado\",\"sameAs\":[\"http:\/\/crentassos.com.br\/blog\"],\"url\":\"https:\/\/crentassos.com.br\/blog\/author\/o_cristiano\"}]}<\/script>\n<!-- \/ Yoast SEO plugin. -->","yoast_head_json":{"title":"Com a Palavra, Ricardo Bitun - A Crise NEO-Pentecostal - Crentassos Produ\u00e7\u00f5es Subversivas","robots":{"index":"index","follow":"follow","max-snippet":"max-snippet:-1","max-image-preview":"max-image-preview:large","max-video-preview":"max-video-preview:-1"},"canonical":"https:\/\/crentassos.com.br\/blog\/2012\/05\/com-a-palavra-ricardo-bitun-a-crise-neo-pentecostal.html","og_locale":"pt_BR","og_type":"article","og_title":"Com a Palavra, Ricardo Bitun - A Crise NEO-Pentecostal - Crentassos Produ\u00e7\u00f5es Subversivas","og_description":"Ricardo Bitun, tr\u00e1s uma palavra inteligentissima, sobre a CRISE NEO-PENTECOSTAL (???) ou da Crise dos N\u00e3o Neo Pentecostais&#8230; Quem \u00e9 que sabe [&hellip;]","og_url":"https:\/\/crentassos.com.br\/blog\/2012\/05\/com-a-palavra-ricardo-bitun-a-crise-neo-pentecostal.html","og_site_name":"Crentassos Produ\u00e7\u00f5es Subversivas","article_publisher":"http:\/\/www.facebook.com\/crentassos","article_published_time":"2012-05-18T13:00:16+00:00","og_image":[{"width":500,"height":334,"url":"https:\/\/crentassos.com.br\/blog\/wp-content\/uploads\/2012\/05\/bitum.jpg","type":"image\/jpeg"}],"author":"Cristiano Machado","twitter_card":"summary_large_image","twitter_creator":"@crentassos","twitter_site":"@crentassos","twitter_misc":{"Escrito por":"Cristiano Machado"},"schema":{"@context":"https:\/\/schema.org","@graph":[{"@type":"Article","@id":"https:\/\/crentassos.com.br\/blog\/2012\/05\/com-a-palavra-ricardo-bitun-a-crise-neo-pentecostal.html#article","isPartOf":{"@id":"https:\/\/crentassos.com.br\/blog\/2012\/05\/com-a-palavra-ricardo-bitun-a-crise-neo-pentecostal.html"},"author":{"name":"Cristiano Machado","@id":"https:\/\/crentassos.com.br\/blog\/#\/schema\/person\/7ec3329a98c44e20ccd6cc2c9e18acbd"},"headline":"Com a Palavra, Ricardo Bitun &#8211; A Crise NEO-Pentecostal","datePublished":"2012-05-18T13:00:16+00:00","mainEntityOfPage":{"@id":"https:\/\/crentassos.com.br\/blog\/2012\/05\/com-a-palavra-ricardo-bitun-a-crise-neo-pentecostal.html"},"wordCount":38,"commentCount":0,"publisher":{"@id":"https:\/\/crentassos.com.br\/blog\/#organization"},"image":{"@id":"https:\/\/crentassos.com.br\/blog\/2012\/05\/com-a-palavra-ricardo-bitun-a-crise-neo-pentecostal.html#primaryimage"},"thumbnailUrl":"https:\/\/crentassos.com.br\/blog\/wp-content\/uploads\/2012\/05\/bitum.jpg","keywords":["crise","neo-pentecostal","prega\u00e7\u00e3o","ricardo bitun"],"articleSection":["Com a Palavra"],"inLanguage":"pt-BR","potentialAction":[{"@type":"CommentAction","name":"Comment","target":["https:\/\/crentassos.com.br\/blog\/2012\/05\/com-a-palavra-ricardo-bitun-a-crise-neo-pentecostal.html#respond"]}]},{"@type":"WebPage","@id":"https:\/\/crentassos.com.br\/blog\/2012\/05\/com-a-palavra-ricardo-bitun-a-crise-neo-pentecostal.html","url":"https:\/\/crentassos.com.br\/blog\/2012\/05\/com-a-palavra-ricardo-bitun-a-crise-neo-pentecostal.html","name":"Com a Palavra, Ricardo Bitun - A Crise NEO-Pentecostal - Crentassos Produ\u00e7\u00f5es Subversivas","isPartOf":{"@id":"https:\/\/crentassos.com.br\/blog\/#website"},"primaryImageOfPage":{"@id":"https:\/\/crentassos.com.br\/blog\/2012\/05\/com-a-palavra-ricardo-bitun-a-crise-neo-pentecostal.html#primaryimage"},"image":{"@id":"https:\/\/crentassos.com.br\/blog\/2012\/05\/com-a-palavra-ricardo-bitun-a-crise-neo-pentecostal.html#primaryimage"},"thumbnailUrl":"https:\/\/crentassos.com.br\/blog\/wp-content\/uploads\/2012\/05\/bitum.jpg","datePublished":"2012-05-18T13:00:16+00:00","breadcrumb":{"@id":"https:\/\/crentassos.com.br\/blog\/2012\/05\/com-a-palavra-ricardo-bitun-a-crise-neo-pentecostal.html#breadcrumb"},"inLanguage":"pt-BR","potentialAction":[{"@type":"ReadAction","target":["https:\/\/crentassos.com.br\/blog\/2012\/05\/com-a-palavra-ricardo-bitun-a-crise-neo-pentecostal.html"]}]},{"@type":"ImageObject","inLanguage":"pt-BR","@id":"https:\/\/crentassos.com.br\/blog\/2012\/05\/com-a-palavra-ricardo-bitun-a-crise-neo-pentecostal.html#primaryimage","url":"https:\/\/crentassos.com.br\/blog\/wp-content\/uploads\/2012\/05\/bitum.jpg","contentUrl":"https:\/\/crentassos.com.br\/blog\/wp-content\/uploads\/2012\/05\/bitum.jpg","width":"500","height":"334","caption":"Com a Palavra"},{"@type":"BreadcrumbList","@id":"https:\/\/crentassos.com.br\/blog\/2012\/05\/com-a-palavra-ricardo-bitun-a-crise-neo-pentecostal.html#breadcrumb","itemListElement":[{"@type":"ListItem","position":1,"name":"Home","item":"https:\/\/crentassos.com.br\/blog\/"},{"@type":"ListItem","position":2,"name":"Com a Palavra, Ricardo Bitun &#8211; A Crise NEO-Pentecostal"}]},{"@type":"WebSite","@id":"https:\/\/crentassos.com.br\/blog\/#website","url":"https:\/\/crentassos.com.br\/blog\/","name":"Crentassos Produ\u00e7\u00f5es Subversivas","description":"Podcast Crist\u00e3o, Podcrent, Da Prateleira, Artigos crist\u00e3os, Teologia, Estudos, Textos B\u00edblicos","publisher":{"@id":"https:\/\/crentassos.com.br\/blog\/#organization"},"potentialAction":[{"@type":"SearchAction","target":{"@type":"EntryPoint","urlTemplate":"https:\/\/crentassos.com.br\/blog\/?s={search_term_string}"},"query-input":{"@type":"PropertyValueSpecification","valueRequired":true,"valueName":"search_term_string"}}],"inLanguage":"pt-BR"},{"@type":"Organization","@id":"https:\/\/crentassos.com.br\/blog\/#organization","name":"Crentassos Produ\u00e7\u00f5es Subversivas","url":"https:\/\/crentassos.com.br\/blog\/","logo":{"@type":"ImageObject","inLanguage":"pt-BR","@id":"https:\/\/crentassos.com.br\/blog\/#\/schema\/logo\/image\/","url":"https:\/\/crentassos.com.br\/blog\/wp-content\/uploads\/2020\/05\/cropped-crentassos1-300x300png.png","contentUrl":"https:\/\/crentassos.com.br\/blog\/wp-content\/uploads\/2020\/05\/cropped-crentassos1-300x300png.png","width":300,"height":300,"caption":"Crentassos Produ\u00e7\u00f5es Subversivas"},"image":{"@id":"https:\/\/crentassos.com.br\/blog\/#\/schema\/logo\/image\/"},"sameAs":["http:\/\/www.facebook.com\/crentassos","https:\/\/x.com\/crentassos","https:\/\/www.instagram.com\/crentassos","https:\/\/www.youtube.com\/crentassos"]},{"@type":"Person","@id":"https:\/\/crentassos.com.br\/blog\/#\/schema\/person\/7ec3329a98c44e20ccd6cc2c9e18acbd","name":"Cristiano Machado","image":{"@type":"ImageObject","inLanguage":"pt-BR","@id":"https:\/\/crentassos.com.br\/blog\/#\/schema\/person\/image\/","url":"https:\/\/secure.gravatar.com\/avatar\/3e7427d384f99d15935b3008477c324124816869ceb70e362e586dcccdb265bf?s=96&d=retro&r=g","contentUrl":"https:\/\/secure.gravatar.com\/avatar\/3e7427d384f99d15935b3008477c324124816869ceb70e362e586dcccdb265bf?s=96&d=retro&r=g","caption":"Cristiano Machado"},"description":"Cristiano Machado \u00e9 o culpado pelo inicio do COLETIVO CRENTASSOS PRODU\u00c7\u00d5ES SUBVERSIVAS e atua como auxiliar de cirurgi\u00e3o barbeiro, tocando o bumbo, jogando malabares, preparando o elixir, costurando amputa\u00e7\u00f5es e demais atividades relacionadas \u00e0 sua ocupa\u00e7\u00e3o. Pensa n\u00e3o vida em forma de pergunta e nunca de resposta, e tem um profundo sentimento de gratid\u00e3o e amor por sua esposa e filha. Religi\u00e3o: Crist\u00e3o Protestante Reformando-se Estado Civil: Inteiramente apaixonado","sameAs":["http:\/\/crentassos.com.br\/blog"],"url":"https:\/\/crentassos.com.br\/blog\/author\/o_cristiano"}]}},"_links":{"self":[{"href":"https:\/\/crentassos.com.br\/blog\/wp-json\/wp\/v2\/posts\/6089","targetHints":{"allow":["GET"]}}],"collection":[{"href":"https:\/\/crentassos.com.br\/blog\/wp-json\/wp\/v2\/posts"}],"about":[{"href":"https:\/\/crentassos.com.br\/blog\/wp-json\/wp\/v2\/types\/post"}],"author":[{"embeddable":true,"href":"https:\/\/crentassos.com.br\/blog\/wp-json\/wp\/v2\/users\/9"}],"replies":[{"embeddable":true,"href":"https:\/\/crentassos.com.br\/blog\/wp-json\/wp\/v2\/comments?post=6089"}],"version-history":[{"count":7,"href":"https:\/\/crentassos.com.br\/blog\/wp-json\/wp\/v2\/posts\/6089\/revisions"}],"predecessor-version":[{"id":6098,"href":"https:\/\/crentassos.com.br\/blog\/wp-json\/wp\/v2\/posts\/6089\/revisions\/6098"}],"wp:featuredmedia":[{"embeddable":true,"href":"https:\/\/crentassos.com.br\/blog\/wp-json\/wp\/v2\/media\/6092"}],"wp:attachment":[{"href":"https:\/\/crentassos.com.br\/blog\/wp-json\/wp\/v2\/media?parent=6089"}],"wp:term":[{"taxonomy":"category","embeddable":true,"href":"https:\/\/crentassos.com.br\/blog\/wp-json\/wp\/v2\/categories?post=6089"},{"taxonomy":"post_tag","embeddable":true,"href":"https:\/\/crentassos.com.br\/blog\/wp-json\/wp\/v2\/tags?post=6089"}],"curies":[{"name":"wp","href":"https:\/\/api.w.org\/{rel}","templated":true}]}}