{"id":5977,"date":"2012-04-30T09:00:01","date_gmt":"2012-04-30T12:00:01","guid":{"rendered":"http:\/\/crentassos.com.br\/blog\/?p=5977"},"modified":"2012-04-27T17:15:28","modified_gmt":"2012-04-27T20:15:28","slug":"postdoleitor-por-_raafaaeelaa-musicas-do-mundo-q-me-edificam-0057-anda-bem-vanessa-da-mata","status":"publish","type":"post","link":"https:\/\/crentassos.com.br\/blog\/2012\/04\/postdoleitor-por-_raafaaeelaa-musicas-do-mundo-q-me-edificam-0057-anda-bem-vanessa-da-mata.html","title":{"rendered":"#PostDoLeitor por @_raafaaeelaa \u2013 Musicas do Mundo q me edificam #0057 \u2013 Anda Bem \u2013 Vanessa da Mata"},"content":{"rendered":"<p style=\"text-align: justify;\">Em uma das minhas andan\u00e7as pelo youtube, encontrei essa m\u00fasica da Vanessa da Matta, que eu curti tanto que j\u00e1 ouvi umas mil vezes! E desde a primeira vez que escutei, ela me mostra uma mensagem, com a qual eu me identifico muito.<\/p>\n<p style=\"text-align: justify;\"><\/p>\n<p>A mensagem daquele velho clich\u00ea de \u201cse com Deus t\u00e1 dif\u00edcil, imagina sem ele\u201d, porque ainda bem que um dia ele quis me encontrar, ainda bem que ele faz valer o neg\u00f3cio do fardo leve e julgo suave. S\u00e3o tantos os ainda bem que vivo, dia ap\u00f3s dia, nessa vida louca de seguir a Cristo. Pra mim o verdadeiro cristianismo, a verdadeira vida com Cristo, aprende diante da natureza humana e pecaminosa a dizer que \u201cainda bem que tem algu\u00e9m que vive comigo, porque sen\u00e3o como seria essa vida? Sei l\u00e1, sei l\u00e1\u201d. Que sorte a nossa heim?<\/p>\n<p><strong><span style=\"color: #ff0000;\">Post do Leitor e uma outra maneira do Leitor do blog dos crentassos se manifestar, contudo, as opini\u00f5es colocadas aqui, podem n\u00e3o estar exatamente de acordo com a opini\u00e3o de um ou mais editores do blog dos crentassos.<\/span><\/strong><\/p>\n<div data-screen-name=\"_raafaaeelaa\" data-user-id=\"295495376\">\n<h2><span style=\"font-size: large;\"><a href=\"https:\/\/twitter.com\/#!\/_raafaaeelaa\"><img loading=\"lazy\" decoding=\"async\" class=\"alignleft\" src=\"https:\/\/si0.twimg.com\/profile_images\/2047351797\/DSC04090_reasonably_small.JPG\" alt=\"\" width=\"128\" height=\"128\" \/><\/a><\/span><\/h2>\n<h1>Rafaela.<\/h1>\n<h2><span style=\"font-size: large;\"><a href=\"https:\/\/twitter.com\/#!\/_raafaaeelaa\">@_raafaaeelaa<\/a><small><a href=\"https:\/\/twitter.com\/#!\/_raafaaeelaa\">te<\/a><br \/>\n<\/small><\/span><\/h2>\n<p><span style=\"font-size: large;\">Futura m\u00e9dica, aspirante a futura escritora. Besterologista. Uma pecadora com o chamado ardente de anunciar as boas novas da salva\u00e7\u00e3o.<\/span><\/p>\n<p><span style=\"font-size: large;\">em uma cidade fria \u00b7 <a href=\"http:\/\/sefossesopalavras.blogspot.com\/\" rel=\"me nofollow\" target=\"_blank\"> http:\/\/sefossesopalavras.blogspot.com\/ <\/a><\/span><\/p>\n<\/div>\n","protected":false},"excerpt":{"rendered":"<p>Em uma das minhas andan\u00e7as pelo youtube, encontrei essa m\u00fasica da Vanessa da Matta, que eu curti tanto que j\u00e1 ouvi umas [&hellip;]<\/p>\n","protected":false},"author":9,"featured_media":5982,"comment_status":"open","ping_status":"open","sticky":false,"template":"","format":"standard","meta":{"_exactmetrics_skip_tracking":false,"_exactmetrics_sitenote_active":false,"_exactmetrics_sitenote_note":"","_exactmetrics_sitenote_category":0,"footnotes":"","_links_to":"","_links_to_target":""},"categories":[117,119],"tags":[1534,1558,1732,1731],"class_list":{"0":"post-5977","1":"post","2":"type-post","3":"status-publish","4":"format-standard","5":"has-post-thumbnail","6":"hentry","7":"category-musicas-boa","8":"category-post-do-leitor","9":"tag-musicas-do-mundo","10":"tag-post-do-leitor-2","11":"tag-rafaela-sampaio","12":"tag-vanessa-da-mata","14":"post-with-thumbnail","15":"post-with-thumbnail-large"},"yoast_head":"<!-- This site is optimized with the Yoast SEO plugin v27.1.1 - https:\/\/yoast.com\/product\/yoast-seo-wordpress\/ -->\n<title>#PostDoLeitor por @_raafaaeelaa \u2013 Musicas do Mundo q me edificam #0057 \u2013 Anda Bem \u2013 Vanessa da Mata - Crentassos Produ\u00e7\u00f5es Subversivas<\/title>\n<meta name=\"robots\" content=\"index, follow, max-snippet:-1, max-image-preview:large, max-video-preview:-1\" \/>\n<link rel=\"canonical\" href=\"https:\/\/crentassos.com.br\/blog\/2012\/04\/postdoleitor-por-_raafaaeelaa-musicas-do-mundo-q-me-edificam-0057-anda-bem-vanessa-da-mata.html\" \/>\n<meta property=\"og:locale\" content=\"pt_BR\" \/>\n<meta property=\"og:type\" content=\"article\" \/>\n<meta property=\"og:title\" content=\"#PostDoLeitor por @_raafaaeelaa \u2013 Musicas do Mundo q me edificam #0057 \u2013 Anda Bem \u2013 Vanessa da Mata - Crentassos Produ\u00e7\u00f5es Subversivas\" \/>\n<meta property=\"og:description\" content=\"Em uma das minhas andan\u00e7as pelo youtube, encontrei essa m\u00fasica da Vanessa da Matta, que eu curti tanto que j\u00e1 ouvi umas [&hellip;]\" \/>\n<meta property=\"og:url\" content=\"https:\/\/crentassos.com.br\/blog\/2012\/04\/postdoleitor-por-_raafaaeelaa-musicas-do-mundo-q-me-edificam-0057-anda-bem-vanessa-da-mata.html\" \/>\n<meta property=\"og:site_name\" content=\"Crentassos Produ\u00e7\u00f5es Subversivas\" \/>\n<meta property=\"article:publisher\" content=\"http:\/\/www.facebook.com\/crentassos\" \/>\n<meta property=\"article:published_time\" content=\"2012-04-30T12:00:01+00:00\" \/>\n<meta property=\"og:image\" content=\"https:\/\/crentassos.com.br\/blog\/wp-content\/uploads\/2012\/04\/vanessa-da-mata2.jpg\" \/>\n\t<meta property=\"og:image:width\" content=\"505\" \/>\n\t<meta property=\"og:image:height\" content=\"300\" \/>\n\t<meta property=\"og:image:type\" content=\"image\/jpeg\" \/>\n<meta name=\"author\" content=\"Cristiano Machado\" \/>\n<meta name=\"twitter:card\" content=\"summary_large_image\" \/>\n<meta name=\"twitter:creator\" content=\"@crentassos\" \/>\n<meta name=\"twitter:site\" content=\"@crentassos\" \/>\n<meta name=\"twitter:label1\" content=\"Escrito por\" \/>\n\t<meta name=\"twitter:data1\" content=\"Cristiano Machado\" \/>\n\t<meta name=\"twitter:label2\" content=\"Est. tempo de leitura\" \/>\n\t<meta name=\"twitter:data2\" content=\"1 minuto\" \/>\n<script type=\"application\/ld+json\" class=\"yoast-schema-graph\">{\"@context\":\"https:\/\/schema.org\",\"@graph\":[{\"@type\":\"Article\",\"@id\":\"https:\/\/crentassos.com.br\/blog\/2012\/04\/postdoleitor-por-_raafaaeelaa-musicas-do-mundo-q-me-edificam-0057-anda-bem-vanessa-da-mata.html#article\",\"isPartOf\":{\"@id\":\"https:\/\/crentassos.com.br\/blog\/2012\/04\/postdoleitor-por-_raafaaeelaa-musicas-do-mundo-q-me-edificam-0057-anda-bem-vanessa-da-mata.html\"},\"author\":{\"name\":\"Cristiano Machado\",\"@id\":\"https:\/\/crentassos.com.br\/blog\/#\/schema\/person\/7ec3329a98c44e20ccd6cc2c9e18acbd\"},\"headline\":\"#PostDoLeitor por @_raafaaeelaa \u2013 Musicas do Mundo q me edificam #0057 \u2013 Anda Bem \u2013 Vanessa da Mata\",\"datePublished\":\"2012-04-30T12:00:01+00:00\",\"mainEntityOfPage\":{\"@id\":\"https:\/\/crentassos.com.br\/blog\/2012\/04\/postdoleitor-por-_raafaaeelaa-musicas-do-mundo-q-me-edificam-0057-anda-bem-vanessa-da-mata.html\"},\"wordCount\":244,\"commentCount\":3,\"publisher\":{\"@id\":\"https:\/\/crentassos.com.br\/blog\/#organization\"},\"image\":{\"@id\":\"https:\/\/crentassos.com.br\/blog\/2012\/04\/postdoleitor-por-_raafaaeelaa-musicas-do-mundo-q-me-edificam-0057-anda-bem-vanessa-da-mata.html#primaryimage\"},\"thumbnailUrl\":\"https:\/\/crentassos.com.br\/blog\/wp-content\/uploads\/2012\/04\/vanessa-da-mata2.jpg\",\"keywords\":[\"m\u00fasicas do mundo\",\"post do leitor\",\"rafaela sampaio\",\"vanessa da mata\"],\"articleSection\":[\"M\u00fasicas do Mundo que Me Edificam\",\"Post do Leitor\"],\"inLanguage\":\"pt-BR\",\"potentialAction\":[{\"@type\":\"CommentAction\",\"name\":\"Comment\",\"target\":[\"https:\/\/crentassos.com.br\/blog\/2012\/04\/postdoleitor-por-_raafaaeelaa-musicas-do-mundo-q-me-edificam-0057-anda-bem-vanessa-da-mata.html#respond\"]}]},{\"@type\":\"WebPage\",\"@id\":\"https:\/\/crentassos.com.br\/blog\/2012\/04\/postdoleitor-por-_raafaaeelaa-musicas-do-mundo-q-me-edificam-0057-anda-bem-vanessa-da-mata.html\",\"url\":\"https:\/\/crentassos.com.br\/blog\/2012\/04\/postdoleitor-por-_raafaaeelaa-musicas-do-mundo-q-me-edificam-0057-anda-bem-vanessa-da-mata.html\",\"name\":\"#PostDoLeitor por @_raafaaeelaa \u2013 Musicas do Mundo q me edificam #0057 \u2013 Anda Bem \u2013 Vanessa da Mata - Crentassos Produ\u00e7\u00f5es Subversivas\",\"isPartOf\":{\"@id\":\"https:\/\/crentassos.com.br\/blog\/#website\"},\"primaryImageOfPage\":{\"@id\":\"https:\/\/crentassos.com.br\/blog\/2012\/04\/postdoleitor-por-_raafaaeelaa-musicas-do-mundo-q-me-edificam-0057-anda-bem-vanessa-da-mata.html#primaryimage\"},\"image\":{\"@id\":\"https:\/\/crentassos.com.br\/blog\/2012\/04\/postdoleitor-por-_raafaaeelaa-musicas-do-mundo-q-me-edificam-0057-anda-bem-vanessa-da-mata.html#primaryimage\"},\"thumbnailUrl\":\"https:\/\/crentassos.com.br\/blog\/wp-content\/uploads\/2012\/04\/vanessa-da-mata2.jpg\",\"datePublished\":\"2012-04-30T12:00:01+00:00\",\"breadcrumb\":{\"@id\":\"https:\/\/crentassos.com.br\/blog\/2012\/04\/postdoleitor-por-_raafaaeelaa-musicas-do-mundo-q-me-edificam-0057-anda-bem-vanessa-da-mata.html#breadcrumb\"},\"inLanguage\":\"pt-BR\",\"potentialAction\":[{\"@type\":\"ReadAction\",\"target\":[\"https:\/\/crentassos.com.br\/blog\/2012\/04\/postdoleitor-por-_raafaaeelaa-musicas-do-mundo-q-me-edificam-0057-anda-bem-vanessa-da-mata.html\"]}]},{\"@type\":\"ImageObject\",\"inLanguage\":\"pt-BR\",\"@id\":\"https:\/\/crentassos.com.br\/blog\/2012\/04\/postdoleitor-por-_raafaaeelaa-musicas-do-mundo-q-me-edificam-0057-anda-bem-vanessa-da-mata.html#primaryimage\",\"url\":\"https:\/\/crentassos.com.br\/blog\/wp-content\/uploads\/2012\/04\/vanessa-da-mata2.jpg\",\"contentUrl\":\"https:\/\/crentassos.com.br\/blog\/wp-content\/uploads\/2012\/04\/vanessa-da-mata2.jpg\",\"width\":\"505\",\"height\":\"300\",\"caption\":\"Vanessa da Mata\"},{\"@type\":\"BreadcrumbList\",\"@id\":\"https:\/\/crentassos.com.br\/blog\/2012\/04\/postdoleitor-por-_raafaaeelaa-musicas-do-mundo-q-me-edificam-0057-anda-bem-vanessa-da-mata.html#breadcrumb\",\"itemListElement\":[{\"@type\":\"ListItem\",\"position\":1,\"name\":\"Home\",\"item\":\"https:\/\/crentassos.com.br\/blog\/\"},{\"@type\":\"ListItem\",\"position\":2,\"name\":\"#PostDoLeitor por @_raafaaeelaa \u2013 Musicas do Mundo q me edificam #0057 \u2013 Anda Bem \u2013 Vanessa da Mata\"}]},{\"@type\":\"WebSite\",\"@id\":\"https:\/\/crentassos.com.br\/blog\/#website\",\"url\":\"https:\/\/crentassos.com.br\/blog\/\",\"name\":\"Crentassos Produ\u00e7\u00f5es Subversivas\",\"description\":\"Podcast Crist\u00e3o, Podcrent, Da Prateleira, Artigos crist\u00e3os, Teologia, Estudos, Textos B\u00edblicos\",\"publisher\":{\"@id\":\"https:\/\/crentassos.com.br\/blog\/#organization\"},\"potentialAction\":[{\"@type\":\"SearchAction\",\"target\":{\"@type\":\"EntryPoint\",\"urlTemplate\":\"https:\/\/crentassos.com.br\/blog\/?s={search_term_string}\"},\"query-input\":{\"@type\":\"PropertyValueSpecification\",\"valueRequired\":true,\"valueName\":\"search_term_string\"}}],\"inLanguage\":\"pt-BR\"},{\"@type\":\"Organization\",\"@id\":\"https:\/\/crentassos.com.br\/blog\/#organization\",\"name\":\"Crentassos Produ\u00e7\u00f5es Subversivas\",\"url\":\"https:\/\/crentassos.com.br\/blog\/\",\"logo\":{\"@type\":\"ImageObject\",\"inLanguage\":\"pt-BR\",\"@id\":\"https:\/\/crentassos.com.br\/blog\/#\/schema\/logo\/image\/\",\"url\":\"https:\/\/crentassos.com.br\/blog\/wp-content\/uploads\/2020\/05\/cropped-crentassos1-300x300png.png\",\"contentUrl\":\"https:\/\/crentassos.com.br\/blog\/wp-content\/uploads\/2020\/05\/cropped-crentassos1-300x300png.png\",\"width\":300,\"height\":300,\"caption\":\"Crentassos Produ\u00e7\u00f5es Subversivas\"},\"image\":{\"@id\":\"https:\/\/crentassos.com.br\/blog\/#\/schema\/logo\/image\/\"},\"sameAs\":[\"http:\/\/www.facebook.com\/crentassos\",\"https:\/\/x.com\/crentassos\",\"https:\/\/www.instagram.com\/crentassos\",\"https:\/\/www.youtube.com\/crentassos\"]},{\"@type\":\"Person\",\"@id\":\"https:\/\/crentassos.com.br\/blog\/#\/schema\/person\/7ec3329a98c44e20ccd6cc2c9e18acbd\",\"name\":\"Cristiano Machado\",\"image\":{\"@type\":\"ImageObject\",\"inLanguage\":\"pt-BR\",\"@id\":\"https:\/\/crentassos.com.br\/blog\/#\/schema\/person\/image\/\",\"url\":\"https:\/\/secure.gravatar.com\/avatar\/3e7427d384f99d15935b3008477c324124816869ceb70e362e586dcccdb265bf?s=96&d=retro&r=g\",\"contentUrl\":\"https:\/\/secure.gravatar.com\/avatar\/3e7427d384f99d15935b3008477c324124816869ceb70e362e586dcccdb265bf?s=96&d=retro&r=g\",\"caption\":\"Cristiano Machado\"},\"description\":\"Cristiano Machado \u00e9 o culpado pelo inicio do COLETIVO CRENTASSOS PRODU\u00c7\u00d5ES SUBVERSIVAS e atua como auxiliar de cirurgi\u00e3o barbeiro, tocando o bumbo, jogando malabares, preparando o elixir, costurando amputa\u00e7\u00f5es e demais atividades relacionadas \u00e0 sua ocupa\u00e7\u00e3o. Pensa n\u00e3o vida em forma de pergunta e nunca de resposta, e tem um profundo sentimento de gratid\u00e3o e amor por sua esposa e filha. Religi\u00e3o: Crist\u00e3o Protestante Reformando-se Estado Civil: Inteiramente apaixonado\",\"sameAs\":[\"http:\/\/crentassos.com.br\/blog\"],\"url\":\"https:\/\/crentassos.com.br\/blog\/author\/o_cristiano\"}]}<\/script>\n<!-- \/ Yoast SEO plugin. -->","yoast_head_json":{"title":"#PostDoLeitor por @_raafaaeelaa \u2013 Musicas do Mundo q me edificam #0057 \u2013 Anda Bem \u2013 Vanessa da Mata - Crentassos Produ\u00e7\u00f5es Subversivas","robots":{"index":"index","follow":"follow","max-snippet":"max-snippet:-1","max-image-preview":"max-image-preview:large","max-video-preview":"max-video-preview:-1"},"canonical":"https:\/\/crentassos.com.br\/blog\/2012\/04\/postdoleitor-por-_raafaaeelaa-musicas-do-mundo-q-me-edificam-0057-anda-bem-vanessa-da-mata.html","og_locale":"pt_BR","og_type":"article","og_title":"#PostDoLeitor por @_raafaaeelaa \u2013 Musicas do Mundo q me edificam #0057 \u2013 Anda Bem \u2013 Vanessa da Mata - Crentassos Produ\u00e7\u00f5es Subversivas","og_description":"Em uma das minhas andan\u00e7as pelo youtube, encontrei essa m\u00fasica da Vanessa da Matta, que eu curti tanto que j\u00e1 ouvi umas [&hellip;]","og_url":"https:\/\/crentassos.com.br\/blog\/2012\/04\/postdoleitor-por-_raafaaeelaa-musicas-do-mundo-q-me-edificam-0057-anda-bem-vanessa-da-mata.html","og_site_name":"Crentassos Produ\u00e7\u00f5es Subversivas","article_publisher":"http:\/\/www.facebook.com\/crentassos","article_published_time":"2012-04-30T12:00:01+00:00","og_image":[{"width":505,"height":300,"url":"https:\/\/crentassos.com.br\/blog\/wp-content\/uploads\/2012\/04\/vanessa-da-mata2.jpg","type":"image\/jpeg"}],"author":"Cristiano Machado","twitter_card":"summary_large_image","twitter_creator":"@crentassos","twitter_site":"@crentassos","twitter_misc":{"Escrito por":"Cristiano Machado","Est. tempo de leitura":"1 minuto"},"schema":{"@context":"https:\/\/schema.org","@graph":[{"@type":"Article","@id":"https:\/\/crentassos.com.br\/blog\/2012\/04\/postdoleitor-por-_raafaaeelaa-musicas-do-mundo-q-me-edificam-0057-anda-bem-vanessa-da-mata.html#article","isPartOf":{"@id":"https:\/\/crentassos.com.br\/blog\/2012\/04\/postdoleitor-por-_raafaaeelaa-musicas-do-mundo-q-me-edificam-0057-anda-bem-vanessa-da-mata.html"},"author":{"name":"Cristiano Machado","@id":"https:\/\/crentassos.com.br\/blog\/#\/schema\/person\/7ec3329a98c44e20ccd6cc2c9e18acbd"},"headline":"#PostDoLeitor por @_raafaaeelaa \u2013 Musicas do Mundo q me edificam #0057 \u2013 Anda Bem \u2013 Vanessa da Mata","datePublished":"2012-04-30T12:00:01+00:00","mainEntityOfPage":{"@id":"https:\/\/crentassos.com.br\/blog\/2012\/04\/postdoleitor-por-_raafaaeelaa-musicas-do-mundo-q-me-edificam-0057-anda-bem-vanessa-da-mata.html"},"wordCount":244,"commentCount":3,"publisher":{"@id":"https:\/\/crentassos.com.br\/blog\/#organization"},"image":{"@id":"https:\/\/crentassos.com.br\/blog\/2012\/04\/postdoleitor-por-_raafaaeelaa-musicas-do-mundo-q-me-edificam-0057-anda-bem-vanessa-da-mata.html#primaryimage"},"thumbnailUrl":"https:\/\/crentassos.com.br\/blog\/wp-content\/uploads\/2012\/04\/vanessa-da-mata2.jpg","keywords":["m\u00fasicas do mundo","post do leitor","rafaela sampaio","vanessa da mata"],"articleSection":["M\u00fasicas do Mundo que Me Edificam","Post do Leitor"],"inLanguage":"pt-BR","potentialAction":[{"@type":"CommentAction","name":"Comment","target":["https:\/\/crentassos.com.br\/blog\/2012\/04\/postdoleitor-por-_raafaaeelaa-musicas-do-mundo-q-me-edificam-0057-anda-bem-vanessa-da-mata.html#respond"]}]},{"@type":"WebPage","@id":"https:\/\/crentassos.com.br\/blog\/2012\/04\/postdoleitor-por-_raafaaeelaa-musicas-do-mundo-q-me-edificam-0057-anda-bem-vanessa-da-mata.html","url":"https:\/\/crentassos.com.br\/blog\/2012\/04\/postdoleitor-por-_raafaaeelaa-musicas-do-mundo-q-me-edificam-0057-anda-bem-vanessa-da-mata.html","name":"#PostDoLeitor por @_raafaaeelaa \u2013 Musicas do Mundo q me edificam #0057 \u2013 Anda Bem \u2013 Vanessa da Mata - Crentassos Produ\u00e7\u00f5es Subversivas","isPartOf":{"@id":"https:\/\/crentassos.com.br\/blog\/#website"},"primaryImageOfPage":{"@id":"https:\/\/crentassos.com.br\/blog\/2012\/04\/postdoleitor-por-_raafaaeelaa-musicas-do-mundo-q-me-edificam-0057-anda-bem-vanessa-da-mata.html#primaryimage"},"image":{"@id":"https:\/\/crentassos.com.br\/blog\/2012\/04\/postdoleitor-por-_raafaaeelaa-musicas-do-mundo-q-me-edificam-0057-anda-bem-vanessa-da-mata.html#primaryimage"},"thumbnailUrl":"https:\/\/crentassos.com.br\/blog\/wp-content\/uploads\/2012\/04\/vanessa-da-mata2.jpg","datePublished":"2012-04-30T12:00:01+00:00","breadcrumb":{"@id":"https:\/\/crentassos.com.br\/blog\/2012\/04\/postdoleitor-por-_raafaaeelaa-musicas-do-mundo-q-me-edificam-0057-anda-bem-vanessa-da-mata.html#breadcrumb"},"inLanguage":"pt-BR","potentialAction":[{"@type":"ReadAction","target":["https:\/\/crentassos.com.br\/blog\/2012\/04\/postdoleitor-por-_raafaaeelaa-musicas-do-mundo-q-me-edificam-0057-anda-bem-vanessa-da-mata.html"]}]},{"@type":"ImageObject","inLanguage":"pt-BR","@id":"https:\/\/crentassos.com.br\/blog\/2012\/04\/postdoleitor-por-_raafaaeelaa-musicas-do-mundo-q-me-edificam-0057-anda-bem-vanessa-da-mata.html#primaryimage","url":"https:\/\/crentassos.com.br\/blog\/wp-content\/uploads\/2012\/04\/vanessa-da-mata2.jpg","contentUrl":"https:\/\/crentassos.com.br\/blog\/wp-content\/uploads\/2012\/04\/vanessa-da-mata2.jpg","width":"505","height":"300","caption":"Vanessa da Mata"},{"@type":"BreadcrumbList","@id":"https:\/\/crentassos.com.br\/blog\/2012\/04\/postdoleitor-por-_raafaaeelaa-musicas-do-mundo-q-me-edificam-0057-anda-bem-vanessa-da-mata.html#breadcrumb","itemListElement":[{"@type":"ListItem","position":1,"name":"Home","item":"https:\/\/crentassos.com.br\/blog\/"},{"@type":"ListItem","position":2,"name":"#PostDoLeitor por @_raafaaeelaa \u2013 Musicas do Mundo q me edificam #0057 \u2013 Anda Bem \u2013 Vanessa da Mata"}]},{"@type":"WebSite","@id":"https:\/\/crentassos.com.br\/blog\/#website","url":"https:\/\/crentassos.com.br\/blog\/","name":"Crentassos Produ\u00e7\u00f5es Subversivas","description":"Podcast Crist\u00e3o, Podcrent, Da Prateleira, Artigos crist\u00e3os, Teologia, Estudos, Textos B\u00edblicos","publisher":{"@id":"https:\/\/crentassos.com.br\/blog\/#organization"},"potentialAction":[{"@type":"SearchAction","target":{"@type":"EntryPoint","urlTemplate":"https:\/\/crentassos.com.br\/blog\/?s={search_term_string}"},"query-input":{"@type":"PropertyValueSpecification","valueRequired":true,"valueName":"search_term_string"}}],"inLanguage":"pt-BR"},{"@type":"Organization","@id":"https:\/\/crentassos.com.br\/blog\/#organization","name":"Crentassos Produ\u00e7\u00f5es Subversivas","url":"https:\/\/crentassos.com.br\/blog\/","logo":{"@type":"ImageObject","inLanguage":"pt-BR","@id":"https:\/\/crentassos.com.br\/blog\/#\/schema\/logo\/image\/","url":"https:\/\/crentassos.com.br\/blog\/wp-content\/uploads\/2020\/05\/cropped-crentassos1-300x300png.png","contentUrl":"https:\/\/crentassos.com.br\/blog\/wp-content\/uploads\/2020\/05\/cropped-crentassos1-300x300png.png","width":300,"height":300,"caption":"Crentassos Produ\u00e7\u00f5es Subversivas"},"image":{"@id":"https:\/\/crentassos.com.br\/blog\/#\/schema\/logo\/image\/"},"sameAs":["http:\/\/www.facebook.com\/crentassos","https:\/\/x.com\/crentassos","https:\/\/www.instagram.com\/crentassos","https:\/\/www.youtube.com\/crentassos"]},{"@type":"Person","@id":"https:\/\/crentassos.com.br\/blog\/#\/schema\/person\/7ec3329a98c44e20ccd6cc2c9e18acbd","name":"Cristiano Machado","image":{"@type":"ImageObject","inLanguage":"pt-BR","@id":"https:\/\/crentassos.com.br\/blog\/#\/schema\/person\/image\/","url":"https:\/\/secure.gravatar.com\/avatar\/3e7427d384f99d15935b3008477c324124816869ceb70e362e586dcccdb265bf?s=96&d=retro&r=g","contentUrl":"https:\/\/secure.gravatar.com\/avatar\/3e7427d384f99d15935b3008477c324124816869ceb70e362e586dcccdb265bf?s=96&d=retro&r=g","caption":"Cristiano Machado"},"description":"Cristiano Machado \u00e9 o culpado pelo inicio do COLETIVO CRENTASSOS PRODU\u00c7\u00d5ES SUBVERSIVAS e atua como auxiliar de cirurgi\u00e3o barbeiro, tocando o bumbo, jogando malabares, preparando o elixir, costurando amputa\u00e7\u00f5es e demais atividades relacionadas \u00e0 sua ocupa\u00e7\u00e3o. Pensa n\u00e3o vida em forma de pergunta e nunca de resposta, e tem um profundo sentimento de gratid\u00e3o e amor por sua esposa e filha. Religi\u00e3o: Crist\u00e3o Protestante Reformando-se Estado Civil: Inteiramente apaixonado","sameAs":["http:\/\/crentassos.com.br\/blog"],"url":"https:\/\/crentassos.com.br\/blog\/author\/o_cristiano"}]}},"_links":{"self":[{"href":"https:\/\/crentassos.com.br\/blog\/wp-json\/wp\/v2\/posts\/5977","targetHints":{"allow":["GET"]}}],"collection":[{"href":"https:\/\/crentassos.com.br\/blog\/wp-json\/wp\/v2\/posts"}],"about":[{"href":"https:\/\/crentassos.com.br\/blog\/wp-json\/wp\/v2\/types\/post"}],"author":[{"embeddable":true,"href":"https:\/\/crentassos.com.br\/blog\/wp-json\/wp\/v2\/users\/9"}],"replies":[{"embeddable":true,"href":"https:\/\/crentassos.com.br\/blog\/wp-json\/wp\/v2\/comments?post=5977"}],"version-history":[{"count":7,"href":"https:\/\/crentassos.com.br\/blog\/wp-json\/wp\/v2\/posts\/5977\/revisions"}],"predecessor-version":[{"id":5985,"href":"https:\/\/crentassos.com.br\/blog\/wp-json\/wp\/v2\/posts\/5977\/revisions\/5985"}],"wp:featuredmedia":[{"embeddable":true,"href":"https:\/\/crentassos.com.br\/blog\/wp-json\/wp\/v2\/media\/5982"}],"wp:attachment":[{"href":"https:\/\/crentassos.com.br\/blog\/wp-json\/wp\/v2\/media?parent=5977"}],"wp:term":[{"taxonomy":"category","embeddable":true,"href":"https:\/\/crentassos.com.br\/blog\/wp-json\/wp\/v2\/categories?post=5977"},{"taxonomy":"post_tag","embeddable":true,"href":"https:\/\/crentassos.com.br\/blog\/wp-json\/wp\/v2\/tags?post=5977"}],"curies":[{"name":"wp","href":"https:\/\/api.w.org\/{rel}","templated":true}]}}