{"id":5229,"date":"2012-03-02T11:39:58","date_gmt":"2012-03-02T13:39:58","guid":{"rendered":"http:\/\/crentassos.com.br\/blog\/?p=5229"},"modified":"2012-03-02T11:39:58","modified_gmt":"2012-03-02T13:39:58","slug":"eu-queria-ser-assim-paulo-stuart-wright","status":"publish","type":"post","link":"https:\/\/crentassos.com.br\/blog\/2012\/03\/eu-queria-ser-assim-paulo-stuart-wright.html","title":{"rendered":"Eu queria ser assim &#8211; Paulo Stuart Wright"},"content":{"rendered":"<div><em>&#8220;&#8230;Diante de tanta injusti\u00e7a e mis\u00e9ria que vemos no mundo e da opress\u00e3o generalizada aos necessitados, proclamar-se inocente \u00e9 inconceb\u00edvel para quem buscar servir a Cristo. Querer ser inocente \u00e9 aceitar as regras da injusti\u00e7a, \u00e9 aceitar passivamente a opress\u00e3o, \u00e9 n\u00e3o ter feito nada pelos que sofrem. Creio que \u00e9 imposs\u00edvel ser crist\u00e3o e n\u00e3o ser subversivo da ordem vigente, de ser fiel a quem trata de derrubar toda a autoridade, como nos fala S\u00e3o Paulo.&#8221;<\/em><\/p>\n<p align=\"right\">(Trecho de carta escrita por Paulo Wright \u00e0 esposa Edi, 1970)<\/p>\n<p><strong><em>Depoimento do reverendo Jaime Wright, irm\u00e3o de Paulo:<\/em><br \/>\n<\/strong><br \/>\n<img loading=\"lazy\" decoding=\"async\" class=\"alignleft  wp-image-5230\" title=\"paulo\" src=\"http:\/\/crentassos.com.br\/blog\/wp-content\/uploads\/2012\/03\/paulo.jpg\" alt=\"\" width=\"218\" height=\"374\" \/>\u201cO telefone tocou. \u2018Al\u00f4?!\u2019 Era a voz mansa e inconfund\u00edvel de Paulo. \u2018Podemos nos encontrar hoje \u00e0s 14:00 horas na Pra\u00e7a da S\u00e9?\u2019 \u2018Sim.\u2019 No esquema combinado, nos encontramos \u00e0s 15:00 horas na Pra\u00e7a da Rep\u00fablica. Eram tempos de ditadura. Clandestinidade. Convers\u00e1vamos sobre fam\u00edlia e, principalmente, teologia. Lembrei-lhe que Jo\u00e3o Calvino tamb\u00e9m viveu na clandestinidade, adotando nove codinomes diferentes.<\/p>\n<p style=\"text-align: justify;\">Nas lembran\u00e7as da nossa inf\u00e2ncia, em Santa Catarina, destacamos a ousadia dos nossos pais, ambos mission\u00e1rios norte-americanos. Tiveram a rara intui\u00e7\u00e3o de que seus filhos precisavam estudar na conviv\u00eancia di\u00e1ria com outros brasileiros e n\u00e3o numa escola segregada para americanos em S\u00e3o Paulo. Fundaram uma escola nos sal\u00f5es de madeira da Igreja Presbiteriana de Herval, na margem esquerda do Rio do Peixe. (Joa\u00e7aba est\u00e1 no outro lado do rio.) Sabiam eles os riscos que corr\u00edamos, estudando e convivendo com os amigos do dia-a-dia. Com descendentes de italianos, alem\u00e3es e poloneses &#8211; al\u00e9m da gente cabocIa &#8211; aprender\u00edamos cada palavr\u00e3o&#8230;<\/p>\n<p style=\"text-align: justify;\">Lembr\u00e1vamos tamb\u00e9m a coragem de \u2018Dona Bela\u2019, nossa m\u00e3e, que, contrariando a vontade de papai, pegou um trem e viajou at\u00e9 o Rio de Janeiro para buscar recursos para a instala\u00e7\u00e3o do primeiro posto de puericultura na regi\u00e3o. Sentou-se na sala de espera de Dona Darcy Vargas, presidente da LBA, informando que dali n\u00e3o sairia at\u00e9 ser atendida. Voltou triunfante para casa. (O posto funciona at\u00e9 hoje.)<\/p>\n<p style=\"text-align: justify;\">Exemplos missiol\u00f3gicos assim, fora do seu tempo, contribu\u00edram para torn\u00e1-lo um leigo crist\u00e3o irrequieto e inconformado e, sobretudo, corajoso. Estava identificado com os sofrimentos e necessidades do seu povo.<\/p>\n<p style=\"text-align: justify;\">Sua preocupa\u00e7\u00e3o com a condi\u00e7\u00e3o dos oper\u00e1rios levou-o a trabalhar na constru\u00e7\u00e3o civil em Los Angeles, nas f\u00e9rias dos seus estudos de p\u00f3s-gradua\u00e7\u00e3o. Fundou, nos Estados Unidos, um grupo contr\u00e1rio \u00e0 discrimina\u00e7\u00e3o racial. Estava fazendo doutorado em sociologia quando foi convocado para a guerra da Cor\u00e9ia. Fugiu dos Estados Unidos para n\u00e3o perder sua cidadania brasileira. Foi procurado pelo FBI.<\/p>\n<p style=\"text-align: justify;\">De volta ao Brasil e casado com Edimar Rickli, engajaram-se num projeto da Igreja Presbiteriana do Brasil nas f\u00e1bricas paulistas. Fez-se torneiro mec\u00e2nico e atuou no bairro oper\u00e1rio de Vila Anast\u00e1cio. Foi golpeado pela morte do seu primeiro filho num hospital do antigo IAPC, quando a crian\u00e7a nasceu desassistida por m\u00e9dicos e enfermeiras. Jurou que iria lutar para que isso n\u00e3o se repetisse na vida de outros oper\u00e1rios.<\/p>\n<p style=\"text-align: justify;\">Paulo sempre fez dos seus dias a mat\u00e9ria prima de suas a\u00e7\u00f5es. Voltando a Santa Catarina, ajudou a criar os primeiros sindicatos de Joa\u00e7aba, inclusive o dos metal\u00fargicos. Foi o primeiro candidato protestante \u00e0 prefeitura. Perdeu por 11 votos. Foi eleito para a Assembl\u00e9ia Legislativa. Denunciou o controle de grupos olig\u00e1rquicos do Estado sobre a pesca. Organizou 27 cooperativas de pescadores em todo o litoral catarinense, reunindo-as, em seguida, numa Federa\u00e7\u00e3o (FECOPESCA) para colocar o controle da pesca nas m\u00e3os dos pescadores (o que inspirou Dias Gomes, na primeira novela em cores da Globo: O Bem Amado).<\/p>\n<p style=\"text-align: justify;\">Na v\u00e9spera do Natal de 1963, sofreu atentado a mando do partido de Adhemar de Barros, mas convenceu o ex-sargento contratado para mat\u00e1-lo de que tal crime seria contr\u00e1rio aos interesses da sua classe. Tornou-se \u2018bode expiat\u00f3rio\u2019 quando, em 1964, a Assembl\u00e9ia Legislativa foi pressionada pelo Regime Militar a cassar algu\u00e9m \u2018corrupto\u2019 e\/ou \u2018subversivo\u2019. Acabou sendo cassado por \u2018falta de decoro parlamentar\u2019 (n\u00e3o usava gravata e palet\u00f3 quando subia \u00e0 tribuna&#8230;).<\/p>\n<p style=\"text-align: justify;\">Asilou-se no M\u00e9xico e voltou um ano depois. Come\u00e7avam seus dias de atividade subterr\u00e2nea como l\u00edder do movimento A\u00e7\u00e3o Popular, origin\u00e1rio dos egressos dos movimentos estudantis crist\u00e3os banidos: Juventude Universit\u00e1ria Cat\u00f3lica (JUC) e Associa\u00e7\u00e3o Crist\u00e3 de Acad\u00eamicos (ACA). Viveu oito anos na clandestinidade. Nos primeiros dias de setembro de 1973, foi sequestrado pelo II Ex\u00e9rcito e levado ao DOI-CODI de S\u00e3o Paulo, onde foi morto por torturas nas primeiras 48 horas do seu cativeiro. At\u00e9 hoje n\u00e3o se sabe o que fizeram com seus restos mortais.<\/p>\n<p style=\"text-align: justify;\">Ruas em quatro capitais ostentam o nome de Paulo Stuart Wright. Na capital do seu Estado, todas as Igrejas se fizeram representar na cerim\u00f4nia de inaugura\u00e7\u00e3o da rua que passa ao lado da Igreja Metodista, menos a Presbiteriana. L\u00e1, ele tinha sido eleito presb\u00edtero. Com o seu ingresso na \u2018pol\u00edtica\u2019, a igreja de Florian\u00f3polis lhe proibiu de fazer ora\u00e7\u00e3o e dirigir classe de Escola Dominical. Pelo visto, a anistia ainda n\u00e3o chegou ao presb\u00edtero (leigo) que teve a coragem de levar suas convic\u00e7\u00f5es crist\u00e3s \u00e0s \u00faltimas conseq\u00fc\u00eancias.\u201d<\/p>\n<p style=\"text-align: justify;\"><em><strong>Depoimento de Delora Jan Wright, sobrinha de Paulo<\/strong><\/em>:<\/p>\n<p style=\"text-align: justify;\">\u201cIsso aconteceu em S\u00e3o Paulo, Capital, possivelmente nos dias 2, 3 ou 4 de setembro de 1973. Segundo informa\u00e7\u00f5es de Osvaldo Rocha, dentista, militante pol\u00edtico da APML [A\u00e7\u00e3o Popular Marxista-Leninista], na ocasi\u00e3o do desaparecimento de Paulo, ambos estavam juntos num trem que ia de S\u00e3o Paulo a Mau\u00e1, na grande S\u00e3o Paulo; nessa ocasi\u00e3o, ao terem percebido pessoas ligadas \u00e0 repress\u00e3o pol\u00edtica, Osvaldo desceu do trem em primeiro lugar e Paulo teria descido em outro ponto.<\/p>\n<p style=\"text-align: justify;\">Ao chegar em sua resid\u00eancia, localizada em S\u00e3o Paulo, Osvaldo veio a ser preso por policiais, sendo, em seguida, conduzido \u00e0s depend\u00eancias do DOI-CODI(OBAN), onde foi despido e agredido violentamente e, nessa oportunidade, viu no ch\u00e3o a mesma blusa que Paulo usava no trem que o conduzia a Mau\u00e1. Foram impetrados Habeas-Corpus pelo advogado Jos\u00e9 Carlos Dias em favor de Paulo Stuart Wright e Pedro Jo\u00e3o Tinn, nome falso usado por ele inclusive nos documentos pessoais.<\/p>\n<p style=\"text-align: justify;\">Uma s\u00e9rie de iniciativas foram tomadas visando a sua localiza\u00e7\u00e3o. A primeira provid\u00eancia no sentido dessa localiza\u00e7\u00e3o foi a ida do irm\u00e3o, Jaime Nelson Wright, acompanhado de um Coronel, cujo nome \u00e9 Teodoro Pupo, ao DOI-CODI, onde falaram com um Sargento, que demonstrava muito nervosismo. Ap\u00f3s essa conversa com o sargento, este foi ver alguma coisa l\u00e1 dentro, voltando meia hora depois, quando, ent\u00e3o, informou que n\u00e3o havia ningu\u00e9m com o nome de Paulo Stuart Wright.<\/p>\n<p style=\"text-align: justify;\">Dias depois, houve uma outra iniciativa, no sentido da localiza\u00e7\u00e3o de Paulo, quando um Pastor Metodista que tinha rela\u00e7\u00f5es de parentesco com o Major Ustra e se disp\u00f4s a ajudar a fam\u00edlia. O Pastor informou os familiares de Paulo que o Major Ustra mostrou a ele, nas depend\u00eancias do DOI-CODI, uma pasta onde constava apenas o t\u00edtulo de eleitor de Paulo Stuart Wright e que n\u00e3o tinha nenhuma not\u00edcia do paradeiro do mesmo. O Major Ustra n\u00e3o soube justificar os motivos pelos quais n\u00e3o tinha not\u00edcia do paradeiro de Paulo.<\/p>\n<p style=\"text-align: justify;\">Uma dentista, cujo nome \u00e9 Marlene de Souza Soccas, contou ter sido presa em 1970, ficando detida nas depend\u00eancias do CENIMAR (Centro de Informa\u00e7\u00f5es da Marinha), onde p\u00f4de ver um painel com v\u00e1rias fotografias de Paulo, o que, desde ent\u00e3o, indicava que o mesmo j\u00e1 era procurado pelos \u00f3rg\u00e3os de repress\u00e3o.<\/p>\n<p style=\"text-align: justify;\">Al\u00e9m das iniciativas tomadas pelos familiares de Paulo, no \u00e2mbito nacional, outras tiveram ensejo no Forum Internacional, em virtude da sua dupla cidadania. Foram feitas junto ao Departamento de Estado e ao Senado, nos Estados Unidos, sendo certo que as autoridades brasileiras continuaram negando a pris\u00e3o de Paulo Stuart Wright, entendendo que se tratava de uma inger\u00eancia do governo norte-americano, at\u00e9 porque Paulo havia sido Deputado do Parlamento Brasileiro, mais precisamente na Assembl\u00e9ia Legislativa de Santa Catarina. Apesar de todos os esfor\u00e7os empreendidos pelos familiares, Paulo at\u00e9 hoje n\u00e3o foi encontrado e a convic\u00e7\u00e3o de que foi assassinado, est\u00e1 baseada em declara\u00e7\u00f5es prestadas por terceiros que constam entre os documentos do Projeto \u2018Brasil Nunca Mais\u2019.\u201d<\/p>\n<p style=\"text-align: justify;\">A respeito de sua milit\u00e2ncia e desaparecimento, ver o livro \u201cO Coronel Tem Um Segredo: Paulo Wright N\u00e3o Est\u00e1 em Cuba\u201d, de Delora Jan Wright, Editora Vozes, S\u00e3o Paulo.<\/p>\n<p style=\"text-align: justify;\"><strong>Pela palavra de Cristo, revolu\u00e7\u00e3o<\/strong>!<br \/>\n(Mat\u00e9ria de Luis Fernando Assun\u00e7\u00e3o\u00a0\u00a0para o Jornal <em>A Not\u00edcia, <\/em>Joinville, em 01\/07\/03)<\/p>\n<p style=\"text-align: justify;\"><em>De s\u00f3lida forma\u00e7\u00e3o religiosa e intelectual, ex-deputado estadual Paulo Wright abriu m\u00e3o de tudo para lutar por liberdade<\/em><\/p>\n<p style=\"text-align: justify;\">Era mais um dos tantos encontros perigosos naqueles terr\u00edveis anos de repress\u00e3o. De codinome Pedro Jo\u00e3o Tim, Paulo Stuart Wright saiu de uma das casas onde se escondia alguns dias por semana no centro de S\u00e3o Paulo e seguiu em dire\u00e7\u00e3o \u00e0 Esta\u00e7\u00e3o da Luz ao encontro de dois companheiros. Em seguida, entraram no trem em dire\u00e7\u00e3o a Santo Andr\u00e9. O amigo baixinho e o amigo estudante perceberam que estavam sendo seguidos e pediram que Paulo disfar\u00e7asse. Com a blusa de frio no bra\u00e7o, deixou cair no ch\u00e3o o jornal insepar\u00e1vel, deu uma olhadela pela volta e compartilhou a mesma sensa\u00e7\u00e3o: estavam sendo seguidos. Decidiram descer do trem. O baixinho primeiro, o estudante depois e Paulo por \u00faltimo. Depois disso, o catarinense Paulo Stuart Wright n\u00e3o foi mais visto com vida. Preso, torturado e assassinado, seu corpo at\u00e9 hoje n\u00e3o foi localizado.<\/p>\n<p style=\"text-align: justify;\">Paulo Stuart Wright, filho de pastor presbiteriano, nasceu em Herval, distrito de Joa\u00e7aba em 2 de junho de 1933. Sexto filho de um casal de mission\u00e1rios que desenvolvia um trabalho religioso na regi\u00e3o do Vale do Rio do Peixe, Paulo cresceu rodeado por forte controle paterno contrabala\u00e7ado com uma educa\u00e7\u00e3o sens\u00edvel da m\u00e3e. Ouvia diariamente hist\u00f3rias que dona Bella lia, em ingl\u00eas, antes de dormir. O reverendo Wright atribu\u00eda obriga\u00e7\u00f5es severas a todos os filhos: ajudar nas tarefas de casa, cortar lenha, cuidar da pequena ro\u00e7a, ajudar no fabrico do suco de uva, aprender of\u00edcio e seguir os ensinamentos da B\u00edblia.<\/p>\n<p style=\"text-align: justify;\">Com nove anos, Paulo vivenciou a sua primeira grande perda: dois de seus irm\u00e3os morreram afogados no rio do Peixe. Conheceu ent\u00e3o a coragem da m\u00e3e, o sofrimento resignado do pai e o medo de nadar. Passado o choque, Paulo passou a fazer visitas com os pais a resid\u00eancias, ouvindo seus problemas e levando conforto \u00e0s fam\u00edlias. Concluiu o prim\u00e1rio e foi estudar em Passo Fundo, no Rio Grande do Sul. Jogava basquete, v\u00f4lei e futebol. Acabou se apaixonando por uma paranaense chamada Edimar Rickli, com quem casou, mais tarde. Ele j\u00e1 conclu\u00edra o cient\u00edfico e se preparava para estudar nos Estados Unidos, costume entre os filhos de mission\u00e1rios da igreja Presbiteriana. A fam\u00edlia e a mulher cultivavam as palavras de justi\u00e7a e honestidade de Paulo mas n\u00e3o entendiam muito aquela mania de sempre visitar orfanatos e asilos, conversar e brincar com crian\u00e7as sem fam\u00edlia e idosos desamparados.<\/p>\n<p style=\"text-align: justify;\">At\u00e9 o pai o censurava, porque sempre doava seus pr\u00f3prios sapatos a quem mais precisasse. A mulher, Edi, sabia que atitudes como essa de Paulo em breve trariam problemas muito mais s\u00e9rios. E assim se deu. Paulo retornou de estudos nos Estados Unidos cheio de novas id\u00e9ias e velhas certezas: o seu lugar era onde pudesse ficar ombro a ombro com injusti\u00e7ados e daqueles que buscassem transforma\u00e7\u00e3o. Casou no final de 1956, em Curitiba. Com a morte da m\u00e3e, voltaram para Joa\u00e7aba, onde Paulo empregou-se de torneiro mec\u00e2nico e em pouco tempo fundou o sindicato dos metal\u00fargicos.<\/p>\n<p style=\"text-align: justify;\">Filiou-se ao Partido Trabalhista Brasileiro (PTB) e aceitou, aos 25 anos de idade, candidatar-se a vereador. N\u00e3o foi eleito. O casal mudou-se para S\u00e3o Paulo, onde Paulo ampliava suas atividades pol\u00edticas e religiosas. Em 1960, a fam\u00edlia voltou para Joa\u00e7aba, onde Paulo se candidatou a prefeito da cidade. Tinha 27 anos e uma popularidade em alta. Teve 4.276 votos contra o candidato da UDN, que fez 4.284.<\/p>\n<p style=\"text-align: justify;\">A decep\u00e7\u00e3o o empurrou para Florian\u00f3polis, como diretor da Imprensa Oficial do Estado. Foi eleito em 1962 deputado estadual pelo Partido Social Progressista (PSP). Ligado a movimentos populares e oper\u00e1rios, Paulo defendeu esses interesses enquanto esteve na Assembl\u00e9ia. Seus discursos no plen\u00e1rio incomodavam at\u00e9 mesmo a membros da mesa. Come\u00e7ava a press\u00e3o por sua ren\u00fancia. Os suplentes reagiam: &#8220;Ele tem id\u00e9ias comunistas.&#8221; Era final de 1963 e Paulo elaborava um projeto para organizar cooperativas de pescadores no Estado.<\/p>\n<p style=\"text-align: justify;\">Com o golpe, Paulo teve seu mandato cassado. Acuado, perseguido, ele deixou o Pa\u00eds. Seguiu para Cuba, via M\u00e9xico. Voltou ao Brasil um ano depois e come\u00e7ou a militar nos movimentos revolucion\u00e1rios. Ingressou na A\u00e7\u00e3o Popular (AP), onde atuou por oito anos na clandestinidade. Chegou a ser expulso da igreja Presbiteriana \u2014 atitude revista pela igreja depois dos anos de ditadura. Nos primeiros dias de 1973, num dos anos mais sangrentos da repress\u00e3o, se viu preso logo depois de descer do trem em dire\u00e7\u00e3o a Mau\u00e1. Levado ao DOI\/Codi de S\u00e3o Paulo, foi morto sob tortura nas primeiras 48 horas do cativeiro. Sua blusa de frio foi encontrada no ch\u00e3o da sala de interrogat\u00f3rios. At\u00e9 hoje a fam\u00edlia carrega a ang\u00fastia de n\u00e3o ter encontrado seus restos mortais.<br \/>\n<strong>Fonte<\/strong> : Acervo digital do Grupo Tortura Nunca Mais Rio de Janeiro<\/p>\n<p style=\"text-align: justify;\">\n<a href=\"http:\/\/www.torturanuncamais-rj.org.br\/MDDetalhes.asp?CodMortosDesaparecidos=320\" target=\"_blank\">http:\/\/www.torturanuncamais-rj.org.br\/MDDetalhes.asp?CodMortosDesaparecidos=320<\/a><\/p>\n<p style=\"text-align: justify;\">vi no <a href=\"http:\/\/www.novosdialogos.com\/artigo.asp?id=152\" target=\"_blank\">http:\/\/www.novosdialogos.com<\/a> um site que eu <strong>FORTEMENTE<\/strong> recomendo!<\/p>\n<\/div>\n","protected":false},"excerpt":{"rendered":"<p>&#8220;&#8230;Diante de tanta injusti\u00e7a e mis\u00e9ria que vemos no mundo e da opress\u00e3o generalizada aos necessitados, proclamar-se inocente \u00e9 inconceb\u00edvel para quem [&hellip;]<\/p>\n","protected":false},"author":9,"featured_media":5230,"comment_status":"open","ping_status":"open","sticky":false,"template":"","format":"standard","meta":{"_exactmetrics_skip_tracking":false,"_exactmetrics_sitenote_active":false,"_exactmetrics_sitenote_note":"","_exactmetrics_sitenote_category":0,"footnotes":"","_links_to":"","_links_to_target":""},"categories":[1470],"tags":[267,434,744,1609],"class_list":{"0":"post-5229","1":"post","2":"type-post","3":"status-publish","4":"format-standard","5":"has-post-thumbnail","6":"hentry","7":"category-eu-queria-ser-assim-sessoes","8":"tag-brasil","9":"tag-ditadura","10":"tag-liberdade","11":"tag-paulo-stuart-wright","13":"post-with-thumbnail","14":"post-with-thumbnail-large"},"yoast_head":"<!-- This site is optimized with the Yoast SEO plugin v27.1.1 - https:\/\/yoast.com\/product\/yoast-seo-wordpress\/ -->\n<title>Eu queria ser assim - Paulo Stuart Wright - Crentassos Produ\u00e7\u00f5es Subversivas<\/title>\n<meta name=\"robots\" content=\"index, follow, max-snippet:-1, max-image-preview:large, max-video-preview:-1\" \/>\n<link rel=\"canonical\" href=\"https:\/\/crentassos.com.br\/blog\/2012\/03\/eu-queria-ser-assim-paulo-stuart-wright.html\" \/>\n<meta property=\"og:locale\" content=\"pt_BR\" \/>\n<meta property=\"og:type\" content=\"article\" \/>\n<meta property=\"og:title\" content=\"Eu queria ser assim - Paulo Stuart Wright - Crentassos Produ\u00e7\u00f5es Subversivas\" \/>\n<meta property=\"og:description\" content=\"&#8220;&#8230;Diante de tanta injusti\u00e7a e mis\u00e9ria que vemos no mundo e da opress\u00e3o generalizada aos necessitados, proclamar-se inocente \u00e9 inconceb\u00edvel para quem [&hellip;]\" \/>\n<meta property=\"og:url\" content=\"https:\/\/crentassos.com.br\/blog\/2012\/03\/eu-queria-ser-assim-paulo-stuart-wright.html\" \/>\n<meta property=\"og:site_name\" content=\"Crentassos Produ\u00e7\u00f5es Subversivas\" \/>\n<meta property=\"article:publisher\" content=\"http:\/\/www.facebook.com\/crentassos\" \/>\n<meta property=\"article:published_time\" content=\"2012-03-02T13:39:58+00:00\" \/>\n<meta property=\"og:image\" content=\"https:\/\/crentassos.com.br\/blog\/wp-content\/uploads\/2012\/03\/paulo.jpg\" \/>\n\t<meta property=\"og:image:width\" content=\"921\" \/>\n\t<meta property=\"og:image:height\" content=\"1600\" \/>\n\t<meta property=\"og:image:type\" content=\"image\/jpeg\" \/>\n<meta name=\"author\" content=\"Cristiano Machado\" \/>\n<meta name=\"twitter:card\" content=\"summary_large_image\" \/>\n<meta name=\"twitter:creator\" content=\"@crentassos\" \/>\n<meta name=\"twitter:site\" content=\"@crentassos\" \/>\n<meta name=\"twitter:label1\" content=\"Escrito por\" \/>\n\t<meta name=\"twitter:data1\" content=\"Cristiano Machado\" \/>\n\t<meta name=\"twitter:label2\" content=\"Est. tempo de leitura\" \/>\n\t<meta name=\"twitter:data2\" content=\"12 minutos\" \/>\n<script type=\"application\/ld+json\" class=\"yoast-schema-graph\">{\"@context\":\"https:\/\/schema.org\",\"@graph\":[{\"@type\":\"Article\",\"@id\":\"https:\/\/crentassos.com.br\/blog\/2012\/03\/eu-queria-ser-assim-paulo-stuart-wright.html#article\",\"isPartOf\":{\"@id\":\"https:\/\/crentassos.com.br\/blog\/2012\/03\/eu-queria-ser-assim-paulo-stuart-wright.html\"},\"author\":{\"name\":\"Cristiano Machado\",\"@id\":\"https:\/\/crentassos.com.br\/blog\/#\/schema\/person\/7ec3329a98c44e20ccd6cc2c9e18acbd\"},\"headline\":\"Eu queria ser assim &#8211; Paulo Stuart Wright\",\"datePublished\":\"2012-03-02T13:39:58+00:00\",\"mainEntityOfPage\":{\"@id\":\"https:\/\/crentassos.com.br\/blog\/2012\/03\/eu-queria-ser-assim-paulo-stuart-wright.html\"},\"wordCount\":2381,\"commentCount\":1,\"publisher\":{\"@id\":\"https:\/\/crentassos.com.br\/blog\/#organization\"},\"image\":{\"@id\":\"https:\/\/crentassos.com.br\/blog\/2012\/03\/eu-queria-ser-assim-paulo-stuart-wright.html#primaryimage\"},\"thumbnailUrl\":\"https:\/\/crentassos.com.br\/blog\/wp-content\/uploads\/2012\/03\/paulo.jpg\",\"keywords\":[\"Brasil\",\"ditadura\",\"liberdade\",\"Paulo Stuart Wright\"],\"articleSection\":[\"Eu queria ser assim\"],\"inLanguage\":\"pt-BR\",\"potentialAction\":[{\"@type\":\"CommentAction\",\"name\":\"Comment\",\"target\":[\"https:\/\/crentassos.com.br\/blog\/2012\/03\/eu-queria-ser-assim-paulo-stuart-wright.html#respond\"]}]},{\"@type\":\"WebPage\",\"@id\":\"https:\/\/crentassos.com.br\/blog\/2012\/03\/eu-queria-ser-assim-paulo-stuart-wright.html\",\"url\":\"https:\/\/crentassos.com.br\/blog\/2012\/03\/eu-queria-ser-assim-paulo-stuart-wright.html\",\"name\":\"Eu queria ser assim - Paulo Stuart Wright - Crentassos Produ\u00e7\u00f5es Subversivas\",\"isPartOf\":{\"@id\":\"https:\/\/crentassos.com.br\/blog\/#website\"},\"primaryImageOfPage\":{\"@id\":\"https:\/\/crentassos.com.br\/blog\/2012\/03\/eu-queria-ser-assim-paulo-stuart-wright.html#primaryimage\"},\"image\":{\"@id\":\"https:\/\/crentassos.com.br\/blog\/2012\/03\/eu-queria-ser-assim-paulo-stuart-wright.html#primaryimage\"},\"thumbnailUrl\":\"https:\/\/crentassos.com.br\/blog\/wp-content\/uploads\/2012\/03\/paulo.jpg\",\"datePublished\":\"2012-03-02T13:39:58+00:00\",\"breadcrumb\":{\"@id\":\"https:\/\/crentassos.com.br\/blog\/2012\/03\/eu-queria-ser-assim-paulo-stuart-wright.html#breadcrumb\"},\"inLanguage\":\"pt-BR\",\"potentialAction\":[{\"@type\":\"ReadAction\",\"target\":[\"https:\/\/crentassos.com.br\/blog\/2012\/03\/eu-queria-ser-assim-paulo-stuart-wright.html\"]}]},{\"@type\":\"ImageObject\",\"inLanguage\":\"pt-BR\",\"@id\":\"https:\/\/crentassos.com.br\/blog\/2012\/03\/eu-queria-ser-assim-paulo-stuart-wright.html#primaryimage\",\"url\":\"https:\/\/crentassos.com.br\/blog\/wp-content\/uploads\/2012\/03\/paulo.jpg\",\"contentUrl\":\"https:\/\/crentassos.com.br\/blog\/wp-content\/uploads\/2012\/03\/paulo.jpg\",\"width\":\"921\",\"height\":\"1600\"},{\"@type\":\"BreadcrumbList\",\"@id\":\"https:\/\/crentassos.com.br\/blog\/2012\/03\/eu-queria-ser-assim-paulo-stuart-wright.html#breadcrumb\",\"itemListElement\":[{\"@type\":\"ListItem\",\"position\":1,\"name\":\"Home\",\"item\":\"https:\/\/crentassos.com.br\/blog\/\"},{\"@type\":\"ListItem\",\"position\":2,\"name\":\"Eu queria ser assim &#8211; Paulo Stuart Wright\"}]},{\"@type\":\"WebSite\",\"@id\":\"https:\/\/crentassos.com.br\/blog\/#website\",\"url\":\"https:\/\/crentassos.com.br\/blog\/\",\"name\":\"Crentassos Produ\u00e7\u00f5es Subversivas\",\"description\":\"Podcast Crist\u00e3o, Podcrent, Da Prateleira, Artigos crist\u00e3os, Teologia, Estudos, Textos B\u00edblicos\",\"publisher\":{\"@id\":\"https:\/\/crentassos.com.br\/blog\/#organization\"},\"potentialAction\":[{\"@type\":\"SearchAction\",\"target\":{\"@type\":\"EntryPoint\",\"urlTemplate\":\"https:\/\/crentassos.com.br\/blog\/?s={search_term_string}\"},\"query-input\":{\"@type\":\"PropertyValueSpecification\",\"valueRequired\":true,\"valueName\":\"search_term_string\"}}],\"inLanguage\":\"pt-BR\"},{\"@type\":\"Organization\",\"@id\":\"https:\/\/crentassos.com.br\/blog\/#organization\",\"name\":\"Crentassos Produ\u00e7\u00f5es Subversivas\",\"url\":\"https:\/\/crentassos.com.br\/blog\/\",\"logo\":{\"@type\":\"ImageObject\",\"inLanguage\":\"pt-BR\",\"@id\":\"https:\/\/crentassos.com.br\/blog\/#\/schema\/logo\/image\/\",\"url\":\"https:\/\/crentassos.com.br\/blog\/wp-content\/uploads\/2020\/05\/cropped-crentassos1-300x300png.png\",\"contentUrl\":\"https:\/\/crentassos.com.br\/blog\/wp-content\/uploads\/2020\/05\/cropped-crentassos1-300x300png.png\",\"width\":300,\"height\":300,\"caption\":\"Crentassos Produ\u00e7\u00f5es Subversivas\"},\"image\":{\"@id\":\"https:\/\/crentassos.com.br\/blog\/#\/schema\/logo\/image\/\"},\"sameAs\":[\"http:\/\/www.facebook.com\/crentassos\",\"https:\/\/x.com\/crentassos\",\"https:\/\/www.instagram.com\/crentassos\",\"https:\/\/www.youtube.com\/crentassos\"]},{\"@type\":\"Person\",\"@id\":\"https:\/\/crentassos.com.br\/blog\/#\/schema\/person\/7ec3329a98c44e20ccd6cc2c9e18acbd\",\"name\":\"Cristiano Machado\",\"image\":{\"@type\":\"ImageObject\",\"inLanguage\":\"pt-BR\",\"@id\":\"https:\/\/crentassos.com.br\/blog\/#\/schema\/person\/image\/\",\"url\":\"https:\/\/secure.gravatar.com\/avatar\/3e7427d384f99d15935b3008477c324124816869ceb70e362e586dcccdb265bf?s=96&d=retro&r=g\",\"contentUrl\":\"https:\/\/secure.gravatar.com\/avatar\/3e7427d384f99d15935b3008477c324124816869ceb70e362e586dcccdb265bf?s=96&d=retro&r=g\",\"caption\":\"Cristiano Machado\"},\"description\":\"Cristiano Machado \u00e9 o culpado pelo inicio do COLETIVO CRENTASSOS PRODU\u00c7\u00d5ES SUBVERSIVAS e atua como auxiliar de cirurgi\u00e3o barbeiro, tocando o bumbo, jogando malabares, preparando o elixir, costurando amputa\u00e7\u00f5es e demais atividades relacionadas \u00e0 sua ocupa\u00e7\u00e3o. Pensa n\u00e3o vida em forma de pergunta e nunca de resposta, e tem um profundo sentimento de gratid\u00e3o e amor por sua esposa e filha. Religi\u00e3o: Crist\u00e3o Protestante Reformando-se Estado Civil: Inteiramente apaixonado\",\"sameAs\":[\"http:\/\/crentassos.com.br\/blog\"],\"url\":\"https:\/\/crentassos.com.br\/blog\/author\/o_cristiano\"}]}<\/script>\n<!-- \/ Yoast SEO plugin. -->","yoast_head_json":{"title":"Eu queria ser assim - Paulo Stuart Wright - Crentassos Produ\u00e7\u00f5es Subversivas","robots":{"index":"index","follow":"follow","max-snippet":"max-snippet:-1","max-image-preview":"max-image-preview:large","max-video-preview":"max-video-preview:-1"},"canonical":"https:\/\/crentassos.com.br\/blog\/2012\/03\/eu-queria-ser-assim-paulo-stuart-wright.html","og_locale":"pt_BR","og_type":"article","og_title":"Eu queria ser assim - Paulo Stuart Wright - Crentassos Produ\u00e7\u00f5es Subversivas","og_description":"&#8220;&#8230;Diante de tanta injusti\u00e7a e mis\u00e9ria que vemos no mundo e da opress\u00e3o generalizada aos necessitados, proclamar-se inocente \u00e9 inconceb\u00edvel para quem [&hellip;]","og_url":"https:\/\/crentassos.com.br\/blog\/2012\/03\/eu-queria-ser-assim-paulo-stuart-wright.html","og_site_name":"Crentassos Produ\u00e7\u00f5es Subversivas","article_publisher":"http:\/\/www.facebook.com\/crentassos","article_published_time":"2012-03-02T13:39:58+00:00","og_image":[{"width":921,"height":1600,"url":"https:\/\/crentassos.com.br\/blog\/wp-content\/uploads\/2012\/03\/paulo.jpg","type":"image\/jpeg"}],"author":"Cristiano Machado","twitter_card":"summary_large_image","twitter_creator":"@crentassos","twitter_site":"@crentassos","twitter_misc":{"Escrito por":"Cristiano Machado","Est. tempo de leitura":"12 minutos"},"schema":{"@context":"https:\/\/schema.org","@graph":[{"@type":"Article","@id":"https:\/\/crentassos.com.br\/blog\/2012\/03\/eu-queria-ser-assim-paulo-stuart-wright.html#article","isPartOf":{"@id":"https:\/\/crentassos.com.br\/blog\/2012\/03\/eu-queria-ser-assim-paulo-stuart-wright.html"},"author":{"name":"Cristiano Machado","@id":"https:\/\/crentassos.com.br\/blog\/#\/schema\/person\/7ec3329a98c44e20ccd6cc2c9e18acbd"},"headline":"Eu queria ser assim &#8211; Paulo Stuart Wright","datePublished":"2012-03-02T13:39:58+00:00","mainEntityOfPage":{"@id":"https:\/\/crentassos.com.br\/blog\/2012\/03\/eu-queria-ser-assim-paulo-stuart-wright.html"},"wordCount":2381,"commentCount":1,"publisher":{"@id":"https:\/\/crentassos.com.br\/blog\/#organization"},"image":{"@id":"https:\/\/crentassos.com.br\/blog\/2012\/03\/eu-queria-ser-assim-paulo-stuart-wright.html#primaryimage"},"thumbnailUrl":"https:\/\/crentassos.com.br\/blog\/wp-content\/uploads\/2012\/03\/paulo.jpg","keywords":["Brasil","ditadura","liberdade","Paulo Stuart Wright"],"articleSection":["Eu queria ser assim"],"inLanguage":"pt-BR","potentialAction":[{"@type":"CommentAction","name":"Comment","target":["https:\/\/crentassos.com.br\/blog\/2012\/03\/eu-queria-ser-assim-paulo-stuart-wright.html#respond"]}]},{"@type":"WebPage","@id":"https:\/\/crentassos.com.br\/blog\/2012\/03\/eu-queria-ser-assim-paulo-stuart-wright.html","url":"https:\/\/crentassos.com.br\/blog\/2012\/03\/eu-queria-ser-assim-paulo-stuart-wright.html","name":"Eu queria ser assim - Paulo Stuart Wright - Crentassos Produ\u00e7\u00f5es Subversivas","isPartOf":{"@id":"https:\/\/crentassos.com.br\/blog\/#website"},"primaryImageOfPage":{"@id":"https:\/\/crentassos.com.br\/blog\/2012\/03\/eu-queria-ser-assim-paulo-stuart-wright.html#primaryimage"},"image":{"@id":"https:\/\/crentassos.com.br\/blog\/2012\/03\/eu-queria-ser-assim-paulo-stuart-wright.html#primaryimage"},"thumbnailUrl":"https:\/\/crentassos.com.br\/blog\/wp-content\/uploads\/2012\/03\/paulo.jpg","datePublished":"2012-03-02T13:39:58+00:00","breadcrumb":{"@id":"https:\/\/crentassos.com.br\/blog\/2012\/03\/eu-queria-ser-assim-paulo-stuart-wright.html#breadcrumb"},"inLanguage":"pt-BR","potentialAction":[{"@type":"ReadAction","target":["https:\/\/crentassos.com.br\/blog\/2012\/03\/eu-queria-ser-assim-paulo-stuart-wright.html"]}]},{"@type":"ImageObject","inLanguage":"pt-BR","@id":"https:\/\/crentassos.com.br\/blog\/2012\/03\/eu-queria-ser-assim-paulo-stuart-wright.html#primaryimage","url":"https:\/\/crentassos.com.br\/blog\/wp-content\/uploads\/2012\/03\/paulo.jpg","contentUrl":"https:\/\/crentassos.com.br\/blog\/wp-content\/uploads\/2012\/03\/paulo.jpg","width":"921","height":"1600"},{"@type":"BreadcrumbList","@id":"https:\/\/crentassos.com.br\/blog\/2012\/03\/eu-queria-ser-assim-paulo-stuart-wright.html#breadcrumb","itemListElement":[{"@type":"ListItem","position":1,"name":"Home","item":"https:\/\/crentassos.com.br\/blog\/"},{"@type":"ListItem","position":2,"name":"Eu queria ser assim &#8211; Paulo Stuart Wright"}]},{"@type":"WebSite","@id":"https:\/\/crentassos.com.br\/blog\/#website","url":"https:\/\/crentassos.com.br\/blog\/","name":"Crentassos Produ\u00e7\u00f5es Subversivas","description":"Podcast Crist\u00e3o, Podcrent, Da Prateleira, Artigos crist\u00e3os, Teologia, Estudos, Textos B\u00edblicos","publisher":{"@id":"https:\/\/crentassos.com.br\/blog\/#organization"},"potentialAction":[{"@type":"SearchAction","target":{"@type":"EntryPoint","urlTemplate":"https:\/\/crentassos.com.br\/blog\/?s={search_term_string}"},"query-input":{"@type":"PropertyValueSpecification","valueRequired":true,"valueName":"search_term_string"}}],"inLanguage":"pt-BR"},{"@type":"Organization","@id":"https:\/\/crentassos.com.br\/blog\/#organization","name":"Crentassos Produ\u00e7\u00f5es Subversivas","url":"https:\/\/crentassos.com.br\/blog\/","logo":{"@type":"ImageObject","inLanguage":"pt-BR","@id":"https:\/\/crentassos.com.br\/blog\/#\/schema\/logo\/image\/","url":"https:\/\/crentassos.com.br\/blog\/wp-content\/uploads\/2020\/05\/cropped-crentassos1-300x300png.png","contentUrl":"https:\/\/crentassos.com.br\/blog\/wp-content\/uploads\/2020\/05\/cropped-crentassos1-300x300png.png","width":300,"height":300,"caption":"Crentassos Produ\u00e7\u00f5es Subversivas"},"image":{"@id":"https:\/\/crentassos.com.br\/blog\/#\/schema\/logo\/image\/"},"sameAs":["http:\/\/www.facebook.com\/crentassos","https:\/\/x.com\/crentassos","https:\/\/www.instagram.com\/crentassos","https:\/\/www.youtube.com\/crentassos"]},{"@type":"Person","@id":"https:\/\/crentassos.com.br\/blog\/#\/schema\/person\/7ec3329a98c44e20ccd6cc2c9e18acbd","name":"Cristiano Machado","image":{"@type":"ImageObject","inLanguage":"pt-BR","@id":"https:\/\/crentassos.com.br\/blog\/#\/schema\/person\/image\/","url":"https:\/\/secure.gravatar.com\/avatar\/3e7427d384f99d15935b3008477c324124816869ceb70e362e586dcccdb265bf?s=96&d=retro&r=g","contentUrl":"https:\/\/secure.gravatar.com\/avatar\/3e7427d384f99d15935b3008477c324124816869ceb70e362e586dcccdb265bf?s=96&d=retro&r=g","caption":"Cristiano Machado"},"description":"Cristiano Machado \u00e9 o culpado pelo inicio do COLETIVO CRENTASSOS PRODU\u00c7\u00d5ES SUBVERSIVAS e atua como auxiliar de cirurgi\u00e3o barbeiro, tocando o bumbo, jogando malabares, preparando o elixir, costurando amputa\u00e7\u00f5es e demais atividades relacionadas \u00e0 sua ocupa\u00e7\u00e3o. Pensa n\u00e3o vida em forma de pergunta e nunca de resposta, e tem um profundo sentimento de gratid\u00e3o e amor por sua esposa e filha. Religi\u00e3o: Crist\u00e3o Protestante Reformando-se Estado Civil: Inteiramente apaixonado","sameAs":["http:\/\/crentassos.com.br\/blog"],"url":"https:\/\/crentassos.com.br\/blog\/author\/o_cristiano"}]}},"_links":{"self":[{"href":"https:\/\/crentassos.com.br\/blog\/wp-json\/wp\/v2\/posts\/5229","targetHints":{"allow":["GET"]}}],"collection":[{"href":"https:\/\/crentassos.com.br\/blog\/wp-json\/wp\/v2\/posts"}],"about":[{"href":"https:\/\/crentassos.com.br\/blog\/wp-json\/wp\/v2\/types\/post"}],"author":[{"embeddable":true,"href":"https:\/\/crentassos.com.br\/blog\/wp-json\/wp\/v2\/users\/9"}],"replies":[{"embeddable":true,"href":"https:\/\/crentassos.com.br\/blog\/wp-json\/wp\/v2\/comments?post=5229"}],"version-history":[{"count":2,"href":"https:\/\/crentassos.com.br\/blog\/wp-json\/wp\/v2\/posts\/5229\/revisions"}],"predecessor-version":[{"id":5232,"href":"https:\/\/crentassos.com.br\/blog\/wp-json\/wp\/v2\/posts\/5229\/revisions\/5232"}],"wp:featuredmedia":[{"embeddable":true,"href":"https:\/\/crentassos.com.br\/blog\/wp-json\/wp\/v2\/media\/5230"}],"wp:attachment":[{"href":"https:\/\/crentassos.com.br\/blog\/wp-json\/wp\/v2\/media?parent=5229"}],"wp:term":[{"taxonomy":"category","embeddable":true,"href":"https:\/\/crentassos.com.br\/blog\/wp-json\/wp\/v2\/categories?post=5229"},{"taxonomy":"post_tag","embeddable":true,"href":"https:\/\/crentassos.com.br\/blog\/wp-json\/wp\/v2\/tags?post=5229"}],"curies":[{"name":"wp","href":"https:\/\/api.w.org\/{rel}","templated":true}]}}