{"id":501,"date":"2011-05-26T07:08:00","date_gmt":"2011-05-26T09:08:00","guid":{"rendered":"http:\/\/oueleouela.wordpress.com\/2011\/05\/26\/os-fins-justificam-os-meios"},"modified":"2011-05-26T07:08:00","modified_gmt":"2011-05-26T09:08:00","slug":"os-fins-justificam-os-meios","status":"publish","type":"post","link":"https:\/\/crentassos.com.br\/blog\/2011\/05\/os-fins-justificam-os-meios.html","title":{"rendered":"Os fins justificam os meios?"},"content":{"rendered":"<div style=\"text-align:justify;\"><a href=\"http:\/\/www.culturabrasil.pro.br\/imagens\/machiavelli.gif\" style=\"clear:left;float:left;margin-bottom:1em;margin-right:1em;\"><img decoding=\"async\" border=\"0\" src=\"http:\/\/www.culturabrasil.pro.br\/imagens\/machiavelli.gif\" \/><\/a><span class=\"Apple-style-span\" style=\"font-family:'Trebuchet MS', sans-serif;\">Dizem que at\u00e9 hoje, na maioria das vezes, Maquiavel \u00e9 mal interpretado. Maquiavel, ao escrever sua principal obra, O PR\u00cdNCIPE, criou um &#8220;manual da pol\u00edtica&#8221;, que pode ser interpretado de muitas maneiras diferentes. Talvez por isso sua frase mais famosa: -&#8220;Os fins justificam os meios&#8221;- seja t\u00e3o mal interpretada. <\/span><br \/><span class=\"Apple-style-span\" style=\"font-family:'Trebuchet MS', sans-serif;\"><br \/><\/span><br \/><span class=\"Apple-style-span\" style=\"font-family:'Trebuchet MS', sans-serif;\">Mas de qualquer forma, parece que ele foi inclu\u00eddo no menu principal da leitura de &#8220;nossos&#8221; pol\u00edticos evang\u00e9licos.<\/span><br \/><span class=\"Apple-style-span\" style=\"font-family:'Trebuchet MS', sans-serif;\"><br \/><\/span><br \/><span class=\"Apple-style-span\" style=\"font-family:'Trebuchet MS', sans-serif;\">Li no <a href=\"http:\/\/terramagazine.terra.com.br\/interna\/0,,OI5149218-EI6578,00-Evangelicos+ameacaram+ir+contra+Palocci+para+coibir+kit+gay.html\">site do Terra<\/a> a seguinte not\u00edcia, data de 24\/05\/11:<\/span><br \/><span class=\"Apple-style-span\" style=\"font-family:'Trebuchet MS', sans-serif;\"><br \/><\/span><br \/><span class=\"Apple-style-span\" style=\"font-family:'Trebuchet MS', sans-serif;\"><b><u><br \/><\/u><\/b><\/span><br \/><span class=\"Apple-style-span\" style=\"font-family:'Trebuchet MS', sans-serif;\"><b><u>Evang\u00e9licos amea\u00e7aram ir contra Palocci para coibir kit gay<\/u><\/b><\/span><br \/><span class=\"Apple-style-span\" style=\"font-family:'Trebuchet MS', sans-serif;\">Terra Magazine<\/span><br \/><span class=\"Apple-style-span\" style=\"font-family:'Trebuchet MS', sans-serif;\">por Dayanne Sousa<\/span><br \/><span class=\"Apple-style-span\" style=\"font-family:'Trebuchet MS', sans-serif;\"><br \/><\/span><\/p>\n<div class=\"separator\" style=\"clear:both;text-align:center;\"><a href=\"http:\/\/oueleouela.files.wordpress.com\/2011\/05\/zope1.jpg\" style=\"margin-left:1em;margin-right:1em;\"><img loading=\"lazy\" decoding=\"async\" border=\"0\" height=\"247\" src=\"http:\/\/oueleouela.files.wordpress.com\/2011\/05\/zope1.jpg?w=300\" width=\"400\" \/><\/a><\/div>\n<p><span class=\"Apple-style-span\" style=\"font-family:'Trebuchet MS', sans-serif;\">L\u00edder da Frente Parlamentar Evang\u00e9lica, o deputado Jo\u00e3o Campos (PSDB &#8211; CE) <b><span class=\"Apple-style-span\" style=\"color:#cc0000;\">confessa que o apoio ao ministro da Casa Civil, Antonio Palocci, foi usado como moeda de barganha pelos religiosos<\/span><\/b> contra o kit anti-homofobia do Minist\u00e9rio da Educa\u00e7\u00e3o.<\/span><br \/><span class=\"Apple-style-span\" style=\"font-family:'Trebuchet MS', sans-serif;\"><br \/><\/span><br \/><span class=\"Apple-style-span\" style=\"font-family:'Trebuchet MS', sans-serif;\">&#8211; N\u00f3s reunimos, nesta ter\u00e7a-feira (24), a bancada evang\u00e9lica e a cat\u00f3lica, decidimos impor uma s\u00e9rie de condi\u00e7\u00f5es. Se o governo insistisse em manter o kit, bloquear\u00edamos a vota\u00e7\u00e3o na C\u00e2mara e apoiar\u00edamos a convoca\u00e7\u00e3o do ministro Palocci para dar explica\u00e7\u00f5es &#8211; relata Campos.<\/span><br \/><span class=\"Apple-style-span\" style=\"font-family:'Trebuchet MS', sans-serif;\"><br \/><\/span><br \/><span class=\"Apple-style-span\" style=\"font-family:'Trebuchet MS', sans-serif;\">Depois da amea\u00e7a das duas bancadas &#8211; que somadas t\u00eam mais de 90 deputados e 4 senadores &#8211; o secret\u00e1rio-geral da Presid\u00eancia da Rep\u00fablica, ministro Gilberto Carvalho, convocou os parlamentares e anunciou o recuo do Planalto em rela\u00e7\u00e3o ao material. &#8220;A presidenta Dilma n\u00e3o gostou dos v\u00eddeos, achou o material inadequado, e determinou que n\u00e3o circule oficialmente. Est\u00e3o suspensas todas as produ\u00e7\u00f5es de materiais que falem dessas quest\u00f5es&#8221;, disse o ministro.<\/span><br \/><span class=\"Apple-style-span\" style=\"font-family:'Trebuchet MS', sans-serif;\"><br \/><\/span><br \/><span class=\"Apple-style-span\" style=\"font-family:'Trebuchet MS', sans-serif;\">Uma semana antes, o ministro da Educa\u00e7\u00e3o, Fernando Haddad, havia anunciado que manteria o kit sem altera\u00e7\u00f5es, mesmo com a press\u00e3o dos religiosos. Campos avalia que houve uma mudan\u00e7a de posi\u00e7\u00e3o no Planalto. &#8220;<b><span class=\"Apple-style-span\" style=\"color:#cc0000;\">\u00c9 claro que o governo se sentiu amea\u00e7ado porque est\u00e1 num momento delicado com Palocci, mas \u00e9 esse o jogo pol\u00edtico<\/span><\/b>. N\u00e3o quiseram nos ouvir antes, agora ouviram&#8221;.<\/span><br \/><span class=\"Apple-style-span\" style=\"font-family:'Trebuchet MS', sans-serif;\"><br \/><\/span><br \/><span class=\"Apple-style-span\" style=\"font-family:'Trebuchet MS', sans-serif;\">A base governista na C\u00e2mara havia conseguido anular, na \u00faltima quarta-feira (18), as tentativas da oposi\u00e7\u00e3o de convocar o ministro Palocci para depor. Palocci sofre com as revela\u00e7\u00f5es de que aumentou seu patrim\u00f4nio em 20 vezes entre 2006 e 2010. Segundo revelou a Folha de S.Paulo, o faturamento da empresa do ministro, a Projeto, superou R$ 10 milh\u00f5es entre novembro e dezembro de 2010, quando ele coordenava a equipe de transi\u00e7\u00e3o de governo.<\/span><br \/><span class=\"Apple-style-span\" style=\"font-family:'Trebuchet MS', sans-serif;\"><br \/><\/span><br \/><span class=\"Apple-style-span\" style=\"font-family:'Trebuchet MS', sans-serif;\">******************************************************<\/span><br \/><span class=\"Apple-style-span\" style=\"font-family:'Trebuchet MS', sans-serif;\"><span class=\"Apple-style-span\" style=\"font-family:'Times New Roman';\"><\/span><\/span><\/p>\n<div style=\"margin:0;\"><span class=\"Apple-style-span\" style=\"font-family:'Trebuchet MS', sans-serif;\"><span class=\"Apple-style-span\" style=\"font-family:'Trebuchet MS', sans-serif;\"><b><i>Quero deixar claro de que sou contra a homofobia<\/i><\/b>, sob qualquer forma de express\u00e3o, por qualquer ramifica\u00e7\u00e3o da sociedade.<\/span><\/span><\/div>\n<div><span class=\"Apple-style-span\" style=\"font-family:'Trebuchet MS', sans-serif;\"><span class=\"Apple-style-span\" style=\"font-family:'Trebuchet MS', sans-serif;\">Mas tamb\u00e9m s<\/span><span class=\"Apple-style-span\" style=\"font-family:'Trebuchet MS', sans-serif;\">ou contra o plano do governo de propagar a id\u00e9ia de que homossexualidade \u00e9 a coisa mais normal do mundo atrav\u00e9s da distribui\u00e7\u00e3o do referido kit nas escolas de ensino m\u00e9dio, por ferir aquilo que acredito como base do direito do cidad\u00e3o de expressar-se livremente, de forma inteligente e pac\u00edfica. E como crist\u00e3o, por ferir ensinamentos basilares do Evangelho de Jesus.<\/span><\/span><\/div>\n<p><span class=\"Apple-style-span\" style=\"font-family:'Trebuchet MS', sans-serif;\"><i><b>Bem, o que me deixa intrigado <\/b><\/i>\u00e9 verificar na m\u00eddia que\u00a0<\/span><span class=\"Apple-style-span\" style=\"font-family:'Trebuchet MS', sans-serif;\">a bancada evang\u00e9lica (<\/span><span class=\"Apple-style-span\" style=\"font-family:'Trebuchet MS', sans-serif;\">homens que foram eleitos para supostamente representar os evang\u00e9licos ou os crist\u00e3os, como preferir) cedeu espa\u00e7o para a impunidade (caso haja uma investiga\u00e7\u00e3o e comprova\u00e7\u00e3o de enriquecimento il\u00edcito do Palocci).<\/span><br \/><span class=\"Apple-style-span\" style=\"font-family:'Trebuchet MS', sans-serif;\"><b><i>A<\/i><\/b><\/span><span class=\"Apple-style-span\" style=\"font-family:'Trebuchet MS', sans-serif;\"><b><i>briram m\u00e3o de exigir esclarecimentos <\/i><\/b>do ministro da Casa Civil, que evidentemente esconde coelhos na cartola, para n\u00e3o dizer raposas, em prol do arquivamento (talvez tempor\u00e1rio) do processo de distribui\u00e7\u00e3o do kit. Est\u00e3o ajudando a blindar o cara.<\/span><br \/><span class=\"Apple-style-span\" style=\"font-family:'Trebuchet MS', sans-serif;\"><i><b>Moeda de troca<\/b><\/i> foi dito pelo deputado. Pra mim,\u00a0<\/span><span class=\"Apple-style-span\" style=\"font-family:'Trebuchet MS', sans-serif;\">vejo que fizeram bem o dever de casa, lendo Maquiavel. Usaram de meios que julgo n\u00e3o apropriados para justificar os fins.<\/span><br \/><span class=\"Apple-style-span\" style=\"font-family:'Trebuchet MS', sans-serif;\"><b><i>N\u00e3o sei o que \u00e9 pior,&#8230;<\/i><\/b><\/span><br \/><span class=\"Apple-style-span\" style=\"font-family:'Trebuchet MS', sans-serif;\"><b><i>Ver o Brasil afundar em corrup\u00e7\u00e3o<\/i><\/b>, falta de transpar\u00eancia, maracutaias, enriquecimento \u00e0s custas de er\u00e1rio p\u00fablico.\u00a0<\/span><br \/><span class=\"Apple-style-span\" style=\"font-family:'Trebuchet MS', sans-serif;\"><b><i>V<\/i><\/b><i><b>er o Estado impor regras de comportamente sexual<\/b><\/i>, assim como Roma fez em sua hist\u00f3ria nos tempos da Igreja primitiva, onde a promiscuidade era sabida e aprovada.<\/span><br \/><span class=\"Apple-style-span\" style=\"font-family:'Trebuchet MS', sans-serif;\"><b><i>Ver homens, que usaram muitas vezes os p\u00fa<\/i><\/b><i><b>lpitos<\/b><\/i> por esse Brasil afora para se elegerem, tomarem atitudes que n\u00e3o diferem em anda dos pol\u00edticos &#8220;mundanos&#8221;.\u00a0<\/span><br \/><span class=\"Apple-style-span\" style=\"font-family:'Trebuchet MS', sans-serif;\">Trocam o Rei dos Reis pelo Principe de Maquiavel.<\/span><br \/><span class=\"Apple-style-span\" style=\"font-family:'Trebuchet MS', sans-serif;\"><br \/><\/span><br \/><span class=\"Apple-style-span\" style=\"font-family:'Trebuchet MS', sans-serif;\">Soli Deo Gloria<\/span><\/div>\n","protected":false},"excerpt":{"rendered":"<p>Dizem que at\u00e9 hoje, na maioria das vezes, Maquiavel \u00e9 mal interpretado. Maquiavel, ao escrever sua principal obra, O PR\u00cdNCIPE, criou um [&hellip;]<\/p>\n","protected":false},"author":1,"featured_media":0,"comment_status":"open","ping_status":"closed","sticky":false,"template":"","format":"standard","meta":{"_exactmetrics_skip_tracking":false,"_exactmetrics_sitenote_active":false,"_exactmetrics_sitenote_note":"","_exactmetrics_sitenote_category":0,"footnotes":"","_links_to":"","_links_to_target":""},"categories":[],"tags":[235,20,901,951],"class_list":["post-501","post","type-post","status-publish","format-standard","hentry","tag-bancada-evangelica","tag-carlos-marchiorato","tag-palocci","tag-politica-na-igreja"],"yoast_head":"<!-- This site is optimized with the Yoast SEO plugin v27.1.1 - https:\/\/yoast.com\/product\/yoast-seo-wordpress\/ -->\n<title>Os fins justificam os meios? - Crentassos Produ\u00e7\u00f5es Subversivas<\/title>\n<meta name=\"robots\" content=\"index, follow, max-snippet:-1, max-image-preview:large, max-video-preview:-1\" \/>\n<link rel=\"canonical\" href=\"https:\/\/crentassos.com.br\/blog\/2011\/05\/os-fins-justificam-os-meios.html\" \/>\n<meta property=\"og:locale\" content=\"pt_BR\" \/>\n<meta property=\"og:type\" content=\"article\" \/>\n<meta property=\"og:title\" content=\"Os fins justificam os meios? - Crentassos Produ\u00e7\u00f5es Subversivas\" \/>\n<meta property=\"og:description\" content=\"Dizem que at\u00e9 hoje, na maioria das vezes, Maquiavel \u00e9 mal interpretado. Maquiavel, ao escrever sua principal obra, O PR\u00cdNCIPE, criou um [&hellip;]\" \/>\n<meta property=\"og:url\" content=\"https:\/\/crentassos.com.br\/blog\/2011\/05\/os-fins-justificam-os-meios.html\" \/>\n<meta property=\"og:site_name\" content=\"Crentassos Produ\u00e7\u00f5es Subversivas\" \/>\n<meta property=\"article:publisher\" content=\"http:\/\/www.facebook.com\/crentassos\" \/>\n<meta property=\"article:published_time\" content=\"2011-05-26T09:08:00+00:00\" \/>\n<meta property=\"og:image\" content=\"http:\/\/www.culturabrasil.pro.br\/imagens\/machiavelli.gif\" \/>\n<meta name=\"author\" content=\"Crentassos\" \/>\n<meta name=\"twitter:card\" content=\"summary_large_image\" \/>\n<meta name=\"twitter:creator\" content=\"@crentassos\" \/>\n<meta name=\"twitter:site\" content=\"@crentassos\" \/>\n<meta name=\"twitter:label1\" content=\"Escrito por\" \/>\n\t<meta name=\"twitter:data1\" content=\"Crentassos\" \/>\n\t<meta name=\"twitter:label2\" content=\"Est. tempo de leitura\" \/>\n\t<meta name=\"twitter:data2\" content=\"4 minutos\" \/>\n<script type=\"application\/ld+json\" class=\"yoast-schema-graph\">{\"@context\":\"https:\/\/schema.org\",\"@graph\":[{\"@type\":\"Article\",\"@id\":\"https:\/\/crentassos.com.br\/blog\/2011\/05\/os-fins-justificam-os-meios.html#article\",\"isPartOf\":{\"@id\":\"https:\/\/crentassos.com.br\/blog\/2011\/05\/os-fins-justificam-os-meios.html\"},\"author\":{\"name\":\"Crentassos\",\"@id\":\"https:\/\/crentassos.com.br\/blog\/#\/schema\/person\/c143e75f920e3ad15d83540f47db500c\"},\"headline\":\"Os fins justificam os meios?\",\"datePublished\":\"2011-05-26T09:08:00+00:00\",\"mainEntityOfPage\":{\"@id\":\"https:\/\/crentassos.com.br\/blog\/2011\/05\/os-fins-justificam-os-meios.html\"},\"wordCount\":740,\"commentCount\":0,\"publisher\":{\"@id\":\"https:\/\/crentassos.com.br\/blog\/#organization\"},\"image\":{\"@id\":\"https:\/\/crentassos.com.br\/blog\/2011\/05\/os-fins-justificam-os-meios.html#primaryimage\"},\"thumbnailUrl\":\"http:\/\/www.culturabrasil.pro.br\/imagens\/machiavelli.gif\",\"keywords\":[\"bancada evangelica\",\"carlos marchiorato\",\"Palocci\",\"Pol\u00edtica na Igreja\"],\"inLanguage\":\"pt-BR\",\"potentialAction\":[{\"@type\":\"CommentAction\",\"name\":\"Comment\",\"target\":[\"https:\/\/crentassos.com.br\/blog\/2011\/05\/os-fins-justificam-os-meios.html#respond\"]}]},{\"@type\":\"WebPage\",\"@id\":\"https:\/\/crentassos.com.br\/blog\/2011\/05\/os-fins-justificam-os-meios.html\",\"url\":\"https:\/\/crentassos.com.br\/blog\/2011\/05\/os-fins-justificam-os-meios.html\",\"name\":\"Os fins justificam os meios? - Crentassos Produ\u00e7\u00f5es Subversivas\",\"isPartOf\":{\"@id\":\"https:\/\/crentassos.com.br\/blog\/#website\"},\"primaryImageOfPage\":{\"@id\":\"https:\/\/crentassos.com.br\/blog\/2011\/05\/os-fins-justificam-os-meios.html#primaryimage\"},\"image\":{\"@id\":\"https:\/\/crentassos.com.br\/blog\/2011\/05\/os-fins-justificam-os-meios.html#primaryimage\"},\"thumbnailUrl\":\"http:\/\/www.culturabrasil.pro.br\/imagens\/machiavelli.gif\",\"datePublished\":\"2011-05-26T09:08:00+00:00\",\"breadcrumb\":{\"@id\":\"https:\/\/crentassos.com.br\/blog\/2011\/05\/os-fins-justificam-os-meios.html#breadcrumb\"},\"inLanguage\":\"pt-BR\",\"potentialAction\":[{\"@type\":\"ReadAction\",\"target\":[\"https:\/\/crentassos.com.br\/blog\/2011\/05\/os-fins-justificam-os-meios.html\"]}]},{\"@type\":\"ImageObject\",\"inLanguage\":\"pt-BR\",\"@id\":\"https:\/\/crentassos.com.br\/blog\/2011\/05\/os-fins-justificam-os-meios.html#primaryimage\",\"url\":\"http:\/\/www.culturabrasil.pro.br\/imagens\/machiavelli.gif\",\"contentUrl\":\"http:\/\/www.culturabrasil.pro.br\/imagens\/machiavelli.gif\"},{\"@type\":\"BreadcrumbList\",\"@id\":\"https:\/\/crentassos.com.br\/blog\/2011\/05\/os-fins-justificam-os-meios.html#breadcrumb\",\"itemListElement\":[{\"@type\":\"ListItem\",\"position\":1,\"name\":\"Home\",\"item\":\"https:\/\/crentassos.com.br\/blog\/\"},{\"@type\":\"ListItem\",\"position\":2,\"name\":\"Os fins justificam os meios?\"}]},{\"@type\":\"WebSite\",\"@id\":\"https:\/\/crentassos.com.br\/blog\/#website\",\"url\":\"https:\/\/crentassos.com.br\/blog\/\",\"name\":\"Crentassos Produ\u00e7\u00f5es Subversivas\",\"description\":\"Podcast Crist\u00e3o, Podcrent, Da Prateleira, Artigos crist\u00e3os, Teologia, Estudos, Textos B\u00edblicos\",\"publisher\":{\"@id\":\"https:\/\/crentassos.com.br\/blog\/#organization\"},\"potentialAction\":[{\"@type\":\"SearchAction\",\"target\":{\"@type\":\"EntryPoint\",\"urlTemplate\":\"https:\/\/crentassos.com.br\/blog\/?s={search_term_string}\"},\"query-input\":{\"@type\":\"PropertyValueSpecification\",\"valueRequired\":true,\"valueName\":\"search_term_string\"}}],\"inLanguage\":\"pt-BR\"},{\"@type\":\"Organization\",\"@id\":\"https:\/\/crentassos.com.br\/blog\/#organization\",\"name\":\"Crentassos Produ\u00e7\u00f5es Subversivas\",\"url\":\"https:\/\/crentassos.com.br\/blog\/\",\"logo\":{\"@type\":\"ImageObject\",\"inLanguage\":\"pt-BR\",\"@id\":\"https:\/\/crentassos.com.br\/blog\/#\/schema\/logo\/image\/\",\"url\":\"https:\/\/crentassos.com.br\/blog\/wp-content\/uploads\/2020\/05\/cropped-crentassos1-300x300png.png\",\"contentUrl\":\"https:\/\/crentassos.com.br\/blog\/wp-content\/uploads\/2020\/05\/cropped-crentassos1-300x300png.png\",\"width\":300,\"height\":300,\"caption\":\"Crentassos Produ\u00e7\u00f5es Subversivas\"},\"image\":{\"@id\":\"https:\/\/crentassos.com.br\/blog\/#\/schema\/logo\/image\/\"},\"sameAs\":[\"http:\/\/www.facebook.com\/crentassos\",\"https:\/\/x.com\/crentassos\",\"https:\/\/www.instagram.com\/crentassos\",\"https:\/\/www.youtube.com\/crentassos\"]},{\"@type\":\"Person\",\"@id\":\"https:\/\/crentassos.com.br\/blog\/#\/schema\/person\/c143e75f920e3ad15d83540f47db500c\",\"name\":\"Crentassos\",\"image\":{\"@type\":\"ImageObject\",\"inLanguage\":\"pt-BR\",\"@id\":\"https:\/\/crentassos.com.br\/blog\/#\/schema\/person\/image\/\",\"url\":\"https:\/\/secure.gravatar.com\/avatar\/cb1b9c88bcd90ec2f909823639a352ece8d3a3cea59b9d08637fe057502fa227?s=96&d=retro&r=g\",\"contentUrl\":\"https:\/\/secure.gravatar.com\/avatar\/cb1b9c88bcd90ec2f909823639a352ece8d3a3cea59b9d08637fe057502fa227?s=96&d=retro&r=g\",\"caption\":\"Crentassos\"},\"description\":\"Perfil padr\u00e3o do blog dos Crentassos.\",\"sameAs\":[\"http:\/\/www.crentassos.com.br\"],\"url\":\"https:\/\/crentassos.com.br\/blog\/author\/crentassos\"}]}<\/script>\n<!-- \/ Yoast SEO plugin. -->","yoast_head_json":{"title":"Os fins justificam os meios? - Crentassos Produ\u00e7\u00f5es Subversivas","robots":{"index":"index","follow":"follow","max-snippet":"max-snippet:-1","max-image-preview":"max-image-preview:large","max-video-preview":"max-video-preview:-1"},"canonical":"https:\/\/crentassos.com.br\/blog\/2011\/05\/os-fins-justificam-os-meios.html","og_locale":"pt_BR","og_type":"article","og_title":"Os fins justificam os meios? - Crentassos Produ\u00e7\u00f5es Subversivas","og_description":"Dizem que at\u00e9 hoje, na maioria das vezes, Maquiavel \u00e9 mal interpretado. Maquiavel, ao escrever sua principal obra, O PR\u00cdNCIPE, criou um [&hellip;]","og_url":"https:\/\/crentassos.com.br\/blog\/2011\/05\/os-fins-justificam-os-meios.html","og_site_name":"Crentassos Produ\u00e7\u00f5es Subversivas","article_publisher":"http:\/\/www.facebook.com\/crentassos","article_published_time":"2011-05-26T09:08:00+00:00","og_image":[{"url":"http:\/\/www.culturabrasil.pro.br\/imagens\/machiavelli.gif","type":"","width":"","height":""}],"author":"Crentassos","twitter_card":"summary_large_image","twitter_creator":"@crentassos","twitter_site":"@crentassos","twitter_misc":{"Escrito por":"Crentassos","Est. tempo de leitura":"4 minutos"},"schema":{"@context":"https:\/\/schema.org","@graph":[{"@type":"Article","@id":"https:\/\/crentassos.com.br\/blog\/2011\/05\/os-fins-justificam-os-meios.html#article","isPartOf":{"@id":"https:\/\/crentassos.com.br\/blog\/2011\/05\/os-fins-justificam-os-meios.html"},"author":{"name":"Crentassos","@id":"https:\/\/crentassos.com.br\/blog\/#\/schema\/person\/c143e75f920e3ad15d83540f47db500c"},"headline":"Os fins justificam os meios?","datePublished":"2011-05-26T09:08:00+00:00","mainEntityOfPage":{"@id":"https:\/\/crentassos.com.br\/blog\/2011\/05\/os-fins-justificam-os-meios.html"},"wordCount":740,"commentCount":0,"publisher":{"@id":"https:\/\/crentassos.com.br\/blog\/#organization"},"image":{"@id":"https:\/\/crentassos.com.br\/blog\/2011\/05\/os-fins-justificam-os-meios.html#primaryimage"},"thumbnailUrl":"http:\/\/www.culturabrasil.pro.br\/imagens\/machiavelli.gif","keywords":["bancada evangelica","carlos marchiorato","Palocci","Pol\u00edtica na Igreja"],"inLanguage":"pt-BR","potentialAction":[{"@type":"CommentAction","name":"Comment","target":["https:\/\/crentassos.com.br\/blog\/2011\/05\/os-fins-justificam-os-meios.html#respond"]}]},{"@type":"WebPage","@id":"https:\/\/crentassos.com.br\/blog\/2011\/05\/os-fins-justificam-os-meios.html","url":"https:\/\/crentassos.com.br\/blog\/2011\/05\/os-fins-justificam-os-meios.html","name":"Os fins justificam os meios? - Crentassos Produ\u00e7\u00f5es Subversivas","isPartOf":{"@id":"https:\/\/crentassos.com.br\/blog\/#website"},"primaryImageOfPage":{"@id":"https:\/\/crentassos.com.br\/blog\/2011\/05\/os-fins-justificam-os-meios.html#primaryimage"},"image":{"@id":"https:\/\/crentassos.com.br\/blog\/2011\/05\/os-fins-justificam-os-meios.html#primaryimage"},"thumbnailUrl":"http:\/\/www.culturabrasil.pro.br\/imagens\/machiavelli.gif","datePublished":"2011-05-26T09:08:00+00:00","breadcrumb":{"@id":"https:\/\/crentassos.com.br\/blog\/2011\/05\/os-fins-justificam-os-meios.html#breadcrumb"},"inLanguage":"pt-BR","potentialAction":[{"@type":"ReadAction","target":["https:\/\/crentassos.com.br\/blog\/2011\/05\/os-fins-justificam-os-meios.html"]}]},{"@type":"ImageObject","inLanguage":"pt-BR","@id":"https:\/\/crentassos.com.br\/blog\/2011\/05\/os-fins-justificam-os-meios.html#primaryimage","url":"http:\/\/www.culturabrasil.pro.br\/imagens\/machiavelli.gif","contentUrl":"http:\/\/www.culturabrasil.pro.br\/imagens\/machiavelli.gif"},{"@type":"BreadcrumbList","@id":"https:\/\/crentassos.com.br\/blog\/2011\/05\/os-fins-justificam-os-meios.html#breadcrumb","itemListElement":[{"@type":"ListItem","position":1,"name":"Home","item":"https:\/\/crentassos.com.br\/blog\/"},{"@type":"ListItem","position":2,"name":"Os fins justificam os meios?"}]},{"@type":"WebSite","@id":"https:\/\/crentassos.com.br\/blog\/#website","url":"https:\/\/crentassos.com.br\/blog\/","name":"Crentassos Produ\u00e7\u00f5es Subversivas","description":"Podcast Crist\u00e3o, Podcrent, Da Prateleira, Artigos crist\u00e3os, Teologia, Estudos, Textos B\u00edblicos","publisher":{"@id":"https:\/\/crentassos.com.br\/blog\/#organization"},"potentialAction":[{"@type":"SearchAction","target":{"@type":"EntryPoint","urlTemplate":"https:\/\/crentassos.com.br\/blog\/?s={search_term_string}"},"query-input":{"@type":"PropertyValueSpecification","valueRequired":true,"valueName":"search_term_string"}}],"inLanguage":"pt-BR"},{"@type":"Organization","@id":"https:\/\/crentassos.com.br\/blog\/#organization","name":"Crentassos Produ\u00e7\u00f5es Subversivas","url":"https:\/\/crentassos.com.br\/blog\/","logo":{"@type":"ImageObject","inLanguage":"pt-BR","@id":"https:\/\/crentassos.com.br\/blog\/#\/schema\/logo\/image\/","url":"https:\/\/crentassos.com.br\/blog\/wp-content\/uploads\/2020\/05\/cropped-crentassos1-300x300png.png","contentUrl":"https:\/\/crentassos.com.br\/blog\/wp-content\/uploads\/2020\/05\/cropped-crentassos1-300x300png.png","width":300,"height":300,"caption":"Crentassos Produ\u00e7\u00f5es Subversivas"},"image":{"@id":"https:\/\/crentassos.com.br\/blog\/#\/schema\/logo\/image\/"},"sameAs":["http:\/\/www.facebook.com\/crentassos","https:\/\/x.com\/crentassos","https:\/\/www.instagram.com\/crentassos","https:\/\/www.youtube.com\/crentassos"]},{"@type":"Person","@id":"https:\/\/crentassos.com.br\/blog\/#\/schema\/person\/c143e75f920e3ad15d83540f47db500c","name":"Crentassos","image":{"@type":"ImageObject","inLanguage":"pt-BR","@id":"https:\/\/crentassos.com.br\/blog\/#\/schema\/person\/image\/","url":"https:\/\/secure.gravatar.com\/avatar\/cb1b9c88bcd90ec2f909823639a352ece8d3a3cea59b9d08637fe057502fa227?s=96&d=retro&r=g","contentUrl":"https:\/\/secure.gravatar.com\/avatar\/cb1b9c88bcd90ec2f909823639a352ece8d3a3cea59b9d08637fe057502fa227?s=96&d=retro&r=g","caption":"Crentassos"},"description":"Perfil padr\u00e3o do blog dos Crentassos.","sameAs":["http:\/\/www.crentassos.com.br"],"url":"https:\/\/crentassos.com.br\/blog\/author\/crentassos"}]}},"_links":{"self":[{"href":"https:\/\/crentassos.com.br\/blog\/wp-json\/wp\/v2\/posts\/501","targetHints":{"allow":["GET"]}}],"collection":[{"href":"https:\/\/crentassos.com.br\/blog\/wp-json\/wp\/v2\/posts"}],"about":[{"href":"https:\/\/crentassos.com.br\/blog\/wp-json\/wp\/v2\/types\/post"}],"author":[{"embeddable":true,"href":"https:\/\/crentassos.com.br\/blog\/wp-json\/wp\/v2\/users\/1"}],"replies":[{"embeddable":true,"href":"https:\/\/crentassos.com.br\/blog\/wp-json\/wp\/v2\/comments?post=501"}],"version-history":[{"count":0,"href":"https:\/\/crentassos.com.br\/blog\/wp-json\/wp\/v2\/posts\/501\/revisions"}],"wp:attachment":[{"href":"https:\/\/crentassos.com.br\/blog\/wp-json\/wp\/v2\/media?parent=501"}],"wp:term":[{"taxonomy":"category","embeddable":true,"href":"https:\/\/crentassos.com.br\/blog\/wp-json\/wp\/v2\/categories?post=501"},{"taxonomy":"post_tag","embeddable":true,"href":"https:\/\/crentassos.com.br\/blog\/wp-json\/wp\/v2\/tags?post=501"}],"curies":[{"name":"wp","href":"https:\/\/api.w.org\/{rel}","templated":true}]}}