{"id":496,"date":"2011-05-28T01:41:00","date_gmt":"2011-05-28T03:41:00","guid":{"rendered":"http:\/\/oueleouela.wordpress.com\/2011\/05\/28\/ii-conferencia-de-missao-urbana-da-igreja-presbiteriana-do-guabirutuba-comunicar"},"modified":"2011-05-28T01:41:00","modified_gmt":"2011-05-28T03:41:00","slug":"ii-conferencia-de-missao-urbana-da-igreja-presbiteriana-do-guabirutuba-comunicar","status":"publish","type":"post","link":"https:\/\/crentassos.com.br\/blog\/2011\/05\/ii-conferencia-de-missao-urbana-da-igreja-presbiteriana-do-guabirutuba-comunicar.html","title":{"rendered":"II Confer\u00eancia de Miss\u00e3o Urbana da Igreja Presbiteriana do Guabirutuba &#8211; Comunicar!"},"content":{"rendered":"<div style=\"text-align:justify;\"><span class=\"Apple-style-span\" style=\"font-family:'Trebuchet MS', sans-serif;\">Sauda\u00e7\u00f5es&#8230;<\/span><\/div>\n<div style=\"text-align:justify;\"><span class=\"Apple-style-span\" style=\"font-family:'Trebuchet MS', sans-serif;\">Hj, alias, agora a pouco, eu e o @SouPepe estivemos falando um pouquinho de oq \u00e9, como e porq comunicar um evangelhos q seja real e a\u00a0relev\u00e2ncia\u00a0de qualquer comunidade crist\u00e3!<\/span><\/div>\n<div style=\"text-align:justify;\"><span class=\"Apple-style-span\" style=\"font-family:'Trebuchet MS', sans-serif;\">Foi muito legal (eu achei) e espero q todos, e em especial, a lideran\u00e7a da Com Presbiteriana do Guabirotuba tenham &#8220;gostado&#8221;&#8230;\u00a0<\/span><\/div>\n<div style=\"text-align:justify;\"><span class=\"Apple-style-span\" style=\"font-family:'Trebuchet MS', sans-serif;\">Segue o video!<\/span><\/div>\n<p><span class=\"Apple-style-span\" style=\"font-family:'Trebuchet MS', sans-serif;\">\u00a0\u00a0<\/span><\/p>\n<div style=\"text-align:center;\"><span class=\"Apple-style-span\" style=\"font-family:'Trebuchet MS', sans-serif;\">[ustream vid=14999860 hid=0 w=560 h=350]<\/span><\/div>\n<div style=\"text-align:left;\"><span class=\"Apple-style-span\" style=\"font-family:'Trebuchet MS', sans-serif;\"><br \/><\/span><\/div>\n<div style=\"text-align:left;\"><span class=\"Apple-style-span\" style=\"font-family:'Trebuchet MS', sans-serif;\">Espero q goste!<\/span><br \/><span class=\"Apple-style-span\" style=\"font-family:'Trebuchet MS', sans-serif;\">Se quiser assistir direto no Ustream este video, acesse <a href=\"http:\/\/www.ustream.tv\/recorded\/14999860\">aqui<\/a><\/span><br \/><span class=\"Apple-style-span\" style=\"font-family:'Trebuchet MS', sans-serif;\">Se quiser nosso canal no ustream, e ver todas as bobeiras q agente fala por l\u00e1, acesse <a href=\"http:\/\/www.ustream.tv\/channel\/crentassos\">aqui<\/a><\/span><\/div>\n","protected":false},"excerpt":{"rendered":"<p>Sauda\u00e7\u00f5es&#8230; Hj, alias, agora a pouco, eu e o @SouPepe estivemos falando um pouquinho de oq \u00e9, como e porq comunicar um [&hellip;]<\/p>\n","protected":false},"author":1,"featured_media":0,"comment_status":"open","ping_status":"closed","sticky":false,"template":"","format":"standard","meta":{"_exactmetrics_skip_tracking":false,"_exactmetrics_sitenote_active":false,"_exactmetrics_sitenote_note":"","_exactmetrics_sitenote_category":0,"footnotes":"","_links_to":"","_links_to_target":""},"categories":[],"tags":[332,809,969],"class_list":["post-496","post","type-post","status-publish","format-standard","hentry","tag-comunicacao","tag-missao-urbana","tag-presbiteriana-do-guabirotuba"],"yoast_head":"<!-- This site is optimized with the Yoast SEO plugin v27.1.1 - https:\/\/yoast.com\/product\/yoast-seo-wordpress\/ -->\n<title>II Confer\u00eancia de Miss\u00e3o Urbana da Igreja Presbiteriana do Guabirutuba - Comunicar! - Crentassos Produ\u00e7\u00f5es Subversivas<\/title>\n<meta name=\"robots\" content=\"index, follow, max-snippet:-1, max-image-preview:large, max-video-preview:-1\" \/>\n<link rel=\"canonical\" href=\"https:\/\/crentassos.com.br\/blog\/2011\/05\/ii-conferencia-de-missao-urbana-da-igreja-presbiteriana-do-guabirutuba-comunicar.html\" \/>\n<meta property=\"og:locale\" content=\"pt_BR\" \/>\n<meta property=\"og:type\" content=\"article\" \/>\n<meta property=\"og:title\" content=\"II Confer\u00eancia de Miss\u00e3o Urbana da Igreja Presbiteriana do Guabirutuba - Comunicar! - Crentassos Produ\u00e7\u00f5es Subversivas\" \/>\n<meta property=\"og:description\" content=\"Sauda\u00e7\u00f5es&#8230; Hj, alias, agora a pouco, eu e o @SouPepe estivemos falando um pouquinho de oq \u00e9, como e porq comunicar um [&hellip;]\" \/>\n<meta property=\"og:url\" content=\"https:\/\/crentassos.com.br\/blog\/2011\/05\/ii-conferencia-de-missao-urbana-da-igreja-presbiteriana-do-guabirutuba-comunicar.html\" \/>\n<meta property=\"og:site_name\" content=\"Crentassos Produ\u00e7\u00f5es Subversivas\" \/>\n<meta property=\"article:publisher\" content=\"http:\/\/www.facebook.com\/crentassos\" \/>\n<meta property=\"article:published_time\" content=\"2011-05-28T03:41:00+00:00\" \/>\n<meta name=\"author\" content=\"Crentassos\" \/>\n<meta name=\"twitter:card\" content=\"summary_large_image\" \/>\n<meta name=\"twitter:creator\" content=\"@crentassos\" \/>\n<meta name=\"twitter:site\" content=\"@crentassos\" \/>\n<meta name=\"twitter:label1\" content=\"Escrito por\" \/>\n\t<meta name=\"twitter:data1\" content=\"Crentassos\" \/>\n<script type=\"application\/ld+json\" class=\"yoast-schema-graph\">{\"@context\":\"https:\/\/schema.org\",\"@graph\":[{\"@type\":\"Article\",\"@id\":\"https:\/\/crentassos.com.br\/blog\/2011\/05\/ii-conferencia-de-missao-urbana-da-igreja-presbiteriana-do-guabirutuba-comunicar.html#article\",\"isPartOf\":{\"@id\":\"https:\/\/crentassos.com.br\/blog\/2011\/05\/ii-conferencia-de-missao-urbana-da-igreja-presbiteriana-do-guabirutuba-comunicar.html\"},\"author\":{\"name\":\"Crentassos\",\"@id\":\"https:\/\/crentassos.com.br\/blog\/#\/schema\/person\/c143e75f920e3ad15d83540f47db500c\"},\"headline\":\"II Confer\u00eancia de Miss\u00e3o Urbana da Igreja Presbiteriana do Guabirutuba &#8211; Comunicar!\",\"datePublished\":\"2011-05-28T03:41:00+00:00\",\"mainEntityOfPage\":{\"@id\":\"https:\/\/crentassos.com.br\/blog\/2011\/05\/ii-conferencia-de-missao-urbana-da-igreja-presbiteriana-do-guabirutuba-comunicar.html\"},\"wordCount\":109,\"commentCount\":0,\"publisher\":{\"@id\":\"https:\/\/crentassos.com.br\/blog\/#organization\"},\"keywords\":[\"comunica\u00e7\u00e3o\",\"miss\u00e3o urbana\",\"presbiteriana do guabirotuba\"],\"inLanguage\":\"pt-BR\",\"potentialAction\":[{\"@type\":\"CommentAction\",\"name\":\"Comment\",\"target\":[\"https:\/\/crentassos.com.br\/blog\/2011\/05\/ii-conferencia-de-missao-urbana-da-igreja-presbiteriana-do-guabirutuba-comunicar.html#respond\"]}]},{\"@type\":\"WebPage\",\"@id\":\"https:\/\/crentassos.com.br\/blog\/2011\/05\/ii-conferencia-de-missao-urbana-da-igreja-presbiteriana-do-guabirutuba-comunicar.html\",\"url\":\"https:\/\/crentassos.com.br\/blog\/2011\/05\/ii-conferencia-de-missao-urbana-da-igreja-presbiteriana-do-guabirutuba-comunicar.html\",\"name\":\"II Confer\u00eancia de Miss\u00e3o Urbana da Igreja Presbiteriana do Guabirutuba - Comunicar! - Crentassos Produ\u00e7\u00f5es Subversivas\",\"isPartOf\":{\"@id\":\"https:\/\/crentassos.com.br\/blog\/#website\"},\"datePublished\":\"2011-05-28T03:41:00+00:00\",\"breadcrumb\":{\"@id\":\"https:\/\/crentassos.com.br\/blog\/2011\/05\/ii-conferencia-de-missao-urbana-da-igreja-presbiteriana-do-guabirutuba-comunicar.html#breadcrumb\"},\"inLanguage\":\"pt-BR\",\"potentialAction\":[{\"@type\":\"ReadAction\",\"target\":[\"https:\/\/crentassos.com.br\/blog\/2011\/05\/ii-conferencia-de-missao-urbana-da-igreja-presbiteriana-do-guabirutuba-comunicar.html\"]}]},{\"@type\":\"BreadcrumbList\",\"@id\":\"https:\/\/crentassos.com.br\/blog\/2011\/05\/ii-conferencia-de-missao-urbana-da-igreja-presbiteriana-do-guabirutuba-comunicar.html#breadcrumb\",\"itemListElement\":[{\"@type\":\"ListItem\",\"position\":1,\"name\":\"Home\",\"item\":\"https:\/\/crentassos.com.br\/blog\/\"},{\"@type\":\"ListItem\",\"position\":2,\"name\":\"II Confer\u00eancia de Miss\u00e3o Urbana da Igreja Presbiteriana do Guabirutuba &#8211; Comunicar!\"}]},{\"@type\":\"WebSite\",\"@id\":\"https:\/\/crentassos.com.br\/blog\/#website\",\"url\":\"https:\/\/crentassos.com.br\/blog\/\",\"name\":\"Crentassos Produ\u00e7\u00f5es Subversivas\",\"description\":\"Podcast Crist\u00e3o, Podcrent, Da Prateleira, Artigos crist\u00e3os, Teologia, Estudos, Textos B\u00edblicos\",\"publisher\":{\"@id\":\"https:\/\/crentassos.com.br\/blog\/#organization\"},\"potentialAction\":[{\"@type\":\"SearchAction\",\"target\":{\"@type\":\"EntryPoint\",\"urlTemplate\":\"https:\/\/crentassos.com.br\/blog\/?s={search_term_string}\"},\"query-input\":{\"@type\":\"PropertyValueSpecification\",\"valueRequired\":true,\"valueName\":\"search_term_string\"}}],\"inLanguage\":\"pt-BR\"},{\"@type\":\"Organization\",\"@id\":\"https:\/\/crentassos.com.br\/blog\/#organization\",\"name\":\"Crentassos Produ\u00e7\u00f5es Subversivas\",\"url\":\"https:\/\/crentassos.com.br\/blog\/\",\"logo\":{\"@type\":\"ImageObject\",\"inLanguage\":\"pt-BR\",\"@id\":\"https:\/\/crentassos.com.br\/blog\/#\/schema\/logo\/image\/\",\"url\":\"https:\/\/crentassos.com.br\/blog\/wp-content\/uploads\/2020\/05\/cropped-crentassos1-300x300png.png\",\"contentUrl\":\"https:\/\/crentassos.com.br\/blog\/wp-content\/uploads\/2020\/05\/cropped-crentassos1-300x300png.png\",\"width\":300,\"height\":300,\"caption\":\"Crentassos Produ\u00e7\u00f5es Subversivas\"},\"image\":{\"@id\":\"https:\/\/crentassos.com.br\/blog\/#\/schema\/logo\/image\/\"},\"sameAs\":[\"http:\/\/www.facebook.com\/crentassos\",\"https:\/\/x.com\/crentassos\",\"https:\/\/www.instagram.com\/crentassos\",\"https:\/\/www.youtube.com\/crentassos\"]},{\"@type\":\"Person\",\"@id\":\"https:\/\/crentassos.com.br\/blog\/#\/schema\/person\/c143e75f920e3ad15d83540f47db500c\",\"name\":\"Crentassos\",\"image\":{\"@type\":\"ImageObject\",\"inLanguage\":\"pt-BR\",\"@id\":\"https:\/\/crentassos.com.br\/blog\/#\/schema\/person\/image\/\",\"url\":\"https:\/\/secure.gravatar.com\/avatar\/cb1b9c88bcd90ec2f909823639a352ece8d3a3cea59b9d08637fe057502fa227?s=96&d=retro&r=g\",\"contentUrl\":\"https:\/\/secure.gravatar.com\/avatar\/cb1b9c88bcd90ec2f909823639a352ece8d3a3cea59b9d08637fe057502fa227?s=96&d=retro&r=g\",\"caption\":\"Crentassos\"},\"description\":\"Perfil padr\u00e3o do blog dos Crentassos.\",\"sameAs\":[\"http:\/\/www.crentassos.com.br\"],\"url\":\"https:\/\/crentassos.com.br\/blog\/author\/crentassos\"}]}<\/script>\n<!-- \/ Yoast SEO plugin. -->","yoast_head_json":{"title":"II Confer\u00eancia de Miss\u00e3o Urbana da Igreja Presbiteriana do Guabirutuba - Comunicar! - Crentassos Produ\u00e7\u00f5es Subversivas","robots":{"index":"index","follow":"follow","max-snippet":"max-snippet:-1","max-image-preview":"max-image-preview:large","max-video-preview":"max-video-preview:-1"},"canonical":"https:\/\/crentassos.com.br\/blog\/2011\/05\/ii-conferencia-de-missao-urbana-da-igreja-presbiteriana-do-guabirutuba-comunicar.html","og_locale":"pt_BR","og_type":"article","og_title":"II Confer\u00eancia de Miss\u00e3o Urbana da Igreja Presbiteriana do Guabirutuba - Comunicar! - Crentassos Produ\u00e7\u00f5es Subversivas","og_description":"Sauda\u00e7\u00f5es&#8230; Hj, alias, agora a pouco, eu e o @SouPepe estivemos falando um pouquinho de oq \u00e9, como e porq comunicar um [&hellip;]","og_url":"https:\/\/crentassos.com.br\/blog\/2011\/05\/ii-conferencia-de-missao-urbana-da-igreja-presbiteriana-do-guabirutuba-comunicar.html","og_site_name":"Crentassos Produ\u00e7\u00f5es Subversivas","article_publisher":"http:\/\/www.facebook.com\/crentassos","article_published_time":"2011-05-28T03:41:00+00:00","author":"Crentassos","twitter_card":"summary_large_image","twitter_creator":"@crentassos","twitter_site":"@crentassos","twitter_misc":{"Escrito por":"Crentassos"},"schema":{"@context":"https:\/\/schema.org","@graph":[{"@type":"Article","@id":"https:\/\/crentassos.com.br\/blog\/2011\/05\/ii-conferencia-de-missao-urbana-da-igreja-presbiteriana-do-guabirutuba-comunicar.html#article","isPartOf":{"@id":"https:\/\/crentassos.com.br\/blog\/2011\/05\/ii-conferencia-de-missao-urbana-da-igreja-presbiteriana-do-guabirutuba-comunicar.html"},"author":{"name":"Crentassos","@id":"https:\/\/crentassos.com.br\/blog\/#\/schema\/person\/c143e75f920e3ad15d83540f47db500c"},"headline":"II Confer\u00eancia de Miss\u00e3o Urbana da Igreja Presbiteriana do Guabirutuba &#8211; Comunicar!","datePublished":"2011-05-28T03:41:00+00:00","mainEntityOfPage":{"@id":"https:\/\/crentassos.com.br\/blog\/2011\/05\/ii-conferencia-de-missao-urbana-da-igreja-presbiteriana-do-guabirutuba-comunicar.html"},"wordCount":109,"commentCount":0,"publisher":{"@id":"https:\/\/crentassos.com.br\/blog\/#organization"},"keywords":["comunica\u00e7\u00e3o","miss\u00e3o urbana","presbiteriana do guabirotuba"],"inLanguage":"pt-BR","potentialAction":[{"@type":"CommentAction","name":"Comment","target":["https:\/\/crentassos.com.br\/blog\/2011\/05\/ii-conferencia-de-missao-urbana-da-igreja-presbiteriana-do-guabirutuba-comunicar.html#respond"]}]},{"@type":"WebPage","@id":"https:\/\/crentassos.com.br\/blog\/2011\/05\/ii-conferencia-de-missao-urbana-da-igreja-presbiteriana-do-guabirutuba-comunicar.html","url":"https:\/\/crentassos.com.br\/blog\/2011\/05\/ii-conferencia-de-missao-urbana-da-igreja-presbiteriana-do-guabirutuba-comunicar.html","name":"II Confer\u00eancia de Miss\u00e3o Urbana da Igreja Presbiteriana do Guabirutuba - Comunicar! - Crentassos Produ\u00e7\u00f5es Subversivas","isPartOf":{"@id":"https:\/\/crentassos.com.br\/blog\/#website"},"datePublished":"2011-05-28T03:41:00+00:00","breadcrumb":{"@id":"https:\/\/crentassos.com.br\/blog\/2011\/05\/ii-conferencia-de-missao-urbana-da-igreja-presbiteriana-do-guabirutuba-comunicar.html#breadcrumb"},"inLanguage":"pt-BR","potentialAction":[{"@type":"ReadAction","target":["https:\/\/crentassos.com.br\/blog\/2011\/05\/ii-conferencia-de-missao-urbana-da-igreja-presbiteriana-do-guabirutuba-comunicar.html"]}]},{"@type":"BreadcrumbList","@id":"https:\/\/crentassos.com.br\/blog\/2011\/05\/ii-conferencia-de-missao-urbana-da-igreja-presbiteriana-do-guabirutuba-comunicar.html#breadcrumb","itemListElement":[{"@type":"ListItem","position":1,"name":"Home","item":"https:\/\/crentassos.com.br\/blog\/"},{"@type":"ListItem","position":2,"name":"II Confer\u00eancia de Miss\u00e3o Urbana da Igreja Presbiteriana do Guabirutuba &#8211; Comunicar!"}]},{"@type":"WebSite","@id":"https:\/\/crentassos.com.br\/blog\/#website","url":"https:\/\/crentassos.com.br\/blog\/","name":"Crentassos Produ\u00e7\u00f5es Subversivas","description":"Podcast Crist\u00e3o, Podcrent, Da Prateleira, Artigos crist\u00e3os, Teologia, Estudos, Textos B\u00edblicos","publisher":{"@id":"https:\/\/crentassos.com.br\/blog\/#organization"},"potentialAction":[{"@type":"SearchAction","target":{"@type":"EntryPoint","urlTemplate":"https:\/\/crentassos.com.br\/blog\/?s={search_term_string}"},"query-input":{"@type":"PropertyValueSpecification","valueRequired":true,"valueName":"search_term_string"}}],"inLanguage":"pt-BR"},{"@type":"Organization","@id":"https:\/\/crentassos.com.br\/blog\/#organization","name":"Crentassos Produ\u00e7\u00f5es Subversivas","url":"https:\/\/crentassos.com.br\/blog\/","logo":{"@type":"ImageObject","inLanguage":"pt-BR","@id":"https:\/\/crentassos.com.br\/blog\/#\/schema\/logo\/image\/","url":"https:\/\/crentassos.com.br\/blog\/wp-content\/uploads\/2020\/05\/cropped-crentassos1-300x300png.png","contentUrl":"https:\/\/crentassos.com.br\/blog\/wp-content\/uploads\/2020\/05\/cropped-crentassos1-300x300png.png","width":300,"height":300,"caption":"Crentassos Produ\u00e7\u00f5es Subversivas"},"image":{"@id":"https:\/\/crentassos.com.br\/blog\/#\/schema\/logo\/image\/"},"sameAs":["http:\/\/www.facebook.com\/crentassos","https:\/\/x.com\/crentassos","https:\/\/www.instagram.com\/crentassos","https:\/\/www.youtube.com\/crentassos"]},{"@type":"Person","@id":"https:\/\/crentassos.com.br\/blog\/#\/schema\/person\/c143e75f920e3ad15d83540f47db500c","name":"Crentassos","image":{"@type":"ImageObject","inLanguage":"pt-BR","@id":"https:\/\/crentassos.com.br\/blog\/#\/schema\/person\/image\/","url":"https:\/\/secure.gravatar.com\/avatar\/cb1b9c88bcd90ec2f909823639a352ece8d3a3cea59b9d08637fe057502fa227?s=96&d=retro&r=g","contentUrl":"https:\/\/secure.gravatar.com\/avatar\/cb1b9c88bcd90ec2f909823639a352ece8d3a3cea59b9d08637fe057502fa227?s=96&d=retro&r=g","caption":"Crentassos"},"description":"Perfil padr\u00e3o do blog dos Crentassos.","sameAs":["http:\/\/www.crentassos.com.br"],"url":"https:\/\/crentassos.com.br\/blog\/author\/crentassos"}]}},"_links":{"self":[{"href":"https:\/\/crentassos.com.br\/blog\/wp-json\/wp\/v2\/posts\/496","targetHints":{"allow":["GET"]}}],"collection":[{"href":"https:\/\/crentassos.com.br\/blog\/wp-json\/wp\/v2\/posts"}],"about":[{"href":"https:\/\/crentassos.com.br\/blog\/wp-json\/wp\/v2\/types\/post"}],"author":[{"embeddable":true,"href":"https:\/\/crentassos.com.br\/blog\/wp-json\/wp\/v2\/users\/1"}],"replies":[{"embeddable":true,"href":"https:\/\/crentassos.com.br\/blog\/wp-json\/wp\/v2\/comments?post=496"}],"version-history":[{"count":0,"href":"https:\/\/crentassos.com.br\/blog\/wp-json\/wp\/v2\/posts\/496\/revisions"}],"wp:attachment":[{"href":"https:\/\/crentassos.com.br\/blog\/wp-json\/wp\/v2\/media?parent=496"}],"wp:term":[{"taxonomy":"category","embeddable":true,"href":"https:\/\/crentassos.com.br\/blog\/wp-json\/wp\/v2\/categories?post=496"},{"taxonomy":"post_tag","embeddable":true,"href":"https:\/\/crentassos.com.br\/blog\/wp-json\/wp\/v2\/tags?post=496"}],"curies":[{"name":"wp","href":"https:\/\/api.w.org\/{rel}","templated":true}]}}