{"id":3299,"date":"2011-12-21T10:00:44","date_gmt":"2011-12-21T12:00:44","guid":{"rendered":"http:\/\/crentassos.com.br\/blog\/?p=3299"},"modified":"2011-12-21T23:59:45","modified_gmt":"2011-12-22T01:59:45","slug":"o-natal-e-quando-deus-vem-ao-mundo-na-forma-de-fragil-crianca-e-nao-encontra-lugar-entre-os-homens-estes-fortes-adultos","status":"publish","type":"post","link":"https:\/\/crentassos.com.br\/blog\/2011\/12\/o-natal-e-quando-deus-vem-ao-mundo-na-forma-de-fragil-crianca-e-nao-encontra-lugar-entre-os-homens-estes-fortes-adultos.html","title":{"rendered":"O Natal \u00e9 quando Deus vem ao mundo na forma de fr\u00e1gil crian\u00e7a e n\u00e3o encontra lugar entre os homens, estes fortes adultos."},"content":{"rendered":"<h3><img loading=\"lazy\" decoding=\"async\" class=\"alignleft\" title=\"Salvador no cocho dos animais\" src=\"http:\/\/oueleouela.files.wordpress.com\/2011\/10\/pres25c325a9pio-62.jpg?w=300\" alt=\"\" width=\"300\" height=\"273\" \/><\/h3>\n<p>Se Cristo nos foi apresentado como uma fr\u00e1gil crian\u00e7a, e nos olha a partir de um lugar em que a nossa j\u00e1 t\u00e3o sofrida sensibilidade social mostra ser <strong>um lugar para o n\u00e3o estar, um lugar impr\u00f3prio, um cocho de animais,<\/strong> deve ter algum motivo para isso, <strong>deve haver algum sentido no pres\u00e9pio natalino.<\/strong><\/p>\n<div>Lembremos que foi a partir do olhar de baixo, dos pequenos desassistidos, que Cristo, <strong>quando na forma de pequena crian\u00e7a, em um lugar para n\u00e3o estar, nos viu pela primeira vez.<\/strong>Mais que brinquedos e muito mais que um dia de idolatria consumista, lembremos do mundo damaioria. Que n\u00e3o nos acostumemos ao sofrimento dos pequenos, que esta realidade n\u00e3o seja escondida, como sempre \u00e9, nos an\u00fancios consumistas de um dia que n\u00e3o \u00e9 para todas as crian\u00e7as.Escrito inicialmente em <a href=\"http:\/\/crentassos.com.br\/blog\/2011\/10\/a-manjedoura-e-o-carrinho-de-reciclaveis-lugares-para-o-nao-estar-breve-reflexao-sobre-o-dia-das-criancas.html\">&#8220;A manjedoura e o carrinho de recicl\u00e1veis, lugares para o n\u00e3o estar. Breve reflex\u00e3o sobre o \u201cDia das Crian\u00e7as\u201d<\/a><\/div>\n<h3><\/h3>\n<p>Posto aqui mensagem de Natal de Ariovaldo Ramos, <a href=\"http:\/\/ariovaldoramosblog.blogspot.com\/\">retirada de seu blog <\/a>em 20\/12.<\/p>\n<h3><\/h3>\n<h3>Natal<\/h3>\n<div><\/div>\n<p>&#8220;Gl\u00f3ria a Deus nas maiores alturas, paz na Terra e boa vontade entre os homens!&#8221;<\/p>\n<p>Essa sauda\u00e7\u00e3o ang\u00e9lica aos pastores, em Bel\u00e9m da Jud\u00e9ia, na madrugada em que nasceu Jesus de Nazar\u00e9, anunciava o cumprimento de v\u00e1rias profecias, e a consecu\u00e7\u00e3o de uma promessa, o nascimento da crian\u00e7a prometida do jardim: o descendente da mulher, que esmagaria a cabe\u00e7a do serpente, signo do advers\u00e1rio de nossas almas, fomentador da confus\u00e3o que inviabiliza qualquer relacionamento, seja com o Deus, seja consigo mesmo, seja com o pr\u00f3ximo.<\/p>\n<p>O Deus Trindade (Pai, Filho e Esp\u00edrito Santo), atrav\u00e9s do Filho, de quem a crian\u00e7a da manjedoura, nascida sob a sombra da cruz, e \u00e0 luz da ressurrei\u00e7\u00e3o, \u00e9 a encarna\u00e7\u00e3o, oferecia a sua pr\u00f3pria vida para que houvesse paz.<\/p>\n<p>Nesse gesto, ao satisfazer o princ\u00edpio de justi\u00e7a, que permite o sustento do Universo, a Trindade eterna semeava o princ\u00edpio da gra\u00e7a, o princ\u00edpio do favor imerecido, que permite o perd\u00e3o.<\/p>\n<p>A Trindade eterna pode perdoar-nos por nossas ofensas. Perdoados, nos reencontramos com o Eterno, e, assim, conosco, pois a identidade de cada um de n\u00f3s estava nos aguardando em Deus, e fica desvendada a raz\u00e3o de nossa exist\u00eancia: comungar com a Divindade Trina. E, conscientes e movidos pela gra\u00e7a, podemos oferecer ao outro o perd\u00e3o, que \u00e9 a condi\u00e7\u00e3o para a paz, e a semeadura da justi\u00e7a.<\/p>\n<p>\u00c9 Natal, Jesus nasceu! O Deus veio ao nosso encontro para que possamos nos achar na exist\u00eancia, e, ent\u00e3o, encontrar o outro na vida, que, necessariamente, deve ser compartilhada entre todos, para que a dignidade, que imp\u00f5e a satisfa\u00e7\u00e3o das condi\u00e7\u00f5es necess\u00e1rias para um viver com a melhor qualidade, seja um bem universal.<\/p>\n<p>Feliz Natal!<br \/>\n\u00a9ariovaldo.ramos<\/p>\n<p>&nbsp;<\/p>\n<p style=\"text-align: center;\"><a href=\"http:\/\/crentassos.com.br\/blog\/2011\/12\/o-natal-e-quando-deus-vem-ao-mundo-na-forma-de-fragil-crianca-e-nao-encontra-lugar-entre-os-homens-estes-fortes-adultos.html\/dsc_7233-33\" rel=\"attachment wp-att-3315\"><img loading=\"lazy\" decoding=\"async\" class=\"aligncenter size-full wp-image-3315\" title=\"DSC_7233-33\" src=\"http:\/\/crentassos.com.br\/blog\/wp-content\/uploads\/2011\/12\/DSC_7233-33.jpg\" alt=\"\" width=\"500\" height=\"310\" srcset=\"https:\/\/crentassos.com.br\/blog\/wp-content\/uploads\/2011\/12\/DSC_7233-33.jpg 500w, https:\/\/crentassos.com.br\/blog\/wp-content\/uploads\/2011\/12\/DSC_7233-33-300x186.jpg 300w\" sizes=\"auto, (max-width: 500px) 100vw, 500px\" \/><\/a><\/p>\n<p style=\"text-align: center;\">Port\u00e3o,natal, grade, tela, crian\u00e7as&#8230;<\/p>\n","protected":false},"excerpt":{"rendered":"<p>Se Cristo nos foi apresentado como uma fr\u00e1gil crian\u00e7a, e nos olha a partir de um lugar em que a nossa j\u00e1 [&hellip;]<\/p>\n","protected":false},"author":1,"featured_media":3300,"comment_status":"open","ping_status":"open","sticky":false,"template":"","format":"standard","meta":{"_exactmetrics_skip_tracking":false,"_exactmetrics_sitenote_active":false,"_exactmetrics_sitenote_note":"","_exactmetrics_sitenote_category":0,"footnotes":"","_links_to":"","_links_to_target":""},"categories":[112],"tags":[184,39,348,68,69,697,1419,835,1373,1420,1205],"class_list":{"0":"post-3299","1":"post","2":"type-post","3":"status-publish","4":"format-standard","5":"has-post-thumbnail","6":"hentry","7":"category-artigos","8":"tag-amor","9":"tag-ariovaldo-ramos","10":"tag-consumismo","11":"tag-cristianismo","12":"tag-fe","13":"tag-jesus","14":"tag-manjedoura","15":"tag-natal","16":"tag-paz","17":"tag-presepio","18":"tag-vida","20":"post-with-thumbnail","21":"post-with-thumbnail-large"},"yoast_head":"<!-- This site is optimized with the Yoast SEO plugin v27.1.1 - https:\/\/yoast.com\/product\/yoast-seo-wordpress\/ -->\n<title>O Natal \u00e9 quando Deus vem ao mundo na forma de fr\u00e1gil crian\u00e7a e n\u00e3o encontra lugar entre os homens, estes fortes adultos. - Crentassos Produ\u00e7\u00f5es Subversivas<\/title>\n<meta name=\"robots\" content=\"index, follow, max-snippet:-1, max-image-preview:large, max-video-preview:-1\" \/>\n<link rel=\"canonical\" href=\"https:\/\/crentassos.com.br\/blog\/2011\/12\/o-natal-e-quando-deus-vem-ao-mundo-na-forma-de-fragil-crianca-e-nao-encontra-lugar-entre-os-homens-estes-fortes-adultos.html\" \/>\n<meta property=\"og:locale\" content=\"pt_BR\" \/>\n<meta property=\"og:type\" content=\"article\" \/>\n<meta property=\"og:title\" content=\"O Natal \u00e9 quando Deus vem ao mundo na forma de fr\u00e1gil crian\u00e7a e n\u00e3o encontra lugar entre os homens, estes fortes adultos. - Crentassos Produ\u00e7\u00f5es Subversivas\" \/>\n<meta property=\"og:description\" content=\"Se Cristo nos foi apresentado como uma fr\u00e1gil crian\u00e7a, e nos olha a partir de um lugar em que a nossa j\u00e1 [&hellip;]\" \/>\n<meta property=\"og:url\" content=\"https:\/\/crentassos.com.br\/blog\/2011\/12\/o-natal-e-quando-deus-vem-ao-mundo-na-forma-de-fragil-crianca-e-nao-encontra-lugar-entre-os-homens-estes-fortes-adultos.html\" \/>\n<meta property=\"og:site_name\" content=\"Crentassos Produ\u00e7\u00f5es Subversivas\" \/>\n<meta property=\"article:publisher\" content=\"http:\/\/www.facebook.com\/crentassos\" \/>\n<meta property=\"article:published_time\" content=\"2011-12-21T12:00:44+00:00\" \/>\n<meta property=\"article:modified_time\" content=\"2011-12-22T01:59:45+00:00\" \/>\n<meta property=\"og:image\" content=\"https:\/\/crentassos.com.br\/blog\/wp-content\/uploads\/2011\/12\/pres25c325a9pio-62.jpg\" \/>\n\t<meta property=\"og:image:width\" content=\"300\" \/>\n\t<meta property=\"og:image:height\" content=\"273\" \/>\n\t<meta property=\"og:image:type\" content=\"image\/jpeg\" \/>\n<meta name=\"author\" content=\"Crentassos\" \/>\n<meta name=\"twitter:card\" content=\"summary_large_image\" \/>\n<meta name=\"twitter:creator\" content=\"@crentassos\" \/>\n<meta name=\"twitter:site\" content=\"@crentassos\" \/>\n<meta name=\"twitter:label1\" content=\"Escrito por\" \/>\n\t<meta name=\"twitter:data1\" content=\"Crentassos\" \/>\n\t<meta name=\"twitter:label2\" content=\"Est. tempo de leitura\" \/>\n\t<meta name=\"twitter:data2\" content=\"3 minutos\" \/>\n<script type=\"application\/ld+json\" class=\"yoast-schema-graph\">{\"@context\":\"https:\/\/schema.org\",\"@graph\":[{\"@type\":\"Article\",\"@id\":\"https:\/\/crentassos.com.br\/blog\/2011\/12\/o-natal-e-quando-deus-vem-ao-mundo-na-forma-de-fragil-crianca-e-nao-encontra-lugar-entre-os-homens-estes-fortes-adultos.html#article\",\"isPartOf\":{\"@id\":\"https:\/\/crentassos.com.br\/blog\/2011\/12\/o-natal-e-quando-deus-vem-ao-mundo-na-forma-de-fragil-crianca-e-nao-encontra-lugar-entre-os-homens-estes-fortes-adultos.html\"},\"author\":{\"name\":\"Crentassos\",\"@id\":\"https:\/\/crentassos.com.br\/blog\/#\/schema\/person\/c143e75f920e3ad15d83540f47db500c\"},\"headline\":\"O Natal \u00e9 quando Deus vem ao mundo na forma de fr\u00e1gil crian\u00e7a e n\u00e3o encontra lugar entre os homens, estes fortes adultos.\",\"datePublished\":\"2011-12-21T12:00:44+00:00\",\"dateModified\":\"2011-12-22T01:59:45+00:00\",\"mainEntityOfPage\":{\"@id\":\"https:\/\/crentassos.com.br\/blog\/2011\/12\/o-natal-e-quando-deus-vem-ao-mundo-na-forma-de-fragil-crianca-e-nao-encontra-lugar-entre-os-homens-estes-fortes-adultos.html\"},\"wordCount\":528,\"commentCount\":2,\"publisher\":{\"@id\":\"https:\/\/crentassos.com.br\/blog\/#organization\"},\"image\":{\"@id\":\"https:\/\/crentassos.com.br\/blog\/2011\/12\/o-natal-e-quando-deus-vem-ao-mundo-na-forma-de-fragil-crianca-e-nao-encontra-lugar-entre-os-homens-estes-fortes-adultos.html#primaryimage\"},\"thumbnailUrl\":\"https:\/\/crentassos.com.br\/blog\/wp-content\/uploads\/2011\/12\/pres25c325a9pio-62.jpg\",\"keywords\":[\"amor\",\"Ariovaldo Ramos\",\"consumismo\",\"Cristianismo\",\"F\u00e9\",\"jesus\",\"manjedoura\",\"Natal\",\"paz\",\"pres\u00e9pio\",\"vida\"],\"articleSection\":[\"Artigos\"],\"inLanguage\":\"pt-BR\",\"potentialAction\":[{\"@type\":\"CommentAction\",\"name\":\"Comment\",\"target\":[\"https:\/\/crentassos.com.br\/blog\/2011\/12\/o-natal-e-quando-deus-vem-ao-mundo-na-forma-de-fragil-crianca-e-nao-encontra-lugar-entre-os-homens-estes-fortes-adultos.html#respond\"]}]},{\"@type\":\"WebPage\",\"@id\":\"https:\/\/crentassos.com.br\/blog\/2011\/12\/o-natal-e-quando-deus-vem-ao-mundo-na-forma-de-fragil-crianca-e-nao-encontra-lugar-entre-os-homens-estes-fortes-adultos.html\",\"url\":\"https:\/\/crentassos.com.br\/blog\/2011\/12\/o-natal-e-quando-deus-vem-ao-mundo-na-forma-de-fragil-crianca-e-nao-encontra-lugar-entre-os-homens-estes-fortes-adultos.html\",\"name\":\"O Natal \u00e9 quando Deus vem ao mundo na forma de fr\u00e1gil crian\u00e7a e n\u00e3o encontra lugar entre os homens, estes fortes adultos. - Crentassos Produ\u00e7\u00f5es Subversivas\",\"isPartOf\":{\"@id\":\"https:\/\/crentassos.com.br\/blog\/#website\"},\"primaryImageOfPage\":{\"@id\":\"https:\/\/crentassos.com.br\/blog\/2011\/12\/o-natal-e-quando-deus-vem-ao-mundo-na-forma-de-fragil-crianca-e-nao-encontra-lugar-entre-os-homens-estes-fortes-adultos.html#primaryimage\"},\"image\":{\"@id\":\"https:\/\/crentassos.com.br\/blog\/2011\/12\/o-natal-e-quando-deus-vem-ao-mundo-na-forma-de-fragil-crianca-e-nao-encontra-lugar-entre-os-homens-estes-fortes-adultos.html#primaryimage\"},\"thumbnailUrl\":\"https:\/\/crentassos.com.br\/blog\/wp-content\/uploads\/2011\/12\/pres25c325a9pio-62.jpg\",\"datePublished\":\"2011-12-21T12:00:44+00:00\",\"dateModified\":\"2011-12-22T01:59:45+00:00\",\"breadcrumb\":{\"@id\":\"https:\/\/crentassos.com.br\/blog\/2011\/12\/o-natal-e-quando-deus-vem-ao-mundo-na-forma-de-fragil-crianca-e-nao-encontra-lugar-entre-os-homens-estes-fortes-adultos.html#breadcrumb\"},\"inLanguage\":\"pt-BR\",\"potentialAction\":[{\"@type\":\"ReadAction\",\"target\":[\"https:\/\/crentassos.com.br\/blog\/2011\/12\/o-natal-e-quando-deus-vem-ao-mundo-na-forma-de-fragil-crianca-e-nao-encontra-lugar-entre-os-homens-estes-fortes-adultos.html\"]}]},{\"@type\":\"ImageObject\",\"inLanguage\":\"pt-BR\",\"@id\":\"https:\/\/crentassos.com.br\/blog\/2011\/12\/o-natal-e-quando-deus-vem-ao-mundo-na-forma-de-fragil-crianca-e-nao-encontra-lugar-entre-os-homens-estes-fortes-adultos.html#primaryimage\",\"url\":\"https:\/\/crentassos.com.br\/blog\/wp-content\/uploads\/2011\/12\/pres25c325a9pio-62.jpg\",\"contentUrl\":\"https:\/\/crentassos.com.br\/blog\/wp-content\/uploads\/2011\/12\/pres25c325a9pio-62.jpg\",\"width\":\"300\",\"height\":\"273\"},{\"@type\":\"BreadcrumbList\",\"@id\":\"https:\/\/crentassos.com.br\/blog\/2011\/12\/o-natal-e-quando-deus-vem-ao-mundo-na-forma-de-fragil-crianca-e-nao-encontra-lugar-entre-os-homens-estes-fortes-adultos.html#breadcrumb\",\"itemListElement\":[{\"@type\":\"ListItem\",\"position\":1,\"name\":\"Home\",\"item\":\"https:\/\/crentassos.com.br\/blog\/\"},{\"@type\":\"ListItem\",\"position\":2,\"name\":\"O Natal \u00e9 quando Deus vem ao mundo na forma de fr\u00e1gil crian\u00e7a e n\u00e3o encontra lugar entre os homens, estes fortes adultos.\"}]},{\"@type\":\"WebSite\",\"@id\":\"https:\/\/crentassos.com.br\/blog\/#website\",\"url\":\"https:\/\/crentassos.com.br\/blog\/\",\"name\":\"Crentassos Produ\u00e7\u00f5es Subversivas\",\"description\":\"Podcast Crist\u00e3o, Podcrent, Da Prateleira, Artigos crist\u00e3os, Teologia, Estudos, Textos B\u00edblicos\",\"publisher\":{\"@id\":\"https:\/\/crentassos.com.br\/blog\/#organization\"},\"potentialAction\":[{\"@type\":\"SearchAction\",\"target\":{\"@type\":\"EntryPoint\",\"urlTemplate\":\"https:\/\/crentassos.com.br\/blog\/?s={search_term_string}\"},\"query-input\":{\"@type\":\"PropertyValueSpecification\",\"valueRequired\":true,\"valueName\":\"search_term_string\"}}],\"inLanguage\":\"pt-BR\"},{\"@type\":\"Organization\",\"@id\":\"https:\/\/crentassos.com.br\/blog\/#organization\",\"name\":\"Crentassos Produ\u00e7\u00f5es Subversivas\",\"url\":\"https:\/\/crentassos.com.br\/blog\/\",\"logo\":{\"@type\":\"ImageObject\",\"inLanguage\":\"pt-BR\",\"@id\":\"https:\/\/crentassos.com.br\/blog\/#\/schema\/logo\/image\/\",\"url\":\"https:\/\/crentassos.com.br\/blog\/wp-content\/uploads\/2020\/05\/cropped-crentassos1-300x300png.png\",\"contentUrl\":\"https:\/\/crentassos.com.br\/blog\/wp-content\/uploads\/2020\/05\/cropped-crentassos1-300x300png.png\",\"width\":300,\"height\":300,\"caption\":\"Crentassos Produ\u00e7\u00f5es Subversivas\"},\"image\":{\"@id\":\"https:\/\/crentassos.com.br\/blog\/#\/schema\/logo\/image\/\"},\"sameAs\":[\"http:\/\/www.facebook.com\/crentassos\",\"https:\/\/x.com\/crentassos\",\"https:\/\/www.instagram.com\/crentassos\",\"https:\/\/www.youtube.com\/crentassos\"]},{\"@type\":\"Person\",\"@id\":\"https:\/\/crentassos.com.br\/blog\/#\/schema\/person\/c143e75f920e3ad15d83540f47db500c\",\"name\":\"Crentassos\",\"image\":{\"@type\":\"ImageObject\",\"inLanguage\":\"pt-BR\",\"@id\":\"https:\/\/crentassos.com.br\/blog\/#\/schema\/person\/image\/\",\"url\":\"https:\/\/secure.gravatar.com\/avatar\/cb1b9c88bcd90ec2f909823639a352ece8d3a3cea59b9d08637fe057502fa227?s=96&d=retro&r=g\",\"contentUrl\":\"https:\/\/secure.gravatar.com\/avatar\/cb1b9c88bcd90ec2f909823639a352ece8d3a3cea59b9d08637fe057502fa227?s=96&d=retro&r=g\",\"caption\":\"Crentassos\"},\"description\":\"Perfil padr\u00e3o do blog dos Crentassos.\",\"sameAs\":[\"http:\/\/www.crentassos.com.br\"],\"url\":\"https:\/\/crentassos.com.br\/blog\/author\/crentassos\"}]}<\/script>\n<!-- \/ Yoast SEO plugin. -->","yoast_head_json":{"title":"O Natal \u00e9 quando Deus vem ao mundo na forma de fr\u00e1gil crian\u00e7a e n\u00e3o encontra lugar entre os homens, estes fortes adultos. - Crentassos Produ\u00e7\u00f5es Subversivas","robots":{"index":"index","follow":"follow","max-snippet":"max-snippet:-1","max-image-preview":"max-image-preview:large","max-video-preview":"max-video-preview:-1"},"canonical":"https:\/\/crentassos.com.br\/blog\/2011\/12\/o-natal-e-quando-deus-vem-ao-mundo-na-forma-de-fragil-crianca-e-nao-encontra-lugar-entre-os-homens-estes-fortes-adultos.html","og_locale":"pt_BR","og_type":"article","og_title":"O Natal \u00e9 quando Deus vem ao mundo na forma de fr\u00e1gil crian\u00e7a e n\u00e3o encontra lugar entre os homens, estes fortes adultos. - Crentassos Produ\u00e7\u00f5es Subversivas","og_description":"Se Cristo nos foi apresentado como uma fr\u00e1gil crian\u00e7a, e nos olha a partir de um lugar em que a nossa j\u00e1 [&hellip;]","og_url":"https:\/\/crentassos.com.br\/blog\/2011\/12\/o-natal-e-quando-deus-vem-ao-mundo-na-forma-de-fragil-crianca-e-nao-encontra-lugar-entre-os-homens-estes-fortes-adultos.html","og_site_name":"Crentassos Produ\u00e7\u00f5es Subversivas","article_publisher":"http:\/\/www.facebook.com\/crentassos","article_published_time":"2011-12-21T12:00:44+00:00","article_modified_time":"2011-12-22T01:59:45+00:00","og_image":[{"width":300,"height":273,"url":"https:\/\/crentassos.com.br\/blog\/wp-content\/uploads\/2011\/12\/pres25c325a9pio-62.jpg","type":"image\/jpeg"}],"author":"Crentassos","twitter_card":"summary_large_image","twitter_creator":"@crentassos","twitter_site":"@crentassos","twitter_misc":{"Escrito por":"Crentassos","Est. tempo de leitura":"3 minutos"},"schema":{"@context":"https:\/\/schema.org","@graph":[{"@type":"Article","@id":"https:\/\/crentassos.com.br\/blog\/2011\/12\/o-natal-e-quando-deus-vem-ao-mundo-na-forma-de-fragil-crianca-e-nao-encontra-lugar-entre-os-homens-estes-fortes-adultos.html#article","isPartOf":{"@id":"https:\/\/crentassos.com.br\/blog\/2011\/12\/o-natal-e-quando-deus-vem-ao-mundo-na-forma-de-fragil-crianca-e-nao-encontra-lugar-entre-os-homens-estes-fortes-adultos.html"},"author":{"name":"Crentassos","@id":"https:\/\/crentassos.com.br\/blog\/#\/schema\/person\/c143e75f920e3ad15d83540f47db500c"},"headline":"O Natal \u00e9 quando Deus vem ao mundo na forma de fr\u00e1gil crian\u00e7a e n\u00e3o encontra lugar entre os homens, estes fortes adultos.","datePublished":"2011-12-21T12:00:44+00:00","dateModified":"2011-12-22T01:59:45+00:00","mainEntityOfPage":{"@id":"https:\/\/crentassos.com.br\/blog\/2011\/12\/o-natal-e-quando-deus-vem-ao-mundo-na-forma-de-fragil-crianca-e-nao-encontra-lugar-entre-os-homens-estes-fortes-adultos.html"},"wordCount":528,"commentCount":2,"publisher":{"@id":"https:\/\/crentassos.com.br\/blog\/#organization"},"image":{"@id":"https:\/\/crentassos.com.br\/blog\/2011\/12\/o-natal-e-quando-deus-vem-ao-mundo-na-forma-de-fragil-crianca-e-nao-encontra-lugar-entre-os-homens-estes-fortes-adultos.html#primaryimage"},"thumbnailUrl":"https:\/\/crentassos.com.br\/blog\/wp-content\/uploads\/2011\/12\/pres25c325a9pio-62.jpg","keywords":["amor","Ariovaldo Ramos","consumismo","Cristianismo","F\u00e9","jesus","manjedoura","Natal","paz","pres\u00e9pio","vida"],"articleSection":["Artigos"],"inLanguage":"pt-BR","potentialAction":[{"@type":"CommentAction","name":"Comment","target":["https:\/\/crentassos.com.br\/blog\/2011\/12\/o-natal-e-quando-deus-vem-ao-mundo-na-forma-de-fragil-crianca-e-nao-encontra-lugar-entre-os-homens-estes-fortes-adultos.html#respond"]}]},{"@type":"WebPage","@id":"https:\/\/crentassos.com.br\/blog\/2011\/12\/o-natal-e-quando-deus-vem-ao-mundo-na-forma-de-fragil-crianca-e-nao-encontra-lugar-entre-os-homens-estes-fortes-adultos.html","url":"https:\/\/crentassos.com.br\/blog\/2011\/12\/o-natal-e-quando-deus-vem-ao-mundo-na-forma-de-fragil-crianca-e-nao-encontra-lugar-entre-os-homens-estes-fortes-adultos.html","name":"O Natal \u00e9 quando Deus vem ao mundo na forma de fr\u00e1gil crian\u00e7a e n\u00e3o encontra lugar entre os homens, estes fortes adultos. - Crentassos Produ\u00e7\u00f5es Subversivas","isPartOf":{"@id":"https:\/\/crentassos.com.br\/blog\/#website"},"primaryImageOfPage":{"@id":"https:\/\/crentassos.com.br\/blog\/2011\/12\/o-natal-e-quando-deus-vem-ao-mundo-na-forma-de-fragil-crianca-e-nao-encontra-lugar-entre-os-homens-estes-fortes-adultos.html#primaryimage"},"image":{"@id":"https:\/\/crentassos.com.br\/blog\/2011\/12\/o-natal-e-quando-deus-vem-ao-mundo-na-forma-de-fragil-crianca-e-nao-encontra-lugar-entre-os-homens-estes-fortes-adultos.html#primaryimage"},"thumbnailUrl":"https:\/\/crentassos.com.br\/blog\/wp-content\/uploads\/2011\/12\/pres25c325a9pio-62.jpg","datePublished":"2011-12-21T12:00:44+00:00","dateModified":"2011-12-22T01:59:45+00:00","breadcrumb":{"@id":"https:\/\/crentassos.com.br\/blog\/2011\/12\/o-natal-e-quando-deus-vem-ao-mundo-na-forma-de-fragil-crianca-e-nao-encontra-lugar-entre-os-homens-estes-fortes-adultos.html#breadcrumb"},"inLanguage":"pt-BR","potentialAction":[{"@type":"ReadAction","target":["https:\/\/crentassos.com.br\/blog\/2011\/12\/o-natal-e-quando-deus-vem-ao-mundo-na-forma-de-fragil-crianca-e-nao-encontra-lugar-entre-os-homens-estes-fortes-adultos.html"]}]},{"@type":"ImageObject","inLanguage":"pt-BR","@id":"https:\/\/crentassos.com.br\/blog\/2011\/12\/o-natal-e-quando-deus-vem-ao-mundo-na-forma-de-fragil-crianca-e-nao-encontra-lugar-entre-os-homens-estes-fortes-adultos.html#primaryimage","url":"https:\/\/crentassos.com.br\/blog\/wp-content\/uploads\/2011\/12\/pres25c325a9pio-62.jpg","contentUrl":"https:\/\/crentassos.com.br\/blog\/wp-content\/uploads\/2011\/12\/pres25c325a9pio-62.jpg","width":"300","height":"273"},{"@type":"BreadcrumbList","@id":"https:\/\/crentassos.com.br\/blog\/2011\/12\/o-natal-e-quando-deus-vem-ao-mundo-na-forma-de-fragil-crianca-e-nao-encontra-lugar-entre-os-homens-estes-fortes-adultos.html#breadcrumb","itemListElement":[{"@type":"ListItem","position":1,"name":"Home","item":"https:\/\/crentassos.com.br\/blog\/"},{"@type":"ListItem","position":2,"name":"O Natal \u00e9 quando Deus vem ao mundo na forma de fr\u00e1gil crian\u00e7a e n\u00e3o encontra lugar entre os homens, estes fortes adultos."}]},{"@type":"WebSite","@id":"https:\/\/crentassos.com.br\/blog\/#website","url":"https:\/\/crentassos.com.br\/blog\/","name":"Crentassos Produ\u00e7\u00f5es Subversivas","description":"Podcast Crist\u00e3o, Podcrent, Da Prateleira, Artigos crist\u00e3os, Teologia, Estudos, Textos B\u00edblicos","publisher":{"@id":"https:\/\/crentassos.com.br\/blog\/#organization"},"potentialAction":[{"@type":"SearchAction","target":{"@type":"EntryPoint","urlTemplate":"https:\/\/crentassos.com.br\/blog\/?s={search_term_string}"},"query-input":{"@type":"PropertyValueSpecification","valueRequired":true,"valueName":"search_term_string"}}],"inLanguage":"pt-BR"},{"@type":"Organization","@id":"https:\/\/crentassos.com.br\/blog\/#organization","name":"Crentassos Produ\u00e7\u00f5es Subversivas","url":"https:\/\/crentassos.com.br\/blog\/","logo":{"@type":"ImageObject","inLanguage":"pt-BR","@id":"https:\/\/crentassos.com.br\/blog\/#\/schema\/logo\/image\/","url":"https:\/\/crentassos.com.br\/blog\/wp-content\/uploads\/2020\/05\/cropped-crentassos1-300x300png.png","contentUrl":"https:\/\/crentassos.com.br\/blog\/wp-content\/uploads\/2020\/05\/cropped-crentassos1-300x300png.png","width":300,"height":300,"caption":"Crentassos Produ\u00e7\u00f5es Subversivas"},"image":{"@id":"https:\/\/crentassos.com.br\/blog\/#\/schema\/logo\/image\/"},"sameAs":["http:\/\/www.facebook.com\/crentassos","https:\/\/x.com\/crentassos","https:\/\/www.instagram.com\/crentassos","https:\/\/www.youtube.com\/crentassos"]},{"@type":"Person","@id":"https:\/\/crentassos.com.br\/blog\/#\/schema\/person\/c143e75f920e3ad15d83540f47db500c","name":"Crentassos","image":{"@type":"ImageObject","inLanguage":"pt-BR","@id":"https:\/\/crentassos.com.br\/blog\/#\/schema\/person\/image\/","url":"https:\/\/secure.gravatar.com\/avatar\/cb1b9c88bcd90ec2f909823639a352ece8d3a3cea59b9d08637fe057502fa227?s=96&d=retro&r=g","contentUrl":"https:\/\/secure.gravatar.com\/avatar\/cb1b9c88bcd90ec2f909823639a352ece8d3a3cea59b9d08637fe057502fa227?s=96&d=retro&r=g","caption":"Crentassos"},"description":"Perfil padr\u00e3o do blog dos Crentassos.","sameAs":["http:\/\/www.crentassos.com.br"],"url":"https:\/\/crentassos.com.br\/blog\/author\/crentassos"}]}},"_links":{"self":[{"href":"https:\/\/crentassos.com.br\/blog\/wp-json\/wp\/v2\/posts\/3299","targetHints":{"allow":["GET"]}}],"collection":[{"href":"https:\/\/crentassos.com.br\/blog\/wp-json\/wp\/v2\/posts"}],"about":[{"href":"https:\/\/crentassos.com.br\/blog\/wp-json\/wp\/v2\/types\/post"}],"author":[{"embeddable":true,"href":"https:\/\/crentassos.com.br\/blog\/wp-json\/wp\/v2\/users\/1"}],"replies":[{"embeddable":true,"href":"https:\/\/crentassos.com.br\/blog\/wp-json\/wp\/v2\/comments?post=3299"}],"version-history":[{"count":13,"href":"https:\/\/crentassos.com.br\/blog\/wp-json\/wp\/v2\/posts\/3299\/revisions"}],"predecessor-version":[{"id":3390,"href":"https:\/\/crentassos.com.br\/blog\/wp-json\/wp\/v2\/posts\/3299\/revisions\/3390"}],"wp:featuredmedia":[{"embeddable":true,"href":"https:\/\/crentassos.com.br\/blog\/wp-json\/wp\/v2\/media\/3300"}],"wp:attachment":[{"href":"https:\/\/crentassos.com.br\/blog\/wp-json\/wp\/v2\/media?parent=3299"}],"wp:term":[{"taxonomy":"category","embeddable":true,"href":"https:\/\/crentassos.com.br\/blog\/wp-json\/wp\/v2\/categories?post=3299"},{"taxonomy":"post_tag","embeddable":true,"href":"https:\/\/crentassos.com.br\/blog\/wp-json\/wp\/v2\/tags?post=3299"}],"curies":[{"name":"wp","href":"https:\/\/api.w.org\/{rel}","templated":true}]}}