{"id":22669,"date":"2025-01-17T16:00:28","date_gmt":"2025-01-17T18:00:28","guid":{"rendered":"https:\/\/crentassos.com.br\/blog\/?p=22669"},"modified":"2025-01-17T16:01:00","modified_gmt":"2025-01-17T18:01:00","slug":"mentiras-convenientes-e-pre-verdade","status":"publish","type":"post","link":"https:\/\/crentassos.com.br\/blog\/2025\/01\/mentiras-convenientes-e-pre-verdade.html","title":{"rendered":"Mentiras convenientes e pr\u00e9-verdade"},"content":{"rendered":"<p style=\"text-align: justify;\">P\u00f3s-verdade \u00e9 o conceito que define uma situa\u00e7\u00e3o onde os fatos objetivos j\u00e1 n\u00e3o s\u00e3o fundamentais para determinar a opini\u00e3o p\u00fablica. As cren\u00e7as e convic\u00e7\u00f5es pessoais tem prioridade, e as pessoas tomam como verdade aquilo que refor\u00e7a ou confirma aquilo que elas elas j\u00e1 acreditam ser verdade.<\/p>\n<p style=\"text-align: justify;\">Mas se em algum momento as pessoas eram enganadas, iludidas acreditando que aquela situa\u00e7\u00e3o falsa era verdadeira, mais recentemente temos observado o fen\u00f4meno das mentiras convenientes. Assim, as pessoas n\u00e3o s\u00e3o mais enganadas, porque elas sabem que aquilo que acreditam \u00e9 uma mentira e mesmo assim n\u00e3o se importam. Se a mentira \u00e9 conveniente, ela serve.<\/p>\n<p style=\"text-align: justify;\">Isso n\u00e3o \u00e9 exatamente novo. Quando Jesus est\u00e1 diante do sin\u00e9drio sendo julgado, o texto diz &#8220;Os chefes dos sacerdotes e todo o Sin\u00e9drio estavam procurando um depoimento falso contra Jesus, para que pudessem conden\u00e1-lo \u00e0 morte&#8221; (Mateus 26:59). Eles n\u00e3o queriam a verdade, queriam uma mentira conveniente, que sustentasse a senten\u00e7a que eles j\u00e1 haviam definido. Quando, no \u00c9den, a serpente conversa com Eva, a mulher demonstrou lembrar qual havia sido a ordem de Deus, mas a mentira conveniente da serpente deu a ela um motivo para comer do fruto que lhe j\u00e1 lhe era atraente. E o testemunho de Eva foi s\u00f3 a mentira conveniente que levou Ad\u00e3o a comer do fruto tamb\u00e9m.<\/p>\n<p style=\"text-align: justify;\">Talvez p\u00f3s-verdade n\u00e3o seja um termo adequado porque, de fato, jamais vivemos um per\u00edodo de reino da verdade. Porque a Verdade encarnou, viveu entre n\u00f3s, e n\u00f3s a crucificamos. A Verdade se revela constantemente a n\u00f3s, a preferimos voltar nossos olhos para as mentiram que atendem aos nossos pr\u00f3prios desejos, mesmo sabendo que eles nos levam ao sofrimento e a morte.<\/p>\n<p style=\"text-align: justify;\">\u00c9 a nossa condi\u00e7\u00e3o de serem ca\u00eddos, pecadores, &#8220;mas, quando vier o que \u00e9 perfeito, ent\u00e3o o que \u00e9 imperfeito desaparecer\u00e1&#8221; (1Cor\u00edntios 13:10). Assim, vivemos um per\u00edodo de pr\u00e9-Verdade, trope\u00e7ando e lutando contra nosso pr\u00f3prio ego, mortificando o nosso orgulho e opini\u00e3o, em busca do que \u00e9 Perfeito, at\u00e9 que sejamos com Ele e nEle, prefeitos tamb\u00e9m.<\/p>\n<p style=\"text-align: justify;\">Texto por <a href=\"https:\/\/www.instagram.com\/hernanicm\/\">Hernani Medola<\/a>.<\/p>\n","protected":false},"excerpt":{"rendered":"<p>P\u00f3s-verdade \u00e9 o conceito que define uma situa\u00e7\u00e3o onde os fatos objetivos j\u00e1 n\u00e3o s\u00e3o fundamentais para determinar a opini\u00e3o p\u00fablica. As [&hellip;]<\/p>\n","protected":false},"author":40,"featured_media":22670,"comment_status":"open","ping_status":"open","sticky":false,"template":"","format":"standard","meta":{"_exactmetrics_skip_tracking":false,"_exactmetrics_sitenote_active":false,"_exactmetrics_sitenote_note":"","_exactmetrics_sitenote_category":0,"footnotes":"","_links_to":"","_links_to_target":""},"categories":[112],"tags":[8471,6212,6300,6345,1888,8472],"class_list":{"0":"post-22669","1":"post","2":"type-post","3":"status-publish","4":"format-standard","5":"has-post-thumbnail","6":"hentry","7":"category-artigos","8":"tag-conveniencia","9":"tag-hernani","10":"tag-hernani-correa","11":"tag-hernani-medola","12":"tag-mentiras","13":"tag-pre-verdade","15":"post-with-thumbnail","16":"post-with-thumbnail-large"},"yoast_head":"<!-- This site is optimized with the Yoast SEO plugin v27.1.1 - https:\/\/yoast.com\/product\/yoast-seo-wordpress\/ -->\n<title>Mentiras convenientes e pr\u00e9-verdade - Crentassos Produ\u00e7\u00f5es Subversivas<\/title>\n<meta name=\"description\" content=\"P\u00f3s-verdade \u00e9 o conceito que define uma situa\u00e7\u00e3o onde os fatos objetivos j\u00e1 n\u00e3o s\u00e3o fundamentais para determinar a opini\u00e3o p\u00fablica. As cren\u00e7as e convic\u00e7\u00f5es pessoais tem prioridade, e as pessoas tomam como verdade aquilo que refor\u00e7a ou confirma aquilo que elas elas j\u00e1 acreditam ser verdade.\" \/>\n<meta name=\"robots\" content=\"index, follow, max-snippet:-1, max-image-preview:large, max-video-preview:-1\" \/>\n<link rel=\"canonical\" href=\"https:\/\/crentassos.com.br\/blog\/2025\/01\/mentiras-convenientes-e-pre-verdade.html\" \/>\n<meta property=\"og:locale\" content=\"pt_BR\" \/>\n<meta property=\"og:type\" content=\"article\" \/>\n<meta property=\"og:title\" content=\"Mentiras convenientes e pr\u00e9-verdade - Crentassos Produ\u00e7\u00f5es Subversivas\" \/>\n<meta property=\"og:description\" content=\"P\u00f3s-verdade \u00e9 o conceito que define uma situa\u00e7\u00e3o onde os fatos objetivos j\u00e1 n\u00e3o s\u00e3o fundamentais para determinar a opini\u00e3o p\u00fablica. As cren\u00e7as e convic\u00e7\u00f5es pessoais tem prioridade, e as pessoas tomam como verdade aquilo que refor\u00e7a ou confirma aquilo que elas elas j\u00e1 acreditam ser verdade.\" \/>\n<meta property=\"og:url\" content=\"https:\/\/crentassos.com.br\/blog\/2025\/01\/mentiras-convenientes-e-pre-verdade.html\" \/>\n<meta property=\"og:site_name\" content=\"Crentassos Produ\u00e7\u00f5es Subversivas\" \/>\n<meta property=\"article:publisher\" content=\"http:\/\/www.facebook.com\/crentassos\" \/>\n<meta property=\"article:published_time\" content=\"2025-01-17T18:00:28+00:00\" \/>\n<meta property=\"article:modified_time\" content=\"2025-01-17T18:01:00+00:00\" \/>\n<meta property=\"og:image\" content=\"https:\/\/crentassos.com.br\/blog\/wp-content\/uploads\/2025\/01\/Mentiras-Convenientes-e-Pre-verdade.jpg\" \/>\n\t<meta property=\"og:image:width\" content=\"1920\" \/>\n\t<meta property=\"og:image:height\" content=\"1080\" \/>\n\t<meta property=\"og:image:type\" content=\"image\/jpeg\" \/>\n<meta name=\"author\" content=\"Canal Telesc\u00f3pio\" \/>\n<meta name=\"twitter:card\" content=\"summary_large_image\" \/>\n<meta name=\"twitter:creator\" content=\"@crentassos\" \/>\n<meta name=\"twitter:site\" content=\"@crentassos\" \/>\n<meta name=\"twitter:label1\" content=\"Escrito por\" \/>\n\t<meta name=\"twitter:data1\" content=\"Canal Telesc\u00f3pio\" \/>\n\t<meta name=\"twitter:label2\" content=\"Est. tempo de leitura\" \/>\n\t<meta name=\"twitter:data2\" content=\"3 minutos\" \/>\n<script type=\"application\/ld+json\" class=\"yoast-schema-graph\">{\"@context\":\"https:\/\/schema.org\",\"@graph\":[{\"@type\":\"Article\",\"@id\":\"https:\/\/crentassos.com.br\/blog\/2025\/01\/mentiras-convenientes-e-pre-verdade.html#article\",\"isPartOf\":{\"@id\":\"https:\/\/crentassos.com.br\/blog\/2025\/01\/mentiras-convenientes-e-pre-verdade.html\"},\"author\":{\"name\":\"Canal Telesc\u00f3pio\",\"@id\":\"https:\/\/crentassos.com.br\/blog\/#\/schema\/person\/f5c70eaa1c3179710128722f4a65217a\"},\"headline\":\"Mentiras convenientes e pr\u00e9-verdade\",\"datePublished\":\"2025-01-17T18:00:28+00:00\",\"dateModified\":\"2025-01-17T18:01:00+00:00\",\"mainEntityOfPage\":{\"@id\":\"https:\/\/crentassos.com.br\/blog\/2025\/01\/mentiras-convenientes-e-pre-verdade.html\"},\"wordCount\":373,\"commentCount\":0,\"publisher\":{\"@id\":\"https:\/\/crentassos.com.br\/blog\/#organization\"},\"image\":{\"@id\":\"https:\/\/crentassos.com.br\/blog\/2025\/01\/mentiras-convenientes-e-pre-verdade.html#primaryimage\"},\"thumbnailUrl\":\"https:\/\/crentassos.com.br\/blog\/wp-content\/uploads\/2025\/01\/Mentiras-Convenientes-e-Pre-verdade.jpg\",\"keywords\":[\"conveni\u00eancia\",\"hernani\",\"hernani correa\",\"hernani medola\",\"mentiras\",\"pr\u00e9-verdade\"],\"articleSection\":[\"Artigos\"],\"inLanguage\":\"pt-BR\",\"potentialAction\":[{\"@type\":\"CommentAction\",\"name\":\"Comment\",\"target\":[\"https:\/\/crentassos.com.br\/blog\/2025\/01\/mentiras-convenientes-e-pre-verdade.html#respond\"]}]},{\"@type\":\"WebPage\",\"@id\":\"https:\/\/crentassos.com.br\/blog\/2025\/01\/mentiras-convenientes-e-pre-verdade.html\",\"url\":\"https:\/\/crentassos.com.br\/blog\/2025\/01\/mentiras-convenientes-e-pre-verdade.html\",\"name\":\"Mentiras convenientes e pr\u00e9-verdade - Crentassos Produ\u00e7\u00f5es Subversivas\",\"isPartOf\":{\"@id\":\"https:\/\/crentassos.com.br\/blog\/#website\"},\"primaryImageOfPage\":{\"@id\":\"https:\/\/crentassos.com.br\/blog\/2025\/01\/mentiras-convenientes-e-pre-verdade.html#primaryimage\"},\"image\":{\"@id\":\"https:\/\/crentassos.com.br\/blog\/2025\/01\/mentiras-convenientes-e-pre-verdade.html#primaryimage\"},\"thumbnailUrl\":\"https:\/\/crentassos.com.br\/blog\/wp-content\/uploads\/2025\/01\/Mentiras-Convenientes-e-Pre-verdade.jpg\",\"datePublished\":\"2025-01-17T18:00:28+00:00\",\"dateModified\":\"2025-01-17T18:01:00+00:00\",\"description\":\"P\u00f3s-verdade \u00e9 o conceito que define uma situa\u00e7\u00e3o onde os fatos objetivos j\u00e1 n\u00e3o s\u00e3o fundamentais para determinar a opini\u00e3o p\u00fablica. As cren\u00e7as e convic\u00e7\u00f5es pessoais tem prioridade, e as pessoas tomam como verdade aquilo que refor\u00e7a ou confirma aquilo que elas elas j\u00e1 acreditam ser verdade.\",\"breadcrumb\":{\"@id\":\"https:\/\/crentassos.com.br\/blog\/2025\/01\/mentiras-convenientes-e-pre-verdade.html#breadcrumb\"},\"inLanguage\":\"pt-BR\",\"potentialAction\":[{\"@type\":\"ReadAction\",\"target\":[\"https:\/\/crentassos.com.br\/blog\/2025\/01\/mentiras-convenientes-e-pre-verdade.html\"]}]},{\"@type\":\"ImageObject\",\"inLanguage\":\"pt-BR\",\"@id\":\"https:\/\/crentassos.com.br\/blog\/2025\/01\/mentiras-convenientes-e-pre-verdade.html#primaryimage\",\"url\":\"https:\/\/crentassos.com.br\/blog\/wp-content\/uploads\/2025\/01\/Mentiras-Convenientes-e-Pre-verdade.jpg\",\"contentUrl\":\"https:\/\/crentassos.com.br\/blog\/wp-content\/uploads\/2025\/01\/Mentiras-Convenientes-e-Pre-verdade.jpg\",\"width\":1920,\"height\":1080},{\"@type\":\"BreadcrumbList\",\"@id\":\"https:\/\/crentassos.com.br\/blog\/2025\/01\/mentiras-convenientes-e-pre-verdade.html#breadcrumb\",\"itemListElement\":[{\"@type\":\"ListItem\",\"position\":1,\"name\":\"Home\",\"item\":\"https:\/\/crentassos.com.br\/blog\/\"},{\"@type\":\"ListItem\",\"position\":2,\"name\":\"Mentiras convenientes e pr\u00e9-verdade\"}]},{\"@type\":\"WebSite\",\"@id\":\"https:\/\/crentassos.com.br\/blog\/#website\",\"url\":\"https:\/\/crentassos.com.br\/blog\/\",\"name\":\"Crentassos Produ\u00e7\u00f5es Subversivas\",\"description\":\"Podcast Crist\u00e3o, Podcrent, Da Prateleira, Artigos crist\u00e3os, Teologia, Estudos, Textos B\u00edblicos\",\"publisher\":{\"@id\":\"https:\/\/crentassos.com.br\/blog\/#organization\"},\"potentialAction\":[{\"@type\":\"SearchAction\",\"target\":{\"@type\":\"EntryPoint\",\"urlTemplate\":\"https:\/\/crentassos.com.br\/blog\/?s={search_term_string}\"},\"query-input\":{\"@type\":\"PropertyValueSpecification\",\"valueRequired\":true,\"valueName\":\"search_term_string\"}}],\"inLanguage\":\"pt-BR\"},{\"@type\":\"Organization\",\"@id\":\"https:\/\/crentassos.com.br\/blog\/#organization\",\"name\":\"Crentassos Produ\u00e7\u00f5es Subversivas\",\"url\":\"https:\/\/crentassos.com.br\/blog\/\",\"logo\":{\"@type\":\"ImageObject\",\"inLanguage\":\"pt-BR\",\"@id\":\"https:\/\/crentassos.com.br\/blog\/#\/schema\/logo\/image\/\",\"url\":\"https:\/\/crentassos.com.br\/blog\/wp-content\/uploads\/2020\/05\/cropped-crentassos1-300x300png.png\",\"contentUrl\":\"https:\/\/crentassos.com.br\/blog\/wp-content\/uploads\/2020\/05\/cropped-crentassos1-300x300png.png\",\"width\":300,\"height\":300,\"caption\":\"Crentassos Produ\u00e7\u00f5es Subversivas\"},\"image\":{\"@id\":\"https:\/\/crentassos.com.br\/blog\/#\/schema\/logo\/image\/\"},\"sameAs\":[\"http:\/\/www.facebook.com\/crentassos\",\"https:\/\/x.com\/crentassos\",\"https:\/\/www.instagram.com\/crentassos\",\"https:\/\/www.youtube.com\/crentassos\"]},{\"@type\":\"Person\",\"@id\":\"https:\/\/crentassos.com.br\/blog\/#\/schema\/person\/f5c70eaa1c3179710128722f4a65217a\",\"name\":\"Canal Telesc\u00f3pio\",\"image\":{\"@type\":\"ImageObject\",\"inLanguage\":\"pt-BR\",\"@id\":\"https:\/\/crentassos.com.br\/blog\/#\/schema\/person\/image\/\",\"url\":\"https:\/\/secure.gravatar.com\/avatar\/61fff3c5f066b69a229932de7e6da4aa1b2efa69f054bd34b318a4bacbd33447?s=96&d=retro&r=g\",\"contentUrl\":\"https:\/\/secure.gravatar.com\/avatar\/61fff3c5f066b69a229932de7e6da4aa1b2efa69f054bd34b318a4bacbd33447?s=96&d=retro&r=g\",\"caption\":\"Canal Telesc\u00f3pio\"},\"description\":\"Todo dia 10, no feed da Crentassos, lan\u00e7amos um podcast in\u00e9dito, conversando e refletindo sobre o nosso mundo.\",\"sameAs\":[\"https:\/\/www.youtube.com\/canaltelescopio\"],\"url\":\"https:\/\/crentassos.com.br\/blog\/author\/canaltelescopio\"}]}<\/script>\n<!-- \/ Yoast SEO plugin. -->","yoast_head_json":{"title":"Mentiras convenientes e pr\u00e9-verdade - Crentassos Produ\u00e7\u00f5es Subversivas","description":"P\u00f3s-verdade \u00e9 o conceito que define uma situa\u00e7\u00e3o onde os fatos objetivos j\u00e1 n\u00e3o s\u00e3o fundamentais para determinar a opini\u00e3o p\u00fablica. As cren\u00e7as e convic\u00e7\u00f5es pessoais tem prioridade, e as pessoas tomam como verdade aquilo que refor\u00e7a ou confirma aquilo que elas elas j\u00e1 acreditam ser verdade.","robots":{"index":"index","follow":"follow","max-snippet":"max-snippet:-1","max-image-preview":"max-image-preview:large","max-video-preview":"max-video-preview:-1"},"canonical":"https:\/\/crentassos.com.br\/blog\/2025\/01\/mentiras-convenientes-e-pre-verdade.html","og_locale":"pt_BR","og_type":"article","og_title":"Mentiras convenientes e pr\u00e9-verdade - Crentassos Produ\u00e7\u00f5es Subversivas","og_description":"P\u00f3s-verdade \u00e9 o conceito que define uma situa\u00e7\u00e3o onde os fatos objetivos j\u00e1 n\u00e3o s\u00e3o fundamentais para determinar a opini\u00e3o p\u00fablica. As cren\u00e7as e convic\u00e7\u00f5es pessoais tem prioridade, e as pessoas tomam como verdade aquilo que refor\u00e7a ou confirma aquilo que elas elas j\u00e1 acreditam ser verdade.","og_url":"https:\/\/crentassos.com.br\/blog\/2025\/01\/mentiras-convenientes-e-pre-verdade.html","og_site_name":"Crentassos Produ\u00e7\u00f5es Subversivas","article_publisher":"http:\/\/www.facebook.com\/crentassos","article_published_time":"2025-01-17T18:00:28+00:00","article_modified_time":"2025-01-17T18:01:00+00:00","og_image":[{"width":1920,"height":1080,"url":"https:\/\/crentassos.com.br\/blog\/wp-content\/uploads\/2025\/01\/Mentiras-Convenientes-e-Pre-verdade.jpg","type":"image\/jpeg"}],"author":"Canal Telesc\u00f3pio","twitter_card":"summary_large_image","twitter_creator":"@crentassos","twitter_site":"@crentassos","twitter_misc":{"Escrito por":"Canal Telesc\u00f3pio","Est. tempo de leitura":"3 minutos"},"schema":{"@context":"https:\/\/schema.org","@graph":[{"@type":"Article","@id":"https:\/\/crentassos.com.br\/blog\/2025\/01\/mentiras-convenientes-e-pre-verdade.html#article","isPartOf":{"@id":"https:\/\/crentassos.com.br\/blog\/2025\/01\/mentiras-convenientes-e-pre-verdade.html"},"author":{"name":"Canal Telesc\u00f3pio","@id":"https:\/\/crentassos.com.br\/blog\/#\/schema\/person\/f5c70eaa1c3179710128722f4a65217a"},"headline":"Mentiras convenientes e pr\u00e9-verdade","datePublished":"2025-01-17T18:00:28+00:00","dateModified":"2025-01-17T18:01:00+00:00","mainEntityOfPage":{"@id":"https:\/\/crentassos.com.br\/blog\/2025\/01\/mentiras-convenientes-e-pre-verdade.html"},"wordCount":373,"commentCount":0,"publisher":{"@id":"https:\/\/crentassos.com.br\/blog\/#organization"},"image":{"@id":"https:\/\/crentassos.com.br\/blog\/2025\/01\/mentiras-convenientes-e-pre-verdade.html#primaryimage"},"thumbnailUrl":"https:\/\/crentassos.com.br\/blog\/wp-content\/uploads\/2025\/01\/Mentiras-Convenientes-e-Pre-verdade.jpg","keywords":["conveni\u00eancia","hernani","hernani correa","hernani medola","mentiras","pr\u00e9-verdade"],"articleSection":["Artigos"],"inLanguage":"pt-BR","potentialAction":[{"@type":"CommentAction","name":"Comment","target":["https:\/\/crentassos.com.br\/blog\/2025\/01\/mentiras-convenientes-e-pre-verdade.html#respond"]}]},{"@type":"WebPage","@id":"https:\/\/crentassos.com.br\/blog\/2025\/01\/mentiras-convenientes-e-pre-verdade.html","url":"https:\/\/crentassos.com.br\/blog\/2025\/01\/mentiras-convenientes-e-pre-verdade.html","name":"Mentiras convenientes e pr\u00e9-verdade - Crentassos Produ\u00e7\u00f5es Subversivas","isPartOf":{"@id":"https:\/\/crentassos.com.br\/blog\/#website"},"primaryImageOfPage":{"@id":"https:\/\/crentassos.com.br\/blog\/2025\/01\/mentiras-convenientes-e-pre-verdade.html#primaryimage"},"image":{"@id":"https:\/\/crentassos.com.br\/blog\/2025\/01\/mentiras-convenientes-e-pre-verdade.html#primaryimage"},"thumbnailUrl":"https:\/\/crentassos.com.br\/blog\/wp-content\/uploads\/2025\/01\/Mentiras-Convenientes-e-Pre-verdade.jpg","datePublished":"2025-01-17T18:00:28+00:00","dateModified":"2025-01-17T18:01:00+00:00","description":"P\u00f3s-verdade \u00e9 o conceito que define uma situa\u00e7\u00e3o onde os fatos objetivos j\u00e1 n\u00e3o s\u00e3o fundamentais para determinar a opini\u00e3o p\u00fablica. As cren\u00e7as e convic\u00e7\u00f5es pessoais tem prioridade, e as pessoas tomam como verdade aquilo que refor\u00e7a ou confirma aquilo que elas elas j\u00e1 acreditam ser verdade.","breadcrumb":{"@id":"https:\/\/crentassos.com.br\/blog\/2025\/01\/mentiras-convenientes-e-pre-verdade.html#breadcrumb"},"inLanguage":"pt-BR","potentialAction":[{"@type":"ReadAction","target":["https:\/\/crentassos.com.br\/blog\/2025\/01\/mentiras-convenientes-e-pre-verdade.html"]}]},{"@type":"ImageObject","inLanguage":"pt-BR","@id":"https:\/\/crentassos.com.br\/blog\/2025\/01\/mentiras-convenientes-e-pre-verdade.html#primaryimage","url":"https:\/\/crentassos.com.br\/blog\/wp-content\/uploads\/2025\/01\/Mentiras-Convenientes-e-Pre-verdade.jpg","contentUrl":"https:\/\/crentassos.com.br\/blog\/wp-content\/uploads\/2025\/01\/Mentiras-Convenientes-e-Pre-verdade.jpg","width":1920,"height":1080},{"@type":"BreadcrumbList","@id":"https:\/\/crentassos.com.br\/blog\/2025\/01\/mentiras-convenientes-e-pre-verdade.html#breadcrumb","itemListElement":[{"@type":"ListItem","position":1,"name":"Home","item":"https:\/\/crentassos.com.br\/blog\/"},{"@type":"ListItem","position":2,"name":"Mentiras convenientes e pr\u00e9-verdade"}]},{"@type":"WebSite","@id":"https:\/\/crentassos.com.br\/blog\/#website","url":"https:\/\/crentassos.com.br\/blog\/","name":"Crentassos Produ\u00e7\u00f5es Subversivas","description":"Podcast Crist\u00e3o, Podcrent, Da Prateleira, Artigos crist\u00e3os, Teologia, Estudos, Textos B\u00edblicos","publisher":{"@id":"https:\/\/crentassos.com.br\/blog\/#organization"},"potentialAction":[{"@type":"SearchAction","target":{"@type":"EntryPoint","urlTemplate":"https:\/\/crentassos.com.br\/blog\/?s={search_term_string}"},"query-input":{"@type":"PropertyValueSpecification","valueRequired":true,"valueName":"search_term_string"}}],"inLanguage":"pt-BR"},{"@type":"Organization","@id":"https:\/\/crentassos.com.br\/blog\/#organization","name":"Crentassos Produ\u00e7\u00f5es Subversivas","url":"https:\/\/crentassos.com.br\/blog\/","logo":{"@type":"ImageObject","inLanguage":"pt-BR","@id":"https:\/\/crentassos.com.br\/blog\/#\/schema\/logo\/image\/","url":"https:\/\/crentassos.com.br\/blog\/wp-content\/uploads\/2020\/05\/cropped-crentassos1-300x300png.png","contentUrl":"https:\/\/crentassos.com.br\/blog\/wp-content\/uploads\/2020\/05\/cropped-crentassos1-300x300png.png","width":300,"height":300,"caption":"Crentassos Produ\u00e7\u00f5es Subversivas"},"image":{"@id":"https:\/\/crentassos.com.br\/blog\/#\/schema\/logo\/image\/"},"sameAs":["http:\/\/www.facebook.com\/crentassos","https:\/\/x.com\/crentassos","https:\/\/www.instagram.com\/crentassos","https:\/\/www.youtube.com\/crentassos"]},{"@type":"Person","@id":"https:\/\/crentassos.com.br\/blog\/#\/schema\/person\/f5c70eaa1c3179710128722f4a65217a","name":"Canal Telesc\u00f3pio","image":{"@type":"ImageObject","inLanguage":"pt-BR","@id":"https:\/\/crentassos.com.br\/blog\/#\/schema\/person\/image\/","url":"https:\/\/secure.gravatar.com\/avatar\/61fff3c5f066b69a229932de7e6da4aa1b2efa69f054bd34b318a4bacbd33447?s=96&d=retro&r=g","contentUrl":"https:\/\/secure.gravatar.com\/avatar\/61fff3c5f066b69a229932de7e6da4aa1b2efa69f054bd34b318a4bacbd33447?s=96&d=retro&r=g","caption":"Canal Telesc\u00f3pio"},"description":"Todo dia 10, no feed da Crentassos, lan\u00e7amos um podcast in\u00e9dito, conversando e refletindo sobre o nosso mundo.","sameAs":["https:\/\/www.youtube.com\/canaltelescopio"],"url":"https:\/\/crentassos.com.br\/blog\/author\/canaltelescopio"}]}},"_links":{"self":[{"href":"https:\/\/crentassos.com.br\/blog\/wp-json\/wp\/v2\/posts\/22669","targetHints":{"allow":["GET"]}}],"collection":[{"href":"https:\/\/crentassos.com.br\/blog\/wp-json\/wp\/v2\/posts"}],"about":[{"href":"https:\/\/crentassos.com.br\/blog\/wp-json\/wp\/v2\/types\/post"}],"author":[{"embeddable":true,"href":"https:\/\/crentassos.com.br\/blog\/wp-json\/wp\/v2\/users\/40"}],"replies":[{"embeddable":true,"href":"https:\/\/crentassos.com.br\/blog\/wp-json\/wp\/v2\/comments?post=22669"}],"version-history":[{"count":2,"href":"https:\/\/crentassos.com.br\/blog\/wp-json\/wp\/v2\/posts\/22669\/revisions"}],"predecessor-version":[{"id":22672,"href":"https:\/\/crentassos.com.br\/blog\/wp-json\/wp\/v2\/posts\/22669\/revisions\/22672"}],"wp:featuredmedia":[{"embeddable":true,"href":"https:\/\/crentassos.com.br\/blog\/wp-json\/wp\/v2\/media\/22670"}],"wp:attachment":[{"href":"https:\/\/crentassos.com.br\/blog\/wp-json\/wp\/v2\/media?parent=22669"}],"wp:term":[{"taxonomy":"category","embeddable":true,"href":"https:\/\/crentassos.com.br\/blog\/wp-json\/wp\/v2\/categories?post=22669"},{"taxonomy":"post_tag","embeddable":true,"href":"https:\/\/crentassos.com.br\/blog\/wp-json\/wp\/v2\/tags?post=22669"}],"curies":[{"name":"wp","href":"https:\/\/api.w.org\/{rel}","templated":true}]}}