{"id":21169,"date":"2022-11-11T01:00:00","date_gmt":"2022-11-11T03:00:00","guid":{"rendered":"https:\/\/crentassos.com.br\/blog\/?p=21169"},"modified":"2022-11-19T08:58:44","modified_gmt":"2022-11-19T10:58:44","slug":"camisas-copa-do-mundo-catar-2022-grupo-g","status":"publish","type":"post","link":"https:\/\/crentassos.com.br\/blog\/2022\/11\/camisas-copa-do-mundo-catar-2022-grupo-g.html","title":{"rendered":"Camisas Copa do Mundo Catar 2022 \u2013 Grupo G"},"content":{"rendered":"<p style=\"text-align: justify;\"><em>Tantantan, tantantan&#8230;<\/em><\/p>\n<p style=\"text-align: justify;\">Chega Grupo G, com camisa de patriotas brasileiros (e outros nem tantos). Minhas expectativas est\u00e3o t\u00e3o baixas quanto a moral da galera que t\u00e1 fazendo algazarra golpista na frente dos quart\u00e9is.<\/p>\n<p style=\"text-align: justify;\"><em><strong>Brasil<\/strong><\/em><img loading=\"lazy\" decoding=\"async\" class=\"aligncenter wp-image-21155 size-full\" src=\"https:\/\/crentassos.com.br\/blog\/wp-content\/uploads\/2022\/11\/02-1.jpg\" alt=\"\" width=\"1920\" height=\"1080\" srcset=\"https:\/\/crentassos.com.br\/blog\/wp-content\/uploads\/2022\/11\/02-1.jpg 1920w, https:\/\/crentassos.com.br\/blog\/wp-content\/uploads\/2022\/11\/02-1-300x169.jpg 300w, https:\/\/crentassos.com.br\/blog\/wp-content\/uploads\/2022\/11\/02-1-620x349.jpg 620w, https:\/\/crentassos.com.br\/blog\/wp-content\/uploads\/2022\/11\/02-1-275x154.jpg 275w, https:\/\/crentassos.com.br\/blog\/wp-content\/uploads\/2022\/11\/02-1-768x432.jpg 768w, https:\/\/crentassos.com.br\/blog\/wp-content\/uploads\/2022\/11\/02-1-1536x864.jpg 1536w\" sizes=\"auto, (max-width: 1920px) 100vw, 1920px\" \/><\/p>\n<p style=\"text-align: justify;\"><strong>Camisa 1:\u00a0<\/strong>Analisando somente a camisa: esse amarelo apagado \u00e9 muito sem gra\u00e7a e emo\u00e7\u00e3o. A estampa de on\u00e7a da camisa (claramente apelando para o sucesso de Pantanal) \u00e9 sem gra\u00e7a e me faz lembrar de pele seca, na real. O ponto positivo \u00e9 que a estampa est\u00e1 presente na frente e verso da camisa.<\/p>\n<p style=\"text-align: justify;\"><img loading=\"lazy\" decoding=\"async\" class=\"aligncenter wp-image-21156 size-full\" src=\"https:\/\/crentassos.com.br\/blog\/wp-content\/uploads\/2022\/11\/03-1.jpg\" alt=\"\" width=\"1920\" height=\"1080\" srcset=\"https:\/\/crentassos.com.br\/blog\/wp-content\/uploads\/2022\/11\/03-1.jpg 1920w, https:\/\/crentassos.com.br\/blog\/wp-content\/uploads\/2022\/11\/03-1-300x169.jpg 300w, https:\/\/crentassos.com.br\/blog\/wp-content\/uploads\/2022\/11\/03-1-620x349.jpg 620w, https:\/\/crentassos.com.br\/blog\/wp-content\/uploads\/2022\/11\/03-1-275x154.jpg 275w, https:\/\/crentassos.com.br\/blog\/wp-content\/uploads\/2022\/11\/03-1-768x432.jpg 768w, https:\/\/crentassos.com.br\/blog\/wp-content\/uploads\/2022\/11\/03-1-1536x864.jpg 1536w\" sizes=\"auto, (max-width: 1920px) 100vw, 1920px\" \/><\/p>\n<p style=\"text-align: justify;\"><strong>Detalhe:\u00a0<\/strong>o bot\u00e3o que forma a bandeira do pa\u00eds \u00e9 fofo. A gola apresenta o mesmo problema da camisa da Fran\u00e7a, de ficar tudo repuxado o tecido (vi ao vivo). E, todo mundo sabe, essa camisa est\u00e1 associada a um grupo pol\u00edtico espec\u00edfico. Conto com os her\u00f3is que ter\u00e3o empenho em &#8220;recuperar nossos s\u00edmbolos&#8221;, porque eu n\u00e3o tenho. A Nike t\u00e1 at\u00e9 bolada, tentando desvincular a camisa desses movimentos, mas isso vai ser dif\u00edcil. Boa sorte.<\/p>\n<p style=\"text-align: justify;\"><img loading=\"lazy\" decoding=\"async\" class=\"aligncenter wp-image-21157 size-full\" src=\"https:\/\/crentassos.com.br\/blog\/wp-content\/uploads\/2022\/11\/04-1.jpg\" alt=\"\" width=\"1920\" height=\"1080\" srcset=\"https:\/\/crentassos.com.br\/blog\/wp-content\/uploads\/2022\/11\/04-1.jpg 1920w, https:\/\/crentassos.com.br\/blog\/wp-content\/uploads\/2022\/11\/04-1-300x169.jpg 300w, https:\/\/crentassos.com.br\/blog\/wp-content\/uploads\/2022\/11\/04-1-620x349.jpg 620w, https:\/\/crentassos.com.br\/blog\/wp-content\/uploads\/2022\/11\/04-1-275x154.jpg 275w, https:\/\/crentassos.com.br\/blog\/wp-content\/uploads\/2022\/11\/04-1-768x432.jpg 768w, https:\/\/crentassos.com.br\/blog\/wp-content\/uploads\/2022\/11\/04-1-1536x864.jpg 1536w\" sizes=\"auto, (max-width: 1920px) 100vw, 1920px\" \/><\/p>\n<p style=\"text-align: justify;\"><strong>Camisa 2:\u00a0<\/strong>se o azul for t\u00e3o aberto assim, a camisa \u00e9 totalmente feia. Se for mais escuro, da\u00ed fica s\u00f3 a estampa da manga feia mesmo. Pra mim, parece camisa de treino.<\/p>\n<p style=\"text-align: justify;\"><em><strong>S\u00e9rvia<\/strong><\/em><\/p>\n<p style=\"text-align: justify;\"><img loading=\"lazy\" decoding=\"async\" class=\"aligncenter wp-image-21159 size-full\" src=\"https:\/\/crentassos.com.br\/blog\/wp-content\/uploads\/2022\/11\/06-1.jpg\" alt=\"\" width=\"1920\" height=\"1080\" srcset=\"https:\/\/crentassos.com.br\/blog\/wp-content\/uploads\/2022\/11\/06-1.jpg 1920w, https:\/\/crentassos.com.br\/blog\/wp-content\/uploads\/2022\/11\/06-1-300x169.jpg 300w, https:\/\/crentassos.com.br\/blog\/wp-content\/uploads\/2022\/11\/06-1-620x349.jpg 620w, https:\/\/crentassos.com.br\/blog\/wp-content\/uploads\/2022\/11\/06-1-275x154.jpg 275w, https:\/\/crentassos.com.br\/blog\/wp-content\/uploads\/2022\/11\/06-1-768x432.jpg 768w, https:\/\/crentassos.com.br\/blog\/wp-content\/uploads\/2022\/11\/06-1-1536x864.jpg 1536w\" sizes=\"auto, (max-width: 1920px) 100vw, 1920px\" \/><\/p>\n<p style=\"text-align: justify;\"><strong>Camisa 1:\u00a0<\/strong>Pode ser que o esp\u00edrito natalino j\u00e1 tenha se apossado de mim, mas achei muito bonita essa camisa. A combina\u00e7\u00e3o de vermelho com dourado \u00e9 elegante, simples e natalina.<\/p>\n<p style=\"text-align: justify;\"><img loading=\"lazy\" decoding=\"async\" class=\"aligncenter wp-image-21160 size-full\" src=\"https:\/\/crentassos.com.br\/blog\/wp-content\/uploads\/2022\/11\/07-1.jpg\" alt=\"\" width=\"1920\" height=\"1080\" srcset=\"https:\/\/crentassos.com.br\/blog\/wp-content\/uploads\/2022\/11\/07-1.jpg 1920w, https:\/\/crentassos.com.br\/blog\/wp-content\/uploads\/2022\/11\/07-1-300x169.jpg 300w, https:\/\/crentassos.com.br\/blog\/wp-content\/uploads\/2022\/11\/07-1-620x349.jpg 620w, https:\/\/crentassos.com.br\/blog\/wp-content\/uploads\/2022\/11\/07-1-275x154.jpg 275w, https:\/\/crentassos.com.br\/blog\/wp-content\/uploads\/2022\/11\/07-1-768x432.jpg 768w, https:\/\/crentassos.com.br\/blog\/wp-content\/uploads\/2022\/11\/07-1-1536x864.jpg 1536w\" sizes=\"auto, (max-width: 1920px) 100vw, 1920px\" \/><\/p>\n<p style=\"text-align: justify;\"><strong>Detalhe:\u00a0<\/strong>gostei que muitas sele\u00e7\u00f5es resolveram atualizar seus escudos este ano. T\u00e1 lind\u00e3o essa da S\u00e9rvia, hein.<\/p>\n<p style=\"text-align: justify;\"><img loading=\"lazy\" decoding=\"async\" class=\"aligncenter wp-image-21161 size-full\" src=\"https:\/\/crentassos.com.br\/blog\/wp-content\/uploads\/2022\/11\/08-1.jpg\" alt=\"\" width=\"1920\" height=\"1080\" srcset=\"https:\/\/crentassos.com.br\/blog\/wp-content\/uploads\/2022\/11\/08-1.jpg 1920w, https:\/\/crentassos.com.br\/blog\/wp-content\/uploads\/2022\/11\/08-1-300x169.jpg 300w, https:\/\/crentassos.com.br\/blog\/wp-content\/uploads\/2022\/11\/08-1-620x349.jpg 620w, https:\/\/crentassos.com.br\/blog\/wp-content\/uploads\/2022\/11\/08-1-275x154.jpg 275w, https:\/\/crentassos.com.br\/blog\/wp-content\/uploads\/2022\/11\/08-1-768x432.jpg 768w, https:\/\/crentassos.com.br\/blog\/wp-content\/uploads\/2022\/11\/08-1-1536x864.jpg 1536w\" sizes=\"auto, (max-width: 1920px) 100vw, 1920px\" \/><\/p>\n<p style=\"text-align: justify;\"><strong>Camisa 2:\u00a0<\/strong>aaaaaahhhhhhhh Puuuummaaaaaa! Por que voc\u00eas fazem essas bostas? Eu t\u00f4 revoltada com a padronagem das segundas camisas da Puma. J\u00e1 t\u00f4 com medo pelo Uruguai.<\/p>\n<p style=\"text-align: justify;\"><em><strong>Su\u00ed\u00e7a<\/strong><\/em><\/p>\n<p style=\"text-align: justify;\"><img loading=\"lazy\" decoding=\"async\" class=\"aligncenter wp-image-21163 size-full\" src=\"https:\/\/crentassos.com.br\/blog\/wp-content\/uploads\/2022\/11\/10-1.jpg\" alt=\"\" width=\"1920\" height=\"1080\" srcset=\"https:\/\/crentassos.com.br\/blog\/wp-content\/uploads\/2022\/11\/10-1.jpg 1920w, https:\/\/crentassos.com.br\/blog\/wp-content\/uploads\/2022\/11\/10-1-300x169.jpg 300w, https:\/\/crentassos.com.br\/blog\/wp-content\/uploads\/2022\/11\/10-1-620x349.jpg 620w, https:\/\/crentassos.com.br\/blog\/wp-content\/uploads\/2022\/11\/10-1-275x154.jpg 275w, https:\/\/crentassos.com.br\/blog\/wp-content\/uploads\/2022\/11\/10-1-768x432.jpg 768w, https:\/\/crentassos.com.br\/blog\/wp-content\/uploads\/2022\/11\/10-1-1536x864.jpg 1536w\" sizes=\"auto, (max-width: 1920px) 100vw, 1920px\" \/><\/p>\n<p style=\"text-align: justify;\"><strong>Camisa 1:\u00a0<\/strong>A Su\u00ed\u00e7a n\u00e3o consegue acertar nas camisas, gente. 2018 era estranha, esse ano, \u00e9 estranha tamb\u00e9m. N\u00e3o achei nada emocionante, nem mesmo feio em excesso para criticar com propriedade.<\/p>\n<p style=\"text-align: justify;\"><img loading=\"lazy\" decoding=\"async\" class=\"aligncenter wp-image-21164 size-full\" src=\"https:\/\/crentassos.com.br\/blog\/wp-content\/uploads\/2022\/11\/11-1.jpg\" alt=\"\" width=\"1920\" height=\"1080\" srcset=\"https:\/\/crentassos.com.br\/blog\/wp-content\/uploads\/2022\/11\/11-1.jpg 1920w, https:\/\/crentassos.com.br\/blog\/wp-content\/uploads\/2022\/11\/11-1-300x169.jpg 300w, https:\/\/crentassos.com.br\/blog\/wp-content\/uploads\/2022\/11\/11-1-620x349.jpg 620w, https:\/\/crentassos.com.br\/blog\/wp-content\/uploads\/2022\/11\/11-1-275x154.jpg 275w, https:\/\/crentassos.com.br\/blog\/wp-content\/uploads\/2022\/11\/11-1-768x432.jpg 768w, https:\/\/crentassos.com.br\/blog\/wp-content\/uploads\/2022\/11\/11-1-1536x864.jpg 1536w\" sizes=\"auto, (max-width: 1920px) 100vw, 1920px\" \/><\/p>\n<p style=\"text-align: justify;\"><strong>Camisa 2:\u00a0<\/strong>aqui temos inova\u00e7\u00e3o: claramente a camisa j\u00e1 vem com posicionamento de leitor de QRcode no peito. Rid\u00edcula.<\/p>\n<p style=\"text-align: justify;\"><em><strong>Camar\u00f5es<\/strong><\/em><\/p>\n<p style=\"text-align: justify;\"><img loading=\"lazy\" decoding=\"async\" class=\"aligncenter wp-image-21166 size-full\" src=\"https:\/\/crentassos.com.br\/blog\/wp-content\/uploads\/2022\/11\/13.jpg\" alt=\"\" width=\"1920\" height=\"1080\" srcset=\"https:\/\/crentassos.com.br\/blog\/wp-content\/uploads\/2022\/11\/13.jpg 1920w, https:\/\/crentassos.com.br\/blog\/wp-content\/uploads\/2022\/11\/13-300x169.jpg 300w, https:\/\/crentassos.com.br\/blog\/wp-content\/uploads\/2022\/11\/13-620x349.jpg 620w, https:\/\/crentassos.com.br\/blog\/wp-content\/uploads\/2022\/11\/13-275x154.jpg 275w, https:\/\/crentassos.com.br\/blog\/wp-content\/uploads\/2022\/11\/13-768x432.jpg 768w, https:\/\/crentassos.com.br\/blog\/wp-content\/uploads\/2022\/11\/13-1536x864.jpg 1536w\" sizes=\"auto, (max-width: 1920px) 100vw, 1920px\" \/><\/p>\n<p style=\"text-align: justify;\"><strong>Camisa 1:\u00a0<\/strong>a poss\u00edvel camisa de Camar\u00f5es \u00e9 essa acima. Poss\u00edvel porque a sele\u00e7\u00e3o rompeu unilateralmente o contrato com o fornecedor anterior, mas os caras entraram na justi\u00e7a, ent\u00e3o temos que aguardar as cenas dos pr\u00f3ximos cap\u00edtulos. Sobre a camisa, ela me lembra alguma camisa de sele\u00e7\u00e3o africana que tinha tipo um felino desenhado na camisa, mas n\u00e3o consegui lembrar qual a sele\u00e7\u00e3o. A gola \u00e9 feia, a estampa \u00e9 feia, s\u00f3 se salva o detalhe da manga.<\/p>\n<p style=\"text-align: justify;\"><img loading=\"lazy\" decoding=\"async\" class=\"aligncenter wp-image-21167 size-full\" src=\"https:\/\/crentassos.com.br\/blog\/wp-content\/uploads\/2022\/11\/14.jpg\" alt=\"\" width=\"1920\" height=\"1080\" srcset=\"https:\/\/crentassos.com.br\/blog\/wp-content\/uploads\/2022\/11\/14.jpg 1920w, https:\/\/crentassos.com.br\/blog\/wp-content\/uploads\/2022\/11\/14-300x169.jpg 300w, https:\/\/crentassos.com.br\/blog\/wp-content\/uploads\/2022\/11\/14-620x349.jpg 620w, https:\/\/crentassos.com.br\/blog\/wp-content\/uploads\/2022\/11\/14-275x154.jpg 275w, https:\/\/crentassos.com.br\/blog\/wp-content\/uploads\/2022\/11\/14-768x432.jpg 768w, https:\/\/crentassos.com.br\/blog\/wp-content\/uploads\/2022\/11\/14-1536x864.jpg 1536w\" sizes=\"auto, (max-width: 1920px) 100vw, 1920px\" \/><\/p>\n<p style=\"text-align: justify;\"><strong>Detalhe:\u00a0<\/strong>a manga \u00e9 fofa.<\/p>\n<p style=\"text-align: justify;\"><img loading=\"lazy\" decoding=\"async\" class=\"aligncenter wp-image-21168 size-full\" src=\"https:\/\/crentassos.com.br\/blog\/wp-content\/uploads\/2022\/11\/15.jpg\" alt=\"\" width=\"1920\" height=\"1080\" srcset=\"https:\/\/crentassos.com.br\/blog\/wp-content\/uploads\/2022\/11\/15.jpg 1920w, https:\/\/crentassos.com.br\/blog\/wp-content\/uploads\/2022\/11\/15-300x169.jpg 300w, https:\/\/crentassos.com.br\/blog\/wp-content\/uploads\/2022\/11\/15-620x349.jpg 620w, https:\/\/crentassos.com.br\/blog\/wp-content\/uploads\/2022\/11\/15-275x154.jpg 275w, https:\/\/crentassos.com.br\/blog\/wp-content\/uploads\/2022\/11\/15-768x432.jpg 768w, https:\/\/crentassos.com.br\/blog\/wp-content\/uploads\/2022\/11\/15-1536x864.jpg 1536w\" sizes=\"auto, (max-width: 1920px) 100vw, 1920px\" \/><\/p>\n<p style=\"text-align: justify;\"><strong>Camisa 2:\u00a0<\/strong>procure &#8220;Phoebe Buffay my eyes gif&#8221;. Esse &#8220;colete&#8221; verde na camisa ficou t\u00e3o tosco. N\u00e3o sei se a troca de fornecedor foi boa, mas acho dif\u00edcil acreditar que as camisas pudessem ser piores antes.<\/p>\n<p><strong>Conhe\u00e7a as camisas das outras sele\u00e7\u00f5es:<\/strong><\/p>\n<p><a href=\"https:\/\/crentassos.com.br\/blog\/2022\/09\/camisas-copa-do-mundo-catar-2022-grupo-a.html\"><em>*Minha opini\u00e3o sobre as camisas do Grupo A (Catar, Equador, Senegal e Pa\u00edses Baixos).<\/em><\/a><br \/>\n<a href=\"https:\/\/crentassos.com.br\/blog\/2022\/10\/camisas-copa-do-mundo-catar-2022-grupo-b.html\"><em>*Minha opini\u00e3o sobre as camisas do Grupo B (Inglaterra, Ir\u00e3, Estados Unidos e Pa\u00eds de Gales).<\/em><\/a><br \/>\n<a href=\"https:\/\/crentassos.com.br\/blog\/2022\/10\/camisas-copa-do-mundo-catar-2022-grupo-c.html\"><em>*Minha opini\u00e3o sobre as camisas do Grupo C (Argentina, Ar\u00e1bia Saudita, M\u00e9xico e Pol\u00f4nia).<\/em><\/a><br \/>\n<em><a href=\"https:\/\/crentassos.com.br\/blog\/2022\/10\/camisas-copa-do-mundo-catar-2022-grupo-d.html\">*Minha opini\u00e3o sobre as camisas do Grupo D (Fran\u00e7a, Austr\u00e1lia, Dinamarca e Tun\u00edsia).<\/a><\/em><br \/>\n<em><a href=\"https:\/\/crentassos.com.br\/blog\/2022\/10\/camisas-copa-do-mundo-catar-2022-grupo-e.html\">*Minha opini\u00e3o sobre as camisas do Grupo E (Espanha, Costa Rica, Alemanha e Jap\u00e3o).<\/a><\/em><br \/>\n<em><a href=\"https:\/\/crentassos.com.br\/blog\/2022\/11\/camisas-copa-do-mundo-catar-2022-grupo-f.html\">*Minha opini\u00e3o sobre as camisas do Grupo F (B\u00e9lgica, Canad\u00e1, Marrocos e Cro\u00e1cia).<\/a><\/em><br \/>\n<a href=\"https:\/\/crentassos.com.br\/blog\/2022\/11\/camisas-copa-do-mundo-catar-2022-grupo-h.html\"><em>*Minha opini\u00e3o sobre as camisas do grupo H (Portugal, Gana, Uruguai e Coreia do Sul).<\/em><\/a><\/p>\n","protected":false},"excerpt":{"rendered":"<p>Tantantan, tantantan&#8230; Chega Grupo G, com camisa de patriotas brasileiros (e outros nem tantos). Minhas expectativas est\u00e3o t\u00e3o baixas quanto a moral [&hellip;]<\/p>\n","protected":false},"author":32,"featured_media":21154,"comment_status":"open","ping_status":"open","sticky":false,"template":"","format":"standard","meta":{"_exactmetrics_skip_tracking":false,"_exactmetrics_sitenote_active":false,"_exactmetrics_sitenote_note":"","_exactmetrics_sitenote_category":0,"footnotes":"","_links_to":"","_links_to_target":""},"categories":[112,8160],"tags":[267,8201,7109,8196,8165,8150,563,8198,8197,8199,8200],"class_list":{"0":"post-21169","1":"post","2":"type-post","3":"status-publish","4":"format-standard","5":"has-post-thumbnail","6":"hentry","7":"category-artigos","8":"category-camisas-da-copa","9":"tag-brasil","10":"tag-camaroes","11":"tag-camisas-da-copa","12":"tag-coap-do-catar","13":"tag-copa-2022","14":"tag-copa-do-mundo-2022","15":"tag-futebol","16":"tag-grupo-g","17":"tag-qatar","18":"tag-servia","19":"tag-suica-2","21":"post-with-thumbnail","22":"post-with-thumbnail-large"},"yoast_head":"<!-- This site is optimized with the Yoast SEO plugin v27.1.1 - https:\/\/yoast.com\/product\/yoast-seo-wordpress\/ -->\n<title>Camisas Copa do Mundo Catar 2022 \u2013 Grupo G - Crentassos Produ\u00e7\u00f5es Subversivas<\/title>\n<meta name=\"description\" content=\"Camisas Copa do Mundo Catar 2022 \u2013 Grupo G (Brasil, S\u00e9rvia, Su\u00ed\u00e7a e Camar\u00f5es).\" \/>\n<meta name=\"robots\" content=\"index, follow, max-snippet:-1, max-image-preview:large, max-video-preview:-1\" \/>\n<link rel=\"canonical\" href=\"https:\/\/crentassos.com.br\/blog\/2022\/11\/camisas-copa-do-mundo-catar-2022-grupo-g.html\" \/>\n<meta property=\"og:locale\" content=\"pt_BR\" \/>\n<meta property=\"og:type\" content=\"article\" \/>\n<meta property=\"og:title\" content=\"Camisas Copa do Mundo Catar 2022 \u2013 Grupo G - Crentassos Produ\u00e7\u00f5es Subversivas\" \/>\n<meta property=\"og:description\" content=\"Camisas Copa do Mundo Catar 2022 \u2013 Grupo G (Brasil, S\u00e9rvia, Su\u00ed\u00e7a e Camar\u00f5es).\" \/>\n<meta property=\"og:url\" content=\"https:\/\/crentassos.com.br\/blog\/2022\/11\/camisas-copa-do-mundo-catar-2022-grupo-g.html\" \/>\n<meta property=\"og:site_name\" content=\"Crentassos Produ\u00e7\u00f5es Subversivas\" \/>\n<meta property=\"article:publisher\" content=\"http:\/\/www.facebook.com\/crentassos\" \/>\n<meta property=\"article:published_time\" content=\"2022-11-11T03:00:00+00:00\" \/>\n<meta property=\"article:modified_time\" content=\"2022-11-19T10:58:44+00:00\" \/>\n<meta property=\"og:image\" content=\"https:\/\/crentassos.com.br\/blog\/wp-content\/uploads\/2022\/11\/01-1.jpg\" \/>\n\t<meta property=\"og:image:width\" content=\"1920\" \/>\n\t<meta property=\"og:image:height\" content=\"1080\" \/>\n\t<meta property=\"og:image:type\" content=\"image\/jpeg\" \/>\n<meta name=\"author\" content=\"Tamyres Palma\" \/>\n<meta name=\"twitter:card\" content=\"summary_large_image\" \/>\n<meta name=\"twitter:creator\" content=\"@crentassos\" \/>\n<meta name=\"twitter:site\" content=\"@crentassos\" \/>\n<meta name=\"twitter:label1\" content=\"Escrito por\" \/>\n\t<meta name=\"twitter:data1\" content=\"Tamyres Palma\" \/>\n\t<meta name=\"twitter:label2\" content=\"Est. tempo de leitura\" \/>\n\t<meta name=\"twitter:data2\" content=\"6 minutos\" \/>\n<script type=\"application\/ld+json\" class=\"yoast-schema-graph\">{\"@context\":\"https:\/\/schema.org\",\"@graph\":[{\"@type\":\"Article\",\"@id\":\"https:\/\/crentassos.com.br\/blog\/2022\/11\/camisas-copa-do-mundo-catar-2022-grupo-g.html#article\",\"isPartOf\":{\"@id\":\"https:\/\/crentassos.com.br\/blog\/2022\/11\/camisas-copa-do-mundo-catar-2022-grupo-g.html\"},\"author\":{\"name\":\"Tamyres Palma\",\"@id\":\"https:\/\/crentassos.com.br\/blog\/#\/schema\/person\/3f5f08a8ba3e2bc991eb2fd8f8e3988c\"},\"headline\":\"Camisas Copa do Mundo Catar 2022 \u2013 Grupo G\",\"datePublished\":\"2022-11-11T03:00:00+00:00\",\"dateModified\":\"2022-11-19T10:58:44+00:00\",\"mainEntityOfPage\":{\"@id\":\"https:\/\/crentassos.com.br\/blog\/2022\/11\/camisas-copa-do-mundo-catar-2022-grupo-g.html\"},\"wordCount\":604,\"commentCount\":0,\"publisher\":{\"@id\":\"https:\/\/crentassos.com.br\/blog\/#organization\"},\"image\":{\"@id\":\"https:\/\/crentassos.com.br\/blog\/2022\/11\/camisas-copa-do-mundo-catar-2022-grupo-g.html#primaryimage\"},\"thumbnailUrl\":\"https:\/\/crentassos.com.br\/blog\/wp-content\/uploads\/2022\/11\/01-1.jpg\",\"keywords\":[\"Brasil\",\"camar\u00f5es\",\"camisas da Copa\",\"coap do catar\",\"copa 2022\",\"copa do mundo 2022\",\"futebol\",\"grupo g\",\"qatar\",\"s\u00e9rvia\",\"su\u00ed\u00e7a\"],\"articleSection\":[\"Artigos\",\"Camisas da Copa\"],\"inLanguage\":\"pt-BR\",\"potentialAction\":[{\"@type\":\"CommentAction\",\"name\":\"Comment\",\"target\":[\"https:\/\/crentassos.com.br\/blog\/2022\/11\/camisas-copa-do-mundo-catar-2022-grupo-g.html#respond\"]}]},{\"@type\":\"WebPage\",\"@id\":\"https:\/\/crentassos.com.br\/blog\/2022\/11\/camisas-copa-do-mundo-catar-2022-grupo-g.html\",\"url\":\"https:\/\/crentassos.com.br\/blog\/2022\/11\/camisas-copa-do-mundo-catar-2022-grupo-g.html\",\"name\":\"Camisas Copa do Mundo Catar 2022 \u2013 Grupo G - Crentassos Produ\u00e7\u00f5es Subversivas\",\"isPartOf\":{\"@id\":\"https:\/\/crentassos.com.br\/blog\/#website\"},\"primaryImageOfPage\":{\"@id\":\"https:\/\/crentassos.com.br\/blog\/2022\/11\/camisas-copa-do-mundo-catar-2022-grupo-g.html#primaryimage\"},\"image\":{\"@id\":\"https:\/\/crentassos.com.br\/blog\/2022\/11\/camisas-copa-do-mundo-catar-2022-grupo-g.html#primaryimage\"},\"thumbnailUrl\":\"https:\/\/crentassos.com.br\/blog\/wp-content\/uploads\/2022\/11\/01-1.jpg\",\"datePublished\":\"2022-11-11T03:00:00+00:00\",\"dateModified\":\"2022-11-19T10:58:44+00:00\",\"description\":\"Camisas Copa do Mundo Catar 2022 \u2013 Grupo G (Brasil, S\u00e9rvia, Su\u00ed\u00e7a e Camar\u00f5es).\",\"breadcrumb\":{\"@id\":\"https:\/\/crentassos.com.br\/blog\/2022\/11\/camisas-copa-do-mundo-catar-2022-grupo-g.html#breadcrumb\"},\"inLanguage\":\"pt-BR\",\"potentialAction\":[{\"@type\":\"ReadAction\",\"target\":[\"https:\/\/crentassos.com.br\/blog\/2022\/11\/camisas-copa-do-mundo-catar-2022-grupo-g.html\"]}]},{\"@type\":\"ImageObject\",\"inLanguage\":\"pt-BR\",\"@id\":\"https:\/\/crentassos.com.br\/blog\/2022\/11\/camisas-copa-do-mundo-catar-2022-grupo-g.html#primaryimage\",\"url\":\"https:\/\/crentassos.com.br\/blog\/wp-content\/uploads\/2022\/11\/01-1.jpg\",\"contentUrl\":\"https:\/\/crentassos.com.br\/blog\/wp-content\/uploads\/2022\/11\/01-1.jpg\",\"width\":1920,\"height\":1080},{\"@type\":\"BreadcrumbList\",\"@id\":\"https:\/\/crentassos.com.br\/blog\/2022\/11\/camisas-copa-do-mundo-catar-2022-grupo-g.html#breadcrumb\",\"itemListElement\":[{\"@type\":\"ListItem\",\"position\":1,\"name\":\"Home\",\"item\":\"https:\/\/crentassos.com.br\/blog\/\"},{\"@type\":\"ListItem\",\"position\":2,\"name\":\"Camisas Copa do Mundo Catar 2022 \u2013 Grupo G\"}]},{\"@type\":\"WebSite\",\"@id\":\"https:\/\/crentassos.com.br\/blog\/#website\",\"url\":\"https:\/\/crentassos.com.br\/blog\/\",\"name\":\"Crentassos Produ\u00e7\u00f5es Subversivas\",\"description\":\"Podcast Crist\u00e3o, Podcrent, Da Prateleira, Artigos crist\u00e3os, Teologia, Estudos, Textos B\u00edblicos\",\"publisher\":{\"@id\":\"https:\/\/crentassos.com.br\/blog\/#organization\"},\"potentialAction\":[{\"@type\":\"SearchAction\",\"target\":{\"@type\":\"EntryPoint\",\"urlTemplate\":\"https:\/\/crentassos.com.br\/blog\/?s={search_term_string}\"},\"query-input\":{\"@type\":\"PropertyValueSpecification\",\"valueRequired\":true,\"valueName\":\"search_term_string\"}}],\"inLanguage\":\"pt-BR\"},{\"@type\":\"Organization\",\"@id\":\"https:\/\/crentassos.com.br\/blog\/#organization\",\"name\":\"Crentassos Produ\u00e7\u00f5es Subversivas\",\"url\":\"https:\/\/crentassos.com.br\/blog\/\",\"logo\":{\"@type\":\"ImageObject\",\"inLanguage\":\"pt-BR\",\"@id\":\"https:\/\/crentassos.com.br\/blog\/#\/schema\/logo\/image\/\",\"url\":\"https:\/\/crentassos.com.br\/blog\/wp-content\/uploads\/2020\/05\/cropped-crentassos1-300x300png.png\",\"contentUrl\":\"https:\/\/crentassos.com.br\/blog\/wp-content\/uploads\/2020\/05\/cropped-crentassos1-300x300png.png\",\"width\":300,\"height\":300,\"caption\":\"Crentassos Produ\u00e7\u00f5es Subversivas\"},\"image\":{\"@id\":\"https:\/\/crentassos.com.br\/blog\/#\/schema\/logo\/image\/\"},\"sameAs\":[\"http:\/\/www.facebook.com\/crentassos\",\"https:\/\/x.com\/crentassos\",\"https:\/\/www.instagram.com\/crentassos\",\"https:\/\/www.youtube.com\/crentassos\"]},{\"@type\":\"Person\",\"@id\":\"https:\/\/crentassos.com.br\/blog\/#\/schema\/person\/3f5f08a8ba3e2bc991eb2fd8f8e3988c\",\"name\":\"Tamyres Palma\",\"image\":{\"@type\":\"ImageObject\",\"inLanguage\":\"pt-BR\",\"@id\":\"https:\/\/crentassos.com.br\/blog\/#\/schema\/person\/image\/\",\"url\":\"https:\/\/secure.gravatar.com\/avatar\/9dce0caea2bafdb6394abc6c84348788083c31d52a278ed4b42bd0ee15c4ed52?s=96&d=retro&r=g\",\"contentUrl\":\"https:\/\/secure.gravatar.com\/avatar\/9dce0caea2bafdb6394abc6c84348788083c31d52a278ed4b42bd0ee15c4ed52?s=96&d=retro&r=g\",\"caption\":\"Tamyres Palma\"},\"description\":\"Tamyres Palma: formada em hist\u00f3ria, apaixonada por livros e casada com o @jonathazimmer . Maluca por Harry Potter, N\u00e1rnia e universos fant\u00e1sticos como a Terra M\u00e9dia. Apaixonada por literatura de forma geral, embora esteja longe do meu ideal de conhecimento liter\u00e1rio.\",\"sameAs\":[\"http:\/\/cafeecoberta.blogspot.com\"],\"url\":\"https:\/\/crentassos.com.br\/blog\/author\/tamyrespalma\"}]}<\/script>\n<!-- \/ Yoast SEO plugin. -->","yoast_head_json":{"title":"Camisas Copa do Mundo Catar 2022 \u2013 Grupo G - Crentassos Produ\u00e7\u00f5es Subversivas","description":"Camisas Copa do Mundo Catar 2022 \u2013 Grupo G (Brasil, S\u00e9rvia, Su\u00ed\u00e7a e Camar\u00f5es).","robots":{"index":"index","follow":"follow","max-snippet":"max-snippet:-1","max-image-preview":"max-image-preview:large","max-video-preview":"max-video-preview:-1"},"canonical":"https:\/\/crentassos.com.br\/blog\/2022\/11\/camisas-copa-do-mundo-catar-2022-grupo-g.html","og_locale":"pt_BR","og_type":"article","og_title":"Camisas Copa do Mundo Catar 2022 \u2013 Grupo G - Crentassos Produ\u00e7\u00f5es Subversivas","og_description":"Camisas Copa do Mundo Catar 2022 \u2013 Grupo G (Brasil, S\u00e9rvia, Su\u00ed\u00e7a e Camar\u00f5es).","og_url":"https:\/\/crentassos.com.br\/blog\/2022\/11\/camisas-copa-do-mundo-catar-2022-grupo-g.html","og_site_name":"Crentassos Produ\u00e7\u00f5es Subversivas","article_publisher":"http:\/\/www.facebook.com\/crentassos","article_published_time":"2022-11-11T03:00:00+00:00","article_modified_time":"2022-11-19T10:58:44+00:00","og_image":[{"width":1920,"height":1080,"url":"https:\/\/crentassos.com.br\/blog\/wp-content\/uploads\/2022\/11\/01-1.jpg","type":"image\/jpeg"}],"author":"Tamyres Palma","twitter_card":"summary_large_image","twitter_creator":"@crentassos","twitter_site":"@crentassos","twitter_misc":{"Escrito por":"Tamyres Palma","Est. tempo de leitura":"6 minutos"},"schema":{"@context":"https:\/\/schema.org","@graph":[{"@type":"Article","@id":"https:\/\/crentassos.com.br\/blog\/2022\/11\/camisas-copa-do-mundo-catar-2022-grupo-g.html#article","isPartOf":{"@id":"https:\/\/crentassos.com.br\/blog\/2022\/11\/camisas-copa-do-mundo-catar-2022-grupo-g.html"},"author":{"name":"Tamyres Palma","@id":"https:\/\/crentassos.com.br\/blog\/#\/schema\/person\/3f5f08a8ba3e2bc991eb2fd8f8e3988c"},"headline":"Camisas Copa do Mundo Catar 2022 \u2013 Grupo G","datePublished":"2022-11-11T03:00:00+00:00","dateModified":"2022-11-19T10:58:44+00:00","mainEntityOfPage":{"@id":"https:\/\/crentassos.com.br\/blog\/2022\/11\/camisas-copa-do-mundo-catar-2022-grupo-g.html"},"wordCount":604,"commentCount":0,"publisher":{"@id":"https:\/\/crentassos.com.br\/blog\/#organization"},"image":{"@id":"https:\/\/crentassos.com.br\/blog\/2022\/11\/camisas-copa-do-mundo-catar-2022-grupo-g.html#primaryimage"},"thumbnailUrl":"https:\/\/crentassos.com.br\/blog\/wp-content\/uploads\/2022\/11\/01-1.jpg","keywords":["Brasil","camar\u00f5es","camisas da Copa","coap do catar","copa 2022","copa do mundo 2022","futebol","grupo g","qatar","s\u00e9rvia","su\u00ed\u00e7a"],"articleSection":["Artigos","Camisas da Copa"],"inLanguage":"pt-BR","potentialAction":[{"@type":"CommentAction","name":"Comment","target":["https:\/\/crentassos.com.br\/blog\/2022\/11\/camisas-copa-do-mundo-catar-2022-grupo-g.html#respond"]}]},{"@type":"WebPage","@id":"https:\/\/crentassos.com.br\/blog\/2022\/11\/camisas-copa-do-mundo-catar-2022-grupo-g.html","url":"https:\/\/crentassos.com.br\/blog\/2022\/11\/camisas-copa-do-mundo-catar-2022-grupo-g.html","name":"Camisas Copa do Mundo Catar 2022 \u2013 Grupo G - Crentassos Produ\u00e7\u00f5es Subversivas","isPartOf":{"@id":"https:\/\/crentassos.com.br\/blog\/#website"},"primaryImageOfPage":{"@id":"https:\/\/crentassos.com.br\/blog\/2022\/11\/camisas-copa-do-mundo-catar-2022-grupo-g.html#primaryimage"},"image":{"@id":"https:\/\/crentassos.com.br\/blog\/2022\/11\/camisas-copa-do-mundo-catar-2022-grupo-g.html#primaryimage"},"thumbnailUrl":"https:\/\/crentassos.com.br\/blog\/wp-content\/uploads\/2022\/11\/01-1.jpg","datePublished":"2022-11-11T03:00:00+00:00","dateModified":"2022-11-19T10:58:44+00:00","description":"Camisas Copa do Mundo Catar 2022 \u2013 Grupo G (Brasil, S\u00e9rvia, Su\u00ed\u00e7a e Camar\u00f5es).","breadcrumb":{"@id":"https:\/\/crentassos.com.br\/blog\/2022\/11\/camisas-copa-do-mundo-catar-2022-grupo-g.html#breadcrumb"},"inLanguage":"pt-BR","potentialAction":[{"@type":"ReadAction","target":["https:\/\/crentassos.com.br\/blog\/2022\/11\/camisas-copa-do-mundo-catar-2022-grupo-g.html"]}]},{"@type":"ImageObject","inLanguage":"pt-BR","@id":"https:\/\/crentassos.com.br\/blog\/2022\/11\/camisas-copa-do-mundo-catar-2022-grupo-g.html#primaryimage","url":"https:\/\/crentassos.com.br\/blog\/wp-content\/uploads\/2022\/11\/01-1.jpg","contentUrl":"https:\/\/crentassos.com.br\/blog\/wp-content\/uploads\/2022\/11\/01-1.jpg","width":1920,"height":1080},{"@type":"BreadcrumbList","@id":"https:\/\/crentassos.com.br\/blog\/2022\/11\/camisas-copa-do-mundo-catar-2022-grupo-g.html#breadcrumb","itemListElement":[{"@type":"ListItem","position":1,"name":"Home","item":"https:\/\/crentassos.com.br\/blog\/"},{"@type":"ListItem","position":2,"name":"Camisas Copa do Mundo Catar 2022 \u2013 Grupo G"}]},{"@type":"WebSite","@id":"https:\/\/crentassos.com.br\/blog\/#website","url":"https:\/\/crentassos.com.br\/blog\/","name":"Crentassos Produ\u00e7\u00f5es Subversivas","description":"Podcast Crist\u00e3o, Podcrent, Da Prateleira, Artigos crist\u00e3os, Teologia, Estudos, Textos B\u00edblicos","publisher":{"@id":"https:\/\/crentassos.com.br\/blog\/#organization"},"potentialAction":[{"@type":"SearchAction","target":{"@type":"EntryPoint","urlTemplate":"https:\/\/crentassos.com.br\/blog\/?s={search_term_string}"},"query-input":{"@type":"PropertyValueSpecification","valueRequired":true,"valueName":"search_term_string"}}],"inLanguage":"pt-BR"},{"@type":"Organization","@id":"https:\/\/crentassos.com.br\/blog\/#organization","name":"Crentassos Produ\u00e7\u00f5es Subversivas","url":"https:\/\/crentassos.com.br\/blog\/","logo":{"@type":"ImageObject","inLanguage":"pt-BR","@id":"https:\/\/crentassos.com.br\/blog\/#\/schema\/logo\/image\/","url":"https:\/\/crentassos.com.br\/blog\/wp-content\/uploads\/2020\/05\/cropped-crentassos1-300x300png.png","contentUrl":"https:\/\/crentassos.com.br\/blog\/wp-content\/uploads\/2020\/05\/cropped-crentassos1-300x300png.png","width":300,"height":300,"caption":"Crentassos Produ\u00e7\u00f5es Subversivas"},"image":{"@id":"https:\/\/crentassos.com.br\/blog\/#\/schema\/logo\/image\/"},"sameAs":["http:\/\/www.facebook.com\/crentassos","https:\/\/x.com\/crentassos","https:\/\/www.instagram.com\/crentassos","https:\/\/www.youtube.com\/crentassos"]},{"@type":"Person","@id":"https:\/\/crentassos.com.br\/blog\/#\/schema\/person\/3f5f08a8ba3e2bc991eb2fd8f8e3988c","name":"Tamyres Palma","image":{"@type":"ImageObject","inLanguage":"pt-BR","@id":"https:\/\/crentassos.com.br\/blog\/#\/schema\/person\/image\/","url":"https:\/\/secure.gravatar.com\/avatar\/9dce0caea2bafdb6394abc6c84348788083c31d52a278ed4b42bd0ee15c4ed52?s=96&d=retro&r=g","contentUrl":"https:\/\/secure.gravatar.com\/avatar\/9dce0caea2bafdb6394abc6c84348788083c31d52a278ed4b42bd0ee15c4ed52?s=96&d=retro&r=g","caption":"Tamyres Palma"},"description":"Tamyres Palma: formada em hist\u00f3ria, apaixonada por livros e casada com o @jonathazimmer . Maluca por Harry Potter, N\u00e1rnia e universos fant\u00e1sticos como a Terra M\u00e9dia. Apaixonada por literatura de forma geral, embora esteja longe do meu ideal de conhecimento liter\u00e1rio.","sameAs":["http:\/\/cafeecoberta.blogspot.com"],"url":"https:\/\/crentassos.com.br\/blog\/author\/tamyrespalma"}]}},"_links":{"self":[{"href":"https:\/\/crentassos.com.br\/blog\/wp-json\/wp\/v2\/posts\/21169","targetHints":{"allow":["GET"]}}],"collection":[{"href":"https:\/\/crentassos.com.br\/blog\/wp-json\/wp\/v2\/posts"}],"about":[{"href":"https:\/\/crentassos.com.br\/blog\/wp-json\/wp\/v2\/types\/post"}],"author":[{"embeddable":true,"href":"https:\/\/crentassos.com.br\/blog\/wp-json\/wp\/v2\/users\/32"}],"replies":[{"embeddable":true,"href":"https:\/\/crentassos.com.br\/blog\/wp-json\/wp\/v2\/comments?post=21169"}],"version-history":[{"count":5,"href":"https:\/\/crentassos.com.br\/blog\/wp-json\/wp\/v2\/posts\/21169\/revisions"}],"predecessor-version":[{"id":21223,"href":"https:\/\/crentassos.com.br\/blog\/wp-json\/wp\/v2\/posts\/21169\/revisions\/21223"}],"wp:featuredmedia":[{"embeddable":true,"href":"https:\/\/crentassos.com.br\/blog\/wp-json\/wp\/v2\/media\/21154"}],"wp:attachment":[{"href":"https:\/\/crentassos.com.br\/blog\/wp-json\/wp\/v2\/media?parent=21169"}],"wp:term":[{"taxonomy":"category","embeddable":true,"href":"https:\/\/crentassos.com.br\/blog\/wp-json\/wp\/v2\/categories?post=21169"},{"taxonomy":"post_tag","embeddable":true,"href":"https:\/\/crentassos.com.br\/blog\/wp-json\/wp\/v2\/tags?post=21169"}],"curies":[{"name":"wp","href":"https:\/\/api.w.org\/{rel}","templated":true}]}}