{"id":21149,"date":"2022-11-04T15:48:02","date_gmt":"2022-11-04T17:48:02","guid":{"rendered":"https:\/\/crentassos.com.br\/blog\/?p=21149"},"modified":"2022-11-19T09:13:06","modified_gmt":"2022-11-19T11:13:06","slug":"camisas-copa-do-mundo-catar-2022-grupo-f","status":"publish","type":"post","link":"https:\/\/crentassos.com.br\/blog\/2022\/11\/camisas-copa-do-mundo-catar-2022-grupo-f.html","title":{"rendered":"Camisas Copa do Mundo Catar 2022 \u2013 Grupo F"},"content":{"rendered":"<p style=\"text-align: justify;\">E a Copa est\u00e1 quase a\u00ed, e por aqui, estamos no Grupo F. Nem sei quem vem pela frente, mas veremos se \u00e9 um bom grupo. T\u00f4 t\u00e3o perdida nessa semana, que at\u00e9 atrasamos para entrar o post.<\/p>\n<p style=\"text-align: justify;\"><em><strong>B\u00e9lgica<\/strong><\/em><\/p>\n<p style=\"text-align: justify;\"><img loading=\"lazy\" decoding=\"async\" class=\"aligncenter wp-image-21138 size-full\" src=\"https:\/\/crentassos.com.br\/blog\/wp-content\/uploads\/2022\/11\/02.jpg\" alt=\"\" width=\"1920\" height=\"1080\" srcset=\"https:\/\/crentassos.com.br\/blog\/wp-content\/uploads\/2022\/11\/02.jpg 1920w, https:\/\/crentassos.com.br\/blog\/wp-content\/uploads\/2022\/11\/02-300x169.jpg 300w, https:\/\/crentassos.com.br\/blog\/wp-content\/uploads\/2022\/11\/02-620x349.jpg 620w, https:\/\/crentassos.com.br\/blog\/wp-content\/uploads\/2022\/11\/02-275x154.jpg 275w, https:\/\/crentassos.com.br\/blog\/wp-content\/uploads\/2022\/11\/02-768x432.jpg 768w, https:\/\/crentassos.com.br\/blog\/wp-content\/uploads\/2022\/11\/02-1536x864.jpg 1536w\" sizes=\"auto, (max-width: 1920px) 100vw, 1920px\" \/><\/p>\n<p style=\"text-align: justify;\"><strong>Camisa 1:\u00a0<\/strong>B\u00e9lgica promete muito e n\u00e3o entrega tanto assim no futebol. Nas camisas, tamb\u00e9m n\u00e3o costumo gostar. Essa daqui, eu t\u00f4 indecisa, confesso. At\u00e9 achei legal, gostei da cor vermelha, mas o foguinho nas mangas deixa ela esquisita demais.<\/p>\n<p style=\"text-align: justify;\"><img loading=\"lazy\" decoding=\"async\" class=\"aligncenter wp-image-21139 size-full\" src=\"https:\/\/crentassos.com.br\/blog\/wp-content\/uploads\/2022\/11\/03.jpg\" alt=\"\" width=\"1920\" height=\"1080\" srcset=\"https:\/\/crentassos.com.br\/blog\/wp-content\/uploads\/2022\/11\/03.jpg 1920w, https:\/\/crentassos.com.br\/blog\/wp-content\/uploads\/2022\/11\/03-300x169.jpg 300w, https:\/\/crentassos.com.br\/blog\/wp-content\/uploads\/2022\/11\/03-620x349.jpg 620w, https:\/\/crentassos.com.br\/blog\/wp-content\/uploads\/2022\/11\/03-275x154.jpg 275w, https:\/\/crentassos.com.br\/blog\/wp-content\/uploads\/2022\/11\/03-768x432.jpg 768w, https:\/\/crentassos.com.br\/blog\/wp-content\/uploads\/2022\/11\/03-1536x864.jpg 1536w\" sizes=\"auto, (max-width: 1920px) 100vw, 1920px\" \/><\/p>\n<p style=\"text-align: justify;\"><strong>Camisa 2:\u00a0<\/strong>Essa camisa me passa uma vibe abad\u00e1 de elite do Carnaval de Salvador. Eu n\u00e3o consegui associar a camisa, nem o kit completo, com uma sele\u00e7\u00e3o da Copa do Mundo.<\/p>\n<p style=\"text-align: justify;\"><em><strong>Canad\u00e1<\/strong><\/em><\/p>\n<p style=\"text-align: justify;\"><img loading=\"lazy\" decoding=\"async\" class=\"aligncenter wp-image-21141 size-full\" src=\"https:\/\/crentassos.com.br\/blog\/wp-content\/uploads\/2022\/11\/05.jpg\" alt=\"\" width=\"1920\" height=\"1080\" srcset=\"https:\/\/crentassos.com.br\/blog\/wp-content\/uploads\/2022\/11\/05.jpg 1920w, https:\/\/crentassos.com.br\/blog\/wp-content\/uploads\/2022\/11\/05-300x169.jpg 300w, https:\/\/crentassos.com.br\/blog\/wp-content\/uploads\/2022\/11\/05-620x349.jpg 620w, https:\/\/crentassos.com.br\/blog\/wp-content\/uploads\/2022\/11\/05-275x154.jpg 275w, https:\/\/crentassos.com.br\/blog\/wp-content\/uploads\/2022\/11\/05-768x432.jpg 768w, https:\/\/crentassos.com.br\/blog\/wp-content\/uploads\/2022\/11\/05-1536x864.jpg 1536w\" sizes=\"auto, (max-width: 1920px) 100vw, 1920px\" \/><\/p>\n<p style=\"text-align: justify;\"><strong>Camisa 1:\u00a0<\/strong>\u00c9 uma camisa simples, sem grandes emo\u00e7\u00f5es ou equ\u00edvocos. Entretanto, parece mais uma camisa de treino do que uniforme de jogo.<\/p>\n<p style=\"text-align: justify;\"><img loading=\"lazy\" decoding=\"async\" class=\"aligncenter wp-image-21142 size-full\" src=\"https:\/\/crentassos.com.br\/blog\/wp-content\/uploads\/2022\/11\/06.jpg\" alt=\"\" width=\"1920\" height=\"1080\" srcset=\"https:\/\/crentassos.com.br\/blog\/wp-content\/uploads\/2022\/11\/06.jpg 1920w, https:\/\/crentassos.com.br\/blog\/wp-content\/uploads\/2022\/11\/06-300x169.jpg 300w, https:\/\/crentassos.com.br\/blog\/wp-content\/uploads\/2022\/11\/06-620x349.jpg 620w, https:\/\/crentassos.com.br\/blog\/wp-content\/uploads\/2022\/11\/06-275x154.jpg 275w, https:\/\/crentassos.com.br\/blog\/wp-content\/uploads\/2022\/11\/06-768x432.jpg 768w, https:\/\/crentassos.com.br\/blog\/wp-content\/uploads\/2022\/11\/06-1536x864.jpg 1536w\" sizes=\"auto, (max-width: 1920px) 100vw, 1920px\" \/><\/p>\n<p style=\"text-align: justify;\"><strong>Camisa 2:\u00a0<\/strong>Segundo o Footy Headlines, o Canad\u00e1 se surpreendeu por se classificar para a Copa, ent\u00e3o a Nike tamb\u00e9m se surpreendeu e n\u00e3o fez uniforme novo para a sele\u00e7\u00e3o. Acho bem plaus\u00edvel essa explica\u00e7\u00e3o, porque as camisas s\u00e3o muito sem personalidade.<\/p>\n<p style=\"text-align: justify;\"><em><strong>Marrocos<\/strong><\/em><\/p>\n<p style=\"text-align: justify;\"><img loading=\"lazy\" decoding=\"async\" class=\"aligncenter wp-image-21143 size-full\" src=\"https:\/\/crentassos.com.br\/blog\/wp-content\/uploads\/2022\/11\/07.jpg\" alt=\"\" width=\"1920\" height=\"1080\" srcset=\"https:\/\/crentassos.com.br\/blog\/wp-content\/uploads\/2022\/11\/07.jpg 1920w, https:\/\/crentassos.com.br\/blog\/wp-content\/uploads\/2022\/11\/07-300x169.jpg 300w, https:\/\/crentassos.com.br\/blog\/wp-content\/uploads\/2022\/11\/07-620x349.jpg 620w, https:\/\/crentassos.com.br\/blog\/wp-content\/uploads\/2022\/11\/07-275x154.jpg 275w, https:\/\/crentassos.com.br\/blog\/wp-content\/uploads\/2022\/11\/07-768x432.jpg 768w, https:\/\/crentassos.com.br\/blog\/wp-content\/uploads\/2022\/11\/07-1536x864.jpg 1536w\" sizes=\"auto, (max-width: 1920px) 100vw, 1920px\" \/><\/p>\n<p style=\"text-align: justify;\"><strong>Camisa 1: <\/strong>Podia ser Portugal. A combina\u00e7\u00e3o de vermelho com verde \u00e9 legal, mas o problema dessa camisa \u00e9 que a faixa horizontal do peito n\u00e3o tem continuidade. Seria mais bonita se fosse inteira, e n\u00e3o cortada para o s\u00edmbolo da Puma.<\/p>\n<p style=\"text-align: justify;\"><img loading=\"lazy\" decoding=\"async\" class=\"aligncenter wp-image-21144 size-full\" src=\"https:\/\/crentassos.com.br\/blog\/wp-content\/uploads\/2022\/11\/08.jpg\" alt=\"\" width=\"1920\" height=\"1080\" srcset=\"https:\/\/crentassos.com.br\/blog\/wp-content\/uploads\/2022\/11\/08.jpg 1920w, https:\/\/crentassos.com.br\/blog\/wp-content\/uploads\/2022\/11\/08-300x169.jpg 300w, https:\/\/crentassos.com.br\/blog\/wp-content\/uploads\/2022\/11\/08-620x349.jpg 620w, https:\/\/crentassos.com.br\/blog\/wp-content\/uploads\/2022\/11\/08-275x154.jpg 275w, https:\/\/crentassos.com.br\/blog\/wp-content\/uploads\/2022\/11\/08-768x432.jpg 768w, https:\/\/crentassos.com.br\/blog\/wp-content\/uploads\/2022\/11\/08-1536x864.jpg 1536w\" sizes=\"auto, (max-width: 1920px) 100vw, 1920px\" \/><\/p>\n<p style=\"text-align: justify;\"><strong>Camisa 2:\u00a0<\/strong>Os designers das marcas s\u00e3o muito pregui\u00e7osos.. eles criam um tema ou ideia, e saem aplicando em todos os modelos. Senegal tinha a mesma coisa no peito da camisa, e \u00e9 feio demais.<\/p>\n<p style=\"text-align: justify;\"><em><strong>Cro\u00e1cia<\/strong><\/em><\/p>\n<p style=\"text-align: justify;\"><img loading=\"lazy\" decoding=\"async\" class=\"aligncenter wp-image-21146 size-full\" src=\"https:\/\/crentassos.com.br\/blog\/wp-content\/uploads\/2022\/11\/10.jpg\" alt=\"\" width=\"1920\" height=\"1080\" srcset=\"https:\/\/crentassos.com.br\/blog\/wp-content\/uploads\/2022\/11\/10.jpg 1920w, https:\/\/crentassos.com.br\/blog\/wp-content\/uploads\/2022\/11\/10-300x169.jpg 300w, https:\/\/crentassos.com.br\/blog\/wp-content\/uploads\/2022\/11\/10-620x349.jpg 620w, https:\/\/crentassos.com.br\/blog\/wp-content\/uploads\/2022\/11\/10-275x154.jpg 275w, https:\/\/crentassos.com.br\/blog\/wp-content\/uploads\/2022\/11\/10-768x432.jpg 768w, https:\/\/crentassos.com.br\/blog\/wp-content\/uploads\/2022\/11\/10-1536x864.jpg 1536w\" sizes=\"auto, (max-width: 1920px) 100vw, 1920px\" \/><\/p>\n<p style=\"text-align: justify;\"><strong>Camisa 1:\u00a0<\/strong>Cro\u00e1cia, eu te amo. Eu acho as camisas da Cro\u00e1cia divertidas e absolutamente identific\u00e1veis, coisa que acho bacana. Gostei muito dessa daqui. \u00c9 das camisas que teria tamb\u00e9m. At\u00e9 mesmo os quadrinhos serem distribu\u00eddos diferentes d\u00e1 um charme.<\/p>\n<p style=\"text-align: justify;\"><img loading=\"lazy\" decoding=\"async\" class=\"aligncenter wp-image-21147 size-full\" src=\"https:\/\/crentassos.com.br\/blog\/wp-content\/uploads\/2022\/11\/11.jpg\" alt=\"\" width=\"1920\" height=\"1080\" srcset=\"https:\/\/crentassos.com.br\/blog\/wp-content\/uploads\/2022\/11\/11.jpg 1920w, https:\/\/crentassos.com.br\/blog\/wp-content\/uploads\/2022\/11\/11-300x169.jpg 300w, https:\/\/crentassos.com.br\/blog\/wp-content\/uploads\/2022\/11\/11-620x349.jpg 620w, https:\/\/crentassos.com.br\/blog\/wp-content\/uploads\/2022\/11\/11-275x154.jpg 275w, https:\/\/crentassos.com.br\/blog\/wp-content\/uploads\/2022\/11\/11-768x432.jpg 768w, https:\/\/crentassos.com.br\/blog\/wp-content\/uploads\/2022\/11\/11-1536x864.jpg 1536w\" sizes=\"auto, (max-width: 1920px) 100vw, 1920px\" \/><\/p>\n<p style=\"text-align: justify;\"><strong>Camisa 2:\u00a0<\/strong>Queria tanto a estrelinha de campe\u00e3 2018 nessa camisa.. uma pena que Fran\u00e7a ganhou. Mas, da camisa, achei curiosa a transi\u00e7\u00e3o aplicada na camisa, desmanchando os quadrinhos. A camisa de 2018 era muito mais bonita, mas essa daqui \u00e9 bem interessante tamb\u00e9m.<\/p>\n<p><strong>Conhe\u00e7a as camisas das outras sele\u00e7\u00f5es:<\/strong><\/p>\n<p><a href=\"https:\/\/crentassos.com.br\/blog\/2022\/09\/camisas-copa-do-mundo-catar-2022-grupo-a.html\"><em>*Minha opini\u00e3o sobre as camisas do Grupo A (Catar, Equador, Senegal e Pa\u00edses Baixos).<\/em><\/a><br \/>\n<a href=\"https:\/\/crentassos.com.br\/blog\/2022\/10\/camisas-copa-do-mundo-catar-2022-grupo-b.html\"><em>*Minha opini\u00e3o sobre as camisas do Grupo B (Inglaterra, Ir\u00e3, Estados Unidos e Pa\u00eds de Gales).<\/em><\/a><br \/>\n<a href=\"https:\/\/crentassos.com.br\/blog\/2022\/10\/camisas-copa-do-mundo-catar-2022-grupo-c.html\"><em>*Minha opini\u00e3o sobre as camisas do Grupo C (Argentina, Ar\u00e1bia Saudita, M\u00e9xico e Pol\u00f4nia).<\/em><\/a><br \/>\n<em><a href=\"https:\/\/crentassos.com.br\/blog\/2022\/10\/camisas-copa-do-mundo-catar-2022-grupo-d.html\">*Minha opini\u00e3o sobre as camisas do Grupo D (Fran\u00e7a, Austr\u00e1lia, Dinamarca e Tun\u00edsia).<\/a><\/em><br \/>\n<em><a href=\"https:\/\/crentassos.com.br\/blog\/2022\/10\/camisas-copa-do-mundo-catar-2022-grupo-e.html\">*Minha opini\u00e3o sobre as camisas do Grupo E (Espanha, Costa Rica, Alemanha e Jap\u00e3o).<\/a><\/em><em><br \/>\n<a href=\"https:\/\/crentassos.com.br\/blog\/2022\/11\/camisas-copa-do-mundo-catar-2022-grupo-g.html\">*Minha opini\u00e3o sobre as camisas do Grupo G (Brasil, S\u00e9rvia, Su\u00ed\u00e7a e Camar\u00f5es).<\/a><\/em><br \/>\n<a href=\"https:\/\/crentassos.com.br\/blog\/2022\/11\/camisas-copa-do-mundo-catar-2022-grupo-h.html\"><em>*Minha opini\u00e3o sobre as camisas do grupo H (Portugal, Gana, Uruguai e Coreia do Sul).<\/em><\/a><\/p>\n","protected":false},"excerpt":{"rendered":"<p>E a Copa est\u00e1 quase a\u00ed, e por aqui, estamos no Grupo F. Nem sei quem vem pela frente, mas veremos se [&hellip;]<\/p>\n","protected":false},"author":32,"featured_media":21137,"comment_status":"open","ping_status":"open","sticky":false,"template":"","format":"standard","meta":{"_exactmetrics_skip_tracking":false,"_exactmetrics_sitenote_active":false,"_exactmetrics_sitenote_note":"","_exactmetrics_sitenote_category":0,"footnotes":"","_links_to":"","_links_to_target":""},"categories":[112,8160],"tags":[8190,8191,8146,8165,1584,8150,8189,8193,8194,8192],"class_list":{"0":"post-21149","1":"post","2":"type-post","3":"status-publish","4":"format-standard","5":"has-post-thumbnail","6":"hentry","7":"category-artigos","8":"category-camisas-da-copa","9":"tag-belgica","10":"tag-canada","11":"tag-catar","12":"tag-copa-2022","13":"tag-copa-do-mundo","14":"tag-copa-do-mundo-2022","15":"tag-copa-do-quatar","16":"tag-croacia","17":"tag-grupo-f","18":"tag-marrocos","20":"post-with-thumbnail","21":"post-with-thumbnail-large"},"yoast_head":"<!-- This site is optimized with the Yoast SEO plugin v27.1.1 - https:\/\/yoast.com\/product\/yoast-seo-wordpress\/ -->\n<title>Camisas Copa do Mundo Catar 2022 \u2013 Grupo F - Crentassos Produ\u00e7\u00f5es Subversivas<\/title>\n<meta name=\"description\" content=\"Camisas Copa do Mundo Catar 2022 \u2013 Grupo F (B\u00e9lgica, Canad\u00e1, Marrocos e Cro\u00e1cia).\" \/>\n<meta name=\"robots\" content=\"index, follow, max-snippet:-1, max-image-preview:large, max-video-preview:-1\" \/>\n<link rel=\"canonical\" href=\"https:\/\/crentassos.com.br\/blog\/2022\/11\/camisas-copa-do-mundo-catar-2022-grupo-f.html\" \/>\n<meta property=\"og:locale\" content=\"pt_BR\" \/>\n<meta property=\"og:type\" content=\"article\" \/>\n<meta property=\"og:title\" content=\"Camisas Copa do Mundo Catar 2022 \u2013 Grupo F - Crentassos Produ\u00e7\u00f5es Subversivas\" \/>\n<meta property=\"og:description\" content=\"Camisas Copa do Mundo Catar 2022 \u2013 Grupo F (B\u00e9lgica, Canad\u00e1, Marrocos e Cro\u00e1cia).\" \/>\n<meta property=\"og:url\" content=\"https:\/\/crentassos.com.br\/blog\/2022\/11\/camisas-copa-do-mundo-catar-2022-grupo-f.html\" \/>\n<meta property=\"og:site_name\" content=\"Crentassos Produ\u00e7\u00f5es Subversivas\" \/>\n<meta property=\"article:publisher\" content=\"http:\/\/www.facebook.com\/crentassos\" \/>\n<meta property=\"article:published_time\" content=\"2022-11-04T17:48:02+00:00\" \/>\n<meta property=\"article:modified_time\" content=\"2022-11-19T11:13:06+00:00\" \/>\n<meta property=\"og:image\" content=\"https:\/\/crentassos.com.br\/blog\/wp-content\/uploads\/2022\/11\/01.jpg\" \/>\n\t<meta property=\"og:image:width\" content=\"1920\" \/>\n\t<meta property=\"og:image:height\" content=\"1080\" \/>\n\t<meta property=\"og:image:type\" content=\"image\/jpeg\" \/>\n<meta name=\"author\" content=\"Tamyres Palma\" \/>\n<meta name=\"twitter:card\" content=\"summary_large_image\" \/>\n<meta name=\"twitter:creator\" content=\"@crentassos\" \/>\n<meta name=\"twitter:site\" content=\"@crentassos\" \/>\n<meta name=\"twitter:label1\" content=\"Escrito por\" \/>\n\t<meta name=\"twitter:data1\" content=\"Tamyres Palma\" \/>\n\t<meta name=\"twitter:label2\" content=\"Est. tempo de leitura\" \/>\n\t<meta name=\"twitter:data2\" content=\"4 minutos\" \/>\n<script type=\"application\/ld+json\" class=\"yoast-schema-graph\">{\"@context\":\"https:\/\/schema.org\",\"@graph\":[{\"@type\":\"Article\",\"@id\":\"https:\/\/crentassos.com.br\/blog\/2022\/11\/camisas-copa-do-mundo-catar-2022-grupo-f.html#article\",\"isPartOf\":{\"@id\":\"https:\/\/crentassos.com.br\/blog\/2022\/11\/camisas-copa-do-mundo-catar-2022-grupo-f.html\"},\"author\":{\"name\":\"Tamyres Palma\",\"@id\":\"https:\/\/crentassos.com.br\/blog\/#\/schema\/person\/3f5f08a8ba3e2bc991eb2fd8f8e3988c\"},\"headline\":\"Camisas Copa do Mundo Catar 2022 \u2013 Grupo F\",\"datePublished\":\"2022-11-04T17:48:02+00:00\",\"dateModified\":\"2022-11-19T11:13:06+00:00\",\"mainEntityOfPage\":{\"@id\":\"https:\/\/crentassos.com.br\/blog\/2022\/11\/camisas-copa-do-mundo-catar-2022-grupo-f.html\"},\"wordCount\":488,\"commentCount\":0,\"publisher\":{\"@id\":\"https:\/\/crentassos.com.br\/blog\/#organization\"},\"image\":{\"@id\":\"https:\/\/crentassos.com.br\/blog\/2022\/11\/camisas-copa-do-mundo-catar-2022-grupo-f.html#primaryimage\"},\"thumbnailUrl\":\"https:\/\/crentassos.com.br\/blog\/wp-content\/uploads\/2022\/11\/01.jpg\",\"keywords\":[\"b\u00e9lgica\",\"canad\u00e1\",\"catar\",\"copa 2022\",\"copa do mundo\",\"copa do mundo 2022\",\"copa do quatar\",\"cro\u00e1cia\",\"grupo f\",\"marrocos\"],\"articleSection\":[\"Artigos\",\"Camisas da Copa\"],\"inLanguage\":\"pt-BR\",\"potentialAction\":[{\"@type\":\"CommentAction\",\"name\":\"Comment\",\"target\":[\"https:\/\/crentassos.com.br\/blog\/2022\/11\/camisas-copa-do-mundo-catar-2022-grupo-f.html#respond\"]}]},{\"@type\":\"WebPage\",\"@id\":\"https:\/\/crentassos.com.br\/blog\/2022\/11\/camisas-copa-do-mundo-catar-2022-grupo-f.html\",\"url\":\"https:\/\/crentassos.com.br\/blog\/2022\/11\/camisas-copa-do-mundo-catar-2022-grupo-f.html\",\"name\":\"Camisas Copa do Mundo Catar 2022 \u2013 Grupo F - Crentassos Produ\u00e7\u00f5es Subversivas\",\"isPartOf\":{\"@id\":\"https:\/\/crentassos.com.br\/blog\/#website\"},\"primaryImageOfPage\":{\"@id\":\"https:\/\/crentassos.com.br\/blog\/2022\/11\/camisas-copa-do-mundo-catar-2022-grupo-f.html#primaryimage\"},\"image\":{\"@id\":\"https:\/\/crentassos.com.br\/blog\/2022\/11\/camisas-copa-do-mundo-catar-2022-grupo-f.html#primaryimage\"},\"thumbnailUrl\":\"https:\/\/crentassos.com.br\/blog\/wp-content\/uploads\/2022\/11\/01.jpg\",\"datePublished\":\"2022-11-04T17:48:02+00:00\",\"dateModified\":\"2022-11-19T11:13:06+00:00\",\"description\":\"Camisas Copa do Mundo Catar 2022 \u2013 Grupo F (B\u00e9lgica, Canad\u00e1, Marrocos e Cro\u00e1cia).\",\"breadcrumb\":{\"@id\":\"https:\/\/crentassos.com.br\/blog\/2022\/11\/camisas-copa-do-mundo-catar-2022-grupo-f.html#breadcrumb\"},\"inLanguage\":\"pt-BR\",\"potentialAction\":[{\"@type\":\"ReadAction\",\"target\":[\"https:\/\/crentassos.com.br\/blog\/2022\/11\/camisas-copa-do-mundo-catar-2022-grupo-f.html\"]}]},{\"@type\":\"ImageObject\",\"inLanguage\":\"pt-BR\",\"@id\":\"https:\/\/crentassos.com.br\/blog\/2022\/11\/camisas-copa-do-mundo-catar-2022-grupo-f.html#primaryimage\",\"url\":\"https:\/\/crentassos.com.br\/blog\/wp-content\/uploads\/2022\/11\/01.jpg\",\"contentUrl\":\"https:\/\/crentassos.com.br\/blog\/wp-content\/uploads\/2022\/11\/01.jpg\",\"width\":1920,\"height\":1080},{\"@type\":\"BreadcrumbList\",\"@id\":\"https:\/\/crentassos.com.br\/blog\/2022\/11\/camisas-copa-do-mundo-catar-2022-grupo-f.html#breadcrumb\",\"itemListElement\":[{\"@type\":\"ListItem\",\"position\":1,\"name\":\"Home\",\"item\":\"https:\/\/crentassos.com.br\/blog\/\"},{\"@type\":\"ListItem\",\"position\":2,\"name\":\"Camisas Copa do Mundo Catar 2022 \u2013 Grupo F\"}]},{\"@type\":\"WebSite\",\"@id\":\"https:\/\/crentassos.com.br\/blog\/#website\",\"url\":\"https:\/\/crentassos.com.br\/blog\/\",\"name\":\"Crentassos Produ\u00e7\u00f5es Subversivas\",\"description\":\"Podcast Crist\u00e3o, Podcrent, Da Prateleira, Artigos crist\u00e3os, Teologia, Estudos, Textos B\u00edblicos\",\"publisher\":{\"@id\":\"https:\/\/crentassos.com.br\/blog\/#organization\"},\"potentialAction\":[{\"@type\":\"SearchAction\",\"target\":{\"@type\":\"EntryPoint\",\"urlTemplate\":\"https:\/\/crentassos.com.br\/blog\/?s={search_term_string}\"},\"query-input\":{\"@type\":\"PropertyValueSpecification\",\"valueRequired\":true,\"valueName\":\"search_term_string\"}}],\"inLanguage\":\"pt-BR\"},{\"@type\":\"Organization\",\"@id\":\"https:\/\/crentassos.com.br\/blog\/#organization\",\"name\":\"Crentassos Produ\u00e7\u00f5es Subversivas\",\"url\":\"https:\/\/crentassos.com.br\/blog\/\",\"logo\":{\"@type\":\"ImageObject\",\"inLanguage\":\"pt-BR\",\"@id\":\"https:\/\/crentassos.com.br\/blog\/#\/schema\/logo\/image\/\",\"url\":\"https:\/\/crentassos.com.br\/blog\/wp-content\/uploads\/2020\/05\/cropped-crentassos1-300x300png.png\",\"contentUrl\":\"https:\/\/crentassos.com.br\/blog\/wp-content\/uploads\/2020\/05\/cropped-crentassos1-300x300png.png\",\"width\":300,\"height\":300,\"caption\":\"Crentassos Produ\u00e7\u00f5es Subversivas\"},\"image\":{\"@id\":\"https:\/\/crentassos.com.br\/blog\/#\/schema\/logo\/image\/\"},\"sameAs\":[\"http:\/\/www.facebook.com\/crentassos\",\"https:\/\/x.com\/crentassos\",\"https:\/\/www.instagram.com\/crentassos\",\"https:\/\/www.youtube.com\/crentassos\"]},{\"@type\":\"Person\",\"@id\":\"https:\/\/crentassos.com.br\/blog\/#\/schema\/person\/3f5f08a8ba3e2bc991eb2fd8f8e3988c\",\"name\":\"Tamyres Palma\",\"image\":{\"@type\":\"ImageObject\",\"inLanguage\":\"pt-BR\",\"@id\":\"https:\/\/crentassos.com.br\/blog\/#\/schema\/person\/image\/\",\"url\":\"https:\/\/secure.gravatar.com\/avatar\/9dce0caea2bafdb6394abc6c84348788083c31d52a278ed4b42bd0ee15c4ed52?s=96&d=retro&r=g\",\"contentUrl\":\"https:\/\/secure.gravatar.com\/avatar\/9dce0caea2bafdb6394abc6c84348788083c31d52a278ed4b42bd0ee15c4ed52?s=96&d=retro&r=g\",\"caption\":\"Tamyres Palma\"},\"description\":\"Tamyres Palma: formada em hist\u00f3ria, apaixonada por livros e casada com o @jonathazimmer . Maluca por Harry Potter, N\u00e1rnia e universos fant\u00e1sticos como a Terra M\u00e9dia. Apaixonada por literatura de forma geral, embora esteja longe do meu ideal de conhecimento liter\u00e1rio.\",\"sameAs\":[\"http:\/\/cafeecoberta.blogspot.com\"],\"url\":\"https:\/\/crentassos.com.br\/blog\/author\/tamyrespalma\"}]}<\/script>\n<!-- \/ Yoast SEO plugin. -->","yoast_head_json":{"title":"Camisas Copa do Mundo Catar 2022 \u2013 Grupo F - Crentassos Produ\u00e7\u00f5es Subversivas","description":"Camisas Copa do Mundo Catar 2022 \u2013 Grupo F (B\u00e9lgica, Canad\u00e1, Marrocos e Cro\u00e1cia).","robots":{"index":"index","follow":"follow","max-snippet":"max-snippet:-1","max-image-preview":"max-image-preview:large","max-video-preview":"max-video-preview:-1"},"canonical":"https:\/\/crentassos.com.br\/blog\/2022\/11\/camisas-copa-do-mundo-catar-2022-grupo-f.html","og_locale":"pt_BR","og_type":"article","og_title":"Camisas Copa do Mundo Catar 2022 \u2013 Grupo F - Crentassos Produ\u00e7\u00f5es Subversivas","og_description":"Camisas Copa do Mundo Catar 2022 \u2013 Grupo F (B\u00e9lgica, Canad\u00e1, Marrocos e Cro\u00e1cia).","og_url":"https:\/\/crentassos.com.br\/blog\/2022\/11\/camisas-copa-do-mundo-catar-2022-grupo-f.html","og_site_name":"Crentassos Produ\u00e7\u00f5es Subversivas","article_publisher":"http:\/\/www.facebook.com\/crentassos","article_published_time":"2022-11-04T17:48:02+00:00","article_modified_time":"2022-11-19T11:13:06+00:00","og_image":[{"width":1920,"height":1080,"url":"https:\/\/crentassos.com.br\/blog\/wp-content\/uploads\/2022\/11\/01.jpg","type":"image\/jpeg"}],"author":"Tamyres Palma","twitter_card":"summary_large_image","twitter_creator":"@crentassos","twitter_site":"@crentassos","twitter_misc":{"Escrito por":"Tamyres Palma","Est. tempo de leitura":"4 minutos"},"schema":{"@context":"https:\/\/schema.org","@graph":[{"@type":"Article","@id":"https:\/\/crentassos.com.br\/blog\/2022\/11\/camisas-copa-do-mundo-catar-2022-grupo-f.html#article","isPartOf":{"@id":"https:\/\/crentassos.com.br\/blog\/2022\/11\/camisas-copa-do-mundo-catar-2022-grupo-f.html"},"author":{"name":"Tamyres Palma","@id":"https:\/\/crentassos.com.br\/blog\/#\/schema\/person\/3f5f08a8ba3e2bc991eb2fd8f8e3988c"},"headline":"Camisas Copa do Mundo Catar 2022 \u2013 Grupo F","datePublished":"2022-11-04T17:48:02+00:00","dateModified":"2022-11-19T11:13:06+00:00","mainEntityOfPage":{"@id":"https:\/\/crentassos.com.br\/blog\/2022\/11\/camisas-copa-do-mundo-catar-2022-grupo-f.html"},"wordCount":488,"commentCount":0,"publisher":{"@id":"https:\/\/crentassos.com.br\/blog\/#organization"},"image":{"@id":"https:\/\/crentassos.com.br\/blog\/2022\/11\/camisas-copa-do-mundo-catar-2022-grupo-f.html#primaryimage"},"thumbnailUrl":"https:\/\/crentassos.com.br\/blog\/wp-content\/uploads\/2022\/11\/01.jpg","keywords":["b\u00e9lgica","canad\u00e1","catar","copa 2022","copa do mundo","copa do mundo 2022","copa do quatar","cro\u00e1cia","grupo f","marrocos"],"articleSection":["Artigos","Camisas da Copa"],"inLanguage":"pt-BR","potentialAction":[{"@type":"CommentAction","name":"Comment","target":["https:\/\/crentassos.com.br\/blog\/2022\/11\/camisas-copa-do-mundo-catar-2022-grupo-f.html#respond"]}]},{"@type":"WebPage","@id":"https:\/\/crentassos.com.br\/blog\/2022\/11\/camisas-copa-do-mundo-catar-2022-grupo-f.html","url":"https:\/\/crentassos.com.br\/blog\/2022\/11\/camisas-copa-do-mundo-catar-2022-grupo-f.html","name":"Camisas Copa do Mundo Catar 2022 \u2013 Grupo F - Crentassos Produ\u00e7\u00f5es Subversivas","isPartOf":{"@id":"https:\/\/crentassos.com.br\/blog\/#website"},"primaryImageOfPage":{"@id":"https:\/\/crentassos.com.br\/blog\/2022\/11\/camisas-copa-do-mundo-catar-2022-grupo-f.html#primaryimage"},"image":{"@id":"https:\/\/crentassos.com.br\/blog\/2022\/11\/camisas-copa-do-mundo-catar-2022-grupo-f.html#primaryimage"},"thumbnailUrl":"https:\/\/crentassos.com.br\/blog\/wp-content\/uploads\/2022\/11\/01.jpg","datePublished":"2022-11-04T17:48:02+00:00","dateModified":"2022-11-19T11:13:06+00:00","description":"Camisas Copa do Mundo Catar 2022 \u2013 Grupo F (B\u00e9lgica, Canad\u00e1, Marrocos e Cro\u00e1cia).","breadcrumb":{"@id":"https:\/\/crentassos.com.br\/blog\/2022\/11\/camisas-copa-do-mundo-catar-2022-grupo-f.html#breadcrumb"},"inLanguage":"pt-BR","potentialAction":[{"@type":"ReadAction","target":["https:\/\/crentassos.com.br\/blog\/2022\/11\/camisas-copa-do-mundo-catar-2022-grupo-f.html"]}]},{"@type":"ImageObject","inLanguage":"pt-BR","@id":"https:\/\/crentassos.com.br\/blog\/2022\/11\/camisas-copa-do-mundo-catar-2022-grupo-f.html#primaryimage","url":"https:\/\/crentassos.com.br\/blog\/wp-content\/uploads\/2022\/11\/01.jpg","contentUrl":"https:\/\/crentassos.com.br\/blog\/wp-content\/uploads\/2022\/11\/01.jpg","width":1920,"height":1080},{"@type":"BreadcrumbList","@id":"https:\/\/crentassos.com.br\/blog\/2022\/11\/camisas-copa-do-mundo-catar-2022-grupo-f.html#breadcrumb","itemListElement":[{"@type":"ListItem","position":1,"name":"Home","item":"https:\/\/crentassos.com.br\/blog\/"},{"@type":"ListItem","position":2,"name":"Camisas Copa do Mundo Catar 2022 \u2013 Grupo F"}]},{"@type":"WebSite","@id":"https:\/\/crentassos.com.br\/blog\/#website","url":"https:\/\/crentassos.com.br\/blog\/","name":"Crentassos Produ\u00e7\u00f5es Subversivas","description":"Podcast Crist\u00e3o, Podcrent, Da Prateleira, Artigos crist\u00e3os, Teologia, Estudos, Textos B\u00edblicos","publisher":{"@id":"https:\/\/crentassos.com.br\/blog\/#organization"},"potentialAction":[{"@type":"SearchAction","target":{"@type":"EntryPoint","urlTemplate":"https:\/\/crentassos.com.br\/blog\/?s={search_term_string}"},"query-input":{"@type":"PropertyValueSpecification","valueRequired":true,"valueName":"search_term_string"}}],"inLanguage":"pt-BR"},{"@type":"Organization","@id":"https:\/\/crentassos.com.br\/blog\/#organization","name":"Crentassos Produ\u00e7\u00f5es Subversivas","url":"https:\/\/crentassos.com.br\/blog\/","logo":{"@type":"ImageObject","inLanguage":"pt-BR","@id":"https:\/\/crentassos.com.br\/blog\/#\/schema\/logo\/image\/","url":"https:\/\/crentassos.com.br\/blog\/wp-content\/uploads\/2020\/05\/cropped-crentassos1-300x300png.png","contentUrl":"https:\/\/crentassos.com.br\/blog\/wp-content\/uploads\/2020\/05\/cropped-crentassos1-300x300png.png","width":300,"height":300,"caption":"Crentassos Produ\u00e7\u00f5es Subversivas"},"image":{"@id":"https:\/\/crentassos.com.br\/blog\/#\/schema\/logo\/image\/"},"sameAs":["http:\/\/www.facebook.com\/crentassos","https:\/\/x.com\/crentassos","https:\/\/www.instagram.com\/crentassos","https:\/\/www.youtube.com\/crentassos"]},{"@type":"Person","@id":"https:\/\/crentassos.com.br\/blog\/#\/schema\/person\/3f5f08a8ba3e2bc991eb2fd8f8e3988c","name":"Tamyres Palma","image":{"@type":"ImageObject","inLanguage":"pt-BR","@id":"https:\/\/crentassos.com.br\/blog\/#\/schema\/person\/image\/","url":"https:\/\/secure.gravatar.com\/avatar\/9dce0caea2bafdb6394abc6c84348788083c31d52a278ed4b42bd0ee15c4ed52?s=96&d=retro&r=g","contentUrl":"https:\/\/secure.gravatar.com\/avatar\/9dce0caea2bafdb6394abc6c84348788083c31d52a278ed4b42bd0ee15c4ed52?s=96&d=retro&r=g","caption":"Tamyres Palma"},"description":"Tamyres Palma: formada em hist\u00f3ria, apaixonada por livros e casada com o @jonathazimmer . Maluca por Harry Potter, N\u00e1rnia e universos fant\u00e1sticos como a Terra M\u00e9dia. Apaixonada por literatura de forma geral, embora esteja longe do meu ideal de conhecimento liter\u00e1rio.","sameAs":["http:\/\/cafeecoberta.blogspot.com"],"url":"https:\/\/crentassos.com.br\/blog\/author\/tamyrespalma"}]}},"_links":{"self":[{"href":"https:\/\/crentassos.com.br\/blog\/wp-json\/wp\/v2\/posts\/21149","targetHints":{"allow":["GET"]}}],"collection":[{"href":"https:\/\/crentassos.com.br\/blog\/wp-json\/wp\/v2\/posts"}],"about":[{"href":"https:\/\/crentassos.com.br\/blog\/wp-json\/wp\/v2\/types\/post"}],"author":[{"embeddable":true,"href":"https:\/\/crentassos.com.br\/blog\/wp-json\/wp\/v2\/users\/32"}],"replies":[{"embeddable":true,"href":"https:\/\/crentassos.com.br\/blog\/wp-json\/wp\/v2\/comments?post=21149"}],"version-history":[{"count":4,"href":"https:\/\/crentassos.com.br\/blog\/wp-json\/wp\/v2\/posts\/21149\/revisions"}],"predecessor-version":[{"id":21230,"href":"https:\/\/crentassos.com.br\/blog\/wp-json\/wp\/v2\/posts\/21149\/revisions\/21230"}],"wp:featuredmedia":[{"embeddable":true,"href":"https:\/\/crentassos.com.br\/blog\/wp-json\/wp\/v2\/media\/21137"}],"wp:attachment":[{"href":"https:\/\/crentassos.com.br\/blog\/wp-json\/wp\/v2\/media?parent=21149"}],"wp:term":[{"taxonomy":"category","embeddable":true,"href":"https:\/\/crentassos.com.br\/blog\/wp-json\/wp\/v2\/categories?post=21149"},{"taxonomy":"post_tag","embeddable":true,"href":"https:\/\/crentassos.com.br\/blog\/wp-json\/wp\/v2\/tags?post=21149"}],"curies":[{"name":"wp","href":"https:\/\/api.w.org\/{rel}","templated":true}]}}