{"id":21106,"date":"2022-10-28T01:00:00","date_gmt":"2022-10-28T03:00:00","guid":{"rendered":"https:\/\/crentassos.com.br\/blog\/?p=21106"},"modified":"2022-11-19T09:12:35","modified_gmt":"2022-11-19T11:12:35","slug":"camisas-copa-do-mundo-catar-2022-grupo-e","status":"publish","type":"post","link":"https:\/\/crentassos.com.br\/blog\/2022\/10\/camisas-copa-do-mundo-catar-2022-grupo-e.html","title":{"rendered":"Camisas Copa do Mundo Catar 2022 \u2013 Grupo E"},"content":{"rendered":"<p style=\"text-align: justify;\">Vivendo a semana que ningu\u00e9m nem lembra mais que tem Copa do Mundo, chega o Grupo E. Grupo esse que j\u00e1 me deixa apreensiva, porque Espanha causou todas na \u00faltima Copa, com seus uniformes horr\u00edveis, e em contrapartida, muitas das camisas da Alemanha s\u00e3o legais.<\/p>\n<p style=\"text-align: justify;\"><em><strong>Espanha<\/strong><\/em><\/p>\n<p style=\"text-align: justify;\"><img loading=\"lazy\" decoding=\"async\" class=\"aligncenter wp-image-21094 size-full\" src=\"https:\/\/crentassos.com.br\/blog\/wp-content\/uploads\/2022\/10\/02-1.jpg\" alt=\"\" width=\"1920\" height=\"1080\" srcset=\"https:\/\/crentassos.com.br\/blog\/wp-content\/uploads\/2022\/10\/02-1.jpg 1920w, https:\/\/crentassos.com.br\/blog\/wp-content\/uploads\/2022\/10\/02-1-300x169.jpg 300w, https:\/\/crentassos.com.br\/blog\/wp-content\/uploads\/2022\/10\/02-1-620x349.jpg 620w, https:\/\/crentassos.com.br\/blog\/wp-content\/uploads\/2022\/10\/02-1-275x154.jpg 275w, https:\/\/crentassos.com.br\/blog\/wp-content\/uploads\/2022\/10\/02-1-768x432.jpg 768w, https:\/\/crentassos.com.br\/blog\/wp-content\/uploads\/2022\/10\/02-1-1536x864.jpg 1536w\" sizes=\"auto, (max-width: 1920px) 100vw, 1920px\" \/><\/p>\n<p style=\"text-align: justify;\"><strong>Camisa 1:\u00a0<\/strong>Depois do uniforme 1 de 2018, eu acho que n\u00e3o tinha como Espanha afundar mais. Dito isso, essa camisa \u00e9 okay. Em geral, gosto do vermelho dos uniformes espanh\u00f3is, e ficou harmoniosa a combina\u00e7\u00e3o com o azul. S\u00f3 n\u00e3o gostei da faixa que desce da manga, na extens\u00e3o da camisa.<\/p>\n<p style=\"text-align: justify;\"><img loading=\"lazy\" decoding=\"async\" class=\"aligncenter wp-image-21095 size-full\" src=\"https:\/\/crentassos.com.br\/blog\/wp-content\/uploads\/2022\/10\/03-1.jpg\" alt=\"\" width=\"1920\" height=\"1080\" srcset=\"https:\/\/crentassos.com.br\/blog\/wp-content\/uploads\/2022\/10\/03-1.jpg 1920w, https:\/\/crentassos.com.br\/blog\/wp-content\/uploads\/2022\/10\/03-1-300x169.jpg 300w, https:\/\/crentassos.com.br\/blog\/wp-content\/uploads\/2022\/10\/03-1-620x349.jpg 620w, https:\/\/crentassos.com.br\/blog\/wp-content\/uploads\/2022\/10\/03-1-275x154.jpg 275w, https:\/\/crentassos.com.br\/blog\/wp-content\/uploads\/2022\/10\/03-1-768x432.jpg 768w, https:\/\/crentassos.com.br\/blog\/wp-content\/uploads\/2022\/10\/03-1-1536x864.jpg 1536w\" sizes=\"auto, (max-width: 1920px) 100vw, 1920px\" \/><\/p>\n<p style=\"text-align: justify;\"><strong>Detalhe:\u00a0<\/strong>achei que essa textura d\u00e1 um ar interessante \u00e0 camisa. Adidas vem acertando nas camisas mais que a Nike.<\/p>\n<p style=\"text-align: justify;\"><img loading=\"lazy\" decoding=\"async\" class=\"aligncenter wp-image-21096 size-full\" src=\"https:\/\/crentassos.com.br\/blog\/wp-content\/uploads\/2022\/10\/04-1.jpg\" alt=\"\" width=\"1920\" height=\"1080\" srcset=\"https:\/\/crentassos.com.br\/blog\/wp-content\/uploads\/2022\/10\/04-1.jpg 1920w, https:\/\/crentassos.com.br\/blog\/wp-content\/uploads\/2022\/10\/04-1-300x169.jpg 300w, https:\/\/crentassos.com.br\/blog\/wp-content\/uploads\/2022\/10\/04-1-620x349.jpg 620w, https:\/\/crentassos.com.br\/blog\/wp-content\/uploads\/2022\/10\/04-1-275x154.jpg 275w, https:\/\/crentassos.com.br\/blog\/wp-content\/uploads\/2022\/10\/04-1-768x432.jpg 768w, https:\/\/crentassos.com.br\/blog\/wp-content\/uploads\/2022\/10\/04-1-1536x864.jpg 1536w\" sizes=\"auto, (max-width: 1920px) 100vw, 1920px\" \/><\/p>\n<p style=\"text-align: justify;\"><strong>Camisa 2: <\/strong>Foi s\u00f3 eu elogiar a Adidas, que ela me apronta uma dessas. Primeiro erro: azul claro n\u00e3o remete \u00e0 Espanha. Segundo erro: esse efeito ondas me fez pensar em escola de educa\u00e7\u00e3o infantil, daquelas com nomes duvidosos, tipo &#8220;Ursinho Pimp\u00e3o&#8221;. Terceiro erro: essas costas da camisa. Parece camisa de malharia do bairro.<\/p>\n<p style=\"text-align: justify;\"><em><strong>Costa Rica<\/strong><\/em><\/p>\n<p style=\"text-align: justify;\"><img loading=\"lazy\" decoding=\"async\" class=\"aligncenter wp-image-21097 size-full\" src=\"https:\/\/crentassos.com.br\/blog\/wp-content\/uploads\/2022\/10\/05-1.jpg\" alt=\"\" width=\"1920\" height=\"1080\" srcset=\"https:\/\/crentassos.com.br\/blog\/wp-content\/uploads\/2022\/10\/05-1.jpg 1920w, https:\/\/crentassos.com.br\/blog\/wp-content\/uploads\/2022\/10\/05-1-300x169.jpg 300w, https:\/\/crentassos.com.br\/blog\/wp-content\/uploads\/2022\/10\/05-1-620x349.jpg 620w, https:\/\/crentassos.com.br\/blog\/wp-content\/uploads\/2022\/10\/05-1-275x154.jpg 275w, https:\/\/crentassos.com.br\/blog\/wp-content\/uploads\/2022\/10\/05-1-768x432.jpg 768w, https:\/\/crentassos.com.br\/blog\/wp-content\/uploads\/2022\/10\/05-1-1536x864.jpg 1536w\" sizes=\"auto, (max-width: 1920px) 100vw, 1920px\" \/><\/p>\n<p style=\"text-align: justify;\"><strong>Camisa 1:\u00a0<\/strong>N\u00e3o lembro de muitos uniformes serem feitos pela New Balance, fiquei surpresa aqui. Gostei da est\u00e9tica clean da camisa. At\u00e9 mesmo essa manga mais grossa, achei que ficou bacana. A gola branca tem seu charme, com esse leve decote em V.<\/p>\n<p style=\"text-align: justify;\"><img loading=\"lazy\" decoding=\"async\" class=\"aligncenter wp-image-21098 size-full\" src=\"https:\/\/crentassos.com.br\/blog\/wp-content\/uploads\/2022\/10\/06-1.jpg\" alt=\"\" width=\"1920\" height=\"1080\" srcset=\"https:\/\/crentassos.com.br\/blog\/wp-content\/uploads\/2022\/10\/06-1.jpg 1920w, https:\/\/crentassos.com.br\/blog\/wp-content\/uploads\/2022\/10\/06-1-300x169.jpg 300w, https:\/\/crentassos.com.br\/blog\/wp-content\/uploads\/2022\/10\/06-1-620x349.jpg 620w, https:\/\/crentassos.com.br\/blog\/wp-content\/uploads\/2022\/10\/06-1-275x154.jpg 275w, https:\/\/crentassos.com.br\/blog\/wp-content\/uploads\/2022\/10\/06-1-768x432.jpg 768w, https:\/\/crentassos.com.br\/blog\/wp-content\/uploads\/2022\/10\/06-1-1536x864.jpg 1536w\" sizes=\"auto, (max-width: 1920px) 100vw, 1920px\" \/><\/p>\n<p style=\"text-align: justify;\"><strong>Detalhe:\u00a0<\/strong>meu \u00fanico por\u00e9m com essa camisa, \u00e9 justamente essa faixa lateral branca na manga azul. Podiam t\u00ea-la feita inteira.<\/p>\n<p style=\"text-align: justify;\"><img loading=\"lazy\" decoding=\"async\" class=\"aligncenter wp-image-21099 size-full\" src=\"https:\/\/crentassos.com.br\/blog\/wp-content\/uploads\/2022\/10\/07-1.jpg\" alt=\"\" width=\"1920\" height=\"1080\" srcset=\"https:\/\/crentassos.com.br\/blog\/wp-content\/uploads\/2022\/10\/07-1.jpg 1920w, https:\/\/crentassos.com.br\/blog\/wp-content\/uploads\/2022\/10\/07-1-300x169.jpg 300w, https:\/\/crentassos.com.br\/blog\/wp-content\/uploads\/2022\/10\/07-1-620x349.jpg 620w, https:\/\/crentassos.com.br\/blog\/wp-content\/uploads\/2022\/10\/07-1-275x154.jpg 275w, https:\/\/crentassos.com.br\/blog\/wp-content\/uploads\/2022\/10\/07-1-768x432.jpg 768w, https:\/\/crentassos.com.br\/blog\/wp-content\/uploads\/2022\/10\/07-1-1536x864.jpg 1536w\" sizes=\"auto, (max-width: 1920px) 100vw, 1920px\" \/><\/p>\n<p style=\"text-align: justify;\"><strong>Camisa 2:\u00a0<\/strong>uma camisa branca honesta. Os s\u00edmbolos da fornecedora e da federa\u00e7\u00e3o est\u00e3o bem distribu\u00eddos, a manga d\u00e1 uma alegria \u00e0 camisa (exceto pelo detalhe desnecess\u00e1rio) e parece ter um caimento legal. T\u00f4 realmente surpresa em como gostei das camisas da Costa Rica.<\/p>\n<p style=\"text-align: justify;\"><em><strong>Alemanha<\/strong><\/em><\/p>\n<p style=\"text-align: justify;\"><img loading=\"lazy\" decoding=\"async\" class=\"aligncenter wp-image-21101 size-full\" src=\"https:\/\/crentassos.com.br\/blog\/wp-content\/uploads\/2022\/10\/09-1.jpg\" alt=\"\" width=\"1920\" height=\"1080\" srcset=\"https:\/\/crentassos.com.br\/blog\/wp-content\/uploads\/2022\/10\/09-1.jpg 1920w, https:\/\/crentassos.com.br\/blog\/wp-content\/uploads\/2022\/10\/09-1-300x169.jpg 300w, https:\/\/crentassos.com.br\/blog\/wp-content\/uploads\/2022\/10\/09-1-620x349.jpg 620w, https:\/\/crentassos.com.br\/blog\/wp-content\/uploads\/2022\/10\/09-1-275x154.jpg 275w, https:\/\/crentassos.com.br\/blog\/wp-content\/uploads\/2022\/10\/09-1-768x432.jpg 768w, https:\/\/crentassos.com.br\/blog\/wp-content\/uploads\/2022\/10\/09-1-1536x864.jpg 1536w\" sizes=\"auto, (max-width: 1920px) 100vw, 1920px\" \/><\/p>\n<p style=\"text-align: justify;\"><strong>Camisa 1:\u00a0<\/strong><span style=\"text-decoration: underline;\">T\u00e1 proibido elogiar a Adidas!<\/span> A Alemanha tem momentos que acerta muito, e outros em que erra rude. Essa camisa \u00e9 estranha demais! Faltam at\u00e9 palavras para explicar o qu\u00e3o estranha achei essa camisa. Continuo achando o Uniforme 2 da Copa de 2010 mais legal.<\/p>\n<p style=\"text-align: justify;\"><img loading=\"lazy\" decoding=\"async\" class=\"aligncenter wp-image-21102 size-full\" src=\"https:\/\/crentassos.com.br\/blog\/wp-content\/uploads\/2022\/10\/10-2.jpg\" alt=\"\" width=\"1920\" height=\"1080\" srcset=\"https:\/\/crentassos.com.br\/blog\/wp-content\/uploads\/2022\/10\/10-2.jpg 1920w, https:\/\/crentassos.com.br\/blog\/wp-content\/uploads\/2022\/10\/10-2-300x169.jpg 300w, https:\/\/crentassos.com.br\/blog\/wp-content\/uploads\/2022\/10\/10-2-620x349.jpg 620w, https:\/\/crentassos.com.br\/blog\/wp-content\/uploads\/2022\/10\/10-2-275x154.jpg 275w, https:\/\/crentassos.com.br\/blog\/wp-content\/uploads\/2022\/10\/10-2-768x432.jpg 768w, https:\/\/crentassos.com.br\/blog\/wp-content\/uploads\/2022\/10\/10-2-1536x864.jpg 1536w\" sizes=\"auto, (max-width: 1920px) 100vw, 1920px\" \/><\/p>\n<p style=\"text-align: justify;\"><strong>Camisa 2:\u00a0<\/strong>estou em conflito com essa camisa, porque gostei das cores da mesma, mas achei o efeito gr\u00e1fico sem gra\u00e7a. E detestei a quebra da frente para tr\u00e1s da mesma, problema que j\u00e1 apontei em tantas outras deste ano.<\/p>\n<p style=\"text-align: justify;\"><em><strong>Jap\u00e3o<\/strong><\/em><\/p>\n<p style=\"text-align: justify;\"><img loading=\"lazy\" decoding=\"async\" class=\"aligncenter wp-image-21103 size-full\" src=\"https:\/\/crentassos.com.br\/blog\/wp-content\/uploads\/2022\/10\/11-2.jpg\" alt=\"\" width=\"1920\" height=\"1080\" srcset=\"https:\/\/crentassos.com.br\/blog\/wp-content\/uploads\/2022\/10\/11-2.jpg 1920w, https:\/\/crentassos.com.br\/blog\/wp-content\/uploads\/2022\/10\/11-2-300x169.jpg 300w, https:\/\/crentassos.com.br\/blog\/wp-content\/uploads\/2022\/10\/11-2-620x349.jpg 620w, https:\/\/crentassos.com.br\/blog\/wp-content\/uploads\/2022\/10\/11-2-275x154.jpg 275w, https:\/\/crentassos.com.br\/blog\/wp-content\/uploads\/2022\/10\/11-2-768x432.jpg 768w, https:\/\/crentassos.com.br\/blog\/wp-content\/uploads\/2022\/10\/11-2-1536x864.jpg 1536w\" sizes=\"auto, (max-width: 1920px) 100vw, 1920px\" \/><\/p>\n<p style=\"text-align: justify;\"><strong>Camisa 1:\u00a0<\/strong>Em <a href=\"http:\/\/cafeecoberta.blogspot.com\/2014\/06\/minha-opiniao-sobre-as-camisas-da-copa_6.html\">2014<\/a> e <a href=\"https:\/\/crentassos.com.br\/blog\/2018\/06\/camisas-copa-do-mundo-2018-grupo-h.html\">2018<\/a>, eu gostei muito das Camisas um do Jap\u00e3o. Este ano, acho que a Adidas se perdeu no &#8220;efeito visual&#8221; das camisas.. eu acho bem cansativo isso de repetirem uma mesma ideia em todas as camisas, sabe? O Footy Headlines disse que \u00e9 para ser um &#8220;guindaste de origamis&#8221;, mas precisei for\u00e7a a imagina\u00e7\u00e3o para entender a refer\u00eancia. A cor at\u00e9 \u00e9 legal, e estamos t\u00e3o acostumados j\u00e1 com Jap\u00e3o jogando de azul, que nem ligo por n\u00e3o ser cor da bandeira deles.<\/p>\n<p style=\"text-align: justify;\"><img loading=\"lazy\" decoding=\"async\" class=\"aligncenter wp-image-21104 size-full\" src=\"https:\/\/crentassos.com.br\/blog\/wp-content\/uploads\/2022\/10\/12-2.jpg\" alt=\"\" width=\"1920\" height=\"1080\" srcset=\"https:\/\/crentassos.com.br\/blog\/wp-content\/uploads\/2022\/10\/12-2.jpg 1920w, https:\/\/crentassos.com.br\/blog\/wp-content\/uploads\/2022\/10\/12-2-300x169.jpg 300w, https:\/\/crentassos.com.br\/blog\/wp-content\/uploads\/2022\/10\/12-2-620x349.jpg 620w, https:\/\/crentassos.com.br\/blog\/wp-content\/uploads\/2022\/10\/12-2-275x154.jpg 275w, https:\/\/crentassos.com.br\/blog\/wp-content\/uploads\/2022\/10\/12-2-768x432.jpg 768w, https:\/\/crentassos.com.br\/blog\/wp-content\/uploads\/2022\/10\/12-2-1536x864.jpg 1536w\" sizes=\"auto, (max-width: 1920px) 100vw, 1920px\" \/><\/p>\n<p style=\"text-align: justify;\"><strong>Camisa 2:\u00a0<\/strong>Vim decepcionada da camisa 1, decepcionada com as camisas 2 das \u00faltimas Copas, e n\u00e3o \u00e9 que fui surpreendida. Gostei demais dessa camisa, mesmo com os grafismos da Adidas. Achei que o logo da marca ficou bonito e s\u00f3lido nesse tom escuro, e a combina\u00e7\u00e3o de azul e vermelho dos ombros e manga ficou bem interessante. Acho que \u00e9 minha favorita nesse grupo. Das camisas que eu teria, se tivesse dinheiro$$ para comprar.<\/p>\n<p><strong>Conhe\u00e7a as camisas das outras sele\u00e7\u00f5es:<\/strong><\/p>\n<p><a href=\"https:\/\/crentassos.com.br\/blog\/2022\/09\/camisas-copa-do-mundo-catar-2022-grupo-a.html\"><em>*Minha opini\u00e3o sobre as camisas do Grupo A (Catar, Equador, Senegal e Pa\u00edses Baixos).<\/em><\/a><br \/>\n<a href=\"https:\/\/crentassos.com.br\/blog\/2022\/10\/camisas-copa-do-mundo-catar-2022-grupo-b.html\"><em>*Minha opini\u00e3o sobre as camisas do Grupo B (Inglaterra, Ir\u00e3, Estados Unidos e Pa\u00eds de Gales).<\/em><\/a><br \/>\n<a href=\"https:\/\/crentassos.com.br\/blog\/2022\/10\/camisas-copa-do-mundo-catar-2022-grupo-c.html\"><em>*Minha opini\u00e3o sobre as camisas do Grupo C (Argentina, Ar\u00e1bia Saudita, M\u00e9xico e Pol\u00f4nia).<\/em><\/a><br \/>\n<em><a href=\"https:\/\/crentassos.com.br\/blog\/2022\/10\/camisas-copa-do-mundo-catar-2022-grupo-d.html\">*Minha opini\u00e3o sobre as camisas do Grupo D (Fran\u00e7a, Austr\u00e1lia, Dinamarca e Tun\u00edsia).<\/a><\/em><br \/>\n<em><a href=\"https:\/\/crentassos.com.br\/blog\/2022\/11\/camisas-copa-do-mundo-catar-2022-grupo-f.html\">*Minha opini\u00e3o sobre as camisas do Grupo F (B\u00e9lgica, Canad\u00e1, Marrocos e Cro\u00e1cia).<\/a><br \/>\n<a href=\"https:\/\/crentassos.com.br\/blog\/2022\/11\/camisas-copa-do-mundo-catar-2022-grupo-g.html\">*Minha opini\u00e3o sobre as camisas do Grupo G (Brasil, S\u00e9rvia, Su\u00ed\u00e7a e Camar\u00f5es).<\/a><\/em><br \/>\n<a href=\"https:\/\/crentassos.com.br\/blog\/2022\/11\/camisas-copa-do-mundo-catar-2022-grupo-h.html\"><em>*Minha opini\u00e3o sobre as camisas do grupo H (Portugal, Gana, Uruguai e Coreia do Sul).<\/em><\/a><\/p>\n","protected":false},"excerpt":{"rendered":"<p>Vivendo a semana que ningu\u00e9m nem lembra mais que tem Copa do Mundo, chega o Grupo E. Grupo esse que j\u00e1 me [&hellip;]<\/p>\n","protected":false},"author":32,"featured_media":21093,"comment_status":"open","ping_status":"open","sticky":false,"template":"","format":"standard","meta":{"_exactmetrics_skip_tracking":false,"_exactmetrics_sitenote_active":false,"_exactmetrics_sitenote_note":"","_exactmetrics_sitenote_category":0,"footnotes":"","_links_to":"","_links_to_target":""},"categories":[112,8160],"tags":[8186,8182,8153,8165,8181,1584,8150,8185,8184,8183,695],"class_list":{"0":"post-21106","1":"post","2":"type-post","3":"status-publish","4":"format-standard","5":"has-post-thumbnail","6":"hentry","7":"category-artigos","8":"category-camisas-da-copa","9":"tag-alemanha","10":"tag-camisas","11":"tag-camisas-da-copa-do-mundo","12":"tag-copa-2022","13":"tag-copa-do-catar","14":"tag-copa-do-mundo","15":"tag-copa-do-mundo-2022","16":"tag-costa-rica","17":"tag-espanha","18":"tag-grupo-e","19":"tag-japao","21":"post-with-thumbnail","22":"post-with-thumbnail-large"},"yoast_head":"<!-- This site is optimized with the Yoast SEO plugin v27.1.1 - https:\/\/yoast.com\/product\/yoast-seo-wordpress\/ -->\n<title>Camisas Copa do Mundo Catar 2022 \u2013 Grupo E - Crentassos Produ\u00e7\u00f5es Subversivas<\/title>\n<meta name=\"description\" content=\"Camisas Copa do Mundo Catar 2022 \u2013 Grupo E (Espanha, Costa Rica, Alemanha e Jap\u00e3o).\" \/>\n<meta name=\"robots\" content=\"index, follow, max-snippet:-1, max-image-preview:large, max-video-preview:-1\" \/>\n<link rel=\"canonical\" href=\"https:\/\/crentassos.com.br\/blog\/2022\/10\/camisas-copa-do-mundo-catar-2022-grupo-e.html\" \/>\n<meta property=\"og:locale\" content=\"pt_BR\" \/>\n<meta property=\"og:type\" content=\"article\" \/>\n<meta property=\"og:title\" content=\"Camisas Copa do Mundo Catar 2022 \u2013 Grupo E - Crentassos Produ\u00e7\u00f5es Subversivas\" \/>\n<meta property=\"og:description\" content=\"Camisas Copa do Mundo Catar 2022 \u2013 Grupo E (Espanha, Costa Rica, Alemanha e Jap\u00e3o).\" \/>\n<meta property=\"og:url\" content=\"https:\/\/crentassos.com.br\/blog\/2022\/10\/camisas-copa-do-mundo-catar-2022-grupo-e.html\" \/>\n<meta property=\"og:site_name\" content=\"Crentassos Produ\u00e7\u00f5es Subversivas\" \/>\n<meta property=\"article:publisher\" content=\"http:\/\/www.facebook.com\/crentassos\" \/>\n<meta property=\"article:published_time\" content=\"2022-10-28T03:00:00+00:00\" \/>\n<meta property=\"article:modified_time\" content=\"2022-11-19T11:12:35+00:00\" \/>\n<meta property=\"og:image\" content=\"https:\/\/crentassos.com.br\/blog\/wp-content\/uploads\/2022\/10\/01-1.jpg\" \/>\n\t<meta property=\"og:image:width\" content=\"1920\" \/>\n\t<meta property=\"og:image:height\" content=\"1080\" \/>\n\t<meta property=\"og:image:type\" content=\"image\/jpeg\" \/>\n<meta name=\"author\" content=\"Tamyres Palma\" \/>\n<meta name=\"twitter:card\" content=\"summary_large_image\" \/>\n<meta name=\"twitter:creator\" content=\"@crentassos\" \/>\n<meta name=\"twitter:site\" content=\"@crentassos\" \/>\n<meta name=\"twitter:label1\" content=\"Escrito por\" \/>\n\t<meta name=\"twitter:data1\" content=\"Tamyres Palma\" \/>\n\t<meta name=\"twitter:label2\" content=\"Est. tempo de leitura\" \/>\n\t<meta name=\"twitter:data2\" content=\"6 minutos\" \/>\n<script type=\"application\/ld+json\" class=\"yoast-schema-graph\">{\"@context\":\"https:\/\/schema.org\",\"@graph\":[{\"@type\":\"Article\",\"@id\":\"https:\/\/crentassos.com.br\/blog\/2022\/10\/camisas-copa-do-mundo-catar-2022-grupo-e.html#article\",\"isPartOf\":{\"@id\":\"https:\/\/crentassos.com.br\/blog\/2022\/10\/camisas-copa-do-mundo-catar-2022-grupo-e.html\"},\"author\":{\"name\":\"Tamyres Palma\",\"@id\":\"https:\/\/crentassos.com.br\/blog\/#\/schema\/person\/3f5f08a8ba3e2bc991eb2fd8f8e3988c\"},\"headline\":\"Camisas Copa do Mundo Catar 2022 \u2013 Grupo E\",\"datePublished\":\"2022-10-28T03:00:00+00:00\",\"dateModified\":\"2022-11-19T11:12:35+00:00\",\"mainEntityOfPage\":{\"@id\":\"https:\/\/crentassos.com.br\/blog\/2022\/10\/camisas-copa-do-mundo-catar-2022-grupo-e.html\"},\"wordCount\":675,\"commentCount\":0,\"publisher\":{\"@id\":\"https:\/\/crentassos.com.br\/blog\/#organization\"},\"image\":{\"@id\":\"https:\/\/crentassos.com.br\/blog\/2022\/10\/camisas-copa-do-mundo-catar-2022-grupo-e.html#primaryimage\"},\"thumbnailUrl\":\"https:\/\/crentassos.com.br\/blog\/wp-content\/uploads\/2022\/10\/01-1.jpg\",\"keywords\":[\"alemanha\",\"camisas\",\"camisas da copa do mundo\",\"copa 2022\",\"copa do catar\",\"copa do mundo\",\"copa do mundo 2022\",\"costa rica\",\"espanha\",\"grupo e\",\"Jap\u00e3o\"],\"articleSection\":[\"Artigos\",\"Camisas da Copa\"],\"inLanguage\":\"pt-BR\",\"potentialAction\":[{\"@type\":\"CommentAction\",\"name\":\"Comment\",\"target\":[\"https:\/\/crentassos.com.br\/blog\/2022\/10\/camisas-copa-do-mundo-catar-2022-grupo-e.html#respond\"]}]},{\"@type\":\"WebPage\",\"@id\":\"https:\/\/crentassos.com.br\/blog\/2022\/10\/camisas-copa-do-mundo-catar-2022-grupo-e.html\",\"url\":\"https:\/\/crentassos.com.br\/blog\/2022\/10\/camisas-copa-do-mundo-catar-2022-grupo-e.html\",\"name\":\"Camisas Copa do Mundo Catar 2022 \u2013 Grupo E - Crentassos Produ\u00e7\u00f5es Subversivas\",\"isPartOf\":{\"@id\":\"https:\/\/crentassos.com.br\/blog\/#website\"},\"primaryImageOfPage\":{\"@id\":\"https:\/\/crentassos.com.br\/blog\/2022\/10\/camisas-copa-do-mundo-catar-2022-grupo-e.html#primaryimage\"},\"image\":{\"@id\":\"https:\/\/crentassos.com.br\/blog\/2022\/10\/camisas-copa-do-mundo-catar-2022-grupo-e.html#primaryimage\"},\"thumbnailUrl\":\"https:\/\/crentassos.com.br\/blog\/wp-content\/uploads\/2022\/10\/01-1.jpg\",\"datePublished\":\"2022-10-28T03:00:00+00:00\",\"dateModified\":\"2022-11-19T11:12:35+00:00\",\"description\":\"Camisas Copa do Mundo Catar 2022 \u2013 Grupo E (Espanha, Costa Rica, Alemanha e Jap\u00e3o).\",\"breadcrumb\":{\"@id\":\"https:\/\/crentassos.com.br\/blog\/2022\/10\/camisas-copa-do-mundo-catar-2022-grupo-e.html#breadcrumb\"},\"inLanguage\":\"pt-BR\",\"potentialAction\":[{\"@type\":\"ReadAction\",\"target\":[\"https:\/\/crentassos.com.br\/blog\/2022\/10\/camisas-copa-do-mundo-catar-2022-grupo-e.html\"]}]},{\"@type\":\"ImageObject\",\"inLanguage\":\"pt-BR\",\"@id\":\"https:\/\/crentassos.com.br\/blog\/2022\/10\/camisas-copa-do-mundo-catar-2022-grupo-e.html#primaryimage\",\"url\":\"https:\/\/crentassos.com.br\/blog\/wp-content\/uploads\/2022\/10\/01-1.jpg\",\"contentUrl\":\"https:\/\/crentassos.com.br\/blog\/wp-content\/uploads\/2022\/10\/01-1.jpg\",\"width\":1920,\"height\":1080},{\"@type\":\"BreadcrumbList\",\"@id\":\"https:\/\/crentassos.com.br\/blog\/2022\/10\/camisas-copa-do-mundo-catar-2022-grupo-e.html#breadcrumb\",\"itemListElement\":[{\"@type\":\"ListItem\",\"position\":1,\"name\":\"Home\",\"item\":\"https:\/\/crentassos.com.br\/blog\/\"},{\"@type\":\"ListItem\",\"position\":2,\"name\":\"Camisas Copa do Mundo Catar 2022 \u2013 Grupo E\"}]},{\"@type\":\"WebSite\",\"@id\":\"https:\/\/crentassos.com.br\/blog\/#website\",\"url\":\"https:\/\/crentassos.com.br\/blog\/\",\"name\":\"Crentassos Produ\u00e7\u00f5es Subversivas\",\"description\":\"Podcast Crist\u00e3o, Podcrent, Da Prateleira, Artigos crist\u00e3os, Teologia, Estudos, Textos B\u00edblicos\",\"publisher\":{\"@id\":\"https:\/\/crentassos.com.br\/blog\/#organization\"},\"potentialAction\":[{\"@type\":\"SearchAction\",\"target\":{\"@type\":\"EntryPoint\",\"urlTemplate\":\"https:\/\/crentassos.com.br\/blog\/?s={search_term_string}\"},\"query-input\":{\"@type\":\"PropertyValueSpecification\",\"valueRequired\":true,\"valueName\":\"search_term_string\"}}],\"inLanguage\":\"pt-BR\"},{\"@type\":\"Organization\",\"@id\":\"https:\/\/crentassos.com.br\/blog\/#organization\",\"name\":\"Crentassos Produ\u00e7\u00f5es Subversivas\",\"url\":\"https:\/\/crentassos.com.br\/blog\/\",\"logo\":{\"@type\":\"ImageObject\",\"inLanguage\":\"pt-BR\",\"@id\":\"https:\/\/crentassos.com.br\/blog\/#\/schema\/logo\/image\/\",\"url\":\"https:\/\/crentassos.com.br\/blog\/wp-content\/uploads\/2020\/05\/cropped-crentassos1-300x300png.png\",\"contentUrl\":\"https:\/\/crentassos.com.br\/blog\/wp-content\/uploads\/2020\/05\/cropped-crentassos1-300x300png.png\",\"width\":300,\"height\":300,\"caption\":\"Crentassos Produ\u00e7\u00f5es Subversivas\"},\"image\":{\"@id\":\"https:\/\/crentassos.com.br\/blog\/#\/schema\/logo\/image\/\"},\"sameAs\":[\"http:\/\/www.facebook.com\/crentassos\",\"https:\/\/x.com\/crentassos\",\"https:\/\/www.instagram.com\/crentassos\",\"https:\/\/www.youtube.com\/crentassos\"]},{\"@type\":\"Person\",\"@id\":\"https:\/\/crentassos.com.br\/blog\/#\/schema\/person\/3f5f08a8ba3e2bc991eb2fd8f8e3988c\",\"name\":\"Tamyres Palma\",\"image\":{\"@type\":\"ImageObject\",\"inLanguage\":\"pt-BR\",\"@id\":\"https:\/\/crentassos.com.br\/blog\/#\/schema\/person\/image\/\",\"url\":\"https:\/\/secure.gravatar.com\/avatar\/9dce0caea2bafdb6394abc6c84348788083c31d52a278ed4b42bd0ee15c4ed52?s=96&d=retro&r=g\",\"contentUrl\":\"https:\/\/secure.gravatar.com\/avatar\/9dce0caea2bafdb6394abc6c84348788083c31d52a278ed4b42bd0ee15c4ed52?s=96&d=retro&r=g\",\"caption\":\"Tamyres Palma\"},\"description\":\"Tamyres Palma: formada em hist\u00f3ria, apaixonada por livros e casada com o @jonathazimmer . Maluca por Harry Potter, N\u00e1rnia e universos fant\u00e1sticos como a Terra M\u00e9dia. Apaixonada por literatura de forma geral, embora esteja longe do meu ideal de conhecimento liter\u00e1rio.\",\"sameAs\":[\"http:\/\/cafeecoberta.blogspot.com\"],\"url\":\"https:\/\/crentassos.com.br\/blog\/author\/tamyrespalma\"}]}<\/script>\n<!-- \/ Yoast SEO plugin. -->","yoast_head_json":{"title":"Camisas Copa do Mundo Catar 2022 \u2013 Grupo E - Crentassos Produ\u00e7\u00f5es Subversivas","description":"Camisas Copa do Mundo Catar 2022 \u2013 Grupo E (Espanha, Costa Rica, Alemanha e Jap\u00e3o).","robots":{"index":"index","follow":"follow","max-snippet":"max-snippet:-1","max-image-preview":"max-image-preview:large","max-video-preview":"max-video-preview:-1"},"canonical":"https:\/\/crentassos.com.br\/blog\/2022\/10\/camisas-copa-do-mundo-catar-2022-grupo-e.html","og_locale":"pt_BR","og_type":"article","og_title":"Camisas Copa do Mundo Catar 2022 \u2013 Grupo E - Crentassos Produ\u00e7\u00f5es Subversivas","og_description":"Camisas Copa do Mundo Catar 2022 \u2013 Grupo E (Espanha, Costa Rica, Alemanha e Jap\u00e3o).","og_url":"https:\/\/crentassos.com.br\/blog\/2022\/10\/camisas-copa-do-mundo-catar-2022-grupo-e.html","og_site_name":"Crentassos Produ\u00e7\u00f5es Subversivas","article_publisher":"http:\/\/www.facebook.com\/crentassos","article_published_time":"2022-10-28T03:00:00+00:00","article_modified_time":"2022-11-19T11:12:35+00:00","og_image":[{"width":1920,"height":1080,"url":"https:\/\/crentassos.com.br\/blog\/wp-content\/uploads\/2022\/10\/01-1.jpg","type":"image\/jpeg"}],"author":"Tamyres Palma","twitter_card":"summary_large_image","twitter_creator":"@crentassos","twitter_site":"@crentassos","twitter_misc":{"Escrito por":"Tamyres Palma","Est. tempo de leitura":"6 minutos"},"schema":{"@context":"https:\/\/schema.org","@graph":[{"@type":"Article","@id":"https:\/\/crentassos.com.br\/blog\/2022\/10\/camisas-copa-do-mundo-catar-2022-grupo-e.html#article","isPartOf":{"@id":"https:\/\/crentassos.com.br\/blog\/2022\/10\/camisas-copa-do-mundo-catar-2022-grupo-e.html"},"author":{"name":"Tamyres Palma","@id":"https:\/\/crentassos.com.br\/blog\/#\/schema\/person\/3f5f08a8ba3e2bc991eb2fd8f8e3988c"},"headline":"Camisas Copa do Mundo Catar 2022 \u2013 Grupo E","datePublished":"2022-10-28T03:00:00+00:00","dateModified":"2022-11-19T11:12:35+00:00","mainEntityOfPage":{"@id":"https:\/\/crentassos.com.br\/blog\/2022\/10\/camisas-copa-do-mundo-catar-2022-grupo-e.html"},"wordCount":675,"commentCount":0,"publisher":{"@id":"https:\/\/crentassos.com.br\/blog\/#organization"},"image":{"@id":"https:\/\/crentassos.com.br\/blog\/2022\/10\/camisas-copa-do-mundo-catar-2022-grupo-e.html#primaryimage"},"thumbnailUrl":"https:\/\/crentassos.com.br\/blog\/wp-content\/uploads\/2022\/10\/01-1.jpg","keywords":["alemanha","camisas","camisas da copa do mundo","copa 2022","copa do catar","copa do mundo","copa do mundo 2022","costa rica","espanha","grupo e","Jap\u00e3o"],"articleSection":["Artigos","Camisas da Copa"],"inLanguage":"pt-BR","potentialAction":[{"@type":"CommentAction","name":"Comment","target":["https:\/\/crentassos.com.br\/blog\/2022\/10\/camisas-copa-do-mundo-catar-2022-grupo-e.html#respond"]}]},{"@type":"WebPage","@id":"https:\/\/crentassos.com.br\/blog\/2022\/10\/camisas-copa-do-mundo-catar-2022-grupo-e.html","url":"https:\/\/crentassos.com.br\/blog\/2022\/10\/camisas-copa-do-mundo-catar-2022-grupo-e.html","name":"Camisas Copa do Mundo Catar 2022 \u2013 Grupo E - Crentassos Produ\u00e7\u00f5es Subversivas","isPartOf":{"@id":"https:\/\/crentassos.com.br\/blog\/#website"},"primaryImageOfPage":{"@id":"https:\/\/crentassos.com.br\/blog\/2022\/10\/camisas-copa-do-mundo-catar-2022-grupo-e.html#primaryimage"},"image":{"@id":"https:\/\/crentassos.com.br\/blog\/2022\/10\/camisas-copa-do-mundo-catar-2022-grupo-e.html#primaryimage"},"thumbnailUrl":"https:\/\/crentassos.com.br\/blog\/wp-content\/uploads\/2022\/10\/01-1.jpg","datePublished":"2022-10-28T03:00:00+00:00","dateModified":"2022-11-19T11:12:35+00:00","description":"Camisas Copa do Mundo Catar 2022 \u2013 Grupo E (Espanha, Costa Rica, Alemanha e Jap\u00e3o).","breadcrumb":{"@id":"https:\/\/crentassos.com.br\/blog\/2022\/10\/camisas-copa-do-mundo-catar-2022-grupo-e.html#breadcrumb"},"inLanguage":"pt-BR","potentialAction":[{"@type":"ReadAction","target":["https:\/\/crentassos.com.br\/blog\/2022\/10\/camisas-copa-do-mundo-catar-2022-grupo-e.html"]}]},{"@type":"ImageObject","inLanguage":"pt-BR","@id":"https:\/\/crentassos.com.br\/blog\/2022\/10\/camisas-copa-do-mundo-catar-2022-grupo-e.html#primaryimage","url":"https:\/\/crentassos.com.br\/blog\/wp-content\/uploads\/2022\/10\/01-1.jpg","contentUrl":"https:\/\/crentassos.com.br\/blog\/wp-content\/uploads\/2022\/10\/01-1.jpg","width":1920,"height":1080},{"@type":"BreadcrumbList","@id":"https:\/\/crentassos.com.br\/blog\/2022\/10\/camisas-copa-do-mundo-catar-2022-grupo-e.html#breadcrumb","itemListElement":[{"@type":"ListItem","position":1,"name":"Home","item":"https:\/\/crentassos.com.br\/blog\/"},{"@type":"ListItem","position":2,"name":"Camisas Copa do Mundo Catar 2022 \u2013 Grupo E"}]},{"@type":"WebSite","@id":"https:\/\/crentassos.com.br\/blog\/#website","url":"https:\/\/crentassos.com.br\/blog\/","name":"Crentassos Produ\u00e7\u00f5es Subversivas","description":"Podcast Crist\u00e3o, Podcrent, Da Prateleira, Artigos crist\u00e3os, Teologia, Estudos, Textos B\u00edblicos","publisher":{"@id":"https:\/\/crentassos.com.br\/blog\/#organization"},"potentialAction":[{"@type":"SearchAction","target":{"@type":"EntryPoint","urlTemplate":"https:\/\/crentassos.com.br\/blog\/?s={search_term_string}"},"query-input":{"@type":"PropertyValueSpecification","valueRequired":true,"valueName":"search_term_string"}}],"inLanguage":"pt-BR"},{"@type":"Organization","@id":"https:\/\/crentassos.com.br\/blog\/#organization","name":"Crentassos Produ\u00e7\u00f5es Subversivas","url":"https:\/\/crentassos.com.br\/blog\/","logo":{"@type":"ImageObject","inLanguage":"pt-BR","@id":"https:\/\/crentassos.com.br\/blog\/#\/schema\/logo\/image\/","url":"https:\/\/crentassos.com.br\/blog\/wp-content\/uploads\/2020\/05\/cropped-crentassos1-300x300png.png","contentUrl":"https:\/\/crentassos.com.br\/blog\/wp-content\/uploads\/2020\/05\/cropped-crentassos1-300x300png.png","width":300,"height":300,"caption":"Crentassos Produ\u00e7\u00f5es Subversivas"},"image":{"@id":"https:\/\/crentassos.com.br\/blog\/#\/schema\/logo\/image\/"},"sameAs":["http:\/\/www.facebook.com\/crentassos","https:\/\/x.com\/crentassos","https:\/\/www.instagram.com\/crentassos","https:\/\/www.youtube.com\/crentassos"]},{"@type":"Person","@id":"https:\/\/crentassos.com.br\/blog\/#\/schema\/person\/3f5f08a8ba3e2bc991eb2fd8f8e3988c","name":"Tamyres Palma","image":{"@type":"ImageObject","inLanguage":"pt-BR","@id":"https:\/\/crentassos.com.br\/blog\/#\/schema\/person\/image\/","url":"https:\/\/secure.gravatar.com\/avatar\/9dce0caea2bafdb6394abc6c84348788083c31d52a278ed4b42bd0ee15c4ed52?s=96&d=retro&r=g","contentUrl":"https:\/\/secure.gravatar.com\/avatar\/9dce0caea2bafdb6394abc6c84348788083c31d52a278ed4b42bd0ee15c4ed52?s=96&d=retro&r=g","caption":"Tamyres Palma"},"description":"Tamyres Palma: formada em hist\u00f3ria, apaixonada por livros e casada com o @jonathazimmer . Maluca por Harry Potter, N\u00e1rnia e universos fant\u00e1sticos como a Terra M\u00e9dia. Apaixonada por literatura de forma geral, embora esteja longe do meu ideal de conhecimento liter\u00e1rio.","sameAs":["http:\/\/cafeecoberta.blogspot.com"],"url":"https:\/\/crentassos.com.br\/blog\/author\/tamyrespalma"}]}},"_links":{"self":[{"href":"https:\/\/crentassos.com.br\/blog\/wp-json\/wp\/v2\/posts\/21106","targetHints":{"allow":["GET"]}}],"collection":[{"href":"https:\/\/crentassos.com.br\/blog\/wp-json\/wp\/v2\/posts"}],"about":[{"href":"https:\/\/crentassos.com.br\/blog\/wp-json\/wp\/v2\/types\/post"}],"author":[{"embeddable":true,"href":"https:\/\/crentassos.com.br\/blog\/wp-json\/wp\/v2\/users\/32"}],"replies":[{"embeddable":true,"href":"https:\/\/crentassos.com.br\/blog\/wp-json\/wp\/v2\/comments?post=21106"}],"version-history":[{"count":6,"href":"https:\/\/crentassos.com.br\/blog\/wp-json\/wp\/v2\/posts\/21106\/revisions"}],"predecessor-version":[{"id":21229,"href":"https:\/\/crentassos.com.br\/blog\/wp-json\/wp\/v2\/posts\/21106\/revisions\/21229"}],"wp:featuredmedia":[{"embeddable":true,"href":"https:\/\/crentassos.com.br\/blog\/wp-json\/wp\/v2\/media\/21093"}],"wp:attachment":[{"href":"https:\/\/crentassos.com.br\/blog\/wp-json\/wp\/v2\/media?parent=21106"}],"wp:term":[{"taxonomy":"category","embeddable":true,"href":"https:\/\/crentassos.com.br\/blog\/wp-json\/wp\/v2\/categories?post=21106"},{"taxonomy":"post_tag","embeddable":true,"href":"https:\/\/crentassos.com.br\/blog\/wp-json\/wp\/v2\/tags?post=21106"}],"curies":[{"name":"wp","href":"https:\/\/api.w.org\/{rel}","templated":true}]}}