{"id":20957,"date":"2022-09-30T01:00:16","date_gmt":"2022-09-30T03:00:16","guid":{"rendered":"https:\/\/crentassos.com.br\/blog\/?p=20957"},"modified":"2022-11-19T09:15:41","modified_gmt":"2022-11-19T11:15:41","slug":"camisas-copa-do-mundo-catar-2022-grupo-a","status":"publish","type":"post","link":"https:\/\/crentassos.com.br\/blog\/2022\/09\/camisas-copa-do-mundo-catar-2022-grupo-a.html","title":{"rendered":"Camisas Copa do Mundo Catar 2022 &#8211; Grupo A"},"content":{"rendered":"<p style=\"text-align: justify;\">Amigos e leitores queridos, chegamos a esse momento t\u00e3o esperado: a s\u00e9rie de an\u00e1lise das camisas da Copa do Mundo Catar 2022. J\u00e1 fiz essas an\u00e1lises em <a href=\"https:\/\/crentassos.com.br\/blog\/tag\/camisas-da-copa-2018\">2018<\/a> e <a href=\"https:\/\/crentassos.com.br\/blog\/2019\/05\/camisas-copa-do-mundo-franca-2019-grupo-a.html\">2019<\/a>, e como disse nos posts antigos, fa\u00e7o essa an\u00e1lise simplesmente porque eu gosto e me divirto. N\u00e3o sou especialista em moda ou futebol, apenas uma torcedora animada. Portanto, caso eu critique alguma camisa que voc\u00ea gostou, n\u00e3o me cancele. Defenda sua camisa nos coment\u00e1rios abaixo.<\/p>\n<p style=\"text-align: justify;\">\n<p style=\"text-align: justify;\"><strong>GRUPO A<\/strong><\/p>\n<p style=\"text-align: justify;\"><em>Catar<\/em><\/p>\n<p style=\"text-align: justify;\"><strong><img loading=\"lazy\" decoding=\"async\" class=\"aligncenter wp-image-20936 size-full\" src=\"https:\/\/crentassos.com.br\/blog\/wp-content\/uploads\/2022\/09\/2.png\" alt=\"\" width=\"1920\" height=\"1080\" srcset=\"https:\/\/crentassos.com.br\/blog\/wp-content\/uploads\/2022\/09\/2.png 1920w, https:\/\/crentassos.com.br\/blog\/wp-content\/uploads\/2022\/09\/2-300x169.png 300w, https:\/\/crentassos.com.br\/blog\/wp-content\/uploads\/2022\/09\/2-620x349.png 620w, https:\/\/crentassos.com.br\/blog\/wp-content\/uploads\/2022\/09\/2-275x154.png 275w, https:\/\/crentassos.com.br\/blog\/wp-content\/uploads\/2022\/09\/2-768x432.png 768w, https:\/\/crentassos.com.br\/blog\/wp-content\/uploads\/2022\/09\/2-1536x864.png 1536w\" sizes=\"auto, (max-width: 1920px) 100vw, 1920px\" \/><\/strong><\/p>\n<p style=\"text-align: justify;\"><strong>Camisa 1:<\/strong> Os anfitri\u00f5es da Copa.. gostei muito do vermelho dessa camisa e achei interessante o detalhe nas mangas da camisa. Entretanto, o s\u00edmbolo da federa\u00e7\u00e3o \u00e9 grande demais e, no centro da camisa, fica ainda mais esquisito. N\u00e3o \u00e9 feia, mas podia ser melhor.<\/p>\n<p style=\"text-align: justify;\"><img loading=\"lazy\" decoding=\"async\" class=\"aligncenter wp-image-20938 size-full\" src=\"https:\/\/crentassos.com.br\/blog\/wp-content\/uploads\/2022\/09\/4.png\" alt=\"\" width=\"1920\" height=\"1080\" srcset=\"https:\/\/crentassos.com.br\/blog\/wp-content\/uploads\/2022\/09\/4.png 1920w, https:\/\/crentassos.com.br\/blog\/wp-content\/uploads\/2022\/09\/4-300x169.png 300w, https:\/\/crentassos.com.br\/blog\/wp-content\/uploads\/2022\/09\/4-620x349.png 620w, https:\/\/crentassos.com.br\/blog\/wp-content\/uploads\/2022\/09\/4-275x154.png 275w, https:\/\/crentassos.com.br\/blog\/wp-content\/uploads\/2022\/09\/4-768x432.png 768w, https:\/\/crentassos.com.br\/blog\/wp-content\/uploads\/2022\/09\/4-1536x864.png 1536w\" sizes=\"auto, (max-width: 1920px) 100vw, 1920px\" \/><\/p>\n<p style=\"text-align: justify;\"><strong>Camisa 2:<\/strong> Os leitores antigos j\u00e1 sabem, mas tenho certa birra com camisa branca. A \u00fanica inesquec\u00edvel foi a <a href=\"https:\/\/crentassos.com.br\/blog\/2019\/05\/camisas-copa-do-mundo-franca-2019-grupo-a.html\" target=\"_blank\" rel=\"noopener\">Francesa de 2019<\/a>, e essa daqui n\u00e3o foge de minha birra. Ela j\u00e1 vem no modelo &#8220;jogo de futebol na chuva&#8221;, no qual o jogador leva bolada e fica com a lama estampada na camisa. Achei horr\u00edvel. Nem mesmo os s\u00edmbolos laterais e mais proporcionais ajudam a coitada.<\/p>\n<p style=\"text-align: justify;\">\n<p style=\"text-align: justify;\"><em>Equador<\/em><\/p>\n<p style=\"text-align: justify;\"><img loading=\"lazy\" decoding=\"async\" class=\"aligncenter wp-image-20939 size-full\" src=\"https:\/\/crentassos.com.br\/blog\/wp-content\/uploads\/2022\/09\/5.png\" alt=\"\" width=\"1920\" height=\"1080\" srcset=\"https:\/\/crentassos.com.br\/blog\/wp-content\/uploads\/2022\/09\/5.png 1920w, https:\/\/crentassos.com.br\/blog\/wp-content\/uploads\/2022\/09\/5-300x169.png 300w, https:\/\/crentassos.com.br\/blog\/wp-content\/uploads\/2022\/09\/5-620x349.png 620w, https:\/\/crentassos.com.br\/blog\/wp-content\/uploads\/2022\/09\/5-275x154.png 275w, https:\/\/crentassos.com.br\/blog\/wp-content\/uploads\/2022\/09\/5-768x432.png 768w, https:\/\/crentassos.com.br\/blog\/wp-content\/uploads\/2022\/09\/5-1536x864.png 1536w\" sizes=\"auto, (max-width: 1920px) 100vw, 1920px\" \/><\/p>\n<p style=\"text-align: justify;\"><strong>Camisa 1:<\/strong> Equador n\u00e3o esteve na Copa de 2018, mas a primeira camisa \u00e9 tipo a do Brasil: elas sempre se lembram mutuamente. \u00c9 um amarelo que s\u00f3 d\u00e1 para ter certeza se \u00e9 bonito com algu\u00e9m vestindo, porque pode ser muito gema, ou muito neon.<\/p>\n<p style=\"text-align: justify;\">Detalhe: <img loading=\"lazy\" decoding=\"async\" class=\"aligncenter wp-image-20940 size-full\" src=\"https:\/\/crentassos.com.br\/blog\/wp-content\/uploads\/2022\/09\/6.png\" alt=\"\" width=\"1920\" height=\"1080\" srcset=\"https:\/\/crentassos.com.br\/blog\/wp-content\/uploads\/2022\/09\/6.png 1920w, https:\/\/crentassos.com.br\/blog\/wp-content\/uploads\/2022\/09\/6-300x169.png 300w, https:\/\/crentassos.com.br\/blog\/wp-content\/uploads\/2022\/09\/6-620x349.png 620w, https:\/\/crentassos.com.br\/blog\/wp-content\/uploads\/2022\/09\/6-275x154.png 275w, https:\/\/crentassos.com.br\/blog\/wp-content\/uploads\/2022\/09\/6-768x432.png 768w, https:\/\/crentassos.com.br\/blog\/wp-content\/uploads\/2022\/09\/6-1536x864.png 1536w\" sizes=\"auto, (max-width: 1920px) 100vw, 1920px\" \/><\/p>\n<p style=\"text-align: justify;\">Eu achei maravilhosos os elementos gr\u00e1ficos dessa camisa: o detalhe do avesso do escudo com essas ilustra\u00e7\u00f5es \u00e9tnicas, o mapa do pa\u00eds com os detalhe da latitude zero do pa\u00eds, que recebe o nome da pr\u00f3pria Linha do Equador. Simples, mas legal, criativo e com muita personalidade.<\/p>\n<p style=\"text-align: justify;\"><img loading=\"lazy\" decoding=\"async\" class=\"aligncenter wp-image-20941 size-full\" src=\"https:\/\/crentassos.com.br\/blog\/wp-content\/uploads\/2022\/09\/7.png\" alt=\"\" width=\"1920\" height=\"1080\" srcset=\"https:\/\/crentassos.com.br\/blog\/wp-content\/uploads\/2022\/09\/7.png 1920w, https:\/\/crentassos.com.br\/blog\/wp-content\/uploads\/2022\/09\/7-300x169.png 300w, https:\/\/crentassos.com.br\/blog\/wp-content\/uploads\/2022\/09\/7-620x349.png 620w, https:\/\/crentassos.com.br\/blog\/wp-content\/uploads\/2022\/09\/7-275x154.png 275w, https:\/\/crentassos.com.br\/blog\/wp-content\/uploads\/2022\/09\/7-768x432.png 768w, https:\/\/crentassos.com.br\/blog\/wp-content\/uploads\/2022\/09\/7-1536x864.png 1536w\" sizes=\"auto, (max-width: 1920px) 100vw, 1920px\" \/><\/p>\n<p style=\"text-align: justify;\"><strong>Camisa 2:<\/strong> Uma das fortes candidatas a mais linda da Copa. Linda demais! Jonatha ainda n\u00e3o me deixou ver as demais camisas da Copa, mas essa daqui t\u00e1 sensacional. Eu amei a padronagem meio tot\u00eamica da parte da frente, o azul escuro e profundo da camisa \u00e9 impec\u00e1vel e a simplicidade das costas fecham tudo com chave de ouro. Tomara que o padr\u00e3o de nome e n\u00famero seja bonito na vers\u00e3o final.<\/p>\n<p style=\"text-align: justify;\">Detalhe:<\/p>\n<p style=\"text-align: justify;\"><img loading=\"lazy\" decoding=\"async\" class=\"aligncenter wp-image-20942 size-full\" src=\"https:\/\/crentassos.com.br\/blog\/wp-content\/uploads\/2022\/09\/8.png\" alt=\"\" width=\"1920\" height=\"1080\" srcset=\"https:\/\/crentassos.com.br\/blog\/wp-content\/uploads\/2022\/09\/8.png 1920w, https:\/\/crentassos.com.br\/blog\/wp-content\/uploads\/2022\/09\/8-300x169.png 300w, https:\/\/crentassos.com.br\/blog\/wp-content\/uploads\/2022\/09\/8-620x349.png 620w, https:\/\/crentassos.com.br\/blog\/wp-content\/uploads\/2022\/09\/8-275x154.png 275w, https:\/\/crentassos.com.br\/blog\/wp-content\/uploads\/2022\/09\/8-768x432.png 768w, https:\/\/crentassos.com.br\/blog\/wp-content\/uploads\/2022\/09\/8-1536x864.png 1536w\" sizes=\"auto, (max-width: 1920px) 100vw, 1920px\" \/><\/p>\n<p style=\"text-align: justify;\">\n<p style=\"text-align: justify;\"><em>Senegal<\/em><\/p>\n<p style=\"text-align: justify;\"><img loading=\"lazy\" decoding=\"async\" class=\"aligncenter wp-image-20943 size-full\" src=\"https:\/\/crentassos.com.br\/blog\/wp-content\/uploads\/2022\/09\/9.png\" alt=\"\" width=\"1920\" height=\"1080\" srcset=\"https:\/\/crentassos.com.br\/blog\/wp-content\/uploads\/2022\/09\/9.png 1920w, https:\/\/crentassos.com.br\/blog\/wp-content\/uploads\/2022\/09\/9-300x169.png 300w, https:\/\/crentassos.com.br\/blog\/wp-content\/uploads\/2022\/09\/9-620x349.png 620w, https:\/\/crentassos.com.br\/blog\/wp-content\/uploads\/2022\/09\/9-275x154.png 275w, https:\/\/crentassos.com.br\/blog\/wp-content\/uploads\/2022\/09\/9-768x432.png 768w, https:\/\/crentassos.com.br\/blog\/wp-content\/uploads\/2022\/09\/9-1536x864.png 1536w\" sizes=\"auto, (max-width: 1920px) 100vw, 1920px\" \/><\/p>\n<p style=\"text-align: justify;\"><strong>Camisa 1:<\/strong> O fato de ser branca dep\u00f5e contra a camisa, mas essas cores &#8220;marca texto&#8221; do peito, gola e mangas da camisa deixam ela ainda pior, na minha opini\u00e3o. Parece camisa de clube amador.<\/p>\n<p style=\"text-align: justify;\"><img loading=\"lazy\" decoding=\"async\" class=\"aligncenter wp-image-20945 size-full\" src=\"https:\/\/crentassos.com.br\/blog\/wp-content\/uploads\/2022\/09\/11.png\" alt=\"\" width=\"1920\" height=\"1080\" srcset=\"https:\/\/crentassos.com.br\/blog\/wp-content\/uploads\/2022\/09\/11.png 1920w, https:\/\/crentassos.com.br\/blog\/wp-content\/uploads\/2022\/09\/11-300x169.png 300w, https:\/\/crentassos.com.br\/blog\/wp-content\/uploads\/2022\/09\/11-620x349.png 620w, https:\/\/crentassos.com.br\/blog\/wp-content\/uploads\/2022\/09\/11-275x154.png 275w, https:\/\/crentassos.com.br\/blog\/wp-content\/uploads\/2022\/09\/11-768x432.png 768w, https:\/\/crentassos.com.br\/blog\/wp-content\/uploads\/2022\/09\/11-1536x864.png 1536w\" sizes=\"auto, (max-width: 1920px) 100vw, 1920px\" \/><\/p>\n<p style=\"text-align: justify;\">Camisa 2: Senegal veio forte na tend\u00eancia &#8220;camisas feias&#8221;. O que \u00e9 aquela marca d&#8217;\u00e1gua no centro da camisa? Marca\u00e7\u00e3o de nota verdadeira de dinheiro, minha gente?! Achei muito estranha.<\/p>\n<p style=\"text-align: justify;\">Detalhe: <img loading=\"lazy\" decoding=\"async\" class=\"aligncenter wp-image-20946 size-full\" src=\"https:\/\/crentassos.com.br\/blog\/wp-content\/uploads\/2022\/09\/12.png\" alt=\"\" width=\"1920\" height=\"1080\" srcset=\"https:\/\/crentassos.com.br\/blog\/wp-content\/uploads\/2022\/09\/12.png 1920w, https:\/\/crentassos.com.br\/blog\/wp-content\/uploads\/2022\/09\/12-300x169.png 300w, https:\/\/crentassos.com.br\/blog\/wp-content\/uploads\/2022\/09\/12-620x349.png 620w, https:\/\/crentassos.com.br\/blog\/wp-content\/uploads\/2022\/09\/12-275x154.png 275w, https:\/\/crentassos.com.br\/blog\/wp-content\/uploads\/2022\/09\/12-768x432.png 768w, https:\/\/crentassos.com.br\/blog\/wp-content\/uploads\/2022\/09\/12-1536x864.png 1536w\" sizes=\"auto, (max-width: 1920px) 100vw, 1920px\" \/><\/p>\n<p style=\"text-align: justify;\">Gosto do logo da associa\u00e7\u00e3o de futebol, porque o desenho do le\u00e3o \u00e9 bonito, e as cores s\u00e3o bacanas juntas, mas ficam por a\u00ed meus elogios.<\/p>\n<p style=\"text-align: justify;\">\n<p style=\"text-align: justify;\"><em>Pa\u00edses Baixos<\/em><\/p>\n<p style=\"text-align: justify;\"><img loading=\"lazy\" decoding=\"async\" class=\"aligncenter wp-image-20947 size-full\" src=\"https:\/\/crentassos.com.br\/blog\/wp-content\/uploads\/2022\/09\/13.png\" alt=\"\" width=\"1920\" height=\"1080\" srcset=\"https:\/\/crentassos.com.br\/blog\/wp-content\/uploads\/2022\/09\/13.png 1920w, https:\/\/crentassos.com.br\/blog\/wp-content\/uploads\/2022\/09\/13-300x169.png 300w, https:\/\/crentassos.com.br\/blog\/wp-content\/uploads\/2022\/09\/13-620x349.png 620w, https:\/\/crentassos.com.br\/blog\/wp-content\/uploads\/2022\/09\/13-275x154.png 275w, https:\/\/crentassos.com.br\/blog\/wp-content\/uploads\/2022\/09\/13-768x432.png 768w, https:\/\/crentassos.com.br\/blog\/wp-content\/uploads\/2022\/09\/13-1536x864.png 1536w\" sizes=\"auto, (max-width: 1920px) 100vw, 1920px\" \/><\/p>\n<p style=\"text-align: justify;\"><strong>Camisa 1:<\/strong> O que t\u00e1 acontecendo aqui? A camisa parece o sof\u00e1 da casa da v\u00f3, que tem aquela colcha de veludo falso por cima para esconder as imperfei\u00e7\u00f5es do tempo. E quando a gente senta, fica todo marcado com nossa bunda. Saudades camisas legais dos Pa\u00edses Baixos (e n\u00e3o mais Holanda, viu, galera).<\/p>\n<p style=\"text-align: justify;\">Detalhe:<\/p>\n<p style=\"text-align: justify;\"><img loading=\"lazy\" decoding=\"async\" class=\"aligncenter wp-image-20948 size-full\" src=\"https:\/\/crentassos.com.br\/blog\/wp-content\/uploads\/2022\/09\/14.png\" alt=\"\" width=\"1920\" height=\"1080\" srcset=\"https:\/\/crentassos.com.br\/blog\/wp-content\/uploads\/2022\/09\/14.png 1920w, https:\/\/crentassos.com.br\/blog\/wp-content\/uploads\/2022\/09\/14-300x169.png 300w, https:\/\/crentassos.com.br\/blog\/wp-content\/uploads\/2022\/09\/14-620x349.png 620w, https:\/\/crentassos.com.br\/blog\/wp-content\/uploads\/2022\/09\/14-275x154.png 275w, https:\/\/crentassos.com.br\/blog\/wp-content\/uploads\/2022\/09\/14-768x432.png 768w, https:\/\/crentassos.com.br\/blog\/wp-content\/uploads\/2022\/09\/14-1536x864.png 1536w\" sizes=\"auto, (max-width: 1920px) 100vw, 1920px\" \/><\/p>\n<p style=\"text-align: justify;\">O escudo deles \u00e9 legal demais com esse le\u00e3o nervos\u00e3o.<\/p>\n<p style=\"text-align: justify;\"><img loading=\"lazy\" decoding=\"async\" class=\"aligncenter wp-image-20949 size-full\" src=\"https:\/\/crentassos.com.br\/blog\/wp-content\/uploads\/2022\/09\/15.png\" alt=\"\" width=\"1920\" height=\"1080\" srcset=\"https:\/\/crentassos.com.br\/blog\/wp-content\/uploads\/2022\/09\/15.png 1920w, https:\/\/crentassos.com.br\/blog\/wp-content\/uploads\/2022\/09\/15-300x169.png 300w, https:\/\/crentassos.com.br\/blog\/wp-content\/uploads\/2022\/09\/15-620x349.png 620w, https:\/\/crentassos.com.br\/blog\/wp-content\/uploads\/2022\/09\/15-275x154.png 275w, https:\/\/crentassos.com.br\/blog\/wp-content\/uploads\/2022\/09\/15-768x432.png 768w, https:\/\/crentassos.com.br\/blog\/wp-content\/uploads\/2022\/09\/15-1536x864.png 1536w\" sizes=\"auto, (max-width: 1920px) 100vw, 1920px\" \/><\/p>\n<p style=\"text-align: justify;\"><strong>Camisa 2:<\/strong> Por favor, gente, me ajudem. O azul da camisa \u00e9 bonito, mas o modelo \u00e9 estranho, <a href=\"https:\/\/www.footyheadlines.com\/2021\/11\/netherlands-2022-world-cup-home-kit.html\" target=\"_blank\" rel=\"noopener\">e fica ainda mais esquisito vestido<\/a>. N\u00e3o tem gra\u00e7a, n\u00e3o tem vida, \u00e9 completamente esquec\u00edvel essa camisa. Veio fraco esse ano, seu Pa\u00edses Baixos.<\/p>\n<p><strong>Conhe\u00e7a as camisas das outras sele\u00e7\u00f5es:<\/strong><\/p>\n<p><a href=\"https:\/\/crentassos.com.br\/blog\/2022\/10\/camisas-copa-do-mundo-catar-2022-grupo-b.html\"><em>*Minha opini\u00e3o sobre as camisas do Grupo B (Inglaterra, Ir\u00e3, Estados Unidos e Pa\u00eds de Gales).<\/em><\/a><br \/>\n<a href=\"https:\/\/crentassos.com.br\/blog\/2022\/10\/camisas-copa-do-mundo-catar-2022-grupo-c.html\"><em>*Minha opini\u00e3o sobre as camisas do Grupo C (Argentina, Ar\u00e1bia Saudita, M\u00e9xico e Pol\u00f4nia).<\/em><\/a><br \/>\n<em><a href=\"https:\/\/crentassos.com.br\/blog\/2022\/10\/camisas-copa-do-mundo-catar-2022-grupo-d.html\">*Minha opini\u00e3o sobre as camisas do Grupo D (Fran\u00e7a, Austr\u00e1lia, Dinamarca e Tun\u00edsia).<\/a><\/em><br \/>\n<em><a href=\"https:\/\/crentassos.com.br\/blog\/2022\/10\/camisas-copa-do-mundo-catar-2022-grupo-e.html\">*Minha opini\u00e3o sobre as camisas do Grupo E (Espanha, Costa Rica, Alemanha e Jap\u00e3o).<\/a><\/em><br \/>\n<em><a href=\"https:\/\/crentassos.com.br\/blog\/2022\/11\/camisas-copa-do-mundo-catar-2022-grupo-f.html\">*Minha opini\u00e3o sobre as camisas do Grupo F (B\u00e9lgica, Canad\u00e1, Marrocos e Cro\u00e1cia).<\/a><\/em><br \/>\n<em><a href=\"https:\/\/crentassos.com.br\/blog\/2022\/11\/camisas-copa-do-mundo-catar-2022-grupo-g.html\">*Minha opini\u00e3o sobre as camisas do Grupo G (Brasil, S\u00e9rvia, Su\u00ed\u00e7a e Camar\u00f5es).<\/a><\/em><br \/>\n<a href=\"https:\/\/crentassos.com.br\/blog\/2022\/11\/camisas-copa-do-mundo-catar-2022-grupo-h.html\"><em>*Minha opini\u00e3o sobre as camisas do grupo H (Portugal, Gana, Uruguai e Coreia do Sul).<\/em><\/a><\/p>\n","protected":false},"excerpt":{"rendered":"<p>Amigos e leitores queridos, chegamos a esse momento t\u00e3o esperado: a s\u00e9rie de an\u00e1lise das camisas da Copa do Mundo Catar 2022. [&hellip;]<\/p>\n","protected":false},"author":32,"featured_media":20935,"comment_status":"open","ping_status":"open","sticky":false,"template":"","format":"standard","meta":{"_exactmetrics_skip_tracking":false,"_exactmetrics_sitenote_active":false,"_exactmetrics_sitenote_note":"","_exactmetrics_sitenote_category":0,"footnotes":"","_links_to":"","_links_to_target":""},"categories":[112,8160],"tags":[8152,8154,8153,8146,8151,8150,8147,8149,2132,8148,2126],"class_list":{"0":"post-20957","1":"post","2":"type-post","3":"status-publish","4":"format-standard","5":"has-post-thumbnail","6":"hentry","7":"category-artigos","8":"category-camisas-da-copa","9":"tag-camisa-da-copa","10":"tag-camisas-da-copa-2022","11":"tag-camisas-da-copa-do-mundo","12":"tag-catar","13":"tag-catar-2022","14":"tag-copa-do-mundo-2022","15":"tag-equador","16":"tag-grupo-a","17":"tag-holanda","18":"tag-paises-baixos","19":"tag-senegal","21":"post-with-thumbnail","22":"post-with-thumbnail-large"},"yoast_head":"<!-- This site is optimized with the Yoast SEO plugin v27.1.1 - https:\/\/yoast.com\/product\/yoast-seo-wordpress\/ -->\n<title>Camisas Copa do Mundo Catar 2022 - Grupo A - Crentassos Produ\u00e7\u00f5es Subversivas<\/title>\n<meta name=\"description\" content=\"An\u00e1lise das camisas de Catar, Equador, Senegal e Pa\u00edses Baixos para a Copa do Mundo Catar 2022.\" \/>\n<meta name=\"robots\" content=\"index, follow, max-snippet:-1, max-image-preview:large, max-video-preview:-1\" \/>\n<link rel=\"canonical\" href=\"https:\/\/crentassos.com.br\/blog\/2022\/09\/camisas-copa-do-mundo-catar-2022-grupo-a.html\" \/>\n<meta property=\"og:locale\" content=\"pt_BR\" \/>\n<meta property=\"og:type\" content=\"article\" \/>\n<meta property=\"og:title\" content=\"Camisas Copa do Mundo Catar 2022 - Grupo A - Crentassos Produ\u00e7\u00f5es Subversivas\" \/>\n<meta property=\"og:description\" content=\"An\u00e1lise das camisas de Catar, Equador, Senegal e Pa\u00edses Baixos para a Copa do Mundo Catar 2022.\" \/>\n<meta property=\"og:url\" content=\"https:\/\/crentassos.com.br\/blog\/2022\/09\/camisas-copa-do-mundo-catar-2022-grupo-a.html\" \/>\n<meta property=\"og:site_name\" content=\"Crentassos Produ\u00e7\u00f5es Subversivas\" \/>\n<meta property=\"article:publisher\" content=\"http:\/\/www.facebook.com\/crentassos\" \/>\n<meta property=\"article:published_time\" content=\"2022-09-30T03:00:16+00:00\" \/>\n<meta property=\"article:modified_time\" content=\"2022-11-19T11:15:41+00:00\" \/>\n<meta property=\"og:image\" content=\"https:\/\/crentassos.com.br\/blog\/wp-content\/uploads\/2022\/09\/1-620x349.png\" \/>\n\t<meta property=\"og:image:width\" content=\"620\" \/>\n\t<meta property=\"og:image:height\" content=\"349\" \/>\n\t<meta property=\"og:image:type\" content=\"image\/png\" \/>\n<meta name=\"author\" content=\"Tamyres Palma\" \/>\n<meta name=\"twitter:card\" content=\"summary_large_image\" \/>\n<meta name=\"twitter:creator\" content=\"@crentassos\" \/>\n<meta name=\"twitter:site\" content=\"@crentassos\" \/>\n<meta name=\"twitter:label1\" content=\"Escrito por\" \/>\n\t<meta name=\"twitter:data1\" content=\"Tamyres Palma\" \/>\n\t<meta name=\"twitter:label2\" content=\"Est. tempo de leitura\" \/>\n\t<meta name=\"twitter:data2\" content=\"7 minutos\" \/>\n<script type=\"application\/ld+json\" class=\"yoast-schema-graph\">{\"@context\":\"https:\/\/schema.org\",\"@graph\":[{\"@type\":\"Article\",\"@id\":\"https:\/\/crentassos.com.br\/blog\/2022\/09\/camisas-copa-do-mundo-catar-2022-grupo-a.html#article\",\"isPartOf\":{\"@id\":\"https:\/\/crentassos.com.br\/blog\/2022\/09\/camisas-copa-do-mundo-catar-2022-grupo-a.html\"},\"author\":{\"name\":\"Tamyres Palma\",\"@id\":\"https:\/\/crentassos.com.br\/blog\/#\/schema\/person\/3f5f08a8ba3e2bc991eb2fd8f8e3988c\"},\"headline\":\"Camisas Copa do Mundo Catar 2022 &#8211; Grupo A\",\"datePublished\":\"2022-09-30T03:00:16+00:00\",\"dateModified\":\"2022-11-19T11:15:41+00:00\",\"mainEntityOfPage\":{\"@id\":\"https:\/\/crentassos.com.br\/blog\/2022\/09\/camisas-copa-do-mundo-catar-2022-grupo-a.html\"},\"wordCount\":718,\"commentCount\":0,\"publisher\":{\"@id\":\"https:\/\/crentassos.com.br\/blog\/#organization\"},\"image\":{\"@id\":\"https:\/\/crentassos.com.br\/blog\/2022\/09\/camisas-copa-do-mundo-catar-2022-grupo-a.html#primaryimage\"},\"thumbnailUrl\":\"https:\/\/crentassos.com.br\/blog\/wp-content\/uploads\/2022\/09\/1.png\",\"keywords\":[\"camisa da copa\",\"camisas da copa 2022\",\"camisas da copa do mundo\",\"catar\",\"catar 2022\",\"copa do mundo 2022\",\"equador\",\"grupo a\",\"holanda\",\"pa\u00edses baixos\",\"senegal\"],\"articleSection\":[\"Artigos\",\"Camisas da Copa\"],\"inLanguage\":\"pt-BR\",\"potentialAction\":[{\"@type\":\"CommentAction\",\"name\":\"Comment\",\"target\":[\"https:\/\/crentassos.com.br\/blog\/2022\/09\/camisas-copa-do-mundo-catar-2022-grupo-a.html#respond\"]}]},{\"@type\":\"WebPage\",\"@id\":\"https:\/\/crentassos.com.br\/blog\/2022\/09\/camisas-copa-do-mundo-catar-2022-grupo-a.html\",\"url\":\"https:\/\/crentassos.com.br\/blog\/2022\/09\/camisas-copa-do-mundo-catar-2022-grupo-a.html\",\"name\":\"Camisas Copa do Mundo Catar 2022 - Grupo A - Crentassos Produ\u00e7\u00f5es Subversivas\",\"isPartOf\":{\"@id\":\"https:\/\/crentassos.com.br\/blog\/#website\"},\"primaryImageOfPage\":{\"@id\":\"https:\/\/crentassos.com.br\/blog\/2022\/09\/camisas-copa-do-mundo-catar-2022-grupo-a.html#primaryimage\"},\"image\":{\"@id\":\"https:\/\/crentassos.com.br\/blog\/2022\/09\/camisas-copa-do-mundo-catar-2022-grupo-a.html#primaryimage\"},\"thumbnailUrl\":\"https:\/\/crentassos.com.br\/blog\/wp-content\/uploads\/2022\/09\/1.png\",\"datePublished\":\"2022-09-30T03:00:16+00:00\",\"dateModified\":\"2022-11-19T11:15:41+00:00\",\"description\":\"An\u00e1lise das camisas de Catar, Equador, Senegal e Pa\u00edses Baixos para a Copa do Mundo Catar 2022.\",\"breadcrumb\":{\"@id\":\"https:\/\/crentassos.com.br\/blog\/2022\/09\/camisas-copa-do-mundo-catar-2022-grupo-a.html#breadcrumb\"},\"inLanguage\":\"pt-BR\",\"potentialAction\":[{\"@type\":\"ReadAction\",\"target\":[\"https:\/\/crentassos.com.br\/blog\/2022\/09\/camisas-copa-do-mundo-catar-2022-grupo-a.html\"]}]},{\"@type\":\"ImageObject\",\"inLanguage\":\"pt-BR\",\"@id\":\"https:\/\/crentassos.com.br\/blog\/2022\/09\/camisas-copa-do-mundo-catar-2022-grupo-a.html#primaryimage\",\"url\":\"https:\/\/crentassos.com.br\/blog\/wp-content\/uploads\/2022\/09\/1.png\",\"contentUrl\":\"https:\/\/crentassos.com.br\/blog\/wp-content\/uploads\/2022\/09\/1.png\",\"width\":1920,\"height\":1080},{\"@type\":\"BreadcrumbList\",\"@id\":\"https:\/\/crentassos.com.br\/blog\/2022\/09\/camisas-copa-do-mundo-catar-2022-grupo-a.html#breadcrumb\",\"itemListElement\":[{\"@type\":\"ListItem\",\"position\":1,\"name\":\"Home\",\"item\":\"https:\/\/crentassos.com.br\/blog\/\"},{\"@type\":\"ListItem\",\"position\":2,\"name\":\"Camisas Copa do Mundo Catar 2022 &#8211; Grupo A\"}]},{\"@type\":\"WebSite\",\"@id\":\"https:\/\/crentassos.com.br\/blog\/#website\",\"url\":\"https:\/\/crentassos.com.br\/blog\/\",\"name\":\"Crentassos Produ\u00e7\u00f5es Subversivas\",\"description\":\"Podcast Crist\u00e3o, Podcrent, Da Prateleira, Artigos crist\u00e3os, Teologia, Estudos, Textos B\u00edblicos\",\"publisher\":{\"@id\":\"https:\/\/crentassos.com.br\/blog\/#organization\"},\"potentialAction\":[{\"@type\":\"SearchAction\",\"target\":{\"@type\":\"EntryPoint\",\"urlTemplate\":\"https:\/\/crentassos.com.br\/blog\/?s={search_term_string}\"},\"query-input\":{\"@type\":\"PropertyValueSpecification\",\"valueRequired\":true,\"valueName\":\"search_term_string\"}}],\"inLanguage\":\"pt-BR\"},{\"@type\":\"Organization\",\"@id\":\"https:\/\/crentassos.com.br\/blog\/#organization\",\"name\":\"Crentassos Produ\u00e7\u00f5es Subversivas\",\"url\":\"https:\/\/crentassos.com.br\/blog\/\",\"logo\":{\"@type\":\"ImageObject\",\"inLanguage\":\"pt-BR\",\"@id\":\"https:\/\/crentassos.com.br\/blog\/#\/schema\/logo\/image\/\",\"url\":\"https:\/\/crentassos.com.br\/blog\/wp-content\/uploads\/2020\/05\/cropped-crentassos1-300x300png.png\",\"contentUrl\":\"https:\/\/crentassos.com.br\/blog\/wp-content\/uploads\/2020\/05\/cropped-crentassos1-300x300png.png\",\"width\":300,\"height\":300,\"caption\":\"Crentassos Produ\u00e7\u00f5es Subversivas\"},\"image\":{\"@id\":\"https:\/\/crentassos.com.br\/blog\/#\/schema\/logo\/image\/\"},\"sameAs\":[\"http:\/\/www.facebook.com\/crentassos\",\"https:\/\/x.com\/crentassos\",\"https:\/\/www.instagram.com\/crentassos\",\"https:\/\/www.youtube.com\/crentassos\"]},{\"@type\":\"Person\",\"@id\":\"https:\/\/crentassos.com.br\/blog\/#\/schema\/person\/3f5f08a8ba3e2bc991eb2fd8f8e3988c\",\"name\":\"Tamyres Palma\",\"image\":{\"@type\":\"ImageObject\",\"inLanguage\":\"pt-BR\",\"@id\":\"https:\/\/crentassos.com.br\/blog\/#\/schema\/person\/image\/\",\"url\":\"https:\/\/secure.gravatar.com\/avatar\/9dce0caea2bafdb6394abc6c84348788083c31d52a278ed4b42bd0ee15c4ed52?s=96&d=retro&r=g\",\"contentUrl\":\"https:\/\/secure.gravatar.com\/avatar\/9dce0caea2bafdb6394abc6c84348788083c31d52a278ed4b42bd0ee15c4ed52?s=96&d=retro&r=g\",\"caption\":\"Tamyres Palma\"},\"description\":\"Tamyres Palma: formada em hist\u00f3ria, apaixonada por livros e casada com o @jonathazimmer . Maluca por Harry Potter, N\u00e1rnia e universos fant\u00e1sticos como a Terra M\u00e9dia. Apaixonada por literatura de forma geral, embora esteja longe do meu ideal de conhecimento liter\u00e1rio.\",\"sameAs\":[\"http:\/\/cafeecoberta.blogspot.com\"],\"url\":\"https:\/\/crentassos.com.br\/blog\/author\/tamyrespalma\"}]}<\/script>\n<!-- \/ Yoast SEO plugin. -->","yoast_head_json":{"title":"Camisas Copa do Mundo Catar 2022 - Grupo A - Crentassos Produ\u00e7\u00f5es Subversivas","description":"An\u00e1lise das camisas de Catar, Equador, Senegal e Pa\u00edses Baixos para a Copa do Mundo Catar 2022.","robots":{"index":"index","follow":"follow","max-snippet":"max-snippet:-1","max-image-preview":"max-image-preview:large","max-video-preview":"max-video-preview:-1"},"canonical":"https:\/\/crentassos.com.br\/blog\/2022\/09\/camisas-copa-do-mundo-catar-2022-grupo-a.html","og_locale":"pt_BR","og_type":"article","og_title":"Camisas Copa do Mundo Catar 2022 - Grupo A - Crentassos Produ\u00e7\u00f5es Subversivas","og_description":"An\u00e1lise das camisas de Catar, Equador, Senegal e Pa\u00edses Baixos para a Copa do Mundo Catar 2022.","og_url":"https:\/\/crentassos.com.br\/blog\/2022\/09\/camisas-copa-do-mundo-catar-2022-grupo-a.html","og_site_name":"Crentassos Produ\u00e7\u00f5es Subversivas","article_publisher":"http:\/\/www.facebook.com\/crentassos","article_published_time":"2022-09-30T03:00:16+00:00","article_modified_time":"2022-11-19T11:15:41+00:00","og_image":[{"width":620,"height":349,"url":"https:\/\/crentassos.com.br\/blog\/wp-content\/uploads\/2022\/09\/1-620x349.png","type":"image\/png"}],"author":"Tamyres Palma","twitter_card":"summary_large_image","twitter_creator":"@crentassos","twitter_site":"@crentassos","twitter_misc":{"Escrito por":"Tamyres Palma","Est. tempo de leitura":"7 minutos"},"schema":{"@context":"https:\/\/schema.org","@graph":[{"@type":"Article","@id":"https:\/\/crentassos.com.br\/blog\/2022\/09\/camisas-copa-do-mundo-catar-2022-grupo-a.html#article","isPartOf":{"@id":"https:\/\/crentassos.com.br\/blog\/2022\/09\/camisas-copa-do-mundo-catar-2022-grupo-a.html"},"author":{"name":"Tamyres Palma","@id":"https:\/\/crentassos.com.br\/blog\/#\/schema\/person\/3f5f08a8ba3e2bc991eb2fd8f8e3988c"},"headline":"Camisas Copa do Mundo Catar 2022 &#8211; Grupo A","datePublished":"2022-09-30T03:00:16+00:00","dateModified":"2022-11-19T11:15:41+00:00","mainEntityOfPage":{"@id":"https:\/\/crentassos.com.br\/blog\/2022\/09\/camisas-copa-do-mundo-catar-2022-grupo-a.html"},"wordCount":718,"commentCount":0,"publisher":{"@id":"https:\/\/crentassos.com.br\/blog\/#organization"},"image":{"@id":"https:\/\/crentassos.com.br\/blog\/2022\/09\/camisas-copa-do-mundo-catar-2022-grupo-a.html#primaryimage"},"thumbnailUrl":"https:\/\/crentassos.com.br\/blog\/wp-content\/uploads\/2022\/09\/1.png","keywords":["camisa da copa","camisas da copa 2022","camisas da copa do mundo","catar","catar 2022","copa do mundo 2022","equador","grupo a","holanda","pa\u00edses baixos","senegal"],"articleSection":["Artigos","Camisas da Copa"],"inLanguage":"pt-BR","potentialAction":[{"@type":"CommentAction","name":"Comment","target":["https:\/\/crentassos.com.br\/blog\/2022\/09\/camisas-copa-do-mundo-catar-2022-grupo-a.html#respond"]}]},{"@type":"WebPage","@id":"https:\/\/crentassos.com.br\/blog\/2022\/09\/camisas-copa-do-mundo-catar-2022-grupo-a.html","url":"https:\/\/crentassos.com.br\/blog\/2022\/09\/camisas-copa-do-mundo-catar-2022-grupo-a.html","name":"Camisas Copa do Mundo Catar 2022 - Grupo A - Crentassos Produ\u00e7\u00f5es Subversivas","isPartOf":{"@id":"https:\/\/crentassos.com.br\/blog\/#website"},"primaryImageOfPage":{"@id":"https:\/\/crentassos.com.br\/blog\/2022\/09\/camisas-copa-do-mundo-catar-2022-grupo-a.html#primaryimage"},"image":{"@id":"https:\/\/crentassos.com.br\/blog\/2022\/09\/camisas-copa-do-mundo-catar-2022-grupo-a.html#primaryimage"},"thumbnailUrl":"https:\/\/crentassos.com.br\/blog\/wp-content\/uploads\/2022\/09\/1.png","datePublished":"2022-09-30T03:00:16+00:00","dateModified":"2022-11-19T11:15:41+00:00","description":"An\u00e1lise das camisas de Catar, Equador, Senegal e Pa\u00edses Baixos para a Copa do Mundo Catar 2022.","breadcrumb":{"@id":"https:\/\/crentassos.com.br\/blog\/2022\/09\/camisas-copa-do-mundo-catar-2022-grupo-a.html#breadcrumb"},"inLanguage":"pt-BR","potentialAction":[{"@type":"ReadAction","target":["https:\/\/crentassos.com.br\/blog\/2022\/09\/camisas-copa-do-mundo-catar-2022-grupo-a.html"]}]},{"@type":"ImageObject","inLanguage":"pt-BR","@id":"https:\/\/crentassos.com.br\/blog\/2022\/09\/camisas-copa-do-mundo-catar-2022-grupo-a.html#primaryimage","url":"https:\/\/crentassos.com.br\/blog\/wp-content\/uploads\/2022\/09\/1.png","contentUrl":"https:\/\/crentassos.com.br\/blog\/wp-content\/uploads\/2022\/09\/1.png","width":1920,"height":1080},{"@type":"BreadcrumbList","@id":"https:\/\/crentassos.com.br\/blog\/2022\/09\/camisas-copa-do-mundo-catar-2022-grupo-a.html#breadcrumb","itemListElement":[{"@type":"ListItem","position":1,"name":"Home","item":"https:\/\/crentassos.com.br\/blog\/"},{"@type":"ListItem","position":2,"name":"Camisas Copa do Mundo Catar 2022 &#8211; Grupo A"}]},{"@type":"WebSite","@id":"https:\/\/crentassos.com.br\/blog\/#website","url":"https:\/\/crentassos.com.br\/blog\/","name":"Crentassos Produ\u00e7\u00f5es Subversivas","description":"Podcast Crist\u00e3o, Podcrent, Da Prateleira, Artigos crist\u00e3os, Teologia, Estudos, Textos B\u00edblicos","publisher":{"@id":"https:\/\/crentassos.com.br\/blog\/#organization"},"potentialAction":[{"@type":"SearchAction","target":{"@type":"EntryPoint","urlTemplate":"https:\/\/crentassos.com.br\/blog\/?s={search_term_string}"},"query-input":{"@type":"PropertyValueSpecification","valueRequired":true,"valueName":"search_term_string"}}],"inLanguage":"pt-BR"},{"@type":"Organization","@id":"https:\/\/crentassos.com.br\/blog\/#organization","name":"Crentassos Produ\u00e7\u00f5es Subversivas","url":"https:\/\/crentassos.com.br\/blog\/","logo":{"@type":"ImageObject","inLanguage":"pt-BR","@id":"https:\/\/crentassos.com.br\/blog\/#\/schema\/logo\/image\/","url":"https:\/\/crentassos.com.br\/blog\/wp-content\/uploads\/2020\/05\/cropped-crentassos1-300x300png.png","contentUrl":"https:\/\/crentassos.com.br\/blog\/wp-content\/uploads\/2020\/05\/cropped-crentassos1-300x300png.png","width":300,"height":300,"caption":"Crentassos Produ\u00e7\u00f5es Subversivas"},"image":{"@id":"https:\/\/crentassos.com.br\/blog\/#\/schema\/logo\/image\/"},"sameAs":["http:\/\/www.facebook.com\/crentassos","https:\/\/x.com\/crentassos","https:\/\/www.instagram.com\/crentassos","https:\/\/www.youtube.com\/crentassos"]},{"@type":"Person","@id":"https:\/\/crentassos.com.br\/blog\/#\/schema\/person\/3f5f08a8ba3e2bc991eb2fd8f8e3988c","name":"Tamyres Palma","image":{"@type":"ImageObject","inLanguage":"pt-BR","@id":"https:\/\/crentassos.com.br\/blog\/#\/schema\/person\/image\/","url":"https:\/\/secure.gravatar.com\/avatar\/9dce0caea2bafdb6394abc6c84348788083c31d52a278ed4b42bd0ee15c4ed52?s=96&d=retro&r=g","contentUrl":"https:\/\/secure.gravatar.com\/avatar\/9dce0caea2bafdb6394abc6c84348788083c31d52a278ed4b42bd0ee15c4ed52?s=96&d=retro&r=g","caption":"Tamyres Palma"},"description":"Tamyres Palma: formada em hist\u00f3ria, apaixonada por livros e casada com o @jonathazimmer . Maluca por Harry Potter, N\u00e1rnia e universos fant\u00e1sticos como a Terra M\u00e9dia. Apaixonada por literatura de forma geral, embora esteja longe do meu ideal de conhecimento liter\u00e1rio.","sameAs":["http:\/\/cafeecoberta.blogspot.com"],"url":"https:\/\/crentassos.com.br\/blog\/author\/tamyrespalma"}]}},"_links":{"self":[{"href":"https:\/\/crentassos.com.br\/blog\/wp-json\/wp\/v2\/posts\/20957","targetHints":{"allow":["GET"]}}],"collection":[{"href":"https:\/\/crentassos.com.br\/blog\/wp-json\/wp\/v2\/posts"}],"about":[{"href":"https:\/\/crentassos.com.br\/blog\/wp-json\/wp\/v2\/types\/post"}],"author":[{"embeddable":true,"href":"https:\/\/crentassos.com.br\/blog\/wp-json\/wp\/v2\/users\/32"}],"replies":[{"embeddable":true,"href":"https:\/\/crentassos.com.br\/blog\/wp-json\/wp\/v2\/comments?post=20957"}],"version-history":[{"count":11,"href":"https:\/\/crentassos.com.br\/blog\/wp-json\/wp\/v2\/posts\/20957\/revisions"}],"predecessor-version":[{"id":21232,"href":"https:\/\/crentassos.com.br\/blog\/wp-json\/wp\/v2\/posts\/20957\/revisions\/21232"}],"wp:featuredmedia":[{"embeddable":true,"href":"https:\/\/crentassos.com.br\/blog\/wp-json\/wp\/v2\/media\/20935"}],"wp:attachment":[{"href":"https:\/\/crentassos.com.br\/blog\/wp-json\/wp\/v2\/media?parent=20957"}],"wp:term":[{"taxonomy":"category","embeddable":true,"href":"https:\/\/crentassos.com.br\/blog\/wp-json\/wp\/v2\/categories?post=20957"},{"taxonomy":"post_tag","embeddable":true,"href":"https:\/\/crentassos.com.br\/blog\/wp-json\/wp\/v2\/tags?post=20957"}],"curies":[{"name":"wp","href":"https:\/\/api.w.org\/{rel}","templated":true}]}}