{"id":20537,"date":"2022-03-20T05:31:39","date_gmt":"2022-03-20T07:31:39","guid":{"rendered":"https:\/\/crentassos.com.br\/blog\/?p=20537"},"modified":"2023-05-24T18:10:49","modified_gmt":"2023-05-24T20:10:49","slug":"o-que-me-falta-ampulheta-54","status":"publish","type":"post","link":"https:\/\/crentassos.com.br\/blog\/2022\/03\/o-que-me-falta-ampulheta-54.html","title":{"rendered":"O Que Me Falta? | Ampulheta 54"},"content":{"rendered":"\n<p>Meu nome \u00e9 <a href=\"https:\/\/twitter.com\/giancarlomarx\">Giancarlo Marx<\/a> e hoje eu vou falar sobre o tema <strong>O Que Me Falta?<\/strong><\/p>\n\n\n\n<figure class=\"wp-block-image size-full\"><img loading=\"lazy\" decoding=\"async\" width=\"1920\" height=\"1080\" src=\"https:\/\/crentassos.com.br\/blog\/wp-content\/uploads\/2022\/03\/54-O-Que-Me-Falta-2.jpg\" alt=\"Imagem de fundo com uma ampulheta em preto e branco. Na frente o nome do podcast (Ampulheta) escrito em laranja e cercado por um quadro tamb\u00e9m em laranja. No canto superior esquerdo, est\u00e1 escrito &quot;54&quot;, referente ao n\u00famero do epis\u00f3dio. No canto inferior direito est\u00e1 escrito o t\u00edtulo do epis\u00f3dio: O Que Me Falta. Abaixo do t\u00edtulo do epis\u00f3dio est\u00e1 escrito o nome do autor: Giancarlo Marx.\" class=\"wp-image-20554\" srcset=\"https:\/\/crentassos.com.br\/blog\/wp-content\/uploads\/2022\/03\/54-O-Que-Me-Falta-2.jpg 1920w, https:\/\/crentassos.com.br\/blog\/wp-content\/uploads\/2022\/03\/54-O-Que-Me-Falta-2-300x169.jpg 300w, https:\/\/crentassos.com.br\/blog\/wp-content\/uploads\/2022\/03\/54-O-Que-Me-Falta-2-620x349.jpg 620w, https:\/\/crentassos.com.br\/blog\/wp-content\/uploads\/2022\/03\/54-O-Que-Me-Falta-2-275x154.jpg 275w, https:\/\/crentassos.com.br\/blog\/wp-content\/uploads\/2022\/03\/54-O-Que-Me-Falta-2-768x432.jpg 768w, https:\/\/crentassos.com.br\/blog\/wp-content\/uploads\/2022\/03\/54-O-Que-Me-Falta-2-1536x864.jpg 1536w, https:\/\/crentassos.com.br\/blog\/wp-content\/uploads\/2022\/03\/54-O-Que-Me-Falta-2-800x450.jpg 800w, https:\/\/crentassos.com.br\/blog\/wp-content\/uploads\/2022\/03\/54-O-Que-Me-Falta-2-400x225.jpg 400w\" sizes=\"auto, (max-width: 1920px) 100vw, 1920px\" \/><\/figure>\n\n\n\n<figure class=\"wp-block-embed is-type-rich is-provider-spotify wp-block-embed-spotify wp-embed-aspect-21-9 wp-has-aspect-ratio\"><div class=\"wp-block-embed__wrapper\">\n<iframe loading=\"lazy\" title=\"Spotify Embed: O Que Me Falta? | Ampulheta 54\" style=\"border-radius: 12px\" width=\"100%\" height=\"152\" frameborder=\"0\" allowfullscreen allow=\"autoplay; clipboard-write; encrypted-media; fullscreen; picture-in-picture\" src=\"https:\/\/open.spotify.com\/embed\/episode\/5DBRON46dvxYRrYfq3aPz7?si=8f6fdd67421e441c&#038;utm_source=oembed\"><\/iframe>\n<\/div><\/figure>\n\n\n<p style=\"text-align: justify;\"><span style=\"font-weight: 400;\">De todos os 150 Salmos registrados na B\u00edblia, tem um que \u00e9, disparado o mais popular de todos. Sim, eu estou falando dos seis vers\u00edculos que comp\u00f5em o Salmo 23. Mas dessa vez ao inv\u00e9s de ler o texto, vou deixar voc\u00eas com uma participa\u00e7\u00e3o mais do que especial do meu irm\u00e3o querido, <a href=\"https:\/\/bit.ly\/3io00sq\">pastor Ant\u00f4nio Carlos Costa<\/a>:<\/span><\/p>\n<p style=\"text-align: justify;\"><i><span style=\"font-weight: 400;\">O Senhor \u00e9 o meu pastor; nada me faltar\u00e1.<\/span><\/i><\/p>\n<p style=\"text-align: justify;\"><i><span style=\"font-weight: 400;\">Ele me faz repousar em pastos verdejantes. Leva-me para junto das \u00e1guas de descanso;<\/span><\/i><\/p>\n<p style=\"text-align: justify;\"><i><span style=\"font-weight: 400;\">refrigera-me a alma. Guia-me pelas veredas da justi\u00e7a por amor do seu nome.<\/span><\/i><\/p>\n<p style=\"text-align: justify;\"><i><span style=\"font-weight: 400;\">Ainda que eu ande pelo vale da sombra da morte, n\u00e3o temerei mal nenhum, porque tu est\u00e1s comigo; o teu bord\u00e3o e o teu cajado me consolam.<\/span><\/i><\/p>\n<p style=\"text-align: justify;\"><i><span style=\"font-weight: 400;\">Preparas-me uma mesa na presen\u00e7a dos meus advers\u00e1rios, unges-me a cabe\u00e7a com \u00f3leo; o meu c\u00e1lice transborda.<\/span><\/i><\/p>\n<p style=\"text-align: justify;\"><i><span style=\"font-weight: 400;\">Bondade e miseric\u00f3rdia certamente me seguir\u00e3o todos os dias da minha vida; e habitarei na casa do Senhor para todo o sempre. &#8211; <\/span><\/i><a href=\"https:\/\/bit.ly\/36wvo50\"><span style=\"font-weight: 400;\">Salmos 23:1-6<\/span><\/a><\/p>\n<p style=\"text-align: justify;\"><span style=\"font-weight: 400;\">Curtiu? Bom depois eu vou falar mais um pouquinho sobre essa grava\u00e7\u00e3o, mas primeiro vamos ao texto.<\/span><\/p>\n<p style=\"text-align: justify;\"><span style=\"font-weight: 400;\">N\u00e3o \u00e9 nada incomum ainda hoje este Salmo ser utilizado como um amuleto.<\/span><\/p>\n<p><span style=\"font-weight: 400;\">Muita gente mant\u00e9m a b\u00edblia aberta em cima de um m\u00f3vel da sala de casa, exatamente no Salmo 23. E acreditam que ele t\u00eam o poder de afastar toda influ\u00eancia maligna. Quando est\u00e3o passando por momentos dif\u00edceis, muitos crentes citam o Salmo como uma esp\u00e9cie de mantra. Tanto que ele \u00e9, provavelmente, o primeiro trecho mais longo da B\u00edblia que a maioria das crian\u00e7as criadas em igrejas evang\u00e9licas aprendem a decorar..<\/span><\/p>\n<p style=\"text-align: justify;\"><span style=\"font-weight: 400;\">Eu confesso que j\u00e1 vi muitas vezes este texto sendo utilizado com um vi\u00e9s triunfalista. Eu mesmo, ainda jovenzinho, aprendi a ler assim: Se o Senhor for o meu pastor, eu vou ter tudo o que quero. Sombra e \u00e1gua fresca. Mais ou menos no mesmo tom da leitura (tamb\u00e9m equivocada) que muitos fazem do <a href=\"https:\/\/bit.ly\/3inb2OA\">Salmo 37:4:<\/a> \u201cDeleite-se no Senhor, e ele atender\u00e1 aos desejos do seu cora\u00e7\u00e3o\u201d. Mas desse texto vamos falar melhor em outra ocasi\u00e3o.<\/span><\/p>\n<p style=\"text-align: justify;\"><span style=\"font-weight: 400;\">Bom, voltando para o <a href=\"https:\/\/bit.ly\/36wvo50\">Salmo 23<\/a>, primeiramente \u00e9 preciso reconhecer que em muitos casos a escassez \u00e9 um fato incontest\u00e1vel. Muitos irm\u00e3os nossos passam necessidades. Falta dinheiro, alimento, rem\u00e9dios, educa\u00e7\u00e3o e tantas outras coisas b\u00e1sicas. Dizer que nada falta, \u00e9 simplesmente negar a realidade.<\/span><\/p>\n<p style=\"text-align: justify;\"><span style=\"font-weight: 400;\">Mas ent\u00e3o o que significa \u201cnada me faltar\u00e1\u201d?<\/span><\/p>\n<p style=\"text-align: justify;\"><span style=\"font-weight: 400;\">A ideia aqui representada \u00e9 a de um pastor em seu cuidado com as ovelhas. Ele conhece suas necessidades e cuida para que elas sejam supridas. A certeza desse cuidado do Bom Pastor \u00e9 o que permite a ovelha permanecer em paz, mesmo quando tudo lhe falta.<\/span><\/p>\n<p style=\"text-align: justify;\"><span style=\"font-weight: 400;\">A press\u00e3o capitalista a que somos submetidos nos torna inquietos. Em especial, as preocupa\u00e7\u00f5es com aquilo que ainda n\u00e3o podemos mudar.<\/span><\/p>\n<p style=\"text-align: justify;\"><span style=\"font-weight: 400;\">Deste modo, o medo que temos da mis\u00e9ria nos impulsiona a acumular, e n\u00e3o a compartilhar. Acontece que a B\u00edblia ensina que ac\u00famulo de bens \u00e9 pecado. O Senhor supre as nossas car\u00eancias e nos delega a tarefa de suprir tamb\u00e9m as car\u00eancias daqueles que nos cercam.<\/span><\/p>\n<p style=\"text-align: justify;\"><span style=\"font-weight: 400;\">A certeza do cuidado divino \u00e9 o que nos d\u00e1 seguran\u00e7a para esvaziarmos nossa dispensa em favor do pr\u00f3ximo, mesmo sem saber se teremos o que comer amanh\u00e3.Quer dizer, sabemos, porque confiamos no Bom Pastor.<\/span><\/p>\n<p style=\"text-align: justify;\"><span style=\"font-weight: 400;\">Essa ideia se conecta muito com um trecho do Serm\u00e3o da Montanha.<\/span><\/p>\n<p style=\"text-align: justify;\"><i><span style=\"font-weight: 400;\">&#8220;Portanto, n\u00e3o se preocupem, dizendo: \u2018O que vamos comer? O que vamos beber? O que vamos vestir?\u2019. Essas coisas ocupam o pensamento dos pag\u00e3os, mas seu Pai celestial j\u00e1 sabe do que voc\u00eas precisam.<\/span><\/i><\/p>\n<p style=\"text-align: justify;\"><i style=\"font-size: revert; color: initial;\">Busquem, em primeiro lugar, o reino de Deus e a sua justi\u00e7a, e todas essas coisas lhes ser\u00e3o dadas. Portanto, n\u00e3o se preocupem com o amanh\u00e3, pois o amanh\u00e3 trar\u00e1 suas pr\u00f3prias inquieta\u00e7\u00f5es. Bastam para hoje os problemas deste dia.&#8221; &#8211; <\/i><a href=\"https:\/\/bit.ly\/3qkOCBS\"><span style=\"font-weight: 400;\">Mateus 6:31-34<\/span><\/a><\/p>\n<p style=\"text-align: justify;\"><span style=\"font-weight: 400;\">A nossa f\u00e9 precisa estar fundamentada em dois pilares essenciais:<\/span><\/p>\n<p style=\"text-align: justify;\"><span style=\"font-weight: 400;\">Primeiramente, que Deus nos ama. E em segundo lugar, que Ele conhece as nossas necessidades. Assim como um pastor amoroso conhece as necessidades das suas ovelhas.<\/span><\/p>\n<p style=\"text-align: justify;\"><span style=\"font-weight: 400;\">Ainda que o momento presente seja a travessia de um verdadeiro \u201cVale da Sombra da Morte\u201d, quando olhos famintos e maldosos parecem nos espreitar em cada canto escuro, a certeza que temos (como ovelhas do Bom Pastor) \u00e9 a de somos seguidos de perto n\u00e3o pela fome e pela maldade, mas sim pela bondade e pela miseric\u00f3rdia.<\/span><\/p>\n<p style=\"text-align: justify;\"><span style=\"font-weight: 400;\">A recomenda\u00e7\u00e3o que Jesus faz \u00e9 bastante objetiva: Busquem o Reino de Deus e a Justi\u00e7a de Deus. Ou seja, n\u00e3o andemos como os incr\u00e9dulos, que vivem para satisfazer suas pr\u00f3prias car\u00eancias, e para encher as pr\u00f3prias geladeiras, mas sim como nos ensinou o pr\u00f3prio Jesus, que manifestou a Justi\u00e7a e o Reino de Deus esvaziando-se em amor.<\/span><\/p>\n<p style=\"text-align: justify;\"><span style=\"font-weight: 400;\">Se voc\u00ea ainda tem alguma d\u00favida sobre que tipo de justi\u00e7a \u00e9 essa, recomendo que ou\u00e7a a trilogia que eu gravei aqui sobre este tema. S\u00e3o os epis\u00f3dios <a href=\"https:\/\/bit.ly\/3ihW1O1\">50<\/a>, <a href=\"https:\/\/bit.ly\/3Ir9o9d\">51<\/a> e <a href=\"https:\/\/bit.ly\/3qk649L\">52<\/a>, aqui do <a href=\"https:\/\/bit.ly\/3KXn0uy\">Ampulheta<\/a>.<\/span><\/p>\n<p style=\"text-align: justify;\"><span style=\"font-weight: 400;\">E se voc\u00ea ficou curioso sobre esta leitura do <a href=\"https:\/\/bit.ly\/36wvo50\">Salmo 23<\/a> pelo <a href=\"https:\/\/bit.ly\/3io00sq\">Ant\u00f4nio Carlos Costa<\/a>, no in\u00edcio do epis\u00f3dio, ela \u00e9 a introdu\u00e7\u00e3o do <a href=\"http:\/\/bit.ly\/salmo-23\">single O Que Me Falta?<\/a>, que eu, o Israel Castro, a Bruna Soares e o pr\u00f3prio Ant\u00f4nio Carlos gravamos e estamos lan\u00e7ando no dia 25 de mar\u00e7o de 2022.<\/span><\/p>\n<p style=\"text-align: justify;\"><span style=\"font-weight: 400;\">Caso esteja escutando este epis\u00f3dio antes do lan\u00e7amento do single, pe\u00e7o a gentileza que acesse o link <a href=\"http:\/\/bit.ly\/salmo-23\">bit.ly\/salmo-23<\/a> e j\u00e1 adicione esta can\u00e7\u00e3o \u00e0 sua biblioteca do Spotify. J\u00e1 caso voc\u00ea estiver ouvindo isso do futuro, pode seguir o mesmo caminho ou procurar meu projeto em todos os servi\u00e7os de streaming. O nome da nossa banda \u00e9 <a href=\"https:\/\/spoti.fi\/3tndxXb\">Justus et Peccator<\/a>, uma express\u00e3o latina que significa \u201cao mesmo tempo, justo e pecador\u201d.<\/span><\/p>\n<p style=\"text-align: justify;\"><span style=\"font-weight: 400;\">Vou ficando por aqui. Espero que voc\u00ea <a href=\"http:\/\/bit.ly\/salmo-23\">ou\u00e7a a m\u00fasica<\/a> e que sua f\u00e9 no Bom Pastor seja cada vez mais fortalecida, pra que ao inv\u00e9s de se preocupar com o pr\u00f3prio sustento, sua ocupa\u00e7\u00e3o seja em favor do pr\u00f3ximo, assim como o Bom Pastor nos ensinou com seu exemplo.<\/span><\/p>\n<p style=\"text-align: justify;\"><span style=\"font-weight: 400;\">Um abra\u00e7o e at\u00e9 o pr\u00f3ximo Ampulheta.<\/span><\/p>\n<p><strong>PARTICIPANTES:<br \/><\/strong>&#8211;\u00a0<a href=\"https:\/\/twitter.com\/giancarlomarx\">Giancarlo Marx<\/a><\/p>\n<p style=\"text-align: justify;\"><strong>COISAS \u00daTEIS:<\/strong><br \/>&#8211; Dura\u00e7\u00e3o:\u00a0<em>09m25s<\/em><a href=\"https:\/\/twitter.com\/prcris\"><br \/><\/a>&#8211; Feed do Crentassos:\u00a0<em>Feed, RSS, Android e iTunes:\u00a0<\/em><em><a href=\"https:\/\/crentassos.com.br\/blog\/feed\/podcast\">crentassos.com.br\/blog\/tag\/podcast\/feed<\/a>\u00a0Para assinar no iTunes, clique na aba &#8220;Avan\u00e7ado&#8221;, e &#8220;Assinar Podcast&#8221;. Cole o endere\u00e7o e confirme. Assim voc\u00ea recebe automaticamente os novos epis\u00f3dios.<br \/>&#8211; <\/em><a href=\"http:\/\/bit.ly\/ampulhetapodcast\">Todos os &#8220;Ampulheta&#8221;<\/a><\/p>\n<p style=\"text-align: justify;\"><strong>CITADOS NO PROGRAMA:<br \/><\/strong>&#8211; <a href=\"https:\/\/bit.ly\/3io00sq\">Pastor Antonio Carlos Costa<\/a><br \/>&#8211; <a href=\"https:\/\/bit.ly\/36wvo50\">Salmos 23<\/a><br \/>&#8211; <a href=\"https:\/\/bit.ly\/3inb2OA\">Salmos 37:4<\/a><br \/>&#8211; <a href=\"https:\/\/bit.ly\/3qkOCBS\">Mateus 6:31-34<\/a><br \/>&#8211; <a href=\"https:\/\/bit.ly\/3ihW1O1\">Deus \u00e9 Justo | Ampulheta 50<\/a><br \/>&#8211; <a href=\"https:\/\/bit.ly\/3Ir9o9d\">Deus \u00e9 Justo (Parte 02) | Ampulheta 51<\/a><br \/>&#8211; <a href=\"https:\/\/bit.ly\/3qk649L\">Deus \u00e9 Justo (Parte 03) | Ampulheta 52<\/a><br \/>&#8211; <a href=\"http:\/\/bit.ly\/salmo-23\">M\u00fasica &#8220;O Que Falta?&#8221; de Justus et Peccator<\/a><br \/>&#8211; <a href=\"https:\/\/spoti.fi\/3tndxXb\">Justus et Peccator<\/a><\/p>\n<p style=\"text-align: justify;\"><strong>GRUPOS DE COMPARTILHAMENTO DA CRENTASSOS:<br \/><\/strong>&#8211; <a href=\"http:\/\/bit.ly\/zapdacrentassos\">WhatsApp<\/a><br \/>&#8211; <a href=\"http:\/\/t.me\/crentassos\">Telegram<\/a><\/p>\n<p style=\"text-align: justify;\"><strong><br \/><a href=\"https:\/\/youtu.be\/D7KPx4VDnF4\" target=\"_blank\" rel=\"noopener noreferrer\"><img loading=\"lazy\" decoding=\"async\" class=\"alignnone wp-image-15735 size-full\" src=\"https:\/\/crentassos.com.br\/blog\/wp-content\/uploads\/2019\/01\/Banner-Youtube.jpg\" sizes=\"auto, (max-width: 4418px) 100vw, 4418px\" srcset=\"https:\/\/crentassos.com.br\/blog\/wp-content\/uploads\/2019\/01\/Banner-Youtube.jpg 4418w, https:\/\/crentassos.com.br\/blog\/wp-content\/uploads\/2019\/01\/Banner-Youtube-300x34.jpg 300w, https:\/\/crentassos.com.br\/blog\/wp-content\/uploads\/2019\/01\/Banner-Youtube-768x87.jpg 768w, https:\/\/crentassos.com.br\/blog\/wp-content\/uploads\/2019\/01\/Banner-Youtube-620x70.jpg 620w\" alt=\"\" width=\"4418\" height=\"500\" \/><\/a><br \/><\/strong><\/p>\n<p style=\"text-align: justify;\"><strong>JAB\u00c1S:<\/strong><a href=\"https:\/\/www.padrim.com.br\/crentassos\" target=\"_blank\" rel=\"noopener noreferrer\"><img loading=\"lazy\" decoding=\"async\" class=\"alignnone\" src=\"https:\/\/crentassos.com.br\/blog\/wp-content\/uploads\/2017\/04\/Padrim-Banner.jpg\" alt=\"Padrim Banner\" width=\"4418\" height=\"500\" \/><\/a><a href=\"https:\/\/bit.ly\/picpaycrentassos\"><img loading=\"lazy\" decoding=\"async\" class=\"alignnone wp-image-15115 size-full\" src=\"https:\/\/crentassos.com.br\/blog\/wp-content\/uploads\/2018\/08\/picpay-2.jpg\" sizes=\"auto, (max-width: 4418px) 100vw, 4418px\" srcset=\"https:\/\/crentassos.com.br\/blog\/wp-content\/uploads\/2018\/08\/picpay-2.jpg 4418w, https:\/\/crentassos.com.br\/blog\/wp-content\/uploads\/2018\/08\/picpay-2-300x34.jpg 300w, https:\/\/crentassos.com.br\/blog\/wp-content\/uploads\/2018\/08\/picpay-2-768x87.jpg 768w, https:\/\/crentassos.com.br\/blog\/wp-content\/uploads\/2018\/08\/picpay-2-620x70.jpg 620w\" alt=\"picpay\" width=\"4418\" height=\"500\" \/><\/a><\/p>\n<p style=\"text-align: justify;\"><img loading=\"lazy\" decoding=\"async\" class=\"alignnone wp-image-18569 size-full\" src=\"https:\/\/crentassos.com.br\/blog\/wp-content\/uploads\/2020\/08\/Banners-Loja.jpg\" alt=\"\" width=\"2560\" height=\"290\" srcset=\"https:\/\/crentassos.com.br\/blog\/wp-content\/uploads\/2020\/08\/Banners-Loja.jpg 2560w, https:\/\/crentassos.com.br\/blog\/wp-content\/uploads\/2020\/08\/Banners-Loja-300x34.jpg 300w, https:\/\/crentassos.com.br\/blog\/wp-content\/uploads\/2020\/08\/Banners-Loja-620x70.jpg 620w, https:\/\/crentassos.com.br\/blog\/wp-content\/uploads\/2020\/08\/Banners-Loja-768x87.jpg 768w, https:\/\/crentassos.com.br\/blog\/wp-content\/uploads\/2020\/08\/Banners-Loja-1536x174.jpg 1536w, https:\/\/crentassos.com.br\/blog\/wp-content\/uploads\/2020\/08\/Banners-Loja-2048x232.jpg 2048w\" sizes=\"auto, (max-width: 2560px) 100vw, 2560px\" \/><\/p>\n<p style=\"text-align: justify;\"><a href=\"http:\/\/amzn.to\/2CcHPhC\" target=\"_blank\" rel=\"noopener noreferrer\"><img loading=\"lazy\" decoding=\"async\" class=\"alignnone wp-image-13992 size-full\" src=\"https:\/\/crentassos.com.br\/blog\/wp-content\/uploads\/2018\/02\/Amazon-Banner.jpg\" sizes=\"auto, (max-width: 4418px) 100vw, 4418px\" srcset=\"https:\/\/crentassos.com.br\/blog\/wp-content\/uploads\/2018\/02\/Amazon-Banner.jpg 4418w, https:\/\/crentassos.com.br\/blog\/wp-content\/uploads\/2018\/02\/Amazon-Banner-300x34.jpg 300w, https:\/\/crentassos.com.br\/blog\/wp-content\/uploads\/2018\/02\/Amazon-Banner-768x87.jpg 768w, https:\/\/crentassos.com.br\/blog\/wp-content\/uploads\/2018\/02\/Amazon-Banner-620x70.jpg 620w\" alt=\"Amazon Banner\" width=\"4418\" height=\"500\" \/><\/a><\/p>\n<p style=\"text-align: justify;\"><strong>REDES SOCIAIS:<\/strong><br \/><a href=\"https:\/\/www.facebook.com\/Crentassos\/\" target=\"_blank\" rel=\"noopener noreferrer\"><img loading=\"lazy\" decoding=\"async\" class=\"alignnone wp-image-13593 size-medium\" src=\"https:\/\/crentassos.com.br\/blog\/wp-content\/uploads\/2017\/08\/Facebook-Post-300x34.jpg\" sizes=\"auto, (max-width: 300px) 100vw, 300px\" srcset=\"https:\/\/crentassos.com.br\/blog\/wp-content\/uploads\/2017\/08\/Facebook-Post-300x34.jpg 300w, https:\/\/crentassos.com.br\/blog\/wp-content\/uploads\/2017\/08\/Facebook-Post-768x87.jpg 768w, https:\/\/crentassos.com.br\/blog\/wp-content\/uploads\/2017\/08\/Facebook-Post-620x70.jpg 620w\" alt=\"Facebook Post\" width=\"300\" height=\"34\" \/><\/a><a href=\"https:\/\/twitter.com\/crentassos\" target=\"_blank\" rel=\"noopener noreferrer\"><img loading=\"lazy\" decoding=\"async\" class=\"alignnone wp-image-13595 size-medium\" src=\"https:\/\/crentassos.com.br\/blog\/wp-content\/uploads\/2017\/08\/Twitter-Post-300x34.jpg\" sizes=\"auto, (max-width: 300px) 100vw, 300px\" srcset=\"https:\/\/crentassos.com.br\/blog\/wp-content\/uploads\/2017\/08\/Twitter-Post-300x34.jpg 300w, https:\/\/crentassos.com.br\/blog\/wp-content\/uploads\/2017\/08\/Twitter-Post-768x87.jpg 768w, https:\/\/crentassos.com.br\/blog\/wp-content\/uploads\/2017\/08\/Twitter-Post-620x70.jpg 620w\" alt=\"Twitter Post\" width=\"300\" height=\"34\" \/><\/a><a href=\"https:\/\/www.instagram.com\/crentassos\/\" target=\"_blank\" rel=\"noopener noreferrer\"><img loading=\"lazy\" decoding=\"async\" class=\"alignnone wp-image-13594 size-medium\" src=\"https:\/\/crentassos.com.br\/blog\/wp-content\/uploads\/2017\/08\/Instagram-Post-300x34.jpg\" sizes=\"auto, (max-width: 300px) 100vw, 300px\" srcset=\"https:\/\/crentassos.com.br\/blog\/wp-content\/uploads\/2017\/08\/Instagram-Post-300x34.jpg 300w, https:\/\/crentassos.com.br\/blog\/wp-content\/uploads\/2017\/08\/Instagram-Post-768x87.jpg 768w, https:\/\/crentassos.com.br\/blog\/wp-content\/uploads\/2017\/08\/Instagram-Post-620x70.jpg 620w\" alt=\"Instagram Post\" width=\"300\" height=\"34\" \/><\/a><a href=\"https:\/\/www.youtube.com\/user\/Crentassos\" target=\"_blank\" rel=\"noopener noreferrer\"><img loading=\"lazy\" decoding=\"async\" class=\"alignnone wp-image-13596 size-medium\" src=\"https:\/\/crentassos.com.br\/blog\/wp-content\/uploads\/2017\/08\/Youtube-Post-300x34.jpg\" sizes=\"auto, (max-width: 300px) 100vw, 300px\" srcset=\"https:\/\/crentassos.com.br\/blog\/wp-content\/uploads\/2017\/08\/Youtube-Post-300x34.jpg 300w, https:\/\/crentassos.com.br\/blog\/wp-content\/uploads\/2017\/08\/Youtube-Post-768x87.jpg 768w, https:\/\/crentassos.com.br\/blog\/wp-content\/uploads\/2017\/08\/Youtube-Post-620x70.jpg 620w\" alt=\"Youtube Post\" width=\"300\" height=\"34\" \/><\/a><a href=\"mailto:crentassos@gmail.com\" target=\"_blank\" rel=\"noopener noreferrer\"><img loading=\"lazy\" decoding=\"async\" class=\"alignnone wp-image-13592 size-medium\" src=\"https:\/\/crentassos.com.br\/blog\/wp-content\/uploads\/2017\/08\/Email-Post-300x34.jpg\" sizes=\"auto, (max-width: 300px) 100vw, 300px\" srcset=\"https:\/\/crentassos.com.br\/blog\/wp-content\/uploads\/2017\/08\/Email-Post-300x34.jpg 300w, https:\/\/crentassos.com.br\/blog\/wp-content\/uploads\/2017\/08\/Email-Post-768x87.jpg 768w, https:\/\/crentassos.com.br\/blog\/wp-content\/uploads\/2017\/08\/Email-Post-620x70.jpg 620w\" alt=\"Email Post\" width=\"300\" height=\"34\" \/><\/a><\/p>\n<p style=\"text-align: justify;\"><strong><em>Cr\u00edticas, coment\u00e1rios, sugest\u00f5es para\u00a0<a href=\"mailto:crentassos@gmail.com\">crentassos@gmail.com<\/a>\u00a0ou nos coment\u00e1rios desse post.<\/em><\/strong><\/p>\n<p style=\"text-align: justify;\"><strong>OU\u00c7A\/BAIXE O PROGRAMA:<\/strong><\/p><div class=\"powerpress_player\" id=\"powerpress_player_1294\"><audio class=\"wp-audio-shortcode\" id=\"audio-20537-1\" preload=\"none\" style=\"width: 100%;\" controls=\"controls\"><source type=\"audio\/mpeg\" src=\"https:\/\/media.blubrry.com\/podcrent\/media.blubrry.com\/podcrent_crentassos_blog\/www.crentassos.com.br\/podcrent\/ampulheta\/ampulheta54.mp3?_=1\" \/><a href=\"https:\/\/media.blubrry.com\/podcrent\/media.blubrry.com\/podcrent_crentassos_blog\/www.crentassos.com.br\/podcrent\/ampulheta\/ampulheta54.mp3\">https:\/\/media.blubrry.com\/podcrent\/media.blubrry.com\/podcrent_crentassos_blog\/www.crentassos.com.br\/podcrent\/ampulheta\/ampulheta54.mp3<\/a><\/audio><\/div><p class=\"powerpress_links powerpress_links_mp3\" style=\"margin-bottom: 1px !important;\">Podcast: <a href=\"https:\/\/media.blubrry.com\/podcrent\/media.blubrry.com\/podcrent_crentassos_blog\/www.crentassos.com.br\/podcrent\/ampulheta\/ampulheta54.mp3\" class=\"powerpress_link_pinw\" target=\"_blank\" title=\"Play in new window\" onclick=\"return powerpress_pinw('https:\/\/crentassos.com.br\/blog\/?powerpress_pinw=20537-podcast');\" rel=\"nofollow\">Play in new window<\/a> | <a href=\"https:\/\/media.blubrry.com\/podcrent\/media.blubrry.com\/podcrent_crentassos_blog\/www.crentassos.com.br\/podcrent\/ampulheta\/ampulheta54.mp3\" class=\"powerpress_link_d\" title=\"Download\" rel=\"nofollow\" download=\"ampulheta54.mp3\">Download<\/a> (Duration: 9:25 &#8212; 6.6MB) | <a href=\"#\" class=\"powerpress_link_e\" title=\"Embed\" onclick=\"return powerpress_show_embed('20537-podcast');\" rel=\"nofollow\">Embed<\/a><\/p><p class=\"powerpress_embed_box\" id=\"powerpress_embed_20537-podcast\" style=\"display: none;\"><input id=\"powerpress_embed_20537-podcast_t\" type=\"text\" value=\"&lt;iframe width=&quot;320&quot; height=&quot;30&quot; src=&quot;https:\/\/crentassos.com.br\/blog\/?powerpress_embed=20537-podcast&amp;amp;powerpress_player=mediaelement-audio&quot; title=&quot;Blubrry Podcast Player&quot; frameborder=&quot;0&quot; scrolling=&quot;no&quot;&gt;&lt;\/iframe&gt;\" onclick=\"javascript: this.select();\" onfocus=\"javascript: this.select();\" style=\"width: 70%;\" readOnly><\/p><p class=\"powerpress_links powerpress_subscribe_links\">Assine! <a href=\"https:\/\/open.spotify.com\/show\/2WZAzWymTxxdr0DNi0R6pB\" class=\"powerpress_link_subscribe powerpress_link_subscribe_spotify\" target=\"_blank\" title=\"Subscribe on Spotify\" rel=\"nofollow\">Spotify<\/a> | <a href=\"https:\/\/www.deezer.com\/us\/show\/511482\" class=\"powerpress_link_subscribe powerpress_link_subscribe_deezer\" target=\"_blank\" title=\"Subscribe on Deezer\" rel=\"nofollow\">Deezer<\/a> | <a href=\"https:\/\/crentassos.com.br\/blog\/feed\/podcast\" class=\"powerpress_link_subscribe powerpress_link_subscribe_rss\" target=\"_blank\" title=\"Subscribe via RSS\" rel=\"nofollow\">RSS<\/a><\/p>","protected":false},"excerpt":{"rendered":"<p>Meu nome \u00e9 Giancarlo Marx e hoje eu vou falar sobre o tema O Que Me Falta? De todos os 150 Salmos [&hellip;]<\/p>\n","protected":false},"author":39,"featured_media":20554,"comment_status":"open","ping_status":"open","sticky":false,"template":"","format":"standard","meta":{"_exactmetrics_skip_tracking":false,"_exactmetrics_sitenote_active":false,"_exactmetrics_sitenote_note":"","_exactmetrics_sitenote_category":0,"footnotes":"","_links_to":"","_links_to_target":""},"categories":[2905,1304],"tags":[7996,7061,6506,2078,7264,6715,2079,6356,8047,7263,8046,8045,43,1311,7262,6920,6870,1056],"class_list":{"0":"post-20537","1":"post","2":"type-post","3":"status-publish","4":"format-standard","5":"has-post-thumbnail","6":"hentry","7":"category-ampulheta","8":"category-podcasts","9":"tag-7996","10":"tag-7061","11":"tag-6506","12":"tag-ampulheta","13":"tag-ampulheta-podcast","14":"tag-devocionais","15":"tag-devocional","16":"tag-giancarlo-marx","17":"tag-justus-et-peccator","18":"tag-meditacao","19":"tag-o-que-me-falta","20":"tag-o-senhor-e-o-meu-pastor","21":"tag-podcast","22":"tag-podcast-cristao","23":"tag-podcast-devocional","24":"tag-podcast-evangelico","25":"tag-podcast-gospel","26":"tag-salmo-23","28":"post-with-thumbnail","29":"post-with-thumbnail-large"},"yoast_head":"<!-- This site is optimized with the Yoast SEO plugin v27.1.1 - https:\/\/yoast.com\/product\/yoast-seo-wordpress\/ -->\n<title>O Que Me Falta? | Ampulheta 54 - Crentassos Produ\u00e7\u00f5es Subversivas<\/title>\n<meta name=\"description\" content=\"Meu nome \u00e9 Giancarlo Marx e hoje eu vou falar sobre o tema O Que Me Falta?\" \/>\n<meta name=\"robots\" content=\"index, follow, max-snippet:-1, max-image-preview:large, max-video-preview:-1\" \/>\n<link rel=\"canonical\" href=\"https:\/\/crentassos.com.br\/blog\/2022\/03\/o-que-me-falta-ampulheta-54.html\" \/>\n<meta property=\"og:locale\" content=\"pt_BR\" \/>\n<meta property=\"og:type\" content=\"article\" \/>\n<meta property=\"og:title\" content=\"O Que Me Falta? | Ampulheta 54 - Crentassos Produ\u00e7\u00f5es Subversivas\" \/>\n<meta property=\"og:description\" content=\"Meu nome \u00e9 Giancarlo Marx e hoje eu vou falar sobre o tema O Que Me Falta?\" \/>\n<meta property=\"og:url\" content=\"https:\/\/crentassos.com.br\/blog\/2022\/03\/o-que-me-falta-ampulheta-54.html\" \/>\n<meta property=\"og:site_name\" content=\"Crentassos Produ\u00e7\u00f5es Subversivas\" \/>\n<meta property=\"article:publisher\" content=\"http:\/\/www.facebook.com\/crentassos\" \/>\n<meta property=\"article:published_time\" content=\"2022-03-20T07:31:39+00:00\" \/>\n<meta property=\"article:modified_time\" content=\"2023-05-24T20:10:49+00:00\" \/>\n<meta property=\"og:image\" content=\"https:\/\/crentassos.com.br\/blog\/wp-content\/uploads\/2022\/03\/54-O-Que-Me-Falta-2.jpg\" \/>\n\t<meta property=\"og:image:width\" content=\"1920\" \/>\n\t<meta property=\"og:image:height\" content=\"1080\" \/>\n\t<meta property=\"og:image:type\" content=\"image\/jpeg\" \/>\n<meta name=\"author\" content=\"Giancarlo Marx\" \/>\n<meta name=\"twitter:card\" content=\"summary_large_image\" \/>\n<meta name=\"twitter:creator\" content=\"@crentassos\" \/>\n<meta name=\"twitter:site\" content=\"@crentassos\" \/>\n<meta name=\"twitter:label1\" content=\"Escrito por\" \/>\n\t<meta name=\"twitter:data1\" content=\"Giancarlo Marx\" \/>\n\t<meta name=\"twitter:label2\" content=\"Est. tempo de leitura\" \/>\n\t<meta name=\"twitter:data2\" content=\"9 minutos\" \/>\n<script type=\"application\/ld+json\" class=\"yoast-schema-graph\">{\"@context\":\"https:\/\/schema.org\",\"@graph\":[{\"@type\":\"Article\",\"@id\":\"https:\/\/crentassos.com.br\/blog\/2022\/03\/o-que-me-falta-ampulheta-54.html#article\",\"isPartOf\":{\"@id\":\"https:\/\/crentassos.com.br\/blog\/2022\/03\/o-que-me-falta-ampulheta-54.html\"},\"author\":{\"name\":\"Giancarlo Marx\",\"@id\":\"https:\/\/crentassos.com.br\/blog\/#\/schema\/person\/6eb40c0399ff54d131a87647daad3491\"},\"headline\":\"O Que Me Falta? | Ampulheta 54\",\"datePublished\":\"2022-03-20T07:31:39+00:00\",\"dateModified\":\"2023-05-24T20:10:49+00:00\",\"mainEntityOfPage\":{\"@id\":\"https:\/\/crentassos.com.br\/blog\/2022\/03\/o-que-me-falta-ampulheta-54.html\"},\"wordCount\":1241,\"commentCount\":0,\"publisher\":{\"@id\":\"https:\/\/crentassos.com.br\/blog\/#organization\"},\"image\":{\"@id\":\"https:\/\/crentassos.com.br\/blog\/2022\/03\/o-que-me-falta-ampulheta-54.html#primaryimage\"},\"thumbnailUrl\":\"https:\/\/crentassos.com.br\/blog\/wp-content\/uploads\/2022\/03\/54-O-Que-Me-Falta-2.jpg\",\"keywords\":[\"2022\",\"23\",\"54\",\"ampulheta\",\"ampulheta podcast\",\"devocionais\",\"devocional\",\"giancarlo marx\",\"justus et peccator\",\"medita\u00e7\u00e3o\",\"o que me falta\",\"o senhor \u00e9 o meu pastor\",\"podcast\",\"Podcast Crist\u00e3o\",\"podcast devocional\",\"podcast evang\u00e9lico\",\"podcast gospel\",\"salmo 23\"],\"articleSection\":[\"Ampulheta\",\"Podcasts\"],\"inLanguage\":\"pt-BR\",\"potentialAction\":[{\"@type\":\"CommentAction\",\"name\":\"Comment\",\"target\":[\"https:\/\/crentassos.com.br\/blog\/2022\/03\/o-que-me-falta-ampulheta-54.html#respond\"]}]},{\"@type\":\"WebPage\",\"@id\":\"https:\/\/crentassos.com.br\/blog\/2022\/03\/o-que-me-falta-ampulheta-54.html\",\"url\":\"https:\/\/crentassos.com.br\/blog\/2022\/03\/o-que-me-falta-ampulheta-54.html\",\"name\":\"O Que Me Falta? | Ampulheta 54 - Crentassos Produ\u00e7\u00f5es Subversivas\",\"isPartOf\":{\"@id\":\"https:\/\/crentassos.com.br\/blog\/#website\"},\"primaryImageOfPage\":{\"@id\":\"https:\/\/crentassos.com.br\/blog\/2022\/03\/o-que-me-falta-ampulheta-54.html#primaryimage\"},\"image\":{\"@id\":\"https:\/\/crentassos.com.br\/blog\/2022\/03\/o-que-me-falta-ampulheta-54.html#primaryimage\"},\"thumbnailUrl\":\"https:\/\/crentassos.com.br\/blog\/wp-content\/uploads\/2022\/03\/54-O-Que-Me-Falta-2.jpg\",\"datePublished\":\"2022-03-20T07:31:39+00:00\",\"dateModified\":\"2023-05-24T20:10:49+00:00\",\"description\":\"Meu nome \u00e9 Giancarlo Marx e hoje eu vou falar sobre o tema O Que Me Falta?\",\"breadcrumb\":{\"@id\":\"https:\/\/crentassos.com.br\/blog\/2022\/03\/o-que-me-falta-ampulheta-54.html#breadcrumb\"},\"inLanguage\":\"pt-BR\",\"potentialAction\":[{\"@type\":\"ReadAction\",\"target\":[\"https:\/\/crentassos.com.br\/blog\/2022\/03\/o-que-me-falta-ampulheta-54.html\"]}]},{\"@type\":\"ImageObject\",\"inLanguage\":\"pt-BR\",\"@id\":\"https:\/\/crentassos.com.br\/blog\/2022\/03\/o-que-me-falta-ampulheta-54.html#primaryimage\",\"url\":\"https:\/\/crentassos.com.br\/blog\/wp-content\/uploads\/2022\/03\/54-O-Que-Me-Falta-2.jpg\",\"contentUrl\":\"https:\/\/crentassos.com.br\/blog\/wp-content\/uploads\/2022\/03\/54-O-Que-Me-Falta-2.jpg\",\"width\":1920,\"height\":1080,\"caption\":\"Imagem de fundo com uma ampulheta em preto e branco. Na frente o nome do podcast (Ampulheta) escrito em laranja e cercado por um quadro tamb\u00e9m em laranja. No canto superior esquerdo, est\u00e1 escrito \\\"54\\\", referente ao n\u00famero do epis\u00f3dio. No canto inferior direito est\u00e1 escrito o t\u00edtulo do epis\u00f3dio: O Que Me Falta. Abaixo do t\u00edtulo do epis\u00f3dio est\u00e1 escrito o nome do autor: Giancarlo Marx.\"},{\"@type\":\"BreadcrumbList\",\"@id\":\"https:\/\/crentassos.com.br\/blog\/2022\/03\/o-que-me-falta-ampulheta-54.html#breadcrumb\",\"itemListElement\":[{\"@type\":\"ListItem\",\"position\":1,\"name\":\"Home\",\"item\":\"https:\/\/crentassos.com.br\/blog\/\"},{\"@type\":\"ListItem\",\"position\":2,\"name\":\"O Que Me Falta? | Ampulheta 54\"}]},{\"@type\":\"WebSite\",\"@id\":\"https:\/\/crentassos.com.br\/blog\/#website\",\"url\":\"https:\/\/crentassos.com.br\/blog\/\",\"name\":\"Crentassos Produ\u00e7\u00f5es Subversivas\",\"description\":\"Podcast Crist\u00e3o, Podcrent, Da Prateleira, Artigos crist\u00e3os, Teologia, Estudos, Textos B\u00edblicos\",\"publisher\":{\"@id\":\"https:\/\/crentassos.com.br\/blog\/#organization\"},\"potentialAction\":[{\"@type\":\"SearchAction\",\"target\":{\"@type\":\"EntryPoint\",\"urlTemplate\":\"https:\/\/crentassos.com.br\/blog\/?s={search_term_string}\"},\"query-input\":{\"@type\":\"PropertyValueSpecification\",\"valueRequired\":true,\"valueName\":\"search_term_string\"}}],\"inLanguage\":\"pt-BR\"},{\"@type\":\"Organization\",\"@id\":\"https:\/\/crentassos.com.br\/blog\/#organization\",\"name\":\"Crentassos Produ\u00e7\u00f5es Subversivas\",\"url\":\"https:\/\/crentassos.com.br\/blog\/\",\"logo\":{\"@type\":\"ImageObject\",\"inLanguage\":\"pt-BR\",\"@id\":\"https:\/\/crentassos.com.br\/blog\/#\/schema\/logo\/image\/\",\"url\":\"https:\/\/crentassos.com.br\/blog\/wp-content\/uploads\/2020\/05\/cropped-crentassos1-300x300png.png\",\"contentUrl\":\"https:\/\/crentassos.com.br\/blog\/wp-content\/uploads\/2020\/05\/cropped-crentassos1-300x300png.png\",\"width\":300,\"height\":300,\"caption\":\"Crentassos Produ\u00e7\u00f5es Subversivas\"},\"image\":{\"@id\":\"https:\/\/crentassos.com.br\/blog\/#\/schema\/logo\/image\/\"},\"sameAs\":[\"http:\/\/www.facebook.com\/crentassos\",\"https:\/\/x.com\/crentassos\",\"https:\/\/www.instagram.com\/crentassos\",\"https:\/\/www.youtube.com\/crentassos\"]},{\"@type\":\"Person\",\"@id\":\"https:\/\/crentassos.com.br\/blog\/#\/schema\/person\/6eb40c0399ff54d131a87647daad3491\",\"name\":\"Giancarlo Marx\",\"image\":{\"@type\":\"ImageObject\",\"inLanguage\":\"pt-BR\",\"@id\":\"https:\/\/crentassos.com.br\/blog\/#\/schema\/person\/image\/\",\"url\":\"https:\/\/secure.gravatar.com\/avatar\/74bab976657694a01aa55e290c5da7aacc13214e4389cbd8857cca4cc4748b9e?s=96&d=retro&r=g\",\"contentUrl\":\"https:\/\/secure.gravatar.com\/avatar\/74bab976657694a01aa55e290c5da7aacc13214e4389cbd8857cca4cc4748b9e?s=96&d=retro&r=g\",\"caption\":\"Giancarlo Marx\"},\"url\":\"https:\/\/crentassos.com.br\/blog\/author\/giancarlomarx\"}]}<\/script>\n<!-- \/ Yoast SEO plugin. -->","yoast_head_json":{"title":"O Que Me Falta? | Ampulheta 54 - Crentassos Produ\u00e7\u00f5es Subversivas","description":"Meu nome \u00e9 Giancarlo Marx e hoje eu vou falar sobre o tema O Que Me Falta?","robots":{"index":"index","follow":"follow","max-snippet":"max-snippet:-1","max-image-preview":"max-image-preview:large","max-video-preview":"max-video-preview:-1"},"canonical":"https:\/\/crentassos.com.br\/blog\/2022\/03\/o-que-me-falta-ampulheta-54.html","og_locale":"pt_BR","og_type":"article","og_title":"O Que Me Falta? | Ampulheta 54 - Crentassos Produ\u00e7\u00f5es Subversivas","og_description":"Meu nome \u00e9 Giancarlo Marx e hoje eu vou falar sobre o tema O Que Me Falta?","og_url":"https:\/\/crentassos.com.br\/blog\/2022\/03\/o-que-me-falta-ampulheta-54.html","og_site_name":"Crentassos Produ\u00e7\u00f5es Subversivas","article_publisher":"http:\/\/www.facebook.com\/crentassos","article_published_time":"2022-03-20T07:31:39+00:00","article_modified_time":"2023-05-24T20:10:49+00:00","og_image":[{"width":1920,"height":1080,"url":"https:\/\/crentassos.com.br\/blog\/wp-content\/uploads\/2022\/03\/54-O-Que-Me-Falta-2.jpg","type":"image\/jpeg"}],"author":"Giancarlo Marx","twitter_card":"summary_large_image","twitter_creator":"@crentassos","twitter_site":"@crentassos","twitter_misc":{"Escrito por":"Giancarlo Marx","Est. tempo de leitura":"9 minutos"},"schema":{"@context":"https:\/\/schema.org","@graph":[{"@type":"Article","@id":"https:\/\/crentassos.com.br\/blog\/2022\/03\/o-que-me-falta-ampulheta-54.html#article","isPartOf":{"@id":"https:\/\/crentassos.com.br\/blog\/2022\/03\/o-que-me-falta-ampulheta-54.html"},"author":{"name":"Giancarlo Marx","@id":"https:\/\/crentassos.com.br\/blog\/#\/schema\/person\/6eb40c0399ff54d131a87647daad3491"},"headline":"O Que Me Falta? | Ampulheta 54","datePublished":"2022-03-20T07:31:39+00:00","dateModified":"2023-05-24T20:10:49+00:00","mainEntityOfPage":{"@id":"https:\/\/crentassos.com.br\/blog\/2022\/03\/o-que-me-falta-ampulheta-54.html"},"wordCount":1241,"commentCount":0,"publisher":{"@id":"https:\/\/crentassos.com.br\/blog\/#organization"},"image":{"@id":"https:\/\/crentassos.com.br\/blog\/2022\/03\/o-que-me-falta-ampulheta-54.html#primaryimage"},"thumbnailUrl":"https:\/\/crentassos.com.br\/blog\/wp-content\/uploads\/2022\/03\/54-O-Que-Me-Falta-2.jpg","keywords":["2022","23","54","ampulheta","ampulheta podcast","devocionais","devocional","giancarlo marx","justus et peccator","medita\u00e7\u00e3o","o que me falta","o senhor \u00e9 o meu pastor","podcast","Podcast Crist\u00e3o","podcast devocional","podcast evang\u00e9lico","podcast gospel","salmo 23"],"articleSection":["Ampulheta","Podcasts"],"inLanguage":"pt-BR","potentialAction":[{"@type":"CommentAction","name":"Comment","target":["https:\/\/crentassos.com.br\/blog\/2022\/03\/o-que-me-falta-ampulheta-54.html#respond"]}]},{"@type":"WebPage","@id":"https:\/\/crentassos.com.br\/blog\/2022\/03\/o-que-me-falta-ampulheta-54.html","url":"https:\/\/crentassos.com.br\/blog\/2022\/03\/o-que-me-falta-ampulheta-54.html","name":"O Que Me Falta? | Ampulheta 54 - Crentassos Produ\u00e7\u00f5es Subversivas","isPartOf":{"@id":"https:\/\/crentassos.com.br\/blog\/#website"},"primaryImageOfPage":{"@id":"https:\/\/crentassos.com.br\/blog\/2022\/03\/o-que-me-falta-ampulheta-54.html#primaryimage"},"image":{"@id":"https:\/\/crentassos.com.br\/blog\/2022\/03\/o-que-me-falta-ampulheta-54.html#primaryimage"},"thumbnailUrl":"https:\/\/crentassos.com.br\/blog\/wp-content\/uploads\/2022\/03\/54-O-Que-Me-Falta-2.jpg","datePublished":"2022-03-20T07:31:39+00:00","dateModified":"2023-05-24T20:10:49+00:00","description":"Meu nome \u00e9 Giancarlo Marx e hoje eu vou falar sobre o tema O Que Me Falta?","breadcrumb":{"@id":"https:\/\/crentassos.com.br\/blog\/2022\/03\/o-que-me-falta-ampulheta-54.html#breadcrumb"},"inLanguage":"pt-BR","potentialAction":[{"@type":"ReadAction","target":["https:\/\/crentassos.com.br\/blog\/2022\/03\/o-que-me-falta-ampulheta-54.html"]}]},{"@type":"ImageObject","inLanguage":"pt-BR","@id":"https:\/\/crentassos.com.br\/blog\/2022\/03\/o-que-me-falta-ampulheta-54.html#primaryimage","url":"https:\/\/crentassos.com.br\/blog\/wp-content\/uploads\/2022\/03\/54-O-Que-Me-Falta-2.jpg","contentUrl":"https:\/\/crentassos.com.br\/blog\/wp-content\/uploads\/2022\/03\/54-O-Que-Me-Falta-2.jpg","width":1920,"height":1080,"caption":"Imagem de fundo com uma ampulheta em preto e branco. Na frente o nome do podcast (Ampulheta) escrito em laranja e cercado por um quadro tamb\u00e9m em laranja. No canto superior esquerdo, est\u00e1 escrito \"54\", referente ao n\u00famero do epis\u00f3dio. No canto inferior direito est\u00e1 escrito o t\u00edtulo do epis\u00f3dio: O Que Me Falta. Abaixo do t\u00edtulo do epis\u00f3dio est\u00e1 escrito o nome do autor: Giancarlo Marx."},{"@type":"BreadcrumbList","@id":"https:\/\/crentassos.com.br\/blog\/2022\/03\/o-que-me-falta-ampulheta-54.html#breadcrumb","itemListElement":[{"@type":"ListItem","position":1,"name":"Home","item":"https:\/\/crentassos.com.br\/blog\/"},{"@type":"ListItem","position":2,"name":"O Que Me Falta? | Ampulheta 54"}]},{"@type":"WebSite","@id":"https:\/\/crentassos.com.br\/blog\/#website","url":"https:\/\/crentassos.com.br\/blog\/","name":"Crentassos Produ\u00e7\u00f5es Subversivas","description":"Podcast Crist\u00e3o, Podcrent, Da Prateleira, Artigos crist\u00e3os, Teologia, Estudos, Textos B\u00edblicos","publisher":{"@id":"https:\/\/crentassos.com.br\/blog\/#organization"},"potentialAction":[{"@type":"SearchAction","target":{"@type":"EntryPoint","urlTemplate":"https:\/\/crentassos.com.br\/blog\/?s={search_term_string}"},"query-input":{"@type":"PropertyValueSpecification","valueRequired":true,"valueName":"search_term_string"}}],"inLanguage":"pt-BR"},{"@type":"Organization","@id":"https:\/\/crentassos.com.br\/blog\/#organization","name":"Crentassos Produ\u00e7\u00f5es Subversivas","url":"https:\/\/crentassos.com.br\/blog\/","logo":{"@type":"ImageObject","inLanguage":"pt-BR","@id":"https:\/\/crentassos.com.br\/blog\/#\/schema\/logo\/image\/","url":"https:\/\/crentassos.com.br\/blog\/wp-content\/uploads\/2020\/05\/cropped-crentassos1-300x300png.png","contentUrl":"https:\/\/crentassos.com.br\/blog\/wp-content\/uploads\/2020\/05\/cropped-crentassos1-300x300png.png","width":300,"height":300,"caption":"Crentassos Produ\u00e7\u00f5es Subversivas"},"image":{"@id":"https:\/\/crentassos.com.br\/blog\/#\/schema\/logo\/image\/"},"sameAs":["http:\/\/www.facebook.com\/crentassos","https:\/\/x.com\/crentassos","https:\/\/www.instagram.com\/crentassos","https:\/\/www.youtube.com\/crentassos"]},{"@type":"Person","@id":"https:\/\/crentassos.com.br\/blog\/#\/schema\/person\/6eb40c0399ff54d131a87647daad3491","name":"Giancarlo Marx","image":{"@type":"ImageObject","inLanguage":"pt-BR","@id":"https:\/\/crentassos.com.br\/blog\/#\/schema\/person\/image\/","url":"https:\/\/secure.gravatar.com\/avatar\/74bab976657694a01aa55e290c5da7aacc13214e4389cbd8857cca4cc4748b9e?s=96&d=retro&r=g","contentUrl":"https:\/\/secure.gravatar.com\/avatar\/74bab976657694a01aa55e290c5da7aacc13214e4389cbd8857cca4cc4748b9e?s=96&d=retro&r=g","caption":"Giancarlo Marx"},"url":"https:\/\/crentassos.com.br\/blog\/author\/giancarlomarx"}]}},"_links":{"self":[{"href":"https:\/\/crentassos.com.br\/blog\/wp-json\/wp\/v2\/posts\/20537","targetHints":{"allow":["GET"]}}],"collection":[{"href":"https:\/\/crentassos.com.br\/blog\/wp-json\/wp\/v2\/posts"}],"about":[{"href":"https:\/\/crentassos.com.br\/blog\/wp-json\/wp\/v2\/types\/post"}],"author":[{"embeddable":true,"href":"https:\/\/crentassos.com.br\/blog\/wp-json\/wp\/v2\/users\/39"}],"replies":[{"embeddable":true,"href":"https:\/\/crentassos.com.br\/blog\/wp-json\/wp\/v2\/comments?post=20537"}],"version-history":[{"count":10,"href":"https:\/\/crentassos.com.br\/blog\/wp-json\/wp\/v2\/posts\/20537\/revisions"}],"predecessor-version":[{"id":21599,"href":"https:\/\/crentassos.com.br\/blog\/wp-json\/wp\/v2\/posts\/20537\/revisions\/21599"}],"wp:featuredmedia":[{"embeddable":true,"href":"https:\/\/crentassos.com.br\/blog\/wp-json\/wp\/v2\/media\/20554"}],"wp:attachment":[{"href":"https:\/\/crentassos.com.br\/blog\/wp-json\/wp\/v2\/media?parent=20537"}],"wp:term":[{"taxonomy":"category","embeddable":true,"href":"https:\/\/crentassos.com.br\/blog\/wp-json\/wp\/v2\/categories?post=20537"},{"taxonomy":"post_tag","embeddable":true,"href":"https:\/\/crentassos.com.br\/blog\/wp-json\/wp\/v2\/tags?post=20537"}],"curies":[{"name":"wp","href":"https:\/\/api.w.org\/{rel}","templated":true}]}}