{"id":20183,"date":"2021-10-20T01:00:13","date_gmt":"2021-10-20T03:00:13","guid":{"rendered":"https:\/\/crentassos.com.br\/blog\/?p=20183"},"modified":"2023-05-24T18:21:57","modified_gmt":"2023-05-24T20:21:57","slug":"os-dois-decretos-ampulheta-49","status":"publish","type":"post","link":"https:\/\/crentassos.com.br\/blog\/2021\/10\/os-dois-decretos-ampulheta-49.html","title":{"rendered":"Os Dois Decretos | Ampulheta 49"},"content":{"rendered":"<p>Meu nome \u00e9 <a href=\"https:\/\/twitter.com\/giancarlomarx\">Giancarlo Marx<\/a> e hoje eu vou falar sobre o tema: <strong>Os dois decretos<\/strong>.<\/p>\n\n\n<figure class=\"wp-block-image size-full\"><img loading=\"lazy\" decoding=\"async\" width=\"1920\" height=\"1080\" src=\"https:\/\/crentassos.com.br\/blog\/wp-content\/uploads\/2021\/10\/49-Os-Dois-Decretos.jpg\" alt=\"Imagem de fundo com uma ampulheta em preto e branco. Na frente o nome do podcast (Ampulheta) escrito em laranja e cercado por um quadro tamb\u00e9m em laranja. No canto superior esquerdo, est\u00e1 escrito &quot;49&quot;, referente ao n\u00famero do epis\u00f3dio. No canto inferior direito est\u00e1 escrito o t\u00edtulo do epis\u00f3dio: Os Dois Decretos. Abaixo do t\u00edtulo do epis\u00f3dio est\u00e1 escrito o nome do autor: Giancarlo Marx.\" class=\"wp-image-20182\" srcset=\"https:\/\/crentassos.com.br\/blog\/wp-content\/uploads\/2021\/10\/49-Os-Dois-Decretos.jpg 1920w, https:\/\/crentassos.com.br\/blog\/wp-content\/uploads\/2021\/10\/49-Os-Dois-Decretos-300x169.jpg 300w, https:\/\/crentassos.com.br\/blog\/wp-content\/uploads\/2021\/10\/49-Os-Dois-Decretos-620x349.jpg 620w, https:\/\/crentassos.com.br\/blog\/wp-content\/uploads\/2021\/10\/49-Os-Dois-Decretos-275x154.jpg 275w, https:\/\/crentassos.com.br\/blog\/wp-content\/uploads\/2021\/10\/49-Os-Dois-Decretos-768x432.jpg 768w, https:\/\/crentassos.com.br\/blog\/wp-content\/uploads\/2021\/10\/49-Os-Dois-Decretos-1536x864.jpg 1536w, https:\/\/crentassos.com.br\/blog\/wp-content\/uploads\/2021\/10\/49-Os-Dois-Decretos-800x450.jpg 800w, https:\/\/crentassos.com.br\/blog\/wp-content\/uploads\/2021\/10\/49-Os-Dois-Decretos-400x225.jpg 400w\" sizes=\"auto, (max-width: 1920px) 100vw, 1920px\" \/><\/figure>\n\n\n\n<figure class=\"wp-block-embed is-type-rich is-provider-spotify wp-block-embed-spotify wp-embed-aspect-21-9 wp-has-aspect-ratio\"><div class=\"wp-block-embed__wrapper\">\n<iframe title=\"Spotify Embed: Os Dois Decretos | Ampulheta 49\" style=\"border-radius: 12px\" width=\"100%\" height=\"152\" frameborder=\"0\" allowfullscreen allow=\"autoplay; clipboard-write; encrypted-media; fullscreen; picture-in-picture\" loading=\"lazy\" src=\"https:\/\/open.spotify.com\/embed\/episode\/7bN1HhQ52mGzyAkEZKVMGH?si=a46d0a53c39449cf&#038;utm_source=oembed\"><\/iframe>\n<\/div><\/figure>\n\n\n<p style=\"text-align: justify;\"><em>\u201cEu tenho um problema com a B\u00edblia. Este \u00e9 o meu problema\u2026<\/em><\/p>\n<p style=\"text-align: justify;\"><em>Eu sou um antigo eg\u00edpcio. Sou um babil\u00f4nio confort\u00e1vel. Sou um romano em seu vilarejo.<\/em><\/p>\n<p style=\"text-align: justify;\">Este \u00e9 o meu problema. Veja, eu estou tentando ler a B\u00edblia a todo custo, mas n\u00e3o sou um escravo hebreu sofrendo no Egito. N\u00e3o sou um judeu conquistado deportado para a Babil\u00f4nia. N\u00e3o sou um judeu do primeiro s\u00e9culo vivendo sob a ocupa\u00e7\u00e3o romana.<\/p>\n<p style=\"text-align: justify;\"><em>Eu sou um cidad\u00e3o de uma superpot\u00eancia. Eu nasci entre os conquistadores. Eu moro no imp\u00e9rio. Mas eu quero ler a B\u00edblia e acho que ela est\u00e1 falando comigo. Isto \u00e9 um problema.<\/em><\/p>\n<p style=\"text-align: justify;\"><em>Uma das coisas mais marcantes da B\u00edblia \u00e9 que nela encontramos a narrativa contada a partir da perspectiva dos pobres, dos oprimidos, dos escravos, dos conquistados, dos ocupados, dos derrotados. Isso \u00e9 o que a torna prof\u00e9tica. Sabemos que a hist\u00f3ria \u00e9 escrita pelos vencedores. Isso \u00e9 verdade &#8211; exceto no caso da B\u00edblia, \u00e9 o oposto! Esta \u00e9 a genialidade subversiva dos profetas hebreus. Eles escreveram de uma perspectiva de baixo para cima.\u201d<\/em><\/p>\n<p style=\"text-align: justify;\">Este trecho abre o artigo <a href=\"https:\/\/bit.ly\/3mYZ27K\"><strong><em>Meu problema com a B\u00edblia<\/em><\/strong><\/a> escrito em 2014 pelo pastor americano Brian Zahnd, que recentemente foi citado em uma prega\u00e7\u00e3o do pastor Ed Ren\u00e9 Kivitz, e me colocou pra pensar.<\/p>\n<p style=\"text-align: justify;\">H\u00e1 um discurso triunfalista quase hegem\u00f4nico entre aqueles que se apresentam como crist\u00e3os, ao ponto de muitas vezes eu ser questionado: Gian, mas voc\u00ea \u00e9 crente mesmo? Por que n\u00e3o \u00e9 como eles? Por que voc\u00ea n\u00e3o fica tentando me obrigar a seguir sua f\u00e9? Existem mais crentes desse tipo? E outras perguntas parecidas.<\/p>\n<p style=\"text-align: justify;\">Semana passada eu ouvi uma dessas perguntas de um colega de trabalho. Ele tentava compreender por que \u00e9 que os crentes querem obrigar os n\u00e3o-crentes a se comportar como crentes, se nem eles mesmos se comportavam de modo t\u00e3o \u201ccrente\u201d assim. Identificando que eu n\u00e3o era um desses \u201ccrentes\u201d mas o que ele definiu como um \u201ctipo diferente de crente\u201d, ele achou que eu teria a resposta.<\/p>\n<p style=\"text-align: justify;\">Eu n\u00e3o tinha.<\/p>\n<p style=\"text-align: justify;\">Mas a pergunta dele me fez lembrar do texto do Brian Zahnd, citado pelo Ed umas semanas atr\u00e1s, e de uma daquelas hist\u00f3rias b\u00edblicas que me acompanham desde a minha mais tenra inf\u00e2ncia. A hist\u00f3ria do confronto de tr\u00eas amigos judeus exilados na Babil\u00f4nia diante do rei Nabucodonosor.<\/p>\n<p style=\"text-align: justify;\">O <a href=\"https:\/\/bit.ly\/3ARswJK\">cap\u00edtulo 3 do profeta Daniel<\/a> relata que um belo dia Nabucodonosor, rei da Babil\u00f4nia, ergueu uma est\u00e1tua de ouro de 27 metros de altura e obrigou todos de seu imp\u00e9rio a ador\u00e1-la, sempre que ouvissem m\u00fasica. Isso inclu\u00eda todos os povos de outras culturas e religi\u00f5es que estavam debaixo de sua autoridade.<\/p>\n<p style=\"text-align: justify;\">Esses tr\u00eas amigos, que receberam os nomes de Sadraque, Mesaque e Abede-Nego se recusaram a obedecer o rei por uma obje\u00e7\u00e3o de consci\u00eancia. Para os judeus esta pr\u00e1tica infringia pelo menos os dois primeiros dos 10 mandamentos. E por causa disso foram lan\u00e7ados numa fornalha aquecida 7 vezes mais que o habitual (Nabucodonosor estava mesmo irritado com aquele disparate).<\/p>\n<p style=\"text-align: justify;\">Acontece que os tr\u00eas homens n\u00e3o s\u00f3 sobreviveram, mas caminhavam no meio do fogo como se estivessem passeando tranquilamente no parque. O pior \u00e9 que entre eles um quarto homem apareceu e, nas palavras do pr\u00f3prio rei da Babil\u00f4nia este homem era \u201csemelhante ao Filho de Deus\u201d.<\/p>\n<p style=\"text-align: justify;\">Ou seja, o pr\u00f3prio Jesus estava com eles na fornalha, caminhando entre o fogo, sem sofrerem dano algum.<\/p>\n<p style=\"text-align: justify;\">\u00c9 claro que isso impactou muito o rei. Ele os chamou de volta para fora, arrependeu-se do mal que h\u00a0 avia feito a eles e, por fim, lan\u00e7ou um novo decreto, desta vez em favor dos tr\u00eas estrangeiros.<\/p>\n<p style=\"text-align: justify;\">Que b\u00ean\u00e7\u00e3o, n\u00e9? Parece que o rei da Babil\u00f4nia se converteu! Gl\u00f3ria a Deus! Feliz a na\u00e7\u00e3o cujo Deus \u00e9 o Senhor!!!<\/p>\n<p style=\"text-align: justify;\">Calma. Vamos comparar as reda\u00e7\u00f5es dos 2 decretos, antes e depois da experi\u00eancia na fornalha:<\/p>\n<p style=\"text-align: justify;\"><em>Ent\u00e3o o arauto gritou: \u201cPovos de todas as ra\u00e7as, na\u00e7\u00f5es e l\u00ednguas, ou\u00e7am a ordem do rei! Quando ouvirem o som da trombeta, da flauta, da c\u00edtara, da lira, da harpa, do p\u00edfaro e de outros instrumentos musicais, prostrem-se no ch\u00e3o para adorar a est\u00e1tua de ouro levantada pelo rei Nabucodonosor. Quem n\u00e3o obedecer ser\u00e1 lan\u00e7ado de imediato na fornalha ardente!\u201d &#8211; <\/em><a href=\"https:\/\/bit.ly\/3aRl2fg\">Daniel 3:4-6<\/a><\/p>\n<p style=\"text-align: justify;\"><em>\u201cPortanto, fa\u00e7o este decreto: Se qualquer pessoa, n\u00e3o importando sua ra\u00e7a, na\u00e7\u00e3o ou l\u00edngua, disser uma palavra contra o Deus de Sadraque, Mesaque e Abede-Nego, ela ser\u00e1 despeda\u00e7ada, e sua casa, transformada num monte de escombros. N\u00e3o h\u00e1 outro deus capaz de livrar dessa maneira!\u201d &#8211; <\/em><a href=\"https:\/\/bit.ly\/3jdXVjD\">Daniel 3:29<\/a><\/p>\n<p style=\"text-align: justify;\">E a\u00ed? O que te parece?<\/p>\n<p style=\"text-align: justify;\">Se voc\u00ea fosse um exilado na Babil\u00f4nia de algum outro povo ou religi\u00e3o, faria diferen\u00e7a entre um decreto e outro? Ser queimado na fornalha ou ser despeda\u00e7ado junto com a sua casa, qual lhe parece mais justo?<\/p>\n<p style=\"text-align: justify;\">Uma l\u00f3gica de domina\u00e7\u00e3o diab\u00f3lica guia ambos os decretos.<\/p>\n<p style=\"text-align: justify;\">Tanto que no cap\u00edtulo seguinte o livro conta que Nabucodonosor teve um sonho e Daniel foi chamado para interpret\u00e1-lo. Ent\u00e3o o profeta avisou que aquele sonho previa que um ju\u00edzo de Deus que viria sobre o rei, que ele perderia a sanidade e viveria pastando com os animais at\u00e9 que ele compreendesse que sua autoridade vinha do pr\u00f3prio Deus, e n\u00e3o de seus m\u00e9ritos.<\/p>\n<p style=\"text-align: justify;\">Ao fim da interpreta\u00e7\u00e3o do sonho, Daniel deu um conselho (afinal, ele era pago pra isso):<\/p>\n<p style=\"text-align: justify;\"><em>\u201c\u00d3 rei Nabucodonosor, aceite meu conselho. Pare de pecar e fa\u00e7a o que \u00e9 certo. Deixe seus pecados para tr\u00e1s e tenha compaix\u00e3o dos pobres. Quem sabe, ent\u00e3o, o rei continuar\u00e1 a prosperar.\u201d &#8211; <\/em>Daniel 4:27<\/p>\n<p style=\"text-align: justify;\">Pois ele n\u00e3o ouviu o conselho de Daniel e tudo aconteceu conforme o profeta previu mesmo.<\/p>\n<p style=\"text-align: justify;\">Acontece que Nabucodonosor professou a f\u00e9 no Deus de Daniel e seus amigos, mas na pr\u00e1tica permaneceu com um cora\u00e7\u00e3o contaminado pelo poder e a marca disso era que o rei n\u00e3o praticava a equidade, ou seja, tinha compaix\u00e3o dos pobres.<\/p>\n<p style=\"text-align: justify;\">No <a href=\"https:\/\/bit.ly\/3n8kXt1\">cap\u00edtulo 7 de Mateus<\/a>, Jesus afirma que a \u00e1rvore se conhece pelos frutos, e que muitos daqueles que confessam o seu Senhorio chegar\u00e3o no ju\u00edzo final e dar\u00e3o\u00a0 de cara com a porta fechada.<\/p>\n<p style=\"text-align: justify;\"><em>\u201cMuitos me dir\u00e3o naquele dia: Senhor, Senhor, n\u00e3o profetizamos n\u00f3s em teu nome? e em teu nome n\u00e3o expulsamos dem\u00f4nios? e em teu nome n\u00e3o fizemos muitas maravilhas?<\/em><\/p>\n<p style=\"text-align: justify;\"><em>E ent\u00e3o lhes direi abertamente: Nunca vos conheci; apartai-vos de mim, v\u00f3s que praticais a iniq\u00fcidade.\u201d<\/em> &#8211; <a href=\"https:\/\/bit.ly\/3lQnzfM\">Mateus 7:22,23<\/a><\/p>\n<p style=\"text-align: justify;\">A iniquidade \u00e9 o oposto da equidade. \u00c9 n\u00e3o levar em conta as fragilidades das pessoas e, ao inv\u00e9s disso, explor\u00e1-las para seu pr\u00f3prio proveito.<\/p>\n<p style=\"text-align: justify;\">Quando algu\u00e9m confessa a Jesus, especialmente algu\u00e9m poderoso ou um l\u00edder pol\u00edtico como Nabucodonosor, h\u00e1 uma forma bastante eficaz de avaliar a autenticidade desta confiss\u00e3o. Basta olhar como ele trata os mais vulner\u00e1veis. \u00c9 com equidade ou com iniquidade que ele lida com as minorias? Os pobres. Os derrotados. Os doentes. Os refugiados. Os exclu\u00eddos. Os perseguidos. Os marginalizados.<\/p>\n<p style=\"text-align: justify;\">Lembre-se, foram estes que escreveram esta B\u00edblia que voc\u00ea diz crer.<\/p>\n<p style=\"text-align: justify;\">Um forte abra\u00e7o e at\u00e9 o pr\u00f3ximo <a href=\"http:\/\/bit.ly\/ampulhetapodcast\">Ampulheta<\/a>.<\/p>\n<p style=\"text-align: justify;\"><strong>PARTICIPANTES:<br \/><\/strong>&#8211;\u00a0<a href=\"https:\/\/twitter.com\/giancarlomarx\">Giancarlo Marx<\/a><\/p>\n<p style=\"text-align: justify;\"><strong>COISAS \u00daTEIS:<\/strong><br \/>&#8211; Dura\u00e7\u00e3o:\u00a0<em>09m47s<\/em><a href=\"https:\/\/twitter.com\/prcris\"><br \/><\/a>&#8211; Feed do Crentassos:\u00a0<em>Feed, RSS, Android e iTunes:\u00a0<\/em><em><a href=\"https:\/\/crentassos.com.br\/blog\/feed\/podcast\">crentassos.com.br\/blog\/tag\/podcast\/feed<\/a>\u00a0Para assinar no iTunes, clique na aba &#8220;Avan\u00e7ado&#8221;, e &#8220;Assinar Podcast&#8221;. Cole o endere\u00e7o e confirme. Assim voc\u00ea recebe automaticamente os novos epis\u00f3dios.<br \/>&#8211; <\/em><a href=\"http:\/\/bit.ly\/ampulhetapodcast\">Todos os &#8220;Ampulheta&#8221;<\/a><\/p>\n<p style=\"text-align: justify;\"><strong>CITADOS NO PROGRAMA:<br \/><\/strong>&#8211; <a href=\"https:\/\/bit.ly\/3mYZ27K\">Artigo &#8220;Meu Problema com a B\u00edblia&#8221; de Brian Zahnd<\/a><br \/>&#8211; <a href=\"https:\/\/bit.ly\/3ARswJK\">Daniel 3<\/a><br \/>&#8211; <a href=\"https:\/\/bit.ly\/3aRl2fg\">Daniel 3:4-6<\/a><br \/>&#8211; <a href=\"https:\/\/bit.ly\/3jdXVjD\">Daniel 3:29<\/a><br \/>&#8211; <a href=\"https:\/\/bit.ly\/3n8kXt1\">Mateus 7<\/a><br \/>&#8211; <a href=\"https:\/\/bit.ly\/3lQnzfM\" data-wplink-edit=\"true\">Mateus 7:22-23<\/a><\/p>\n<p style=\"text-align: justify;\"><strong>GRUPOS DE COMPARTILHAMENTO DA CRENTASSOS:<br \/><\/strong>&#8211; <a href=\"http:\/\/bit.ly\/zapdacrentassos\">WhatsApp<\/a><br \/>&#8211; <a href=\"http:\/\/t.me\/crentassos\">Telegram<\/a><\/p>\n<p style=\"text-align: justify;\"><strong><br \/><a href=\"https:\/\/youtu.be\/GwVNEzPRak4\" target=\"_blank\" rel=\"noopener noreferrer\"><img loading=\"lazy\" decoding=\"async\" class=\"alignnone wp-image-15735 size-full\" src=\"https:\/\/crentassos.com.br\/blog\/wp-content\/uploads\/2019\/01\/Banner-Youtube.jpg\" sizes=\"auto, (max-width: 4418px) 100vw, 4418px\" srcset=\"https:\/\/crentassos.com.br\/blog\/wp-content\/uploads\/2019\/01\/Banner-Youtube.jpg 4418w, https:\/\/crentassos.com.br\/blog\/wp-content\/uploads\/2019\/01\/Banner-Youtube-300x34.jpg 300w, https:\/\/crentassos.com.br\/blog\/wp-content\/uploads\/2019\/01\/Banner-Youtube-768x87.jpg 768w, https:\/\/crentassos.com.br\/blog\/wp-content\/uploads\/2019\/01\/Banner-Youtube-620x70.jpg 620w\" alt=\"\" width=\"4418\" height=\"500\" \/><\/a><br \/><\/strong><\/p>\n<p style=\"text-align: justify;\"><strong>JAB\u00c1S:<\/strong><a href=\"https:\/\/www.padrim.com.br\/crentassos\" target=\"_blank\" rel=\"noopener noreferrer\"><img loading=\"lazy\" decoding=\"async\" class=\"alignnone\" src=\"https:\/\/crentassos.com.br\/blog\/wp-content\/uploads\/2017\/04\/Padrim-Banner.jpg\" alt=\"Padrim Banner\" width=\"4418\" height=\"500\" \/><\/a><a href=\"https:\/\/bit.ly\/picpaycrentassos\"><img loading=\"lazy\" decoding=\"async\" class=\"alignnone wp-image-15115 size-full\" src=\"https:\/\/crentassos.com.br\/blog\/wp-content\/uploads\/2018\/08\/picpay-2.jpg\" sizes=\"auto, (max-width: 4418px) 100vw, 4418px\" srcset=\"https:\/\/crentassos.com.br\/blog\/wp-content\/uploads\/2018\/08\/picpay-2.jpg 4418w, https:\/\/crentassos.com.br\/blog\/wp-content\/uploads\/2018\/08\/picpay-2-300x34.jpg 300w, https:\/\/crentassos.com.br\/blog\/wp-content\/uploads\/2018\/08\/picpay-2-768x87.jpg 768w, https:\/\/crentassos.com.br\/blog\/wp-content\/uploads\/2018\/08\/picpay-2-620x70.jpg 620w\" alt=\"picpay\" width=\"4418\" height=\"500\" \/><\/a><\/p>\n<p style=\"text-align: justify;\"><a href=\"https:\/\/umapenca.com\/crentassos\/\" target=\"_blank\" rel=\"noopener noreferrer\"><img loading=\"lazy\" decoding=\"async\" class=\"alignnone wp-image-18569 size-full\" src=\"https:\/\/crentassos.com.br\/blog\/wp-content\/uploads\/2020\/08\/Banners-Loja.jpg\" alt=\"\" width=\"2560\" height=\"290\" srcset=\"https:\/\/crentassos.com.br\/blog\/wp-content\/uploads\/2020\/08\/Banners-Loja.jpg 2560w, https:\/\/crentassos.com.br\/blog\/wp-content\/uploads\/2020\/08\/Banners-Loja-300x34.jpg 300w, https:\/\/crentassos.com.br\/blog\/wp-content\/uploads\/2020\/08\/Banners-Loja-620x70.jpg 620w, https:\/\/crentassos.com.br\/blog\/wp-content\/uploads\/2020\/08\/Banners-Loja-768x87.jpg 768w, https:\/\/crentassos.com.br\/blog\/wp-content\/uploads\/2020\/08\/Banners-Loja-1536x174.jpg 1536w, https:\/\/crentassos.com.br\/blog\/wp-content\/uploads\/2020\/08\/Banners-Loja-2048x232.jpg 2048w\" sizes=\"auto, (max-width: 2560px) 100vw, 2560px\" \/><\/a><\/p>\n<p style=\"text-align: justify;\"><a href=\"http:\/\/amzn.to\/2CcHPhC\" target=\"_blank\" rel=\"noopener noreferrer\"><img loading=\"lazy\" decoding=\"async\" class=\"alignnone wp-image-13992 size-full\" src=\"https:\/\/crentassos.com.br\/blog\/wp-content\/uploads\/2018\/02\/Amazon-Banner.jpg\" sizes=\"auto, (max-width: 4418px) 100vw, 4418px\" srcset=\"https:\/\/crentassos.com.br\/blog\/wp-content\/uploads\/2018\/02\/Amazon-Banner.jpg 4418w, https:\/\/crentassos.com.br\/blog\/wp-content\/uploads\/2018\/02\/Amazon-Banner-300x34.jpg 300w, https:\/\/crentassos.com.br\/blog\/wp-content\/uploads\/2018\/02\/Amazon-Banner-768x87.jpg 768w, https:\/\/crentassos.com.br\/blog\/wp-content\/uploads\/2018\/02\/Amazon-Banner-620x70.jpg 620w\" alt=\"Amazon Banner\" width=\"4418\" height=\"500\" \/><\/a><\/p>\n<p style=\"text-align: justify;\"><strong>REDES SOCIAIS:<\/strong><br \/><a href=\"https:\/\/www.facebook.com\/Crentassos\/\" target=\"_blank\" rel=\"noopener noreferrer\"><img loading=\"lazy\" decoding=\"async\" class=\"alignnone wp-image-13593 size-medium\" src=\"https:\/\/crentassos.com.br\/blog\/wp-content\/uploads\/2017\/08\/Facebook-Post-300x34.jpg\" sizes=\"auto, (max-width: 300px) 100vw, 300px\" srcset=\"https:\/\/crentassos.com.br\/blog\/wp-content\/uploads\/2017\/08\/Facebook-Post-300x34.jpg 300w, https:\/\/crentassos.com.br\/blog\/wp-content\/uploads\/2017\/08\/Facebook-Post-768x87.jpg 768w, https:\/\/crentassos.com.br\/blog\/wp-content\/uploads\/2017\/08\/Facebook-Post-620x70.jpg 620w\" alt=\"Facebook Post\" width=\"300\" height=\"34\" \/><\/a><a href=\"https:\/\/twitter.com\/crentassos\" target=\"_blank\" rel=\"noopener noreferrer\"><img loading=\"lazy\" decoding=\"async\" class=\"alignnone wp-image-13595 size-medium\" src=\"https:\/\/crentassos.com.br\/blog\/wp-content\/uploads\/2017\/08\/Twitter-Post-300x34.jpg\" sizes=\"auto, (max-width: 300px) 100vw, 300px\" srcset=\"https:\/\/crentassos.com.br\/blog\/wp-content\/uploads\/2017\/08\/Twitter-Post-300x34.jpg 300w, https:\/\/crentassos.com.br\/blog\/wp-content\/uploads\/2017\/08\/Twitter-Post-768x87.jpg 768w, https:\/\/crentassos.com.br\/blog\/wp-content\/uploads\/2017\/08\/Twitter-Post-620x70.jpg 620w\" alt=\"Twitter Post\" width=\"300\" height=\"34\" \/><\/a><a href=\"https:\/\/www.instagram.com\/crentassos\/\" target=\"_blank\" rel=\"noopener noreferrer\"><img loading=\"lazy\" decoding=\"async\" class=\"alignnone wp-image-13594 size-medium\" src=\"https:\/\/crentassos.com.br\/blog\/wp-content\/uploads\/2017\/08\/Instagram-Post-300x34.jpg\" sizes=\"auto, (max-width: 300px) 100vw, 300px\" srcset=\"https:\/\/crentassos.com.br\/blog\/wp-content\/uploads\/2017\/08\/Instagram-Post-300x34.jpg 300w, https:\/\/crentassos.com.br\/blog\/wp-content\/uploads\/2017\/08\/Instagram-Post-768x87.jpg 768w, https:\/\/crentassos.com.br\/blog\/wp-content\/uploads\/2017\/08\/Instagram-Post-620x70.jpg 620w\" alt=\"Instagram Post\" width=\"300\" height=\"34\" \/><\/a><a href=\"https:\/\/www.youtube.com\/user\/Crentassos\" target=\"_blank\" rel=\"noopener noreferrer\"><img loading=\"lazy\" decoding=\"async\" class=\"alignnone wp-image-13596 size-medium\" src=\"https:\/\/crentassos.com.br\/blog\/wp-content\/uploads\/2017\/08\/Youtube-Post-300x34.jpg\" sizes=\"auto, (max-width: 300px) 100vw, 300px\" srcset=\"https:\/\/crentassos.com.br\/blog\/wp-content\/uploads\/2017\/08\/Youtube-Post-300x34.jpg 300w, https:\/\/crentassos.com.br\/blog\/wp-content\/uploads\/2017\/08\/Youtube-Post-768x87.jpg 768w, https:\/\/crentassos.com.br\/blog\/wp-content\/uploads\/2017\/08\/Youtube-Post-620x70.jpg 620w\" alt=\"Youtube Post\" width=\"300\" height=\"34\" \/><\/a><a href=\"mailto:crentassos@gmail.com\" target=\"_blank\" rel=\"noopener noreferrer\"><img loading=\"lazy\" decoding=\"async\" class=\"alignnone wp-image-13592 size-medium\" src=\"https:\/\/crentassos.com.br\/blog\/wp-content\/uploads\/2017\/08\/Email-Post-300x34.jpg\" sizes=\"auto, (max-width: 300px) 100vw, 300px\" srcset=\"https:\/\/crentassos.com.br\/blog\/wp-content\/uploads\/2017\/08\/Email-Post-300x34.jpg 300w, https:\/\/crentassos.com.br\/blog\/wp-content\/uploads\/2017\/08\/Email-Post-768x87.jpg 768w, https:\/\/crentassos.com.br\/blog\/wp-content\/uploads\/2017\/08\/Email-Post-620x70.jpg 620w\" alt=\"Email Post\" width=\"300\" height=\"34\" \/><\/a><\/p>\n<p style=\"text-align: justify;\"><strong><em>Cr\u00edticas, coment\u00e1rios, sugest\u00f5es para\u00a0<a href=\"mailto:crentassos@gmail.com\">crentassos@gmail.com<\/a>\u00a0ou nos coment\u00e1rios desse post.<\/em><\/strong><\/p>\n<p style=\"text-align: justify;\"><strong>OU\u00c7A\/BAIXE O PROGRAMA:<\/strong><\/p><div class=\"powerpress_player\" id=\"powerpress_player_234\"><audio class=\"wp-audio-shortcode\" id=\"audio-20183-1\" preload=\"none\" style=\"width: 100%;\" controls=\"controls\"><source type=\"audio\/mpeg\" src=\"https:\/\/media.blubrry.com\/podcrent\/media.blubrry.com\/podcrent_crentassos_blog\/www.crentassos.com.br\/podcrent\/ampulheta\/ampulheta49.mp3?_=1\" \/><a href=\"https:\/\/media.blubrry.com\/podcrent\/media.blubrry.com\/podcrent_crentassos_blog\/www.crentassos.com.br\/podcrent\/ampulheta\/ampulheta49.mp3\">https:\/\/media.blubrry.com\/podcrent\/media.blubrry.com\/podcrent_crentassos_blog\/www.crentassos.com.br\/podcrent\/ampulheta\/ampulheta49.mp3<\/a><\/audio><\/div><p class=\"powerpress_links powerpress_links_mp3\" style=\"margin-bottom: 1px !important;\">Podcast: <a href=\"https:\/\/media.blubrry.com\/podcrent\/media.blubrry.com\/podcrent_crentassos_blog\/www.crentassos.com.br\/podcrent\/ampulheta\/ampulheta49.mp3\" class=\"powerpress_link_pinw\" target=\"_blank\" title=\"Play in new window\" onclick=\"return powerpress_pinw('https:\/\/crentassos.com.br\/blog\/?powerpress_pinw=20183-podcast');\" rel=\"nofollow\">Play in new window<\/a> | <a href=\"https:\/\/media.blubrry.com\/podcrent\/media.blubrry.com\/podcrent_crentassos_blog\/www.crentassos.com.br\/podcrent\/ampulheta\/ampulheta49.mp3\" class=\"powerpress_link_d\" title=\"Download\" rel=\"nofollow\" download=\"ampulheta49.mp3\">Download<\/a> (Duration: 9:47 &#8212; 6.8MB) | <a href=\"#\" class=\"powerpress_link_e\" title=\"Embed\" onclick=\"return powerpress_show_embed('20183-podcast');\" rel=\"nofollow\">Embed<\/a><\/p><p class=\"powerpress_embed_box\" id=\"powerpress_embed_20183-podcast\" style=\"display: none;\"><input id=\"powerpress_embed_20183-podcast_t\" type=\"text\" value=\"&lt;iframe width=&quot;320&quot; height=&quot;30&quot; src=&quot;https:\/\/crentassos.com.br\/blog\/?powerpress_embed=20183-podcast&amp;amp;powerpress_player=mediaelement-audio&quot; title=&quot;Blubrry Podcast Player&quot; frameborder=&quot;0&quot; scrolling=&quot;no&quot;&gt;&lt;\/iframe&gt;\" onclick=\"javascript: this.select();\" onfocus=\"javascript: this.select();\" style=\"width: 70%;\" readOnly><\/p><p class=\"powerpress_links powerpress_subscribe_links\">Assine! <a href=\"https:\/\/open.spotify.com\/show\/2WZAzWymTxxdr0DNi0R6pB\" class=\"powerpress_link_subscribe powerpress_link_subscribe_spotify\" target=\"_blank\" title=\"Subscribe on Spotify\" rel=\"nofollow\">Spotify<\/a> | <a href=\"https:\/\/www.deezer.com\/us\/show\/511482\" class=\"powerpress_link_subscribe powerpress_link_subscribe_deezer\" target=\"_blank\" title=\"Subscribe on Deezer\" rel=\"nofollow\">Deezer<\/a> | <a href=\"https:\/\/crentassos.com.br\/blog\/feed\/podcast\" class=\"powerpress_link_subscribe powerpress_link_subscribe_rss\" target=\"_blank\" title=\"Subscribe via RSS\" rel=\"nofollow\">RSS<\/a><\/p>","protected":false},"excerpt":{"rendered":"<p>Meu nome \u00e9 Giancarlo Marx e hoje eu vou falar sobre o tema: Os dois decretos. \u201cEu tenho um problema com a [&hellip;]<\/p>\n","protected":false},"author":39,"featured_media":20182,"comment_status":"open","ping_status":"open","sticky":false,"template":"","format":"standard","meta":{"_exactmetrics_skip_tracking":false,"_exactmetrics_sitenote_active":false,"_exactmetrics_sitenote_note":"","_exactmetrics_sitenote_category":0,"footnotes":"","_links_to":"","_links_to_target":""},"categories":[2905,1304],"tags":[7785,6323,2078,7264,2209,6715,2079,6356,7263,7947,7946,43,1311,7262,6920,6870],"class_list":{"0":"post-20183","1":"post","2":"type-post","3":"status-publish","4":"format-standard","5":"has-post-thumbnail","6":"hentry","7":"category-ampulheta","8":"category-podcasts","9":"tag-7785","10":"tag-6323","11":"tag-ampulheta","12":"tag-ampulheta-podcast","13":"tag-daniel","14":"tag-devocionais","15":"tag-devocional","16":"tag-giancarlo-marx","17":"tag-meditacao","18":"tag-nabucodonosor","19":"tag-os-dois-decretos","20":"tag-podcast","21":"tag-podcast-cristao","22":"tag-podcast-devocional","23":"tag-podcast-evangelico","24":"tag-podcast-gospel","26":"post-with-thumbnail","27":"post-with-thumbnail-large"},"yoast_head":"<!-- This site is optimized with the Yoast SEO plugin v27.1.1 - https:\/\/yoast.com\/product\/yoast-seo-wordpress\/ -->\n<title>Os Dois Decretos | Ampulheta 49 - Crentassos Produ\u00e7\u00f5es Subversivas<\/title>\n<meta name=\"description\" content=\"Meu nome \u00e9 Giancarlo Marx e hoje eu vou falar sobre o tema: Os dois decretos.\" \/>\n<meta name=\"robots\" content=\"index, follow, max-snippet:-1, max-image-preview:large, max-video-preview:-1\" \/>\n<link rel=\"canonical\" href=\"https:\/\/crentassos.com.br\/blog\/2021\/10\/os-dois-decretos-ampulheta-49.html\" \/>\n<meta property=\"og:locale\" content=\"pt_BR\" \/>\n<meta property=\"og:type\" content=\"article\" \/>\n<meta property=\"og:title\" content=\"Os Dois Decretos | Ampulheta 49 - Crentassos Produ\u00e7\u00f5es Subversivas\" \/>\n<meta property=\"og:description\" content=\"Meu nome \u00e9 Giancarlo Marx e hoje eu vou falar sobre o tema: Os dois decretos.\" \/>\n<meta property=\"og:url\" content=\"https:\/\/crentassos.com.br\/blog\/2021\/10\/os-dois-decretos-ampulheta-49.html\" \/>\n<meta property=\"og:site_name\" content=\"Crentassos Produ\u00e7\u00f5es Subversivas\" \/>\n<meta property=\"article:publisher\" content=\"http:\/\/www.facebook.com\/crentassos\" \/>\n<meta property=\"article:published_time\" content=\"2021-10-20T03:00:13+00:00\" \/>\n<meta property=\"article:modified_time\" content=\"2023-05-24T20:21:57+00:00\" \/>\n<meta property=\"og:image\" content=\"https:\/\/crentassos.com.br\/blog\/wp-content\/uploads\/2021\/10\/49-Os-Dois-Decretos.jpg\" \/>\n\t<meta property=\"og:image:width\" content=\"1920\" \/>\n\t<meta property=\"og:image:height\" content=\"1080\" \/>\n\t<meta property=\"og:image:type\" content=\"image\/jpeg\" \/>\n<meta name=\"author\" content=\"Giancarlo Marx\" \/>\n<meta name=\"twitter:card\" content=\"summary_large_image\" \/>\n<meta name=\"twitter:creator\" content=\"@crentassos\" \/>\n<meta name=\"twitter:site\" content=\"@crentassos\" \/>\n<meta name=\"twitter:label1\" content=\"Escrito por\" \/>\n\t<meta name=\"twitter:data1\" content=\"Giancarlo Marx\" \/>\n\t<meta name=\"twitter:label2\" content=\"Est. tempo de leitura\" \/>\n\t<meta name=\"twitter:data2\" content=\"10 minutos\" \/>\n<script type=\"application\/ld+json\" class=\"yoast-schema-graph\">{\"@context\":\"https:\/\/schema.org\",\"@graph\":[{\"@type\":\"Article\",\"@id\":\"https:\/\/crentassos.com.br\/blog\/2021\/10\/os-dois-decretos-ampulheta-49.html#article\",\"isPartOf\":{\"@id\":\"https:\/\/crentassos.com.br\/blog\/2021\/10\/os-dois-decretos-ampulheta-49.html\"},\"author\":{\"name\":\"Giancarlo Marx\",\"@id\":\"https:\/\/crentassos.com.br\/blog\/#\/schema\/person\/6eb40c0399ff54d131a87647daad3491\"},\"headline\":\"Os Dois Decretos | Ampulheta 49\",\"datePublished\":\"2021-10-20T03:00:13+00:00\",\"dateModified\":\"2023-05-24T20:21:57+00:00\",\"mainEntityOfPage\":{\"@id\":\"https:\/\/crentassos.com.br\/blog\/2021\/10\/os-dois-decretos-ampulheta-49.html\"},\"wordCount\":1412,\"commentCount\":0,\"publisher\":{\"@id\":\"https:\/\/crentassos.com.br\/blog\/#organization\"},\"image\":{\"@id\":\"https:\/\/crentassos.com.br\/blog\/2021\/10\/os-dois-decretos-ampulheta-49.html#primaryimage\"},\"thumbnailUrl\":\"https:\/\/crentassos.com.br\/blog\/wp-content\/uploads\/2021\/10\/49-Os-Dois-Decretos.jpg\",\"keywords\":[\"2021\",\"49\",\"ampulheta\",\"ampulheta podcast\",\"Daniel\",\"devocionais\",\"devocional\",\"giancarlo marx\",\"medita\u00e7\u00e3o\",\"nabucodonosor\",\"os dois decretos\",\"podcast\",\"Podcast Crist\u00e3o\",\"podcast devocional\",\"podcast evang\u00e9lico\",\"podcast gospel\"],\"articleSection\":[\"Ampulheta\",\"Podcasts\"],\"inLanguage\":\"pt-BR\",\"potentialAction\":[{\"@type\":\"CommentAction\",\"name\":\"Comment\",\"target\":[\"https:\/\/crentassos.com.br\/blog\/2021\/10\/os-dois-decretos-ampulheta-49.html#respond\"]}]},{\"@type\":\"WebPage\",\"@id\":\"https:\/\/crentassos.com.br\/blog\/2021\/10\/os-dois-decretos-ampulheta-49.html\",\"url\":\"https:\/\/crentassos.com.br\/blog\/2021\/10\/os-dois-decretos-ampulheta-49.html\",\"name\":\"Os Dois Decretos | Ampulheta 49 - Crentassos Produ\u00e7\u00f5es Subversivas\",\"isPartOf\":{\"@id\":\"https:\/\/crentassos.com.br\/blog\/#website\"},\"primaryImageOfPage\":{\"@id\":\"https:\/\/crentassos.com.br\/blog\/2021\/10\/os-dois-decretos-ampulheta-49.html#primaryimage\"},\"image\":{\"@id\":\"https:\/\/crentassos.com.br\/blog\/2021\/10\/os-dois-decretos-ampulheta-49.html#primaryimage\"},\"thumbnailUrl\":\"https:\/\/crentassos.com.br\/blog\/wp-content\/uploads\/2021\/10\/49-Os-Dois-Decretos.jpg\",\"datePublished\":\"2021-10-20T03:00:13+00:00\",\"dateModified\":\"2023-05-24T20:21:57+00:00\",\"description\":\"Meu nome \u00e9 Giancarlo Marx e hoje eu vou falar sobre o tema: Os dois decretos.\",\"breadcrumb\":{\"@id\":\"https:\/\/crentassos.com.br\/blog\/2021\/10\/os-dois-decretos-ampulheta-49.html#breadcrumb\"},\"inLanguage\":\"pt-BR\",\"potentialAction\":[{\"@type\":\"ReadAction\",\"target\":[\"https:\/\/crentassos.com.br\/blog\/2021\/10\/os-dois-decretos-ampulheta-49.html\"]}]},{\"@type\":\"ImageObject\",\"inLanguage\":\"pt-BR\",\"@id\":\"https:\/\/crentassos.com.br\/blog\/2021\/10\/os-dois-decretos-ampulheta-49.html#primaryimage\",\"url\":\"https:\/\/crentassos.com.br\/blog\/wp-content\/uploads\/2021\/10\/49-Os-Dois-Decretos.jpg\",\"contentUrl\":\"https:\/\/crentassos.com.br\/blog\/wp-content\/uploads\/2021\/10\/49-Os-Dois-Decretos.jpg\",\"width\":1920,\"height\":1080,\"caption\":\"Imagem de fundo com uma ampulheta em preto e branco. Na frente o nome do podcast (Ampulheta) escrito em laranja e cercado por um quadro tamb\u00e9m em laranja. No canto superior esquerdo, est\u00e1 escrito \\\"49\\\", referente ao n\u00famero do epis\u00f3dio. No canto inferior direito est\u00e1 escrito o t\u00edtulo do epis\u00f3dio: Os Dois Decretos. Abaixo do t\u00edtulo do epis\u00f3dio est\u00e1 escrito o nome do autor: Giancarlo Marx.\"},{\"@type\":\"BreadcrumbList\",\"@id\":\"https:\/\/crentassos.com.br\/blog\/2021\/10\/os-dois-decretos-ampulheta-49.html#breadcrumb\",\"itemListElement\":[{\"@type\":\"ListItem\",\"position\":1,\"name\":\"Home\",\"item\":\"https:\/\/crentassos.com.br\/blog\/\"},{\"@type\":\"ListItem\",\"position\":2,\"name\":\"Os Dois Decretos | Ampulheta 49\"}]},{\"@type\":\"WebSite\",\"@id\":\"https:\/\/crentassos.com.br\/blog\/#website\",\"url\":\"https:\/\/crentassos.com.br\/blog\/\",\"name\":\"Crentassos Produ\u00e7\u00f5es Subversivas\",\"description\":\"Podcast Crist\u00e3o, Podcrent, Da Prateleira, Artigos crist\u00e3os, Teologia, Estudos, Textos B\u00edblicos\",\"publisher\":{\"@id\":\"https:\/\/crentassos.com.br\/blog\/#organization\"},\"potentialAction\":[{\"@type\":\"SearchAction\",\"target\":{\"@type\":\"EntryPoint\",\"urlTemplate\":\"https:\/\/crentassos.com.br\/blog\/?s={search_term_string}\"},\"query-input\":{\"@type\":\"PropertyValueSpecification\",\"valueRequired\":true,\"valueName\":\"search_term_string\"}}],\"inLanguage\":\"pt-BR\"},{\"@type\":\"Organization\",\"@id\":\"https:\/\/crentassos.com.br\/blog\/#organization\",\"name\":\"Crentassos Produ\u00e7\u00f5es Subversivas\",\"url\":\"https:\/\/crentassos.com.br\/blog\/\",\"logo\":{\"@type\":\"ImageObject\",\"inLanguage\":\"pt-BR\",\"@id\":\"https:\/\/crentassos.com.br\/blog\/#\/schema\/logo\/image\/\",\"url\":\"https:\/\/crentassos.com.br\/blog\/wp-content\/uploads\/2020\/05\/cropped-crentassos1-300x300png.png\",\"contentUrl\":\"https:\/\/crentassos.com.br\/blog\/wp-content\/uploads\/2020\/05\/cropped-crentassos1-300x300png.png\",\"width\":300,\"height\":300,\"caption\":\"Crentassos Produ\u00e7\u00f5es Subversivas\"},\"image\":{\"@id\":\"https:\/\/crentassos.com.br\/blog\/#\/schema\/logo\/image\/\"},\"sameAs\":[\"http:\/\/www.facebook.com\/crentassos\",\"https:\/\/x.com\/crentassos\",\"https:\/\/www.instagram.com\/crentassos\",\"https:\/\/www.youtube.com\/crentassos\"]},{\"@type\":\"Person\",\"@id\":\"https:\/\/crentassos.com.br\/blog\/#\/schema\/person\/6eb40c0399ff54d131a87647daad3491\",\"name\":\"Giancarlo Marx\",\"image\":{\"@type\":\"ImageObject\",\"inLanguage\":\"pt-BR\",\"@id\":\"https:\/\/crentassos.com.br\/blog\/#\/schema\/person\/image\/\",\"url\":\"https:\/\/secure.gravatar.com\/avatar\/74bab976657694a01aa55e290c5da7aacc13214e4389cbd8857cca4cc4748b9e?s=96&d=retro&r=g\",\"contentUrl\":\"https:\/\/secure.gravatar.com\/avatar\/74bab976657694a01aa55e290c5da7aacc13214e4389cbd8857cca4cc4748b9e?s=96&d=retro&r=g\",\"caption\":\"Giancarlo Marx\"},\"url\":\"https:\/\/crentassos.com.br\/blog\/author\/giancarlomarx\"}]}<\/script>\n<!-- \/ Yoast SEO plugin. -->","yoast_head_json":{"title":"Os Dois Decretos | Ampulheta 49 - Crentassos Produ\u00e7\u00f5es Subversivas","description":"Meu nome \u00e9 Giancarlo Marx e hoje eu vou falar sobre o tema: Os dois decretos.","robots":{"index":"index","follow":"follow","max-snippet":"max-snippet:-1","max-image-preview":"max-image-preview:large","max-video-preview":"max-video-preview:-1"},"canonical":"https:\/\/crentassos.com.br\/blog\/2021\/10\/os-dois-decretos-ampulheta-49.html","og_locale":"pt_BR","og_type":"article","og_title":"Os Dois Decretos | Ampulheta 49 - Crentassos Produ\u00e7\u00f5es Subversivas","og_description":"Meu nome \u00e9 Giancarlo Marx e hoje eu vou falar sobre o tema: Os dois decretos.","og_url":"https:\/\/crentassos.com.br\/blog\/2021\/10\/os-dois-decretos-ampulheta-49.html","og_site_name":"Crentassos Produ\u00e7\u00f5es Subversivas","article_publisher":"http:\/\/www.facebook.com\/crentassos","article_published_time":"2021-10-20T03:00:13+00:00","article_modified_time":"2023-05-24T20:21:57+00:00","og_image":[{"width":1920,"height":1080,"url":"https:\/\/crentassos.com.br\/blog\/wp-content\/uploads\/2021\/10\/49-Os-Dois-Decretos.jpg","type":"image\/jpeg"}],"author":"Giancarlo Marx","twitter_card":"summary_large_image","twitter_creator":"@crentassos","twitter_site":"@crentassos","twitter_misc":{"Escrito por":"Giancarlo Marx","Est. tempo de leitura":"10 minutos"},"schema":{"@context":"https:\/\/schema.org","@graph":[{"@type":"Article","@id":"https:\/\/crentassos.com.br\/blog\/2021\/10\/os-dois-decretos-ampulheta-49.html#article","isPartOf":{"@id":"https:\/\/crentassos.com.br\/blog\/2021\/10\/os-dois-decretos-ampulheta-49.html"},"author":{"name":"Giancarlo Marx","@id":"https:\/\/crentassos.com.br\/blog\/#\/schema\/person\/6eb40c0399ff54d131a87647daad3491"},"headline":"Os Dois Decretos | Ampulheta 49","datePublished":"2021-10-20T03:00:13+00:00","dateModified":"2023-05-24T20:21:57+00:00","mainEntityOfPage":{"@id":"https:\/\/crentassos.com.br\/blog\/2021\/10\/os-dois-decretos-ampulheta-49.html"},"wordCount":1412,"commentCount":0,"publisher":{"@id":"https:\/\/crentassos.com.br\/blog\/#organization"},"image":{"@id":"https:\/\/crentassos.com.br\/blog\/2021\/10\/os-dois-decretos-ampulheta-49.html#primaryimage"},"thumbnailUrl":"https:\/\/crentassos.com.br\/blog\/wp-content\/uploads\/2021\/10\/49-Os-Dois-Decretos.jpg","keywords":["2021","49","ampulheta","ampulheta podcast","Daniel","devocionais","devocional","giancarlo marx","medita\u00e7\u00e3o","nabucodonosor","os dois decretos","podcast","Podcast Crist\u00e3o","podcast devocional","podcast evang\u00e9lico","podcast gospel"],"articleSection":["Ampulheta","Podcasts"],"inLanguage":"pt-BR","potentialAction":[{"@type":"CommentAction","name":"Comment","target":["https:\/\/crentassos.com.br\/blog\/2021\/10\/os-dois-decretos-ampulheta-49.html#respond"]}]},{"@type":"WebPage","@id":"https:\/\/crentassos.com.br\/blog\/2021\/10\/os-dois-decretos-ampulheta-49.html","url":"https:\/\/crentassos.com.br\/blog\/2021\/10\/os-dois-decretos-ampulheta-49.html","name":"Os Dois Decretos | Ampulheta 49 - Crentassos Produ\u00e7\u00f5es Subversivas","isPartOf":{"@id":"https:\/\/crentassos.com.br\/blog\/#website"},"primaryImageOfPage":{"@id":"https:\/\/crentassos.com.br\/blog\/2021\/10\/os-dois-decretos-ampulheta-49.html#primaryimage"},"image":{"@id":"https:\/\/crentassos.com.br\/blog\/2021\/10\/os-dois-decretos-ampulheta-49.html#primaryimage"},"thumbnailUrl":"https:\/\/crentassos.com.br\/blog\/wp-content\/uploads\/2021\/10\/49-Os-Dois-Decretos.jpg","datePublished":"2021-10-20T03:00:13+00:00","dateModified":"2023-05-24T20:21:57+00:00","description":"Meu nome \u00e9 Giancarlo Marx e hoje eu vou falar sobre o tema: Os dois decretos.","breadcrumb":{"@id":"https:\/\/crentassos.com.br\/blog\/2021\/10\/os-dois-decretos-ampulheta-49.html#breadcrumb"},"inLanguage":"pt-BR","potentialAction":[{"@type":"ReadAction","target":["https:\/\/crentassos.com.br\/blog\/2021\/10\/os-dois-decretos-ampulheta-49.html"]}]},{"@type":"ImageObject","inLanguage":"pt-BR","@id":"https:\/\/crentassos.com.br\/blog\/2021\/10\/os-dois-decretos-ampulheta-49.html#primaryimage","url":"https:\/\/crentassos.com.br\/blog\/wp-content\/uploads\/2021\/10\/49-Os-Dois-Decretos.jpg","contentUrl":"https:\/\/crentassos.com.br\/blog\/wp-content\/uploads\/2021\/10\/49-Os-Dois-Decretos.jpg","width":1920,"height":1080,"caption":"Imagem de fundo com uma ampulheta em preto e branco. Na frente o nome do podcast (Ampulheta) escrito em laranja e cercado por um quadro tamb\u00e9m em laranja. No canto superior esquerdo, est\u00e1 escrito \"49\", referente ao n\u00famero do epis\u00f3dio. No canto inferior direito est\u00e1 escrito o t\u00edtulo do epis\u00f3dio: Os Dois Decretos. Abaixo do t\u00edtulo do epis\u00f3dio est\u00e1 escrito o nome do autor: Giancarlo Marx."},{"@type":"BreadcrumbList","@id":"https:\/\/crentassos.com.br\/blog\/2021\/10\/os-dois-decretos-ampulheta-49.html#breadcrumb","itemListElement":[{"@type":"ListItem","position":1,"name":"Home","item":"https:\/\/crentassos.com.br\/blog\/"},{"@type":"ListItem","position":2,"name":"Os Dois Decretos | Ampulheta 49"}]},{"@type":"WebSite","@id":"https:\/\/crentassos.com.br\/blog\/#website","url":"https:\/\/crentassos.com.br\/blog\/","name":"Crentassos Produ\u00e7\u00f5es Subversivas","description":"Podcast Crist\u00e3o, Podcrent, Da Prateleira, Artigos crist\u00e3os, Teologia, Estudos, Textos B\u00edblicos","publisher":{"@id":"https:\/\/crentassos.com.br\/blog\/#organization"},"potentialAction":[{"@type":"SearchAction","target":{"@type":"EntryPoint","urlTemplate":"https:\/\/crentassos.com.br\/blog\/?s={search_term_string}"},"query-input":{"@type":"PropertyValueSpecification","valueRequired":true,"valueName":"search_term_string"}}],"inLanguage":"pt-BR"},{"@type":"Organization","@id":"https:\/\/crentassos.com.br\/blog\/#organization","name":"Crentassos Produ\u00e7\u00f5es Subversivas","url":"https:\/\/crentassos.com.br\/blog\/","logo":{"@type":"ImageObject","inLanguage":"pt-BR","@id":"https:\/\/crentassos.com.br\/blog\/#\/schema\/logo\/image\/","url":"https:\/\/crentassos.com.br\/blog\/wp-content\/uploads\/2020\/05\/cropped-crentassos1-300x300png.png","contentUrl":"https:\/\/crentassos.com.br\/blog\/wp-content\/uploads\/2020\/05\/cropped-crentassos1-300x300png.png","width":300,"height":300,"caption":"Crentassos Produ\u00e7\u00f5es Subversivas"},"image":{"@id":"https:\/\/crentassos.com.br\/blog\/#\/schema\/logo\/image\/"},"sameAs":["http:\/\/www.facebook.com\/crentassos","https:\/\/x.com\/crentassos","https:\/\/www.instagram.com\/crentassos","https:\/\/www.youtube.com\/crentassos"]},{"@type":"Person","@id":"https:\/\/crentassos.com.br\/blog\/#\/schema\/person\/6eb40c0399ff54d131a87647daad3491","name":"Giancarlo Marx","image":{"@type":"ImageObject","inLanguage":"pt-BR","@id":"https:\/\/crentassos.com.br\/blog\/#\/schema\/person\/image\/","url":"https:\/\/secure.gravatar.com\/avatar\/74bab976657694a01aa55e290c5da7aacc13214e4389cbd8857cca4cc4748b9e?s=96&d=retro&r=g","contentUrl":"https:\/\/secure.gravatar.com\/avatar\/74bab976657694a01aa55e290c5da7aacc13214e4389cbd8857cca4cc4748b9e?s=96&d=retro&r=g","caption":"Giancarlo Marx"},"url":"https:\/\/crentassos.com.br\/blog\/author\/giancarlomarx"}]}},"_links":{"self":[{"href":"https:\/\/crentassos.com.br\/blog\/wp-json\/wp\/v2\/posts\/20183","targetHints":{"allow":["GET"]}}],"collection":[{"href":"https:\/\/crentassos.com.br\/blog\/wp-json\/wp\/v2\/posts"}],"about":[{"href":"https:\/\/crentassos.com.br\/blog\/wp-json\/wp\/v2\/types\/post"}],"author":[{"embeddable":true,"href":"https:\/\/crentassos.com.br\/blog\/wp-json\/wp\/v2\/users\/39"}],"replies":[{"embeddable":true,"href":"https:\/\/crentassos.com.br\/blog\/wp-json\/wp\/v2\/comments?post=20183"}],"version-history":[{"count":7,"href":"https:\/\/crentassos.com.br\/blog\/wp-json\/wp\/v2\/posts\/20183\/revisions"}],"predecessor-version":[{"id":21623,"href":"https:\/\/crentassos.com.br\/blog\/wp-json\/wp\/v2\/posts\/20183\/revisions\/21623"}],"wp:featuredmedia":[{"embeddable":true,"href":"https:\/\/crentassos.com.br\/blog\/wp-json\/wp\/v2\/media\/20182"}],"wp:attachment":[{"href":"https:\/\/crentassos.com.br\/blog\/wp-json\/wp\/v2\/media?parent=20183"}],"wp:term":[{"taxonomy":"category","embeddable":true,"href":"https:\/\/crentassos.com.br\/blog\/wp-json\/wp\/v2\/categories?post=20183"},{"taxonomy":"post_tag","embeddable":true,"href":"https:\/\/crentassos.com.br\/blog\/wp-json\/wp\/v2\/tags?post=20183"}],"curies":[{"name":"wp","href":"https:\/\/api.w.org\/{rel}","templated":true}]}}