{"id":186,"date":"2011-09-29T15:32:00","date_gmt":"2011-09-29T17:32:00","guid":{"rendered":"http:\/\/oueleouela.wordpress.com\/2011\/09\/29\/musicas-do-mundo-q-me-edificam-0044-tocando-em-frente-almir-sater"},"modified":"2013-01-01T16:29:24","modified_gmt":"2013-01-01T19:29:24","slug":"musicas-do-mundo-q-me-edificam-0044-tocando-em-frente-almir-sater","status":"publish","type":"post","link":"https:\/\/crentassos.com.br\/blog\/2011\/09\/musicas-do-mundo-q-me-edificam-0044-tocando-em-frente-almir-sater.html","title":{"rendered":"M\u00fasicas do Mundo q me Edificam #0044 &#8211; Tocando em frente &#8211; Almir Sater"},"content":{"rendered":"<div style=\"text-align: justify;\">\n<div class=\"separator\" style=\"clear: both; text-align: center;\"><\/div>\n<p><span class=\"Apple-style-span\" style=\"font-family: 'Trebuchet MS',sans-serif;\"><b>Hoje\u00a0gostaria compartilhar uma das m\u00fasicas de um cantor que acho simplesmente sensacional.\u00a0<\/b><\/span><span class=\"Apple-style-span\" style=\"font-family: 'Trebuchet MS',sans-serif;\">O sul\u00a0mato-grossense\u00a0Almir Sater se destaca de maneira impar quando o assunto \u00e9 cantar a vida com profundidade.\u00a0<\/span><span class=\"Apple-style-span\" style=\"font-family: 'Trebuchet MS',sans-serif;\"><span class=\"Apple-style-span\" style=\"background-color: white; line-height: 19px;\">Nascido em\u00a0Mato Grosso do Sul, desde os doze anos j\u00e1 tocava\u00a0viola\u00a0e gostava do mato e sons da natureza; Aos vinte anos mudou-se para o\u00a0Rio de Janeiro\u00a0para estudar\u00a0Direito, mas desistiu da carreira de\u00a0advogado, tornando-se um m\u00fasico, motivado inicialmente por escutar no\u00a0Largo do Machado\u00a0uma dupla tocando\u00a0viola caipira\u00a0. Ent\u00e3o dedicou-se ao seu estudo, tendo\u00a0Ti\u00e3o Carreiro\u00a0como mestre. Retornou \u00e0 Campo Grande onde formou a dupla\u00a0<i>Lupe e Lampi\u00e3o<\/i>\u00a0com um amigo, adotando<i>Lupe<\/i>\u00a0como nome art\u00edstico. Em\u00a01979\u00a0foi para\u00a0S\u00e3o Paulo, onde iniciou um trabalho com sua conterr\u00e2nea\u00a0Tet\u00ea Esp\u00edndola, acompanhando tamb\u00e9m a cantora\u00a0Diana Pequeno.\u00a0Gravou seu\u00a0primeiro\u00a0disco\u00a0em\u00a01980, contando com a participa\u00e7\u00e3o de\u00a0Tet\u00ea Esp\u00edndola,\u00a0Alzira Esp\u00edndola\u00a0e\u00a0Paulo Sim\u00f5es. Fez parte da gera\u00e7\u00e3o Prata da Casa, no in\u00edcio dos anos\u00a080, sendo uma das principais atra\u00e7\u00f5es do movimento que juntou os maiores expoentes da m\u00fasica sul-mato-grossense. Seu estilo caracteriza-se pelo experimentalismo e sua m\u00fasica \u00e9 descrita como folk ,agrega uma sonoridade tipicamente caipira da viola de 10 cordas,o folk norte-americano e com influ\u00eancias das culturas fronteiri\u00e7as do seu estado,como a m\u00fasica paraguaia e andina;e o resultado \u00e9 \u00fanico,ao mesmo tempo reflete tra\u00e7os populares e eruditos,despertando aten\u00e7\u00e3o de p\u00fablicos diversos.<\/span>\u00a0<b>Curta e se gostar procure mais pois tem muita coisa boa do cara!<\/b><\/span><\/p>\n<div style=\"text-align: center;\"><span class=\"Apple-style-span\" style=\"font-family: 'Trebuchet MS',sans-serif;\"><\/span><\/div>\n<p><span class=\"Apple-style-span\" style=\"font-family: 'Trebuchet MS',sans-serif;\">\u00a0<\/span><\/p>\n<\/div>\n","protected":false},"excerpt":{"rendered":"<p>Hoje\u00a0gostaria compartilhar uma das m\u00fasicas de um cantor que acho simplesmente sensacional.\u00a0O sul\u00a0mato-grossense\u00a0Almir Sater se destaca de maneira impar quando o assunto [&hellip;]<\/p>\n","protected":false},"author":1,"featured_media":0,"comment_status":"open","ping_status":"closed","sticky":false,"template":"","format":"standard","meta":{"_exactmetrics_skip_tracking":false,"_exactmetrics_sitenote_active":false,"_exactmetrics_sitenote_note":"","_exactmetrics_sitenote_category":0,"footnotes":"","_links_to":"","_links_to_target":""},"categories":[117],"tags":[66,788],"class_list":["post-186","post","type-post","status-publish","format-standard","hentry","category-musicas-boa","tag-alexandre-pepe-parabocz","tag-musica-boa-2"],"yoast_head":"<!-- This site is optimized with the Yoast SEO plugin v27.1.1 - https:\/\/yoast.com\/product\/yoast-seo-wordpress\/ -->\n<title>M\u00fasicas do Mundo q me Edificam #0044 - Tocando em frente - Almir Sater - Crentassos Produ\u00e7\u00f5es Subversivas<\/title>\n<meta name=\"robots\" content=\"index, follow, max-snippet:-1, max-image-preview:large, max-video-preview:-1\" \/>\n<link rel=\"canonical\" href=\"https:\/\/crentassos.com.br\/blog\/2011\/09\/musicas-do-mundo-q-me-edificam-0044-tocando-em-frente-almir-sater.html\" \/>\n<meta property=\"og:locale\" content=\"pt_BR\" \/>\n<meta property=\"og:type\" content=\"article\" \/>\n<meta property=\"og:title\" content=\"M\u00fasicas do Mundo q me Edificam #0044 - Tocando em frente - Almir Sater - Crentassos Produ\u00e7\u00f5es Subversivas\" \/>\n<meta property=\"og:description\" content=\"Hoje\u00a0gostaria compartilhar uma das m\u00fasicas de um cantor que acho simplesmente sensacional.\u00a0O sul\u00a0mato-grossense\u00a0Almir Sater se destaca de maneira impar quando o assunto [&hellip;]\" \/>\n<meta property=\"og:url\" content=\"https:\/\/crentassos.com.br\/blog\/2011\/09\/musicas-do-mundo-q-me-edificam-0044-tocando-em-frente-almir-sater.html\" \/>\n<meta property=\"og:site_name\" content=\"Crentassos Produ\u00e7\u00f5es Subversivas\" \/>\n<meta property=\"article:publisher\" content=\"http:\/\/www.facebook.com\/crentassos\" \/>\n<meta property=\"article:published_time\" content=\"2011-09-29T17:32:00+00:00\" \/>\n<meta property=\"article:modified_time\" content=\"2013-01-01T19:29:24+00:00\" \/>\n<meta name=\"author\" content=\"Crentassos\" \/>\n<meta name=\"twitter:card\" content=\"summary_large_image\" \/>\n<meta name=\"twitter:creator\" content=\"@crentassos\" \/>\n<meta name=\"twitter:site\" content=\"@crentassos\" \/>\n<meta name=\"twitter:label1\" content=\"Escrito por\" \/>\n\t<meta name=\"twitter:data1\" content=\"Crentassos\" \/>\n\t<meta name=\"twitter:label2\" content=\"Est. tempo de leitura\" \/>\n\t<meta name=\"twitter:data2\" content=\"1 minuto\" \/>\n<script type=\"application\/ld+json\" class=\"yoast-schema-graph\">{\"@context\":\"https:\/\/schema.org\",\"@graph\":[{\"@type\":\"Article\",\"@id\":\"https:\/\/crentassos.com.br\/blog\/2011\/09\/musicas-do-mundo-q-me-edificam-0044-tocando-em-frente-almir-sater.html#article\",\"isPartOf\":{\"@id\":\"https:\/\/crentassos.com.br\/blog\/2011\/09\/musicas-do-mundo-q-me-edificam-0044-tocando-em-frente-almir-sater.html\"},\"author\":{\"name\":\"Crentassos\",\"@id\":\"https:\/\/crentassos.com.br\/blog\/#\/schema\/person\/c143e75f920e3ad15d83540f47db500c\"},\"headline\":\"M\u00fasicas do Mundo q me Edificam #0044 &#8211; Tocando em frente &#8211; Almir Sater\",\"datePublished\":\"2011-09-29T17:32:00+00:00\",\"dateModified\":\"2013-01-01T19:29:24+00:00\",\"mainEntityOfPage\":{\"@id\":\"https:\/\/crentassos.com.br\/blog\/2011\/09\/musicas-do-mundo-q-me-edificam-0044-tocando-em-frente-almir-sater.html\"},\"wordCount\":294,\"commentCount\":1,\"publisher\":{\"@id\":\"https:\/\/crentassos.com.br\/blog\/#organization\"},\"keywords\":[\"Alexandre Pepe Parabocz\",\"m\u00fasica boa\"],\"articleSection\":[\"M\u00fasicas do Mundo que Me Edificam\"],\"inLanguage\":\"pt-BR\",\"potentialAction\":[{\"@type\":\"CommentAction\",\"name\":\"Comment\",\"target\":[\"https:\/\/crentassos.com.br\/blog\/2011\/09\/musicas-do-mundo-q-me-edificam-0044-tocando-em-frente-almir-sater.html#respond\"]}]},{\"@type\":\"WebPage\",\"@id\":\"https:\/\/crentassos.com.br\/blog\/2011\/09\/musicas-do-mundo-q-me-edificam-0044-tocando-em-frente-almir-sater.html\",\"url\":\"https:\/\/crentassos.com.br\/blog\/2011\/09\/musicas-do-mundo-q-me-edificam-0044-tocando-em-frente-almir-sater.html\",\"name\":\"M\u00fasicas do Mundo q me Edificam #0044 - Tocando em frente - Almir Sater - Crentassos Produ\u00e7\u00f5es Subversivas\",\"isPartOf\":{\"@id\":\"https:\/\/crentassos.com.br\/blog\/#website\"},\"datePublished\":\"2011-09-29T17:32:00+00:00\",\"dateModified\":\"2013-01-01T19:29:24+00:00\",\"breadcrumb\":{\"@id\":\"https:\/\/crentassos.com.br\/blog\/2011\/09\/musicas-do-mundo-q-me-edificam-0044-tocando-em-frente-almir-sater.html#breadcrumb\"},\"inLanguage\":\"pt-BR\",\"potentialAction\":[{\"@type\":\"ReadAction\",\"target\":[\"https:\/\/crentassos.com.br\/blog\/2011\/09\/musicas-do-mundo-q-me-edificam-0044-tocando-em-frente-almir-sater.html\"]}]},{\"@type\":\"BreadcrumbList\",\"@id\":\"https:\/\/crentassos.com.br\/blog\/2011\/09\/musicas-do-mundo-q-me-edificam-0044-tocando-em-frente-almir-sater.html#breadcrumb\",\"itemListElement\":[{\"@type\":\"ListItem\",\"position\":1,\"name\":\"Home\",\"item\":\"https:\/\/crentassos.com.br\/blog\/\"},{\"@type\":\"ListItem\",\"position\":2,\"name\":\"M\u00fasicas do Mundo q me Edificam #0044 &#8211; Tocando em frente &#8211; Almir Sater\"}]},{\"@type\":\"WebSite\",\"@id\":\"https:\/\/crentassos.com.br\/blog\/#website\",\"url\":\"https:\/\/crentassos.com.br\/blog\/\",\"name\":\"Crentassos Produ\u00e7\u00f5es Subversivas\",\"description\":\"Podcast Crist\u00e3o, Podcrent, Da Prateleira, Artigos crist\u00e3os, Teologia, Estudos, Textos B\u00edblicos\",\"publisher\":{\"@id\":\"https:\/\/crentassos.com.br\/blog\/#organization\"},\"potentialAction\":[{\"@type\":\"SearchAction\",\"target\":{\"@type\":\"EntryPoint\",\"urlTemplate\":\"https:\/\/crentassos.com.br\/blog\/?s={search_term_string}\"},\"query-input\":{\"@type\":\"PropertyValueSpecification\",\"valueRequired\":true,\"valueName\":\"search_term_string\"}}],\"inLanguage\":\"pt-BR\"},{\"@type\":\"Organization\",\"@id\":\"https:\/\/crentassos.com.br\/blog\/#organization\",\"name\":\"Crentassos Produ\u00e7\u00f5es Subversivas\",\"url\":\"https:\/\/crentassos.com.br\/blog\/\",\"logo\":{\"@type\":\"ImageObject\",\"inLanguage\":\"pt-BR\",\"@id\":\"https:\/\/crentassos.com.br\/blog\/#\/schema\/logo\/image\/\",\"url\":\"https:\/\/crentassos.com.br\/blog\/wp-content\/uploads\/2020\/05\/cropped-crentassos1-300x300png.png\",\"contentUrl\":\"https:\/\/crentassos.com.br\/blog\/wp-content\/uploads\/2020\/05\/cropped-crentassos1-300x300png.png\",\"width\":300,\"height\":300,\"caption\":\"Crentassos Produ\u00e7\u00f5es Subversivas\"},\"image\":{\"@id\":\"https:\/\/crentassos.com.br\/blog\/#\/schema\/logo\/image\/\"},\"sameAs\":[\"http:\/\/www.facebook.com\/crentassos\",\"https:\/\/x.com\/crentassos\",\"https:\/\/www.instagram.com\/crentassos\",\"https:\/\/www.youtube.com\/crentassos\"]},{\"@type\":\"Person\",\"@id\":\"https:\/\/crentassos.com.br\/blog\/#\/schema\/person\/c143e75f920e3ad15d83540f47db500c\",\"name\":\"Crentassos\",\"image\":{\"@type\":\"ImageObject\",\"inLanguage\":\"pt-BR\",\"@id\":\"https:\/\/crentassos.com.br\/blog\/#\/schema\/person\/image\/\",\"url\":\"https:\/\/secure.gravatar.com\/avatar\/cb1b9c88bcd90ec2f909823639a352ece8d3a3cea59b9d08637fe057502fa227?s=96&d=retro&r=g\",\"contentUrl\":\"https:\/\/secure.gravatar.com\/avatar\/cb1b9c88bcd90ec2f909823639a352ece8d3a3cea59b9d08637fe057502fa227?s=96&d=retro&r=g\",\"caption\":\"Crentassos\"},\"description\":\"Perfil padr\u00e3o do blog dos Crentassos.\",\"sameAs\":[\"http:\/\/www.crentassos.com.br\"],\"url\":\"https:\/\/crentassos.com.br\/blog\/author\/crentassos\"}]}<\/script>\n<!-- \/ Yoast SEO plugin. -->","yoast_head_json":{"title":"M\u00fasicas do Mundo q me Edificam #0044 - Tocando em frente - Almir Sater - Crentassos Produ\u00e7\u00f5es Subversivas","robots":{"index":"index","follow":"follow","max-snippet":"max-snippet:-1","max-image-preview":"max-image-preview:large","max-video-preview":"max-video-preview:-1"},"canonical":"https:\/\/crentassos.com.br\/blog\/2011\/09\/musicas-do-mundo-q-me-edificam-0044-tocando-em-frente-almir-sater.html","og_locale":"pt_BR","og_type":"article","og_title":"M\u00fasicas do Mundo q me Edificam #0044 - Tocando em frente - Almir Sater - Crentassos Produ\u00e7\u00f5es Subversivas","og_description":"Hoje\u00a0gostaria compartilhar uma das m\u00fasicas de um cantor que acho simplesmente sensacional.\u00a0O sul\u00a0mato-grossense\u00a0Almir Sater se destaca de maneira impar quando o assunto [&hellip;]","og_url":"https:\/\/crentassos.com.br\/blog\/2011\/09\/musicas-do-mundo-q-me-edificam-0044-tocando-em-frente-almir-sater.html","og_site_name":"Crentassos Produ\u00e7\u00f5es Subversivas","article_publisher":"http:\/\/www.facebook.com\/crentassos","article_published_time":"2011-09-29T17:32:00+00:00","article_modified_time":"2013-01-01T19:29:24+00:00","author":"Crentassos","twitter_card":"summary_large_image","twitter_creator":"@crentassos","twitter_site":"@crentassos","twitter_misc":{"Escrito por":"Crentassos","Est. tempo de leitura":"1 minuto"},"schema":{"@context":"https:\/\/schema.org","@graph":[{"@type":"Article","@id":"https:\/\/crentassos.com.br\/blog\/2011\/09\/musicas-do-mundo-q-me-edificam-0044-tocando-em-frente-almir-sater.html#article","isPartOf":{"@id":"https:\/\/crentassos.com.br\/blog\/2011\/09\/musicas-do-mundo-q-me-edificam-0044-tocando-em-frente-almir-sater.html"},"author":{"name":"Crentassos","@id":"https:\/\/crentassos.com.br\/blog\/#\/schema\/person\/c143e75f920e3ad15d83540f47db500c"},"headline":"M\u00fasicas do Mundo q me Edificam #0044 &#8211; Tocando em frente &#8211; Almir Sater","datePublished":"2011-09-29T17:32:00+00:00","dateModified":"2013-01-01T19:29:24+00:00","mainEntityOfPage":{"@id":"https:\/\/crentassos.com.br\/blog\/2011\/09\/musicas-do-mundo-q-me-edificam-0044-tocando-em-frente-almir-sater.html"},"wordCount":294,"commentCount":1,"publisher":{"@id":"https:\/\/crentassos.com.br\/blog\/#organization"},"keywords":["Alexandre Pepe Parabocz","m\u00fasica boa"],"articleSection":["M\u00fasicas do Mundo que Me Edificam"],"inLanguage":"pt-BR","potentialAction":[{"@type":"CommentAction","name":"Comment","target":["https:\/\/crentassos.com.br\/blog\/2011\/09\/musicas-do-mundo-q-me-edificam-0044-tocando-em-frente-almir-sater.html#respond"]}]},{"@type":"WebPage","@id":"https:\/\/crentassos.com.br\/blog\/2011\/09\/musicas-do-mundo-q-me-edificam-0044-tocando-em-frente-almir-sater.html","url":"https:\/\/crentassos.com.br\/blog\/2011\/09\/musicas-do-mundo-q-me-edificam-0044-tocando-em-frente-almir-sater.html","name":"M\u00fasicas do Mundo q me Edificam #0044 - Tocando em frente - Almir Sater - Crentassos Produ\u00e7\u00f5es Subversivas","isPartOf":{"@id":"https:\/\/crentassos.com.br\/blog\/#website"},"datePublished":"2011-09-29T17:32:00+00:00","dateModified":"2013-01-01T19:29:24+00:00","breadcrumb":{"@id":"https:\/\/crentassos.com.br\/blog\/2011\/09\/musicas-do-mundo-q-me-edificam-0044-tocando-em-frente-almir-sater.html#breadcrumb"},"inLanguage":"pt-BR","potentialAction":[{"@type":"ReadAction","target":["https:\/\/crentassos.com.br\/blog\/2011\/09\/musicas-do-mundo-q-me-edificam-0044-tocando-em-frente-almir-sater.html"]}]},{"@type":"BreadcrumbList","@id":"https:\/\/crentassos.com.br\/blog\/2011\/09\/musicas-do-mundo-q-me-edificam-0044-tocando-em-frente-almir-sater.html#breadcrumb","itemListElement":[{"@type":"ListItem","position":1,"name":"Home","item":"https:\/\/crentassos.com.br\/blog\/"},{"@type":"ListItem","position":2,"name":"M\u00fasicas do Mundo q me Edificam #0044 &#8211; Tocando em frente &#8211; Almir Sater"}]},{"@type":"WebSite","@id":"https:\/\/crentassos.com.br\/blog\/#website","url":"https:\/\/crentassos.com.br\/blog\/","name":"Crentassos Produ\u00e7\u00f5es Subversivas","description":"Podcast Crist\u00e3o, Podcrent, Da Prateleira, Artigos crist\u00e3os, Teologia, Estudos, Textos B\u00edblicos","publisher":{"@id":"https:\/\/crentassos.com.br\/blog\/#organization"},"potentialAction":[{"@type":"SearchAction","target":{"@type":"EntryPoint","urlTemplate":"https:\/\/crentassos.com.br\/blog\/?s={search_term_string}"},"query-input":{"@type":"PropertyValueSpecification","valueRequired":true,"valueName":"search_term_string"}}],"inLanguage":"pt-BR"},{"@type":"Organization","@id":"https:\/\/crentassos.com.br\/blog\/#organization","name":"Crentassos Produ\u00e7\u00f5es Subversivas","url":"https:\/\/crentassos.com.br\/blog\/","logo":{"@type":"ImageObject","inLanguage":"pt-BR","@id":"https:\/\/crentassos.com.br\/blog\/#\/schema\/logo\/image\/","url":"https:\/\/crentassos.com.br\/blog\/wp-content\/uploads\/2020\/05\/cropped-crentassos1-300x300png.png","contentUrl":"https:\/\/crentassos.com.br\/blog\/wp-content\/uploads\/2020\/05\/cropped-crentassos1-300x300png.png","width":300,"height":300,"caption":"Crentassos Produ\u00e7\u00f5es Subversivas"},"image":{"@id":"https:\/\/crentassos.com.br\/blog\/#\/schema\/logo\/image\/"},"sameAs":["http:\/\/www.facebook.com\/crentassos","https:\/\/x.com\/crentassos","https:\/\/www.instagram.com\/crentassos","https:\/\/www.youtube.com\/crentassos"]},{"@type":"Person","@id":"https:\/\/crentassos.com.br\/blog\/#\/schema\/person\/c143e75f920e3ad15d83540f47db500c","name":"Crentassos","image":{"@type":"ImageObject","inLanguage":"pt-BR","@id":"https:\/\/crentassos.com.br\/blog\/#\/schema\/person\/image\/","url":"https:\/\/secure.gravatar.com\/avatar\/cb1b9c88bcd90ec2f909823639a352ece8d3a3cea59b9d08637fe057502fa227?s=96&d=retro&r=g","contentUrl":"https:\/\/secure.gravatar.com\/avatar\/cb1b9c88bcd90ec2f909823639a352ece8d3a3cea59b9d08637fe057502fa227?s=96&d=retro&r=g","caption":"Crentassos"},"description":"Perfil padr\u00e3o do blog dos Crentassos.","sameAs":["http:\/\/www.crentassos.com.br"],"url":"https:\/\/crentassos.com.br\/blog\/author\/crentassos"}]}},"_links":{"self":[{"href":"https:\/\/crentassos.com.br\/blog\/wp-json\/wp\/v2\/posts\/186","targetHints":{"allow":["GET"]}}],"collection":[{"href":"https:\/\/crentassos.com.br\/blog\/wp-json\/wp\/v2\/posts"}],"about":[{"href":"https:\/\/crentassos.com.br\/blog\/wp-json\/wp\/v2\/types\/post"}],"author":[{"embeddable":true,"href":"https:\/\/crentassos.com.br\/blog\/wp-json\/wp\/v2\/users\/1"}],"replies":[{"embeddable":true,"href":"https:\/\/crentassos.com.br\/blog\/wp-json\/wp\/v2\/comments?post=186"}],"version-history":[{"count":1,"href":"https:\/\/crentassos.com.br\/blog\/wp-json\/wp\/v2\/posts\/186\/revisions"}],"predecessor-version":[{"id":8132,"href":"https:\/\/crentassos.com.br\/blog\/wp-json\/wp\/v2\/posts\/186\/revisions\/8132"}],"wp:attachment":[{"href":"https:\/\/crentassos.com.br\/blog\/wp-json\/wp\/v2\/media?parent=186"}],"wp:term":[{"taxonomy":"category","embeddable":true,"href":"https:\/\/crentassos.com.br\/blog\/wp-json\/wp\/v2\/categories?post=186"},{"taxonomy":"post_tag","embeddable":true,"href":"https:\/\/crentassos.com.br\/blog\/wp-json\/wp\/v2\/tags?post=186"}],"curies":[{"name":"wp","href":"https:\/\/api.w.org\/{rel}","templated":true}]}}