{"id":18194,"date":"2020-05-18T10:48:51","date_gmt":"2020-05-18T12:48:51","guid":{"rendered":"https:\/\/crentassos.com.br\/blog\/?p=18194"},"modified":"2020-05-18T10:48:54","modified_gmt":"2020-05-18T12:48:54","slug":"28-29-30-resgate-comemora-30-anos-lancando-30-musicas-ineditas","status":"publish","type":"post","link":"https:\/\/crentassos.com.br\/blog\/2020\/05\/28-29-30-resgate-comemora-30-anos-lancando-30-musicas-ineditas.html","title":{"rendered":"28, 29, 30 | Resgate comemora 30 anos lan\u00e7ando 30 m\u00fasicas in\u00e9ditas"},"content":{"rendered":"<p style=\"text-align: justify;\">Depois de mais de um ano nessa jornada, n\u00f3s finalmente chegamos ao fim dos <a href=\"https:\/\/crentassos.com.br\/blog\/tag\/resgate\">textos comentando as 30 m\u00fasicas novas da Banda Resgate<\/a>, em comemora\u00e7\u00e3o aos seus 30 anos (j\u00e1 fizeram 31 hehe) e eu disse que queria ser a pessoa a escrever o \u00faltimo texto, meses atr\u00e1s. O que eu n\u00e3o tinha como saber \u00e9 que as tr\u00eas \u00faltimas m\u00fasicas seriam aquelas que iam me quebrar inteira, quebrantando, mas tamb\u00e9m trazendo esperan\u00e7a ao meu cora\u00e7\u00e3o.<\/p>\n<p style=\"text-align: justify;\">Antes, por\u00e9m, de falar das m\u00fasicas, gostaria de comentar um pouco sobre todo o acompanhamento dessas 30 m\u00fasicas saindo a cada m\u00eas: em alguns meses, tivemos m\u00fasicas muito familiares a quem \u00e9 f\u00e3 da banda. Uma est\u00e9tica conhecida, arranjos, etc. Em outros meses, tivemos estilos absolutamente diferentes daquilo que um f\u00e3 esperaria ou imaginaria vindo da banda. Em conversas com o <a href=\"https:\/\/twitter.com\/jonathazimmer?ref_src=twsrc%5Egoogle%7Ctwcamp%5Eserp%7Ctwgr%5Eauthor\">Jonatha<\/a>, eu afirmei que sentia que eles estavam experimentando tudo o que tinham direito musicalmente, e temi, confesso, que eles anunciariam o fim da banda ap\u00f3s lan\u00e7arem as 30 m\u00fasicas. Me pareceu mesmo que eles estavam encerrando um ciclo, entregando o que queriam e deixando um legado. Apesar desse sentimento, o Z\u00e9 j\u00e1 postou nas redes sociais que eles continuar\u00e3o com a banda. (Vivas!)<\/p>\n<p>__________<\/p>\n<p style=\"text-align: justify;\">Agora falando das m\u00fasicas. Senhor, que porrada veio com o final desse projeto.<\/p>\n<p><iframe loading=\"lazy\" title=\"Resgate - UM POUCO AL\u00c9M DO CH\u00c3O (feat. Andr\u00e9 Freitas) [Lyric Video]\" width=\"720\" height=\"405\" src=\"https:\/\/www.youtube.com\/embed\/aWvM1K5Ej4s?feature=oembed\" frameborder=\"0\" allow=\"accelerometer; autoplay; encrypted-media; gyroscope; picture-in-picture\" allowfullscreen><\/iframe><\/p>\n<p style=\"text-align: justify;\">Em\u00a0<a href=\"https:\/\/youtu.be\/aWvM1K5Ej4s\" data-unsp-sanitized=\"clean\"><em>&#8220;Um pouco al\u00e9m do ch\u00e3o&#8221;<\/em><\/a>, n\u00f3s temos novamente um trecho declamado na m\u00fasica, como em <a href=\"https:\/\/www.youtube.com\/watch?v=bJSTp0UNaiI\">R81923<\/a>. Na primeira vez que ouvi essa m\u00fasica, ainda sem saber do que ela falaria, eu ca\u00ed no choro. Sabe aquele choro que vem do fundo da alma e a gente nem sabia que estava precisando? Pois bem. E acontece que essa m\u00fasica \u00e9 formid\u00e1vel. Eu simplesmente n\u00e3o consigo ouvir ela sem chorar. Num dos dias que ouvi umas 4 vezes e chorei em todas, mandei um \u00e1udio pro Z\u00e9 (sim, olha a intimidade da pessoa) ainda meio chorosa, para falar para ele que sinto que o Esp\u00edrito Santo estava especialmente com ele quando comp\u00f4s essa m\u00fasica. Pra mim, ela tem um toque inef\u00e1vel do para\u00edso, um agora mas ainda n\u00e3o. Eu podia falar de cada peda\u00e7o dessa m\u00fasica, porque ela \u00e9 bel\u00edssima, mas deixo meu destaque especial para o refr\u00e3o:<\/p>\n<p style=\"text-align: center;\"><em>O Reino deles sempre s\u00e3o \/ Alimento e prote\u00e7\u00e3o \/ De onde v\u00eam sequer eu sei \/ Nuvens formam uma m\u00e3o \/ Quando n\u00e3o soubermos mais \/ De onde nos vir\u00e1 a paz \/ Os montes sempre saber\u00e3o \/ Que os olhos subam um pouco al\u00e9m do ch\u00e3o.<\/em><\/p>\n<p style=\"text-align: justify;\">Gente, como n\u00e3o se emocionar quando a m\u00fasica sobe e entra nesse refr\u00e3o? Eu n\u00e3o sei. A gente, na pequenez da vida humana terrena, n\u00e3o lembra de levantar os olhos para fora de n\u00f3s, para al\u00e9m da nossa mis\u00e9ria, e com isso esquece de olhar para Deus, aquele que era, \u00e9 e h\u00e1 de vir (mas essa \u00e9 outra m\u00fasica). E o refr\u00e3o nos traz isso \u00e0 mente. Mas gosto muito tamb\u00e9m das estrofes que formam o corpo da m\u00fasica:<\/p>\n<p style=\"text-align: center;\"><em>Esperar sem enxergar \/ Sabendo ter sem nada ver \/ A paz \u00e9 um milagre \/ De dentro pra fora \/ <\/em><\/p>\n<p style=\"text-align: center;\"><em>Confiar e n\u00e3o saber \/ Amando dar e receber \/ <strong>O medo de ontem \/ Descansa no agora<\/strong><\/em><\/p>\n<p style=\"text-align: justify;\">S\u00e9rio, que m\u00fasica espetacular.<\/p>\n<p><iframe loading=\"lazy\" title=\"Resgate - S\u00c1BIOS E LOUCOS (feat. Andr\u00e9 Freitas e Alcyr G. Lasneau) [Lyric Video]\" width=\"720\" height=\"405\" src=\"https:\/\/www.youtube.com\/embed\/qVYvrmq9LCY?feature=oembed\" frameborder=\"0\" allow=\"accelerometer; autoplay; encrypted-media; gyroscope; picture-in-picture\" allowfullscreen><\/iframe><\/p>\n<p style=\"text-align: justify;\">Aaah,\u00a0<a href=\"https:\/\/www.youtube.com\/watch?v=qVYvrmq9LCY\"><em>&#8220;S\u00e1bios e loucos&#8221;<\/em><\/a>, que m\u00fasica! A letra \u00e9 uma porrada em todos aqueles que esperam reinar, que esperam vencer, prosperar e acumular na terra, enquanto sabemos que nossa maior vit\u00f3ria \u00e9 ter recebido o c\u00e9u, gra\u00e7as a Cristo. E toda a profecia que se faz nessa letra \u00e9 acompanhada por uma melodia doce, calma. Mostrando que os mansos herdar\u00e3o os c\u00e9us. Que n\u00e3o precisamos gritar, tomar posse ou agredir em nome de Cristo, pois sabemos que Deus \u00e9 mais.<\/p>\n<p style=\"text-align: justify;\">A inten\u00e7\u00e3o da banda pode nem ser essa, mas como n\u00e3o pensar no atual momento que o Brasil vive? Como n\u00e3o pensar na igreja que \u00e9 conivente com projetos de morte, de exterm\u00ednio da popula\u00e7\u00e3o vulner\u00e1vel do pa\u00eds? Como n\u00e3o olhar para os l\u00edderes\u00a0<em>terrivelmente evang\u00e9licos<\/em> que continuam defendendo a\u00e7\u00f5es, atos e pessoas indefens\u00e1veis, tudo em nome de um projeto pol\u00edtico dito evang\u00e9lico, tudo em nome de um quinh\u00e3o do poder do pa\u00eds? Quando o que Cristo nos ordenou era justamente ser o menor, ser aquele que lava e seca os p\u00e9s dos outros. Num mundo desse, numa igreja dessa, eu prefiro mesmo ser louca e seguir \u00e0quele que deu sua vida por miser\u00e1veis pecadores. N\u00e3o h\u00e1 m\u00e9rito nosso, h\u00e1 perd\u00e3o e gra\u00e7a da parte da Trindade.<\/p>\n<p style=\"text-align: center;\"><em>Loucos amam ser ref\u00fagio \/ Loucos amam ter pra dar \/ Loucos para partir \/ Como se o filho fosse voltar<br \/>\n<\/em><\/p>\n<p><iframe loading=\"lazy\" title=\"Resgate - NOSSA VALSA (feat. Silvera, Sharon Ramos, Abigail Cruz e Andr\u00e9 Freitas) [Lyric Video]\" width=\"720\" height=\"405\" src=\"https:\/\/www.youtube.com\/embed\/I22GtCwV3hI?feature=oembed\" frameborder=\"0\" allow=\"accelerometer; autoplay; encrypted-media; gyroscope; picture-in-picture\" allowfullscreen><\/iframe><\/p>\n<p style=\"text-align: justify;\">Em <a href=\"https:\/\/www.youtube.com\/watch?v=I22GtCwV3hI\">&#8220;<em>Nossa Valsa&#8221;<\/em><\/a>, temos uma m\u00fasica daquelas para tocar como encerramento do show. Vou me repetir, mas essa \u00e9 outra que me faz chorar. Nela, a gente chora de alegria, de esperan\u00e7a. A gente anseia pelo momento de estar com Deus, de estarmos em paz. A gente esperar lutar a\u00a0<em>\u00faltima batalha <\/em>e se encontrar na <a href=\"https:\/\/crentassos.com.br\/blog\/tag\/narnia\">N\u00e1rnia<\/a> definitiva.<\/p>\n<p style=\"text-align: center;\"><em>Parece que eu j\u00e1 estive junto \/ Foi meio como um dej\u00e1 vu \/ A sensa\u00e7\u00e3o de pertencer \/ De onde sempre fui \/ Sem nunca estar ali \/ [&#8230;] Parece que eu voltei no tempo \/ E me encontrei no amanh\u00e3 \/ O agricultor sacrificou \/ E deseternizou o efeito da ma\u00e7\u00e3<\/em><\/p>\n<p style=\"text-align: justify;\">Eu n\u00e3o sei como o Z\u00e9 faz isso, mas quando ouvi essa m\u00fasica, foi assim que me senti. At\u00e9 a sonoridade da m\u00fasica, era algo que eu j\u00e1 conhecia, mesmo sem ter ouvido. Ela fala de coisas que j\u00e1 foram e coisas que ser\u00e3o, mas eu n\u00e3o vivi quase nenhuma delas, e mesmo assim me sinto parte, me sinto pertencendo a toda \u00e0 narrativa dela. Essa analogia de Cristo como o agricultor que nos recupera, que anula o efeito da ma\u00e7\u00e3 \u00e9 t\u00e3o linda. Gosto de imaginar Jesus cultivando um lindo campo, enquanto espera todos n\u00f3s com Ele, finalmente nos c\u00e9us. E sim, a m\u00fasica \u00e9 inteira gostosa de ouvir. Gosto muito do coro no refr\u00e3o, gosto do ritmo, gosto da perspectiva de pensar no amanh\u00e3, quando juntos, todos valsaremos.<\/p>\n<p>__________<\/p>\n<p style=\"text-align: justify;\">Ao final dessas trinta m\u00fasicas, s\u00f3 posso agradecer ao Z\u00e9, ao Hamilton, ao Marcelo e ao Jorge. Voc\u00eas s\u00e3o espetaculares. N\u00f3s j\u00e1 tivemos a oportunidade de dizer isso a voc\u00eas mais de uma vez, mas obrigada por esses 31 anos de m\u00fasica, evangelho, vida e verdade. Voc\u00eas inspiram milhares de pessoas, e cada um dos que escreveu aqui nesses dez posts s\u00e3o apenas uma pequena parcela dessa gente toda. Que Deus possa dar vigor e disposi\u00e7\u00e3o para voc\u00eas continuarem por muitos anos com a banda, mas mesmo se n\u00e3o for assim, at\u00e9 aqui o trabalho de voc\u00ea j\u00e1 \u00e9 maravilhoso. Que Deus os aben\u00e7oe.<\/p>\n","protected":false},"excerpt":{"rendered":"<p>Depois de mais de um ano nessa jornada, n\u00f3s finalmente chegamos ao fim dos textos comentando as 30 m\u00fasicas novas da Banda [&hellip;]<\/p>\n","protected":false},"author":32,"featured_media":18201,"comment_status":"open","ping_status":"open","sticky":false,"template":"","format":"standard","meta":{"_exactmetrics_skip_tracking":false,"_exactmetrics_sitenote_active":false,"_exactmetrics_sitenote_note":"","_exactmetrics_sitenote_category":0,"footnotes":"","_links_to":"","_links_to_target":""},"categories":[112,7399,7398],"tags":[236,7626,1028,7372,7628,7629,7627],"class_list":{"0":"post-18194","1":"post","2":"type-post","3":"status-publish","4":"format-standard","5":"has-post-thumbnail","6":"hentry","7":"category-artigos","8":"category-resgate","9":"category-resgate-30-anos","10":"tag-banda-resgate","11":"tag-nossa-valsa","12":"tag-resgate","13":"tag-resgate-30-anos","14":"tag-sabios-e-loucos","15":"tag-tamyres-palma-2","16":"tag-um-pouco-alem-do-chao","18":"post-with-thumbnail","19":"post-with-thumbnail-large"},"yoast_head":"<!-- This site is optimized with the Yoast SEO plugin v27.1.1 - https:\/\/yoast.com\/product\/yoast-seo-wordpress\/ -->\n<title>28, 29, 30 | Resgate comemora 30 anos lan\u00e7ando 30 m\u00fasicas in\u00e9ditas - Crentassos Produ\u00e7\u00f5es Subversivas<\/title>\n<meta name=\"description\" content=\"Agora falando das m\u00fasicas. Senhor, que porrada veio com o final desse projeto.\" \/>\n<meta name=\"robots\" content=\"index, follow, max-snippet:-1, max-image-preview:large, max-video-preview:-1\" \/>\n<link rel=\"canonical\" href=\"https:\/\/crentassos.com.br\/blog\/2020\/05\/28-29-30-resgate-comemora-30-anos-lancando-30-musicas-ineditas.html\" \/>\n<meta property=\"og:locale\" content=\"pt_BR\" \/>\n<meta property=\"og:type\" content=\"article\" \/>\n<meta property=\"og:title\" content=\"28, 29, 30 | Resgate comemora 30 anos lan\u00e7ando 30 m\u00fasicas in\u00e9ditas - Crentassos Produ\u00e7\u00f5es Subversivas\" \/>\n<meta property=\"og:description\" content=\"Agora falando das m\u00fasicas. Senhor, que porrada veio com o final desse projeto.\" \/>\n<meta property=\"og:url\" content=\"https:\/\/crentassos.com.br\/blog\/2020\/05\/28-29-30-resgate-comemora-30-anos-lancando-30-musicas-ineditas.html\" \/>\n<meta property=\"og:site_name\" content=\"Crentassos Produ\u00e7\u00f5es Subversivas\" \/>\n<meta property=\"article:publisher\" content=\"http:\/\/www.facebook.com\/crentassos\" \/>\n<meta property=\"article:published_time\" content=\"2020-05-18T12:48:51+00:00\" \/>\n<meta property=\"article:modified_time\" content=\"2020-05-18T12:48:54+00:00\" \/>\n<meta property=\"og:image\" content=\"https:\/\/crentassos.com.br\/blog\/wp-content\/uploads\/2020\/05\/M\u00fasicas-Resgate-30-Anos.jpg\" \/>\n\t<meta property=\"og:image:width\" content=\"1920\" \/>\n\t<meta property=\"og:image:height\" content=\"1080\" \/>\n\t<meta property=\"og:image:type\" content=\"image\/jpeg\" \/>\n<meta name=\"author\" content=\"Tamyres Palma\" \/>\n<meta name=\"twitter:card\" content=\"summary_large_image\" \/>\n<meta name=\"twitter:creator\" content=\"@crentassos\" \/>\n<meta name=\"twitter:site\" content=\"@crentassos\" \/>\n<meta name=\"twitter:label1\" content=\"Escrito por\" \/>\n\t<meta name=\"twitter:data1\" content=\"Tamyres Palma\" \/>\n\t<meta name=\"twitter:label2\" content=\"Est. tempo de leitura\" \/>\n\t<meta name=\"twitter:data2\" content=\"6 minutos\" \/>\n<script type=\"application\/ld+json\" class=\"yoast-schema-graph\">{\"@context\":\"https:\/\/schema.org\",\"@graph\":[{\"@type\":\"Article\",\"@id\":\"https:\/\/crentassos.com.br\/blog\/2020\/05\/28-29-30-resgate-comemora-30-anos-lancando-30-musicas-ineditas.html#article\",\"isPartOf\":{\"@id\":\"https:\/\/crentassos.com.br\/blog\/2020\/05\/28-29-30-resgate-comemora-30-anos-lancando-30-musicas-ineditas.html\"},\"author\":{\"name\":\"Tamyres Palma\",\"@id\":\"https:\/\/crentassos.com.br\/blog\/#\/schema\/person\/3f5f08a8ba3e2bc991eb2fd8f8e3988c\"},\"headline\":\"28, 29, 30 | Resgate comemora 30 anos lan\u00e7ando 30 m\u00fasicas in\u00e9ditas\",\"datePublished\":\"2020-05-18T12:48:51+00:00\",\"dateModified\":\"2020-05-18T12:48:54+00:00\",\"mainEntityOfPage\":{\"@id\":\"https:\/\/crentassos.com.br\/blog\/2020\/05\/28-29-30-resgate-comemora-30-anos-lancando-30-musicas-ineditas.html\"},\"wordCount\":1212,\"commentCount\":0,\"publisher\":{\"@id\":\"https:\/\/crentassos.com.br\/blog\/#organization\"},\"image\":{\"@id\":\"https:\/\/crentassos.com.br\/blog\/2020\/05\/28-29-30-resgate-comemora-30-anos-lancando-30-musicas-ineditas.html#primaryimage\"},\"thumbnailUrl\":\"https:\/\/crentassos.com.br\/blog\/wp-content\/uploads\/2020\/05\/M\u00fasicas-Resgate-30-Anos.jpg\",\"keywords\":[\"Banda Resgate\",\"nossa valsa\",\"resgate\",\"resgate 30 anos\",\"s\u00e1bios e loucos\",\"tam\u00fdres palma\",\"um pouco al\u00e9m do ch\u00e3o\"],\"articleSection\":[\"Artigos\",\"Resgate\",\"Resgate 30 Anos\"],\"inLanguage\":\"pt-BR\",\"potentialAction\":[{\"@type\":\"CommentAction\",\"name\":\"Comment\",\"target\":[\"https:\/\/crentassos.com.br\/blog\/2020\/05\/28-29-30-resgate-comemora-30-anos-lancando-30-musicas-ineditas.html#respond\"]}]},{\"@type\":\"WebPage\",\"@id\":\"https:\/\/crentassos.com.br\/blog\/2020\/05\/28-29-30-resgate-comemora-30-anos-lancando-30-musicas-ineditas.html\",\"url\":\"https:\/\/crentassos.com.br\/blog\/2020\/05\/28-29-30-resgate-comemora-30-anos-lancando-30-musicas-ineditas.html\",\"name\":\"28, 29, 30 | Resgate comemora 30 anos lan\u00e7ando 30 m\u00fasicas in\u00e9ditas - Crentassos Produ\u00e7\u00f5es Subversivas\",\"isPartOf\":{\"@id\":\"https:\/\/crentassos.com.br\/blog\/#website\"},\"primaryImageOfPage\":{\"@id\":\"https:\/\/crentassos.com.br\/blog\/2020\/05\/28-29-30-resgate-comemora-30-anos-lancando-30-musicas-ineditas.html#primaryimage\"},\"image\":{\"@id\":\"https:\/\/crentassos.com.br\/blog\/2020\/05\/28-29-30-resgate-comemora-30-anos-lancando-30-musicas-ineditas.html#primaryimage\"},\"thumbnailUrl\":\"https:\/\/crentassos.com.br\/blog\/wp-content\/uploads\/2020\/05\/M\u00fasicas-Resgate-30-Anos.jpg\",\"datePublished\":\"2020-05-18T12:48:51+00:00\",\"dateModified\":\"2020-05-18T12:48:54+00:00\",\"description\":\"Agora falando das m\u00fasicas. Senhor, que porrada veio com o final desse projeto.\",\"breadcrumb\":{\"@id\":\"https:\/\/crentassos.com.br\/blog\/2020\/05\/28-29-30-resgate-comemora-30-anos-lancando-30-musicas-ineditas.html#breadcrumb\"},\"inLanguage\":\"pt-BR\",\"potentialAction\":[{\"@type\":\"ReadAction\",\"target\":[\"https:\/\/crentassos.com.br\/blog\/2020\/05\/28-29-30-resgate-comemora-30-anos-lancando-30-musicas-ineditas.html\"]}]},{\"@type\":\"ImageObject\",\"inLanguage\":\"pt-BR\",\"@id\":\"https:\/\/crentassos.com.br\/blog\/2020\/05\/28-29-30-resgate-comemora-30-anos-lancando-30-musicas-ineditas.html#primaryimage\",\"url\":\"https:\/\/crentassos.com.br\/blog\/wp-content\/uploads\/2020\/05\/M\u00fasicas-Resgate-30-Anos.jpg\",\"contentUrl\":\"https:\/\/crentassos.com.br\/blog\/wp-content\/uploads\/2020\/05\/M\u00fasicas-Resgate-30-Anos.jpg\",\"width\":1920,\"height\":1080},{\"@type\":\"BreadcrumbList\",\"@id\":\"https:\/\/crentassos.com.br\/blog\/2020\/05\/28-29-30-resgate-comemora-30-anos-lancando-30-musicas-ineditas.html#breadcrumb\",\"itemListElement\":[{\"@type\":\"ListItem\",\"position\":1,\"name\":\"Home\",\"item\":\"https:\/\/crentassos.com.br\/blog\/\"},{\"@type\":\"ListItem\",\"position\":2,\"name\":\"28, 29, 30 | Resgate comemora 30 anos lan\u00e7ando 30 m\u00fasicas in\u00e9ditas\"}]},{\"@type\":\"WebSite\",\"@id\":\"https:\/\/crentassos.com.br\/blog\/#website\",\"url\":\"https:\/\/crentassos.com.br\/blog\/\",\"name\":\"Crentassos Produ\u00e7\u00f5es Subversivas\",\"description\":\"Podcast Crist\u00e3o, Podcrent, Da Prateleira, Artigos crist\u00e3os, Teologia, Estudos, Textos B\u00edblicos\",\"publisher\":{\"@id\":\"https:\/\/crentassos.com.br\/blog\/#organization\"},\"potentialAction\":[{\"@type\":\"SearchAction\",\"target\":{\"@type\":\"EntryPoint\",\"urlTemplate\":\"https:\/\/crentassos.com.br\/blog\/?s={search_term_string}\"},\"query-input\":{\"@type\":\"PropertyValueSpecification\",\"valueRequired\":true,\"valueName\":\"search_term_string\"}}],\"inLanguage\":\"pt-BR\"},{\"@type\":\"Organization\",\"@id\":\"https:\/\/crentassos.com.br\/blog\/#organization\",\"name\":\"Crentassos Produ\u00e7\u00f5es Subversivas\",\"url\":\"https:\/\/crentassos.com.br\/blog\/\",\"logo\":{\"@type\":\"ImageObject\",\"inLanguage\":\"pt-BR\",\"@id\":\"https:\/\/crentassos.com.br\/blog\/#\/schema\/logo\/image\/\",\"url\":\"https:\/\/crentassos.com.br\/blog\/wp-content\/uploads\/2020\/05\/cropped-crentassos1-300x300png.png\",\"contentUrl\":\"https:\/\/crentassos.com.br\/blog\/wp-content\/uploads\/2020\/05\/cropped-crentassos1-300x300png.png\",\"width\":300,\"height\":300,\"caption\":\"Crentassos Produ\u00e7\u00f5es Subversivas\"},\"image\":{\"@id\":\"https:\/\/crentassos.com.br\/blog\/#\/schema\/logo\/image\/\"},\"sameAs\":[\"http:\/\/www.facebook.com\/crentassos\",\"https:\/\/x.com\/crentassos\",\"https:\/\/www.instagram.com\/crentassos\",\"https:\/\/www.youtube.com\/crentassos\"]},{\"@type\":\"Person\",\"@id\":\"https:\/\/crentassos.com.br\/blog\/#\/schema\/person\/3f5f08a8ba3e2bc991eb2fd8f8e3988c\",\"name\":\"Tamyres Palma\",\"image\":{\"@type\":\"ImageObject\",\"inLanguage\":\"pt-BR\",\"@id\":\"https:\/\/crentassos.com.br\/blog\/#\/schema\/person\/image\/\",\"url\":\"https:\/\/secure.gravatar.com\/avatar\/9dce0caea2bafdb6394abc6c84348788083c31d52a278ed4b42bd0ee15c4ed52?s=96&d=retro&r=g\",\"contentUrl\":\"https:\/\/secure.gravatar.com\/avatar\/9dce0caea2bafdb6394abc6c84348788083c31d52a278ed4b42bd0ee15c4ed52?s=96&d=retro&r=g\",\"caption\":\"Tamyres Palma\"},\"description\":\"Tamyres Palma: formada em hist\u00f3ria, apaixonada por livros e casada com o @jonathazimmer . Maluca por Harry Potter, N\u00e1rnia e universos fant\u00e1sticos como a Terra M\u00e9dia. Apaixonada por literatura de forma geral, embora esteja longe do meu ideal de conhecimento liter\u00e1rio.\",\"sameAs\":[\"http:\/\/cafeecoberta.blogspot.com\"],\"url\":\"https:\/\/crentassos.com.br\/blog\/author\/tamyrespalma\"}]}<\/script>\n<!-- \/ Yoast SEO plugin. -->","yoast_head_json":{"title":"28, 29, 30 | Resgate comemora 30 anos lan\u00e7ando 30 m\u00fasicas in\u00e9ditas - Crentassos Produ\u00e7\u00f5es Subversivas","description":"Agora falando das m\u00fasicas. Senhor, que porrada veio com o final desse projeto.","robots":{"index":"index","follow":"follow","max-snippet":"max-snippet:-1","max-image-preview":"max-image-preview:large","max-video-preview":"max-video-preview:-1"},"canonical":"https:\/\/crentassos.com.br\/blog\/2020\/05\/28-29-30-resgate-comemora-30-anos-lancando-30-musicas-ineditas.html","og_locale":"pt_BR","og_type":"article","og_title":"28, 29, 30 | Resgate comemora 30 anos lan\u00e7ando 30 m\u00fasicas in\u00e9ditas - Crentassos Produ\u00e7\u00f5es Subversivas","og_description":"Agora falando das m\u00fasicas. Senhor, que porrada veio com o final desse projeto.","og_url":"https:\/\/crentassos.com.br\/blog\/2020\/05\/28-29-30-resgate-comemora-30-anos-lancando-30-musicas-ineditas.html","og_site_name":"Crentassos Produ\u00e7\u00f5es Subversivas","article_publisher":"http:\/\/www.facebook.com\/crentassos","article_published_time":"2020-05-18T12:48:51+00:00","article_modified_time":"2020-05-18T12:48:54+00:00","og_image":[{"width":1920,"height":1080,"url":"https:\/\/crentassos.com.br\/blog\/wp-content\/uploads\/2020\/05\/M\u00fasicas-Resgate-30-Anos.jpg","type":"image\/jpeg"}],"author":"Tamyres Palma","twitter_card":"summary_large_image","twitter_creator":"@crentassos","twitter_site":"@crentassos","twitter_misc":{"Escrito por":"Tamyres Palma","Est. tempo de leitura":"6 minutos"},"schema":{"@context":"https:\/\/schema.org","@graph":[{"@type":"Article","@id":"https:\/\/crentassos.com.br\/blog\/2020\/05\/28-29-30-resgate-comemora-30-anos-lancando-30-musicas-ineditas.html#article","isPartOf":{"@id":"https:\/\/crentassos.com.br\/blog\/2020\/05\/28-29-30-resgate-comemora-30-anos-lancando-30-musicas-ineditas.html"},"author":{"name":"Tamyres Palma","@id":"https:\/\/crentassos.com.br\/blog\/#\/schema\/person\/3f5f08a8ba3e2bc991eb2fd8f8e3988c"},"headline":"28, 29, 30 | Resgate comemora 30 anos lan\u00e7ando 30 m\u00fasicas in\u00e9ditas","datePublished":"2020-05-18T12:48:51+00:00","dateModified":"2020-05-18T12:48:54+00:00","mainEntityOfPage":{"@id":"https:\/\/crentassos.com.br\/blog\/2020\/05\/28-29-30-resgate-comemora-30-anos-lancando-30-musicas-ineditas.html"},"wordCount":1212,"commentCount":0,"publisher":{"@id":"https:\/\/crentassos.com.br\/blog\/#organization"},"image":{"@id":"https:\/\/crentassos.com.br\/blog\/2020\/05\/28-29-30-resgate-comemora-30-anos-lancando-30-musicas-ineditas.html#primaryimage"},"thumbnailUrl":"https:\/\/crentassos.com.br\/blog\/wp-content\/uploads\/2020\/05\/M\u00fasicas-Resgate-30-Anos.jpg","keywords":["Banda Resgate","nossa valsa","resgate","resgate 30 anos","s\u00e1bios e loucos","tam\u00fdres palma","um pouco al\u00e9m do ch\u00e3o"],"articleSection":["Artigos","Resgate","Resgate 30 Anos"],"inLanguage":"pt-BR","potentialAction":[{"@type":"CommentAction","name":"Comment","target":["https:\/\/crentassos.com.br\/blog\/2020\/05\/28-29-30-resgate-comemora-30-anos-lancando-30-musicas-ineditas.html#respond"]}]},{"@type":"WebPage","@id":"https:\/\/crentassos.com.br\/blog\/2020\/05\/28-29-30-resgate-comemora-30-anos-lancando-30-musicas-ineditas.html","url":"https:\/\/crentassos.com.br\/blog\/2020\/05\/28-29-30-resgate-comemora-30-anos-lancando-30-musicas-ineditas.html","name":"28, 29, 30 | Resgate comemora 30 anos lan\u00e7ando 30 m\u00fasicas in\u00e9ditas - Crentassos Produ\u00e7\u00f5es Subversivas","isPartOf":{"@id":"https:\/\/crentassos.com.br\/blog\/#website"},"primaryImageOfPage":{"@id":"https:\/\/crentassos.com.br\/blog\/2020\/05\/28-29-30-resgate-comemora-30-anos-lancando-30-musicas-ineditas.html#primaryimage"},"image":{"@id":"https:\/\/crentassos.com.br\/blog\/2020\/05\/28-29-30-resgate-comemora-30-anos-lancando-30-musicas-ineditas.html#primaryimage"},"thumbnailUrl":"https:\/\/crentassos.com.br\/blog\/wp-content\/uploads\/2020\/05\/M\u00fasicas-Resgate-30-Anos.jpg","datePublished":"2020-05-18T12:48:51+00:00","dateModified":"2020-05-18T12:48:54+00:00","description":"Agora falando das m\u00fasicas. Senhor, que porrada veio com o final desse projeto.","breadcrumb":{"@id":"https:\/\/crentassos.com.br\/blog\/2020\/05\/28-29-30-resgate-comemora-30-anos-lancando-30-musicas-ineditas.html#breadcrumb"},"inLanguage":"pt-BR","potentialAction":[{"@type":"ReadAction","target":["https:\/\/crentassos.com.br\/blog\/2020\/05\/28-29-30-resgate-comemora-30-anos-lancando-30-musicas-ineditas.html"]}]},{"@type":"ImageObject","inLanguage":"pt-BR","@id":"https:\/\/crentassos.com.br\/blog\/2020\/05\/28-29-30-resgate-comemora-30-anos-lancando-30-musicas-ineditas.html#primaryimage","url":"https:\/\/crentassos.com.br\/blog\/wp-content\/uploads\/2020\/05\/M\u00fasicas-Resgate-30-Anos.jpg","contentUrl":"https:\/\/crentassos.com.br\/blog\/wp-content\/uploads\/2020\/05\/M\u00fasicas-Resgate-30-Anos.jpg","width":1920,"height":1080},{"@type":"BreadcrumbList","@id":"https:\/\/crentassos.com.br\/blog\/2020\/05\/28-29-30-resgate-comemora-30-anos-lancando-30-musicas-ineditas.html#breadcrumb","itemListElement":[{"@type":"ListItem","position":1,"name":"Home","item":"https:\/\/crentassos.com.br\/blog\/"},{"@type":"ListItem","position":2,"name":"28, 29, 30 | Resgate comemora 30 anos lan\u00e7ando 30 m\u00fasicas in\u00e9ditas"}]},{"@type":"WebSite","@id":"https:\/\/crentassos.com.br\/blog\/#website","url":"https:\/\/crentassos.com.br\/blog\/","name":"Crentassos Produ\u00e7\u00f5es Subversivas","description":"Podcast Crist\u00e3o, Podcrent, Da Prateleira, Artigos crist\u00e3os, Teologia, Estudos, Textos B\u00edblicos","publisher":{"@id":"https:\/\/crentassos.com.br\/blog\/#organization"},"potentialAction":[{"@type":"SearchAction","target":{"@type":"EntryPoint","urlTemplate":"https:\/\/crentassos.com.br\/blog\/?s={search_term_string}"},"query-input":{"@type":"PropertyValueSpecification","valueRequired":true,"valueName":"search_term_string"}}],"inLanguage":"pt-BR"},{"@type":"Organization","@id":"https:\/\/crentassos.com.br\/blog\/#organization","name":"Crentassos Produ\u00e7\u00f5es Subversivas","url":"https:\/\/crentassos.com.br\/blog\/","logo":{"@type":"ImageObject","inLanguage":"pt-BR","@id":"https:\/\/crentassos.com.br\/blog\/#\/schema\/logo\/image\/","url":"https:\/\/crentassos.com.br\/blog\/wp-content\/uploads\/2020\/05\/cropped-crentassos1-300x300png.png","contentUrl":"https:\/\/crentassos.com.br\/blog\/wp-content\/uploads\/2020\/05\/cropped-crentassos1-300x300png.png","width":300,"height":300,"caption":"Crentassos Produ\u00e7\u00f5es Subversivas"},"image":{"@id":"https:\/\/crentassos.com.br\/blog\/#\/schema\/logo\/image\/"},"sameAs":["http:\/\/www.facebook.com\/crentassos","https:\/\/x.com\/crentassos","https:\/\/www.instagram.com\/crentassos","https:\/\/www.youtube.com\/crentassos"]},{"@type":"Person","@id":"https:\/\/crentassos.com.br\/blog\/#\/schema\/person\/3f5f08a8ba3e2bc991eb2fd8f8e3988c","name":"Tamyres Palma","image":{"@type":"ImageObject","inLanguage":"pt-BR","@id":"https:\/\/crentassos.com.br\/blog\/#\/schema\/person\/image\/","url":"https:\/\/secure.gravatar.com\/avatar\/9dce0caea2bafdb6394abc6c84348788083c31d52a278ed4b42bd0ee15c4ed52?s=96&d=retro&r=g","contentUrl":"https:\/\/secure.gravatar.com\/avatar\/9dce0caea2bafdb6394abc6c84348788083c31d52a278ed4b42bd0ee15c4ed52?s=96&d=retro&r=g","caption":"Tamyres Palma"},"description":"Tamyres Palma: formada em hist\u00f3ria, apaixonada por livros e casada com o @jonathazimmer . Maluca por Harry Potter, N\u00e1rnia e universos fant\u00e1sticos como a Terra M\u00e9dia. Apaixonada por literatura de forma geral, embora esteja longe do meu ideal de conhecimento liter\u00e1rio.","sameAs":["http:\/\/cafeecoberta.blogspot.com"],"url":"https:\/\/crentassos.com.br\/blog\/author\/tamyrespalma"}]}},"_links":{"self":[{"href":"https:\/\/crentassos.com.br\/blog\/wp-json\/wp\/v2\/posts\/18194","targetHints":{"allow":["GET"]}}],"collection":[{"href":"https:\/\/crentassos.com.br\/blog\/wp-json\/wp\/v2\/posts"}],"about":[{"href":"https:\/\/crentassos.com.br\/blog\/wp-json\/wp\/v2\/types\/post"}],"author":[{"embeddable":true,"href":"https:\/\/crentassos.com.br\/blog\/wp-json\/wp\/v2\/users\/32"}],"replies":[{"embeddable":true,"href":"https:\/\/crentassos.com.br\/blog\/wp-json\/wp\/v2\/comments?post=18194"}],"version-history":[{"count":6,"href":"https:\/\/crentassos.com.br\/blog\/wp-json\/wp\/v2\/posts\/18194\/revisions"}],"predecessor-version":[{"id":18203,"href":"https:\/\/crentassos.com.br\/blog\/wp-json\/wp\/v2\/posts\/18194\/revisions\/18203"}],"wp:featuredmedia":[{"embeddable":true,"href":"https:\/\/crentassos.com.br\/blog\/wp-json\/wp\/v2\/media\/18201"}],"wp:attachment":[{"href":"https:\/\/crentassos.com.br\/blog\/wp-json\/wp\/v2\/media?parent=18194"}],"wp:term":[{"taxonomy":"category","embeddable":true,"href":"https:\/\/crentassos.com.br\/blog\/wp-json\/wp\/v2\/categories?post=18194"},{"taxonomy":"post_tag","embeddable":true,"href":"https:\/\/crentassos.com.br\/blog\/wp-json\/wp\/v2\/tags?post=18194"}],"curies":[{"name":"wp","href":"https:\/\/api.w.org\/{rel}","templated":true}]}}