{"id":16710,"date":"2019-09-30T09:00:11","date_gmt":"2019-09-30T11:00:11","guid":{"rendered":"https:\/\/crentassos.com.br\/blog\/?p=16710"},"modified":"2019-09-29T18:26:55","modified_gmt":"2019-09-29T20:26:55","slug":"na-trilha-da-maternidade-2","status":"publish","type":"post","link":"https:\/\/crentassos.com.br\/blog\/2019\/09\/na-trilha-da-maternidade-2.html","title":{"rendered":"Na trilha da maternidade #2"},"content":{"rendered":"<p><img loading=\"lazy\" decoding=\"async\" class=\"aligncenter wp-image-16711 size-large\" src=\"https:\/\/crentassos.com.br\/blog\/wp-content\/uploads\/2019\/09\/c19-620x349.jpg\" alt=\"\" width=\"620\" height=\"349\" srcset=\"https:\/\/crentassos.com.br\/blog\/wp-content\/uploads\/2019\/09\/c19-620x349.jpg 620w, https:\/\/crentassos.com.br\/blog\/wp-content\/uploads\/2019\/09\/c19-275x154.jpg 275w, https:\/\/crentassos.com.br\/blog\/wp-content\/uploads\/2019\/09\/c19-300x169.jpg 300w, https:\/\/crentassos.com.br\/blog\/wp-content\/uploads\/2019\/09\/c19-768x432.jpg 768w, https:\/\/crentassos.com.br\/blog\/wp-content\/uploads\/2019\/09\/c19.jpg 1922w\" sizes=\"auto, (max-width: 620px) 100vw, 620px\" \/><\/p>\n<p style=\"text-align: justify;\">\n<p style=\"text-align: justify;\">Em Agosto deste ano, eu e Jonatha entramos oficialmente para a estat\u00edstica de casais inf\u00e9rteis, em que, ap\u00f3s um ano de tentativas, ainda n\u00e3o conseguiram engravidar. A cada novo m\u00eas transcorrido, a sensa\u00e7\u00e3o de dor e vazio se renova na vida de um casal que est\u00e1 tentando engravidar, mas para mim, mulher crist\u00e3, um sentimento de <em>culpa crist\u00e3<\/em> e fracasso acabam surgindo tamb\u00e9m.<\/p>\n<p style=\"text-align: justify;\">Todo indiv\u00edduo que frequente ou tenha frequentado a igreja j\u00e1 ouviu ao menos uma das hist\u00f3rias de mulheres est\u00e9reis da B\u00edblia, e que ap\u00f3s muitas ora\u00e7\u00f5es foram atendidas por Deus. Eu, como uma pessoa que sempre desejou engravidar, sempre temi a possibilidade da infertilidade. Hoje, vivendo esta realidade, posso dizer que sim, ainda carrego parte da culpa proveniente da forma como a hist\u00f3ria dessas fam\u00edlias b\u00edblicas sempre me fora narrada.<\/p>\n<p style=\"text-align: justify;\">Sobre a quest\u00e3o da infertilidade vista na B\u00edblia e como isso pode ter um aspecto negativo nas mulheres crist\u00e3s, eu busco relembrar, refor\u00e7ar e manter minha f\u00e9 em Cristo e no seu poder restaurador e transformador. Busco me apegar aos milagres narrados na B\u00edblia e aos milagres que presenciamos todos os dias em nossa sociedade, com tantas pessoas que engravidam de maneira miraculosa, depois de infrut\u00edferas tentativas e afins.<\/p>\n<p>Apesar de ser m\u00e3e para mim n\u00e3o ser s\u00f3 uma quest\u00e3o ligada \u00e0 biologia e gen\u00e9tica de meus futuros filhos, a frustra\u00e7\u00e3o que sinto \u00e9 algo natural para quem sonhou tanto tempo com a barriga crescendo, as sensa\u00e7\u00f5es de gerar uma crian\u00e7a, sentir o cheirinho de um beb\u00ea nos bra\u00e7os e todo o resto. Neste momento, sei que Jonatha e eu queremos <strong>ter filhos<\/strong>, independente do caminho (biol\u00f3gico ou adotivo), por isso a ado\u00e7\u00e3o \u00e9 o caminho que acabaremos seguindo. O vazio que h\u00e1 em meu peito por n\u00e3o ter um filho me mostra que serei capaz de amar a crian\u00e7a que Deus mandar para nossa vida, n\u00e3o importando o modo como isso venha a acontecer.<\/p>\n<p style=\"text-align: justify;\">Neste momento, estamos na fila para consulta e acompanhamento na Cl\u00ednica de Infertilidade do Hospital de Cl\u00ednicas da UFPR, de maneira que possamos investigar e talvez tratar nossa infertilidade. Apesar disto, no momento, n\u00e3o estou emocionalmente disposta a passar por procedimentos como uma fertiliza\u00e7\u00e3o\u00a0<em>in-vitro<\/em>, por exemplo. N\u00e3o sei quando conseguiremos ser atendidos, n\u00e3o sei a causa de nossa infertilidade nem se haver\u00e1 tratamento poss\u00edvel ou qual ser\u00e1 ele. Apesar disto, sei que precisamos investigar tudo isso, para, no m\u00ednimo, colocar um ponto final na ideia de ter um filho biol\u00f3gico, se for esta a quest\u00e3o.<\/p>\n<p style=\"text-align: justify;\">Sobre o processo de ado\u00e7\u00e3o, j\u00e1 sabemos qual \u00e9 o primeiro passo que devemos dar aqui em S\u00e3o Jos\u00e9 dos Pinhais, e agora o neg\u00f3cio \u00e9 seguir adiante. \u00c9 um processo que tamb\u00e9m pode demorar muito e que trar\u00e1 desafios diferentes do de tentar engravidar, mas que tamb\u00e9m exigir\u00e1 nossa paci\u00eancia e f\u00e9.<\/p>\n<p>***<\/p>\n<p style=\"text-align: justify;\">Como disse no <a href=\"https:\/\/crentassos.com.br\/blog\/2019\/02\/na-trilha-da-maternidade-1.html\" target=\"_blank\" rel=\"noopener noreferrer\">primeiro texto que fiz sobre esta quest\u00e3o da maternidade<\/a>, al\u00e9m de ser um pouco terap\u00eautico colocar para fora estas ang\u00fastias, eu espero ajudar quem ler estes textos e que esteja enfrentando o mesmo problema. N\u00f3s n\u00e3o precisamos ter vergonha das dificuldades que enfrentamos. Cada um de n\u00f3s tem uma luta, e enfrent\u00e1-la sozinho s\u00f3 torna tudo mais dif\u00edcil.<\/p>\n<p>Que Deus te aben\u00e7oe.<\/p>\n","protected":false},"excerpt":{"rendered":"<p>Em Agosto deste ano, eu e Jonatha entramos oficialmente para a estat\u00edstica de casais inf\u00e9rteis, em que, ap\u00f3s um ano de tentativas, [&hellip;]<\/p>\n","protected":false},"author":32,"featured_media":16711,"comment_status":"open","ping_status":"open","sticky":false,"template":"","format":"standard","meta":{"_exactmetrics_skip_tracking":false,"_exactmetrics_sitenote_active":false,"_exactmetrics_sitenote_note":"","_exactmetrics_sitenote_category":0,"footnotes":"","_links_to":"","_links_to_target":""},"categories":[112],"tags":[7293,7326,69,7325],"class_list":{"0":"post-16710","1":"post","2":"type-post","3":"status-publish","4":"format-standard","5":"has-post-thumbnail","6":"hentry","7":"category-artigos","8":"tag-casal","9":"tag-dificuldade","10":"tag-fe","11":"tag-maternidade","13":"post-with-thumbnail","14":"post-with-thumbnail-large"},"yoast_head":"<!-- This site is optimized with the Yoast SEO plugin v27.1.1 - https:\/\/yoast.com\/product\/yoast-seo-wordpress\/ -->\n<title>Na trilha da maternidade #2 - Crentassos Produ\u00e7\u00f5es Subversivas<\/title>\n<meta name=\"description\" content=\"Na trilha da maternidade #2 Sobre como lidar com os sentimentos conflitantes por n\u00e3o ter conseguido engravidar, buscando manter a f\u00e9 em Deus.\" \/>\n<meta name=\"robots\" content=\"index, follow, max-snippet:-1, max-image-preview:large, max-video-preview:-1\" \/>\n<link rel=\"canonical\" href=\"https:\/\/crentassos.com.br\/blog\/2019\/09\/na-trilha-da-maternidade-2.html\" \/>\n<meta property=\"og:locale\" content=\"pt_BR\" \/>\n<meta property=\"og:type\" content=\"article\" \/>\n<meta property=\"og:title\" content=\"Na trilha da maternidade #2 - Crentassos Produ\u00e7\u00f5es Subversivas\" \/>\n<meta property=\"og:description\" content=\"Na trilha da maternidade #2 Sobre como lidar com os sentimentos conflitantes por n\u00e3o ter conseguido engravidar, buscando manter a f\u00e9 em Deus.\" \/>\n<meta property=\"og:url\" content=\"https:\/\/crentassos.com.br\/blog\/2019\/09\/na-trilha-da-maternidade-2.html\" \/>\n<meta property=\"og:site_name\" content=\"Crentassos Produ\u00e7\u00f5es Subversivas\" \/>\n<meta property=\"article:publisher\" content=\"http:\/\/www.facebook.com\/crentassos\" \/>\n<meta property=\"article:published_time\" content=\"2019-09-30T11:00:11+00:00\" \/>\n<meta property=\"og:image\" content=\"https:\/\/crentassos.com.br\/blog\/wp-content\/uploads\/2019\/09\/c19.jpg\" \/>\n\t<meta property=\"og:image:width\" content=\"1922\" \/>\n\t<meta property=\"og:image:height\" content=\"1082\" \/>\n\t<meta property=\"og:image:type\" content=\"image\/jpeg\" \/>\n<meta name=\"author\" content=\"Tamyres Palma\" \/>\n<meta name=\"twitter:card\" content=\"summary_large_image\" \/>\n<meta name=\"twitter:creator\" content=\"@crentassos\" \/>\n<meta name=\"twitter:site\" content=\"@crentassos\" \/>\n<meta name=\"twitter:label1\" content=\"Escrito por\" \/>\n\t<meta name=\"twitter:data1\" content=\"Tamyres Palma\" \/>\n\t<meta name=\"twitter:label2\" content=\"Est. tempo de leitura\" \/>\n\t<meta name=\"twitter:data2\" content=\"3 minutos\" \/>\n<script type=\"application\/ld+json\" class=\"yoast-schema-graph\">{\"@context\":\"https:\/\/schema.org\",\"@graph\":[{\"@type\":\"Article\",\"@id\":\"https:\/\/crentassos.com.br\/blog\/2019\/09\/na-trilha-da-maternidade-2.html#article\",\"isPartOf\":{\"@id\":\"https:\/\/crentassos.com.br\/blog\/2019\/09\/na-trilha-da-maternidade-2.html\"},\"author\":{\"name\":\"Tamyres Palma\",\"@id\":\"https:\/\/crentassos.com.br\/blog\/#\/schema\/person\/3f5f08a8ba3e2bc991eb2fd8f8e3988c\"},\"headline\":\"Na trilha da maternidade #2\",\"datePublished\":\"2019-09-30T11:00:11+00:00\",\"mainEntityOfPage\":{\"@id\":\"https:\/\/crentassos.com.br\/blog\/2019\/09\/na-trilha-da-maternidade-2.html\"},\"wordCount\":591,\"commentCount\":0,\"publisher\":{\"@id\":\"https:\/\/crentassos.com.br\/blog\/#organization\"},\"image\":{\"@id\":\"https:\/\/crentassos.com.br\/blog\/2019\/09\/na-trilha-da-maternidade-2.html#primaryimage\"},\"thumbnailUrl\":\"https:\/\/crentassos.com.br\/blog\/wp-content\/uploads\/2019\/09\/c19.jpg\",\"keywords\":[\"casal\",\"dificuldade\",\"F\u00e9\",\"maternidade\"],\"articleSection\":[\"Artigos\"],\"inLanguage\":\"pt-BR\",\"potentialAction\":[{\"@type\":\"CommentAction\",\"name\":\"Comment\",\"target\":[\"https:\/\/crentassos.com.br\/blog\/2019\/09\/na-trilha-da-maternidade-2.html#respond\"]}]},{\"@type\":\"WebPage\",\"@id\":\"https:\/\/crentassos.com.br\/blog\/2019\/09\/na-trilha-da-maternidade-2.html\",\"url\":\"https:\/\/crentassos.com.br\/blog\/2019\/09\/na-trilha-da-maternidade-2.html\",\"name\":\"Na trilha da maternidade #2 - Crentassos Produ\u00e7\u00f5es Subversivas\",\"isPartOf\":{\"@id\":\"https:\/\/crentassos.com.br\/blog\/#website\"},\"primaryImageOfPage\":{\"@id\":\"https:\/\/crentassos.com.br\/blog\/2019\/09\/na-trilha-da-maternidade-2.html#primaryimage\"},\"image\":{\"@id\":\"https:\/\/crentassos.com.br\/blog\/2019\/09\/na-trilha-da-maternidade-2.html#primaryimage\"},\"thumbnailUrl\":\"https:\/\/crentassos.com.br\/blog\/wp-content\/uploads\/2019\/09\/c19.jpg\",\"datePublished\":\"2019-09-30T11:00:11+00:00\",\"description\":\"Na trilha da maternidade #2 Sobre como lidar com os sentimentos conflitantes por n\u00e3o ter conseguido engravidar, buscando manter a f\u00e9 em Deus.\",\"breadcrumb\":{\"@id\":\"https:\/\/crentassos.com.br\/blog\/2019\/09\/na-trilha-da-maternidade-2.html#breadcrumb\"},\"inLanguage\":\"pt-BR\",\"potentialAction\":[{\"@type\":\"ReadAction\",\"target\":[\"https:\/\/crentassos.com.br\/blog\/2019\/09\/na-trilha-da-maternidade-2.html\"]}]},{\"@type\":\"ImageObject\",\"inLanguage\":\"pt-BR\",\"@id\":\"https:\/\/crentassos.com.br\/blog\/2019\/09\/na-trilha-da-maternidade-2.html#primaryimage\",\"url\":\"https:\/\/crentassos.com.br\/blog\/wp-content\/uploads\/2019\/09\/c19.jpg\",\"contentUrl\":\"https:\/\/crentassos.com.br\/blog\/wp-content\/uploads\/2019\/09\/c19.jpg\",\"width\":1922,\"height\":1082},{\"@type\":\"BreadcrumbList\",\"@id\":\"https:\/\/crentassos.com.br\/blog\/2019\/09\/na-trilha-da-maternidade-2.html#breadcrumb\",\"itemListElement\":[{\"@type\":\"ListItem\",\"position\":1,\"name\":\"Home\",\"item\":\"https:\/\/crentassos.com.br\/blog\/\"},{\"@type\":\"ListItem\",\"position\":2,\"name\":\"Na trilha da maternidade #2\"}]},{\"@type\":\"WebSite\",\"@id\":\"https:\/\/crentassos.com.br\/blog\/#website\",\"url\":\"https:\/\/crentassos.com.br\/blog\/\",\"name\":\"Crentassos Produ\u00e7\u00f5es Subversivas\",\"description\":\"Podcast Crist\u00e3o, Podcrent, Da Prateleira, Artigos crist\u00e3os, Teologia, Estudos, Textos B\u00edblicos\",\"publisher\":{\"@id\":\"https:\/\/crentassos.com.br\/blog\/#organization\"},\"potentialAction\":[{\"@type\":\"SearchAction\",\"target\":{\"@type\":\"EntryPoint\",\"urlTemplate\":\"https:\/\/crentassos.com.br\/blog\/?s={search_term_string}\"},\"query-input\":{\"@type\":\"PropertyValueSpecification\",\"valueRequired\":true,\"valueName\":\"search_term_string\"}}],\"inLanguage\":\"pt-BR\"},{\"@type\":\"Organization\",\"@id\":\"https:\/\/crentassos.com.br\/blog\/#organization\",\"name\":\"Crentassos Produ\u00e7\u00f5es Subversivas\",\"url\":\"https:\/\/crentassos.com.br\/blog\/\",\"logo\":{\"@type\":\"ImageObject\",\"inLanguage\":\"pt-BR\",\"@id\":\"https:\/\/crentassos.com.br\/blog\/#\/schema\/logo\/image\/\",\"url\":\"https:\/\/crentassos.com.br\/blog\/wp-content\/uploads\/2020\/05\/cropped-crentassos1-300x300png.png\",\"contentUrl\":\"https:\/\/crentassos.com.br\/blog\/wp-content\/uploads\/2020\/05\/cropped-crentassos1-300x300png.png\",\"width\":300,\"height\":300,\"caption\":\"Crentassos Produ\u00e7\u00f5es Subversivas\"},\"image\":{\"@id\":\"https:\/\/crentassos.com.br\/blog\/#\/schema\/logo\/image\/\"},\"sameAs\":[\"http:\/\/www.facebook.com\/crentassos\",\"https:\/\/x.com\/crentassos\",\"https:\/\/www.instagram.com\/crentassos\",\"https:\/\/www.youtube.com\/crentassos\"]},{\"@type\":\"Person\",\"@id\":\"https:\/\/crentassos.com.br\/blog\/#\/schema\/person\/3f5f08a8ba3e2bc991eb2fd8f8e3988c\",\"name\":\"Tamyres Palma\",\"image\":{\"@type\":\"ImageObject\",\"inLanguage\":\"pt-BR\",\"@id\":\"https:\/\/crentassos.com.br\/blog\/#\/schema\/person\/image\/\",\"url\":\"https:\/\/secure.gravatar.com\/avatar\/9dce0caea2bafdb6394abc6c84348788083c31d52a278ed4b42bd0ee15c4ed52?s=96&d=retro&r=g\",\"contentUrl\":\"https:\/\/secure.gravatar.com\/avatar\/9dce0caea2bafdb6394abc6c84348788083c31d52a278ed4b42bd0ee15c4ed52?s=96&d=retro&r=g\",\"caption\":\"Tamyres Palma\"},\"description\":\"Tamyres Palma: formada em hist\u00f3ria, apaixonada por livros e casada com o @jonathazimmer . Maluca por Harry Potter, N\u00e1rnia e universos fant\u00e1sticos como a Terra M\u00e9dia. Apaixonada por literatura de forma geral, embora esteja longe do meu ideal de conhecimento liter\u00e1rio.\",\"sameAs\":[\"http:\/\/cafeecoberta.blogspot.com\"],\"url\":\"https:\/\/crentassos.com.br\/blog\/author\/tamyrespalma\"}]}<\/script>\n<!-- \/ Yoast SEO plugin. -->","yoast_head_json":{"title":"Na trilha da maternidade #2 - Crentassos Produ\u00e7\u00f5es Subversivas","description":"Na trilha da maternidade #2 Sobre como lidar com os sentimentos conflitantes por n\u00e3o ter conseguido engravidar, buscando manter a f\u00e9 em Deus.","robots":{"index":"index","follow":"follow","max-snippet":"max-snippet:-1","max-image-preview":"max-image-preview:large","max-video-preview":"max-video-preview:-1"},"canonical":"https:\/\/crentassos.com.br\/blog\/2019\/09\/na-trilha-da-maternidade-2.html","og_locale":"pt_BR","og_type":"article","og_title":"Na trilha da maternidade #2 - Crentassos Produ\u00e7\u00f5es Subversivas","og_description":"Na trilha da maternidade #2 Sobre como lidar com os sentimentos conflitantes por n\u00e3o ter conseguido engravidar, buscando manter a f\u00e9 em Deus.","og_url":"https:\/\/crentassos.com.br\/blog\/2019\/09\/na-trilha-da-maternidade-2.html","og_site_name":"Crentassos Produ\u00e7\u00f5es Subversivas","article_publisher":"http:\/\/www.facebook.com\/crentassos","article_published_time":"2019-09-30T11:00:11+00:00","og_image":[{"width":1922,"height":1082,"url":"https:\/\/crentassos.com.br\/blog\/wp-content\/uploads\/2019\/09\/c19.jpg","type":"image\/jpeg"}],"author":"Tamyres Palma","twitter_card":"summary_large_image","twitter_creator":"@crentassos","twitter_site":"@crentassos","twitter_misc":{"Escrito por":"Tamyres Palma","Est. tempo de leitura":"3 minutos"},"schema":{"@context":"https:\/\/schema.org","@graph":[{"@type":"Article","@id":"https:\/\/crentassos.com.br\/blog\/2019\/09\/na-trilha-da-maternidade-2.html#article","isPartOf":{"@id":"https:\/\/crentassos.com.br\/blog\/2019\/09\/na-trilha-da-maternidade-2.html"},"author":{"name":"Tamyres Palma","@id":"https:\/\/crentassos.com.br\/blog\/#\/schema\/person\/3f5f08a8ba3e2bc991eb2fd8f8e3988c"},"headline":"Na trilha da maternidade #2","datePublished":"2019-09-30T11:00:11+00:00","mainEntityOfPage":{"@id":"https:\/\/crentassos.com.br\/blog\/2019\/09\/na-trilha-da-maternidade-2.html"},"wordCount":591,"commentCount":0,"publisher":{"@id":"https:\/\/crentassos.com.br\/blog\/#organization"},"image":{"@id":"https:\/\/crentassos.com.br\/blog\/2019\/09\/na-trilha-da-maternidade-2.html#primaryimage"},"thumbnailUrl":"https:\/\/crentassos.com.br\/blog\/wp-content\/uploads\/2019\/09\/c19.jpg","keywords":["casal","dificuldade","F\u00e9","maternidade"],"articleSection":["Artigos"],"inLanguage":"pt-BR","potentialAction":[{"@type":"CommentAction","name":"Comment","target":["https:\/\/crentassos.com.br\/blog\/2019\/09\/na-trilha-da-maternidade-2.html#respond"]}]},{"@type":"WebPage","@id":"https:\/\/crentassos.com.br\/blog\/2019\/09\/na-trilha-da-maternidade-2.html","url":"https:\/\/crentassos.com.br\/blog\/2019\/09\/na-trilha-da-maternidade-2.html","name":"Na trilha da maternidade #2 - Crentassos Produ\u00e7\u00f5es Subversivas","isPartOf":{"@id":"https:\/\/crentassos.com.br\/blog\/#website"},"primaryImageOfPage":{"@id":"https:\/\/crentassos.com.br\/blog\/2019\/09\/na-trilha-da-maternidade-2.html#primaryimage"},"image":{"@id":"https:\/\/crentassos.com.br\/blog\/2019\/09\/na-trilha-da-maternidade-2.html#primaryimage"},"thumbnailUrl":"https:\/\/crentassos.com.br\/blog\/wp-content\/uploads\/2019\/09\/c19.jpg","datePublished":"2019-09-30T11:00:11+00:00","description":"Na trilha da maternidade #2 Sobre como lidar com os sentimentos conflitantes por n\u00e3o ter conseguido engravidar, buscando manter a f\u00e9 em Deus.","breadcrumb":{"@id":"https:\/\/crentassos.com.br\/blog\/2019\/09\/na-trilha-da-maternidade-2.html#breadcrumb"},"inLanguage":"pt-BR","potentialAction":[{"@type":"ReadAction","target":["https:\/\/crentassos.com.br\/blog\/2019\/09\/na-trilha-da-maternidade-2.html"]}]},{"@type":"ImageObject","inLanguage":"pt-BR","@id":"https:\/\/crentassos.com.br\/blog\/2019\/09\/na-trilha-da-maternidade-2.html#primaryimage","url":"https:\/\/crentassos.com.br\/blog\/wp-content\/uploads\/2019\/09\/c19.jpg","contentUrl":"https:\/\/crentassos.com.br\/blog\/wp-content\/uploads\/2019\/09\/c19.jpg","width":1922,"height":1082},{"@type":"BreadcrumbList","@id":"https:\/\/crentassos.com.br\/blog\/2019\/09\/na-trilha-da-maternidade-2.html#breadcrumb","itemListElement":[{"@type":"ListItem","position":1,"name":"Home","item":"https:\/\/crentassos.com.br\/blog\/"},{"@type":"ListItem","position":2,"name":"Na trilha da maternidade #2"}]},{"@type":"WebSite","@id":"https:\/\/crentassos.com.br\/blog\/#website","url":"https:\/\/crentassos.com.br\/blog\/","name":"Crentassos Produ\u00e7\u00f5es Subversivas","description":"Podcast Crist\u00e3o, Podcrent, Da Prateleira, Artigos crist\u00e3os, Teologia, Estudos, Textos B\u00edblicos","publisher":{"@id":"https:\/\/crentassos.com.br\/blog\/#organization"},"potentialAction":[{"@type":"SearchAction","target":{"@type":"EntryPoint","urlTemplate":"https:\/\/crentassos.com.br\/blog\/?s={search_term_string}"},"query-input":{"@type":"PropertyValueSpecification","valueRequired":true,"valueName":"search_term_string"}}],"inLanguage":"pt-BR"},{"@type":"Organization","@id":"https:\/\/crentassos.com.br\/blog\/#organization","name":"Crentassos Produ\u00e7\u00f5es Subversivas","url":"https:\/\/crentassos.com.br\/blog\/","logo":{"@type":"ImageObject","inLanguage":"pt-BR","@id":"https:\/\/crentassos.com.br\/blog\/#\/schema\/logo\/image\/","url":"https:\/\/crentassos.com.br\/blog\/wp-content\/uploads\/2020\/05\/cropped-crentassos1-300x300png.png","contentUrl":"https:\/\/crentassos.com.br\/blog\/wp-content\/uploads\/2020\/05\/cropped-crentassos1-300x300png.png","width":300,"height":300,"caption":"Crentassos Produ\u00e7\u00f5es Subversivas"},"image":{"@id":"https:\/\/crentassos.com.br\/blog\/#\/schema\/logo\/image\/"},"sameAs":["http:\/\/www.facebook.com\/crentassos","https:\/\/x.com\/crentassos","https:\/\/www.instagram.com\/crentassos","https:\/\/www.youtube.com\/crentassos"]},{"@type":"Person","@id":"https:\/\/crentassos.com.br\/blog\/#\/schema\/person\/3f5f08a8ba3e2bc991eb2fd8f8e3988c","name":"Tamyres Palma","image":{"@type":"ImageObject","inLanguage":"pt-BR","@id":"https:\/\/crentassos.com.br\/blog\/#\/schema\/person\/image\/","url":"https:\/\/secure.gravatar.com\/avatar\/9dce0caea2bafdb6394abc6c84348788083c31d52a278ed4b42bd0ee15c4ed52?s=96&d=retro&r=g","contentUrl":"https:\/\/secure.gravatar.com\/avatar\/9dce0caea2bafdb6394abc6c84348788083c31d52a278ed4b42bd0ee15c4ed52?s=96&d=retro&r=g","caption":"Tamyres Palma"},"description":"Tamyres Palma: formada em hist\u00f3ria, apaixonada por livros e casada com o @jonathazimmer . Maluca por Harry Potter, N\u00e1rnia e universos fant\u00e1sticos como a Terra M\u00e9dia. Apaixonada por literatura de forma geral, embora esteja longe do meu ideal de conhecimento liter\u00e1rio.","sameAs":["http:\/\/cafeecoberta.blogspot.com"],"url":"https:\/\/crentassos.com.br\/blog\/author\/tamyrespalma"}]}},"_links":{"self":[{"href":"https:\/\/crentassos.com.br\/blog\/wp-json\/wp\/v2\/posts\/16710","targetHints":{"allow":["GET"]}}],"collection":[{"href":"https:\/\/crentassos.com.br\/blog\/wp-json\/wp\/v2\/posts"}],"about":[{"href":"https:\/\/crentassos.com.br\/blog\/wp-json\/wp\/v2\/types\/post"}],"author":[{"embeddable":true,"href":"https:\/\/crentassos.com.br\/blog\/wp-json\/wp\/v2\/users\/32"}],"replies":[{"embeddable":true,"href":"https:\/\/crentassos.com.br\/blog\/wp-json\/wp\/v2\/comments?post=16710"}],"version-history":[{"count":3,"href":"https:\/\/crentassos.com.br\/blog\/wp-json\/wp\/v2\/posts\/16710\/revisions"}],"predecessor-version":[{"id":16714,"href":"https:\/\/crentassos.com.br\/blog\/wp-json\/wp\/v2\/posts\/16710\/revisions\/16714"}],"wp:featuredmedia":[{"embeddable":true,"href":"https:\/\/crentassos.com.br\/blog\/wp-json\/wp\/v2\/media\/16711"}],"wp:attachment":[{"href":"https:\/\/crentassos.com.br\/blog\/wp-json\/wp\/v2\/media?parent=16710"}],"wp:term":[{"taxonomy":"category","embeddable":true,"href":"https:\/\/crentassos.com.br\/blog\/wp-json\/wp\/v2\/categories?post=16710"},{"taxonomy":"post_tag","embeddable":true,"href":"https:\/\/crentassos.com.br\/blog\/wp-json\/wp\/v2\/tags?post=16710"}],"curies":[{"name":"wp","href":"https:\/\/api.w.org\/{rel}","templated":true}]}}