{"id":16175,"date":"2019-06-26T10:00:25","date_gmt":"2019-06-26T12:00:25","guid":{"rendered":"https:\/\/crentassos.com.br\/blog\/?p=16175"},"modified":"2019-06-25T14:34:45","modified_gmt":"2019-06-25T16:34:45","slug":"04-05-06-resgate-comemora-30-anos-lancando-30-musicas-ineditas","status":"publish","type":"post","link":"https:\/\/crentassos.com.br\/blog\/2019\/06\/04-05-06-resgate-comemora-30-anos-lancando-30-musicas-ineditas.html","title":{"rendered":"04, 05, 06 | Resgate comemora 30 anos lan\u00e7ando 30 m\u00fasicas in\u00e9ditas"},"content":{"rendered":"<p style=\"text-align: justify;\"><img loading=\"lazy\" decoding=\"async\" class=\"size-full wp-image-16177\" src=\"https:\/\/crentassos.com.br\/blog\/wp-content\/uploads\/2019\/06\/resgate-30-anos-04-05-06.jpeg\" alt=\"Imagem ilustrando o segundo lote de m\u00fasicas comemorativas dos 30 anos da banda Resgate.\" width=\"1280\" height=\"720\" srcset=\"https:\/\/crentassos.com.br\/blog\/wp-content\/uploads\/2019\/06\/resgate-30-anos-04-05-06.jpeg 1280w, https:\/\/crentassos.com.br\/blog\/wp-content\/uploads\/2019\/06\/resgate-30-anos-04-05-06-275x154.jpeg 275w, https:\/\/crentassos.com.br\/blog\/wp-content\/uploads\/2019\/06\/resgate-30-anos-04-05-06-300x169.jpeg 300w, https:\/\/crentassos.com.br\/blog\/wp-content\/uploads\/2019\/06\/resgate-30-anos-04-05-06-768x432.jpeg 768w, https:\/\/crentassos.com.br\/blog\/wp-content\/uploads\/2019\/06\/resgate-30-anos-04-05-06-620x349.jpeg 620w\" sizes=\"auto, (max-width: 1280px) 100vw, 1280px\" \/>Conheci o <a href=\"https:\/\/crentassos.com.br\/blog\/2019\/02\/musicas-do-resgate-que-me-edificam-com-ze-bruno-podcrent-74.html\">Resgate<\/a> numa fase tardia, comparando com amigos da mesma f\u00e9 e faixa et\u00e1ria.<\/p>\n<p style=\"text-align: justify;\">Aos 13 anos, saindo de uma igreja de linha mais tradicional de onde fazia parte desde os 2 anos (igreja t\u00e3o tradicional que a guitarra era vista como um instrumento demon\u00edaco)\u00a0 passei a ouvir essa tal m\u00fasica crist\u00e3 contempor\u00e2nea. Da\u00ed fui conhecendo o &#8220;<a href=\"https:\/\/pt.wikipedia.org\/wiki\/Big_Four_of_Thrash\">big four<\/a> crente&#8221; (!) da \u00e9poca &#8211; Oficina G3, Resgate, Fruto Sagrado e Katsbarnea (nunca curti Catedral, desculpa gente). E outras descobertas com o aux\u00edlio de um modem 56k e informa\u00e7\u00f5es bem rasas na internet.<\/p>\n<p style=\"text-align: justify;\">E nesses <a href=\"https:\/\/crentassos.com.br\/blog\/2019\/06\/01-02-03-resgate-comemora-30-anos-lancando-30-musicas-ineditas.html\">30 anos do Resgate<\/a>, fiquei incumbido de escrever sobre o segundo lote das m\u00fasicas.<\/p>\n<h2 style=\"text-align: justify;\"><a href=\"https:\/\/youtu.be\/LH9nGo7eATY\">Se existisse o se<\/a><\/h2>\n<p style=\"text-align: justify;\">Tem uma pegada de ukulele e afins que n\u00e3o gosto muito, mas a letra \u00e9 praticamente o hino dos ansiosos (como eu). E tamb\u00e9m daqueles que sempre pensam &#8220;e se tivesse feito isso ou aquilo?&#8221; (como eu). Importante lembrar da nossa Esperan\u00e7a nestes tempos em que pressa e ansiedade movem o cotidiano de tanta gente.<\/p>\n<blockquote><p>&#8220;Se torturada a mente culpada<br \/>\nVive obrigada e \u00e9 condenada<br \/>\n\u00c0 sina pesada de s\u00f3 olhar pra tr\u00e1s&#8221;<\/p>\n<p>&#8220;Se me preocupa, sempre me ocupa<br \/>\nEu vejo o come\u00e7o querendo saber o fim&#8221;<\/p><\/blockquote>\n<h2 style=\"text-align: justify;\"><a href=\"https:\/\/youtu.be\/kGaiILar4og\">Sa\u00edmos<\/a><\/h2>\n<p style=\"text-align: justify;\">J\u00e1 &#8220;Sa\u00edmos&#8221; \u00e9 uma forma fant\u00e1stica e resumida de contar a hist\u00f3ria da Igreja, focando no objetivo dela. Sair, sendo chamados para fora. Saindo do \u00c9den, da arca, do Egito, de Babil\u00f4nia, de barcos, da persegui\u00e7\u00e3o, para falar d&#8217;Aquele que saiu de Sua Gl\u00f3ria.<\/p>\n<blockquote><p>&#8220;Sa\u00edmos de n\u00f3s, tomamos a Cruz, sa\u00edmos na gra\u00e7a do banco dos r\u00e9us<br \/>\nO sa\u00eddo da Gl\u00f3ria, entrando na hist\u00f3ria, saiu desse mundo voltando para o c\u00e9u<br \/>\nSairemos um dia, passagem de ida, sairemos de volta para os bra\u00e7os de Deus&#8221;<\/p><\/blockquote>\n<h2 style=\"text-align: justify;\"><a href=\"https:\/\/youtu.be\/AGhrmhbItz8\">Em prol do seu nariz<\/a><\/h2>\n<p style=\"text-align: justify;\">A minha preferida das 3, n\u00e3o s\u00f3 por ser a que eu mais gostei pelo ritmo, mas tamb\u00e9m pela letra ser t\u00e3o atual e necess\u00e1ria neste tempo em que <a href=\"https:\/\/www.bibliaonline.com.br\/acf\/rm\/12\">Romanos 12:1-2<\/a> \u00e9 ignorado solenemente em nome de interesses distantes do Reino e pr\u00f3ximos de pessoas ca\u00eddas e institui\u00e7\u00f5es formadas por pessoas ca\u00eddas. Embora a letra deixa endere\u00e7ado elementos do nosso governo atual, como nos versos &#8221; Ent\u00e3o palmas pra tortura, pois algu\u00e9m sorri&#8221; ou a alus\u00e3o ao slogan de campanha do ano passado &#8221; Deus! Acima de tudo e todos<br \/>\n\/ Todos como se fossem eu&#8221;, o teor da letra \u00e9 de oposi\u00e7\u00e3o a toda linha ideol\u00f3gica que exalte o individualismo, principalmente dentro das igrejas locais. Temo que sua letra mostre um destino que estas igrejas e irm\u00e3os se encontrar\u00e3o se continuarem neste caminho.<\/p>\n<blockquote><p>&#8220;Deus! Acima de tudo e todos<br \/>\nTodos como se fossem eu<br \/>\nSe cada pessoa \u00e9 uma s\u00f3<br \/>\nE se cada um \u00e9 o que quer ser<br \/>\nNessa ingenuidade solid\u00e3o<br \/>\nE agora o solit\u00e1rio pede irm\u00e3os<br \/>\nE a comunidade se desfaz em prol do seu nariz&#8221;<\/p><\/blockquote>\n<p style=\"text-align: justify;\">Agora vamos esperar dia 5 de julho para as pr\u00f3ximas tr\u00eas!<\/p>\n","protected":false},"excerpt":{"rendered":"<p>Conheci o Resgate numa fase tardia, comparando com amigos da mesma f\u00e9 e faixa et\u00e1ria. Aos 13 anos, saindo de uma igreja [&hellip;]<\/p>\n","protected":false},"author":16,"featured_media":16177,"comment_status":"open","ping_status":"open","sticky":false,"template":"","format":"standard","meta":{"_exactmetrics_skip_tracking":false,"_exactmetrics_sitenote_active":false,"_exactmetrics_sitenote_note":"","_exactmetrics_sitenote_category":0,"footnotes":"","_links_to":"","_links_to_target":""},"categories":[112,7399,7398,1305],"tags":[6947,6059,6674,7417,7322,1028,7372,7418,7419,1234],"class_list":{"0":"post-16175","1":"post","2":"type-post","3":"status-publish","4":"format-standard","5":"has-post-thumbnail","6":"hentry","7":"category-artigos","8":"category-resgate","9":"category-resgate-30-anos","10":"category-sessoes","11":"tag-6947","12":"tag-6059","13":"tag-6674","14":"tag-em-prol-do-seu-nariz","15":"tag-musicas-do-resgate-que-me-edificam","16":"tag-resgate","17":"tag-resgate-30-anos","18":"tag-saimos","19":"tag-se-existisse-o-se","20":"tag-ze-bruno","22":"post-with-thumbnail","23":"post-with-thumbnail-large"},"yoast_head":"<!-- This site is optimized with the Yoast SEO plugin v27.1.1 - https:\/\/yoast.com\/product\/yoast-seo-wordpress\/ -->\n<title>04, 05, 06 | Resgate comemora 30 anos lan\u00e7ando 30 m\u00fasicas in\u00e9ditas - Crentassos Produ\u00e7\u00f5es Subversivas<\/title>\n<meta name=\"description\" content=\"E nesses 30 anos do Resgate, fiquei incumbido de escrever sobre o segundo lote das m\u00fasicas. Se existisse o se, Sa\u00edmos, Em Prol do Seu Nariz, Resgate 30 Anos. 3 m\u00fasicas por m\u00eas.\" \/>\n<meta name=\"robots\" content=\"index, follow, max-snippet:-1, max-image-preview:large, max-video-preview:-1\" \/>\n<link rel=\"canonical\" href=\"https:\/\/crentassos.com.br\/blog\/2019\/06\/04-05-06-resgate-comemora-30-anos-lancando-30-musicas-ineditas.html\" \/>\n<meta property=\"og:locale\" content=\"pt_BR\" \/>\n<meta property=\"og:type\" content=\"article\" \/>\n<meta property=\"og:title\" content=\"04, 05, 06 | Resgate comemora 30 anos lan\u00e7ando 30 m\u00fasicas in\u00e9ditas - Crentassos Produ\u00e7\u00f5es Subversivas\" \/>\n<meta property=\"og:description\" content=\"E nesses 30 anos do Resgate, fiquei incumbido de escrever sobre o segundo lote das m\u00fasicas. Se existisse o se, Sa\u00edmos, Em Prol do Seu Nariz, Resgate 30 Anos. 3 m\u00fasicas por m\u00eas.\" \/>\n<meta property=\"og:url\" content=\"https:\/\/crentassos.com.br\/blog\/2019\/06\/04-05-06-resgate-comemora-30-anos-lancando-30-musicas-ineditas.html\" \/>\n<meta property=\"og:site_name\" content=\"Crentassos Produ\u00e7\u00f5es Subversivas\" \/>\n<meta property=\"article:publisher\" content=\"http:\/\/www.facebook.com\/crentassos\" \/>\n<meta property=\"article:published_time\" content=\"2019-06-26T12:00:25+00:00\" \/>\n<meta property=\"og:image\" content=\"https:\/\/crentassos.com.br\/blog\/wp-content\/uploads\/2019\/06\/resgate-30-anos-04-05-06.jpeg\" \/>\n\t<meta property=\"og:image:width\" content=\"1280\" \/>\n\t<meta property=\"og:image:height\" content=\"720\" \/>\n\t<meta property=\"og:image:type\" content=\"image\/jpeg\" \/>\n<meta name=\"author\" content=\"Thiago Paiva\" \/>\n<meta name=\"twitter:card\" content=\"summary_large_image\" \/>\n<meta name=\"twitter:creator\" content=\"@crentassos\" \/>\n<meta name=\"twitter:site\" content=\"@crentassos\" \/>\n<meta name=\"twitter:label1\" content=\"Escrito por\" \/>\n\t<meta name=\"twitter:data1\" content=\"Thiago Paiva\" \/>\n\t<meta name=\"twitter:label2\" content=\"Est. tempo de leitura\" \/>\n\t<meta name=\"twitter:data2\" content=\"3 minutos\" \/>\n<script type=\"application\/ld+json\" class=\"yoast-schema-graph\">{\"@context\":\"https:\/\/schema.org\",\"@graph\":[{\"@type\":\"Article\",\"@id\":\"https:\/\/crentassos.com.br\/blog\/2019\/06\/04-05-06-resgate-comemora-30-anos-lancando-30-musicas-ineditas.html#article\",\"isPartOf\":{\"@id\":\"https:\/\/crentassos.com.br\/blog\/2019\/06\/04-05-06-resgate-comemora-30-anos-lancando-30-musicas-ineditas.html\"},\"author\":{\"name\":\"Thiago Paiva\",\"@id\":\"https:\/\/crentassos.com.br\/blog\/#\/schema\/person\/be85b58e1dcbf373bfa3ca62104d9740\"},\"headline\":\"04, 05, 06 | Resgate comemora 30 anos lan\u00e7ando 30 m\u00fasicas in\u00e9ditas\",\"datePublished\":\"2019-06-26T12:00:25+00:00\",\"mainEntityOfPage\":{\"@id\":\"https:\/\/crentassos.com.br\/blog\/2019\/06\/04-05-06-resgate-comemora-30-anos-lancando-30-musicas-ineditas.html\"},\"wordCount\":524,\"commentCount\":0,\"publisher\":{\"@id\":\"https:\/\/crentassos.com.br\/blog\/#organization\"},\"image\":{\"@id\":\"https:\/\/crentassos.com.br\/blog\/2019\/06\/04-05-06-resgate-comemora-30-anos-lancando-30-musicas-ineditas.html#primaryimage\"},\"thumbnailUrl\":\"https:\/\/crentassos.com.br\/blog\/wp-content\/uploads\/2019\/06\/resgate-30-anos-04-05-06.jpeg\",\"keywords\":[\"04\",\"05\",\"06\",\"em prol do seu nariz\",\"m\u00fasicas do resgate que me edificam\",\"resgate\",\"resgate 30 anos\",\"sa\u00edmos\",\"se existisse o se\",\"ze bruno\"],\"articleSection\":[\"Artigos\",\"Resgate\",\"Resgate 30 Anos\",\"Sess\u00f5es\"],\"inLanguage\":\"pt-BR\",\"potentialAction\":[{\"@type\":\"CommentAction\",\"name\":\"Comment\",\"target\":[\"https:\/\/crentassos.com.br\/blog\/2019\/06\/04-05-06-resgate-comemora-30-anos-lancando-30-musicas-ineditas.html#respond\"]}]},{\"@type\":\"WebPage\",\"@id\":\"https:\/\/crentassos.com.br\/blog\/2019\/06\/04-05-06-resgate-comemora-30-anos-lancando-30-musicas-ineditas.html\",\"url\":\"https:\/\/crentassos.com.br\/blog\/2019\/06\/04-05-06-resgate-comemora-30-anos-lancando-30-musicas-ineditas.html\",\"name\":\"04, 05, 06 | Resgate comemora 30 anos lan\u00e7ando 30 m\u00fasicas in\u00e9ditas - Crentassos Produ\u00e7\u00f5es Subversivas\",\"isPartOf\":{\"@id\":\"https:\/\/crentassos.com.br\/blog\/#website\"},\"primaryImageOfPage\":{\"@id\":\"https:\/\/crentassos.com.br\/blog\/2019\/06\/04-05-06-resgate-comemora-30-anos-lancando-30-musicas-ineditas.html#primaryimage\"},\"image\":{\"@id\":\"https:\/\/crentassos.com.br\/blog\/2019\/06\/04-05-06-resgate-comemora-30-anos-lancando-30-musicas-ineditas.html#primaryimage\"},\"thumbnailUrl\":\"https:\/\/crentassos.com.br\/blog\/wp-content\/uploads\/2019\/06\/resgate-30-anos-04-05-06.jpeg\",\"datePublished\":\"2019-06-26T12:00:25+00:00\",\"description\":\"E nesses 30 anos do Resgate, fiquei incumbido de escrever sobre o segundo lote das m\u00fasicas. Se existisse o se, Sa\u00edmos, Em Prol do Seu Nariz, Resgate 30 Anos. 3 m\u00fasicas por m\u00eas.\",\"breadcrumb\":{\"@id\":\"https:\/\/crentassos.com.br\/blog\/2019\/06\/04-05-06-resgate-comemora-30-anos-lancando-30-musicas-ineditas.html#breadcrumb\"},\"inLanguage\":\"pt-BR\",\"potentialAction\":[{\"@type\":\"ReadAction\",\"target\":[\"https:\/\/crentassos.com.br\/blog\/2019\/06\/04-05-06-resgate-comemora-30-anos-lancando-30-musicas-ineditas.html\"]}]},{\"@type\":\"ImageObject\",\"inLanguage\":\"pt-BR\",\"@id\":\"https:\/\/crentassos.com.br\/blog\/2019\/06\/04-05-06-resgate-comemora-30-anos-lancando-30-musicas-ineditas.html#primaryimage\",\"url\":\"https:\/\/crentassos.com.br\/blog\/wp-content\/uploads\/2019\/06\/resgate-30-anos-04-05-06.jpeg\",\"contentUrl\":\"https:\/\/crentassos.com.br\/blog\/wp-content\/uploads\/2019\/06\/resgate-30-anos-04-05-06.jpeg\",\"width\":1280,\"height\":720,\"caption\":\"Imagem ilustrando o segundo lote de m\u00fasicas comemorativas dos 30 anos da banda Resgate.\"},{\"@type\":\"BreadcrumbList\",\"@id\":\"https:\/\/crentassos.com.br\/blog\/2019\/06\/04-05-06-resgate-comemora-30-anos-lancando-30-musicas-ineditas.html#breadcrumb\",\"itemListElement\":[{\"@type\":\"ListItem\",\"position\":1,\"name\":\"Home\",\"item\":\"https:\/\/crentassos.com.br\/blog\/\"},{\"@type\":\"ListItem\",\"position\":2,\"name\":\"04, 05, 06 | Resgate comemora 30 anos lan\u00e7ando 30 m\u00fasicas in\u00e9ditas\"}]},{\"@type\":\"WebSite\",\"@id\":\"https:\/\/crentassos.com.br\/blog\/#website\",\"url\":\"https:\/\/crentassos.com.br\/blog\/\",\"name\":\"Crentassos Produ\u00e7\u00f5es Subversivas\",\"description\":\"Podcast Crist\u00e3o, Podcrent, Da Prateleira, Artigos crist\u00e3os, Teologia, Estudos, Textos B\u00edblicos\",\"publisher\":{\"@id\":\"https:\/\/crentassos.com.br\/blog\/#organization\"},\"potentialAction\":[{\"@type\":\"SearchAction\",\"target\":{\"@type\":\"EntryPoint\",\"urlTemplate\":\"https:\/\/crentassos.com.br\/blog\/?s={search_term_string}\"},\"query-input\":{\"@type\":\"PropertyValueSpecification\",\"valueRequired\":true,\"valueName\":\"search_term_string\"}}],\"inLanguage\":\"pt-BR\"},{\"@type\":\"Organization\",\"@id\":\"https:\/\/crentassos.com.br\/blog\/#organization\",\"name\":\"Crentassos Produ\u00e7\u00f5es Subversivas\",\"url\":\"https:\/\/crentassos.com.br\/blog\/\",\"logo\":{\"@type\":\"ImageObject\",\"inLanguage\":\"pt-BR\",\"@id\":\"https:\/\/crentassos.com.br\/blog\/#\/schema\/logo\/image\/\",\"url\":\"https:\/\/crentassos.com.br\/blog\/wp-content\/uploads\/2020\/05\/cropped-crentassos1-300x300png.png\",\"contentUrl\":\"https:\/\/crentassos.com.br\/blog\/wp-content\/uploads\/2020\/05\/cropped-crentassos1-300x300png.png\",\"width\":300,\"height\":300,\"caption\":\"Crentassos Produ\u00e7\u00f5es Subversivas\"},\"image\":{\"@id\":\"https:\/\/crentassos.com.br\/blog\/#\/schema\/logo\/image\/\"},\"sameAs\":[\"http:\/\/www.facebook.com\/crentassos\",\"https:\/\/x.com\/crentassos\",\"https:\/\/www.instagram.com\/crentassos\",\"https:\/\/www.youtube.com\/crentassos\"]},{\"@type\":\"Person\",\"@id\":\"https:\/\/crentassos.com.br\/blog\/#\/schema\/person\/be85b58e1dcbf373bfa3ca62104d9740\",\"name\":\"Thiago Paiva\",\"image\":{\"@type\":\"ImageObject\",\"inLanguage\":\"pt-BR\",\"@id\":\"https:\/\/crentassos.com.br\/blog\/#\/schema\/person\/image\/\",\"url\":\"https:\/\/secure.gravatar.com\/avatar\/31ee4a89177e58c718a2c658ac0d0b647e4c2e5f94a3e91feedba2fb027c93fe?s=96&d=retro&r=g\",\"contentUrl\":\"https:\/\/secure.gravatar.com\/avatar\/31ee4a89177e58c718a2c658ac0d0b647e4c2e5f94a3e91feedba2fb027c93fe?s=96&d=retro&r=g\",\"caption\":\"Thiago Paiva\"},\"description\":\"Analista de sistemas, professor e um eterno entusiasmado em teologia. Um pecador perdoado.\",\"url\":\"https:\/\/crentassos.com.br\/blog\/author\/paiva_thiago\"}]}<\/script>\n<!-- \/ Yoast SEO plugin. -->","yoast_head_json":{"title":"04, 05, 06 | Resgate comemora 30 anos lan\u00e7ando 30 m\u00fasicas in\u00e9ditas - Crentassos Produ\u00e7\u00f5es Subversivas","description":"E nesses 30 anos do Resgate, fiquei incumbido de escrever sobre o segundo lote das m\u00fasicas. Se existisse o se, Sa\u00edmos, Em Prol do Seu Nariz, Resgate 30 Anos. 3 m\u00fasicas por m\u00eas.","robots":{"index":"index","follow":"follow","max-snippet":"max-snippet:-1","max-image-preview":"max-image-preview:large","max-video-preview":"max-video-preview:-1"},"canonical":"https:\/\/crentassos.com.br\/blog\/2019\/06\/04-05-06-resgate-comemora-30-anos-lancando-30-musicas-ineditas.html","og_locale":"pt_BR","og_type":"article","og_title":"04, 05, 06 | Resgate comemora 30 anos lan\u00e7ando 30 m\u00fasicas in\u00e9ditas - Crentassos Produ\u00e7\u00f5es Subversivas","og_description":"E nesses 30 anos do Resgate, fiquei incumbido de escrever sobre o segundo lote das m\u00fasicas. Se existisse o se, Sa\u00edmos, Em Prol do Seu Nariz, Resgate 30 Anos. 3 m\u00fasicas por m\u00eas.","og_url":"https:\/\/crentassos.com.br\/blog\/2019\/06\/04-05-06-resgate-comemora-30-anos-lancando-30-musicas-ineditas.html","og_site_name":"Crentassos Produ\u00e7\u00f5es Subversivas","article_publisher":"http:\/\/www.facebook.com\/crentassos","article_published_time":"2019-06-26T12:00:25+00:00","og_image":[{"width":1280,"height":720,"url":"https:\/\/crentassos.com.br\/blog\/wp-content\/uploads\/2019\/06\/resgate-30-anos-04-05-06.jpeg","type":"image\/jpeg"}],"author":"Thiago Paiva","twitter_card":"summary_large_image","twitter_creator":"@crentassos","twitter_site":"@crentassos","twitter_misc":{"Escrito por":"Thiago Paiva","Est. tempo de leitura":"3 minutos"},"schema":{"@context":"https:\/\/schema.org","@graph":[{"@type":"Article","@id":"https:\/\/crentassos.com.br\/blog\/2019\/06\/04-05-06-resgate-comemora-30-anos-lancando-30-musicas-ineditas.html#article","isPartOf":{"@id":"https:\/\/crentassos.com.br\/blog\/2019\/06\/04-05-06-resgate-comemora-30-anos-lancando-30-musicas-ineditas.html"},"author":{"name":"Thiago Paiva","@id":"https:\/\/crentassos.com.br\/blog\/#\/schema\/person\/be85b58e1dcbf373bfa3ca62104d9740"},"headline":"04, 05, 06 | Resgate comemora 30 anos lan\u00e7ando 30 m\u00fasicas in\u00e9ditas","datePublished":"2019-06-26T12:00:25+00:00","mainEntityOfPage":{"@id":"https:\/\/crentassos.com.br\/blog\/2019\/06\/04-05-06-resgate-comemora-30-anos-lancando-30-musicas-ineditas.html"},"wordCount":524,"commentCount":0,"publisher":{"@id":"https:\/\/crentassos.com.br\/blog\/#organization"},"image":{"@id":"https:\/\/crentassos.com.br\/blog\/2019\/06\/04-05-06-resgate-comemora-30-anos-lancando-30-musicas-ineditas.html#primaryimage"},"thumbnailUrl":"https:\/\/crentassos.com.br\/blog\/wp-content\/uploads\/2019\/06\/resgate-30-anos-04-05-06.jpeg","keywords":["04","05","06","em prol do seu nariz","m\u00fasicas do resgate que me edificam","resgate","resgate 30 anos","sa\u00edmos","se existisse o se","ze bruno"],"articleSection":["Artigos","Resgate","Resgate 30 Anos","Sess\u00f5es"],"inLanguage":"pt-BR","potentialAction":[{"@type":"CommentAction","name":"Comment","target":["https:\/\/crentassos.com.br\/blog\/2019\/06\/04-05-06-resgate-comemora-30-anos-lancando-30-musicas-ineditas.html#respond"]}]},{"@type":"WebPage","@id":"https:\/\/crentassos.com.br\/blog\/2019\/06\/04-05-06-resgate-comemora-30-anos-lancando-30-musicas-ineditas.html","url":"https:\/\/crentassos.com.br\/blog\/2019\/06\/04-05-06-resgate-comemora-30-anos-lancando-30-musicas-ineditas.html","name":"04, 05, 06 | Resgate comemora 30 anos lan\u00e7ando 30 m\u00fasicas in\u00e9ditas - Crentassos Produ\u00e7\u00f5es Subversivas","isPartOf":{"@id":"https:\/\/crentassos.com.br\/blog\/#website"},"primaryImageOfPage":{"@id":"https:\/\/crentassos.com.br\/blog\/2019\/06\/04-05-06-resgate-comemora-30-anos-lancando-30-musicas-ineditas.html#primaryimage"},"image":{"@id":"https:\/\/crentassos.com.br\/blog\/2019\/06\/04-05-06-resgate-comemora-30-anos-lancando-30-musicas-ineditas.html#primaryimage"},"thumbnailUrl":"https:\/\/crentassos.com.br\/blog\/wp-content\/uploads\/2019\/06\/resgate-30-anos-04-05-06.jpeg","datePublished":"2019-06-26T12:00:25+00:00","description":"E nesses 30 anos do Resgate, fiquei incumbido de escrever sobre o segundo lote das m\u00fasicas. Se existisse o se, Sa\u00edmos, Em Prol do Seu Nariz, Resgate 30 Anos. 3 m\u00fasicas por m\u00eas.","breadcrumb":{"@id":"https:\/\/crentassos.com.br\/blog\/2019\/06\/04-05-06-resgate-comemora-30-anos-lancando-30-musicas-ineditas.html#breadcrumb"},"inLanguage":"pt-BR","potentialAction":[{"@type":"ReadAction","target":["https:\/\/crentassos.com.br\/blog\/2019\/06\/04-05-06-resgate-comemora-30-anos-lancando-30-musicas-ineditas.html"]}]},{"@type":"ImageObject","inLanguage":"pt-BR","@id":"https:\/\/crentassos.com.br\/blog\/2019\/06\/04-05-06-resgate-comemora-30-anos-lancando-30-musicas-ineditas.html#primaryimage","url":"https:\/\/crentassos.com.br\/blog\/wp-content\/uploads\/2019\/06\/resgate-30-anos-04-05-06.jpeg","contentUrl":"https:\/\/crentassos.com.br\/blog\/wp-content\/uploads\/2019\/06\/resgate-30-anos-04-05-06.jpeg","width":1280,"height":720,"caption":"Imagem ilustrando o segundo lote de m\u00fasicas comemorativas dos 30 anos da banda Resgate."},{"@type":"BreadcrumbList","@id":"https:\/\/crentassos.com.br\/blog\/2019\/06\/04-05-06-resgate-comemora-30-anos-lancando-30-musicas-ineditas.html#breadcrumb","itemListElement":[{"@type":"ListItem","position":1,"name":"Home","item":"https:\/\/crentassos.com.br\/blog\/"},{"@type":"ListItem","position":2,"name":"04, 05, 06 | Resgate comemora 30 anos lan\u00e7ando 30 m\u00fasicas in\u00e9ditas"}]},{"@type":"WebSite","@id":"https:\/\/crentassos.com.br\/blog\/#website","url":"https:\/\/crentassos.com.br\/blog\/","name":"Crentassos Produ\u00e7\u00f5es Subversivas","description":"Podcast Crist\u00e3o, Podcrent, Da Prateleira, Artigos crist\u00e3os, Teologia, Estudos, Textos B\u00edblicos","publisher":{"@id":"https:\/\/crentassos.com.br\/blog\/#organization"},"potentialAction":[{"@type":"SearchAction","target":{"@type":"EntryPoint","urlTemplate":"https:\/\/crentassos.com.br\/blog\/?s={search_term_string}"},"query-input":{"@type":"PropertyValueSpecification","valueRequired":true,"valueName":"search_term_string"}}],"inLanguage":"pt-BR"},{"@type":"Organization","@id":"https:\/\/crentassos.com.br\/blog\/#organization","name":"Crentassos Produ\u00e7\u00f5es Subversivas","url":"https:\/\/crentassos.com.br\/blog\/","logo":{"@type":"ImageObject","inLanguage":"pt-BR","@id":"https:\/\/crentassos.com.br\/blog\/#\/schema\/logo\/image\/","url":"https:\/\/crentassos.com.br\/blog\/wp-content\/uploads\/2020\/05\/cropped-crentassos1-300x300png.png","contentUrl":"https:\/\/crentassos.com.br\/blog\/wp-content\/uploads\/2020\/05\/cropped-crentassos1-300x300png.png","width":300,"height":300,"caption":"Crentassos Produ\u00e7\u00f5es Subversivas"},"image":{"@id":"https:\/\/crentassos.com.br\/blog\/#\/schema\/logo\/image\/"},"sameAs":["http:\/\/www.facebook.com\/crentassos","https:\/\/x.com\/crentassos","https:\/\/www.instagram.com\/crentassos","https:\/\/www.youtube.com\/crentassos"]},{"@type":"Person","@id":"https:\/\/crentassos.com.br\/blog\/#\/schema\/person\/be85b58e1dcbf373bfa3ca62104d9740","name":"Thiago Paiva","image":{"@type":"ImageObject","inLanguage":"pt-BR","@id":"https:\/\/crentassos.com.br\/blog\/#\/schema\/person\/image\/","url":"https:\/\/secure.gravatar.com\/avatar\/31ee4a89177e58c718a2c658ac0d0b647e4c2e5f94a3e91feedba2fb027c93fe?s=96&d=retro&r=g","contentUrl":"https:\/\/secure.gravatar.com\/avatar\/31ee4a89177e58c718a2c658ac0d0b647e4c2e5f94a3e91feedba2fb027c93fe?s=96&d=retro&r=g","caption":"Thiago Paiva"},"description":"Analista de sistemas, professor e um eterno entusiasmado em teologia. Um pecador perdoado.","url":"https:\/\/crentassos.com.br\/blog\/author\/paiva_thiago"}]}},"_links":{"self":[{"href":"https:\/\/crentassos.com.br\/blog\/wp-json\/wp\/v2\/posts\/16175","targetHints":{"allow":["GET"]}}],"collection":[{"href":"https:\/\/crentassos.com.br\/blog\/wp-json\/wp\/v2\/posts"}],"about":[{"href":"https:\/\/crentassos.com.br\/blog\/wp-json\/wp\/v2\/types\/post"}],"author":[{"embeddable":true,"href":"https:\/\/crentassos.com.br\/blog\/wp-json\/wp\/v2\/users\/16"}],"replies":[{"embeddable":true,"href":"https:\/\/crentassos.com.br\/blog\/wp-json\/wp\/v2\/comments?post=16175"}],"version-history":[{"count":5,"href":"https:\/\/crentassos.com.br\/blog\/wp-json\/wp\/v2\/posts\/16175\/revisions"}],"predecessor-version":[{"id":16183,"href":"https:\/\/crentassos.com.br\/blog\/wp-json\/wp\/v2\/posts\/16175\/revisions\/16183"}],"wp:featuredmedia":[{"embeddable":true,"href":"https:\/\/crentassos.com.br\/blog\/wp-json\/wp\/v2\/media\/16177"}],"wp:attachment":[{"href":"https:\/\/crentassos.com.br\/blog\/wp-json\/wp\/v2\/media?parent=16175"}],"wp:term":[{"taxonomy":"category","embeddable":true,"href":"https:\/\/crentassos.com.br\/blog\/wp-json\/wp\/v2\/categories?post=16175"},{"taxonomy":"post_tag","embeddable":true,"href":"https:\/\/crentassos.com.br\/blog\/wp-json\/wp\/v2\/tags?post=16175"}],"curies":[{"name":"wp","href":"https:\/\/api.w.org\/{rel}","templated":true}]}}