{"id":16145,"date":"2019-06-10T18:34:36","date_gmt":"2019-06-10T20:34:36","guid":{"rendered":"https:\/\/crentassos.com.br\/blog\/?p=16145"},"modified":"2019-06-10T18:34:36","modified_gmt":"2019-06-10T20:34:36","slug":"camisas-copa-do-mundo-franca-2019-grupo-f","status":"publish","type":"post","link":"https:\/\/crentassos.com.br\/blog\/2019\/06\/camisas-copa-do-mundo-franca-2019-grupo-f.html","title":{"rendered":"Camisas Copa do Mundo Fran\u00e7a 2019 \u2013 Grupo F"},"content":{"rendered":"<p style=\"text-align: justify;\">Finalmente chegamos ao \u00faltimo grupo de camisas da Copa do Mundo Fran\u00e7a 2019, mesmo com o torneio j\u00e1 em andamento. Neste \u00faltimo grupo, temos a \u00faltima campe\u00e3, um pa\u00eds da \u00c1sia que eu nem sabia que tinha sele\u00e7\u00e3o, uma sul-americana e uma sele\u00e7\u00e3o que sempre tem umas camisas estranhas.<\/p>\n<p style=\"text-align: center;\"><em>Estados Unidos da Am\u00e9rica<\/em><\/p>\n<p style=\"text-align: center;\"><img loading=\"lazy\" decoding=\"async\" class=\"aligncenter wp-image-16146 size-large\" src=\"https:\/\/crentassos.com.br\/blog\/wp-content\/uploads\/2019\/06\/Estados-Unidos-01-Frente-620x620.png\" alt=\"\" width=\"620\" height=\"620\" srcset=\"https:\/\/crentassos.com.br\/blog\/wp-content\/uploads\/2019\/06\/Estados-Unidos-01-Frente-620x620.png 620w, https:\/\/crentassos.com.br\/blog\/wp-content\/uploads\/2019\/06\/Estados-Unidos-01-Frente-300x300.png 300w, https:\/\/crentassos.com.br\/blog\/wp-content\/uploads\/2019\/06\/Estados-Unidos-01-Frente.png 691w\" sizes=\"auto, (max-width: 620px) 100vw, 620px\" \/><\/p>\n<p style=\"text-align: center;\"><strong>Primeira camisa:\u00a0<\/strong>Gente, estou surpresa com o tanto que gostei dessa camisa, s\u00e9rio. Acho que ela representa bem o EUA, mas de uma maneira positiva. \u00c9 limpa, mas n\u00e3o pobre, sabe? Gostei bastante do detalhe nas mangas da camisa. Bonita.<\/p>\n<p>&nbsp;<\/p>\n<p style=\"text-align: center;\"><img loading=\"lazy\" decoding=\"async\" class=\"aligncenter wp-image-16147 size-large\" src=\"https:\/\/crentassos.com.br\/blog\/wp-content\/uploads\/2019\/06\/Estados-Unidos-01-Detalhe-620x438.png\" alt=\"\" width=\"620\" height=\"438\" srcset=\"https:\/\/crentassos.com.br\/blog\/wp-content\/uploads\/2019\/06\/Estados-Unidos-01-Detalhe-620x438.png 620w, https:\/\/crentassos.com.br\/blog\/wp-content\/uploads\/2019\/06\/Estados-Unidos-01-Detalhe-300x212.png 300w, https:\/\/crentassos.com.br\/blog\/wp-content\/uploads\/2019\/06\/Estados-Unidos-01-Detalhe-768x542.png 768w, https:\/\/crentassos.com.br\/blog\/wp-content\/uploads\/2019\/06\/Estados-Unidos-01-Detalhe.png 976w\" sizes=\"auto, (max-width: 620px) 100vw, 620px\" \/><\/p>\n<p style=\"text-align: center;\">Detalhe das costas da camisa. De acordo com meu limitado conhecimento de geografia dos EUA, parece que os nomes dos 50 estados est\u00e3o escritos nesse detalhe. Eu n\u00e3o gostei dessa est\u00e9tica, mas se veio com um cunho pol\u00edtico de &#8220;somos diversos&#8221;, da\u00ed at\u00e9 aceito.<\/p>\n<p>&nbsp;<\/p>\n<p style=\"text-align: center;\"><img loading=\"lazy\" decoding=\"async\" class=\"aligncenter wp-image-16148 size-large\" src=\"https:\/\/crentassos.com.br\/blog\/wp-content\/uploads\/2019\/06\/Estados-Unidos-02-Frente-620x617.png\" alt=\"\" width=\"620\" height=\"617\" srcset=\"https:\/\/crentassos.com.br\/blog\/wp-content\/uploads\/2019\/06\/Estados-Unidos-02-Frente-620x617.png 620w, https:\/\/crentassos.com.br\/blog\/wp-content\/uploads\/2019\/06\/Estados-Unidos-02-Frente-300x300.png 300w, https:\/\/crentassos.com.br\/blog\/wp-content\/uploads\/2019\/06\/Estados-Unidos-02-Frente.png 693w\" sizes=\"auto, (max-width: 620px) 100vw, 620px\" \/><\/p>\n<p style=\"text-align: center;\"><strong>Segunda camisa:\u00a0<\/strong>Essa camisa j\u00e1 acho que representa bem o pior do EUA, haha. Olhei para ela e pensei em nacionalismo e patriotismo, n\u00e3o sei porqu\u00ea. N\u00e3o \u00e9 feia, mas me trouxe sentimentos adversos, inevitavelmente.<\/p>\n<p>&nbsp;<\/p>\n<p style=\"text-align: center;\"><em>Tail\u00e2ndia<\/em><\/p>\n<p style=\"text-align: center;\"><img loading=\"lazy\" decoding=\"async\" class=\"aligncenter wp-image-16149 size-large\" src=\"https:\/\/crentassos.com.br\/blog\/wp-content\/uploads\/2019\/06\/Tail\u00e2ndia-01-Frente-620x463.jpg\" alt=\"\" width=\"620\" height=\"463\" srcset=\"https:\/\/crentassos.com.br\/blog\/wp-content\/uploads\/2019\/06\/Tail\u00e2ndia-01-Frente-620x463.jpg 620w, https:\/\/crentassos.com.br\/blog\/wp-content\/uploads\/2019\/06\/Tail\u00e2ndia-01-Frente-300x224.jpg 300w, https:\/\/crentassos.com.br\/blog\/wp-content\/uploads\/2019\/06\/Tail\u00e2ndia-01-Frente-768x574.jpg 768w, https:\/\/crentassos.com.br\/blog\/wp-content\/uploads\/2019\/06\/Tail\u00e2ndia-01-Frente.jpg 1221w\" sizes=\"auto, (max-width: 620px) 100vw, 620px\" \/><\/p>\n<p style=\"text-align: center;\"><strong>Primeira camisa:\u00a0<\/strong>S\u00f3 achamos imagens das atletas em campo, mas a camisa em quest\u00e3o \u00e9 a vermelha. A foto n\u00e3o favorece muito a observa\u00e7\u00e3o do uniforme, mas gostei de ser todo vermelho. Sobre a camisa, parece ter uma gola estranha, tipo com bot\u00e3o e tem cores diferentes na ombreira da camisa. N\u00e3o gostei, mas n\u00e3o achei horr\u00edvel.<\/p>\n<p>&nbsp;<\/p>\n<p style=\"text-align: center;\"><img loading=\"lazy\" decoding=\"async\" class=\"aligncenter wp-image-16150 size-large\" src=\"https:\/\/crentassos.com.br\/blog\/wp-content\/uploads\/2019\/06\/Tail\u00e2ndia-02-Frente-620x463.jpg\" alt=\"\" width=\"620\" height=\"463\" srcset=\"https:\/\/crentassos.com.br\/blog\/wp-content\/uploads\/2019\/06\/Tail\u00e2ndia-02-Frente-620x463.jpg 620w, https:\/\/crentassos.com.br\/blog\/wp-content\/uploads\/2019\/06\/Tail\u00e2ndia-02-Frente-300x224.jpg 300w, https:\/\/crentassos.com.br\/blog\/wp-content\/uploads\/2019\/06\/Tail\u00e2ndia-02-Frente-768x574.jpg 768w, https:\/\/crentassos.com.br\/blog\/wp-content\/uploads\/2019\/06\/Tail\u00e2ndia-02-Frente.jpg 1221w\" sizes=\"auto, (max-width: 620px) 100vw, 620px\" \/><\/p>\n<p style=\"text-align: center;\"><strong>Segunda camisa:\u00a0<\/strong>Pensando aqui de imediato, n\u00e3o lembro de uniforme de sele\u00e7\u00e3o que seja preto e branco (Nova Zel\u00e2ndia \u00e9 preto ou branco, n\u00e3o conta), mas \u00e9 um dupla de cores mais comum em camisas de times, n\u00e9? N\u00e3o \u00e9 feia, mas tamb\u00e9m n\u00e3o tem emo\u00e7\u00e3o.<\/p>\n<p>&nbsp;<\/p>\n<p style=\"text-align: center;\"><em>Chile<\/em><\/p>\n<p style=\"text-align: center;\"><img loading=\"lazy\" decoding=\"async\" class=\"aligncenter wp-image-16151 size-large\" src=\"https:\/\/crentassos.com.br\/blog\/wp-content\/uploads\/2019\/06\/Chile-01-Frente-620x620.png\" alt=\"\" width=\"620\" height=\"620\" srcset=\"https:\/\/crentassos.com.br\/blog\/wp-content\/uploads\/2019\/06\/Chile-01-Frente-620x620.png 620w, https:\/\/crentassos.com.br\/blog\/wp-content\/uploads\/2019\/06\/Chile-01-Frente-300x300.png 300w, https:\/\/crentassos.com.br\/blog\/wp-content\/uploads\/2019\/06\/Chile-01-Frente.png 690w\" sizes=\"auto, (max-width: 620px) 100vw, 620px\" \/><\/p>\n<p style=\"text-align: center;\"><strong>Primeira camisa:\u00a0<\/strong>Vermelha comum. N\u00e3o tem nenhum atrativo que me fa\u00e7a considerar por mais do que 3 segundos essa camisa.<\/p>\n<p>&nbsp;<\/p>\n<p style=\"text-align: center;\"><img loading=\"lazy\" decoding=\"async\" class=\"aligncenter wp-image-16152 size-large\" src=\"https:\/\/crentassos.com.br\/blog\/wp-content\/uploads\/2019\/06\/Chile-02-Frente-620x622.png\" alt=\"\" width=\"620\" height=\"622\" srcset=\"https:\/\/crentassos.com.br\/blog\/wp-content\/uploads\/2019\/06\/Chile-02-Frente-620x622.png 620w, https:\/\/crentassos.com.br\/blog\/wp-content\/uploads\/2019\/06\/Chile-02-Frente-300x300.png 300w, https:\/\/crentassos.com.br\/blog\/wp-content\/uploads\/2019\/06\/Chile-02-Frente.png 691w\" sizes=\"auto, (max-width: 620px) 100vw, 620px\" \/><\/p>\n<p style=\"text-align: center;\"><strong>Segunda camisa:\u00a0<\/strong>Outra que n\u00e3o precisei de 3 segundos olhando, mas dessa vez para achar feia. \u00c9 estranho demais esse efeito da camisa e ele n\u00e3o continua na parte de tr\u00e1s (que n\u00e3o sei se faria piorar ou melhorar a camisa). Acho que nem ao vivo ela se salva.<\/p>\n<p>&nbsp;<\/p>\n<p style=\"text-align: center;\"><em>Su\u00e9cia<\/em><\/p>\n<p style=\"text-align: center;\"><img loading=\"lazy\" decoding=\"async\" class=\"aligncenter wp-image-16153 size-large\" src=\"https:\/\/crentassos.com.br\/blog\/wp-content\/uploads\/2019\/06\/Su\u00e9cia-01-Frente-620x618.png\" alt=\"\" width=\"620\" height=\"618\" srcset=\"https:\/\/crentassos.com.br\/blog\/wp-content\/uploads\/2019\/06\/Su\u00e9cia-01-Frente-620x618.png 620w, https:\/\/crentassos.com.br\/blog\/wp-content\/uploads\/2019\/06\/Su\u00e9cia-01-Frente-300x300.png 300w, https:\/\/crentassos.com.br\/blog\/wp-content\/uploads\/2019\/06\/Su\u00e9cia-01-Frente.png 694w\" sizes=\"auto, (max-width: 620px) 100vw, 620px\" \/><\/p>\n<p style=\"text-align: center;\"><strong>Primeira camisa:\u00a0<\/strong>A Su\u00e9cia sofre com as cores da bandeira, <a href=\"https:\/\/crentassos.com.br\/blog\/2018\/06\/camisas-copa-do-mundo-2018-grupo-f.html\">como eu disse sobre a camisa ano passado<\/a>. Mas o povo n\u00e3o se ajuda. As linhas laterais ali est\u00e3o super estranhas. Deviam olhar a <a href=\"https:\/\/crentassos.com.br\/blog\/2019\/05\/camisas-copa-do-mundo-franca-2019-grupo-b.html\">camisa da Espanha<\/a>, que tem umas linhas assim tamb\u00e9m, s\u00f3 que feitas com mais capricho.<\/p>\n<p>&nbsp;<\/p>\n<p style=\"text-align: center;\"><img loading=\"lazy\" decoding=\"async\" class=\"aligncenter wp-image-16154 size-full\" src=\"https:\/\/crentassos.com.br\/blog\/wp-content\/uploads\/2019\/06\/Su\u00e9cia-02-Frente.png\" alt=\"\" width=\"519\" height=\"695\" srcset=\"https:\/\/crentassos.com.br\/blog\/wp-content\/uploads\/2019\/06\/Su\u00e9cia-02-Frente.png 519w, https:\/\/crentassos.com.br\/blog\/wp-content\/uploads\/2019\/06\/Su\u00e9cia-02-Frente-224x300.png 224w\" sizes=\"auto, (max-width: 519px) 100vw, 519px\" \/><\/p>\n<p style=\"text-align: center;\"><strong>Primeira camisa:\u00a0<\/strong>O material esportivo da Su\u00e9cia e da Espanha s\u00e3o da\u00a0<em>Adidas<\/em>, por isso as linhas estranhas em ambas as primeiras camisas e a padronagem muito parecida nas segundas camisas. Agora tudo fez sentido. Gostei muito dessa segunda camisa, ela tem um efeito, mas \u00e9 simples e bonita. Esse azul da Su\u00e9cia, inclusive, \u00e9 muito lindo, gosto muito. Compensa bastante a primeira camisa feia.<\/p>\n<p>&nbsp;<\/p>\n<p style=\"text-align: justify;\">E aqui terminamos mais uma s\u00e9rie de an\u00e1lise de camisas da Copa do Mundo. Eu amo Olimp\u00edadas, mas o trabalho para conseguir imagens de todos os uniformes \u00e9 praticamente imposs\u00edvel, ent\u00e3o n\u00e3o devemos ter uma s\u00e9rie dessa ano que vem, infelizmente. Mas, se algu\u00e9m quiser fazer a curadoria de buscar os uniformes para mim, da\u00ed a gente conversa. haha<\/p>\n<p style=\"text-align: justify;\">Espero que voc\u00eas tenham gostado de minhas an\u00e1lises e estejam se divertindo com a Copa, pessoal.<\/p>\n<blockquote><p><em><strong>Quer ver minha opini\u00e3o sobre as camisas das sele\u00e7\u00f5es de outros grupos?<\/strong><\/em><\/p>\n<p>\u2013\u00a0<strong><a href=\"https:\/\/crentassos.com.br\/blog\/2019\/05\/camisas-copa-do-mundo-franca-2019-grupo-a.html\" target=\"_blank\" rel=\"noopener noreferrer\" data-unsp-sanitized=\"clean\">Camisas Copa do Mundo Fran\u00e7a 2019 \u2013 Grupo A<\/a><\/strong><\/p>\n<p>\u2013\u00a0<a href=\"https:\/\/crentassos.com.br\/blog\/2019\/05\/camisas-copa-do-mundo-franca-2019-grupo-b.html\" target=\"_blank\" rel=\"noopener noreferrer\" data-unsp-sanitized=\"clean\"><strong>Camisas Copa do Mundo Fran\u00e7a 2019 \u2013 Grupo B<\/strong><\/a><\/p>\n<p>\u2013\u00a0<a href=\"https:\/\/crentassos.com.br\/blog\/2019\/05\/camisas-copa-do-mundo-franca-2019-grupo-c.html\" data-unsp-sanitized=\"clean\"><strong>Camisas Copa do Mundo Fran\u00e7a 2019 \u2013 Grupo C<\/strong><\/a><\/p>\n<p>\u2013\u00a0<a href=\"https:\/\/crentassos.com.br\/blog\/2019\/05\/camisas-copa-do-mundo-franca-2019-grupo-d.html\" data-unsp-sanitized=\"clean\"><strong>Camisas Copa do Mundo Fran\u00e7a 2019 \u2013 Grupo D<\/strong><\/a><\/p>\n<p>&#8211;\u00a0<strong><a href=\"https:\/\/crentassos.com.br\/blog\/2019\/06\/camisas-copa-do-mundo-franca-2019-grupo-e.html\">Camisas Copa do Mundo Fran\u00e7a 2019 &#8211; Grupo E<\/a><\/strong><\/p><\/blockquote>\n<p>&nbsp;<\/p>\n<p style=\"text-align: center;\">\n","protected":false},"excerpt":{"rendered":"<p>Finalmente chegamos ao \u00faltimo grupo de camisas da Copa do Mundo Fran\u00e7a 2019, mesmo com o torneio j\u00e1 em andamento. Neste \u00faltimo [&hellip;]<\/p>\n","protected":false},"author":32,"featured_media":16155,"comment_status":"open","ping_status":"open","sticky":false,"template":"","format":"standard","meta":{"_exactmetrics_skip_tracking":false,"_exactmetrics_sitenote_active":false,"_exactmetrics_sitenote_note":"","_exactmetrics_sitenote_category":0,"footnotes":"","_links_to":"","_links_to_target":""},"categories":[112],"tags":[7375,7374,7373,563,7376],"class_list":{"0":"post-16145","1":"post","2":"type-post","3":"status-publish","4":"format-standard","5":"has-post-thumbnail","6":"hentry","7":"category-artigos","8":"tag-camisas-de-futebol","9":"tag-copa-da-franca","10":"tag-copa-do-mundo-2019","11":"tag-futebol","12":"tag-futebol-feminino","14":"post-with-thumbnail","15":"post-with-thumbnail-large"},"yoast_head":"<!-- This site is optimized with the Yoast SEO plugin v27.1.1 - https:\/\/yoast.com\/product\/yoast-seo-wordpress\/ -->\n<title>Camisas Copa do Mundo Fran\u00e7a 2019 \u2013 Grupo F - Crentassos Produ\u00e7\u00f5es Subversivas<\/title>\n<meta name=\"description\" content=\"Minha an\u00e1lise das camisas do Grupo D da Copa do Mundo de Futebol Feminino da Fran\u00e7a 2019. Estados Unidos, Tail\u00e2ndia, Chile e Su\u00e9cia.\" \/>\n<meta name=\"robots\" content=\"index, follow, max-snippet:-1, max-image-preview:large, max-video-preview:-1\" \/>\n<link rel=\"canonical\" href=\"https:\/\/crentassos.com.br\/blog\/2019\/06\/camisas-copa-do-mundo-franca-2019-grupo-f.html\" \/>\n<meta property=\"og:locale\" content=\"pt_BR\" \/>\n<meta property=\"og:type\" content=\"article\" \/>\n<meta property=\"og:title\" content=\"Camisas Copa do Mundo Fran\u00e7a 2019 \u2013 Grupo F - Crentassos Produ\u00e7\u00f5es Subversivas\" \/>\n<meta property=\"og:description\" content=\"Minha an\u00e1lise das camisas do Grupo D da Copa do Mundo de Futebol Feminino da Fran\u00e7a 2019. Estados Unidos, Tail\u00e2ndia, Chile e Su\u00e9cia.\" \/>\n<meta property=\"og:url\" content=\"https:\/\/crentassos.com.br\/blog\/2019\/06\/camisas-copa-do-mundo-franca-2019-grupo-f.html\" \/>\n<meta property=\"og:site_name\" content=\"Crentassos Produ\u00e7\u00f5es Subversivas\" \/>\n<meta property=\"article:publisher\" content=\"http:\/\/www.facebook.com\/crentassos\" \/>\n<meta property=\"article:published_time\" content=\"2019-06-10T20:34:36+00:00\" \/>\n<meta property=\"og:image\" content=\"https:\/\/crentassos.com.br\/blog\/wp-content\/uploads\/2019\/06\/Grupo-F.png\" \/>\n\t<meta property=\"og:image:width\" content=\"1920\" \/>\n\t<meta property=\"og:image:height\" content=\"1080\" \/>\n\t<meta property=\"og:image:type\" content=\"image\/png\" \/>\n<meta name=\"author\" content=\"Tamyres Palma\" \/>\n<meta name=\"twitter:card\" content=\"summary_large_image\" \/>\n<meta name=\"twitter:creator\" content=\"@crentassos\" \/>\n<meta name=\"twitter:site\" content=\"@crentassos\" \/>\n<meta name=\"twitter:label1\" content=\"Escrito por\" \/>\n\t<meta name=\"twitter:data1\" content=\"Tamyres Palma\" \/>\n\t<meta name=\"twitter:label2\" content=\"Est. tempo de leitura\" \/>\n\t<meta name=\"twitter:data2\" content=\"3 minutos\" \/>\n<script type=\"application\/ld+json\" class=\"yoast-schema-graph\">{\"@context\":\"https:\/\/schema.org\",\"@graph\":[{\"@type\":\"Article\",\"@id\":\"https:\/\/crentassos.com.br\/blog\/2019\/06\/camisas-copa-do-mundo-franca-2019-grupo-f.html#article\",\"isPartOf\":{\"@id\":\"https:\/\/crentassos.com.br\/blog\/2019\/06\/camisas-copa-do-mundo-franca-2019-grupo-f.html\"},\"author\":{\"name\":\"Tamyres Palma\",\"@id\":\"https:\/\/crentassos.com.br\/blog\/#\/schema\/person\/3f5f08a8ba3e2bc991eb2fd8f8e3988c\"},\"headline\":\"Camisas Copa do Mundo Fran\u00e7a 2019 \u2013 Grupo F\",\"datePublished\":\"2019-06-10T20:34:36+00:00\",\"mainEntityOfPage\":{\"@id\":\"https:\/\/crentassos.com.br\/blog\/2019\/06\/camisas-copa-do-mundo-franca-2019-grupo-f.html\"},\"wordCount\":649,\"commentCount\":0,\"publisher\":{\"@id\":\"https:\/\/crentassos.com.br\/blog\/#organization\"},\"image\":{\"@id\":\"https:\/\/crentassos.com.br\/blog\/2019\/06\/camisas-copa-do-mundo-franca-2019-grupo-f.html#primaryimage\"},\"thumbnailUrl\":\"https:\/\/crentassos.com.br\/blog\/wp-content\/uploads\/2019\/06\/Grupo-F.png\",\"keywords\":[\"camisas de futebol\",\"Copa da Fran\u00e7a\",\"Copa do Mundo 2019\",\"futebol\",\"futebol feminino\"],\"articleSection\":[\"Artigos\"],\"inLanguage\":\"pt-BR\",\"potentialAction\":[{\"@type\":\"CommentAction\",\"name\":\"Comment\",\"target\":[\"https:\/\/crentassos.com.br\/blog\/2019\/06\/camisas-copa-do-mundo-franca-2019-grupo-f.html#respond\"]}]},{\"@type\":\"WebPage\",\"@id\":\"https:\/\/crentassos.com.br\/blog\/2019\/06\/camisas-copa-do-mundo-franca-2019-grupo-f.html\",\"url\":\"https:\/\/crentassos.com.br\/blog\/2019\/06\/camisas-copa-do-mundo-franca-2019-grupo-f.html\",\"name\":\"Camisas Copa do Mundo Fran\u00e7a 2019 \u2013 Grupo F - Crentassos Produ\u00e7\u00f5es Subversivas\",\"isPartOf\":{\"@id\":\"https:\/\/crentassos.com.br\/blog\/#website\"},\"primaryImageOfPage\":{\"@id\":\"https:\/\/crentassos.com.br\/blog\/2019\/06\/camisas-copa-do-mundo-franca-2019-grupo-f.html#primaryimage\"},\"image\":{\"@id\":\"https:\/\/crentassos.com.br\/blog\/2019\/06\/camisas-copa-do-mundo-franca-2019-grupo-f.html#primaryimage\"},\"thumbnailUrl\":\"https:\/\/crentassos.com.br\/blog\/wp-content\/uploads\/2019\/06\/Grupo-F.png\",\"datePublished\":\"2019-06-10T20:34:36+00:00\",\"description\":\"Minha an\u00e1lise das camisas do Grupo D da Copa do Mundo de Futebol Feminino da Fran\u00e7a 2019. Estados Unidos, Tail\u00e2ndia, Chile e Su\u00e9cia.\",\"breadcrumb\":{\"@id\":\"https:\/\/crentassos.com.br\/blog\/2019\/06\/camisas-copa-do-mundo-franca-2019-grupo-f.html#breadcrumb\"},\"inLanguage\":\"pt-BR\",\"potentialAction\":[{\"@type\":\"ReadAction\",\"target\":[\"https:\/\/crentassos.com.br\/blog\/2019\/06\/camisas-copa-do-mundo-franca-2019-grupo-f.html\"]}]},{\"@type\":\"ImageObject\",\"inLanguage\":\"pt-BR\",\"@id\":\"https:\/\/crentassos.com.br\/blog\/2019\/06\/camisas-copa-do-mundo-franca-2019-grupo-f.html#primaryimage\",\"url\":\"https:\/\/crentassos.com.br\/blog\/wp-content\/uploads\/2019\/06\/Grupo-F.png\",\"contentUrl\":\"https:\/\/crentassos.com.br\/blog\/wp-content\/uploads\/2019\/06\/Grupo-F.png\",\"width\":1920,\"height\":1080},{\"@type\":\"BreadcrumbList\",\"@id\":\"https:\/\/crentassos.com.br\/blog\/2019\/06\/camisas-copa-do-mundo-franca-2019-grupo-f.html#breadcrumb\",\"itemListElement\":[{\"@type\":\"ListItem\",\"position\":1,\"name\":\"Home\",\"item\":\"https:\/\/crentassos.com.br\/blog\/\"},{\"@type\":\"ListItem\",\"position\":2,\"name\":\"Camisas Copa do Mundo Fran\u00e7a 2019 \u2013 Grupo F\"}]},{\"@type\":\"WebSite\",\"@id\":\"https:\/\/crentassos.com.br\/blog\/#website\",\"url\":\"https:\/\/crentassos.com.br\/blog\/\",\"name\":\"Crentassos Produ\u00e7\u00f5es Subversivas\",\"description\":\"Podcast Crist\u00e3o, Podcrent, Da Prateleira, Artigos crist\u00e3os, Teologia, Estudos, Textos B\u00edblicos\",\"publisher\":{\"@id\":\"https:\/\/crentassos.com.br\/blog\/#organization\"},\"potentialAction\":[{\"@type\":\"SearchAction\",\"target\":{\"@type\":\"EntryPoint\",\"urlTemplate\":\"https:\/\/crentassos.com.br\/blog\/?s={search_term_string}\"},\"query-input\":{\"@type\":\"PropertyValueSpecification\",\"valueRequired\":true,\"valueName\":\"search_term_string\"}}],\"inLanguage\":\"pt-BR\"},{\"@type\":\"Organization\",\"@id\":\"https:\/\/crentassos.com.br\/blog\/#organization\",\"name\":\"Crentassos Produ\u00e7\u00f5es Subversivas\",\"url\":\"https:\/\/crentassos.com.br\/blog\/\",\"logo\":{\"@type\":\"ImageObject\",\"inLanguage\":\"pt-BR\",\"@id\":\"https:\/\/crentassos.com.br\/blog\/#\/schema\/logo\/image\/\",\"url\":\"https:\/\/crentassos.com.br\/blog\/wp-content\/uploads\/2020\/05\/cropped-crentassos1-300x300png.png\",\"contentUrl\":\"https:\/\/crentassos.com.br\/blog\/wp-content\/uploads\/2020\/05\/cropped-crentassos1-300x300png.png\",\"width\":300,\"height\":300,\"caption\":\"Crentassos Produ\u00e7\u00f5es Subversivas\"},\"image\":{\"@id\":\"https:\/\/crentassos.com.br\/blog\/#\/schema\/logo\/image\/\"},\"sameAs\":[\"http:\/\/www.facebook.com\/crentassos\",\"https:\/\/x.com\/crentassos\",\"https:\/\/www.instagram.com\/crentassos\",\"https:\/\/www.youtube.com\/crentassos\"]},{\"@type\":\"Person\",\"@id\":\"https:\/\/crentassos.com.br\/blog\/#\/schema\/person\/3f5f08a8ba3e2bc991eb2fd8f8e3988c\",\"name\":\"Tamyres Palma\",\"image\":{\"@type\":\"ImageObject\",\"inLanguage\":\"pt-BR\",\"@id\":\"https:\/\/crentassos.com.br\/blog\/#\/schema\/person\/image\/\",\"url\":\"https:\/\/secure.gravatar.com\/avatar\/9dce0caea2bafdb6394abc6c84348788083c31d52a278ed4b42bd0ee15c4ed52?s=96&d=retro&r=g\",\"contentUrl\":\"https:\/\/secure.gravatar.com\/avatar\/9dce0caea2bafdb6394abc6c84348788083c31d52a278ed4b42bd0ee15c4ed52?s=96&d=retro&r=g\",\"caption\":\"Tamyres Palma\"},\"description\":\"Tamyres Palma: formada em hist\u00f3ria, apaixonada por livros e casada com o @jonathazimmer . Maluca por Harry Potter, N\u00e1rnia e universos fant\u00e1sticos como a Terra M\u00e9dia. Apaixonada por literatura de forma geral, embora esteja longe do meu ideal de conhecimento liter\u00e1rio.\",\"sameAs\":[\"http:\/\/cafeecoberta.blogspot.com\"],\"url\":\"https:\/\/crentassos.com.br\/blog\/author\/tamyrespalma\"}]}<\/script>\n<!-- \/ Yoast SEO plugin. -->","yoast_head_json":{"title":"Camisas Copa do Mundo Fran\u00e7a 2019 \u2013 Grupo F - Crentassos Produ\u00e7\u00f5es Subversivas","description":"Minha an\u00e1lise das camisas do Grupo D da Copa do Mundo de Futebol Feminino da Fran\u00e7a 2019. Estados Unidos, Tail\u00e2ndia, Chile e Su\u00e9cia.","robots":{"index":"index","follow":"follow","max-snippet":"max-snippet:-1","max-image-preview":"max-image-preview:large","max-video-preview":"max-video-preview:-1"},"canonical":"https:\/\/crentassos.com.br\/blog\/2019\/06\/camisas-copa-do-mundo-franca-2019-grupo-f.html","og_locale":"pt_BR","og_type":"article","og_title":"Camisas Copa do Mundo Fran\u00e7a 2019 \u2013 Grupo F - Crentassos Produ\u00e7\u00f5es Subversivas","og_description":"Minha an\u00e1lise das camisas do Grupo D da Copa do Mundo de Futebol Feminino da Fran\u00e7a 2019. Estados Unidos, Tail\u00e2ndia, Chile e Su\u00e9cia.","og_url":"https:\/\/crentassos.com.br\/blog\/2019\/06\/camisas-copa-do-mundo-franca-2019-grupo-f.html","og_site_name":"Crentassos Produ\u00e7\u00f5es Subversivas","article_publisher":"http:\/\/www.facebook.com\/crentassos","article_published_time":"2019-06-10T20:34:36+00:00","og_image":[{"width":1920,"height":1080,"url":"https:\/\/crentassos.com.br\/blog\/wp-content\/uploads\/2019\/06\/Grupo-F.png","type":"image\/png"}],"author":"Tamyres Palma","twitter_card":"summary_large_image","twitter_creator":"@crentassos","twitter_site":"@crentassos","twitter_misc":{"Escrito por":"Tamyres Palma","Est. tempo de leitura":"3 minutos"},"schema":{"@context":"https:\/\/schema.org","@graph":[{"@type":"Article","@id":"https:\/\/crentassos.com.br\/blog\/2019\/06\/camisas-copa-do-mundo-franca-2019-grupo-f.html#article","isPartOf":{"@id":"https:\/\/crentassos.com.br\/blog\/2019\/06\/camisas-copa-do-mundo-franca-2019-grupo-f.html"},"author":{"name":"Tamyres Palma","@id":"https:\/\/crentassos.com.br\/blog\/#\/schema\/person\/3f5f08a8ba3e2bc991eb2fd8f8e3988c"},"headline":"Camisas Copa do Mundo Fran\u00e7a 2019 \u2013 Grupo F","datePublished":"2019-06-10T20:34:36+00:00","mainEntityOfPage":{"@id":"https:\/\/crentassos.com.br\/blog\/2019\/06\/camisas-copa-do-mundo-franca-2019-grupo-f.html"},"wordCount":649,"commentCount":0,"publisher":{"@id":"https:\/\/crentassos.com.br\/blog\/#organization"},"image":{"@id":"https:\/\/crentassos.com.br\/blog\/2019\/06\/camisas-copa-do-mundo-franca-2019-grupo-f.html#primaryimage"},"thumbnailUrl":"https:\/\/crentassos.com.br\/blog\/wp-content\/uploads\/2019\/06\/Grupo-F.png","keywords":["camisas de futebol","Copa da Fran\u00e7a","Copa do Mundo 2019","futebol","futebol feminino"],"articleSection":["Artigos"],"inLanguage":"pt-BR","potentialAction":[{"@type":"CommentAction","name":"Comment","target":["https:\/\/crentassos.com.br\/blog\/2019\/06\/camisas-copa-do-mundo-franca-2019-grupo-f.html#respond"]}]},{"@type":"WebPage","@id":"https:\/\/crentassos.com.br\/blog\/2019\/06\/camisas-copa-do-mundo-franca-2019-grupo-f.html","url":"https:\/\/crentassos.com.br\/blog\/2019\/06\/camisas-copa-do-mundo-franca-2019-grupo-f.html","name":"Camisas Copa do Mundo Fran\u00e7a 2019 \u2013 Grupo F - Crentassos Produ\u00e7\u00f5es Subversivas","isPartOf":{"@id":"https:\/\/crentassos.com.br\/blog\/#website"},"primaryImageOfPage":{"@id":"https:\/\/crentassos.com.br\/blog\/2019\/06\/camisas-copa-do-mundo-franca-2019-grupo-f.html#primaryimage"},"image":{"@id":"https:\/\/crentassos.com.br\/blog\/2019\/06\/camisas-copa-do-mundo-franca-2019-grupo-f.html#primaryimage"},"thumbnailUrl":"https:\/\/crentassos.com.br\/blog\/wp-content\/uploads\/2019\/06\/Grupo-F.png","datePublished":"2019-06-10T20:34:36+00:00","description":"Minha an\u00e1lise das camisas do Grupo D da Copa do Mundo de Futebol Feminino da Fran\u00e7a 2019. Estados Unidos, Tail\u00e2ndia, Chile e Su\u00e9cia.","breadcrumb":{"@id":"https:\/\/crentassos.com.br\/blog\/2019\/06\/camisas-copa-do-mundo-franca-2019-grupo-f.html#breadcrumb"},"inLanguage":"pt-BR","potentialAction":[{"@type":"ReadAction","target":["https:\/\/crentassos.com.br\/blog\/2019\/06\/camisas-copa-do-mundo-franca-2019-grupo-f.html"]}]},{"@type":"ImageObject","inLanguage":"pt-BR","@id":"https:\/\/crentassos.com.br\/blog\/2019\/06\/camisas-copa-do-mundo-franca-2019-grupo-f.html#primaryimage","url":"https:\/\/crentassos.com.br\/blog\/wp-content\/uploads\/2019\/06\/Grupo-F.png","contentUrl":"https:\/\/crentassos.com.br\/blog\/wp-content\/uploads\/2019\/06\/Grupo-F.png","width":1920,"height":1080},{"@type":"BreadcrumbList","@id":"https:\/\/crentassos.com.br\/blog\/2019\/06\/camisas-copa-do-mundo-franca-2019-grupo-f.html#breadcrumb","itemListElement":[{"@type":"ListItem","position":1,"name":"Home","item":"https:\/\/crentassos.com.br\/blog\/"},{"@type":"ListItem","position":2,"name":"Camisas Copa do Mundo Fran\u00e7a 2019 \u2013 Grupo F"}]},{"@type":"WebSite","@id":"https:\/\/crentassos.com.br\/blog\/#website","url":"https:\/\/crentassos.com.br\/blog\/","name":"Crentassos Produ\u00e7\u00f5es Subversivas","description":"Podcast Crist\u00e3o, Podcrent, Da Prateleira, Artigos crist\u00e3os, Teologia, Estudos, Textos B\u00edblicos","publisher":{"@id":"https:\/\/crentassos.com.br\/blog\/#organization"},"potentialAction":[{"@type":"SearchAction","target":{"@type":"EntryPoint","urlTemplate":"https:\/\/crentassos.com.br\/blog\/?s={search_term_string}"},"query-input":{"@type":"PropertyValueSpecification","valueRequired":true,"valueName":"search_term_string"}}],"inLanguage":"pt-BR"},{"@type":"Organization","@id":"https:\/\/crentassos.com.br\/blog\/#organization","name":"Crentassos Produ\u00e7\u00f5es Subversivas","url":"https:\/\/crentassos.com.br\/blog\/","logo":{"@type":"ImageObject","inLanguage":"pt-BR","@id":"https:\/\/crentassos.com.br\/blog\/#\/schema\/logo\/image\/","url":"https:\/\/crentassos.com.br\/blog\/wp-content\/uploads\/2020\/05\/cropped-crentassos1-300x300png.png","contentUrl":"https:\/\/crentassos.com.br\/blog\/wp-content\/uploads\/2020\/05\/cropped-crentassos1-300x300png.png","width":300,"height":300,"caption":"Crentassos Produ\u00e7\u00f5es Subversivas"},"image":{"@id":"https:\/\/crentassos.com.br\/blog\/#\/schema\/logo\/image\/"},"sameAs":["http:\/\/www.facebook.com\/crentassos","https:\/\/x.com\/crentassos","https:\/\/www.instagram.com\/crentassos","https:\/\/www.youtube.com\/crentassos"]},{"@type":"Person","@id":"https:\/\/crentassos.com.br\/blog\/#\/schema\/person\/3f5f08a8ba3e2bc991eb2fd8f8e3988c","name":"Tamyres Palma","image":{"@type":"ImageObject","inLanguage":"pt-BR","@id":"https:\/\/crentassos.com.br\/blog\/#\/schema\/person\/image\/","url":"https:\/\/secure.gravatar.com\/avatar\/9dce0caea2bafdb6394abc6c84348788083c31d52a278ed4b42bd0ee15c4ed52?s=96&d=retro&r=g","contentUrl":"https:\/\/secure.gravatar.com\/avatar\/9dce0caea2bafdb6394abc6c84348788083c31d52a278ed4b42bd0ee15c4ed52?s=96&d=retro&r=g","caption":"Tamyres Palma"},"description":"Tamyres Palma: formada em hist\u00f3ria, apaixonada por livros e casada com o @jonathazimmer . Maluca por Harry Potter, N\u00e1rnia e universos fant\u00e1sticos como a Terra M\u00e9dia. Apaixonada por literatura de forma geral, embora esteja longe do meu ideal de conhecimento liter\u00e1rio.","sameAs":["http:\/\/cafeecoberta.blogspot.com"],"url":"https:\/\/crentassos.com.br\/blog\/author\/tamyrespalma"}]}},"_links":{"self":[{"href":"https:\/\/crentassos.com.br\/blog\/wp-json\/wp\/v2\/posts\/16145","targetHints":{"allow":["GET"]}}],"collection":[{"href":"https:\/\/crentassos.com.br\/blog\/wp-json\/wp\/v2\/posts"}],"about":[{"href":"https:\/\/crentassos.com.br\/blog\/wp-json\/wp\/v2\/types\/post"}],"author":[{"embeddable":true,"href":"https:\/\/crentassos.com.br\/blog\/wp-json\/wp\/v2\/users\/32"}],"replies":[{"embeddable":true,"href":"https:\/\/crentassos.com.br\/blog\/wp-json\/wp\/v2\/comments?post=16145"}],"version-history":[{"count":2,"href":"https:\/\/crentassos.com.br\/blog\/wp-json\/wp\/v2\/posts\/16145\/revisions"}],"predecessor-version":[{"id":16157,"href":"https:\/\/crentassos.com.br\/blog\/wp-json\/wp\/v2\/posts\/16145\/revisions\/16157"}],"wp:featuredmedia":[{"embeddable":true,"href":"https:\/\/crentassos.com.br\/blog\/wp-json\/wp\/v2\/media\/16155"}],"wp:attachment":[{"href":"https:\/\/crentassos.com.br\/blog\/wp-json\/wp\/v2\/media?parent=16145"}],"wp:term":[{"taxonomy":"category","embeddable":true,"href":"https:\/\/crentassos.com.br\/blog\/wp-json\/wp\/v2\/categories?post=16145"},{"taxonomy":"post_tag","embeddable":true,"href":"https:\/\/crentassos.com.br\/blog\/wp-json\/wp\/v2\/tags?post=16145"}],"curies":[{"name":"wp","href":"https:\/\/api.w.org\/{rel}","templated":true}]}}