{"id":16118,"date":"2019-06-04T06:32:58","date_gmt":"2019-06-04T08:32:58","guid":{"rendered":"https:\/\/crentassos.com.br\/blog\/?p=16118"},"modified":"2019-06-04T06:33:49","modified_gmt":"2019-06-04T08:33:49","slug":"01-02-03-resgate-comemora-30-anos-lancando-30-musicas-ineditas","status":"publish","type":"post","link":"https:\/\/crentassos.com.br\/blog\/2019\/06\/01-02-03-resgate-comemora-30-anos-lancando-30-musicas-ineditas.html","title":{"rendered":"01, 02, 03 | Resgate comemora 30 anos lan\u00e7ando 30 m\u00fasicas in\u00e9ditas"},"content":{"rendered":"<p style=\"text-align: justify;\"><img loading=\"lazy\" decoding=\"async\" class=\"alignnone size-full wp-image-16119\" src=\"https:\/\/crentassos.com.br\/blog\/wp-content\/uploads\/2019\/06\/M\u00fasicas-Resgate-30-Anos.png\" alt=\"\" width=\"1920\" height=\"1080\" srcset=\"https:\/\/crentassos.com.br\/blog\/wp-content\/uploads\/2019\/06\/M\u00fasicas-Resgate-30-Anos.png 1920w, https:\/\/crentassos.com.br\/blog\/wp-content\/uploads\/2019\/06\/M\u00fasicas-Resgate-30-Anos-275x154.png 275w, https:\/\/crentassos.com.br\/blog\/wp-content\/uploads\/2019\/06\/M\u00fasicas-Resgate-30-Anos-300x169.png 300w, https:\/\/crentassos.com.br\/blog\/wp-content\/uploads\/2019\/06\/M\u00fasicas-Resgate-30-Anos-768x432.png 768w, https:\/\/crentassos.com.br\/blog\/wp-content\/uploads\/2019\/06\/M\u00fasicas-Resgate-30-Anos-620x349.png 620w\" sizes=\"auto, (max-width: 1920px) 100vw, 1920px\" \/><\/p>\n<p style=\"text-align: justify;\"><span style=\"font-weight: 400;\">Dias atr\u00e1s eu era um adolescente, vibrando e chacoalhando a cabeleira ao som de <\/span><a href=\"https:\/\/www.youtube.com\/watch?v=A_6BnOpX5Us\"><b>Quem \u00e9 Ele<\/b><\/a><b> <\/b><span style=\"font-weight: 400;\">e<\/span><b> <\/b><a href=\"https:\/\/www.youtube.com\/watch?v=epdVqMX3Dgk\"><b>Rock da Vov\u00f3<\/b><\/a><span style=\"font-weight: 400;\">. Comparecendo a um galp\u00e3o na Lins de Vasconcelos \u00e0s segundas-feiras pra ver o Resgate tocar. Eles eram cabeludos e despretensiosos como eu. A fita k7 Cromo TDK onde letras de forma mal escritas diziam <\/span><a href=\"https:\/\/www.youtube.com\/watch?v=XHmQVqMechs\"><b>Vida, Jesus &amp; Rock&#8217;n&#8217;Roll<\/b><\/a><span style=\"font-weight: 400;\"> era das minhas preferidas. Tantos dias se passaram que se chegaram a 30 anos. E ao contr\u00e1rio do relato de 1Samuel, temos muito mais o que comemorar do que lamentar.<\/span><\/p>\n<p style=\"text-align: justify;\"><span style=\"font-weight: 400;\">Ao celebrar os 30 anos de carreira o <a href=\"http:\/\/www.bandaresgate.com.br\/\">Resgate<\/a> se empenhou em um projeto ambicioso: Lan\u00e7ar 3 m\u00fasicas novas todo m\u00eas, totalizando 30 can\u00e7\u00f5es in\u00e9ditas num intervalo de 10 meses. O projeto leva o nome de <\/span><a href=\"https:\/\/www.youtube.com\/watch?v=GmVZrcVYlGY&amp;list=PLQY8U0tjK1V9aUU5I8vO8dp-YsyAE41wt\"><b>\u00c9 S\u00f3 Isso Aqui<\/b><\/a><span style=\"font-weight: 400;\">, e est\u00e1 sendo divulgado primeiramente atrav\u00e9s de um clipe e dois lyric videos no <a href=\"https:\/\/www.youtube.com\/user\/bandaresgateoficial\">canal oficial da banda no YouTube<\/a>.<br \/>\n<\/span><span style=\"font-weight: 400;\"><br \/>\n<\/span><span style=\"font-weight: 400;\">Os 30 lan\u00e7amentos devem preparar o p\u00fablico para o document\u00e1rio com o mesmo nome, que trar\u00e1 depoimentos, grava\u00e7\u00f5es originais (algumas in\u00e9ditas) de toda a trajet\u00f3ria da banda. No canal deles tamb\u00e9m \u00e9 poss\u00edvel <a href=\"https:\/\/www.youtube.com\/watch?v=Q8dNpzl_MZY\">assistir a um teaser<\/a>.<\/span><\/p>\n<p style=\"text-align: justify;\"><span style=\"font-weight: 400;\">ESTREIA<\/span><\/p>\n<p style=\"text-align: justify;\"><span style=\"font-weight: 400;\">N\u00e3o d\u00e1 pra negar que as 3 faixas de estr\u00e9ia do projeto honram a mem\u00f3ria da discografia do Resgate, passando por estilos que sempre marcaram presen\u00e7a nos 18 discos lan\u00e7ados nesses 30 anos.<\/span><\/p>\n<p style=\"text-align: justify;\"><span style=\"font-weight: 400;\">Na primeira delas temos um rock&#8217;n roll aut\u00eantico e provocativo, bem ao estilo de <\/span><a href=\"https:\/\/www.youtube.com\/watch?v=3Gz6wW-aDUc\"><b>Em nome de Quem?<\/b><\/a><span style=\"font-weight: 400;\"> e <\/span><a href=\"https:\/\/www.youtube.com\/watch?v=YnObXQoSHbg\"><b>Acusador<\/b><\/a><span style=\"font-weight: 400;\">. O nome da faixa \u00e9 <\/span><a href=\"https:\/\/www.youtube.com\/watch?v=GmVZrcVYlGY\"><b>Eu Quero Ser um C\u00e3o<\/b><\/a><span style=\"font-weight: 400;\"> e aborda as estruturas de poder eclesi\u00e1sticas com muita acidez e cita\u00e7\u00f5es que v\u00e3o de Lutero a S\u00e3o Francisco.<br \/>\n<\/span><span style=\"font-weight: 400;\"><br \/>\n<\/span><span style=\"font-weight: 400;\">A frase que d\u00e1 nome \u00e0 can\u00e7\u00e3o \u00e9 uma men\u00e7\u00e3o \u00e0 passagem registrada em <a href=\"https:\/\/www.bibliaonline.com.br\/acf\/busca?q=mateus+15\">Mateus 15<\/a> e <a href=\"https:\/\/www.bibliaonline.com.br\/acf\/mc\/7\">Marcos 7<\/a>, quando uma mulher canan\u00e9ia (que era chamada de cachorros pelos judeus) tem sua f\u00e9 elogiada pelo pr\u00f3prio Jesus.<\/span><\/p>\n<p style=\"text-align: justify;\"><span style=\"font-weight: 400;\">A letra faz um discurso de desprezo ao status oferecido por boa parte das institui\u00e7\u00f5es eclesi\u00e1sticas como recompensa a seus ministros mais engajados. E sugere que estes excessos servem de impedimento para que o verdadeiro dono da Igreja esteja em seu lugar de direito. Vale a pena prestar aten\u00e7\u00e3o em cada frase, lendo ou ouvindo diversas vezes, para absorver ao m\u00e1ximo.<\/span><\/p>\n<p style=\"text-align: justify;\"><span style=\"font-weight: 400;\">Destaque especial para <a href=\"https:\/\/www.youtube.com\/watch?v=GmVZrcVYlGY\">o videoclipe<\/a>, muito bem produzido, com um visual que tem tudo a ver com o estilo da banda.<\/span><\/p>\n<p style=\"text-align: justify;\"><span style=\"font-weight: 400;\">MISS\u00c3O<\/span><\/p>\n<p style=\"text-align: justify;\"><span style=\"font-weight: 400;\">A <a href=\"https:\/\/www.youtube.com\/watch?v=VIG1DbphWug&amp;list=PLQY8U0tjK1V9aUU5I8vO8dp-YsyAE41wt&amp;index=2\">segunda faixa \u00e9 uma balada de blues<\/a>, voz e viol\u00e3o, com um belo riff, que vai te fazer lembrar cl\u00e1ssicos da banda com <\/span><a href=\"https:\/\/www.youtube.com\/watch?v=1SAcPzQkZfw\"><b>5:50AM <\/b><\/a><span style=\"font-weight: 400;\">e <\/span><a href=\"https:\/\/www.youtube.com\/watch?v=yxXtwmP02hQ\"><b>Em Todo Lugar<\/b><\/a><span style=\"font-weight: 400;\">. Z\u00e9 Bruno usa e abusa dos falsetes, dando um tom introspectivo e at\u00e9 melanc\u00f3lico \u00e0 sua voz.<br \/>\n<\/span><span style=\"font-weight: 400;\"><br \/>\n<\/span><span style=\"font-weight: 400;\">A men\u00e7\u00e3o clara aqui \u00e9 ao profeta Jonas, e sua escolha inicial de embarcar rumo a T\u00e1rsis ao inv\u00e9s de ir para N\u00ednive, onde Deus o havia mandado anunciar sua mensagem. O exemplo de Jonas pode ser utilizado pra propor uma reflex\u00e3o sobre a miss\u00e3o da igreja de modo mais abrangente, e a inevit\u00e1vel quebra de expectativas que todo crist\u00e3o sofre quando se disp\u00f5e ao chamado.<br \/>\n<\/span><span style=\"font-weight: 400;\"><br \/>\n<\/span><span style=\"font-weight: 400;\">O vento sul e o c\u00e9u azul sobre a cabe\u00e7a s\u00e3o cita\u00e7\u00f5es que lembram o final do livro do profeta. Nesta hora a can\u00e7\u00e3o sugere que a melhor op\u00e7\u00e3o nesses casos \u00e9 a obedi\u00eancia (mesmo que ela nos tire da zona de conforto).<\/span><\/p>\n<p style=\"text-align: justify;\"><span style=\"font-weight: 400;\">CICLO<\/span><\/p>\n<p style=\"text-align: justify;\"><span style=\"font-weight: 400;\">A terceira e \u00faltima faixa desta primeira tr\u00edade \u00e9 <\/span><a href=\"https:\/\/www.youtube.com\/watch?v=mii9OEStsP4\"><b>Tudo que Existe Espera<\/b><\/a><span style=\"font-weight: 400;\"> tem uma proposta bastante adequada para o louvor congregacional. Um piano conduz introdu\u00e7\u00e3o e carrega boa parte da base instrumental da can\u00e7\u00e3o. Destaque aqui \u00e9 a participa\u00e7\u00e3o especial da cantora e compositora <a href=\"https:\/\/www.instagram.com\/sarahrenatasr\/?hl=pt-br\">Sarah Renata<\/a> (<\/span><a href=\"https:\/\/www.youtube.com\/watch?v=QPQSRjJ9N4E\"><b>Ver Voc\u00ea Indo<\/b><\/a><span style=\"font-weight: 400;\">, <\/span><a href=\"https:\/\/www.youtube.com\/watch?v=dK7UYcjw-pE\"><b>Tupiniquins <\/b><\/a><span style=\"font-weight: 400;\">e <\/span><a href=\"https:\/\/www.youtube.com\/watch?v=iJdl1ywmay4\"><b>De Barro<\/b><\/a><span style=\"font-weight: 400;\">), que faz o belo dueto com <a href=\"https:\/\/www.instagram.com\/zebrunoresgate\/?hl=pt-br\">Z\u00e9 Bruno<\/a>.<\/span><\/p>\n<p style=\"text-align: justify;\"><span style=\"font-weight: 400;\">A letra (bastante curta) fala da caminhada de Jesus em dire\u00e7\u00e3o \u00e0 humanidade, suas experi\u00eancias, ren\u00fancias, revela\u00e7\u00e3o, que ocorrem hoje e desde antes da funda\u00e7\u00e3o do mundo. Na segunda estrofe o autor parece conduzir a uma compreens\u00e3o de que estes mesmos passos dados pelo mestre s\u00e3o o destino de cada um daqueles que creram nele.<\/span><\/p>\n<p style=\"text-align: justify;\"><span style=\"font-weight: 400;\">AINDA N\u00c3O \u00c9 O \u00daLTIMO<\/span><\/p>\n<p style=\"text-align: justify;\"><span style=\"font-weight: 400;\">No pr\u00f3ximo dia 5 de junho est\u00e1 programado o lan\u00e7amento de outras 3 faixas in\u00e9ditas, e isso deve se repetir at\u00e9 5 de fevereiro de 2020, quando as \u00faltimas 3 faixas do projeto ser\u00e3o divulgadas.<\/span><\/p>\n<p style=\"text-align: justify;\"><span style=\"font-weight: 400;\">O t\u00edtulo <\/span><a href=\"https:\/\/www.youtube.com\/watch?v=GmVZrcVYlGY&amp;list=PLQY8U0tjK1V9aUU5I8vO8dp-YsyAE41wt\"><b>\u00c9 S\u00f3 Isso Aqui<\/b><\/a><span style=\"font-weight: 400;\"> soa como uma piada\/resposta ao nome do antepen\u00faltimo disco da banda, chamado de <\/span><a href=\"https:\/\/www.youtube.com\/watch?v=rG0U27VbcXg&amp;list=PLQY8U0tjK1V_RgA1v7OcwMwDxYVYfNgh4\"><b>Ainda n\u00e3o \u00c9 o \u00daltimo<\/b><\/a><span style=\"font-weight: 400;\">. E ser\u00e1 que desta vez \u00e9 o \u00faltimo? A banda ainda n\u00e3o se pronunciou oficialmente a este respeito, mas Z\u00e9 Bruno deu algumas dicas e comentou sobre o projeto todo em uma entrevista exclusiva pra gente no <\/span><a href=\"https:\/\/crentassos.com.br\/blog\/2019\/02\/musicas-do-resgate-que-me-edificam-com-ze-bruno-podcrent-74.html\"><b>Podcrent 74 &#8211; M\u00fasicas do Resgate que me Edificam<\/b><\/a><span style=\"font-weight: 400;\">.<\/span><\/p>\n","protected":false},"excerpt":{"rendered":"<p>Dias atr\u00e1s eu era um adolescente, vibrando e chacoalhando a cabeleira ao som de Quem \u00e9 Ele e Rock da Vov\u00f3. Comparecendo [&hellip;]<\/p>\n","protected":false},"author":39,"featured_media":16119,"comment_status":"open","ping_status":"open","sticky":false,"template":"","format":"standard","meta":{"_exactmetrics_skip_tracking":false,"_exactmetrics_sitenote_active":false,"_exactmetrics_sitenote_note":"","_exactmetrics_sitenote_category":0,"footnotes":"","_links_to":"","_links_to_target":""},"categories":[112,7399,7398,1305],"tags":[6498,6533,6988,7371,236,7403,7400,7402,7401,830,1028,7372,7404,1234],"class_list":{"0":"post-16118","1":"post","2":"type-post","3":"status-publish","4":"format-standard","5":"has-post-thumbnail","6":"hentry","7":"category-artigos","8":"category-resgate","9":"category-resgate-30-anos","10":"category-sessoes","11":"tag-6498","12":"tag-6533","13":"tag-6988","14":"tag-30-anos","15":"tag-banda-resgate","16":"tag-bilhete-pra-ninive","17":"tag-e-so-isso-aqui","18":"tag-eu-quero-ser-um-cao","19":"tag-lancamento","20":"tag-musica","21":"tag-resgate","22":"tag-resgate-30-anos","23":"tag-tudo-que-existe-espera","24":"tag-ze-bruno","26":"post-with-thumbnail","27":"post-with-thumbnail-large"},"yoast_head":"<!-- This site is optimized with the Yoast SEO plugin v27.1.1 - https:\/\/yoast.com\/product\/yoast-seo-wordpress\/ -->\n<title>01, 02, 03 | Resgate comemora 30 anos lan\u00e7ando 30 m\u00fasicas in\u00e9ditas - Crentassos Produ\u00e7\u00f5es Subversivas<\/title>\n<meta name=\"description\" content=\"Ao celebrar os 30 anos de carreira o Resgate se empenhou em um projeto ambicioso: Lan\u00e7ar 3 m\u00fasicas novas todo m\u00eas, totalizando 30 can\u00e7\u00f5es in\u00e9ditas num intervalo de 10 meses. O projeto leva o nome de \u00c9 S\u00f3 Isso Aqui, e est\u00e1 sendo divulgado primeiramente atrav\u00e9s de um clipe e dois lyric videos no canal oficial da banda no YouTube.\" \/>\n<meta name=\"robots\" content=\"index, follow, max-snippet:-1, max-image-preview:large, max-video-preview:-1\" \/>\n<link rel=\"canonical\" href=\"https:\/\/crentassos.com.br\/blog\/2019\/06\/01-02-03-resgate-comemora-30-anos-lancando-30-musicas-ineditas.html\" \/>\n<meta property=\"og:locale\" content=\"pt_BR\" \/>\n<meta property=\"og:type\" content=\"article\" \/>\n<meta property=\"og:title\" content=\"01, 02, 03 | Resgate comemora 30 anos lan\u00e7ando 30 m\u00fasicas in\u00e9ditas - Crentassos Produ\u00e7\u00f5es Subversivas\" \/>\n<meta property=\"og:description\" content=\"Ao celebrar os 30 anos de carreira o Resgate se empenhou em um projeto ambicioso: Lan\u00e7ar 3 m\u00fasicas novas todo m\u00eas, totalizando 30 can\u00e7\u00f5es in\u00e9ditas num intervalo de 10 meses. O projeto leva o nome de \u00c9 S\u00f3 Isso Aqui, e est\u00e1 sendo divulgado primeiramente atrav\u00e9s de um clipe e dois lyric videos no canal oficial da banda no YouTube.\" \/>\n<meta property=\"og:url\" content=\"https:\/\/crentassos.com.br\/blog\/2019\/06\/01-02-03-resgate-comemora-30-anos-lancando-30-musicas-ineditas.html\" \/>\n<meta property=\"og:site_name\" content=\"Crentassos Produ\u00e7\u00f5es Subversivas\" \/>\n<meta property=\"article:publisher\" content=\"http:\/\/www.facebook.com\/crentassos\" \/>\n<meta property=\"article:published_time\" content=\"2019-06-04T08:32:58+00:00\" \/>\n<meta property=\"article:modified_time\" content=\"2019-06-04T08:33:49+00:00\" \/>\n<meta property=\"og:image\" content=\"https:\/\/crentassos.com.br\/blog\/wp-content\/uploads\/2019\/06\/M\u00fasicas-Resgate-30-Anos-620x349.png\" \/>\n\t<meta property=\"og:image:width\" content=\"620\" \/>\n\t<meta property=\"og:image:height\" content=\"349\" \/>\n\t<meta property=\"og:image:type\" content=\"image\/png\" \/>\n<meta name=\"author\" content=\"Giancarlo Marx\" \/>\n<meta name=\"twitter:card\" content=\"summary_large_image\" \/>\n<meta name=\"twitter:creator\" content=\"@crentassos\" \/>\n<meta name=\"twitter:site\" content=\"@crentassos\" \/>\n<meta name=\"twitter:label1\" content=\"Escrito por\" \/>\n\t<meta name=\"twitter:data1\" content=\"Giancarlo Marx\" \/>\n\t<meta name=\"twitter:label2\" content=\"Est. tempo de leitura\" \/>\n\t<meta name=\"twitter:data2\" content=\"4 minutos\" \/>\n<script type=\"application\/ld+json\" class=\"yoast-schema-graph\">{\"@context\":\"https:\/\/schema.org\",\"@graph\":[{\"@type\":\"Article\",\"@id\":\"https:\/\/crentassos.com.br\/blog\/2019\/06\/01-02-03-resgate-comemora-30-anos-lancando-30-musicas-ineditas.html#article\",\"isPartOf\":{\"@id\":\"https:\/\/crentassos.com.br\/blog\/2019\/06\/01-02-03-resgate-comemora-30-anos-lancando-30-musicas-ineditas.html\"},\"author\":{\"name\":\"Giancarlo Marx\",\"@id\":\"https:\/\/crentassos.com.br\/blog\/#\/schema\/person\/6eb40c0399ff54d131a87647daad3491\"},\"headline\":\"01, 02, 03 | Resgate comemora 30 anos lan\u00e7ando 30 m\u00fasicas in\u00e9ditas\",\"datePublished\":\"2019-06-04T08:32:58+00:00\",\"dateModified\":\"2019-06-04T08:33:49+00:00\",\"mainEntityOfPage\":{\"@id\":\"https:\/\/crentassos.com.br\/blog\/2019\/06\/01-02-03-resgate-comemora-30-anos-lancando-30-musicas-ineditas.html\"},\"wordCount\":824,\"commentCount\":0,\"publisher\":{\"@id\":\"https:\/\/crentassos.com.br\/blog\/#organization\"},\"image\":{\"@id\":\"https:\/\/crentassos.com.br\/blog\/2019\/06\/01-02-03-resgate-comemora-30-anos-lancando-30-musicas-ineditas.html#primaryimage\"},\"thumbnailUrl\":\"https:\/\/crentassos.com.br\/blog\/wp-content\/uploads\/2019\/06\/M\u00fasicas-Resgate-30-Anos.png\",\"keywords\":[\"01\",\"02\",\"03\",\"30 anos\",\"Banda Resgate\",\"bilhete pra n\u00ednive\",\"\u00e9 s\u00f3 isso aqui\",\"eu quero ser um c\u00e3o\",\"lan\u00e7amento\",\"musica\",\"resgate\",\"resgate 30 anos\",\"tudo que existe espera\",\"ze bruno\"],\"articleSection\":[\"Artigos\",\"Resgate\",\"Resgate 30 Anos\",\"Sess\u00f5es\"],\"inLanguage\":\"pt-BR\",\"potentialAction\":[{\"@type\":\"CommentAction\",\"name\":\"Comment\",\"target\":[\"https:\/\/crentassos.com.br\/blog\/2019\/06\/01-02-03-resgate-comemora-30-anos-lancando-30-musicas-ineditas.html#respond\"]}]},{\"@type\":\"WebPage\",\"@id\":\"https:\/\/crentassos.com.br\/blog\/2019\/06\/01-02-03-resgate-comemora-30-anos-lancando-30-musicas-ineditas.html\",\"url\":\"https:\/\/crentassos.com.br\/blog\/2019\/06\/01-02-03-resgate-comemora-30-anos-lancando-30-musicas-ineditas.html\",\"name\":\"01, 02, 03 | Resgate comemora 30 anos lan\u00e7ando 30 m\u00fasicas in\u00e9ditas - Crentassos Produ\u00e7\u00f5es Subversivas\",\"isPartOf\":{\"@id\":\"https:\/\/crentassos.com.br\/blog\/#website\"},\"primaryImageOfPage\":{\"@id\":\"https:\/\/crentassos.com.br\/blog\/2019\/06\/01-02-03-resgate-comemora-30-anos-lancando-30-musicas-ineditas.html#primaryimage\"},\"image\":{\"@id\":\"https:\/\/crentassos.com.br\/blog\/2019\/06\/01-02-03-resgate-comemora-30-anos-lancando-30-musicas-ineditas.html#primaryimage\"},\"thumbnailUrl\":\"https:\/\/crentassos.com.br\/blog\/wp-content\/uploads\/2019\/06\/M\u00fasicas-Resgate-30-Anos.png\",\"datePublished\":\"2019-06-04T08:32:58+00:00\",\"dateModified\":\"2019-06-04T08:33:49+00:00\",\"description\":\"Ao celebrar os 30 anos de carreira o Resgate se empenhou em um projeto ambicioso: Lan\u00e7ar 3 m\u00fasicas novas todo m\u00eas, totalizando 30 can\u00e7\u00f5es in\u00e9ditas num intervalo de 10 meses. O projeto leva o nome de \u00c9 S\u00f3 Isso Aqui, e est\u00e1 sendo divulgado primeiramente atrav\u00e9s de um clipe e dois lyric videos no canal oficial da banda no YouTube.\",\"breadcrumb\":{\"@id\":\"https:\/\/crentassos.com.br\/blog\/2019\/06\/01-02-03-resgate-comemora-30-anos-lancando-30-musicas-ineditas.html#breadcrumb\"},\"inLanguage\":\"pt-BR\",\"potentialAction\":[{\"@type\":\"ReadAction\",\"target\":[\"https:\/\/crentassos.com.br\/blog\/2019\/06\/01-02-03-resgate-comemora-30-anos-lancando-30-musicas-ineditas.html\"]}]},{\"@type\":\"ImageObject\",\"inLanguage\":\"pt-BR\",\"@id\":\"https:\/\/crentassos.com.br\/blog\/2019\/06\/01-02-03-resgate-comemora-30-anos-lancando-30-musicas-ineditas.html#primaryimage\",\"url\":\"https:\/\/crentassos.com.br\/blog\/wp-content\/uploads\/2019\/06\/M\u00fasicas-Resgate-30-Anos.png\",\"contentUrl\":\"https:\/\/crentassos.com.br\/blog\/wp-content\/uploads\/2019\/06\/M\u00fasicas-Resgate-30-Anos.png\",\"width\":1920,\"height\":1080},{\"@type\":\"BreadcrumbList\",\"@id\":\"https:\/\/crentassos.com.br\/blog\/2019\/06\/01-02-03-resgate-comemora-30-anos-lancando-30-musicas-ineditas.html#breadcrumb\",\"itemListElement\":[{\"@type\":\"ListItem\",\"position\":1,\"name\":\"Home\",\"item\":\"https:\/\/crentassos.com.br\/blog\/\"},{\"@type\":\"ListItem\",\"position\":2,\"name\":\"01, 02, 03 | Resgate comemora 30 anos lan\u00e7ando 30 m\u00fasicas in\u00e9ditas\"}]},{\"@type\":\"WebSite\",\"@id\":\"https:\/\/crentassos.com.br\/blog\/#website\",\"url\":\"https:\/\/crentassos.com.br\/blog\/\",\"name\":\"Crentassos Produ\u00e7\u00f5es Subversivas\",\"description\":\"Podcast Crist\u00e3o, Podcrent, Da Prateleira, Artigos crist\u00e3os, Teologia, Estudos, Textos B\u00edblicos\",\"publisher\":{\"@id\":\"https:\/\/crentassos.com.br\/blog\/#organization\"},\"potentialAction\":[{\"@type\":\"SearchAction\",\"target\":{\"@type\":\"EntryPoint\",\"urlTemplate\":\"https:\/\/crentassos.com.br\/blog\/?s={search_term_string}\"},\"query-input\":{\"@type\":\"PropertyValueSpecification\",\"valueRequired\":true,\"valueName\":\"search_term_string\"}}],\"inLanguage\":\"pt-BR\"},{\"@type\":\"Organization\",\"@id\":\"https:\/\/crentassos.com.br\/blog\/#organization\",\"name\":\"Crentassos Produ\u00e7\u00f5es Subversivas\",\"url\":\"https:\/\/crentassos.com.br\/blog\/\",\"logo\":{\"@type\":\"ImageObject\",\"inLanguage\":\"pt-BR\",\"@id\":\"https:\/\/crentassos.com.br\/blog\/#\/schema\/logo\/image\/\",\"url\":\"https:\/\/crentassos.com.br\/blog\/wp-content\/uploads\/2020\/05\/cropped-crentassos1-300x300png.png\",\"contentUrl\":\"https:\/\/crentassos.com.br\/blog\/wp-content\/uploads\/2020\/05\/cropped-crentassos1-300x300png.png\",\"width\":300,\"height\":300,\"caption\":\"Crentassos Produ\u00e7\u00f5es Subversivas\"},\"image\":{\"@id\":\"https:\/\/crentassos.com.br\/blog\/#\/schema\/logo\/image\/\"},\"sameAs\":[\"http:\/\/www.facebook.com\/crentassos\",\"https:\/\/x.com\/crentassos\",\"https:\/\/www.instagram.com\/crentassos\",\"https:\/\/www.youtube.com\/crentassos\"]},{\"@type\":\"Person\",\"@id\":\"https:\/\/crentassos.com.br\/blog\/#\/schema\/person\/6eb40c0399ff54d131a87647daad3491\",\"name\":\"Giancarlo Marx\",\"image\":{\"@type\":\"ImageObject\",\"inLanguage\":\"pt-BR\",\"@id\":\"https:\/\/crentassos.com.br\/blog\/#\/schema\/person\/image\/\",\"url\":\"https:\/\/secure.gravatar.com\/avatar\/74bab976657694a01aa55e290c5da7aacc13214e4389cbd8857cca4cc4748b9e?s=96&d=retro&r=g\",\"contentUrl\":\"https:\/\/secure.gravatar.com\/avatar\/74bab976657694a01aa55e290c5da7aacc13214e4389cbd8857cca4cc4748b9e?s=96&d=retro&r=g\",\"caption\":\"Giancarlo Marx\"},\"url\":\"https:\/\/crentassos.com.br\/blog\/author\/giancarlomarx\"}]}<\/script>\n<!-- \/ Yoast SEO plugin. -->","yoast_head_json":{"title":"01, 02, 03 | Resgate comemora 30 anos lan\u00e7ando 30 m\u00fasicas in\u00e9ditas - Crentassos Produ\u00e7\u00f5es Subversivas","description":"Ao celebrar os 30 anos de carreira o Resgate se empenhou em um projeto ambicioso: Lan\u00e7ar 3 m\u00fasicas novas todo m\u00eas, totalizando 30 can\u00e7\u00f5es in\u00e9ditas num intervalo de 10 meses. O projeto leva o nome de \u00c9 S\u00f3 Isso Aqui, e est\u00e1 sendo divulgado primeiramente atrav\u00e9s de um clipe e dois lyric videos no canal oficial da banda no YouTube.","robots":{"index":"index","follow":"follow","max-snippet":"max-snippet:-1","max-image-preview":"max-image-preview:large","max-video-preview":"max-video-preview:-1"},"canonical":"https:\/\/crentassos.com.br\/blog\/2019\/06\/01-02-03-resgate-comemora-30-anos-lancando-30-musicas-ineditas.html","og_locale":"pt_BR","og_type":"article","og_title":"01, 02, 03 | Resgate comemora 30 anos lan\u00e7ando 30 m\u00fasicas in\u00e9ditas - Crentassos Produ\u00e7\u00f5es Subversivas","og_description":"Ao celebrar os 30 anos de carreira o Resgate se empenhou em um projeto ambicioso: Lan\u00e7ar 3 m\u00fasicas novas todo m\u00eas, totalizando 30 can\u00e7\u00f5es in\u00e9ditas num intervalo de 10 meses. O projeto leva o nome de \u00c9 S\u00f3 Isso Aqui, e est\u00e1 sendo divulgado primeiramente atrav\u00e9s de um clipe e dois lyric videos no canal oficial da banda no YouTube.","og_url":"https:\/\/crentassos.com.br\/blog\/2019\/06\/01-02-03-resgate-comemora-30-anos-lancando-30-musicas-ineditas.html","og_site_name":"Crentassos Produ\u00e7\u00f5es Subversivas","article_publisher":"http:\/\/www.facebook.com\/crentassos","article_published_time":"2019-06-04T08:32:58+00:00","article_modified_time":"2019-06-04T08:33:49+00:00","og_image":[{"width":620,"height":349,"url":"https:\/\/crentassos.com.br\/blog\/wp-content\/uploads\/2019\/06\/M\u00fasicas-Resgate-30-Anos-620x349.png","type":"image\/png"}],"author":"Giancarlo Marx","twitter_card":"summary_large_image","twitter_creator":"@crentassos","twitter_site":"@crentassos","twitter_misc":{"Escrito por":"Giancarlo Marx","Est. tempo de leitura":"4 minutos"},"schema":{"@context":"https:\/\/schema.org","@graph":[{"@type":"Article","@id":"https:\/\/crentassos.com.br\/blog\/2019\/06\/01-02-03-resgate-comemora-30-anos-lancando-30-musicas-ineditas.html#article","isPartOf":{"@id":"https:\/\/crentassos.com.br\/blog\/2019\/06\/01-02-03-resgate-comemora-30-anos-lancando-30-musicas-ineditas.html"},"author":{"name":"Giancarlo Marx","@id":"https:\/\/crentassos.com.br\/blog\/#\/schema\/person\/6eb40c0399ff54d131a87647daad3491"},"headline":"01, 02, 03 | Resgate comemora 30 anos lan\u00e7ando 30 m\u00fasicas in\u00e9ditas","datePublished":"2019-06-04T08:32:58+00:00","dateModified":"2019-06-04T08:33:49+00:00","mainEntityOfPage":{"@id":"https:\/\/crentassos.com.br\/blog\/2019\/06\/01-02-03-resgate-comemora-30-anos-lancando-30-musicas-ineditas.html"},"wordCount":824,"commentCount":0,"publisher":{"@id":"https:\/\/crentassos.com.br\/blog\/#organization"},"image":{"@id":"https:\/\/crentassos.com.br\/blog\/2019\/06\/01-02-03-resgate-comemora-30-anos-lancando-30-musicas-ineditas.html#primaryimage"},"thumbnailUrl":"https:\/\/crentassos.com.br\/blog\/wp-content\/uploads\/2019\/06\/M\u00fasicas-Resgate-30-Anos.png","keywords":["01","02","03","30 anos","Banda Resgate","bilhete pra n\u00ednive","\u00e9 s\u00f3 isso aqui","eu quero ser um c\u00e3o","lan\u00e7amento","musica","resgate","resgate 30 anos","tudo que existe espera","ze bruno"],"articleSection":["Artigos","Resgate","Resgate 30 Anos","Sess\u00f5es"],"inLanguage":"pt-BR","potentialAction":[{"@type":"CommentAction","name":"Comment","target":["https:\/\/crentassos.com.br\/blog\/2019\/06\/01-02-03-resgate-comemora-30-anos-lancando-30-musicas-ineditas.html#respond"]}]},{"@type":"WebPage","@id":"https:\/\/crentassos.com.br\/blog\/2019\/06\/01-02-03-resgate-comemora-30-anos-lancando-30-musicas-ineditas.html","url":"https:\/\/crentassos.com.br\/blog\/2019\/06\/01-02-03-resgate-comemora-30-anos-lancando-30-musicas-ineditas.html","name":"01, 02, 03 | Resgate comemora 30 anos lan\u00e7ando 30 m\u00fasicas in\u00e9ditas - Crentassos Produ\u00e7\u00f5es Subversivas","isPartOf":{"@id":"https:\/\/crentassos.com.br\/blog\/#website"},"primaryImageOfPage":{"@id":"https:\/\/crentassos.com.br\/blog\/2019\/06\/01-02-03-resgate-comemora-30-anos-lancando-30-musicas-ineditas.html#primaryimage"},"image":{"@id":"https:\/\/crentassos.com.br\/blog\/2019\/06\/01-02-03-resgate-comemora-30-anos-lancando-30-musicas-ineditas.html#primaryimage"},"thumbnailUrl":"https:\/\/crentassos.com.br\/blog\/wp-content\/uploads\/2019\/06\/M\u00fasicas-Resgate-30-Anos.png","datePublished":"2019-06-04T08:32:58+00:00","dateModified":"2019-06-04T08:33:49+00:00","description":"Ao celebrar os 30 anos de carreira o Resgate se empenhou em um projeto ambicioso: Lan\u00e7ar 3 m\u00fasicas novas todo m\u00eas, totalizando 30 can\u00e7\u00f5es in\u00e9ditas num intervalo de 10 meses. O projeto leva o nome de \u00c9 S\u00f3 Isso Aqui, e est\u00e1 sendo divulgado primeiramente atrav\u00e9s de um clipe e dois lyric videos no canal oficial da banda no YouTube.","breadcrumb":{"@id":"https:\/\/crentassos.com.br\/blog\/2019\/06\/01-02-03-resgate-comemora-30-anos-lancando-30-musicas-ineditas.html#breadcrumb"},"inLanguage":"pt-BR","potentialAction":[{"@type":"ReadAction","target":["https:\/\/crentassos.com.br\/blog\/2019\/06\/01-02-03-resgate-comemora-30-anos-lancando-30-musicas-ineditas.html"]}]},{"@type":"ImageObject","inLanguage":"pt-BR","@id":"https:\/\/crentassos.com.br\/blog\/2019\/06\/01-02-03-resgate-comemora-30-anos-lancando-30-musicas-ineditas.html#primaryimage","url":"https:\/\/crentassos.com.br\/blog\/wp-content\/uploads\/2019\/06\/M\u00fasicas-Resgate-30-Anos.png","contentUrl":"https:\/\/crentassos.com.br\/blog\/wp-content\/uploads\/2019\/06\/M\u00fasicas-Resgate-30-Anos.png","width":1920,"height":1080},{"@type":"BreadcrumbList","@id":"https:\/\/crentassos.com.br\/blog\/2019\/06\/01-02-03-resgate-comemora-30-anos-lancando-30-musicas-ineditas.html#breadcrumb","itemListElement":[{"@type":"ListItem","position":1,"name":"Home","item":"https:\/\/crentassos.com.br\/blog\/"},{"@type":"ListItem","position":2,"name":"01, 02, 03 | Resgate comemora 30 anos lan\u00e7ando 30 m\u00fasicas in\u00e9ditas"}]},{"@type":"WebSite","@id":"https:\/\/crentassos.com.br\/blog\/#website","url":"https:\/\/crentassos.com.br\/blog\/","name":"Crentassos Produ\u00e7\u00f5es Subversivas","description":"Podcast Crist\u00e3o, Podcrent, Da Prateleira, Artigos crist\u00e3os, Teologia, Estudos, Textos B\u00edblicos","publisher":{"@id":"https:\/\/crentassos.com.br\/blog\/#organization"},"potentialAction":[{"@type":"SearchAction","target":{"@type":"EntryPoint","urlTemplate":"https:\/\/crentassos.com.br\/blog\/?s={search_term_string}"},"query-input":{"@type":"PropertyValueSpecification","valueRequired":true,"valueName":"search_term_string"}}],"inLanguage":"pt-BR"},{"@type":"Organization","@id":"https:\/\/crentassos.com.br\/blog\/#organization","name":"Crentassos Produ\u00e7\u00f5es Subversivas","url":"https:\/\/crentassos.com.br\/blog\/","logo":{"@type":"ImageObject","inLanguage":"pt-BR","@id":"https:\/\/crentassos.com.br\/blog\/#\/schema\/logo\/image\/","url":"https:\/\/crentassos.com.br\/blog\/wp-content\/uploads\/2020\/05\/cropped-crentassos1-300x300png.png","contentUrl":"https:\/\/crentassos.com.br\/blog\/wp-content\/uploads\/2020\/05\/cropped-crentassos1-300x300png.png","width":300,"height":300,"caption":"Crentassos Produ\u00e7\u00f5es Subversivas"},"image":{"@id":"https:\/\/crentassos.com.br\/blog\/#\/schema\/logo\/image\/"},"sameAs":["http:\/\/www.facebook.com\/crentassos","https:\/\/x.com\/crentassos","https:\/\/www.instagram.com\/crentassos","https:\/\/www.youtube.com\/crentassos"]},{"@type":"Person","@id":"https:\/\/crentassos.com.br\/blog\/#\/schema\/person\/6eb40c0399ff54d131a87647daad3491","name":"Giancarlo Marx","image":{"@type":"ImageObject","inLanguage":"pt-BR","@id":"https:\/\/crentassos.com.br\/blog\/#\/schema\/person\/image\/","url":"https:\/\/secure.gravatar.com\/avatar\/74bab976657694a01aa55e290c5da7aacc13214e4389cbd8857cca4cc4748b9e?s=96&d=retro&r=g","contentUrl":"https:\/\/secure.gravatar.com\/avatar\/74bab976657694a01aa55e290c5da7aacc13214e4389cbd8857cca4cc4748b9e?s=96&d=retro&r=g","caption":"Giancarlo Marx"},"url":"https:\/\/crentassos.com.br\/blog\/author\/giancarlomarx"}]}},"_links":{"self":[{"href":"https:\/\/crentassos.com.br\/blog\/wp-json\/wp\/v2\/posts\/16118","targetHints":{"allow":["GET"]}}],"collection":[{"href":"https:\/\/crentassos.com.br\/blog\/wp-json\/wp\/v2\/posts"}],"about":[{"href":"https:\/\/crentassos.com.br\/blog\/wp-json\/wp\/v2\/types\/post"}],"author":[{"embeddable":true,"href":"https:\/\/crentassos.com.br\/blog\/wp-json\/wp\/v2\/users\/39"}],"replies":[{"embeddable":true,"href":"https:\/\/crentassos.com.br\/blog\/wp-json\/wp\/v2\/comments?post=16118"}],"version-history":[{"count":2,"href":"https:\/\/crentassos.com.br\/blog\/wp-json\/wp\/v2\/posts\/16118\/revisions"}],"predecessor-version":[{"id":16121,"href":"https:\/\/crentassos.com.br\/blog\/wp-json\/wp\/v2\/posts\/16118\/revisions\/16121"}],"wp:featuredmedia":[{"embeddable":true,"href":"https:\/\/crentassos.com.br\/blog\/wp-json\/wp\/v2\/media\/16119"}],"wp:attachment":[{"href":"https:\/\/crentassos.com.br\/blog\/wp-json\/wp\/v2\/media?parent=16118"}],"wp:term":[{"taxonomy":"category","embeddable":true,"href":"https:\/\/crentassos.com.br\/blog\/wp-json\/wp\/v2\/categories?post=16118"},{"taxonomy":"post_tag","embeddable":true,"href":"https:\/\/crentassos.com.br\/blog\/wp-json\/wp\/v2\/tags?post=16118"}],"curies":[{"name":"wp","href":"https:\/\/api.w.org\/{rel}","templated":true}]}}