{"id":16096,"date":"2019-05-30T00:03:41","date_gmt":"2019-05-30T02:03:41","guid":{"rendered":"https:\/\/crentassos.com.br\/blog\/?p=16096"},"modified":"2019-05-30T00:03:41","modified_gmt":"2019-05-30T02:03:41","slug":"camisas-copa-do-mundo-franca-2019-grupo-d","status":"publish","type":"post","link":"https:\/\/crentassos.com.br\/blog\/2019\/05\/camisas-copa-do-mundo-franca-2019-grupo-d.html","title":{"rendered":"Camisas Copa do Mundo Fran\u00e7a 2019 \u2013 Grupo D"},"content":{"rendered":"<p style=\"text-align: justify;\">Ano passado comecei essa s\u00e9rie de posts com tempo, achando que ia dar certinho um grupo por semana antes da Copa. Esse ano, fiz a mesma coisa. E de repente a Copa da Fran\u00e7a Feminina est\u00e1 chegando, ali na sexta da semana que vem, e ainda faltam tr\u00eas grupos. Hoje falaremos do grupo com muitas guerras entre si e camisas azuis. Inglaterra, Esc\u00f3cia, Argentina e Jap\u00e3o.<\/p>\n<p>&nbsp;<\/p>\n<p style=\"text-align: center;\"><em>Inglaterra<\/em><\/p>\n<p><img loading=\"lazy\" decoding=\"async\" class=\"aligncenter wp-image-16097 size-large\" src=\"https:\/\/crentassos.com.br\/blog\/wp-content\/uploads\/2019\/05\/Inglaterra-01-Frente-620x621.png\" alt=\"\" width=\"620\" height=\"621\" srcset=\"https:\/\/crentassos.com.br\/blog\/wp-content\/uploads\/2019\/05\/Inglaterra-01-Frente-620x621.png 620w, https:\/\/crentassos.com.br\/blog\/wp-content\/uploads\/2019\/05\/Inglaterra-01-Frente-300x300.png 300w, https:\/\/crentassos.com.br\/blog\/wp-content\/uploads\/2019\/05\/Inglaterra-01-Frente.png 695w\" sizes=\"auto, (max-width: 620px) 100vw, 620px\" \/><\/p>\n<p style=\"text-align: center;\"><strong>Primeira camisa:\u00a0<\/strong>A cl\u00e1ssica branca da Inglaterra, n\u00e9? \u00c9 uma camisa muito comum, acho que a sele\u00e7\u00e3o masculina j\u00e1 teve uma igual. N\u00e3o tem nada demais.<\/p>\n<p>&nbsp;<\/p>\n<p><img loading=\"lazy\" decoding=\"async\" class=\"aligncenter wp-image-16098 size-large\" src=\"https:\/\/crentassos.com.br\/blog\/wp-content\/uploads\/2019\/05\/Inglaterra-02-Frente-620x616.png\" alt=\"\" width=\"620\" height=\"616\" srcset=\"https:\/\/crentassos.com.br\/blog\/wp-content\/uploads\/2019\/05\/Inglaterra-02-Frente-620x616.png 620w, https:\/\/crentassos.com.br\/blog\/wp-content\/uploads\/2019\/05\/Inglaterra-02-Frente-300x298.png 300w, https:\/\/crentassos.com.br\/blog\/wp-content\/uploads\/2019\/05\/Inglaterra-02-Frente.png 694w\" sizes=\"auto, (max-width: 620px) 100vw, 620px\" \/><\/p>\n<p style=\"text-align: center;\"><strong>Segunda camisa: <\/strong>Em compensa\u00e7\u00e3o, a 2\u00aa camisa da Inglaterra \u00e9 linda. Tem uma pegada &#8220;<a href=\"https:\/\/pt.wikipedia.org\/wiki\/Guerra_das_Rosas\" target=\"_blank\" rel=\"noopener noreferrer\">Guerra das Rosas<\/a>&#8220;, com a oposi\u00e7\u00e3o de rosas vermelhas (Lancaster) e &#8220;brancas&#8221; (York). \u00c9 uma estampa muito bonita, e que homenageia (eu acho, pelo menos) parte da hist\u00f3ria do pa\u00eds.<\/p>\n<p><img loading=\"lazy\" decoding=\"async\" class=\"aligncenter wp-image-16099 size-large\" src=\"https:\/\/crentassos.com.br\/blog\/wp-content\/uploads\/2019\/05\/Inglaterra-02-Logo-620x619.png\" alt=\"\" width=\"620\" height=\"619\" srcset=\"https:\/\/crentassos.com.br\/blog\/wp-content\/uploads\/2019\/05\/Inglaterra-02-Logo-620x619.png 620w, https:\/\/crentassos.com.br\/blog\/wp-content\/uploads\/2019\/05\/Inglaterra-02-Logo-300x300.png 300w, https:\/\/crentassos.com.br\/blog\/wp-content\/uploads\/2019\/05\/Inglaterra-02-Logo.png 694w\" sizes=\"auto, (max-width: 620px) 100vw, 620px\" \/><\/p>\n<p style=\"text-align: center;\">No detalhe, o bras\u00e3o da camisa. Inclusive, achei bacana que na camisa branca, os le\u00f5es est\u00e3o em azul. Nessa daqui, est\u00e3o em vermelho, combinando bastante com a camisa.<\/p>\n<p>&nbsp;<\/p>\n<p style=\"text-align: center;\"><em>Esc\u00f3cia<\/em><\/p>\n<p>&nbsp;<\/p>\n<p><img loading=\"lazy\" decoding=\"async\" class=\"aligncenter wp-image-16101 size-large\" src=\"https:\/\/crentassos.com.br\/blog\/wp-content\/uploads\/2019\/05\/Esc\u00f3cia-620x349.jpg\" alt=\"\" width=\"620\" height=\"349\" srcset=\"https:\/\/crentassos.com.br\/blog\/wp-content\/uploads\/2019\/05\/Esc\u00f3cia-620x349.jpg 620w, https:\/\/crentassos.com.br\/blog\/wp-content\/uploads\/2019\/05\/Esc\u00f3cia-275x154.jpg 275w, https:\/\/crentassos.com.br\/blog\/wp-content\/uploads\/2019\/05\/Esc\u00f3cia-300x169.jpg 300w, https:\/\/crentassos.com.br\/blog\/wp-content\/uploads\/2019\/05\/Esc\u00f3cia-768x432.jpg 768w, https:\/\/crentassos.com.br\/blog\/wp-content\/uploads\/2019\/05\/Esc\u00f3cia.jpg 1199w\" sizes=\"auto, (max-width: 620px) 100vw, 620px\" \/><\/p>\n<p style=\"text-align: center;\">As fotos das camisas individuais que achei na internet est\u00e3o com a cabe\u00e7a das jogadoras cortadas, por isso usarei essa acima e comentarei as duas camisas na sequ\u00eancia.<\/p>\n<p style=\"text-align: center;\"><strong>Primeira camisa:<\/strong> Um azul realmente bonito esse da Esc\u00f3cia. Achei razo\u00e1vel as listras nos ombros da camisa, mas gostaria mais se continuasse nas mangas.<\/p>\n<p style=\"text-align: center;\"><strong>Segunda camisa:\u00a0<\/strong>Uma camisa rosa. N\u00e3o sabia se isso aconteceria ou n\u00e3o numa Copa do Mundo Feminina. Tenho que reconhecer que a Esc\u00f3cia saiu do \u00f3bvio de s\u00f3 inverter o primeiro uniforme aqui. A cor rosa n\u00e3o \u00e9 um problema para mim, s\u00f3 n\u00e3o gostei dessas linhas pretas na lateral. Mas gostei do uniforme ser complementado com o cal\u00e7\u00e3o preto.<\/p>\n<p style=\"text-align: center;\">\n<p>&nbsp;<\/p>\n<p style=\"text-align: center;\"><em>Argentina<\/em><\/p>\n<p><img loading=\"lazy\" decoding=\"async\" class=\"aligncenter wp-image-16102 size-large\" src=\"https:\/\/crentassos.com.br\/blog\/wp-content\/uploads\/2019\/05\/Argentina-01-Frente-620x624.png\" alt=\"\" width=\"620\" height=\"624\" srcset=\"https:\/\/crentassos.com.br\/blog\/wp-content\/uploads\/2019\/05\/Argentina-01-Frente-620x624.png 620w, https:\/\/crentassos.com.br\/blog\/wp-content\/uploads\/2019\/05\/Argentina-01-Frente-298x300.png 298w, https:\/\/crentassos.com.br\/blog\/wp-content\/uploads\/2019\/05\/Argentina-01-Frente.png 695w\" sizes=\"auto, (max-width: 620px) 100vw, 620px\" \/><\/p>\n<p style=\"text-align: center;\"><strong>Primeira camisa:\u00a0<\/strong>N\u00e3o \u00e9 uma camisa que eu adorei, mas gostei bastante que ela foge do \u00f3bvio. As listras verticais n\u00e3o s\u00e3o definidas e os detalhes da gola e mangas s\u00e3o num azul escuro bem bonito. S\u00f3 acho que, se fosse para comprar uma camiseta argentina, compraria a primeira da <a href=\"https:\/\/crentassos.com.br\/blog\/2018\/06\/camisas-copa-do-mundo-2018-grupo-d.html\">Copa da R\u00fassia<\/a>.<\/p>\n<p>&nbsp;<\/p>\n<p><img loading=\"lazy\" decoding=\"async\" class=\"aligncenter wp-image-16103 size-large\" src=\"https:\/\/crentassos.com.br\/blog\/wp-content\/uploads\/2019\/05\/Argentina-02-Frente-620x622.png\" alt=\"\" width=\"620\" height=\"622\" srcset=\"https:\/\/crentassos.com.br\/blog\/wp-content\/uploads\/2019\/05\/Argentina-02-Frente-620x622.png 620w, https:\/\/crentassos.com.br\/blog\/wp-content\/uploads\/2019\/05\/Argentina-02-Frente-300x300.png 300w, https:\/\/crentassos.com.br\/blog\/wp-content\/uploads\/2019\/05\/Argentina-02-Frente.png 695w\" sizes=\"auto, (max-width: 620px) 100vw, 620px\" \/><\/p>\n<p style=\"text-align: center;\"><strong>Segunda camisa:\u00a0<\/strong>\u00c9 a mesma camisa usada pelos homens na Copa do ano passado, ent\u00e3o repito meu coment\u00e1rio anterior, porque continuo achando a mesma coisa: Parece camisa de treino. \u00c9 interessante ter uma camisa oficial em preto, mas os detalhes na lateral s\u00e3o estranhos. N\u00e3o consigo imaginar essa camisa sendo usada\u00a0durante um jogo.<\/p>\n<p>&nbsp;<\/p>\n<p style=\"text-align: center;\"><em>Jap\u00e3o<\/em><\/p>\n<p><img loading=\"lazy\" decoding=\"async\" class=\"aligncenter wp-image-16104 size-large\" src=\"https:\/\/crentassos.com.br\/blog\/wp-content\/uploads\/2019\/05\/Jap\u00e3o-01-Frente-620x620.jpg\" alt=\"\" width=\"620\" height=\"620\" srcset=\"https:\/\/crentassos.com.br\/blog\/wp-content\/uploads\/2019\/05\/Jap\u00e3o-01-Frente-620x620.jpg 620w, https:\/\/crentassos.com.br\/blog\/wp-content\/uploads\/2019\/05\/Jap\u00e3o-01-Frente-300x300.jpg 300w, https:\/\/crentassos.com.br\/blog\/wp-content\/uploads\/2019\/05\/Jap\u00e3o-01-Frente.jpg 650w\" sizes=\"auto, (max-width: 620px) 100vw, 620px\" \/><\/p>\n<p style=\"text-align: center;\">Jap\u00e3o foi pregui\u00e7oso e veio com os mesmos uniformes usados na Copa da R\u00fassia. Ent\u00e3o, serei pregui\u00e7osa tamb\u00e9m e copiarei meus coment\u00e1rios do ano passado.<\/p>\n<p style=\"text-align: center;\"><strong>Primeira camisa:\u00a0<\/strong>As listras da\u00a0<em>Adidas<\/em>\u00a0podiam continuar por toda a extens\u00e3o da manga. Achei interessante esses pontinhos na frente da camisa, mas achei que o escudo mais a bandeira do pa\u00eds deu uma polu\u00edda no visual.<\/p>\n<p>&nbsp;<\/p>\n<p><img loading=\"lazy\" decoding=\"async\" class=\"aligncenter wp-image-16105 size-full\" src=\"https:\/\/crentassos.com.br\/blog\/wp-content\/uploads\/2019\/05\/Jap\u00e3o-02-Frente.jpg\" alt=\"\" width=\"425\" height=\"425\" srcset=\"https:\/\/crentassos.com.br\/blog\/wp-content\/uploads\/2019\/05\/Jap\u00e3o-02-Frente.jpg 425w, https:\/\/crentassos.com.br\/blog\/wp-content\/uploads\/2019\/05\/Jap\u00e3o-02-Frente-300x300.jpg 300w\" sizes=\"auto, (max-width: 425px) 100vw, 425px\" \/><\/p>\n<p style=\"text-align: center;\"><strong>Segunda camisa:\u00a0<\/strong><a href=\"http:\/\/cafeecoberta.blogspot.com\/2014\/06\/minha-opiniao-sobre-as-camisas-da-copa_6.html\" target=\"_blank\" rel=\"noopener noreferrer\" data-unsp-sanitized=\"clean\">Abandonando a camisa que nos remetia ao Pikachu<\/a>, o Jap\u00e3o nada na contram\u00e3o da Coreia do Sul, ao n\u00e3o usar um de seus \u00edcones mais famosos no Ocidente. Sobre a camisa deste ano, n\u00e3o gostei. \u00c9 uma das brancas comuns, com listras estranhas no peito. Bem sem gra\u00e7a. O \u00fanico coment\u00e1rio 2019 para essa camisa \u00e9 que pensei na faixa de karat\u00ea olhando para essas linhas no peito da camisa. Ser\u00e1 que foi essa a inspira\u00e7\u00e3o?<\/p>\n<p>&nbsp;<\/p>\n<blockquote><p><em><strong>Quer ver minha opini\u00e3o sobre as camisas das sele\u00e7\u00f5es de outros grupos?<\/strong><\/em><\/p>\n<p>\u2013\u00a0<strong><a href=\"https:\/\/crentassos.com.br\/blog\/2019\/05\/camisas-copa-do-mundo-franca-2019-grupo-a.html\" target=\"_blank\" rel=\"noopener noreferrer\" data-unsp-sanitized=\"clean\">Camisas Copa do Mundo Fran\u00e7a 2019 \u2013 Grupo A<\/a><\/strong><\/p>\n<p>\u2013\u00a0<a href=\"https:\/\/crentassos.com.br\/blog\/2019\/05\/camisas-copa-do-mundo-franca-2019-grupo-b.html\" target=\"_blank\" rel=\"noopener noreferrer\" data-unsp-sanitized=\"clean\"><strong>Camisas Copa do Mundo Fran\u00e7a 2019 \u2013 Grupo B<\/strong><\/a><\/p>\n<p>&#8211; <a href=\"https:\/\/crentassos.com.br\/blog\/2019\/05\/camisas-copa-do-mundo-franca-2019-grupo-c.html\"><strong>Camisas Copa do Mundo Fran\u00e7a 2019 &#8211; Grupo C<\/strong><\/a><\/p><\/blockquote>\n<p>&nbsp;<\/p>\n","protected":false},"excerpt":{"rendered":"<p>Ano passado comecei essa s\u00e9rie de posts com tempo, achando que ia dar certinho um grupo por semana antes da Copa. Esse [&hellip;]<\/p>\n","protected":false},"author":32,"featured_media":16106,"comment_status":"open","ping_status":"open","sticky":false,"template":"","format":"standard","meta":{"_exactmetrics_skip_tracking":false,"_exactmetrics_sitenote_active":false,"_exactmetrics_sitenote_note":"","_exactmetrics_sitenote_category":0,"footnotes":"","_links_to":"","_links_to_target":""},"categories":[112],"tags":[7375,7374,7373,563,7376],"class_list":{"0":"post-16096","1":"post","2":"type-post","3":"status-publish","4":"format-standard","5":"has-post-thumbnail","6":"hentry","7":"category-artigos","8":"tag-camisas-de-futebol","9":"tag-copa-da-franca","10":"tag-copa-do-mundo-2019","11":"tag-futebol","12":"tag-futebol-feminino","14":"post-with-thumbnail","15":"post-with-thumbnail-large"},"yoast_head":"<!-- This site is optimized with the Yoast SEO plugin v27.1.1 - https:\/\/yoast.com\/product\/yoast-seo-wordpress\/ -->\n<title>Camisas Copa do Mundo Fran\u00e7a 2019 \u2013 Grupo D - Crentassos Produ\u00e7\u00f5es Subversivas<\/title>\n<meta name=\"description\" content=\"Minha an\u00e1lise das camisas do Grupo D da Copa do Mundo de Futebol Feminino da Fran\u00e7a 2019. Inglaterra, Esc\u00f3cia, Argentina e Jap\u00e3o.\" \/>\n<meta name=\"robots\" content=\"index, follow, max-snippet:-1, max-image-preview:large, max-video-preview:-1\" \/>\n<link rel=\"canonical\" href=\"https:\/\/crentassos.com.br\/blog\/2019\/05\/camisas-copa-do-mundo-franca-2019-grupo-d.html\" \/>\n<meta property=\"og:locale\" content=\"pt_BR\" \/>\n<meta property=\"og:type\" content=\"article\" \/>\n<meta property=\"og:title\" content=\"Camisas Copa do Mundo Fran\u00e7a 2019 \u2013 Grupo D - Crentassos Produ\u00e7\u00f5es Subversivas\" \/>\n<meta property=\"og:description\" content=\"Minha an\u00e1lise das camisas do Grupo D da Copa do Mundo de Futebol Feminino da Fran\u00e7a 2019. Inglaterra, Esc\u00f3cia, Argentina e Jap\u00e3o.\" \/>\n<meta property=\"og:url\" content=\"https:\/\/crentassos.com.br\/blog\/2019\/05\/camisas-copa-do-mundo-franca-2019-grupo-d.html\" \/>\n<meta property=\"og:site_name\" content=\"Crentassos Produ\u00e7\u00f5es Subversivas\" \/>\n<meta property=\"article:publisher\" content=\"http:\/\/www.facebook.com\/crentassos\" \/>\n<meta property=\"article:published_time\" content=\"2019-05-30T02:03:41+00:00\" \/>\n<meta property=\"og:image\" content=\"https:\/\/crentassos.com.br\/blog\/wp-content\/uploads\/2019\/05\/Grupo-D.png\" \/>\n\t<meta property=\"og:image:width\" content=\"1920\" \/>\n\t<meta property=\"og:image:height\" content=\"1080\" \/>\n\t<meta property=\"og:image:type\" content=\"image\/png\" \/>\n<meta name=\"author\" content=\"Tamyres Palma\" \/>\n<meta name=\"twitter:card\" content=\"summary_large_image\" \/>\n<meta name=\"twitter:creator\" content=\"@crentassos\" \/>\n<meta name=\"twitter:site\" content=\"@crentassos\" \/>\n<meta name=\"twitter:label1\" content=\"Escrito por\" \/>\n\t<meta name=\"twitter:data1\" content=\"Tamyres Palma\" \/>\n\t<meta name=\"twitter:label2\" content=\"Est. tempo de leitura\" \/>\n\t<meta name=\"twitter:data2\" content=\"3 minutos\" \/>\n<script type=\"application\/ld+json\" class=\"yoast-schema-graph\">{\"@context\":\"https:\/\/schema.org\",\"@graph\":[{\"@type\":\"Article\",\"@id\":\"https:\/\/crentassos.com.br\/blog\/2019\/05\/camisas-copa-do-mundo-franca-2019-grupo-d.html#article\",\"isPartOf\":{\"@id\":\"https:\/\/crentassos.com.br\/blog\/2019\/05\/camisas-copa-do-mundo-franca-2019-grupo-d.html\"},\"author\":{\"name\":\"Tamyres Palma\",\"@id\":\"https:\/\/crentassos.com.br\/blog\/#\/schema\/person\/3f5f08a8ba3e2bc991eb2fd8f8e3988c\"},\"headline\":\"Camisas Copa do Mundo Fran\u00e7a 2019 \u2013 Grupo D\",\"datePublished\":\"2019-05-30T02:03:41+00:00\",\"mainEntityOfPage\":{\"@id\":\"https:\/\/crentassos.com.br\/blog\/2019\/05\/camisas-copa-do-mundo-franca-2019-grupo-d.html\"},\"wordCount\":629,\"commentCount\":0,\"publisher\":{\"@id\":\"https:\/\/crentassos.com.br\/blog\/#organization\"},\"image\":{\"@id\":\"https:\/\/crentassos.com.br\/blog\/2019\/05\/camisas-copa-do-mundo-franca-2019-grupo-d.html#primaryimage\"},\"thumbnailUrl\":\"https:\/\/crentassos.com.br\/blog\/wp-content\/uploads\/2019\/05\/Grupo-D.png\",\"keywords\":[\"camisas de futebol\",\"Copa da Fran\u00e7a\",\"Copa do Mundo 2019\",\"futebol\",\"futebol feminino\"],\"articleSection\":[\"Artigos\"],\"inLanguage\":\"pt-BR\",\"potentialAction\":[{\"@type\":\"CommentAction\",\"name\":\"Comment\",\"target\":[\"https:\/\/crentassos.com.br\/blog\/2019\/05\/camisas-copa-do-mundo-franca-2019-grupo-d.html#respond\"]}]},{\"@type\":\"WebPage\",\"@id\":\"https:\/\/crentassos.com.br\/blog\/2019\/05\/camisas-copa-do-mundo-franca-2019-grupo-d.html\",\"url\":\"https:\/\/crentassos.com.br\/blog\/2019\/05\/camisas-copa-do-mundo-franca-2019-grupo-d.html\",\"name\":\"Camisas Copa do Mundo Fran\u00e7a 2019 \u2013 Grupo D - Crentassos Produ\u00e7\u00f5es Subversivas\",\"isPartOf\":{\"@id\":\"https:\/\/crentassos.com.br\/blog\/#website\"},\"primaryImageOfPage\":{\"@id\":\"https:\/\/crentassos.com.br\/blog\/2019\/05\/camisas-copa-do-mundo-franca-2019-grupo-d.html#primaryimage\"},\"image\":{\"@id\":\"https:\/\/crentassos.com.br\/blog\/2019\/05\/camisas-copa-do-mundo-franca-2019-grupo-d.html#primaryimage\"},\"thumbnailUrl\":\"https:\/\/crentassos.com.br\/blog\/wp-content\/uploads\/2019\/05\/Grupo-D.png\",\"datePublished\":\"2019-05-30T02:03:41+00:00\",\"description\":\"Minha an\u00e1lise das camisas do Grupo D da Copa do Mundo de Futebol Feminino da Fran\u00e7a 2019. Inglaterra, Esc\u00f3cia, Argentina e Jap\u00e3o.\",\"breadcrumb\":{\"@id\":\"https:\/\/crentassos.com.br\/blog\/2019\/05\/camisas-copa-do-mundo-franca-2019-grupo-d.html#breadcrumb\"},\"inLanguage\":\"pt-BR\",\"potentialAction\":[{\"@type\":\"ReadAction\",\"target\":[\"https:\/\/crentassos.com.br\/blog\/2019\/05\/camisas-copa-do-mundo-franca-2019-grupo-d.html\"]}]},{\"@type\":\"ImageObject\",\"inLanguage\":\"pt-BR\",\"@id\":\"https:\/\/crentassos.com.br\/blog\/2019\/05\/camisas-copa-do-mundo-franca-2019-grupo-d.html#primaryimage\",\"url\":\"https:\/\/crentassos.com.br\/blog\/wp-content\/uploads\/2019\/05\/Grupo-D.png\",\"contentUrl\":\"https:\/\/crentassos.com.br\/blog\/wp-content\/uploads\/2019\/05\/Grupo-D.png\",\"width\":1920,\"height\":1080},{\"@type\":\"BreadcrumbList\",\"@id\":\"https:\/\/crentassos.com.br\/blog\/2019\/05\/camisas-copa-do-mundo-franca-2019-grupo-d.html#breadcrumb\",\"itemListElement\":[{\"@type\":\"ListItem\",\"position\":1,\"name\":\"Home\",\"item\":\"https:\/\/crentassos.com.br\/blog\/\"},{\"@type\":\"ListItem\",\"position\":2,\"name\":\"Camisas Copa do Mundo Fran\u00e7a 2019 \u2013 Grupo D\"}]},{\"@type\":\"WebSite\",\"@id\":\"https:\/\/crentassos.com.br\/blog\/#website\",\"url\":\"https:\/\/crentassos.com.br\/blog\/\",\"name\":\"Crentassos Produ\u00e7\u00f5es Subversivas\",\"description\":\"Podcast Crist\u00e3o, Podcrent, Da Prateleira, Artigos crist\u00e3os, Teologia, Estudos, Textos B\u00edblicos\",\"publisher\":{\"@id\":\"https:\/\/crentassos.com.br\/blog\/#organization\"},\"potentialAction\":[{\"@type\":\"SearchAction\",\"target\":{\"@type\":\"EntryPoint\",\"urlTemplate\":\"https:\/\/crentassos.com.br\/blog\/?s={search_term_string}\"},\"query-input\":{\"@type\":\"PropertyValueSpecification\",\"valueRequired\":true,\"valueName\":\"search_term_string\"}}],\"inLanguage\":\"pt-BR\"},{\"@type\":\"Organization\",\"@id\":\"https:\/\/crentassos.com.br\/blog\/#organization\",\"name\":\"Crentassos Produ\u00e7\u00f5es Subversivas\",\"url\":\"https:\/\/crentassos.com.br\/blog\/\",\"logo\":{\"@type\":\"ImageObject\",\"inLanguage\":\"pt-BR\",\"@id\":\"https:\/\/crentassos.com.br\/blog\/#\/schema\/logo\/image\/\",\"url\":\"https:\/\/crentassos.com.br\/blog\/wp-content\/uploads\/2020\/05\/cropped-crentassos1-300x300png.png\",\"contentUrl\":\"https:\/\/crentassos.com.br\/blog\/wp-content\/uploads\/2020\/05\/cropped-crentassos1-300x300png.png\",\"width\":300,\"height\":300,\"caption\":\"Crentassos Produ\u00e7\u00f5es Subversivas\"},\"image\":{\"@id\":\"https:\/\/crentassos.com.br\/blog\/#\/schema\/logo\/image\/\"},\"sameAs\":[\"http:\/\/www.facebook.com\/crentassos\",\"https:\/\/x.com\/crentassos\",\"https:\/\/www.instagram.com\/crentassos\",\"https:\/\/www.youtube.com\/crentassos\"]},{\"@type\":\"Person\",\"@id\":\"https:\/\/crentassos.com.br\/blog\/#\/schema\/person\/3f5f08a8ba3e2bc991eb2fd8f8e3988c\",\"name\":\"Tamyres Palma\",\"image\":{\"@type\":\"ImageObject\",\"inLanguage\":\"pt-BR\",\"@id\":\"https:\/\/crentassos.com.br\/blog\/#\/schema\/person\/image\/\",\"url\":\"https:\/\/secure.gravatar.com\/avatar\/9dce0caea2bafdb6394abc6c84348788083c31d52a278ed4b42bd0ee15c4ed52?s=96&d=retro&r=g\",\"contentUrl\":\"https:\/\/secure.gravatar.com\/avatar\/9dce0caea2bafdb6394abc6c84348788083c31d52a278ed4b42bd0ee15c4ed52?s=96&d=retro&r=g\",\"caption\":\"Tamyres Palma\"},\"description\":\"Tamyres Palma: formada em hist\u00f3ria, apaixonada por livros e casada com o @jonathazimmer . Maluca por Harry Potter, N\u00e1rnia e universos fant\u00e1sticos como a Terra M\u00e9dia. Apaixonada por literatura de forma geral, embora esteja longe do meu ideal de conhecimento liter\u00e1rio.\",\"sameAs\":[\"http:\/\/cafeecoberta.blogspot.com\"],\"url\":\"https:\/\/crentassos.com.br\/blog\/author\/tamyrespalma\"}]}<\/script>\n<!-- \/ Yoast SEO plugin. -->","yoast_head_json":{"title":"Camisas Copa do Mundo Fran\u00e7a 2019 \u2013 Grupo D - Crentassos Produ\u00e7\u00f5es Subversivas","description":"Minha an\u00e1lise das camisas do Grupo D da Copa do Mundo de Futebol Feminino da Fran\u00e7a 2019. Inglaterra, Esc\u00f3cia, Argentina e Jap\u00e3o.","robots":{"index":"index","follow":"follow","max-snippet":"max-snippet:-1","max-image-preview":"max-image-preview:large","max-video-preview":"max-video-preview:-1"},"canonical":"https:\/\/crentassos.com.br\/blog\/2019\/05\/camisas-copa-do-mundo-franca-2019-grupo-d.html","og_locale":"pt_BR","og_type":"article","og_title":"Camisas Copa do Mundo Fran\u00e7a 2019 \u2013 Grupo D - Crentassos Produ\u00e7\u00f5es Subversivas","og_description":"Minha an\u00e1lise das camisas do Grupo D da Copa do Mundo de Futebol Feminino da Fran\u00e7a 2019. Inglaterra, Esc\u00f3cia, Argentina e Jap\u00e3o.","og_url":"https:\/\/crentassos.com.br\/blog\/2019\/05\/camisas-copa-do-mundo-franca-2019-grupo-d.html","og_site_name":"Crentassos Produ\u00e7\u00f5es Subversivas","article_publisher":"http:\/\/www.facebook.com\/crentassos","article_published_time":"2019-05-30T02:03:41+00:00","og_image":[{"width":1920,"height":1080,"url":"https:\/\/crentassos.com.br\/blog\/wp-content\/uploads\/2019\/05\/Grupo-D.png","type":"image\/png"}],"author":"Tamyres Palma","twitter_card":"summary_large_image","twitter_creator":"@crentassos","twitter_site":"@crentassos","twitter_misc":{"Escrito por":"Tamyres Palma","Est. tempo de leitura":"3 minutos"},"schema":{"@context":"https:\/\/schema.org","@graph":[{"@type":"Article","@id":"https:\/\/crentassos.com.br\/blog\/2019\/05\/camisas-copa-do-mundo-franca-2019-grupo-d.html#article","isPartOf":{"@id":"https:\/\/crentassos.com.br\/blog\/2019\/05\/camisas-copa-do-mundo-franca-2019-grupo-d.html"},"author":{"name":"Tamyres Palma","@id":"https:\/\/crentassos.com.br\/blog\/#\/schema\/person\/3f5f08a8ba3e2bc991eb2fd8f8e3988c"},"headline":"Camisas Copa do Mundo Fran\u00e7a 2019 \u2013 Grupo D","datePublished":"2019-05-30T02:03:41+00:00","mainEntityOfPage":{"@id":"https:\/\/crentassos.com.br\/blog\/2019\/05\/camisas-copa-do-mundo-franca-2019-grupo-d.html"},"wordCount":629,"commentCount":0,"publisher":{"@id":"https:\/\/crentassos.com.br\/blog\/#organization"},"image":{"@id":"https:\/\/crentassos.com.br\/blog\/2019\/05\/camisas-copa-do-mundo-franca-2019-grupo-d.html#primaryimage"},"thumbnailUrl":"https:\/\/crentassos.com.br\/blog\/wp-content\/uploads\/2019\/05\/Grupo-D.png","keywords":["camisas de futebol","Copa da Fran\u00e7a","Copa do Mundo 2019","futebol","futebol feminino"],"articleSection":["Artigos"],"inLanguage":"pt-BR","potentialAction":[{"@type":"CommentAction","name":"Comment","target":["https:\/\/crentassos.com.br\/blog\/2019\/05\/camisas-copa-do-mundo-franca-2019-grupo-d.html#respond"]}]},{"@type":"WebPage","@id":"https:\/\/crentassos.com.br\/blog\/2019\/05\/camisas-copa-do-mundo-franca-2019-grupo-d.html","url":"https:\/\/crentassos.com.br\/blog\/2019\/05\/camisas-copa-do-mundo-franca-2019-grupo-d.html","name":"Camisas Copa do Mundo Fran\u00e7a 2019 \u2013 Grupo D - Crentassos Produ\u00e7\u00f5es Subversivas","isPartOf":{"@id":"https:\/\/crentassos.com.br\/blog\/#website"},"primaryImageOfPage":{"@id":"https:\/\/crentassos.com.br\/blog\/2019\/05\/camisas-copa-do-mundo-franca-2019-grupo-d.html#primaryimage"},"image":{"@id":"https:\/\/crentassos.com.br\/blog\/2019\/05\/camisas-copa-do-mundo-franca-2019-grupo-d.html#primaryimage"},"thumbnailUrl":"https:\/\/crentassos.com.br\/blog\/wp-content\/uploads\/2019\/05\/Grupo-D.png","datePublished":"2019-05-30T02:03:41+00:00","description":"Minha an\u00e1lise das camisas do Grupo D da Copa do Mundo de Futebol Feminino da Fran\u00e7a 2019. Inglaterra, Esc\u00f3cia, Argentina e Jap\u00e3o.","breadcrumb":{"@id":"https:\/\/crentassos.com.br\/blog\/2019\/05\/camisas-copa-do-mundo-franca-2019-grupo-d.html#breadcrumb"},"inLanguage":"pt-BR","potentialAction":[{"@type":"ReadAction","target":["https:\/\/crentassos.com.br\/blog\/2019\/05\/camisas-copa-do-mundo-franca-2019-grupo-d.html"]}]},{"@type":"ImageObject","inLanguage":"pt-BR","@id":"https:\/\/crentassos.com.br\/blog\/2019\/05\/camisas-copa-do-mundo-franca-2019-grupo-d.html#primaryimage","url":"https:\/\/crentassos.com.br\/blog\/wp-content\/uploads\/2019\/05\/Grupo-D.png","contentUrl":"https:\/\/crentassos.com.br\/blog\/wp-content\/uploads\/2019\/05\/Grupo-D.png","width":1920,"height":1080},{"@type":"BreadcrumbList","@id":"https:\/\/crentassos.com.br\/blog\/2019\/05\/camisas-copa-do-mundo-franca-2019-grupo-d.html#breadcrumb","itemListElement":[{"@type":"ListItem","position":1,"name":"Home","item":"https:\/\/crentassos.com.br\/blog\/"},{"@type":"ListItem","position":2,"name":"Camisas Copa do Mundo Fran\u00e7a 2019 \u2013 Grupo D"}]},{"@type":"WebSite","@id":"https:\/\/crentassos.com.br\/blog\/#website","url":"https:\/\/crentassos.com.br\/blog\/","name":"Crentassos Produ\u00e7\u00f5es Subversivas","description":"Podcast Crist\u00e3o, Podcrent, Da Prateleira, Artigos crist\u00e3os, Teologia, Estudos, Textos B\u00edblicos","publisher":{"@id":"https:\/\/crentassos.com.br\/blog\/#organization"},"potentialAction":[{"@type":"SearchAction","target":{"@type":"EntryPoint","urlTemplate":"https:\/\/crentassos.com.br\/blog\/?s={search_term_string}"},"query-input":{"@type":"PropertyValueSpecification","valueRequired":true,"valueName":"search_term_string"}}],"inLanguage":"pt-BR"},{"@type":"Organization","@id":"https:\/\/crentassos.com.br\/blog\/#organization","name":"Crentassos Produ\u00e7\u00f5es Subversivas","url":"https:\/\/crentassos.com.br\/blog\/","logo":{"@type":"ImageObject","inLanguage":"pt-BR","@id":"https:\/\/crentassos.com.br\/blog\/#\/schema\/logo\/image\/","url":"https:\/\/crentassos.com.br\/blog\/wp-content\/uploads\/2020\/05\/cropped-crentassos1-300x300png.png","contentUrl":"https:\/\/crentassos.com.br\/blog\/wp-content\/uploads\/2020\/05\/cropped-crentassos1-300x300png.png","width":300,"height":300,"caption":"Crentassos Produ\u00e7\u00f5es Subversivas"},"image":{"@id":"https:\/\/crentassos.com.br\/blog\/#\/schema\/logo\/image\/"},"sameAs":["http:\/\/www.facebook.com\/crentassos","https:\/\/x.com\/crentassos","https:\/\/www.instagram.com\/crentassos","https:\/\/www.youtube.com\/crentassos"]},{"@type":"Person","@id":"https:\/\/crentassos.com.br\/blog\/#\/schema\/person\/3f5f08a8ba3e2bc991eb2fd8f8e3988c","name":"Tamyres Palma","image":{"@type":"ImageObject","inLanguage":"pt-BR","@id":"https:\/\/crentassos.com.br\/blog\/#\/schema\/person\/image\/","url":"https:\/\/secure.gravatar.com\/avatar\/9dce0caea2bafdb6394abc6c84348788083c31d52a278ed4b42bd0ee15c4ed52?s=96&d=retro&r=g","contentUrl":"https:\/\/secure.gravatar.com\/avatar\/9dce0caea2bafdb6394abc6c84348788083c31d52a278ed4b42bd0ee15c4ed52?s=96&d=retro&r=g","caption":"Tamyres Palma"},"description":"Tamyres Palma: formada em hist\u00f3ria, apaixonada por livros e casada com o @jonathazimmer . Maluca por Harry Potter, N\u00e1rnia e universos fant\u00e1sticos como a Terra M\u00e9dia. Apaixonada por literatura de forma geral, embora esteja longe do meu ideal de conhecimento liter\u00e1rio.","sameAs":["http:\/\/cafeecoberta.blogspot.com"],"url":"https:\/\/crentassos.com.br\/blog\/author\/tamyrespalma"}]}},"_links":{"self":[{"href":"https:\/\/crentassos.com.br\/blog\/wp-json\/wp\/v2\/posts\/16096","targetHints":{"allow":["GET"]}}],"collection":[{"href":"https:\/\/crentassos.com.br\/blog\/wp-json\/wp\/v2\/posts"}],"about":[{"href":"https:\/\/crentassos.com.br\/blog\/wp-json\/wp\/v2\/types\/post"}],"author":[{"embeddable":true,"href":"https:\/\/crentassos.com.br\/blog\/wp-json\/wp\/v2\/users\/32"}],"replies":[{"embeddable":true,"href":"https:\/\/crentassos.com.br\/blog\/wp-json\/wp\/v2\/comments?post=16096"}],"version-history":[{"count":2,"href":"https:\/\/crentassos.com.br\/blog\/wp-json\/wp\/v2\/posts\/16096\/revisions"}],"predecessor-version":[{"id":16108,"href":"https:\/\/crentassos.com.br\/blog\/wp-json\/wp\/v2\/posts\/16096\/revisions\/16108"}],"wp:featuredmedia":[{"embeddable":true,"href":"https:\/\/crentassos.com.br\/blog\/wp-json\/wp\/v2\/media\/16106"}],"wp:attachment":[{"href":"https:\/\/crentassos.com.br\/blog\/wp-json\/wp\/v2\/media?parent=16096"}],"wp:term":[{"taxonomy":"category","embeddable":true,"href":"https:\/\/crentassos.com.br\/blog\/wp-json\/wp\/v2\/categories?post=16096"},{"taxonomy":"post_tag","embeddable":true,"href":"https:\/\/crentassos.com.br\/blog\/wp-json\/wp\/v2\/tags?post=16096"}],"curies":[{"name":"wp","href":"https:\/\/api.w.org\/{rel}","templated":true}]}}