{"id":1573,"date":"2010-03-25T15:41:00","date_gmt":"2010-03-25T17:41:00","guid":{"rendered":"http:\/\/oueleouela.wordpress.com\/2010\/03\/25\/musica-do-mundo-e-a-graca-comum"},"modified":"2012-12-11T15:01:25","modified_gmt":"2012-12-11T18:01:25","slug":"musica-do-mundo-e-a-graca-comum","status":"publish","type":"post","link":"https:\/\/crentassos.com.br\/blog\/2010\/03\/musica-do-mundo-e-a-graca-comum.html","title":{"rendered":"M\u00fasica do mundo e a Gra\u00e7a Comum"},"content":{"rendered":"<div style=\"font-family: Verdana,sans-serif;\"><span style=\"font-size: x-large;\"><span style=\"font-size: large;\">Vi no Pulpito Crist\u00e3o<\/span><\/span><\/div>\n<div style=\"font-family: Verdana,sans-serif;\"><\/div>\n<div style=\"font-family: Verdana,sans-serif;\">Por Renato Vargens<\/div>\n<div style=\"font-family: Verdana,sans-serif;\"><\/div>\n<div class=\"separator\" style=\"clear: both; text-align: center;\"><a style=\"margin-left: 1em; margin-right: 1em;\" href=\"http:\/\/oueleouela.files.wordpress.com\/2010\/03\/violao.jpg\"><img decoding=\"async\" src=\"http:\/\/oueleouela.files.wordpress.com\/2010\/03\/violao.jpg?w=210\" alt=\"\" border=\"0\" \/><\/a><\/div>\n<div style=\"font-family: Verdana,sans-serif;\"><\/div>\n<div style=\"font-family: Verdana,sans-serif;\"><\/div>\n<div style=\"font-family: Verdana,sans-serif;\">Talvez por ignor\u00e2ncia, parte dos evang\u00e9licos em nome de Deus dicotomizaram a exist\u00eancia dualizando o mundo. Infelizmente fundamentados numa pseudo-espiritualidade, um n\u00famero imensur\u00e1vel de crist\u00e3os tem ao longo dos anos avaliado como profano e imoral tudo aquilo que n\u00e3o brota dos arraiais evang\u00e9licos. Para estes, quem ouve musica do mundo ou vai ao teatro assistir uma pe\u00e7a, cede \u00e0s tenta\u00e7\u00f5es do diabo. Segundo esta perspectiva, a arte, a cultura e a m\u00fasica secular foram \u201cdivinamente satanizadas\u201d&#8230;<a name=\"more\"><\/a><\/p>\n<\/div>\n<div style=\"font-family: Verdana,sans-serif;\"><\/div>\n<div style=\"font-family: Verdana,sans-serif;\">Bom, antes que seja apedrejado pelos religiosos de plant\u00e3o, \u00e9 importante salientar de que Deus estabeleceu como ordem a gra\u00e7a comum. E que esta \u00e9 a fonte de toda, cultura, e virtude comum que encontramos entre os homens. Em outras palavras isto significa que Deus em sua infinita gra\u00e7a fez com que o sol nascesse sobre o justo e o injusto, e mandasse chuva sobre o bom e o mau. Entre as b\u00ean\u00e7\u00e3os mais comuns que devem ser atribu\u00eddas a esta fonte, podemos enumerar a sa\u00fade, a prosperidade material, a intelig\u00eancia em geral, os talentos para a arte, m\u00fasica, orat\u00f3ria, literatura, arquitetura, com\u00e9rcio, inven\u00e7\u00f5es e etc.<\/div>\n<div style=\"font-family: Verdana,sans-serif;\"><\/div>\n<div style=\"font-family: Verdana,sans-serif;\">Caro leitor, isto posto, eu louvo a Deus pela Gra\u00e7a comum! Como disse o pastor Marcio de Souza em seu blog, \u00e9 absolutamente imposs\u00edvel negar a a\u00e7\u00e3o de Deus entre os homens ao ouvir cl\u00e1ssicos da m\u00fasica como One do U2, ou Miss Sarajevo onde Luciano Pavarotti leva qualquer um \u00e0s l\u00e1grimas com sua participa\u00e7\u00e3o especial.<\/div>\n<div style=\"font-family: Verdana,sans-serif;\"><\/div>\n<div style=\"font-family: Verdana,sans-serif;\">Eu particularmente sou tocado com a musicalidade de Chico Buarque de Holanda, com as letras de Jobim e Vinicius, com o ritmo da bossa nova, com a brasilidade de Gonzaguinha, Com as letras de Renato Russo, com a intelig\u00eancia do Lenine, com o doce gingado do bai\u00e3o nordestino, com swing do Tim Maia, com a voz de Frank Sinatra, com a arte do Police, U2 e Dire Straits e tantos outros mais.<\/div>\n<div style=\"font-family: Verdana,sans-serif;\"><\/div>\n<div style=\"font-family: Verdana,sans-serif;\">Meu amigo, n\u00e3o consigo ver deteminadas menifesta\u00e7\u00f5es musicais ou culturais como sat\u00e2nicas ou malignas, antes pelo contr\u00e1rio, a multiforme manifesta\u00e7\u00e3o cultural no ser humano, aponta diretamente para um Deus generoso que \u00e9 absolutamente apaixonado pela arte, m\u00fasica e cultura.<\/div>\n<div style=\"font-family: Verdana,sans-serif;\"><\/div>\n<div style=\"font-family: Verdana,sans-serif;\">Louvado seja o Senhor pela gra\u00e7a comum!<\/div>\n<div style=\"font-family: Verdana,sans-serif;\"><\/div>\n<div style=\"font-family: Verdana,sans-serif;\"><\/div>\n<div style=\"font-family: Verdana,sans-serif;\">***<\/div>\n<div style=\"font-family: Verdana,sans-serif;\"><a href=\"http:\/\/renatovargens.blogspot.com\/\">Renato Vargens<\/a> \u00e9 pastor da Igreja Crist\u00e3 da Alian\u00e7a, escritor, conferencista e colaborador do <a href=\"http:\/\/pulpitocristao.blogspot.com\/\">P\u00falpito Crist\u00e3o\u00a0<\/a><\/div>\n<div style=\"font-family: Verdana,sans-serif;\"><\/div>\n<div style=\"font-family: Verdana,sans-serif;\">*************************************<\/div>\n<div style=\"font-family: Verdana,sans-serif;\"><\/div>\n<div style=\"font-family: Verdana,sans-serif;\"><span style=\"font-size: small;\">Vi esse post e n\u00e3o pude deixar de ver os coment\u00e1rios que o pessoal faz a respeito desse assunto. Ent\u00e3o, resolvi trazer para c\u00e1.<\/span><\/div>\n<div style=\"font-family: Verdana,sans-serif;\"><span style=\"font-size: small;\">A Palavra de Deus diz:<\/span><\/div>\n<div style=\"font-family: Verdana,sans-serif;\"><span style=\"font-size: small;\"><br \/>\n<\/span><\/div>\n<div style=\"font-family: Verdana,sans-serif;\"><\/div>\n<blockquote>\n<div class=\"MsoNormal\" style=\"font-family: Verdana,sans-serif;\"><span style=\"font-size: small;\">Eis que os c\u00e9us e os c\u00e9us dos c\u00e9us s\u00e3o do SENHOR teu Deus, a terra e TUDO o que nela h\u00e1. Dt 10:14<\/span><\/div>\n<\/blockquote>\n<div style=\"font-family: Verdana,sans-serif;\"><\/div>\n<div class=\"MsoNormal\" style=\"font-family: Verdana,sans-serif;\"><\/div>\n<div class=\"MsoNormal\" style=\"font-family: Verdana,sans-serif;\"><span style=\"font-size: small;\">Aprendi que a terra e tudo o que nela h\u00e1 foram criados pelo Senhor.\u00a0<\/span><\/div>\n<div class=\"MsoNormal\" style=\"font-family: Verdana,sans-serif;\"><span style=\"font-size: small;\">Desta forma a m\u00fasica (dita evang\u00e9lica ou n\u00e3o) tamb\u00e9m foram criadas por Ele.<\/span><\/div>\n<div class=\"MsoNormal\" style=\"font-family: Verdana,sans-serif;\"><span style=\"font-size: small;\">Ent\u00e3o pergunto, porque n\u00e3o posso escutar outras m\u00fasicas (claro que selecionadas, pois alguns cantores s\u00e3o terr\u00edveis de ruins)?<\/span><\/div>\n<div class=\"MsoNormal\" style=\"font-family: Verdana,sans-serif;\"><span style=\"font-size: small;\">O que vejo s\u00e3o pessoas legalistas e fora da caixinha que ve\u00eam o diabo em todos os lados quando se trata da opini\u00e3o de outros, por\u00e9m n\u00e3o escutam m\u00fasicas mas assistem programas e filmes com cenas de sensualidade, her\u00e9ticas e tudo bem.<\/span><\/div>\n<div class=\"MsoNormal\" style=\"font-family: Verdana,sans-serif;\"><span style=\"font-size: small;\">Separam aquilo que \u00e9 &#8220;sacro&#8221; do &#8220;profano&#8221; baseados muitas vezes em conceitos terceirizados de igrejas e &#8220;pastores&#8221; falhos e sem comunh\u00e3o com Deus.<\/span><\/div>\n<div class=\"MsoNormal\" style=\"font-family: Verdana,sans-serif;\"><span style=\"font-size: small;\">N\u00e3o quero defender ningu\u00e9m aqui, mas uma coisa \u00e9 certa&#8230; se voc\u00ea quer separar isso, ent\u00e3o crie um relacionamento s\u00e9rio com o Esp\u00edrito Santo e pergunte para Ele se voc\u00ea pode ou n\u00e3o escutar determinadas m\u00fasicas e n\u00e3o baseie sua decis\u00e3o em livros, dogmas ou seja l\u00e1 o que for&#8230;<\/span><\/div>\n<div class=\"MsoNormal\" style=\"font-family: Verdana,sans-serif;\"><\/div>\n<div class=\"MsoNormal\" style=\"font-family: Verdana,sans-serif;\"><span style=\"font-size: small;\">S\u00f3 para constar, considero covarde quem coloca um post, um coment\u00e1rio sobre qualquer assunto e que n\u00e3o assina. Prefere ficar inc\u00falume no seu anonimato.<\/span><\/div>\n<div class=\"MsoNormal\" style=\"font-family: Verdana,sans-serif;\"><\/div>\n<div class=\"MsoNormal\" style=\"font-family: Verdana,sans-serif;\"><span style=\"font-size: small;\">Soli Deo Glori<\/span><\/div>\n","protected":false},"excerpt":{"rendered":"<p>Vi no Pulpito Crist\u00e3o Por Renato Vargens Talvez por ignor\u00e2ncia, parte dos evang\u00e9licos em nome de Deus dicotomizaram a exist\u00eancia dualizando o [&hellip;]<\/p>\n","protected":false},"author":1,"featured_media":0,"comment_status":"open","ping_status":"closed","sticky":false,"template":"","format":"standard","meta":{"_exactmetrics_skip_tracking":false,"_exactmetrics_sitenote_active":false,"_exactmetrics_sitenote_note":"","_exactmetrics_sitenote_category":0,"footnotes":"","_links_to":"","_links_to_target":""},"categories":[112],"tags":[2856],"class_list":["post-1573","post","type-post","status-publish","format-standard","hentry","category-artigos","tag-uncategorized"],"yoast_head":"<!-- This site is optimized with the Yoast SEO plugin v27.1.1 - https:\/\/yoast.com\/product\/yoast-seo-wordpress\/ -->\n<title>M\u00fasica do mundo e a Gra\u00e7a Comum - Crentassos Produ\u00e7\u00f5es Subversivas<\/title>\n<meta name=\"robots\" content=\"index, follow, max-snippet:-1, max-image-preview:large, max-video-preview:-1\" \/>\n<link rel=\"canonical\" href=\"https:\/\/crentassos.com.br\/blog\/2010\/03\/musica-do-mundo-e-a-graca-comum.html\" \/>\n<meta property=\"og:locale\" content=\"pt_BR\" \/>\n<meta property=\"og:type\" content=\"article\" \/>\n<meta property=\"og:title\" content=\"M\u00fasica do mundo e a Gra\u00e7a Comum - Crentassos Produ\u00e7\u00f5es Subversivas\" \/>\n<meta property=\"og:description\" content=\"Vi no Pulpito Crist\u00e3o Por Renato Vargens Talvez por ignor\u00e2ncia, parte dos evang\u00e9licos em nome de Deus dicotomizaram a exist\u00eancia dualizando o [&hellip;]\" \/>\n<meta property=\"og:url\" content=\"https:\/\/crentassos.com.br\/blog\/2010\/03\/musica-do-mundo-e-a-graca-comum.html\" \/>\n<meta property=\"og:site_name\" content=\"Crentassos Produ\u00e7\u00f5es Subversivas\" \/>\n<meta property=\"article:publisher\" content=\"http:\/\/www.facebook.com\/crentassos\" \/>\n<meta property=\"article:published_time\" content=\"2010-03-25T17:41:00+00:00\" \/>\n<meta property=\"article:modified_time\" content=\"2012-12-11T18:01:25+00:00\" \/>\n<meta property=\"og:image\" content=\"http:\/\/oueleouela.files.wordpress.com\/2010\/03\/violao.jpg?w=210\" \/>\n<meta name=\"author\" content=\"Crentassos\" \/>\n<meta name=\"twitter:card\" content=\"summary_large_image\" \/>\n<meta name=\"twitter:creator\" content=\"@crentassos\" \/>\n<meta name=\"twitter:site\" content=\"@crentassos\" \/>\n<meta name=\"twitter:label1\" content=\"Escrito por\" \/>\n\t<meta name=\"twitter:data1\" content=\"Crentassos\" \/>\n\t<meta name=\"twitter:label2\" content=\"Est. tempo de leitura\" \/>\n\t<meta name=\"twitter:data2\" content=\"3 minutos\" \/>\n<script type=\"application\/ld+json\" class=\"yoast-schema-graph\">{\"@context\":\"https:\/\/schema.org\",\"@graph\":[{\"@type\":\"Article\",\"@id\":\"https:\/\/crentassos.com.br\/blog\/2010\/03\/musica-do-mundo-e-a-graca-comum.html#article\",\"isPartOf\":{\"@id\":\"https:\/\/crentassos.com.br\/blog\/2010\/03\/musica-do-mundo-e-a-graca-comum.html\"},\"author\":{\"name\":\"Crentassos\",\"@id\":\"https:\/\/crentassos.com.br\/blog\/#\/schema\/person\/c143e75f920e3ad15d83540f47db500c\"},\"headline\":\"M\u00fasica do mundo e a Gra\u00e7a Comum\",\"datePublished\":\"2010-03-25T17:41:00+00:00\",\"dateModified\":\"2012-12-11T18:01:25+00:00\",\"mainEntityOfPage\":{\"@id\":\"https:\/\/crentassos.com.br\/blog\/2010\/03\/musica-do-mundo-e-a-graca-comum.html\"},\"wordCount\":699,\"commentCount\":2,\"publisher\":{\"@id\":\"https:\/\/crentassos.com.br\/blog\/#organization\"},\"image\":{\"@id\":\"https:\/\/crentassos.com.br\/blog\/2010\/03\/musica-do-mundo-e-a-graca-comum.html#primaryimage\"},\"thumbnailUrl\":\"http:\/\/oueleouela.files.wordpress.com\/2010\/03\/violao.jpg?w=210\",\"keywords\":[\"Uncategorized\"],\"articleSection\":[\"Artigos\"],\"inLanguage\":\"pt-BR\",\"potentialAction\":[{\"@type\":\"CommentAction\",\"name\":\"Comment\",\"target\":[\"https:\/\/crentassos.com.br\/blog\/2010\/03\/musica-do-mundo-e-a-graca-comum.html#respond\"]}]},{\"@type\":\"WebPage\",\"@id\":\"https:\/\/crentassos.com.br\/blog\/2010\/03\/musica-do-mundo-e-a-graca-comum.html\",\"url\":\"https:\/\/crentassos.com.br\/blog\/2010\/03\/musica-do-mundo-e-a-graca-comum.html\",\"name\":\"M\u00fasica do mundo e a Gra\u00e7a Comum - Crentassos Produ\u00e7\u00f5es Subversivas\",\"isPartOf\":{\"@id\":\"https:\/\/crentassos.com.br\/blog\/#website\"},\"primaryImageOfPage\":{\"@id\":\"https:\/\/crentassos.com.br\/blog\/2010\/03\/musica-do-mundo-e-a-graca-comum.html#primaryimage\"},\"image\":{\"@id\":\"https:\/\/crentassos.com.br\/blog\/2010\/03\/musica-do-mundo-e-a-graca-comum.html#primaryimage\"},\"thumbnailUrl\":\"http:\/\/oueleouela.files.wordpress.com\/2010\/03\/violao.jpg?w=210\",\"datePublished\":\"2010-03-25T17:41:00+00:00\",\"dateModified\":\"2012-12-11T18:01:25+00:00\",\"breadcrumb\":{\"@id\":\"https:\/\/crentassos.com.br\/blog\/2010\/03\/musica-do-mundo-e-a-graca-comum.html#breadcrumb\"},\"inLanguage\":\"pt-BR\",\"potentialAction\":[{\"@type\":\"ReadAction\",\"target\":[\"https:\/\/crentassos.com.br\/blog\/2010\/03\/musica-do-mundo-e-a-graca-comum.html\"]}]},{\"@type\":\"ImageObject\",\"inLanguage\":\"pt-BR\",\"@id\":\"https:\/\/crentassos.com.br\/blog\/2010\/03\/musica-do-mundo-e-a-graca-comum.html#primaryimage\",\"url\":\"http:\/\/oueleouela.files.wordpress.com\/2010\/03\/violao.jpg?w=210\",\"contentUrl\":\"http:\/\/oueleouela.files.wordpress.com\/2010\/03\/violao.jpg?w=210\"},{\"@type\":\"BreadcrumbList\",\"@id\":\"https:\/\/crentassos.com.br\/blog\/2010\/03\/musica-do-mundo-e-a-graca-comum.html#breadcrumb\",\"itemListElement\":[{\"@type\":\"ListItem\",\"position\":1,\"name\":\"Home\",\"item\":\"https:\/\/crentassos.com.br\/blog\/\"},{\"@type\":\"ListItem\",\"position\":2,\"name\":\"M\u00fasica do mundo e a Gra\u00e7a Comum\"}]},{\"@type\":\"WebSite\",\"@id\":\"https:\/\/crentassos.com.br\/blog\/#website\",\"url\":\"https:\/\/crentassos.com.br\/blog\/\",\"name\":\"Crentassos Produ\u00e7\u00f5es Subversivas\",\"description\":\"Podcast Crist\u00e3o, Podcrent, Da Prateleira, Artigos crist\u00e3os, Teologia, Estudos, Textos B\u00edblicos\",\"publisher\":{\"@id\":\"https:\/\/crentassos.com.br\/blog\/#organization\"},\"potentialAction\":[{\"@type\":\"SearchAction\",\"target\":{\"@type\":\"EntryPoint\",\"urlTemplate\":\"https:\/\/crentassos.com.br\/blog\/?s={search_term_string}\"},\"query-input\":{\"@type\":\"PropertyValueSpecification\",\"valueRequired\":true,\"valueName\":\"search_term_string\"}}],\"inLanguage\":\"pt-BR\"},{\"@type\":\"Organization\",\"@id\":\"https:\/\/crentassos.com.br\/blog\/#organization\",\"name\":\"Crentassos Produ\u00e7\u00f5es Subversivas\",\"url\":\"https:\/\/crentassos.com.br\/blog\/\",\"logo\":{\"@type\":\"ImageObject\",\"inLanguage\":\"pt-BR\",\"@id\":\"https:\/\/crentassos.com.br\/blog\/#\/schema\/logo\/image\/\",\"url\":\"https:\/\/crentassos.com.br\/blog\/wp-content\/uploads\/2020\/05\/cropped-crentassos1-300x300png.png\",\"contentUrl\":\"https:\/\/crentassos.com.br\/blog\/wp-content\/uploads\/2020\/05\/cropped-crentassos1-300x300png.png\",\"width\":300,\"height\":300,\"caption\":\"Crentassos Produ\u00e7\u00f5es Subversivas\"},\"image\":{\"@id\":\"https:\/\/crentassos.com.br\/blog\/#\/schema\/logo\/image\/\"},\"sameAs\":[\"http:\/\/www.facebook.com\/crentassos\",\"https:\/\/x.com\/crentassos\",\"https:\/\/www.instagram.com\/crentassos\",\"https:\/\/www.youtube.com\/crentassos\"]},{\"@type\":\"Person\",\"@id\":\"https:\/\/crentassos.com.br\/blog\/#\/schema\/person\/c143e75f920e3ad15d83540f47db500c\",\"name\":\"Crentassos\",\"image\":{\"@type\":\"ImageObject\",\"inLanguage\":\"pt-BR\",\"@id\":\"https:\/\/crentassos.com.br\/blog\/#\/schema\/person\/image\/\",\"url\":\"https:\/\/secure.gravatar.com\/avatar\/cb1b9c88bcd90ec2f909823639a352ece8d3a3cea59b9d08637fe057502fa227?s=96&d=retro&r=g\",\"contentUrl\":\"https:\/\/secure.gravatar.com\/avatar\/cb1b9c88bcd90ec2f909823639a352ece8d3a3cea59b9d08637fe057502fa227?s=96&d=retro&r=g\",\"caption\":\"Crentassos\"},\"description\":\"Perfil padr\u00e3o do blog dos Crentassos.\",\"sameAs\":[\"http:\/\/www.crentassos.com.br\"],\"url\":\"https:\/\/crentassos.com.br\/blog\/author\/crentassos\"}]}<\/script>\n<!-- \/ Yoast SEO plugin. -->","yoast_head_json":{"title":"M\u00fasica do mundo e a Gra\u00e7a Comum - Crentassos Produ\u00e7\u00f5es Subversivas","robots":{"index":"index","follow":"follow","max-snippet":"max-snippet:-1","max-image-preview":"max-image-preview:large","max-video-preview":"max-video-preview:-1"},"canonical":"https:\/\/crentassos.com.br\/blog\/2010\/03\/musica-do-mundo-e-a-graca-comum.html","og_locale":"pt_BR","og_type":"article","og_title":"M\u00fasica do mundo e a Gra\u00e7a Comum - Crentassos Produ\u00e7\u00f5es Subversivas","og_description":"Vi no Pulpito Crist\u00e3o Por Renato Vargens Talvez por ignor\u00e2ncia, parte dos evang\u00e9licos em nome de Deus dicotomizaram a exist\u00eancia dualizando o [&hellip;]","og_url":"https:\/\/crentassos.com.br\/blog\/2010\/03\/musica-do-mundo-e-a-graca-comum.html","og_site_name":"Crentassos Produ\u00e7\u00f5es Subversivas","article_publisher":"http:\/\/www.facebook.com\/crentassos","article_published_time":"2010-03-25T17:41:00+00:00","article_modified_time":"2012-12-11T18:01:25+00:00","og_image":[{"url":"http:\/\/oueleouela.files.wordpress.com\/2010\/03\/violao.jpg?w=210","type":"","width":"","height":""}],"author":"Crentassos","twitter_card":"summary_large_image","twitter_creator":"@crentassos","twitter_site":"@crentassos","twitter_misc":{"Escrito por":"Crentassos","Est. tempo de leitura":"3 minutos"},"schema":{"@context":"https:\/\/schema.org","@graph":[{"@type":"Article","@id":"https:\/\/crentassos.com.br\/blog\/2010\/03\/musica-do-mundo-e-a-graca-comum.html#article","isPartOf":{"@id":"https:\/\/crentassos.com.br\/blog\/2010\/03\/musica-do-mundo-e-a-graca-comum.html"},"author":{"name":"Crentassos","@id":"https:\/\/crentassos.com.br\/blog\/#\/schema\/person\/c143e75f920e3ad15d83540f47db500c"},"headline":"M\u00fasica do mundo e a Gra\u00e7a Comum","datePublished":"2010-03-25T17:41:00+00:00","dateModified":"2012-12-11T18:01:25+00:00","mainEntityOfPage":{"@id":"https:\/\/crentassos.com.br\/blog\/2010\/03\/musica-do-mundo-e-a-graca-comum.html"},"wordCount":699,"commentCount":2,"publisher":{"@id":"https:\/\/crentassos.com.br\/blog\/#organization"},"image":{"@id":"https:\/\/crentassos.com.br\/blog\/2010\/03\/musica-do-mundo-e-a-graca-comum.html#primaryimage"},"thumbnailUrl":"http:\/\/oueleouela.files.wordpress.com\/2010\/03\/violao.jpg?w=210","keywords":["Uncategorized"],"articleSection":["Artigos"],"inLanguage":"pt-BR","potentialAction":[{"@type":"CommentAction","name":"Comment","target":["https:\/\/crentassos.com.br\/blog\/2010\/03\/musica-do-mundo-e-a-graca-comum.html#respond"]}]},{"@type":"WebPage","@id":"https:\/\/crentassos.com.br\/blog\/2010\/03\/musica-do-mundo-e-a-graca-comum.html","url":"https:\/\/crentassos.com.br\/blog\/2010\/03\/musica-do-mundo-e-a-graca-comum.html","name":"M\u00fasica do mundo e a Gra\u00e7a Comum - Crentassos Produ\u00e7\u00f5es Subversivas","isPartOf":{"@id":"https:\/\/crentassos.com.br\/blog\/#website"},"primaryImageOfPage":{"@id":"https:\/\/crentassos.com.br\/blog\/2010\/03\/musica-do-mundo-e-a-graca-comum.html#primaryimage"},"image":{"@id":"https:\/\/crentassos.com.br\/blog\/2010\/03\/musica-do-mundo-e-a-graca-comum.html#primaryimage"},"thumbnailUrl":"http:\/\/oueleouela.files.wordpress.com\/2010\/03\/violao.jpg?w=210","datePublished":"2010-03-25T17:41:00+00:00","dateModified":"2012-12-11T18:01:25+00:00","breadcrumb":{"@id":"https:\/\/crentassos.com.br\/blog\/2010\/03\/musica-do-mundo-e-a-graca-comum.html#breadcrumb"},"inLanguage":"pt-BR","potentialAction":[{"@type":"ReadAction","target":["https:\/\/crentassos.com.br\/blog\/2010\/03\/musica-do-mundo-e-a-graca-comum.html"]}]},{"@type":"ImageObject","inLanguage":"pt-BR","@id":"https:\/\/crentassos.com.br\/blog\/2010\/03\/musica-do-mundo-e-a-graca-comum.html#primaryimage","url":"http:\/\/oueleouela.files.wordpress.com\/2010\/03\/violao.jpg?w=210","contentUrl":"http:\/\/oueleouela.files.wordpress.com\/2010\/03\/violao.jpg?w=210"},{"@type":"BreadcrumbList","@id":"https:\/\/crentassos.com.br\/blog\/2010\/03\/musica-do-mundo-e-a-graca-comum.html#breadcrumb","itemListElement":[{"@type":"ListItem","position":1,"name":"Home","item":"https:\/\/crentassos.com.br\/blog\/"},{"@type":"ListItem","position":2,"name":"M\u00fasica do mundo e a Gra\u00e7a Comum"}]},{"@type":"WebSite","@id":"https:\/\/crentassos.com.br\/blog\/#website","url":"https:\/\/crentassos.com.br\/blog\/","name":"Crentassos Produ\u00e7\u00f5es Subversivas","description":"Podcast Crist\u00e3o, Podcrent, Da Prateleira, Artigos crist\u00e3os, Teologia, Estudos, Textos B\u00edblicos","publisher":{"@id":"https:\/\/crentassos.com.br\/blog\/#organization"},"potentialAction":[{"@type":"SearchAction","target":{"@type":"EntryPoint","urlTemplate":"https:\/\/crentassos.com.br\/blog\/?s={search_term_string}"},"query-input":{"@type":"PropertyValueSpecification","valueRequired":true,"valueName":"search_term_string"}}],"inLanguage":"pt-BR"},{"@type":"Organization","@id":"https:\/\/crentassos.com.br\/blog\/#organization","name":"Crentassos Produ\u00e7\u00f5es Subversivas","url":"https:\/\/crentassos.com.br\/blog\/","logo":{"@type":"ImageObject","inLanguage":"pt-BR","@id":"https:\/\/crentassos.com.br\/blog\/#\/schema\/logo\/image\/","url":"https:\/\/crentassos.com.br\/blog\/wp-content\/uploads\/2020\/05\/cropped-crentassos1-300x300png.png","contentUrl":"https:\/\/crentassos.com.br\/blog\/wp-content\/uploads\/2020\/05\/cropped-crentassos1-300x300png.png","width":300,"height":300,"caption":"Crentassos Produ\u00e7\u00f5es Subversivas"},"image":{"@id":"https:\/\/crentassos.com.br\/blog\/#\/schema\/logo\/image\/"},"sameAs":["http:\/\/www.facebook.com\/crentassos","https:\/\/x.com\/crentassos","https:\/\/www.instagram.com\/crentassos","https:\/\/www.youtube.com\/crentassos"]},{"@type":"Person","@id":"https:\/\/crentassos.com.br\/blog\/#\/schema\/person\/c143e75f920e3ad15d83540f47db500c","name":"Crentassos","image":{"@type":"ImageObject","inLanguage":"pt-BR","@id":"https:\/\/crentassos.com.br\/blog\/#\/schema\/person\/image\/","url":"https:\/\/secure.gravatar.com\/avatar\/cb1b9c88bcd90ec2f909823639a352ece8d3a3cea59b9d08637fe057502fa227?s=96&d=retro&r=g","contentUrl":"https:\/\/secure.gravatar.com\/avatar\/cb1b9c88bcd90ec2f909823639a352ece8d3a3cea59b9d08637fe057502fa227?s=96&d=retro&r=g","caption":"Crentassos"},"description":"Perfil padr\u00e3o do blog dos Crentassos.","sameAs":["http:\/\/www.crentassos.com.br"],"url":"https:\/\/crentassos.com.br\/blog\/author\/crentassos"}]}},"_links":{"self":[{"href":"https:\/\/crentassos.com.br\/blog\/wp-json\/wp\/v2\/posts\/1573","targetHints":{"allow":["GET"]}}],"collection":[{"href":"https:\/\/crentassos.com.br\/blog\/wp-json\/wp\/v2\/posts"}],"about":[{"href":"https:\/\/crentassos.com.br\/blog\/wp-json\/wp\/v2\/types\/post"}],"author":[{"embeddable":true,"href":"https:\/\/crentassos.com.br\/blog\/wp-json\/wp\/v2\/users\/1"}],"replies":[{"embeddable":true,"href":"https:\/\/crentassos.com.br\/blog\/wp-json\/wp\/v2\/comments?post=1573"}],"version-history":[{"count":2,"href":"https:\/\/crentassos.com.br\/blog\/wp-json\/wp\/v2\/posts\/1573\/revisions"}],"predecessor-version":[{"id":7683,"href":"https:\/\/crentassos.com.br\/blog\/wp-json\/wp\/v2\/posts\/1573\/revisions\/7683"}],"wp:attachment":[{"href":"https:\/\/crentassos.com.br\/blog\/wp-json\/wp\/v2\/media?parent=1573"}],"wp:term":[{"taxonomy":"category","embeddable":true,"href":"https:\/\/crentassos.com.br\/blog\/wp-json\/wp\/v2\/categories?post=1573"},{"taxonomy":"post_tag","embeddable":true,"href":"https:\/\/crentassos.com.br\/blog\/wp-json\/wp\/v2\/tags?post=1573"}],"curies":[{"name":"wp","href":"https:\/\/api.w.org\/{rel}","templated":true}]}}