{"id":15616,"date":"2018-10-31T14:47:03","date_gmt":"2018-10-31T16:47:03","guid":{"rendered":"https:\/\/crentassos.com.br\/blog\/?p=15616"},"modified":"2019-01-09T11:49:42","modified_gmt":"2019-01-09T13:49:42","slug":"e-bom-ja-ir-se-reformando","status":"publish","type":"post","link":"https:\/\/crentassos.com.br\/blog\/2018\/10\/e-bom-ja-ir-se-reformando.html","title":{"rendered":"\u00c9 Bom J\u00e1 Ir Se Reformando"},"content":{"rendered":"<div id=\"attachment_15617\" style=\"width: 1034px\" class=\"wp-caption aligncenter\"><img loading=\"lazy\" decoding=\"async\" aria-describedby=\"caption-attachment-15617\" class=\"size-full wp-image-15617\" src=\"https:\/\/crentassos.com.br\/blog\/wp-content\/uploads\/2018\/10\/thesis.jpg\" alt=\"\" width=\"1024\" height=\"476\" srcset=\"https:\/\/crentassos.com.br\/blog\/wp-content\/uploads\/2018\/10\/thesis.jpg 1024w, https:\/\/crentassos.com.br\/blog\/wp-content\/uploads\/2018\/10\/thesis-300x139.jpg 300w, https:\/\/crentassos.com.br\/blog\/wp-content\/uploads\/2018\/10\/thesis-768x357.jpg 768w, https:\/\/crentassos.com.br\/blog\/wp-content\/uploads\/2018\/10\/thesis-620x288.jpg 620w\" sizes=\"auto, (max-width: 1024px) 100vw, 1024px\" \/><p id=\"caption-attachment-15617\" class=\"wp-caption-text\">Desenho retratando o momento em que Martinho Lutero prega suas teses na catedral de Wittenberg. (Se souberem a autoria me avisem\u200a\u2014\u200afonte: https:\/\/www.horaluterana.org.br\/as-95-teses\/)<\/p><\/div>\n<p id=\"82cf\" class=\"graf graf--p graf--hasDropCapModel graf--hasDropCap graf-after--figure\" style=\"text-align: justify;\"><span class=\"graf-dropCap\">H<\/span>oje, 31 de Outubro, igrejas protestantes e evang\u00e9licas pelo mundo tem uma data importante para lembrar\u200a\u2014\u200ao momento em que Martinho Lutero colocou em Wittenberg as\u00a0<a class=\"markup--anchor markup--p-anchor\" href=\"https:\/\/www.horaluterana.org.br\/as-95-teses\/\" target=\"_blank\" rel=\"noopener nofollow\" data-href=\"https:\/\/www.horaluterana.org.br\/as-95-teses\/\">95 teses\u00a0<\/a>para confrontar algumas atitudes question\u00e1veis da igreja romana.<\/p>\n<p id=\"d311\" class=\"graf graf--p graf-after--p\" style=\"text-align: justify;\">501 anos.<\/p>\n<p id=\"832b\" class=\"graf graf--p graf-after--p\" style=\"text-align: justify;\">Mas muito me entristece que pelo menos a igreja brasileira n\u00e3o tem muito o que celebrar. Afinal, \u00e9 incoerente celebrar a reforma quando ela:<\/p>\n<ul class=\"postList\" style=\"text-align: justify;\">\n<li id=\"189c\" class=\"graf graf--li graf-after--p\">Coloca em debate o estado laico e a igreja se transforma em curral eleitoral de partidos.<\/li>\n<li id=\"c026\" class=\"graf graf--li graf-after--li\">Questiona a venda de indulg\u00eancias e a igreja vende amuletos (disfar\u00e7ando com um damos este amuleto com uma oferta de amor de x reais)<\/li>\n<li id=\"7180\" class=\"graf graf--li graf-after--li\">Questiona a autoridade papal e a igreja coloca l\u00edderes eclesi\u00e1sticos como inquestion\u00e1veis.<\/li>\n<li id=\"bfad\" class=\"graf graf--li graf-after--li\">Ressalta a salva\u00e7\u00e3o pela f\u00e9 e a igreja coloca condi\u00e7\u00f5es para ser salvo\/ser parte da panelinha.<\/li>\n<li id=\"35a8\" class=\"graf graf--li graf-after--li\">Ressalta a import\u00e2ncia das escrituras, mas a igreja joga no ralo, junto com sua credibilidade, em troca de interesses escusos.<\/li>\n<\/ul>\n<p id=\"9c36\" class=\"graf graf--p graf-after--li\" style=\"text-align: justify;\">Vemos v\u00e1rios textos b\u00edblicos falando de um l\u00edder de uma comunidade de f\u00e9 se humilde,\u00a0<a class=\"markup--anchor markup--p-anchor\" href=\"https:\/\/www.bible.com\/bible\/1840\/PHP.2.NAA\" target=\"_blank\" rel=\"nofollow noopener\" data-href=\"https:\/\/www.bible.com\/bible\/1840\/PHP.2.NAA\">do pr\u00f3prio crist\u00e3o ser humilde<\/a>. Por\u00e9m vemos crist\u00e3os colocando o pr\u00f3prio irm\u00e3o na f\u00e9 para ser humilhado e zombado por acreditarem que este irm\u00e3o \u00e9 inferior por pensar diferente dele.<\/p>\n<p id=\"6021\" class=\"graf graf--p graf-after--p\" style=\"text-align: justify;\">Vemos v\u00e1rios textos b\u00edblicos falando do risco ao amor ao dinheiro e vemos igrejas se vendendo por este amor.<\/p>\n<p id=\"2212\" class=\"graf graf--p graf-after--p\" style=\"text-align: justify;\">Vemos v\u00e1rios textos b\u00edblicos nos lembrando de uma esperan\u00e7a com Deus no futuro e vivemos como se este futuro n\u00e3o existisse, somente o aqui e agora.<\/p>\n<p id=\"07bb\" class=\"graf graf--p graf-after--p\" style=\"text-align: justify;\">Lembremo-nos do princ\u00edpio da reforma. E vamos nos lembrar de estarmos em constante reforma.<\/p>\n<p id=\"74a3\" class=\"graf graf--p graf-after--p graf--trailing\" style=\"text-align: justify;\"><em class=\"markup--em markup--p-em\">Ecclesia semper reformanda est.<\/em><\/p>\n","protected":false},"excerpt":{"rendered":"<p>Hoje, 31 de Outubro, igrejas protestantes e evang\u00e9licas pelo mundo tem uma data importante para lembrar\u200a\u2014\u200ao momento em que Martinho Lutero colocou [&hellip;]<\/p>\n","protected":false},"author":16,"featured_media":15617,"comment_status":"open","ping_status":"open","sticky":false,"template":"","format":"standard","meta":{"_exactmetrics_skip_tracking":false,"_exactmetrics_sitenote_active":false,"_exactmetrics_sitenote_note":"","_exactmetrics_sitenote_category":0,"footnotes":"","_links_to":"","_links_to_target":""},"categories":[112,6879],"tags":[7239,7240,1372,779,1881],"class_list":{"0":"post-15616","1":"post","2":"type-post","3":"status-publish","4":"format-standard","5":"has-post-thumbnail","6":"hentry","7":"category-artigos","8":"category-reforma-protestante","9":"tag-31-de-outubro","10":"tag-501-anos","11":"tag-lutero","12":"tag-martinho-lutero","13":"tag-reforma-protestante","15":"post-with-thumbnail","16":"post-with-thumbnail-large"},"yoast_head":"<!-- This site is optimized with the Yoast SEO plugin v27.1.1 - https:\/\/yoast.com\/product\/yoast-seo-wordpress\/ -->\n<title>\u00c9 Bom J\u00e1 Ir Se Reformando - Crentassos Produ\u00e7\u00f5es Subversivas<\/title>\n<meta name=\"description\" content=\"Hoje, 31 de Outubro, igrejas protestantes e evang\u00e9licas pelo mundo tem uma data importante para lembrar. Mas pelo menos a igreja brasileira n\u00e3o tem muito o que celebrar.\" \/>\n<meta name=\"robots\" content=\"index, follow, max-snippet:-1, max-image-preview:large, max-video-preview:-1\" \/>\n<link rel=\"canonical\" href=\"https:\/\/crentassos.com.br\/blog\/2018\/10\/e-bom-ja-ir-se-reformando.html\" \/>\n<meta property=\"og:locale\" content=\"pt_BR\" \/>\n<meta property=\"og:type\" content=\"article\" \/>\n<meta property=\"og:title\" content=\"\u00c9 Bom J\u00e1 Ir Se Reformando - Crentassos Produ\u00e7\u00f5es Subversivas\" \/>\n<meta property=\"og:description\" content=\"Hoje, 31 de Outubro, igrejas protestantes e evang\u00e9licas pelo mundo tem uma data importante para lembrar. Mas pelo menos a igreja brasileira n\u00e3o tem muito o que celebrar.\" \/>\n<meta property=\"og:url\" content=\"https:\/\/crentassos.com.br\/blog\/2018\/10\/e-bom-ja-ir-se-reformando.html\" \/>\n<meta property=\"og:site_name\" content=\"Crentassos Produ\u00e7\u00f5es Subversivas\" \/>\n<meta property=\"article:publisher\" content=\"http:\/\/www.facebook.com\/crentassos\" \/>\n<meta property=\"article:published_time\" content=\"2018-10-31T16:47:03+00:00\" \/>\n<meta property=\"article:modified_time\" content=\"2019-01-09T13:49:42+00:00\" \/>\n<meta property=\"og:image\" content=\"https:\/\/crentassos.com.br\/blog\/wp-content\/uploads\/2018\/10\/thesis.jpg\" \/>\n\t<meta property=\"og:image:width\" content=\"1024\" \/>\n\t<meta property=\"og:image:height\" content=\"476\" \/>\n\t<meta property=\"og:image:type\" content=\"image\/jpeg\" \/>\n<meta name=\"author\" content=\"Thiago Paiva\" \/>\n<meta name=\"twitter:card\" content=\"summary_large_image\" \/>\n<meta name=\"twitter:creator\" content=\"@crentassos\" \/>\n<meta name=\"twitter:site\" content=\"@crentassos\" \/>\n<meta name=\"twitter:label1\" content=\"Escrito por\" \/>\n\t<meta name=\"twitter:data1\" content=\"Thiago Paiva\" \/>\n\t<meta name=\"twitter:label2\" content=\"Est. tempo de leitura\" \/>\n\t<meta name=\"twitter:data2\" content=\"2 minutos\" \/>\n<script type=\"application\/ld+json\" class=\"yoast-schema-graph\">{\"@context\":\"https:\/\/schema.org\",\"@graph\":[{\"@type\":\"Article\",\"@id\":\"https:\/\/crentassos.com.br\/blog\/2018\/10\/e-bom-ja-ir-se-reformando.html#article\",\"isPartOf\":{\"@id\":\"https:\/\/crentassos.com.br\/blog\/2018\/10\/e-bom-ja-ir-se-reformando.html\"},\"author\":{\"name\":\"Thiago Paiva\",\"@id\":\"https:\/\/crentassos.com.br\/blog\/#\/schema\/person\/be85b58e1dcbf373bfa3ca62104d9740\"},\"headline\":\"\u00c9 Bom J\u00e1 Ir Se Reformando\",\"datePublished\":\"2018-10-31T16:47:03+00:00\",\"dateModified\":\"2019-01-09T13:49:42+00:00\",\"mainEntityOfPage\":{\"@id\":\"https:\/\/crentassos.com.br\/blog\/2018\/10\/e-bom-ja-ir-se-reformando.html\"},\"wordCount\":323,\"commentCount\":0,\"publisher\":{\"@id\":\"https:\/\/crentassos.com.br\/blog\/#organization\"},\"image\":{\"@id\":\"https:\/\/crentassos.com.br\/blog\/2018\/10\/e-bom-ja-ir-se-reformando.html#primaryimage\"},\"thumbnailUrl\":\"https:\/\/crentassos.com.br\/blog\/wp-content\/uploads\/2018\/10\/thesis.jpg\",\"keywords\":[\"31 de outubro\",\"501 anos\",\"Lutero\",\"martinho lutero\",\"reforma protestante\"],\"articleSection\":[\"Artigos\",\"reforma protestante\"],\"inLanguage\":\"pt-BR\",\"potentialAction\":[{\"@type\":\"CommentAction\",\"name\":\"Comment\",\"target\":[\"https:\/\/crentassos.com.br\/blog\/2018\/10\/e-bom-ja-ir-se-reformando.html#respond\"]}]},{\"@type\":\"WebPage\",\"@id\":\"https:\/\/crentassos.com.br\/blog\/2018\/10\/e-bom-ja-ir-se-reformando.html\",\"url\":\"https:\/\/crentassos.com.br\/blog\/2018\/10\/e-bom-ja-ir-se-reformando.html\",\"name\":\"\u00c9 Bom J\u00e1 Ir Se Reformando - Crentassos Produ\u00e7\u00f5es Subversivas\",\"isPartOf\":{\"@id\":\"https:\/\/crentassos.com.br\/blog\/#website\"},\"primaryImageOfPage\":{\"@id\":\"https:\/\/crentassos.com.br\/blog\/2018\/10\/e-bom-ja-ir-se-reformando.html#primaryimage\"},\"image\":{\"@id\":\"https:\/\/crentassos.com.br\/blog\/2018\/10\/e-bom-ja-ir-se-reformando.html#primaryimage\"},\"thumbnailUrl\":\"https:\/\/crentassos.com.br\/blog\/wp-content\/uploads\/2018\/10\/thesis.jpg\",\"datePublished\":\"2018-10-31T16:47:03+00:00\",\"dateModified\":\"2019-01-09T13:49:42+00:00\",\"description\":\"Hoje, 31 de Outubro, igrejas protestantes e evang\u00e9licas pelo mundo tem uma data importante para lembrar. Mas pelo menos a igreja brasileira n\u00e3o tem muito o que celebrar.\",\"breadcrumb\":{\"@id\":\"https:\/\/crentassos.com.br\/blog\/2018\/10\/e-bom-ja-ir-se-reformando.html#breadcrumb\"},\"inLanguage\":\"pt-BR\",\"potentialAction\":[{\"@type\":\"ReadAction\",\"target\":[\"https:\/\/crentassos.com.br\/blog\/2018\/10\/e-bom-ja-ir-se-reformando.html\"]}]},{\"@type\":\"ImageObject\",\"inLanguage\":\"pt-BR\",\"@id\":\"https:\/\/crentassos.com.br\/blog\/2018\/10\/e-bom-ja-ir-se-reformando.html#primaryimage\",\"url\":\"https:\/\/crentassos.com.br\/blog\/wp-content\/uploads\/2018\/10\/thesis.jpg\",\"contentUrl\":\"https:\/\/crentassos.com.br\/blog\/wp-content\/uploads\/2018\/10\/thesis.jpg\",\"width\":1024,\"height\":476,\"caption\":\"Desenho retratando o momento em que Martinho Lutero prega suas teses na catedral de Wittenberg. (Se souberem a autoria me avisem\u200a\u2014\u200afonte: https:\/\/www.horaluterana.org.br\/as-95-teses\/)\"},{\"@type\":\"BreadcrumbList\",\"@id\":\"https:\/\/crentassos.com.br\/blog\/2018\/10\/e-bom-ja-ir-se-reformando.html#breadcrumb\",\"itemListElement\":[{\"@type\":\"ListItem\",\"position\":1,\"name\":\"Home\",\"item\":\"https:\/\/crentassos.com.br\/blog\/\"},{\"@type\":\"ListItem\",\"position\":2,\"name\":\"\u00c9 Bom J\u00e1 Ir Se Reformando\"}]},{\"@type\":\"WebSite\",\"@id\":\"https:\/\/crentassos.com.br\/blog\/#website\",\"url\":\"https:\/\/crentassos.com.br\/blog\/\",\"name\":\"Crentassos Produ\u00e7\u00f5es Subversivas\",\"description\":\"Podcast Crist\u00e3o, Podcrent, Da Prateleira, Artigos crist\u00e3os, Teologia, Estudos, Textos B\u00edblicos\",\"publisher\":{\"@id\":\"https:\/\/crentassos.com.br\/blog\/#organization\"},\"potentialAction\":[{\"@type\":\"SearchAction\",\"target\":{\"@type\":\"EntryPoint\",\"urlTemplate\":\"https:\/\/crentassos.com.br\/blog\/?s={search_term_string}\"},\"query-input\":{\"@type\":\"PropertyValueSpecification\",\"valueRequired\":true,\"valueName\":\"search_term_string\"}}],\"inLanguage\":\"pt-BR\"},{\"@type\":\"Organization\",\"@id\":\"https:\/\/crentassos.com.br\/blog\/#organization\",\"name\":\"Crentassos Produ\u00e7\u00f5es Subversivas\",\"url\":\"https:\/\/crentassos.com.br\/blog\/\",\"logo\":{\"@type\":\"ImageObject\",\"inLanguage\":\"pt-BR\",\"@id\":\"https:\/\/crentassos.com.br\/blog\/#\/schema\/logo\/image\/\",\"url\":\"https:\/\/crentassos.com.br\/blog\/wp-content\/uploads\/2020\/05\/cropped-crentassos1-300x300png.png\",\"contentUrl\":\"https:\/\/crentassos.com.br\/blog\/wp-content\/uploads\/2020\/05\/cropped-crentassos1-300x300png.png\",\"width\":300,\"height\":300,\"caption\":\"Crentassos Produ\u00e7\u00f5es Subversivas\"},\"image\":{\"@id\":\"https:\/\/crentassos.com.br\/blog\/#\/schema\/logo\/image\/\"},\"sameAs\":[\"http:\/\/www.facebook.com\/crentassos\",\"https:\/\/x.com\/crentassos\",\"https:\/\/www.instagram.com\/crentassos\",\"https:\/\/www.youtube.com\/crentassos\"]},{\"@type\":\"Person\",\"@id\":\"https:\/\/crentassos.com.br\/blog\/#\/schema\/person\/be85b58e1dcbf373bfa3ca62104d9740\",\"name\":\"Thiago Paiva\",\"image\":{\"@type\":\"ImageObject\",\"inLanguage\":\"pt-BR\",\"@id\":\"https:\/\/crentassos.com.br\/blog\/#\/schema\/person\/image\/\",\"url\":\"https:\/\/secure.gravatar.com\/avatar\/31ee4a89177e58c718a2c658ac0d0b647e4c2e5f94a3e91feedba2fb027c93fe?s=96&d=retro&r=g\",\"contentUrl\":\"https:\/\/secure.gravatar.com\/avatar\/31ee4a89177e58c718a2c658ac0d0b647e4c2e5f94a3e91feedba2fb027c93fe?s=96&d=retro&r=g\",\"caption\":\"Thiago Paiva\"},\"description\":\"Analista de sistemas, professor e um eterno entusiasmado em teologia. Um pecador perdoado.\",\"url\":\"https:\/\/crentassos.com.br\/blog\/author\/paiva_thiago\"}]}<\/script>\n<!-- \/ Yoast SEO plugin. -->","yoast_head_json":{"title":"\u00c9 Bom J\u00e1 Ir Se Reformando - Crentassos Produ\u00e7\u00f5es Subversivas","description":"Hoje, 31 de Outubro, igrejas protestantes e evang\u00e9licas pelo mundo tem uma data importante para lembrar. Mas pelo menos a igreja brasileira n\u00e3o tem muito o que celebrar.","robots":{"index":"index","follow":"follow","max-snippet":"max-snippet:-1","max-image-preview":"max-image-preview:large","max-video-preview":"max-video-preview:-1"},"canonical":"https:\/\/crentassos.com.br\/blog\/2018\/10\/e-bom-ja-ir-se-reformando.html","og_locale":"pt_BR","og_type":"article","og_title":"\u00c9 Bom J\u00e1 Ir Se Reformando - Crentassos Produ\u00e7\u00f5es Subversivas","og_description":"Hoje, 31 de Outubro, igrejas protestantes e evang\u00e9licas pelo mundo tem uma data importante para lembrar. Mas pelo menos a igreja brasileira n\u00e3o tem muito o que celebrar.","og_url":"https:\/\/crentassos.com.br\/blog\/2018\/10\/e-bom-ja-ir-se-reformando.html","og_site_name":"Crentassos Produ\u00e7\u00f5es Subversivas","article_publisher":"http:\/\/www.facebook.com\/crentassos","article_published_time":"2018-10-31T16:47:03+00:00","article_modified_time":"2019-01-09T13:49:42+00:00","og_image":[{"width":1024,"height":476,"url":"https:\/\/crentassos.com.br\/blog\/wp-content\/uploads\/2018\/10\/thesis.jpg","type":"image\/jpeg"}],"author":"Thiago Paiva","twitter_card":"summary_large_image","twitter_creator":"@crentassos","twitter_site":"@crentassos","twitter_misc":{"Escrito por":"Thiago Paiva","Est. tempo de leitura":"2 minutos"},"schema":{"@context":"https:\/\/schema.org","@graph":[{"@type":"Article","@id":"https:\/\/crentassos.com.br\/blog\/2018\/10\/e-bom-ja-ir-se-reformando.html#article","isPartOf":{"@id":"https:\/\/crentassos.com.br\/blog\/2018\/10\/e-bom-ja-ir-se-reformando.html"},"author":{"name":"Thiago Paiva","@id":"https:\/\/crentassos.com.br\/blog\/#\/schema\/person\/be85b58e1dcbf373bfa3ca62104d9740"},"headline":"\u00c9 Bom J\u00e1 Ir Se Reformando","datePublished":"2018-10-31T16:47:03+00:00","dateModified":"2019-01-09T13:49:42+00:00","mainEntityOfPage":{"@id":"https:\/\/crentassos.com.br\/blog\/2018\/10\/e-bom-ja-ir-se-reformando.html"},"wordCount":323,"commentCount":0,"publisher":{"@id":"https:\/\/crentassos.com.br\/blog\/#organization"},"image":{"@id":"https:\/\/crentassos.com.br\/blog\/2018\/10\/e-bom-ja-ir-se-reformando.html#primaryimage"},"thumbnailUrl":"https:\/\/crentassos.com.br\/blog\/wp-content\/uploads\/2018\/10\/thesis.jpg","keywords":["31 de outubro","501 anos","Lutero","martinho lutero","reforma protestante"],"articleSection":["Artigos","reforma protestante"],"inLanguage":"pt-BR","potentialAction":[{"@type":"CommentAction","name":"Comment","target":["https:\/\/crentassos.com.br\/blog\/2018\/10\/e-bom-ja-ir-se-reformando.html#respond"]}]},{"@type":"WebPage","@id":"https:\/\/crentassos.com.br\/blog\/2018\/10\/e-bom-ja-ir-se-reformando.html","url":"https:\/\/crentassos.com.br\/blog\/2018\/10\/e-bom-ja-ir-se-reformando.html","name":"\u00c9 Bom J\u00e1 Ir Se Reformando - Crentassos Produ\u00e7\u00f5es Subversivas","isPartOf":{"@id":"https:\/\/crentassos.com.br\/blog\/#website"},"primaryImageOfPage":{"@id":"https:\/\/crentassos.com.br\/blog\/2018\/10\/e-bom-ja-ir-se-reformando.html#primaryimage"},"image":{"@id":"https:\/\/crentassos.com.br\/blog\/2018\/10\/e-bom-ja-ir-se-reformando.html#primaryimage"},"thumbnailUrl":"https:\/\/crentassos.com.br\/blog\/wp-content\/uploads\/2018\/10\/thesis.jpg","datePublished":"2018-10-31T16:47:03+00:00","dateModified":"2019-01-09T13:49:42+00:00","description":"Hoje, 31 de Outubro, igrejas protestantes e evang\u00e9licas pelo mundo tem uma data importante para lembrar. Mas pelo menos a igreja brasileira n\u00e3o tem muito o que celebrar.","breadcrumb":{"@id":"https:\/\/crentassos.com.br\/blog\/2018\/10\/e-bom-ja-ir-se-reformando.html#breadcrumb"},"inLanguage":"pt-BR","potentialAction":[{"@type":"ReadAction","target":["https:\/\/crentassos.com.br\/blog\/2018\/10\/e-bom-ja-ir-se-reformando.html"]}]},{"@type":"ImageObject","inLanguage":"pt-BR","@id":"https:\/\/crentassos.com.br\/blog\/2018\/10\/e-bom-ja-ir-se-reformando.html#primaryimage","url":"https:\/\/crentassos.com.br\/blog\/wp-content\/uploads\/2018\/10\/thesis.jpg","contentUrl":"https:\/\/crentassos.com.br\/blog\/wp-content\/uploads\/2018\/10\/thesis.jpg","width":1024,"height":476,"caption":"Desenho retratando o momento em que Martinho Lutero prega suas teses na catedral de Wittenberg. (Se souberem a autoria me avisem\u200a\u2014\u200afonte: https:\/\/www.horaluterana.org.br\/as-95-teses\/)"},{"@type":"BreadcrumbList","@id":"https:\/\/crentassos.com.br\/blog\/2018\/10\/e-bom-ja-ir-se-reformando.html#breadcrumb","itemListElement":[{"@type":"ListItem","position":1,"name":"Home","item":"https:\/\/crentassos.com.br\/blog\/"},{"@type":"ListItem","position":2,"name":"\u00c9 Bom J\u00e1 Ir Se Reformando"}]},{"@type":"WebSite","@id":"https:\/\/crentassos.com.br\/blog\/#website","url":"https:\/\/crentassos.com.br\/blog\/","name":"Crentassos Produ\u00e7\u00f5es Subversivas","description":"Podcast Crist\u00e3o, Podcrent, Da Prateleira, Artigos crist\u00e3os, Teologia, Estudos, Textos B\u00edblicos","publisher":{"@id":"https:\/\/crentassos.com.br\/blog\/#organization"},"potentialAction":[{"@type":"SearchAction","target":{"@type":"EntryPoint","urlTemplate":"https:\/\/crentassos.com.br\/blog\/?s={search_term_string}"},"query-input":{"@type":"PropertyValueSpecification","valueRequired":true,"valueName":"search_term_string"}}],"inLanguage":"pt-BR"},{"@type":"Organization","@id":"https:\/\/crentassos.com.br\/blog\/#organization","name":"Crentassos Produ\u00e7\u00f5es Subversivas","url":"https:\/\/crentassos.com.br\/blog\/","logo":{"@type":"ImageObject","inLanguage":"pt-BR","@id":"https:\/\/crentassos.com.br\/blog\/#\/schema\/logo\/image\/","url":"https:\/\/crentassos.com.br\/blog\/wp-content\/uploads\/2020\/05\/cropped-crentassos1-300x300png.png","contentUrl":"https:\/\/crentassos.com.br\/blog\/wp-content\/uploads\/2020\/05\/cropped-crentassos1-300x300png.png","width":300,"height":300,"caption":"Crentassos Produ\u00e7\u00f5es Subversivas"},"image":{"@id":"https:\/\/crentassos.com.br\/blog\/#\/schema\/logo\/image\/"},"sameAs":["http:\/\/www.facebook.com\/crentassos","https:\/\/x.com\/crentassos","https:\/\/www.instagram.com\/crentassos","https:\/\/www.youtube.com\/crentassos"]},{"@type":"Person","@id":"https:\/\/crentassos.com.br\/blog\/#\/schema\/person\/be85b58e1dcbf373bfa3ca62104d9740","name":"Thiago Paiva","image":{"@type":"ImageObject","inLanguage":"pt-BR","@id":"https:\/\/crentassos.com.br\/blog\/#\/schema\/person\/image\/","url":"https:\/\/secure.gravatar.com\/avatar\/31ee4a89177e58c718a2c658ac0d0b647e4c2e5f94a3e91feedba2fb027c93fe?s=96&d=retro&r=g","contentUrl":"https:\/\/secure.gravatar.com\/avatar\/31ee4a89177e58c718a2c658ac0d0b647e4c2e5f94a3e91feedba2fb027c93fe?s=96&d=retro&r=g","caption":"Thiago Paiva"},"description":"Analista de sistemas, professor e um eterno entusiasmado em teologia. Um pecador perdoado.","url":"https:\/\/crentassos.com.br\/blog\/author\/paiva_thiago"}]}},"_links":{"self":[{"href":"https:\/\/crentassos.com.br\/blog\/wp-json\/wp\/v2\/posts\/15616","targetHints":{"allow":["GET"]}}],"collection":[{"href":"https:\/\/crentassos.com.br\/blog\/wp-json\/wp\/v2\/posts"}],"about":[{"href":"https:\/\/crentassos.com.br\/blog\/wp-json\/wp\/v2\/types\/post"}],"author":[{"embeddable":true,"href":"https:\/\/crentassos.com.br\/blog\/wp-json\/wp\/v2\/users\/16"}],"replies":[{"embeddable":true,"href":"https:\/\/crentassos.com.br\/blog\/wp-json\/wp\/v2\/comments?post=15616"}],"version-history":[{"count":4,"href":"https:\/\/crentassos.com.br\/blog\/wp-json\/wp\/v2\/posts\/15616\/revisions"}],"predecessor-version":[{"id":15622,"href":"https:\/\/crentassos.com.br\/blog\/wp-json\/wp\/v2\/posts\/15616\/revisions\/15622"}],"wp:featuredmedia":[{"embeddable":true,"href":"https:\/\/crentassos.com.br\/blog\/wp-json\/wp\/v2\/media\/15617"}],"wp:attachment":[{"href":"https:\/\/crentassos.com.br\/blog\/wp-json\/wp\/v2\/media?parent=15616"}],"wp:term":[{"taxonomy":"category","embeddable":true,"href":"https:\/\/crentassos.com.br\/blog\/wp-json\/wp\/v2\/categories?post=15616"},{"taxonomy":"post_tag","embeddable":true,"href":"https:\/\/crentassos.com.br\/blog\/wp-json\/wp\/v2\/tags?post=15616"}],"curies":[{"name":"wp","href":"https:\/\/api.w.org\/{rel}","templated":true}]}}