{"id":1531,"date":"2010-04-08T11:00:00","date_gmt":"2010-04-08T13:00:00","guid":{"rendered":"http:\/\/oueleouela.wordpress.com\/2010\/04\/08\/parem-o-trem-eu-quero-descer"},"modified":"2012-12-11T15:09:35","modified_gmt":"2012-12-11T18:09:35","slug":"parem-o-trem-eu-quero-descer","status":"publish","type":"post","link":"https:\/\/crentassos.com.br\/blog\/2010\/04\/parem-o-trem-eu-quero-descer.html","title":{"rendered":"PAREM O TREM, eu quero descer!"},"content":{"rendered":"<div class=\"separator\"><span style=\"font-size: small;\"><a style=\"clear: right; float: right; margin-bottom: 1em; margin-left: 1em;\" href=\"http:\/\/oueleouela.files.wordpress.com\/2010\/04\/curiosidades_trem_lotado.jpg\"><img decoding=\"async\" src=\"http:\/\/oueleouela.files.wordpress.com\/2010\/04\/curiosidades_trem_lotado.jpg?w=300\" alt=\"\" border=\"0\" \/><\/a><\/span><\/div>\n<div><span style=\"font-size: small;\"><br \/>\n<\/span><\/div>\n<div><span style=\"font-size: small;\">J\u00e1 passei da casa do cinquenta anos de vida. Tamb\u00e9m j\u00e1 passei da casa dos 40 como nascido de novo e confesso que j\u00e1 estou cansado, estafado, muitas vezes decepcionado, fico enojado quase que diariamente, e louco, mas louco mesmo, para ir logo para a minha \u201ccasa\u201d, junto ao Pai.<\/span><\/div>\n<div><span style=\"font-size: small;\"><br \/>\n<\/span><\/div>\n<div><span style=\"font-size: small;\">Cansei. Cansei dos pastores mediocres, n\u00e3o no intelecto (isso n\u00e3o!), pois j\u00e1 conheci muitos homens simples e sem educa\u00e7\u00e3o formal, mas verdadeiras sumidades na sabedoria de vida. Os mediocres a que me refiro s\u00e3o todos aqueles que se acham donos da verdade, donos das ovelhas de Cristo, donos da igreja (\u201ci\u201d min\u00fasculo), donos das \u201cnovas revela\u00e7\u00f5es\u201d.<\/span><span style=\"font-size: small;\"> &#8230;<\/span><\/div>\n<p><a name=\"more\"><\/a><\/p>\n<div><span style=\"font-size: small;\"><br \/>\n<\/span><\/div>\n<div><span style=\"font-size: small;\">Cansei dos n\u00e9o ap\u00f3stolos, paip\u00f3stolos, n\u00e9o bispos, curandeiros, n\u00e9o macumbeiros, das universais, mundiais, internacionais, apost\u00f3licas, renascentes e tudo o mais que vier \u00e0 mente. E olha que n\u00e3o faltam nomes e adjetivos. Como esse meio \u201cn\u00e9o\u201d \u00e9 criativo.<\/span><\/div>\n<div><span style=\"font-size: small;\"><br \/>\n<\/span><\/div>\n<div><span style=\"font-size: small;\">Cansei dos te\u00edsmos relacionais, abertos e fechados. Cansei dos eruditos, dos intelectuais, dos mestrados, doutorados e ph\u2019s. Veja que escrevo tudo em min\u00fasculo. Fa\u00e7o quest\u00e3o disso, pois nada s\u00e3o al\u00e9m de sepulcros caiados. Po\u00e7os de vaidade humana, com seus diplomas pendurados nas paredes de seus escrit\u00f3rios, mas sem amor nenhum para dar \u00e0quele que pensa diferente dele, que sabe menos que ele.<\/span><\/div>\n<div><span style=\"font-size: small;\"><br \/>\n<\/span><\/div>\n<div><span style=\"font-size: small;\">Cansei das igrejas que s\u00f3 d\u00e3o valor aos seus m\u00e9todos e sistemas, aos seus programas e acham que s\u00e3o os melhores. Cansei das igrejas hist\u00f3ricas com suas portas fechadas e seu orgulho que \u00e9 pura vaidade. Cansei das pentecostais, das n\u00e9o, das emergentes e de todas que acham que tem a resposta e s\u00e3o o caminho a verdade e a vida, quando na verdade s\u00e3o lugar de morte!<\/span><\/div>\n<div><span style=\"font-size: small;\"><br \/>\n<\/span><\/div>\n<div><span style=\"font-size: small;\">Cansei das doutrinas da prosperidade, confiss\u00e3o positiva, auto ajuda, e tudo o mais que vem das mentes de homens associados ao diabo. E olha, voc\u00ea que est\u00e1 lendo isto, n\u00e3o venha criticar, questionar, esbravejar, sem antes estudar as origens de todos esses ensinos falsos. Eu j\u00e1 estudei, j\u00e1 fui longe o bastante pra saber das suas origens.<\/span><\/div>\n<div><span style=\"font-size: small;\"><br \/>\n<\/span><\/div>\n<div><span style=\"font-size: small;\">Cansei dos Malafaia, Estevam, Waldemiro e cia., Edir e cia., R.R. e cia., Feliciano e o movimento Gide\u00f5es, Cerullo, Murdock, meu Deus, eu ficaria a eternidade listando nomes!<\/span><\/div>\n<div><span style=\"font-size: small;\"><br \/>\n<\/span><\/div>\n<div><span style=\"font-size: small;\">Se este mundo est\u00e1 perdido, n\u00e3o \u00e9 por culpa do pecado reinante. Sim, \u00e9 isso mesmo que voc\u00ea leu. A culpa \u00e9 desta igreja mundanizada e humanista que est\u00e1 ai. A culpa \u00e9 dos pastores fracos de car\u00e1ter, que se acham donos da igreja, e s\u00f3 objetivam seu sucesso pessoal, o controle sobre a vida das ovelhas que s\u00e3o de Cristo e n\u00e3o deles, e muito dinheiro em suas contas. Que olham para a B\u00edblia com a inten\u00e7\u00e3o de tirar dela, picotando e torcendo, o respaldo para as suas sandices.<\/span><\/div>\n<div><span style=\"font-size: small;\"><br \/>\n<\/span><\/div>\n<div><span style=\"font-size: small;\">Cansei dos pol\u00edticos evang\u00e9licos, que mentem nos palanques, mentem nos p\u00falpitos, roubam \u00e0s escondidas, tramam os conchavos, igual aos homens mundanos e \u00edmpios. Como se n\u00e3o bastasse roubar o dinheiro das igrejas, roubam o dinheiro p\u00fablico e ainda agradecem a Deus. Verdadeira podrid\u00e3o!<\/span><\/div>\n<div><span style=\"font-size: small;\"><br \/>\n<\/span><\/div>\n<div><span style=\"font-size: small;\">Eu nem consigo mais terminar este texto que iniciei \u00e0 quatro dias. Escrevo e paro, escrevo e desisto, escrevo e me canso. Queria poder por pra fora tudo o que sinto. Ah, como gostaria de viver em outra \u00e9poca, e ouvir de perto Calvino, Spurgeon, MacCheyne, Lloyd-Jones, Tozer e tantos outros verdadeiros homens de Deus.<\/span><\/div>\n<div><span style=\"font-size: small;\"><br \/>\n<\/span><\/div>\n<div><span style=\"font-size: small;\">Estou cansado. Vou parar por aqui. N\u00e3o consigo mais pensar. Por favor, parem o trem que eu quero descer.<\/span><\/div>\n<div><span style=\"font-size: small;\"><br \/>\n<\/span><\/div>\n<div><span style=\"font-size: small;\">Autor: Pr. Menga<\/span><\/div>\n<div><span style=\"font-size: small;\">Fonte: [ <a href=\"http:\/\/smenga.blogspot.com\/2010\/04\/parem-o-trem-eu-quero-descer.html\">Soberana Gra\u00e7a<\/a> ]<\/span><\/div>\n<div><span style=\"font-size: small;\"><br \/>\n<\/span><\/div>\n<div><span style=\"font-size: small;\"><br \/>\n<\/span><\/div>\n<div><span style=\"font-size: small;\">***********************************<\/span><\/div>\n<div><span style=\"font-size: small;\"><br \/>\n<\/span><\/div>\n<div><span style=\"font-size: small;\"><br \/>\n<\/span><\/div>\n<div><span style=\"font-size: small;\">Ontem um irm\u00e3o de f\u00e9, de cora\u00e7\u00e3o e de caminhada (s\u00f3 n\u00e3o pode ser de sangue porque Deus tinha outros planos) me escreveu dizendo que estava preocupado comigo em virtude de meus coment\u00e1rios nos meus posts e de outros colaboradores. Muito provavelmente em fun\u00e7\u00e3o do meu cansa\u00e7o com rela\u00e7\u00e3o \u00e0 minha caminhada nesse vale denominado igreja. <\/span><\/div>\n<div><span style=\"font-size: small;\">Acabei de mudar de denomina\u00e7\u00e3o e tem sido bem bacana l\u00e1, mas vendo o que acontece ao meu redor&#8230; no meio dito evang\u00e9lico&#8230; d\u00e1 vontade de vomitar.<\/span><\/div>\n<div><span style=\"font-size: small;\">Fica at\u00e9 dif\u00edcil querer evangelizar meus companheiros de trabalho devido aos testemunhos do meio evang\u00e9lico, cada\u00a0 vez mais sectarista e oportunista.<\/span><\/div>\n<div><span style=\"font-size: small;\">Esse post que tirei do Blog dos Bereianos encontra for\u00e7a nos meus pensamentos&#8230;<\/span><\/div>\n<div><span style=\"font-size: small;\">Cansei de ser evang\u00e9lico!<\/span><\/div>\n<div><span style=\"font-size: small;\">Quero voltar ao evangelho puro.<\/span><\/div>\n<div><span style=\"font-size: small;\">Quero aprender a ser uma crist\u00e3o de verdade e parar de ser fantoche nas m\u00e3os de alguns.<\/span><\/div>\n<div><span style=\"font-size: small;\">Quero pensar, ser livre para escutar o que o Esp\u00edrito Santo tem a me dizer e n\u00e3o deixar que mensagens enlatadas e receitas de bolo tomem o tim\u00e3o da minha vida (e n\u00e3o estou falando do time n\u00e3o!!!)&#8230;<\/span><\/div>\n<div><span style=\"font-size: small;\">QUERO SER CRIST\u00c3O!<\/span><\/div>\n<div><span style=\"font-size: small;\"><br \/>\n<\/span><\/div>\n<div><span style=\"font-size: small;\">Soli Deo Gloria<\/span><\/div>\n","protected":false},"excerpt":{"rendered":"<p>J\u00e1 passei da casa do cinquenta anos de vida. Tamb\u00e9m j\u00e1 passei da casa dos 40 como nascido de novo e confesso [&hellip;]<\/p>\n","protected":false},"author":1,"featured_media":0,"comment_status":"open","ping_status":"closed","sticky":false,"template":"","format":"standard","meta":{"_exactmetrics_skip_tracking":false,"_exactmetrics_sitenote_active":false,"_exactmetrics_sitenote_note":"","_exactmetrics_sitenote_category":0,"footnotes":"","_links_to":"","_links_to_target":""},"categories":[112],"tags":[250,375,2856],"class_list":["post-1531","post","type-post","status-publish","format-standard","hentry","category-artigos","tag-bereianos","tag-cristao","tag-uncategorized"],"yoast_head":"<!-- This site is optimized with the Yoast SEO plugin v27.1.1 - https:\/\/yoast.com\/product\/yoast-seo-wordpress\/ -->\n<title>PAREM O TREM, eu quero descer! - Crentassos Produ\u00e7\u00f5es Subversivas<\/title>\n<meta name=\"robots\" content=\"index, follow, max-snippet:-1, max-image-preview:large, max-video-preview:-1\" \/>\n<link rel=\"canonical\" href=\"https:\/\/crentassos.com.br\/blog\/2010\/04\/parem-o-trem-eu-quero-descer.html\" \/>\n<meta property=\"og:locale\" content=\"pt_BR\" \/>\n<meta property=\"og:type\" content=\"article\" \/>\n<meta property=\"og:title\" content=\"PAREM O TREM, eu quero descer! - Crentassos Produ\u00e7\u00f5es Subversivas\" \/>\n<meta property=\"og:description\" content=\"J\u00e1 passei da casa do cinquenta anos de vida. Tamb\u00e9m j\u00e1 passei da casa dos 40 como nascido de novo e confesso [&hellip;]\" \/>\n<meta property=\"og:url\" content=\"https:\/\/crentassos.com.br\/blog\/2010\/04\/parem-o-trem-eu-quero-descer.html\" \/>\n<meta property=\"og:site_name\" content=\"Crentassos Produ\u00e7\u00f5es Subversivas\" \/>\n<meta property=\"article:publisher\" content=\"http:\/\/www.facebook.com\/crentassos\" \/>\n<meta property=\"article:published_time\" content=\"2010-04-08T13:00:00+00:00\" \/>\n<meta property=\"article:modified_time\" content=\"2012-12-11T18:09:35+00:00\" \/>\n<meta property=\"og:image\" content=\"http:\/\/oueleouela.files.wordpress.com\/2010\/04\/curiosidades_trem_lotado.jpg?w=300\" \/>\n<meta name=\"author\" content=\"Crentassos\" \/>\n<meta name=\"twitter:card\" content=\"summary_large_image\" \/>\n<meta name=\"twitter:creator\" content=\"@crentassos\" \/>\n<meta name=\"twitter:site\" content=\"@crentassos\" \/>\n<meta name=\"twitter:label1\" content=\"Escrito por\" \/>\n\t<meta name=\"twitter:data1\" content=\"Crentassos\" \/>\n\t<meta name=\"twitter:label2\" content=\"Est. tempo de leitura\" \/>\n\t<meta name=\"twitter:data2\" content=\"4 minutos\" \/>\n<script type=\"application\/ld+json\" class=\"yoast-schema-graph\">{\"@context\":\"https:\/\/schema.org\",\"@graph\":[{\"@type\":\"Article\",\"@id\":\"https:\/\/crentassos.com.br\/blog\/2010\/04\/parem-o-trem-eu-quero-descer.html#article\",\"isPartOf\":{\"@id\":\"https:\/\/crentassos.com.br\/blog\/2010\/04\/parem-o-trem-eu-quero-descer.html\"},\"author\":{\"name\":\"Crentassos\",\"@id\":\"https:\/\/crentassos.com.br\/blog\/#\/schema\/person\/c143e75f920e3ad15d83540f47db500c\"},\"headline\":\"PAREM O TREM, eu quero descer!\",\"datePublished\":\"2010-04-08T13:00:00+00:00\",\"dateModified\":\"2012-12-11T18:09:35+00:00\",\"mainEntityOfPage\":{\"@id\":\"https:\/\/crentassos.com.br\/blog\/2010\/04\/parem-o-trem-eu-quero-descer.html\"},\"wordCount\":825,\"commentCount\":0,\"publisher\":{\"@id\":\"https:\/\/crentassos.com.br\/blog\/#organization\"},\"image\":{\"@id\":\"https:\/\/crentassos.com.br\/blog\/2010\/04\/parem-o-trem-eu-quero-descer.html#primaryimage\"},\"thumbnailUrl\":\"http:\/\/oueleouela.files.wordpress.com\/2010\/04\/curiosidades_trem_lotado.jpg?w=300\",\"keywords\":[\"bereianos\",\"crist\u00e3o\",\"Uncategorized\"],\"articleSection\":[\"Artigos\"],\"inLanguage\":\"pt-BR\",\"potentialAction\":[{\"@type\":\"CommentAction\",\"name\":\"Comment\",\"target\":[\"https:\/\/crentassos.com.br\/blog\/2010\/04\/parem-o-trem-eu-quero-descer.html#respond\"]}]},{\"@type\":\"WebPage\",\"@id\":\"https:\/\/crentassos.com.br\/blog\/2010\/04\/parem-o-trem-eu-quero-descer.html\",\"url\":\"https:\/\/crentassos.com.br\/blog\/2010\/04\/parem-o-trem-eu-quero-descer.html\",\"name\":\"PAREM O TREM, eu quero descer! - Crentassos Produ\u00e7\u00f5es Subversivas\",\"isPartOf\":{\"@id\":\"https:\/\/crentassos.com.br\/blog\/#website\"},\"primaryImageOfPage\":{\"@id\":\"https:\/\/crentassos.com.br\/blog\/2010\/04\/parem-o-trem-eu-quero-descer.html#primaryimage\"},\"image\":{\"@id\":\"https:\/\/crentassos.com.br\/blog\/2010\/04\/parem-o-trem-eu-quero-descer.html#primaryimage\"},\"thumbnailUrl\":\"http:\/\/oueleouela.files.wordpress.com\/2010\/04\/curiosidades_trem_lotado.jpg?w=300\",\"datePublished\":\"2010-04-08T13:00:00+00:00\",\"dateModified\":\"2012-12-11T18:09:35+00:00\",\"breadcrumb\":{\"@id\":\"https:\/\/crentassos.com.br\/blog\/2010\/04\/parem-o-trem-eu-quero-descer.html#breadcrumb\"},\"inLanguage\":\"pt-BR\",\"potentialAction\":[{\"@type\":\"ReadAction\",\"target\":[\"https:\/\/crentassos.com.br\/blog\/2010\/04\/parem-o-trem-eu-quero-descer.html\"]}]},{\"@type\":\"ImageObject\",\"inLanguage\":\"pt-BR\",\"@id\":\"https:\/\/crentassos.com.br\/blog\/2010\/04\/parem-o-trem-eu-quero-descer.html#primaryimage\",\"url\":\"http:\/\/oueleouela.files.wordpress.com\/2010\/04\/curiosidades_trem_lotado.jpg?w=300\",\"contentUrl\":\"http:\/\/oueleouela.files.wordpress.com\/2010\/04\/curiosidades_trem_lotado.jpg?w=300\"},{\"@type\":\"BreadcrumbList\",\"@id\":\"https:\/\/crentassos.com.br\/blog\/2010\/04\/parem-o-trem-eu-quero-descer.html#breadcrumb\",\"itemListElement\":[{\"@type\":\"ListItem\",\"position\":1,\"name\":\"Home\",\"item\":\"https:\/\/crentassos.com.br\/blog\/\"},{\"@type\":\"ListItem\",\"position\":2,\"name\":\"PAREM O TREM, eu quero descer!\"}]},{\"@type\":\"WebSite\",\"@id\":\"https:\/\/crentassos.com.br\/blog\/#website\",\"url\":\"https:\/\/crentassos.com.br\/blog\/\",\"name\":\"Crentassos Produ\u00e7\u00f5es Subversivas\",\"description\":\"Podcast Crist\u00e3o, Podcrent, Da Prateleira, Artigos crist\u00e3os, Teologia, Estudos, Textos B\u00edblicos\",\"publisher\":{\"@id\":\"https:\/\/crentassos.com.br\/blog\/#organization\"},\"potentialAction\":[{\"@type\":\"SearchAction\",\"target\":{\"@type\":\"EntryPoint\",\"urlTemplate\":\"https:\/\/crentassos.com.br\/blog\/?s={search_term_string}\"},\"query-input\":{\"@type\":\"PropertyValueSpecification\",\"valueRequired\":true,\"valueName\":\"search_term_string\"}}],\"inLanguage\":\"pt-BR\"},{\"@type\":\"Organization\",\"@id\":\"https:\/\/crentassos.com.br\/blog\/#organization\",\"name\":\"Crentassos Produ\u00e7\u00f5es Subversivas\",\"url\":\"https:\/\/crentassos.com.br\/blog\/\",\"logo\":{\"@type\":\"ImageObject\",\"inLanguage\":\"pt-BR\",\"@id\":\"https:\/\/crentassos.com.br\/blog\/#\/schema\/logo\/image\/\",\"url\":\"https:\/\/crentassos.com.br\/blog\/wp-content\/uploads\/2020\/05\/cropped-crentassos1-300x300png.png\",\"contentUrl\":\"https:\/\/crentassos.com.br\/blog\/wp-content\/uploads\/2020\/05\/cropped-crentassos1-300x300png.png\",\"width\":300,\"height\":300,\"caption\":\"Crentassos Produ\u00e7\u00f5es Subversivas\"},\"image\":{\"@id\":\"https:\/\/crentassos.com.br\/blog\/#\/schema\/logo\/image\/\"},\"sameAs\":[\"http:\/\/www.facebook.com\/crentassos\",\"https:\/\/x.com\/crentassos\",\"https:\/\/www.instagram.com\/crentassos\",\"https:\/\/www.youtube.com\/crentassos\"]},{\"@type\":\"Person\",\"@id\":\"https:\/\/crentassos.com.br\/blog\/#\/schema\/person\/c143e75f920e3ad15d83540f47db500c\",\"name\":\"Crentassos\",\"image\":{\"@type\":\"ImageObject\",\"inLanguage\":\"pt-BR\",\"@id\":\"https:\/\/crentassos.com.br\/blog\/#\/schema\/person\/image\/\",\"url\":\"https:\/\/secure.gravatar.com\/avatar\/cb1b9c88bcd90ec2f909823639a352ece8d3a3cea59b9d08637fe057502fa227?s=96&d=retro&r=g\",\"contentUrl\":\"https:\/\/secure.gravatar.com\/avatar\/cb1b9c88bcd90ec2f909823639a352ece8d3a3cea59b9d08637fe057502fa227?s=96&d=retro&r=g\",\"caption\":\"Crentassos\"},\"description\":\"Perfil padr\u00e3o do blog dos Crentassos.\",\"sameAs\":[\"http:\/\/www.crentassos.com.br\"],\"url\":\"https:\/\/crentassos.com.br\/blog\/author\/crentassos\"}]}<\/script>\n<!-- \/ Yoast SEO plugin. -->","yoast_head_json":{"title":"PAREM O TREM, eu quero descer! - Crentassos Produ\u00e7\u00f5es Subversivas","robots":{"index":"index","follow":"follow","max-snippet":"max-snippet:-1","max-image-preview":"max-image-preview:large","max-video-preview":"max-video-preview:-1"},"canonical":"https:\/\/crentassos.com.br\/blog\/2010\/04\/parem-o-trem-eu-quero-descer.html","og_locale":"pt_BR","og_type":"article","og_title":"PAREM O TREM, eu quero descer! - Crentassos Produ\u00e7\u00f5es Subversivas","og_description":"J\u00e1 passei da casa do cinquenta anos de vida. Tamb\u00e9m j\u00e1 passei da casa dos 40 como nascido de novo e confesso [&hellip;]","og_url":"https:\/\/crentassos.com.br\/blog\/2010\/04\/parem-o-trem-eu-quero-descer.html","og_site_name":"Crentassos Produ\u00e7\u00f5es Subversivas","article_publisher":"http:\/\/www.facebook.com\/crentassos","article_published_time":"2010-04-08T13:00:00+00:00","article_modified_time":"2012-12-11T18:09:35+00:00","og_image":[{"url":"http:\/\/oueleouela.files.wordpress.com\/2010\/04\/curiosidades_trem_lotado.jpg?w=300","type":"","width":"","height":""}],"author":"Crentassos","twitter_card":"summary_large_image","twitter_creator":"@crentassos","twitter_site":"@crentassos","twitter_misc":{"Escrito por":"Crentassos","Est. tempo de leitura":"4 minutos"},"schema":{"@context":"https:\/\/schema.org","@graph":[{"@type":"Article","@id":"https:\/\/crentassos.com.br\/blog\/2010\/04\/parem-o-trem-eu-quero-descer.html#article","isPartOf":{"@id":"https:\/\/crentassos.com.br\/blog\/2010\/04\/parem-o-trem-eu-quero-descer.html"},"author":{"name":"Crentassos","@id":"https:\/\/crentassos.com.br\/blog\/#\/schema\/person\/c143e75f920e3ad15d83540f47db500c"},"headline":"PAREM O TREM, eu quero descer!","datePublished":"2010-04-08T13:00:00+00:00","dateModified":"2012-12-11T18:09:35+00:00","mainEntityOfPage":{"@id":"https:\/\/crentassos.com.br\/blog\/2010\/04\/parem-o-trem-eu-quero-descer.html"},"wordCount":825,"commentCount":0,"publisher":{"@id":"https:\/\/crentassos.com.br\/blog\/#organization"},"image":{"@id":"https:\/\/crentassos.com.br\/blog\/2010\/04\/parem-o-trem-eu-quero-descer.html#primaryimage"},"thumbnailUrl":"http:\/\/oueleouela.files.wordpress.com\/2010\/04\/curiosidades_trem_lotado.jpg?w=300","keywords":["bereianos","crist\u00e3o","Uncategorized"],"articleSection":["Artigos"],"inLanguage":"pt-BR","potentialAction":[{"@type":"CommentAction","name":"Comment","target":["https:\/\/crentassos.com.br\/blog\/2010\/04\/parem-o-trem-eu-quero-descer.html#respond"]}]},{"@type":"WebPage","@id":"https:\/\/crentassos.com.br\/blog\/2010\/04\/parem-o-trem-eu-quero-descer.html","url":"https:\/\/crentassos.com.br\/blog\/2010\/04\/parem-o-trem-eu-quero-descer.html","name":"PAREM O TREM, eu quero descer! - Crentassos Produ\u00e7\u00f5es Subversivas","isPartOf":{"@id":"https:\/\/crentassos.com.br\/blog\/#website"},"primaryImageOfPage":{"@id":"https:\/\/crentassos.com.br\/blog\/2010\/04\/parem-o-trem-eu-quero-descer.html#primaryimage"},"image":{"@id":"https:\/\/crentassos.com.br\/blog\/2010\/04\/parem-o-trem-eu-quero-descer.html#primaryimage"},"thumbnailUrl":"http:\/\/oueleouela.files.wordpress.com\/2010\/04\/curiosidades_trem_lotado.jpg?w=300","datePublished":"2010-04-08T13:00:00+00:00","dateModified":"2012-12-11T18:09:35+00:00","breadcrumb":{"@id":"https:\/\/crentassos.com.br\/blog\/2010\/04\/parem-o-trem-eu-quero-descer.html#breadcrumb"},"inLanguage":"pt-BR","potentialAction":[{"@type":"ReadAction","target":["https:\/\/crentassos.com.br\/blog\/2010\/04\/parem-o-trem-eu-quero-descer.html"]}]},{"@type":"ImageObject","inLanguage":"pt-BR","@id":"https:\/\/crentassos.com.br\/blog\/2010\/04\/parem-o-trem-eu-quero-descer.html#primaryimage","url":"http:\/\/oueleouela.files.wordpress.com\/2010\/04\/curiosidades_trem_lotado.jpg?w=300","contentUrl":"http:\/\/oueleouela.files.wordpress.com\/2010\/04\/curiosidades_trem_lotado.jpg?w=300"},{"@type":"BreadcrumbList","@id":"https:\/\/crentassos.com.br\/blog\/2010\/04\/parem-o-trem-eu-quero-descer.html#breadcrumb","itemListElement":[{"@type":"ListItem","position":1,"name":"Home","item":"https:\/\/crentassos.com.br\/blog\/"},{"@type":"ListItem","position":2,"name":"PAREM O TREM, eu quero descer!"}]},{"@type":"WebSite","@id":"https:\/\/crentassos.com.br\/blog\/#website","url":"https:\/\/crentassos.com.br\/blog\/","name":"Crentassos Produ\u00e7\u00f5es Subversivas","description":"Podcast Crist\u00e3o, Podcrent, Da Prateleira, Artigos crist\u00e3os, Teologia, Estudos, Textos B\u00edblicos","publisher":{"@id":"https:\/\/crentassos.com.br\/blog\/#organization"},"potentialAction":[{"@type":"SearchAction","target":{"@type":"EntryPoint","urlTemplate":"https:\/\/crentassos.com.br\/blog\/?s={search_term_string}"},"query-input":{"@type":"PropertyValueSpecification","valueRequired":true,"valueName":"search_term_string"}}],"inLanguage":"pt-BR"},{"@type":"Organization","@id":"https:\/\/crentassos.com.br\/blog\/#organization","name":"Crentassos Produ\u00e7\u00f5es Subversivas","url":"https:\/\/crentassos.com.br\/blog\/","logo":{"@type":"ImageObject","inLanguage":"pt-BR","@id":"https:\/\/crentassos.com.br\/blog\/#\/schema\/logo\/image\/","url":"https:\/\/crentassos.com.br\/blog\/wp-content\/uploads\/2020\/05\/cropped-crentassos1-300x300png.png","contentUrl":"https:\/\/crentassos.com.br\/blog\/wp-content\/uploads\/2020\/05\/cropped-crentassos1-300x300png.png","width":300,"height":300,"caption":"Crentassos Produ\u00e7\u00f5es Subversivas"},"image":{"@id":"https:\/\/crentassos.com.br\/blog\/#\/schema\/logo\/image\/"},"sameAs":["http:\/\/www.facebook.com\/crentassos","https:\/\/x.com\/crentassos","https:\/\/www.instagram.com\/crentassos","https:\/\/www.youtube.com\/crentassos"]},{"@type":"Person","@id":"https:\/\/crentassos.com.br\/blog\/#\/schema\/person\/c143e75f920e3ad15d83540f47db500c","name":"Crentassos","image":{"@type":"ImageObject","inLanguage":"pt-BR","@id":"https:\/\/crentassos.com.br\/blog\/#\/schema\/person\/image\/","url":"https:\/\/secure.gravatar.com\/avatar\/cb1b9c88bcd90ec2f909823639a352ece8d3a3cea59b9d08637fe057502fa227?s=96&d=retro&r=g","contentUrl":"https:\/\/secure.gravatar.com\/avatar\/cb1b9c88bcd90ec2f909823639a352ece8d3a3cea59b9d08637fe057502fa227?s=96&d=retro&r=g","caption":"Crentassos"},"description":"Perfil padr\u00e3o do blog dos Crentassos.","sameAs":["http:\/\/www.crentassos.com.br"],"url":"https:\/\/crentassos.com.br\/blog\/author\/crentassos"}]}},"_links":{"self":[{"href":"https:\/\/crentassos.com.br\/blog\/wp-json\/wp\/v2\/posts\/1531","targetHints":{"allow":["GET"]}}],"collection":[{"href":"https:\/\/crentassos.com.br\/blog\/wp-json\/wp\/v2\/posts"}],"about":[{"href":"https:\/\/crentassos.com.br\/blog\/wp-json\/wp\/v2\/types\/post"}],"author":[{"embeddable":true,"href":"https:\/\/crentassos.com.br\/blog\/wp-json\/wp\/v2\/users\/1"}],"replies":[{"embeddable":true,"href":"https:\/\/crentassos.com.br\/blog\/wp-json\/wp\/v2\/comments?post=1531"}],"version-history":[{"count":2,"href":"https:\/\/crentassos.com.br\/blog\/wp-json\/wp\/v2\/posts\/1531\/revisions"}],"predecessor-version":[{"id":7715,"href":"https:\/\/crentassos.com.br\/blog\/wp-json\/wp\/v2\/posts\/1531\/revisions\/7715"}],"wp:attachment":[{"href":"https:\/\/crentassos.com.br\/blog\/wp-json\/wp\/v2\/media?parent=1531"}],"wp:term":[{"taxonomy":"category","embeddable":true,"href":"https:\/\/crentassos.com.br\/blog\/wp-json\/wp\/v2\/categories?post=1531"},{"taxonomy":"post_tag","embeddable":true,"href":"https:\/\/crentassos.com.br\/blog\/wp-json\/wp\/v2\/tags?post=1531"}],"curies":[{"name":"wp","href":"https:\/\/api.w.org\/{rel}","templated":true}]}}