{"id":1530,"date":"2010-04-08T12:36:00","date_gmt":"2010-04-08T14:36:00","guid":{"rendered":"http:\/\/oueleouela.wordpress.com\/2010\/04\/08\/o-paradoxo-do-nosso-tempo"},"modified":"2010-04-08T12:36:00","modified_gmt":"2010-04-08T14:36:00","slug":"o-paradoxo-do-nosso-tempo","status":"publish","type":"post","link":"https:\/\/crentassos.com.br\/blog\/2010\/04\/o-paradoxo-do-nosso-tempo.html","title":{"rendered":"O Paradoxo do nosso Tempo"},"content":{"rendered":"<div class=\"separator\" style=\"clear:both;text-align:center;\"><a href=\"http:\/\/1.bp.blogspot.com\/_5cHnWPICbmA\/S74NP7R97vI\/AAAAAAAAAvk\/L2YYp4o-mig\/s1600\/trilho.jpg\" style=\"clear:left;float:left;margin-bottom:1em;margin-right:1em;\"><img loading=\"lazy\" decoding=\"async\" border=\"0\" height=\"200\" src=\"http:\/\/1.bp.blogspot.com\/_5cHnWPICbmA\/S74NP7R97vI\/AAAAAAAAAvk\/L2YYp4o-mig\/s200\/trilho.jpg\" width=\"148\" \/><\/a><\/div>\n<p><span style=\"font-family:Verdana,sans-serif;\">Ol\u00e1 a todos!<\/span><\/p>\n<p><span style=\"font-family:Verdana,sans-serif;\">Me permitam postar uma reflex\u00e3o,feita por George Carlin que chegou as minhas m\u00e3os hoje atrav\u00e9s da minha querida e amada esposa. Pra quem n\u00e3o sabe, Carlin foi um comediante,ator e autor norte-americano. Tamb\u00e9m foi um cr\u00edtico das religi\u00f5es, ateu convicto, principalmente do sentido da culpa e do controle social, defendia valores seculares. Mas voc\u00ea pode se perguntar, o que um ateu pode me ensinar sobre a vida? Se tiver curiosidade, leia o texto abaixo&#8230;<\/span><\/p>\n<p><span style=\"font-family:Verdana,sans-serif;\">&#8220;O Paradoxo do nosso tempo&#8221;<\/span><\/p>\n<p><span style=\"font-family:Verdana,sans-serif;\">N\u00f3s bebemos demais, fumamos demais, gastamos sem crit\u00e9rios, dirigimos r\u00e1pido demais, ficamos acordados at\u00e9 muito mais tarde, acordamos muito cansados, lemos muito pouco, assistimos TV demais e rezamos raramente.<\/span>..<\/p>\n<p><a name='more'><\/a><br style=\"font-family:Verdana,sans-serif;\" \/><br \/><span style=\"font-family:Verdana,sans-serif;\">Multiplicamos nossos bens, mas reduzimos nossos valores. N\u00f3s falamos demais, amamos raramente, odiamos freq\u00fcentemente. Aprendemos a sobreviver, mas n\u00e3o a viver; adicionamos anos \u00e0 nossa vida e n\u00e3o vida aos nossos anos.<\/span><\/p>\n<p><span style=\"font-family:Verdana,sans-serif;\">Fomos e voltamos \u00e0 Lua, mas temos dificuldade em cruzar a rua e encontrar um novo vizinho. Conquistamos o espa\u00e7o, mas n\u00e3o o nosso pr\u00f3prio.<\/span><\/p>\n<p><span style=\"font-family:Verdana,sans-serif;\">Fizemos muitas coisas maiores, mas pouqu\u00edssimas melhores.<\/span><\/p>\n<p><span style=\"font-family:Verdana,sans-serif;\">Limpamos o ar, mas polu\u00edmos a alma; dominamos o \u00e1tomo, mas n\u00e3o nosso preconceito; escrevemos mais, mas aprendemos menos; planejamos mais, mas realizamos menos.<\/span><\/p>\n<p><span style=\"font-family:Verdana,sans-serif;\">Aprendemos a nos apressar e n\u00e3o, a esperar.<\/span><\/p>\n<p><span style=\"font-family:Verdana,sans-serif;\">Constru\u00edmos mais computadores para armazenar mais informa\u00e7\u00e3o, produzir mais c\u00f3pias do que nunca, mas nos comunicamos menos.<\/span><\/p>\n<p><span style=\"font-family:Verdana,sans-serif;\">Estamos na era do &#8216;fast-food&#8217; e da digest\u00e3o lenta; do homem grande de car\u00e1ter pequeno; lucros acentuados e rela\u00e7\u00f5es vazias.<\/span><\/p>\n<p><span style=\"font-family:Verdana,sans-serif;\">Essa \u00e9 a era de dois empregos, v\u00e1rios div\u00f3rcios, casas chiques e lares despeda\u00e7ados.<\/span><\/p>\n<p><span style=\"font-family:Verdana,sans-serif;\">Essa \u00e9 a era das viagens r\u00e1pidas, fraldas e moral descart\u00e1veis, das rapidinhas, dos c\u00e9rebros ocos e das p\u00edlulas &#8220;m\u00e1gicas&#8221;.<\/span><\/p>\n<p><span style=\"font-family:Verdana,sans-serif;\">Um momento de muita coisa na vitrine e muito pouco na dispensa.<\/span><\/p>\n<p><span style=\"font-family:Verdana,sans-serif;\">Uma era que leva essa carta a voc\u00ea, e uma era que te permite dividir essa reflex\u00e3o ou simplesmente clicar &#8216;delete&#8217;.<\/span><\/p>\n<p><span style=\"font-family:Verdana,sans-serif;\">Lembre-se de passar tempo com as pessoas que ama, pois elas n\u00e3o estar\u00e3o por aqui para sempre. Por isso, valorize o que voc\u00ea tem e as pessoas que est\u00e3o ao seu lado.<\/span><\/p>\n<p><span style=\"font-family:Verdana,sans-serif;\">Abra\u00e7o<\/span><\/p>\n<p><span style=\"font-family:Verdana,sans-serif;\">Schier<\/span><\/p>\n","protected":false},"excerpt":{"rendered":"<p>Ol\u00e1 a todos! Me permitam postar uma reflex\u00e3o,feita por George Carlin que chegou as minhas m\u00e3os hoje atrav\u00e9s da minha querida e [&hellip;]<\/p>\n","protected":false},"author":1,"featured_media":0,"comment_status":"open","ping_status":"closed","sticky":false,"template":"","format":"standard","meta":{"_exactmetrics_skip_tracking":false,"_exactmetrics_sitenote_active":false,"_exactmetrics_sitenote_note":"","_exactmetrics_sitenote_category":0,"footnotes":"","_links_to":"","_links_to_target":""},"categories":[],"tags":[574,926,1007,35],"class_list":["post-1530","post","type-post","status-publish","format-standard","hentry","tag-george-carlin","tag-pensamento","tag-reflexao","tag-verao-vida"],"yoast_head":"<!-- This site is optimized with the Yoast SEO plugin v27.1.1 - https:\/\/yoast.com\/product\/yoast-seo-wordpress\/ -->\n<title>O Paradoxo do nosso Tempo - Crentassos Produ\u00e7\u00f5es Subversivas<\/title>\n<meta name=\"robots\" content=\"index, follow, max-snippet:-1, max-image-preview:large, max-video-preview:-1\" \/>\n<link rel=\"canonical\" href=\"https:\/\/crentassos.com.br\/blog\/2010\/04\/o-paradoxo-do-nosso-tempo.html\" \/>\n<meta property=\"og:locale\" content=\"pt_BR\" \/>\n<meta property=\"og:type\" content=\"article\" \/>\n<meta property=\"og:title\" content=\"O Paradoxo do nosso Tempo - Crentassos Produ\u00e7\u00f5es Subversivas\" \/>\n<meta property=\"og:description\" content=\"Ol\u00e1 a todos! Me permitam postar uma reflex\u00e3o,feita por George Carlin que chegou as minhas m\u00e3os hoje atrav\u00e9s da minha querida e [&hellip;]\" \/>\n<meta property=\"og:url\" content=\"https:\/\/crentassos.com.br\/blog\/2010\/04\/o-paradoxo-do-nosso-tempo.html\" \/>\n<meta property=\"og:site_name\" content=\"Crentassos Produ\u00e7\u00f5es Subversivas\" \/>\n<meta property=\"article:publisher\" content=\"http:\/\/www.facebook.com\/crentassos\" \/>\n<meta property=\"article:published_time\" content=\"2010-04-08T14:36:00+00:00\" \/>\n<meta property=\"og:image\" content=\"http:\/\/1.bp.blogspot.com\/_5cHnWPICbmA\/S74NP7R97vI\/AAAAAAAAAvk\/L2YYp4o-mig\/s200\/trilho.jpg\" \/>\n<meta name=\"author\" content=\"Crentassos\" \/>\n<meta name=\"twitter:card\" content=\"summary_large_image\" \/>\n<meta name=\"twitter:creator\" content=\"@crentassos\" \/>\n<meta name=\"twitter:site\" content=\"@crentassos\" \/>\n<meta name=\"twitter:label1\" content=\"Escrito por\" \/>\n\t<meta name=\"twitter:data1\" content=\"Crentassos\" \/>\n\t<meta name=\"twitter:label2\" content=\"Est. tempo de leitura\" \/>\n\t<meta name=\"twitter:data2\" content=\"2 minutos\" \/>\n<script type=\"application\/ld+json\" class=\"yoast-schema-graph\">{\"@context\":\"https:\/\/schema.org\",\"@graph\":[{\"@type\":\"Article\",\"@id\":\"https:\/\/crentassos.com.br\/blog\/2010\/04\/o-paradoxo-do-nosso-tempo.html#article\",\"isPartOf\":{\"@id\":\"https:\/\/crentassos.com.br\/blog\/2010\/04\/o-paradoxo-do-nosso-tempo.html\"},\"author\":{\"name\":\"Crentassos\",\"@id\":\"https:\/\/crentassos.com.br\/blog\/#\/schema\/person\/c143e75f920e3ad15d83540f47db500c\"},\"headline\":\"O Paradoxo do nosso Tempo\",\"datePublished\":\"2010-04-08T14:36:00+00:00\",\"mainEntityOfPage\":{\"@id\":\"https:\/\/crentassos.com.br\/blog\/2010\/04\/o-paradoxo-do-nosso-tempo.html\"},\"wordCount\":388,\"commentCount\":2,\"publisher\":{\"@id\":\"https:\/\/crentassos.com.br\/blog\/#organization\"},\"image\":{\"@id\":\"https:\/\/crentassos.com.br\/blog\/2010\/04\/o-paradoxo-do-nosso-tempo.html#primaryimage\"},\"thumbnailUrl\":\"http:\/\/1.bp.blogspot.com\/_5cHnWPICbmA\/S74NP7R97vI\/AAAAAAAAAvk\/L2YYp4o-mig\/s200\/trilho.jpg\",\"keywords\":[\"George Carlin\",\"pensamento\",\"reflex\u00e3o\",\"ver\u00e3o vida\"],\"inLanguage\":\"pt-BR\",\"potentialAction\":[{\"@type\":\"CommentAction\",\"name\":\"Comment\",\"target\":[\"https:\/\/crentassos.com.br\/blog\/2010\/04\/o-paradoxo-do-nosso-tempo.html#respond\"]}]},{\"@type\":\"WebPage\",\"@id\":\"https:\/\/crentassos.com.br\/blog\/2010\/04\/o-paradoxo-do-nosso-tempo.html\",\"url\":\"https:\/\/crentassos.com.br\/blog\/2010\/04\/o-paradoxo-do-nosso-tempo.html\",\"name\":\"O Paradoxo do nosso Tempo - Crentassos Produ\u00e7\u00f5es Subversivas\",\"isPartOf\":{\"@id\":\"https:\/\/crentassos.com.br\/blog\/#website\"},\"primaryImageOfPage\":{\"@id\":\"https:\/\/crentassos.com.br\/blog\/2010\/04\/o-paradoxo-do-nosso-tempo.html#primaryimage\"},\"image\":{\"@id\":\"https:\/\/crentassos.com.br\/blog\/2010\/04\/o-paradoxo-do-nosso-tempo.html#primaryimage\"},\"thumbnailUrl\":\"http:\/\/1.bp.blogspot.com\/_5cHnWPICbmA\/S74NP7R97vI\/AAAAAAAAAvk\/L2YYp4o-mig\/s200\/trilho.jpg\",\"datePublished\":\"2010-04-08T14:36:00+00:00\",\"breadcrumb\":{\"@id\":\"https:\/\/crentassos.com.br\/blog\/2010\/04\/o-paradoxo-do-nosso-tempo.html#breadcrumb\"},\"inLanguage\":\"pt-BR\",\"potentialAction\":[{\"@type\":\"ReadAction\",\"target\":[\"https:\/\/crentassos.com.br\/blog\/2010\/04\/o-paradoxo-do-nosso-tempo.html\"]}]},{\"@type\":\"ImageObject\",\"inLanguage\":\"pt-BR\",\"@id\":\"https:\/\/crentassos.com.br\/blog\/2010\/04\/o-paradoxo-do-nosso-tempo.html#primaryimage\",\"url\":\"http:\/\/1.bp.blogspot.com\/_5cHnWPICbmA\/S74NP7R97vI\/AAAAAAAAAvk\/L2YYp4o-mig\/s200\/trilho.jpg\",\"contentUrl\":\"http:\/\/1.bp.blogspot.com\/_5cHnWPICbmA\/S74NP7R97vI\/AAAAAAAAAvk\/L2YYp4o-mig\/s200\/trilho.jpg\"},{\"@type\":\"BreadcrumbList\",\"@id\":\"https:\/\/crentassos.com.br\/blog\/2010\/04\/o-paradoxo-do-nosso-tempo.html#breadcrumb\",\"itemListElement\":[{\"@type\":\"ListItem\",\"position\":1,\"name\":\"Home\",\"item\":\"https:\/\/crentassos.com.br\/blog\/\"},{\"@type\":\"ListItem\",\"position\":2,\"name\":\"O Paradoxo do nosso Tempo\"}]},{\"@type\":\"WebSite\",\"@id\":\"https:\/\/crentassos.com.br\/blog\/#website\",\"url\":\"https:\/\/crentassos.com.br\/blog\/\",\"name\":\"Crentassos Produ\u00e7\u00f5es Subversivas\",\"description\":\"Podcast Crist\u00e3o, Podcrent, Da Prateleira, Artigos crist\u00e3os, Teologia, Estudos, Textos B\u00edblicos\",\"publisher\":{\"@id\":\"https:\/\/crentassos.com.br\/blog\/#organization\"},\"potentialAction\":[{\"@type\":\"SearchAction\",\"target\":{\"@type\":\"EntryPoint\",\"urlTemplate\":\"https:\/\/crentassos.com.br\/blog\/?s={search_term_string}\"},\"query-input\":{\"@type\":\"PropertyValueSpecification\",\"valueRequired\":true,\"valueName\":\"search_term_string\"}}],\"inLanguage\":\"pt-BR\"},{\"@type\":\"Organization\",\"@id\":\"https:\/\/crentassos.com.br\/blog\/#organization\",\"name\":\"Crentassos Produ\u00e7\u00f5es Subversivas\",\"url\":\"https:\/\/crentassos.com.br\/blog\/\",\"logo\":{\"@type\":\"ImageObject\",\"inLanguage\":\"pt-BR\",\"@id\":\"https:\/\/crentassos.com.br\/blog\/#\/schema\/logo\/image\/\",\"url\":\"https:\/\/crentassos.com.br\/blog\/wp-content\/uploads\/2020\/05\/cropped-crentassos1-300x300png.png\",\"contentUrl\":\"https:\/\/crentassos.com.br\/blog\/wp-content\/uploads\/2020\/05\/cropped-crentassos1-300x300png.png\",\"width\":300,\"height\":300,\"caption\":\"Crentassos Produ\u00e7\u00f5es Subversivas\"},\"image\":{\"@id\":\"https:\/\/crentassos.com.br\/blog\/#\/schema\/logo\/image\/\"},\"sameAs\":[\"http:\/\/www.facebook.com\/crentassos\",\"https:\/\/x.com\/crentassos\",\"https:\/\/www.instagram.com\/crentassos\",\"https:\/\/www.youtube.com\/crentassos\"]},{\"@type\":\"Person\",\"@id\":\"https:\/\/crentassos.com.br\/blog\/#\/schema\/person\/c143e75f920e3ad15d83540f47db500c\",\"name\":\"Crentassos\",\"image\":{\"@type\":\"ImageObject\",\"inLanguage\":\"pt-BR\",\"@id\":\"https:\/\/crentassos.com.br\/blog\/#\/schema\/person\/image\/\",\"url\":\"https:\/\/secure.gravatar.com\/avatar\/cb1b9c88bcd90ec2f909823639a352ece8d3a3cea59b9d08637fe057502fa227?s=96&d=retro&r=g\",\"contentUrl\":\"https:\/\/secure.gravatar.com\/avatar\/cb1b9c88bcd90ec2f909823639a352ece8d3a3cea59b9d08637fe057502fa227?s=96&d=retro&r=g\",\"caption\":\"Crentassos\"},\"description\":\"Perfil padr\u00e3o do blog dos Crentassos.\",\"sameAs\":[\"http:\/\/www.crentassos.com.br\"],\"url\":\"https:\/\/crentassos.com.br\/blog\/author\/crentassos\"}]}<\/script>\n<!-- \/ Yoast SEO plugin. -->","yoast_head_json":{"title":"O Paradoxo do nosso Tempo - Crentassos Produ\u00e7\u00f5es Subversivas","robots":{"index":"index","follow":"follow","max-snippet":"max-snippet:-1","max-image-preview":"max-image-preview:large","max-video-preview":"max-video-preview:-1"},"canonical":"https:\/\/crentassos.com.br\/blog\/2010\/04\/o-paradoxo-do-nosso-tempo.html","og_locale":"pt_BR","og_type":"article","og_title":"O Paradoxo do nosso Tempo - Crentassos Produ\u00e7\u00f5es Subversivas","og_description":"Ol\u00e1 a todos! Me permitam postar uma reflex\u00e3o,feita por George Carlin que chegou as minhas m\u00e3os hoje atrav\u00e9s da minha querida e [&hellip;]","og_url":"https:\/\/crentassos.com.br\/blog\/2010\/04\/o-paradoxo-do-nosso-tempo.html","og_site_name":"Crentassos Produ\u00e7\u00f5es Subversivas","article_publisher":"http:\/\/www.facebook.com\/crentassos","article_published_time":"2010-04-08T14:36:00+00:00","og_image":[{"url":"http:\/\/1.bp.blogspot.com\/_5cHnWPICbmA\/S74NP7R97vI\/AAAAAAAAAvk\/L2YYp4o-mig\/s200\/trilho.jpg","type":"","width":"","height":""}],"author":"Crentassos","twitter_card":"summary_large_image","twitter_creator":"@crentassos","twitter_site":"@crentassos","twitter_misc":{"Escrito por":"Crentassos","Est. tempo de leitura":"2 minutos"},"schema":{"@context":"https:\/\/schema.org","@graph":[{"@type":"Article","@id":"https:\/\/crentassos.com.br\/blog\/2010\/04\/o-paradoxo-do-nosso-tempo.html#article","isPartOf":{"@id":"https:\/\/crentassos.com.br\/blog\/2010\/04\/o-paradoxo-do-nosso-tempo.html"},"author":{"name":"Crentassos","@id":"https:\/\/crentassos.com.br\/blog\/#\/schema\/person\/c143e75f920e3ad15d83540f47db500c"},"headline":"O Paradoxo do nosso Tempo","datePublished":"2010-04-08T14:36:00+00:00","mainEntityOfPage":{"@id":"https:\/\/crentassos.com.br\/blog\/2010\/04\/o-paradoxo-do-nosso-tempo.html"},"wordCount":388,"commentCount":2,"publisher":{"@id":"https:\/\/crentassos.com.br\/blog\/#organization"},"image":{"@id":"https:\/\/crentassos.com.br\/blog\/2010\/04\/o-paradoxo-do-nosso-tempo.html#primaryimage"},"thumbnailUrl":"http:\/\/1.bp.blogspot.com\/_5cHnWPICbmA\/S74NP7R97vI\/AAAAAAAAAvk\/L2YYp4o-mig\/s200\/trilho.jpg","keywords":["George Carlin","pensamento","reflex\u00e3o","ver\u00e3o vida"],"inLanguage":"pt-BR","potentialAction":[{"@type":"CommentAction","name":"Comment","target":["https:\/\/crentassos.com.br\/blog\/2010\/04\/o-paradoxo-do-nosso-tempo.html#respond"]}]},{"@type":"WebPage","@id":"https:\/\/crentassos.com.br\/blog\/2010\/04\/o-paradoxo-do-nosso-tempo.html","url":"https:\/\/crentassos.com.br\/blog\/2010\/04\/o-paradoxo-do-nosso-tempo.html","name":"O Paradoxo do nosso Tempo - Crentassos Produ\u00e7\u00f5es Subversivas","isPartOf":{"@id":"https:\/\/crentassos.com.br\/blog\/#website"},"primaryImageOfPage":{"@id":"https:\/\/crentassos.com.br\/blog\/2010\/04\/o-paradoxo-do-nosso-tempo.html#primaryimage"},"image":{"@id":"https:\/\/crentassos.com.br\/blog\/2010\/04\/o-paradoxo-do-nosso-tempo.html#primaryimage"},"thumbnailUrl":"http:\/\/1.bp.blogspot.com\/_5cHnWPICbmA\/S74NP7R97vI\/AAAAAAAAAvk\/L2YYp4o-mig\/s200\/trilho.jpg","datePublished":"2010-04-08T14:36:00+00:00","breadcrumb":{"@id":"https:\/\/crentassos.com.br\/blog\/2010\/04\/o-paradoxo-do-nosso-tempo.html#breadcrumb"},"inLanguage":"pt-BR","potentialAction":[{"@type":"ReadAction","target":["https:\/\/crentassos.com.br\/blog\/2010\/04\/o-paradoxo-do-nosso-tempo.html"]}]},{"@type":"ImageObject","inLanguage":"pt-BR","@id":"https:\/\/crentassos.com.br\/blog\/2010\/04\/o-paradoxo-do-nosso-tempo.html#primaryimage","url":"http:\/\/1.bp.blogspot.com\/_5cHnWPICbmA\/S74NP7R97vI\/AAAAAAAAAvk\/L2YYp4o-mig\/s200\/trilho.jpg","contentUrl":"http:\/\/1.bp.blogspot.com\/_5cHnWPICbmA\/S74NP7R97vI\/AAAAAAAAAvk\/L2YYp4o-mig\/s200\/trilho.jpg"},{"@type":"BreadcrumbList","@id":"https:\/\/crentassos.com.br\/blog\/2010\/04\/o-paradoxo-do-nosso-tempo.html#breadcrumb","itemListElement":[{"@type":"ListItem","position":1,"name":"Home","item":"https:\/\/crentassos.com.br\/blog\/"},{"@type":"ListItem","position":2,"name":"O Paradoxo do nosso Tempo"}]},{"@type":"WebSite","@id":"https:\/\/crentassos.com.br\/blog\/#website","url":"https:\/\/crentassos.com.br\/blog\/","name":"Crentassos Produ\u00e7\u00f5es Subversivas","description":"Podcast Crist\u00e3o, Podcrent, Da Prateleira, Artigos crist\u00e3os, Teologia, Estudos, Textos B\u00edblicos","publisher":{"@id":"https:\/\/crentassos.com.br\/blog\/#organization"},"potentialAction":[{"@type":"SearchAction","target":{"@type":"EntryPoint","urlTemplate":"https:\/\/crentassos.com.br\/blog\/?s={search_term_string}"},"query-input":{"@type":"PropertyValueSpecification","valueRequired":true,"valueName":"search_term_string"}}],"inLanguage":"pt-BR"},{"@type":"Organization","@id":"https:\/\/crentassos.com.br\/blog\/#organization","name":"Crentassos Produ\u00e7\u00f5es Subversivas","url":"https:\/\/crentassos.com.br\/blog\/","logo":{"@type":"ImageObject","inLanguage":"pt-BR","@id":"https:\/\/crentassos.com.br\/blog\/#\/schema\/logo\/image\/","url":"https:\/\/crentassos.com.br\/blog\/wp-content\/uploads\/2020\/05\/cropped-crentassos1-300x300png.png","contentUrl":"https:\/\/crentassos.com.br\/blog\/wp-content\/uploads\/2020\/05\/cropped-crentassos1-300x300png.png","width":300,"height":300,"caption":"Crentassos Produ\u00e7\u00f5es Subversivas"},"image":{"@id":"https:\/\/crentassos.com.br\/blog\/#\/schema\/logo\/image\/"},"sameAs":["http:\/\/www.facebook.com\/crentassos","https:\/\/x.com\/crentassos","https:\/\/www.instagram.com\/crentassos","https:\/\/www.youtube.com\/crentassos"]},{"@type":"Person","@id":"https:\/\/crentassos.com.br\/blog\/#\/schema\/person\/c143e75f920e3ad15d83540f47db500c","name":"Crentassos","image":{"@type":"ImageObject","inLanguage":"pt-BR","@id":"https:\/\/crentassos.com.br\/blog\/#\/schema\/person\/image\/","url":"https:\/\/secure.gravatar.com\/avatar\/cb1b9c88bcd90ec2f909823639a352ece8d3a3cea59b9d08637fe057502fa227?s=96&d=retro&r=g","contentUrl":"https:\/\/secure.gravatar.com\/avatar\/cb1b9c88bcd90ec2f909823639a352ece8d3a3cea59b9d08637fe057502fa227?s=96&d=retro&r=g","caption":"Crentassos"},"description":"Perfil padr\u00e3o do blog dos Crentassos.","sameAs":["http:\/\/www.crentassos.com.br"],"url":"https:\/\/crentassos.com.br\/blog\/author\/crentassos"}]}},"_links":{"self":[{"href":"https:\/\/crentassos.com.br\/blog\/wp-json\/wp\/v2\/posts\/1530","targetHints":{"allow":["GET"]}}],"collection":[{"href":"https:\/\/crentassos.com.br\/blog\/wp-json\/wp\/v2\/posts"}],"about":[{"href":"https:\/\/crentassos.com.br\/blog\/wp-json\/wp\/v2\/types\/post"}],"author":[{"embeddable":true,"href":"https:\/\/crentassos.com.br\/blog\/wp-json\/wp\/v2\/users\/1"}],"replies":[{"embeddable":true,"href":"https:\/\/crentassos.com.br\/blog\/wp-json\/wp\/v2\/comments?post=1530"}],"version-history":[{"count":0,"href":"https:\/\/crentassos.com.br\/blog\/wp-json\/wp\/v2\/posts\/1530\/revisions"}],"wp:attachment":[{"href":"https:\/\/crentassos.com.br\/blog\/wp-json\/wp\/v2\/media?parent=1530"}],"wp:term":[{"taxonomy":"category","embeddable":true,"href":"https:\/\/crentassos.com.br\/blog\/wp-json\/wp\/v2\/categories?post=1530"},{"taxonomy":"post_tag","embeddable":true,"href":"https:\/\/crentassos.com.br\/blog\/wp-json\/wp\/v2\/tags?post=1530"}],"curies":[{"name":"wp","href":"https:\/\/api.w.org\/{rel}","templated":true}]}}