{"id":14726,"date":"2018-06-14T08:00:05","date_gmt":"2018-06-14T10:00:05","guid":{"rendered":"http:\/\/crentassos.com.br\/blog\/?p=14726"},"modified":"2018-06-14T09:13:34","modified_gmt":"2018-06-14T11:13:34","slug":"camisas-copa-do-mundo-2018-grupo-h","status":"publish","type":"post","link":"https:\/\/crentassos.com.br\/blog\/2018\/06\/camisas-copa-do-mundo-2018-grupo-h.html","title":{"rendered":"Camisas Copa do Mundo 2018 \u2013 Grupo H"},"content":{"rendered":"<p>Dando continuidade aos posts com minha an\u00e1lise pessoal (puramente baseada no meu gosto) das camisas da Copa, hoje falarei sobre o \u00faltimo grupo, aquele que a gente acha que j\u00e1 vai come\u00e7ar a 2\u00aa rodada, mas eles nem jogaram ainda.<\/p>\n<p style=\"text-align: center;\"><strong>GRUPO H<\/strong><\/p>\n<p style=\"text-align: center;\"><img loading=\"lazy\" decoding=\"async\" class=\"aligncenter wp-image-14727 size-large\" src=\"http:\/\/crentassos.com.br\/blog\/wp-content\/uploads\/2018\/06\/Pol\u00f4nia1-620x723.jpg\" alt=\"Pol\u00f4nia1\" width=\"620\" height=\"723\" srcset=\"https:\/\/crentassos.com.br\/blog\/wp-content\/uploads\/2018\/06\/Pol\u00f4nia1-620x723.jpg 620w, https:\/\/crentassos.com.br\/blog\/wp-content\/uploads\/2018\/06\/Pol\u00f4nia1-257x300.jpg 257w, https:\/\/crentassos.com.br\/blog\/wp-content\/uploads\/2018\/06\/Pol\u00f4nia1-768x896.jpg 768w, https:\/\/crentassos.com.br\/blog\/wp-content\/uploads\/2018\/06\/Pol\u00f4nia1.jpg 1097w\" sizes=\"auto, (max-width: 620px) 100vw, 620px\" \/><\/p>\n<p style=\"text-align: center;\"><strong>Primeira camisa:\u00a0<\/strong>Camisas muito justas no corpo ficam estranhas. A camisa em si n\u00e3o \u00e9 feia, mas n\u00e3o tem nada de emocionante tamb\u00e9m. Podia ser de qualquer outro esporte.<\/p>\n<p style=\"text-align: center;\"><img loading=\"lazy\" decoding=\"async\" class=\"aligncenter wp-image-14728 size-large\" src=\"http:\/\/crentassos.com.br\/blog\/wp-content\/uploads\/2018\/06\/Pol\u00f4nia2-620x429.jpg\" alt=\"Pol\u00f4nia2\" width=\"620\" height=\"429\" srcset=\"https:\/\/crentassos.com.br\/blog\/wp-content\/uploads\/2018\/06\/Pol\u00f4nia2-620x429.jpg 620w, https:\/\/crentassos.com.br\/blog\/wp-content\/uploads\/2018\/06\/Pol\u00f4nia2-300x208.jpg 300w, https:\/\/crentassos.com.br\/blog\/wp-content\/uploads\/2018\/06\/Pol\u00f4nia2-768x532.jpg 768w, https:\/\/crentassos.com.br\/blog\/wp-content\/uploads\/2018\/06\/Pol\u00f4nia2.jpg 1280w\" sizes=\"auto, (max-width: 620px) 100vw, 620px\" \/><\/p>\n<p style=\"text-align: center;\"><strong>Segunda camisa:\u00a0<\/strong>Tem a mesma forma geom\u00e9trica estranha que a camisa branca, e mantendo o coment\u00e1rio que fiz no post passado, n\u00e3o gosto de sele\u00e7\u00f5es que s\u00f3 invertem a primeira camisa (neste caso, o primeiro uniforme inteiro) para o segundo uniforme. Demonstra uma falta de criatividade e zelo sem tamanho. Sobre essa daqui, s\u00f3 mais uma camisa vermelha.<\/p>\n<p style=\"text-align: center;\"><em>Senegal<\/em><\/p>\n<p style=\"text-align: center;\"><img loading=\"lazy\" decoding=\"async\" class=\"aligncenter wp-image-14729 size-large\" src=\"http:\/\/crentassos.com.br\/blog\/wp-content\/uploads\/2018\/06\/Senegal-620x465.jpg\" alt=\"Senegal\" width=\"620\" height=\"465\" srcset=\"https:\/\/crentassos.com.br\/blog\/wp-content\/uploads\/2018\/06\/Senegal-620x465.jpg 620w, https:\/\/crentassos.com.br\/blog\/wp-content\/uploads\/2018\/06\/Senegal-300x225.jpg 300w, https:\/\/crentassos.com.br\/blog\/wp-content\/uploads\/2018\/06\/Senegal-768x576.jpg 768w, https:\/\/crentassos.com.br\/blog\/wp-content\/uploads\/2018\/06\/Senegal.jpg 1280w\" sizes=\"auto, (max-width: 620px) 100vw, 620px\" \/><\/p>\n<p style=\"text-align: center;\">Senegal j\u00e1 facilitando meu trabalho, com uniformes invertidos aqui.<\/p>\n<p style=\"text-align: center;\"><strong>Primeira camisa:\u00a0<\/strong>N\u00e3o gosto de branco com verde, al\u00e9m disso, esse animal em marca d&#8217;\u00e1gua na camisa ficou bem estranho. N\u00e3o gostei.<\/p>\n<p style=\"text-align: center;\"><strong>Segunda camisa:\u00a0<\/strong>N\u00e3o gostei em verde e branco.<\/p>\n<p style=\"text-align: center;\"><em>Col\u00f4mbia<\/em><\/p>\n<p style=\"text-align: center;\"><img loading=\"lazy\" decoding=\"async\" class=\"aligncenter wp-image-14730 size-large\" src=\"http:\/\/crentassos.com.br\/blog\/wp-content\/uploads\/2018\/06\/Col\u00f4mbia1-620x414.jpg\" alt=\"Col\u00f4mbia1\" width=\"620\" height=\"414\" srcset=\"https:\/\/crentassos.com.br\/blog\/wp-content\/uploads\/2018\/06\/Col\u00f4mbia1-620x414.jpg 620w, https:\/\/crentassos.com.br\/blog\/wp-content\/uploads\/2018\/06\/Col\u00f4mbia1-300x200.jpg 300w, https:\/\/crentassos.com.br\/blog\/wp-content\/uploads\/2018\/06\/Col\u00f4mbia1-272x182.jpg 272w, https:\/\/crentassos.com.br\/blog\/wp-content\/uploads\/2018\/06\/Col\u00f4mbia1.jpg 750w\" sizes=\"auto, (max-width: 620px) 100vw, 620px\" \/><\/p>\n<p style=\"text-align: center;\"><strong>Primeira camisa:\u00a0<\/strong>Mantendo a <a href=\"http:\/\/cafeecoberta.blogspot.com\/2014\/06\/minha-opiniao-sobre-as-camisas-da-copa_6.html\" target=\"_blank\">tradi\u00e7\u00e3o de 2014<\/a>, essa camisa horr\u00edvel da Col\u00f4mbia podia ser uma vers\u00e3o da camisa do Crici\u00fama. Se fosse da Umbro, <a href=\"https:\/\/www.gazetaesportiva.com\/campeonatos\/copa-do-mundo\/umbro-cria-colecao-especial-e-liga-clubes-brasileiros-selecoes-da-copa\/#4\" target=\"_blank\">podia ser a homenagem do Crici\u00fama para a Col\u00f4mbia<\/a> (que foi homenageada pela Chapecoense e faz todo sentido emocional.)<\/p>\n<p style=\"text-align: center;\"><img loading=\"lazy\" decoding=\"async\" class=\"aligncenter wp-image-14731 size-large\" src=\"http:\/\/crentassos.com.br\/blog\/wp-content\/uploads\/2018\/06\/Col\u00f4mbia2-620x417.jpg\" alt=\"Col\u00f4mbia2\" width=\"620\" height=\"417\" srcset=\"https:\/\/crentassos.com.br\/blog\/wp-content\/uploads\/2018\/06\/Col\u00f4mbia2-620x417.jpg 620w, https:\/\/crentassos.com.br\/blog\/wp-content\/uploads\/2018\/06\/Col\u00f4mbia2-300x202.jpg 300w, https:\/\/crentassos.com.br\/blog\/wp-content\/uploads\/2018\/06\/Col\u00f4mbia2-768x517.jpg 768w, https:\/\/crentassos.com.br\/blog\/wp-content\/uploads\/2018\/06\/Col\u00f4mbia2-272x182.jpg 272w, https:\/\/crentassos.com.br\/blog\/wp-content\/uploads\/2018\/06\/Col\u00f4mbia2.jpg 1000w\" sizes=\"auto, (max-width: 620px) 100vw, 620px\" \/><\/p>\n<p style=\"text-align: center;\"><strong>Segunda camisa:\u00a0<\/strong>Ela podia n\u00e3o ser t\u00e3o feia, mas os detalhes s\u00e3o em laranja e parece que um caminh\u00e3o passou por cima da camisa, sujando-s nessa listra estranha. Tamb\u00e9m n\u00e3o gostei.<\/p>\n<p style=\"text-align: center;\"><em>Jap\u00e3o<\/em><\/p>\n<p style=\"text-align: center;\"><img loading=\"lazy\" decoding=\"async\" class=\"aligncenter wp-image-14732 size-large\" src=\"http:\/\/crentassos.com.br\/blog\/wp-content\/uploads\/2018\/06\/Jap\u00e3o1-620x402.jpg\" alt=\"Jap\u00e3o1\" width=\"620\" height=\"402\" srcset=\"https:\/\/crentassos.com.br\/blog\/wp-content\/uploads\/2018\/06\/Jap\u00e3o1-620x402.jpg 620w, https:\/\/crentassos.com.br\/blog\/wp-content\/uploads\/2018\/06\/Jap\u00e3o1-300x194.jpg 300w, https:\/\/crentassos.com.br\/blog\/wp-content\/uploads\/2018\/06\/Jap\u00e3o1.jpg 750w\" sizes=\"auto, (max-width: 620px) 100vw, 620px\" \/><\/p>\n<p style=\"text-align: center;\"><strong>Primeira camisa:\u00a0<\/strong>As listras da\u00a0<em>Adidas<\/em> podiam continuar por toda a extens\u00e3o da manga. Achei interessante esses pontinhos na frente da camisa, mas achei que o escudo mais a bandeira do pa\u00eds deu uma polu\u00edda no visual.<\/p>\n<p style=\"text-align: center;\"><img loading=\"lazy\" decoding=\"async\" class=\"aligncenter wp-image-14733 size-large\" src=\"http:\/\/crentassos.com.br\/blog\/wp-content\/uploads\/2018\/06\/Jap\u00e3o2-620x417.jpg\" alt=\"Jap\u00e3o2\" width=\"620\" height=\"417\" srcset=\"https:\/\/crentassos.com.br\/blog\/wp-content\/uploads\/2018\/06\/Jap\u00e3o2-620x417.jpg 620w, https:\/\/crentassos.com.br\/blog\/wp-content\/uploads\/2018\/06\/Jap\u00e3o2-300x202.jpg 300w, https:\/\/crentassos.com.br\/blog\/wp-content\/uploads\/2018\/06\/Jap\u00e3o2-768x517.jpg 768w, https:\/\/crentassos.com.br\/blog\/wp-content\/uploads\/2018\/06\/Jap\u00e3o2-272x182.jpg 272w, https:\/\/crentassos.com.br\/blog\/wp-content\/uploads\/2018\/06\/Jap\u00e3o2.jpg 1400w\" sizes=\"auto, (max-width: 620px) 100vw, 620px\" \/><\/p>\n<p style=\"text-align: center;\"><strong>Segunda camisa:\u00a0<\/strong><a href=\"http:\/\/cafeecoberta.blogspot.com\/2014\/06\/minha-opiniao-sobre-as-camisas-da-copa_6.html\" target=\"_blank\">Abandonando a camisa que nos remetia ao Pikachu<\/a>, o Jap\u00e3o nada na contram\u00e3o da Cor\u00e9ia do Sul, ao n\u00e3o usar um de seus \u00edcones mais famosos no Ocidente. Sobre a camisa deste ano, n\u00e3o gostei. \u00c9 uma das brancas comuns, com listras estranhas no peito. Bem sem gra\u00e7a.<\/p>\n<p style=\"text-align: center;\">***<\/p>\n<p style=\"text-align: center;\">Aqui encerro minhas an\u00e1lises de camisas da Copa 2018. Obrigada a todo mundo que leu, comentou e compartilhou. At\u00e9 2022, quem sabe.<\/p>\n<p style=\"text-align: center;\">***<\/p>\n<blockquote><p><em><strong>Quer ver minha opini\u00e3o sobre as camisas das sele\u00e7\u00f5es de outros grupos?<\/strong><\/em><br \/>\n<em><strong>\u00a0\u2013\u00a0<a href=\"http:\/\/crentassos.com.br\/blog\/tag\/camisas-da-copa-2018\">Todas as camisas da Copa 2018.<\/a><\/strong><\/em><\/p><\/blockquote>\n","protected":false},"excerpt":{"rendered":"<p>Dando continuidade aos posts com minha an\u00e1lise pessoal (puramente baseada no meu gosto) das camisas da Copa, hoje falarei sobre o \u00faltimo [&hellip;]<\/p>\n","protected":false},"author":32,"featured_media":14734,"comment_status":"open","ping_status":"open","sticky":false,"template":"","format":"standard","meta":{"_exactmetrics_skip_tracking":false,"_exactmetrics_sitenote_active":false,"_exactmetrics_sitenote_note":"","_exactmetrics_sitenote_category":0,"footnotes":"","_links_to":"","_links_to_target":""},"categories":[112],"tags":[7109,7110,1584,563,7108],"class_list":{"0":"post-14726","1":"post","2":"type-post","3":"status-publish","4":"format-standard","5":"has-post-thumbnail","6":"hentry","7":"category-artigos","8":"tag-camisas-da-copa","9":"tag-camisas-da-copa-2018","10":"tag-copa-do-mundo","11":"tag-futebol","12":"tag-world-cup","14":"post-with-thumbnail","15":"post-with-thumbnail-large"},"yoast_head":"<!-- This site is optimized with the Yoast SEO plugin v27.1.1 - https:\/\/yoast.com\/product\/yoast-seo-wordpress\/ -->\n<title>Camisas Copa do Mundo 2018 \u2013 Grupo H - Crentassos Produ\u00e7\u00f5es Subversivas<\/title>\n<meta name=\"robots\" content=\"index, follow, max-snippet:-1, max-image-preview:large, max-video-preview:-1\" \/>\n<link rel=\"canonical\" href=\"https:\/\/crentassos.com.br\/blog\/2018\/06\/camisas-copa-do-mundo-2018-grupo-h.html\" \/>\n<meta property=\"og:locale\" content=\"pt_BR\" \/>\n<meta property=\"og:type\" content=\"article\" \/>\n<meta property=\"og:title\" content=\"Camisas Copa do Mundo 2018 \u2013 Grupo H - Crentassos Produ\u00e7\u00f5es Subversivas\" \/>\n<meta property=\"og:description\" content=\"Dando continuidade aos posts com minha an\u00e1lise pessoal (puramente baseada no meu gosto) das camisas da Copa, hoje falarei sobre o \u00faltimo [&hellip;]\" \/>\n<meta property=\"og:url\" content=\"https:\/\/crentassos.com.br\/blog\/2018\/06\/camisas-copa-do-mundo-2018-grupo-h.html\" \/>\n<meta property=\"og:site_name\" content=\"Crentassos Produ\u00e7\u00f5es Subversivas\" \/>\n<meta property=\"article:publisher\" content=\"http:\/\/www.facebook.com\/crentassos\" \/>\n<meta property=\"article:published_time\" content=\"2018-06-14T10:00:05+00:00\" \/>\n<meta property=\"article:modified_time\" content=\"2018-06-14T11:13:34+00:00\" \/>\n<meta property=\"og:image\" content=\"https:\/\/crentassos.com.br\/blog\/wp-content\/uploads\/2018\/06\/8.png\" \/>\n\t<meta property=\"og:image:width\" content=\"1280\" \/>\n\t<meta property=\"og:image:height\" content=\"720\" \/>\n\t<meta property=\"og:image:type\" content=\"image\/png\" \/>\n<meta name=\"author\" content=\"Tamyres Palma\" \/>\n<meta name=\"twitter:card\" content=\"summary_large_image\" \/>\n<meta name=\"twitter:creator\" content=\"@crentassos\" \/>\n<meta name=\"twitter:site\" content=\"@crentassos\" \/>\n<meta name=\"twitter:label1\" content=\"Escrito por\" \/>\n\t<meta name=\"twitter:data1\" content=\"Tamyres Palma\" \/>\n\t<meta name=\"twitter:label2\" content=\"Est. tempo de leitura\" \/>\n\t<meta name=\"twitter:data2\" content=\"2 minutos\" \/>\n<script type=\"application\/ld+json\" class=\"yoast-schema-graph\">{\"@context\":\"https:\/\/schema.org\",\"@graph\":[{\"@type\":\"Article\",\"@id\":\"https:\/\/crentassos.com.br\/blog\/2018\/06\/camisas-copa-do-mundo-2018-grupo-h.html#article\",\"isPartOf\":{\"@id\":\"https:\/\/crentassos.com.br\/blog\/2018\/06\/camisas-copa-do-mundo-2018-grupo-h.html\"},\"author\":{\"name\":\"Tamyres Palma\",\"@id\":\"https:\/\/crentassos.com.br\/blog\/#\/schema\/person\/3f5f08a8ba3e2bc991eb2fd8f8e3988c\"},\"headline\":\"Camisas Copa do Mundo 2018 \u2013 Grupo H\",\"datePublished\":\"2018-06-14T10:00:05+00:00\",\"dateModified\":\"2018-06-14T11:13:34+00:00\",\"mainEntityOfPage\":{\"@id\":\"https:\/\/crentassos.com.br\/blog\/2018\/06\/camisas-copa-do-mundo-2018-grupo-h.html\"},\"wordCount\":412,\"commentCount\":2,\"publisher\":{\"@id\":\"https:\/\/crentassos.com.br\/blog\/#organization\"},\"image\":{\"@id\":\"https:\/\/crentassos.com.br\/blog\/2018\/06\/camisas-copa-do-mundo-2018-grupo-h.html#primaryimage\"},\"thumbnailUrl\":\"https:\/\/crentassos.com.br\/blog\/wp-content\/uploads\/2018\/06\/8.png\",\"keywords\":[\"camisas da Copa\",\"Camisas da Copa 2018\",\"copa do mundo\",\"futebol\",\"World Cup\"],\"articleSection\":[\"Artigos\"],\"inLanguage\":\"pt-BR\",\"potentialAction\":[{\"@type\":\"CommentAction\",\"name\":\"Comment\",\"target\":[\"https:\/\/crentassos.com.br\/blog\/2018\/06\/camisas-copa-do-mundo-2018-grupo-h.html#respond\"]}]},{\"@type\":\"WebPage\",\"@id\":\"https:\/\/crentassos.com.br\/blog\/2018\/06\/camisas-copa-do-mundo-2018-grupo-h.html\",\"url\":\"https:\/\/crentassos.com.br\/blog\/2018\/06\/camisas-copa-do-mundo-2018-grupo-h.html\",\"name\":\"Camisas Copa do Mundo 2018 \u2013 Grupo H - Crentassos Produ\u00e7\u00f5es Subversivas\",\"isPartOf\":{\"@id\":\"https:\/\/crentassos.com.br\/blog\/#website\"},\"primaryImageOfPage\":{\"@id\":\"https:\/\/crentassos.com.br\/blog\/2018\/06\/camisas-copa-do-mundo-2018-grupo-h.html#primaryimage\"},\"image\":{\"@id\":\"https:\/\/crentassos.com.br\/blog\/2018\/06\/camisas-copa-do-mundo-2018-grupo-h.html#primaryimage\"},\"thumbnailUrl\":\"https:\/\/crentassos.com.br\/blog\/wp-content\/uploads\/2018\/06\/8.png\",\"datePublished\":\"2018-06-14T10:00:05+00:00\",\"dateModified\":\"2018-06-14T11:13:34+00:00\",\"breadcrumb\":{\"@id\":\"https:\/\/crentassos.com.br\/blog\/2018\/06\/camisas-copa-do-mundo-2018-grupo-h.html#breadcrumb\"},\"inLanguage\":\"pt-BR\",\"potentialAction\":[{\"@type\":\"ReadAction\",\"target\":[\"https:\/\/crentassos.com.br\/blog\/2018\/06\/camisas-copa-do-mundo-2018-grupo-h.html\"]}]},{\"@type\":\"ImageObject\",\"inLanguage\":\"pt-BR\",\"@id\":\"https:\/\/crentassos.com.br\/blog\/2018\/06\/camisas-copa-do-mundo-2018-grupo-h.html#primaryimage\",\"url\":\"https:\/\/crentassos.com.br\/blog\/wp-content\/uploads\/2018\/06\/8.png\",\"contentUrl\":\"https:\/\/crentassos.com.br\/blog\/wp-content\/uploads\/2018\/06\/8.png\",\"width\":1280,\"height\":720},{\"@type\":\"BreadcrumbList\",\"@id\":\"https:\/\/crentassos.com.br\/blog\/2018\/06\/camisas-copa-do-mundo-2018-grupo-h.html#breadcrumb\",\"itemListElement\":[{\"@type\":\"ListItem\",\"position\":1,\"name\":\"Home\",\"item\":\"https:\/\/crentassos.com.br\/blog\/\"},{\"@type\":\"ListItem\",\"position\":2,\"name\":\"Camisas Copa do Mundo 2018 \u2013 Grupo H\"}]},{\"@type\":\"WebSite\",\"@id\":\"https:\/\/crentassos.com.br\/blog\/#website\",\"url\":\"https:\/\/crentassos.com.br\/blog\/\",\"name\":\"Crentassos Produ\u00e7\u00f5es Subversivas\",\"description\":\"Podcast Crist\u00e3o, Podcrent, Da Prateleira, Artigos crist\u00e3os, Teologia, Estudos, Textos B\u00edblicos\",\"publisher\":{\"@id\":\"https:\/\/crentassos.com.br\/blog\/#organization\"},\"potentialAction\":[{\"@type\":\"SearchAction\",\"target\":{\"@type\":\"EntryPoint\",\"urlTemplate\":\"https:\/\/crentassos.com.br\/blog\/?s={search_term_string}\"},\"query-input\":{\"@type\":\"PropertyValueSpecification\",\"valueRequired\":true,\"valueName\":\"search_term_string\"}}],\"inLanguage\":\"pt-BR\"},{\"@type\":\"Organization\",\"@id\":\"https:\/\/crentassos.com.br\/blog\/#organization\",\"name\":\"Crentassos Produ\u00e7\u00f5es Subversivas\",\"url\":\"https:\/\/crentassos.com.br\/blog\/\",\"logo\":{\"@type\":\"ImageObject\",\"inLanguage\":\"pt-BR\",\"@id\":\"https:\/\/crentassos.com.br\/blog\/#\/schema\/logo\/image\/\",\"url\":\"https:\/\/crentassos.com.br\/blog\/wp-content\/uploads\/2020\/05\/cropped-crentassos1-300x300png.png\",\"contentUrl\":\"https:\/\/crentassos.com.br\/blog\/wp-content\/uploads\/2020\/05\/cropped-crentassos1-300x300png.png\",\"width\":300,\"height\":300,\"caption\":\"Crentassos Produ\u00e7\u00f5es Subversivas\"},\"image\":{\"@id\":\"https:\/\/crentassos.com.br\/blog\/#\/schema\/logo\/image\/\"},\"sameAs\":[\"http:\/\/www.facebook.com\/crentassos\",\"https:\/\/x.com\/crentassos\",\"https:\/\/www.instagram.com\/crentassos\",\"https:\/\/www.youtube.com\/crentassos\"]},{\"@type\":\"Person\",\"@id\":\"https:\/\/crentassos.com.br\/blog\/#\/schema\/person\/3f5f08a8ba3e2bc991eb2fd8f8e3988c\",\"name\":\"Tamyres Palma\",\"image\":{\"@type\":\"ImageObject\",\"inLanguage\":\"pt-BR\",\"@id\":\"https:\/\/crentassos.com.br\/blog\/#\/schema\/person\/image\/\",\"url\":\"https:\/\/secure.gravatar.com\/avatar\/9dce0caea2bafdb6394abc6c84348788083c31d52a278ed4b42bd0ee15c4ed52?s=96&d=retro&r=g\",\"contentUrl\":\"https:\/\/secure.gravatar.com\/avatar\/9dce0caea2bafdb6394abc6c84348788083c31d52a278ed4b42bd0ee15c4ed52?s=96&d=retro&r=g\",\"caption\":\"Tamyres Palma\"},\"description\":\"Tamyres Palma: formada em hist\u00f3ria, apaixonada por livros e casada com o @jonathazimmer . Maluca por Harry Potter, N\u00e1rnia e universos fant\u00e1sticos como a Terra M\u00e9dia. Apaixonada por literatura de forma geral, embora esteja longe do meu ideal de conhecimento liter\u00e1rio.\",\"sameAs\":[\"http:\/\/cafeecoberta.blogspot.com\"],\"url\":\"https:\/\/crentassos.com.br\/blog\/author\/tamyrespalma\"}]}<\/script>\n<!-- \/ Yoast SEO plugin. -->","yoast_head_json":{"title":"Camisas Copa do Mundo 2018 \u2013 Grupo H - Crentassos Produ\u00e7\u00f5es Subversivas","robots":{"index":"index","follow":"follow","max-snippet":"max-snippet:-1","max-image-preview":"max-image-preview:large","max-video-preview":"max-video-preview:-1"},"canonical":"https:\/\/crentassos.com.br\/blog\/2018\/06\/camisas-copa-do-mundo-2018-grupo-h.html","og_locale":"pt_BR","og_type":"article","og_title":"Camisas Copa do Mundo 2018 \u2013 Grupo H - Crentassos Produ\u00e7\u00f5es Subversivas","og_description":"Dando continuidade aos posts com minha an\u00e1lise pessoal (puramente baseada no meu gosto) das camisas da Copa, hoje falarei sobre o \u00faltimo [&hellip;]","og_url":"https:\/\/crentassos.com.br\/blog\/2018\/06\/camisas-copa-do-mundo-2018-grupo-h.html","og_site_name":"Crentassos Produ\u00e7\u00f5es Subversivas","article_publisher":"http:\/\/www.facebook.com\/crentassos","article_published_time":"2018-06-14T10:00:05+00:00","article_modified_time":"2018-06-14T11:13:34+00:00","og_image":[{"width":1280,"height":720,"url":"https:\/\/crentassos.com.br\/blog\/wp-content\/uploads\/2018\/06\/8.png","type":"image\/png"}],"author":"Tamyres Palma","twitter_card":"summary_large_image","twitter_creator":"@crentassos","twitter_site":"@crentassos","twitter_misc":{"Escrito por":"Tamyres Palma","Est. tempo de leitura":"2 minutos"},"schema":{"@context":"https:\/\/schema.org","@graph":[{"@type":"Article","@id":"https:\/\/crentassos.com.br\/blog\/2018\/06\/camisas-copa-do-mundo-2018-grupo-h.html#article","isPartOf":{"@id":"https:\/\/crentassos.com.br\/blog\/2018\/06\/camisas-copa-do-mundo-2018-grupo-h.html"},"author":{"name":"Tamyres Palma","@id":"https:\/\/crentassos.com.br\/blog\/#\/schema\/person\/3f5f08a8ba3e2bc991eb2fd8f8e3988c"},"headline":"Camisas Copa do Mundo 2018 \u2013 Grupo H","datePublished":"2018-06-14T10:00:05+00:00","dateModified":"2018-06-14T11:13:34+00:00","mainEntityOfPage":{"@id":"https:\/\/crentassos.com.br\/blog\/2018\/06\/camisas-copa-do-mundo-2018-grupo-h.html"},"wordCount":412,"commentCount":2,"publisher":{"@id":"https:\/\/crentassos.com.br\/blog\/#organization"},"image":{"@id":"https:\/\/crentassos.com.br\/blog\/2018\/06\/camisas-copa-do-mundo-2018-grupo-h.html#primaryimage"},"thumbnailUrl":"https:\/\/crentassos.com.br\/blog\/wp-content\/uploads\/2018\/06\/8.png","keywords":["camisas da Copa","Camisas da Copa 2018","copa do mundo","futebol","World Cup"],"articleSection":["Artigos"],"inLanguage":"pt-BR","potentialAction":[{"@type":"CommentAction","name":"Comment","target":["https:\/\/crentassos.com.br\/blog\/2018\/06\/camisas-copa-do-mundo-2018-grupo-h.html#respond"]}]},{"@type":"WebPage","@id":"https:\/\/crentassos.com.br\/blog\/2018\/06\/camisas-copa-do-mundo-2018-grupo-h.html","url":"https:\/\/crentassos.com.br\/blog\/2018\/06\/camisas-copa-do-mundo-2018-grupo-h.html","name":"Camisas Copa do Mundo 2018 \u2013 Grupo H - Crentassos Produ\u00e7\u00f5es Subversivas","isPartOf":{"@id":"https:\/\/crentassos.com.br\/blog\/#website"},"primaryImageOfPage":{"@id":"https:\/\/crentassos.com.br\/blog\/2018\/06\/camisas-copa-do-mundo-2018-grupo-h.html#primaryimage"},"image":{"@id":"https:\/\/crentassos.com.br\/blog\/2018\/06\/camisas-copa-do-mundo-2018-grupo-h.html#primaryimage"},"thumbnailUrl":"https:\/\/crentassos.com.br\/blog\/wp-content\/uploads\/2018\/06\/8.png","datePublished":"2018-06-14T10:00:05+00:00","dateModified":"2018-06-14T11:13:34+00:00","breadcrumb":{"@id":"https:\/\/crentassos.com.br\/blog\/2018\/06\/camisas-copa-do-mundo-2018-grupo-h.html#breadcrumb"},"inLanguage":"pt-BR","potentialAction":[{"@type":"ReadAction","target":["https:\/\/crentassos.com.br\/blog\/2018\/06\/camisas-copa-do-mundo-2018-grupo-h.html"]}]},{"@type":"ImageObject","inLanguage":"pt-BR","@id":"https:\/\/crentassos.com.br\/blog\/2018\/06\/camisas-copa-do-mundo-2018-grupo-h.html#primaryimage","url":"https:\/\/crentassos.com.br\/blog\/wp-content\/uploads\/2018\/06\/8.png","contentUrl":"https:\/\/crentassos.com.br\/blog\/wp-content\/uploads\/2018\/06\/8.png","width":1280,"height":720},{"@type":"BreadcrumbList","@id":"https:\/\/crentassos.com.br\/blog\/2018\/06\/camisas-copa-do-mundo-2018-grupo-h.html#breadcrumb","itemListElement":[{"@type":"ListItem","position":1,"name":"Home","item":"https:\/\/crentassos.com.br\/blog\/"},{"@type":"ListItem","position":2,"name":"Camisas Copa do Mundo 2018 \u2013 Grupo H"}]},{"@type":"WebSite","@id":"https:\/\/crentassos.com.br\/blog\/#website","url":"https:\/\/crentassos.com.br\/blog\/","name":"Crentassos Produ\u00e7\u00f5es Subversivas","description":"Podcast Crist\u00e3o, Podcrent, Da Prateleira, Artigos crist\u00e3os, Teologia, Estudos, Textos B\u00edblicos","publisher":{"@id":"https:\/\/crentassos.com.br\/blog\/#organization"},"potentialAction":[{"@type":"SearchAction","target":{"@type":"EntryPoint","urlTemplate":"https:\/\/crentassos.com.br\/blog\/?s={search_term_string}"},"query-input":{"@type":"PropertyValueSpecification","valueRequired":true,"valueName":"search_term_string"}}],"inLanguage":"pt-BR"},{"@type":"Organization","@id":"https:\/\/crentassos.com.br\/blog\/#organization","name":"Crentassos Produ\u00e7\u00f5es Subversivas","url":"https:\/\/crentassos.com.br\/blog\/","logo":{"@type":"ImageObject","inLanguage":"pt-BR","@id":"https:\/\/crentassos.com.br\/blog\/#\/schema\/logo\/image\/","url":"https:\/\/crentassos.com.br\/blog\/wp-content\/uploads\/2020\/05\/cropped-crentassos1-300x300png.png","contentUrl":"https:\/\/crentassos.com.br\/blog\/wp-content\/uploads\/2020\/05\/cropped-crentassos1-300x300png.png","width":300,"height":300,"caption":"Crentassos Produ\u00e7\u00f5es Subversivas"},"image":{"@id":"https:\/\/crentassos.com.br\/blog\/#\/schema\/logo\/image\/"},"sameAs":["http:\/\/www.facebook.com\/crentassos","https:\/\/x.com\/crentassos","https:\/\/www.instagram.com\/crentassos","https:\/\/www.youtube.com\/crentassos"]},{"@type":"Person","@id":"https:\/\/crentassos.com.br\/blog\/#\/schema\/person\/3f5f08a8ba3e2bc991eb2fd8f8e3988c","name":"Tamyres Palma","image":{"@type":"ImageObject","inLanguage":"pt-BR","@id":"https:\/\/crentassos.com.br\/blog\/#\/schema\/person\/image\/","url":"https:\/\/secure.gravatar.com\/avatar\/9dce0caea2bafdb6394abc6c84348788083c31d52a278ed4b42bd0ee15c4ed52?s=96&d=retro&r=g","contentUrl":"https:\/\/secure.gravatar.com\/avatar\/9dce0caea2bafdb6394abc6c84348788083c31d52a278ed4b42bd0ee15c4ed52?s=96&d=retro&r=g","caption":"Tamyres Palma"},"description":"Tamyres Palma: formada em hist\u00f3ria, apaixonada por livros e casada com o @jonathazimmer . Maluca por Harry Potter, N\u00e1rnia e universos fant\u00e1sticos como a Terra M\u00e9dia. Apaixonada por literatura de forma geral, embora esteja longe do meu ideal de conhecimento liter\u00e1rio.","sameAs":["http:\/\/cafeecoberta.blogspot.com"],"url":"https:\/\/crentassos.com.br\/blog\/author\/tamyrespalma"}]}},"_links":{"self":[{"href":"https:\/\/crentassos.com.br\/blog\/wp-json\/wp\/v2\/posts\/14726","targetHints":{"allow":["GET"]}}],"collection":[{"href":"https:\/\/crentassos.com.br\/blog\/wp-json\/wp\/v2\/posts"}],"about":[{"href":"https:\/\/crentassos.com.br\/blog\/wp-json\/wp\/v2\/types\/post"}],"author":[{"embeddable":true,"href":"https:\/\/crentassos.com.br\/blog\/wp-json\/wp\/v2\/users\/32"}],"replies":[{"embeddable":true,"href":"https:\/\/crentassos.com.br\/blog\/wp-json\/wp\/v2\/comments?post=14726"}],"version-history":[{"count":4,"href":"https:\/\/crentassos.com.br\/blog\/wp-json\/wp\/v2\/posts\/14726\/revisions"}],"predecessor-version":[{"id":14746,"href":"https:\/\/crentassos.com.br\/blog\/wp-json\/wp\/v2\/posts\/14726\/revisions\/14746"}],"wp:featuredmedia":[{"embeddable":true,"href":"https:\/\/crentassos.com.br\/blog\/wp-json\/wp\/v2\/media\/14734"}],"wp:attachment":[{"href":"https:\/\/crentassos.com.br\/blog\/wp-json\/wp\/v2\/media?parent=14726"}],"wp:term":[{"taxonomy":"category","embeddable":true,"href":"https:\/\/crentassos.com.br\/blog\/wp-json\/wp\/v2\/categories?post=14726"},{"taxonomy":"post_tag","embeddable":true,"href":"https:\/\/crentassos.com.br\/blog\/wp-json\/wp\/v2\/tags?post=14726"}],"curies":[{"name":"wp","href":"https:\/\/api.w.org\/{rel}","templated":true}]}}