{"id":14691,"date":"2018-06-12T22:43:20","date_gmt":"2018-06-13T00:43:20","guid":{"rendered":"http:\/\/crentassos.com.br\/blog\/?p=14691"},"modified":"2018-06-14T09:10:00","modified_gmt":"2018-06-14T11:10:00","slug":"camisas-copa-do-mundo-2018-grupo-f","status":"publish","type":"post","link":"https:\/\/crentassos.com.br\/blog\/2018\/06\/camisas-copa-do-mundo-2018-grupo-f.html","title":{"rendered":"Camisas Copa do Mundo 2018 \u2013 Grupo F"},"content":{"rendered":"<p>Dando continuidade aos posts com minha an\u00e1lise pessoal (puramente baseada no meu gosto) das camisas da Copa, hoje falarei sobre o grupo da carrasca brasileira, que nos fez passar a maior vergonha que um pa\u00eds-sede j\u00e1 sofreu em Copas do Mundo.<\/p>\n<p style=\"text-align: center;\"><strong>GRUPO F<\/strong><\/p>\n<p style=\"text-align: center;\"><em>Alemanha<\/em><\/p>\n<p style=\"text-align: center;\"><img loading=\"lazy\" decoding=\"async\" class=\"aligncenter wp-image-14692 size-large\" src=\"http:\/\/crentassos.com.br\/blog\/wp-content\/uploads\/2018\/06\/Alemanha1-620x341.jpg\" alt=\"Alemanha1\" width=\"620\" height=\"341\" srcset=\"https:\/\/crentassos.com.br\/blog\/wp-content\/uploads\/2018\/06\/Alemanha1-620x341.jpg 620w, https:\/\/crentassos.com.br\/blog\/wp-content\/uploads\/2018\/06\/Alemanha1-300x165.jpg 300w, https:\/\/crentassos.com.br\/blog\/wp-content\/uploads\/2018\/06\/Alemanha1.jpg 750w\" sizes=\"auto, (max-width: 620px) 100vw, 620px\" \/><\/p>\n<p style=\"text-align: center;\"><strong>Primeira camisa:\u00a0<\/strong><a href=\"http:\/\/cafeecoberta.blogspot.com\/2014\/06\/minha-opiniao-sobre-as-camisas-da-copa_12.html\" target=\"_blank\">Em 2014, afirmei que achava a de 2010 mais bonita.<\/a>\u00a0Hoje preciso discordar do meu eu do passado, pois gosto mais da camisa de 2014.\u00a0 Em rela\u00e7\u00e3o \u00e0 camisa de 2018, sinto falta do vermelho na camisa, pois a de 2014 foi muito marcante. Al\u00e9m disso, achei estranha a organiza\u00e7\u00e3o das linhas pretas na altura do escudo e tal. Mas n\u00e3o \u00e9 uma camisa feia.<\/p>\n<p style=\"text-align: center;\"><img loading=\"lazy\" decoding=\"async\" class=\"aligncenter wp-image-14693 size-large\" src=\"http:\/\/crentassos.com.br\/blog\/wp-content\/uploads\/2018\/06\/Alemanha2-620x353.jpg\" alt=\"Alemanha2\" width=\"620\" height=\"353\" srcset=\"https:\/\/crentassos.com.br\/blog\/wp-content\/uploads\/2018\/06\/Alemanha2-620x353.jpg 620w, https:\/\/crentassos.com.br\/blog\/wp-content\/uploads\/2018\/06\/Alemanha2-300x171.jpg 300w, https:\/\/crentassos.com.br\/blog\/wp-content\/uploads\/2018\/06\/Alemanha2-768x438.jpg 768w, https:\/\/crentassos.com.br\/blog\/wp-content\/uploads\/2018\/06\/Alemanha2.jpg 1600w\" sizes=\"auto, (max-width: 620px) 100vw, 620px\" \/><\/p>\n<p style=\"text-align: center;\"><strong>Segunda camisa:\u00a0<\/strong>Por falar em camisa feia&#8230; Essa cor, gente. Ela nem \u00e9 a cor da bandeira do pa\u00eds, ou a cor pela qual ele \u00e9 identificado.\u00a0A \u00fanica op\u00e7\u00e3o para essa camisa ficar bonita \u00e9 termos um uniforme complementar muito lindo, mas n\u00e3o tenho boas expectativas, n\u00e3o.<\/p>\n<p style=\"text-align: center;\"><em>M\u00e9xico<\/em><\/p>\n<p style=\"text-align: center;\"><img loading=\"lazy\" decoding=\"async\" class=\"aligncenter wp-image-14694 size-large\" src=\"http:\/\/crentassos.com.br\/blog\/wp-content\/uploads\/2018\/06\/M\u00e9xico1-620x384.jpg\" alt=\"M\u00e9xico1\" width=\"620\" height=\"384\" srcset=\"https:\/\/crentassos.com.br\/blog\/wp-content\/uploads\/2018\/06\/M\u00e9xico1-620x384.jpg 620w, https:\/\/crentassos.com.br\/blog\/wp-content\/uploads\/2018\/06\/M\u00e9xico1-300x186.jpg 300w, https:\/\/crentassos.com.br\/blog\/wp-content\/uploads\/2018\/06\/M\u00e9xico1.jpg 750w\" sizes=\"auto, (max-width: 620px) 100vw, 620px\" \/><\/p>\n<p style=\"text-align: center;\"><strong>Primeira camisa:\u00a0<\/strong>M\u00e9xico, meus queridos amigos, que <a href=\"http:\/\/cafeecoberta.blogspot.com\/2014\/06\/minha-opiniao-sobre-as-camisas-da-copa.html\" target=\"_blank\">evolu\u00e7\u00e3o desde 2014<\/a>, hein. A <em>Adidas<\/em> trouxe em mais de uma camisa esse efeito lateral, mas nem isso chega a comprometer a camisa mexicana. Posso estar influenciada pela lembran\u00e7a da camisa de 2014, mas realmente achei essa daqui adequada. Ansiosa para ver ao vivo.<\/p>\n<p style=\"text-align: center;\"><img loading=\"lazy\" decoding=\"async\" class=\"aligncenter wp-image-14695 size-large\" src=\"http:\/\/crentassos.com.br\/blog\/wp-content\/uploads\/2018\/06\/M\u00e9xico2-620x417.jpg\" alt=\"M\u00e9xico2\" width=\"620\" height=\"417\" srcset=\"https:\/\/crentassos.com.br\/blog\/wp-content\/uploads\/2018\/06\/M\u00e9xico2-620x417.jpg 620w, https:\/\/crentassos.com.br\/blog\/wp-content\/uploads\/2018\/06\/M\u00e9xico2-300x202.jpg 300w, https:\/\/crentassos.com.br\/blog\/wp-content\/uploads\/2018\/06\/M\u00e9xico2-768x517.jpg 768w, https:\/\/crentassos.com.br\/blog\/wp-content\/uploads\/2018\/06\/M\u00e9xico2-272x182.jpg 272w, https:\/\/crentassos.com.br\/blog\/wp-content\/uploads\/2018\/06\/M\u00e9xico2.jpg 1400w\" sizes=\"auto, (max-width: 620px) 100vw, 620px\" \/><\/p>\n<p style=\"text-align: center;\"><strong>Segunda camisa:\u00a0<\/strong>Aqui temos uma camisa branca que estou ansiosa para ver ao vivo, pois o complemento do n\u00famero dos jogadores pode fazer toda a diferen\u00e7a. Por enquanto, gosto muito dessa camisa. Gostei do verde e vermelho serem em tons mais fechados, o que d\u00e1 um ar de sobriedade \u00e0 camisa.<\/p>\n<p style=\"text-align: center;\"><em>Su\u00e9cia<\/em><\/p>\n<p style=\"text-align: center;\"><img loading=\"lazy\" decoding=\"async\" class=\"aligncenter wp-image-14696 size-large\" src=\"http:\/\/crentassos.com.br\/blog\/wp-content\/uploads\/2018\/06\/Su\u00e9cia1-620x298.jpg\" alt=\"Su\u00e9cia1\" width=\"620\" height=\"298\" srcset=\"https:\/\/crentassos.com.br\/blog\/wp-content\/uploads\/2018\/06\/Su\u00e9cia1-620x298.jpg 620w, https:\/\/crentassos.com.br\/blog\/wp-content\/uploads\/2018\/06\/Su\u00e9cia1-300x144.jpg 300w, https:\/\/crentassos.com.br\/blog\/wp-content\/uploads\/2018\/06\/Su\u00e9cia1.jpg 750w\" sizes=\"auto, (max-width: 620px) 100vw, 620px\" \/><\/p>\n<p style=\"text-align: center;\"><strong>Primeira camisa:\u00a0<\/strong>Su\u00e9cia, amiga. Eu sei que ter amarelo e azul na bandeira dificulta a vida, mas esse amarelo apagado que voc\u00ea escolheu para sua camisa principal \u00e9 lastim\u00e1vel. Eu nem sei o que dizer. A cor da camisa \u00e9 feia, essas linhas diagonais s\u00e3o feias, as linhas laterais n\u00e3o s\u00e3o legais. S\u00e9rio, tudo feio.<\/p>\n<p style=\"text-align: center;\"><img loading=\"lazy\" decoding=\"async\" class=\"aligncenter wp-image-14697 size-large\" src=\"http:\/\/crentassos.com.br\/blog\/wp-content\/uploads\/2018\/06\/Su\u00e9cia2-620x418.jpg\" alt=\"Su\u00e9cia2\" width=\"620\" height=\"418\" srcset=\"https:\/\/crentassos.com.br\/blog\/wp-content\/uploads\/2018\/06\/Su\u00e9cia2-620x418.jpg 620w, https:\/\/crentassos.com.br\/blog\/wp-content\/uploads\/2018\/06\/Su\u00e9cia2-300x202.jpg 300w, https:\/\/crentassos.com.br\/blog\/wp-content\/uploads\/2018\/06\/Su\u00e9cia2-768x517.jpg 768w, https:\/\/crentassos.com.br\/blog\/wp-content\/uploads\/2018\/06\/Su\u00e9cia2-272x182.jpg 272w, https:\/\/crentassos.com.br\/blog\/wp-content\/uploads\/2018\/06\/Su\u00e9cia2.jpg 1280w\" sizes=\"auto, (max-width: 620px) 100vw, 620px\" \/><\/p>\n<p style=\"text-align: center;\"><strong>Segunda camisa:\u00a0<\/strong>Por que essa n\u00e3o \u00e9 a primeira camisa da Su\u00e9cia? Ela n\u00e3o \u00e9 linda, mas \u00e9 muito melhor do que a apagadinha amarela. O quadriculado azul d\u00e1 um efeito legal tamb\u00e9m. \u00c9\u00a0pass\u00e1vel.<\/p>\n<p style=\"text-align: center;\"><em>Cor\u00e9ia do Sul<\/em><\/p>\n<p style=\"text-align: center;\"><img loading=\"lazy\" decoding=\"async\" class=\"aligncenter wp-image-14698 size-large\" src=\"http:\/\/crentassos.com.br\/blog\/wp-content\/uploads\/2018\/06\/Cor\u00e9ia-do-Sul1-620x698.jpg\" alt=\"Cor\u00e9ia do Sul1\" width=\"620\" height=\"698\" srcset=\"https:\/\/crentassos.com.br\/blog\/wp-content\/uploads\/2018\/06\/Cor\u00e9ia-do-Sul1-620x698.jpg 620w, https:\/\/crentassos.com.br\/blog\/wp-content\/uploads\/2018\/06\/Cor\u00e9ia-do-Sul1-266x300.jpg 266w, https:\/\/crentassos.com.br\/blog\/wp-content\/uploads\/2018\/06\/Cor\u00e9ia-do-Sul1-768x865.jpg 768w, https:\/\/crentassos.com.br\/blog\/wp-content\/uploads\/2018\/06\/Cor\u00e9ia-do-Sul1.jpg 1280w\" sizes=\"auto, (max-width: 620px) 100vw, 620px\" \/><\/p>\n<p style=\"text-align: center;\"><strong>Primeira camisa:\u00a0<\/strong>Uma camisa vermelha, simples e bonita. A combina\u00e7\u00e3o com o cal\u00e7\u00e3o escuro est\u00e1 legal tamb\u00e9m. (Mas o que eu queria mesmo era comentar a segunda camisa&#8230;)<\/p>\n<p style=\"text-align: center;\"><img loading=\"lazy\" decoding=\"async\" class=\"aligncenter wp-image-14699 size-large\" src=\"http:\/\/crentassos.com.br\/blog\/wp-content\/uploads\/2018\/06\/Cor\u00e9ia-do-Sul2-620x930.jpg\" alt=\"Cor\u00e9ia do Sul2\" width=\"620\" height=\"930\" srcset=\"https:\/\/crentassos.com.br\/blog\/wp-content\/uploads\/2018\/06\/Cor\u00e9ia-do-Sul2-620x930.jpg 620w, https:\/\/crentassos.com.br\/blog\/wp-content\/uploads\/2018\/06\/Cor\u00e9ia-do-Sul2-200x300.jpg 200w, https:\/\/crentassos.com.br\/blog\/wp-content\/uploads\/2018\/06\/Cor\u00e9ia-do-Sul2-768x1152.jpg 768w, https:\/\/crentassos.com.br\/blog\/wp-content\/uploads\/2018\/06\/Cor\u00e9ia-do-Sul2.jpg 800w\" sizes=\"auto, (max-width: 620px) 100vw, 620px\" \/><\/p>\n<p style=\"text-align: center;\"><strong>Segunda camisa:\u00a0<\/strong>Cor\u00e9ia inova na Copa do Mundo, trazendo seus \u00edcones mundialmente conhecidos para divulgar o esporte: os cantores de\u00a0<em>K-Pop<\/em>. S\u00e9rio, o que \u00e9 esse modelo? Eu rio mentalmente toda vez que lembro dessa foto, porque sim, s\u00f3 acreditar que ele \u00e9 um cantor de\u00a0<em>K-Pop<\/em> faz essa foto ter sentido. Sobre a camisa, nem olhar muito pra ela, pois rio do menino, mas imagino que um atleta vestindo-a dar\u00e1 um melhor para a mesma, que n\u00e3o \u00e9 feia, apesar de branca.<\/p>\n<blockquote><p><em><strong>Quer ver minha opini\u00e3o sobre as camisas das sele\u00e7\u00f5es de outros grupos?<\/strong><\/em><br \/>\n<em><strong>\u00a0\u2013\u00a0<a href=\"http:\/\/crentassos.com.br\/blog\/tag\/camisas-da-copa-2018\">Todas as camisas da Copa 2018.<\/a><\/strong><\/em><\/p><\/blockquote>\n","protected":false},"excerpt":{"rendered":"<p>Dando continuidade aos posts com minha an\u00e1lise pessoal (puramente baseada no meu gosto) das camisas da Copa, hoje falarei sobre o grupo [&hellip;]<\/p>\n","protected":false},"author":32,"featured_media":14701,"comment_status":"open","ping_status":"open","sticky":false,"template":"","format":"standard","meta":{"_exactmetrics_skip_tracking":false,"_exactmetrics_sitenote_active":false,"_exactmetrics_sitenote_note":"","_exactmetrics_sitenote_category":0,"footnotes":"","_links_to":"","_links_to_target":""},"categories":[112],"tags":[7109,7110,1584,563,7108],"class_list":{"0":"post-14691","1":"post","2":"type-post","3":"status-publish","4":"format-standard","5":"has-post-thumbnail","6":"hentry","7":"category-artigos","8":"tag-camisas-da-copa","9":"tag-camisas-da-copa-2018","10":"tag-copa-do-mundo","11":"tag-futebol","12":"tag-world-cup","14":"post-with-thumbnail","15":"post-with-thumbnail-large"},"yoast_head":"<!-- This site is optimized with the Yoast SEO plugin v27.1.1 - https:\/\/yoast.com\/product\/yoast-seo-wordpress\/ -->\n<title>Camisas Copa do Mundo 2018 \u2013 Grupo F - Crentassos Produ\u00e7\u00f5es Subversivas<\/title>\n<meta name=\"robots\" content=\"index, follow, max-snippet:-1, max-image-preview:large, max-video-preview:-1\" \/>\n<link rel=\"canonical\" href=\"https:\/\/crentassos.com.br\/blog\/2018\/06\/camisas-copa-do-mundo-2018-grupo-f.html\" \/>\n<meta property=\"og:locale\" content=\"pt_BR\" \/>\n<meta property=\"og:type\" content=\"article\" \/>\n<meta property=\"og:title\" content=\"Camisas Copa do Mundo 2018 \u2013 Grupo F - Crentassos Produ\u00e7\u00f5es Subversivas\" \/>\n<meta property=\"og:description\" content=\"Dando continuidade aos posts com minha an\u00e1lise pessoal (puramente baseada no meu gosto) das camisas da Copa, hoje falarei sobre o grupo [&hellip;]\" \/>\n<meta property=\"og:url\" content=\"https:\/\/crentassos.com.br\/blog\/2018\/06\/camisas-copa-do-mundo-2018-grupo-f.html\" \/>\n<meta property=\"og:site_name\" content=\"Crentassos Produ\u00e7\u00f5es Subversivas\" \/>\n<meta property=\"article:publisher\" content=\"http:\/\/www.facebook.com\/crentassos\" \/>\n<meta property=\"article:published_time\" content=\"2018-06-13T00:43:20+00:00\" \/>\n<meta property=\"article:modified_time\" content=\"2018-06-14T11:10:00+00:00\" \/>\n<meta property=\"og:image\" content=\"https:\/\/crentassos.com.br\/blog\/wp-content\/uploads\/2018\/06\/6.png\" \/>\n\t<meta property=\"og:image:width\" content=\"1280\" \/>\n\t<meta property=\"og:image:height\" content=\"720\" \/>\n\t<meta property=\"og:image:type\" content=\"image\/png\" \/>\n<meta name=\"author\" content=\"Tamyres Palma\" \/>\n<meta name=\"twitter:card\" content=\"summary_large_image\" \/>\n<meta name=\"twitter:creator\" content=\"@crentassos\" \/>\n<meta name=\"twitter:site\" content=\"@crentassos\" \/>\n<meta name=\"twitter:label1\" content=\"Escrito por\" \/>\n\t<meta name=\"twitter:data1\" content=\"Tamyres Palma\" \/>\n\t<meta name=\"twitter:label2\" content=\"Est. tempo de leitura\" \/>\n\t<meta name=\"twitter:data2\" content=\"2 minutos\" \/>\n<script type=\"application\/ld+json\" class=\"yoast-schema-graph\">{\"@context\":\"https:\/\/schema.org\",\"@graph\":[{\"@type\":\"Article\",\"@id\":\"https:\/\/crentassos.com.br\/blog\/2018\/06\/camisas-copa-do-mundo-2018-grupo-f.html#article\",\"isPartOf\":{\"@id\":\"https:\/\/crentassos.com.br\/blog\/2018\/06\/camisas-copa-do-mundo-2018-grupo-f.html\"},\"author\":{\"name\":\"Tamyres Palma\",\"@id\":\"https:\/\/crentassos.com.br\/blog\/#\/schema\/person\/3f5f08a8ba3e2bc991eb2fd8f8e3988c\"},\"headline\":\"Camisas Copa do Mundo 2018 \u2013 Grupo F\",\"datePublished\":\"2018-06-13T00:43:20+00:00\",\"dateModified\":\"2018-06-14T11:10:00+00:00\",\"mainEntityOfPage\":{\"@id\":\"https:\/\/crentassos.com.br\/blog\/2018\/06\/camisas-copa-do-mundo-2018-grupo-f.html\"},\"wordCount\":505,\"commentCount\":3,\"publisher\":{\"@id\":\"https:\/\/crentassos.com.br\/blog\/#organization\"},\"image\":{\"@id\":\"https:\/\/crentassos.com.br\/blog\/2018\/06\/camisas-copa-do-mundo-2018-grupo-f.html#primaryimage\"},\"thumbnailUrl\":\"https:\/\/crentassos.com.br\/blog\/wp-content\/uploads\/2018\/06\/6.png\",\"keywords\":[\"camisas da Copa\",\"Camisas da Copa 2018\",\"copa do mundo\",\"futebol\",\"World Cup\"],\"articleSection\":[\"Artigos\"],\"inLanguage\":\"pt-BR\",\"potentialAction\":[{\"@type\":\"CommentAction\",\"name\":\"Comment\",\"target\":[\"https:\/\/crentassos.com.br\/blog\/2018\/06\/camisas-copa-do-mundo-2018-grupo-f.html#respond\"]}]},{\"@type\":\"WebPage\",\"@id\":\"https:\/\/crentassos.com.br\/blog\/2018\/06\/camisas-copa-do-mundo-2018-grupo-f.html\",\"url\":\"https:\/\/crentassos.com.br\/blog\/2018\/06\/camisas-copa-do-mundo-2018-grupo-f.html\",\"name\":\"Camisas Copa do Mundo 2018 \u2013 Grupo F - Crentassos Produ\u00e7\u00f5es Subversivas\",\"isPartOf\":{\"@id\":\"https:\/\/crentassos.com.br\/blog\/#website\"},\"primaryImageOfPage\":{\"@id\":\"https:\/\/crentassos.com.br\/blog\/2018\/06\/camisas-copa-do-mundo-2018-grupo-f.html#primaryimage\"},\"image\":{\"@id\":\"https:\/\/crentassos.com.br\/blog\/2018\/06\/camisas-copa-do-mundo-2018-grupo-f.html#primaryimage\"},\"thumbnailUrl\":\"https:\/\/crentassos.com.br\/blog\/wp-content\/uploads\/2018\/06\/6.png\",\"datePublished\":\"2018-06-13T00:43:20+00:00\",\"dateModified\":\"2018-06-14T11:10:00+00:00\",\"breadcrumb\":{\"@id\":\"https:\/\/crentassos.com.br\/blog\/2018\/06\/camisas-copa-do-mundo-2018-grupo-f.html#breadcrumb\"},\"inLanguage\":\"pt-BR\",\"potentialAction\":[{\"@type\":\"ReadAction\",\"target\":[\"https:\/\/crentassos.com.br\/blog\/2018\/06\/camisas-copa-do-mundo-2018-grupo-f.html\"]}]},{\"@type\":\"ImageObject\",\"inLanguage\":\"pt-BR\",\"@id\":\"https:\/\/crentassos.com.br\/blog\/2018\/06\/camisas-copa-do-mundo-2018-grupo-f.html#primaryimage\",\"url\":\"https:\/\/crentassos.com.br\/blog\/wp-content\/uploads\/2018\/06\/6.png\",\"contentUrl\":\"https:\/\/crentassos.com.br\/blog\/wp-content\/uploads\/2018\/06\/6.png\",\"width\":1280,\"height\":720},{\"@type\":\"BreadcrumbList\",\"@id\":\"https:\/\/crentassos.com.br\/blog\/2018\/06\/camisas-copa-do-mundo-2018-grupo-f.html#breadcrumb\",\"itemListElement\":[{\"@type\":\"ListItem\",\"position\":1,\"name\":\"Home\",\"item\":\"https:\/\/crentassos.com.br\/blog\/\"},{\"@type\":\"ListItem\",\"position\":2,\"name\":\"Camisas Copa do Mundo 2018 \u2013 Grupo F\"}]},{\"@type\":\"WebSite\",\"@id\":\"https:\/\/crentassos.com.br\/blog\/#website\",\"url\":\"https:\/\/crentassos.com.br\/blog\/\",\"name\":\"Crentassos Produ\u00e7\u00f5es Subversivas\",\"description\":\"Podcast Crist\u00e3o, Podcrent, Da Prateleira, Artigos crist\u00e3os, Teologia, Estudos, Textos B\u00edblicos\",\"publisher\":{\"@id\":\"https:\/\/crentassos.com.br\/blog\/#organization\"},\"potentialAction\":[{\"@type\":\"SearchAction\",\"target\":{\"@type\":\"EntryPoint\",\"urlTemplate\":\"https:\/\/crentassos.com.br\/blog\/?s={search_term_string}\"},\"query-input\":{\"@type\":\"PropertyValueSpecification\",\"valueRequired\":true,\"valueName\":\"search_term_string\"}}],\"inLanguage\":\"pt-BR\"},{\"@type\":\"Organization\",\"@id\":\"https:\/\/crentassos.com.br\/blog\/#organization\",\"name\":\"Crentassos Produ\u00e7\u00f5es Subversivas\",\"url\":\"https:\/\/crentassos.com.br\/blog\/\",\"logo\":{\"@type\":\"ImageObject\",\"inLanguage\":\"pt-BR\",\"@id\":\"https:\/\/crentassos.com.br\/blog\/#\/schema\/logo\/image\/\",\"url\":\"https:\/\/crentassos.com.br\/blog\/wp-content\/uploads\/2020\/05\/cropped-crentassos1-300x300png.png\",\"contentUrl\":\"https:\/\/crentassos.com.br\/blog\/wp-content\/uploads\/2020\/05\/cropped-crentassos1-300x300png.png\",\"width\":300,\"height\":300,\"caption\":\"Crentassos Produ\u00e7\u00f5es Subversivas\"},\"image\":{\"@id\":\"https:\/\/crentassos.com.br\/blog\/#\/schema\/logo\/image\/\"},\"sameAs\":[\"http:\/\/www.facebook.com\/crentassos\",\"https:\/\/x.com\/crentassos\",\"https:\/\/www.instagram.com\/crentassos\",\"https:\/\/www.youtube.com\/crentassos\"]},{\"@type\":\"Person\",\"@id\":\"https:\/\/crentassos.com.br\/blog\/#\/schema\/person\/3f5f08a8ba3e2bc991eb2fd8f8e3988c\",\"name\":\"Tamyres Palma\",\"image\":{\"@type\":\"ImageObject\",\"inLanguage\":\"pt-BR\",\"@id\":\"https:\/\/crentassos.com.br\/blog\/#\/schema\/person\/image\/\",\"url\":\"https:\/\/secure.gravatar.com\/avatar\/9dce0caea2bafdb6394abc6c84348788083c31d52a278ed4b42bd0ee15c4ed52?s=96&d=retro&r=g\",\"contentUrl\":\"https:\/\/secure.gravatar.com\/avatar\/9dce0caea2bafdb6394abc6c84348788083c31d52a278ed4b42bd0ee15c4ed52?s=96&d=retro&r=g\",\"caption\":\"Tamyres Palma\"},\"description\":\"Tamyres Palma: formada em hist\u00f3ria, apaixonada por livros e casada com o @jonathazimmer . Maluca por Harry Potter, N\u00e1rnia e universos fant\u00e1sticos como a Terra M\u00e9dia. Apaixonada por literatura de forma geral, embora esteja longe do meu ideal de conhecimento liter\u00e1rio.\",\"sameAs\":[\"http:\/\/cafeecoberta.blogspot.com\"],\"url\":\"https:\/\/crentassos.com.br\/blog\/author\/tamyrespalma\"}]}<\/script>\n<!-- \/ Yoast SEO plugin. -->","yoast_head_json":{"title":"Camisas Copa do Mundo 2018 \u2013 Grupo F - Crentassos Produ\u00e7\u00f5es Subversivas","robots":{"index":"index","follow":"follow","max-snippet":"max-snippet:-1","max-image-preview":"max-image-preview:large","max-video-preview":"max-video-preview:-1"},"canonical":"https:\/\/crentassos.com.br\/blog\/2018\/06\/camisas-copa-do-mundo-2018-grupo-f.html","og_locale":"pt_BR","og_type":"article","og_title":"Camisas Copa do Mundo 2018 \u2013 Grupo F - Crentassos Produ\u00e7\u00f5es Subversivas","og_description":"Dando continuidade aos posts com minha an\u00e1lise pessoal (puramente baseada no meu gosto) das camisas da Copa, hoje falarei sobre o grupo [&hellip;]","og_url":"https:\/\/crentassos.com.br\/blog\/2018\/06\/camisas-copa-do-mundo-2018-grupo-f.html","og_site_name":"Crentassos Produ\u00e7\u00f5es Subversivas","article_publisher":"http:\/\/www.facebook.com\/crentassos","article_published_time":"2018-06-13T00:43:20+00:00","article_modified_time":"2018-06-14T11:10:00+00:00","og_image":[{"width":1280,"height":720,"url":"https:\/\/crentassos.com.br\/blog\/wp-content\/uploads\/2018\/06\/6.png","type":"image\/png"}],"author":"Tamyres Palma","twitter_card":"summary_large_image","twitter_creator":"@crentassos","twitter_site":"@crentassos","twitter_misc":{"Escrito por":"Tamyres Palma","Est. tempo de leitura":"2 minutos"},"schema":{"@context":"https:\/\/schema.org","@graph":[{"@type":"Article","@id":"https:\/\/crentassos.com.br\/blog\/2018\/06\/camisas-copa-do-mundo-2018-grupo-f.html#article","isPartOf":{"@id":"https:\/\/crentassos.com.br\/blog\/2018\/06\/camisas-copa-do-mundo-2018-grupo-f.html"},"author":{"name":"Tamyres Palma","@id":"https:\/\/crentassos.com.br\/blog\/#\/schema\/person\/3f5f08a8ba3e2bc991eb2fd8f8e3988c"},"headline":"Camisas Copa do Mundo 2018 \u2013 Grupo F","datePublished":"2018-06-13T00:43:20+00:00","dateModified":"2018-06-14T11:10:00+00:00","mainEntityOfPage":{"@id":"https:\/\/crentassos.com.br\/blog\/2018\/06\/camisas-copa-do-mundo-2018-grupo-f.html"},"wordCount":505,"commentCount":3,"publisher":{"@id":"https:\/\/crentassos.com.br\/blog\/#organization"},"image":{"@id":"https:\/\/crentassos.com.br\/blog\/2018\/06\/camisas-copa-do-mundo-2018-grupo-f.html#primaryimage"},"thumbnailUrl":"https:\/\/crentassos.com.br\/blog\/wp-content\/uploads\/2018\/06\/6.png","keywords":["camisas da Copa","Camisas da Copa 2018","copa do mundo","futebol","World Cup"],"articleSection":["Artigos"],"inLanguage":"pt-BR","potentialAction":[{"@type":"CommentAction","name":"Comment","target":["https:\/\/crentassos.com.br\/blog\/2018\/06\/camisas-copa-do-mundo-2018-grupo-f.html#respond"]}]},{"@type":"WebPage","@id":"https:\/\/crentassos.com.br\/blog\/2018\/06\/camisas-copa-do-mundo-2018-grupo-f.html","url":"https:\/\/crentassos.com.br\/blog\/2018\/06\/camisas-copa-do-mundo-2018-grupo-f.html","name":"Camisas Copa do Mundo 2018 \u2013 Grupo F - Crentassos Produ\u00e7\u00f5es Subversivas","isPartOf":{"@id":"https:\/\/crentassos.com.br\/blog\/#website"},"primaryImageOfPage":{"@id":"https:\/\/crentassos.com.br\/blog\/2018\/06\/camisas-copa-do-mundo-2018-grupo-f.html#primaryimage"},"image":{"@id":"https:\/\/crentassos.com.br\/blog\/2018\/06\/camisas-copa-do-mundo-2018-grupo-f.html#primaryimage"},"thumbnailUrl":"https:\/\/crentassos.com.br\/blog\/wp-content\/uploads\/2018\/06\/6.png","datePublished":"2018-06-13T00:43:20+00:00","dateModified":"2018-06-14T11:10:00+00:00","breadcrumb":{"@id":"https:\/\/crentassos.com.br\/blog\/2018\/06\/camisas-copa-do-mundo-2018-grupo-f.html#breadcrumb"},"inLanguage":"pt-BR","potentialAction":[{"@type":"ReadAction","target":["https:\/\/crentassos.com.br\/blog\/2018\/06\/camisas-copa-do-mundo-2018-grupo-f.html"]}]},{"@type":"ImageObject","inLanguage":"pt-BR","@id":"https:\/\/crentassos.com.br\/blog\/2018\/06\/camisas-copa-do-mundo-2018-grupo-f.html#primaryimage","url":"https:\/\/crentassos.com.br\/blog\/wp-content\/uploads\/2018\/06\/6.png","contentUrl":"https:\/\/crentassos.com.br\/blog\/wp-content\/uploads\/2018\/06\/6.png","width":1280,"height":720},{"@type":"BreadcrumbList","@id":"https:\/\/crentassos.com.br\/blog\/2018\/06\/camisas-copa-do-mundo-2018-grupo-f.html#breadcrumb","itemListElement":[{"@type":"ListItem","position":1,"name":"Home","item":"https:\/\/crentassos.com.br\/blog\/"},{"@type":"ListItem","position":2,"name":"Camisas Copa do Mundo 2018 \u2013 Grupo F"}]},{"@type":"WebSite","@id":"https:\/\/crentassos.com.br\/blog\/#website","url":"https:\/\/crentassos.com.br\/blog\/","name":"Crentassos Produ\u00e7\u00f5es Subversivas","description":"Podcast Crist\u00e3o, Podcrent, Da Prateleira, Artigos crist\u00e3os, Teologia, Estudos, Textos B\u00edblicos","publisher":{"@id":"https:\/\/crentassos.com.br\/blog\/#organization"},"potentialAction":[{"@type":"SearchAction","target":{"@type":"EntryPoint","urlTemplate":"https:\/\/crentassos.com.br\/blog\/?s={search_term_string}"},"query-input":{"@type":"PropertyValueSpecification","valueRequired":true,"valueName":"search_term_string"}}],"inLanguage":"pt-BR"},{"@type":"Organization","@id":"https:\/\/crentassos.com.br\/blog\/#organization","name":"Crentassos Produ\u00e7\u00f5es Subversivas","url":"https:\/\/crentassos.com.br\/blog\/","logo":{"@type":"ImageObject","inLanguage":"pt-BR","@id":"https:\/\/crentassos.com.br\/blog\/#\/schema\/logo\/image\/","url":"https:\/\/crentassos.com.br\/blog\/wp-content\/uploads\/2020\/05\/cropped-crentassos1-300x300png.png","contentUrl":"https:\/\/crentassos.com.br\/blog\/wp-content\/uploads\/2020\/05\/cropped-crentassos1-300x300png.png","width":300,"height":300,"caption":"Crentassos Produ\u00e7\u00f5es Subversivas"},"image":{"@id":"https:\/\/crentassos.com.br\/blog\/#\/schema\/logo\/image\/"},"sameAs":["http:\/\/www.facebook.com\/crentassos","https:\/\/x.com\/crentassos","https:\/\/www.instagram.com\/crentassos","https:\/\/www.youtube.com\/crentassos"]},{"@type":"Person","@id":"https:\/\/crentassos.com.br\/blog\/#\/schema\/person\/3f5f08a8ba3e2bc991eb2fd8f8e3988c","name":"Tamyres Palma","image":{"@type":"ImageObject","inLanguage":"pt-BR","@id":"https:\/\/crentassos.com.br\/blog\/#\/schema\/person\/image\/","url":"https:\/\/secure.gravatar.com\/avatar\/9dce0caea2bafdb6394abc6c84348788083c31d52a278ed4b42bd0ee15c4ed52?s=96&d=retro&r=g","contentUrl":"https:\/\/secure.gravatar.com\/avatar\/9dce0caea2bafdb6394abc6c84348788083c31d52a278ed4b42bd0ee15c4ed52?s=96&d=retro&r=g","caption":"Tamyres Palma"},"description":"Tamyres Palma: formada em hist\u00f3ria, apaixonada por livros e casada com o @jonathazimmer . Maluca por Harry Potter, N\u00e1rnia e universos fant\u00e1sticos como a Terra M\u00e9dia. Apaixonada por literatura de forma geral, embora esteja longe do meu ideal de conhecimento liter\u00e1rio.","sameAs":["http:\/\/cafeecoberta.blogspot.com"],"url":"https:\/\/crentassos.com.br\/blog\/author\/tamyrespalma"}]}},"_links":{"self":[{"href":"https:\/\/crentassos.com.br\/blog\/wp-json\/wp\/v2\/posts\/14691","targetHints":{"allow":["GET"]}}],"collection":[{"href":"https:\/\/crentassos.com.br\/blog\/wp-json\/wp\/v2\/posts"}],"about":[{"href":"https:\/\/crentassos.com.br\/blog\/wp-json\/wp\/v2\/types\/post"}],"author":[{"embeddable":true,"href":"https:\/\/crentassos.com.br\/blog\/wp-json\/wp\/v2\/users\/32"}],"replies":[{"embeddable":true,"href":"https:\/\/crentassos.com.br\/blog\/wp-json\/wp\/v2\/comments?post=14691"}],"version-history":[{"count":5,"href":"https:\/\/crentassos.com.br\/blog\/wp-json\/wp\/v2\/posts\/14691\/revisions"}],"predecessor-version":[{"id":14740,"href":"https:\/\/crentassos.com.br\/blog\/wp-json\/wp\/v2\/posts\/14691\/revisions\/14740"}],"wp:featuredmedia":[{"embeddable":true,"href":"https:\/\/crentassos.com.br\/blog\/wp-json\/wp\/v2\/media\/14701"}],"wp:attachment":[{"href":"https:\/\/crentassos.com.br\/blog\/wp-json\/wp\/v2\/media?parent=14691"}],"wp:term":[{"taxonomy":"category","embeddable":true,"href":"https:\/\/crentassos.com.br\/blog\/wp-json\/wp\/v2\/categories?post=14691"},{"taxonomy":"post_tag","embeddable":true,"href":"https:\/\/crentassos.com.br\/blog\/wp-json\/wp\/v2\/tags?post=14691"}],"curies":[{"name":"wp","href":"https:\/\/api.w.org\/{rel}","templated":true}]}}