{"id":14655,"date":"2018-06-10T12:40:06","date_gmt":"2018-06-10T14:40:06","guid":{"rendered":"http:\/\/crentassos.com.br\/blog\/?p=14655"},"modified":"2018-06-14T09:11:10","modified_gmt":"2018-06-14T11:11:10","slug":"camisas-copa-do-mundo-2018-grupo-d","status":"publish","type":"post","link":"https:\/\/crentassos.com.br\/blog\/2018\/06\/camisas-copa-do-mundo-2018-grupo-d.html","title":{"rendered":"Camisas Copa do Mundo 2018 \u2013 Grupo D"},"content":{"rendered":"<p>Dando continuidade aos posts com minha an\u00e1lise pessoal (puramente baseada no meu gosto) das camisas da Copa, hoje falarei sobre os\u00a0<em>Hermanos,\u00a0<\/em>os poss\u00edveis queridinhos-sem-chance dessa Copa do Mundo e o uniforme sensa\u00e7\u00e3o de vendas deste ano.<\/p>\n<p style=\"text-align: center;\"><strong>GRUPO D<\/strong><\/p>\n<p style=\"text-align: center;\"><em>Argentina<\/em><\/p>\n<p style=\"text-align: center;\"><img loading=\"lazy\" decoding=\"async\" class=\"aligncenter wp-image-14656 size-large\" src=\"http:\/\/crentassos.com.br\/blog\/wp-content\/uploads\/2018\/06\/Argentina1-620x606.jpg\" alt=\"Argentina1\" width=\"620\" height=\"606\" srcset=\"https:\/\/crentassos.com.br\/blog\/wp-content\/uploads\/2018\/06\/Argentina1-620x606.jpg 620w, https:\/\/crentassos.com.br\/blog\/wp-content\/uploads\/2018\/06\/Argentina1-300x293.jpg 300w, https:\/\/crentassos.com.br\/blog\/wp-content\/uploads\/2018\/06\/Argentina1.jpg 750w\" sizes=\"auto, (max-width: 620px) 100vw, 620px\" \/><\/p>\n<p style=\"text-align: center;\">(Dose dupla de Messi nas imagens das camisas)<\/p>\n<p style=\"text-align: center;\"><strong>Primeira camisa:\u00a0<\/strong>Achei muito interessante este azul meio desbotado da camisa. As listras pretas no ombro trazem um contraste bem interessante tamb\u00e9m. S\u00f3 n\u00e3o sei se gostei da manga inteira branca.<\/p>\n<p style=\"text-align: center;\"><img loading=\"lazy\" decoding=\"async\" class=\"aligncenter wp-image-14657 size-large\" src=\"http:\/\/crentassos.com.br\/blog\/wp-content\/uploads\/2018\/06\/Argentina2-620x413.jpg\" alt=\"Argentina2\" width=\"620\" height=\"413\" srcset=\"https:\/\/crentassos.com.br\/blog\/wp-content\/uploads\/2018\/06\/Argentina2-620x413.jpg 620w, https:\/\/crentassos.com.br\/blog\/wp-content\/uploads\/2018\/06\/Argentina2-300x200.jpg 300w, https:\/\/crentassos.com.br\/blog\/wp-content\/uploads\/2018\/06\/Argentina2-768x511.jpg 768w, https:\/\/crentassos.com.br\/blog\/wp-content\/uploads\/2018\/06\/Argentina2-272x182.jpg 272w, https:\/\/crentassos.com.br\/blog\/wp-content\/uploads\/2018\/06\/Argentina2.jpg 1000w\" sizes=\"auto, (max-width: 620px) 100vw, 620px\" \/><\/p>\n<p style=\"text-align: center;\"><strong>Segunda camisa:\u00a0<\/strong>Parece camisa de treino. \u00c9 interessante ter uma camisa oficial em preto, mas os detalhes na lateral s\u00e3o estranhos. N\u00e3o consigo imaginar essa camisa sendo usada\u00a0durante um jogo.<\/p>\n<p style=\"text-align: center;\"><em>Isl\u00e2ndia<\/em><\/p>\n<p style=\"text-align: center;\"><img loading=\"lazy\" decoding=\"async\" class=\"aligncenter wp-image-14658 size-large\" src=\"http:\/\/crentassos.com.br\/blog\/wp-content\/uploads\/2018\/06\/Isl\u00e2ndia1-620x783.jpg\" alt=\"Isl\u00e2ndia1\" width=\"620\" height=\"783\" srcset=\"https:\/\/crentassos.com.br\/blog\/wp-content\/uploads\/2018\/06\/Isl\u00e2ndia1-620x783.jpg 620w, https:\/\/crentassos.com.br\/blog\/wp-content\/uploads\/2018\/06\/Isl\u00e2ndia1-238x300.jpg 238w, https:\/\/crentassos.com.br\/blog\/wp-content\/uploads\/2018\/06\/Isl\u00e2ndia1-768x970.jpg 768w, https:\/\/crentassos.com.br\/blog\/wp-content\/uploads\/2018\/06\/Isl\u00e2ndia1.jpg 800w\" sizes=\"auto, (max-width: 620px) 100vw, 620px\" \/><\/p>\n<p style=\"text-align: center;\"><strong>Primeira camisa:\u00a0<\/strong>A Isl\u00e2ndia possivelmente ser\u00e1 a queridinha dessa Copa. Isso n\u00e3o salva seu uniforme, que n\u00e3o \u00e9 dos mais bonitos. Azul \u00e9 minha cor favorita, mas eles conseguiram escolher um tom estranho. Combinado com o vermelho da manga, ficou ainda mais estranho.<\/p>\n<p style=\"text-align: center;\"><img loading=\"lazy\" decoding=\"async\" class=\"aligncenter wp-image-14659 size-large\" src=\"http:\/\/crentassos.com.br\/blog\/wp-content\/uploads\/2018\/06\/Isl\u00e2ndia2-620x784.jpg\" alt=\"Isl\u00e2ndia2\" width=\"620\" height=\"784\" srcset=\"https:\/\/crentassos.com.br\/blog\/wp-content\/uploads\/2018\/06\/Isl\u00e2ndia2-620x784.jpg 620w, https:\/\/crentassos.com.br\/blog\/wp-content\/uploads\/2018\/06\/Isl\u00e2ndia2-237x300.jpg 237w, https:\/\/crentassos.com.br\/blog\/wp-content\/uploads\/2018\/06\/Isl\u00e2ndia2-768x972.jpg 768w, https:\/\/crentassos.com.br\/blog\/wp-content\/uploads\/2018\/06\/Isl\u00e2ndia2.jpg 800w\" sizes=\"auto, (max-width: 620px) 100vw, 620px\" \/><\/p>\n<p style=\"text-align: center;\"><strong>Segunda camisa:\u00a0<\/strong>Tamb\u00e9m \u00e9 feia, e al\u00e9m disso, \u00e9 branca. Pelo menos, os\u00a0<em>son<\/em> que usar\u00e3o as camisas s\u00e3o interessantes. haha<\/p>\n<p style=\"text-align: center;\"><em>Cro\u00e1cia<\/em><\/p>\n<p style=\"text-align: center;\"><img loading=\"lazy\" decoding=\"async\" class=\"aligncenter wp-image-14660 size-large\" src=\"http:\/\/crentassos.com.br\/blog\/wp-content\/uploads\/2018\/06\/Cro\u00e1cia1-620x339.jpg\" alt=\"Cro\u00e1cia1\" width=\"620\" height=\"339\" srcset=\"https:\/\/crentassos.com.br\/blog\/wp-content\/uploads\/2018\/06\/Cro\u00e1cia1-620x339.jpg 620w, https:\/\/crentassos.com.br\/blog\/wp-content\/uploads\/2018\/06\/Cro\u00e1cia1-300x164.jpg 300w, https:\/\/crentassos.com.br\/blog\/wp-content\/uploads\/2018\/06\/Cro\u00e1cia1-768x420.jpg 768w, https:\/\/crentassos.com.br\/blog\/wp-content\/uploads\/2018\/06\/Cro\u00e1cia1.jpg 1703w\" sizes=\"auto, (max-width: 620px) 100vw, 620px\" \/><\/p>\n<p style=\"text-align: center;\"><strong>Primeira camisa:\u00a0<\/strong>Cro\u00e1cia facilita a vida do telespectador, pois sempre vem com o mesmo uniforme, praticamente. N\u00e3o sei o que achei do quadriculado n\u00e3o continuar na parte de tr\u00e1s.\u00a0Ao vivo ser\u00e1 outra coisa, por ter o n\u00famero e tal. Ent\u00e3o, o jeito \u00e9 esperar pra ver durante os jogos.<\/p>\n<p style=\"text-align: center;\"><img loading=\"lazy\" decoding=\"async\" class=\"aligncenter wp-image-14661 size-large\" src=\"http:\/\/crentassos.com.br\/blog\/wp-content\/uploads\/2018\/06\/Cro\u00e1cia2-620x413.jpg\" alt=\"Cro\u00e1cia2\" width=\"620\" height=\"413\" srcset=\"https:\/\/crentassos.com.br\/blog\/wp-content\/uploads\/2018\/06\/Cro\u00e1cia2-620x413.jpg 620w, https:\/\/crentassos.com.br\/blog\/wp-content\/uploads\/2018\/06\/Cro\u00e1cia2-300x200.jpg 300w, https:\/\/crentassos.com.br\/blog\/wp-content\/uploads\/2018\/06\/Cro\u00e1cia2-768x511.jpg 768w, https:\/\/crentassos.com.br\/blog\/wp-content\/uploads\/2018\/06\/Cro\u00e1cia2-272x182.jpg 272w, https:\/\/crentassos.com.br\/blog\/wp-content\/uploads\/2018\/06\/Cro\u00e1cia2.jpg 1200w\" sizes=\"auto, (max-width: 620px) 100vw, 620px\" \/><\/p>\n<p style=\"text-align: center;\"><strong>Segunda camisa:\u00a0<\/strong>Achei realmente bonita essa camisa. Gostei do quadriculado nessa vers\u00e3o escura, mesmo com a impress\u00e3o do n\u00famero e s\u00edmbolo da\u00a0<em>Nike\u00a0<\/em>estarem em laranja. Realmente acho que as fotos com pessoas vestindo as camisas tendem a favorecer as mesmas, pois temos no\u00e7\u00e3o verdadeira dela. (Mas n\u00e3o serviu pra voc\u00ea, Espanha.)<\/p>\n<p style=\"text-align: center;\"><em>Nig\u00e9ria<\/em><\/p>\n<p style=\"text-align: center;\"><img loading=\"lazy\" decoding=\"async\" class=\"aligncenter wp-image-14662 size-large\" src=\"http:\/\/crentassos.com.br\/blog\/wp-content\/uploads\/2018\/06\/Nig\u00e9ria1-620x620.jpg\" alt=\"Nig\u00e9ria1\" width=\"620\" height=\"620\" srcset=\"https:\/\/crentassos.com.br\/blog\/wp-content\/uploads\/2018\/06\/Nig\u00e9ria1-620x620.jpg 620w, https:\/\/crentassos.com.br\/blog\/wp-content\/uploads\/2018\/06\/Nig\u00e9ria1-300x300.jpg 300w, https:\/\/crentassos.com.br\/blog\/wp-content\/uploads\/2018\/06\/Nig\u00e9ria1.jpg 750w\" sizes=\"auto, (max-width: 620px) 100vw, 620px\" \/><\/p>\n<p style=\"text-align: center;\"><strong>Primeira camisa:\u00a0<\/strong>Este \u00e9 o uniforme que, se eu falar mal, possivelmente serei agredida pelos hipsters da internet. Em compara\u00e7\u00e3o com a camisa da Copa passada, \u00e9 muito mais bonita, <a href=\"https:\/\/geekpublicitario.com.br\/28130\/uniformes-da-nigeria-fazem-sucesso-nas-redes-sociais\/\" target=\"_blank\">mas esta aqui n\u00e3o vale o furor todo causado<\/a>. Para minha pr\u00f3pria surpresa, achei interessante as mangas serem t\u00e3o diferentes do resto da camisa. Achei que\u00a0tudo combinou muito bem.<\/p>\n<p style=\"text-align: center;\"><img loading=\"lazy\" decoding=\"async\" class=\"aligncenter wp-image-14664 size-large\" src=\"http:\/\/crentassos.com.br\/blog\/wp-content\/uploads\/2018\/06\/Nig\u00e9ria2-620x413.jpg\" alt=\"Nig\u00e9ria2\" width=\"620\" height=\"413\" srcset=\"https:\/\/crentassos.com.br\/blog\/wp-content\/uploads\/2018\/06\/Nig\u00e9ria2-620x413.jpg 620w, https:\/\/crentassos.com.br\/blog\/wp-content\/uploads\/2018\/06\/Nig\u00e9ria2-300x200.jpg 300w, https:\/\/crentassos.com.br\/blog\/wp-content\/uploads\/2018\/06\/Nig\u00e9ria2-272x182.jpg 272w, https:\/\/crentassos.com.br\/blog\/wp-content\/uploads\/2018\/06\/Nig\u00e9ria2.jpg 750w\" sizes=\"auto, (max-width: 620px) 100vw, 620px\" \/><\/p>\n<p style=\"text-align: center;\"><strong>Segunda camisa:\u00a0<\/strong>Este segundo uniforme ficou realmente bonito. A camisa verde escura,\u00a0minimalista, ficou impec\u00e1vel. Inclusive, coloquei a foto do uniforme\u00a0inteiro porque ele se completa de maneira bel\u00edssima.<\/p>\n<blockquote>\n<p style=\"text-align: justify;\"><em><strong>Quer ver minha opini\u00e3o sobre as camisas das sele\u00e7\u00f5es de outros grupos?<\/strong><\/em><br \/>\n<em><strong>\u00a0\u2013\u00a0<a href=\"http:\/\/crentassos.com.br\/blog\/tag\/camisas-da-copa-2018\">Todas as camisas da Copa 2018.<\/a><\/strong><\/em><\/p>\n<\/blockquote>\n","protected":false},"excerpt":{"rendered":"<p>Dando continuidade aos posts com minha an\u00e1lise pessoal (puramente baseada no meu gosto) das camisas da Copa, hoje falarei sobre os\u00a0Hermanos,\u00a0os poss\u00edveis [&hellip;]<\/p>\n","protected":false},"author":32,"featured_media":14667,"comment_status":"open","ping_status":"open","sticky":false,"template":"","format":"standard","meta":{"_exactmetrics_skip_tracking":false,"_exactmetrics_sitenote_active":false,"_exactmetrics_sitenote_note":"","_exactmetrics_sitenote_category":0,"footnotes":"","_links_to":"","_links_to_target":""},"categories":[112],"tags":[7109,7110,1584,563,7108],"class_list":{"0":"post-14655","1":"post","2":"type-post","3":"status-publish","4":"format-standard","5":"has-post-thumbnail","6":"hentry","7":"category-artigos","8":"tag-camisas-da-copa","9":"tag-camisas-da-copa-2018","10":"tag-copa-do-mundo","11":"tag-futebol","12":"tag-world-cup","14":"post-with-thumbnail","15":"post-with-thumbnail-large"},"yoast_head":"<!-- This site is optimized with the Yoast SEO plugin v27.1.1 - https:\/\/yoast.com\/product\/yoast-seo-wordpress\/ -->\n<title>Camisas Copa do Mundo 2018 \u2013 Grupo D - Crentassos Produ\u00e7\u00f5es Subversivas<\/title>\n<meta name=\"robots\" content=\"index, follow, max-snippet:-1, max-image-preview:large, max-video-preview:-1\" \/>\n<link rel=\"canonical\" href=\"https:\/\/crentassos.com.br\/blog\/2018\/06\/camisas-copa-do-mundo-2018-grupo-d.html\" \/>\n<meta property=\"og:locale\" content=\"pt_BR\" \/>\n<meta property=\"og:type\" content=\"article\" \/>\n<meta property=\"og:title\" content=\"Camisas Copa do Mundo 2018 \u2013 Grupo D - Crentassos Produ\u00e7\u00f5es Subversivas\" \/>\n<meta property=\"og:description\" content=\"Dando continuidade aos posts com minha an\u00e1lise pessoal (puramente baseada no meu gosto) das camisas da Copa, hoje falarei sobre os\u00a0Hermanos,\u00a0os poss\u00edveis [&hellip;]\" \/>\n<meta property=\"og:url\" content=\"https:\/\/crentassos.com.br\/blog\/2018\/06\/camisas-copa-do-mundo-2018-grupo-d.html\" \/>\n<meta property=\"og:site_name\" content=\"Crentassos Produ\u00e7\u00f5es Subversivas\" \/>\n<meta property=\"article:publisher\" content=\"http:\/\/www.facebook.com\/crentassos\" \/>\n<meta property=\"article:published_time\" content=\"2018-06-10T14:40:06+00:00\" \/>\n<meta property=\"article:modified_time\" content=\"2018-06-14T11:11:10+00:00\" \/>\n<meta property=\"og:image\" content=\"https:\/\/crentassos.com.br\/blog\/wp-content\/uploads\/2018\/06\/4.png\" \/>\n\t<meta property=\"og:image:width\" content=\"1280\" \/>\n\t<meta property=\"og:image:height\" content=\"720\" \/>\n\t<meta property=\"og:image:type\" content=\"image\/png\" \/>\n<meta name=\"author\" content=\"Tamyres Palma\" \/>\n<meta name=\"twitter:card\" content=\"summary_large_image\" \/>\n<meta name=\"twitter:creator\" content=\"@crentassos\" \/>\n<meta name=\"twitter:site\" content=\"@crentassos\" \/>\n<meta name=\"twitter:label1\" content=\"Escrito por\" \/>\n\t<meta name=\"twitter:data1\" content=\"Tamyres Palma\" \/>\n\t<meta name=\"twitter:label2\" content=\"Est. tempo de leitura\" \/>\n\t<meta name=\"twitter:data2\" content=\"2 minutos\" \/>\n<script type=\"application\/ld+json\" class=\"yoast-schema-graph\">{\"@context\":\"https:\/\/schema.org\",\"@graph\":[{\"@type\":\"Article\",\"@id\":\"https:\/\/crentassos.com.br\/blog\/2018\/06\/camisas-copa-do-mundo-2018-grupo-d.html#article\",\"isPartOf\":{\"@id\":\"https:\/\/crentassos.com.br\/blog\/2018\/06\/camisas-copa-do-mundo-2018-grupo-d.html\"},\"author\":{\"name\":\"Tamyres Palma\",\"@id\":\"https:\/\/crentassos.com.br\/blog\/#\/schema\/person\/3f5f08a8ba3e2bc991eb2fd8f8e3988c\"},\"headline\":\"Camisas Copa do Mundo 2018 \u2013 Grupo D\",\"datePublished\":\"2018-06-10T14:40:06+00:00\",\"dateModified\":\"2018-06-14T11:11:10+00:00\",\"mainEntityOfPage\":{\"@id\":\"https:\/\/crentassos.com.br\/blog\/2018\/06\/camisas-copa-do-mundo-2018-grupo-d.html\"},\"wordCount\":420,\"commentCount\":2,\"publisher\":{\"@id\":\"https:\/\/crentassos.com.br\/blog\/#organization\"},\"image\":{\"@id\":\"https:\/\/crentassos.com.br\/blog\/2018\/06\/camisas-copa-do-mundo-2018-grupo-d.html#primaryimage\"},\"thumbnailUrl\":\"https:\/\/crentassos.com.br\/blog\/wp-content\/uploads\/2018\/06\/4.png\",\"keywords\":[\"camisas da Copa\",\"Camisas da Copa 2018\",\"copa do mundo\",\"futebol\",\"World Cup\"],\"articleSection\":[\"Artigos\"],\"inLanguage\":\"pt-BR\",\"potentialAction\":[{\"@type\":\"CommentAction\",\"name\":\"Comment\",\"target\":[\"https:\/\/crentassos.com.br\/blog\/2018\/06\/camisas-copa-do-mundo-2018-grupo-d.html#respond\"]}]},{\"@type\":\"WebPage\",\"@id\":\"https:\/\/crentassos.com.br\/blog\/2018\/06\/camisas-copa-do-mundo-2018-grupo-d.html\",\"url\":\"https:\/\/crentassos.com.br\/blog\/2018\/06\/camisas-copa-do-mundo-2018-grupo-d.html\",\"name\":\"Camisas Copa do Mundo 2018 \u2013 Grupo D - Crentassos Produ\u00e7\u00f5es Subversivas\",\"isPartOf\":{\"@id\":\"https:\/\/crentassos.com.br\/blog\/#website\"},\"primaryImageOfPage\":{\"@id\":\"https:\/\/crentassos.com.br\/blog\/2018\/06\/camisas-copa-do-mundo-2018-grupo-d.html#primaryimage\"},\"image\":{\"@id\":\"https:\/\/crentassos.com.br\/blog\/2018\/06\/camisas-copa-do-mundo-2018-grupo-d.html#primaryimage\"},\"thumbnailUrl\":\"https:\/\/crentassos.com.br\/blog\/wp-content\/uploads\/2018\/06\/4.png\",\"datePublished\":\"2018-06-10T14:40:06+00:00\",\"dateModified\":\"2018-06-14T11:11:10+00:00\",\"breadcrumb\":{\"@id\":\"https:\/\/crentassos.com.br\/blog\/2018\/06\/camisas-copa-do-mundo-2018-grupo-d.html#breadcrumb\"},\"inLanguage\":\"pt-BR\",\"potentialAction\":[{\"@type\":\"ReadAction\",\"target\":[\"https:\/\/crentassos.com.br\/blog\/2018\/06\/camisas-copa-do-mundo-2018-grupo-d.html\"]}]},{\"@type\":\"ImageObject\",\"inLanguage\":\"pt-BR\",\"@id\":\"https:\/\/crentassos.com.br\/blog\/2018\/06\/camisas-copa-do-mundo-2018-grupo-d.html#primaryimage\",\"url\":\"https:\/\/crentassos.com.br\/blog\/wp-content\/uploads\/2018\/06\/4.png\",\"contentUrl\":\"https:\/\/crentassos.com.br\/blog\/wp-content\/uploads\/2018\/06\/4.png\",\"width\":1280,\"height\":720},{\"@type\":\"BreadcrumbList\",\"@id\":\"https:\/\/crentassos.com.br\/blog\/2018\/06\/camisas-copa-do-mundo-2018-grupo-d.html#breadcrumb\",\"itemListElement\":[{\"@type\":\"ListItem\",\"position\":1,\"name\":\"Home\",\"item\":\"https:\/\/crentassos.com.br\/blog\/\"},{\"@type\":\"ListItem\",\"position\":2,\"name\":\"Camisas Copa do Mundo 2018 \u2013 Grupo D\"}]},{\"@type\":\"WebSite\",\"@id\":\"https:\/\/crentassos.com.br\/blog\/#website\",\"url\":\"https:\/\/crentassos.com.br\/blog\/\",\"name\":\"Crentassos Produ\u00e7\u00f5es Subversivas\",\"description\":\"Podcast Crist\u00e3o, Podcrent, Da Prateleira, Artigos crist\u00e3os, Teologia, Estudos, Textos B\u00edblicos\",\"publisher\":{\"@id\":\"https:\/\/crentassos.com.br\/blog\/#organization\"},\"potentialAction\":[{\"@type\":\"SearchAction\",\"target\":{\"@type\":\"EntryPoint\",\"urlTemplate\":\"https:\/\/crentassos.com.br\/blog\/?s={search_term_string}\"},\"query-input\":{\"@type\":\"PropertyValueSpecification\",\"valueRequired\":true,\"valueName\":\"search_term_string\"}}],\"inLanguage\":\"pt-BR\"},{\"@type\":\"Organization\",\"@id\":\"https:\/\/crentassos.com.br\/blog\/#organization\",\"name\":\"Crentassos Produ\u00e7\u00f5es Subversivas\",\"url\":\"https:\/\/crentassos.com.br\/blog\/\",\"logo\":{\"@type\":\"ImageObject\",\"inLanguage\":\"pt-BR\",\"@id\":\"https:\/\/crentassos.com.br\/blog\/#\/schema\/logo\/image\/\",\"url\":\"https:\/\/crentassos.com.br\/blog\/wp-content\/uploads\/2020\/05\/cropped-crentassos1-300x300png.png\",\"contentUrl\":\"https:\/\/crentassos.com.br\/blog\/wp-content\/uploads\/2020\/05\/cropped-crentassos1-300x300png.png\",\"width\":300,\"height\":300,\"caption\":\"Crentassos Produ\u00e7\u00f5es Subversivas\"},\"image\":{\"@id\":\"https:\/\/crentassos.com.br\/blog\/#\/schema\/logo\/image\/\"},\"sameAs\":[\"http:\/\/www.facebook.com\/crentassos\",\"https:\/\/x.com\/crentassos\",\"https:\/\/www.instagram.com\/crentassos\",\"https:\/\/www.youtube.com\/crentassos\"]},{\"@type\":\"Person\",\"@id\":\"https:\/\/crentassos.com.br\/blog\/#\/schema\/person\/3f5f08a8ba3e2bc991eb2fd8f8e3988c\",\"name\":\"Tamyres Palma\",\"image\":{\"@type\":\"ImageObject\",\"inLanguage\":\"pt-BR\",\"@id\":\"https:\/\/crentassos.com.br\/blog\/#\/schema\/person\/image\/\",\"url\":\"https:\/\/secure.gravatar.com\/avatar\/9dce0caea2bafdb6394abc6c84348788083c31d52a278ed4b42bd0ee15c4ed52?s=96&d=retro&r=g\",\"contentUrl\":\"https:\/\/secure.gravatar.com\/avatar\/9dce0caea2bafdb6394abc6c84348788083c31d52a278ed4b42bd0ee15c4ed52?s=96&d=retro&r=g\",\"caption\":\"Tamyres Palma\"},\"description\":\"Tamyres Palma: formada em hist\u00f3ria, apaixonada por livros e casada com o @jonathazimmer . Maluca por Harry Potter, N\u00e1rnia e universos fant\u00e1sticos como a Terra M\u00e9dia. Apaixonada por literatura de forma geral, embora esteja longe do meu ideal de conhecimento liter\u00e1rio.\",\"sameAs\":[\"http:\/\/cafeecoberta.blogspot.com\"],\"url\":\"https:\/\/crentassos.com.br\/blog\/author\/tamyrespalma\"}]}<\/script>\n<!-- \/ Yoast SEO plugin. -->","yoast_head_json":{"title":"Camisas Copa do Mundo 2018 \u2013 Grupo D - Crentassos Produ\u00e7\u00f5es Subversivas","robots":{"index":"index","follow":"follow","max-snippet":"max-snippet:-1","max-image-preview":"max-image-preview:large","max-video-preview":"max-video-preview:-1"},"canonical":"https:\/\/crentassos.com.br\/blog\/2018\/06\/camisas-copa-do-mundo-2018-grupo-d.html","og_locale":"pt_BR","og_type":"article","og_title":"Camisas Copa do Mundo 2018 \u2013 Grupo D - Crentassos Produ\u00e7\u00f5es Subversivas","og_description":"Dando continuidade aos posts com minha an\u00e1lise pessoal (puramente baseada no meu gosto) das camisas da Copa, hoje falarei sobre os\u00a0Hermanos,\u00a0os poss\u00edveis [&hellip;]","og_url":"https:\/\/crentassos.com.br\/blog\/2018\/06\/camisas-copa-do-mundo-2018-grupo-d.html","og_site_name":"Crentassos Produ\u00e7\u00f5es Subversivas","article_publisher":"http:\/\/www.facebook.com\/crentassos","article_published_time":"2018-06-10T14:40:06+00:00","article_modified_time":"2018-06-14T11:11:10+00:00","og_image":[{"width":1280,"height":720,"url":"https:\/\/crentassos.com.br\/blog\/wp-content\/uploads\/2018\/06\/4.png","type":"image\/png"}],"author":"Tamyres Palma","twitter_card":"summary_large_image","twitter_creator":"@crentassos","twitter_site":"@crentassos","twitter_misc":{"Escrito por":"Tamyres Palma","Est. tempo de leitura":"2 minutos"},"schema":{"@context":"https:\/\/schema.org","@graph":[{"@type":"Article","@id":"https:\/\/crentassos.com.br\/blog\/2018\/06\/camisas-copa-do-mundo-2018-grupo-d.html#article","isPartOf":{"@id":"https:\/\/crentassos.com.br\/blog\/2018\/06\/camisas-copa-do-mundo-2018-grupo-d.html"},"author":{"name":"Tamyres Palma","@id":"https:\/\/crentassos.com.br\/blog\/#\/schema\/person\/3f5f08a8ba3e2bc991eb2fd8f8e3988c"},"headline":"Camisas Copa do Mundo 2018 \u2013 Grupo D","datePublished":"2018-06-10T14:40:06+00:00","dateModified":"2018-06-14T11:11:10+00:00","mainEntityOfPage":{"@id":"https:\/\/crentassos.com.br\/blog\/2018\/06\/camisas-copa-do-mundo-2018-grupo-d.html"},"wordCount":420,"commentCount":2,"publisher":{"@id":"https:\/\/crentassos.com.br\/blog\/#organization"},"image":{"@id":"https:\/\/crentassos.com.br\/blog\/2018\/06\/camisas-copa-do-mundo-2018-grupo-d.html#primaryimage"},"thumbnailUrl":"https:\/\/crentassos.com.br\/blog\/wp-content\/uploads\/2018\/06\/4.png","keywords":["camisas da Copa","Camisas da Copa 2018","copa do mundo","futebol","World Cup"],"articleSection":["Artigos"],"inLanguage":"pt-BR","potentialAction":[{"@type":"CommentAction","name":"Comment","target":["https:\/\/crentassos.com.br\/blog\/2018\/06\/camisas-copa-do-mundo-2018-grupo-d.html#respond"]}]},{"@type":"WebPage","@id":"https:\/\/crentassos.com.br\/blog\/2018\/06\/camisas-copa-do-mundo-2018-grupo-d.html","url":"https:\/\/crentassos.com.br\/blog\/2018\/06\/camisas-copa-do-mundo-2018-grupo-d.html","name":"Camisas Copa do Mundo 2018 \u2013 Grupo D - Crentassos Produ\u00e7\u00f5es Subversivas","isPartOf":{"@id":"https:\/\/crentassos.com.br\/blog\/#website"},"primaryImageOfPage":{"@id":"https:\/\/crentassos.com.br\/blog\/2018\/06\/camisas-copa-do-mundo-2018-grupo-d.html#primaryimage"},"image":{"@id":"https:\/\/crentassos.com.br\/blog\/2018\/06\/camisas-copa-do-mundo-2018-grupo-d.html#primaryimage"},"thumbnailUrl":"https:\/\/crentassos.com.br\/blog\/wp-content\/uploads\/2018\/06\/4.png","datePublished":"2018-06-10T14:40:06+00:00","dateModified":"2018-06-14T11:11:10+00:00","breadcrumb":{"@id":"https:\/\/crentassos.com.br\/blog\/2018\/06\/camisas-copa-do-mundo-2018-grupo-d.html#breadcrumb"},"inLanguage":"pt-BR","potentialAction":[{"@type":"ReadAction","target":["https:\/\/crentassos.com.br\/blog\/2018\/06\/camisas-copa-do-mundo-2018-grupo-d.html"]}]},{"@type":"ImageObject","inLanguage":"pt-BR","@id":"https:\/\/crentassos.com.br\/blog\/2018\/06\/camisas-copa-do-mundo-2018-grupo-d.html#primaryimage","url":"https:\/\/crentassos.com.br\/blog\/wp-content\/uploads\/2018\/06\/4.png","contentUrl":"https:\/\/crentassos.com.br\/blog\/wp-content\/uploads\/2018\/06\/4.png","width":1280,"height":720},{"@type":"BreadcrumbList","@id":"https:\/\/crentassos.com.br\/blog\/2018\/06\/camisas-copa-do-mundo-2018-grupo-d.html#breadcrumb","itemListElement":[{"@type":"ListItem","position":1,"name":"Home","item":"https:\/\/crentassos.com.br\/blog\/"},{"@type":"ListItem","position":2,"name":"Camisas Copa do Mundo 2018 \u2013 Grupo D"}]},{"@type":"WebSite","@id":"https:\/\/crentassos.com.br\/blog\/#website","url":"https:\/\/crentassos.com.br\/blog\/","name":"Crentassos Produ\u00e7\u00f5es Subversivas","description":"Podcast Crist\u00e3o, Podcrent, Da Prateleira, Artigos crist\u00e3os, Teologia, Estudos, Textos B\u00edblicos","publisher":{"@id":"https:\/\/crentassos.com.br\/blog\/#organization"},"potentialAction":[{"@type":"SearchAction","target":{"@type":"EntryPoint","urlTemplate":"https:\/\/crentassos.com.br\/blog\/?s={search_term_string}"},"query-input":{"@type":"PropertyValueSpecification","valueRequired":true,"valueName":"search_term_string"}}],"inLanguage":"pt-BR"},{"@type":"Organization","@id":"https:\/\/crentassos.com.br\/blog\/#organization","name":"Crentassos Produ\u00e7\u00f5es Subversivas","url":"https:\/\/crentassos.com.br\/blog\/","logo":{"@type":"ImageObject","inLanguage":"pt-BR","@id":"https:\/\/crentassos.com.br\/blog\/#\/schema\/logo\/image\/","url":"https:\/\/crentassos.com.br\/blog\/wp-content\/uploads\/2020\/05\/cropped-crentassos1-300x300png.png","contentUrl":"https:\/\/crentassos.com.br\/blog\/wp-content\/uploads\/2020\/05\/cropped-crentassos1-300x300png.png","width":300,"height":300,"caption":"Crentassos Produ\u00e7\u00f5es Subversivas"},"image":{"@id":"https:\/\/crentassos.com.br\/blog\/#\/schema\/logo\/image\/"},"sameAs":["http:\/\/www.facebook.com\/crentassos","https:\/\/x.com\/crentassos","https:\/\/www.instagram.com\/crentassos","https:\/\/www.youtube.com\/crentassos"]},{"@type":"Person","@id":"https:\/\/crentassos.com.br\/blog\/#\/schema\/person\/3f5f08a8ba3e2bc991eb2fd8f8e3988c","name":"Tamyres Palma","image":{"@type":"ImageObject","inLanguage":"pt-BR","@id":"https:\/\/crentassos.com.br\/blog\/#\/schema\/person\/image\/","url":"https:\/\/secure.gravatar.com\/avatar\/9dce0caea2bafdb6394abc6c84348788083c31d52a278ed4b42bd0ee15c4ed52?s=96&d=retro&r=g","contentUrl":"https:\/\/secure.gravatar.com\/avatar\/9dce0caea2bafdb6394abc6c84348788083c31d52a278ed4b42bd0ee15c4ed52?s=96&d=retro&r=g","caption":"Tamyres Palma"},"description":"Tamyres Palma: formada em hist\u00f3ria, apaixonada por livros e casada com o @jonathazimmer . Maluca por Harry Potter, N\u00e1rnia e universos fant\u00e1sticos como a Terra M\u00e9dia. Apaixonada por literatura de forma geral, embora esteja longe do meu ideal de conhecimento liter\u00e1rio.","sameAs":["http:\/\/cafeecoberta.blogspot.com"],"url":"https:\/\/crentassos.com.br\/blog\/author\/tamyrespalma"}]}},"_links":{"self":[{"href":"https:\/\/crentassos.com.br\/blog\/wp-json\/wp\/v2\/posts\/14655","targetHints":{"allow":["GET"]}}],"collection":[{"href":"https:\/\/crentassos.com.br\/blog\/wp-json\/wp\/v2\/posts"}],"about":[{"href":"https:\/\/crentassos.com.br\/blog\/wp-json\/wp\/v2\/types\/post"}],"author":[{"embeddable":true,"href":"https:\/\/crentassos.com.br\/blog\/wp-json\/wp\/v2\/users\/32"}],"replies":[{"embeddable":true,"href":"https:\/\/crentassos.com.br\/blog\/wp-json\/wp\/v2\/comments?post=14655"}],"version-history":[{"count":6,"href":"https:\/\/crentassos.com.br\/blog\/wp-json\/wp\/v2\/posts\/14655\/revisions"}],"predecessor-version":[{"id":14742,"href":"https:\/\/crentassos.com.br\/blog\/wp-json\/wp\/v2\/posts\/14655\/revisions\/14742"}],"wp:featuredmedia":[{"embeddable":true,"href":"https:\/\/crentassos.com.br\/blog\/wp-json\/wp\/v2\/media\/14667"}],"wp:attachment":[{"href":"https:\/\/crentassos.com.br\/blog\/wp-json\/wp\/v2\/media?parent=14655"}],"wp:term":[{"taxonomy":"category","embeddable":true,"href":"https:\/\/crentassos.com.br\/blog\/wp-json\/wp\/v2\/categories?post=14655"},{"taxonomy":"post_tag","embeddable":true,"href":"https:\/\/crentassos.com.br\/blog\/wp-json\/wp\/v2\/tags?post=14655"}],"curies":[{"name":"wp","href":"https:\/\/api.w.org\/{rel}","templated":true}]}}