{"id":14616,"date":"2018-06-05T17:09:33","date_gmt":"2018-06-05T19:09:33","guid":{"rendered":"http:\/\/crentassos.com.br\/blog\/?p=14616"},"modified":"2018-06-14T09:12:11","modified_gmt":"2018-06-14T11:12:11","slug":"camisas-copa-do-mundo-2018-grupo-b","status":"publish","type":"post","link":"https:\/\/crentassos.com.br\/blog\/2018\/06\/camisas-copa-do-mundo-2018-grupo-b.html","title":{"rendered":"Camisas Copa do Mundo 2018 &#8211; Grupo B"},"content":{"rendered":"<p style=\"text-align: justify;\">Dando continuidade aos posts com minha an\u00e1lise pessoal (<span style=\"text-decoration: underline;\">puramente baseada no meu gosto<\/span>) das camisas da Copa, hoje falarei sobre o Grupo dos Mouros, da Reconquista Crist\u00e3 e da Pen\u00ednsula Ib\u00e9rica.<\/p>\n<p style=\"text-align: center;\"><strong>GRUPO B<\/strong><\/p>\n<p style=\"text-align: center;\"><em>Portugal<\/em><\/p>\n<p style=\"text-align: center;\"><img loading=\"lazy\" decoding=\"async\" class=\"aligncenter wp-image-14617 size-large\" src=\"http:\/\/crentassos.com.br\/blog\/wp-content\/uploads\/2018\/06\/Portugal1-620x397.jpg\" alt=\"Portugal1\" width=\"620\" height=\"397\" srcset=\"https:\/\/crentassos.com.br\/blog\/wp-content\/uploads\/2018\/06\/Portugal1-620x397.jpg 620w, https:\/\/crentassos.com.br\/blog\/wp-content\/uploads\/2018\/06\/Portugal1-300x192.jpg 300w, https:\/\/crentassos.com.br\/blog\/wp-content\/uploads\/2018\/06\/Portugal1.jpg 750w\" sizes=\"auto, (max-width: 620px) 100vw, 620px\" \/><\/p>\n<p style=\"text-align: center;\"><strong>Primeira camisa:\u00a0<\/strong>Aquela vermelha cl\u00e1ssica de Portugal. Acho uma camisa okay, mas que n\u00e3o toca meu cora\u00e7\u00e3o,\u00a0nem me faz desejar t\u00ea-la.\u00a0Nike, al\u00e9m da padronagem na parte da tr\u00e1s da gola, traz em suas\u00a0camisas esse efeito riscado na nuca e mangas.\u00a0Nas fotos vistas, n\u00e3o gostei disso, n\u00e3o. Pode ser que ao vivo fique mais interessante.<\/p>\n<p style=\"text-align: center;\"><img loading=\"lazy\" decoding=\"async\" class=\"aligncenter wp-image-14618 size-large\" src=\"http:\/\/crentassos.com.br\/blog\/wp-content\/uploads\/2018\/06\/Portugal2-620x413.jpg\" alt=\"Portugal2\" width=\"620\" height=\"413\" srcset=\"https:\/\/crentassos.com.br\/blog\/wp-content\/uploads\/2018\/06\/Portugal2-620x413.jpg 620w, https:\/\/crentassos.com.br\/blog\/wp-content\/uploads\/2018\/06\/Portugal2-300x200.jpg 300w, https:\/\/crentassos.com.br\/blog\/wp-content\/uploads\/2018\/06\/Portugal2-272x182.jpg 272w, https:\/\/crentassos.com.br\/blog\/wp-content\/uploads\/2018\/06\/Portugal2.jpg 750w\" sizes=\"auto, (max-width: 620px) 100vw, 620px\" \/><\/p>\n<p style=\"text-align: center;\"><strong>Segunda camisa:\u00a0<\/strong>S\u00f3\u00a0achei fotos com os jogadores a vestindo, por isso \u00e9 o que temos pra hoje. Pode ser que 2018 seja o ano que me far\u00e1 gostar de camisas brancas. Assim como a camisa da R\u00fassia,\u00a0essa padronagem no branco ficou bem bonita.\u00a0(Li em alguns lugares que essa padronagem \u00e9 verde claro. Se for mesmo, acho que deixar\u00e1 a camisa feia.)<\/p>\n<p style=\"text-align: center;\"><img loading=\"lazy\" decoding=\"async\" class=\"aligncenter wp-image-14619 size-large\" src=\"http:\/\/crentassos.com.br\/blog\/wp-content\/uploads\/2018\/06\/Portugal3-620x826.jpg\" alt=\"Portugal3\" width=\"620\" height=\"826\" srcset=\"https:\/\/crentassos.com.br\/blog\/wp-content\/uploads\/2018\/06\/Portugal3-620x826.jpg 620w, https:\/\/crentassos.com.br\/blog\/wp-content\/uploads\/2018\/06\/Portugal3-225x300.jpg 225w, https:\/\/crentassos.com.br\/blog\/wp-content\/uploads\/2018\/06\/Portugal3.jpg 750w\" sizes=\"auto, (max-width: 620px) 100vw, 620px\" \/><\/p>\n<p style=\"text-align: center;\">Numa foto b\u00f4nus, temos o segundo uniforme inteiro aqui. Me surpreendeu muito eu ter gostado desse uniforme inteiro branco. T\u00e3o de parab\u00e9ns os portugueses.<\/p>\n<p style=\"text-align: center;\"><em>Espanha<\/em><\/p>\n<p style=\"text-align: center;\"><img loading=\"lazy\" decoding=\"async\" class=\"aligncenter wp-image-14620 size-large\" src=\"http:\/\/crentassos.com.br\/blog\/wp-content\/uploads\/2018\/06\/Espanha1-620x479.jpg\" alt=\"Espanha1\" width=\"620\" height=\"479\" srcset=\"https:\/\/crentassos.com.br\/blog\/wp-content\/uploads\/2018\/06\/Espanha1-620x479.jpg 620w, https:\/\/crentassos.com.br\/blog\/wp-content\/uploads\/2018\/06\/Espanha1-300x232.jpg 300w, https:\/\/crentassos.com.br\/blog\/wp-content\/uploads\/2018\/06\/Espanha1.jpg 750w\" sizes=\"auto, (max-width: 620px) 100vw, 620px\" \/><\/p>\n<p style=\"text-align: center;\"><strong>Primeira camisa:\u00a0<\/strong>A pergunta que fica \u00e9: pra que isso? At\u00e9 o modelo est\u00e1 deprimido usando essa camisa, pensando em tantas outras mais bonitas que podiam ter sido escolhidas. Esse zig-zag lateral \u00e9 horr\u00edvel e sem sentido. Tem s\u00e9rias chances de ser a camisa titular mais feia dessa Copa.<\/p>\n<p style=\"text-align: center;\"><img loading=\"lazy\" decoding=\"async\" class=\"aligncenter wp-image-14621 size-large\" src=\"http:\/\/crentassos.com.br\/blog\/wp-content\/uploads\/2018\/06\/Espanha2-620x417.jpg\" alt=\"Espanha2\" width=\"620\" height=\"417\" srcset=\"https:\/\/crentassos.com.br\/blog\/wp-content\/uploads\/2018\/06\/Espanha2-620x417.jpg 620w, https:\/\/crentassos.com.br\/blog\/wp-content\/uploads\/2018\/06\/Espanha2-300x202.jpg 300w, https:\/\/crentassos.com.br\/blog\/wp-content\/uploads\/2018\/06\/Espanha2-768x517.jpg 768w, https:\/\/crentassos.com.br\/blog\/wp-content\/uploads\/2018\/06\/Espanha2-272x182.jpg 272w, https:\/\/crentassos.com.br\/blog\/wp-content\/uploads\/2018\/06\/Espanha2.jpg 1000w\" sizes=\"auto, (max-width: 620px) 100vw, 620px\" \/><\/p>\n<p style=\"text-align: center;\"><strong>Segunda camisa:\u00a0<\/strong>uma camisa que coloca as coisas no eixo no meu universo e eu posso odiar em paz. Branco com LA-RAN-JA \u00e9 um pouco demais para esse meu pobre cora\u00e7\u00e3o. E a padronagem no branco tamb\u00e9m parece ser em verde. S\u00e9rio, que combina\u00e7\u00e3o de cor \u00e9 essa? T\u00e3o feia a camisa que nem teve modelo querendo tirar foto com ela. Espanha, voc\u00ea j\u00e1 foi melhor.<\/p>\n<p style=\"text-align: center;\"><em>Marrocos<\/em><\/p>\n<p style=\"text-align: center;\"><img loading=\"lazy\" decoding=\"async\" class=\"aligncenter wp-image-14622 size-large\" src=\"http:\/\/crentassos.com.br\/blog\/wp-content\/uploads\/2018\/06\/Marrocos1-620x413.jpg\" alt=\"Marrocos1\" width=\"620\" height=\"413\" srcset=\"https:\/\/crentassos.com.br\/blog\/wp-content\/uploads\/2018\/06\/Marrocos1-620x413.jpg 620w, https:\/\/crentassos.com.br\/blog\/wp-content\/uploads\/2018\/06\/Marrocos1-300x200.jpg 300w, https:\/\/crentassos.com.br\/blog\/wp-content\/uploads\/2018\/06\/Marrocos1-768x512.jpg 768w, https:\/\/crentassos.com.br\/blog\/wp-content\/uploads\/2018\/06\/Marrocos1-272x182.jpg 272w, https:\/\/crentassos.com.br\/blog\/wp-content\/uploads\/2018\/06\/Marrocos1.jpg 1200w\" sizes=\"auto, (max-width: 620px) 100vw, 620px\" \/><\/p>\n<p style=\"text-align: center;\">Pa\u00eds mais conhecido no Brasil por ser onde se passava\u00a0<em>O Clone<\/em>.<\/p>\n<p style=\"text-align: center;\"><strong>Primeira camisa:\u00a0<\/strong>\u00c9 triste, mas me sinto quase que indiferente a ela. Gosto do ar meio retr\u00f4 que a gola em V e os punhos das mangas d\u00e3o. Achei okay.<\/p>\n<p style=\"text-align: center;\"><img loading=\"lazy\" decoding=\"async\" class=\"aligncenter wp-image-14624 size-large\" src=\"http:\/\/crentassos.com.br\/blog\/wp-content\/uploads\/2018\/06\/Marrocos2-620x827.jpg\" alt=\"Marrocos2\" width=\"620\" height=\"827\" srcset=\"https:\/\/crentassos.com.br\/blog\/wp-content\/uploads\/2018\/06\/Marrocos2-620x827.jpg 620w, https:\/\/crentassos.com.br\/blog\/wp-content\/uploads\/2018\/06\/Marrocos2-225x300.jpg 225w, https:\/\/crentassos.com.br\/blog\/wp-content\/uploads\/2018\/06\/Marrocos2.jpg 720w\" sizes=\"auto, (max-width: 620px) 100vw, 620px\" \/><\/p>\n<p style=\"text-align: center;\"><strong>Segunda camisa:\u00a0<\/strong>nem foto com jogador\/modelo n\u00f3s temos. Esse look no manequim n\u00e3o me agradou. Parece ter uma firula na lateral da camisa e do cal\u00e7\u00e3o. N\u00e3o gostei, mas posso me mudar de ideia (acho dif\u00edcil) quando a ver nos jogadores.<\/p>\n<p style=\"text-align: center;\"><em>Ir\u00e3<\/em><\/p>\n<p style=\"text-align: center;\"><img loading=\"lazy\" decoding=\"async\" class=\"aligncenter wp-image-14625 size-large\" src=\"http:\/\/crentassos.com.br\/blog\/wp-content\/uploads\/2018\/06\/Ir\u00e3-620x465.jpg\" alt=\"Ir\u00e3\" width=\"620\" height=\"465\" srcset=\"https:\/\/crentassos.com.br\/blog\/wp-content\/uploads\/2018\/06\/Ir\u00e3-620x465.jpg 620w, https:\/\/crentassos.com.br\/blog\/wp-content\/uploads\/2018\/06\/Ir\u00e3-300x225.jpg 300w, https:\/\/crentassos.com.br\/blog\/wp-content\/uploads\/2018\/06\/Ir\u00e3-768x576.jpg 768w, https:\/\/crentassos.com.br\/blog\/wp-content\/uploads\/2018\/06\/Ir\u00e3.jpg 1280w\" sizes=\"auto, (max-width: 620px) 100vw, 620px\" \/><\/p>\n<p style=\"text-align: center;\">Outra imagem que precisei pegar do <a href=\"https:\/\/mantosdofutebol.com.br\/2018\/05\/guia-camisas-copa-2018-russia-uniformes-32-selecoes\/\" target=\"_blank\">Mantos do Futebol<\/a><\/p>\n<p style=\"text-align: center;\"><strong>Primeira camisa:\u00a0<\/strong>Modelo basic\u00e3o. Gostei que aparenta ter um vermelho mais fechado na gola e punho das mangas. \u00c9 branca, mas \u00e9 legal.<\/p>\n<p style=\"text-align: center;\"><strong>Segunda camisa:\u00a0<\/strong>Pela imagem acima, n\u00e3o tenho como saber se essa padronagem quadriculada ficar\u00e1 legal nos jogadores. Mas ambas as camisas s\u00e3o bem melhores do que as usadas em 2014 (<a href=\"http:\/\/cafeecoberta.blogspot.com\/2014\/06\/minha-opiniao-sobre-as-camisas-da-copa_7.html\" target=\"_blank\">como voc\u00ea pode ver aqui<\/a>).<\/p>\n<blockquote><p><em><strong>Quer ver minha opini\u00e3o sobre as camisas das sele\u00e7\u00f5es de outros grupos?<\/strong><\/em><br \/>\n<em><strong>\u00a0\u2013\u00a0<a href=\"http:\/\/crentassos.com.br\/blog\/tag\/camisas-da-copa-2018\">Todas as camisas da Copa 2018.<\/a><\/strong><\/em><\/p><\/blockquote>\n","protected":false},"excerpt":{"rendered":"<p>Dando continuidade aos posts com minha an\u00e1lise pessoal (puramente baseada no meu gosto) das camisas da Copa, hoje falarei sobre o Grupo [&hellip;]<\/p>\n","protected":false},"author":32,"featured_media":14627,"comment_status":"open","ping_status":"open","sticky":false,"template":"","format":"standard","meta":{"_exactmetrics_skip_tracking":false,"_exactmetrics_sitenote_active":false,"_exactmetrics_sitenote_note":"","_exactmetrics_sitenote_category":0,"footnotes":"","_links_to":"","_links_to_target":""},"categories":[112],"tags":[7109,7110,1584,563,7108],"class_list":{"0":"post-14616","1":"post","2":"type-post","3":"status-publish","4":"format-standard","5":"has-post-thumbnail","6":"hentry","7":"category-artigos","8":"tag-camisas-da-copa","9":"tag-camisas-da-copa-2018","10":"tag-copa-do-mundo","11":"tag-futebol","12":"tag-world-cup","14":"post-with-thumbnail","15":"post-with-thumbnail-large"},"yoast_head":"<!-- This site is optimized with the Yoast SEO plugin v27.1.1 - https:\/\/yoast.com\/product\/yoast-seo-wordpress\/ -->\n<title>Camisas Copa do Mundo 2018 - Grupo B - Crentassos Produ\u00e7\u00f5es Subversivas<\/title>\n<meta name=\"robots\" content=\"index, follow, max-snippet:-1, max-image-preview:large, max-video-preview:-1\" \/>\n<link rel=\"canonical\" href=\"https:\/\/crentassos.com.br\/blog\/2018\/06\/camisas-copa-do-mundo-2018-grupo-b.html\" \/>\n<meta property=\"og:locale\" content=\"pt_BR\" \/>\n<meta property=\"og:type\" content=\"article\" \/>\n<meta property=\"og:title\" content=\"Camisas Copa do Mundo 2018 - Grupo B - Crentassos Produ\u00e7\u00f5es Subversivas\" \/>\n<meta property=\"og:description\" content=\"Dando continuidade aos posts com minha an\u00e1lise pessoal (puramente baseada no meu gosto) das camisas da Copa, hoje falarei sobre o Grupo [&hellip;]\" \/>\n<meta property=\"og:url\" content=\"https:\/\/crentassos.com.br\/blog\/2018\/06\/camisas-copa-do-mundo-2018-grupo-b.html\" \/>\n<meta property=\"og:site_name\" content=\"Crentassos Produ\u00e7\u00f5es Subversivas\" \/>\n<meta property=\"article:publisher\" content=\"http:\/\/www.facebook.com\/crentassos\" \/>\n<meta property=\"article:published_time\" content=\"2018-06-05T19:09:33+00:00\" \/>\n<meta property=\"article:modified_time\" content=\"2018-06-14T11:12:11+00:00\" \/>\n<meta property=\"og:image\" content=\"https:\/\/crentassos.com.br\/blog\/wp-content\/uploads\/2018\/06\/2.png\" \/>\n\t<meta property=\"og:image:width\" content=\"1280\" \/>\n\t<meta property=\"og:image:height\" content=\"720\" \/>\n\t<meta property=\"og:image:type\" content=\"image\/png\" \/>\n<meta name=\"author\" content=\"Tamyres Palma\" \/>\n<meta name=\"twitter:card\" content=\"summary_large_image\" \/>\n<meta name=\"twitter:creator\" content=\"@crentassos\" \/>\n<meta name=\"twitter:site\" content=\"@crentassos\" \/>\n<meta name=\"twitter:label1\" content=\"Escrito por\" \/>\n\t<meta name=\"twitter:data1\" content=\"Tamyres Palma\" \/>\n\t<meta name=\"twitter:label2\" content=\"Est. tempo de leitura\" \/>\n\t<meta name=\"twitter:data2\" content=\"2 minutos\" \/>\n<script type=\"application\/ld+json\" class=\"yoast-schema-graph\">{\"@context\":\"https:\/\/schema.org\",\"@graph\":[{\"@type\":\"Article\",\"@id\":\"https:\/\/crentassos.com.br\/blog\/2018\/06\/camisas-copa-do-mundo-2018-grupo-b.html#article\",\"isPartOf\":{\"@id\":\"https:\/\/crentassos.com.br\/blog\/2018\/06\/camisas-copa-do-mundo-2018-grupo-b.html\"},\"author\":{\"name\":\"Tamyres Palma\",\"@id\":\"https:\/\/crentassos.com.br\/blog\/#\/schema\/person\/3f5f08a8ba3e2bc991eb2fd8f8e3988c\"},\"headline\":\"Camisas Copa do Mundo 2018 &#8211; Grupo B\",\"datePublished\":\"2018-06-05T19:09:33+00:00\",\"dateModified\":\"2018-06-14T11:12:11+00:00\",\"mainEntityOfPage\":{\"@id\":\"https:\/\/crentassos.com.br\/blog\/2018\/06\/camisas-copa-do-mundo-2018-grupo-b.html\"},\"wordCount\":496,\"commentCount\":3,\"publisher\":{\"@id\":\"https:\/\/crentassos.com.br\/blog\/#organization\"},\"image\":{\"@id\":\"https:\/\/crentassos.com.br\/blog\/2018\/06\/camisas-copa-do-mundo-2018-grupo-b.html#primaryimage\"},\"thumbnailUrl\":\"https:\/\/crentassos.com.br\/blog\/wp-content\/uploads\/2018\/06\/2.png\",\"keywords\":[\"camisas da Copa\",\"Camisas da Copa 2018\",\"copa do mundo\",\"futebol\",\"World Cup\"],\"articleSection\":[\"Artigos\"],\"inLanguage\":\"pt-BR\",\"potentialAction\":[{\"@type\":\"CommentAction\",\"name\":\"Comment\",\"target\":[\"https:\/\/crentassos.com.br\/blog\/2018\/06\/camisas-copa-do-mundo-2018-grupo-b.html#respond\"]}]},{\"@type\":\"WebPage\",\"@id\":\"https:\/\/crentassos.com.br\/blog\/2018\/06\/camisas-copa-do-mundo-2018-grupo-b.html\",\"url\":\"https:\/\/crentassos.com.br\/blog\/2018\/06\/camisas-copa-do-mundo-2018-grupo-b.html\",\"name\":\"Camisas Copa do Mundo 2018 - Grupo B - Crentassos Produ\u00e7\u00f5es Subversivas\",\"isPartOf\":{\"@id\":\"https:\/\/crentassos.com.br\/blog\/#website\"},\"primaryImageOfPage\":{\"@id\":\"https:\/\/crentassos.com.br\/blog\/2018\/06\/camisas-copa-do-mundo-2018-grupo-b.html#primaryimage\"},\"image\":{\"@id\":\"https:\/\/crentassos.com.br\/blog\/2018\/06\/camisas-copa-do-mundo-2018-grupo-b.html#primaryimage\"},\"thumbnailUrl\":\"https:\/\/crentassos.com.br\/blog\/wp-content\/uploads\/2018\/06\/2.png\",\"datePublished\":\"2018-06-05T19:09:33+00:00\",\"dateModified\":\"2018-06-14T11:12:11+00:00\",\"breadcrumb\":{\"@id\":\"https:\/\/crentassos.com.br\/blog\/2018\/06\/camisas-copa-do-mundo-2018-grupo-b.html#breadcrumb\"},\"inLanguage\":\"pt-BR\",\"potentialAction\":[{\"@type\":\"ReadAction\",\"target\":[\"https:\/\/crentassos.com.br\/blog\/2018\/06\/camisas-copa-do-mundo-2018-grupo-b.html\"]}]},{\"@type\":\"ImageObject\",\"inLanguage\":\"pt-BR\",\"@id\":\"https:\/\/crentassos.com.br\/blog\/2018\/06\/camisas-copa-do-mundo-2018-grupo-b.html#primaryimage\",\"url\":\"https:\/\/crentassos.com.br\/blog\/wp-content\/uploads\/2018\/06\/2.png\",\"contentUrl\":\"https:\/\/crentassos.com.br\/blog\/wp-content\/uploads\/2018\/06\/2.png\",\"width\":1280,\"height\":720},{\"@type\":\"BreadcrumbList\",\"@id\":\"https:\/\/crentassos.com.br\/blog\/2018\/06\/camisas-copa-do-mundo-2018-grupo-b.html#breadcrumb\",\"itemListElement\":[{\"@type\":\"ListItem\",\"position\":1,\"name\":\"Home\",\"item\":\"https:\/\/crentassos.com.br\/blog\/\"},{\"@type\":\"ListItem\",\"position\":2,\"name\":\"Camisas Copa do Mundo 2018 &#8211; Grupo B\"}]},{\"@type\":\"WebSite\",\"@id\":\"https:\/\/crentassos.com.br\/blog\/#website\",\"url\":\"https:\/\/crentassos.com.br\/blog\/\",\"name\":\"Crentassos Produ\u00e7\u00f5es Subversivas\",\"description\":\"Podcast Crist\u00e3o, Podcrent, Da Prateleira, Artigos crist\u00e3os, Teologia, Estudos, Textos B\u00edblicos\",\"publisher\":{\"@id\":\"https:\/\/crentassos.com.br\/blog\/#organization\"},\"potentialAction\":[{\"@type\":\"SearchAction\",\"target\":{\"@type\":\"EntryPoint\",\"urlTemplate\":\"https:\/\/crentassos.com.br\/blog\/?s={search_term_string}\"},\"query-input\":{\"@type\":\"PropertyValueSpecification\",\"valueRequired\":true,\"valueName\":\"search_term_string\"}}],\"inLanguage\":\"pt-BR\"},{\"@type\":\"Organization\",\"@id\":\"https:\/\/crentassos.com.br\/blog\/#organization\",\"name\":\"Crentassos Produ\u00e7\u00f5es Subversivas\",\"url\":\"https:\/\/crentassos.com.br\/blog\/\",\"logo\":{\"@type\":\"ImageObject\",\"inLanguage\":\"pt-BR\",\"@id\":\"https:\/\/crentassos.com.br\/blog\/#\/schema\/logo\/image\/\",\"url\":\"https:\/\/crentassos.com.br\/blog\/wp-content\/uploads\/2020\/05\/cropped-crentassos1-300x300png.png\",\"contentUrl\":\"https:\/\/crentassos.com.br\/blog\/wp-content\/uploads\/2020\/05\/cropped-crentassos1-300x300png.png\",\"width\":300,\"height\":300,\"caption\":\"Crentassos Produ\u00e7\u00f5es Subversivas\"},\"image\":{\"@id\":\"https:\/\/crentassos.com.br\/blog\/#\/schema\/logo\/image\/\"},\"sameAs\":[\"http:\/\/www.facebook.com\/crentassos\",\"https:\/\/x.com\/crentassos\",\"https:\/\/www.instagram.com\/crentassos\",\"https:\/\/www.youtube.com\/crentassos\"]},{\"@type\":\"Person\",\"@id\":\"https:\/\/crentassos.com.br\/blog\/#\/schema\/person\/3f5f08a8ba3e2bc991eb2fd8f8e3988c\",\"name\":\"Tamyres Palma\",\"image\":{\"@type\":\"ImageObject\",\"inLanguage\":\"pt-BR\",\"@id\":\"https:\/\/crentassos.com.br\/blog\/#\/schema\/person\/image\/\",\"url\":\"https:\/\/secure.gravatar.com\/avatar\/9dce0caea2bafdb6394abc6c84348788083c31d52a278ed4b42bd0ee15c4ed52?s=96&d=retro&r=g\",\"contentUrl\":\"https:\/\/secure.gravatar.com\/avatar\/9dce0caea2bafdb6394abc6c84348788083c31d52a278ed4b42bd0ee15c4ed52?s=96&d=retro&r=g\",\"caption\":\"Tamyres Palma\"},\"description\":\"Tamyres Palma: formada em hist\u00f3ria, apaixonada por livros e casada com o @jonathazimmer . Maluca por Harry Potter, N\u00e1rnia e universos fant\u00e1sticos como a Terra M\u00e9dia. Apaixonada por literatura de forma geral, embora esteja longe do meu ideal de conhecimento liter\u00e1rio.\",\"sameAs\":[\"http:\/\/cafeecoberta.blogspot.com\"],\"url\":\"https:\/\/crentassos.com.br\/blog\/author\/tamyrespalma\"}]}<\/script>\n<!-- \/ Yoast SEO plugin. -->","yoast_head_json":{"title":"Camisas Copa do Mundo 2018 - Grupo B - Crentassos Produ\u00e7\u00f5es Subversivas","robots":{"index":"index","follow":"follow","max-snippet":"max-snippet:-1","max-image-preview":"max-image-preview:large","max-video-preview":"max-video-preview:-1"},"canonical":"https:\/\/crentassos.com.br\/blog\/2018\/06\/camisas-copa-do-mundo-2018-grupo-b.html","og_locale":"pt_BR","og_type":"article","og_title":"Camisas Copa do Mundo 2018 - Grupo B - Crentassos Produ\u00e7\u00f5es Subversivas","og_description":"Dando continuidade aos posts com minha an\u00e1lise pessoal (puramente baseada no meu gosto) das camisas da Copa, hoje falarei sobre o Grupo [&hellip;]","og_url":"https:\/\/crentassos.com.br\/blog\/2018\/06\/camisas-copa-do-mundo-2018-grupo-b.html","og_site_name":"Crentassos Produ\u00e7\u00f5es Subversivas","article_publisher":"http:\/\/www.facebook.com\/crentassos","article_published_time":"2018-06-05T19:09:33+00:00","article_modified_time":"2018-06-14T11:12:11+00:00","og_image":[{"width":1280,"height":720,"url":"https:\/\/crentassos.com.br\/blog\/wp-content\/uploads\/2018\/06\/2.png","type":"image\/png"}],"author":"Tamyres Palma","twitter_card":"summary_large_image","twitter_creator":"@crentassos","twitter_site":"@crentassos","twitter_misc":{"Escrito por":"Tamyres Palma","Est. tempo de leitura":"2 minutos"},"schema":{"@context":"https:\/\/schema.org","@graph":[{"@type":"Article","@id":"https:\/\/crentassos.com.br\/blog\/2018\/06\/camisas-copa-do-mundo-2018-grupo-b.html#article","isPartOf":{"@id":"https:\/\/crentassos.com.br\/blog\/2018\/06\/camisas-copa-do-mundo-2018-grupo-b.html"},"author":{"name":"Tamyres Palma","@id":"https:\/\/crentassos.com.br\/blog\/#\/schema\/person\/3f5f08a8ba3e2bc991eb2fd8f8e3988c"},"headline":"Camisas Copa do Mundo 2018 &#8211; Grupo B","datePublished":"2018-06-05T19:09:33+00:00","dateModified":"2018-06-14T11:12:11+00:00","mainEntityOfPage":{"@id":"https:\/\/crentassos.com.br\/blog\/2018\/06\/camisas-copa-do-mundo-2018-grupo-b.html"},"wordCount":496,"commentCount":3,"publisher":{"@id":"https:\/\/crentassos.com.br\/blog\/#organization"},"image":{"@id":"https:\/\/crentassos.com.br\/blog\/2018\/06\/camisas-copa-do-mundo-2018-grupo-b.html#primaryimage"},"thumbnailUrl":"https:\/\/crentassos.com.br\/blog\/wp-content\/uploads\/2018\/06\/2.png","keywords":["camisas da Copa","Camisas da Copa 2018","copa do mundo","futebol","World Cup"],"articleSection":["Artigos"],"inLanguage":"pt-BR","potentialAction":[{"@type":"CommentAction","name":"Comment","target":["https:\/\/crentassos.com.br\/blog\/2018\/06\/camisas-copa-do-mundo-2018-grupo-b.html#respond"]}]},{"@type":"WebPage","@id":"https:\/\/crentassos.com.br\/blog\/2018\/06\/camisas-copa-do-mundo-2018-grupo-b.html","url":"https:\/\/crentassos.com.br\/blog\/2018\/06\/camisas-copa-do-mundo-2018-grupo-b.html","name":"Camisas Copa do Mundo 2018 - Grupo B - Crentassos Produ\u00e7\u00f5es Subversivas","isPartOf":{"@id":"https:\/\/crentassos.com.br\/blog\/#website"},"primaryImageOfPage":{"@id":"https:\/\/crentassos.com.br\/blog\/2018\/06\/camisas-copa-do-mundo-2018-grupo-b.html#primaryimage"},"image":{"@id":"https:\/\/crentassos.com.br\/blog\/2018\/06\/camisas-copa-do-mundo-2018-grupo-b.html#primaryimage"},"thumbnailUrl":"https:\/\/crentassos.com.br\/blog\/wp-content\/uploads\/2018\/06\/2.png","datePublished":"2018-06-05T19:09:33+00:00","dateModified":"2018-06-14T11:12:11+00:00","breadcrumb":{"@id":"https:\/\/crentassos.com.br\/blog\/2018\/06\/camisas-copa-do-mundo-2018-grupo-b.html#breadcrumb"},"inLanguage":"pt-BR","potentialAction":[{"@type":"ReadAction","target":["https:\/\/crentassos.com.br\/blog\/2018\/06\/camisas-copa-do-mundo-2018-grupo-b.html"]}]},{"@type":"ImageObject","inLanguage":"pt-BR","@id":"https:\/\/crentassos.com.br\/blog\/2018\/06\/camisas-copa-do-mundo-2018-grupo-b.html#primaryimage","url":"https:\/\/crentassos.com.br\/blog\/wp-content\/uploads\/2018\/06\/2.png","contentUrl":"https:\/\/crentassos.com.br\/blog\/wp-content\/uploads\/2018\/06\/2.png","width":1280,"height":720},{"@type":"BreadcrumbList","@id":"https:\/\/crentassos.com.br\/blog\/2018\/06\/camisas-copa-do-mundo-2018-grupo-b.html#breadcrumb","itemListElement":[{"@type":"ListItem","position":1,"name":"Home","item":"https:\/\/crentassos.com.br\/blog\/"},{"@type":"ListItem","position":2,"name":"Camisas Copa do Mundo 2018 &#8211; Grupo B"}]},{"@type":"WebSite","@id":"https:\/\/crentassos.com.br\/blog\/#website","url":"https:\/\/crentassos.com.br\/blog\/","name":"Crentassos Produ\u00e7\u00f5es Subversivas","description":"Podcast Crist\u00e3o, Podcrent, Da Prateleira, Artigos crist\u00e3os, Teologia, Estudos, Textos B\u00edblicos","publisher":{"@id":"https:\/\/crentassos.com.br\/blog\/#organization"},"potentialAction":[{"@type":"SearchAction","target":{"@type":"EntryPoint","urlTemplate":"https:\/\/crentassos.com.br\/blog\/?s={search_term_string}"},"query-input":{"@type":"PropertyValueSpecification","valueRequired":true,"valueName":"search_term_string"}}],"inLanguage":"pt-BR"},{"@type":"Organization","@id":"https:\/\/crentassos.com.br\/blog\/#organization","name":"Crentassos Produ\u00e7\u00f5es Subversivas","url":"https:\/\/crentassos.com.br\/blog\/","logo":{"@type":"ImageObject","inLanguage":"pt-BR","@id":"https:\/\/crentassos.com.br\/blog\/#\/schema\/logo\/image\/","url":"https:\/\/crentassos.com.br\/blog\/wp-content\/uploads\/2020\/05\/cropped-crentassos1-300x300png.png","contentUrl":"https:\/\/crentassos.com.br\/blog\/wp-content\/uploads\/2020\/05\/cropped-crentassos1-300x300png.png","width":300,"height":300,"caption":"Crentassos Produ\u00e7\u00f5es Subversivas"},"image":{"@id":"https:\/\/crentassos.com.br\/blog\/#\/schema\/logo\/image\/"},"sameAs":["http:\/\/www.facebook.com\/crentassos","https:\/\/x.com\/crentassos","https:\/\/www.instagram.com\/crentassos","https:\/\/www.youtube.com\/crentassos"]},{"@type":"Person","@id":"https:\/\/crentassos.com.br\/blog\/#\/schema\/person\/3f5f08a8ba3e2bc991eb2fd8f8e3988c","name":"Tamyres Palma","image":{"@type":"ImageObject","inLanguage":"pt-BR","@id":"https:\/\/crentassos.com.br\/blog\/#\/schema\/person\/image\/","url":"https:\/\/secure.gravatar.com\/avatar\/9dce0caea2bafdb6394abc6c84348788083c31d52a278ed4b42bd0ee15c4ed52?s=96&d=retro&r=g","contentUrl":"https:\/\/secure.gravatar.com\/avatar\/9dce0caea2bafdb6394abc6c84348788083c31d52a278ed4b42bd0ee15c4ed52?s=96&d=retro&r=g","caption":"Tamyres Palma"},"description":"Tamyres Palma: formada em hist\u00f3ria, apaixonada por livros e casada com o @jonathazimmer . Maluca por Harry Potter, N\u00e1rnia e universos fant\u00e1sticos como a Terra M\u00e9dia. Apaixonada por literatura de forma geral, embora esteja longe do meu ideal de conhecimento liter\u00e1rio.","sameAs":["http:\/\/cafeecoberta.blogspot.com"],"url":"https:\/\/crentassos.com.br\/blog\/author\/tamyrespalma"}]}},"_links":{"self":[{"href":"https:\/\/crentassos.com.br\/blog\/wp-json\/wp\/v2\/posts\/14616","targetHints":{"allow":["GET"]}}],"collection":[{"href":"https:\/\/crentassos.com.br\/blog\/wp-json\/wp\/v2\/posts"}],"about":[{"href":"https:\/\/crentassos.com.br\/blog\/wp-json\/wp\/v2\/types\/post"}],"author":[{"embeddable":true,"href":"https:\/\/crentassos.com.br\/blog\/wp-json\/wp\/v2\/users\/32"}],"replies":[{"embeddable":true,"href":"https:\/\/crentassos.com.br\/blog\/wp-json\/wp\/v2\/comments?post=14616"}],"version-history":[{"count":12,"href":"https:\/\/crentassos.com.br\/blog\/wp-json\/wp\/v2\/posts\/14616\/revisions"}],"predecessor-version":[{"id":14744,"href":"https:\/\/crentassos.com.br\/blog\/wp-json\/wp\/v2\/posts\/14616\/revisions\/14744"}],"wp:featuredmedia":[{"embeddable":true,"href":"https:\/\/crentassos.com.br\/blog\/wp-json\/wp\/v2\/media\/14627"}],"wp:attachment":[{"href":"https:\/\/crentassos.com.br\/blog\/wp-json\/wp\/v2\/media?parent=14616"}],"wp:term":[{"taxonomy":"category","embeddable":true,"href":"https:\/\/crentassos.com.br\/blog\/wp-json\/wp\/v2\/categories?post=14616"},{"taxonomy":"post_tag","embeddable":true,"href":"https:\/\/crentassos.com.br\/blog\/wp-json\/wp\/v2\/tags?post=14616"}],"curies":[{"name":"wp","href":"https:\/\/api.w.org\/{rel}","templated":true}]}}