{"id":14592,"date":"2018-06-03T17:41:25","date_gmt":"2018-06-03T19:41:25","guid":{"rendered":"http:\/\/crentassos.com.br\/blog\/?p=14592"},"modified":"2018-06-14T09:12:47","modified_gmt":"2018-06-14T11:12:47","slug":"camisas-copa-do-mundo-2018-grupo-a","status":"publish","type":"post","link":"https:\/\/crentassos.com.br\/blog\/2018\/06\/camisas-copa-do-mundo-2018-grupo-a.html","title":{"rendered":"Camisas Copa do Mundo 2018 &#8211; Grupo A"},"content":{"rendered":"<p style=\"text-align: justify;\">Junho, estamos oficialmente no m\u00eas da Copa do Mundo 2018. Em 2014, fiz uma s\u00e9rie de posts sobre as camisas de cada sele\u00e7\u00e3o no meu blog pessoal,\u00a0e foi uma coisa divertida de fazer, pois misturava roupas (bonitas ou n\u00e3o) com futebol, que \u00e9 uma coisa que gosto muito. Para os que me conhecem melhor, sabem que assisto aos jogos do Gr\u00eamio, que \u00e9 meu time, mas Copa do Mundo mexe com meu cora\u00e7\u00e3o, pois me vejo querendo assistir a todos os jogos.<\/p>\n<p style=\"text-align: justify;\">Para dar continuidade a essa breve tradi\u00e7\u00e3o, farei por aqui\u00a0meus coment\u00e1rios sobre as camisas 2018. Numa s\u00e9rie de 8 posts (um para grupo), darei a <em>minha opini\u00e3o<\/em> sobre as camisas, com um pouco de zoeira e ironia eventualmente, porque elas apimentam a vida. Como os coment\u00e1rios ser\u00e3o baseados apenas na minha opini\u00e3o e no meu senso est\u00e9tico pessoal, n\u00e3o se ofendam caso eu fale mal de sua camisa favorita. Defenda ela nos coment\u00e1rios.<\/p>\n<p style=\"text-align: center;\"><strong>GRUPO A<\/strong><\/p>\n<p style=\"text-align: center;\"><em>R\u00fassia<\/em><\/p>\n<p style=\"text-align: center;\"><img loading=\"lazy\" decoding=\"async\" class=\"aligncenter wp-image-14593 size-large\" src=\"http:\/\/crentassos.com.br\/blog\/wp-content\/uploads\/2018\/06\/R\u00fassica1-620x358.jpg\" alt=\"R\u00fassia1\" width=\"620\" height=\"358\" srcset=\"https:\/\/crentassos.com.br\/blog\/wp-content\/uploads\/2018\/06\/R\u00fassica1-620x358.jpg 620w, https:\/\/crentassos.com.br\/blog\/wp-content\/uploads\/2018\/06\/R\u00fassica1-300x173.jpg 300w, https:\/\/crentassos.com.br\/blog\/wp-content\/uploads\/2018\/06\/R\u00fassica1.jpg 750w\" sizes=\"auto, (max-width: 620px) 100vw, 620px\" \/><\/p>\n<p style=\"text-align: center;\"><strong>Primeira camisa:\u00a0<\/strong>Uma camisa vermelha cl\u00e1ssica. Honestamente, n\u00e3o gostei da faixa em branco na \u00e1rea das mangas. Para a sele\u00e7\u00e3o que recepcionar\u00e1 a Copa, achei muito simples.<\/p>\n<p style=\"text-align: center;\"><img loading=\"lazy\" decoding=\"async\" class=\"aligncenter wp-image-14597 size-large\" src=\"http:\/\/crentassos.com.br\/blog\/wp-content\/uploads\/2018\/06\/R\u00fassia2-620x400.jpg\" alt=\"R\u00fassia2\" width=\"620\" height=\"400\" srcset=\"https:\/\/crentassos.com.br\/blog\/wp-content\/uploads\/2018\/06\/R\u00fassia2-620x400.jpg 620w, https:\/\/crentassos.com.br\/blog\/wp-content\/uploads\/2018\/06\/R\u00fassia2-300x194.jpg 300w, https:\/\/crentassos.com.br\/blog\/wp-content\/uploads\/2018\/06\/R\u00fassia2-768x496.jpg 768w, https:\/\/crentassos.com.br\/blog\/wp-content\/uploads\/2018\/06\/R\u00fassia2.jpg 1280w\" sizes=\"auto, (max-width: 620px) 100vw, 620px\" \/><\/p>\n<p style=\"text-align: center;\"><strong>Segunda camisa:\u00a0<\/strong>Quem leu meus posts da Copa de 2014 sabe que eu n\u00e3o sou muito f\u00e3 de camisas brancas, mas confesso que gostei dessa da R\u00fassia. A\u00a0padronagem em cinza\u00a0ficou legal, deu um efeito gr\u00e1fico interessante. Achei ela mais elegante e imponente que a camisa um.<\/p>\n<p style=\"text-align: center;\"><img loading=\"lazy\" decoding=\"async\" class=\"aligncenter wp-image-14598 size-full\" src=\"http:\/\/crentassos.com.br\/blog\/wp-content\/uploads\/2018\/06\/R\u00fassia3.jpg\" alt=\"R\u00fassia3\" width=\"460\" height=\"599\" srcset=\"https:\/\/crentassos.com.br\/blog\/wp-content\/uploads\/2018\/06\/R\u00fassia3.jpg 460w, https:\/\/crentassos.com.br\/blog\/wp-content\/uploads\/2018\/06\/R\u00fassia3-230x300.jpg 230w\" sizes=\"auto, (max-width: 460px) 100vw, 460px\" \/><\/p>\n<p style=\"text-align: center;\">O segundo uniforme ficou inteiro muito bonito. Gostei de que eles usaram as tr\u00eas cores da bandeira russa, mas de uma maneira elegante.<\/p>\n<p style=\"text-align: center;\"><em>Ar\u00e1bia Saudita<\/em><\/p>\n<p style=\"text-align: center;\"><img loading=\"lazy\" decoding=\"async\" class=\"aligncenter wp-image-14600 size-large\" src=\"http:\/\/crentassos.com.br\/blog\/wp-content\/uploads\/2018\/06\/Ar\u00e1bia-Saudita1-620x620.jpg\" alt=\"Ar\u00e1bia Saudita1\" width=\"620\" height=\"620\" srcset=\"https:\/\/crentassos.com.br\/blog\/wp-content\/uploads\/2018\/06\/Ar\u00e1bia-Saudita1-620x620.jpg 620w, https:\/\/crentassos.com.br\/blog\/wp-content\/uploads\/2018\/06\/Ar\u00e1bia-Saudita1-300x300.jpg 300w, https:\/\/crentassos.com.br\/blog\/wp-content\/uploads\/2018\/06\/Ar\u00e1bia-Saudita1-768x768.jpg 768w, https:\/\/crentassos.com.br\/blog\/wp-content\/uploads\/2018\/06\/Ar\u00e1bia-Saudita1.jpg 1080w\" sizes=\"auto, (max-width: 620px) 100vw, 620px\" \/><\/p>\n<p style=\"text-align: center;\">Toda Copa do Mundo h\u00e1 algumas coisas que s\u00e3o moda entre as principais fabricantes dos uniformes. Para a Nike, essa foto &#8220;camisa no varal&#8221; \u00e9 uma das modas.<\/p>\n<p style=\"text-align: center;\"><strong>Primeiro uniforme:\u00a0<\/strong>Branca com verde continua sendo um problema pra mim. A camisa \u00e9 simples, mas n\u00e3o bonita.<\/p>\n<p style=\"text-align: center;\"><img loading=\"lazy\" decoding=\"async\" class=\"aligncenter wp-image-14601 size-large\" src=\"http:\/\/crentassos.com.br\/blog\/wp-content\/uploads\/2018\/06\/Ar\u00e1bia-Saudita3-620x620.jpg\" alt=\"Ar\u00e1bia Saudita3\" width=\"620\" height=\"620\" srcset=\"https:\/\/crentassos.com.br\/blog\/wp-content\/uploads\/2018\/06\/Ar\u00e1bia-Saudita3-620x620.jpg 620w, https:\/\/crentassos.com.br\/blog\/wp-content\/uploads\/2018\/06\/Ar\u00e1bia-Saudita3-300x300.jpg 300w, https:\/\/crentassos.com.br\/blog\/wp-content\/uploads\/2018\/06\/Ar\u00e1bia-Saudita3-768x768.jpg 768w, https:\/\/crentassos.com.br\/blog\/wp-content\/uploads\/2018\/06\/Ar\u00e1bia-Saudita3.jpg 1080w\" sizes=\"auto, (max-width: 620px) 100vw, 620px\" \/><\/p>\n<p style=\"text-align: center;\">Por falar em moda das Copas do Mundo, a padronagem que a\u00a0<em>Nike<\/em> trouxe para as camisas que faz \u00e9 este detalhe na parte de tr\u00e1s da gola. Cada uma delas\u00a0tem algo caracter\u00edstico do pa\u00eds, mas mesmo assim me desagrada as camisas serem todas parecidas.<\/p>\n<p style=\"text-align: center;\"><img loading=\"lazy\" decoding=\"async\" class=\"aligncenter wp-image-14602 size-large\" src=\"http:\/\/crentassos.com.br\/blog\/wp-content\/uploads\/2018\/06\/Ar\u00e1bia-Saudita2-620x413.jpg\" alt=\"Ar\u00e1bia Saudita2\" width=\"620\" height=\"413\" srcset=\"https:\/\/crentassos.com.br\/blog\/wp-content\/uploads\/2018\/06\/Ar\u00e1bia-Saudita2-620x413.jpg 620w, https:\/\/crentassos.com.br\/blog\/wp-content\/uploads\/2018\/06\/Ar\u00e1bia-Saudita2-300x200.jpg 300w, https:\/\/crentassos.com.br\/blog\/wp-content\/uploads\/2018\/06\/Ar\u00e1bia-Saudita2-768x512.jpg 768w, https:\/\/crentassos.com.br\/blog\/wp-content\/uploads\/2018\/06\/Ar\u00e1bia-Saudita2-272x182.jpg 272w, https:\/\/crentassos.com.br\/blog\/wp-content\/uploads\/2018\/06\/Ar\u00e1bia-Saudita2.jpg 1200w\" sizes=\"auto, (max-width: 620px) 100vw, 620px\" \/><\/p>\n<p style=\"text-align: center;\"><strong>Segunda camisa:\u00a0<\/strong>N\u00e3o achei foto apenas com a camisa, ent\u00e3o vai essa com um jogador a vestindo. O que serve, inclusive, para vermos o uniforme completo. Acho que se tivesse visto s\u00f3 a camisa, talvez tivesse gostado menos, mas como vi o uniforme completo, gostei dele ser inteiro verde. D\u00e1 um ar de eleg\u00e2ncia.<\/p>\n<p style=\"text-align: center;\"><em>Egito<\/em><\/p>\n<p style=\"text-align: center;\"><img loading=\"lazy\" decoding=\"async\" class=\"aligncenter wp-image-14604 size-large\" src=\"http:\/\/crentassos.com.br\/blog\/wp-content\/uploads\/2018\/06\/Egito-620x465.jpg\" alt=\"Egito\" width=\"620\" height=\"465\" srcset=\"https:\/\/crentassos.com.br\/blog\/wp-content\/uploads\/2018\/06\/Egito-620x465.jpg 620w, https:\/\/crentassos.com.br\/blog\/wp-content\/uploads\/2018\/06\/Egito-300x225.jpg 300w, https:\/\/crentassos.com.br\/blog\/wp-content\/uploads\/2018\/06\/Egito-768x576.jpg 768w, https:\/\/crentassos.com.br\/blog\/wp-content\/uploads\/2018\/06\/Egito.jpg 1280w\" sizes=\"auto, (max-width: 620px) 100vw, 620px\" \/><\/p>\n<p style=\"text-align: center;\">Como voc\u00eas podem ver, a imagem acima foi retirada do site <a href=\"https:\/\/mantosdofutebol.com.br\/2018\/05\/guia-camisas-copa-2018-russia-uniformes-32-selecoes\/\" target=\"_blank\">Mantos do Futebol<\/a>, e eu fiz isso com algumas camisas que n\u00e3o achei as duas vers\u00f5es. Para quem quiser ver a an\u00e1lise deles, \u00e9 s\u00f3 clicar no link acima.<\/p>\n<p style=\"text-align: center;\"><strong>Primeira camisa:\u00a0<\/strong>N\u00e3o gostei da gola e punho da manga serem t\u00e3o marcadas em preto, o que d\u00e1 uma roubada de aten\u00e7\u00e3o pra mim. O vermelho aparenta ser mais escuro e fechado que da camisa da R\u00fassia, cor que me agrada mais em roupas. O s\u00edmbolo da Federa\u00e7\u00e3o Eg\u00edpcia de Futebol tamb\u00e9m chama aten\u00e7\u00e3o nessa camisa. Aparenta ter uma padronagem tipo marca d&#8217;\u00e1gua quadriculada que pode ser interessante ao vivo.<\/p>\n<p style=\"text-align: center;\"><strong>Segunda camisa:\u00a0<\/strong>Apesar de minha postura cr\u00edtica \u00e0 camisas brancas, entre as duas, prefiro a vers\u00e3o branca. A segunda camisa \u00e9 mais agrad\u00e1vel aos olhos e o escudo se camufla melhor nela. Curiosa apenas para ver os uniformes completos. A marca d\u00b4\u00e1gua dessa parece ser em linhas horizontais, o que tamb\u00e9m pode dar mais emo\u00e7\u00e3o \u00e0 camisa ao vivo.<\/p>\n<p style=\"text-align: center;\"><em>Uruguai<\/em><\/p>\n<p style=\"text-align: center;\"><img loading=\"lazy\" decoding=\"async\" class=\"aligncenter wp-image-14608 size-large\" src=\"http:\/\/crentassos.com.br\/blog\/wp-content\/uploads\/2018\/06\/Uruguai1-620x357.jpg\" alt=\"Uruguai1\" width=\"620\" height=\"357\" srcset=\"https:\/\/crentassos.com.br\/blog\/wp-content\/uploads\/2018\/06\/Uruguai1-620x357.jpg 620w, https:\/\/crentassos.com.br\/blog\/wp-content\/uploads\/2018\/06\/Uruguai1-300x173.jpg 300w, https:\/\/crentassos.com.br\/blog\/wp-content\/uploads\/2018\/06\/Uruguai1.jpg 750w\" sizes=\"auto, (max-width: 620px) 100vw, 620px\" \/><\/p>\n<p style=\"text-align: center;\"><strong>Primeira camisa:\u00a0<\/strong>Uruguai\u00a0mant\u00e9m sua tradi\u00e7\u00e3o de ter um sol desenhadinho na camiseta. Em 2014,\u00a0ele estava ao redor do escudo, como pode ser ver <a href=\"http:\/\/cafeecoberta.blogspot.com\/2014\/06\/minha-opiniao-sobre-as-camisas-da-copa_6.html\" target=\"_blank\">aqui<\/a>. Eu gosto muito do azul celeste, acho uma cor marcante, mas calma tamb\u00e9m. N\u00e3o gostei da gola da camisa, pois o preto quebra muito. Ansiosa para v\u00ea-la\u00a0nos jogadores, para ter certeza se \u00e9 bonita.<\/p>\n<p style=\"text-align: center;\"><img loading=\"lazy\" decoding=\"async\" class=\"aligncenter wp-image-14609 size-large\" src=\"http:\/\/crentassos.com.br\/blog\/wp-content\/uploads\/2018\/06\/Uruguai2-620x389.jpg\" alt=\"Uruguai2\" width=\"620\" height=\"389\" srcset=\"https:\/\/crentassos.com.br\/blog\/wp-content\/uploads\/2018\/06\/Uruguai2-620x389.jpg 620w, https:\/\/crentassos.com.br\/blog\/wp-content\/uploads\/2018\/06\/Uruguai2-300x188.jpg 300w, https:\/\/crentassos.com.br\/blog\/wp-content\/uploads\/2018\/06\/Uruguai2-768x482.jpg 768w, https:\/\/crentassos.com.br\/blog\/wp-content\/uploads\/2018\/06\/Uruguai2.jpg 1000w\" sizes=\"auto, (max-width: 620px) 100vw, 620px\" \/><\/p>\n<p style=\"text-align: center;\"><strong>Segunda camisa:\u00a0<\/strong>muito mais bonita que a de 2014. \u00c9 branca e simples. Me surpreendeu positivamente. Mas a gola me incomoda mesmo. Se ela fosse inteira azul, ou se o detalhe em outra cor fosse o punho da manga, eu acharia bem mais bonita.<\/p>\n<blockquote>\n<p style=\"text-align: left;\"><strong><em>Quer ver minha opini\u00e3o sobre as camisas das sele\u00e7\u00f5es de outros grupos?<\/em><br \/>\n<em><strong>\u00a0\u2013\u00a0<a href=\"http:\/\/crentassos.com.br\/blog\/tag\/camisas-da-copa-2018\">Todas as camisas da Copa 2018.<\/a><\/strong><\/em><br \/>\n<\/strong><\/p>\n<\/blockquote>\n","protected":false},"excerpt":{"rendered":"<p>Junho, estamos oficialmente no m\u00eas da Copa do Mundo 2018. Em 2014, fiz uma s\u00e9rie de posts sobre as camisas de cada [&hellip;]<\/p>\n","protected":false},"author":32,"featured_media":14613,"comment_status":"open","ping_status":"open","sticky":false,"template":"","format":"standard","meta":{"_exactmetrics_skip_tracking":false,"_exactmetrics_sitenote_active":false,"_exactmetrics_sitenote_note":"","_exactmetrics_sitenote_category":0,"footnotes":"","_links_to":"","_links_to_target":""},"categories":[112],"tags":[7109,7110,1584,563,7108],"class_list":{"0":"post-14592","1":"post","2":"type-post","3":"status-publish","4":"format-standard","5":"has-post-thumbnail","6":"hentry","7":"category-artigos","8":"tag-camisas-da-copa","9":"tag-camisas-da-copa-2018","10":"tag-copa-do-mundo","11":"tag-futebol","12":"tag-world-cup","14":"post-with-thumbnail","15":"post-with-thumbnail-large"},"yoast_head":"<!-- This site is optimized with the Yoast SEO plugin v27.1.1 - https:\/\/yoast.com\/product\/yoast-seo-wordpress\/ -->\n<title>Camisas Copa do Mundo 2018 - Grupo A - Crentassos Produ\u00e7\u00f5es Subversivas<\/title>\n<meta name=\"robots\" content=\"index, follow, max-snippet:-1, max-image-preview:large, max-video-preview:-1\" \/>\n<link rel=\"canonical\" href=\"https:\/\/crentassos.com.br\/blog\/2018\/06\/camisas-copa-do-mundo-2018-grupo-a.html\" \/>\n<meta property=\"og:locale\" content=\"pt_BR\" \/>\n<meta property=\"og:type\" content=\"article\" \/>\n<meta property=\"og:title\" content=\"Camisas Copa do Mundo 2018 - Grupo A - Crentassos Produ\u00e7\u00f5es Subversivas\" \/>\n<meta property=\"og:description\" content=\"Junho, estamos oficialmente no m\u00eas da Copa do Mundo 2018. Em 2014, fiz uma s\u00e9rie de posts sobre as camisas de cada [&hellip;]\" \/>\n<meta property=\"og:url\" content=\"https:\/\/crentassos.com.br\/blog\/2018\/06\/camisas-copa-do-mundo-2018-grupo-a.html\" \/>\n<meta property=\"og:site_name\" content=\"Crentassos Produ\u00e7\u00f5es Subversivas\" \/>\n<meta property=\"article:publisher\" content=\"http:\/\/www.facebook.com\/crentassos\" \/>\n<meta property=\"article:published_time\" content=\"2018-06-03T19:41:25+00:00\" \/>\n<meta property=\"article:modified_time\" content=\"2018-06-14T11:12:47+00:00\" \/>\n<meta property=\"og:image\" content=\"https:\/\/crentassos.com.br\/blog\/wp-content\/uploads\/2018\/06\/1.png\" \/>\n\t<meta property=\"og:image:width\" content=\"1280\" \/>\n\t<meta property=\"og:image:height\" content=\"720\" \/>\n\t<meta property=\"og:image:type\" content=\"image\/png\" \/>\n<meta name=\"author\" content=\"Tamyres Palma\" \/>\n<meta name=\"twitter:card\" content=\"summary_large_image\" \/>\n<meta name=\"twitter:creator\" content=\"@crentassos\" \/>\n<meta name=\"twitter:site\" content=\"@crentassos\" \/>\n<meta name=\"twitter:label1\" content=\"Escrito por\" \/>\n\t<meta name=\"twitter:data1\" content=\"Tamyres Palma\" \/>\n\t<meta name=\"twitter:label2\" content=\"Est. tempo de leitura\" \/>\n\t<meta name=\"twitter:data2\" content=\"4 minutos\" \/>\n<script type=\"application\/ld+json\" class=\"yoast-schema-graph\">{\"@context\":\"https:\/\/schema.org\",\"@graph\":[{\"@type\":\"Article\",\"@id\":\"https:\/\/crentassos.com.br\/blog\/2018\/06\/camisas-copa-do-mundo-2018-grupo-a.html#article\",\"isPartOf\":{\"@id\":\"https:\/\/crentassos.com.br\/blog\/2018\/06\/camisas-copa-do-mundo-2018-grupo-a.html\"},\"author\":{\"name\":\"Tamyres Palma\",\"@id\":\"https:\/\/crentassos.com.br\/blog\/#\/schema\/person\/3f5f08a8ba3e2bc991eb2fd8f8e3988c\"},\"headline\":\"Camisas Copa do Mundo 2018 &#8211; Grupo A\",\"datePublished\":\"2018-06-03T19:41:25+00:00\",\"dateModified\":\"2018-06-14T11:12:47+00:00\",\"mainEntityOfPage\":{\"@id\":\"https:\/\/crentassos.com.br\/blog\/2018\/06\/camisas-copa-do-mundo-2018-grupo-a.html\"},\"wordCount\":748,\"commentCount\":3,\"publisher\":{\"@id\":\"https:\/\/crentassos.com.br\/blog\/#organization\"},\"image\":{\"@id\":\"https:\/\/crentassos.com.br\/blog\/2018\/06\/camisas-copa-do-mundo-2018-grupo-a.html#primaryimage\"},\"thumbnailUrl\":\"https:\/\/crentassos.com.br\/blog\/wp-content\/uploads\/2018\/06\/1.png\",\"keywords\":[\"camisas da Copa\",\"Camisas da Copa 2018\",\"copa do mundo\",\"futebol\",\"World Cup\"],\"articleSection\":[\"Artigos\"],\"inLanguage\":\"pt-BR\",\"potentialAction\":[{\"@type\":\"CommentAction\",\"name\":\"Comment\",\"target\":[\"https:\/\/crentassos.com.br\/blog\/2018\/06\/camisas-copa-do-mundo-2018-grupo-a.html#respond\"]}]},{\"@type\":\"WebPage\",\"@id\":\"https:\/\/crentassos.com.br\/blog\/2018\/06\/camisas-copa-do-mundo-2018-grupo-a.html\",\"url\":\"https:\/\/crentassos.com.br\/blog\/2018\/06\/camisas-copa-do-mundo-2018-grupo-a.html\",\"name\":\"Camisas Copa do Mundo 2018 - Grupo A - Crentassos Produ\u00e7\u00f5es Subversivas\",\"isPartOf\":{\"@id\":\"https:\/\/crentassos.com.br\/blog\/#website\"},\"primaryImageOfPage\":{\"@id\":\"https:\/\/crentassos.com.br\/blog\/2018\/06\/camisas-copa-do-mundo-2018-grupo-a.html#primaryimage\"},\"image\":{\"@id\":\"https:\/\/crentassos.com.br\/blog\/2018\/06\/camisas-copa-do-mundo-2018-grupo-a.html#primaryimage\"},\"thumbnailUrl\":\"https:\/\/crentassos.com.br\/blog\/wp-content\/uploads\/2018\/06\/1.png\",\"datePublished\":\"2018-06-03T19:41:25+00:00\",\"dateModified\":\"2018-06-14T11:12:47+00:00\",\"breadcrumb\":{\"@id\":\"https:\/\/crentassos.com.br\/blog\/2018\/06\/camisas-copa-do-mundo-2018-grupo-a.html#breadcrumb\"},\"inLanguage\":\"pt-BR\",\"potentialAction\":[{\"@type\":\"ReadAction\",\"target\":[\"https:\/\/crentassos.com.br\/blog\/2018\/06\/camisas-copa-do-mundo-2018-grupo-a.html\"]}]},{\"@type\":\"ImageObject\",\"inLanguage\":\"pt-BR\",\"@id\":\"https:\/\/crentassos.com.br\/blog\/2018\/06\/camisas-copa-do-mundo-2018-grupo-a.html#primaryimage\",\"url\":\"https:\/\/crentassos.com.br\/blog\/wp-content\/uploads\/2018\/06\/1.png\",\"contentUrl\":\"https:\/\/crentassos.com.br\/blog\/wp-content\/uploads\/2018\/06\/1.png\",\"width\":1280,\"height\":720},{\"@type\":\"BreadcrumbList\",\"@id\":\"https:\/\/crentassos.com.br\/blog\/2018\/06\/camisas-copa-do-mundo-2018-grupo-a.html#breadcrumb\",\"itemListElement\":[{\"@type\":\"ListItem\",\"position\":1,\"name\":\"Home\",\"item\":\"https:\/\/crentassos.com.br\/blog\/\"},{\"@type\":\"ListItem\",\"position\":2,\"name\":\"Camisas Copa do Mundo 2018 &#8211; Grupo A\"}]},{\"@type\":\"WebSite\",\"@id\":\"https:\/\/crentassos.com.br\/blog\/#website\",\"url\":\"https:\/\/crentassos.com.br\/blog\/\",\"name\":\"Crentassos Produ\u00e7\u00f5es Subversivas\",\"description\":\"Podcast Crist\u00e3o, Podcrent, Da Prateleira, Artigos crist\u00e3os, Teologia, Estudos, Textos B\u00edblicos\",\"publisher\":{\"@id\":\"https:\/\/crentassos.com.br\/blog\/#organization\"},\"potentialAction\":[{\"@type\":\"SearchAction\",\"target\":{\"@type\":\"EntryPoint\",\"urlTemplate\":\"https:\/\/crentassos.com.br\/blog\/?s={search_term_string}\"},\"query-input\":{\"@type\":\"PropertyValueSpecification\",\"valueRequired\":true,\"valueName\":\"search_term_string\"}}],\"inLanguage\":\"pt-BR\"},{\"@type\":\"Organization\",\"@id\":\"https:\/\/crentassos.com.br\/blog\/#organization\",\"name\":\"Crentassos Produ\u00e7\u00f5es Subversivas\",\"url\":\"https:\/\/crentassos.com.br\/blog\/\",\"logo\":{\"@type\":\"ImageObject\",\"inLanguage\":\"pt-BR\",\"@id\":\"https:\/\/crentassos.com.br\/blog\/#\/schema\/logo\/image\/\",\"url\":\"https:\/\/crentassos.com.br\/blog\/wp-content\/uploads\/2020\/05\/cropped-crentassos1-300x300png.png\",\"contentUrl\":\"https:\/\/crentassos.com.br\/blog\/wp-content\/uploads\/2020\/05\/cropped-crentassos1-300x300png.png\",\"width\":300,\"height\":300,\"caption\":\"Crentassos Produ\u00e7\u00f5es Subversivas\"},\"image\":{\"@id\":\"https:\/\/crentassos.com.br\/blog\/#\/schema\/logo\/image\/\"},\"sameAs\":[\"http:\/\/www.facebook.com\/crentassos\",\"https:\/\/x.com\/crentassos\",\"https:\/\/www.instagram.com\/crentassos\",\"https:\/\/www.youtube.com\/crentassos\"]},{\"@type\":\"Person\",\"@id\":\"https:\/\/crentassos.com.br\/blog\/#\/schema\/person\/3f5f08a8ba3e2bc991eb2fd8f8e3988c\",\"name\":\"Tamyres Palma\",\"image\":{\"@type\":\"ImageObject\",\"inLanguage\":\"pt-BR\",\"@id\":\"https:\/\/crentassos.com.br\/blog\/#\/schema\/person\/image\/\",\"url\":\"https:\/\/secure.gravatar.com\/avatar\/9dce0caea2bafdb6394abc6c84348788083c31d52a278ed4b42bd0ee15c4ed52?s=96&d=retro&r=g\",\"contentUrl\":\"https:\/\/secure.gravatar.com\/avatar\/9dce0caea2bafdb6394abc6c84348788083c31d52a278ed4b42bd0ee15c4ed52?s=96&d=retro&r=g\",\"caption\":\"Tamyres Palma\"},\"description\":\"Tamyres Palma: formada em hist\u00f3ria, apaixonada por livros e casada com o @jonathazimmer . Maluca por Harry Potter, N\u00e1rnia e universos fant\u00e1sticos como a Terra M\u00e9dia. Apaixonada por literatura de forma geral, embora esteja longe do meu ideal de conhecimento liter\u00e1rio.\",\"sameAs\":[\"http:\/\/cafeecoberta.blogspot.com\"],\"url\":\"https:\/\/crentassos.com.br\/blog\/author\/tamyrespalma\"}]}<\/script>\n<!-- \/ Yoast SEO plugin. -->","yoast_head_json":{"title":"Camisas Copa do Mundo 2018 - Grupo A - Crentassos Produ\u00e7\u00f5es Subversivas","robots":{"index":"index","follow":"follow","max-snippet":"max-snippet:-1","max-image-preview":"max-image-preview:large","max-video-preview":"max-video-preview:-1"},"canonical":"https:\/\/crentassos.com.br\/blog\/2018\/06\/camisas-copa-do-mundo-2018-grupo-a.html","og_locale":"pt_BR","og_type":"article","og_title":"Camisas Copa do Mundo 2018 - Grupo A - Crentassos Produ\u00e7\u00f5es Subversivas","og_description":"Junho, estamos oficialmente no m\u00eas da Copa do Mundo 2018. Em 2014, fiz uma s\u00e9rie de posts sobre as camisas de cada [&hellip;]","og_url":"https:\/\/crentassos.com.br\/blog\/2018\/06\/camisas-copa-do-mundo-2018-grupo-a.html","og_site_name":"Crentassos Produ\u00e7\u00f5es Subversivas","article_publisher":"http:\/\/www.facebook.com\/crentassos","article_published_time":"2018-06-03T19:41:25+00:00","article_modified_time":"2018-06-14T11:12:47+00:00","og_image":[{"width":1280,"height":720,"url":"https:\/\/crentassos.com.br\/blog\/wp-content\/uploads\/2018\/06\/1.png","type":"image\/png"}],"author":"Tamyres Palma","twitter_card":"summary_large_image","twitter_creator":"@crentassos","twitter_site":"@crentassos","twitter_misc":{"Escrito por":"Tamyres Palma","Est. tempo de leitura":"4 minutos"},"schema":{"@context":"https:\/\/schema.org","@graph":[{"@type":"Article","@id":"https:\/\/crentassos.com.br\/blog\/2018\/06\/camisas-copa-do-mundo-2018-grupo-a.html#article","isPartOf":{"@id":"https:\/\/crentassos.com.br\/blog\/2018\/06\/camisas-copa-do-mundo-2018-grupo-a.html"},"author":{"name":"Tamyres Palma","@id":"https:\/\/crentassos.com.br\/blog\/#\/schema\/person\/3f5f08a8ba3e2bc991eb2fd8f8e3988c"},"headline":"Camisas Copa do Mundo 2018 &#8211; Grupo A","datePublished":"2018-06-03T19:41:25+00:00","dateModified":"2018-06-14T11:12:47+00:00","mainEntityOfPage":{"@id":"https:\/\/crentassos.com.br\/blog\/2018\/06\/camisas-copa-do-mundo-2018-grupo-a.html"},"wordCount":748,"commentCount":3,"publisher":{"@id":"https:\/\/crentassos.com.br\/blog\/#organization"},"image":{"@id":"https:\/\/crentassos.com.br\/blog\/2018\/06\/camisas-copa-do-mundo-2018-grupo-a.html#primaryimage"},"thumbnailUrl":"https:\/\/crentassos.com.br\/blog\/wp-content\/uploads\/2018\/06\/1.png","keywords":["camisas da Copa","Camisas da Copa 2018","copa do mundo","futebol","World Cup"],"articleSection":["Artigos"],"inLanguage":"pt-BR","potentialAction":[{"@type":"CommentAction","name":"Comment","target":["https:\/\/crentassos.com.br\/blog\/2018\/06\/camisas-copa-do-mundo-2018-grupo-a.html#respond"]}]},{"@type":"WebPage","@id":"https:\/\/crentassos.com.br\/blog\/2018\/06\/camisas-copa-do-mundo-2018-grupo-a.html","url":"https:\/\/crentassos.com.br\/blog\/2018\/06\/camisas-copa-do-mundo-2018-grupo-a.html","name":"Camisas Copa do Mundo 2018 - Grupo A - Crentassos Produ\u00e7\u00f5es Subversivas","isPartOf":{"@id":"https:\/\/crentassos.com.br\/blog\/#website"},"primaryImageOfPage":{"@id":"https:\/\/crentassos.com.br\/blog\/2018\/06\/camisas-copa-do-mundo-2018-grupo-a.html#primaryimage"},"image":{"@id":"https:\/\/crentassos.com.br\/blog\/2018\/06\/camisas-copa-do-mundo-2018-grupo-a.html#primaryimage"},"thumbnailUrl":"https:\/\/crentassos.com.br\/blog\/wp-content\/uploads\/2018\/06\/1.png","datePublished":"2018-06-03T19:41:25+00:00","dateModified":"2018-06-14T11:12:47+00:00","breadcrumb":{"@id":"https:\/\/crentassos.com.br\/blog\/2018\/06\/camisas-copa-do-mundo-2018-grupo-a.html#breadcrumb"},"inLanguage":"pt-BR","potentialAction":[{"@type":"ReadAction","target":["https:\/\/crentassos.com.br\/blog\/2018\/06\/camisas-copa-do-mundo-2018-grupo-a.html"]}]},{"@type":"ImageObject","inLanguage":"pt-BR","@id":"https:\/\/crentassos.com.br\/blog\/2018\/06\/camisas-copa-do-mundo-2018-grupo-a.html#primaryimage","url":"https:\/\/crentassos.com.br\/blog\/wp-content\/uploads\/2018\/06\/1.png","contentUrl":"https:\/\/crentassos.com.br\/blog\/wp-content\/uploads\/2018\/06\/1.png","width":1280,"height":720},{"@type":"BreadcrumbList","@id":"https:\/\/crentassos.com.br\/blog\/2018\/06\/camisas-copa-do-mundo-2018-grupo-a.html#breadcrumb","itemListElement":[{"@type":"ListItem","position":1,"name":"Home","item":"https:\/\/crentassos.com.br\/blog\/"},{"@type":"ListItem","position":2,"name":"Camisas Copa do Mundo 2018 &#8211; Grupo A"}]},{"@type":"WebSite","@id":"https:\/\/crentassos.com.br\/blog\/#website","url":"https:\/\/crentassos.com.br\/blog\/","name":"Crentassos Produ\u00e7\u00f5es Subversivas","description":"Podcast Crist\u00e3o, Podcrent, Da Prateleira, Artigos crist\u00e3os, Teologia, Estudos, Textos B\u00edblicos","publisher":{"@id":"https:\/\/crentassos.com.br\/blog\/#organization"},"potentialAction":[{"@type":"SearchAction","target":{"@type":"EntryPoint","urlTemplate":"https:\/\/crentassos.com.br\/blog\/?s={search_term_string}"},"query-input":{"@type":"PropertyValueSpecification","valueRequired":true,"valueName":"search_term_string"}}],"inLanguage":"pt-BR"},{"@type":"Organization","@id":"https:\/\/crentassos.com.br\/blog\/#organization","name":"Crentassos Produ\u00e7\u00f5es Subversivas","url":"https:\/\/crentassos.com.br\/blog\/","logo":{"@type":"ImageObject","inLanguage":"pt-BR","@id":"https:\/\/crentassos.com.br\/blog\/#\/schema\/logo\/image\/","url":"https:\/\/crentassos.com.br\/blog\/wp-content\/uploads\/2020\/05\/cropped-crentassos1-300x300png.png","contentUrl":"https:\/\/crentassos.com.br\/blog\/wp-content\/uploads\/2020\/05\/cropped-crentassos1-300x300png.png","width":300,"height":300,"caption":"Crentassos Produ\u00e7\u00f5es Subversivas"},"image":{"@id":"https:\/\/crentassos.com.br\/blog\/#\/schema\/logo\/image\/"},"sameAs":["http:\/\/www.facebook.com\/crentassos","https:\/\/x.com\/crentassos","https:\/\/www.instagram.com\/crentassos","https:\/\/www.youtube.com\/crentassos"]},{"@type":"Person","@id":"https:\/\/crentassos.com.br\/blog\/#\/schema\/person\/3f5f08a8ba3e2bc991eb2fd8f8e3988c","name":"Tamyres Palma","image":{"@type":"ImageObject","inLanguage":"pt-BR","@id":"https:\/\/crentassos.com.br\/blog\/#\/schema\/person\/image\/","url":"https:\/\/secure.gravatar.com\/avatar\/9dce0caea2bafdb6394abc6c84348788083c31d52a278ed4b42bd0ee15c4ed52?s=96&d=retro&r=g","contentUrl":"https:\/\/secure.gravatar.com\/avatar\/9dce0caea2bafdb6394abc6c84348788083c31d52a278ed4b42bd0ee15c4ed52?s=96&d=retro&r=g","caption":"Tamyres Palma"},"description":"Tamyres Palma: formada em hist\u00f3ria, apaixonada por livros e casada com o @jonathazimmer . Maluca por Harry Potter, N\u00e1rnia e universos fant\u00e1sticos como a Terra M\u00e9dia. Apaixonada por literatura de forma geral, embora esteja longe do meu ideal de conhecimento liter\u00e1rio.","sameAs":["http:\/\/cafeecoberta.blogspot.com"],"url":"https:\/\/crentassos.com.br\/blog\/author\/tamyrespalma"}]}},"_links":{"self":[{"href":"https:\/\/crentassos.com.br\/blog\/wp-json\/wp\/v2\/posts\/14592","targetHints":{"allow":["GET"]}}],"collection":[{"href":"https:\/\/crentassos.com.br\/blog\/wp-json\/wp\/v2\/posts"}],"about":[{"href":"https:\/\/crentassos.com.br\/blog\/wp-json\/wp\/v2\/types\/post"}],"author":[{"embeddable":true,"href":"https:\/\/crentassos.com.br\/blog\/wp-json\/wp\/v2\/users\/32"}],"replies":[{"embeddable":true,"href":"https:\/\/crentassos.com.br\/blog\/wp-json\/wp\/v2\/comments?post=14592"}],"version-history":[{"count":18,"href":"https:\/\/crentassos.com.br\/blog\/wp-json\/wp\/v2\/posts\/14592\/revisions"}],"predecessor-version":[{"id":14745,"href":"https:\/\/crentassos.com.br\/blog\/wp-json\/wp\/v2\/posts\/14592\/revisions\/14745"}],"wp:featuredmedia":[{"embeddable":true,"href":"https:\/\/crentassos.com.br\/blog\/wp-json\/wp\/v2\/media\/14613"}],"wp:attachment":[{"href":"https:\/\/crentassos.com.br\/blog\/wp-json\/wp\/v2\/media?parent=14592"}],"wp:term":[{"taxonomy":"category","embeddable":true,"href":"https:\/\/crentassos.com.br\/blog\/wp-json\/wp\/v2\/categories?post=14592"},{"taxonomy":"post_tag","embeddable":true,"href":"https:\/\/crentassos.com.br\/blog\/wp-json\/wp\/v2\/tags?post=14592"}],"curies":[{"name":"wp","href":"https:\/\/api.w.org\/{rel}","templated":true}]}}