{"id":1405,"date":"2010-05-27T01:23:00","date_gmt":"2010-05-27T03:23:00","guid":{"rendered":"http:\/\/oueleouela.wordpress.com\/2010\/05\/27\/morte-um-passo-para-o-inconformismo"},"modified":"2010-05-27T01:23:00","modified_gmt":"2010-05-27T03:23:00","slug":"morte-um-passo-para-o-inconformismo","status":"publish","type":"post","link":"https:\/\/crentassos.com.br\/blog\/2010\/05\/morte-um-passo-para-o-inconformismo.html","title":{"rendered":"Morte, um passo para o inconformismo!"},"content":{"rendered":"<div class=\"western\" style=\"font-family:Verdana,sans-serif;margin-bottom:0;\"><span style=\"font-size:medium;\"><i><\/i><\/span><\/div>\n<p><\/p>\n<div style=\"font-family:Verdana,sans-serif;text-align:justify;\">Dias atr\u00e1s foram dias tensos para todos n\u00f3s. Os problemas do dia-a-dia j\u00e1 seriam suficientes para tomar conta dos pensamentos de qualquer um, mas a not\u00edcia de falecimento de uma pessoa pr\u00f3xima mexe com nossa estrutura, deixa sem ch\u00e3o. Creio que acontece com todo mundo, sem exce\u00e7\u00e3o.<\/div>\n<p><\/p>\n<div style=\"font-family:Verdana,sans-serif;text-align:center;\"><a href=\"http:\/\/muhnikinha.files.wordpress.com\/2009\/12\/lapide.jpg\" style=\"margin-left:1em;margin-right:1em;\"><img loading=\"lazy\" decoding=\"async\" border=\"0\" height=\"320\" src=\"http:\/\/muhnikinha.files.wordpress.com\/2009\/12\/lapide.jpg\" width=\"229\" \/><\/a><\/div>\n<div style=\"font-family:Verdana,sans-serif;text-align:justify;\">\n<p>Quando as coisas acontecem de forma natural pode-se ter uma certo conforto (se \u00e9 que algu\u00e9m consegue sentir-se confortado num momento desses), pois afinal de contas, a natureza cobra sua fatura pelos excessos, pelo descuido, ou simplesmente porque o tempo passou e n\u00e3o h\u00e1 perd\u00e3o para ningu\u00e9m nesse momento. Mas ela d\u00e1 sinais!<\/p>\n<p><a name='more'><\/a><\/p>\n<p>Mas, quando acontecem de forma acidental, onde tira a pessoa de forma abrupta do seio familiar, do meio dos amigos&#8230; isso deixa \u00e0 mostra a fragilidade do nosso ser. Um env\u00f3lucro biol\u00f3gico, dotado de intelig\u00eancia, de sentimentos, de sonhos e desejos. Um ser limitado, totalmente dependente do favor de Deus, de Sua miseric\u00f3rdia, de Seu amor e que na maioria do tempo, esquece disso!<\/p>\n<p>Uma pessoa do meu c\u00edrculo de amizades me escreveu e n\u00e3o nos v\u00edamos h\u00e1 tempo, me informou de que um grande amigo, de muito tempo, havia falecido em decorr\u00eancia de mordida de cobra em sua fazenda no Mato Grosso. Fiquei angustiado, com meu cora\u00e7\u00e3o agitado, porque provavelmente n\u00e3o havia apresentado a ele o plano de salva\u00e7\u00e3o de Deus para sua vida. Quero crer que algu\u00e9m fez isso, mas n\u00e3o consegui deixar de pensar que eu poderia ter semeado na vida dele uma palavra de esperan\u00e7a, de conforto, de paz. Espero sinceramente que algu\u00e9m tenha feito isso.<\/p>\n<p>Isso me fez refletir sobre o meu papel como crist\u00e3o em anunciar as Boas Novas de Cristo. Cumprir o comissionamento da igreja de IR a todo mundo para pregar o evangelho a toda criatura (Mc 16:15) e fazer disc\u00edpulos em todas as na\u00e7\u00f5es (Mt 28:19).<\/p>\n<p>De como a vida nesse tempo terreno \u00e9 muito curta e que se faz necess\u00e1ria a reflex\u00e3o di\u00e1ria do papel de cada um no prop\u00f3sito universal de Deus.<\/p>\n<p>Ainda estava processando a informa\u00e7\u00e3o e os sentimentos que foram gerados a partir da\u00ed, quando hoje pela manh\u00e3 outra not\u00edcia de falecimento veio para nos desmontar mais um pouco. Dessa vez uma irm\u00e3o de igreja, um amigo, pai de fam\u00edlia, comprometido com a vida e que, num momento de distra\u00e7\u00e3o, perde a vida num acidente besta, por um motivo f\u00fatil.ns<\/p>\n<p>Uma vida a mais que se vai, que nos deixa perplexos com a brevidade de sua exist\u00eancia.<\/p>\n<p>Mais uma vez inconformado com tudo isso, ficam as reflex\u00f5es&#8230;<\/p>\n<p>A vida est\u00e1 passando e como estou lidando com isso?<\/p>\n<p>Tenho usado o meu tempo de forma saud\u00e1vel? As prioridades est\u00e3o corretas?<\/p>\n<p>Sei l\u00e1, talvez esses pensamentos n\u00e3o sejam t\u00e3o saud\u00e1veis, afinal de contas, enquanto penso perco tempo, gasto energia em quest\u00f5es que talvez n\u00e3o tenham as respostas praticas de que preciso. Sei l\u00e1&#8230;<\/p>\n<p>Tento fazer uma resolu\u00e7\u00e3o, de que tentarei olhar melhor ao meu redor e tentar perceber mais aqueles que est\u00e3o \u00e0 minha volta. Tentarei fazer o melhor de mim para que o evangelho seja pregado, mesmo que ainda eu seja falho, mas tentarei&#8230;<\/p>\n<p>N\u00e3o perderei meu tempo em n\u00e3o manifestar o Cristo em que eu creio, mas falarei aos quatros ventos, gritarei se necess\u00e1rio. N\u00e3o quero perder mais o meu tempo em buscar a raz\u00e3o das coisas, mas a solu\u00e7\u00e3o delas.<\/p>\n<p>Quero uma vida melhor, para mim e para o meu pr\u00f3ximo! Para mim e para minha fam\u00edlia!<\/p>\n<p>Para mim e meus amigos, mas tamb\u00e9m para os meus inimigos&#8230; afinal de contas eles tamb\u00e9m fazem parte do prop\u00f3sito de Deus para esse tempo.<\/p>\n<p>Talvez n\u00e3o seja t\u00e3o f\u00e1cil como eu gostaria, mas morrerei tentando&#8230; afinal de contas eu creio em Jesus e quem Nele cr\u00ea, ainda que morra, viver\u00e1! (Jo 11:25)<\/p>\n<p>Soli Deo Gloria<\/p><\/div>\n","protected":false},"excerpt":{"rendered":"<p>Dias atr\u00e1s foram dias tensos para todos n\u00f3s. Os problemas do dia-a-dia j\u00e1 seriam suficientes para tomar conta dos pensamentos de qualquer [&hellip;]<\/p>\n","protected":false},"author":1,"featured_media":0,"comment_status":"open","ping_status":"closed","sticky":false,"template":"","format":"standard","meta":{"_exactmetrics_skip_tracking":false,"_exactmetrics_sitenote_active":false,"_exactmetrics_sitenote_note":"","_exactmetrics_sitenote_category":0,"footnotes":"","_links_to":"","_links_to_target":""},"categories":[],"tags":[822,926],"class_list":["post-1405","post","type-post","status-publish","format-standard","hentry","tag-morte","tag-pensamento"],"yoast_head":"<!-- This site is optimized with the Yoast SEO plugin v27.1.1 - https:\/\/yoast.com\/product\/yoast-seo-wordpress\/ -->\n<title>Morte, um passo para o inconformismo! - Crentassos Produ\u00e7\u00f5es Subversivas<\/title>\n<meta name=\"robots\" content=\"index, follow, max-snippet:-1, max-image-preview:large, max-video-preview:-1\" \/>\n<link rel=\"canonical\" href=\"https:\/\/crentassos.com.br\/blog\/2010\/05\/morte-um-passo-para-o-inconformismo.html\" \/>\n<meta property=\"og:locale\" content=\"pt_BR\" \/>\n<meta property=\"og:type\" content=\"article\" \/>\n<meta property=\"og:title\" content=\"Morte, um passo para o inconformismo! - Crentassos Produ\u00e7\u00f5es Subversivas\" \/>\n<meta property=\"og:description\" content=\"Dias atr\u00e1s foram dias tensos para todos n\u00f3s. Os problemas do dia-a-dia j\u00e1 seriam suficientes para tomar conta dos pensamentos de qualquer [&hellip;]\" \/>\n<meta property=\"og:url\" content=\"https:\/\/crentassos.com.br\/blog\/2010\/05\/morte-um-passo-para-o-inconformismo.html\" \/>\n<meta property=\"og:site_name\" content=\"Crentassos Produ\u00e7\u00f5es Subversivas\" \/>\n<meta property=\"article:publisher\" content=\"http:\/\/www.facebook.com\/crentassos\" \/>\n<meta property=\"article:published_time\" content=\"2010-05-27T03:23:00+00:00\" \/>\n<meta property=\"og:image\" content=\"http:\/\/muhnikinha.files.wordpress.com\/2009\/12\/lapide.jpg\" \/>\n<meta name=\"author\" content=\"Crentassos\" \/>\n<meta name=\"twitter:card\" content=\"summary_large_image\" \/>\n<meta name=\"twitter:creator\" content=\"@crentassos\" \/>\n<meta name=\"twitter:site\" content=\"@crentassos\" \/>\n<meta name=\"twitter:label1\" content=\"Escrito por\" \/>\n\t<meta name=\"twitter:data1\" content=\"Crentassos\" \/>\n\t<meta name=\"twitter:label2\" content=\"Est. tempo de leitura\" \/>\n\t<meta name=\"twitter:data2\" content=\"3 minutos\" \/>\n<script type=\"application\/ld+json\" class=\"yoast-schema-graph\">{\"@context\":\"https:\/\/schema.org\",\"@graph\":[{\"@type\":\"Article\",\"@id\":\"https:\/\/crentassos.com.br\/blog\/2010\/05\/morte-um-passo-para-o-inconformismo.html#article\",\"isPartOf\":{\"@id\":\"https:\/\/crentassos.com.br\/blog\/2010\/05\/morte-um-passo-para-o-inconformismo.html\"},\"author\":{\"name\":\"Crentassos\",\"@id\":\"https:\/\/crentassos.com.br\/blog\/#\/schema\/person\/c143e75f920e3ad15d83540f47db500c\"},\"headline\":\"Morte, um passo para o inconformismo!\",\"datePublished\":\"2010-05-27T03:23:00+00:00\",\"mainEntityOfPage\":{\"@id\":\"https:\/\/crentassos.com.br\/blog\/2010\/05\/morte-um-passo-para-o-inconformismo.html\"},\"wordCount\":690,\"commentCount\":0,\"publisher\":{\"@id\":\"https:\/\/crentassos.com.br\/blog\/#organization\"},\"image\":{\"@id\":\"https:\/\/crentassos.com.br\/blog\/2010\/05\/morte-um-passo-para-o-inconformismo.html#primaryimage\"},\"thumbnailUrl\":\"http:\/\/muhnikinha.files.wordpress.com\/2009\/12\/lapide.jpg\",\"keywords\":[\"morte\",\"pensamento\"],\"inLanguage\":\"pt-BR\",\"potentialAction\":[{\"@type\":\"CommentAction\",\"name\":\"Comment\",\"target\":[\"https:\/\/crentassos.com.br\/blog\/2010\/05\/morte-um-passo-para-o-inconformismo.html#respond\"]}]},{\"@type\":\"WebPage\",\"@id\":\"https:\/\/crentassos.com.br\/blog\/2010\/05\/morte-um-passo-para-o-inconformismo.html\",\"url\":\"https:\/\/crentassos.com.br\/blog\/2010\/05\/morte-um-passo-para-o-inconformismo.html\",\"name\":\"Morte, um passo para o inconformismo! - Crentassos Produ\u00e7\u00f5es Subversivas\",\"isPartOf\":{\"@id\":\"https:\/\/crentassos.com.br\/blog\/#website\"},\"primaryImageOfPage\":{\"@id\":\"https:\/\/crentassos.com.br\/blog\/2010\/05\/morte-um-passo-para-o-inconformismo.html#primaryimage\"},\"image\":{\"@id\":\"https:\/\/crentassos.com.br\/blog\/2010\/05\/morte-um-passo-para-o-inconformismo.html#primaryimage\"},\"thumbnailUrl\":\"http:\/\/muhnikinha.files.wordpress.com\/2009\/12\/lapide.jpg\",\"datePublished\":\"2010-05-27T03:23:00+00:00\",\"breadcrumb\":{\"@id\":\"https:\/\/crentassos.com.br\/blog\/2010\/05\/morte-um-passo-para-o-inconformismo.html#breadcrumb\"},\"inLanguage\":\"pt-BR\",\"potentialAction\":[{\"@type\":\"ReadAction\",\"target\":[\"https:\/\/crentassos.com.br\/blog\/2010\/05\/morte-um-passo-para-o-inconformismo.html\"]}]},{\"@type\":\"ImageObject\",\"inLanguage\":\"pt-BR\",\"@id\":\"https:\/\/crentassos.com.br\/blog\/2010\/05\/morte-um-passo-para-o-inconformismo.html#primaryimage\",\"url\":\"http:\/\/muhnikinha.files.wordpress.com\/2009\/12\/lapide.jpg\",\"contentUrl\":\"http:\/\/muhnikinha.files.wordpress.com\/2009\/12\/lapide.jpg\"},{\"@type\":\"BreadcrumbList\",\"@id\":\"https:\/\/crentassos.com.br\/blog\/2010\/05\/morte-um-passo-para-o-inconformismo.html#breadcrumb\",\"itemListElement\":[{\"@type\":\"ListItem\",\"position\":1,\"name\":\"Home\",\"item\":\"https:\/\/crentassos.com.br\/blog\/\"},{\"@type\":\"ListItem\",\"position\":2,\"name\":\"Morte, um passo para o inconformismo!\"}]},{\"@type\":\"WebSite\",\"@id\":\"https:\/\/crentassos.com.br\/blog\/#website\",\"url\":\"https:\/\/crentassos.com.br\/blog\/\",\"name\":\"Crentassos Produ\u00e7\u00f5es Subversivas\",\"description\":\"Podcast Crist\u00e3o, Podcrent, Da Prateleira, Artigos crist\u00e3os, Teologia, Estudos, Textos B\u00edblicos\",\"publisher\":{\"@id\":\"https:\/\/crentassos.com.br\/blog\/#organization\"},\"potentialAction\":[{\"@type\":\"SearchAction\",\"target\":{\"@type\":\"EntryPoint\",\"urlTemplate\":\"https:\/\/crentassos.com.br\/blog\/?s={search_term_string}\"},\"query-input\":{\"@type\":\"PropertyValueSpecification\",\"valueRequired\":true,\"valueName\":\"search_term_string\"}}],\"inLanguage\":\"pt-BR\"},{\"@type\":\"Organization\",\"@id\":\"https:\/\/crentassos.com.br\/blog\/#organization\",\"name\":\"Crentassos Produ\u00e7\u00f5es Subversivas\",\"url\":\"https:\/\/crentassos.com.br\/blog\/\",\"logo\":{\"@type\":\"ImageObject\",\"inLanguage\":\"pt-BR\",\"@id\":\"https:\/\/crentassos.com.br\/blog\/#\/schema\/logo\/image\/\",\"url\":\"https:\/\/crentassos.com.br\/blog\/wp-content\/uploads\/2020\/05\/cropped-crentassos1-300x300png.png\",\"contentUrl\":\"https:\/\/crentassos.com.br\/blog\/wp-content\/uploads\/2020\/05\/cropped-crentassos1-300x300png.png\",\"width\":300,\"height\":300,\"caption\":\"Crentassos Produ\u00e7\u00f5es Subversivas\"},\"image\":{\"@id\":\"https:\/\/crentassos.com.br\/blog\/#\/schema\/logo\/image\/\"},\"sameAs\":[\"http:\/\/www.facebook.com\/crentassos\",\"https:\/\/x.com\/crentassos\",\"https:\/\/www.instagram.com\/crentassos\",\"https:\/\/www.youtube.com\/crentassos\"]},{\"@type\":\"Person\",\"@id\":\"https:\/\/crentassos.com.br\/blog\/#\/schema\/person\/c143e75f920e3ad15d83540f47db500c\",\"name\":\"Crentassos\",\"image\":{\"@type\":\"ImageObject\",\"inLanguage\":\"pt-BR\",\"@id\":\"https:\/\/crentassos.com.br\/blog\/#\/schema\/person\/image\/\",\"url\":\"https:\/\/secure.gravatar.com\/avatar\/cb1b9c88bcd90ec2f909823639a352ece8d3a3cea59b9d08637fe057502fa227?s=96&d=retro&r=g\",\"contentUrl\":\"https:\/\/secure.gravatar.com\/avatar\/cb1b9c88bcd90ec2f909823639a352ece8d3a3cea59b9d08637fe057502fa227?s=96&d=retro&r=g\",\"caption\":\"Crentassos\"},\"description\":\"Perfil padr\u00e3o do blog dos Crentassos.\",\"sameAs\":[\"http:\/\/www.crentassos.com.br\"],\"url\":\"https:\/\/crentassos.com.br\/blog\/author\/crentassos\"}]}<\/script>\n<!-- \/ Yoast SEO plugin. -->","yoast_head_json":{"title":"Morte, um passo para o inconformismo! - Crentassos Produ\u00e7\u00f5es Subversivas","robots":{"index":"index","follow":"follow","max-snippet":"max-snippet:-1","max-image-preview":"max-image-preview:large","max-video-preview":"max-video-preview:-1"},"canonical":"https:\/\/crentassos.com.br\/blog\/2010\/05\/morte-um-passo-para-o-inconformismo.html","og_locale":"pt_BR","og_type":"article","og_title":"Morte, um passo para o inconformismo! - Crentassos Produ\u00e7\u00f5es Subversivas","og_description":"Dias atr\u00e1s foram dias tensos para todos n\u00f3s. Os problemas do dia-a-dia j\u00e1 seriam suficientes para tomar conta dos pensamentos de qualquer [&hellip;]","og_url":"https:\/\/crentassos.com.br\/blog\/2010\/05\/morte-um-passo-para-o-inconformismo.html","og_site_name":"Crentassos Produ\u00e7\u00f5es Subversivas","article_publisher":"http:\/\/www.facebook.com\/crentassos","article_published_time":"2010-05-27T03:23:00+00:00","og_image":[{"url":"http:\/\/muhnikinha.files.wordpress.com\/2009\/12\/lapide.jpg","type":"","width":"","height":""}],"author":"Crentassos","twitter_card":"summary_large_image","twitter_creator":"@crentassos","twitter_site":"@crentassos","twitter_misc":{"Escrito por":"Crentassos","Est. tempo de leitura":"3 minutos"},"schema":{"@context":"https:\/\/schema.org","@graph":[{"@type":"Article","@id":"https:\/\/crentassos.com.br\/blog\/2010\/05\/morte-um-passo-para-o-inconformismo.html#article","isPartOf":{"@id":"https:\/\/crentassos.com.br\/blog\/2010\/05\/morte-um-passo-para-o-inconformismo.html"},"author":{"name":"Crentassos","@id":"https:\/\/crentassos.com.br\/blog\/#\/schema\/person\/c143e75f920e3ad15d83540f47db500c"},"headline":"Morte, um passo para o inconformismo!","datePublished":"2010-05-27T03:23:00+00:00","mainEntityOfPage":{"@id":"https:\/\/crentassos.com.br\/blog\/2010\/05\/morte-um-passo-para-o-inconformismo.html"},"wordCount":690,"commentCount":0,"publisher":{"@id":"https:\/\/crentassos.com.br\/blog\/#organization"},"image":{"@id":"https:\/\/crentassos.com.br\/blog\/2010\/05\/morte-um-passo-para-o-inconformismo.html#primaryimage"},"thumbnailUrl":"http:\/\/muhnikinha.files.wordpress.com\/2009\/12\/lapide.jpg","keywords":["morte","pensamento"],"inLanguage":"pt-BR","potentialAction":[{"@type":"CommentAction","name":"Comment","target":["https:\/\/crentassos.com.br\/blog\/2010\/05\/morte-um-passo-para-o-inconformismo.html#respond"]}]},{"@type":"WebPage","@id":"https:\/\/crentassos.com.br\/blog\/2010\/05\/morte-um-passo-para-o-inconformismo.html","url":"https:\/\/crentassos.com.br\/blog\/2010\/05\/morte-um-passo-para-o-inconformismo.html","name":"Morte, um passo para o inconformismo! - Crentassos Produ\u00e7\u00f5es Subversivas","isPartOf":{"@id":"https:\/\/crentassos.com.br\/blog\/#website"},"primaryImageOfPage":{"@id":"https:\/\/crentassos.com.br\/blog\/2010\/05\/morte-um-passo-para-o-inconformismo.html#primaryimage"},"image":{"@id":"https:\/\/crentassos.com.br\/blog\/2010\/05\/morte-um-passo-para-o-inconformismo.html#primaryimage"},"thumbnailUrl":"http:\/\/muhnikinha.files.wordpress.com\/2009\/12\/lapide.jpg","datePublished":"2010-05-27T03:23:00+00:00","breadcrumb":{"@id":"https:\/\/crentassos.com.br\/blog\/2010\/05\/morte-um-passo-para-o-inconformismo.html#breadcrumb"},"inLanguage":"pt-BR","potentialAction":[{"@type":"ReadAction","target":["https:\/\/crentassos.com.br\/blog\/2010\/05\/morte-um-passo-para-o-inconformismo.html"]}]},{"@type":"ImageObject","inLanguage":"pt-BR","@id":"https:\/\/crentassos.com.br\/blog\/2010\/05\/morte-um-passo-para-o-inconformismo.html#primaryimage","url":"http:\/\/muhnikinha.files.wordpress.com\/2009\/12\/lapide.jpg","contentUrl":"http:\/\/muhnikinha.files.wordpress.com\/2009\/12\/lapide.jpg"},{"@type":"BreadcrumbList","@id":"https:\/\/crentassos.com.br\/blog\/2010\/05\/morte-um-passo-para-o-inconformismo.html#breadcrumb","itemListElement":[{"@type":"ListItem","position":1,"name":"Home","item":"https:\/\/crentassos.com.br\/blog\/"},{"@type":"ListItem","position":2,"name":"Morte, um passo para o inconformismo!"}]},{"@type":"WebSite","@id":"https:\/\/crentassos.com.br\/blog\/#website","url":"https:\/\/crentassos.com.br\/blog\/","name":"Crentassos Produ\u00e7\u00f5es Subversivas","description":"Podcast Crist\u00e3o, Podcrent, Da Prateleira, Artigos crist\u00e3os, Teologia, Estudos, Textos B\u00edblicos","publisher":{"@id":"https:\/\/crentassos.com.br\/blog\/#organization"},"potentialAction":[{"@type":"SearchAction","target":{"@type":"EntryPoint","urlTemplate":"https:\/\/crentassos.com.br\/blog\/?s={search_term_string}"},"query-input":{"@type":"PropertyValueSpecification","valueRequired":true,"valueName":"search_term_string"}}],"inLanguage":"pt-BR"},{"@type":"Organization","@id":"https:\/\/crentassos.com.br\/blog\/#organization","name":"Crentassos Produ\u00e7\u00f5es Subversivas","url":"https:\/\/crentassos.com.br\/blog\/","logo":{"@type":"ImageObject","inLanguage":"pt-BR","@id":"https:\/\/crentassos.com.br\/blog\/#\/schema\/logo\/image\/","url":"https:\/\/crentassos.com.br\/blog\/wp-content\/uploads\/2020\/05\/cropped-crentassos1-300x300png.png","contentUrl":"https:\/\/crentassos.com.br\/blog\/wp-content\/uploads\/2020\/05\/cropped-crentassos1-300x300png.png","width":300,"height":300,"caption":"Crentassos Produ\u00e7\u00f5es Subversivas"},"image":{"@id":"https:\/\/crentassos.com.br\/blog\/#\/schema\/logo\/image\/"},"sameAs":["http:\/\/www.facebook.com\/crentassos","https:\/\/x.com\/crentassos","https:\/\/www.instagram.com\/crentassos","https:\/\/www.youtube.com\/crentassos"]},{"@type":"Person","@id":"https:\/\/crentassos.com.br\/blog\/#\/schema\/person\/c143e75f920e3ad15d83540f47db500c","name":"Crentassos","image":{"@type":"ImageObject","inLanguage":"pt-BR","@id":"https:\/\/crentassos.com.br\/blog\/#\/schema\/person\/image\/","url":"https:\/\/secure.gravatar.com\/avatar\/cb1b9c88bcd90ec2f909823639a352ece8d3a3cea59b9d08637fe057502fa227?s=96&d=retro&r=g","contentUrl":"https:\/\/secure.gravatar.com\/avatar\/cb1b9c88bcd90ec2f909823639a352ece8d3a3cea59b9d08637fe057502fa227?s=96&d=retro&r=g","caption":"Crentassos"},"description":"Perfil padr\u00e3o do blog dos Crentassos.","sameAs":["http:\/\/www.crentassos.com.br"],"url":"https:\/\/crentassos.com.br\/blog\/author\/crentassos"}]}},"_links":{"self":[{"href":"https:\/\/crentassos.com.br\/blog\/wp-json\/wp\/v2\/posts\/1405","targetHints":{"allow":["GET"]}}],"collection":[{"href":"https:\/\/crentassos.com.br\/blog\/wp-json\/wp\/v2\/posts"}],"about":[{"href":"https:\/\/crentassos.com.br\/blog\/wp-json\/wp\/v2\/types\/post"}],"author":[{"embeddable":true,"href":"https:\/\/crentassos.com.br\/blog\/wp-json\/wp\/v2\/users\/1"}],"replies":[{"embeddable":true,"href":"https:\/\/crentassos.com.br\/blog\/wp-json\/wp\/v2\/comments?post=1405"}],"version-history":[{"count":0,"href":"https:\/\/crentassos.com.br\/blog\/wp-json\/wp\/v2\/posts\/1405\/revisions"}],"wp:attachment":[{"href":"https:\/\/crentassos.com.br\/blog\/wp-json\/wp\/v2\/media?parent=1405"}],"wp:term":[{"taxonomy":"category","embeddable":true,"href":"https:\/\/crentassos.com.br\/blog\/wp-json\/wp\/v2\/categories?post=1405"},{"taxonomy":"post_tag","embeddable":true,"href":"https:\/\/crentassos.com.br\/blog\/wp-json\/wp\/v2\/tags?post=1405"}],"curies":[{"name":"wp","href":"https:\/\/api.w.org\/{rel}","templated":true}]}}