{"id":13524,"date":"2017-07-15T08:00:23","date_gmt":"2017-07-15T11:00:23","guid":{"rendered":"http:\/\/crentassos.com.br\/blog\/?p=13524"},"modified":"2017-07-14T17:39:09","modified_gmt":"2017-07-14T20:39:09","slug":"porque-somos-mais-do-que-nossa-aparencia","status":"publish","type":"post","link":"https:\/\/crentassos.com.br\/blog\/2017\/07\/porque-somos-mais-do-que-nossa-aparencia.html","title":{"rendered":"Porque somos mais do que nossa apar\u00eancia"},"content":{"rendered":"<p style=\"text-align: justify;\"><img loading=\"lazy\" decoding=\"async\" class=\"aligncenter size-large wp-image-13533\" src=\"http:\/\/crentassos.com.br\/blog\/wp-content\/uploads\/2017\/07\/formatura-620x413.jpg\" alt=\"formatura\" width=\"620\" height=\"413\" srcset=\"https:\/\/crentassos.com.br\/blog\/wp-content\/uploads\/2017\/07\/formatura-620x413.jpg 620w, https:\/\/crentassos.com.br\/blog\/wp-content\/uploads\/2017\/07\/formatura-300x200.jpg 300w, https:\/\/crentassos.com.br\/blog\/wp-content\/uploads\/2017\/07\/formatura-768x512.jpg 768w, https:\/\/crentassos.com.br\/blog\/wp-content\/uploads\/2017\/07\/formatura-272x182.jpg 272w, https:\/\/crentassos.com.br\/blog\/wp-content\/uploads\/2017\/07\/formatura.jpg 1920w\" sizes=\"auto, (max-width: 620px) 100vw, 620px\" \/><\/p>\n<p style=\"text-align: justify;\">Para dar in\u00edcio ao texto de hoje, contarei\u00a0uma pequena anedota.<\/p>\n<p style=\"text-align: justify;\">&#8220;Cola\u00e7\u00e3o de grau de um curso universit\u00e1rio\u00a0<em>X<\/em> (insira o curso que lhe vier \u00e0 mente).\u00a0As formandas e formandos entram no ambiente com suas\u00a0fotos de crian\u00e7a sendo exibidas no tel\u00e3o. Momento de alegria. Momentos (longos) depois, \u00e9 a hora em que cada formando caminhar\u00e1 at\u00e9 a mesa de professores para ser oficialmente um formado. A\u00ed come\u00e7am os gritos.<\/p>\n<p style=\"text-align: justify;\">&#8211;\u00a0<em>LINDA!\u00a0<\/em><\/p>\n<p style=\"text-align: justify;\">&#8211; <em>MARAVILHOSA!<\/em><\/p>\n<p style=\"text-align: justify;\">No sal\u00e3o, n\u00e3o se ouve nenhum:<\/p>\n<p style=\"text-align: justify;\">&#8211; Ser\u00e1 uma \u00f3tima profissional!<\/p>\n<p style=\"text-align: justify;\">&#8211;\u00a0Os concorrentes que se cuidem!&#8221;<\/p>\n<p style=\"text-align: justify;\">Fim da anedota.<\/p>\n<p style=\"text-align: justify;\">***<\/p>\n<p style=\"text-align: justify;\">A cada nova formatura \u00a0que vou, sempre me incomodo com este momento. Parece que aquelas mulheres que estudaram por 4, 5 ou mais anos s\u00f3 merecem estar ali por sua apar\u00eancia. Seu belo porte f\u00edsico e nada mais. Merecem estar ali por terem feito dietas malucas para caberem no vestido do baile, e n\u00e3o por terem virado noites estudando, enfrentando perrengues para conseguir conciliar vida acad\u00eamica com trabalho, fam\u00edlia, companheiros ou companheiras. As futuras profissionais que ser\u00e3o n\u00e3o tem valor diante de seus belos corpos, cabelos e maquiagens. Ningu\u00e9m quer saber se a mulher em quest\u00e3o j\u00e1 sabe em que \u00e1rea atuar\u00e1, se pensa em emendar num mestrado ou se j\u00e1 tem um emprego garantido. O que importa \u00e9 que elas &#8211; e todo o resto da audi\u00eancia &#8211; perceba que elas s\u00e3o lindas. E al\u00e9m disso, h\u00e1 sempre aquela competi\u00e7\u00e3o de qual grupo de amigas ou familiares gritar\u00e1 mais alto, pois assim a vit\u00f3ria ser\u00e1 garantida para aquela que for mais exaltada. \u00c9 a famosa s\u00edndrome da\u00a0<em>Woo Girls.\u00a0<\/em><\/p>\n<p><img loading=\"lazy\" decoding=\"async\" class=\"aligncenter\" src=\"http:\/\/gif.co\/wHyx.gif\" width=\"300\" height=\"168\" \/><\/p>\n<p style=\"text-align: justify;\">A quest\u00e3o a que quero chegar \u00e9 que as mulheres, infelizmente, ainda s\u00e3o valorizadas apenas por sua apar\u00eancia, e n\u00e3o pela compet\u00eancia naquilo em que est\u00e3o expostas naquele momento. Tirando o foco das formaturas, j\u00e1 vi este tipo de coisa acontecer em diversos ambientes: coment\u00e1rios em fotos de redes sociais, casamentos, festas de anivers\u00e1rio, em programas de competi\u00e7\u00e3o onde n\u00e3o \u00e9 a beleza pessoal que est\u00e1 sendo avaliada,\u00a0e pasmem, at\u00e9 em um culto. A mulher estava l\u00e1 como pregadora competente, convidada a trazer uma palavra de reflex\u00e3o, e da plateia vem um <em>&#8220;Linda!&#8221;<\/em>. S\u00e9rio, \u00e9 de\u00a0querer morrer, enquanto mulher, ouvir um tro\u00e7o destes. Nada do que aquela mulher tem a falar \u00e9 v\u00e1lido,\u00a0<em>a menos que ela seja linda<\/em>.<\/p>\n<p style=\"text-align: justify;\">Est\u00e1 mais do que na hora de as pessoas perceberem que h\u00e1 diversas outras formas de elogiar mulheres, que s\u00e3o muito mais condizentes com a atividade exercida naquele momento. Uma\u00a0cirurgi\u00e3 com certeza ficar\u00e1 feliz em ter\u00a0realizado uma boa cirurgia, mesmo que n\u00e3o receba um\u00a0<em>Linda<\/em> ao final da mesma. Uma advogada, uma professora, uma m\u00e3e e assim por diante. Apesar de nossa sociedade pautar que as mulheres s\u00f3 tem valor a partir de sua apar\u00eancia f\u00edsica, n\u00f3s\u00a0nos dedicamos tanto quanto os homens para estarmos nos cargos profissionais que ocupamos ou para cuidar de sua fam\u00edlia, portanto, queremos ser respeitadas, admiradas e elogiadas por isso. Portanto, deixe o\u00a0<em>linda<\/em> para quando a beleza for o mais importante.<\/p>\n","protected":false},"excerpt":{"rendered":"<p>Para dar in\u00edcio ao texto de hoje, contarei\u00a0uma pequena anedota. &#8220;Cola\u00e7\u00e3o de grau de um curso universit\u00e1rio\u00a0X (insira o curso que lhe [&hellip;]<\/p>\n","protected":false},"author":32,"featured_media":13533,"comment_status":"open","ping_status":"open","sticky":false,"template":"","format":"standard","meta":{"_exactmetrics_skip_tracking":false,"_exactmetrics_sitenote_active":false,"_exactmetrics_sitenote_note":"","_exactmetrics_sitenote_category":0,"footnotes":"","_links_to":"","_links_to_target":""},"categories":[112],"tags":[6547,6548],"class_list":{"0":"post-13524","1":"post","2":"type-post","3":"status-publish","4":"format-standard","5":"has-post-thumbnail","6":"hentry","7":"category-artigos","8":"tag-padroes-de-beleza","9":"tag-valorizacao-da-mulher","11":"post-with-thumbnail","12":"post-with-thumbnail-large"},"yoast_head":"<!-- This site is optimized with the Yoast SEO plugin v27.1.1 - https:\/\/yoast.com\/product\/yoast-seo-wordpress\/ -->\n<title>Porque somos mais do que nossa apar\u00eancia - Crentassos Produ\u00e7\u00f5es Subversivas<\/title>\n<meta name=\"robots\" content=\"index, follow, max-snippet:-1, max-image-preview:large, max-video-preview:-1\" \/>\n<link rel=\"canonical\" href=\"https:\/\/crentassos.com.br\/blog\/2017\/07\/porque-somos-mais-do-que-nossa-aparencia.html\" \/>\n<meta property=\"og:locale\" content=\"pt_BR\" \/>\n<meta property=\"og:type\" content=\"article\" \/>\n<meta property=\"og:title\" content=\"Porque somos mais do que nossa apar\u00eancia - Crentassos Produ\u00e7\u00f5es Subversivas\" \/>\n<meta property=\"og:description\" content=\"Para dar in\u00edcio ao texto de hoje, contarei\u00a0uma pequena anedota. &#8220;Cola\u00e7\u00e3o de grau de um curso universit\u00e1rio\u00a0X (insira o curso que lhe [&hellip;]\" \/>\n<meta property=\"og:url\" content=\"https:\/\/crentassos.com.br\/blog\/2017\/07\/porque-somos-mais-do-que-nossa-aparencia.html\" \/>\n<meta property=\"og:site_name\" content=\"Crentassos Produ\u00e7\u00f5es Subversivas\" \/>\n<meta property=\"article:publisher\" content=\"http:\/\/www.facebook.com\/crentassos\" \/>\n<meta property=\"article:published_time\" content=\"2017-07-15T11:00:23+00:00\" \/>\n<meta property=\"og:image\" content=\"https:\/\/crentassos.com.br\/blog\/wp-content\/uploads\/2017\/07\/formatura.jpg\" \/>\n\t<meta property=\"og:image:width\" content=\"1920\" \/>\n\t<meta property=\"og:image:height\" content=\"1280\" \/>\n\t<meta property=\"og:image:type\" content=\"image\/jpeg\" \/>\n<meta name=\"author\" content=\"Tamyres Palma\" \/>\n<meta name=\"twitter:card\" content=\"summary_large_image\" \/>\n<meta name=\"twitter:creator\" content=\"@crentassos\" \/>\n<meta name=\"twitter:site\" content=\"@crentassos\" \/>\n<meta name=\"twitter:label1\" content=\"Escrito por\" \/>\n\t<meta name=\"twitter:data1\" content=\"Tamyres Palma\" \/>\n\t<meta name=\"twitter:label2\" content=\"Est. tempo de leitura\" \/>\n\t<meta name=\"twitter:data2\" content=\"3 minutos\" \/>\n<script type=\"application\/ld+json\" class=\"yoast-schema-graph\">{\"@context\":\"https:\/\/schema.org\",\"@graph\":[{\"@type\":\"Article\",\"@id\":\"https:\/\/crentassos.com.br\/blog\/2017\/07\/porque-somos-mais-do-que-nossa-aparencia.html#article\",\"isPartOf\":{\"@id\":\"https:\/\/crentassos.com.br\/blog\/2017\/07\/porque-somos-mais-do-que-nossa-aparencia.html\"},\"author\":{\"name\":\"Tamyres Palma\",\"@id\":\"https:\/\/crentassos.com.br\/blog\/#\/schema\/person\/3f5f08a8ba3e2bc991eb2fd8f8e3988c\"},\"headline\":\"Porque somos mais do que nossa apar\u00eancia\",\"datePublished\":\"2017-07-15T11:00:23+00:00\",\"mainEntityOfPage\":{\"@id\":\"https:\/\/crentassos.com.br\/blog\/2017\/07\/porque-somos-mais-do-que-nossa-aparencia.html\"},\"wordCount\":547,\"commentCount\":1,\"publisher\":{\"@id\":\"https:\/\/crentassos.com.br\/blog\/#organization\"},\"image\":{\"@id\":\"https:\/\/crentassos.com.br\/blog\/2017\/07\/porque-somos-mais-do-que-nossa-aparencia.html#primaryimage\"},\"thumbnailUrl\":\"https:\/\/crentassos.com.br\/blog\/wp-content\/uploads\/2017\/07\/formatura.jpg\",\"keywords\":[\"padr\u00f5es de beleza\",\"valoriza\u00e7\u00e3o da mulher\"],\"articleSection\":[\"Artigos\"],\"inLanguage\":\"pt-BR\",\"potentialAction\":[{\"@type\":\"CommentAction\",\"name\":\"Comment\",\"target\":[\"https:\/\/crentassos.com.br\/blog\/2017\/07\/porque-somos-mais-do-que-nossa-aparencia.html#respond\"]}]},{\"@type\":\"WebPage\",\"@id\":\"https:\/\/crentassos.com.br\/blog\/2017\/07\/porque-somos-mais-do-que-nossa-aparencia.html\",\"url\":\"https:\/\/crentassos.com.br\/blog\/2017\/07\/porque-somos-mais-do-que-nossa-aparencia.html\",\"name\":\"Porque somos mais do que nossa apar\u00eancia - Crentassos Produ\u00e7\u00f5es Subversivas\",\"isPartOf\":{\"@id\":\"https:\/\/crentassos.com.br\/blog\/#website\"},\"primaryImageOfPage\":{\"@id\":\"https:\/\/crentassos.com.br\/blog\/2017\/07\/porque-somos-mais-do-que-nossa-aparencia.html#primaryimage\"},\"image\":{\"@id\":\"https:\/\/crentassos.com.br\/blog\/2017\/07\/porque-somos-mais-do-que-nossa-aparencia.html#primaryimage\"},\"thumbnailUrl\":\"https:\/\/crentassos.com.br\/blog\/wp-content\/uploads\/2017\/07\/formatura.jpg\",\"datePublished\":\"2017-07-15T11:00:23+00:00\",\"breadcrumb\":{\"@id\":\"https:\/\/crentassos.com.br\/blog\/2017\/07\/porque-somos-mais-do-que-nossa-aparencia.html#breadcrumb\"},\"inLanguage\":\"pt-BR\",\"potentialAction\":[{\"@type\":\"ReadAction\",\"target\":[\"https:\/\/crentassos.com.br\/blog\/2017\/07\/porque-somos-mais-do-que-nossa-aparencia.html\"]}]},{\"@type\":\"ImageObject\",\"inLanguage\":\"pt-BR\",\"@id\":\"https:\/\/crentassos.com.br\/blog\/2017\/07\/porque-somos-mais-do-que-nossa-aparencia.html#primaryimage\",\"url\":\"https:\/\/crentassos.com.br\/blog\/wp-content\/uploads\/2017\/07\/formatura.jpg\",\"contentUrl\":\"https:\/\/crentassos.com.br\/blog\/wp-content\/uploads\/2017\/07\/formatura.jpg\",\"width\":1920,\"height\":1280},{\"@type\":\"BreadcrumbList\",\"@id\":\"https:\/\/crentassos.com.br\/blog\/2017\/07\/porque-somos-mais-do-que-nossa-aparencia.html#breadcrumb\",\"itemListElement\":[{\"@type\":\"ListItem\",\"position\":1,\"name\":\"Home\",\"item\":\"https:\/\/crentassos.com.br\/blog\/\"},{\"@type\":\"ListItem\",\"position\":2,\"name\":\"Porque somos mais do que nossa apar\u00eancia\"}]},{\"@type\":\"WebSite\",\"@id\":\"https:\/\/crentassos.com.br\/blog\/#website\",\"url\":\"https:\/\/crentassos.com.br\/blog\/\",\"name\":\"Crentassos Produ\u00e7\u00f5es Subversivas\",\"description\":\"Podcast Crist\u00e3o, Podcrent, Da Prateleira, Artigos crist\u00e3os, Teologia, Estudos, Textos B\u00edblicos\",\"publisher\":{\"@id\":\"https:\/\/crentassos.com.br\/blog\/#organization\"},\"potentialAction\":[{\"@type\":\"SearchAction\",\"target\":{\"@type\":\"EntryPoint\",\"urlTemplate\":\"https:\/\/crentassos.com.br\/blog\/?s={search_term_string}\"},\"query-input\":{\"@type\":\"PropertyValueSpecification\",\"valueRequired\":true,\"valueName\":\"search_term_string\"}}],\"inLanguage\":\"pt-BR\"},{\"@type\":\"Organization\",\"@id\":\"https:\/\/crentassos.com.br\/blog\/#organization\",\"name\":\"Crentassos Produ\u00e7\u00f5es Subversivas\",\"url\":\"https:\/\/crentassos.com.br\/blog\/\",\"logo\":{\"@type\":\"ImageObject\",\"inLanguage\":\"pt-BR\",\"@id\":\"https:\/\/crentassos.com.br\/blog\/#\/schema\/logo\/image\/\",\"url\":\"https:\/\/crentassos.com.br\/blog\/wp-content\/uploads\/2020\/05\/cropped-crentassos1-300x300png.png\",\"contentUrl\":\"https:\/\/crentassos.com.br\/blog\/wp-content\/uploads\/2020\/05\/cropped-crentassos1-300x300png.png\",\"width\":300,\"height\":300,\"caption\":\"Crentassos Produ\u00e7\u00f5es Subversivas\"},\"image\":{\"@id\":\"https:\/\/crentassos.com.br\/blog\/#\/schema\/logo\/image\/\"},\"sameAs\":[\"http:\/\/www.facebook.com\/crentassos\",\"https:\/\/x.com\/crentassos\",\"https:\/\/www.instagram.com\/crentassos\",\"https:\/\/www.youtube.com\/crentassos\"]},{\"@type\":\"Person\",\"@id\":\"https:\/\/crentassos.com.br\/blog\/#\/schema\/person\/3f5f08a8ba3e2bc991eb2fd8f8e3988c\",\"name\":\"Tamyres Palma\",\"image\":{\"@type\":\"ImageObject\",\"inLanguage\":\"pt-BR\",\"@id\":\"https:\/\/crentassos.com.br\/blog\/#\/schema\/person\/image\/\",\"url\":\"https:\/\/secure.gravatar.com\/avatar\/9dce0caea2bafdb6394abc6c84348788083c31d52a278ed4b42bd0ee15c4ed52?s=96&d=retro&r=g\",\"contentUrl\":\"https:\/\/secure.gravatar.com\/avatar\/9dce0caea2bafdb6394abc6c84348788083c31d52a278ed4b42bd0ee15c4ed52?s=96&d=retro&r=g\",\"caption\":\"Tamyres Palma\"},\"description\":\"Tamyres Palma: formada em hist\u00f3ria, apaixonada por livros e casada com o @jonathazimmer . Maluca por Harry Potter, N\u00e1rnia e universos fant\u00e1sticos como a Terra M\u00e9dia. Apaixonada por literatura de forma geral, embora esteja longe do meu ideal de conhecimento liter\u00e1rio.\",\"sameAs\":[\"http:\/\/cafeecoberta.blogspot.com\"],\"url\":\"https:\/\/crentassos.com.br\/blog\/author\/tamyrespalma\"}]}<\/script>\n<!-- \/ Yoast SEO plugin. -->","yoast_head_json":{"title":"Porque somos mais do que nossa apar\u00eancia - Crentassos Produ\u00e7\u00f5es Subversivas","robots":{"index":"index","follow":"follow","max-snippet":"max-snippet:-1","max-image-preview":"max-image-preview:large","max-video-preview":"max-video-preview:-1"},"canonical":"https:\/\/crentassos.com.br\/blog\/2017\/07\/porque-somos-mais-do-que-nossa-aparencia.html","og_locale":"pt_BR","og_type":"article","og_title":"Porque somos mais do que nossa apar\u00eancia - Crentassos Produ\u00e7\u00f5es Subversivas","og_description":"Para dar in\u00edcio ao texto de hoje, contarei\u00a0uma pequena anedota. &#8220;Cola\u00e7\u00e3o de grau de um curso universit\u00e1rio\u00a0X (insira o curso que lhe [&hellip;]","og_url":"https:\/\/crentassos.com.br\/blog\/2017\/07\/porque-somos-mais-do-que-nossa-aparencia.html","og_site_name":"Crentassos Produ\u00e7\u00f5es Subversivas","article_publisher":"http:\/\/www.facebook.com\/crentassos","article_published_time":"2017-07-15T11:00:23+00:00","og_image":[{"width":1920,"height":1280,"url":"https:\/\/crentassos.com.br\/blog\/wp-content\/uploads\/2017\/07\/formatura.jpg","type":"image\/jpeg"}],"author":"Tamyres Palma","twitter_card":"summary_large_image","twitter_creator":"@crentassos","twitter_site":"@crentassos","twitter_misc":{"Escrito por":"Tamyres Palma","Est. tempo de leitura":"3 minutos"},"schema":{"@context":"https:\/\/schema.org","@graph":[{"@type":"Article","@id":"https:\/\/crentassos.com.br\/blog\/2017\/07\/porque-somos-mais-do-que-nossa-aparencia.html#article","isPartOf":{"@id":"https:\/\/crentassos.com.br\/blog\/2017\/07\/porque-somos-mais-do-que-nossa-aparencia.html"},"author":{"name":"Tamyres Palma","@id":"https:\/\/crentassos.com.br\/blog\/#\/schema\/person\/3f5f08a8ba3e2bc991eb2fd8f8e3988c"},"headline":"Porque somos mais do que nossa apar\u00eancia","datePublished":"2017-07-15T11:00:23+00:00","mainEntityOfPage":{"@id":"https:\/\/crentassos.com.br\/blog\/2017\/07\/porque-somos-mais-do-que-nossa-aparencia.html"},"wordCount":547,"commentCount":1,"publisher":{"@id":"https:\/\/crentassos.com.br\/blog\/#organization"},"image":{"@id":"https:\/\/crentassos.com.br\/blog\/2017\/07\/porque-somos-mais-do-que-nossa-aparencia.html#primaryimage"},"thumbnailUrl":"https:\/\/crentassos.com.br\/blog\/wp-content\/uploads\/2017\/07\/formatura.jpg","keywords":["padr\u00f5es de beleza","valoriza\u00e7\u00e3o da mulher"],"articleSection":["Artigos"],"inLanguage":"pt-BR","potentialAction":[{"@type":"CommentAction","name":"Comment","target":["https:\/\/crentassos.com.br\/blog\/2017\/07\/porque-somos-mais-do-que-nossa-aparencia.html#respond"]}]},{"@type":"WebPage","@id":"https:\/\/crentassos.com.br\/blog\/2017\/07\/porque-somos-mais-do-que-nossa-aparencia.html","url":"https:\/\/crentassos.com.br\/blog\/2017\/07\/porque-somos-mais-do-que-nossa-aparencia.html","name":"Porque somos mais do que nossa apar\u00eancia - Crentassos Produ\u00e7\u00f5es Subversivas","isPartOf":{"@id":"https:\/\/crentassos.com.br\/blog\/#website"},"primaryImageOfPage":{"@id":"https:\/\/crentassos.com.br\/blog\/2017\/07\/porque-somos-mais-do-que-nossa-aparencia.html#primaryimage"},"image":{"@id":"https:\/\/crentassos.com.br\/blog\/2017\/07\/porque-somos-mais-do-que-nossa-aparencia.html#primaryimage"},"thumbnailUrl":"https:\/\/crentassos.com.br\/blog\/wp-content\/uploads\/2017\/07\/formatura.jpg","datePublished":"2017-07-15T11:00:23+00:00","breadcrumb":{"@id":"https:\/\/crentassos.com.br\/blog\/2017\/07\/porque-somos-mais-do-que-nossa-aparencia.html#breadcrumb"},"inLanguage":"pt-BR","potentialAction":[{"@type":"ReadAction","target":["https:\/\/crentassos.com.br\/blog\/2017\/07\/porque-somos-mais-do-que-nossa-aparencia.html"]}]},{"@type":"ImageObject","inLanguage":"pt-BR","@id":"https:\/\/crentassos.com.br\/blog\/2017\/07\/porque-somos-mais-do-que-nossa-aparencia.html#primaryimage","url":"https:\/\/crentassos.com.br\/blog\/wp-content\/uploads\/2017\/07\/formatura.jpg","contentUrl":"https:\/\/crentassos.com.br\/blog\/wp-content\/uploads\/2017\/07\/formatura.jpg","width":1920,"height":1280},{"@type":"BreadcrumbList","@id":"https:\/\/crentassos.com.br\/blog\/2017\/07\/porque-somos-mais-do-que-nossa-aparencia.html#breadcrumb","itemListElement":[{"@type":"ListItem","position":1,"name":"Home","item":"https:\/\/crentassos.com.br\/blog\/"},{"@type":"ListItem","position":2,"name":"Porque somos mais do que nossa apar\u00eancia"}]},{"@type":"WebSite","@id":"https:\/\/crentassos.com.br\/blog\/#website","url":"https:\/\/crentassos.com.br\/blog\/","name":"Crentassos Produ\u00e7\u00f5es Subversivas","description":"Podcast Crist\u00e3o, Podcrent, Da Prateleira, Artigos crist\u00e3os, Teologia, Estudos, Textos B\u00edblicos","publisher":{"@id":"https:\/\/crentassos.com.br\/blog\/#organization"},"potentialAction":[{"@type":"SearchAction","target":{"@type":"EntryPoint","urlTemplate":"https:\/\/crentassos.com.br\/blog\/?s={search_term_string}"},"query-input":{"@type":"PropertyValueSpecification","valueRequired":true,"valueName":"search_term_string"}}],"inLanguage":"pt-BR"},{"@type":"Organization","@id":"https:\/\/crentassos.com.br\/blog\/#organization","name":"Crentassos Produ\u00e7\u00f5es Subversivas","url":"https:\/\/crentassos.com.br\/blog\/","logo":{"@type":"ImageObject","inLanguage":"pt-BR","@id":"https:\/\/crentassos.com.br\/blog\/#\/schema\/logo\/image\/","url":"https:\/\/crentassos.com.br\/blog\/wp-content\/uploads\/2020\/05\/cropped-crentassos1-300x300png.png","contentUrl":"https:\/\/crentassos.com.br\/blog\/wp-content\/uploads\/2020\/05\/cropped-crentassos1-300x300png.png","width":300,"height":300,"caption":"Crentassos Produ\u00e7\u00f5es Subversivas"},"image":{"@id":"https:\/\/crentassos.com.br\/blog\/#\/schema\/logo\/image\/"},"sameAs":["http:\/\/www.facebook.com\/crentassos","https:\/\/x.com\/crentassos","https:\/\/www.instagram.com\/crentassos","https:\/\/www.youtube.com\/crentassos"]},{"@type":"Person","@id":"https:\/\/crentassos.com.br\/blog\/#\/schema\/person\/3f5f08a8ba3e2bc991eb2fd8f8e3988c","name":"Tamyres Palma","image":{"@type":"ImageObject","inLanguage":"pt-BR","@id":"https:\/\/crentassos.com.br\/blog\/#\/schema\/person\/image\/","url":"https:\/\/secure.gravatar.com\/avatar\/9dce0caea2bafdb6394abc6c84348788083c31d52a278ed4b42bd0ee15c4ed52?s=96&d=retro&r=g","contentUrl":"https:\/\/secure.gravatar.com\/avatar\/9dce0caea2bafdb6394abc6c84348788083c31d52a278ed4b42bd0ee15c4ed52?s=96&d=retro&r=g","caption":"Tamyres Palma"},"description":"Tamyres Palma: formada em hist\u00f3ria, apaixonada por livros e casada com o @jonathazimmer . Maluca por Harry Potter, N\u00e1rnia e universos fant\u00e1sticos como a Terra M\u00e9dia. Apaixonada por literatura de forma geral, embora esteja longe do meu ideal de conhecimento liter\u00e1rio.","sameAs":["http:\/\/cafeecoberta.blogspot.com"],"url":"https:\/\/crentassos.com.br\/blog\/author\/tamyrespalma"}]}},"_links":{"self":[{"href":"https:\/\/crentassos.com.br\/blog\/wp-json\/wp\/v2\/posts\/13524","targetHints":{"allow":["GET"]}}],"collection":[{"href":"https:\/\/crentassos.com.br\/blog\/wp-json\/wp\/v2\/posts"}],"about":[{"href":"https:\/\/crentassos.com.br\/blog\/wp-json\/wp\/v2\/types\/post"}],"author":[{"embeddable":true,"href":"https:\/\/crentassos.com.br\/blog\/wp-json\/wp\/v2\/users\/32"}],"replies":[{"embeddable":true,"href":"https:\/\/crentassos.com.br\/blog\/wp-json\/wp\/v2\/comments?post=13524"}],"version-history":[{"count":7,"href":"https:\/\/crentassos.com.br\/blog\/wp-json\/wp\/v2\/posts\/13524\/revisions"}],"predecessor-version":[{"id":13535,"href":"https:\/\/crentassos.com.br\/blog\/wp-json\/wp\/v2\/posts\/13524\/revisions\/13535"}],"wp:featuredmedia":[{"embeddable":true,"href":"https:\/\/crentassos.com.br\/blog\/wp-json\/wp\/v2\/media\/13533"}],"wp:attachment":[{"href":"https:\/\/crentassos.com.br\/blog\/wp-json\/wp\/v2\/media?parent=13524"}],"wp:term":[{"taxonomy":"category","embeddable":true,"href":"https:\/\/crentassos.com.br\/blog\/wp-json\/wp\/v2\/categories?post=13524"},{"taxonomy":"post_tag","embeddable":true,"href":"https:\/\/crentassos.com.br\/blog\/wp-json\/wp\/v2\/tags?post=13524"}],"curies":[{"name":"wp","href":"https:\/\/api.w.org\/{rel}","templated":true}]}}