{"id":13247,"date":"2017-03-20T03:56:27","date_gmt":"2017-03-20T06:56:27","guid":{"rendered":"http:\/\/crentassos.com.br\/blog\/?p=13247"},"modified":"2017-03-20T05:46:10","modified_gmt":"2017-03-20T08:46:10","slug":"quem-tem-medo-da-teologia-da-missao-integral","status":"publish","type":"post","link":"https:\/\/crentassos.com.br\/blog\/2017\/03\/quem-tem-medo-da-teologia-da-missao-integral.html","title":{"rendered":"Quem tem medo da Teologia da Miss\u00e3o Integral?"},"content":{"rendered":"<section class=\"section section--body section--first\">\n<div class=\"section-content\">\n<div class=\"section-inner sectionLayout--insetColumn\">\n<p id=\"2de9\" class=\"graf graf--p graf-after--h4\">Nesses dias que passaram, tive a noticia de que a Faculdade Evang\u00e9lica das Assembleias de Deus (FAECAD) suspendeu uma atividade no Rio de Janeiro porque alguns de seus diretores assinalaram que o conferencista principal, Ren\u00e9 Padilla, \u00e9 um <strong class=\"markup--strong markup--p-strong\">Crist\u00e3o Marxista.<\/strong><\/p>\n<p id=\"2949\" class=\"graf graf--p graf-after--p graf--trailing\">Obviamente, a FAECAD n\u00e3o tem obriga\u00e7\u00e3o nenhuma de aceitar dentro de suas institui\u00e7\u00f5es qualquer pessoa que seja. \u00c9 uma institui\u00e7\u00e3o aut\u00f4noma que n\u00e3o deve satisfa\u00e7\u00f5es a ningu\u00e9m a n\u00e3o ser ao MEC, aos lideres das igrejas associadas e, eventualmente, aos alunos que pagam mensalidade, e como eu n\u00e3o estou dentro de nenhum desses grupos, n\u00e3o venho aqui pedir satisfa\u00e7\u00e3o sobre o ocorrido, muito pelo contr\u00e1rio, o que menos quero com esse texto \u00e9 explica\u00e7\u00e3o, eu s\u00f3 queria falar algumas palavras sobre a TMI e a suposta liga\u00e7\u00e3o intima que essa teologia tem com o MARXISMO e o medo da amea\u00e7a, que algumas pessoas sentem diante dessa maneira de pensar o divino.<\/p>\n<\/div>\n<\/div>\n<\/section>\n<section class=\"section section--body\">\n<div class=\"section-divider\">\n<hr class=\"section-divider\" \/>\n<\/div>\n<div class=\"section-content\">\n<div class=\"section-inner sectionLayout--insetColumn\" style=\"text-align: left;\">\n<figure id=\"d4a6\" class=\"graf graf--figure graf--layoutOutsetLeft graf--leading\" data-scroll=\"native\">\n<div class=\"aspectRatioPlaceholder is-locked\">\n<div class=\"aspectRatioPlaceholder-fill\">\u00a0<img decoding=\"async\" class=\"progressiveMedia-image js-progressiveMedia-image alignright\" src=\"https:\/\/cdn-images-1.medium.com\/max\/600\/1*SnLh2H6ZskOx9FjQCQQw1A.jpeg\" data-src=\"https:\/\/cdn-images-1.medium.com\/max\/600\/1*SnLh2H6ZskOx9FjQCQQw1A.jpeg\" \/><\/div>\n<\/div><figcaption class=\"imageCaption\">Para inicio de conversa, \u00e9 preciso compreender que <strong class=\"markup--strong markup--p-strong\">nenhuma ideia no mundo surge do nada, \u00e9 sempre uma quest\u00e3o constru\u00e7\u00e3o baseado no que veio anteriormente, seja em adapta-lo a nova realidade, seja em nega-lo completamente para sugerir o oposto<\/strong>. Assim, dizer que a TMI n\u00e3o tem nenhuma influencia do de uma proposta como o marxismo, que modificou a estrutura a politica e a economia do seculo passado \u00e9 t\u00e3o incoerente como dizer que a TMI \u00e9 constitu\u00edda apenas pelo marxismo. Somos constantemente bombardeados por in\u00fameras ideias diferentes e \u00e9 na jun\u00e7\u00e3o delas todas que acabamos formando o que acreditamos ou negamos e \u00e9 quando essa nossa cren\u00e7a toma propor\u00e7\u00f5es maiores do que apenas o status de opini\u00f5es tomando forma de uma teoria ou qualquer coisa equivalente, acabamos por nos obrigar a buscar referencia teorias que justifiquem nossas palavras, entretanto, mas seja na defesa de um trabalho diante de uma banca para conquistar um titulo de mestre, seja numa conversa informal regada a cerveja na mesa de um bar, saiba, ningu\u00e9m est\u00e1 imune a influencias externas a ponto de sugerir algo completamente novo.<\/figcaption><\/figure>\n<p id=\"2eb1\" class=\"graf graf--p graf-after--p\">Ent\u00e3o \u00e9 claro, que no contexto do surgimento da TMI (apesar do pacto de Lausane datar de 1974, a teologia da miss\u00e3o integral j\u00e1 era pensada antes dessa que \u00e9 tomada como a data do inicio), houveram influencia de pensadores marxistas que estavam sendo lidos na academia naquele momento. Digo isso sem medo de errar, n\u00e3o como uma exclusividade da TMI, pois outras teologias tiveram influencias de outros pensadores, de outros ramos das ci\u00eancias, etc. Alguns poderiam alegar a l\u00f3gica do <strong class=\"markup--strong markup--p-strong\">SOLA SCRIPTURA<\/strong> como aquela regra que define a b\u00edblia como unica referencia para a composi\u00e7\u00e3o da nossa teologia, mas fatalmente, lhes afirmo: Ingenuidade. Esta proposta, segundo a Reforma Protestante, \u00e9 o princ\u00edpio no qual a B\u00edblia tem <strong class=\"markup--strong markup--p-strong\">primazia <\/strong>ante a Tradi\u00e7\u00e3o (numa clara cr\u00edtica \u00e0 tradi\u00e7\u00e3o dos padres na teologia romana) legada pelo magist\u00e9rio da Igreja, quando, os princ\u00edpios doutrin\u00e1rios entre esta e aquela forem conflitantes e n\u00e3o devemos nos fechar para toda e qualquer outra express\u00e3o de cultura e ci\u00eancia que exista ou pagaremos o pre\u00e7o de nos tornarmos ultrapassados\u00b9.<\/p>\n<p id=\"32f4\" class=\"graf graf--p graf-after--p\">Mas de maneira bem objetiva, o MARXISMO (lembrando sempre que n\u00e3o podemos tratar esse pensamento como um mon\u00f3lito, pois h\u00e1 diversas express\u00f5es do marxismo, algumas que at\u00e9 poderia estar em oposi\u00e7\u00e3o) n\u00e3o pode ser comparado \u00e0 TMI pois essas duas instancias de pensamento tratam de temas distintos ainda que contenham algumas coincid\u00eancias, como veremos no decorrer deste texto.<\/p>\n<figure id=\"f791\" class=\"graf graf--figure graf-after--p\">\n<div class=\"aspectRatioPlaceholder is-locked\">\n<div class=\"aspectRatioPlaceholder-fill\"><\/div>\n<div class=\"progressiveMedia js-progressiveMedia graf-image is-canvasLoaded is-imageLoaded\" data-image-id=\"1*MlX2GtGTa_Q4Sfjw56WV5g.jpeg\" data-width=\"965\" data-height=\"650\" data-action=\"zoom\" data-action-value=\"1*MlX2GtGTa_Q4Sfjw56WV5g.jpeg\" data-scroll=\"native\"><canvas class=\"progressiveMedia-canvas js-progressiveMedia-canvas\" width=\"75\" height=\"50\"><\/canvas><img decoding=\"async\" class=\"progressiveMedia-image js-progressiveMedia-image\" src=\"https:\/\/cdn-images-1.medium.com\/max\/800\/1*MlX2GtGTa_Q4Sfjw56WV5g.jpeg\" data-src=\"https:\/\/cdn-images-1.medium.com\/max\/800\/1*MlX2GtGTa_Q4Sfjw56WV5g.jpeg\" \/><\/div>\n<\/div><figcaption class=\"imageCaption\">Congresso Internacional de Evangeliza\u00e7\u00e3o Lausanne\u200a\u2014\u200aSui\u00e7a,\u00a01974<\/figcaption><\/figure>\n<p id=\"a037\" class=\"graf graf--p graf-after--figure\"><strong class=\"markup--strong markup--p-strong\">Assim, alguns acusadores poderiam alegar que a TMI \u00e9 uma maneira de encucar os valores do MARXISMO dentro das igrejas sem que os crentes percebam<\/strong>. Salvo toda teoria conspirat\u00f3ria da mentalidade de quem ainda n\u00e3o superou a guerra fria, ou como prefiro chamar, toda<em class=\"markup--em markup--p-em\"> s\u00edndrome de Olavo de Carvalho<\/em>, vamos supor que sim, que a teologia da miss\u00e3o integral est\u00e1 propagando valores do marxismo dentro da igreja protestante. Bem, como citamos a pouco, sobre a SOLA SCRIPTURA, \u00e9 preciso que os valores marxistas que a TMI eventualmente propague, sejam TAMB\u00c9M valores b\u00edblicos, ou ent\u00e3o, facilmente, qualquer te\u00f3logo iniciante poderia refuta-la, e \u00e9 o que muitos dos opositores a esse tipo de teologia fazem, entretanto, invariavelmente, trope\u00e7am criar suas criticas a partir de pressupostos pol\u00edticos e econ\u00f4micos, e muito raramente, b\u00edblicos, mostrando que a quest\u00e3o a se debater, n\u00e3o \u00e9 sobre teologia ou f\u00e9, mas a nega\u00e7\u00e3o de uma ideologia politica, disfar\u00e7ada de teologia. Vejamos alguns exemplos.<\/p>\n<h4 id=\"4ed8\" class=\"graf graf--h4 graf-after--p\"><strong class=\"markup--strong markup--h4-strong\">TMI n\u00e3o d\u00e1 valor para o evangelismo<\/strong>:<\/h4>\n<p id=\"cc98\" class=\"graf graf--p graf-after--h4\">MENTIRA. A Teologia da miss\u00e3o integral \u00e9 defendida por homens e mulheres que defendem o evangelismo b\u00edblico, o anuncio das boas novas de Cristo e o chamado ao arrependimento, o que n\u00e3o \u00e9 defendido por essa teologia \u00e9 o PROSELITISMO disfar\u00e7ado de evangelismo, a COER\u00c7\u00c3O para mudan\u00e7a de atitudes e a ANIQUILA\u00c7\u00c3O das culturas locais.<\/p>\n<p id=\"0af9\" class=\"graf graf--p graf-after--p\"><strong class=\"markup--strong markup--p-strong\">Proselitismo <\/strong>nunca foi um valor b\u00edblico, e desafio a qualquer um a achar esse valor, direta ou indiretamente escrito na b\u00edblia em forma de ensinamento por parte de Cristo, os apostos ou os profetas. Igrejas inchadas n\u00e3o s\u00e3o sin\u00f4nimo de reino estabelecido, como escutei de um grande amigo e mestre, <em class=\"markup--em markup--p-em\">\u201cTudo que \u00e9 saud\u00e1vel cresce, mas nem tudo que cresce \u00e9 saud\u00e1vel\u201d<\/em>. Hoje o que vemos em muitas igrejas \u00e9 um crescimento desordenado que impossibilita a comunh\u00e3o dos santos (um valor claramente b\u00edblico) e transforma o discipulado em um grande aul\u00e3o de cursinho pr\u00e9 vestibular, que n\u00e3o ensina, apenas faz os membros decorarem alguns vers\u00edculos b\u00edblicos e frases de efeito. Esse crescimento \u00e9 fruto de uma igreja que se importa muito mais com seu status de <strong class=\"markup--strong markup--p-strong\">INSTITUI\u00c7\u00c3O DE SUCESSO<\/strong> do que com a forma\u00e7\u00e3o de uma comunidade de Seguidores de Cristo e para que as institui\u00e7\u00f5es tenham sucesso, um discipulado objetivo e pessoal (outro valor b\u00edblico) se torna um problema e de modo amplo, a coer\u00e7\u00e3o pelo medo \u00e9 a ferramenta mais eficaz de alcan\u00e7ar os objetivos. Com essa din\u00e2mica, surgem figuras como Silas Malafaia, por exemplo, um homem en\u00e9rgico e com posi\u00e7\u00f5es firmes que bate no p\u00falpito e esbraveja enquanto prega contra os \u201cinimigos da f\u00e9 crist\u00e3\u201d.<\/p>\n<p id=\"9cec\" class=\"graf graf--p graf-after--p graf--trailing\">Para o cidad\u00e3o que n\u00e3o foi discipulado, esse homem \u00e9 o simbolo de um l\u00edder forte que ir\u00e1, de uma maneira ou de outra, resolver todos os problemas, pois tem influencia junto a Deus e pode contar com qualquer favor dEle. A viol\u00eancia simb\u00f3lica que o discurso desse senhor \u00e9 tamanha, que diante dela, quem acredita na exist\u00eancia de Deus, mas nunca teve a curiosidade de ler as palavras de Jesus Cristo, fica parado, e passa a obedecer sem pensar, replicando o discurso, fazendo-o chegar cada vez mais longe em seu avan\u00e7o. Quando abrimos m\u00e3o de pensar para puramente replicar o discurso de um l\u00edder, acabamos por ter tudo que somos em termos culturais, aniquilado, sem nenhuma brecha para di\u00e1logo. Voc\u00ea j\u00e1 teve a oportunidade de ver um programa evang\u00e9lico da madrugada? Viu como todos os apresentadores falam imitando o l\u00edder? Pois ent\u00e3o\u2026 Numa sociedade do medo, n\u00e3o h\u00e1 espa\u00e7o para as diferen\u00e7as, e quem se adapta melhor ao padr\u00e3o passa a frente e ganha mais espa\u00e7o, e assim em muitas igrejas evang\u00e9licas como foi em alguns regimes autorit\u00e1rios ao longo da historia.<\/p>\n<\/div>\n<\/div>\n<\/section>\n<section class=\"section section--body\">\n<div class=\"section-divider\">\n<hr class=\"section-divider\" \/>\n<\/div>\n<div class=\"section-content\">\n<div class=\"section-inner sectionLayout--insetColumn\">\n<figure id=\"fe83\" class=\"graf graf--figure graf--layoutOutsetLeft graf--leading\" data-scroll=\"native\">\n<div class=\"aspectRatioPlaceholder is-locked\">\n<div class=\"aspectRatioPlaceholder-fill\"><\/div>\n<div class=\"progressiveMedia js-progressiveMedia graf-image is-canvasLoaded is-imageLoaded\" data-image-id=\"1*_IxSSdvLQ-LS2_AGo1gi_w.jpeg\" data-width=\"500\" data-height=\"263\" data-scroll=\"native\"><canvas class=\"progressiveMedia-canvas js-progressiveMedia-canvas\" width=\"75\" height=\"37\"><\/canvas><img decoding=\"async\" class=\"progressiveMedia-image js-progressiveMedia-image alignleft\" src=\"https:\/\/cdn-images-1.medium.com\/max\/600\/1*_IxSSdvLQ-LS2_AGo1gi_w.jpeg\" data-src=\"https:\/\/cdn-images-1.medium.com\/max\/600\/1*_IxSSdvLQ-LS2_AGo1gi_w.jpeg\" \/><\/div>\n<\/div><figcaption class=\"imageCaption\"><strong class=\"markup--strong markup--p-strong\">TMI valoriza apenas o pobre enquanto o reino de Deus \u00e9 para TODOS<\/strong>:<\/figcaption><\/figure>\n<p id=\"ab37\" class=\"graf graf--p graf-after--p\">MENTIRA. O reino de Deus \u00e9 para todos sim, pobre e ricos, que reconhecem o Cristo como filho de Deus e salvador da Terra, no entanto, esse reconhecimento, n\u00e3o \u00e9 apenas uma palavra, mas um gesto de arrependimento que deve ser manifesto nas nossas atitudes di\u00e1rias.<\/p>\n<p id=\"ca6a\" class=\"graf graf--p graf-after--p\">Cristo \u00e9 ENF\u00c1TICO em dizer que \u00e9 mais f\u00e1cil um camelo passar pelo buraco de uma agulha do que um rico entrar no c\u00e9u (Lucas 18:24\u201325). Na minha modesta opini\u00e3o, Cristo n\u00e3o disse que ser pobre garantiria a qualquer um, a entrada no reino, a quest\u00e3o aqui, \u00e9 apontar que a falta de miseric\u00f3rdia pelo empobrecido sim, \u00e9 impeditivo deste acesso. \u00c9 \u00f3bvio que a solu\u00e7\u00e3o dos problemas econ\u00f4micos do mundo n\u00e3o est\u00e1 resumido em dar esmolas para os pedintes no sinaleiro, no entanto, reconhecer a dor da fome, ainda que nunca tenha sentido e se mobilizar de alguma forma para sana-la, \u00e9 um valor, incontestavelmente, b\u00edblico, seja na a\u00e7\u00e3o imediata de dar comida ou dinheiro, seja na articula\u00e7\u00e3o politica para reivindicar direitos b\u00e1sicos para a popula\u00e7\u00e3o carente e \u00e9 justamente nesse segundo ponto que alguns v\u00e3o ficar de orelha em p\u00e9 com a TMI. N\u00e3o \u00e9 honesto afirmar que Cristo nos orienta a fazer articula\u00e7\u00e3o pol\u00edtica, entretanto, tamb\u00e9m n\u00e3o \u00e9 honesto dizer que h\u00e1 alguma proibi\u00e7\u00e3o nessa \u00e1rea, logo, n\u00e3o havendo SIM ou N\u00c3O objetivo, cabe a analise de cada crist\u00e3o fazer ou n\u00e3o, tendo sempre a b\u00edblia como par\u00e2metro para suas decis\u00f5es. Algumas pessoas ligadas \u00e0 TMI ter\u00e3o inclina\u00e7\u00f5es a esse tipo de postura, mas n\u00e3o \u00e9 uma regra ou doutrina dessa teologia. Algumas pessoas, N\u00c3O LIGADAS \u00e0 essa teologia tamb\u00e9m est\u00e3o inclinados a articula\u00e7\u00f5es politicas, como verificamos na influent\u00edssima BANCADA EVANG\u00c9LICA, que \u00e9 composta por pastores e religiosos, os quais, NENHUM est\u00e1 ligado \u00e0 teologia da miss\u00e3o integral e tamb\u00e9m nenhum \u00e9 marxista. Ou seja, a articula\u00e7\u00e3o politica de alguns crist\u00e3os da TMI n\u00e3o \u00e9 prova suficiente para associar a teologia da miss\u00e3o integral ao marxismo, ou mesmo que a articula\u00e7\u00e3o politica seja, em si mesma, um pecado que inviabilize quem a pratica, de ser crist\u00e3o, se \u00e9 que existe tal pecado\u00b9.<\/p>\n<figure id=\"b395\" class=\"graf graf--figure graf-after--p\">\n<div class=\"aspectRatioPlaceholder is-locked\">\n<div class=\"aspectRatioPlaceholder-fill\"><\/div>\n<div class=\"progressiveMedia js-progressiveMedia graf-image is-canvasLoaded is-imageLoaded\" data-image-id=\"1*WlGhVMvp301sitJ0YMt3_A.jpeg\" data-width=\"990\" data-height=\"660\" data-action=\"zoom\" data-action-value=\"1*WlGhVMvp301sitJ0YMt3_A.jpeg\" data-scroll=\"native\"><canvas class=\"progressiveMedia-canvas js-progressiveMedia-canvas\" width=\"75\" height=\"50\"><\/canvas><img decoding=\"async\" class=\"progressiveMedia-image js-progressiveMedia-image\" src=\"https:\/\/cdn-images-1.medium.com\/max\/800\/1*WlGhVMvp301sitJ0YMt3_A.jpeg\" data-src=\"https:\/\/cdn-images-1.medium.com\/max\/800\/1*WlGhVMvp301sitJ0YMt3_A.jpeg\" \/><\/div>\n<\/div><figcaption class=\"imageCaption\">Tomando a biblia como referencia, para denunciar o mau uso dos recursos e as injusti\u00e7as de toda\u00a0natureza<\/figcaption><\/figure>\n<p id=\"3869\" class=\"graf graf--p graf-after--figure\">Ainda falando em pecados ou atitudes que s\u00e3o contradit\u00f3rios ao cristianismo, h\u00e1 quem julgue que a<strong class=\"markup--strong markup--p-strong\"> TMI tem muitos integrantes que s\u00e3o tamb\u00e9m assumidamente MARXISTAS, e \u00e9 incompat\u00edvel uma pessoas ser, ao mesmo tempo, CRIST\u00c3O e MARXISTA, pois esta \u00e9 uma doutrina ate\u00edsta<\/strong>:<\/p>\n<p id=\"896c\" class=\"graf graf--p graf-after--p\">VERDADE e MENTIRA. Com certeza existem muitos marxistas das mais variadas correntes que s\u00e3o, TAMB\u00c9M, crist\u00e3os, (percebeu o \u201cTAMB\u00c9M\u201d? pois \u00e9, j\u00e1 desvinculamos uma coisa da outra n\u00e9) mas n\u00e3o posso concordar que seja incompat\u00edvel ser CRIST\u00c3O e MARXISTA ao mesmo tempo.<\/p>\n<p id=\"6f44\" class=\"graf graf--p graf-after--p\">Muito equivocadamente, algumas pessoas, por pouco acesso a educa\u00e7\u00e3o formal ou por falta de vontade, n\u00e3o tiveram a oportunidade de se reclinar sobre a obra de Marx para conhece-la. N\u00e3o \u00e9 uma cole\u00e7\u00e3o t\u00e3o simples que qualquer um, num primeira leitura possa sanar todas as d\u00favidas. Ao longo de sua vida, Marx escreveu muito e todas as suas ideias registradas e compiladas em uma serie de escritos, d\u00e3o origem aos MARXISTAS, que s\u00e3o, nada mais nada menos do que aqueles que concordam com as suas ideias e tentam coloca-las em pr\u00e1tica.<\/p>\n<p id=\"c4f9\" class=\"graf graf--p graf-after--p\">Essas pessoas n\u00e3o s\u00e3o replicas do Marx, como os apresentadores dos programas evang\u00e9licos o s\u00e3o de seus lideres, cada uma l\u00ea sua obra a partir de sua realidade, seus pressupostos, numa constru\u00e7\u00e3o ideol\u00f3gica que n\u00e3o surge do nada (lembra que falamos l\u00e1 no inicio?) e assim, o marxismo incorre em varias frentes, como a social-democracia e o Bolchevismo, para citar apenas dois. Cada uma das muitas frentes ir\u00e1 ter um foco principal de acordo com as demandas da sociedade onde florescem, e naturalmente, numa sociedade onde as institui\u00e7\u00f5es religiosas s\u00e3o inimigas dos valores defendidos por este marxismo, naturalmente, este marxismo ser\u00e1 contr\u00e1rio \u00e0 elas. Agora convenhamos, ao longo da historia, voc\u00ea sabe que, em muitos momentos, a igreja foi ferramenta de opress\u00e3o de classes como os negros, os judeus, os isl\u00e2micos, os negros, os ciganos, outras express\u00f5es do cristianismo, etc\u2026<\/p>\n<p id=\"50c1\" class=\"graf graf--p graf-after--p\">Mas em outras realidades, a igreja acolheu gente que, motivada pelo cristianismo que professava, abra\u00e7ou a causa do oprimido e o defendeu, lutou com unhas e dentes para que o pobre n\u00e3o fosse esmagado pelo rico, que a mulher n\u00e3o fosse esmagada pelo magista, que o negro n\u00e3o fosse esmagado pelo racista,, em geral, por conta do cristianismo abra\u00e7ou a causa da defesa do oprimido. Ao observar isso qualquer marxista n\u00e3o pode ir contra o crist\u00e3o, comprometendo sua pr\u00f3pria causa. Havendo coincid\u00eancia entre a luta dos dois grupos, ainda que a motiva\u00e7\u00e3o fundamental n\u00e3o fosse a mesma, naturalmente, se uniam e \u00e9 nesse cen\u00e1rio que surgem os CRIST\u00c3OS MARXISTAS, ou MARXISTAS CRIST\u00c3OS, gente que tem os ideais marxistas e teve uma experiencia com o divino, reconhecendo Cristo como senhor e salvador.<\/p>\n<p id=\"8bbb\" class=\"graf graf--p graf-after--p\">Cristo \u00e9 claro ao afirmar que o fundamental \u00e9 \u201cAmar a Deus sobre todas as coisas (\u2026) e ao pr\u00f3ximo como a si mesmo\u201d (Mt 22,34\u201340) o resto, convenhamos, \u00e9 RESTO. Toda regra diferente dessa tem que responder essas duas perguntas. Se o Crist\u00e3o Marxista, em suas atividades politicas e particulares, consegue, dentro de suas limita\u00e7\u00f5es, responder assertivamente a essas duas quest\u00f5es, o que seria impeditivo para que ele seja, CRIST\u00c3O e MARXISTA? Sendo ele ligado \u00e0 TMI ou n\u00e3o! Aparentemente, nada, na minha opini\u00e3o, impediria um crist\u00e3o ser marxista ou um marxista se tornar crist\u00e3o, a n\u00e3o ser que, rompendo novamente com a SOLA SCRIPTURA, coloquemos valores dos nossos usos e costumes em igualdade \u00e0 palavra de Deus.<\/p>\n<p id=\"ab56\" class=\"graf graf--p graf-after--p\">Bem, isso me leva a acreditar que o problema n\u00e3o \u00e9 a TMI ser MARXISMO (pois n\u00e3o \u00e9) e muito menos o fato de v\u00e1rios adeptos da TMI serem tambem marxistas. A quest\u00e3o chave est\u00e1 em que a TMI \u00e9 uma maneira de pensar o divino e a rela\u00e7\u00e3o da humanidade com Deus a partir de valores que colocam em risco a estabilidade de determinados principados religiosos constituidos no Brasil.<\/p>\n<p id=\"d5a0\" class=\"graf graf--p graf-after--p\">Pregando abertamente contra a injusti\u00e7a, e contra TODO TIPO DE INJUSTI\u00c7A, muitos generais evang\u00e9licos neo-pentecostais, pentecostais e hist\u00f3ricos, que constituiram todo um minist\u00e9rio sob uma lideran\u00e7a opressora, se sentem acuados diante da possibilidade de suas \u201covelhas\u201d debandarem do curral, levando com sigo d\u00edzimos e influencia politica, pois qual o politico que teria interesse em se associar a um pastor que n\u00e3o tem poder?<\/p>\n<p id=\"179c\" class=\"graf graf--p graf-after--p\">Ao associar o discurso pela JUSTI\u00c7A da TMI ao um suposto marxismo-evang\u00e9lico, esses generais s\u00f3 colocam pra fora todo o preconceito e elitismo que carregam em si, pois n\u00e3o h\u00e1 quem possa negar que Jesus foi um vetor de JUSTI\u00c7A na terra e que n\u00e3o teve interesse em poder politico diante de homens.<\/p>\n<p id=\"2ffb\" class=\"graf graf--p graf-after--p\">O medo desses homens e mulheres n\u00e3o \u00e9 a corrup\u00e7\u00e3o da s\u00e3 doutrina, pois se assim fosse, suas criticas seriam de natureza biblica, mas invariavelmente, se concentram em acusa\u00e7\u00f5es mediocres de quem se quer teve o cuidado de ler os te\u00f3ricos da TMI e os MARXISTAS para compara-los, pois se o fizessem teriam uma dura surpresa. N\u00e3o h\u00e1 marxismo na TMI por que esta teologia n\u00e3o passa de uma leitura honesta da b\u00edblia, e uma preocupa\u00e7\u00e3o honesta com o pr\u00f3ximo para adorar a Deus, mas n\u00e3o apenas replicando o discurso medieval de salva\u00e7\u00e3o da alma, mas o compromisso da TMI \u00e9 levar \u201co evangelho todo, para o homem todo para todos os homens\u201d, N\u00e3o limitar nenhuma verdade b\u00edblica por conta de nossas culturais individuais, e n\u00e3o oprimir ningu\u00e9m de uma cultura diferente, se preocupando com todos os aspectos da vida do objeto de evangelismo, espiritual, fisico, emocional e social, sem restringir quem possa ser tocado pelo evangelho por cor, ra\u00e7a, renda, g\u00eanero, preferencia sexual, etc.<\/p>\n<p id=\"dc26\" class=\"graf graf--p graf-after--p\">A TEOLOGIA DA MISS\u00c3O INTEGRAL s\u00f3 assusta quem, acreditando que colocou uma coleira em Deus, esquece que \u00e9 dele, por ele e para ele, a nossa exist\u00eancia e o nosso proceder, e que se chamamos Deus de pai, n\u00e3o podemos mais escolher quem ser\u00e3o nossos irm\u00e3os, cada homem e mulher n\u00e3o situa\u00e7\u00e3o que for, reconhecendo a cristo como seu senhor e salvador, \u00e9 nosso irm\u00e3o, e por fim, que a Terra nos foi dada para que a cuidemos, como mordomos fieis, no objetivo de transformar esse campo de guerra com soldados atirando para todos os lados, novamente num jardim, com irm\u00e3os que o cultivam.<\/p>\n<p id=\"8025\" class=\"graf graf--p graf-after--p graf--trailing\">Que Deus nos perdoe e nos ajude.<\/p>\n<\/div>\n<\/div>\n<\/section>\n<section class=\"section section--body section--last\">\n<div class=\"section-divider\">\n<hr class=\"section-divider\" \/>\n<\/div>\n<div class=\"section-content\">\n<div class=\"section-inner sectionLayout--insetColumn\">\n<p id=\"198a\" class=\"graf graf--p graf--leading graf--trailing\">1. (Obviamente cabem criticas a essa minha afirma\u00e7\u00e3o, as quais, com gosto, responderei noutra oportunidade, caso haja necessidade)<\/p>\n<\/div>\n<\/div>\n<\/section>\n","protected":false},"excerpt":{"rendered":"<p>Nesses dias que passaram, tive a noticia de que a Faculdade Evang\u00e9lica das Assembleias de Deus (FAECAD) suspendeu uma atividade no Rio [&hellip;]<\/p>\n","protected":false},"author":9,"featured_media":13248,"comment_status":"open","ping_status":"open","sticky":false,"template":"","format":"standard","meta":{"_exactmetrics_skip_tracking":false,"_exactmetrics_sitenote_active":false,"_exactmetrics_sitenote_note":"","_exactmetrics_sitenote_category":0,"footnotes":"","_links_to":"","_links_to_target":""},"categories":[112],"tags":[6194,792,1138,2866],"class_list":{"0":"post-13247","1":"post","2":"type-post","3":"status-publish","4":"format-standard","5":"has-post-thumbnail","6":"hentry","7":"category-artigos","8":"tag-marxismo","9":"tag-medo","10":"tag-teologia","11":"tag-teologia-da-missao-integral","13":"post-with-thumbnail","14":"post-with-thumbnail-large"},"yoast_head":"<!-- This site is optimized with the Yoast SEO plugin v27.1.1 - https:\/\/yoast.com\/product\/yoast-seo-wordpress\/ -->\n<title>Quem tem medo da Teologia da Miss\u00e3o Integral? - Crentassos Produ\u00e7\u00f5es Subversivas<\/title>\n<meta name=\"robots\" content=\"index, follow, max-snippet:-1, max-image-preview:large, max-video-preview:-1\" \/>\n<link rel=\"canonical\" href=\"https:\/\/crentassos.com.br\/blog\/2017\/03\/quem-tem-medo-da-teologia-da-missao-integral.html\" \/>\n<meta property=\"og:locale\" content=\"pt_BR\" \/>\n<meta property=\"og:type\" content=\"article\" \/>\n<meta property=\"og:title\" content=\"Quem tem medo da Teologia da Miss\u00e3o Integral? - Crentassos Produ\u00e7\u00f5es Subversivas\" \/>\n<meta property=\"og:description\" content=\"Nesses dias que passaram, tive a noticia de que a Faculdade Evang\u00e9lica das Assembleias de Deus (FAECAD) suspendeu uma atividade no Rio [&hellip;]\" \/>\n<meta property=\"og:url\" content=\"https:\/\/crentassos.com.br\/blog\/2017\/03\/quem-tem-medo-da-teologia-da-missao-integral.html\" \/>\n<meta property=\"og:site_name\" content=\"Crentassos Produ\u00e7\u00f5es Subversivas\" \/>\n<meta property=\"article:publisher\" content=\"http:\/\/www.facebook.com\/crentassos\" \/>\n<meta property=\"article:published_time\" content=\"2017-03-20T06:56:27+00:00\" \/>\n<meta property=\"article:modified_time\" content=\"2017-03-20T08:46:10+00:00\" \/>\n<meta property=\"og:image\" content=\"https:\/\/crentassos.com.br\/blog\/wp-content\/uploads\/2017\/03\/1481257781381.jpg\" \/>\n\t<meta property=\"og:image:width\" content=\"2048\" \/>\n\t<meta property=\"og:image:height\" content=\"1360\" \/>\n\t<meta property=\"og:image:type\" content=\"image\/jpeg\" \/>\n<meta name=\"author\" content=\"Cristiano Machado\" \/>\n<meta name=\"twitter:card\" content=\"summary_large_image\" \/>\n<meta name=\"twitter:creator\" content=\"@crentassos\" \/>\n<meta name=\"twitter:site\" content=\"@crentassos\" \/>\n<meta name=\"twitter:label1\" content=\"Escrito por\" \/>\n\t<meta name=\"twitter:data1\" content=\"Cristiano Machado\" \/>\n\t<meta name=\"twitter:label2\" content=\"Est. tempo de leitura\" \/>\n\t<meta name=\"twitter:data2\" content=\"14 minutos\" \/>\n<script type=\"application\/ld+json\" class=\"yoast-schema-graph\">{\"@context\":\"https:\/\/schema.org\",\"@graph\":[{\"@type\":\"Article\",\"@id\":\"https:\/\/crentassos.com.br\/blog\/2017\/03\/quem-tem-medo-da-teologia-da-missao-integral.html#article\",\"isPartOf\":{\"@id\":\"https:\/\/crentassos.com.br\/blog\/2017\/03\/quem-tem-medo-da-teologia-da-missao-integral.html\"},\"author\":{\"name\":\"Cristiano Machado\",\"@id\":\"https:\/\/crentassos.com.br\/blog\/#\/schema\/person\/7ec3329a98c44e20ccd6cc2c9e18acbd\"},\"headline\":\"Quem tem medo da Teologia da Miss\u00e3o Integral?\",\"datePublished\":\"2017-03-20T06:56:27+00:00\",\"dateModified\":\"2017-03-20T08:46:10+00:00\",\"mainEntityOfPage\":{\"@id\":\"https:\/\/crentassos.com.br\/blog\/2017\/03\/quem-tem-medo-da-teologia-da-missao-integral.html\"},\"wordCount\":2821,\"commentCount\":4,\"publisher\":{\"@id\":\"https:\/\/crentassos.com.br\/blog\/#organization\"},\"image\":{\"@id\":\"https:\/\/crentassos.com.br\/blog\/2017\/03\/quem-tem-medo-da-teologia-da-missao-integral.html#primaryimage\"},\"thumbnailUrl\":\"https:\/\/crentassos.com.br\/blog\/wp-content\/uploads\/2017\/03\/1481257781381.jpg\",\"keywords\":[\"marxismo\",\"medo\",\"teologia\",\"teologia da miss\u00e3o integral\"],\"articleSection\":[\"Artigos\"],\"inLanguage\":\"pt-BR\",\"potentialAction\":[{\"@type\":\"CommentAction\",\"name\":\"Comment\",\"target\":[\"https:\/\/crentassos.com.br\/blog\/2017\/03\/quem-tem-medo-da-teologia-da-missao-integral.html#respond\"]}]},{\"@type\":\"WebPage\",\"@id\":\"https:\/\/crentassos.com.br\/blog\/2017\/03\/quem-tem-medo-da-teologia-da-missao-integral.html\",\"url\":\"https:\/\/crentassos.com.br\/blog\/2017\/03\/quem-tem-medo-da-teologia-da-missao-integral.html\",\"name\":\"Quem tem medo da Teologia da Miss\u00e3o Integral? - Crentassos Produ\u00e7\u00f5es Subversivas\",\"isPartOf\":{\"@id\":\"https:\/\/crentassos.com.br\/blog\/#website\"},\"primaryImageOfPage\":{\"@id\":\"https:\/\/crentassos.com.br\/blog\/2017\/03\/quem-tem-medo-da-teologia-da-missao-integral.html#primaryimage\"},\"image\":{\"@id\":\"https:\/\/crentassos.com.br\/blog\/2017\/03\/quem-tem-medo-da-teologia-da-missao-integral.html#primaryimage\"},\"thumbnailUrl\":\"https:\/\/crentassos.com.br\/blog\/wp-content\/uploads\/2017\/03\/1481257781381.jpg\",\"datePublished\":\"2017-03-20T06:56:27+00:00\",\"dateModified\":\"2017-03-20T08:46:10+00:00\",\"breadcrumb\":{\"@id\":\"https:\/\/crentassos.com.br\/blog\/2017\/03\/quem-tem-medo-da-teologia-da-missao-integral.html#breadcrumb\"},\"inLanguage\":\"pt-BR\",\"potentialAction\":[{\"@type\":\"ReadAction\",\"target\":[\"https:\/\/crentassos.com.br\/blog\/2017\/03\/quem-tem-medo-da-teologia-da-missao-integral.html\"]}]},{\"@type\":\"ImageObject\",\"inLanguage\":\"pt-BR\",\"@id\":\"https:\/\/crentassos.com.br\/blog\/2017\/03\/quem-tem-medo-da-teologia-da-missao-integral.html#primaryimage\",\"url\":\"https:\/\/crentassos.com.br\/blog\/wp-content\/uploads\/2017\/03\/1481257781381.jpg\",\"contentUrl\":\"https:\/\/crentassos.com.br\/blog\/wp-content\/uploads\/2017\/03\/1481257781381.jpg\",\"width\":2048,\"height\":1360},{\"@type\":\"BreadcrumbList\",\"@id\":\"https:\/\/crentassos.com.br\/blog\/2017\/03\/quem-tem-medo-da-teologia-da-missao-integral.html#breadcrumb\",\"itemListElement\":[{\"@type\":\"ListItem\",\"position\":1,\"name\":\"Home\",\"item\":\"https:\/\/crentassos.com.br\/blog\/\"},{\"@type\":\"ListItem\",\"position\":2,\"name\":\"Quem tem medo da Teologia da Miss\u00e3o Integral?\"}]},{\"@type\":\"WebSite\",\"@id\":\"https:\/\/crentassos.com.br\/blog\/#website\",\"url\":\"https:\/\/crentassos.com.br\/blog\/\",\"name\":\"Crentassos Produ\u00e7\u00f5es Subversivas\",\"description\":\"Podcast Crist\u00e3o, Podcrent, Da Prateleira, Artigos crist\u00e3os, Teologia, Estudos, Textos B\u00edblicos\",\"publisher\":{\"@id\":\"https:\/\/crentassos.com.br\/blog\/#organization\"},\"potentialAction\":[{\"@type\":\"SearchAction\",\"target\":{\"@type\":\"EntryPoint\",\"urlTemplate\":\"https:\/\/crentassos.com.br\/blog\/?s={search_term_string}\"},\"query-input\":{\"@type\":\"PropertyValueSpecification\",\"valueRequired\":true,\"valueName\":\"search_term_string\"}}],\"inLanguage\":\"pt-BR\"},{\"@type\":\"Organization\",\"@id\":\"https:\/\/crentassos.com.br\/blog\/#organization\",\"name\":\"Crentassos Produ\u00e7\u00f5es Subversivas\",\"url\":\"https:\/\/crentassos.com.br\/blog\/\",\"logo\":{\"@type\":\"ImageObject\",\"inLanguage\":\"pt-BR\",\"@id\":\"https:\/\/crentassos.com.br\/blog\/#\/schema\/logo\/image\/\",\"url\":\"https:\/\/crentassos.com.br\/blog\/wp-content\/uploads\/2020\/05\/cropped-crentassos1-300x300png.png\",\"contentUrl\":\"https:\/\/crentassos.com.br\/blog\/wp-content\/uploads\/2020\/05\/cropped-crentassos1-300x300png.png\",\"width\":300,\"height\":300,\"caption\":\"Crentassos Produ\u00e7\u00f5es Subversivas\"},\"image\":{\"@id\":\"https:\/\/crentassos.com.br\/blog\/#\/schema\/logo\/image\/\"},\"sameAs\":[\"http:\/\/www.facebook.com\/crentassos\",\"https:\/\/x.com\/crentassos\",\"https:\/\/www.instagram.com\/crentassos\",\"https:\/\/www.youtube.com\/crentassos\"]},{\"@type\":\"Person\",\"@id\":\"https:\/\/crentassos.com.br\/blog\/#\/schema\/person\/7ec3329a98c44e20ccd6cc2c9e18acbd\",\"name\":\"Cristiano Machado\",\"image\":{\"@type\":\"ImageObject\",\"inLanguage\":\"pt-BR\",\"@id\":\"https:\/\/crentassos.com.br\/blog\/#\/schema\/person\/image\/\",\"url\":\"https:\/\/secure.gravatar.com\/avatar\/3e7427d384f99d15935b3008477c324124816869ceb70e362e586dcccdb265bf?s=96&d=retro&r=g\",\"contentUrl\":\"https:\/\/secure.gravatar.com\/avatar\/3e7427d384f99d15935b3008477c324124816869ceb70e362e586dcccdb265bf?s=96&d=retro&r=g\",\"caption\":\"Cristiano Machado\"},\"description\":\"Cristiano Machado \u00e9 o culpado pelo inicio do COLETIVO CRENTASSOS PRODU\u00c7\u00d5ES SUBVERSIVAS e atua como auxiliar de cirurgi\u00e3o barbeiro, tocando o bumbo, jogando malabares, preparando o elixir, costurando amputa\u00e7\u00f5es e demais atividades relacionadas \u00e0 sua ocupa\u00e7\u00e3o. Pensa n\u00e3o vida em forma de pergunta e nunca de resposta, e tem um profundo sentimento de gratid\u00e3o e amor por sua esposa e filha. Religi\u00e3o: Crist\u00e3o Protestante Reformando-se Estado Civil: Inteiramente apaixonado\",\"sameAs\":[\"http:\/\/crentassos.com.br\/blog\"],\"url\":\"https:\/\/crentassos.com.br\/blog\/author\/o_cristiano\"}]}<\/script>\n<!-- \/ Yoast SEO plugin. -->","yoast_head_json":{"title":"Quem tem medo da Teologia da Miss\u00e3o Integral? - Crentassos Produ\u00e7\u00f5es Subversivas","robots":{"index":"index","follow":"follow","max-snippet":"max-snippet:-1","max-image-preview":"max-image-preview:large","max-video-preview":"max-video-preview:-1"},"canonical":"https:\/\/crentassos.com.br\/blog\/2017\/03\/quem-tem-medo-da-teologia-da-missao-integral.html","og_locale":"pt_BR","og_type":"article","og_title":"Quem tem medo da Teologia da Miss\u00e3o Integral? - Crentassos Produ\u00e7\u00f5es Subversivas","og_description":"Nesses dias que passaram, tive a noticia de que a Faculdade Evang\u00e9lica das Assembleias de Deus (FAECAD) suspendeu uma atividade no Rio [&hellip;]","og_url":"https:\/\/crentassos.com.br\/blog\/2017\/03\/quem-tem-medo-da-teologia-da-missao-integral.html","og_site_name":"Crentassos Produ\u00e7\u00f5es Subversivas","article_publisher":"http:\/\/www.facebook.com\/crentassos","article_published_time":"2017-03-20T06:56:27+00:00","article_modified_time":"2017-03-20T08:46:10+00:00","og_image":[{"width":2048,"height":1360,"url":"https:\/\/crentassos.com.br\/blog\/wp-content\/uploads\/2017\/03\/1481257781381.jpg","type":"image\/jpeg"}],"author":"Cristiano Machado","twitter_card":"summary_large_image","twitter_creator":"@crentassos","twitter_site":"@crentassos","twitter_misc":{"Escrito por":"Cristiano Machado","Est. tempo de leitura":"14 minutos"},"schema":{"@context":"https:\/\/schema.org","@graph":[{"@type":"Article","@id":"https:\/\/crentassos.com.br\/blog\/2017\/03\/quem-tem-medo-da-teologia-da-missao-integral.html#article","isPartOf":{"@id":"https:\/\/crentassos.com.br\/blog\/2017\/03\/quem-tem-medo-da-teologia-da-missao-integral.html"},"author":{"name":"Cristiano Machado","@id":"https:\/\/crentassos.com.br\/blog\/#\/schema\/person\/7ec3329a98c44e20ccd6cc2c9e18acbd"},"headline":"Quem tem medo da Teologia da Miss\u00e3o Integral?","datePublished":"2017-03-20T06:56:27+00:00","dateModified":"2017-03-20T08:46:10+00:00","mainEntityOfPage":{"@id":"https:\/\/crentassos.com.br\/blog\/2017\/03\/quem-tem-medo-da-teologia-da-missao-integral.html"},"wordCount":2821,"commentCount":4,"publisher":{"@id":"https:\/\/crentassos.com.br\/blog\/#organization"},"image":{"@id":"https:\/\/crentassos.com.br\/blog\/2017\/03\/quem-tem-medo-da-teologia-da-missao-integral.html#primaryimage"},"thumbnailUrl":"https:\/\/crentassos.com.br\/blog\/wp-content\/uploads\/2017\/03\/1481257781381.jpg","keywords":["marxismo","medo","teologia","teologia da miss\u00e3o integral"],"articleSection":["Artigos"],"inLanguage":"pt-BR","potentialAction":[{"@type":"CommentAction","name":"Comment","target":["https:\/\/crentassos.com.br\/blog\/2017\/03\/quem-tem-medo-da-teologia-da-missao-integral.html#respond"]}]},{"@type":"WebPage","@id":"https:\/\/crentassos.com.br\/blog\/2017\/03\/quem-tem-medo-da-teologia-da-missao-integral.html","url":"https:\/\/crentassos.com.br\/blog\/2017\/03\/quem-tem-medo-da-teologia-da-missao-integral.html","name":"Quem tem medo da Teologia da Miss\u00e3o Integral? - Crentassos Produ\u00e7\u00f5es Subversivas","isPartOf":{"@id":"https:\/\/crentassos.com.br\/blog\/#website"},"primaryImageOfPage":{"@id":"https:\/\/crentassos.com.br\/blog\/2017\/03\/quem-tem-medo-da-teologia-da-missao-integral.html#primaryimage"},"image":{"@id":"https:\/\/crentassos.com.br\/blog\/2017\/03\/quem-tem-medo-da-teologia-da-missao-integral.html#primaryimage"},"thumbnailUrl":"https:\/\/crentassos.com.br\/blog\/wp-content\/uploads\/2017\/03\/1481257781381.jpg","datePublished":"2017-03-20T06:56:27+00:00","dateModified":"2017-03-20T08:46:10+00:00","breadcrumb":{"@id":"https:\/\/crentassos.com.br\/blog\/2017\/03\/quem-tem-medo-da-teologia-da-missao-integral.html#breadcrumb"},"inLanguage":"pt-BR","potentialAction":[{"@type":"ReadAction","target":["https:\/\/crentassos.com.br\/blog\/2017\/03\/quem-tem-medo-da-teologia-da-missao-integral.html"]}]},{"@type":"ImageObject","inLanguage":"pt-BR","@id":"https:\/\/crentassos.com.br\/blog\/2017\/03\/quem-tem-medo-da-teologia-da-missao-integral.html#primaryimage","url":"https:\/\/crentassos.com.br\/blog\/wp-content\/uploads\/2017\/03\/1481257781381.jpg","contentUrl":"https:\/\/crentassos.com.br\/blog\/wp-content\/uploads\/2017\/03\/1481257781381.jpg","width":2048,"height":1360},{"@type":"BreadcrumbList","@id":"https:\/\/crentassos.com.br\/blog\/2017\/03\/quem-tem-medo-da-teologia-da-missao-integral.html#breadcrumb","itemListElement":[{"@type":"ListItem","position":1,"name":"Home","item":"https:\/\/crentassos.com.br\/blog\/"},{"@type":"ListItem","position":2,"name":"Quem tem medo da Teologia da Miss\u00e3o Integral?"}]},{"@type":"WebSite","@id":"https:\/\/crentassos.com.br\/blog\/#website","url":"https:\/\/crentassos.com.br\/blog\/","name":"Crentassos Produ\u00e7\u00f5es Subversivas","description":"Podcast Crist\u00e3o, Podcrent, Da Prateleira, Artigos crist\u00e3os, Teologia, Estudos, Textos B\u00edblicos","publisher":{"@id":"https:\/\/crentassos.com.br\/blog\/#organization"},"potentialAction":[{"@type":"SearchAction","target":{"@type":"EntryPoint","urlTemplate":"https:\/\/crentassos.com.br\/blog\/?s={search_term_string}"},"query-input":{"@type":"PropertyValueSpecification","valueRequired":true,"valueName":"search_term_string"}}],"inLanguage":"pt-BR"},{"@type":"Organization","@id":"https:\/\/crentassos.com.br\/blog\/#organization","name":"Crentassos Produ\u00e7\u00f5es Subversivas","url":"https:\/\/crentassos.com.br\/blog\/","logo":{"@type":"ImageObject","inLanguage":"pt-BR","@id":"https:\/\/crentassos.com.br\/blog\/#\/schema\/logo\/image\/","url":"https:\/\/crentassos.com.br\/blog\/wp-content\/uploads\/2020\/05\/cropped-crentassos1-300x300png.png","contentUrl":"https:\/\/crentassos.com.br\/blog\/wp-content\/uploads\/2020\/05\/cropped-crentassos1-300x300png.png","width":300,"height":300,"caption":"Crentassos Produ\u00e7\u00f5es Subversivas"},"image":{"@id":"https:\/\/crentassos.com.br\/blog\/#\/schema\/logo\/image\/"},"sameAs":["http:\/\/www.facebook.com\/crentassos","https:\/\/x.com\/crentassos","https:\/\/www.instagram.com\/crentassos","https:\/\/www.youtube.com\/crentassos"]},{"@type":"Person","@id":"https:\/\/crentassos.com.br\/blog\/#\/schema\/person\/7ec3329a98c44e20ccd6cc2c9e18acbd","name":"Cristiano Machado","image":{"@type":"ImageObject","inLanguage":"pt-BR","@id":"https:\/\/crentassos.com.br\/blog\/#\/schema\/person\/image\/","url":"https:\/\/secure.gravatar.com\/avatar\/3e7427d384f99d15935b3008477c324124816869ceb70e362e586dcccdb265bf?s=96&d=retro&r=g","contentUrl":"https:\/\/secure.gravatar.com\/avatar\/3e7427d384f99d15935b3008477c324124816869ceb70e362e586dcccdb265bf?s=96&d=retro&r=g","caption":"Cristiano Machado"},"description":"Cristiano Machado \u00e9 o culpado pelo inicio do COLETIVO CRENTASSOS PRODU\u00c7\u00d5ES SUBVERSIVAS e atua como auxiliar de cirurgi\u00e3o barbeiro, tocando o bumbo, jogando malabares, preparando o elixir, costurando amputa\u00e7\u00f5es e demais atividades relacionadas \u00e0 sua ocupa\u00e7\u00e3o. Pensa n\u00e3o vida em forma de pergunta e nunca de resposta, e tem um profundo sentimento de gratid\u00e3o e amor por sua esposa e filha. Religi\u00e3o: Crist\u00e3o Protestante Reformando-se Estado Civil: Inteiramente apaixonado","sameAs":["http:\/\/crentassos.com.br\/blog"],"url":"https:\/\/crentassos.com.br\/blog\/author\/o_cristiano"}]}},"_links":{"self":[{"href":"https:\/\/crentassos.com.br\/blog\/wp-json\/wp\/v2\/posts\/13247","targetHints":{"allow":["GET"]}}],"collection":[{"href":"https:\/\/crentassos.com.br\/blog\/wp-json\/wp\/v2\/posts"}],"about":[{"href":"https:\/\/crentassos.com.br\/blog\/wp-json\/wp\/v2\/types\/post"}],"author":[{"embeddable":true,"href":"https:\/\/crentassos.com.br\/blog\/wp-json\/wp\/v2\/users\/9"}],"replies":[{"embeddable":true,"href":"https:\/\/crentassos.com.br\/blog\/wp-json\/wp\/v2\/comments?post=13247"}],"version-history":[{"count":1,"href":"https:\/\/crentassos.com.br\/blog\/wp-json\/wp\/v2\/posts\/13247\/revisions"}],"predecessor-version":[{"id":13249,"href":"https:\/\/crentassos.com.br\/blog\/wp-json\/wp\/v2\/posts\/13247\/revisions\/13249"}],"wp:featuredmedia":[{"embeddable":true,"href":"https:\/\/crentassos.com.br\/blog\/wp-json\/wp\/v2\/media\/13248"}],"wp:attachment":[{"href":"https:\/\/crentassos.com.br\/blog\/wp-json\/wp\/v2\/media?parent=13247"}],"wp:term":[{"taxonomy":"category","embeddable":true,"href":"https:\/\/crentassos.com.br\/blog\/wp-json\/wp\/v2\/categories?post=13247"},{"taxonomy":"post_tag","embeddable":true,"href":"https:\/\/crentassos.com.br\/blog\/wp-json\/wp\/v2\/tags?post=13247"}],"curies":[{"name":"wp","href":"https:\/\/api.w.org\/{rel}","templated":true}]}}